{"id":5139,"date":"2014-01-30T18:00:20","date_gmt":"2014-01-30T17:00:20","guid":{"rendered":"http:\/\/blog.cofb.cat\/?p=5139"},"modified":"2014-01-30T18:00:20","modified_gmt":"2014-01-30T17:00:20","slug":"resistencia-als-antibiotics-paper-del-farmaceutic-i-estrategies-que-cal-adoptar","status":"publish","type":"post","link":"https:\/\/www.cofb.org\/ca\/2014\/01\/30\/resistencia-als-antibiotics-paper-del-farmaceutic-i-estrategies-que-cal-adoptar\/","title":{"rendered":"Resist\u00e8ncia als antibi\u00f2tics: paper del farmac\u00e8utic i estrat\u00e8gies que cal adoptar"},"content":{"rendered":"\n<p><strong>El paper del farmac\u00e8utic d\u2019hospital i el del farmac\u00e8utic comunitari \u00e9s molt important a l\u2019hora de fer front al problema de la resist\u00e8ncia als antibi\u00f2tics<\/strong> segons explica en aquest v\u00eddeo <strong>Santiago Grau<\/strong>, cap de secci\u00f3 de farm\u00e0cia del Parc de Salut Mar. Grau va impartir la Tert\u00falia d\u2019actualitat titulada \u201cAntibi\u00f2tics. Cr\u00f2nica d\u2019una mort anunciada\u201d el passat 22 de gener a la seu col\u00b7legial.<\/p>\n<p>En el v\u00eddeo ens resumeix alguns dels punts principals que va tractar a la seva confer\u00e8ncia, com el fet que hi ha una prescripci\u00f3 excessiva d\u2019antibi\u00f2tics i els motius, o algunes de les estrat\u00e8gies que cal adoptar davant de l\u2019aparici\u00f3 de microorganismes amb nous mecanismes de resist\u00e8ncia davant dels quals no existeixen mol\u00e8cules actives i que poden suposar una amena\u00e7a per a la salut en un futur immediat.<\/p>\n<p>La formaci\u00f3 continuada, l\u2019escur\u00e7ament del tractament amb antibi\u00f2tics, la introducci\u00f3 de mesures d\u2019a\u00efllament als hospitals (una de les dades que va donar el ponent \u00e9s que m\u00e9s del 50% dels pacients ingressats als centres hospitalaris es tracten amb antibi\u00f2tics) i la recerca de noves mol\u00e8cules s\u00f3n algunes de les claus que menciona al v\u00eddeo, aix\u00ed com tamb\u00e9 con\u00e8ixer la taxa de resist\u00e8ncies bacterianes de l\u2019\u00e0rea de treball en q\u00fcesti\u00f3.<\/p>\n","protected":false},"excerpt":{"rendered":"<p>El paper del farmac\u00e8utic d\u2019hospital i el del farmac\u00e8utic comunitari \u00e9s molt important a l\u2019hora de fer front al problema de la resist\u00e8ncia als antibi\u00f2tics segons explica en aquest v\u00eddeo Santiago Grau, cap de secci\u00f3 de farm\u00e0cia del Parc de Salut Mar. Grau va impartir la Tert\u00falia d\u2019actualitat titulada \u201cAntibi\u00f2tics. [&hellip;]<\/p>\n","protected":false},"author":1,"featured_media":5146,"comment_status":"open","ping_status":"open","sticky":false,"template":"","format":"standard","meta":{"_uag_custom_page_level_css":"","site-sidebar-layout":"default","site-content-layout":"","ast-site-content-layout":"default","site-content-style":"default","site-sidebar-style":"default","ast-global-header-display":"","ast-banner-title-visibility":"","ast-main-header-display":"","ast-hfb-above-header-display":"","ast-hfb-below-header-display":"","ast-hfb-mobile-header-display":"","site-post-title":"","ast-breadcrumbs-content":"","ast-featured-img":"disabled","footer-sml-layout":"","theme-transparent-header-meta":"","adv-header-id-meta":"","stick-header-meta":"","header-above-stick-meta":"","header-main-stick-meta":"","header-below-stick-meta":"","astra-migrate-meta-layouts":"default","ast-page-background-enabled":"default","ast-page-background-meta":{"desktop":{"background-color":"var(--ast-global-color-4)","background-image":"","background-repeat":"repeat","background-position":"center center","background-size":"auto","background-attachment":"scroll","background-type":"","background-media":"","overlay-type":"","overlay-color":"","overlay-opacity":"","overlay-gradient":""},"tablet":{"background-color":"","background-image":"","background-repeat":"repeat","background-position":"center center","background-size":"auto","background-attachment":"scroll","background-type":"","background-media":"","overlay-type":"","overlay-color":"","overlay-opacity":"","overlay-gradient":""},"mobile":{"background-color":"","background-image":"","background-repeat":"repeat","background-position":"center center","background-size":"auto","background-attachment":"scroll","background-type":"","background-media":"","overlay-type":"","overlay-color":"","overlay-opacity":"","overlay-gradient":""}},"ast-content-background-meta":{"desktop":{"background-color":"var(--ast-global-color-5)","background-image":"","background-repeat":"repeat","background-position":"center center","background-size":"auto","background-attachment":"scroll","background-type":"","background-media":"","overlay-type":"","overlay-color":"","overlay-opacity":"","overlay-gradient":""},"tablet":{"background-color":"var(--ast-global-color-5)","background-image":"","background-repeat":"repeat","background-position":"center center","background-size":"auto","background-attachment":"scroll","background-type":"","background-media":"","overlay-type":"","overlay-color":"","overlay-opacity":"","overlay-gradient":""},"mobile":{"background-color":"var(--ast-global-color-5)","background-image":"","background-repeat":"repeat","background-position":"center center","background-size":"auto","background-attachment":"scroll","background-type":"","background-media":"","overlay-type":"","overlay-color":"","overlay-opacity":"","overlay-gradient":""}},"footnotes":""},"categories":[23,57],"tags":[70,147],"class_list":["post-5139","post","type-post","status-publish","format-standard","has-post-thumbnail","hentry","category-destacats","category-mon-collegial","tag-formacio","tag-medicament"],"yoast_head":"<!-- This site is optimized with the Yoast SEO plugin v22.4 - https:\/\/yoast.com\/wordpress\/plugins\/seo\/ -->\n<title>Resist\u00e8ncia als antibi\u00f2tics: paper del farmac\u00e8utic i estrat\u00e8gies que cal adoptar - Col\u00b7legi de Farmac\u00e8utics de Barcelona<\/title>\n<meta name=\"robots\" content=\"index, follow, max-snippet:-1, max-image-preview:large, max-video-preview:-1\" \/>\n<link rel=\"canonical\" href=\"https:\/\/novaorg.cofb.net\/2014\/01\/30\/resistencia-als-antibiotics-paper-del-farmaceutic-i-estrategies-que-cal-adoptar\/\" \/>\n<meta property=\"og:locale\" content=\"ca_ES\" \/>\n<meta property=\"og:type\" content=\"article\" \/>\n<meta property=\"og:title\" content=\"Resist\u00e8ncia als antibi\u00f2tics: paper del farmac\u00e8utic i estrat\u00e8gies que cal adoptar - Col\u00b7legi de Farmac\u00e8utics de Barcelona\" \/>\n<meta property=\"og:description\" content=\"El paper del farmac\u00e8utic d\u2019hospital i el del farmac\u00e8utic comunitari \u00e9s molt important a l\u2019hora de fer front al problema de la resist\u00e8ncia als antibi\u00f2tics segons explica en aquest v\u00eddeo Santiago Grau, cap de secci\u00f3 de farm\u00e0cia del Parc de Salut Mar. Grau va impartir la Tert\u00falia d\u2019actualitat titulada \u201cAntibi\u00f2tics. [&hellip;]\" \/>\n<meta property=\"og:url\" content=\"https:\/\/novaorg.cofb.net\/2014\/01\/30\/resistencia-als-antibiotics-paper-del-farmaceutic-i-estrategies-que-cal-adoptar\/\" \/>\n<meta property=\"og:site_name\" content=\"Col\u00b7legi de Farmac\u00e8utics de Barcelona\" \/>\n<meta property=\"article:publisher\" content=\"https:\/\/www.facebook.com\/farmaceuticsbcn\/\" \/>\n<meta property=\"article:published_time\" content=\"2014-01-30T17:00:20+00:00\" \/>\n<meta name=\"author\" content=\"wpAdminCofbOrg\" \/>\n<meta name=\"twitter:card\" content=\"summary_large_image\" \/>\n<meta name=\"twitter:creator\" content=\"@farmaceuticsbcn\" \/>\n<meta name=\"twitter:site\" content=\"@farmaceuticsbcn\" \/>\n<meta name=\"twitter:label1\" content=\"Escrit per\" \/>\n\t<meta name=\"twitter:data1\" content=\"wpAdminCofbOrg\" \/>\n\t<meta name=\"twitter:label2\" content=\"Temps estimat de lectura\" \/>\n\t<meta name=\"twitter:data2\" content=\"1 minut\" \/>\n<script type=\"application\/ld+json\" class=\"yoast-schema-graph\">{\"@context\":\"https:\/\/schema.org\",\"@graph\":[{\"@type\":\"Article\",\"@id\":\"https:\/\/novaorg.cofb.net\/2014\/01\/30\/resistencia-als-antibiotics-paper-del-farmaceutic-i-estrategies-que-cal-adoptar\/#article\",\"isPartOf\":{\"@id\":\"https:\/\/novaorg.cofb.net\/2014\/01\/30\/resistencia-als-antibiotics-paper-del-farmaceutic-i-estrategies-que-cal-adoptar\/\"},\"author\":{\"name\":\"wpAdminCofbOrg\",\"@id\":\"https:\/\/www.cofb.org\/#\/schema\/person\/22ed7eea88da74b0fa4d3154ad87ffcb\"},\"headline\":\"Resist\u00e8ncia als antibi\u00f2tics: paper del farmac\u00e8utic i estrat\u00e8gies que cal adoptar\",\"datePublished\":\"2014-01-30T17:00:20+00:00\",\"dateModified\":\"2014-01-30T17:00:20+00:00\",\"mainEntityOfPage\":{\"@id\":\"https:\/\/novaorg.cofb.net\/2014\/01\/30\/resistencia-als-antibiotics-paper-del-farmaceutic-i-estrategies-que-cal-adoptar\/\"},\"wordCount\":255,\"commentCount\":0,\"publisher\":{\"@id\":\"https:\/\/www.cofb.org\/#organization\"},\"image\":{\"@id\":\"https:\/\/novaorg.cofb.net\/2014\/01\/30\/resistencia-als-antibiotics-paper-del-farmaceutic-i-estrategies-que-cal-adoptar\/#primaryimage\"},\"thumbnailUrl\":\"\",\"keywords\":[\"Formaci\u00f3\",\"Medicament\"],\"articleSection\":[\"Destacats\",\"M\u00f3n col\u00b7legial\"],\"inLanguage\":\"ca\",\"potentialAction\":[{\"@type\":\"CommentAction\",\"name\":\"Comment\",\"target\":[\"https:\/\/novaorg.cofb.net\/2014\/01\/30\/resistencia-als-antibiotics-paper-del-farmaceutic-i-estrategies-que-cal-adoptar\/#respond\"]}]},{\"@type\":\"WebPage\",\"@id\":\"https:\/\/novaorg.cofb.net\/2014\/01\/30\/resistencia-als-antibiotics-paper-del-farmaceutic-i-estrategies-que-cal-adoptar\/\",\"url\":\"https:\/\/novaorg.cofb.net\/2014\/01\/30\/resistencia-als-antibiotics-paper-del-farmaceutic-i-estrategies-que-cal-adoptar\/\",\"name\":\"Resist\u00e8ncia als antibi\u00f2tics: paper del farmac\u00e8utic i estrat\u00e8gies que cal adoptar - Col\u00b7legi de Farmac\u00e8utics de Barcelona\",\"isPartOf\":{\"@id\":\"https:\/\/www.cofb.org\/#website\"},\"primaryImageOfPage\":{\"@id\":\"https:\/\/novaorg.cofb.net\/2014\/01\/30\/resistencia-als-antibiotics-paper-del-farmaceutic-i-estrategies-que-cal-adoptar\/#primaryimage\"},\"image\":{\"@id\":\"https:\/\/novaorg.cofb.net\/2014\/01\/30\/resistencia-als-antibiotics-paper-del-farmaceutic-i-estrategies-que-cal-adoptar\/#primaryimage\"},\"thumbnailUrl\":\"\",\"datePublished\":\"2014-01-30T17:00:20+00:00\",\"dateModified\":\"2014-01-30T17:00:20+00:00\",\"breadcrumb\":{\"@id\":\"https:\/\/novaorg.cofb.net\/2014\/01\/30\/resistencia-als-antibiotics-paper-del-farmaceutic-i-estrategies-que-cal-adoptar\/#breadcrumb\"},\"inLanguage\":\"ca\",\"potentialAction\":[{\"@type\":\"ReadAction\",\"target\":[\"https:\/\/novaorg.cofb.net\/2014\/01\/30\/resistencia-als-antibiotics-paper-del-farmaceutic-i-estrategies-que-cal-adoptar\/\"]}]},{\"@type\":\"ImageObject\",\"inLanguage\":\"ca\",\"@id\":\"https:\/\/novaorg.cofb.net\/2014\/01\/30\/resistencia-als-antibiotics-paper-del-farmaceutic-i-estrategies-que-cal-adoptar\/#primaryimage\",\"url\":\"\",\"contentUrl\":\"\"},{\"@type\":\"BreadcrumbList\",\"@id\":\"https:\/\/novaorg.cofb.net\/2014\/01\/30\/resistencia-als-antibiotics-paper-del-farmaceutic-i-estrategies-que-cal-adoptar\/#breadcrumb\",\"itemListElement\":[{\"@type\":\"ListItem\",\"position\":1,\"name\":\"Inici\",\"item\":\"https:\/\/novaorg.cofb.net\/\"},{\"@type\":\"ListItem\",\"position\":2,\"name\":\"Resist\u00e8ncia als antibi\u00f2tics: paper del farmac\u00e8utic i estrat\u00e8gies que cal adoptar\"}]},{\"@type\":\"WebSite\",\"@id\":\"https:\/\/www.cofb.org\/#website\",\"url\":\"https:\/\/www.cofb.org\/\",\"name\":\"Col\u00b7legi de Farmac\u00e8utics de Barcelona\",\"description\":\"\",\"publisher\":{\"@id\":\"https:\/\/www.cofb.org\/#organization\"},\"potentialAction\":[{\"@type\":\"SearchAction\",\"target\":{\"@type\":\"EntryPoint\",\"urlTemplate\":\"https:\/\/www.cofb.org\/?s={search_term_string}\"},\"query-input\":\"required name=search_term_string\"}],\"inLanguage\":\"ca\"},{\"@type\":\"Organization\",\"@id\":\"https:\/\/www.cofb.org\/#organization\",\"name\":\"Col\u00b7legi de Farmac\u00e8utics de Barcelona\",\"url\":\"https:\/\/www.cofb.org\/\",\"logo\":{\"@type\":\"ImageObject\",\"inLanguage\":\"ca\",\"@id\":\"https:\/\/www.cofb.org\/#\/schema\/logo\/image\/\",\"url\":\"https:\/\/www.cofb.org\/wp-content\/uploads\/2023\/11\/cropped-Logotip-COFB.png\",\"contentUrl\":\"https:\/\/www.cofb.org\/wp-content\/uploads\/2023\/11\/cropped-Logotip-COFB.png\",\"width\":500,\"height\":105,\"caption\":\"Col\u00b7legi de Farmac\u00e8utics de Barcelona\"},\"image\":{\"@id\":\"https:\/\/www.cofb.org\/#\/schema\/logo\/image\/\"},\"sameAs\":[\"https:\/\/www.facebook.com\/farmaceuticsbcn\/\",\"https:\/\/twitter.com\/farmaceuticsbcn\",\"https:\/\/www.instagram.com\/farmaceuticsbcn\/\",\"https:\/\/www.linkedin.com\/company\/farmaceuticsbcn\/\"]},{\"@type\":\"Person\",\"@id\":\"https:\/\/www.cofb.org\/#\/schema\/person\/22ed7eea88da74b0fa4d3154ad87ffcb\",\"name\":\"wpAdminCofbOrg\",\"image\":{\"@type\":\"ImageObject\",\"inLanguage\":\"ca\",\"@id\":\"https:\/\/www.cofb.org\/#\/schema\/person\/image\/\",\"url\":\"https:\/\/secure.gravatar.com\/avatar\/1721b20b3b8ca882c3b56ec6c978c594fff670e40c0718e9190eaeeb76aae7d8?s=96&d=mm&r=g\",\"contentUrl\":\"https:\/\/secure.gravatar.com\/avatar\/1721b20b3b8ca882c3b56ec6c978c594fff670e40c0718e9190eaeeb76aae7d8?s=96&d=mm&r=g\",\"caption\":\"wpAdminCofbOrg\"},\"sameAs\":[\"http:\/\/192.168.64.122\/wordpress\"],\"url\":\"https:\/\/www.cofb.org\/ca\/author\/wpadmincofborg\/\"}]}<\/script>\n<!-- \/ Yoast SEO plugin. -->","yoast_head_json":{"title":"Resist\u00e8ncia als antibi\u00f2tics: paper del farmac\u00e8utic i estrat\u00e8gies que cal adoptar - Col\u00b7legi de Farmac\u00e8utics de Barcelona","robots":{"index":"index","follow":"follow","max-snippet":"max-snippet:-1","max-image-preview":"max-image-preview:large","max-video-preview":"max-video-preview:-1"},"canonical":"https:\/\/novaorg.cofb.net\/2014\/01\/30\/resistencia-als-antibiotics-paper-del-farmaceutic-i-estrategies-que-cal-adoptar\/","og_locale":"ca_ES","og_type":"article","og_title":"Resist\u00e8ncia als antibi\u00f2tics: paper del farmac\u00e8utic i estrat\u00e8gies que cal adoptar - Col\u00b7legi de Farmac\u00e8utics de Barcelona","og_description":"El paper del farmac\u00e8utic d\u2019hospital i el del farmac\u00e8utic comunitari \u00e9s molt important a l\u2019hora de fer front al problema de la resist\u00e8ncia als antibi\u00f2tics segons explica en aquest v\u00eddeo Santiago Grau, cap de secci\u00f3 de farm\u00e0cia del Parc de Salut Mar. Grau va impartir la Tert\u00falia d\u2019actualitat titulada \u201cAntibi\u00f2tics. [&hellip;]","og_url":"https:\/\/novaorg.cofb.net\/2014\/01\/30\/resistencia-als-antibiotics-paper-del-farmaceutic-i-estrategies-que-cal-adoptar\/","og_site_name":"Col\u00b7legi de Farmac\u00e8utics de Barcelona","article_publisher":"https:\/\/www.facebook.com\/farmaceuticsbcn\/","article_published_time":"2014-01-30T17:00:20+00:00","author":"wpAdminCofbOrg","twitter_card":"summary_large_image","twitter_creator":"@farmaceuticsbcn","twitter_site":"@farmaceuticsbcn","twitter_misc":{"Escrit per":"wpAdminCofbOrg","Temps estimat de lectura":"1 minut"},"schema":{"@context":"https:\/\/schema.org","@graph":[{"@type":"Article","@id":"https:\/\/novaorg.cofb.net\/2014\/01\/30\/resistencia-als-antibiotics-paper-del-farmaceutic-i-estrategies-que-cal-adoptar\/#article","isPartOf":{"@id":"https:\/\/novaorg.cofb.net\/2014\/01\/30\/resistencia-als-antibiotics-paper-del-farmaceutic-i-estrategies-que-cal-adoptar\/"},"author":{"name":"wpAdminCofbOrg","@id":"https:\/\/www.cofb.org\/#\/schema\/person\/22ed7eea88da74b0fa4d3154ad87ffcb"},"headline":"Resist\u00e8ncia als antibi\u00f2tics: paper del farmac\u00e8utic i estrat\u00e8gies que cal adoptar","datePublished":"2014-01-30T17:00:20+00:00","dateModified":"2014-01-30T17:00:20+00:00","mainEntityOfPage":{"@id":"https:\/\/novaorg.cofb.net\/2014\/01\/30\/resistencia-als-antibiotics-paper-del-farmaceutic-i-estrategies-que-cal-adoptar\/"},"wordCount":255,"commentCount":0,"publisher":{"@id":"https:\/\/www.cofb.org\/#organization"},"image":{"@id":"https:\/\/novaorg.cofb.net\/2014\/01\/30\/resistencia-als-antibiotics-paper-del-farmaceutic-i-estrategies-que-cal-adoptar\/#primaryimage"},"thumbnailUrl":"","keywords":["Formaci\u00f3","Medicament"],"articleSection":["Destacats","M\u00f3n col\u00b7legial"],"inLanguage":"ca","potentialAction":[{"@type":"CommentAction","name":"Comment","target":["https:\/\/novaorg.cofb.net\/2014\/01\/30\/resistencia-als-antibiotics-paper-del-farmaceutic-i-estrategies-que-cal-adoptar\/#respond"]}]},{"@type":"WebPage","@id":"https:\/\/novaorg.cofb.net\/2014\/01\/30\/resistencia-als-antibiotics-paper-del-farmaceutic-i-estrategies-que-cal-adoptar\/","url":"https:\/\/novaorg.cofb.net\/2014\/01\/30\/resistencia-als-antibiotics-paper-del-farmaceutic-i-estrategies-que-cal-adoptar\/","name":"Resist\u00e8ncia als antibi\u00f2tics: paper del farmac\u00e8utic i estrat\u00e8gies que cal adoptar - Col\u00b7legi de Farmac\u00e8utics de Barcelona","isPartOf":{"@id":"https:\/\/www.cofb.org\/#website"},"primaryImageOfPage":{"@id":"https:\/\/novaorg.cofb.net\/2014\/01\/30\/resistencia-als-antibiotics-paper-del-farmaceutic-i-estrategies-que-cal-adoptar\/#primaryimage"},"image":{"@id":"https:\/\/novaorg.cofb.net\/2014\/01\/30\/resistencia-als-antibiotics-paper-del-farmaceutic-i-estrategies-que-cal-adoptar\/#primaryimage"},"thumbnailUrl":"","datePublished":"2014-01-30T17:00:20+00:00","dateModified":"2014-01-30T17:00:20+00:00","breadcrumb":{"@id":"https:\/\/novaorg.cofb.net\/2014\/01\/30\/resistencia-als-antibiotics-paper-del-farmaceutic-i-estrategies-que-cal-adoptar\/#breadcrumb"},"inLanguage":"ca","potentialAction":[{"@type":"ReadAction","target":["https:\/\/novaorg.cofb.net\/2014\/01\/30\/resistencia-als-antibiotics-paper-del-farmaceutic-i-estrategies-que-cal-adoptar\/"]}]},{"@type":"ImageObject","inLanguage":"ca","@id":"https:\/\/novaorg.cofb.net\/2014\/01\/30\/resistencia-als-antibiotics-paper-del-farmaceutic-i-estrategies-que-cal-adoptar\/#primaryimage","url":"","contentUrl":""},{"@type":"BreadcrumbList","@id":"https:\/\/novaorg.cofb.net\/2014\/01\/30\/resistencia-als-antibiotics-paper-del-farmaceutic-i-estrategies-que-cal-adoptar\/#breadcrumb","itemListElement":[{"@type":"ListItem","position":1,"name":"Inici","item":"https:\/\/novaorg.cofb.net\/"},{"@type":"ListItem","position":2,"name":"Resist\u00e8ncia als antibi\u00f2tics: paper del farmac\u00e8utic i estrat\u00e8gies que cal adoptar"}]},{"@type":"WebSite","@id":"https:\/\/www.cofb.org\/#website","url":"https:\/\/www.cofb.org\/","name":"Col\u00b7legi de Farmac\u00e8utics de Barcelona","description":"","publisher":{"@id":"https:\/\/www.cofb.org\/#organization"},"potentialAction":[{"@type":"SearchAction","target":{"@type":"EntryPoint","urlTemplate":"https:\/\/www.cofb.org\/?s={search_term_string}"},"query-input":"required name=search_term_string"}],"inLanguage":"ca"},{"@type":"Organization","@id":"https:\/\/www.cofb.org\/#organization","name":"Col\u00b7legi de Farmac\u00e8utics de Barcelona","url":"https:\/\/www.cofb.org\/","logo":{"@type":"ImageObject","inLanguage":"ca","@id":"https:\/\/www.cofb.org\/#\/schema\/logo\/image\/","url":"https:\/\/www.cofb.org\/wp-content\/uploads\/2023\/11\/cropped-Logotip-COFB.png","contentUrl":"https:\/\/www.cofb.org\/wp-content\/uploads\/2023\/11\/cropped-Logotip-COFB.png","width":500,"height":105,"caption":"Col\u00b7legi de Farmac\u00e8utics de Barcelona"},"image":{"@id":"https:\/\/www.cofb.org\/#\/schema\/logo\/image\/"},"sameAs":["https:\/\/www.facebook.com\/farmaceuticsbcn\/","https:\/\/twitter.com\/farmaceuticsbcn","https:\/\/www.instagram.com\/farmaceuticsbcn\/","https:\/\/www.linkedin.com\/company\/farmaceuticsbcn\/"]},{"@type":"Person","@id":"https:\/\/www.cofb.org\/#\/schema\/person\/22ed7eea88da74b0fa4d3154ad87ffcb","name":"wpAdminCofbOrg","image":{"@type":"ImageObject","inLanguage":"ca","@id":"https:\/\/www.cofb.org\/#\/schema\/person\/image\/","url":"https:\/\/secure.gravatar.com\/avatar\/1721b20b3b8ca882c3b56ec6c978c594fff670e40c0718e9190eaeeb76aae7d8?s=96&d=mm&r=g","contentUrl":"https:\/\/secure.gravatar.com\/avatar\/1721b20b3b8ca882c3b56ec6c978c594fff670e40c0718e9190eaeeb76aae7d8?s=96&d=mm&r=g","caption":"wpAdminCofbOrg"},"sameAs":["http:\/\/192.168.64.122\/wordpress"],"url":"https:\/\/www.cofb.org\/ca\/author\/wpadmincofborg\/"}]}},"uagb_featured_image_src":{"full":false,"thumbnail":false,"medium":false,"medium_large":false,"large":false,"1536x1536":false,"2048x2048":false,"trp-custom-language-flag":false},"uagb_author_info":{"display_name":"wpAdminCofbOrg","author_link":"https:\/\/www.cofb.org\/ca\/author\/wpadmincofborg\/"},"uagb_comment_info":0,"uagb_excerpt":"El paper del farmac\u00e8utic d\u2019hospital i el del farmac\u00e8utic comunitari \u00e9s molt important a l\u2019hora de fer front al problema de la resist\u00e8ncia als antibi\u00f2tics segons explica en aquest v\u00eddeo Santiago Grau, cap de secci\u00f3 de farm\u00e0cia del Parc de Salut Mar. Grau va impartir la Tert\u00falia d\u2019actualitat titulada \u201cAntibi\u00f2tics. [&hellip;]","_links":{"self":[{"href":"https:\/\/www.cofb.org\/ca\/wp-json\/wp\/v2\/posts\/5139","targetHints":{"allow":["GET"]}}],"collection":[{"href":"https:\/\/www.cofb.org\/ca\/wp-json\/wp\/v2\/posts"}],"about":[{"href":"https:\/\/www.cofb.org\/ca\/wp-json\/wp\/v2\/types\/post"}],"author":[{"embeddable":true,"href":"https:\/\/www.cofb.org\/ca\/wp-json\/wp\/v2\/users\/1"}],"replies":[{"embeddable":true,"href":"https:\/\/www.cofb.org\/ca\/wp-json\/wp\/v2\/comments?post=5139"}],"version-history":[{"count":0,"href":"https:\/\/www.cofb.org\/ca\/wp-json\/wp\/v2\/posts\/5139\/revisions"}],"wp:featuredmedia":[{"embeddable":true,"href":"https:\/\/www.cofb.org\/ca\/wp-json\/"}],"wp:attachment":[{"href":"https:\/\/www.cofb.org\/ca\/wp-json\/wp\/v2\/media?parent=5139"}],"wp:term":[{"taxonomy":"category","embeddable":true,"href":"https:\/\/www.cofb.org\/ca\/wp-json\/wp\/v2\/categories?post=5139"},{"taxonomy":"post_tag","embeddable":true,"href":"https:\/\/www.cofb.org\/ca\/wp-json\/wp\/v2\/tags?post=5139"}],"curies":[{"name":"wp","href":"https:\/\/api.w.org\/{rel}","templated":true}]}}