{"id":51306,"date":"2020-06-22T18:10:25","date_gmt":"2020-06-22T16:10:25","guid":{"rendered":"https:\/\/blog.cofb.cat\/?p=51306"},"modified":"2020-06-22T18:10:25","modified_gmt":"2020-06-22T16:10:25","slug":"finalitza-la-campanya-mascareta-salut-amb-mes-de-9-milions-de-mascaretes-dispensades-des-de-les-3-227-farmacies-catalanes","status":"publish","type":"post","link":"https:\/\/www.cofb.org\/ca\/2020\/06\/22\/finalitza-la-campanya-mascareta-salut-amb-mes-de-9-milions-de-mascaretes-dispensades-des-de-les-3-227-farmacies-catalanes\/","title":{"rendered":"Finalitza la campanya Mascareta \/Salut, amb m\u00e9s de 9 milions de mascaretes dispensades des de les 3.227 farm\u00e0cies catalanes"},"content":{"rendered":"<p>Despr\u00e9s de dos mesos en marxa, <strong>finalitza la<\/strong> <strong>campanya Mascareta \/Salut amb 9.252.043 mascaretes sanit\u00e0ries de teixit de tres capes dispensades des de la xarxa de 3.227 farm\u00e0cies de Catalunya. <\/strong><\/p>\n<p><a href=\"https:\/\/blog.cofb.cat\/wp-content\/uploads\/2020\/04\/MascaretaSalut-Destacada.png\"><img fetchpriority=\"high\" decoding=\"async\" class=\"aligncenter size-large wp-image-50764\" src=\"https:\/\/blog.cofb.cat\/wp-content\/uploads\/2020\/04\/MascaretaSalut-Destacada-1024x512.png\" alt=\"\" width=\"620\" height=\"310\" \/><\/a>Gr\u00e0cies aquesta iniciativa, impulsada entre en el Departament de Salut i el Consell de Col\u00b7legis Farmac\u00e8utics de Catalunya, <strong>la professi\u00f3 farmac\u00e8utica ha realitzat un esfor\u00e7 extraordinari m\u00e9s enll\u00e0 de de la feina que ja realitza en el seu dia a dia, donant resposta a una necessitat derivada del proc\u00e9s gradual d\u2019aixecament del confinament -la utilitzaci\u00f3 generalitzada de mascaretes-, en un moment en qu\u00e8 hi havia baixa disponibilitat d\u2019aquest producte.<\/strong><\/p>\n<h1><strong>Dispensaci\u00f3 a trav\u00e9s del sistema de recepta electr\u00f2nica de manera professional, regulada i registrada<\/strong><\/h1>\n<p><strong>La dispensaci\u00f3 s\u2019ha realitzat a trav\u00e9s del sistema de recepta electr\u00f2nica del CatSalut \u2013pr\u00e8via presentaci\u00f3 per part de l\u2019usuari de la targeta sanit\u00e0ria individual-, <\/strong>fet que ha perm\u00e8s fer-ho de<strong> manera professional, regulada i registrada i adaptar la freq\u00fc\u00e8ncia de dispensaci\u00f3 en funci\u00f3 de la demanda per part de la poblaci\u00f3.<\/strong><\/p>\n<p><strong>La primera mascareta gratu\u00efta<\/strong> <strong>va anar c\u00e0rrec del Servei Catal\u00e0 de la Salut,<\/strong> i, <strong>les seg\u00fcents, a 0,76 c\u00e8ntims\/unitat, <\/strong>preu fixat per a la campanya per part del Departament de Salut<strong> sense que la distribuci\u00f3 ni les oficines de farm\u00e0cia hagin tingut cap marge de benefici.<\/strong><\/p>\n<div class=\"box info\"><\/p>\n<h1><strong>Mascaretes sanit\u00e0ries: aspectes a tenir en compte<\/strong><\/h1>\n<p>En el marc d\u2019aquesta campanya, es va elaborar un<strong>\u00a0<a href=\"https:\/\/www.cofb.org\/documents\/10136\/1155533\/cartell_bon_us_mascareta\/1ad3507e-1ac1-48c5-8957-36f4997eaa57\" target=\"_blank\" rel=\"noopener\">cartell amb consells sobre com fer un bon \u00fas de les mascaretes.\u00a0<\/a><\/strong>Concretament, els tres aspectes que es detallen s\u00f3n\u00a0<strong>quan utilitzar-les,\u00a0<\/strong>on cal tenir present que, e<strong>n cap cas, l\u2019\u00fas de mascareta sanit\u00e0ria substitueix les principals mesures higi\u00e8niques,\u00a0<\/strong>com el\u00a0<strong>rentat de mans freq\u00fcent o tapar-se la boca i el nas amb la cara interna del colze\u00a0<\/strong>o amb\u00a0<strong>mocadors d\u2019un sol \u00fas si tossim o esternudem,\u00a0<\/strong>aix\u00ed com les\u00a0<strong>mesures de distanciament social<\/strong>; en segon lloc, es defineixen els<strong>\u00a0set passos a seguir per fer-ne un \u00fas correcte;<\/strong>\u00a0i, finalment, es detallen<strong>\u00a0les caracter\u00edstiques de la mascareta que es va entregar a l\u2019usuari.<\/strong><\/p>\n<p><\/div>\n<h1><strong>La cadena del medicament, al servei de la salut del pa\u00eds<\/strong><\/h1>\n<p>La campanya, <strong>recolzada pel Departament de Salut, <\/strong>s\u2019emmarca en un projecte liderat en el seu origen des del <strong>Consell de Col\u00b7legis Farmac\u00e8utics de Catalunya (CCFC),<\/strong> conjuntament amb altres agents de la cadena de prove\u00efment del medicament \u2013la <strong>ind\u00fastria, amb Hartmann, i la distribuci\u00f3, amb Fedefarma, Alliance Healthcare, Cofares i Hefame\u2013<\/strong> i un grup de treball de la <strong>Cambra de Comer\u00e7 de Barcelona<\/strong>.<\/p>\n<p>Amb aquesta iniciativa, <strong>la cadena del medicament<\/strong> (ind\u00fastria, distribuci\u00f3 i la xarxa de 3.227 farm\u00e0cies catalanes) s\u2019ha posat novament<strong> al servei de la salut del pa\u00eds, <\/strong>demostrant amb cada acci\u00f3 que <strong>respon sempre amb professionalitat i comprom\u00eds davant la societat i l\u2019Administraci\u00f3<\/strong>. Aix\u00ed mateix, <strong>els professionals farmac\u00e8utics catalans, <\/strong>tot i el repte que est\u00e0 suposant la gesti\u00f3 de la crisi sanit\u00e0ria generada per la COVID-19, <strong>segueixen treballant per garantir l\u2019acc\u00e9s al medicament, la protecci\u00f3 de tota la poblaci\u00f3 i per atendre les seves necessitats amb les m\u00e0ximes garanties.<\/strong><\/p>\n<p><strong>Altres publicacions d&#8217;inter\u00e8s:<\/strong><\/p>\n<ul>\n<li><a href=\"https:\/\/blog.cofb.cat\/xarxa-3-227-farmacies-catalanes-comencara-distribuir-1-milio-mig-mascaretes-poblacio-partir-20-dabril\/\" target=\"_blank\" rel=\"noopener\">La xarxa de 3.227 farm\u00e0cies catalanes comen\u00e7ar\u00e0 a distribuir 1 mili\u00f3 i mig de mascaretes a la poblaci\u00f3 a partir del 20 d\u2019abril (Abril 2020).<\/a><\/li>\n<li><a href=\"https:\/\/blog.cofb.cat\/iniciatives-apropar-medicacio-persones-vulnerables-durant-pandemia-covid-19\/\" target=\"_blank\" rel=\"noopener\">Iniciatives per apropar la medicaci\u00f3 a persones vulnerables durant la pand\u00e8mia per COVID-19 (Abril 2020)<\/a><\/li>\n<li><a href=\"https:\/\/blog.cofb.cat\/el-cof-de-barcelona-recorda-que-les-farmacies-estan-en-primera-linia-dactuacio-davant-el-coronavirus-i-treballa-per-obtenir-mes-proteccio-per-al-collectiu\/\" target=\"_blank\" rel=\"noopener\">El COF de Barcelona recorda que les farm\u00e0cies estan en primera l\u00ednia d\u2019actuaci\u00f3 davant el coronavirus i treballa per obtenir m\u00e9s protecci\u00f3 per al col\u00b7lectiu (Mar\u00e7 2020)<\/a><\/li>\n<\/ul>\n","protected":false},"excerpt":{"rendered":"<p>Despr\u00e9s de dos mesos en marxa, finalitza la campanya Mascareta \/Salut amb 9.252.043 mascaretes sanit\u00e0ries de teixit de tres capes dispensades des de la xarxa de 3.227 farm\u00e0cies de Catalunya. Gr\u00e0cies aquesta iniciativa, impulsada entre en el Departament de Salut i el Consell de Col\u00b7legis Farmac\u00e8utics de Catalunya, la professi\u00f3 [&hellip;]<\/p>\n","protected":false},"author":1,"featured_media":50764,"comment_status":"open","ping_status":"open","sticky":false,"template":"","format":"standard","meta":{"_uag_custom_page_level_css":"","site-sidebar-layout":"default","site-content-layout":"","ast-site-content-layout":"default","site-content-style":"default","site-sidebar-style":"default","ast-global-header-display":"","ast-banner-title-visibility":"","ast-main-header-display":"","ast-hfb-above-header-display":"","ast-hfb-below-header-display":"","ast-hfb-mobile-header-display":"","site-post-title":"","ast-breadcrumbs-content":"","ast-featured-img":"disabled","footer-sml-layout":"","theme-transparent-header-meta":"","adv-header-id-meta":"","stick-header-meta":"","header-above-stick-meta":"","header-main-stick-meta":"","header-below-stick-meta":"","astra-migrate-meta-layouts":"default","ast-page-background-enabled":"default","ast-page-background-meta":{"desktop":{"background-color":"var(--ast-global-color-4)","background-image":"","background-repeat":"repeat","background-position":"center center","background-size":"auto","background-attachment":"scroll","background-type":"","background-media":"","overlay-type":"","overlay-color":"","overlay-opacity":"","overlay-gradient":""},"tablet":{"background-color":"","background-image":"","background-repeat":"repeat","background-position":"center center","background-size":"auto","background-attachment":"scroll","background-type":"","background-media":"","overlay-type":"","overlay-color":"","overlay-opacity":"","overlay-gradient":""},"mobile":{"background-color":"","background-image":"","background-repeat":"repeat","background-position":"center center","background-size":"auto","background-attachment":"scroll","background-type":"","background-media":"","overlay-type":"","overlay-color":"","overlay-opacity":"","overlay-gradient":""}},"ast-content-background-meta":{"desktop":{"background-color":"var(--ast-global-color-5)","background-image":"","background-repeat":"repeat","background-position":"center center","background-size":"auto","background-attachment":"scroll","background-type":"","background-media":"","overlay-type":"","overlay-color":"","overlay-opacity":"","overlay-gradient":""},"tablet":{"background-color":"var(--ast-global-color-5)","background-image":"","background-repeat":"repeat","background-position":"center center","background-size":"auto","background-attachment":"scroll","background-type":"","background-media":"","overlay-type":"","overlay-color":"","overlay-opacity":"","overlay-gradient":""},"mobile":{"background-color":"var(--ast-global-color-5)","background-image":"","background-repeat":"repeat","background-position":"center center","background-size":"auto","background-attachment":"scroll","background-type":"","background-media":"","overlay-type":"","overlay-color":"","overlay-opacity":"","overlay-gradient":""}},"footnotes":""},"categories":[23,57],"tags":[64,308,3316,963,311,2157,2142,584,2143,407],"class_list":["post-51306","post","type-post","status-publish","format-standard","has-post-thumbnail","hentry","category-destacats","category-mon-collegial","tag-atencio-farmaceutica","tag-ccfc","tag-consell-de-collegis-de-farmaceutics-de-catalunya","tag-covid19","tag-departament-de-salut","tag-distribucio","tag-mascareta-salut","tag-mascaretes","tag-mascaretes-sanitaries","tag-servei-catala-de-la-salut"],"yoast_head":"<!-- This site is optimized with the Yoast SEO plugin v22.4 - https:\/\/yoast.com\/wordpress\/plugins\/seo\/ -->\n<title>Finalitza la campanya Mascareta \/Salut, amb m\u00e9s de 9 milions de mascaretes dispensades des de les 3.227 farm\u00e0cies catalanes - Col\u00b7legi de Farmac\u00e8utics de Barcelona<\/title>\n<meta name=\"description\" content=\"Despr\u00e9s de dos mesos en marxa, finalitza la campanya Mascareta \/Salut amb 9.252.043 mascaretes sanit\u00e0ries de teixit de tres capes dispensades des de la xarxa de 3.227 farm\u00e0cies de Catalunya, i que ha estat impulsada entre en el Departament de Salut i el Consell de Col\u00b7legis Farmac\u00e8utics de Catalunya.\" \/>\n<meta name=\"robots\" content=\"index, follow, max-snippet:-1, max-image-preview:large, max-video-preview:-1\" \/>\n<link rel=\"canonical\" href=\"https:\/\/novaorg.cofb.net\/2020\/06\/22\/finalitza-la-campanya-mascareta-salut-amb-mes-de-9-milions-de-mascaretes-dispensades-des-de-les-3-227-farmacies-catalanes\/\" \/>\n<meta property=\"og:locale\" content=\"ca_ES\" \/>\n<meta property=\"og:type\" content=\"article\" \/>\n<meta property=\"og:title\" content=\"Finalitza la campanya Mascareta \/Salut, amb m\u00e9s de 9 milions de mascaretes dispensades des de les 3.227 farm\u00e0cies catalanes - Col\u00b7legi de Farmac\u00e8utics de Barcelona\" \/>\n<meta property=\"og:description\" content=\"Despr\u00e9s de dos mesos en marxa, finalitza la campanya Mascareta \/Salut amb 9.252.043 mascaretes sanit\u00e0ries de teixit de tres capes dispensades des de la xarxa de 3.227 farm\u00e0cies de Catalunya, i que ha estat impulsada entre en el Departament de Salut i el Consell de Col\u00b7legis Farmac\u00e8utics de Catalunya.\" \/>\n<meta property=\"og:url\" content=\"https:\/\/novaorg.cofb.net\/2020\/06\/22\/finalitza-la-campanya-mascareta-salut-amb-mes-de-9-milions-de-mascaretes-dispensades-des-de-les-3-227-farmacies-catalanes\/\" \/>\n<meta property=\"og:site_name\" content=\"Col\u00b7legi de Farmac\u00e8utics de Barcelona\" \/>\n<meta property=\"article:publisher\" content=\"https:\/\/www.facebook.com\/farmaceuticsbcn\/\" \/>\n<meta property=\"article:published_time\" content=\"2020-06-22T16:10:25+00:00\" \/>\n<meta name=\"author\" content=\"wpAdminCofbOrg\" \/>\n<meta name=\"twitter:card\" content=\"summary_large_image\" \/>\n<meta name=\"twitter:creator\" content=\"@farmaceuticsbcn\" \/>\n<meta name=\"twitter:site\" content=\"@farmaceuticsbcn\" \/>\n<meta name=\"twitter:label1\" content=\"Escrit per\" \/>\n\t<meta name=\"twitter:data1\" content=\"wpAdminCofbOrg\" \/>\n\t<meta name=\"twitter:label2\" content=\"Temps estimat de lectura\" \/>\n\t<meta name=\"twitter:data2\" content=\"3 minuts\" \/>\n<script type=\"application\/ld+json\" class=\"yoast-schema-graph\">{\"@context\":\"https:\/\/schema.org\",\"@graph\":[{\"@type\":\"Article\",\"@id\":\"https:\/\/novaorg.cofb.net\/2020\/06\/22\/finalitza-la-campanya-mascareta-salut-amb-mes-de-9-milions-de-mascaretes-dispensades-des-de-les-3-227-farmacies-catalanes\/#article\",\"isPartOf\":{\"@id\":\"https:\/\/novaorg.cofb.net\/2020\/06\/22\/finalitza-la-campanya-mascareta-salut-amb-mes-de-9-milions-de-mascaretes-dispensades-des-de-les-3-227-farmacies-catalanes\/\"},\"author\":{\"name\":\"wpAdminCofbOrg\",\"@id\":\"https:\/\/www.cofb.org\/#\/schema\/person\/22ed7eea88da74b0fa4d3154ad87ffcb\"},\"headline\":\"Finalitza la campanya Mascareta \/Salut, amb m\u00e9s de 9 milions de mascaretes dispensades des de les 3.227 farm\u00e0cies catalanes\",\"datePublished\":\"2020-06-22T16:10:25+00:00\",\"dateModified\":\"2020-06-22T16:10:25+00:00\",\"mainEntityOfPage\":{\"@id\":\"https:\/\/novaorg.cofb.net\/2020\/06\/22\/finalitza-la-campanya-mascareta-salut-amb-mes-de-9-milions-de-mascaretes-dispensades-des-de-les-3-227-farmacies-catalanes\/\"},\"wordCount\":640,\"commentCount\":0,\"publisher\":{\"@id\":\"https:\/\/www.cofb.org\/#organization\"},\"image\":{\"@id\":\"https:\/\/novaorg.cofb.net\/2020\/06\/22\/finalitza-la-campanya-mascareta-salut-amb-mes-de-9-milions-de-mascaretes-dispensades-des-de-les-3-227-farmacies-catalanes\/#primaryimage\"},\"thumbnailUrl\":\"\",\"keywords\":[\"Atenci\u00f3 farmac\u00e8utica\",\"CCFC\",\"Consell de Col\u00b7legis de Farmac\u00e8utics de Catalunya\",\"COVID19\",\"Departament de Salut\",\"Distribuci\u00f3\",\"Mascareta\/Salut\",\"mascaretes\",\"mascaretes sanit\u00e0ries\",\"Servei Catal\u00e0 de la Salut\"],\"articleSection\":[\"Destacats\",\"M\u00f3n col\u00b7legial\"],\"inLanguage\":\"ca\",\"potentialAction\":[{\"@type\":\"CommentAction\",\"name\":\"Comment\",\"target\":[\"https:\/\/novaorg.cofb.net\/2020\/06\/22\/finalitza-la-campanya-mascareta-salut-amb-mes-de-9-milions-de-mascaretes-dispensades-des-de-les-3-227-farmacies-catalanes\/#respond\"]}]},{\"@type\":\"WebPage\",\"@id\":\"https:\/\/novaorg.cofb.net\/2020\/06\/22\/finalitza-la-campanya-mascareta-salut-amb-mes-de-9-milions-de-mascaretes-dispensades-des-de-les-3-227-farmacies-catalanes\/\",\"url\":\"https:\/\/novaorg.cofb.net\/2020\/06\/22\/finalitza-la-campanya-mascareta-salut-amb-mes-de-9-milions-de-mascaretes-dispensades-des-de-les-3-227-farmacies-catalanes\/\",\"name\":\"Finalitza la campanya Mascareta \/Salut, amb m\u00e9s de 9 milions de mascaretes dispensades des de les 3.227 farm\u00e0cies catalanes - Col\u00b7legi de Farmac\u00e8utics de Barcelona\",\"isPartOf\":{\"@id\":\"https:\/\/www.cofb.org\/#website\"},\"primaryImageOfPage\":{\"@id\":\"https:\/\/novaorg.cofb.net\/2020\/06\/22\/finalitza-la-campanya-mascareta-salut-amb-mes-de-9-milions-de-mascaretes-dispensades-des-de-les-3-227-farmacies-catalanes\/#primaryimage\"},\"image\":{\"@id\":\"https:\/\/novaorg.cofb.net\/2020\/06\/22\/finalitza-la-campanya-mascareta-salut-amb-mes-de-9-milions-de-mascaretes-dispensades-des-de-les-3-227-farmacies-catalanes\/#primaryimage\"},\"thumbnailUrl\":\"\",\"datePublished\":\"2020-06-22T16:10:25+00:00\",\"dateModified\":\"2020-06-22T16:10:25+00:00\",\"description\":\"Despr\u00e9s de dos mesos en marxa, finalitza la campanya Mascareta \/Salut amb 9.252.043 mascaretes sanit\u00e0ries de teixit de tres capes dispensades des de la xarxa de 3.227 farm\u00e0cies de Catalunya, i que ha estat impulsada entre en el Departament de Salut i el Consell de Col\u00b7legis Farmac\u00e8utics de Catalunya.\",\"breadcrumb\":{\"@id\":\"https:\/\/novaorg.cofb.net\/2020\/06\/22\/finalitza-la-campanya-mascareta-salut-amb-mes-de-9-milions-de-mascaretes-dispensades-des-de-les-3-227-farmacies-catalanes\/#breadcrumb\"},\"inLanguage\":\"ca\",\"potentialAction\":[{\"@type\":\"ReadAction\",\"target\":[\"https:\/\/novaorg.cofb.net\/2020\/06\/22\/finalitza-la-campanya-mascareta-salut-amb-mes-de-9-milions-de-mascaretes-dispensades-des-de-les-3-227-farmacies-catalanes\/\"]}]},{\"@type\":\"ImageObject\",\"inLanguage\":\"ca\",\"@id\":\"https:\/\/novaorg.cofb.net\/2020\/06\/22\/finalitza-la-campanya-mascareta-salut-amb-mes-de-9-milions-de-mascaretes-dispensades-des-de-les-3-227-farmacies-catalanes\/#primaryimage\",\"url\":\"\",\"contentUrl\":\"\"},{\"@type\":\"BreadcrumbList\",\"@id\":\"https:\/\/novaorg.cofb.net\/2020\/06\/22\/finalitza-la-campanya-mascareta-salut-amb-mes-de-9-milions-de-mascaretes-dispensades-des-de-les-3-227-farmacies-catalanes\/#breadcrumb\",\"itemListElement\":[{\"@type\":\"ListItem\",\"position\":1,\"name\":\"Inici\",\"item\":\"https:\/\/novaorg.cofb.net\/\"},{\"@type\":\"ListItem\",\"position\":2,\"name\":\"Finalitza la campanya Mascareta \/Salut, amb m\u00e9s de 9 milions de mascaretes dispensades des de les 3.227 farm\u00e0cies catalanes\"}]},{\"@type\":\"WebSite\",\"@id\":\"https:\/\/www.cofb.org\/#website\",\"url\":\"https:\/\/www.cofb.org\/\",\"name\":\"Col\u00b7legi de Farmac\u00e8utics de Barcelona\",\"description\":\"\",\"publisher\":{\"@id\":\"https:\/\/www.cofb.org\/#organization\"},\"potentialAction\":[{\"@type\":\"SearchAction\",\"target\":{\"@type\":\"EntryPoint\",\"urlTemplate\":\"https:\/\/www.cofb.org\/?s={search_term_string}\"},\"query-input\":\"required name=search_term_string\"}],\"inLanguage\":\"ca\"},{\"@type\":\"Organization\",\"@id\":\"https:\/\/www.cofb.org\/#organization\",\"name\":\"Col\u00b7legi de Farmac\u00e8utics de Barcelona\",\"url\":\"https:\/\/www.cofb.org\/\",\"logo\":{\"@type\":\"ImageObject\",\"inLanguage\":\"ca\",\"@id\":\"https:\/\/www.cofb.org\/#\/schema\/logo\/image\/\",\"url\":\"https:\/\/www.cofb.org\/wp-content\/uploads\/2023\/11\/cropped-Logotip-COFB.png\",\"contentUrl\":\"https:\/\/www.cofb.org\/wp-content\/uploads\/2023\/11\/cropped-Logotip-COFB.png\",\"width\":500,\"height\":105,\"caption\":\"Col\u00b7legi de Farmac\u00e8utics de Barcelona\"},\"image\":{\"@id\":\"https:\/\/www.cofb.org\/#\/schema\/logo\/image\/\"},\"sameAs\":[\"https:\/\/www.facebook.com\/farmaceuticsbcn\/\",\"https:\/\/twitter.com\/farmaceuticsbcn\",\"https:\/\/www.instagram.com\/farmaceuticsbcn\/\",\"https:\/\/www.linkedin.com\/company\/farmaceuticsbcn\/\"]},{\"@type\":\"Person\",\"@id\":\"https:\/\/www.cofb.org\/#\/schema\/person\/22ed7eea88da74b0fa4d3154ad87ffcb\",\"name\":\"wpAdminCofbOrg\",\"image\":{\"@type\":\"ImageObject\",\"inLanguage\":\"ca\",\"@id\":\"https:\/\/www.cofb.org\/#\/schema\/person\/image\/\",\"url\":\"https:\/\/secure.gravatar.com\/avatar\/1721b20b3b8ca882c3b56ec6c978c594fff670e40c0718e9190eaeeb76aae7d8?s=96&d=mm&r=g\",\"contentUrl\":\"https:\/\/secure.gravatar.com\/avatar\/1721b20b3b8ca882c3b56ec6c978c594fff670e40c0718e9190eaeeb76aae7d8?s=96&d=mm&r=g\",\"caption\":\"wpAdminCofbOrg\"},\"sameAs\":[\"http:\/\/192.168.64.122\/wordpress\"],\"url\":\"https:\/\/www.cofb.org\/ca\/author\/wpadmincofborg\/\"}]}<\/script>\n<!-- \/ Yoast SEO plugin. -->","yoast_head_json":{"title":"Finalitza la campanya Mascareta \/Salut, amb m\u00e9s de 9 milions de mascaretes dispensades des de les 3.227 farm\u00e0cies catalanes - Col\u00b7legi de Farmac\u00e8utics de Barcelona","description":"Despr\u00e9s de dos mesos en marxa, finalitza la campanya Mascareta \/Salut amb 9.252.043 mascaretes sanit\u00e0ries de teixit de tres capes dispensades des de la xarxa de 3.227 farm\u00e0cies de Catalunya, i que ha estat impulsada entre en el Departament de Salut i el Consell de Col\u00b7legis Farmac\u00e8utics de Catalunya.","robots":{"index":"index","follow":"follow","max-snippet":"max-snippet:-1","max-image-preview":"max-image-preview:large","max-video-preview":"max-video-preview:-1"},"canonical":"https:\/\/novaorg.cofb.net\/2020\/06\/22\/finalitza-la-campanya-mascareta-salut-amb-mes-de-9-milions-de-mascaretes-dispensades-des-de-les-3-227-farmacies-catalanes\/","og_locale":"ca_ES","og_type":"article","og_title":"Finalitza la campanya Mascareta \/Salut, amb m\u00e9s de 9 milions de mascaretes dispensades des de les 3.227 farm\u00e0cies catalanes - Col\u00b7legi de Farmac\u00e8utics de Barcelona","og_description":"Despr\u00e9s de dos mesos en marxa, finalitza la campanya Mascareta \/Salut amb 9.252.043 mascaretes sanit\u00e0ries de teixit de tres capes dispensades des de la xarxa de 3.227 farm\u00e0cies de Catalunya, i que ha estat impulsada entre en el Departament de Salut i el Consell de Col\u00b7legis Farmac\u00e8utics de Catalunya.","og_url":"https:\/\/novaorg.cofb.net\/2020\/06\/22\/finalitza-la-campanya-mascareta-salut-amb-mes-de-9-milions-de-mascaretes-dispensades-des-de-les-3-227-farmacies-catalanes\/","og_site_name":"Col\u00b7legi de Farmac\u00e8utics de Barcelona","article_publisher":"https:\/\/www.facebook.com\/farmaceuticsbcn\/","article_published_time":"2020-06-22T16:10:25+00:00","author":"wpAdminCofbOrg","twitter_card":"summary_large_image","twitter_creator":"@farmaceuticsbcn","twitter_site":"@farmaceuticsbcn","twitter_misc":{"Escrit per":"wpAdminCofbOrg","Temps estimat de lectura":"3 minuts"},"schema":{"@context":"https:\/\/schema.org","@graph":[{"@type":"Article","@id":"https:\/\/novaorg.cofb.net\/2020\/06\/22\/finalitza-la-campanya-mascareta-salut-amb-mes-de-9-milions-de-mascaretes-dispensades-des-de-les-3-227-farmacies-catalanes\/#article","isPartOf":{"@id":"https:\/\/novaorg.cofb.net\/2020\/06\/22\/finalitza-la-campanya-mascareta-salut-amb-mes-de-9-milions-de-mascaretes-dispensades-des-de-les-3-227-farmacies-catalanes\/"},"author":{"name":"wpAdminCofbOrg","@id":"https:\/\/www.cofb.org\/#\/schema\/person\/22ed7eea88da74b0fa4d3154ad87ffcb"},"headline":"Finalitza la campanya Mascareta \/Salut, amb m\u00e9s de 9 milions de mascaretes dispensades des de les 3.227 farm\u00e0cies catalanes","datePublished":"2020-06-22T16:10:25+00:00","dateModified":"2020-06-22T16:10:25+00:00","mainEntityOfPage":{"@id":"https:\/\/novaorg.cofb.net\/2020\/06\/22\/finalitza-la-campanya-mascareta-salut-amb-mes-de-9-milions-de-mascaretes-dispensades-des-de-les-3-227-farmacies-catalanes\/"},"wordCount":640,"commentCount":0,"publisher":{"@id":"https:\/\/www.cofb.org\/#organization"},"image":{"@id":"https:\/\/novaorg.cofb.net\/2020\/06\/22\/finalitza-la-campanya-mascareta-salut-amb-mes-de-9-milions-de-mascaretes-dispensades-des-de-les-3-227-farmacies-catalanes\/#primaryimage"},"thumbnailUrl":"","keywords":["Atenci\u00f3 farmac\u00e8utica","CCFC","Consell de Col\u00b7legis de Farmac\u00e8utics de Catalunya","COVID19","Departament de Salut","Distribuci\u00f3","Mascareta\/Salut","mascaretes","mascaretes sanit\u00e0ries","Servei Catal\u00e0 de la Salut"],"articleSection":["Destacats","M\u00f3n col\u00b7legial"],"inLanguage":"ca","potentialAction":[{"@type":"CommentAction","name":"Comment","target":["https:\/\/novaorg.cofb.net\/2020\/06\/22\/finalitza-la-campanya-mascareta-salut-amb-mes-de-9-milions-de-mascaretes-dispensades-des-de-les-3-227-farmacies-catalanes\/#respond"]}]},{"@type":"WebPage","@id":"https:\/\/novaorg.cofb.net\/2020\/06\/22\/finalitza-la-campanya-mascareta-salut-amb-mes-de-9-milions-de-mascaretes-dispensades-des-de-les-3-227-farmacies-catalanes\/","url":"https:\/\/novaorg.cofb.net\/2020\/06\/22\/finalitza-la-campanya-mascareta-salut-amb-mes-de-9-milions-de-mascaretes-dispensades-des-de-les-3-227-farmacies-catalanes\/","name":"Finalitza la campanya Mascareta \/Salut, amb m\u00e9s de 9 milions de mascaretes dispensades des de les 3.227 farm\u00e0cies catalanes - Col\u00b7legi de Farmac\u00e8utics de Barcelona","isPartOf":{"@id":"https:\/\/www.cofb.org\/#website"},"primaryImageOfPage":{"@id":"https:\/\/novaorg.cofb.net\/2020\/06\/22\/finalitza-la-campanya-mascareta-salut-amb-mes-de-9-milions-de-mascaretes-dispensades-des-de-les-3-227-farmacies-catalanes\/#primaryimage"},"image":{"@id":"https:\/\/novaorg.cofb.net\/2020\/06\/22\/finalitza-la-campanya-mascareta-salut-amb-mes-de-9-milions-de-mascaretes-dispensades-des-de-les-3-227-farmacies-catalanes\/#primaryimage"},"thumbnailUrl":"","datePublished":"2020-06-22T16:10:25+00:00","dateModified":"2020-06-22T16:10:25+00:00","description":"Despr\u00e9s de dos mesos en marxa, finalitza la campanya Mascareta \/Salut amb 9.252.043 mascaretes sanit\u00e0ries de teixit de tres capes dispensades des de la xarxa de 3.227 farm\u00e0cies de Catalunya, i que ha estat impulsada entre en el Departament de Salut i el Consell de Col\u00b7legis Farmac\u00e8utics de Catalunya.","breadcrumb":{"@id":"https:\/\/novaorg.cofb.net\/2020\/06\/22\/finalitza-la-campanya-mascareta-salut-amb-mes-de-9-milions-de-mascaretes-dispensades-des-de-les-3-227-farmacies-catalanes\/#breadcrumb"},"inLanguage":"ca","potentialAction":[{"@type":"ReadAction","target":["https:\/\/novaorg.cofb.net\/2020\/06\/22\/finalitza-la-campanya-mascareta-salut-amb-mes-de-9-milions-de-mascaretes-dispensades-des-de-les-3-227-farmacies-catalanes\/"]}]},{"@type":"ImageObject","inLanguage":"ca","@id":"https:\/\/novaorg.cofb.net\/2020\/06\/22\/finalitza-la-campanya-mascareta-salut-amb-mes-de-9-milions-de-mascaretes-dispensades-des-de-les-3-227-farmacies-catalanes\/#primaryimage","url":"","contentUrl":""},{"@type":"BreadcrumbList","@id":"https:\/\/novaorg.cofb.net\/2020\/06\/22\/finalitza-la-campanya-mascareta-salut-amb-mes-de-9-milions-de-mascaretes-dispensades-des-de-les-3-227-farmacies-catalanes\/#breadcrumb","itemListElement":[{"@type":"ListItem","position":1,"name":"Inici","item":"https:\/\/novaorg.cofb.net\/"},{"@type":"ListItem","position":2,"name":"Finalitza la campanya Mascareta \/Salut, amb m\u00e9s de 9 milions de mascaretes dispensades des de les 3.227 farm\u00e0cies catalanes"}]},{"@type":"WebSite","@id":"https:\/\/www.cofb.org\/#website","url":"https:\/\/www.cofb.org\/","name":"Col\u00b7legi de Farmac\u00e8utics de Barcelona","description":"","publisher":{"@id":"https:\/\/www.cofb.org\/#organization"},"potentialAction":[{"@type":"SearchAction","target":{"@type":"EntryPoint","urlTemplate":"https:\/\/www.cofb.org\/?s={search_term_string}"},"query-input":"required name=search_term_string"}],"inLanguage":"ca"},{"@type":"Organization","@id":"https:\/\/www.cofb.org\/#organization","name":"Col\u00b7legi de Farmac\u00e8utics de Barcelona","url":"https:\/\/www.cofb.org\/","logo":{"@type":"ImageObject","inLanguage":"ca","@id":"https:\/\/www.cofb.org\/#\/schema\/logo\/image\/","url":"https:\/\/www.cofb.org\/wp-content\/uploads\/2023\/11\/cropped-Logotip-COFB.png","contentUrl":"https:\/\/www.cofb.org\/wp-content\/uploads\/2023\/11\/cropped-Logotip-COFB.png","width":500,"height":105,"caption":"Col\u00b7legi de Farmac\u00e8utics de Barcelona"},"image":{"@id":"https:\/\/www.cofb.org\/#\/schema\/logo\/image\/"},"sameAs":["https:\/\/www.facebook.com\/farmaceuticsbcn\/","https:\/\/twitter.com\/farmaceuticsbcn","https:\/\/www.instagram.com\/farmaceuticsbcn\/","https:\/\/www.linkedin.com\/company\/farmaceuticsbcn\/"]},{"@type":"Person","@id":"https:\/\/www.cofb.org\/#\/schema\/person\/22ed7eea88da74b0fa4d3154ad87ffcb","name":"wpAdminCofbOrg","image":{"@type":"ImageObject","inLanguage":"ca","@id":"https:\/\/www.cofb.org\/#\/schema\/person\/image\/","url":"https:\/\/secure.gravatar.com\/avatar\/1721b20b3b8ca882c3b56ec6c978c594fff670e40c0718e9190eaeeb76aae7d8?s=96&d=mm&r=g","contentUrl":"https:\/\/secure.gravatar.com\/avatar\/1721b20b3b8ca882c3b56ec6c978c594fff670e40c0718e9190eaeeb76aae7d8?s=96&d=mm&r=g","caption":"wpAdminCofbOrg"},"sameAs":["http:\/\/192.168.64.122\/wordpress"],"url":"https:\/\/www.cofb.org\/ca\/author\/wpadmincofborg\/"}]}},"uagb_featured_image_src":{"full":false,"thumbnail":false,"medium":false,"medium_large":false,"large":false,"1536x1536":false,"2048x2048":false,"trp-custom-language-flag":false},"uagb_author_info":{"display_name":"wpAdminCofbOrg","author_link":"https:\/\/www.cofb.org\/ca\/author\/wpadmincofborg\/"},"uagb_comment_info":0,"uagb_excerpt":"Despr\u00e9s de dos mesos en marxa, finalitza la campanya Mascareta \/Salut amb 9.252.043 mascaretes sanit\u00e0ries de teixit de tres capes dispensades des de la xarxa de 3.227 farm\u00e0cies de Catalunya. Gr\u00e0cies aquesta iniciativa, impulsada entre en el Departament de Salut i el Consell de Col\u00b7legis Farmac\u00e8utics de Catalunya, la professi\u00f3 [&hellip;]","_links":{"self":[{"href":"https:\/\/www.cofb.org\/ca\/wp-json\/wp\/v2\/posts\/51306","targetHints":{"allow":["GET"]}}],"collection":[{"href":"https:\/\/www.cofb.org\/ca\/wp-json\/wp\/v2\/posts"}],"about":[{"href":"https:\/\/www.cofb.org\/ca\/wp-json\/wp\/v2\/types\/post"}],"author":[{"embeddable":true,"href":"https:\/\/www.cofb.org\/ca\/wp-json\/wp\/v2\/users\/1"}],"replies":[{"embeddable":true,"href":"https:\/\/www.cofb.org\/ca\/wp-json\/wp\/v2\/comments?post=51306"}],"version-history":[{"count":0,"href":"https:\/\/www.cofb.org\/ca\/wp-json\/wp\/v2\/posts\/51306\/revisions"}],"wp:featuredmedia":[{"embeddable":true,"href":"https:\/\/www.cofb.org\/ca\/wp-json\/"}],"wp:attachment":[{"href":"https:\/\/www.cofb.org\/ca\/wp-json\/wp\/v2\/media?parent=51306"}],"wp:term":[{"taxonomy":"category","embeddable":true,"href":"https:\/\/www.cofb.org\/ca\/wp-json\/wp\/v2\/categories?post=51306"},{"taxonomy":"post_tag","embeddable":true,"href":"https:\/\/www.cofb.org\/ca\/wp-json\/wp\/v2\/tags?post=51306"}],"curies":[{"name":"wp","href":"https:\/\/api.w.org\/{rel}","templated":true}]}}