{"id":51226,"date":"2020-06-12T12:53:52","date_gmt":"2020-06-12T10:53:52","guid":{"rendered":"https:\/\/blog.cofb.cat\/?p=51226"},"modified":"2020-06-12T12:53:52","modified_gmt":"2020-06-12T10:53:52","slug":"quines-ponencies-trobarem-al-programa-dinfarma-jornades-digitals-covid-19","status":"publish","type":"post","link":"https:\/\/www.cofb.org\/ca\/2020\/06\/12\/quines-ponencies-trobarem-al-programa-dinfarma-jornades-digitals-covid-19\/","title":{"rendered":"Quines pon\u00e8ncies trobarem al programa d\u2019Infarma Jornades Digitals COVID-19?"},"content":{"rendered":"<p><strong>Queda menys d&#8217;una setmana perqu\u00e8 comenci Infarma Jornades Digitals COVID-19<\/strong>, organitzades pels Col\u00b7legis de Farmac\u00e8utics de Barcelona i Madrid, amb la col\u00b7laboraci\u00f3 d\u2019Interalia. A la web d\u2019Infarma ja est\u00e0 <strong>disponible el <\/strong><a href=\"https:\/\/www.infarma.es\/programa-jornadas-digitales-covid-19\/\" target=\"_blank\" rel=\"noopener\"><strong>programa<\/strong><\/a><strong> d&#8217;aquestes jornades gratu\u00eftes<\/strong>, compost per <strong>sis pon\u00e8ncies<\/strong> que tindran lloc els pr\u00f2xims <strong>17, 18 i 19 de juny<\/strong>.<\/p>\n<p><a href=\"https:\/\/blog.cofb.cat\/wp-content\/uploads\/2020\/06\/Save-the-date_Twitter_1024x512-2.jpg\"><img fetchpriority=\"high\" decoding=\"async\" class=\"aligncenter size-large wp-image-51229\" src=\"https:\/\/blog.cofb.cat\/wp-content\/uploads\/2020\/06\/Save-the-date_Twitter_1024x512-2-1024x512.jpg\" alt=\"\" width=\"620\" height=\"310\" \/><\/a><\/p>\n<h1><strong><u>Quins temes s&#8217;abordaran durant les confer\u00e8ncies?<\/u><\/strong><\/h1>\n<p>Al llarg dels tres dies, <strong>ponents de reconeguda traject\u00f2ria abordaran diferents tem\u00e0tiques al voltant de la COVID-19<\/strong>, agrupades en <strong>tres eixos principals<\/strong>: <strong>l\u00ednia d&#8217;actuaci\u00f3 i projecci\u00f3 de la farm\u00e0cia, l\u00ednia cient\u00edfica-sanit\u00e0ria i l\u00ednia gesti\u00f3-econ\u00f2mica<\/strong>.<\/p>\n<h2><strong>Dimecres, 17 de juny: evoluci\u00f3 de la professi\u00f3 durant la crisi i efectes secundaris en els tractaments<\/strong><\/h2>\n<p>La <strong>l\u00ednia d&#8217;actuaci\u00f3 i projecci\u00f3 de la farm\u00e0cia<\/strong> comptar\u00e0, en primer lloc, amb la pon\u00e8ncia <strong>\u201cEvoluci\u00f3 de la professi\u00f3 durant la crisi. Com s&#8217;ha adaptat l&#8217;oficina de farm\u00e0cia\u201d<\/strong>, a c\u00e0rrec de Vicente J. Baixaul\u00ed, vicepresident de SEFAC, i moderada per \u00d3scar L\u00f3pez, vocal d&#8217;Oficina de Farm\u00e0cia del COFM. Baixaul\u00ed se centrar\u00e0 en <strong>descriure la crisi sanit\u00e0ria<\/strong> provocada per la COVID-19 en les oficines de farm\u00e0cia des del seu inici fins a la fase de desescalada. Aquest relat estar\u00e0 il\u00b7lustrat amb <strong>imatges i iniciatives que demostren com l&#8217;oficina de farm\u00e0cia i els farmac\u00e8utics s&#8217;han adaptat i han desenvolupat un paper fonamental<\/strong>.<\/p>\n<p>En segon lloc, s\u2019impartir\u00e0 la sessi\u00f3 <strong>\u201cEl pacient postcovid: quins efectes secundaris als tractaments es comencen a con\u00e8ixer?\u201d,<\/strong> a c\u00e0rrec de Manel Rabanal, cap de la Secci\u00f3 de la Vigil\u00e0ncia i la Publicitat dels Medicaments del Departament de Salut, moderada per Aina Surroca, vocal del COFB. El Dr. Rabanal donar\u00e0 a con\u00e8ixer durant la seva pon\u00e8ncia <strong>les dades recollides per part del Sistema Espanyol de Farmacovigil\u00e0ncia de Medicaments d&#8217;\u00das Hum\u00e0 (SEFV-MUH)<\/strong>, que ha realitzat un seguiment dels casos de sospites de reaccions adverses notificats amb medicaments utilitzats com a tractament de la infecci\u00f3 per COVID-19.<\/p>\n<h2><strong>Dijous, 18 de juny: investigaci\u00f3 contra el SARS-CoV-2 i la situaci\u00f3 actual de les proves de diagn\u00f2stic<\/strong><\/h2>\n<p>Dins la l\u00ednia cient\u00edfica-sanit\u00e0ria, s&#8217;impartiran les confer\u00e8ncies <strong>\u201cInvestigaci\u00f3 contra el SARS-CoV-2: l&#8217;estrat\u00e8gia test&amp;treat\u201d<\/strong>, a c\u00e0rrec del Dr. Bonaventura Clotet, cap del Servei de Malalties Infeccioses de l&#8217;Hospital Germans Trias i Pujol de Badalona, i <strong>\u201cSituaci\u00f3 actual de les proves de diagn\u00f2stic\u201d<\/strong>, de la m\u00e0 del Dr. Jordi Vila, cap del Servei de Microbiologia del Centre de Diagn\u00f2stic Biom\u00e8dic de l&#8217;Hospital Cl\u00ednic de Barcelona. Cristina Roure, vocal d&#8217;Hospitals del Col\u00b7legi de Farmac\u00e8utics de Barcelona, i Llu\u00efsa Juan, vocal d&#8217;An\u00e0lisi d&#8217;aquest mateix Col\u00b7legi, moderen, respectivament, els webinars interactius d&#8217;aquest bloc.<\/p>\n<p>D&#8217;una banda, el Dr. Clotet exposar\u00e0 una de les claus en la investigaci\u00f3 contra el SARS-CoV-2, l&#8217;estrat\u00e8gia \u201ctest&amp;treat\u201d, que consisteix a <strong>diagnosticar la infecci\u00f3 en etapes molt inicials<\/strong> i proporcionar un tractament efectiu a aquelles persones que donin positiu, de manera que la progressi\u00f3 de la infecci\u00f3 es freni abans d&#8217;aconseguir la simptomatologia m\u00e9s greu.<\/p>\n<p>D&#8217;altra banda, el Dr. Vila revisar\u00e0 <strong>les eines disponibles actualment<\/strong> per fer un <strong>diagn\u00f2stic microbiol\u00f2gic de la COVID-19<\/strong>, analitzant l&#8217;evoluci\u00f3 de la tecnologia al llarg de l&#8217;epid\u00e8mia, aix\u00ed com la interpretaci\u00f3 de les diferents proves diagn\u00f2stiques.<\/p>\n<h2><strong>Divendres, 19 de juny: la gesti\u00f3 econ\u00f2mica post-pand\u00e8mia i les estrat\u00e8gies guanyadores en aquests temps de canvi<\/strong><\/h2>\n<p>Finalment, en la l\u00ednia gesti\u00f3-econ\u00f2mica, s&#8217;impartir\u00e0 la pon\u00e8ncia <strong>\u201cGesti\u00f3 econ\u00f2mica post-pand\u00e8mia i conseq\u00fc\u00e8ncies en l&#8217;oficina de farm\u00e0cia. Ens podem avan\u00e7ar a la situaci\u00f3? Quines mesures legislatives podem esperar?\u201d<\/strong>, a c\u00e0rrec de Jose L. Fern\u00e1ndez i Miguel Mart\u00ednez, d\u2019IQVIA. Luis Panadero, vicepresident 3r del Col\u00b7legi de Farmac\u00e8utics de Madrid ser\u00e0 l&#8217;encarregat de moderar aquesta confer\u00e8ncia en la qual els ponents parlaran de l&#8217;impacte, els <strong>reptes<\/strong> i les <strong>oportunitats<\/strong> que la crisi sanit\u00e0ria provocada per la COVID-19 genera en les oficines de farm\u00e0cia des d&#8217;un punt de vista econ\u00f2mic, i <strong>compartiran algunes tend\u00e8ncies que han sorgit en els \u00faltims mesos<\/strong> i que creuen que es mantindran \u00a0en el futur.<\/p>\n<p>Una altra de les confer\u00e8ncies ser\u00e0 <strong>\u201cFocus en el client i la gesti\u00f3 del punt de venda. Estrat\u00e8gies guanyadores en aquests temps de canvi\u201d<\/strong>, de la m\u00e0 de Jos\u00e9 Antonio Andreu, soci-director de Shoppertec. Moderada per Rosal\u00eda Gozalo, vocal de Dermofarm\u00e0cia i Productes Sanitaris del COFM, el director de Shoppertec exposar\u00e0 de quina manera estan <strong>canviant els h\u00e0bits de compra<\/strong> dels usuaris de les oficines de farm\u00e0cia davant la nova normalitat; quin impacte tindr\u00e0 la pand\u00e8mia en la gesti\u00f3 de categories \/ productes i el punt de venda i per qu\u00e8 cobra import\u00e0ncia con\u00e8ixer el client, gestionar la relaci\u00f3 amb ell per a millorar la seva experi\u00e8ncia a la farm\u00e0cia i qu\u00e8 podem aprendre d&#8217;altres entorns \u201cretail\u201d per \u00a0aplicar a \u00a0l&#8217;oficina de farm\u00e0cia.<\/p>\n<p><strong>Altres publicacions d\u2019inter\u00e8s:<\/strong><\/p>\n<ul>\n<li><a href=\"https:\/\/blog.cofb.cat\/els-proxims-17-18-i-19-de-juny-se-celebraran-les-jornades-digitals-infarma-2020-centrades-en-la-covid-19\/\" target=\"_blank\" rel=\"noopener\">Els pr\u00f2xims 17, 18 i 19 de juny se celebraran les Jornades Digitals Infarma 2020, centrades en la COVID-19 (Juny 2020)<\/a><\/li>\n<li><a href=\"https:\/\/blog.cofb.cat\/infarma-2020-2021-se-celebrara-del-23-al-25-de-marc-a-madrid\/\" target=\"_blank\" rel=\"noopener\">Infarma 2020-2021 se celebrar\u00e0 del 23 al 25 de mar\u00e7 a Madrid (Maig 2020)<\/a><\/li>\n<li><a href=\"https:\/\/blog.cofb.cat\/32a-edicio-dinfarma-sajorna-2021\/\" target=\"_blank\" rel=\"noopener\">La 32a edici\u00f3 d\u2019Infarma s\u2019ajorna fins al 2021 (Abril 2020)<\/a><\/li>\n<\/ul>\n","protected":false},"excerpt":{"rendered":"<p>Queda menys d&#8217;una setmana perqu\u00e8 comenci Infarma Jornades Digitals COVID-19, organitzades pels Col\u00b7legis de Farmac\u00e8utics de Barcelona i Madrid, amb la col\u00b7laboraci\u00f3 d\u2019Interalia. A la web d\u2019Infarma ja est\u00e0 disponible el programa d&#8217;aquestes jornades gratu\u00eftes, compost per sis pon\u00e8ncies que tindran lloc els pr\u00f2xims 17, 18 i 19 de juny. [&hellip;]<\/p>\n","protected":false},"author":1,"featured_media":51229,"comment_status":"open","ping_status":"open","sticky":false,"template":"","format":"standard","meta":{"_uag_custom_page_level_css":"","site-sidebar-layout":"default","site-content-layout":"","ast-site-content-layout":"default","site-content-style":"default","site-sidebar-style":"default","ast-global-header-display":"","ast-banner-title-visibility":"","ast-main-header-display":"","ast-hfb-above-header-display":"","ast-hfb-below-header-display":"","ast-hfb-mobile-header-display":"","site-post-title":"","ast-breadcrumbs-content":"","ast-featured-img":"disabled","footer-sml-layout":"","theme-transparent-header-meta":"","adv-header-id-meta":"","stick-header-meta":"","header-above-stick-meta":"","header-main-stick-meta":"","header-below-stick-meta":"","astra-migrate-meta-layouts":"default","ast-page-background-enabled":"default","ast-page-background-meta":{"desktop":{"background-color":"var(--ast-global-color-4)","background-image":"","background-repeat":"repeat","background-position":"center center","background-size":"auto","background-attachment":"scroll","background-type":"","background-media":"","overlay-type":"","overlay-color":"","overlay-opacity":"","overlay-gradient":""},"tablet":{"background-color":"","background-image":"","background-repeat":"repeat","background-position":"center center","background-size":"auto","background-attachment":"scroll","background-type":"","background-media":"","overlay-type":"","overlay-color":"","overlay-opacity":"","overlay-gradient":""},"mobile":{"background-color":"","background-image":"","background-repeat":"repeat","background-position":"center center","background-size":"auto","background-attachment":"scroll","background-type":"","background-media":"","overlay-type":"","overlay-color":"","overlay-opacity":"","overlay-gradient":""}},"ast-content-background-meta":{"desktop":{"background-color":"var(--ast-global-color-5)","background-image":"","background-repeat":"repeat","background-position":"center center","background-size":"auto","background-attachment":"scroll","background-type":"","background-media":"","overlay-type":"","overlay-color":"","overlay-opacity":"","overlay-gradient":""},"tablet":{"background-color":"var(--ast-global-color-5)","background-image":"","background-repeat":"repeat","background-position":"center center","background-size":"auto","background-attachment":"scroll","background-type":"","background-media":"","overlay-type":"","overlay-color":"","overlay-opacity":"","overlay-gradient":""},"mobile":{"background-color":"var(--ast-global-color-5)","background-image":"","background-repeat":"repeat","background-position":"center center","background-size":"auto","background-attachment":"scroll","background-type":"","background-media":"","overlay-type":"","overlay-color":"","overlay-opacity":"","overlay-gradient":""}},"footnotes":""},"categories":[23,2165],"tags":[18,110,818,159,186,469,90,28,4077,4123,4179,508,115,471,4106],"class_list":["post-51226","post","type-post","status-publish","format-standard","has-post-thumbnail","hentry","category-destacats","category-infarma","tag-cofb","tag-cofm","tag-collegi-oficial-de-farmaceutics-de-barcelona","tag-collegi-oficial-de-farmaceutics-de-madrid","tag-congres-europeu-doficina-de-farmacia-i-salo-de-medicaments-i-parafarmacia","tag-coronavirus","tag-covid-19","tag-infarma","tag-infarma-2020","tag-infarma-2021","tag-infarma-digital","tag-infarma-madrid","tag-interalia","tag-pandemia","tag-salo-i-congres-europeu-de-farmacia"],"yoast_head":"<!-- This site is optimized with the Yoast SEO plugin v22.4 - https:\/\/yoast.com\/wordpress\/plugins\/seo\/ -->\n<title>Quines pon\u00e8ncies trobarem al programa d\u2019Infarma Jornades Digitals COVID-19? - Col\u00b7legi de Farmac\u00e8utics de Barcelona<\/title>\n<meta name=\"description\" content=\"Queda menys d&#039;una setmana perqu\u00e8 comenci Infarma Jornades Digitals COVID-19, organitzades pels Col\u00b7legis de Farmac\u00e8utics de Barcelona i Madrid, amb la col\u00b7laboraci\u00f3 d\u2019Interalia. Ja est\u00e0 disponible el programa d&#039;aquestes jornades gratu\u00eftes, compost per sis pon\u00e8ncies que tindran lloc els pr\u00f2xims 17, 18 i 19 de juny.\" \/>\n<meta name=\"robots\" content=\"index, follow, max-snippet:-1, max-image-preview:large, max-video-preview:-1\" \/>\n<link rel=\"canonical\" href=\"https:\/\/www.cofb.org\/ca\/2020\/06\/12\/quines-ponencies-trobarem-al-programa-dinfarma-jornades-digitals-covid-19\/\" \/>\n<meta property=\"og:locale\" content=\"ca_ES\" \/>\n<meta property=\"og:type\" content=\"article\" \/>\n<meta property=\"og:title\" content=\"Quines pon\u00e8ncies trobarem al programa d\u2019Infarma Jornades Digitals COVID-19? - Col\u00b7legi de Farmac\u00e8utics de Barcelona\" \/>\n<meta property=\"og:description\" content=\"Queda menys d&#039;una setmana perqu\u00e8 comenci Infarma Jornades Digitals COVID-19, organitzades pels Col\u00b7legis de Farmac\u00e8utics de Barcelona i Madrid, amb la col\u00b7laboraci\u00f3 d\u2019Interalia. Ja est\u00e0 disponible el programa d&#039;aquestes jornades gratu\u00eftes, compost per sis pon\u00e8ncies que tindran lloc els pr\u00f2xims 17, 18 i 19 de juny.\" \/>\n<meta property=\"og:url\" content=\"https:\/\/www.cofb.org\/ca\/2020\/06\/12\/quines-ponencies-trobarem-al-programa-dinfarma-jornades-digitals-covid-19\/\" \/>\n<meta property=\"og:site_name\" content=\"Col\u00b7legi de Farmac\u00e8utics de Barcelona\" \/>\n<meta property=\"article:publisher\" content=\"https:\/\/www.facebook.com\/farmaceuticsbcn\/\" \/>\n<meta property=\"article:published_time\" content=\"2020-06-12T10:53:52+00:00\" \/>\n<meta name=\"author\" content=\"wpAdminCofbOrg\" \/>\n<meta name=\"twitter:card\" content=\"summary_large_image\" \/>\n<meta name=\"twitter:creator\" content=\"@farmaceuticsbcn\" \/>\n<meta name=\"twitter:site\" content=\"@farmaceuticsbcn\" \/>\n<meta name=\"twitter:label1\" content=\"Escrit per\" \/>\n\t<meta name=\"twitter:data1\" content=\"wpAdminCofbOrg\" \/>\n\t<meta name=\"twitter:label2\" content=\"Temps estimat de lectura\" \/>\n\t<meta name=\"twitter:data2\" content=\"4 minuts\" \/>\n<script type=\"application\/ld+json\" class=\"yoast-schema-graph\">{\"@context\":\"https:\/\/schema.org\",\"@graph\":[{\"@type\":\"Article\",\"@id\":\"https:\/\/www.cofb.org\/2020\/06\/12\/quines-ponencies-trobarem-al-programa-dinfarma-jornades-digitals-covid-19\/#article\",\"isPartOf\":{\"@id\":\"https:\/\/www.cofb.org\/2020\/06\/12\/quines-ponencies-trobarem-al-programa-dinfarma-jornades-digitals-covid-19\/\"},\"author\":{\"name\":\"wpAdminCofbOrg\",\"@id\":\"https:\/\/www.cofb.org\/#\/schema\/person\/22ed7eea88da74b0fa4d3154ad87ffcb\"},\"headline\":\"Quines pon\u00e8ncies trobarem al programa d\u2019Infarma Jornades Digitals COVID-19?\",\"datePublished\":\"2020-06-12T10:53:52+00:00\",\"dateModified\":\"2020-06-12T10:53:52+00:00\",\"mainEntityOfPage\":{\"@id\":\"https:\/\/www.cofb.org\/2020\/06\/12\/quines-ponencies-trobarem-al-programa-dinfarma-jornades-digitals-covid-19\/\"},\"wordCount\":923,\"commentCount\":0,\"publisher\":{\"@id\":\"https:\/\/www.cofb.org\/#organization\"},\"image\":{\"@id\":\"https:\/\/www.cofb.org\/2020\/06\/12\/quines-ponencies-trobarem-al-programa-dinfarma-jornades-digitals-covid-19\/#primaryimage\"},\"thumbnailUrl\":\"\",\"keywords\":[\"COFB\",\"COFM\",\"Col\u00b7legi Oficial de Farmac\u00e8utics de Barcelona\",\"Col\u00b7legi Oficial de Farmac\u00e8utics de Madrid\",\"Congr\u00e9s Europeu d'Oficina de Farm\u00e0cia i Sal\u00f3 de Medicaments i Parafarm\u00e0cia\",\"coronavirus\",\"COVID-19\",\"Infarma\",\"Infarma 2020\",\"Infarma 2021\",\"Infarma Digital\",\"Infarma Madrid\",\"Interalia\",\"pand\u00e8mia\",\"Sal\u00f3 i Congr\u00e9s Europeu de Farm\u00e0cia\"],\"articleSection\":[\"Destacats\",\"Infarma\"],\"inLanguage\":\"ca\",\"potentialAction\":[{\"@type\":\"CommentAction\",\"name\":\"Comment\",\"target\":[\"https:\/\/www.cofb.org\/2020\/06\/12\/quines-ponencies-trobarem-al-programa-dinfarma-jornades-digitals-covid-19\/#respond\"]}]},{\"@type\":\"WebPage\",\"@id\":\"https:\/\/www.cofb.org\/2020\/06\/12\/quines-ponencies-trobarem-al-programa-dinfarma-jornades-digitals-covid-19\/\",\"url\":\"https:\/\/www.cofb.org\/2020\/06\/12\/quines-ponencies-trobarem-al-programa-dinfarma-jornades-digitals-covid-19\/\",\"name\":\"Quines pon\u00e8ncies trobarem al programa d\u2019Infarma Jornades Digitals COVID-19? - Col\u00b7legi de Farmac\u00e8utics de Barcelona\",\"isPartOf\":{\"@id\":\"https:\/\/www.cofb.org\/#website\"},\"primaryImageOfPage\":{\"@id\":\"https:\/\/www.cofb.org\/2020\/06\/12\/quines-ponencies-trobarem-al-programa-dinfarma-jornades-digitals-covid-19\/#primaryimage\"},\"image\":{\"@id\":\"https:\/\/www.cofb.org\/2020\/06\/12\/quines-ponencies-trobarem-al-programa-dinfarma-jornades-digitals-covid-19\/#primaryimage\"},\"thumbnailUrl\":\"\",\"datePublished\":\"2020-06-12T10:53:52+00:00\",\"dateModified\":\"2020-06-12T10:53:52+00:00\",\"description\":\"Queda menys d'una setmana perqu\u00e8 comenci Infarma Jornades Digitals COVID-19, organitzades pels Col\u00b7legis de Farmac\u00e8utics de Barcelona i Madrid, amb la col\u00b7laboraci\u00f3 d\u2019Interalia. Ja est\u00e0 disponible el programa d'aquestes jornades gratu\u00eftes, compost per sis pon\u00e8ncies que tindran lloc els pr\u00f2xims 17, 18 i 19 de juny.\",\"breadcrumb\":{\"@id\":\"https:\/\/www.cofb.org\/2020\/06\/12\/quines-ponencies-trobarem-al-programa-dinfarma-jornades-digitals-covid-19\/#breadcrumb\"},\"inLanguage\":\"ca\",\"potentialAction\":[{\"@type\":\"ReadAction\",\"target\":[\"https:\/\/www.cofb.org\/2020\/06\/12\/quines-ponencies-trobarem-al-programa-dinfarma-jornades-digitals-covid-19\/\"]}]},{\"@type\":\"ImageObject\",\"inLanguage\":\"ca\",\"@id\":\"https:\/\/www.cofb.org\/2020\/06\/12\/quines-ponencies-trobarem-al-programa-dinfarma-jornades-digitals-covid-19\/#primaryimage\",\"url\":\"\",\"contentUrl\":\"\"},{\"@type\":\"BreadcrumbList\",\"@id\":\"https:\/\/www.cofb.org\/2020\/06\/12\/quines-ponencies-trobarem-al-programa-dinfarma-jornades-digitals-covid-19\/#breadcrumb\",\"itemListElement\":[{\"@type\":\"ListItem\",\"position\":1,\"name\":\"Inici\",\"item\":\"https:\/\/novaorg.cofb.net\/\"},{\"@type\":\"ListItem\",\"position\":2,\"name\":\"Quines pon\u00e8ncies trobarem al programa d\u2019Infarma Jornades Digitals COVID-19?\"}]},{\"@type\":\"WebSite\",\"@id\":\"https:\/\/www.cofb.org\/#website\",\"url\":\"https:\/\/www.cofb.org\/\",\"name\":\"Col\u00b7legi de Farmac\u00e8utics de Barcelona\",\"description\":\"\",\"publisher\":{\"@id\":\"https:\/\/www.cofb.org\/#organization\"},\"potentialAction\":[{\"@type\":\"SearchAction\",\"target\":{\"@type\":\"EntryPoint\",\"urlTemplate\":\"https:\/\/www.cofb.org\/?s={search_term_string}\"},\"query-input\":\"required name=search_term_string\"}],\"inLanguage\":\"ca\"},{\"@type\":\"Organization\",\"@id\":\"https:\/\/www.cofb.org\/#organization\",\"name\":\"Col\u00b7legi de Farmac\u00e8utics de Barcelona\",\"url\":\"https:\/\/www.cofb.org\/\",\"logo\":{\"@type\":\"ImageObject\",\"inLanguage\":\"ca\",\"@id\":\"https:\/\/www.cofb.org\/#\/schema\/logo\/image\/\",\"url\":\"https:\/\/www.cofb.org\/wp-content\/uploads\/2023\/11\/cropped-Logotip-COFB.png\",\"contentUrl\":\"https:\/\/www.cofb.org\/wp-content\/uploads\/2023\/11\/cropped-Logotip-COFB.png\",\"width\":500,\"height\":105,\"caption\":\"Col\u00b7legi de Farmac\u00e8utics de Barcelona\"},\"image\":{\"@id\":\"https:\/\/www.cofb.org\/#\/schema\/logo\/image\/\"},\"sameAs\":[\"https:\/\/www.facebook.com\/farmaceuticsbcn\/\",\"https:\/\/twitter.com\/farmaceuticsbcn\",\"https:\/\/www.instagram.com\/farmaceuticsbcn\/\",\"https:\/\/www.linkedin.com\/company\/farmaceuticsbcn\/\"]},{\"@type\":\"Person\",\"@id\":\"https:\/\/www.cofb.org\/#\/schema\/person\/22ed7eea88da74b0fa4d3154ad87ffcb\",\"name\":\"wpAdminCofbOrg\",\"image\":{\"@type\":\"ImageObject\",\"inLanguage\":\"ca\",\"@id\":\"https:\/\/www.cofb.org\/#\/schema\/person\/image\/\",\"url\":\"https:\/\/secure.gravatar.com\/avatar\/1721b20b3b8ca882c3b56ec6c978c594fff670e40c0718e9190eaeeb76aae7d8?s=96&d=mm&r=g\",\"contentUrl\":\"https:\/\/secure.gravatar.com\/avatar\/1721b20b3b8ca882c3b56ec6c978c594fff670e40c0718e9190eaeeb76aae7d8?s=96&d=mm&r=g\",\"caption\":\"wpAdminCofbOrg\"},\"sameAs\":[\"http:\/\/192.168.64.122\/wordpress\"],\"url\":\"https:\/\/www.cofb.org\/ca\/author\/wpadmincofborg\/\"}]}<\/script>\n<!-- \/ Yoast SEO plugin. -->","yoast_head_json":{"title":"Quines pon\u00e8ncies trobarem al programa d\u2019Infarma Jornades Digitals COVID-19? - Col\u00b7legi de Farmac\u00e8utics de Barcelona","description":"Queda menys d'una setmana perqu\u00e8 comenci Infarma Jornades Digitals COVID-19, organitzades pels Col\u00b7legis de Farmac\u00e8utics de Barcelona i Madrid, amb la col\u00b7laboraci\u00f3 d\u2019Interalia. Ja est\u00e0 disponible el programa d'aquestes jornades gratu\u00eftes, compost per sis pon\u00e8ncies que tindran lloc els pr\u00f2xims 17, 18 i 19 de juny.","robots":{"index":"index","follow":"follow","max-snippet":"max-snippet:-1","max-image-preview":"max-image-preview:large","max-video-preview":"max-video-preview:-1"},"canonical":"https:\/\/www.cofb.org\/ca\/2020\/06\/12\/quines-ponencies-trobarem-al-programa-dinfarma-jornades-digitals-covid-19\/","og_locale":"ca_ES","og_type":"article","og_title":"Quines pon\u00e8ncies trobarem al programa d\u2019Infarma Jornades Digitals COVID-19? - Col\u00b7legi de Farmac\u00e8utics de Barcelona","og_description":"Queda menys d'una setmana perqu\u00e8 comenci Infarma Jornades Digitals COVID-19, organitzades pels Col\u00b7legis de Farmac\u00e8utics de Barcelona i Madrid, amb la col\u00b7laboraci\u00f3 d\u2019Interalia. Ja est\u00e0 disponible el programa d'aquestes jornades gratu\u00eftes, compost per sis pon\u00e8ncies que tindran lloc els pr\u00f2xims 17, 18 i 19 de juny.","og_url":"https:\/\/www.cofb.org\/ca\/2020\/06\/12\/quines-ponencies-trobarem-al-programa-dinfarma-jornades-digitals-covid-19\/","og_site_name":"Col\u00b7legi de Farmac\u00e8utics de Barcelona","article_publisher":"https:\/\/www.facebook.com\/farmaceuticsbcn\/","article_published_time":"2020-06-12T10:53:52+00:00","author":"wpAdminCofbOrg","twitter_card":"summary_large_image","twitter_creator":"@farmaceuticsbcn","twitter_site":"@farmaceuticsbcn","twitter_misc":{"Escrit per":"wpAdminCofbOrg","Temps estimat de lectura":"4 minuts"},"schema":{"@context":"https:\/\/schema.org","@graph":[{"@type":"Article","@id":"https:\/\/www.cofb.org\/2020\/06\/12\/quines-ponencies-trobarem-al-programa-dinfarma-jornades-digitals-covid-19\/#article","isPartOf":{"@id":"https:\/\/www.cofb.org\/2020\/06\/12\/quines-ponencies-trobarem-al-programa-dinfarma-jornades-digitals-covid-19\/"},"author":{"name":"wpAdminCofbOrg","@id":"https:\/\/www.cofb.org\/#\/schema\/person\/22ed7eea88da74b0fa4d3154ad87ffcb"},"headline":"Quines pon\u00e8ncies trobarem al programa d\u2019Infarma Jornades Digitals COVID-19?","datePublished":"2020-06-12T10:53:52+00:00","dateModified":"2020-06-12T10:53:52+00:00","mainEntityOfPage":{"@id":"https:\/\/www.cofb.org\/2020\/06\/12\/quines-ponencies-trobarem-al-programa-dinfarma-jornades-digitals-covid-19\/"},"wordCount":923,"commentCount":0,"publisher":{"@id":"https:\/\/www.cofb.org\/#organization"},"image":{"@id":"https:\/\/www.cofb.org\/2020\/06\/12\/quines-ponencies-trobarem-al-programa-dinfarma-jornades-digitals-covid-19\/#primaryimage"},"thumbnailUrl":"","keywords":["COFB","COFM","Col\u00b7legi Oficial de Farmac\u00e8utics de Barcelona","Col\u00b7legi Oficial de Farmac\u00e8utics de Madrid","Congr\u00e9s Europeu d'Oficina de Farm\u00e0cia i Sal\u00f3 de Medicaments i Parafarm\u00e0cia","coronavirus","COVID-19","Infarma","Infarma 2020","Infarma 2021","Infarma Digital","Infarma Madrid","Interalia","pand\u00e8mia","Sal\u00f3 i Congr\u00e9s Europeu de Farm\u00e0cia"],"articleSection":["Destacats","Infarma"],"inLanguage":"ca","potentialAction":[{"@type":"CommentAction","name":"Comment","target":["https:\/\/www.cofb.org\/2020\/06\/12\/quines-ponencies-trobarem-al-programa-dinfarma-jornades-digitals-covid-19\/#respond"]}]},{"@type":"WebPage","@id":"https:\/\/www.cofb.org\/2020\/06\/12\/quines-ponencies-trobarem-al-programa-dinfarma-jornades-digitals-covid-19\/","url":"https:\/\/www.cofb.org\/2020\/06\/12\/quines-ponencies-trobarem-al-programa-dinfarma-jornades-digitals-covid-19\/","name":"Quines pon\u00e8ncies trobarem al programa d\u2019Infarma Jornades Digitals COVID-19? - Col\u00b7legi de Farmac\u00e8utics de Barcelona","isPartOf":{"@id":"https:\/\/www.cofb.org\/#website"},"primaryImageOfPage":{"@id":"https:\/\/www.cofb.org\/2020\/06\/12\/quines-ponencies-trobarem-al-programa-dinfarma-jornades-digitals-covid-19\/#primaryimage"},"image":{"@id":"https:\/\/www.cofb.org\/2020\/06\/12\/quines-ponencies-trobarem-al-programa-dinfarma-jornades-digitals-covid-19\/#primaryimage"},"thumbnailUrl":"","datePublished":"2020-06-12T10:53:52+00:00","dateModified":"2020-06-12T10:53:52+00:00","description":"Queda menys d'una setmana perqu\u00e8 comenci Infarma Jornades Digitals COVID-19, organitzades pels Col\u00b7legis de Farmac\u00e8utics de Barcelona i Madrid, amb la col\u00b7laboraci\u00f3 d\u2019Interalia. Ja est\u00e0 disponible el programa d'aquestes jornades gratu\u00eftes, compost per sis pon\u00e8ncies que tindran lloc els pr\u00f2xims 17, 18 i 19 de juny.","breadcrumb":{"@id":"https:\/\/www.cofb.org\/2020\/06\/12\/quines-ponencies-trobarem-al-programa-dinfarma-jornades-digitals-covid-19\/#breadcrumb"},"inLanguage":"ca","potentialAction":[{"@type":"ReadAction","target":["https:\/\/www.cofb.org\/2020\/06\/12\/quines-ponencies-trobarem-al-programa-dinfarma-jornades-digitals-covid-19\/"]}]},{"@type":"ImageObject","inLanguage":"ca","@id":"https:\/\/www.cofb.org\/2020\/06\/12\/quines-ponencies-trobarem-al-programa-dinfarma-jornades-digitals-covid-19\/#primaryimage","url":"","contentUrl":""},{"@type":"BreadcrumbList","@id":"https:\/\/www.cofb.org\/2020\/06\/12\/quines-ponencies-trobarem-al-programa-dinfarma-jornades-digitals-covid-19\/#breadcrumb","itemListElement":[{"@type":"ListItem","position":1,"name":"Inici","item":"https:\/\/novaorg.cofb.net\/"},{"@type":"ListItem","position":2,"name":"Quines pon\u00e8ncies trobarem al programa d\u2019Infarma Jornades Digitals COVID-19?"}]},{"@type":"WebSite","@id":"https:\/\/www.cofb.org\/#website","url":"https:\/\/www.cofb.org\/","name":"Col\u00b7legi de Farmac\u00e8utics de Barcelona","description":"","publisher":{"@id":"https:\/\/www.cofb.org\/#organization"},"potentialAction":[{"@type":"SearchAction","target":{"@type":"EntryPoint","urlTemplate":"https:\/\/www.cofb.org\/?s={search_term_string}"},"query-input":"required name=search_term_string"}],"inLanguage":"ca"},{"@type":"Organization","@id":"https:\/\/www.cofb.org\/#organization","name":"Col\u00b7legi de Farmac\u00e8utics de Barcelona","url":"https:\/\/www.cofb.org\/","logo":{"@type":"ImageObject","inLanguage":"ca","@id":"https:\/\/www.cofb.org\/#\/schema\/logo\/image\/","url":"https:\/\/www.cofb.org\/wp-content\/uploads\/2023\/11\/cropped-Logotip-COFB.png","contentUrl":"https:\/\/www.cofb.org\/wp-content\/uploads\/2023\/11\/cropped-Logotip-COFB.png","width":500,"height":105,"caption":"Col\u00b7legi de Farmac\u00e8utics de Barcelona"},"image":{"@id":"https:\/\/www.cofb.org\/#\/schema\/logo\/image\/"},"sameAs":["https:\/\/www.facebook.com\/farmaceuticsbcn\/","https:\/\/twitter.com\/farmaceuticsbcn","https:\/\/www.instagram.com\/farmaceuticsbcn\/","https:\/\/www.linkedin.com\/company\/farmaceuticsbcn\/"]},{"@type":"Person","@id":"https:\/\/www.cofb.org\/#\/schema\/person\/22ed7eea88da74b0fa4d3154ad87ffcb","name":"wpAdminCofbOrg","image":{"@type":"ImageObject","inLanguage":"ca","@id":"https:\/\/www.cofb.org\/#\/schema\/person\/image\/","url":"https:\/\/secure.gravatar.com\/avatar\/1721b20b3b8ca882c3b56ec6c978c594fff670e40c0718e9190eaeeb76aae7d8?s=96&d=mm&r=g","contentUrl":"https:\/\/secure.gravatar.com\/avatar\/1721b20b3b8ca882c3b56ec6c978c594fff670e40c0718e9190eaeeb76aae7d8?s=96&d=mm&r=g","caption":"wpAdminCofbOrg"},"sameAs":["http:\/\/192.168.64.122\/wordpress"],"url":"https:\/\/www.cofb.org\/ca\/author\/wpadmincofborg\/"}]}},"uagb_featured_image_src":{"full":false,"thumbnail":false,"medium":false,"medium_large":false,"large":false,"1536x1536":false,"2048x2048":false,"trp-custom-language-flag":false},"uagb_author_info":{"display_name":"wpAdminCofbOrg","author_link":"https:\/\/www.cofb.org\/ca\/author\/wpadmincofborg\/"},"uagb_comment_info":0,"uagb_excerpt":"Queda menys d&#8217;una setmana perqu\u00e8 comenci Infarma Jornades Digitals COVID-19, organitzades pels Col\u00b7legis de Farmac\u00e8utics de Barcelona i Madrid, amb la col\u00b7laboraci\u00f3 d\u2019Interalia. A la web d\u2019Infarma ja est\u00e0 disponible el programa d&#8217;aquestes jornades gratu\u00eftes, compost per sis pon\u00e8ncies que tindran lloc els pr\u00f2xims 17, 18 i 19 de juny. [&hellip;]","_links":{"self":[{"href":"https:\/\/www.cofb.org\/ca\/wp-json\/wp\/v2\/posts\/51226","targetHints":{"allow":["GET"]}}],"collection":[{"href":"https:\/\/www.cofb.org\/ca\/wp-json\/wp\/v2\/posts"}],"about":[{"href":"https:\/\/www.cofb.org\/ca\/wp-json\/wp\/v2\/types\/post"}],"author":[{"embeddable":true,"href":"https:\/\/www.cofb.org\/ca\/wp-json\/wp\/v2\/users\/1"}],"replies":[{"embeddable":true,"href":"https:\/\/www.cofb.org\/ca\/wp-json\/wp\/v2\/comments?post=51226"}],"version-history":[{"count":0,"href":"https:\/\/www.cofb.org\/ca\/wp-json\/wp\/v2\/posts\/51226\/revisions"}],"wp:featuredmedia":[{"embeddable":true,"href":"https:\/\/www.cofb.org\/ca\/wp-json\/"}],"wp:attachment":[{"href":"https:\/\/www.cofb.org\/ca\/wp-json\/wp\/v2\/media?parent=51226"}],"wp:term":[{"taxonomy":"category","embeddable":true,"href":"https:\/\/www.cofb.org\/ca\/wp-json\/wp\/v2\/categories?post=51226"},{"taxonomy":"post_tag","embeddable":true,"href":"https:\/\/www.cofb.org\/ca\/wp-json\/wp\/v2\/tags?post=51226"}],"curies":[{"name":"wp","href":"https:\/\/api.w.org\/{rel}","templated":true}]}}