{"id":51006,"date":"2020-06-02T16:36:51","date_gmt":"2020-06-02T14:36:51","guid":{"rendered":"https:\/\/blog.cofb.cat\/?p=51006"},"modified":"2020-06-02T16:36:51","modified_gmt":"2020-06-02T14:36:51","slug":"deficit-de-vitamina-d-tendencia-o-realitat","status":"publish","type":"post","link":"https:\/\/www.cofb.org\/ca\/2020\/06\/02\/deficit-de-vitamina-d-tendencia-o-realitat\/","title":{"rendered":"D\u00e8ficit de vitamina D. Tend\u00e8ncia o realitat? [Tert\u00falia d&#8217;actualitat]"},"content":{"rendered":"<p>El passat 20 de maig va tenir lloc al Col\u00b7legi de Farmac\u00e8utics de Barcelona la tert\u00falia d&#8217;actualitat <strong>&#8220;D\u00e8ficit de vitamina D. Tend\u00e8ncia o realitat&#8221;<\/strong>, a c\u00e0rrec de la metgessa de fam\u00edlia <strong>Cristina Carbonell<\/strong>\u00a0-que tamb\u00e9 \u00e9s membre del grup d&#8217;Osteoporosi de la CAMFIC i GREMPAL (Grup de Recerca en Epidemiologia de les Malalties Prevalents de l&#8217;Aparell Locomotor) d&#8217;Idiap Jordi Gol- i d&#8217;<strong>Stephan Schneider<\/strong>, metge adjunt del Servei de Pediatria, de l&#8217;Hospital d&#8217;Olot Comarcal de la Garrotxa.<strong> Anna Bach-Faig<\/strong>, vocal d&#8217;Alimentaci\u00f3 i Nutrici\u00f3 del COFB, va ser l&#8217;encarregada de moderar la sessi\u00f3, que es va dur a terme a trav\u00e9s de webinar.<\/p>\n<figure id=\"attachment_51032\" aria-describedby=\"caption-attachment-51032\" style=\"width: 950px\" class=\"wp-caption aligncenter\"><a href=\"https:\/\/blog.cofb.cat\/wp-content\/uploads\/2020\/05\/Presentaci\u00f3-de-la-tert\u00falia.png\"><img fetchpriority=\"high\" decoding=\"async\" class=\"wp-image-51032 size-full\" title=\"Anna Bach-Faig, vocal d'Alimentaci\u00f3 i Nutrici\u00f3 del COFB, durant la presentaci\u00f3 al voltant de la Vitamina D.\" src=\"https:\/\/blog.cofb.cat\/wp-content\/uploads\/2020\/05\/Presentaci\u00f3-de-la-tert\u00falia.png\" alt=\"Anna Bach-Faig, vocal d'Alimentaci\u00f3 i Nutrici\u00f3 del COFB, durant la presentaci\u00f3 al voltant de la Vitamina D.\" width=\"950\" height=\"486\" \/><\/a><figcaption id=\"caption-attachment-51032\" class=\"wp-caption-text\">Anna Bach-Faig, vocal d&#8217;Alimentaci\u00f3 i Nutrici\u00f3 del COFB, durant la presentaci\u00f3 de la sessi\u00f3 al voltant de la Vitamina D.<\/figcaption><\/figure>\n<p>Durant la confer\u00e8ncia es van abordar q\u00fcestions com la <strong>import\u00e0ncia de la vitamina D en el sistema immunitari<\/strong>,\u00a0 si la situaci\u00f3 de confinament pot provocar <strong>possibles d\u00e8ficits<\/strong>, els <strong>efectes<\/strong> de la <strong>privaci\u00f3 de la llum solar<\/strong>, en quins aspectes uns <strong>valors baixos de vitamina D<\/strong> s\u00f3n un <strong>factor de risc<\/strong> per la nostra salut i si hi ha <strong>gent m\u00e9s propensa a patir la manca de vitamina D i per qu\u00e8<\/strong>.<\/p>\n<h1><span style=\"color: #008080;\"><strong>Vitamina D: Tend\u00e8ncia o realitat<\/strong><\/span><\/h1>\n<p>La Dra. Carbonell va fer un rep\u00e0s hist\u00f2ric de la <strong>descoberta de la vitamina D<\/strong> i, tot seguit, va abordar la q\u00fcesti\u00f3: <strong>\u00e9s realment una vitamina o una hormona?<\/strong>. En aquest sentit, va exposar que <strong>majorit\u00e0riament la vitamina D \u00e9s elaborada pel mateix organisme<\/strong> sense que hi intervinguin els aliments i que, <strong>a trav\u00e9s de la dieta, tan sols ingerim el 10-20% de tota la que necessitem<\/strong>. Tamb\u00e9 va afirmar que la vitamina D <strong>actua com una hormona<\/strong>, en ser capa\u00e7 d&#8217;<strong>activar i\/o reprimir diversos gens<\/strong> (fins a 200).<\/p>\n<figure id=\"attachment_51034\" aria-describedby=\"caption-attachment-51034\" style=\"width: 606px\" class=\"wp-caption aligncenter\"><a href=\"https:\/\/blog.cofb.cat\/wp-content\/uploads\/2020\/05\/Cristina-Carbonell.png\"><img decoding=\"async\" class=\"wp-image-51034 size-full\" title=\"Moment de la presentaci\u00f3 de la Dra. Cristina Carbonell.\" src=\"https:\/\/blog.cofb.cat\/wp-content\/uploads\/2020\/05\/Cristina-Carbonell.png\" alt=\"Moment de la presentaci\u00f3 de la Dra. Cristina Carbonell.\" width=\"606\" height=\"341\" \/><\/a><figcaption id=\"caption-attachment-51034\" class=\"wp-caption-text\">Moment de la presentaci\u00f3 de la Dra. Cristina Carbonell.<\/figcaption><\/figure>\n<p>Seguidament, va abordar, entre altres, l&#8217;<strong>osteomal\u00e0cia<\/strong>, els <strong>efectes extra-ossis de la vitamina D<\/strong>, l&#8217;<strong>exposici\u00f3 solar<\/strong>, les <strong>poblacions vulnerables<\/strong> per defici\u00e8ncia de vitamina D i la <strong>preval\u00e8ncia d&#8217;insufici\u00e8ncia<\/strong>\/<strong>defici\u00e8ncia<\/strong>.<\/p>\n<p>A la part final de la seva intervenci\u00f3, la Dra. Carbonell va recollir les <strong>recomanacions de l&#8217;<a href=\"https:\/\/www.academianutricionydietetica.org\/\" target=\"_blank\" rel=\"noopener\">Acad\u00e8mia Espanyola de Diet\u00e8tica i Nutrici\u00f3<\/a> durant la crisi de la COVID-19<\/strong>. Per citar-ne algunes:<\/p>\n<ul>\n<li>Es recomana <strong>exposici\u00f3 solar cara-coll<\/strong> i extremitats, de diferent durada segons mes de l&#8217;any i zona d&#8217;Espanya.<\/li>\n<li><strong>No sembla justificada la suplementaci\u00f3 sistem\u00e0tica per reduir el risc d\u2019infecci\u00f3<\/strong> o per al tractament de la Covid 19, segons la informaci\u00f3 actual.<\/li>\n<li><b>Podria estar indicada en pacients cr\u00edtics<\/b>,<b>\u00a0<\/b>en qu\u00e8 es confirm\u00e9s que tenen <strong>concentracions molts baixes de vitamina D<\/strong><\/li>\n<li>\u00c9s important incrementar <strong>el consum d&#8217;aliments font natural de vitamina D<\/strong><\/li>\n<\/ul>\n<div class=\"box success\"><\/p>\n<h1><span style=\"color: #008080;\"><strong>Aprofundir en la Vitamina D i aclarir interrogants<\/strong><\/span><\/h1>\n<p>Sabem que la<strong> vitamina D3<\/strong> \u00e9s un dels factors que regulen el proc\u00e9s de <strong>remodelaci\u00f3 \u00f2ssia<\/strong>, conjuntament amb factors humorals com la interrelaci\u00f3 hormonal, la calcitonina i la parathormona. Per\u00f2, en el camp de l&#8217;<strong>alimentaci\u00f3<\/strong>, hi ha molts dubtes si llegim els documents publicats \u00faltimament.<\/p>\n<p>Es tracta d\u2019una <strong>vitamina<\/strong> que com m\u00e9s estudiem, m\u00e9s detectem que no en sabem res, per\u00f2 que apareix en prescripcions de nens, de gent gran, en diferents etapes de la dona i en l\u2019osteoporosi.\u00a0La tert\u00falia d&#8217;actualitat, doncs, volia aclarir tots els interrogants que envolten la <strong>suplementaci\u00f3 amb vitamina D<\/strong> i d\u2019altres de m\u00e9s actualitat vinculats a la situaci\u00f3 en qu\u00e8 estem.<\/p>\n<p><\/div>\n<h1><span style=\"color: #008080;\"><strong>Vitamina D en pediatria: mite o realitat?<\/strong><\/span><\/h1>\n<p><strong>&#8220;Vitamina D en pediatria: mite o realitat?&#8221;<\/strong>. Aquest va ser el t\u00edtol de la part de la confer\u00e8ncia impartida pel pediatre Stephan Schneider. El doctor va explicar que la vitamina D \u00e9s una <strong>vitamina essencial<\/strong>, una mol\u00e8cula liposoluble que pertany al grup d&#8217;hormones esteroides. Schneider va explicar que el seu <strong>origen\/font natural<\/strong> el trobem en l&#8217;<strong>alimentaci\u00f3 <\/strong>(el m\u00e9s rellevant \u00e9s el peix blau) i en la <strong>s\u00edntesi d\u00e8rmica<\/strong> (aquest <strong>sistema \u00e9s extremadament eficient<\/strong> i una exposici\u00f3 de 10-15 minuts, nom\u00e9s a cara i bra\u00e7os seria equivalent a una ingesta de 200 IU al dia, tot i que hi ha variables que influeixen com el tipus de pell, la latitud, l&#8217;estaci\u00f3 de l&#8217;any i l&#8217;hora del dia).<\/p>\n<figure id=\"attachment_51036\" aria-describedby=\"caption-attachment-51036\" style=\"width: 612px\" class=\"wp-caption aligncenter\"><a href=\"https:\/\/blog.cofb.cat\/wp-content\/uploads\/2020\/05\/Pediatria.jpg\"><img decoding=\"async\" class=\"wp-image-51036 size-full\" title=\"Intervenci\u00f3 del Dr. Schneider.\" src=\"https:\/\/blog.cofb.cat\/wp-content\/uploads\/2020\/05\/Pediatria.jpg\" alt=\"Intervenci\u00f3 del Dr. Schneider.\" width=\"612\" height=\"339\" \/><\/a><figcaption id=\"caption-attachment-51036\" class=\"wp-caption-text\">Intervenci\u00f3 del Dr. Schneider.<\/figcaption><\/figure>\n<p>D&#8217;altra banda, tamb\u00e9 va explicar que algunes <strong>malalties associades amb una mala absorci\u00f3 de grassa<\/strong> com la <strong>malaltia cel\u00edaca<\/strong>, la <strong>malaltia de Crohn<\/strong>, <strong>malalties pancre\u00e0tiques<\/strong>, la <strong>fibrosi qu\u00edstica<\/strong> o la <strong>malaltia de l&#8217;intest\u00ed prim<\/strong> s&#8217;associen a nivells s\u00e8rics baixos de 25-hydroxyvitaminD. Aix\u00ed mateix, Schneider va abordar les <strong>interaccions de medicamentoses<\/strong>, les necessitats de vitamina D, l&#8217;<strong>exc\u00e9s i possible toxicitat<\/strong> i les fonts naturals de vitamina D. Dins d&#8217;aquest punt, va apuntar que tenen <strong>alt contingut en vitamina D<\/strong> el peix blau (ric en oli), salm\u00f3, sardines, bacall\u00e0, arengades&#8230; I d&#8217;altres que tenen <strong>contingut moderat<\/strong> com xampinyons exposats a la llum UV, fetge d&#8217;animals, rovell d&#8217;ou i aliments industrials enriquits amb vitamina D com cereals, begudes vegetals, begudes l\u00e0cties&#8230;<\/p>\n<p>Per tot plegat, va concloure que <strong>\u00e9s important assegurar la recomanaci\u00f3 d&#8217;ingesta de 400 IU\/d per a lactants i 600 IU\/d per a nens i adolescents<\/strong>, aix\u00ed com <strong>tenir presents tant els grups de risc<\/strong> (lact\u00e0ncia materna, etc.) com les <strong>malalties de base<\/strong> que puguin necessitar dosis molt m\u00e9s elevades (mala absorci\u00f3, etc.). Tamb\u00e9 va apuntar que cal tractar els nens amb nivells baixos i\/o raquitisme segons les recomanacions amb seguiment cl\u00ednic.<\/p>\n<p><strong>Altres publicacions d&#8217;inter\u00e8s:<\/strong><\/p>\n<ul>\n<li><a href=\"https:\/\/blog.cofb.cat\/la-importancia-de-la-proteccio-solar-a-la-infancia\/\" target=\"_blank\" rel=\"noopener\">La import\u00e0ncia de la protecci\u00f3 solar a la inf\u00e0ncia (Agost 2019)<\/a><\/li>\n<li><a href=\"https:\/\/blog.cofb.cat\/consell-nutricional-farmaceutic-prevencio-malalties-neurologiques-video-entrevistes-als-drs-pascual-leone-emili-ros\/\" target=\"_blank\" rel=\"noopener\">El consell nutricional del farmac\u00e8utic en la prevenci\u00f3 de les malalties neurol\u00f2giques. [Tert\u00falia d&#8217;actualitat: v\u00eddeo entrevistes als Drs. Pascual-Leone i Emili Ros] (Gener 2020)\u00a0<\/a><\/li>\n<li><a href=\"https:\/\/blog.cofb.cat\/clau-que-farmaceutic-participi-consells-orientacions-sobre-vacunes-video-entrevistes-dra-campins-dr-trilla\/\" target=\"_blank\" rel=\"noopener\">\u201c\u00c9s clau que el farmac\u00e8utic participi en els consells i orientacions sobre vacunes\u201d. [Tert\u00falia d&#8217;actualitat: v\u00eddeo entrevistes a la Dra. Campins i al Dr. Trilla] (Desembre 2019)<\/a><\/li>\n<\/ul>\n","protected":false},"excerpt":{"rendered":"<p>El passat 20 de maig va tenir lloc al Col\u00b7legi de Farmac\u00e8utics de Barcelona la tert\u00falia d&#8217;actualitat &#8220;D\u00e8ficit de vitamina D. Tend\u00e8ncia o realitat&#8221;, a c\u00e0rrec de la metgessa de fam\u00edlia Cristina Carbonell\u00a0-que tamb\u00e9 \u00e9s membre del grup d&#8217;Osteoporosi de la CAMFIC i GREMPAL (Grup de Recerca en Epidemiologia de [&hellip;]<\/p>\n","protected":false},"author":1,"featured_media":51032,"comment_status":"open","ping_status":"open","sticky":false,"template":"","format":"standard","meta":{"_uag_custom_page_level_css":"","site-sidebar-layout":"default","site-content-layout":"","ast-site-content-layout":"default","site-content-style":"default","site-sidebar-style":"default","ast-global-header-display":"","ast-banner-title-visibility":"","ast-main-header-display":"","ast-hfb-above-header-display":"","ast-hfb-below-header-display":"","ast-hfb-mobile-header-display":"","site-post-title":"","ast-breadcrumbs-content":"","ast-featured-img":"disabled","footer-sml-layout":"","theme-transparent-header-meta":"","adv-header-id-meta":"","stick-header-meta":"","header-above-stick-meta":"","header-main-stick-meta":"","header-below-stick-meta":"","astra-migrate-meta-layouts":"default","ast-page-background-enabled":"default","ast-page-background-meta":{"desktop":{"background-color":"var(--ast-global-color-4)","background-image":"","background-repeat":"repeat","background-position":"center center","background-size":"auto","background-attachment":"scroll","background-type":"","background-media":"","overlay-type":"","overlay-color":"","overlay-opacity":"","overlay-gradient":""},"tablet":{"background-color":"","background-image":"","background-repeat":"repeat","background-position":"center center","background-size":"auto","background-attachment":"scroll","background-type":"","background-media":"","overlay-type":"","overlay-color":"","overlay-opacity":"","overlay-gradient":""},"mobile":{"background-color":"","background-image":"","background-repeat":"repeat","background-position":"center center","background-size":"auto","background-attachment":"scroll","background-type":"","background-media":"","overlay-type":"","overlay-color":"","overlay-opacity":"","overlay-gradient":""}},"ast-content-background-meta":{"desktop":{"background-color":"var(--ast-global-color-5)","background-image":"","background-repeat":"repeat","background-position":"center center","background-size":"auto","background-attachment":"scroll","background-type":"","background-media":"","overlay-type":"","overlay-color":"","overlay-opacity":"","overlay-gradient":""},"tablet":{"background-color":"var(--ast-global-color-5)","background-image":"","background-repeat":"repeat","background-position":"center center","background-size":"auto","background-attachment":"scroll","background-type":"","background-media":"","overlay-type":"","overlay-color":"","overlay-opacity":"","overlay-gradient":""},"mobile":{"background-color":"var(--ast-global-color-5)","background-image":"","background-repeat":"repeat","background-position":"center center","background-size":"auto","background-attachment":"scroll","background-type":"","background-media":"","overlay-type":"","overlay-color":"","overlay-opacity":"","overlay-gradient":""}},"footnotes":""},"categories":[23,57],"tags":[36,16,2967,561,4102,469,90,3042,4160,40,2926,610,4161,3527,385,3651],"class_list":["post-51006","post","type-post","status-publish","format-standard","has-post-thumbnail","hentry","category-destacats","category-mon-collegial","tag-alimentacio","tag-alimentacio-i-nutricio","tag-alimentacio-infantil","tag-aliments","tag-confinament","tag-coronavirus","tag-covid-19","tag-estil-de-vida-saludable","tag-font-natural-de-vitamina-d","tag-habits-saludables","tag-hormona","tag-pediatria","tag-privacio-de-la-llum-solar","tag-sistema-immunitari","tag-suplementacio","tag-vitamina-d"],"yoast_head":"<!-- This site is optimized with the Yoast SEO plugin v22.4 - https:\/\/yoast.com\/wordpress\/plugins\/seo\/ -->\n<title>D\u00e8ficit de vitamina D. Tend\u00e8ncia o realitat? [Tert\u00falia d&#039;actualitat] - Col\u00b7legi de Farmac\u00e8utics de Barcelona<\/title>\n<meta name=\"description\" content=\"El passat 20 de maig va tenir lloc al COFB la tert\u00falia d&#039;actualitat &quot;D\u00e8ficit de vitamina D. Tend\u00e8ncia o realitat&quot;, a c\u00e0rrec de la metgessa de fam\u00edlia Cristina Carbonell\u00a0i d&#039;Stephan Schneider, metge adjunt del Servei de Pediatria, de l&#039;Hospital d&#039;Olot Comarcal de la Garrotxa.\" \/>\n<meta name=\"robots\" content=\"index, follow, max-snippet:-1, max-image-preview:large, max-video-preview:-1\" \/>\n<link rel=\"canonical\" href=\"https:\/\/novaorg.cofb.net\/2020\/06\/02\/deficit-de-vitamina-d-tendencia-o-realitat\/\" \/>\n<meta property=\"og:locale\" content=\"ca_ES\" \/>\n<meta property=\"og:type\" content=\"article\" \/>\n<meta property=\"og:title\" content=\"D\u00e8ficit de vitamina D. Tend\u00e8ncia o realitat? [Tert\u00falia d&#039;actualitat] - Col\u00b7legi de Farmac\u00e8utics de Barcelona\" \/>\n<meta property=\"og:description\" content=\"El passat 20 de maig va tenir lloc al COFB la tert\u00falia d&#039;actualitat &quot;D\u00e8ficit de vitamina D. Tend\u00e8ncia o realitat&quot;, a c\u00e0rrec de la metgessa de fam\u00edlia Cristina Carbonell\u00a0i d&#039;Stephan Schneider, metge adjunt del Servei de Pediatria, de l&#039;Hospital d&#039;Olot Comarcal de la Garrotxa.\" \/>\n<meta property=\"og:url\" content=\"https:\/\/novaorg.cofb.net\/2020\/06\/02\/deficit-de-vitamina-d-tendencia-o-realitat\/\" \/>\n<meta property=\"og:site_name\" content=\"Col\u00b7legi de Farmac\u00e8utics de Barcelona\" \/>\n<meta property=\"article:publisher\" content=\"https:\/\/www.facebook.com\/farmaceuticsbcn\/\" \/>\n<meta property=\"article:published_time\" content=\"2020-06-02T14:36:51+00:00\" \/>\n<meta name=\"author\" content=\"wpAdminCofbOrg\" \/>\n<meta name=\"twitter:card\" content=\"summary_large_image\" \/>\n<meta name=\"twitter:creator\" content=\"@farmaceuticsbcn\" \/>\n<meta name=\"twitter:site\" content=\"@farmaceuticsbcn\" \/>\n<meta name=\"twitter:label1\" content=\"Escrit per\" \/>\n\t<meta name=\"twitter:data1\" content=\"wpAdminCofbOrg\" \/>\n\t<meta name=\"twitter:label2\" content=\"Temps estimat de lectura\" \/>\n\t<meta name=\"twitter:data2\" content=\"5 minuts\" \/>\n<script type=\"application\/ld+json\" class=\"yoast-schema-graph\">{\"@context\":\"https:\/\/schema.org\",\"@graph\":[{\"@type\":\"Article\",\"@id\":\"https:\/\/novaorg.cofb.net\/2020\/06\/02\/deficit-de-vitamina-d-tendencia-o-realitat\/#article\",\"isPartOf\":{\"@id\":\"https:\/\/novaorg.cofb.net\/2020\/06\/02\/deficit-de-vitamina-d-tendencia-o-realitat\/\"},\"author\":{\"name\":\"wpAdminCofbOrg\",\"@id\":\"https:\/\/www.cofb.org\/#\/schema\/person\/22ed7eea88da74b0fa4d3154ad87ffcb\"},\"headline\":\"D\u00e8ficit de vitamina D. Tend\u00e8ncia o realitat? [Tert\u00falia d&#8217;actualitat]\",\"datePublished\":\"2020-06-02T14:36:51+00:00\",\"dateModified\":\"2020-06-02T14:36:51+00:00\",\"mainEntityOfPage\":{\"@id\":\"https:\/\/novaorg.cofb.net\/2020\/06\/02\/deficit-de-vitamina-d-tendencia-o-realitat\/\"},\"wordCount\":1057,\"commentCount\":0,\"publisher\":{\"@id\":\"https:\/\/www.cofb.org\/#organization\"},\"image\":{\"@id\":\"https:\/\/novaorg.cofb.net\/2020\/06\/02\/deficit-de-vitamina-d-tendencia-o-realitat\/#primaryimage\"},\"thumbnailUrl\":\"\",\"keywords\":[\"alimentaci\u00f3\",\"Alimentaci\u00f3 i nutrici\u00f3\",\"alimentaci\u00f3 infantil\",\"aliments\",\"confinament\",\"coronavirus\",\"COVID-19\",\"estil de vida saludable\",\"font natural de vitamina D\",\"h\u00e0bits saludables\",\"hormona\",\"pediatria\",\"privaci\u00f3 de la llum solar\",\"sistema immunitari\",\"suplementaci\u00f3\",\"vitamina D\"],\"articleSection\":[\"Destacats\",\"M\u00f3n col\u00b7legial\"],\"inLanguage\":\"ca\",\"potentialAction\":[{\"@type\":\"CommentAction\",\"name\":\"Comment\",\"target\":[\"https:\/\/novaorg.cofb.net\/2020\/06\/02\/deficit-de-vitamina-d-tendencia-o-realitat\/#respond\"]}]},{\"@type\":\"WebPage\",\"@id\":\"https:\/\/novaorg.cofb.net\/2020\/06\/02\/deficit-de-vitamina-d-tendencia-o-realitat\/\",\"url\":\"https:\/\/novaorg.cofb.net\/2020\/06\/02\/deficit-de-vitamina-d-tendencia-o-realitat\/\",\"name\":\"D\u00e8ficit de vitamina D. Tend\u00e8ncia o realitat? [Tert\u00falia d'actualitat] - Col\u00b7legi de Farmac\u00e8utics de Barcelona\",\"isPartOf\":{\"@id\":\"https:\/\/www.cofb.org\/#website\"},\"primaryImageOfPage\":{\"@id\":\"https:\/\/novaorg.cofb.net\/2020\/06\/02\/deficit-de-vitamina-d-tendencia-o-realitat\/#primaryimage\"},\"image\":{\"@id\":\"https:\/\/novaorg.cofb.net\/2020\/06\/02\/deficit-de-vitamina-d-tendencia-o-realitat\/#primaryimage\"},\"thumbnailUrl\":\"\",\"datePublished\":\"2020-06-02T14:36:51+00:00\",\"dateModified\":\"2020-06-02T14:36:51+00:00\",\"description\":\"El passat 20 de maig va tenir lloc al COFB la tert\u00falia d'actualitat \\\"D\u00e8ficit de vitamina D. Tend\u00e8ncia o realitat\\\", a c\u00e0rrec de la metgessa de fam\u00edlia Cristina Carbonell\u00a0i d'Stephan Schneider, metge adjunt del Servei de Pediatria, de l'Hospital d'Olot Comarcal de la Garrotxa.\",\"breadcrumb\":{\"@id\":\"https:\/\/novaorg.cofb.net\/2020\/06\/02\/deficit-de-vitamina-d-tendencia-o-realitat\/#breadcrumb\"},\"inLanguage\":\"ca\",\"potentialAction\":[{\"@type\":\"ReadAction\",\"target\":[\"https:\/\/novaorg.cofb.net\/2020\/06\/02\/deficit-de-vitamina-d-tendencia-o-realitat\/\"]}]},{\"@type\":\"ImageObject\",\"inLanguage\":\"ca\",\"@id\":\"https:\/\/novaorg.cofb.net\/2020\/06\/02\/deficit-de-vitamina-d-tendencia-o-realitat\/#primaryimage\",\"url\":\"\",\"contentUrl\":\"\"},{\"@type\":\"BreadcrumbList\",\"@id\":\"https:\/\/novaorg.cofb.net\/2020\/06\/02\/deficit-de-vitamina-d-tendencia-o-realitat\/#breadcrumb\",\"itemListElement\":[{\"@type\":\"ListItem\",\"position\":1,\"name\":\"Inici\",\"item\":\"https:\/\/novaorg.cofb.net\/\"},{\"@type\":\"ListItem\",\"position\":2,\"name\":\"D\u00e8ficit de vitamina D. Tend\u00e8ncia o realitat? [Tert\u00falia d&#8217;actualitat]\"}]},{\"@type\":\"WebSite\",\"@id\":\"https:\/\/www.cofb.org\/#website\",\"url\":\"https:\/\/www.cofb.org\/\",\"name\":\"Col\u00b7legi de Farmac\u00e8utics de Barcelona\",\"description\":\"\",\"publisher\":{\"@id\":\"https:\/\/www.cofb.org\/#organization\"},\"potentialAction\":[{\"@type\":\"SearchAction\",\"target\":{\"@type\":\"EntryPoint\",\"urlTemplate\":\"https:\/\/www.cofb.org\/?s={search_term_string}\"},\"query-input\":\"required name=search_term_string\"}],\"inLanguage\":\"ca\"},{\"@type\":\"Organization\",\"@id\":\"https:\/\/www.cofb.org\/#organization\",\"name\":\"Col\u00b7legi de Farmac\u00e8utics de Barcelona\",\"url\":\"https:\/\/www.cofb.org\/\",\"logo\":{\"@type\":\"ImageObject\",\"inLanguage\":\"ca\",\"@id\":\"https:\/\/www.cofb.org\/#\/schema\/logo\/image\/\",\"url\":\"https:\/\/www.cofb.org\/wp-content\/uploads\/2023\/11\/cropped-Logotip-COFB.png\",\"contentUrl\":\"https:\/\/www.cofb.org\/wp-content\/uploads\/2023\/11\/cropped-Logotip-COFB.png\",\"width\":500,\"height\":105,\"caption\":\"Col\u00b7legi de Farmac\u00e8utics de Barcelona\"},\"image\":{\"@id\":\"https:\/\/www.cofb.org\/#\/schema\/logo\/image\/\"},\"sameAs\":[\"https:\/\/www.facebook.com\/farmaceuticsbcn\/\",\"https:\/\/twitter.com\/farmaceuticsbcn\",\"https:\/\/www.instagram.com\/farmaceuticsbcn\/\",\"https:\/\/www.linkedin.com\/company\/farmaceuticsbcn\/\"]},{\"@type\":\"Person\",\"@id\":\"https:\/\/www.cofb.org\/#\/schema\/person\/22ed7eea88da74b0fa4d3154ad87ffcb\",\"name\":\"wpAdminCofbOrg\",\"image\":{\"@type\":\"ImageObject\",\"inLanguage\":\"ca\",\"@id\":\"https:\/\/www.cofb.org\/#\/schema\/person\/image\/\",\"url\":\"https:\/\/secure.gravatar.com\/avatar\/1721b20b3b8ca882c3b56ec6c978c594fff670e40c0718e9190eaeeb76aae7d8?s=96&d=mm&r=g\",\"contentUrl\":\"https:\/\/secure.gravatar.com\/avatar\/1721b20b3b8ca882c3b56ec6c978c594fff670e40c0718e9190eaeeb76aae7d8?s=96&d=mm&r=g\",\"caption\":\"wpAdminCofbOrg\"},\"sameAs\":[\"http:\/\/192.168.64.122\/wordpress\"],\"url\":\"https:\/\/www.cofb.org\/ca\/author\/wpadmincofborg\/\"}]}<\/script>\n<!-- \/ Yoast SEO plugin. -->","yoast_head_json":{"title":"D\u00e8ficit de vitamina D. Tend\u00e8ncia o realitat? [Tert\u00falia d'actualitat] - Col\u00b7legi de Farmac\u00e8utics de Barcelona","description":"El passat 20 de maig va tenir lloc al COFB la tert\u00falia d'actualitat \"D\u00e8ficit de vitamina D. Tend\u00e8ncia o realitat\", a c\u00e0rrec de la metgessa de fam\u00edlia Cristina Carbonell\u00a0i d'Stephan Schneider, metge adjunt del Servei de Pediatria, de l'Hospital d'Olot Comarcal de la Garrotxa.","robots":{"index":"index","follow":"follow","max-snippet":"max-snippet:-1","max-image-preview":"max-image-preview:large","max-video-preview":"max-video-preview:-1"},"canonical":"https:\/\/novaorg.cofb.net\/2020\/06\/02\/deficit-de-vitamina-d-tendencia-o-realitat\/","og_locale":"ca_ES","og_type":"article","og_title":"D\u00e8ficit de vitamina D. Tend\u00e8ncia o realitat? [Tert\u00falia d'actualitat] - Col\u00b7legi de Farmac\u00e8utics de Barcelona","og_description":"El passat 20 de maig va tenir lloc al COFB la tert\u00falia d'actualitat \"D\u00e8ficit de vitamina D. Tend\u00e8ncia o realitat\", a c\u00e0rrec de la metgessa de fam\u00edlia Cristina Carbonell\u00a0i d'Stephan Schneider, metge adjunt del Servei de Pediatria, de l'Hospital d'Olot Comarcal de la Garrotxa.","og_url":"https:\/\/novaorg.cofb.net\/2020\/06\/02\/deficit-de-vitamina-d-tendencia-o-realitat\/","og_site_name":"Col\u00b7legi de Farmac\u00e8utics de Barcelona","article_publisher":"https:\/\/www.facebook.com\/farmaceuticsbcn\/","article_published_time":"2020-06-02T14:36:51+00:00","author":"wpAdminCofbOrg","twitter_card":"summary_large_image","twitter_creator":"@farmaceuticsbcn","twitter_site":"@farmaceuticsbcn","twitter_misc":{"Escrit per":"wpAdminCofbOrg","Temps estimat de lectura":"5 minuts"},"schema":{"@context":"https:\/\/schema.org","@graph":[{"@type":"Article","@id":"https:\/\/novaorg.cofb.net\/2020\/06\/02\/deficit-de-vitamina-d-tendencia-o-realitat\/#article","isPartOf":{"@id":"https:\/\/novaorg.cofb.net\/2020\/06\/02\/deficit-de-vitamina-d-tendencia-o-realitat\/"},"author":{"name":"wpAdminCofbOrg","@id":"https:\/\/www.cofb.org\/#\/schema\/person\/22ed7eea88da74b0fa4d3154ad87ffcb"},"headline":"D\u00e8ficit de vitamina D. Tend\u00e8ncia o realitat? [Tert\u00falia d&#8217;actualitat]","datePublished":"2020-06-02T14:36:51+00:00","dateModified":"2020-06-02T14:36:51+00:00","mainEntityOfPage":{"@id":"https:\/\/novaorg.cofb.net\/2020\/06\/02\/deficit-de-vitamina-d-tendencia-o-realitat\/"},"wordCount":1057,"commentCount":0,"publisher":{"@id":"https:\/\/www.cofb.org\/#organization"},"image":{"@id":"https:\/\/novaorg.cofb.net\/2020\/06\/02\/deficit-de-vitamina-d-tendencia-o-realitat\/#primaryimage"},"thumbnailUrl":"","keywords":["alimentaci\u00f3","Alimentaci\u00f3 i nutrici\u00f3","alimentaci\u00f3 infantil","aliments","confinament","coronavirus","COVID-19","estil de vida saludable","font natural de vitamina D","h\u00e0bits saludables","hormona","pediatria","privaci\u00f3 de la llum solar","sistema immunitari","suplementaci\u00f3","vitamina D"],"articleSection":["Destacats","M\u00f3n col\u00b7legial"],"inLanguage":"ca","potentialAction":[{"@type":"CommentAction","name":"Comment","target":["https:\/\/novaorg.cofb.net\/2020\/06\/02\/deficit-de-vitamina-d-tendencia-o-realitat\/#respond"]}]},{"@type":"WebPage","@id":"https:\/\/novaorg.cofb.net\/2020\/06\/02\/deficit-de-vitamina-d-tendencia-o-realitat\/","url":"https:\/\/novaorg.cofb.net\/2020\/06\/02\/deficit-de-vitamina-d-tendencia-o-realitat\/","name":"D\u00e8ficit de vitamina D. Tend\u00e8ncia o realitat? [Tert\u00falia d'actualitat] - Col\u00b7legi de Farmac\u00e8utics de Barcelona","isPartOf":{"@id":"https:\/\/www.cofb.org\/#website"},"primaryImageOfPage":{"@id":"https:\/\/novaorg.cofb.net\/2020\/06\/02\/deficit-de-vitamina-d-tendencia-o-realitat\/#primaryimage"},"image":{"@id":"https:\/\/novaorg.cofb.net\/2020\/06\/02\/deficit-de-vitamina-d-tendencia-o-realitat\/#primaryimage"},"thumbnailUrl":"","datePublished":"2020-06-02T14:36:51+00:00","dateModified":"2020-06-02T14:36:51+00:00","description":"El passat 20 de maig va tenir lloc al COFB la tert\u00falia d'actualitat \"D\u00e8ficit de vitamina D. Tend\u00e8ncia o realitat\", a c\u00e0rrec de la metgessa de fam\u00edlia Cristina Carbonell\u00a0i d'Stephan Schneider, metge adjunt del Servei de Pediatria, de l'Hospital d'Olot Comarcal de la Garrotxa.","breadcrumb":{"@id":"https:\/\/novaorg.cofb.net\/2020\/06\/02\/deficit-de-vitamina-d-tendencia-o-realitat\/#breadcrumb"},"inLanguage":"ca","potentialAction":[{"@type":"ReadAction","target":["https:\/\/novaorg.cofb.net\/2020\/06\/02\/deficit-de-vitamina-d-tendencia-o-realitat\/"]}]},{"@type":"ImageObject","inLanguage":"ca","@id":"https:\/\/novaorg.cofb.net\/2020\/06\/02\/deficit-de-vitamina-d-tendencia-o-realitat\/#primaryimage","url":"","contentUrl":""},{"@type":"BreadcrumbList","@id":"https:\/\/novaorg.cofb.net\/2020\/06\/02\/deficit-de-vitamina-d-tendencia-o-realitat\/#breadcrumb","itemListElement":[{"@type":"ListItem","position":1,"name":"Inici","item":"https:\/\/novaorg.cofb.net\/"},{"@type":"ListItem","position":2,"name":"D\u00e8ficit de vitamina D. Tend\u00e8ncia o realitat? [Tert\u00falia d&#8217;actualitat]"}]},{"@type":"WebSite","@id":"https:\/\/www.cofb.org\/#website","url":"https:\/\/www.cofb.org\/","name":"Col\u00b7legi de Farmac\u00e8utics de Barcelona","description":"","publisher":{"@id":"https:\/\/www.cofb.org\/#organization"},"potentialAction":[{"@type":"SearchAction","target":{"@type":"EntryPoint","urlTemplate":"https:\/\/www.cofb.org\/?s={search_term_string}"},"query-input":"required name=search_term_string"}],"inLanguage":"ca"},{"@type":"Organization","@id":"https:\/\/www.cofb.org\/#organization","name":"Col\u00b7legi de Farmac\u00e8utics de Barcelona","url":"https:\/\/www.cofb.org\/","logo":{"@type":"ImageObject","inLanguage":"ca","@id":"https:\/\/www.cofb.org\/#\/schema\/logo\/image\/","url":"https:\/\/www.cofb.org\/wp-content\/uploads\/2023\/11\/cropped-Logotip-COFB.png","contentUrl":"https:\/\/www.cofb.org\/wp-content\/uploads\/2023\/11\/cropped-Logotip-COFB.png","width":500,"height":105,"caption":"Col\u00b7legi de Farmac\u00e8utics de Barcelona"},"image":{"@id":"https:\/\/www.cofb.org\/#\/schema\/logo\/image\/"},"sameAs":["https:\/\/www.facebook.com\/farmaceuticsbcn\/","https:\/\/twitter.com\/farmaceuticsbcn","https:\/\/www.instagram.com\/farmaceuticsbcn\/","https:\/\/www.linkedin.com\/company\/farmaceuticsbcn\/"]},{"@type":"Person","@id":"https:\/\/www.cofb.org\/#\/schema\/person\/22ed7eea88da74b0fa4d3154ad87ffcb","name":"wpAdminCofbOrg","image":{"@type":"ImageObject","inLanguage":"ca","@id":"https:\/\/www.cofb.org\/#\/schema\/person\/image\/","url":"https:\/\/secure.gravatar.com\/avatar\/1721b20b3b8ca882c3b56ec6c978c594fff670e40c0718e9190eaeeb76aae7d8?s=96&d=mm&r=g","contentUrl":"https:\/\/secure.gravatar.com\/avatar\/1721b20b3b8ca882c3b56ec6c978c594fff670e40c0718e9190eaeeb76aae7d8?s=96&d=mm&r=g","caption":"wpAdminCofbOrg"},"sameAs":["http:\/\/192.168.64.122\/wordpress"],"url":"https:\/\/www.cofb.org\/ca\/author\/wpadmincofborg\/"}]}},"uagb_featured_image_src":{"full":false,"thumbnail":false,"medium":false,"medium_large":false,"large":false,"1536x1536":false,"2048x2048":false,"trp-custom-language-flag":false},"uagb_author_info":{"display_name":"wpAdminCofbOrg","author_link":"https:\/\/www.cofb.org\/ca\/author\/wpadmincofborg\/"},"uagb_comment_info":0,"uagb_excerpt":"El passat 20 de maig va tenir lloc al Col\u00b7legi de Farmac\u00e8utics de Barcelona la tert\u00falia d&#8217;actualitat &#8220;D\u00e8ficit de vitamina D. Tend\u00e8ncia o realitat&#8221;, a c\u00e0rrec de la metgessa de fam\u00edlia Cristina Carbonell\u00a0-que tamb\u00e9 \u00e9s membre del grup d&#8217;Osteoporosi de la CAMFIC i GREMPAL (Grup de Recerca en Epidemiologia de [&hellip;]","_links":{"self":[{"href":"https:\/\/www.cofb.org\/ca\/wp-json\/wp\/v2\/posts\/51006","targetHints":{"allow":["GET"]}}],"collection":[{"href":"https:\/\/www.cofb.org\/ca\/wp-json\/wp\/v2\/posts"}],"about":[{"href":"https:\/\/www.cofb.org\/ca\/wp-json\/wp\/v2\/types\/post"}],"author":[{"embeddable":true,"href":"https:\/\/www.cofb.org\/ca\/wp-json\/wp\/v2\/users\/1"}],"replies":[{"embeddable":true,"href":"https:\/\/www.cofb.org\/ca\/wp-json\/wp\/v2\/comments?post=51006"}],"version-history":[{"count":0,"href":"https:\/\/www.cofb.org\/ca\/wp-json\/wp\/v2\/posts\/51006\/revisions"}],"wp:featuredmedia":[{"embeddable":true,"href":"https:\/\/www.cofb.org\/ca\/wp-json\/"}],"wp:attachment":[{"href":"https:\/\/www.cofb.org\/ca\/wp-json\/wp\/v2\/media?parent=51006"}],"wp:term":[{"taxonomy":"category","embeddable":true,"href":"https:\/\/www.cofb.org\/ca\/wp-json\/wp\/v2\/categories?post=51006"},{"taxonomy":"post_tag","embeddable":true,"href":"https:\/\/www.cofb.org\/ca\/wp-json\/wp\/v2\/tags?post=51006"}],"curies":[{"name":"wp","href":"https:\/\/api.w.org\/{rel}","templated":true}]}}