{"id":50589,"date":"2020-03-25T21:11:08","date_gmt":"2020-03-25T19:11:08","guid":{"rendered":"https:\/\/blog.cofb.cat\/?p=50589"},"modified":"2020-03-25T21:11:08","modified_gmt":"2020-03-25T19:11:08","slug":"comunicat-en-relacio-amb-la-disponibilitat-de-material-de-proteccio-per-a-farmaceutics-davant-la-covid-19","status":"publish","type":"post","link":"https:\/\/www.cofb.org\/ca\/2020\/03\/25\/comunicat-en-relacio-amb-la-disponibilitat-de-material-de-proteccio-per-a-farmaceutics-davant-la-covid-19\/","title":{"rendered":"Comunicat en relaci\u00f3 amb la disponibilitat de material de protecci\u00f3 per a farmac\u00e8utics davant la COVID-19"},"content":{"rendered":"<p>En relaci\u00f3 amb la compareixen\u00e7a d&#8217;ahir mat\u00ed del director del Centre de Coordinaci\u00f3 d&#8217;Emerg\u00e8ncies i Alertes Sanit\u00e0ries del Ministeri de Sanitat, Fernando Sim\u00f3n, en la qual va descartar p\u00fablicament que sigui necessari subministrar material de protecci\u00f3 per als m\u00e9s de 71.000 professionals sanitaris de les farm\u00e0cies d\u2019arreu de l\u2019Estat Espanyol, el <strong>Consell de Col\u00b7legis Farmac\u00e8utics de Catalunya (CCFC)<\/strong>, la <strong>Sociedad Espa\u00f1ola de Farmacia Familiar y Comunitaria de Catalunya (SEFAC Catalunya)<\/strong> i la <strong>Federaci\u00f3 d\u2019Associacions de Farm\u00e0cies de Catalunya (FEFAC)<\/strong>, en nom de tots els farmac\u00e8utics catalans, volen traslladar:<\/p>\n<p>1. La <strong>profunda indignaci\u00f3<\/strong> de <strong>tots els farmac\u00e8utics catalans i del conjunt dels col\u00b7legis de farmac\u00e8utics de Catalunya<\/strong> per considerar als 8.178 farmac\u00e8utics que desenvolupen la seva activitat a les <strong>3.227 farm\u00e0cies comunit\u00e0ries<\/strong> catalanes com a professionals sanitaris no inclosos en els grups de risc.<\/p>\n<p>2. <strong>Podem entendre que es prioritzin recursos<\/strong>, per\u00f2 mai podrem entendre que un responsable del Ministeri de Sanitat digui que els farmac\u00e8utics no mereixen protecci\u00f3 i que el risc \u00e9s inherent a la seva professi\u00f3. Aix\u00ed ho ha denunciat en aquest v\u00eddeo el president del CCFC, Jordi de Dalmases:<\/p>\n<p><iframe src=\"https:\/\/player.vimeo.com\/video\/400171228\" width=\"640\" height=\"362\" frameborder=\"0\" allowfullscreen=\"allowfullscreen\"><\/iframe><\/p>\n<p>3. Som conscients de l&#8217;<strong>evident manca de material<\/strong> que hi ha en tots els centres sanitaris assistencials de la sanitat catalana i donem el nostre suport a les reivindicacions que s&#8217;estan fent des de totes les Organitzacions Col\u00b7legials sanit\u00e0ries amb la finalitat de <strong>garantir la protecci\u00f3 de tots els professionals sanitaris<\/strong>.<\/p>\n<p>4. Que <strong>cada dia visiten les farm\u00e0cies comunit\u00e0ries de l\u2019Estat 2,3 milions de persones<\/strong>, i que el farmac\u00e8utic \u00e9s, en moltes ocasions, el professional sanitari m\u00e9s pr\u00f2xim a la poblaci\u00f3. Sempre, i especialment en situacions com la crisi de salut que estem vivint, els farmac\u00e8utics atenen di\u00e0riament i des de primera l\u00ednia a milers de ciutadans, en moltes ocasions malalts.<\/p>\n<p>5. Que, com a <strong>conseq\u00fc\u00e8ncia d\u2019aquesta situaci\u00f3<\/strong>, ja tenim <strong>professionals contagiats<\/strong> i, fins i tot, s&#8217;ha procedit ja al tancament d&#8217;algunes farm\u00e0cies. Aquests tancaments els estem comunicant a les autoritats sanit\u00e0ries.<\/p>\n<p><a href=\"https:\/\/blog.cofb.cat\/wp-content\/uploads\/2020\/03\/Comunicat-1.jpg\"><img fetchpriority=\"high\" decoding=\"async\" class=\"aligncenter size-large wp-image-50596\" src=\"https:\/\/blog.cofb.cat\/wp-content\/uploads\/2020\/03\/Comunicat-1-1024x508.jpg\" alt=\"\" width=\"620\" height=\"308\" \/><\/a><\/p>\n<p>6. Que els farmac\u00e8utics estem i volem estar a primera l\u00ednia d&#8217;assist\u00e8ncia a tota la poblaci\u00f3 en aquesta crisi i sempre, ja que \u00e9s la nostra <strong>vocaci\u00f3 de professionals sanitaris i de servei p\u00fablic<\/strong>, <strong>garantint una continu\u00eftat assistencial<\/strong> <strong>365 dies, 24 hores al dia<\/strong>.<\/p>\n<p>7. Que tots els farmac\u00e8utics catalans com a professionals sanitaris, i la nostra <strong>Xarxa de Farm\u00e0cies Comunit\u00e0ries<\/strong>, com un nivell assistencial m\u00e9s, imprescindible en el nostre sistema de Salut, es posen a la disposici\u00f3 de les autoritats sanit\u00e0ries per a <strong>continuar assistint a una poblaci\u00f3 que est\u00e0 patint la crisi de salut m\u00e9s gran que s&#8217;ha conegut<\/strong> i que mereix que tots els professionals sanitaris i les Administracions treballem sense descans, amb la m\u00e0xima coordinaci\u00f3.<\/p>\n<p>8. En definitiva, per responsabilitat i per coher\u00e8ncia amb la consideraci\u00f3 de professionals sanitaris, <strong>demanem l&#8217;adequada protecci\u00f3 per als nostres professionals<\/strong>.<\/p>\n<p style=\"text-align: right;\"><strong>Comunicat conjunt de:<\/strong><\/p>\n<p style=\"text-align: right;\"><a href=\"https:\/\/blog.cofb.cat\/wp-content\/uploads\/2020\/03\/Logos-comunicat-conjunt-mascaretes.jpg\"><img decoding=\"async\" class=\" wp-image-50598 alignright\" src=\"https:\/\/blog.cofb.cat\/wp-content\/uploads\/2020\/03\/Logos-comunicat-conjunt-mascaretes.jpg\" alt=\"\" width=\"337\" height=\"65\" \/><\/a><\/p>\n<p>&nbsp;<\/p>\n<p>&nbsp;<\/p>\n<p><strong>Altres publicacions d&#8217;inter\u00e8s:<\/strong><\/p>\n<ul>\n<li><a href=\"https:\/\/blog.cofb.cat\/el-cof-de-barcelona-recorda-que-les-farmacies-estan-en-primera-linia-dactuacio-davant-el-coronavirus-i-treballa-per-obtenir-mes-proteccio-per-al-collectiu\/\" target=\"_blank\" rel=\"noopener\">El COF de Barcelona recorda que les farm\u00e0cies estan en primera l\u00ednia d\u2019actuaci\u00f3 davant el coronavirus i treballa per obtenir m\u00e9s protecci\u00f3 per al col\u00b7lectiu (Mar\u00e7 2020)<\/a><\/li>\n<li><a href=\"https:\/\/blog.cofb.cat\/gracies-vostra-feina-diaria-davant-coronavirus\/\" target=\"_blank\" rel=\"noopener\">Gr\u00e0cies per la vostra feina di\u00e0ria davant el coronavirus (Mar\u00e7 2020)<\/a><\/li>\n<li><a href=\"https:\/\/blog.cofb.cat\/mesures-dorganitzacio-recomanacions-accions-farmacia-davant-transmissio-coronavirus\/\" target=\"_blank\" rel=\"noopener\">Mesures d\u2019organitzaci\u00f3, recomanacions i accions per a la farm\u00e0cia davant la transmissi\u00f3 del coronavirus (Mar\u00e7 2020)<\/a><\/li>\n<\/ul>\n","protected":false},"excerpt":{"rendered":"<p>En relaci\u00f3 amb la compareixen\u00e7a d&#8217;ahir mat\u00ed del director del Centre de Coordinaci\u00f3 d&#8217;Emerg\u00e8ncies i Alertes Sanit\u00e0ries del Ministeri de Sanitat, Fernando Sim\u00f3n, en la qual va descartar p\u00fablicament que sigui necessari subministrar material de protecci\u00f3 per als m\u00e9s de 71.000 professionals sanitaris de les farm\u00e0cies d\u2019arreu de l\u2019Estat Espanyol, [&hellip;]<\/p>\n","protected":false},"author":1,"featured_media":50595,"comment_status":"open","ping_status":"open","sticky":false,"template":"","format":"standard","meta":{"_uag_custom_page_level_css":"","site-sidebar-layout":"default","site-content-layout":"","ast-site-content-layout":"default","site-content-style":"default","site-sidebar-style":"default","ast-global-header-display":"","ast-banner-title-visibility":"","ast-main-header-display":"","ast-hfb-above-header-display":"","ast-hfb-below-header-display":"","ast-hfb-mobile-header-display":"","site-post-title":"","ast-breadcrumbs-content":"","ast-featured-img":"disabled","footer-sml-layout":"","theme-transparent-header-meta":"","adv-header-id-meta":"","stick-header-meta":"","header-above-stick-meta":"","header-main-stick-meta":"","header-below-stick-meta":"","astra-migrate-meta-layouts":"default","ast-page-background-enabled":"default","ast-page-background-meta":{"desktop":{"background-color":"var(--ast-global-color-4)","background-image":"","background-repeat":"repeat","background-position":"center center","background-size":"auto","background-attachment":"scroll","background-type":"","background-media":"","overlay-type":"","overlay-color":"","overlay-opacity":"","overlay-gradient":""},"tablet":{"background-color":"","background-image":"","background-repeat":"repeat","background-position":"center center","background-size":"auto","background-attachment":"scroll","background-type":"","background-media":"","overlay-type":"","overlay-color":"","overlay-opacity":"","overlay-gradient":""},"mobile":{"background-color":"","background-image":"","background-repeat":"repeat","background-position":"center center","background-size":"auto","background-attachment":"scroll","background-type":"","background-media":"","overlay-type":"","overlay-color":"","overlay-opacity":"","overlay-gradient":""}},"ast-content-background-meta":{"desktop":{"background-color":"var(--ast-global-color-5)","background-image":"","background-repeat":"repeat","background-position":"center center","background-size":"auto","background-attachment":"scroll","background-type":"","background-media":"","overlay-type":"","overlay-color":"","overlay-opacity":"","overlay-gradient":""},"tablet":{"background-color":"var(--ast-global-color-5)","background-image":"","background-repeat":"repeat","background-position":"center center","background-size":"auto","background-attachment":"scroll","background-type":"","background-media":"","overlay-type":"","overlay-color":"","overlay-opacity":"","overlay-gradient":""},"mobile":{"background-color":"var(--ast-global-color-5)","background-image":"","background-repeat":"repeat","background-position":"center center","background-size":"auto","background-attachment":"scroll","background-type":"","background-media":"","overlay-type":"","overlay-color":"","overlay-opacity":"","overlay-gradient":""}},"footnotes":""},"categories":[23,57],"tags":[18,19,4048,53,69,584,4049,76],"class_list":["post-50589","post","type-post","status-publish","format-standard","has-post-thumbnail","hentry","category-destacats","category-mon-collegial","tag-cofb","tag-collegi-de-farmaceutics-de-barcelona","tag-comunicat","tag-farmaceutics","tag-farmacia-comunitaria","tag-mascaretes","tag-material-de-proteccio","tag-oficina-de-farmacia"],"yoast_head":"<!-- This site is optimized with the Yoast SEO plugin v22.4 - https:\/\/yoast.com\/wordpress\/plugins\/seo\/ -->\n<title>Comunicat en relaci\u00f3 amb la disponibilitat de material de protecci\u00f3 per a farmac\u00e8utics davant la COVID-19 - Col\u00b7legi de Farmac\u00e8utics de Barcelona<\/title>\n<meta name=\"description\" content=\"Comunicat conjunt del Consell de Col\u00b7legis Farmac\u00e8utics de Catalunya (CCFC), la Sociedad Espa\u00f1ola de Farmacia Familiar y Comunitaria de Catalunya (SEFAC Catalunya) i la Federaci\u00f3 d\u2019Associacions de Farm\u00e0cies de Catalunya (FEFAC).\" \/>\n<meta name=\"robots\" content=\"index, follow, max-snippet:-1, max-image-preview:large, max-video-preview:-1\" \/>\n<link rel=\"canonical\" href=\"https:\/\/novaorg.cofb.net\/2020\/03\/25\/comunicat-en-relacio-amb-la-disponibilitat-de-material-de-proteccio-per-a-farmaceutics-davant-la-covid-19\/\" \/>\n<meta property=\"og:locale\" content=\"ca_ES\" \/>\n<meta property=\"og:type\" content=\"article\" \/>\n<meta property=\"og:title\" content=\"Comunicat en relaci\u00f3 amb la disponibilitat de material de protecci\u00f3 per a farmac\u00e8utics davant la COVID-19 - Col\u00b7legi de Farmac\u00e8utics de Barcelona\" \/>\n<meta property=\"og:description\" content=\"Comunicat conjunt del Consell de Col\u00b7legis Farmac\u00e8utics de Catalunya (CCFC), la Sociedad Espa\u00f1ola de Farmacia Familiar y Comunitaria de Catalunya (SEFAC Catalunya) i la Federaci\u00f3 d\u2019Associacions de Farm\u00e0cies de Catalunya (FEFAC).\" \/>\n<meta property=\"og:url\" content=\"https:\/\/novaorg.cofb.net\/2020\/03\/25\/comunicat-en-relacio-amb-la-disponibilitat-de-material-de-proteccio-per-a-farmaceutics-davant-la-covid-19\/\" \/>\n<meta property=\"og:site_name\" content=\"Col\u00b7legi de Farmac\u00e8utics de Barcelona\" \/>\n<meta property=\"article:publisher\" content=\"https:\/\/www.facebook.com\/farmaceuticsbcn\/\" \/>\n<meta property=\"article:published_time\" content=\"2020-03-25T19:11:08+00:00\" \/>\n<meta name=\"author\" content=\"wpAdminCofbOrg\" \/>\n<meta name=\"twitter:card\" content=\"summary_large_image\" \/>\n<meta name=\"twitter:creator\" content=\"@farmaceuticsbcn\" \/>\n<meta name=\"twitter:site\" content=\"@farmaceuticsbcn\" \/>\n<meta name=\"twitter:label1\" content=\"Escrit per\" \/>\n\t<meta name=\"twitter:data1\" content=\"wpAdminCofbOrg\" \/>\n\t<meta name=\"twitter:label2\" content=\"Temps estimat de lectura\" \/>\n\t<meta name=\"twitter:data2\" content=\"3 minuts\" \/>\n<script type=\"application\/ld+json\" class=\"yoast-schema-graph\">{\"@context\":\"https:\/\/schema.org\",\"@graph\":[{\"@type\":\"Article\",\"@id\":\"https:\/\/novaorg.cofb.net\/2020\/03\/25\/comunicat-en-relacio-amb-la-disponibilitat-de-material-de-proteccio-per-a-farmaceutics-davant-la-covid-19\/#article\",\"isPartOf\":{\"@id\":\"https:\/\/novaorg.cofb.net\/2020\/03\/25\/comunicat-en-relacio-amb-la-disponibilitat-de-material-de-proteccio-per-a-farmaceutics-davant-la-covid-19\/\"},\"author\":{\"name\":\"wpAdminCofbOrg\",\"@id\":\"https:\/\/www.cofb.org\/#\/schema\/person\/22ed7eea88da74b0fa4d3154ad87ffcb\"},\"headline\":\"Comunicat en relaci\u00f3 amb la disponibilitat de material de protecci\u00f3 per a farmac\u00e8utics davant la COVID-19\",\"datePublished\":\"2020-03-25T19:11:08+00:00\",\"dateModified\":\"2020-03-25T19:11:08+00:00\",\"mainEntityOfPage\":{\"@id\":\"https:\/\/novaorg.cofb.net\/2020\/03\/25\/comunicat-en-relacio-amb-la-disponibilitat-de-material-de-proteccio-per-a-farmaceutics-davant-la-covid-19\/\"},\"wordCount\":597,\"commentCount\":0,\"publisher\":{\"@id\":\"https:\/\/www.cofb.org\/#organization\"},\"image\":{\"@id\":\"https:\/\/novaorg.cofb.net\/2020\/03\/25\/comunicat-en-relacio-amb-la-disponibilitat-de-material-de-proteccio-per-a-farmaceutics-davant-la-covid-19\/#primaryimage\"},\"thumbnailUrl\":\"\",\"keywords\":[\"COFB\",\"Col\u00b7legi de Farmac\u00e8utics de Barcelona\",\"comunicat\",\"farmac\u00e8utics\",\"farm\u00e0cia comunit\u00e0ria\",\"mascaretes\",\"material de protecci\u00f3\",\"Oficina de farm\u00e0cia\"],\"articleSection\":[\"Destacats\",\"M\u00f3n col\u00b7legial\"],\"inLanguage\":\"ca\",\"potentialAction\":[{\"@type\":\"CommentAction\",\"name\":\"Comment\",\"target\":[\"https:\/\/novaorg.cofb.net\/2020\/03\/25\/comunicat-en-relacio-amb-la-disponibilitat-de-material-de-proteccio-per-a-farmaceutics-davant-la-covid-19\/#respond\"]}]},{\"@type\":\"WebPage\",\"@id\":\"https:\/\/novaorg.cofb.net\/2020\/03\/25\/comunicat-en-relacio-amb-la-disponibilitat-de-material-de-proteccio-per-a-farmaceutics-davant-la-covid-19\/\",\"url\":\"https:\/\/novaorg.cofb.net\/2020\/03\/25\/comunicat-en-relacio-amb-la-disponibilitat-de-material-de-proteccio-per-a-farmaceutics-davant-la-covid-19\/\",\"name\":\"Comunicat en relaci\u00f3 amb la disponibilitat de material de protecci\u00f3 per a farmac\u00e8utics davant la COVID-19 - Col\u00b7legi de Farmac\u00e8utics de Barcelona\",\"isPartOf\":{\"@id\":\"https:\/\/www.cofb.org\/#website\"},\"primaryImageOfPage\":{\"@id\":\"https:\/\/novaorg.cofb.net\/2020\/03\/25\/comunicat-en-relacio-amb-la-disponibilitat-de-material-de-proteccio-per-a-farmaceutics-davant-la-covid-19\/#primaryimage\"},\"image\":{\"@id\":\"https:\/\/novaorg.cofb.net\/2020\/03\/25\/comunicat-en-relacio-amb-la-disponibilitat-de-material-de-proteccio-per-a-farmaceutics-davant-la-covid-19\/#primaryimage\"},\"thumbnailUrl\":\"\",\"datePublished\":\"2020-03-25T19:11:08+00:00\",\"dateModified\":\"2020-03-25T19:11:08+00:00\",\"description\":\"Comunicat conjunt del Consell de Col\u00b7legis Farmac\u00e8utics de Catalunya (CCFC), la Sociedad Espa\u00f1ola de Farmacia Familiar y Comunitaria de Catalunya (SEFAC Catalunya) i la Federaci\u00f3 d\u2019Associacions de Farm\u00e0cies de Catalunya (FEFAC).\",\"breadcrumb\":{\"@id\":\"https:\/\/novaorg.cofb.net\/2020\/03\/25\/comunicat-en-relacio-amb-la-disponibilitat-de-material-de-proteccio-per-a-farmaceutics-davant-la-covid-19\/#breadcrumb\"},\"inLanguage\":\"ca\",\"potentialAction\":[{\"@type\":\"ReadAction\",\"target\":[\"https:\/\/novaorg.cofb.net\/2020\/03\/25\/comunicat-en-relacio-amb-la-disponibilitat-de-material-de-proteccio-per-a-farmaceutics-davant-la-covid-19\/\"]}]},{\"@type\":\"ImageObject\",\"inLanguage\":\"ca\",\"@id\":\"https:\/\/novaorg.cofb.net\/2020\/03\/25\/comunicat-en-relacio-amb-la-disponibilitat-de-material-de-proteccio-per-a-farmaceutics-davant-la-covid-19\/#primaryimage\",\"url\":\"\",\"contentUrl\":\"\"},{\"@type\":\"BreadcrumbList\",\"@id\":\"https:\/\/novaorg.cofb.net\/2020\/03\/25\/comunicat-en-relacio-amb-la-disponibilitat-de-material-de-proteccio-per-a-farmaceutics-davant-la-covid-19\/#breadcrumb\",\"itemListElement\":[{\"@type\":\"ListItem\",\"position\":1,\"name\":\"Inici\",\"item\":\"https:\/\/novaorg.cofb.net\/\"},{\"@type\":\"ListItem\",\"position\":2,\"name\":\"Comunicat en relaci\u00f3 amb la disponibilitat de material de protecci\u00f3 per a farmac\u00e8utics davant la COVID-19\"}]},{\"@type\":\"WebSite\",\"@id\":\"https:\/\/www.cofb.org\/#website\",\"url\":\"https:\/\/www.cofb.org\/\",\"name\":\"Col\u00b7legi de Farmac\u00e8utics de Barcelona\",\"description\":\"\",\"publisher\":{\"@id\":\"https:\/\/www.cofb.org\/#organization\"},\"potentialAction\":[{\"@type\":\"SearchAction\",\"target\":{\"@type\":\"EntryPoint\",\"urlTemplate\":\"https:\/\/www.cofb.org\/?s={search_term_string}\"},\"query-input\":\"required name=search_term_string\"}],\"inLanguage\":\"ca\"},{\"@type\":\"Organization\",\"@id\":\"https:\/\/www.cofb.org\/#organization\",\"name\":\"Col\u00b7legi de Farmac\u00e8utics de Barcelona\",\"url\":\"https:\/\/www.cofb.org\/\",\"logo\":{\"@type\":\"ImageObject\",\"inLanguage\":\"ca\",\"@id\":\"https:\/\/www.cofb.org\/#\/schema\/logo\/image\/\",\"url\":\"https:\/\/www.cofb.org\/wp-content\/uploads\/2023\/11\/cropped-Logotip-COFB.png\",\"contentUrl\":\"https:\/\/www.cofb.org\/wp-content\/uploads\/2023\/11\/cropped-Logotip-COFB.png\",\"width\":500,\"height\":105,\"caption\":\"Col\u00b7legi de Farmac\u00e8utics de Barcelona\"},\"image\":{\"@id\":\"https:\/\/www.cofb.org\/#\/schema\/logo\/image\/\"},\"sameAs\":[\"https:\/\/www.facebook.com\/farmaceuticsbcn\/\",\"https:\/\/twitter.com\/farmaceuticsbcn\",\"https:\/\/www.instagram.com\/farmaceuticsbcn\/\",\"https:\/\/www.linkedin.com\/company\/farmaceuticsbcn\/\"]},{\"@type\":\"Person\",\"@id\":\"https:\/\/www.cofb.org\/#\/schema\/person\/22ed7eea88da74b0fa4d3154ad87ffcb\",\"name\":\"wpAdminCofbOrg\",\"image\":{\"@type\":\"ImageObject\",\"inLanguage\":\"ca\",\"@id\":\"https:\/\/www.cofb.org\/#\/schema\/person\/image\/\",\"url\":\"https:\/\/secure.gravatar.com\/avatar\/1721b20b3b8ca882c3b56ec6c978c594fff670e40c0718e9190eaeeb76aae7d8?s=96&d=mm&r=g\",\"contentUrl\":\"https:\/\/secure.gravatar.com\/avatar\/1721b20b3b8ca882c3b56ec6c978c594fff670e40c0718e9190eaeeb76aae7d8?s=96&d=mm&r=g\",\"caption\":\"wpAdminCofbOrg\"},\"sameAs\":[\"http:\/\/192.168.64.122\/wordpress\"],\"url\":\"https:\/\/www.cofb.org\/ca\/author\/wpadmincofborg\/\"}]}<\/script>\n<!-- \/ Yoast SEO plugin. -->","yoast_head_json":{"title":"Comunicat en relaci\u00f3 amb la disponibilitat de material de protecci\u00f3 per a farmac\u00e8utics davant la COVID-19 - Col\u00b7legi de Farmac\u00e8utics de Barcelona","description":"Comunicat conjunt del Consell de Col\u00b7legis Farmac\u00e8utics de Catalunya (CCFC), la Sociedad Espa\u00f1ola de Farmacia Familiar y Comunitaria de Catalunya (SEFAC Catalunya) i la Federaci\u00f3 d\u2019Associacions de Farm\u00e0cies de Catalunya (FEFAC).","robots":{"index":"index","follow":"follow","max-snippet":"max-snippet:-1","max-image-preview":"max-image-preview:large","max-video-preview":"max-video-preview:-1"},"canonical":"https:\/\/novaorg.cofb.net\/2020\/03\/25\/comunicat-en-relacio-amb-la-disponibilitat-de-material-de-proteccio-per-a-farmaceutics-davant-la-covid-19\/","og_locale":"ca_ES","og_type":"article","og_title":"Comunicat en relaci\u00f3 amb la disponibilitat de material de protecci\u00f3 per a farmac\u00e8utics davant la COVID-19 - Col\u00b7legi de Farmac\u00e8utics de Barcelona","og_description":"Comunicat conjunt del Consell de Col\u00b7legis Farmac\u00e8utics de Catalunya (CCFC), la Sociedad Espa\u00f1ola de Farmacia Familiar y Comunitaria de Catalunya (SEFAC Catalunya) i la Federaci\u00f3 d\u2019Associacions de Farm\u00e0cies de Catalunya (FEFAC).","og_url":"https:\/\/novaorg.cofb.net\/2020\/03\/25\/comunicat-en-relacio-amb-la-disponibilitat-de-material-de-proteccio-per-a-farmaceutics-davant-la-covid-19\/","og_site_name":"Col\u00b7legi de Farmac\u00e8utics de Barcelona","article_publisher":"https:\/\/www.facebook.com\/farmaceuticsbcn\/","article_published_time":"2020-03-25T19:11:08+00:00","author":"wpAdminCofbOrg","twitter_card":"summary_large_image","twitter_creator":"@farmaceuticsbcn","twitter_site":"@farmaceuticsbcn","twitter_misc":{"Escrit per":"wpAdminCofbOrg","Temps estimat de lectura":"3 minuts"},"schema":{"@context":"https:\/\/schema.org","@graph":[{"@type":"Article","@id":"https:\/\/novaorg.cofb.net\/2020\/03\/25\/comunicat-en-relacio-amb-la-disponibilitat-de-material-de-proteccio-per-a-farmaceutics-davant-la-covid-19\/#article","isPartOf":{"@id":"https:\/\/novaorg.cofb.net\/2020\/03\/25\/comunicat-en-relacio-amb-la-disponibilitat-de-material-de-proteccio-per-a-farmaceutics-davant-la-covid-19\/"},"author":{"name":"wpAdminCofbOrg","@id":"https:\/\/www.cofb.org\/#\/schema\/person\/22ed7eea88da74b0fa4d3154ad87ffcb"},"headline":"Comunicat en relaci\u00f3 amb la disponibilitat de material de protecci\u00f3 per a farmac\u00e8utics davant la COVID-19","datePublished":"2020-03-25T19:11:08+00:00","dateModified":"2020-03-25T19:11:08+00:00","mainEntityOfPage":{"@id":"https:\/\/novaorg.cofb.net\/2020\/03\/25\/comunicat-en-relacio-amb-la-disponibilitat-de-material-de-proteccio-per-a-farmaceutics-davant-la-covid-19\/"},"wordCount":597,"commentCount":0,"publisher":{"@id":"https:\/\/www.cofb.org\/#organization"},"image":{"@id":"https:\/\/novaorg.cofb.net\/2020\/03\/25\/comunicat-en-relacio-amb-la-disponibilitat-de-material-de-proteccio-per-a-farmaceutics-davant-la-covid-19\/#primaryimage"},"thumbnailUrl":"","keywords":["COFB","Col\u00b7legi de Farmac\u00e8utics de Barcelona","comunicat","farmac\u00e8utics","farm\u00e0cia comunit\u00e0ria","mascaretes","material de protecci\u00f3","Oficina de farm\u00e0cia"],"articleSection":["Destacats","M\u00f3n col\u00b7legial"],"inLanguage":"ca","potentialAction":[{"@type":"CommentAction","name":"Comment","target":["https:\/\/novaorg.cofb.net\/2020\/03\/25\/comunicat-en-relacio-amb-la-disponibilitat-de-material-de-proteccio-per-a-farmaceutics-davant-la-covid-19\/#respond"]}]},{"@type":"WebPage","@id":"https:\/\/novaorg.cofb.net\/2020\/03\/25\/comunicat-en-relacio-amb-la-disponibilitat-de-material-de-proteccio-per-a-farmaceutics-davant-la-covid-19\/","url":"https:\/\/novaorg.cofb.net\/2020\/03\/25\/comunicat-en-relacio-amb-la-disponibilitat-de-material-de-proteccio-per-a-farmaceutics-davant-la-covid-19\/","name":"Comunicat en relaci\u00f3 amb la disponibilitat de material de protecci\u00f3 per a farmac\u00e8utics davant la COVID-19 - Col\u00b7legi de Farmac\u00e8utics de Barcelona","isPartOf":{"@id":"https:\/\/www.cofb.org\/#website"},"primaryImageOfPage":{"@id":"https:\/\/novaorg.cofb.net\/2020\/03\/25\/comunicat-en-relacio-amb-la-disponibilitat-de-material-de-proteccio-per-a-farmaceutics-davant-la-covid-19\/#primaryimage"},"image":{"@id":"https:\/\/novaorg.cofb.net\/2020\/03\/25\/comunicat-en-relacio-amb-la-disponibilitat-de-material-de-proteccio-per-a-farmaceutics-davant-la-covid-19\/#primaryimage"},"thumbnailUrl":"","datePublished":"2020-03-25T19:11:08+00:00","dateModified":"2020-03-25T19:11:08+00:00","description":"Comunicat conjunt del Consell de Col\u00b7legis Farmac\u00e8utics de Catalunya (CCFC), la Sociedad Espa\u00f1ola de Farmacia Familiar y Comunitaria de Catalunya (SEFAC Catalunya) i la Federaci\u00f3 d\u2019Associacions de Farm\u00e0cies de Catalunya (FEFAC).","breadcrumb":{"@id":"https:\/\/novaorg.cofb.net\/2020\/03\/25\/comunicat-en-relacio-amb-la-disponibilitat-de-material-de-proteccio-per-a-farmaceutics-davant-la-covid-19\/#breadcrumb"},"inLanguage":"ca","potentialAction":[{"@type":"ReadAction","target":["https:\/\/novaorg.cofb.net\/2020\/03\/25\/comunicat-en-relacio-amb-la-disponibilitat-de-material-de-proteccio-per-a-farmaceutics-davant-la-covid-19\/"]}]},{"@type":"ImageObject","inLanguage":"ca","@id":"https:\/\/novaorg.cofb.net\/2020\/03\/25\/comunicat-en-relacio-amb-la-disponibilitat-de-material-de-proteccio-per-a-farmaceutics-davant-la-covid-19\/#primaryimage","url":"","contentUrl":""},{"@type":"BreadcrumbList","@id":"https:\/\/novaorg.cofb.net\/2020\/03\/25\/comunicat-en-relacio-amb-la-disponibilitat-de-material-de-proteccio-per-a-farmaceutics-davant-la-covid-19\/#breadcrumb","itemListElement":[{"@type":"ListItem","position":1,"name":"Inici","item":"https:\/\/novaorg.cofb.net\/"},{"@type":"ListItem","position":2,"name":"Comunicat en relaci\u00f3 amb la disponibilitat de material de protecci\u00f3 per a farmac\u00e8utics davant la COVID-19"}]},{"@type":"WebSite","@id":"https:\/\/www.cofb.org\/#website","url":"https:\/\/www.cofb.org\/","name":"Col\u00b7legi de Farmac\u00e8utics de Barcelona","description":"","publisher":{"@id":"https:\/\/www.cofb.org\/#organization"},"potentialAction":[{"@type":"SearchAction","target":{"@type":"EntryPoint","urlTemplate":"https:\/\/www.cofb.org\/?s={search_term_string}"},"query-input":"required name=search_term_string"}],"inLanguage":"ca"},{"@type":"Organization","@id":"https:\/\/www.cofb.org\/#organization","name":"Col\u00b7legi de Farmac\u00e8utics de Barcelona","url":"https:\/\/www.cofb.org\/","logo":{"@type":"ImageObject","inLanguage":"ca","@id":"https:\/\/www.cofb.org\/#\/schema\/logo\/image\/","url":"https:\/\/www.cofb.org\/wp-content\/uploads\/2023\/11\/cropped-Logotip-COFB.png","contentUrl":"https:\/\/www.cofb.org\/wp-content\/uploads\/2023\/11\/cropped-Logotip-COFB.png","width":500,"height":105,"caption":"Col\u00b7legi de Farmac\u00e8utics de Barcelona"},"image":{"@id":"https:\/\/www.cofb.org\/#\/schema\/logo\/image\/"},"sameAs":["https:\/\/www.facebook.com\/farmaceuticsbcn\/","https:\/\/twitter.com\/farmaceuticsbcn","https:\/\/www.instagram.com\/farmaceuticsbcn\/","https:\/\/www.linkedin.com\/company\/farmaceuticsbcn\/"]},{"@type":"Person","@id":"https:\/\/www.cofb.org\/#\/schema\/person\/22ed7eea88da74b0fa4d3154ad87ffcb","name":"wpAdminCofbOrg","image":{"@type":"ImageObject","inLanguage":"ca","@id":"https:\/\/www.cofb.org\/#\/schema\/person\/image\/","url":"https:\/\/secure.gravatar.com\/avatar\/1721b20b3b8ca882c3b56ec6c978c594fff670e40c0718e9190eaeeb76aae7d8?s=96&d=mm&r=g","contentUrl":"https:\/\/secure.gravatar.com\/avatar\/1721b20b3b8ca882c3b56ec6c978c594fff670e40c0718e9190eaeeb76aae7d8?s=96&d=mm&r=g","caption":"wpAdminCofbOrg"},"sameAs":["http:\/\/192.168.64.122\/wordpress"],"url":"https:\/\/www.cofb.org\/ca\/author\/wpadmincofborg\/"}]}},"uagb_featured_image_src":{"full":false,"thumbnail":false,"medium":false,"medium_large":false,"large":false,"1536x1536":false,"2048x2048":false,"trp-custom-language-flag":false},"uagb_author_info":{"display_name":"wpAdminCofbOrg","author_link":"https:\/\/www.cofb.org\/ca\/author\/wpadmincofborg\/"},"uagb_comment_info":0,"uagb_excerpt":"En relaci\u00f3 amb la compareixen\u00e7a d&#8217;ahir mat\u00ed del director del Centre de Coordinaci\u00f3 d&#8217;Emerg\u00e8ncies i Alertes Sanit\u00e0ries del Ministeri de Sanitat, Fernando Sim\u00f3n, en la qual va descartar p\u00fablicament que sigui necessari subministrar material de protecci\u00f3 per als m\u00e9s de 71.000 professionals sanitaris de les farm\u00e0cies d\u2019arreu de l\u2019Estat Espanyol, [&hellip;]","_links":{"self":[{"href":"https:\/\/www.cofb.org\/ca\/wp-json\/wp\/v2\/posts\/50589","targetHints":{"allow":["GET"]}}],"collection":[{"href":"https:\/\/www.cofb.org\/ca\/wp-json\/wp\/v2\/posts"}],"about":[{"href":"https:\/\/www.cofb.org\/ca\/wp-json\/wp\/v2\/types\/post"}],"author":[{"embeddable":true,"href":"https:\/\/www.cofb.org\/ca\/wp-json\/wp\/v2\/users\/1"}],"replies":[{"embeddable":true,"href":"https:\/\/www.cofb.org\/ca\/wp-json\/wp\/v2\/comments?post=50589"}],"version-history":[{"count":0,"href":"https:\/\/www.cofb.org\/ca\/wp-json\/wp\/v2\/posts\/50589\/revisions"}],"wp:featuredmedia":[{"embeddable":true,"href":"https:\/\/www.cofb.org\/ca\/wp-json\/"}],"wp:attachment":[{"href":"https:\/\/www.cofb.org\/ca\/wp-json\/wp\/v2\/media?parent=50589"}],"wp:term":[{"taxonomy":"category","embeddable":true,"href":"https:\/\/www.cofb.org\/ca\/wp-json\/wp\/v2\/categories?post=50589"},{"taxonomy":"post_tag","embeddable":true,"href":"https:\/\/www.cofb.org\/ca\/wp-json\/wp\/v2\/tags?post=50589"}],"curies":[{"name":"wp","href":"https:\/\/api.w.org\/{rel}","templated":true}]}}