{"id":50546,"date":"2020-03-10T17:34:14","date_gmt":"2020-03-10T15:34:14","guid":{"rendered":"https:\/\/blog.cofb.cat\/?p=50546"},"modified":"2020-03-10T17:34:14","modified_gmt":"2020-03-10T15:34:14","slug":"dolor-inflamacio-usos-aplicacions-dels-olis-essencials","status":"publish","type":"post","link":"https:\/\/www.cofb.org\/ca\/2020\/03\/10\/dolor-inflamacio-usos-aplicacions-dels-olis-essencials\/","title":{"rendered":"Dolor i inflamaci\u00f3: usos i aplicacions dels olis essencials"},"content":{"rendered":"<p>Els passats 3 i 4 de mar\u00e7 va tenir lloc al Col\u00b7legi de Farmac\u00e8utics de Barcelona la formaci\u00f3 &#8220;Fitoter\u00e0pia, usos i aplicacions dels olis essencials en dolor i inflamaci\u00f3 (nivell 2)&#8221; en qu\u00e8 es van donar a con\u00e8ixer els principals olis essencials quimiotipats\u00a0per tractar el dolor i la inflamaci\u00f3. Durant les sessions tamb\u00e9 es van <strong>aportar les eines necess\u00e0ries<\/strong> per associar les diverses vies d\u2019administraci\u00f3 dels olis essencials (t\u00f2pica, inhalada i oral) per tal d\u2019aconseguir un tractament integral.<\/p>\n<p>El curs -coordinat per Josep Allu\u00e9, vocal de Plantes Medicinals i Homeopatia del COFB- va estar impartit per Alfredo Quevedo,\u00a0farmac\u00e8utic, graduat en naturopatia, especialitzat en olis essencials terap\u00e8utics i responsable cient\u00edfic de Pranar\u00f4m Espa\u00f1a. Aquestes sessions s&#8217;adre\u00e7aven a farmac\u00e8utics que haguessin fet el curs <a href=\"https:\/\/blog.cofb.cat\/usos-aplicacions-dels-olis-essencials-fitoterapia\/\" target=\"_blank\" rel=\"noopener\"><strong>\u201cFitoter\u00e0pia, usos i aplicacions dels olis essencials (Nivell 1)\u201d<\/strong> <\/a>o b\u00e9 que tinguessin coneixements avan\u00e7ats en olis essencials.<\/p>\n<figure id=\"attachment_50551\" aria-describedby=\"caption-attachment-50551\" style=\"width: 620px\" class=\"wp-caption aligncenter\"><a href=\"https:\/\/blog.cofb.cat\/wp-content\/uploads\/2020\/03\/cofb.200303-46.jpg\"><img fetchpriority=\"high\" decoding=\"async\" class=\"wp-image-50551 size-large\" title=\"Un moment de la formaci\u00f3 &quot;Fitoter\u00e0pia, usos i aplicacions dels olis essencials en dolor i inflamaci\u00f3&quot;.\" src=\"https:\/\/blog.cofb.cat\/wp-content\/uploads\/2020\/03\/cofb.200303-46-1024x683.jpg\" alt=\"Un moment de la formaci\u00f3 &quot;Fitoter\u00e0pia, usos i aplicacions dels olis essencials en dolor i inflamaci\u00f3&quot;.\" width=\"620\" height=\"414\" \/><\/a><figcaption id=\"caption-attachment-50551\" class=\"wp-caption-text\">Un moment de la formaci\u00f3 &#8220;Fitoter\u00e0pia, usos i aplicacions dels olis essencials en dolor i inflamaci\u00f3&#8221;.<\/figcaption><\/figure>\n<div class=\"box info\"><\/p>\n<h1><span style=\"color: #008080;\"><strong>Olis essencials i dolor<\/strong><\/span><\/h1>\n<p>Entre els s\u00edmptomes d\u2019una gran majoria de patologies hi ha la <strong>inflamaci\u00f3<\/strong> i el <strong>dolor<\/strong>. Els <strong>olis essencials<\/strong> s\u00f3n extractes altament concentrats, obtinguts per destil\u00b7laci\u00f3 a partir de plantes que acumulen una gran evid\u00e8ncia de <strong>resultats cl\u00ednics<\/strong> per <strong>pal\u00b7liar el dolor<\/strong>.<\/p>\n<p>\u00c9s sabuda l\u2019efic\u00e0cia de l\u2019\u00fas d\u2019olis essencials per tractar el dolor, sigui en opci\u00f3 \u00fanica o com a coadjuvant d\u2019altres tractaments farmacol\u00f2gics amb els quals, de vegades, els resultats percebuts de qualitat de vida no resulten del tot satisfactoris.<\/p>\n<p><\/div>\n<p>Durant el curs, es va definir el concepte <strong>&#8220;dolor&#8221;<\/strong> com &#8220;una experi\u00e8ncia sensorial o emocional desagradable, associada a un dany\u00a0 tissular real o potencial&#8221;, seguint la definici\u00f3 de la <a href=\"https:\/\/www.iasp-pain.org\/\" target=\"_blank\" rel=\"noopener\"><em>International Association for the Study of Pain<\/em> <\/a><em>(IASP)<\/em>.<em>\u00a0<\/em>Tamb\u00e9 es va posar explicar que el dolor es tracta d&#8217;un s\u00edmptoma, pot tenir causes diverses i la seva apreciaci\u00f3 \u00e9s subjectiva.<\/p>\n<figure id=\"attachment_50552\" aria-describedby=\"caption-attachment-50552\" style=\"width: 620px\" class=\"wp-caption aligncenter\"><a href=\"https:\/\/blog.cofb.cat\/wp-content\/uploads\/2020\/03\/cofb.200303-54.jpg\"><img decoding=\"async\" class=\"wp-image-50552 size-large\" title=\"La formaci\u00f3 va estar impartida per Alfredo Quevedo, responsable cient\u00edfic de Pranar\u00f4m Espa\u00f1a.\" src=\"https:\/\/blog.cofb.cat\/wp-content\/uploads\/2020\/03\/cofb.200303-54-1024x683.jpg\" alt=\"La formaci\u00f3 va estar impartida per Alfredo Quevedo, responsable cient\u00edfic de Pranar\u00f4m Espa\u00f1a.\" width=\"620\" height=\"414\" \/><\/a><figcaption id=\"caption-attachment-50552\" class=\"wp-caption-text\">La formaci\u00f3 va estar impartida per Alfredo Quevedo, responsable cient\u00edfic de Pranar\u00f4m Espa\u00f1a.<\/figcaption><\/figure>\n<p>A banda de la definici\u00f3 b\u00e0sica de dolor, tamb\u00e9 es va aprofundir en el\u00a0tipus de dolor i la valoraci\u00f3 d&#8217;aquest. A m\u00e9s, es van abordar les principals fam\u00edlies bioqu\u00edmiques amb activitat analg\u00e8sica.<\/p>\n<p>Finalment, es va abordar el tractament\u00a0del dolor amb olis essencials en els casos seg\u00fcents:<\/p>\n<ul>\n<li><strong>Sistema musculoesquel\u00e8tic<\/strong>: tendinitis, esquin\u00e7, contractures musculars, lumbociat\u00e0lgia, artrosis, artritis, gota, vessament sinovial, fibromi\u00e0lgia<\/li>\n<li><strong>Sistema nervi\u00f3s<\/strong>: cefalea, migranya, neur\u00e0lgies, dolors menstruals<\/li>\n<li><strong>Sistema digestiu<\/strong>: acidesa, \u00falcera g\u00e0strica, colitis, c\u00f2lon irritable<\/li>\n<li>Dolor associat a <strong>infeccions<\/strong>: c\u00e0ries, sinusitis, otitis, cist\u00e0lgia, herpes z\u00f2ster<\/li>\n<li>Dolor associat al <strong>part<\/strong><\/li>\n<li>Dolor <strong>oncol\u00f2gic<\/strong><\/li>\n<\/ul>\n<p style=\"text-align: right;\"><strong>Amb la col\u00b7laboraci\u00f3 de:<\/strong><\/p>\n<p style=\"text-align: right;\"><a href=\"https:\/\/www.pranarom.com\/\" target=\"_blank\" rel=\"noopener\"><img decoding=\"async\" class=\" wp-image-50548 alignright\" src=\"https:\/\/blog.cofb.cat\/wp-content\/uploads\/2020\/03\/Pranarom-logo.png\" alt=\"\" width=\"191\" height=\"42\" \/><\/a><\/p>\n<p>&nbsp;<\/p>\n<p>&nbsp;<\/p>\n<p><strong>Altres publicacions d&#8217;inter\u00e8s:<\/strong><\/p>\n<ul>\n<li><a href=\"https:\/\/blog.cofb.cat\/usos-aplicacions-dels-olis-essencials-fitoterapia\/\">Usos i aplicacions dels olis essencials en la fitoter\u00e0pia (Mar\u00e7 2020)<\/a><\/li>\n<li><a href=\"https:\/\/blog.cofb.cat\/rellevancia-dels-olis-essencials-fitoterapia-actual\/\" target=\"_blank\" rel=\"noopener\">La rellev\u00e0ncia dels olis essencials en la fitoter\u00e0pia actual (Febrer 2019)<\/a><\/li>\n<li><a href=\"https:\/\/blog.cofb.cat\/la-fatiga-abordatge-des-de-la-micronutricio-i-la-fitoterapia\/\" target=\"_blank\" rel=\"noopener\">La fatiga: abordatge des de la micronutrici\u00f3 i la fitoter\u00e0pia (Abril 2018)<\/a><\/li>\n<li><a href=\"https:\/\/blog.cofb.cat\/fitoterapia-usos-i-aplicacions-dels-olis-essencials-en-lembaras-i-la-lactancia\/\" target=\"_blank\" rel=\"noopener\">Fitoter\u00e0pia: Usos i aplicacions dels olis essencials en l\u2019embar\u00e0s i la lact\u00e0ncia (Mar\u00e7 2018)<\/a><\/li>\n<\/ul>\n<p>&nbsp;<\/p>\n","protected":false},"excerpt":{"rendered":"<p>Els passats 3 i 4 de mar\u00e7 va tenir lloc al Col\u00b7legi de Farmac\u00e8utics de Barcelona la formaci\u00f3 &#8220;Fitoter\u00e0pia, usos i aplicacions dels olis essencials en dolor i inflamaci\u00f3 (nivell 2)&#8221; en qu\u00e8 es van donar a con\u00e8ixer els principals olis essencials quimiotipats\u00a0per tractar el dolor i la inflamaci\u00f3. Durant [&hellip;]<\/p>\n","protected":false},"author":1,"featured_media":50553,"comment_status":"open","ping_status":"open","sticky":false,"template":"","format":"standard","meta":{"_uag_custom_page_level_css":"","site-sidebar-layout":"default","site-content-layout":"","ast-site-content-layout":"default","site-content-style":"default","site-sidebar-style":"default","ast-global-header-display":"","ast-banner-title-visibility":"","ast-main-header-display":"","ast-hfb-above-header-display":"","ast-hfb-below-header-display":"","ast-hfb-mobile-header-display":"","site-post-title":"","ast-breadcrumbs-content":"","ast-featured-img":"disabled","footer-sml-layout":"","theme-transparent-header-meta":"","adv-header-id-meta":"","stick-header-meta":"","header-above-stick-meta":"","header-main-stick-meta":"","header-below-stick-meta":"","astra-migrate-meta-layouts":"default","ast-page-background-enabled":"default","ast-page-background-meta":{"desktop":{"background-color":"var(--ast-global-color-4)","background-image":"","background-repeat":"repeat","background-position":"center center","background-size":"auto","background-attachment":"scroll","background-type":"","background-media":"","overlay-type":"","overlay-color":"","overlay-opacity":"","overlay-gradient":""},"tablet":{"background-color":"","background-image":"","background-repeat":"repeat","background-position":"center center","background-size":"auto","background-attachment":"scroll","background-type":"","background-media":"","overlay-type":"","overlay-color":"","overlay-opacity":"","overlay-gradient":""},"mobile":{"background-color":"","background-image":"","background-repeat":"repeat","background-position":"center center","background-size":"auto","background-attachment":"scroll","background-type":"","background-media":"","overlay-type":"","overlay-color":"","overlay-opacity":"","overlay-gradient":""}},"ast-content-background-meta":{"desktop":{"background-color":"var(--ast-global-color-5)","background-image":"","background-repeat":"repeat","background-position":"center center","background-size":"auto","background-attachment":"scroll","background-type":"","background-media":"","overlay-type":"","overlay-color":"","overlay-opacity":"","overlay-gradient":""},"tablet":{"background-color":"var(--ast-global-color-5)","background-image":"","background-repeat":"repeat","background-position":"center center","background-size":"auto","background-attachment":"scroll","background-type":"","background-media":"","overlay-type":"","overlay-color":"","overlay-opacity":"","overlay-gradient":""},"mobile":{"background-color":"var(--ast-global-color-5)","background-image":"","background-repeat":"repeat","background-position":"center center","background-size":"auto","background-attachment":"scroll","background-type":"","background-media":"","overlay-type":"","overlay-color":"","overlay-opacity":"","overlay-gradient":""}},"footnotes":""},"categories":[23,57],"tags":[3967,467,18,19,527,100,3968,53,69,349,70,71,174,177,3284,179,3969,180],"class_list":["post-50546","post","type-post","status-publish","format-standard","has-post-thumbnail","hentry","category-destacats","category-mon-collegial","tag-activitat-analgesica","tag-activitats-formatives","tag-cofb","tag-collegi-de-farmaceutics-de-barcelona","tag-curs","tag-dolor","tag-dolor-oncologic","tag-farmaceutics","tag-farmacia-comunitaria","tag-fitoterapia","tag-formacio","tag-infeccions","tag-inflamacio","tag-olis-essencials","tag-programa-formatiu","tag-sistema-digestiu","tag-sistema-musculoesqueletic","tag-sistema-nervios"],"yoast_head":"<!-- This site is optimized with the Yoast SEO plugin v22.4 - https:\/\/yoast.com\/wordpress\/plugins\/seo\/ -->\n<title>Dolor i inflamaci\u00f3: usos i aplicacions dels olis essencials - Col\u00b7legi de Farmac\u00e8utics de Barcelona<\/title>\n<meta name=\"description\" content=\"Els passats 3 i 4 de mar\u00e7 va tenir lloc al Col\u00b7legi de Farmac\u00e8utics de Barcelona la formaci\u00f3 &quot;Fitoter\u00e0pia, usos i aplicacions dels olis essencials en dolor i inflamaci\u00f3 (nivell 2)&quot; .\" \/>\n<meta name=\"robots\" content=\"index, follow, max-snippet:-1, max-image-preview:large, max-video-preview:-1\" \/>\n<link rel=\"canonical\" href=\"https:\/\/novaorg.cofb.net\/2020\/03\/10\/dolor-inflamacio-usos-aplicacions-dels-olis-essencials\/\" \/>\n<meta property=\"og:locale\" content=\"ca_ES\" \/>\n<meta property=\"og:type\" content=\"article\" \/>\n<meta property=\"og:title\" content=\"Dolor i inflamaci\u00f3: usos i aplicacions dels olis essencials - Col\u00b7legi de Farmac\u00e8utics de Barcelona\" \/>\n<meta property=\"og:description\" content=\"Els passats 3 i 4 de mar\u00e7 va tenir lloc al Col\u00b7legi de Farmac\u00e8utics de Barcelona la formaci\u00f3 &quot;Fitoter\u00e0pia, usos i aplicacions dels olis essencials en dolor i inflamaci\u00f3 (nivell 2)&quot; .\" \/>\n<meta property=\"og:url\" content=\"https:\/\/novaorg.cofb.net\/2020\/03\/10\/dolor-inflamacio-usos-aplicacions-dels-olis-essencials\/\" \/>\n<meta property=\"og:site_name\" content=\"Col\u00b7legi de Farmac\u00e8utics de Barcelona\" \/>\n<meta property=\"article:publisher\" content=\"https:\/\/www.facebook.com\/farmaceuticsbcn\/\" \/>\n<meta property=\"article:published_time\" content=\"2020-03-10T15:34:14+00:00\" \/>\n<meta name=\"author\" content=\"wpAdminCofbOrg\" \/>\n<meta name=\"twitter:card\" content=\"summary_large_image\" \/>\n<meta name=\"twitter:creator\" content=\"@farmaceuticsbcn\" \/>\n<meta name=\"twitter:site\" content=\"@farmaceuticsbcn\" \/>\n<meta name=\"twitter:label1\" content=\"Escrit per\" \/>\n\t<meta name=\"twitter:data1\" content=\"wpAdminCofbOrg\" \/>\n\t<meta name=\"twitter:label2\" content=\"Temps estimat de lectura\" \/>\n\t<meta name=\"twitter:data2\" content=\"3 minuts\" \/>\n<script type=\"application\/ld+json\" class=\"yoast-schema-graph\">{\"@context\":\"https:\/\/schema.org\",\"@graph\":[{\"@type\":\"Article\",\"@id\":\"https:\/\/novaorg.cofb.net\/2020\/03\/10\/dolor-inflamacio-usos-aplicacions-dels-olis-essencials\/#article\",\"isPartOf\":{\"@id\":\"https:\/\/novaorg.cofb.net\/2020\/03\/10\/dolor-inflamacio-usos-aplicacions-dels-olis-essencials\/\"},\"author\":{\"name\":\"wpAdminCofbOrg\",\"@id\":\"https:\/\/www.cofb.org\/#\/schema\/person\/22ed7eea88da74b0fa4d3154ad87ffcb\"},\"headline\":\"Dolor i inflamaci\u00f3: usos i aplicacions dels olis essencials\",\"datePublished\":\"2020-03-10T15:34:14+00:00\",\"dateModified\":\"2020-03-10T15:34:14+00:00\",\"mainEntityOfPage\":{\"@id\":\"https:\/\/novaorg.cofb.net\/2020\/03\/10\/dolor-inflamacio-usos-aplicacions-dels-olis-essencials\/\"},\"wordCount\":550,\"commentCount\":0,\"publisher\":{\"@id\":\"https:\/\/www.cofb.org\/#organization\"},\"image\":{\"@id\":\"https:\/\/novaorg.cofb.net\/2020\/03\/10\/dolor-inflamacio-usos-aplicacions-dels-olis-essencials\/#primaryimage\"},\"thumbnailUrl\":\"\",\"keywords\":[\"activitat analg\u00e8sica\",\"activitats formatives\",\"COFB\",\"Col\u00b7legi de Farmac\u00e8utics de Barcelona\",\"curs\",\"dolor\",\"dolor oncol\u00f2gic\",\"farmac\u00e8utics\",\"farm\u00e0cia comunit\u00e0ria\",\"Fitoter\u00e0pia\",\"Formaci\u00f3\",\"infeccions\",\"inflamaci\u00f3\",\"olis essencials\",\"programa formatiu\",\"sistema digestiu\",\"Sistema musculoesquel\u00e8tic\",\"sistema nervi\u00f3s\"],\"articleSection\":[\"Destacats\",\"M\u00f3n col\u00b7legial\"],\"inLanguage\":\"ca\",\"potentialAction\":[{\"@type\":\"CommentAction\",\"name\":\"Comment\",\"target\":[\"https:\/\/novaorg.cofb.net\/2020\/03\/10\/dolor-inflamacio-usos-aplicacions-dels-olis-essencials\/#respond\"]}]},{\"@type\":\"WebPage\",\"@id\":\"https:\/\/novaorg.cofb.net\/2020\/03\/10\/dolor-inflamacio-usos-aplicacions-dels-olis-essencials\/\",\"url\":\"https:\/\/novaorg.cofb.net\/2020\/03\/10\/dolor-inflamacio-usos-aplicacions-dels-olis-essencials\/\",\"name\":\"Dolor i inflamaci\u00f3: usos i aplicacions dels olis essencials - Col\u00b7legi de Farmac\u00e8utics de Barcelona\",\"isPartOf\":{\"@id\":\"https:\/\/www.cofb.org\/#website\"},\"primaryImageOfPage\":{\"@id\":\"https:\/\/novaorg.cofb.net\/2020\/03\/10\/dolor-inflamacio-usos-aplicacions-dels-olis-essencials\/#primaryimage\"},\"image\":{\"@id\":\"https:\/\/novaorg.cofb.net\/2020\/03\/10\/dolor-inflamacio-usos-aplicacions-dels-olis-essencials\/#primaryimage\"},\"thumbnailUrl\":\"\",\"datePublished\":\"2020-03-10T15:34:14+00:00\",\"dateModified\":\"2020-03-10T15:34:14+00:00\",\"description\":\"Els passats 3 i 4 de mar\u00e7 va tenir lloc al Col\u00b7legi de Farmac\u00e8utics de Barcelona la formaci\u00f3 \\\"Fitoter\u00e0pia, usos i aplicacions dels olis essencials en dolor i inflamaci\u00f3 (nivell 2)\\\" .\",\"breadcrumb\":{\"@id\":\"https:\/\/novaorg.cofb.net\/2020\/03\/10\/dolor-inflamacio-usos-aplicacions-dels-olis-essencials\/#breadcrumb\"},\"inLanguage\":\"ca\",\"potentialAction\":[{\"@type\":\"ReadAction\",\"target\":[\"https:\/\/novaorg.cofb.net\/2020\/03\/10\/dolor-inflamacio-usos-aplicacions-dels-olis-essencials\/\"]}]},{\"@type\":\"ImageObject\",\"inLanguage\":\"ca\",\"@id\":\"https:\/\/novaorg.cofb.net\/2020\/03\/10\/dolor-inflamacio-usos-aplicacions-dels-olis-essencials\/#primaryimage\",\"url\":\"\",\"contentUrl\":\"\"},{\"@type\":\"BreadcrumbList\",\"@id\":\"https:\/\/novaorg.cofb.net\/2020\/03\/10\/dolor-inflamacio-usos-aplicacions-dels-olis-essencials\/#breadcrumb\",\"itemListElement\":[{\"@type\":\"ListItem\",\"position\":1,\"name\":\"Inici\",\"item\":\"https:\/\/novaorg.cofb.net\/\"},{\"@type\":\"ListItem\",\"position\":2,\"name\":\"Dolor i inflamaci\u00f3: usos i aplicacions dels olis essencials\"}]},{\"@type\":\"WebSite\",\"@id\":\"https:\/\/www.cofb.org\/#website\",\"url\":\"https:\/\/www.cofb.org\/\",\"name\":\"Col\u00b7legi de Farmac\u00e8utics de Barcelona\",\"description\":\"\",\"publisher\":{\"@id\":\"https:\/\/www.cofb.org\/#organization\"},\"potentialAction\":[{\"@type\":\"SearchAction\",\"target\":{\"@type\":\"EntryPoint\",\"urlTemplate\":\"https:\/\/www.cofb.org\/?s={search_term_string}\"},\"query-input\":\"required name=search_term_string\"}],\"inLanguage\":\"ca\"},{\"@type\":\"Organization\",\"@id\":\"https:\/\/www.cofb.org\/#organization\",\"name\":\"Col\u00b7legi de Farmac\u00e8utics de Barcelona\",\"url\":\"https:\/\/www.cofb.org\/\",\"logo\":{\"@type\":\"ImageObject\",\"inLanguage\":\"ca\",\"@id\":\"https:\/\/www.cofb.org\/#\/schema\/logo\/image\/\",\"url\":\"https:\/\/www.cofb.org\/wp-content\/uploads\/2023\/11\/cropped-Logotip-COFB.png\",\"contentUrl\":\"https:\/\/www.cofb.org\/wp-content\/uploads\/2023\/11\/cropped-Logotip-COFB.png\",\"width\":500,\"height\":105,\"caption\":\"Col\u00b7legi de Farmac\u00e8utics de Barcelona\"},\"image\":{\"@id\":\"https:\/\/www.cofb.org\/#\/schema\/logo\/image\/\"},\"sameAs\":[\"https:\/\/www.facebook.com\/farmaceuticsbcn\/\",\"https:\/\/twitter.com\/farmaceuticsbcn\",\"https:\/\/www.instagram.com\/farmaceuticsbcn\/\",\"https:\/\/www.linkedin.com\/company\/farmaceuticsbcn\/\"]},{\"@type\":\"Person\",\"@id\":\"https:\/\/www.cofb.org\/#\/schema\/person\/22ed7eea88da74b0fa4d3154ad87ffcb\",\"name\":\"wpAdminCofbOrg\",\"image\":{\"@type\":\"ImageObject\",\"inLanguage\":\"ca\",\"@id\":\"https:\/\/www.cofb.org\/#\/schema\/person\/image\/\",\"url\":\"https:\/\/secure.gravatar.com\/avatar\/1721b20b3b8ca882c3b56ec6c978c594fff670e40c0718e9190eaeeb76aae7d8?s=96&d=mm&r=g\",\"contentUrl\":\"https:\/\/secure.gravatar.com\/avatar\/1721b20b3b8ca882c3b56ec6c978c594fff670e40c0718e9190eaeeb76aae7d8?s=96&d=mm&r=g\",\"caption\":\"wpAdminCofbOrg\"},\"sameAs\":[\"http:\/\/192.168.64.122\/wordpress\"],\"url\":\"https:\/\/www.cofb.org\/ca\/author\/wpadmincofborg\/\"}]}<\/script>\n<!-- \/ Yoast SEO plugin. -->","yoast_head_json":{"title":"Dolor i inflamaci\u00f3: usos i aplicacions dels olis essencials - Col\u00b7legi de Farmac\u00e8utics de Barcelona","description":"Els passats 3 i 4 de mar\u00e7 va tenir lloc al Col\u00b7legi de Farmac\u00e8utics de Barcelona la formaci\u00f3 \"Fitoter\u00e0pia, usos i aplicacions dels olis essencials en dolor i inflamaci\u00f3 (nivell 2)\" .","robots":{"index":"index","follow":"follow","max-snippet":"max-snippet:-1","max-image-preview":"max-image-preview:large","max-video-preview":"max-video-preview:-1"},"canonical":"https:\/\/novaorg.cofb.net\/2020\/03\/10\/dolor-inflamacio-usos-aplicacions-dels-olis-essencials\/","og_locale":"ca_ES","og_type":"article","og_title":"Dolor i inflamaci\u00f3: usos i aplicacions dels olis essencials - Col\u00b7legi de Farmac\u00e8utics de Barcelona","og_description":"Els passats 3 i 4 de mar\u00e7 va tenir lloc al Col\u00b7legi de Farmac\u00e8utics de Barcelona la formaci\u00f3 \"Fitoter\u00e0pia, usos i aplicacions dels olis essencials en dolor i inflamaci\u00f3 (nivell 2)\" .","og_url":"https:\/\/novaorg.cofb.net\/2020\/03\/10\/dolor-inflamacio-usos-aplicacions-dels-olis-essencials\/","og_site_name":"Col\u00b7legi de Farmac\u00e8utics de Barcelona","article_publisher":"https:\/\/www.facebook.com\/farmaceuticsbcn\/","article_published_time":"2020-03-10T15:34:14+00:00","author":"wpAdminCofbOrg","twitter_card":"summary_large_image","twitter_creator":"@farmaceuticsbcn","twitter_site":"@farmaceuticsbcn","twitter_misc":{"Escrit per":"wpAdminCofbOrg","Temps estimat de lectura":"3 minuts"},"schema":{"@context":"https:\/\/schema.org","@graph":[{"@type":"Article","@id":"https:\/\/novaorg.cofb.net\/2020\/03\/10\/dolor-inflamacio-usos-aplicacions-dels-olis-essencials\/#article","isPartOf":{"@id":"https:\/\/novaorg.cofb.net\/2020\/03\/10\/dolor-inflamacio-usos-aplicacions-dels-olis-essencials\/"},"author":{"name":"wpAdminCofbOrg","@id":"https:\/\/www.cofb.org\/#\/schema\/person\/22ed7eea88da74b0fa4d3154ad87ffcb"},"headline":"Dolor i inflamaci\u00f3: usos i aplicacions dels olis essencials","datePublished":"2020-03-10T15:34:14+00:00","dateModified":"2020-03-10T15:34:14+00:00","mainEntityOfPage":{"@id":"https:\/\/novaorg.cofb.net\/2020\/03\/10\/dolor-inflamacio-usos-aplicacions-dels-olis-essencials\/"},"wordCount":550,"commentCount":0,"publisher":{"@id":"https:\/\/www.cofb.org\/#organization"},"image":{"@id":"https:\/\/novaorg.cofb.net\/2020\/03\/10\/dolor-inflamacio-usos-aplicacions-dels-olis-essencials\/#primaryimage"},"thumbnailUrl":"","keywords":["activitat analg\u00e8sica","activitats formatives","COFB","Col\u00b7legi de Farmac\u00e8utics de Barcelona","curs","dolor","dolor oncol\u00f2gic","farmac\u00e8utics","farm\u00e0cia comunit\u00e0ria","Fitoter\u00e0pia","Formaci\u00f3","infeccions","inflamaci\u00f3","olis essencials","programa formatiu","sistema digestiu","Sistema musculoesquel\u00e8tic","sistema nervi\u00f3s"],"articleSection":["Destacats","M\u00f3n col\u00b7legial"],"inLanguage":"ca","potentialAction":[{"@type":"CommentAction","name":"Comment","target":["https:\/\/novaorg.cofb.net\/2020\/03\/10\/dolor-inflamacio-usos-aplicacions-dels-olis-essencials\/#respond"]}]},{"@type":"WebPage","@id":"https:\/\/novaorg.cofb.net\/2020\/03\/10\/dolor-inflamacio-usos-aplicacions-dels-olis-essencials\/","url":"https:\/\/novaorg.cofb.net\/2020\/03\/10\/dolor-inflamacio-usos-aplicacions-dels-olis-essencials\/","name":"Dolor i inflamaci\u00f3: usos i aplicacions dels olis essencials - Col\u00b7legi de Farmac\u00e8utics de Barcelona","isPartOf":{"@id":"https:\/\/www.cofb.org\/#website"},"primaryImageOfPage":{"@id":"https:\/\/novaorg.cofb.net\/2020\/03\/10\/dolor-inflamacio-usos-aplicacions-dels-olis-essencials\/#primaryimage"},"image":{"@id":"https:\/\/novaorg.cofb.net\/2020\/03\/10\/dolor-inflamacio-usos-aplicacions-dels-olis-essencials\/#primaryimage"},"thumbnailUrl":"","datePublished":"2020-03-10T15:34:14+00:00","dateModified":"2020-03-10T15:34:14+00:00","description":"Els passats 3 i 4 de mar\u00e7 va tenir lloc al Col\u00b7legi de Farmac\u00e8utics de Barcelona la formaci\u00f3 \"Fitoter\u00e0pia, usos i aplicacions dels olis essencials en dolor i inflamaci\u00f3 (nivell 2)\" .","breadcrumb":{"@id":"https:\/\/novaorg.cofb.net\/2020\/03\/10\/dolor-inflamacio-usos-aplicacions-dels-olis-essencials\/#breadcrumb"},"inLanguage":"ca","potentialAction":[{"@type":"ReadAction","target":["https:\/\/novaorg.cofb.net\/2020\/03\/10\/dolor-inflamacio-usos-aplicacions-dels-olis-essencials\/"]}]},{"@type":"ImageObject","inLanguage":"ca","@id":"https:\/\/novaorg.cofb.net\/2020\/03\/10\/dolor-inflamacio-usos-aplicacions-dels-olis-essencials\/#primaryimage","url":"","contentUrl":""},{"@type":"BreadcrumbList","@id":"https:\/\/novaorg.cofb.net\/2020\/03\/10\/dolor-inflamacio-usos-aplicacions-dels-olis-essencials\/#breadcrumb","itemListElement":[{"@type":"ListItem","position":1,"name":"Inici","item":"https:\/\/novaorg.cofb.net\/"},{"@type":"ListItem","position":2,"name":"Dolor i inflamaci\u00f3: usos i aplicacions dels olis essencials"}]},{"@type":"WebSite","@id":"https:\/\/www.cofb.org\/#website","url":"https:\/\/www.cofb.org\/","name":"Col\u00b7legi de Farmac\u00e8utics de Barcelona","description":"","publisher":{"@id":"https:\/\/www.cofb.org\/#organization"},"potentialAction":[{"@type":"SearchAction","target":{"@type":"EntryPoint","urlTemplate":"https:\/\/www.cofb.org\/?s={search_term_string}"},"query-input":"required name=search_term_string"}],"inLanguage":"ca"},{"@type":"Organization","@id":"https:\/\/www.cofb.org\/#organization","name":"Col\u00b7legi de Farmac\u00e8utics de Barcelona","url":"https:\/\/www.cofb.org\/","logo":{"@type":"ImageObject","inLanguage":"ca","@id":"https:\/\/www.cofb.org\/#\/schema\/logo\/image\/","url":"https:\/\/www.cofb.org\/wp-content\/uploads\/2023\/11\/cropped-Logotip-COFB.png","contentUrl":"https:\/\/www.cofb.org\/wp-content\/uploads\/2023\/11\/cropped-Logotip-COFB.png","width":500,"height":105,"caption":"Col\u00b7legi de Farmac\u00e8utics de Barcelona"},"image":{"@id":"https:\/\/www.cofb.org\/#\/schema\/logo\/image\/"},"sameAs":["https:\/\/www.facebook.com\/farmaceuticsbcn\/","https:\/\/twitter.com\/farmaceuticsbcn","https:\/\/www.instagram.com\/farmaceuticsbcn\/","https:\/\/www.linkedin.com\/company\/farmaceuticsbcn\/"]},{"@type":"Person","@id":"https:\/\/www.cofb.org\/#\/schema\/person\/22ed7eea88da74b0fa4d3154ad87ffcb","name":"wpAdminCofbOrg","image":{"@type":"ImageObject","inLanguage":"ca","@id":"https:\/\/www.cofb.org\/#\/schema\/person\/image\/","url":"https:\/\/secure.gravatar.com\/avatar\/1721b20b3b8ca882c3b56ec6c978c594fff670e40c0718e9190eaeeb76aae7d8?s=96&d=mm&r=g","contentUrl":"https:\/\/secure.gravatar.com\/avatar\/1721b20b3b8ca882c3b56ec6c978c594fff670e40c0718e9190eaeeb76aae7d8?s=96&d=mm&r=g","caption":"wpAdminCofbOrg"},"sameAs":["http:\/\/192.168.64.122\/wordpress"],"url":"https:\/\/www.cofb.org\/ca\/author\/wpadmincofborg\/"}]}},"uagb_featured_image_src":{"full":false,"thumbnail":false,"medium":false,"medium_large":false,"large":false,"1536x1536":false,"2048x2048":false,"trp-custom-language-flag":false},"uagb_author_info":{"display_name":"wpAdminCofbOrg","author_link":"https:\/\/www.cofb.org\/ca\/author\/wpadmincofborg\/"},"uagb_comment_info":0,"uagb_excerpt":"Els passats 3 i 4 de mar\u00e7 va tenir lloc al Col\u00b7legi de Farmac\u00e8utics de Barcelona la formaci\u00f3 &#8220;Fitoter\u00e0pia, usos i aplicacions dels olis essencials en dolor i inflamaci\u00f3 (nivell 2)&#8221; en qu\u00e8 es van donar a con\u00e8ixer els principals olis essencials quimiotipats\u00a0per tractar el dolor i la inflamaci\u00f3. Durant [&hellip;]","_links":{"self":[{"href":"https:\/\/www.cofb.org\/ca\/wp-json\/wp\/v2\/posts\/50546","targetHints":{"allow":["GET"]}}],"collection":[{"href":"https:\/\/www.cofb.org\/ca\/wp-json\/wp\/v2\/posts"}],"about":[{"href":"https:\/\/www.cofb.org\/ca\/wp-json\/wp\/v2\/types\/post"}],"author":[{"embeddable":true,"href":"https:\/\/www.cofb.org\/ca\/wp-json\/wp\/v2\/users\/1"}],"replies":[{"embeddable":true,"href":"https:\/\/www.cofb.org\/ca\/wp-json\/wp\/v2\/comments?post=50546"}],"version-history":[{"count":0,"href":"https:\/\/www.cofb.org\/ca\/wp-json\/wp\/v2\/posts\/50546\/revisions"}],"wp:featuredmedia":[{"embeddable":true,"href":"https:\/\/www.cofb.org\/ca\/wp-json\/"}],"wp:attachment":[{"href":"https:\/\/www.cofb.org\/ca\/wp-json\/wp\/v2\/media?parent=50546"}],"wp:term":[{"taxonomy":"category","embeddable":true,"href":"https:\/\/www.cofb.org\/ca\/wp-json\/wp\/v2\/categories?post=50546"},{"taxonomy":"post_tag","embeddable":true,"href":"https:\/\/www.cofb.org\/ca\/wp-json\/wp\/v2\/tags?post=50546"}],"curies":[{"name":"wp","href":"https:\/\/api.w.org\/{rel}","templated":true}]}}