{"id":50342,"date":"2020-03-05T18:12:42","date_gmt":"2020-03-05T16:12:42","guid":{"rendered":"https:\/\/blog.cofb.cat\/?p=50342"},"modified":"2020-03-05T18:12:42","modified_gmt":"2020-03-05T16:12:42","slug":"infarma-madrid-2020-sajorna-raons-sanitaries","status":"publish","type":"post","link":"https:\/\/www.cofb.org\/ca\/2020\/03\/05\/infarma-madrid-2020-sajorna-raons-sanitaries\/","title":{"rendered":"Infarma Madrid 2020 s&#8217;ajorna per raons sanit\u00e0ries. Noves dates del 30 de juny al 2 de juliol"},"content":{"rendered":"<p>L&#8217;organitzaci\u00f3 d\u2019<strong>Infarma Madrid 2020<\/strong>, el Congr\u00e9s Europeu d&#8217;Oficina de Farm\u00e0cia i Sal\u00f3 de Medicaments i Parafarm\u00e0cia, ha decidit <strong>ajornar la seva celebraci\u00f3<\/strong> prevista per als dies 10, 11 i 12 de mar\u00e7 davant l&#8217;<strong>excepcional situaci\u00f3 sanit\u00e0ria provocada pel coronavirus COVID-19 a Espanya<\/strong> i les mesures de contenci\u00f3 del brot recomanades pel Ministeri de Sanitat. Les noves dates de celebraci\u00f3 previstes seran el 30 de juny i l&#8217;1 i 2 de juliol.<\/p>\n<p><a href=\"https:\/\/blog.cofb.cat\/wp-content\/uploads\/2020\/03\/Ajornat.png\"><img fetchpriority=\"high\" decoding=\"async\" class=\"aligncenter size-large wp-image-50349\" src=\"https:\/\/blog.cofb.cat\/wp-content\/uploads\/2020\/03\/Ajornat-1024x508.png\" alt=\"\" width=\"620\" height=\"308\" \/><\/a><\/p>\n<p>El president del Col\u00b7legi Oficial de Farmac\u00e8utics de Madrid (COFM), Luis Gonz\u00e1lez D\u00edez, una de les entitats organitzadores d\u2019Infarma, juntament amb el Col\u00b7legi Oficial de Farmac\u00e8utics de Barcelona i Interalia, ha anunciat avui en roda de premsa aquest <strong>ajornament<\/strong>, que es produeix per circumst\u00e0ncies de \u201c<strong>for\u00e7a major<\/strong> i despr\u00e9s d&#8217;avaluar i <strong>compartir les diferents variables socials i professionals<\/strong> amb les autoritats sanit\u00e0ries respecte a <strong>l&#8217;evoluci\u00f3 del brot de coronavirus<\/strong>\u201d.<\/p>\n<p>La decisi\u00f3 de posposar Infarma s&#8217;adopta despr\u00e9s d&#8217;estar en permanent comunicaci\u00f3 amb el Ministeri de Sanitat i la Conselleria de Sanitat de la Comunitat de Madrid, seguint les instruccions de les <strong>autoritats sanit\u00e0ries<\/strong> i \u201cprioritzant sempre el <strong>criteri sanitari<\/strong> des de la <strong>professionalitat<\/strong> i l&#8217;<strong>exercici responsable de la nostra professi\u00f3<\/strong>\u201d, ha subratllat Luis Gonz\u00e1lez, qui ha qualificat la decisi\u00f3 de \u201cdif\u00edcil, per\u00f2 encertada\u201d.<\/p>\n<p>El president del COFM ha estat acompanyat del president del Col\u00b7legi Oficial de Farmac\u00e8utics de Barcelona, Jordi de Dalmases, i del president d\u2019Interalia, l&#8217;empresa organitzadora del Sal\u00f3 farmac\u00e8utic, Jorge Arqu\u00e9 Ferrari.<\/p>\n<p>L&#8217;ajornament del Congr\u00e9s i Sal\u00f3 es produeix \u201cper for\u00e7a major, entesa com un <strong>esdeveniment imprevisible<\/strong> i <strong>inevitable<\/strong>, on a m\u00e9s interpretem la <strong>necess\u00e0ria col\u00b7laboraci\u00f3<\/strong> de <strong>tots els professionals sanitaris<\/strong>, entre els quals ens trobem els farmac\u00e8utics, en benefici de tots els ciutadans d&#8217;aquest pa\u00eds\u201d, ha explicat.<\/p>\n<figure id=\"attachment_50343\" aria-describedby=\"caption-attachment-50343\" style=\"width: 620px\" class=\"wp-caption aligncenter\"><a href=\"https:\/\/blog.cofb.cat\/wp-content\/uploads\/2020\/03\/Roda-de-premsa-ajornament.jpg\"><img decoding=\"async\" class=\"wp-image-50343 size-full\" title=\"D'esquerra a dreta: El president del Col\u00b7legi de Farmac\u00e8utics de Barcelona, Jordi de Dalmases; el president del Col\u00b7legi de Farmac\u00e8utics de Madrid, Luis Gonz\u00e1lez, i el president d'Interalia, Jorge Arqu\u00e9.\" src=\"https:\/\/blog.cofb.cat\/wp-content\/uploads\/2020\/03\/Roda-de-premsa-ajornament.jpg\" alt=\"D'esquerra a dreta: El president del Col\u00b7legi de Farmac\u00e8utics de Barcelona, Jordi de Dalmases; el president del Col\u00b7legi de Farmac\u00e8utics de Madrid, Luis Gonz\u00e1lez, i el president d'Interalia, Jorge Arqu\u00e9.\" width=\"620\" height=\"427\" \/><\/a><figcaption id=\"caption-attachment-50343\" class=\"wp-caption-text\">D&#8217;esquerra a dreta: El president del Col\u00b7legi de Farmac\u00e8utics de Barcelona, Jordi de Dalmases; el president del Col\u00b7legi de Farmac\u00e8utics de Madrid, Luis Gonz\u00e1lez, i el president d&#8217;Interalia, Jorge Arqu\u00e9.<\/figcaption><\/figure>\n<p>Com a professionals sanitaris m\u00e9s pr\u00f2xims a la poblaci\u00f3, Luis Gonz\u00e1lez ha recordat <strong>el paper que els farmac\u00e8utics estan jugant en aquesta crisi sanit\u00e0ria a l&#8217;hora d&#8217;informar i recomanar mesures de prevenci\u00f3 en col\u00b7laboraci\u00f3 amb les autoritats sanit\u00e0ries<\/strong>. Aix\u00ed mateix, ha enviat tamb\u00e9 un missatge de tranquil\u00b7litat a tots els ciutadans i de responsabilitat amb la seva cura: \u201cQuan tot aix\u00f2 passi, no oblidem, si us plau, <strong>continuar rentant-nos les mans sovint<\/strong> i adoptar totes les <strong>mesures d&#8217;higiene per a evitar contagis<\/strong> i per respecte als altres\u201d.<\/p>\n<p><strong>Altres publicacions d&#8217;inter\u00e8s:<\/strong><\/p>\n<ul>\n<li><a href=\"https:\/\/blog.cofb.cat\/infarma-solidari-recaptara-fons-per-a-la-clinica-pediatrica-let-children-have-health-de-meki-etiopia\/\" target=\"_blank\" rel=\"noopener\">Infarma Solidari recaptar\u00e0 fons per a la Cl\u00ednica Pedi\u00e0trica Let Children Have Health de Meki (Eti\u00f2pia) (Febrer 2020)<\/a><\/li>\n<li><a href=\"https:\/\/blog.cofb.cat\/infarma-madrid-2020-avanc-programa-cientific\/\" target=\"_blank\" rel=\"noopener\">Infarma Madrid 2020: Primer avan\u00e7 del programa cient\u00edfic (Gener 2020)<\/a><\/li>\n<\/ul>\n","protected":false},"excerpt":{"rendered":"<p>L&#8217;organitzaci\u00f3 d\u2019Infarma Madrid 2020, el Congr\u00e9s Europeu d&#8217;Oficina de Farm\u00e0cia i Sal\u00f3 de Medicaments i Parafarm\u00e0cia, ha decidit ajornar la seva celebraci\u00f3 prevista per als dies 10, 11 i 12 de mar\u00e7 davant l&#8217;excepcional situaci\u00f3 sanit\u00e0ria provocada pel coronavirus COVID-19 a Espanya i les mesures de contenci\u00f3 del brot recomanades [&hellip;]<\/p>\n","protected":false},"author":1,"featured_media":50349,"comment_status":"open","ping_status":"open","sticky":false,"template":"","format":"standard","meta":{"_uag_custom_page_level_css":"","site-sidebar-layout":"default","site-content-layout":"","ast-site-content-layout":"default","site-content-style":"default","site-sidebar-style":"default","ast-global-header-display":"","ast-banner-title-visibility":"","ast-main-header-display":"","ast-hfb-above-header-display":"","ast-hfb-below-header-display":"","ast-hfb-mobile-header-display":"","site-post-title":"","ast-breadcrumbs-content":"","ast-featured-img":"disabled","footer-sml-layout":"","theme-transparent-header-meta":"","adv-header-id-meta":"","stick-header-meta":"","header-above-stick-meta":"","header-main-stick-meta":"","header-below-stick-meta":"","astra-migrate-meta-layouts":"default","ast-page-background-enabled":"default","ast-page-background-meta":{"desktop":{"background-color":"var(--ast-global-color-4)","background-image":"","background-repeat":"repeat","background-position":"center center","background-size":"auto","background-attachment":"scroll","background-type":"","background-media":"","overlay-type":"","overlay-color":"","overlay-opacity":"","overlay-gradient":""},"tablet":{"background-color":"","background-image":"","background-repeat":"repeat","background-position":"center center","background-size":"auto","background-attachment":"scroll","background-type":"","background-media":"","overlay-type":"","overlay-color":"","overlay-opacity":"","overlay-gradient":""},"mobile":{"background-color":"","background-image":"","background-repeat":"repeat","background-position":"center center","background-size":"auto","background-attachment":"scroll","background-type":"","background-media":"","overlay-type":"","overlay-color":"","overlay-opacity":"","overlay-gradient":""}},"ast-content-background-meta":{"desktop":{"background-color":"var(--ast-global-color-5)","background-image":"","background-repeat":"repeat","background-position":"center center","background-size":"auto","background-attachment":"scroll","background-type":"","background-media":"","overlay-type":"","overlay-color":"","overlay-opacity":"","overlay-gradient":""},"tablet":{"background-color":"var(--ast-global-color-5)","background-image":"","background-repeat":"repeat","background-position":"center center","background-size":"auto","background-attachment":"scroll","background-type":"","background-media":"","overlay-type":"","overlay-color":"","overlay-opacity":"","overlay-gradient":""},"mobile":{"background-color":"var(--ast-global-color-5)","background-image":"","background-repeat":"repeat","background-position":"center center","background-size":"auto","background-attachment":"scroll","background-type":"","background-media":"","overlay-type":"","overlay-color":"","overlay-opacity":"","overlay-gradient":""}},"footnotes":""},"categories":[2165,57],"tags":[3965,18,110,3966,53,69,28,3690,76],"class_list":["post-50342","post","type-post","status-publish","format-standard","has-post-thumbnail","hentry","category-infarma","category-mon-collegial","tag-ajornament","tag-cofb","tag-cofm","tag-congres-i-salo-farmaceutic","tag-farmaceutics","tag-farmacia-comunitaria","tag-infarma","tag-infarma-madrid-2020","tag-oficina-de-farmacia"],"yoast_head":"<!-- This site is optimized with the Yoast SEO plugin v22.4 - https:\/\/yoast.com\/wordpress\/plugins\/seo\/ -->\n<title>Infarma Madrid 2020 s&#039;ajorna per raons sanit\u00e0ries. Noves dates del 30 de juny al 2 de juliol - Col\u00b7legi de Farmac\u00e8utics de Barcelona<\/title>\n<meta name=\"robots\" content=\"index, follow, max-snippet:-1, max-image-preview:large, max-video-preview:-1\" \/>\n<link rel=\"canonical\" href=\"https:\/\/www.cofb.org\/ca\/2020\/03\/05\/infarma-madrid-2020-sajorna-raons-sanitaries\/\" \/>\n<meta property=\"og:locale\" content=\"ca_ES\" \/>\n<meta property=\"og:type\" content=\"article\" \/>\n<meta property=\"og:title\" content=\"Infarma Madrid 2020 s&#039;ajorna per raons sanit\u00e0ries. Noves dates del 30 de juny al 2 de juliol - Col\u00b7legi de Farmac\u00e8utics de Barcelona\" \/>\n<meta property=\"og:description\" content=\"L&#8217;organitzaci\u00f3 d\u2019Infarma Madrid 2020, el Congr\u00e9s Europeu d&#8217;Oficina de Farm\u00e0cia i Sal\u00f3 de Medicaments i Parafarm\u00e0cia, ha decidit ajornar la seva celebraci\u00f3 prevista per als dies 10, 11 i 12 de mar\u00e7 davant l&#8217;excepcional situaci\u00f3 sanit\u00e0ria provocada pel coronavirus COVID-19 a Espanya i les mesures de contenci\u00f3 del brot recomanades [&hellip;]\" \/>\n<meta property=\"og:url\" content=\"https:\/\/www.cofb.org\/ca\/2020\/03\/05\/infarma-madrid-2020-sajorna-raons-sanitaries\/\" \/>\n<meta property=\"og:site_name\" content=\"Col\u00b7legi de Farmac\u00e8utics de Barcelona\" \/>\n<meta property=\"article:publisher\" content=\"https:\/\/www.facebook.com\/farmaceuticsbcn\/\" \/>\n<meta property=\"article:published_time\" content=\"2020-03-05T16:12:42+00:00\" \/>\n<meta name=\"author\" content=\"wpAdminCofbOrg\" \/>\n<meta name=\"twitter:card\" content=\"summary_large_image\" \/>\n<meta name=\"twitter:creator\" content=\"@farmaceuticsbcn\" \/>\n<meta name=\"twitter:site\" content=\"@farmaceuticsbcn\" \/>\n<meta name=\"twitter:label1\" content=\"Escrit per\" \/>\n\t<meta name=\"twitter:data1\" content=\"wpAdminCofbOrg\" \/>\n\t<meta name=\"twitter:label2\" content=\"Temps estimat de lectura\" \/>\n\t<meta name=\"twitter:data2\" content=\"2 minuts\" \/>\n<script type=\"application\/ld+json\" class=\"yoast-schema-graph\">{\"@context\":\"https:\/\/schema.org\",\"@graph\":[{\"@type\":\"Article\",\"@id\":\"https:\/\/www.cofb.org\/2020\/03\/05\/infarma-madrid-2020-sajorna-raons-sanitaries\/#article\",\"isPartOf\":{\"@id\":\"https:\/\/www.cofb.org\/2020\/03\/05\/infarma-madrid-2020-sajorna-raons-sanitaries\/\"},\"author\":{\"name\":\"wpAdminCofbOrg\",\"@id\":\"https:\/\/www.cofb.org\/#\/schema\/person\/22ed7eea88da74b0fa4d3154ad87ffcb\"},\"headline\":\"Infarma Madrid 2020 s&#8217;ajorna per raons sanit\u00e0ries. Noves dates del 30 de juny al 2 de juliol\",\"datePublished\":\"2020-03-05T16:12:42+00:00\",\"dateModified\":\"2020-03-05T16:12:42+00:00\",\"mainEntityOfPage\":{\"@id\":\"https:\/\/www.cofb.org\/2020\/03\/05\/infarma-madrid-2020-sajorna-raons-sanitaries\/\"},\"wordCount\":508,\"commentCount\":0,\"publisher\":{\"@id\":\"https:\/\/www.cofb.org\/#organization\"},\"image\":{\"@id\":\"https:\/\/www.cofb.org\/2020\/03\/05\/infarma-madrid-2020-sajorna-raons-sanitaries\/#primaryimage\"},\"thumbnailUrl\":\"\",\"keywords\":[\"ajornament\",\"COFB\",\"COFM\",\"Congr\u00e9s i Sal\u00f3 Farmac\u00e8utic\",\"farmac\u00e8utics\",\"farm\u00e0cia comunit\u00e0ria\",\"Infarma\",\"Infarma Madrid 2020\",\"Oficina de farm\u00e0cia\"],\"articleSection\":[\"Infarma\",\"M\u00f3n col\u00b7legial\"],\"inLanguage\":\"ca\",\"potentialAction\":[{\"@type\":\"CommentAction\",\"name\":\"Comment\",\"target\":[\"https:\/\/www.cofb.org\/2020\/03\/05\/infarma-madrid-2020-sajorna-raons-sanitaries\/#respond\"]}]},{\"@type\":\"WebPage\",\"@id\":\"https:\/\/www.cofb.org\/2020\/03\/05\/infarma-madrid-2020-sajorna-raons-sanitaries\/\",\"url\":\"https:\/\/www.cofb.org\/2020\/03\/05\/infarma-madrid-2020-sajorna-raons-sanitaries\/\",\"name\":\"Infarma Madrid 2020 s'ajorna per raons sanit\u00e0ries. Noves dates del 30 de juny al 2 de juliol - Col\u00b7legi de Farmac\u00e8utics de Barcelona\",\"isPartOf\":{\"@id\":\"https:\/\/www.cofb.org\/#website\"},\"primaryImageOfPage\":{\"@id\":\"https:\/\/www.cofb.org\/2020\/03\/05\/infarma-madrid-2020-sajorna-raons-sanitaries\/#primaryimage\"},\"image\":{\"@id\":\"https:\/\/www.cofb.org\/2020\/03\/05\/infarma-madrid-2020-sajorna-raons-sanitaries\/#primaryimage\"},\"thumbnailUrl\":\"\",\"datePublished\":\"2020-03-05T16:12:42+00:00\",\"dateModified\":\"2020-03-05T16:12:42+00:00\",\"breadcrumb\":{\"@id\":\"https:\/\/www.cofb.org\/2020\/03\/05\/infarma-madrid-2020-sajorna-raons-sanitaries\/#breadcrumb\"},\"inLanguage\":\"ca\",\"potentialAction\":[{\"@type\":\"ReadAction\",\"target\":[\"https:\/\/www.cofb.org\/2020\/03\/05\/infarma-madrid-2020-sajorna-raons-sanitaries\/\"]}]},{\"@type\":\"ImageObject\",\"inLanguage\":\"ca\",\"@id\":\"https:\/\/www.cofb.org\/2020\/03\/05\/infarma-madrid-2020-sajorna-raons-sanitaries\/#primaryimage\",\"url\":\"\",\"contentUrl\":\"\"},{\"@type\":\"BreadcrumbList\",\"@id\":\"https:\/\/www.cofb.org\/2020\/03\/05\/infarma-madrid-2020-sajorna-raons-sanitaries\/#breadcrumb\",\"itemListElement\":[{\"@type\":\"ListItem\",\"position\":1,\"name\":\"Inici\",\"item\":\"https:\/\/novaorg.cofb.net\/\"},{\"@type\":\"ListItem\",\"position\":2,\"name\":\"Infarma Madrid 2020 s&#8217;ajorna per raons sanit\u00e0ries. Noves dates del 30 de juny al 2 de juliol\"}]},{\"@type\":\"WebSite\",\"@id\":\"https:\/\/www.cofb.org\/#website\",\"url\":\"https:\/\/www.cofb.org\/\",\"name\":\"Col\u00b7legi de Farmac\u00e8utics de Barcelona\",\"description\":\"\",\"publisher\":{\"@id\":\"https:\/\/www.cofb.org\/#organization\"},\"potentialAction\":[{\"@type\":\"SearchAction\",\"target\":{\"@type\":\"EntryPoint\",\"urlTemplate\":\"https:\/\/www.cofb.org\/?s={search_term_string}\"},\"query-input\":\"required name=search_term_string\"}],\"inLanguage\":\"ca\"},{\"@type\":\"Organization\",\"@id\":\"https:\/\/www.cofb.org\/#organization\",\"name\":\"Col\u00b7legi de Farmac\u00e8utics de Barcelona\",\"url\":\"https:\/\/www.cofb.org\/\",\"logo\":{\"@type\":\"ImageObject\",\"inLanguage\":\"ca\",\"@id\":\"https:\/\/www.cofb.org\/#\/schema\/logo\/image\/\",\"url\":\"https:\/\/www.cofb.org\/wp-content\/uploads\/2023\/11\/cropped-Logotip-COFB.png\",\"contentUrl\":\"https:\/\/www.cofb.org\/wp-content\/uploads\/2023\/11\/cropped-Logotip-COFB.png\",\"width\":500,\"height\":105,\"caption\":\"Col\u00b7legi de Farmac\u00e8utics de Barcelona\"},\"image\":{\"@id\":\"https:\/\/www.cofb.org\/#\/schema\/logo\/image\/\"},\"sameAs\":[\"https:\/\/www.facebook.com\/farmaceuticsbcn\/\",\"https:\/\/twitter.com\/farmaceuticsbcn\",\"https:\/\/www.instagram.com\/farmaceuticsbcn\/\",\"https:\/\/www.linkedin.com\/company\/farmaceuticsbcn\/\"]},{\"@type\":\"Person\",\"@id\":\"https:\/\/www.cofb.org\/#\/schema\/person\/22ed7eea88da74b0fa4d3154ad87ffcb\",\"name\":\"wpAdminCofbOrg\",\"image\":{\"@type\":\"ImageObject\",\"inLanguage\":\"ca\",\"@id\":\"https:\/\/www.cofb.org\/#\/schema\/person\/image\/\",\"url\":\"https:\/\/secure.gravatar.com\/avatar\/1721b20b3b8ca882c3b56ec6c978c594fff670e40c0718e9190eaeeb76aae7d8?s=96&d=mm&r=g\",\"contentUrl\":\"https:\/\/secure.gravatar.com\/avatar\/1721b20b3b8ca882c3b56ec6c978c594fff670e40c0718e9190eaeeb76aae7d8?s=96&d=mm&r=g\",\"caption\":\"wpAdminCofbOrg\"},\"sameAs\":[\"http:\/\/192.168.64.122\/wordpress\"],\"url\":\"https:\/\/www.cofb.org\/ca\/author\/wpadmincofborg\/\"}]}<\/script>\n<!-- \/ Yoast SEO plugin. -->","yoast_head_json":{"title":"Infarma Madrid 2020 s'ajorna per raons sanit\u00e0ries. Noves dates del 30 de juny al 2 de juliol - Col\u00b7legi de Farmac\u00e8utics de Barcelona","robots":{"index":"index","follow":"follow","max-snippet":"max-snippet:-1","max-image-preview":"max-image-preview:large","max-video-preview":"max-video-preview:-1"},"canonical":"https:\/\/www.cofb.org\/ca\/2020\/03\/05\/infarma-madrid-2020-sajorna-raons-sanitaries\/","og_locale":"ca_ES","og_type":"article","og_title":"Infarma Madrid 2020 s'ajorna per raons sanit\u00e0ries. Noves dates del 30 de juny al 2 de juliol - Col\u00b7legi de Farmac\u00e8utics de Barcelona","og_description":"L&#8217;organitzaci\u00f3 d\u2019Infarma Madrid 2020, el Congr\u00e9s Europeu d&#8217;Oficina de Farm\u00e0cia i Sal\u00f3 de Medicaments i Parafarm\u00e0cia, ha decidit ajornar la seva celebraci\u00f3 prevista per als dies 10, 11 i 12 de mar\u00e7 davant l&#8217;excepcional situaci\u00f3 sanit\u00e0ria provocada pel coronavirus COVID-19 a Espanya i les mesures de contenci\u00f3 del brot recomanades [&hellip;]","og_url":"https:\/\/www.cofb.org\/ca\/2020\/03\/05\/infarma-madrid-2020-sajorna-raons-sanitaries\/","og_site_name":"Col\u00b7legi de Farmac\u00e8utics de Barcelona","article_publisher":"https:\/\/www.facebook.com\/farmaceuticsbcn\/","article_published_time":"2020-03-05T16:12:42+00:00","author":"wpAdminCofbOrg","twitter_card":"summary_large_image","twitter_creator":"@farmaceuticsbcn","twitter_site":"@farmaceuticsbcn","twitter_misc":{"Escrit per":"wpAdminCofbOrg","Temps estimat de lectura":"2 minuts"},"schema":{"@context":"https:\/\/schema.org","@graph":[{"@type":"Article","@id":"https:\/\/www.cofb.org\/2020\/03\/05\/infarma-madrid-2020-sajorna-raons-sanitaries\/#article","isPartOf":{"@id":"https:\/\/www.cofb.org\/2020\/03\/05\/infarma-madrid-2020-sajorna-raons-sanitaries\/"},"author":{"name":"wpAdminCofbOrg","@id":"https:\/\/www.cofb.org\/#\/schema\/person\/22ed7eea88da74b0fa4d3154ad87ffcb"},"headline":"Infarma Madrid 2020 s&#8217;ajorna per raons sanit\u00e0ries. Noves dates del 30 de juny al 2 de juliol","datePublished":"2020-03-05T16:12:42+00:00","dateModified":"2020-03-05T16:12:42+00:00","mainEntityOfPage":{"@id":"https:\/\/www.cofb.org\/2020\/03\/05\/infarma-madrid-2020-sajorna-raons-sanitaries\/"},"wordCount":508,"commentCount":0,"publisher":{"@id":"https:\/\/www.cofb.org\/#organization"},"image":{"@id":"https:\/\/www.cofb.org\/2020\/03\/05\/infarma-madrid-2020-sajorna-raons-sanitaries\/#primaryimage"},"thumbnailUrl":"","keywords":["ajornament","COFB","COFM","Congr\u00e9s i Sal\u00f3 Farmac\u00e8utic","farmac\u00e8utics","farm\u00e0cia comunit\u00e0ria","Infarma","Infarma Madrid 2020","Oficina de farm\u00e0cia"],"articleSection":["Infarma","M\u00f3n col\u00b7legial"],"inLanguage":"ca","potentialAction":[{"@type":"CommentAction","name":"Comment","target":["https:\/\/www.cofb.org\/2020\/03\/05\/infarma-madrid-2020-sajorna-raons-sanitaries\/#respond"]}]},{"@type":"WebPage","@id":"https:\/\/www.cofb.org\/2020\/03\/05\/infarma-madrid-2020-sajorna-raons-sanitaries\/","url":"https:\/\/www.cofb.org\/2020\/03\/05\/infarma-madrid-2020-sajorna-raons-sanitaries\/","name":"Infarma Madrid 2020 s'ajorna per raons sanit\u00e0ries. Noves dates del 30 de juny al 2 de juliol - Col\u00b7legi de Farmac\u00e8utics de Barcelona","isPartOf":{"@id":"https:\/\/www.cofb.org\/#website"},"primaryImageOfPage":{"@id":"https:\/\/www.cofb.org\/2020\/03\/05\/infarma-madrid-2020-sajorna-raons-sanitaries\/#primaryimage"},"image":{"@id":"https:\/\/www.cofb.org\/2020\/03\/05\/infarma-madrid-2020-sajorna-raons-sanitaries\/#primaryimage"},"thumbnailUrl":"","datePublished":"2020-03-05T16:12:42+00:00","dateModified":"2020-03-05T16:12:42+00:00","breadcrumb":{"@id":"https:\/\/www.cofb.org\/2020\/03\/05\/infarma-madrid-2020-sajorna-raons-sanitaries\/#breadcrumb"},"inLanguage":"ca","potentialAction":[{"@type":"ReadAction","target":["https:\/\/www.cofb.org\/2020\/03\/05\/infarma-madrid-2020-sajorna-raons-sanitaries\/"]}]},{"@type":"ImageObject","inLanguage":"ca","@id":"https:\/\/www.cofb.org\/2020\/03\/05\/infarma-madrid-2020-sajorna-raons-sanitaries\/#primaryimage","url":"","contentUrl":""},{"@type":"BreadcrumbList","@id":"https:\/\/www.cofb.org\/2020\/03\/05\/infarma-madrid-2020-sajorna-raons-sanitaries\/#breadcrumb","itemListElement":[{"@type":"ListItem","position":1,"name":"Inici","item":"https:\/\/novaorg.cofb.net\/"},{"@type":"ListItem","position":2,"name":"Infarma Madrid 2020 s&#8217;ajorna per raons sanit\u00e0ries. Noves dates del 30 de juny al 2 de juliol"}]},{"@type":"WebSite","@id":"https:\/\/www.cofb.org\/#website","url":"https:\/\/www.cofb.org\/","name":"Col\u00b7legi de Farmac\u00e8utics de Barcelona","description":"","publisher":{"@id":"https:\/\/www.cofb.org\/#organization"},"potentialAction":[{"@type":"SearchAction","target":{"@type":"EntryPoint","urlTemplate":"https:\/\/www.cofb.org\/?s={search_term_string}"},"query-input":"required name=search_term_string"}],"inLanguage":"ca"},{"@type":"Organization","@id":"https:\/\/www.cofb.org\/#organization","name":"Col\u00b7legi de Farmac\u00e8utics de Barcelona","url":"https:\/\/www.cofb.org\/","logo":{"@type":"ImageObject","inLanguage":"ca","@id":"https:\/\/www.cofb.org\/#\/schema\/logo\/image\/","url":"https:\/\/www.cofb.org\/wp-content\/uploads\/2023\/11\/cropped-Logotip-COFB.png","contentUrl":"https:\/\/www.cofb.org\/wp-content\/uploads\/2023\/11\/cropped-Logotip-COFB.png","width":500,"height":105,"caption":"Col\u00b7legi de Farmac\u00e8utics de Barcelona"},"image":{"@id":"https:\/\/www.cofb.org\/#\/schema\/logo\/image\/"},"sameAs":["https:\/\/www.facebook.com\/farmaceuticsbcn\/","https:\/\/twitter.com\/farmaceuticsbcn","https:\/\/www.instagram.com\/farmaceuticsbcn\/","https:\/\/www.linkedin.com\/company\/farmaceuticsbcn\/"]},{"@type":"Person","@id":"https:\/\/www.cofb.org\/#\/schema\/person\/22ed7eea88da74b0fa4d3154ad87ffcb","name":"wpAdminCofbOrg","image":{"@type":"ImageObject","inLanguage":"ca","@id":"https:\/\/www.cofb.org\/#\/schema\/person\/image\/","url":"https:\/\/secure.gravatar.com\/avatar\/1721b20b3b8ca882c3b56ec6c978c594fff670e40c0718e9190eaeeb76aae7d8?s=96&d=mm&r=g","contentUrl":"https:\/\/secure.gravatar.com\/avatar\/1721b20b3b8ca882c3b56ec6c978c594fff670e40c0718e9190eaeeb76aae7d8?s=96&d=mm&r=g","caption":"wpAdminCofbOrg"},"sameAs":["http:\/\/192.168.64.122\/wordpress"],"url":"https:\/\/www.cofb.org\/ca\/author\/wpadmincofborg\/"}]}},"uagb_featured_image_src":{"full":false,"thumbnail":false,"medium":false,"medium_large":false,"large":false,"1536x1536":false,"2048x2048":false,"trp-custom-language-flag":false},"uagb_author_info":{"display_name":"wpAdminCofbOrg","author_link":"https:\/\/www.cofb.org\/ca\/author\/wpadmincofborg\/"},"uagb_comment_info":0,"uagb_excerpt":"L&#8217;organitzaci\u00f3 d\u2019Infarma Madrid 2020, el Congr\u00e9s Europeu d&#8217;Oficina de Farm\u00e0cia i Sal\u00f3 de Medicaments i Parafarm\u00e0cia, ha decidit ajornar la seva celebraci\u00f3 prevista per als dies 10, 11 i 12 de mar\u00e7 davant l&#8217;excepcional situaci\u00f3 sanit\u00e0ria provocada pel coronavirus COVID-19 a Espanya i les mesures de contenci\u00f3 del brot recomanades [&hellip;]","_links":{"self":[{"href":"https:\/\/www.cofb.org\/ca\/wp-json\/wp\/v2\/posts\/50342","targetHints":{"allow":["GET"]}}],"collection":[{"href":"https:\/\/www.cofb.org\/ca\/wp-json\/wp\/v2\/posts"}],"about":[{"href":"https:\/\/www.cofb.org\/ca\/wp-json\/wp\/v2\/types\/post"}],"author":[{"embeddable":true,"href":"https:\/\/www.cofb.org\/ca\/wp-json\/wp\/v2\/users\/1"}],"replies":[{"embeddable":true,"href":"https:\/\/www.cofb.org\/ca\/wp-json\/wp\/v2\/comments?post=50342"}],"version-history":[{"count":0,"href":"https:\/\/www.cofb.org\/ca\/wp-json\/wp\/v2\/posts\/50342\/revisions"}],"wp:featuredmedia":[{"embeddable":true,"href":"https:\/\/www.cofb.org\/ca\/wp-json\/"}],"wp:attachment":[{"href":"https:\/\/www.cofb.org\/ca\/wp-json\/wp\/v2\/media?parent=50342"}],"wp:term":[{"taxonomy":"category","embeddable":true,"href":"https:\/\/www.cofb.org\/ca\/wp-json\/wp\/v2\/categories?post=50342"},{"taxonomy":"post_tag","embeddable":true,"href":"https:\/\/www.cofb.org\/ca\/wp-json\/wp\/v2\/tags?post=50342"}],"curies":[{"name":"wp","href":"https:\/\/api.w.org\/{rel}","templated":true}]}}