{"id":50293,"date":"2020-03-06T14:48:32","date_gmt":"2020-03-06T12:48:32","guid":{"rendered":"https:\/\/blog.cofb.cat\/?p=50293"},"modified":"2020-03-06T14:48:32","modified_gmt":"2020-03-06T12:48:32","slug":"reflexions-mes-visible-dona-mon-salut-8m2020","status":"publish","type":"post","link":"https:\/\/www.cofb.org\/ca\/2020\/03\/06\/reflexions-mes-visible-dona-mon-salut-8m2020\/","title":{"rendered":"Reflexions per fer m\u00e9s visible la dona en el m\u00f3n de la salut #8M2020"},"content":{"rendered":"<p>El passat 4 de mar\u00e7 va tenir lloc al <strong>Col\u00b7legi de Farmac\u00e8utics de Barcelona<\/strong> la<strong> taula rodona<\/strong>\u00a0<strong>&#8220;Dones visibles en el m\u00f3n de la salut&#8221;<\/strong>. Moderada per la periodista L\u00eddia Heredia, va comptar amb les intervencions de <strong>Cristina Besc\u00f3s<\/strong>, directora gerent d&#8217;EIT Health Spain; <strong>Carlota Doba\u00f1o<\/strong>, cap del Grup d&#8217;Immunologia de la Mal\u00e0ria d&#8217;ISGlobal; <strong>Roc\u00edo L\u00f3pez-Ybarra<\/strong>, farmac\u00e8utica comunit\u00e0ria, titular de la farm\u00e0cia Guarc i <strong>M. \u00c0ngels Valls<\/strong>, <em>Chief Communications &amp; Public Affairs Officer<\/em> d&#8217;Esteve.<\/p>\n<figure id=\"attachment_50366\" aria-describedby=\"caption-attachment-50366\" style=\"width: 620px\" class=\"wp-caption aligncenter\"><a href=\"https:\/\/blog.cofb.cat\/wp-content\/uploads\/2020\/03\/cofb.200304-04.jpg\"><img fetchpriority=\"high\" decoding=\"async\" class=\"wp-image-50366 size-large\" title=\"D'esquerra a dreta: Joan Calduch, tresorer del COFB; L\u00eddia Heredia, periodista; N\u00faria Oliva, vocal de Salut P\u00fablica del COFB; Cristina Besc\u00f3s, gerent d'EITHealth; Carlota Doba\u00f1o, cap del Grup d'Immunologia de la Mal\u00e0ria d'ISGlobal, Roc\u00edo L\u00f3pez-Ybarra, farmac\u00e8utica titular d'oficina de farm\u00e0cia; M. \u00c0ngels Valls, directora de comunicaci\u00f3 d'Esteve; N\u00faria Bosch, vicepresidenta del COFB; Aina Surroca, vocal del COFB i Jordi Casas, secretari del COFB.\" src=\"https:\/\/blog.cofb.cat\/wp-content\/uploads\/2020\/03\/cofb.200304-04-1024x683.jpg\" alt=\"D'esquerra a dreta: Joan Calduch, tresorer del COFB; L\u00eddia Heredia, periodista; N\u00faria Oliva, vocal de Salut P\u00fablica del COFB; Cristina Besc\u00f3s, gerent d'EITHealth; Carlota Doba\u00f1o, cap del Grup d'Immunologia de la Mal\u00e0ria d'ISGlobal, Roc\u00edo L\u00f3pez-Ybarra, farmac\u00e8utica titular d'oficina de farm\u00e0cia; M. \u00c0ngels Valls, directora de comunicaci\u00f3 d'Esteve; N\u00faria Bosch, vicepresidenta del COFB; Aina Surroca, vocal del COFB i Jordi Casas, secretari del COFB.\" width=\"620\" height=\"414\" \/><\/a><figcaption id=\"caption-attachment-50366\" class=\"wp-caption-text\">D&#8217;esquerra a dreta: Joan Calduch, tresorer del COFB; L\u00eddia Heredia, periodista; N\u00faria Oliva, vocal de Salut P\u00fablica del COFB; Cristina Besc\u00f3s, gerent d&#8217;EITHealth; Carlota Doba\u00f1o, cap del Grup d&#8217;Immunologia de la Mal\u00e0ria d&#8217;ISGlobal, Roc\u00edo L\u00f3pez-Ybarra, farmac\u00e8utica titular d&#8217;oficina de farm\u00e0cia; M. \u00c0ngels Valls, directora de comunicaci\u00f3 d&#8217;Esteve; N\u00faria Bosch, vicepresidenta del COFB; Aina Surroca, vocal del COFB i Jordi Casas, secretari del COFB.<\/figcaption><\/figure>\n<p>Despr\u00e9s de la presentaci\u00f3 del debat que va fer N\u00faria Oliva, vocal de Salut P\u00fablica del COFB, la periodista L\u00eddia Heredia va posar damunt la taula els <strong>percentatges de dones en l&#8217;\u00e0mbit de la professi\u00f3 farmac\u00e8utica<\/strong>: &#8220;un <strong>75%<\/strong>\u00a0si ens fixem en tot el col\u00b7lectiu, i un <strong>85%<\/strong> en el cas concret de l&#8217;<strong>oficina de farm\u00e0cia<\/strong>&#8220;. La directora de &#8220;Els Matins de TV3&#8221; va afirmar que, en relaci\u00f3 amb la <strong>igualtat<\/strong>, &#8220;volia ser <strong>optimista<\/strong> i donar per fet que la <strong>teoria ens la sabem tots<\/strong>, tant homes com dones&#8221; per\u00f2 que les diverses intervencions servirien per veure &#8220;si quan es trasllada<strong>\u00a0<\/strong>a la realitat hi \u00e9s o no&#8221;.<\/p>\n<h1><span style=\"color: #008080;\"><strong>La visi\u00f3 de les &#8220;dones visibles&#8221; en l&#8217;\u00e0mbit professional de la salut<\/strong><\/span><\/h1>\n<p>Durant els dies previs al col\u00b7loqui, les diverses ponents ens van compartir la seva visi\u00f3,\u00a0des de la farm\u00e0cia comunit\u00e0ria, la ind\u00fastria, la investigaci\u00f3 i la innovaci\u00f3, pel que fa a la <strong>visibilitat de la tasca professional <\/strong>de la dona al m\u00f3n de la salut, <strong>com es pot millorar la pres\u00e8ncia de la dona <\/strong>a tots els nivells i <strong>com veuen el futur professional en clau de g\u00e8nere.\u00a0\u00a0<\/strong><\/p>\n<h2><span style=\"color: #008080;\"><strong>Visibilitat de la tasca professional de la dona\u00a0<\/strong><\/span><\/h2>\n<p>Maria \u00c0ngels Valls, directora de comunicaci\u00f3\u00a0d&#8217;Esteve, va explicar que &#8220;\u00e9s <strong>un fet comprovable<\/strong> que en la majoria de <strong>facultats de ci\u00e8ncies de la salut, entre el 70 i el 80% dels estudiants s\u00f3n dones<\/strong>; per\u00f2 quan es trasllada aix\u00f2 als <strong>llocs de responsabilitat<\/strong> la situaci\u00f3 \u00e9s inversa&#8221;.\u00a0Valls va recon\u00e8ixer que la pres\u00e8ncia femenina a les posicions d&#8217;influ\u00e8ncia en el m\u00f3n de la salut &#8220;<strong>est\u00e0 per sobre d&#8217;altres sectors<\/strong>&#8220;, tot i que &#8220;<strong>encara queda molt cam\u00ed per rec\u00f3rrer per arribar a la paritat<\/strong>&#8220;.\u00a0I va afegir: &#8220;En el cas concret de la <strong>ind\u00fastria farmac\u00e8utica<\/strong>, la situaci\u00f3 est\u00e0 una mica millor, ja que <strong>t\u00e9 una participaci\u00f3 femenina molt m\u00e9s alta (superior al 40%)<\/strong> <strong>en els nivells de m\u00e9s responsabilitat<\/strong> que la mitjana d&#8217;empreses de l&#8217;IBEX&#8221;.<\/p>\n<figure id=\"attachment_50368\" aria-describedby=\"caption-attachment-50368\" style=\"width: 620px\" class=\"wp-caption aligncenter\"><a href=\"https:\/\/blog.cofb.cat\/wp-content\/uploads\/2020\/03\/cofb.200304-18.jpg\"><img decoding=\"async\" class=\"wp-image-50368 size-large\" title=\"M. \u00c0ngels Valls, directora de comunicaci\u00f3 d'Esteve.\" src=\"https:\/\/blog.cofb.cat\/wp-content\/uploads\/2020\/03\/cofb.200304-18-1024x683.jpg\" alt=\"M. \u00c0ngels Valls, directora de comunicaci\u00f3 d'Esteve.\" width=\"620\" height=\"414\" \/><\/a><figcaption id=\"caption-attachment-50368\" class=\"wp-caption-text\">M. \u00c0ngels Valls, directora de comunicaci\u00f3 d&#8217;Esteve.<\/figcaption><\/figure>\n<p>Qui tamb\u00e9 comparteix aquesta afirmaci\u00f3, aplicada al seu \u00e0mbit de la investigaci\u00f3,\u00a0\u00e9s <strong>Carlota Doba\u00f1o<\/strong>,\u00a0cap del Grup d&#8217;Immunologia de la Mal\u00e0ria d&#8217;ISGlobal: &#8220;En l&#8217;\u00e0mbit de la <strong>recerca<\/strong>, hi ha\u00a0possiblement <strong>m\u00e9s representativitat dels dos g\u00e8neres<\/strong>, tot i que es d\u00f3na el fenomen de la <strong>pir\u00e0mide inversa<\/strong>: en les <strong>fases inicials de la carrera cient\u00edfica<\/strong> (doctorat, postdoctorat) hi ha moltes noies joves, per\u00f2 a mesura que es va avan\u00e7ant cap a posicions s\u00e8niors de m\u00e9s responsabilitat (cap de grup, catedr\u00e0tic, cap de departament, direcci\u00f3) hi ha m\u00e9s proporci\u00f3 d&#8217;homes, com passa en altres \u00e0mbits&#8221;. Segons ella, aquest\u00a0<strong>sostre de vidre<\/strong>\u00a0s&#8217;associa, entre altres condicionants, &#8220;al fet que\u00a0el moment en qu\u00e8 s&#8217;ha de fer la transici\u00f3 a cap de grup i iniciar una carrera independent com a investigadora principal sol <strong>coincidir amb la maternitat<\/strong>, i la conciliaci\u00f3 amb una carrera tan exigent com aquesta \u00e9s for\u00e7a complicada, si no tens molt suport familiar a tots nivells&#8221;.<\/p>\n<figure id=\"attachment_50370\" aria-describedby=\"caption-attachment-50370\" style=\"width: 620px\" class=\"wp-caption aligncenter\"><a href=\"https:\/\/blog.cofb.cat\/wp-content\/uploads\/2020\/03\/cofb.200304-30.jpg\"><img decoding=\"async\" class=\"wp-image-50370 size-large\" title=\"La doctora Carlota Doba\u00f1o, cap del Grup d\u2019Immunologia de la Mal\u00e0ria d\u2019ISGlobal.\" src=\"https:\/\/blog.cofb.cat\/wp-content\/uploads\/2020\/03\/cofb.200304-30-1024x683.jpg\" alt=\"La doctora Carlota Doba\u00f1o, cap del Grup d\u2019Immunologia de la Mal\u00e0ria d\u2019ISGlobal.\" width=\"620\" height=\"414\" \/><\/a><figcaption id=\"caption-attachment-50370\" class=\"wp-caption-text\">La doctora Carlota Doba\u00f1o, cap del Grup d\u2019Immunologia de la Mal\u00e0ria d\u2019ISGlobal.<\/figcaption><\/figure>\n<p>En relaci\u00f3 amb la idea del sostre de vidre, Cristina Besc\u00f3s,\u00a0directora gerent d&#8217;EIT Health Spain va posar \u00e8mfasi en tres grups -especialment lligats a la <strong>innovaci\u00f3<\/strong>&#8211; en qu\u00e8 <strong>la pres\u00e8ncia femenina continua sent molt baixa<\/strong>, tenint en compte &#8220;que la dona dins del m\u00f3n de la salut est\u00e0 <strong>\u00e0mpliament representada en totes les professions<\/strong>&#8220;. Des del seu punt de vista, en l&#8217;<strong>\u00e0mbit<\/strong>\u00a0<strong>directiu<\/strong> &#8220;hi ha molta proporci\u00f3 de dones a la base i els percentatges s&#8217;inverteixen al final de la carrera&#8221;. En segon lloc, Besc\u00f3s tamb\u00e9 va destacar el <strong>grup d&#8217;emprenedores<\/strong>, ja que, segons ella, &#8220;hem de treballar el fet que l&#8217;<strong>emprenedoria<\/strong> i la <strong>tecnologia<\/strong> tamb\u00e9 estigui <strong>liderada per dones<\/strong>&#8221; i, en tercer lloc, el <strong>grup d&#8217;inversores <\/strong>respecte al qual va afirmar que<strong>\u00a0<\/strong>&#8220;el paper de la dona en els <strong><em>business angels<\/em><\/strong> o <strong><em>venture capital\u00a0<\/em><\/strong>\u00e9s extremadament <strong>redu\u00eft<\/strong> i <strong>\u00e9s important\u00edssim<\/strong> afrontar-lo&#8221;. I va afegir: &#8220;Est\u00e0 demostrat que els inversors aposten per persones amb qui s&#8217;identifiquen. Per la qual cosa,\u00a0<strong>com m\u00e9s gran \u00e9s el percentatge de dones en aquesta banda<\/strong>, <strong>m\u00e9s projectes\u00a0es promouen liderats per aquestes<\/strong>&#8220;.<\/p>\n<figure id=\"attachment_50371\" aria-describedby=\"caption-attachment-50371\" style=\"width: 620px\" class=\"wp-caption aligncenter\"><a href=\"https:\/\/blog.cofb.cat\/wp-content\/uploads\/2020\/03\/cofb.200304-34.jpg\"><img loading=\"lazy\" decoding=\"async\" class=\"wp-image-50371 size-large\" title=\"Cristina Besc\u00f3s, gerent d'EITHealth. \" src=\"https:\/\/blog.cofb.cat\/wp-content\/uploads\/2020\/03\/cofb.200304-34-1024x683.jpg\" alt=\"Cristina Besc\u00f3s, gerent d'EITHealth. \" width=\"620\" height=\"414\" \/><\/a><figcaption id=\"caption-attachment-50371\" class=\"wp-caption-text\">Cristina Besc\u00f3s, gerent d&#8217;EITHealth.<\/figcaption><\/figure>\n<p>Una visi\u00f3 tamb\u00e9 compartida per\u00a0<strong>Roc\u00edo L\u00f3pez-Ybarra<\/strong>,\u00a0farmac\u00e8utica comunit\u00e0ria, titular de la farm\u00e0cia Guarc: &#8220;Si generalitzem, jo crec que pr\u00e0cticament a tots els \u00e0mbits calen <strong>mesures per afavorir l\u2019empoderament de la dona<\/strong> i fer visible, definitivament, la seva <strong>v\u00e0lua<\/strong> i el seu <strong>talent<\/strong>&#8220;. Per tot plegat, &#8220;cal <strong>conscienciaci\u00f3<\/strong> i <strong>educaci\u00f3 de la poblaci\u00f3<\/strong> en termes d\u2019<strong>igualtat<\/strong> i <strong>paritat<\/strong>. I aix\u00f2 s\u2019ha de fer des de tots els nivells: des del carrer, les institucions, les organitzacions de dones, per\u00f2 sobretot des de l\u2019administraci\u00f3&#8221;.<\/p>\n<figure id=\"attachment_50369\" aria-describedby=\"caption-attachment-50369\" style=\"width: 620px\" class=\"wp-caption aligncenter\"><a href=\"https:\/\/blog.cofb.cat\/wp-content\/uploads\/2020\/03\/cofb.200304-25.jpg\"><img loading=\"lazy\" decoding=\"async\" class=\"wp-image-50369 size-large\" title=\"La farmac\u00e8utica Roc\u00edo L\u00f3pez-Ybarra, titular de la farm\u00e0cia Guarc.\" src=\"https:\/\/blog.cofb.cat\/wp-content\/uploads\/2020\/03\/cofb.200304-25-1024x683.jpg\" alt=\"La farmac\u00e8utica Roc\u00edo L\u00f3pez-Ybarra, titular de la farm\u00e0cia Guarc.\" width=\"620\" height=\"414\" \/><\/a><figcaption id=\"caption-attachment-50369\" class=\"wp-caption-text\">La farmac\u00e8utica Roc\u00edo L\u00f3pez-Ybarra, titular de la farm\u00e0cia Guarc.<\/figcaption><\/figure>\n<h2><span style=\"color: #008080;\"><strong>Com millorar la pres\u00e8ncia de la dona en tots els nivells? Com\u00a0 es veu el futur professional en clau de g\u00e8nere?<\/strong><\/span><\/h2>\n<p>L\u00f3pez-Ybarra va afirmar que la <strong>farm\u00e0cia comunit\u00e0ria<\/strong> ha estat, tradicionalment, &#8220;un <strong>sector molt femen\u00ed<\/strong> i les tend\u00e8ncies actuals apunten que continuar\u00e0 sent aix\u00ed&#8221;. Mirant als pr\u00f2xims anys, va considerar que: &#8220;conv\u00e9 no perdre de vista els <strong>nous reptes<\/strong> que se\u2019ns plantejaran en un <strong>futur no gaire lluny\u00e0<\/strong>, per estar absolutament preparades, especialment, en <strong>temes tecnol\u00f2gics<\/strong> i de gesti\u00f3 que, en l\u00ednies generals, acostumen a ser el tal\u00f3 d\u2019Aquil\u00b7les de la farm\u00e0cia comunit\u00e0ria&#8221;.<\/p>\n<figure id=\"attachment_50384\" aria-describedby=\"caption-attachment-50384\" style=\"width: 620px\" class=\"wp-caption aligncenter\"><a href=\"https:\/\/blog.cofb.cat\/wp-content\/uploads\/2020\/03\/cofb.200304-44_edited-1.jpg\"><img loading=\"lazy\" decoding=\"async\" class=\"wp-image-50384 size-large\" title=\"Un moment del col\u00b7loqui &quot;Dones visibles en salut&quot; que va tenir lloc el passat 4 de mar\u00e7 al COFB.\" src=\"https:\/\/blog.cofb.cat\/wp-content\/uploads\/2020\/03\/cofb.200304-44_edited-1-1024x636.jpg\" alt=\"Un moment del col\u00b7loqui &quot;Dones visibles en salut&quot; que va tenir lloc el passat 4 de mar\u00e7 al COFB.\" width=\"620\" height=\"385\" \/><\/a><figcaption id=\"caption-attachment-50384\" class=\"wp-caption-text\">Un moment del col\u00b7loqui &#8220;Dones visibles en salut&#8221; que va tenir lloc el passat 4 de mar\u00e7 al COFB.<\/figcaption><\/figure>\n<p>Doba\u00f1o va apuntar que unes de les prioritats\u00a0 de futur seria establir &#8220;pol\u00edtiques que permetin la <strong>conciliaci\u00f3 real de la vida familiar i professional<\/strong> a les dones, sobretot, quan tenen nens petits&#8221;. Tamb\u00e9 va exposar que \u00e9s important &#8220;que en la carrera cient\u00edfica i a les beques competitives i avaluacions, no es penalitzi ni en l&#8217;\u00e0mbit de curr\u00edculum ni econ\u00f2micament les etapes en les quals t&#8217;has d&#8217;apartar de la recerca per tal de tenir cura dels fills\/es&#8221;. I que cal que &#8220;l&#8217;Estat i la UE <strong>facin pol\u00edtiques<\/strong> per facilitar <strong>que una dona pugui progressar a la carrera cient\u00edfica<\/strong> assumint interrupcions i sense haver de fer sacrificis o haver d&#8217;escollir entre la fam\u00edlia o la vocaci\u00f3 professional&#8221;.<\/p>\n<figure id=\"attachment_50367\" aria-describedby=\"caption-attachment-50367\" style=\"width: 620px\" class=\"wp-caption aligncenter\"><a href=\"https:\/\/blog.cofb.cat\/wp-content\/uploads\/2020\/03\/cofb.200304-14.jpg\"><img loading=\"lazy\" decoding=\"async\" class=\"wp-image-50367 size-large\" title=\"La periodista L\u00eddia Heredia, directora i presentadora del programa &quot;Els Matins de TV3&quot;.\" src=\"https:\/\/blog.cofb.cat\/wp-content\/uploads\/2020\/03\/cofb.200304-14-1024x683.jpg\" alt=\"La periodista L\u00eddia Heredia, directora i presentadora del programa &quot;Els Matins de TV3&quot;.\" width=\"620\" height=\"414\" \/><\/a><figcaption id=\"caption-attachment-50367\" class=\"wp-caption-text\">La periodista L\u00eddia Heredia, directora i presentadora del programa &#8220;Els Matins de TV3&#8221;.<\/figcaption><\/figure>\n<p>En el mateix sentit es va pronunciar Besc\u00f3s: &#8220;Estic esperan\u00e7ada en el <strong>futur de la dona en l&#8217;\u00e0mbit de la salut<\/strong> i tamb\u00e9 en aquestes <strong>\u00e0rees tecnol\u00f2giques<\/strong> on tenim <strong>m\u00e9s terreny per recuperar<\/strong>. Necessitem treballar <strong>a tots els nivells de forma conjunta<\/strong> i amb <strong>accions coordinades<\/strong>. Hem de demostrar un comprom\u00eds de totes les organitzacions i de tots els actors involucrats, homes i dones&#8221;.<\/p>\n<p>La directora de comunicaci\u00f3 d&#8217;Esteve va animar les dones a &#8220;<strong>sortir de la zona de confort<\/strong>, ser m\u00e9s discutidores i continuar lluitant&#8221;. &#8220;Les dones hem de ser conscients que, si volem assumir posicions d&#8217;influ\u00e8ncia, ho podem fer amb <strong>seguretat<\/strong>, <strong>fermesa<\/strong>, <strong>determinaci\u00f3<\/strong> i <strong>confian\u00e7a<\/strong> en les nostres possibilitats&#8221;, va concloure.<\/p>\n<p><strong>Altres publicacions d&#8217;inter\u00e8s:<\/strong><\/p>\n<ul>\n<li><a href=\"https:\/\/blog.cofb.cat\/dona-salut-sexual-sol-pelvia-abordatge-farmacia\/\" target=\"_blank\" rel=\"noopener\">Dona, salut sexual i s\u00f2l pelvi\u00e0: abordatge des de la farm\u00e0cia (Gener 2020)<\/a><\/li>\n<li><a href=\"https:\/\/blog.cofb.cat\/paper-farmaceutic-tecniques-reproduccio-assistida\/\" target=\"_blank\" rel=\"noopener\">El paper del farmac\u00e8utic en les t\u00e8cniques de reproducci\u00f3 assistida (Juny 2019)<\/a><\/li>\n<\/ul>\n","protected":false},"excerpt":{"rendered":"<p>El passat 4 de mar\u00e7 va tenir lloc al Col\u00b7legi de Farmac\u00e8utics de Barcelona la taula rodona\u00a0&#8220;Dones visibles en el m\u00f3n de la salut&#8221;. Moderada per la periodista L\u00eddia Heredia, va comptar amb les intervencions de Cristina Besc\u00f3s, directora gerent d&#8217;EIT Health Spain; Carlota Doba\u00f1o, cap del Grup d&#8217;Immunologia de [&hellip;]<\/p>\n","protected":false},"author":1,"featured_media":50383,"comment_status":"open","ping_status":"open","sticky":false,"template":"","format":"standard","meta":{"_uag_custom_page_level_css":"","site-sidebar-layout":"default","site-content-layout":"","ast-site-content-layout":"default","site-content-style":"default","site-sidebar-style":"default","ast-global-header-display":"","ast-banner-title-visibility":"","ast-main-header-display":"","ast-hfb-above-header-display":"","ast-hfb-below-header-display":"","ast-hfb-mobile-header-display":"","site-post-title":"","ast-breadcrumbs-content":"","ast-featured-img":"disabled","footer-sml-layout":"","theme-transparent-header-meta":"","adv-header-id-meta":"","stick-header-meta":"","header-above-stick-meta":"","header-main-stick-meta":"","header-below-stick-meta":"","astra-migrate-meta-layouts":"default","ast-page-background-enabled":"default","ast-page-background-meta":{"desktop":{"background-color":"var(--ast-global-color-4)","background-image":"","background-repeat":"repeat","background-position":"center center","background-size":"auto","background-attachment":"scroll","background-type":"","background-media":"","overlay-type":"","overlay-color":"","overlay-opacity":"","overlay-gradient":""},"tablet":{"background-color":"","background-image":"","background-repeat":"repeat","background-position":"center center","background-size":"auto","background-attachment":"scroll","background-type":"","background-media":"","overlay-type":"","overlay-color":"","overlay-opacity":"","overlay-gradient":""},"mobile":{"background-color":"","background-image":"","background-repeat":"repeat","background-position":"center center","background-size":"auto","background-attachment":"scroll","background-type":"","background-media":"","overlay-type":"","overlay-color":"","overlay-opacity":"","overlay-gradient":""}},"ast-content-background-meta":{"desktop":{"background-color":"var(--ast-global-color-5)","background-image":"","background-repeat":"repeat","background-position":"center center","background-size":"auto","background-attachment":"scroll","background-type":"","background-media":"","overlay-type":"","overlay-color":"","overlay-opacity":"","overlay-gradient":""},"tablet":{"background-color":"var(--ast-global-color-5)","background-image":"","background-repeat":"repeat","background-position":"center center","background-size":"auto","background-attachment":"scroll","background-type":"","background-media":"","overlay-type":"","overlay-color":"","overlay-opacity":"","overlay-gradient":""},"mobile":{"background-color":"var(--ast-global-color-5)","background-image":"","background-repeat":"repeat","background-position":"center center","background-size":"auto","background-attachment":"scroll","background-type":"","background-media":"","overlay-type":"","overlay-color":"","overlay-opacity":"","overlay-gradient":""}},"footnotes":""},"categories":[23,57],"tags":[3955,3956,18,19,3957,2336,3958,971,3413,3959,3960,53,171,68,69,3961,575,56,3962,3963,844,117,510,3964],"class_list":["post-50293","post","type-post","status-publish","format-standard","has-post-thumbnail","hentry","category-destacats","category-mon-collegial","tag-8-de-marc","tag-8m2020","tag-cofb","tag-collegi-de-farmaceutics-de-barcelona","tag-conciliacio","tag-dia-internacional-de-la-dona","tag-dia-internacional-de-les-dones","tag-docencia","tag-dona","tag-dones","tag-dones-visibles-en-salut","tag-farmaceutics","tag-farmaceutiques","tag-farmacia","tag-farmacia-comunitaria","tag-igualtat","tag-innovacio","tag-investigacio","tag-mon-de-la-salut","tag-presencia-de-dones-en-lambit-sanitari","tag-recerca","tag-salut","tag-sanitat","tag-sector-sanitari"],"yoast_head":"<!-- This site is optimized with the Yoast SEO plugin v22.4 - https:\/\/yoast.com\/wordpress\/plugins\/seo\/ -->\n<title>Reflexions per fer m\u00e9s visible la dona en el m\u00f3n de la salut #8M2020 - Col\u00b7legi de Farmac\u00e8utics de Barcelona<\/title>\n<meta name=\"description\" content=\"El passat 4 de mar\u00e7 va tenir lloc al COFB la confer\u00e8ncia &quot;Dones visibles en el m\u00f3n de la salut&quot;. Moderada per L\u00eddia Heredia, va comptar amb les intervencions de Cristina Besc\u00f3s, Carlota Doba\u00f1o, Roc\u00edo L\u00f3pez-Ybarra i M. \u00c0ngels Valls.\" \/>\n<meta name=\"robots\" content=\"index, follow, max-snippet:-1, max-image-preview:large, max-video-preview:-1\" \/>\n<link rel=\"canonical\" href=\"https:\/\/novaorg.cofb.net\/2020\/03\/06\/reflexions-mes-visible-dona-mon-salut-8m2020\/\" \/>\n<meta property=\"og:locale\" content=\"ca_ES\" \/>\n<meta property=\"og:type\" content=\"article\" \/>\n<meta property=\"og:title\" content=\"Reflexions per fer m\u00e9s visible la dona en el m\u00f3n de la salut #8M2020 - Col\u00b7legi de Farmac\u00e8utics de Barcelona\" \/>\n<meta property=\"og:description\" content=\"El passat 4 de mar\u00e7 va tenir lloc al COFB la confer\u00e8ncia &quot;Dones visibles en el m\u00f3n de la salut&quot;. Moderada per L\u00eddia Heredia, va comptar amb les intervencions de Cristina Besc\u00f3s, Carlota Doba\u00f1o, Roc\u00edo L\u00f3pez-Ybarra i M. \u00c0ngels Valls.\" \/>\n<meta property=\"og:url\" content=\"https:\/\/novaorg.cofb.net\/2020\/03\/06\/reflexions-mes-visible-dona-mon-salut-8m2020\/\" \/>\n<meta property=\"og:site_name\" content=\"Col\u00b7legi de Farmac\u00e8utics de Barcelona\" \/>\n<meta property=\"article:publisher\" content=\"https:\/\/www.facebook.com\/farmaceuticsbcn\/\" \/>\n<meta property=\"article:published_time\" content=\"2020-03-06T12:48:32+00:00\" \/>\n<meta name=\"author\" content=\"wpAdminCofbOrg\" \/>\n<meta name=\"twitter:card\" content=\"summary_large_image\" \/>\n<meta name=\"twitter:creator\" content=\"@farmaceuticsbcn\" \/>\n<meta name=\"twitter:site\" content=\"@farmaceuticsbcn\" \/>\n<meta name=\"twitter:label1\" content=\"Escrit per\" \/>\n\t<meta name=\"twitter:data1\" content=\"wpAdminCofbOrg\" \/>\n\t<meta name=\"twitter:label2\" content=\"Temps estimat de lectura\" \/>\n\t<meta name=\"twitter:data2\" content=\"7 minuts\" \/>\n<script type=\"application\/ld+json\" class=\"yoast-schema-graph\">{\"@context\":\"https:\/\/schema.org\",\"@graph\":[{\"@type\":\"Article\",\"@id\":\"https:\/\/novaorg.cofb.net\/2020\/03\/06\/reflexions-mes-visible-dona-mon-salut-8m2020\/#article\",\"isPartOf\":{\"@id\":\"https:\/\/novaorg.cofb.net\/2020\/03\/06\/reflexions-mes-visible-dona-mon-salut-8m2020\/\"},\"author\":{\"name\":\"wpAdminCofbOrg\",\"@id\":\"https:\/\/www.cofb.org\/#\/schema\/person\/22ed7eea88da74b0fa4d3154ad87ffcb\"},\"headline\":\"Reflexions per fer m\u00e9s visible la dona en el m\u00f3n de la salut #8M2020\",\"datePublished\":\"2020-03-06T12:48:32+00:00\",\"dateModified\":\"2020-03-06T12:48:32+00:00\",\"mainEntityOfPage\":{\"@id\":\"https:\/\/novaorg.cofb.net\/2020\/03\/06\/reflexions-mes-visible-dona-mon-salut-8m2020\/\"},\"wordCount\":1515,\"commentCount\":0,\"publisher\":{\"@id\":\"https:\/\/www.cofb.org\/#organization\"},\"image\":{\"@id\":\"https:\/\/novaorg.cofb.net\/2020\/03\/06\/reflexions-mes-visible-dona-mon-salut-8m2020\/#primaryimage\"},\"thumbnailUrl\":\"\",\"keywords\":[\"8 de mar\u00e7\",\"8M2020\",\"COFB\",\"Col\u00b7legi de Farmac\u00e8utics de Barcelona\",\"conciliaci\u00f3\",\"Dia internacional de la Dona\",\"dia internacional de les dones\",\"doc\u00e8ncia\",\"dona\",\"dones\",\"dones visibles en salut\",\"farmac\u00e8utics\",\"farmac\u00e8utiques\",\"Farm\u00e0cia\",\"farm\u00e0cia comunit\u00e0ria\",\"igualtat\",\"innovaci\u00f3\",\"Investigaci\u00f3\",\"m\u00f3n de la salut\",\"pres\u00e8ncia de dones en l'\u00e0mbit sanitari\",\"Recerca\",\"salut\",\"sanitat\",\"sector sanitari\"],\"articleSection\":[\"Destacats\",\"M\u00f3n col\u00b7legial\"],\"inLanguage\":\"ca\",\"potentialAction\":[{\"@type\":\"CommentAction\",\"name\":\"Comment\",\"target\":[\"https:\/\/novaorg.cofb.net\/2020\/03\/06\/reflexions-mes-visible-dona-mon-salut-8m2020\/#respond\"]}]},{\"@type\":\"WebPage\",\"@id\":\"https:\/\/novaorg.cofb.net\/2020\/03\/06\/reflexions-mes-visible-dona-mon-salut-8m2020\/\",\"url\":\"https:\/\/novaorg.cofb.net\/2020\/03\/06\/reflexions-mes-visible-dona-mon-salut-8m2020\/\",\"name\":\"Reflexions per fer m\u00e9s visible la dona en el m\u00f3n de la salut #8M2020 - Col\u00b7legi de Farmac\u00e8utics de Barcelona\",\"isPartOf\":{\"@id\":\"https:\/\/www.cofb.org\/#website\"},\"primaryImageOfPage\":{\"@id\":\"https:\/\/novaorg.cofb.net\/2020\/03\/06\/reflexions-mes-visible-dona-mon-salut-8m2020\/#primaryimage\"},\"image\":{\"@id\":\"https:\/\/novaorg.cofb.net\/2020\/03\/06\/reflexions-mes-visible-dona-mon-salut-8m2020\/#primaryimage\"},\"thumbnailUrl\":\"\",\"datePublished\":\"2020-03-06T12:48:32+00:00\",\"dateModified\":\"2020-03-06T12:48:32+00:00\",\"description\":\"El passat 4 de mar\u00e7 va tenir lloc al COFB la confer\u00e8ncia \\\"Dones visibles en el m\u00f3n de la salut\\\". Moderada per L\u00eddia Heredia, va comptar amb les intervencions de Cristina Besc\u00f3s, Carlota Doba\u00f1o, Roc\u00edo L\u00f3pez-Ybarra i M. \u00c0ngels Valls.\",\"breadcrumb\":{\"@id\":\"https:\/\/novaorg.cofb.net\/2020\/03\/06\/reflexions-mes-visible-dona-mon-salut-8m2020\/#breadcrumb\"},\"inLanguage\":\"ca\",\"potentialAction\":[{\"@type\":\"ReadAction\",\"target\":[\"https:\/\/novaorg.cofb.net\/2020\/03\/06\/reflexions-mes-visible-dona-mon-salut-8m2020\/\"]}]},{\"@type\":\"ImageObject\",\"inLanguage\":\"ca\",\"@id\":\"https:\/\/novaorg.cofb.net\/2020\/03\/06\/reflexions-mes-visible-dona-mon-salut-8m2020\/#primaryimage\",\"url\":\"\",\"contentUrl\":\"\"},{\"@type\":\"BreadcrumbList\",\"@id\":\"https:\/\/novaorg.cofb.net\/2020\/03\/06\/reflexions-mes-visible-dona-mon-salut-8m2020\/#breadcrumb\",\"itemListElement\":[{\"@type\":\"ListItem\",\"position\":1,\"name\":\"Inici\",\"item\":\"https:\/\/novaorg.cofb.net\/\"},{\"@type\":\"ListItem\",\"position\":2,\"name\":\"Reflexions per fer m\u00e9s visible la dona en el m\u00f3n de la salut #8M2020\"}]},{\"@type\":\"WebSite\",\"@id\":\"https:\/\/www.cofb.org\/#website\",\"url\":\"https:\/\/www.cofb.org\/\",\"name\":\"Col\u00b7legi de Farmac\u00e8utics de Barcelona\",\"description\":\"\",\"publisher\":{\"@id\":\"https:\/\/www.cofb.org\/#organization\"},\"potentialAction\":[{\"@type\":\"SearchAction\",\"target\":{\"@type\":\"EntryPoint\",\"urlTemplate\":\"https:\/\/www.cofb.org\/?s={search_term_string}\"},\"query-input\":\"required name=search_term_string\"}],\"inLanguage\":\"ca\"},{\"@type\":\"Organization\",\"@id\":\"https:\/\/www.cofb.org\/#organization\",\"name\":\"Col\u00b7legi de Farmac\u00e8utics de Barcelona\",\"url\":\"https:\/\/www.cofb.org\/\",\"logo\":{\"@type\":\"ImageObject\",\"inLanguage\":\"ca\",\"@id\":\"https:\/\/www.cofb.org\/#\/schema\/logo\/image\/\",\"url\":\"https:\/\/www.cofb.org\/wp-content\/uploads\/2023\/11\/cropped-Logotip-COFB.png\",\"contentUrl\":\"https:\/\/www.cofb.org\/wp-content\/uploads\/2023\/11\/cropped-Logotip-COFB.png\",\"width\":500,\"height\":105,\"caption\":\"Col\u00b7legi de Farmac\u00e8utics de Barcelona\"},\"image\":{\"@id\":\"https:\/\/www.cofb.org\/#\/schema\/logo\/image\/\"},\"sameAs\":[\"https:\/\/www.facebook.com\/farmaceuticsbcn\/\",\"https:\/\/twitter.com\/farmaceuticsbcn\",\"https:\/\/www.instagram.com\/farmaceuticsbcn\/\",\"https:\/\/www.linkedin.com\/company\/farmaceuticsbcn\/\"]},{\"@type\":\"Person\",\"@id\":\"https:\/\/www.cofb.org\/#\/schema\/person\/22ed7eea88da74b0fa4d3154ad87ffcb\",\"name\":\"wpAdminCofbOrg\",\"image\":{\"@type\":\"ImageObject\",\"inLanguage\":\"ca\",\"@id\":\"https:\/\/www.cofb.org\/#\/schema\/person\/image\/\",\"url\":\"https:\/\/secure.gravatar.com\/avatar\/1721b20b3b8ca882c3b56ec6c978c594fff670e40c0718e9190eaeeb76aae7d8?s=96&d=mm&r=g\",\"contentUrl\":\"https:\/\/secure.gravatar.com\/avatar\/1721b20b3b8ca882c3b56ec6c978c594fff670e40c0718e9190eaeeb76aae7d8?s=96&d=mm&r=g\",\"caption\":\"wpAdminCofbOrg\"},\"sameAs\":[\"http:\/\/192.168.64.122\/wordpress\"],\"url\":\"https:\/\/www.cofb.org\/ca\/author\/wpadmincofborg\/\"}]}<\/script>\n<!-- \/ Yoast SEO plugin. -->","yoast_head_json":{"title":"Reflexions per fer m\u00e9s visible la dona en el m\u00f3n de la salut #8M2020 - Col\u00b7legi de Farmac\u00e8utics de Barcelona","description":"El passat 4 de mar\u00e7 va tenir lloc al COFB la confer\u00e8ncia \"Dones visibles en el m\u00f3n de la salut\". Moderada per L\u00eddia Heredia, va comptar amb les intervencions de Cristina Besc\u00f3s, Carlota Doba\u00f1o, Roc\u00edo L\u00f3pez-Ybarra i M. \u00c0ngels Valls.","robots":{"index":"index","follow":"follow","max-snippet":"max-snippet:-1","max-image-preview":"max-image-preview:large","max-video-preview":"max-video-preview:-1"},"canonical":"https:\/\/novaorg.cofb.net\/2020\/03\/06\/reflexions-mes-visible-dona-mon-salut-8m2020\/","og_locale":"ca_ES","og_type":"article","og_title":"Reflexions per fer m\u00e9s visible la dona en el m\u00f3n de la salut #8M2020 - Col\u00b7legi de Farmac\u00e8utics de Barcelona","og_description":"El passat 4 de mar\u00e7 va tenir lloc al COFB la confer\u00e8ncia \"Dones visibles en el m\u00f3n de la salut\". Moderada per L\u00eddia Heredia, va comptar amb les intervencions de Cristina Besc\u00f3s, Carlota Doba\u00f1o, Roc\u00edo L\u00f3pez-Ybarra i M. \u00c0ngels Valls.","og_url":"https:\/\/novaorg.cofb.net\/2020\/03\/06\/reflexions-mes-visible-dona-mon-salut-8m2020\/","og_site_name":"Col\u00b7legi de Farmac\u00e8utics de Barcelona","article_publisher":"https:\/\/www.facebook.com\/farmaceuticsbcn\/","article_published_time":"2020-03-06T12:48:32+00:00","author":"wpAdminCofbOrg","twitter_card":"summary_large_image","twitter_creator":"@farmaceuticsbcn","twitter_site":"@farmaceuticsbcn","twitter_misc":{"Escrit per":"wpAdminCofbOrg","Temps estimat de lectura":"7 minuts"},"schema":{"@context":"https:\/\/schema.org","@graph":[{"@type":"Article","@id":"https:\/\/novaorg.cofb.net\/2020\/03\/06\/reflexions-mes-visible-dona-mon-salut-8m2020\/#article","isPartOf":{"@id":"https:\/\/novaorg.cofb.net\/2020\/03\/06\/reflexions-mes-visible-dona-mon-salut-8m2020\/"},"author":{"name":"wpAdminCofbOrg","@id":"https:\/\/www.cofb.org\/#\/schema\/person\/22ed7eea88da74b0fa4d3154ad87ffcb"},"headline":"Reflexions per fer m\u00e9s visible la dona en el m\u00f3n de la salut #8M2020","datePublished":"2020-03-06T12:48:32+00:00","dateModified":"2020-03-06T12:48:32+00:00","mainEntityOfPage":{"@id":"https:\/\/novaorg.cofb.net\/2020\/03\/06\/reflexions-mes-visible-dona-mon-salut-8m2020\/"},"wordCount":1515,"commentCount":0,"publisher":{"@id":"https:\/\/www.cofb.org\/#organization"},"image":{"@id":"https:\/\/novaorg.cofb.net\/2020\/03\/06\/reflexions-mes-visible-dona-mon-salut-8m2020\/#primaryimage"},"thumbnailUrl":"","keywords":["8 de mar\u00e7","8M2020","COFB","Col\u00b7legi de Farmac\u00e8utics de Barcelona","conciliaci\u00f3","Dia internacional de la Dona","dia internacional de les dones","doc\u00e8ncia","dona","dones","dones visibles en salut","farmac\u00e8utics","farmac\u00e8utiques","Farm\u00e0cia","farm\u00e0cia comunit\u00e0ria","igualtat","innovaci\u00f3","Investigaci\u00f3","m\u00f3n de la salut","pres\u00e8ncia de dones en l'\u00e0mbit sanitari","Recerca","salut","sanitat","sector sanitari"],"articleSection":["Destacats","M\u00f3n col\u00b7legial"],"inLanguage":"ca","potentialAction":[{"@type":"CommentAction","name":"Comment","target":["https:\/\/novaorg.cofb.net\/2020\/03\/06\/reflexions-mes-visible-dona-mon-salut-8m2020\/#respond"]}]},{"@type":"WebPage","@id":"https:\/\/novaorg.cofb.net\/2020\/03\/06\/reflexions-mes-visible-dona-mon-salut-8m2020\/","url":"https:\/\/novaorg.cofb.net\/2020\/03\/06\/reflexions-mes-visible-dona-mon-salut-8m2020\/","name":"Reflexions per fer m\u00e9s visible la dona en el m\u00f3n de la salut #8M2020 - Col\u00b7legi de Farmac\u00e8utics de Barcelona","isPartOf":{"@id":"https:\/\/www.cofb.org\/#website"},"primaryImageOfPage":{"@id":"https:\/\/novaorg.cofb.net\/2020\/03\/06\/reflexions-mes-visible-dona-mon-salut-8m2020\/#primaryimage"},"image":{"@id":"https:\/\/novaorg.cofb.net\/2020\/03\/06\/reflexions-mes-visible-dona-mon-salut-8m2020\/#primaryimage"},"thumbnailUrl":"","datePublished":"2020-03-06T12:48:32+00:00","dateModified":"2020-03-06T12:48:32+00:00","description":"El passat 4 de mar\u00e7 va tenir lloc al COFB la confer\u00e8ncia \"Dones visibles en el m\u00f3n de la salut\". Moderada per L\u00eddia Heredia, va comptar amb les intervencions de Cristina Besc\u00f3s, Carlota Doba\u00f1o, Roc\u00edo L\u00f3pez-Ybarra i M. \u00c0ngels Valls.","breadcrumb":{"@id":"https:\/\/novaorg.cofb.net\/2020\/03\/06\/reflexions-mes-visible-dona-mon-salut-8m2020\/#breadcrumb"},"inLanguage":"ca","potentialAction":[{"@type":"ReadAction","target":["https:\/\/novaorg.cofb.net\/2020\/03\/06\/reflexions-mes-visible-dona-mon-salut-8m2020\/"]}]},{"@type":"ImageObject","inLanguage":"ca","@id":"https:\/\/novaorg.cofb.net\/2020\/03\/06\/reflexions-mes-visible-dona-mon-salut-8m2020\/#primaryimage","url":"","contentUrl":""},{"@type":"BreadcrumbList","@id":"https:\/\/novaorg.cofb.net\/2020\/03\/06\/reflexions-mes-visible-dona-mon-salut-8m2020\/#breadcrumb","itemListElement":[{"@type":"ListItem","position":1,"name":"Inici","item":"https:\/\/novaorg.cofb.net\/"},{"@type":"ListItem","position":2,"name":"Reflexions per fer m\u00e9s visible la dona en el m\u00f3n de la salut #8M2020"}]},{"@type":"WebSite","@id":"https:\/\/www.cofb.org\/#website","url":"https:\/\/www.cofb.org\/","name":"Col\u00b7legi de Farmac\u00e8utics de Barcelona","description":"","publisher":{"@id":"https:\/\/www.cofb.org\/#organization"},"potentialAction":[{"@type":"SearchAction","target":{"@type":"EntryPoint","urlTemplate":"https:\/\/www.cofb.org\/?s={search_term_string}"},"query-input":"required name=search_term_string"}],"inLanguage":"ca"},{"@type":"Organization","@id":"https:\/\/www.cofb.org\/#organization","name":"Col\u00b7legi de Farmac\u00e8utics de Barcelona","url":"https:\/\/www.cofb.org\/","logo":{"@type":"ImageObject","inLanguage":"ca","@id":"https:\/\/www.cofb.org\/#\/schema\/logo\/image\/","url":"https:\/\/www.cofb.org\/wp-content\/uploads\/2023\/11\/cropped-Logotip-COFB.png","contentUrl":"https:\/\/www.cofb.org\/wp-content\/uploads\/2023\/11\/cropped-Logotip-COFB.png","width":500,"height":105,"caption":"Col\u00b7legi de Farmac\u00e8utics de Barcelona"},"image":{"@id":"https:\/\/www.cofb.org\/#\/schema\/logo\/image\/"},"sameAs":["https:\/\/www.facebook.com\/farmaceuticsbcn\/","https:\/\/twitter.com\/farmaceuticsbcn","https:\/\/www.instagram.com\/farmaceuticsbcn\/","https:\/\/www.linkedin.com\/company\/farmaceuticsbcn\/"]},{"@type":"Person","@id":"https:\/\/www.cofb.org\/#\/schema\/person\/22ed7eea88da74b0fa4d3154ad87ffcb","name":"wpAdminCofbOrg","image":{"@type":"ImageObject","inLanguage":"ca","@id":"https:\/\/www.cofb.org\/#\/schema\/person\/image\/","url":"https:\/\/secure.gravatar.com\/avatar\/1721b20b3b8ca882c3b56ec6c978c594fff670e40c0718e9190eaeeb76aae7d8?s=96&d=mm&r=g","contentUrl":"https:\/\/secure.gravatar.com\/avatar\/1721b20b3b8ca882c3b56ec6c978c594fff670e40c0718e9190eaeeb76aae7d8?s=96&d=mm&r=g","caption":"wpAdminCofbOrg"},"sameAs":["http:\/\/192.168.64.122\/wordpress"],"url":"https:\/\/www.cofb.org\/ca\/author\/wpadmincofborg\/"}]}},"uagb_featured_image_src":{"full":false,"thumbnail":false,"medium":false,"medium_large":false,"large":false,"1536x1536":false,"2048x2048":false,"trp-custom-language-flag":false},"uagb_author_info":{"display_name":"wpAdminCofbOrg","author_link":"https:\/\/www.cofb.org\/ca\/author\/wpadmincofborg\/"},"uagb_comment_info":0,"uagb_excerpt":"El passat 4 de mar\u00e7 va tenir lloc al Col\u00b7legi de Farmac\u00e8utics de Barcelona la taula rodona\u00a0&#8220;Dones visibles en el m\u00f3n de la salut&#8221;. Moderada per la periodista L\u00eddia Heredia, va comptar amb les intervencions de Cristina Besc\u00f3s, directora gerent d&#8217;EIT Health Spain; Carlota Doba\u00f1o, cap del Grup d&#8217;Immunologia de [&hellip;]","_links":{"self":[{"href":"https:\/\/www.cofb.org\/ca\/wp-json\/wp\/v2\/posts\/50293","targetHints":{"allow":["GET"]}}],"collection":[{"href":"https:\/\/www.cofb.org\/ca\/wp-json\/wp\/v2\/posts"}],"about":[{"href":"https:\/\/www.cofb.org\/ca\/wp-json\/wp\/v2\/types\/post"}],"author":[{"embeddable":true,"href":"https:\/\/www.cofb.org\/ca\/wp-json\/wp\/v2\/users\/1"}],"replies":[{"embeddable":true,"href":"https:\/\/www.cofb.org\/ca\/wp-json\/wp\/v2\/comments?post=50293"}],"version-history":[{"count":0,"href":"https:\/\/www.cofb.org\/ca\/wp-json\/wp\/v2\/posts\/50293\/revisions"}],"wp:featuredmedia":[{"embeddable":true,"href":"https:\/\/www.cofb.org\/ca\/wp-json\/"}],"wp:attachment":[{"href":"https:\/\/www.cofb.org\/ca\/wp-json\/wp\/v2\/media?parent=50293"}],"wp:term":[{"taxonomy":"category","embeddable":true,"href":"https:\/\/www.cofb.org\/ca\/wp-json\/wp\/v2\/categories?post=50293"},{"taxonomy":"post_tag","embeddable":true,"href":"https:\/\/www.cofb.org\/ca\/wp-json\/wp\/v2\/tags?post=50293"}],"curies":[{"name":"wp","href":"https:\/\/api.w.org\/{rel}","templated":true}]}}