{"id":49931,"date":"2020-02-27T16:02:36","date_gmt":"2020-02-27T14:02:36","guid":{"rendered":"https:\/\/blog.cofb.cat\/?p=49931"},"modified":"2020-02-27T16:02:36","modified_gmt":"2020-02-27T14:02:36","slug":"presentacio-de-la-tercera-onada-de-la-campanya-atenciopell365","status":"publish","type":"post","link":"https:\/\/www.cofb.org\/ca\/2020\/02\/27\/presentacio-de-la-tercera-onada-de-la-campanya-atenciopell365\/","title":{"rendered":"Presentaci\u00f3 de la tercera onada de la campanya #Atenci\u00f3Pell365, centrada en l&#8217;exposici\u00f3 invisible"},"content":{"rendered":"<p>El passat <strong>20 de febrer<\/strong> va tenir lloc al <strong>Col\u00b7legi de Farmac\u00e8utics de Barcelona<\/strong> la <strong>presentaci\u00f3<\/strong> de la <strong>tercera onada<\/strong> de la <strong>campanya &#8220;Atenci\u00f3 Pell 365&#8221;<\/strong> que est\u00e0 centrada en aquelles situacions que no identifiquem com a exposici\u00f3 solar, tot i que les <strong>radiacions <\/strong>continuen estant presents com, per exemple, la <strong>pr\u00e0ctica esportiva<\/strong>.<\/p>\n<p>L&#8217;<strong>acte<\/strong> va comptar amb les <strong>intervencions<\/strong> de la vocal de Dermofarm\u00e0cia i Productes Sanitaris del Col\u00b7legi, <strong>Marta Alcalde<\/strong>; el dermat\u00f2leg <strong>Oriol Corral<\/strong>, membre del Servei de Dermatologia de l&#8217;Hospital Consorci Sanitari de Terrassa, que at\u00e9n pacients del Centre d&#8217;Alt Rendiment Esportiu (CAR), i el <strong>meteor\u00f2leg<\/strong> i <strong>divulgador cient\u00edfic<\/strong>, <strong>Tom\u00e0s Molina<\/strong>.<\/p>\n<figure id=\"attachment_50123\" aria-describedby=\"caption-attachment-50123\" style=\"width: 620px\" class=\"wp-caption aligncenter\"><a href=\"https:\/\/blog.cofb.cat\/wp-content\/uploads\/2020\/02\/cofb.200220-06.jpg\"><img fetchpriority=\"high\" decoding=\"async\" class=\"wp-image-50123 size-large\" title=\"Marta Alcalde, vocal de Dermofarm\u00e0cia i Productes Sanitaris del Col\u00b7legi de Farmac\u00e8utics de Barcelona. \" src=\"https:\/\/blog.cofb.cat\/wp-content\/uploads\/2020\/02\/cofb.200220-06-1024x683.jpg\" alt=\"Marta Alcalde, vocal de Dermofarm\u00e0cia i Productes Sanitaris del Col\u00b7legi de Farmac\u00e8utics de Barcelona. \" width=\"620\" height=\"414\" \/><\/a><figcaption id=\"caption-attachment-50123\" class=\"wp-caption-text\">Marta Alcalde, vocal de Dermofarm\u00e0cia i Productes Sanitaris del Col\u00b7legi de Farmac\u00e8utics de Barcelona.<\/figcaption><\/figure>\n<p>Al llarg de la sessi\u00f3, obligat\u00f2ria tant pels farmac\u00e8utics que volen continuar a la <strong>campanya &#8220;Atenci\u00f3 Pell 365&#8221;<\/strong> com pels que volen adherir-s&#8217;hi de nou, es van abordar les <strong>mesures preventives<\/strong> que cal adoptar en funci\u00f3 del <strong>tipus d&#8217;esport<\/strong>, com <strong>afecta l&#8217;entorn<\/strong> a la <strong>intensitat de la radiaci\u00f3<\/strong> i quines altres<strong> mesures de cura de la pell<\/strong> s&#8217;han de tenir en compte.<\/p>\n<p>&#8220;En aquesta <strong>tercera onada<\/strong> vol\u00edem parlar de l&#8217;<strong>exposici\u00f3 invisible<\/strong>, \u00e9s a dir, de casos en qu\u00e8 nosaltres no som conscients que estem exposats al sol per\u00f2 ho estem. En definitiva, es tractava de fer <strong>una reflexi\u00f3<\/strong> de totes aquelles <strong>situacions quotidianes\u00a0<\/strong>que poden <strong>requerir protecci\u00f3 solar<\/strong>. I \u00e9s que, moltes vegades, tenim la idea que nom\u00e9s ens hem de\u00a0 posar <strong>protecci\u00f3 solar<\/strong> quan anem a la <strong>platja<\/strong>, a la <strong>piscina<\/strong> o quan estem prenent el sol intencionadament. Per\u00f2, en un clima com el nostre, en qu\u00e8 tenim moltes hores de sol, hi ha una <strong>exposici\u00f3 de la qual no som conscients<\/strong>&#8220;, va explicar Marta Alcalde, vocal de Dermofarm\u00e0cia i Productes Sanitaris del COFB.<\/p>\n<h1><span style=\"color: #008080;\"><strong>El clima del futur i la radiaci\u00f3 solar<\/strong><\/span><\/h1>\n<p>La <strong>primera part de la sessi\u00f3<\/strong> va comptar amb la confer\u00e8ncia del <strong>meteor\u00f2leg<\/strong> i <strong>divulgador cient\u00edfic<\/strong> Tom\u00e0s Molina, titulada <strong>&#8220;El clima del futur (2030)&#8221;<\/strong>. Durant la seva intervenci\u00f3, Molina va parlar dels diferents <strong>tipus de radiaci\u00f3<\/strong> que hi ha, com es modulen al llarg de l&#8217;any, com varia la radiaci\u00f3 segons les condicions d&#8217;al\u00e7ada o localitzaci\u00f3, i del paper de la capa d&#8217;oz\u00f3, que tamb\u00e9 modifica molt com arriben les radiacions a la Terra.<\/p>\n<figure id=\"attachment_50126\" aria-describedby=\"caption-attachment-50126\" style=\"width: 620px\" class=\"wp-caption aligncenter\"><a href=\"https:\/\/blog.cofb.cat\/wp-content\/uploads\/2020\/02\/cofb.200220-18.jpg\"><img decoding=\"async\" class=\"wp-image-50126 size-large\" title=\"El meteor\u00f2leg Tom\u00e0s Molina, en un moment de la seva intervenci\u00f3.\" src=\"https:\/\/blog.cofb.cat\/wp-content\/uploads\/2020\/02\/cofb.200220-18-1024x683.jpg\" alt=\"El meteor\u00f2leg Tom\u00e0s Molina, en un moment de la seva intervenci\u00f3.\" width=\"620\" height=\"414\" \/><\/a><figcaption id=\"caption-attachment-50126\" class=\"wp-caption-text\">El meteor\u00f2leg Tom\u00e0s Molina, en un moment de la seva intervenci\u00f3.<\/figcaption><\/figure>\n<p>&#8220;El m\u00f3n est\u00e0 canviant molt de pressa i <strong>cal adaptar-nos als nous escenaris<\/strong>, que han vingut per quedar-se, i que impliquen <strong>episodis de m\u00e9s calor<\/strong> i <strong>m\u00e9s radiaci\u00f3 solar<\/strong>&#8220;, va exposar el meteor\u00f2leg.\u00a0I, posant com a exemple un cas local d&#8217;aquest canvi d&#8217;escenaris, va afegir: &#8220;<strong>A Lleida, ha disminu\u00eft de forma acusada el nombre de dies amb boira<\/strong>, perqu\u00e8 ha canviat la distribuci\u00f3 dels anticiclons. <strong>Aix\u00f2 vol dir que tenen m\u00e9s dies de sol<\/strong>. Per tant, els <strong>h\u00e0bits quotidians<\/strong> d&#8217;una persona que treballava al camp a Lleida han de canviar, perqu\u00e8 <strong>abans treballava amb boira o amb n\u00favols baixos i ara ho far\u00e0 amb sol<\/strong>&#8220;.<\/p>\n<h1><span style=\"color: #008080;\"><strong>Pr\u00e0ctica esportiva i exposici\u00f3 invisible<\/strong><\/span><\/h1>\n<p>En el marc de la segona confer\u00e8ncia que es va impartir, el <strong>Dr. Oriol Corral<\/strong> va repassar alguns conceptes com l&#8217;<strong>estructura <\/strong>i les <strong>funcions de la pell<\/strong>, l&#8217;<strong>espectre electromagn\u00e8tic de la llum<\/strong>\u00a0o la <strong>radiaci\u00f3 ultraviolada (UV)<\/strong> i la<strong> infraroja (IR)<\/strong>.\u00a0Tamb\u00e9 va abordar els <strong>efectes negatius del sol sobre la pell <\/strong>com<strong>\u00a0<\/strong>fotodermatosi, fotosensibilitat, cremades, insolaci\u00f3, c\u00e0ncer de pell i fotoenvelliment.\u00a0Precisament, per <strong>evitar aquests efectes nocius del sol a la pell<\/strong> va aprofundir en <strong>com s&#8217;han de protegir les persones que fan esport<\/strong> a l&#8217;<strong>aigua<\/strong>, a la <strong>neu<\/strong>, a la <strong>muntanya<\/strong> i a la <strong>ciutat<\/strong>.\u00a0Pel que fa als adolescents, un grup d&#8217;edat que acostuma a fer <strong>molt esport<\/strong> i que sol presentar <strong>sobreproducci\u00f3 seb\u00e0cia i acne<\/strong>, el Dr. Corral va recomanar que a l&#8217;hora de protegir-se utilitzessin <strong>f\u00f3rmules fluides<\/strong>, <strong>no comedog\u00e8niques<\/strong>, i <strong><em>oil free<\/em><\/strong>.<\/p>\n<h3><strong>Esports a l&#8217;aigua<\/strong><\/h3>\n<p>En aquest \u00e0mbit, el dermat\u00f2leg va explicar que cal tenir present el concepte de\u00a0<strong>refracci\u00f3<\/strong>.\u00a0Tenint en compte aix\u00f2, i que fins a <strong>60 cm de profunditat<\/strong> arriba la llum a l&#8217;aigua, a una persona que est\u00e0 nedant en una <strong>piscina descoberta<\/strong> li est\u00e0 arribant <strong>llum directa<\/strong> i <strong>llum indirecta<\/strong> per culpa d&#8217;aquest fenomen de la <strong>refracci\u00f3<\/strong>.<\/p>\n<p>Per aquest motiu, el Dr. Corral va recomanar que durant la pr\u00e0ctica d&#8217;esports aqu\u00e0tics s&#8217;utilitzi\u00a0<strong>fotoprotectors 50+<\/strong>, perqu\u00e8 est\u00e0 arribant m\u00e9s radiaci\u00f3 i, a ser possible, <em><strong>waterproof<\/strong>\u00a0<\/em>que <strong>protegeixen durant m\u00e9s temps<\/strong> i <strong>tenen major estabilitat<\/strong> (80 minuts) que els <em><strong>wateresistant<\/strong><\/em> (20-40 minuts). Tamb\u00e9 va recomanar que <strong>l&#8217;aplicaci\u00f3 de fotoprotector<\/strong>\u00a0s&#8217;hauria de <strong>repetir cada 20 minuts<\/strong>.<\/p>\n<figure id=\"attachment_50121\" aria-describedby=\"caption-attachment-50121\" style=\"width: 620px\" class=\"wp-caption aligncenter\"><a href=\"https:\/\/blog.cofb.cat\/wp-content\/uploads\/2020\/02\/cofb.200220-39.jpg\"><img decoding=\"async\" class=\"wp-image-50121 size-large\" title=\"El Dr. Corral durant la seva exposici\u00f3. \" src=\"https:\/\/blog.cofb.cat\/wp-content\/uploads\/2020\/02\/cofb.200220-39-1024x683.jpg\" alt=\"El Dr. Corral durant la seva exposici\u00f3. \" width=\"620\" height=\"414\" \/><\/a><figcaption id=\"caption-attachment-50121\" class=\"wp-caption-text\">El Dr. Corral durant la seva exposici\u00f3.<\/figcaption><\/figure>\n<h3><strong>Esports a la neu<\/strong><\/h3>\n<p>En el cas de la <strong>neu<\/strong>, passa el contrari: <strong>no hi ha refracci\u00f3<\/strong> sin\u00f3 <strong>reflexi\u00f3<\/strong>. Fins a un <strong>80-85% dels rajos<\/strong> que ens arriben quan estem a la neu ho fan per aquesta via. A m\u00e9s, tamb\u00e9 hi ha el <strong>problema de l&#8217;altitud<\/strong>.<b> <\/b>Cada <strong>300 metres d&#8217;altitud <\/strong>que pugem<strong>\u00a0<\/strong>augmenta un<strong> 4% la intensitat<\/strong> de la radiaci\u00f3. Per tant, es rep\u00a0 m\u00e9s radiaci\u00f3, tan ultraviolada B com A. El doctor va recomanar utilitzar un fotoprotector\u00a0<strong>50+ amb filtre mineral<\/strong> per l&#8217;<strong>efecte pantalla<\/strong>,\u00a0aix\u00ed com\u00a0<strong>ulleres amb filtre UVB\/UVA<\/strong>.<\/p>\n<h3><strong>Esports a la muntanya i a la ciutat<\/strong><\/h3>\n<p>Pel que fa als <strong>esports de muntanya<\/strong>, a l&#8217;altitud s&#8217;hi suma la <strong>suor<\/strong>, que fa que el fotoprotector s&#8217;escorri i acabi entrant als ulls de l&#8217;esportista. El m\u00e9s recomanable en aquests casos, segons va explicar el doctor, \u00e9s que sigui de <strong>base aquosa<\/strong>. Tamb\u00e9 va recomanar que els fotoprotectors siguin lliures de perfum i va explicar que hi ha alguns productes que s\u00f3n <em>safe eye<\/em> o <em>eye protect<\/em>, \u00e9s a dir, que no piquen als ulls. Pel que fa a la <strong>pr\u00e0ctica d&#8217;esport<\/strong> a la ciutat, les recomanacions en relaci\u00f3 amb el fotoprotector serien les mateixes que en el cas de la muntanya. I va afegir que alguns fotoprotectors porten actius contra la contaminaci\u00f3 (<em>anti-pollution<\/em>).<\/p>\n<h1><span style=\"color: #008080;\"><strong>Fotoprotecci\u00f3 i esport<\/strong><\/span><\/h1>\n<p>Durant la darrera part de la confer\u00e8ncia, el Dr. Corral va resoldre <strong>diverses q\u00fcestions<\/strong> plantejades pels assistents com l&#8217;<strong>\u00fas de la fotoprotecci\u00f3 oral<\/strong>. El dermat\u00f2leg va explicar que aquest tipus de <strong>fotoprotecci\u00f3 \u00e9s complement\u00e0ria<\/strong>, <strong>mai \u00fanica<\/strong>.\u00a0Una altra de les q\u00fcestions tractades va ser la <strong>fotoprotecci\u00f3 en corredors professionals<\/strong>. El doctor va recomanar la utilitzaci\u00f3 de <strong>roba amb filtre ultraviolat<\/strong>, i no sortir a c\u00f3rrer al migdia, perqu\u00e8 a part de rebre m\u00e9s ultraviolada-B i tamb\u00e9 hi ha m\u00e9s risc d&#8217;insolaci\u00f3.\u00a0A la part final de la seva intervenci\u00f3, el doctor tamb\u00e9 va abordar <strong>altres problemes de la pell<\/strong> vinculats a\u00a0la <strong>pr\u00e0ctica esportiva<\/strong>.<\/p>\n<p style=\"text-align: right;\"><strong>Amb la col\u00b7laboraci\u00f3 de:<\/strong><\/p>\n<p style=\"text-align: right;\"><a href=\"https:\/\/www.clinicbarcelona.org\/ca\" target=\"_blank\" rel=\"noopener\"><img loading=\"lazy\" decoding=\"async\" class=\"size-full wp-image-45935 alignright\" src=\"https:\/\/blog.cofb.cat\/wp-content\/uploads\/2019\/06\/Cl\u00ednic.jpg\" alt=\"\" width=\"142\" height=\"85\" \/><\/a><\/p>\n<p>&nbsp;<\/p>\n<p>&nbsp;<\/p>\n<p>&nbsp;<\/p>\n<p style=\"text-align: right;\"><strong>Amb el patrocini de:<\/strong><\/p>\n<p style=\"text-align: right;\"><a href=\"https:\/\/blog.cofb.cat\/wp-content\/uploads\/2020\/02\/Av\u00e8ne-Ladival-La-Roche.png\"><img loading=\"lazy\" decoding=\"async\" class=\"wp-image-49973 alignright\" src=\"https:\/\/blog.cofb.cat\/wp-content\/uploads\/2020\/02\/Av\u00e8ne-Ladival-La-Roche.png\" alt=\"\" width=\"381\" height=\"73\" \/><\/a><\/p>\n<p>&nbsp;<\/p>\n<p>&nbsp;<\/p>\n<p><strong>Altres publicacions d&#8217;inter\u00e8s:<\/strong><\/p>\n<ul>\n<li><a href=\"https:\/\/blog.cofb.cat\/medicaments-fotosensibilitzants-centren-segona-onada-campanya-atencio-pell-365\/\" target=\"_blank\" rel=\"noopener\">Els medicaments fotosensibilitzants centren la segona onada de la campanya \u201cAtenci\u00f3 Pell 365\u201d (Octubre 2019)<\/a><\/li>\n<li><a href=\"https:\/\/blog.cofb.cat\/mes-de-600-farmaceutics-de-la-provincia-de-barcelona-participen-en-la-campanya-atencio-pell-365-per-conscienciar-de-la-importancia-de-protegir-se-del-sol-durant-tot-lany\/\" target=\"_blank\" rel=\"noopener\">Arrenca la campanya \u201cAtenci\u00f3 Pell 365\u201d per conscienciar de la import\u00e0ncia de protegir-se del sol durant tot l\u2019any (Juny 2019)<\/a><\/li>\n<\/ul>\n","protected":false},"excerpt":{"rendered":"<p>El passat 20 de febrer va tenir lloc al Col\u00b7legi de Farmac\u00e8utics de Barcelona la presentaci\u00f3 de la tercera onada de la campanya &#8220;Atenci\u00f3 Pell 365&#8221; que est\u00e0 centrada en aquelles situacions que no identifiquem com a exposici\u00f3 solar, tot i que les radiacions continuen estant presents com, per exemple, [&hellip;]<\/p>\n","protected":false},"author":1,"featured_media":50190,"comment_status":"open","ping_status":"open","sticky":false,"template":"","format":"standard","meta":{"_uag_custom_page_level_css":"","site-sidebar-layout":"default","site-content-layout":"","ast-site-content-layout":"default","site-content-style":"default","site-sidebar-style":"default","ast-global-header-display":"","ast-banner-title-visibility":"","ast-main-header-display":"","ast-hfb-above-header-display":"","ast-hfb-below-header-display":"","ast-hfb-mobile-header-display":"","site-post-title":"","ast-breadcrumbs-content":"","ast-featured-img":"disabled","footer-sml-layout":"","theme-transparent-header-meta":"","adv-header-id-meta":"","stick-header-meta":"","header-above-stick-meta":"","header-main-stick-meta":"","header-below-stick-meta":"","astra-migrate-meta-layouts":"default","ast-page-background-enabled":"default","ast-page-background-meta":{"desktop":{"background-color":"var(--ast-global-color-4)","background-image":"","background-repeat":"repeat","background-position":"center center","background-size":"auto","background-attachment":"scroll","background-type":"","background-media":"","overlay-type":"","overlay-color":"","overlay-opacity":"","overlay-gradient":""},"tablet":{"background-color":"","background-image":"","background-repeat":"repeat","background-position":"center center","background-size":"auto","background-attachment":"scroll","background-type":"","background-media":"","overlay-type":"","overlay-color":"","overlay-opacity":"","overlay-gradient":""},"mobile":{"background-color":"","background-image":"","background-repeat":"repeat","background-position":"center center","background-size":"auto","background-attachment":"scroll","background-type":"","background-media":"","overlay-type":"","overlay-color":"","overlay-opacity":"","overlay-gradient":""}},"ast-content-background-meta":{"desktop":{"background-color":"var(--ast-global-color-5)","background-image":"","background-repeat":"repeat","background-position":"center center","background-size":"auto","background-attachment":"scroll","background-type":"","background-media":"","overlay-type":"","overlay-color":"","overlay-opacity":"","overlay-gradient":""},"tablet":{"background-color":"var(--ast-global-color-5)","background-image":"","background-repeat":"repeat","background-position":"center center","background-size":"auto","background-attachment":"scroll","background-type":"","background-media":"","overlay-type":"","overlay-color":"","overlay-opacity":"","overlay-gradient":""},"mobile":{"background-color":"var(--ast-global-color-5)","background-image":"","background-repeat":"repeat","background-position":"center center","background-size":"auto","background-attachment":"scroll","background-type":"","background-media":"","overlay-type":"","overlay-color":"","overlay-opacity":"","overlay-gradient":""}},"footnotes":""},"categories":[23,57],"tags":[3783,3937,392,3634,3635,739,3586,18,3636,255,101,2894,3938,3939,3940,3941,3942,53,69,444,76,3148,264,3943,3944,2700,725,3815],"class_list":["post-49931","post","type-post","status-publish","format-standard","has-post-thumbnail","hentry","category-destacats","category-mon-collegial","tag-activitats-de-prevencio","tag-activitats-esportives","tag-atencio-pell","tag-atencio-pell-365","tag-campanya-atencio-pell-365","tag-cancer-de-pell","tag-clima","tag-cofb","tag-cremes-solars","tag-deteccio-precoc","tag-esport","tag-esportistes","tag-esports-a-la-ciutat","tag-esports-a-la-muntanya","tag-esports-a-la-neu","tag-esports-aquatics","tag-exposicio-invisible","tag-farmaceutics","tag-farmacia-comunitaria","tag-fotoproteccio","tag-oficina-de-farmacia","tag-practica-esportiva","tag-prevencio","tag-prevencio-primaria","tag-prevencio-secundaria","tag-problemes-de-la-pell","tag-proteccio-solar","tag-sol"],"yoast_head":"<!-- This site is optimized with the Yoast SEO plugin v22.4 - https:\/\/yoast.com\/wordpress\/plugins\/seo\/ -->\n<title>Presentaci\u00f3 de la tercera onada de la campanya #Atenci\u00f3Pell365, centrada en l&#039;exposici\u00f3 invisible - Col\u00b7legi de Farmac\u00e8utics de Barcelona<\/title>\n<meta name=\"description\" content=\"El passat 20 de febrer va tenir lloc al Col\u00b7legi de Farmac\u00e8utics de Barcelona la presentaci\u00f3 de la tercera onada de la campanya &quot;Atenci\u00f3 Pell 365&quot; que estar\u00e0 centrada en la cura i la protecci\u00f3 de la pell de l&#039;esportista i en l&#039;exposici\u00f3 invisible.\" \/>\n<meta name=\"robots\" content=\"index, follow, max-snippet:-1, max-image-preview:large, max-video-preview:-1\" \/>\n<link rel=\"canonical\" href=\"https:\/\/novaorg.cofb.net\/2020\/02\/27\/presentacio-de-la-tercera-onada-de-la-campanya-atenciopell365\/\" \/>\n<meta property=\"og:locale\" content=\"ca_ES\" \/>\n<meta property=\"og:type\" content=\"article\" \/>\n<meta property=\"og:title\" content=\"Presentaci\u00f3 de la tercera onada de la campanya #Atenci\u00f3Pell365, centrada en l&#039;exposici\u00f3 invisible - Col\u00b7legi de Farmac\u00e8utics de Barcelona\" \/>\n<meta property=\"og:description\" content=\"El passat 20 de febrer va tenir lloc al Col\u00b7legi de Farmac\u00e8utics de Barcelona la presentaci\u00f3 de la tercera onada de la campanya &quot;Atenci\u00f3 Pell 365&quot; que estar\u00e0 centrada en la cura i la protecci\u00f3 de la pell de l&#039;esportista i en l&#039;exposici\u00f3 invisible.\" \/>\n<meta property=\"og:url\" content=\"https:\/\/novaorg.cofb.net\/2020\/02\/27\/presentacio-de-la-tercera-onada-de-la-campanya-atenciopell365\/\" \/>\n<meta property=\"og:site_name\" content=\"Col\u00b7legi de Farmac\u00e8utics de Barcelona\" \/>\n<meta property=\"article:publisher\" content=\"https:\/\/www.facebook.com\/farmaceuticsbcn\/\" \/>\n<meta property=\"article:published_time\" content=\"2020-02-27T14:02:36+00:00\" \/>\n<meta name=\"author\" content=\"wpAdminCofbOrg\" \/>\n<meta name=\"twitter:card\" content=\"summary_large_image\" \/>\n<meta name=\"twitter:creator\" content=\"@farmaceuticsbcn\" \/>\n<meta name=\"twitter:site\" content=\"@farmaceuticsbcn\" \/>\n<meta name=\"twitter:label1\" content=\"Escrit per\" \/>\n\t<meta name=\"twitter:data1\" content=\"wpAdminCofbOrg\" \/>\n\t<meta name=\"twitter:label2\" content=\"Temps estimat de lectura\" \/>\n\t<meta name=\"twitter:data2\" content=\"6 minuts\" \/>\n<script type=\"application\/ld+json\" class=\"yoast-schema-graph\">{\"@context\":\"https:\/\/schema.org\",\"@graph\":[{\"@type\":\"Article\",\"@id\":\"https:\/\/novaorg.cofb.net\/2020\/02\/27\/presentacio-de-la-tercera-onada-de-la-campanya-atenciopell365\/#article\",\"isPartOf\":{\"@id\":\"https:\/\/novaorg.cofb.net\/2020\/02\/27\/presentacio-de-la-tercera-onada-de-la-campanya-atenciopell365\/\"},\"author\":{\"name\":\"wpAdminCofbOrg\",\"@id\":\"https:\/\/www.cofb.org\/#\/schema\/person\/22ed7eea88da74b0fa4d3154ad87ffcb\"},\"headline\":\"Presentaci\u00f3 de la tercera onada de la campanya #Atenci\u00f3Pell365, centrada en l&#8217;exposici\u00f3 invisible\",\"datePublished\":\"2020-02-27T14:02:36+00:00\",\"dateModified\":\"2020-02-27T14:02:36+00:00\",\"mainEntityOfPage\":{\"@id\":\"https:\/\/novaorg.cofb.net\/2020\/02\/27\/presentacio-de-la-tercera-onada-de-la-campanya-atenciopell365\/\"},\"wordCount\":1252,\"commentCount\":0,\"publisher\":{\"@id\":\"https:\/\/www.cofb.org\/#organization\"},\"image\":{\"@id\":\"https:\/\/novaorg.cofb.net\/2020\/02\/27\/presentacio-de-la-tercera-onada-de-la-campanya-atenciopell365\/#primaryimage\"},\"thumbnailUrl\":\"\",\"keywords\":[\"activitats de prevenci\u00f3\",\"activitats esportives\",\"Atenci\u00f3 Pell\",\"Atenci\u00f3 Pell 365\",\"campanya Atenci\u00f3 Pell 365\",\"c\u00e0ncer de pell\",\"clima\",\"COFB\",\"cremes solars\",\"detecci\u00f3 preco\u00e7\",\"esport\",\"esportistes\",\"esports a la ciutat\",\"esports a la muntanya\",\"esports a la neu\",\"esports aqu\u00e0tics\",\"exposici\u00f3 invisible\",\"farmac\u00e8utics\",\"farm\u00e0cia comunit\u00e0ria\",\"fotoprotecci\u00f3\",\"Oficina de farm\u00e0cia\",\"pr\u00e0ctica esportiva\",\"prevenci\u00f3\",\"prevenci\u00f3 prim\u00e0ria\",\"prevenci\u00f3 secund\u00e0ria\",\"problemes de la pell\",\"protecci\u00f3 solar\",\"sol\"],\"articleSection\":[\"Destacats\",\"M\u00f3n col\u00b7legial\"],\"inLanguage\":\"ca\",\"potentialAction\":[{\"@type\":\"CommentAction\",\"name\":\"Comment\",\"target\":[\"https:\/\/novaorg.cofb.net\/2020\/02\/27\/presentacio-de-la-tercera-onada-de-la-campanya-atenciopell365\/#respond\"]}]},{\"@type\":\"WebPage\",\"@id\":\"https:\/\/novaorg.cofb.net\/2020\/02\/27\/presentacio-de-la-tercera-onada-de-la-campanya-atenciopell365\/\",\"url\":\"https:\/\/novaorg.cofb.net\/2020\/02\/27\/presentacio-de-la-tercera-onada-de-la-campanya-atenciopell365\/\",\"name\":\"Presentaci\u00f3 de la tercera onada de la campanya #Atenci\u00f3Pell365, centrada en l'exposici\u00f3 invisible - Col\u00b7legi de Farmac\u00e8utics de Barcelona\",\"isPartOf\":{\"@id\":\"https:\/\/www.cofb.org\/#website\"},\"primaryImageOfPage\":{\"@id\":\"https:\/\/novaorg.cofb.net\/2020\/02\/27\/presentacio-de-la-tercera-onada-de-la-campanya-atenciopell365\/#primaryimage\"},\"image\":{\"@id\":\"https:\/\/novaorg.cofb.net\/2020\/02\/27\/presentacio-de-la-tercera-onada-de-la-campanya-atenciopell365\/#primaryimage\"},\"thumbnailUrl\":\"\",\"datePublished\":\"2020-02-27T14:02:36+00:00\",\"dateModified\":\"2020-02-27T14:02:36+00:00\",\"description\":\"El passat 20 de febrer va tenir lloc al Col\u00b7legi de Farmac\u00e8utics de Barcelona la presentaci\u00f3 de la tercera onada de la campanya \\\"Atenci\u00f3 Pell 365\\\" que estar\u00e0 centrada en la cura i la protecci\u00f3 de la pell de l'esportista i en l'exposici\u00f3 invisible.\",\"breadcrumb\":{\"@id\":\"https:\/\/novaorg.cofb.net\/2020\/02\/27\/presentacio-de-la-tercera-onada-de-la-campanya-atenciopell365\/#breadcrumb\"},\"inLanguage\":\"ca\",\"potentialAction\":[{\"@type\":\"ReadAction\",\"target\":[\"https:\/\/novaorg.cofb.net\/2020\/02\/27\/presentacio-de-la-tercera-onada-de-la-campanya-atenciopell365\/\"]}]},{\"@type\":\"ImageObject\",\"inLanguage\":\"ca\",\"@id\":\"https:\/\/novaorg.cofb.net\/2020\/02\/27\/presentacio-de-la-tercera-onada-de-la-campanya-atenciopell365\/#primaryimage\",\"url\":\"\",\"contentUrl\":\"\"},{\"@type\":\"BreadcrumbList\",\"@id\":\"https:\/\/novaorg.cofb.net\/2020\/02\/27\/presentacio-de-la-tercera-onada-de-la-campanya-atenciopell365\/#breadcrumb\",\"itemListElement\":[{\"@type\":\"ListItem\",\"position\":1,\"name\":\"Inici\",\"item\":\"https:\/\/novaorg.cofb.net\/\"},{\"@type\":\"ListItem\",\"position\":2,\"name\":\"Presentaci\u00f3 de la tercera onada de la campanya #Atenci\u00f3Pell365, centrada en l&#8217;exposici\u00f3 invisible\"}]},{\"@type\":\"WebSite\",\"@id\":\"https:\/\/www.cofb.org\/#website\",\"url\":\"https:\/\/www.cofb.org\/\",\"name\":\"Col\u00b7legi de Farmac\u00e8utics de Barcelona\",\"description\":\"\",\"publisher\":{\"@id\":\"https:\/\/www.cofb.org\/#organization\"},\"potentialAction\":[{\"@type\":\"SearchAction\",\"target\":{\"@type\":\"EntryPoint\",\"urlTemplate\":\"https:\/\/www.cofb.org\/?s={search_term_string}\"},\"query-input\":\"required name=search_term_string\"}],\"inLanguage\":\"ca\"},{\"@type\":\"Organization\",\"@id\":\"https:\/\/www.cofb.org\/#organization\",\"name\":\"Col\u00b7legi de Farmac\u00e8utics de Barcelona\",\"url\":\"https:\/\/www.cofb.org\/\",\"logo\":{\"@type\":\"ImageObject\",\"inLanguage\":\"ca\",\"@id\":\"https:\/\/www.cofb.org\/#\/schema\/logo\/image\/\",\"url\":\"https:\/\/www.cofb.org\/wp-content\/uploads\/2023\/11\/cropped-Logotip-COFB.png\",\"contentUrl\":\"https:\/\/www.cofb.org\/wp-content\/uploads\/2023\/11\/cropped-Logotip-COFB.png\",\"width\":500,\"height\":105,\"caption\":\"Col\u00b7legi de Farmac\u00e8utics de Barcelona\"},\"image\":{\"@id\":\"https:\/\/www.cofb.org\/#\/schema\/logo\/image\/\"},\"sameAs\":[\"https:\/\/www.facebook.com\/farmaceuticsbcn\/\",\"https:\/\/twitter.com\/farmaceuticsbcn\",\"https:\/\/www.instagram.com\/farmaceuticsbcn\/\",\"https:\/\/www.linkedin.com\/company\/farmaceuticsbcn\/\"]},{\"@type\":\"Person\",\"@id\":\"https:\/\/www.cofb.org\/#\/schema\/person\/22ed7eea88da74b0fa4d3154ad87ffcb\",\"name\":\"wpAdminCofbOrg\",\"image\":{\"@type\":\"ImageObject\",\"inLanguage\":\"ca\",\"@id\":\"https:\/\/www.cofb.org\/#\/schema\/person\/image\/\",\"url\":\"https:\/\/secure.gravatar.com\/avatar\/1721b20b3b8ca882c3b56ec6c978c594fff670e40c0718e9190eaeeb76aae7d8?s=96&d=mm&r=g\",\"contentUrl\":\"https:\/\/secure.gravatar.com\/avatar\/1721b20b3b8ca882c3b56ec6c978c594fff670e40c0718e9190eaeeb76aae7d8?s=96&d=mm&r=g\",\"caption\":\"wpAdminCofbOrg\"},\"sameAs\":[\"http:\/\/192.168.64.122\/wordpress\"],\"url\":\"https:\/\/www.cofb.org\/ca\/author\/wpadmincofborg\/\"}]}<\/script>\n<!-- \/ Yoast SEO plugin. -->","yoast_head_json":{"title":"Presentaci\u00f3 de la tercera onada de la campanya #Atenci\u00f3Pell365, centrada en l'exposici\u00f3 invisible - Col\u00b7legi de Farmac\u00e8utics de Barcelona","description":"El passat 20 de febrer va tenir lloc al Col\u00b7legi de Farmac\u00e8utics de Barcelona la presentaci\u00f3 de la tercera onada de la campanya \"Atenci\u00f3 Pell 365\" que estar\u00e0 centrada en la cura i la protecci\u00f3 de la pell de l'esportista i en l'exposici\u00f3 invisible.","robots":{"index":"index","follow":"follow","max-snippet":"max-snippet:-1","max-image-preview":"max-image-preview:large","max-video-preview":"max-video-preview:-1"},"canonical":"https:\/\/novaorg.cofb.net\/2020\/02\/27\/presentacio-de-la-tercera-onada-de-la-campanya-atenciopell365\/","og_locale":"ca_ES","og_type":"article","og_title":"Presentaci\u00f3 de la tercera onada de la campanya #Atenci\u00f3Pell365, centrada en l'exposici\u00f3 invisible - Col\u00b7legi de Farmac\u00e8utics de Barcelona","og_description":"El passat 20 de febrer va tenir lloc al Col\u00b7legi de Farmac\u00e8utics de Barcelona la presentaci\u00f3 de la tercera onada de la campanya \"Atenci\u00f3 Pell 365\" que estar\u00e0 centrada en la cura i la protecci\u00f3 de la pell de l'esportista i en l'exposici\u00f3 invisible.","og_url":"https:\/\/novaorg.cofb.net\/2020\/02\/27\/presentacio-de-la-tercera-onada-de-la-campanya-atenciopell365\/","og_site_name":"Col\u00b7legi de Farmac\u00e8utics de Barcelona","article_publisher":"https:\/\/www.facebook.com\/farmaceuticsbcn\/","article_published_time":"2020-02-27T14:02:36+00:00","author":"wpAdminCofbOrg","twitter_card":"summary_large_image","twitter_creator":"@farmaceuticsbcn","twitter_site":"@farmaceuticsbcn","twitter_misc":{"Escrit per":"wpAdminCofbOrg","Temps estimat de lectura":"6 minuts"},"schema":{"@context":"https:\/\/schema.org","@graph":[{"@type":"Article","@id":"https:\/\/novaorg.cofb.net\/2020\/02\/27\/presentacio-de-la-tercera-onada-de-la-campanya-atenciopell365\/#article","isPartOf":{"@id":"https:\/\/novaorg.cofb.net\/2020\/02\/27\/presentacio-de-la-tercera-onada-de-la-campanya-atenciopell365\/"},"author":{"name":"wpAdminCofbOrg","@id":"https:\/\/www.cofb.org\/#\/schema\/person\/22ed7eea88da74b0fa4d3154ad87ffcb"},"headline":"Presentaci\u00f3 de la tercera onada de la campanya #Atenci\u00f3Pell365, centrada en l&#8217;exposici\u00f3 invisible","datePublished":"2020-02-27T14:02:36+00:00","dateModified":"2020-02-27T14:02:36+00:00","mainEntityOfPage":{"@id":"https:\/\/novaorg.cofb.net\/2020\/02\/27\/presentacio-de-la-tercera-onada-de-la-campanya-atenciopell365\/"},"wordCount":1252,"commentCount":0,"publisher":{"@id":"https:\/\/www.cofb.org\/#organization"},"image":{"@id":"https:\/\/novaorg.cofb.net\/2020\/02\/27\/presentacio-de-la-tercera-onada-de-la-campanya-atenciopell365\/#primaryimage"},"thumbnailUrl":"","keywords":["activitats de prevenci\u00f3","activitats esportives","Atenci\u00f3 Pell","Atenci\u00f3 Pell 365","campanya Atenci\u00f3 Pell 365","c\u00e0ncer de pell","clima","COFB","cremes solars","detecci\u00f3 preco\u00e7","esport","esportistes","esports a la ciutat","esports a la muntanya","esports a la neu","esports aqu\u00e0tics","exposici\u00f3 invisible","farmac\u00e8utics","farm\u00e0cia comunit\u00e0ria","fotoprotecci\u00f3","Oficina de farm\u00e0cia","pr\u00e0ctica esportiva","prevenci\u00f3","prevenci\u00f3 prim\u00e0ria","prevenci\u00f3 secund\u00e0ria","problemes de la pell","protecci\u00f3 solar","sol"],"articleSection":["Destacats","M\u00f3n col\u00b7legial"],"inLanguage":"ca","potentialAction":[{"@type":"CommentAction","name":"Comment","target":["https:\/\/novaorg.cofb.net\/2020\/02\/27\/presentacio-de-la-tercera-onada-de-la-campanya-atenciopell365\/#respond"]}]},{"@type":"WebPage","@id":"https:\/\/novaorg.cofb.net\/2020\/02\/27\/presentacio-de-la-tercera-onada-de-la-campanya-atenciopell365\/","url":"https:\/\/novaorg.cofb.net\/2020\/02\/27\/presentacio-de-la-tercera-onada-de-la-campanya-atenciopell365\/","name":"Presentaci\u00f3 de la tercera onada de la campanya #Atenci\u00f3Pell365, centrada en l'exposici\u00f3 invisible - Col\u00b7legi de Farmac\u00e8utics de Barcelona","isPartOf":{"@id":"https:\/\/www.cofb.org\/#website"},"primaryImageOfPage":{"@id":"https:\/\/novaorg.cofb.net\/2020\/02\/27\/presentacio-de-la-tercera-onada-de-la-campanya-atenciopell365\/#primaryimage"},"image":{"@id":"https:\/\/novaorg.cofb.net\/2020\/02\/27\/presentacio-de-la-tercera-onada-de-la-campanya-atenciopell365\/#primaryimage"},"thumbnailUrl":"","datePublished":"2020-02-27T14:02:36+00:00","dateModified":"2020-02-27T14:02:36+00:00","description":"El passat 20 de febrer va tenir lloc al Col\u00b7legi de Farmac\u00e8utics de Barcelona la presentaci\u00f3 de la tercera onada de la campanya \"Atenci\u00f3 Pell 365\" que estar\u00e0 centrada en la cura i la protecci\u00f3 de la pell de l'esportista i en l'exposici\u00f3 invisible.","breadcrumb":{"@id":"https:\/\/novaorg.cofb.net\/2020\/02\/27\/presentacio-de-la-tercera-onada-de-la-campanya-atenciopell365\/#breadcrumb"},"inLanguage":"ca","potentialAction":[{"@type":"ReadAction","target":["https:\/\/novaorg.cofb.net\/2020\/02\/27\/presentacio-de-la-tercera-onada-de-la-campanya-atenciopell365\/"]}]},{"@type":"ImageObject","inLanguage":"ca","@id":"https:\/\/novaorg.cofb.net\/2020\/02\/27\/presentacio-de-la-tercera-onada-de-la-campanya-atenciopell365\/#primaryimage","url":"","contentUrl":""},{"@type":"BreadcrumbList","@id":"https:\/\/novaorg.cofb.net\/2020\/02\/27\/presentacio-de-la-tercera-onada-de-la-campanya-atenciopell365\/#breadcrumb","itemListElement":[{"@type":"ListItem","position":1,"name":"Inici","item":"https:\/\/novaorg.cofb.net\/"},{"@type":"ListItem","position":2,"name":"Presentaci\u00f3 de la tercera onada de la campanya #Atenci\u00f3Pell365, centrada en l&#8217;exposici\u00f3 invisible"}]},{"@type":"WebSite","@id":"https:\/\/www.cofb.org\/#website","url":"https:\/\/www.cofb.org\/","name":"Col\u00b7legi de Farmac\u00e8utics de Barcelona","description":"","publisher":{"@id":"https:\/\/www.cofb.org\/#organization"},"potentialAction":[{"@type":"SearchAction","target":{"@type":"EntryPoint","urlTemplate":"https:\/\/www.cofb.org\/?s={search_term_string}"},"query-input":"required name=search_term_string"}],"inLanguage":"ca"},{"@type":"Organization","@id":"https:\/\/www.cofb.org\/#organization","name":"Col\u00b7legi de Farmac\u00e8utics de Barcelona","url":"https:\/\/www.cofb.org\/","logo":{"@type":"ImageObject","inLanguage":"ca","@id":"https:\/\/www.cofb.org\/#\/schema\/logo\/image\/","url":"https:\/\/www.cofb.org\/wp-content\/uploads\/2023\/11\/cropped-Logotip-COFB.png","contentUrl":"https:\/\/www.cofb.org\/wp-content\/uploads\/2023\/11\/cropped-Logotip-COFB.png","width":500,"height":105,"caption":"Col\u00b7legi de Farmac\u00e8utics de Barcelona"},"image":{"@id":"https:\/\/www.cofb.org\/#\/schema\/logo\/image\/"},"sameAs":["https:\/\/www.facebook.com\/farmaceuticsbcn\/","https:\/\/twitter.com\/farmaceuticsbcn","https:\/\/www.instagram.com\/farmaceuticsbcn\/","https:\/\/www.linkedin.com\/company\/farmaceuticsbcn\/"]},{"@type":"Person","@id":"https:\/\/www.cofb.org\/#\/schema\/person\/22ed7eea88da74b0fa4d3154ad87ffcb","name":"wpAdminCofbOrg","image":{"@type":"ImageObject","inLanguage":"ca","@id":"https:\/\/www.cofb.org\/#\/schema\/person\/image\/","url":"https:\/\/secure.gravatar.com\/avatar\/1721b20b3b8ca882c3b56ec6c978c594fff670e40c0718e9190eaeeb76aae7d8?s=96&d=mm&r=g","contentUrl":"https:\/\/secure.gravatar.com\/avatar\/1721b20b3b8ca882c3b56ec6c978c594fff670e40c0718e9190eaeeb76aae7d8?s=96&d=mm&r=g","caption":"wpAdminCofbOrg"},"sameAs":["http:\/\/192.168.64.122\/wordpress"],"url":"https:\/\/www.cofb.org\/ca\/author\/wpadmincofborg\/"}]}},"uagb_featured_image_src":{"full":false,"thumbnail":false,"medium":false,"medium_large":false,"large":false,"1536x1536":false,"2048x2048":false,"trp-custom-language-flag":false},"uagb_author_info":{"display_name":"wpAdminCofbOrg","author_link":"https:\/\/www.cofb.org\/ca\/author\/wpadmincofborg\/"},"uagb_comment_info":0,"uagb_excerpt":"El passat 20 de febrer va tenir lloc al Col\u00b7legi de Farmac\u00e8utics de Barcelona la presentaci\u00f3 de la tercera onada de la campanya &#8220;Atenci\u00f3 Pell 365&#8221; que est\u00e0 centrada en aquelles situacions que no identifiquem com a exposici\u00f3 solar, tot i que les radiacions continuen estant presents com, per exemple, [&hellip;]","_links":{"self":[{"href":"https:\/\/www.cofb.org\/ca\/wp-json\/wp\/v2\/posts\/49931","targetHints":{"allow":["GET"]}}],"collection":[{"href":"https:\/\/www.cofb.org\/ca\/wp-json\/wp\/v2\/posts"}],"about":[{"href":"https:\/\/www.cofb.org\/ca\/wp-json\/wp\/v2\/types\/post"}],"author":[{"embeddable":true,"href":"https:\/\/www.cofb.org\/ca\/wp-json\/wp\/v2\/users\/1"}],"replies":[{"embeddable":true,"href":"https:\/\/www.cofb.org\/ca\/wp-json\/wp\/v2\/comments?post=49931"}],"version-history":[{"count":0,"href":"https:\/\/www.cofb.org\/ca\/wp-json\/wp\/v2\/posts\/49931\/revisions"}],"wp:featuredmedia":[{"embeddable":true,"href":"https:\/\/www.cofb.org\/ca\/wp-json\/"}],"wp:attachment":[{"href":"https:\/\/www.cofb.org\/ca\/wp-json\/wp\/v2\/media?parent=49931"}],"wp:term":[{"taxonomy":"category","embeddable":true,"href":"https:\/\/www.cofb.org\/ca\/wp-json\/wp\/v2\/categories?post=49931"},{"taxonomy":"post_tag","embeddable":true,"href":"https:\/\/www.cofb.org\/ca\/wp-json\/wp\/v2\/tags?post=49931"}],"curies":[{"name":"wp","href":"https:\/\/api.w.org\/{rel}","templated":true}]}}