{"id":49840,"date":"2020-02-20T18:00:28","date_gmt":"2020-02-20T16:00:28","guid":{"rendered":"https:\/\/blog.cofb.cat\/?p=49840"},"modified":"2020-02-20T18:00:28","modified_gmt":"2020-02-20T16:00:28","slug":"presentat-lestudi-derma-risc-que-integrara-farmaceutics-circuit-deteccio-cancer-pell-partir-marc","status":"publish","type":"post","link":"https:\/\/www.cofb.org\/ca\/2020\/02\/20\/presentat-lestudi-derma-risc-que-integrara-farmaceutics-circuit-deteccio-cancer-pell-partir-marc\/","title":{"rendered":"Presentat l&#8217;estudi Derma-Risc, que integrar\u00e0 els farmac\u00e8utics en un circuit de detecci\u00f3 del c\u00e0ncer de pell"},"content":{"rendered":"<p>A partir del mes d&#8217;abril* comen\u00e7ar\u00e0 l&#8217;<strong>estudi<\/strong> <strong>Derma-Risc<\/strong>, que t\u00e9 per objectiu la <strong>detecci\u00f3 del c\u00e0ncer cutani amb q\u00fcestionaris de factors de risc<\/strong> en la poblaci\u00f3 de Barcelona, des de l&#8217;\u00e0mbit de la <strong>farm\u00e0cia comunit\u00e0ria<\/strong> i el de l&#8217;<strong>Atenci\u00f3 Prim\u00e0ria<\/strong>.\u00a0L&#8217;estudi, organitzat pel <strong>Col\u00b7legi de Farmac\u00e8utics de Barcelona (COFB)<\/strong>, l&#8217;Hospital Cl\u00ednic, la Societat Catalana de Medicina Familiar i Comunit\u00e0ria (CAMFiC) i l&#8217;Institut Catal\u00e0 de la Salut (ICS) va presentar-se el passat <strong>12 de febrer<\/strong> a la seu del <strong>Col\u00b7legi<\/strong>.<\/p>\n<p><em><strong>(*)Nota:\u00a0Ateses les recomanacions de les autoritats sanit\u00e0ries i si la situaci\u00f3 es normalitza, l\u2019estudi Derma-Risc comen\u00e7ar\u00e0 despr\u00e9s de Setmana Santa, tot i que estava previst que s&#8217;inici\u00e9s al mes de mar\u00e7.<\/strong><\/em><\/p>\n<figure id=\"attachment_49916\" aria-describedby=\"caption-attachment-49916\" style=\"width: 620px\" class=\"wp-caption aligncenter\"><a href=\"https:\/\/blog.cofb.cat\/wp-content\/uploads\/2020\/02\/cofb.200212-56.jpg\"><img fetchpriority=\"high\" decoding=\"async\" class=\"wp-image-49916 size-large\" title=\"La jornada va comptar amb una elevada assist\u00e8ncia, tant de metges, farmac\u00e8utics i personal del GiS.\" src=\"https:\/\/blog.cofb.cat\/wp-content\/uploads\/2020\/02\/cofb.200212-56-1024x683.jpg\" alt=\"La jornada va comptar amb una elevada assist\u00e8ncia, tant de metges, farmac\u00e8utics i personal del GiS.\" width=\"620\" height=\"414\" \/><\/a><figcaption id=\"caption-attachment-49916\" class=\"wp-caption-text\">La jornada va comptar amb una elevada assist\u00e8ncia, tant de metges, farmac\u00e8utics i personal del GiS.<\/figcaption><\/figure>\n<p>La presentaci\u00f3 va anar a c\u00e0rrec de <strong>Marta Alcalde<\/strong>, farmac\u00e8utica comunit\u00e0ria i vocal de Dermofarm\u00e0cia i Productes Sanitaris del COFB; <strong>S\u00f2nia Mart\u00ednez<\/strong>, metgessa de fam\u00edlia i comunit\u00e0ria, directora del CAP Ramona Via i membre del Grup de Treball de Dermatologia de la CAMFiC i del dermat\u00f2leg <strong>Josep Malvehy<\/strong>, de la Unitat de C\u00e0ncer de Pell de l&#8217;Hospital Cl\u00ednic de Barcelona i director m\u00e8dic de Diagnosis Dermatol\u00f3gica.<\/p>\n<h1><span style=\"color: #008080;\"><strong>Integraci\u00f3 del farmac\u00e8utic en un circuit de detecci\u00f3 del c\u00e0ncer de pell<\/strong><\/span><\/h1>\n<p>Segons Alcalde, el que es pret\u00e9n amb aquest estudi \u00e9s que els farmac\u00e8utics\u00a0<strong>&#8220;s&#8217;integrin dins d&#8217;un circuit de detecci\u00f3 del c\u00e0ncer de pell<\/strong>\u00a0en qu\u00e8 tamb\u00e9 participen\u00a0<strong>metges d&#8217;Atenci\u00f3 Prim\u00e0ria<\/strong> i <strong>dermat\u00f2legs<\/strong>&#8220;.\u00a0En el cas dels <strong>farmac\u00e8utics<\/strong>, &#8220;la seva tasca \u00e9s fer un <strong>q\u00fcestionari de factors de risc <\/strong>a les persones que acudeixen a la farm\u00e0cia. En funci\u00f3 del resultat, classifiquen a la persona segons tingui o no aquests factors&#8221;, explica.<\/p>\n<p>Els <strong>q\u00fcestionaris<\/strong> s\u00f3n consensuats amb els <strong>dermat\u00f2legs<\/strong> i els <strong>metges d&#8217;Atenci\u00f3 Prim\u00e0ria<\/strong>, per tant, els farmac\u00e8utics pregunten sobre uns <strong>factors de risc<\/strong> que es consideren com a tals a l&#8217;hora de patir <strong>c\u00e0ncer de pell<\/strong>. L&#8217;objectiu, doncs, \u00e9s trobar <strong>c\u00e0ncer de pell ocult<\/strong> en persones que fins ara mai s&#8217;haguessin preguntat si tenien aquest problema. Per aix\u00f2, un cop s&#8217;ha fet el q\u00fcestionari a la persona\u00a0<strong>se&#8217;l deriva o no al metge d&#8217;Atenci\u00f3 Prim\u00e0ria<\/strong>\u00a0en funci\u00f3 del resultat.<\/p>\n<figure id=\"attachment_49910\" aria-describedby=\"caption-attachment-49910\" style=\"width: 620px\" class=\"wp-caption aligncenter\"><a href=\"https:\/\/blog.cofb.cat\/wp-content\/uploads\/2020\/02\/cofb.200212-55.jpg\"><img decoding=\"async\" class=\"wp-image-49910 size-large\" title=\"Al centre, Marta Alcalde, vocal de Dermofarm\u00e0cia i Productes Sanitaris del COFB, durant la seva exposici\u00f3. A la seva dreta, el Dr. Josep Malvehy i, a la seva esquerra, la Dra. S\u00f2nia Mart\u00ednez.\" src=\"https:\/\/blog.cofb.cat\/wp-content\/uploads\/2020\/02\/cofb.200212-55-1024x683.jpg\" alt=\"Al centre, Marta Alcalde, vocal de Dermofarm\u00e0cia i Productes Sanitaris del COFB, durant la seva exposici\u00f3. A la seva dreta, el Dr. Josep Malvehy i, a la seva esquerra, la Dra. S\u00f2nia Mart\u00ednez.\" width=\"620\" height=\"414\" \/><\/a><figcaption id=\"caption-attachment-49910\" class=\"wp-caption-text\">Al centre, Marta Alcalde, vocal de Dermofarm\u00e0cia i Productes Sanitaris del COFB, durant la seva exposici\u00f3. A la seva dreta, el Dr. Josep Malvehy i, a la seva esquerra, la Dra. S\u00f2nia Mart\u00ednez.<\/figcaption><\/figure>\n<p>En cas que no se&#8217;l derivi al metge d&#8217;<strong>Atenci\u00f3 Prim\u00e0ria<\/strong>, perqu\u00e8 no tingui factors de risc, o b\u00e9 en tingui algun i ja estigui sota un tractament o supervisi\u00f3 m\u00e8dica, el farmac\u00e8utic far\u00e0 <strong>educaci\u00f3 sanit\u00e0ria<\/strong> pel que fa a la\u00a0<strong>fotoprotecci\u00f3<\/strong>\u00a0i als\u00a0<strong>h\u00e0bits saludables de fotoprotecci\u00f3. <\/strong>A m\u00e9s, recomanar\u00e0 una visita dermatol\u00f2gica en cas que la persona s&#8217;observi canvis a la seva pell.\u00a0 Per contra, aquells que s\u00ed que tenen alguns dels factors de risc i no estan sota supervisi\u00f3 m\u00e8dica seran derivats pel farmac\u00e8utic a una <strong>visita m\u00e8dica especialitzada<\/strong>.<\/p>\n<div class=\"box note\"><\/div>\n<h1><span style=\"color: #008080;\"><strong>Quins objectius t\u00e9 l&#8217;estudi?<\/strong><\/span><\/h1>\n<p>T\u00e9 per objectiu general avaluar l&#8217;<strong>efectivitat<\/strong> i la <strong>viabilitat<\/strong> d\u2019un <strong>programa de detecci\u00f3 preco\u00e7 de c\u00e0ncer cutani<\/strong> amb rutes compartides entre <strong>farmac\u00e8utics comunitaris<\/strong>, <strong>metges de fam\u00edlia<\/strong> i <strong>dermat\u00f2legs<\/strong>.<\/p>\n<p>Com a\u00a0<strong>objectius espec\u00edfics<\/strong>, destaquen:<\/p>\n<ul>\n<li>Determinar <strong>difer\u00e8ncies en el risc de c\u00e0ncer cutani<\/strong> en la poblaci\u00f3 reclutada a les <strong>farm\u00e0cies comunit\u00e0ries<\/strong> i als <strong>centres d\u2019atenci\u00f3 prim\u00e0ria<\/strong><\/li>\n<li>Determinar la <strong>concordan\u00e7a entre el q\u00fcestionari validat en farmac\u00e8utics de la comunitat<\/strong>, respecte a un <strong>q\u00fcestionari \u201cad hoc\u201d, no validat, adaptat a metges de fam\u00edlia<\/strong>, en poblaci\u00f3 adulta.<\/li>\n<li>Avaluar la <strong>idone\u00eftat del circuit de derivaci\u00f3<\/strong> dels pacients <strong>des de les oficines de farm\u00e0cia cap als equips d\u2019atenci\u00f3 prim\u00e0ria (EAP)<\/strong><\/li>\n<\/ul>\n<\/div>\n<h3><span style=\"color: #000000;\"><strong>Validaci\u00f3 dels q\u00fcestionaris<\/strong><\/span><\/h3>\n<p>Totes les persones que tenen algun factor de risc i no estan sota control dermatol\u00f2gic seran enviades al CAP i <strong>nom\u00e9s un 10% de les no tenen factors<\/strong> i <strong>de les que en tenen algun i estan sota control m\u00e8dic<\/strong> tamb\u00e9 hi seran enviades. Un cop arribin al metge, aquest no sabr\u00e0 quina \u00e9s la <strong>classificaci\u00f3 de la persona<\/strong>\u00a0en relaci\u00f3 amb els factors de risc determinada pel farmac\u00e8utic i <strong>haur\u00e0 de realitzar-li un nou q\u00fcestionari.<\/strong>\u00a0Aix\u00f2 servir\u00e0 com control, per <strong>validar els q\u00fcestionaris<\/strong> i <strong>veure que l&#8217;estudi s&#8217;est\u00e0 fent correctament<\/strong>.<\/p>\n<figure id=\"attachment_49922\" aria-describedby=\"caption-attachment-49922\" style=\"width: 620px\" class=\"wp-caption aligncenter\"><a href=\"https:\/\/blog.cofb.cat\/wp-content\/uploads\/2020\/02\/cofb.200212-13-Edited.jpg\"><img decoding=\"async\" class=\"wp-image-49922 size-large\" title=\"El farmac\u00e8utic Joan Francesc Mir, del Departament de Formaci\u00f3 i Desenvolupament Professional del COFB, explicant els detalls del projecte.\" src=\"https:\/\/blog.cofb.cat\/wp-content\/uploads\/2020\/02\/cofb.200212-13-Edited-1024x683.jpg\" alt=\"El farmac\u00e8utic Joan Francesc Mir, del Departament de Formaci\u00f3 i Desenvolupament Professional del COFB, explicant els detalls del projecte.\" width=\"620\" height=\"414\" \/><\/a><figcaption id=\"caption-attachment-49922\" class=\"wp-caption-text\">El farmac\u00e8utic Joan Francesc Mir, del Departament de Formaci\u00f3 i Desenvolupament Professional del COFB, explicant els detalls del projecte.<\/figcaption><\/figure>\n<p>D&#8217;altra banda, els metges tamb\u00e9 fan una exploraci\u00f3 de cos sencer mitjan\u00e7ant un dermatoscop perqu\u00e8, en cas que la persona tingui lesions, es vegi com s\u00f3n i si suposen algun risc. A partir d&#8217;aqu\u00ed, el metge procedeix com faria habitualment amb una visita a qualsevol altra persona. En funci\u00f3 del tipus de lesi\u00f3 que tingui el pacient, ho pot tractar perqu\u00e8 t\u00e9 capacitat per fer el tractament en l&#8217;\u00e0mbit d&#8217;Atenci\u00f3 Prim\u00e0ria, i si necessit\u00e9s confirmaci\u00f3 diagn\u00f2stica, ho enviaria als dermat\u00f2legs seguint la ruta habitual del sistema de salut. En cas que el pacient sigui derivat al dermat\u00f2leg, el metge d&#8217;Atenci\u00f3 Prim\u00e0ria s&#8217;encarregar\u00e0 de recuperar les dades d&#8217;aquest diagn\u00f2stic i les introduir\u00e0 dins l&#8217;aplicatiu que s&#8217;ha dissenyat per l&#8217;estudi, de forma que totes les dades quedaran recollides.<\/p>\n<div class=\"destacat-blog\">\n<h1><span style=\"color: #008080;\"><strong>Quins s\u00f3n els criteris d&#8217;inclusi\u00f3 dels usuaris de les farm\u00e0cies comunit\u00e0ries que participin volunt\u00e0riament?<\/strong><\/span><\/h1>\n<ul>\n<li>Tenir m\u00e9s de 45 anys<\/li>\n<li>Ser resident a Barcelona i tenir la targeta sanit\u00e0ria vigent<\/li>\n<li>Tenir de refer\u00e8ncia a un EAP, d&#8217;una ABS participant en l&#8217;estudi<\/li>\n<li>Conformitat de participar en l&#8217;estudi<\/li>\n<\/ul>\n<\/div>\n<h1><span style=\"color: #008080;\"><strong>Per qu\u00e8 l&#8217;estudi Derma-Risc \u00e9s important pels farmac\u00e8utics?<\/strong><\/span><\/h1>\n<h3><strong>Prevenci\u00f3 prim\u00e0ria: educaci\u00f3 sanit\u00e0ria<\/strong><\/h3>\n<p>Segons Alcalde, l&#8217;<strong>estudi Derma-Risc<\/strong> \u00e9s important pels farmac\u00e8utics perqu\u00e8, d&#8217;una banda, permet a aquests professionals participar en tasques de <strong>prevenci\u00f3 prim\u00e0ria<\/strong> que estan molt acostumats a fer com l&#8217;<strong>educaci\u00f3 sanit\u00e0ria<\/strong> pel que fa a fotoprotecci\u00f3. &#8220;En omplir el q\u00fcestionari, es pot <strong>assessorar la gent amb una fotoprotecci\u00f3 m\u00e9s personalitzada en funci\u00f3 dels h\u00e0bits d&#8217;exposici\u00f3<\/strong> que et diu que t\u00e9. Aquest \u00e9s un tema que nosaltres, com a farmac\u00e8utics, fem des de fa temps i amb el qual ens sentim c\u00f2modes. \u00c9s una tasca molt important per nosaltres&#8221;, explica la vocal de Dermofarm\u00e0cia i Productes Sanitaris del Col\u00b7legi.<\/p>\n<h3><strong>Prevenci\u00f3 secund\u00e0ria: detecci\u00f3 preco\u00e7<\/strong><\/h3>\n<p>D&#8217;altra banda, Marta Alcalde tamb\u00e9 exposa que l&#8217;estudi Derma-Risc permet als farmac\u00e8utics desenvolupar &#8220;un paper molt important pel que fa a tasques de <strong>prevenci\u00f3 secund\u00e0ria<\/strong>, m\u00e9s encaminades a la <strong>detecci\u00f3 preco\u00e7 de malalties<\/strong>&#8220;. &#8220;Fem el q\u00fcestionari a persones que, en un principi, v\u00e9nen a la farm\u00e0cia per qualsevol altre motiu i a qui s&#8217;ofereix participar en l&#8217;estudi per la prevenci\u00f3 del c\u00e0ncer de pell .<\/p>\n<figure id=\"attachment_49918\" aria-describedby=\"caption-attachment-49918\" style=\"width: 620px\" class=\"wp-caption aligncenter\"><a href=\"https:\/\/blog.cofb.cat\/wp-content\/uploads\/2020\/02\/cofb.200212-20.jpg\"><img loading=\"lazy\" decoding=\"async\" class=\"wp-image-49918 size-large\" title=\"El dermat\u00f2leg Josep Malvehy, membre de la Unitat de C\u00e0ncer de Pell de l'Hospital Cl\u00ednic de Barcelona i director m\u00e8dic de Diagnosis Dermatol\u00f3gica\" src=\"https:\/\/blog.cofb.cat\/wp-content\/uploads\/2020\/02\/cofb.200212-20-1024x683.jpg\" alt=\"El dermat\u00f2leg Josep Malvehy, membre de la Unitat de C\u00e0ncer de Pell de l'Hospital Cl\u00ednic de Barcelona i director m\u00e8dic de Diagnosis Dermatol\u00f3gica\" width=\"620\" height=\"414\" \/><\/a><figcaption id=\"caption-attachment-49918\" class=\"wp-caption-text\">El dermat\u00f2leg Josep Malvehy, membre de la Unitat de C\u00e0ncer de Pell de l&#8217;Hospital Cl\u00ednic de Barcelona i director m\u00e8dic de Diagnosis Dermatol\u00f3gica<\/figcaption><\/figure>\n<h3><span style=\"color: #000000;\"><strong>Integraci\u00f3 amb altres professionals sanitaris<\/strong><\/span><\/h3>\n<p>Des del seu punt de vista, aquest estudi fa una aportaci\u00f3 destacable perqu\u00e8 &#8220;permet als farmac\u00e8utics <strong>participar dins d&#8217;un circuit amb altres professionals sanitaris<\/strong>. Es tracta d&#8217;un <strong>projecte multidisciplinari<\/strong>, cadasc\u00fa actua dins del seu nivell i, al final, permet <strong>fer sinergies\u00a0 amb un objectiu com\u00fa<\/strong>: la <strong>lluita contra el c\u00e0ncer de pell,\u00a0<\/strong>afavorint la <strong>detecci\u00f3 preco\u00e7 del c\u00e0ncer ocult<\/strong>. Al final, com m\u00e9s aviat es detecta, millor, perqu\u00e8 <strong>la taxa de superviv\u00e8ncia \u00e9s molt m\u00e9s alta<\/strong>&#8220;.<\/p>\n<h3><span style=\"color: #000000;\"><strong>Optimitzaci\u00f3 de recursos<\/strong><\/span><\/h3>\n<p>Per \u00faltim, tamb\u00e9 considera que &#8220;l&#8217;estudi permet <strong>optimitzar recursos<\/strong> perqu\u00e8 fent el q\u00fcestionari es poden prioritzar les persones que realment necessiten una exploraci\u00f3 peri\u00f2dica en relaci\u00f3 amb el c\u00e0ncer cutani davant d&#8217;altres que no tenen un factor de risc i, per tant, no ho necessiten. Aquest cribratge \u00e9s una manera d&#8217;<strong>optimitzar recursos entre nivells assistencials<\/strong>.&#8221;<\/p>\n<p style=\"text-align: right;\"><strong>Organitzat per<\/strong>:<\/p>\n<p style=\"text-align: right;\"><a href=\"https:\/\/blog.cofb.cat\/wp-content\/uploads\/2020\/02\/Organitzat-per.png\"><img loading=\"lazy\" decoding=\"async\" class=\"size-large wp-image-49846 alignright\" src=\"https:\/\/blog.cofb.cat\/wp-content\/uploads\/2020\/02\/Organitzat-per-1024x97.png\" alt=\"\" width=\"620\" height=\"59\" \/><\/a><\/p>\n<p>&nbsp;<\/p>\n<p>&nbsp;<\/p>\n<p style=\"text-align: right;\"><strong>Amb el patrocini de:<\/strong><\/p>\n<p><a href=\"https:\/\/blog.cofb.cat\/wp-content\/uploads\/2020\/02\/Patrocinadors-Derma-Risc.png\"><img loading=\"lazy\" decoding=\"async\" class=\" wp-image-49843 alignright\" src=\"https:\/\/blog.cofb.cat\/wp-content\/uploads\/2020\/02\/Patrocinadors-Derma-Risc-1024x111.png\" alt=\"\" width=\"629\" height=\"68\" \/><\/a><\/p>\n<p>&nbsp;<\/p>\n<p>&nbsp;<\/p>\n<p><strong>Altres publicacions d&#8217;inter\u00e8s:<\/strong><\/p>\n<ul>\n<li><a href=\"https:\/\/blog.cofb.cat\/saps-si-tens-factors-de-risc-de-patir-un-cancer-de-pell-participa-lestudi-derma-risc\/\" target=\"_blank\" rel=\"noopener\">Saps si tens factors de risc de patir un c\u00e0ncer de pell? Participa a l\u2019estudi DERMA-RISC (Juliol 2017)<\/a><\/li>\n<li><a href=\"https:\/\/blog.cofb.cat\/mes-de-2-000-persones-ja-han-anat-les-farmacies-per-prevenir-detectar-els-riscos-de-patir-un-cancer-de-pell\/\" target=\"_blank\" rel=\"noopener\">M\u00e9s de 3.100 persones ja han anat les farm\u00e0cies per prevenir i detectar els riscos de patir un c\u00e0ncer de pell (Juny 2017)<\/a><\/li>\n<\/ul>\n","protected":false},"excerpt":{"rendered":"<p>A partir del mes d&#8217;abril* comen\u00e7ar\u00e0 l&#8217;estudi Derma-Risc, que t\u00e9 per objectiu la detecci\u00f3 del c\u00e0ncer cutani amb q\u00fcestionaris de factors de risc en la poblaci\u00f3 de Barcelona, des de l&#8217;\u00e0mbit de la farm\u00e0cia comunit\u00e0ria i el de l&#8217;Atenci\u00f3 Prim\u00e0ria.\u00a0L&#8217;estudi, organitzat pel Col\u00b7legi de Farmac\u00e8utics de Barcelona (COFB), l&#8217;Hospital Cl\u00ednic, [&hellip;]<\/p>\n","protected":false},"author":1,"featured_media":49916,"comment_status":"open","ping_status":"open","sticky":false,"template":"","format":"standard","meta":{"_uag_custom_page_level_css":"","site-sidebar-layout":"default","site-content-layout":"","ast-site-content-layout":"default","site-content-style":"default","site-sidebar-style":"default","ast-global-header-display":"","ast-banner-title-visibility":"","ast-main-header-display":"","ast-hfb-above-header-display":"","ast-hfb-below-header-display":"","ast-hfb-mobile-header-display":"","site-post-title":"","ast-breadcrumbs-content":"","ast-featured-img":"disabled","footer-sml-layout":"","theme-transparent-header-meta":"","adv-header-id-meta":"","stick-header-meta":"","header-above-stick-meta":"","header-main-stick-meta":"","header-below-stick-meta":"","astra-migrate-meta-layouts":"default","ast-page-background-enabled":"default","ast-page-background-meta":{"desktop":{"background-color":"var(--ast-global-color-4)","background-image":"","background-repeat":"repeat","background-position":"center center","background-size":"auto","background-attachment":"scroll","background-type":"","background-media":"","overlay-type":"","overlay-color":"","overlay-opacity":"","overlay-gradient":""},"tablet":{"background-color":"","background-image":"","background-repeat":"repeat","background-position":"center center","background-size":"auto","background-attachment":"scroll","background-type":"","background-media":"","overlay-type":"","overlay-color":"","overlay-opacity":"","overlay-gradient":""},"mobile":{"background-color":"","background-image":"","background-repeat":"repeat","background-position":"center center","background-size":"auto","background-attachment":"scroll","background-type":"","background-media":"","overlay-type":"","overlay-color":"","overlay-opacity":"","overlay-gradient":""}},"ast-content-background-meta":{"desktop":{"background-color":"var(--ast-global-color-5)","background-image":"","background-repeat":"repeat","background-position":"center center","background-size":"auto","background-attachment":"scroll","background-type":"","background-media":"","overlay-type":"","overlay-color":"","overlay-opacity":"","overlay-gradient":""},"tablet":{"background-color":"var(--ast-global-color-5)","background-image":"","background-repeat":"repeat","background-position":"center center","background-size":"auto","background-attachment":"scroll","background-type":"","background-media":"","overlay-type":"","overlay-color":"","overlay-opacity":"","overlay-gradient":""},"mobile":{"background-color":"var(--ast-global-color-5)","background-image":"","background-repeat":"repeat","background-position":"center center","background-size":"auto","background-attachment":"scroll","background-type":"","background-media":"","overlay-type":"","overlay-color":"","overlay-opacity":"","overlay-gradient":""}},"footnotes":""},"categories":[23,57],"tags":[938,739,18,19,3923,79,2827,972,53,68,69,70,444,3491,3048,3924,3925,523,2828,510,2857,370,85],"class_list":["post-49840","post","type-post","status-publish","format-standard","has-post-thumbnail","hentry","category-destacats","category-mon-collegial","tag-atencio-primaria","tag-cancer-de-pell","tag-cofb","tag-collegi-de-farmaceutics-de-barcelona","tag-derivacio","tag-dermatologia","tag-estudi-derma-risc","tag-estudis","tag-farmaceutics","tag-farmacia","tag-farmacia-comunitaria","tag-formacio","tag-fotoproteccio","tag-metges","tag-patologies-dermatologiques","tag-prevencio-cancer-de-pell","tag-prevencio-del-cancer-de-pell","tag-professionals-sanitaris","tag-revisio-dermatologica","tag-sanitat","tag-sessio-informativa","tag-vocal-de-dermofarmacia-i-productes-sanitaris","tag-vocalia-de-dermofarmacia"],"yoast_head":"<!-- This site is optimized with the Yoast SEO plugin v22.4 - https:\/\/yoast.com\/wordpress\/plugins\/seo\/ -->\n<title>Presentat l&#039;estudi Derma-Risc, que integrar\u00e0 els farmac\u00e8utics en un circuit de detecci\u00f3 del c\u00e0ncer de pell - Col\u00b7legi de Farmac\u00e8utics de Barcelona<\/title>\n<meta name=\"description\" content=\"El pr\u00f2xim 16 de mar\u00e7 comen\u00e7ar\u00e0 l&#039;estudi Derma-Risc, que t\u00e9 per objectiu la detecci\u00f3 del c\u00e0ncer cutani amb q\u00fcestionaris de factors de risc en la poblaci\u00f3 de Barcelona, des de l&#039;\u00e0mbit de la farm\u00e0cia comunit\u00e0ria i el de l&#039;Atenci\u00f3 Prim\u00e0ria.\u00a0\" \/>\n<meta name=\"robots\" content=\"index, follow, max-snippet:-1, max-image-preview:large, max-video-preview:-1\" \/>\n<link rel=\"canonical\" href=\"https:\/\/novaorg.cofb.net\/2020\/02\/20\/presentat-lestudi-derma-risc-que-integrara-farmaceutics-circuit-deteccio-cancer-pell-partir-marc\/\" \/>\n<meta property=\"og:locale\" content=\"ca_ES\" \/>\n<meta property=\"og:type\" content=\"article\" \/>\n<meta property=\"og:title\" content=\"Presentat l&#039;estudi Derma-Risc, que integrar\u00e0 els farmac\u00e8utics en un circuit de detecci\u00f3 del c\u00e0ncer de pell - Col\u00b7legi de Farmac\u00e8utics de Barcelona\" \/>\n<meta property=\"og:description\" content=\"El pr\u00f2xim 16 de mar\u00e7 comen\u00e7ar\u00e0 l&#039;estudi Derma-Risc, que t\u00e9 per objectiu la detecci\u00f3 del c\u00e0ncer cutani amb q\u00fcestionaris de factors de risc en la poblaci\u00f3 de Barcelona, des de l&#039;\u00e0mbit de la farm\u00e0cia comunit\u00e0ria i el de l&#039;Atenci\u00f3 Prim\u00e0ria.\u00a0\" \/>\n<meta property=\"og:url\" content=\"https:\/\/novaorg.cofb.net\/2020\/02\/20\/presentat-lestudi-derma-risc-que-integrara-farmaceutics-circuit-deteccio-cancer-pell-partir-marc\/\" \/>\n<meta property=\"og:site_name\" content=\"Col\u00b7legi de Farmac\u00e8utics de Barcelona\" \/>\n<meta property=\"article:publisher\" content=\"https:\/\/www.facebook.com\/farmaceuticsbcn\/\" \/>\n<meta property=\"article:published_time\" content=\"2020-02-20T16:00:28+00:00\" \/>\n<meta name=\"author\" content=\"wpAdminCofbOrg\" \/>\n<meta name=\"twitter:card\" content=\"summary_large_image\" \/>\n<meta name=\"twitter:creator\" content=\"@farmaceuticsbcn\" \/>\n<meta name=\"twitter:site\" content=\"@farmaceuticsbcn\" \/>\n<meta name=\"twitter:label1\" content=\"Escrit per\" \/>\n\t<meta name=\"twitter:data1\" content=\"wpAdminCofbOrg\" \/>\n\t<meta name=\"twitter:label2\" content=\"Temps estimat de lectura\" \/>\n\t<meta name=\"twitter:data2\" content=\"7 minuts\" \/>\n<script type=\"application\/ld+json\" class=\"yoast-schema-graph\">{\"@context\":\"https:\/\/schema.org\",\"@graph\":[{\"@type\":\"Article\",\"@id\":\"https:\/\/novaorg.cofb.net\/2020\/02\/20\/presentat-lestudi-derma-risc-que-integrara-farmaceutics-circuit-deteccio-cancer-pell-partir-marc\/#article\",\"isPartOf\":{\"@id\":\"https:\/\/novaorg.cofb.net\/2020\/02\/20\/presentat-lestudi-derma-risc-que-integrara-farmaceutics-circuit-deteccio-cancer-pell-partir-marc\/\"},\"author\":{\"name\":\"wpAdminCofbOrg\",\"@id\":\"https:\/\/www.cofb.org\/#\/schema\/person\/22ed7eea88da74b0fa4d3154ad87ffcb\"},\"headline\":\"Presentat l&#8217;estudi Derma-Risc, que integrar\u00e0 els farmac\u00e8utics en un circuit de detecci\u00f3 del c\u00e0ncer de pell\",\"datePublished\":\"2020-02-20T16:00:28+00:00\",\"dateModified\":\"2020-02-20T16:00:28+00:00\",\"mainEntityOfPage\":{\"@id\":\"https:\/\/novaorg.cofb.net\/2020\/02\/20\/presentat-lestudi-derma-risc-que-integrara-farmaceutics-circuit-deteccio-cancer-pell-partir-marc\/\"},\"wordCount\":1511,\"commentCount\":0,\"publisher\":{\"@id\":\"https:\/\/www.cofb.org\/#organization\"},\"image\":{\"@id\":\"https:\/\/novaorg.cofb.net\/2020\/02\/20\/presentat-lestudi-derma-risc-que-integrara-farmaceutics-circuit-deteccio-cancer-pell-partir-marc\/#primaryimage\"},\"thumbnailUrl\":\"\",\"keywords\":[\"Atenci\u00f3 prim\u00e0ria\",\"c\u00e0ncer de pell\",\"COFB\",\"Col\u00b7legi de Farmac\u00e8utics de Barcelona\",\"derivaci\u00f3\",\"dermatologia\",\"estudi DERMA-RISC\",\"estudis\",\"farmac\u00e8utics\",\"Farm\u00e0cia\",\"farm\u00e0cia comunit\u00e0ria\",\"Formaci\u00f3\",\"fotoprotecci\u00f3\",\"metges\",\"patologies dermatol\u00f2giques\",\"prevenci\u00f3 c\u00e0ncer de pell\",\"prevenci\u00f3 del c\u00e0ncer de pell\",\"professionals sanitaris\",\"revisi\u00f3 dermatol\u00f2gica\",\"sanitat\",\"sessi\u00f3 informativa\",\"Vocal de Dermofarm\u00e0cia i Productes Sanitaris\",\"vocalia de dermofarm\u00e0cia\"],\"articleSection\":[\"Destacats\",\"M\u00f3n col\u00b7legial\"],\"inLanguage\":\"ca\",\"potentialAction\":[{\"@type\":\"CommentAction\",\"name\":\"Comment\",\"target\":[\"https:\/\/novaorg.cofb.net\/2020\/02\/20\/presentat-lestudi-derma-risc-que-integrara-farmaceutics-circuit-deteccio-cancer-pell-partir-marc\/#respond\"]}]},{\"@type\":\"WebPage\",\"@id\":\"https:\/\/novaorg.cofb.net\/2020\/02\/20\/presentat-lestudi-derma-risc-que-integrara-farmaceutics-circuit-deteccio-cancer-pell-partir-marc\/\",\"url\":\"https:\/\/novaorg.cofb.net\/2020\/02\/20\/presentat-lestudi-derma-risc-que-integrara-farmaceutics-circuit-deteccio-cancer-pell-partir-marc\/\",\"name\":\"Presentat l'estudi Derma-Risc, que integrar\u00e0 els farmac\u00e8utics en un circuit de detecci\u00f3 del c\u00e0ncer de pell - Col\u00b7legi de Farmac\u00e8utics de Barcelona\",\"isPartOf\":{\"@id\":\"https:\/\/www.cofb.org\/#website\"},\"primaryImageOfPage\":{\"@id\":\"https:\/\/novaorg.cofb.net\/2020\/02\/20\/presentat-lestudi-derma-risc-que-integrara-farmaceutics-circuit-deteccio-cancer-pell-partir-marc\/#primaryimage\"},\"image\":{\"@id\":\"https:\/\/novaorg.cofb.net\/2020\/02\/20\/presentat-lestudi-derma-risc-que-integrara-farmaceutics-circuit-deteccio-cancer-pell-partir-marc\/#primaryimage\"},\"thumbnailUrl\":\"\",\"datePublished\":\"2020-02-20T16:00:28+00:00\",\"dateModified\":\"2020-02-20T16:00:28+00:00\",\"description\":\"El pr\u00f2xim 16 de mar\u00e7 comen\u00e7ar\u00e0 l'estudi Derma-Risc, que t\u00e9 per objectiu la detecci\u00f3 del c\u00e0ncer cutani amb q\u00fcestionaris de factors de risc en la poblaci\u00f3 de Barcelona, des de l'\u00e0mbit de la farm\u00e0cia comunit\u00e0ria i el de l'Atenci\u00f3 Prim\u00e0ria.\u00a0\",\"breadcrumb\":{\"@id\":\"https:\/\/novaorg.cofb.net\/2020\/02\/20\/presentat-lestudi-derma-risc-que-integrara-farmaceutics-circuit-deteccio-cancer-pell-partir-marc\/#breadcrumb\"},\"inLanguage\":\"ca\",\"potentialAction\":[{\"@type\":\"ReadAction\",\"target\":[\"https:\/\/novaorg.cofb.net\/2020\/02\/20\/presentat-lestudi-derma-risc-que-integrara-farmaceutics-circuit-deteccio-cancer-pell-partir-marc\/\"]}]},{\"@type\":\"ImageObject\",\"inLanguage\":\"ca\",\"@id\":\"https:\/\/novaorg.cofb.net\/2020\/02\/20\/presentat-lestudi-derma-risc-que-integrara-farmaceutics-circuit-deteccio-cancer-pell-partir-marc\/#primaryimage\",\"url\":\"\",\"contentUrl\":\"\"},{\"@type\":\"BreadcrumbList\",\"@id\":\"https:\/\/novaorg.cofb.net\/2020\/02\/20\/presentat-lestudi-derma-risc-que-integrara-farmaceutics-circuit-deteccio-cancer-pell-partir-marc\/#breadcrumb\",\"itemListElement\":[{\"@type\":\"ListItem\",\"position\":1,\"name\":\"Inici\",\"item\":\"https:\/\/novaorg.cofb.net\/\"},{\"@type\":\"ListItem\",\"position\":2,\"name\":\"Presentat l&#8217;estudi Derma-Risc, que integrar\u00e0 els farmac\u00e8utics en un circuit de detecci\u00f3 del c\u00e0ncer de pell\"}]},{\"@type\":\"WebSite\",\"@id\":\"https:\/\/www.cofb.org\/#website\",\"url\":\"https:\/\/www.cofb.org\/\",\"name\":\"Col\u00b7legi de Farmac\u00e8utics de Barcelona\",\"description\":\"\",\"publisher\":{\"@id\":\"https:\/\/www.cofb.org\/#organization\"},\"potentialAction\":[{\"@type\":\"SearchAction\",\"target\":{\"@type\":\"EntryPoint\",\"urlTemplate\":\"https:\/\/www.cofb.org\/?s={search_term_string}\"},\"query-input\":\"required name=search_term_string\"}],\"inLanguage\":\"ca\"},{\"@type\":\"Organization\",\"@id\":\"https:\/\/www.cofb.org\/#organization\",\"name\":\"Col\u00b7legi de Farmac\u00e8utics de Barcelona\",\"url\":\"https:\/\/www.cofb.org\/\",\"logo\":{\"@type\":\"ImageObject\",\"inLanguage\":\"ca\",\"@id\":\"https:\/\/www.cofb.org\/#\/schema\/logo\/image\/\",\"url\":\"https:\/\/www.cofb.org\/wp-content\/uploads\/2023\/11\/cropped-Logotip-COFB.png\",\"contentUrl\":\"https:\/\/www.cofb.org\/wp-content\/uploads\/2023\/11\/cropped-Logotip-COFB.png\",\"width\":500,\"height\":105,\"caption\":\"Col\u00b7legi de Farmac\u00e8utics de Barcelona\"},\"image\":{\"@id\":\"https:\/\/www.cofb.org\/#\/schema\/logo\/image\/\"},\"sameAs\":[\"https:\/\/www.facebook.com\/farmaceuticsbcn\/\",\"https:\/\/twitter.com\/farmaceuticsbcn\",\"https:\/\/www.instagram.com\/farmaceuticsbcn\/\",\"https:\/\/www.linkedin.com\/company\/farmaceuticsbcn\/\"]},{\"@type\":\"Person\",\"@id\":\"https:\/\/www.cofb.org\/#\/schema\/person\/22ed7eea88da74b0fa4d3154ad87ffcb\",\"name\":\"wpAdminCofbOrg\",\"image\":{\"@type\":\"ImageObject\",\"inLanguage\":\"ca\",\"@id\":\"https:\/\/www.cofb.org\/#\/schema\/person\/image\/\",\"url\":\"https:\/\/secure.gravatar.com\/avatar\/1721b20b3b8ca882c3b56ec6c978c594fff670e40c0718e9190eaeeb76aae7d8?s=96&d=mm&r=g\",\"contentUrl\":\"https:\/\/secure.gravatar.com\/avatar\/1721b20b3b8ca882c3b56ec6c978c594fff670e40c0718e9190eaeeb76aae7d8?s=96&d=mm&r=g\",\"caption\":\"wpAdminCofbOrg\"},\"sameAs\":[\"http:\/\/192.168.64.122\/wordpress\"],\"url\":\"https:\/\/www.cofb.org\/ca\/author\/wpadmincofborg\/\"}]}<\/script>\n<!-- \/ Yoast SEO plugin. -->","yoast_head_json":{"title":"Presentat l'estudi Derma-Risc, que integrar\u00e0 els farmac\u00e8utics en un circuit de detecci\u00f3 del c\u00e0ncer de pell - Col\u00b7legi de Farmac\u00e8utics de Barcelona","description":"El pr\u00f2xim 16 de mar\u00e7 comen\u00e7ar\u00e0 l'estudi Derma-Risc, que t\u00e9 per objectiu la detecci\u00f3 del c\u00e0ncer cutani amb q\u00fcestionaris de factors de risc en la poblaci\u00f3 de Barcelona, des de l'\u00e0mbit de la farm\u00e0cia comunit\u00e0ria i el de l'Atenci\u00f3 Prim\u00e0ria.\u00a0","robots":{"index":"index","follow":"follow","max-snippet":"max-snippet:-1","max-image-preview":"max-image-preview:large","max-video-preview":"max-video-preview:-1"},"canonical":"https:\/\/novaorg.cofb.net\/2020\/02\/20\/presentat-lestudi-derma-risc-que-integrara-farmaceutics-circuit-deteccio-cancer-pell-partir-marc\/","og_locale":"ca_ES","og_type":"article","og_title":"Presentat l'estudi Derma-Risc, que integrar\u00e0 els farmac\u00e8utics en un circuit de detecci\u00f3 del c\u00e0ncer de pell - Col\u00b7legi de Farmac\u00e8utics de Barcelona","og_description":"El pr\u00f2xim 16 de mar\u00e7 comen\u00e7ar\u00e0 l'estudi Derma-Risc, que t\u00e9 per objectiu la detecci\u00f3 del c\u00e0ncer cutani amb q\u00fcestionaris de factors de risc en la poblaci\u00f3 de Barcelona, des de l'\u00e0mbit de la farm\u00e0cia comunit\u00e0ria i el de l'Atenci\u00f3 Prim\u00e0ria.\u00a0","og_url":"https:\/\/novaorg.cofb.net\/2020\/02\/20\/presentat-lestudi-derma-risc-que-integrara-farmaceutics-circuit-deteccio-cancer-pell-partir-marc\/","og_site_name":"Col\u00b7legi de Farmac\u00e8utics de Barcelona","article_publisher":"https:\/\/www.facebook.com\/farmaceuticsbcn\/","article_published_time":"2020-02-20T16:00:28+00:00","author":"wpAdminCofbOrg","twitter_card":"summary_large_image","twitter_creator":"@farmaceuticsbcn","twitter_site":"@farmaceuticsbcn","twitter_misc":{"Escrit per":"wpAdminCofbOrg","Temps estimat de lectura":"7 minuts"},"schema":{"@context":"https:\/\/schema.org","@graph":[{"@type":"Article","@id":"https:\/\/novaorg.cofb.net\/2020\/02\/20\/presentat-lestudi-derma-risc-que-integrara-farmaceutics-circuit-deteccio-cancer-pell-partir-marc\/#article","isPartOf":{"@id":"https:\/\/novaorg.cofb.net\/2020\/02\/20\/presentat-lestudi-derma-risc-que-integrara-farmaceutics-circuit-deteccio-cancer-pell-partir-marc\/"},"author":{"name":"wpAdminCofbOrg","@id":"https:\/\/www.cofb.org\/#\/schema\/person\/22ed7eea88da74b0fa4d3154ad87ffcb"},"headline":"Presentat l&#8217;estudi Derma-Risc, que integrar\u00e0 els farmac\u00e8utics en un circuit de detecci\u00f3 del c\u00e0ncer de pell","datePublished":"2020-02-20T16:00:28+00:00","dateModified":"2020-02-20T16:00:28+00:00","mainEntityOfPage":{"@id":"https:\/\/novaorg.cofb.net\/2020\/02\/20\/presentat-lestudi-derma-risc-que-integrara-farmaceutics-circuit-deteccio-cancer-pell-partir-marc\/"},"wordCount":1511,"commentCount":0,"publisher":{"@id":"https:\/\/www.cofb.org\/#organization"},"image":{"@id":"https:\/\/novaorg.cofb.net\/2020\/02\/20\/presentat-lestudi-derma-risc-que-integrara-farmaceutics-circuit-deteccio-cancer-pell-partir-marc\/#primaryimage"},"thumbnailUrl":"","keywords":["Atenci\u00f3 prim\u00e0ria","c\u00e0ncer de pell","COFB","Col\u00b7legi de Farmac\u00e8utics de Barcelona","derivaci\u00f3","dermatologia","estudi DERMA-RISC","estudis","farmac\u00e8utics","Farm\u00e0cia","farm\u00e0cia comunit\u00e0ria","Formaci\u00f3","fotoprotecci\u00f3","metges","patologies dermatol\u00f2giques","prevenci\u00f3 c\u00e0ncer de pell","prevenci\u00f3 del c\u00e0ncer de pell","professionals sanitaris","revisi\u00f3 dermatol\u00f2gica","sanitat","sessi\u00f3 informativa","Vocal de Dermofarm\u00e0cia i Productes Sanitaris","vocalia de dermofarm\u00e0cia"],"articleSection":["Destacats","M\u00f3n col\u00b7legial"],"inLanguage":"ca","potentialAction":[{"@type":"CommentAction","name":"Comment","target":["https:\/\/novaorg.cofb.net\/2020\/02\/20\/presentat-lestudi-derma-risc-que-integrara-farmaceutics-circuit-deteccio-cancer-pell-partir-marc\/#respond"]}]},{"@type":"WebPage","@id":"https:\/\/novaorg.cofb.net\/2020\/02\/20\/presentat-lestudi-derma-risc-que-integrara-farmaceutics-circuit-deteccio-cancer-pell-partir-marc\/","url":"https:\/\/novaorg.cofb.net\/2020\/02\/20\/presentat-lestudi-derma-risc-que-integrara-farmaceutics-circuit-deteccio-cancer-pell-partir-marc\/","name":"Presentat l'estudi Derma-Risc, que integrar\u00e0 els farmac\u00e8utics en un circuit de detecci\u00f3 del c\u00e0ncer de pell - Col\u00b7legi de Farmac\u00e8utics de Barcelona","isPartOf":{"@id":"https:\/\/www.cofb.org\/#website"},"primaryImageOfPage":{"@id":"https:\/\/novaorg.cofb.net\/2020\/02\/20\/presentat-lestudi-derma-risc-que-integrara-farmaceutics-circuit-deteccio-cancer-pell-partir-marc\/#primaryimage"},"image":{"@id":"https:\/\/novaorg.cofb.net\/2020\/02\/20\/presentat-lestudi-derma-risc-que-integrara-farmaceutics-circuit-deteccio-cancer-pell-partir-marc\/#primaryimage"},"thumbnailUrl":"","datePublished":"2020-02-20T16:00:28+00:00","dateModified":"2020-02-20T16:00:28+00:00","description":"El pr\u00f2xim 16 de mar\u00e7 comen\u00e7ar\u00e0 l'estudi Derma-Risc, que t\u00e9 per objectiu la detecci\u00f3 del c\u00e0ncer cutani amb q\u00fcestionaris de factors de risc en la poblaci\u00f3 de Barcelona, des de l'\u00e0mbit de la farm\u00e0cia comunit\u00e0ria i el de l'Atenci\u00f3 Prim\u00e0ria.\u00a0","breadcrumb":{"@id":"https:\/\/novaorg.cofb.net\/2020\/02\/20\/presentat-lestudi-derma-risc-que-integrara-farmaceutics-circuit-deteccio-cancer-pell-partir-marc\/#breadcrumb"},"inLanguage":"ca","potentialAction":[{"@type":"ReadAction","target":["https:\/\/novaorg.cofb.net\/2020\/02\/20\/presentat-lestudi-derma-risc-que-integrara-farmaceutics-circuit-deteccio-cancer-pell-partir-marc\/"]}]},{"@type":"ImageObject","inLanguage":"ca","@id":"https:\/\/novaorg.cofb.net\/2020\/02\/20\/presentat-lestudi-derma-risc-que-integrara-farmaceutics-circuit-deteccio-cancer-pell-partir-marc\/#primaryimage","url":"","contentUrl":""},{"@type":"BreadcrumbList","@id":"https:\/\/novaorg.cofb.net\/2020\/02\/20\/presentat-lestudi-derma-risc-que-integrara-farmaceutics-circuit-deteccio-cancer-pell-partir-marc\/#breadcrumb","itemListElement":[{"@type":"ListItem","position":1,"name":"Inici","item":"https:\/\/novaorg.cofb.net\/"},{"@type":"ListItem","position":2,"name":"Presentat l&#8217;estudi Derma-Risc, que integrar\u00e0 els farmac\u00e8utics en un circuit de detecci\u00f3 del c\u00e0ncer de pell"}]},{"@type":"WebSite","@id":"https:\/\/www.cofb.org\/#website","url":"https:\/\/www.cofb.org\/","name":"Col\u00b7legi de Farmac\u00e8utics de Barcelona","description":"","publisher":{"@id":"https:\/\/www.cofb.org\/#organization"},"potentialAction":[{"@type":"SearchAction","target":{"@type":"EntryPoint","urlTemplate":"https:\/\/www.cofb.org\/?s={search_term_string}"},"query-input":"required name=search_term_string"}],"inLanguage":"ca"},{"@type":"Organization","@id":"https:\/\/www.cofb.org\/#organization","name":"Col\u00b7legi de Farmac\u00e8utics de Barcelona","url":"https:\/\/www.cofb.org\/","logo":{"@type":"ImageObject","inLanguage":"ca","@id":"https:\/\/www.cofb.org\/#\/schema\/logo\/image\/","url":"https:\/\/www.cofb.org\/wp-content\/uploads\/2023\/11\/cropped-Logotip-COFB.png","contentUrl":"https:\/\/www.cofb.org\/wp-content\/uploads\/2023\/11\/cropped-Logotip-COFB.png","width":500,"height":105,"caption":"Col\u00b7legi de Farmac\u00e8utics de Barcelona"},"image":{"@id":"https:\/\/www.cofb.org\/#\/schema\/logo\/image\/"},"sameAs":["https:\/\/www.facebook.com\/farmaceuticsbcn\/","https:\/\/twitter.com\/farmaceuticsbcn","https:\/\/www.instagram.com\/farmaceuticsbcn\/","https:\/\/www.linkedin.com\/company\/farmaceuticsbcn\/"]},{"@type":"Person","@id":"https:\/\/www.cofb.org\/#\/schema\/person\/22ed7eea88da74b0fa4d3154ad87ffcb","name":"wpAdminCofbOrg","image":{"@type":"ImageObject","inLanguage":"ca","@id":"https:\/\/www.cofb.org\/#\/schema\/person\/image\/","url":"https:\/\/secure.gravatar.com\/avatar\/1721b20b3b8ca882c3b56ec6c978c594fff670e40c0718e9190eaeeb76aae7d8?s=96&d=mm&r=g","contentUrl":"https:\/\/secure.gravatar.com\/avatar\/1721b20b3b8ca882c3b56ec6c978c594fff670e40c0718e9190eaeeb76aae7d8?s=96&d=mm&r=g","caption":"wpAdminCofbOrg"},"sameAs":["http:\/\/192.168.64.122\/wordpress"],"url":"https:\/\/www.cofb.org\/ca\/author\/wpadmincofborg\/"}]}},"uagb_featured_image_src":{"full":false,"thumbnail":false,"medium":false,"medium_large":false,"large":false,"1536x1536":false,"2048x2048":false,"trp-custom-language-flag":false},"uagb_author_info":{"display_name":"wpAdminCofbOrg","author_link":"https:\/\/www.cofb.org\/ca\/author\/wpadmincofborg\/"},"uagb_comment_info":0,"uagb_excerpt":"A partir del mes d&#8217;abril* comen\u00e7ar\u00e0 l&#8217;estudi Derma-Risc, que t\u00e9 per objectiu la detecci\u00f3 del c\u00e0ncer cutani amb q\u00fcestionaris de factors de risc en la poblaci\u00f3 de Barcelona, des de l&#8217;\u00e0mbit de la farm\u00e0cia comunit\u00e0ria i el de l&#8217;Atenci\u00f3 Prim\u00e0ria.\u00a0L&#8217;estudi, organitzat pel Col\u00b7legi de Farmac\u00e8utics de Barcelona (COFB), l&#8217;Hospital Cl\u00ednic, [&hellip;]","_links":{"self":[{"href":"https:\/\/www.cofb.org\/ca\/wp-json\/wp\/v2\/posts\/49840","targetHints":{"allow":["GET"]}}],"collection":[{"href":"https:\/\/www.cofb.org\/ca\/wp-json\/wp\/v2\/posts"}],"about":[{"href":"https:\/\/www.cofb.org\/ca\/wp-json\/wp\/v2\/types\/post"}],"author":[{"embeddable":true,"href":"https:\/\/www.cofb.org\/ca\/wp-json\/wp\/v2\/users\/1"}],"replies":[{"embeddable":true,"href":"https:\/\/www.cofb.org\/ca\/wp-json\/wp\/v2\/comments?post=49840"}],"version-history":[{"count":0,"href":"https:\/\/www.cofb.org\/ca\/wp-json\/wp\/v2\/posts\/49840\/revisions"}],"wp:featuredmedia":[{"embeddable":true,"href":"https:\/\/www.cofb.org\/ca\/wp-json\/"}],"wp:attachment":[{"href":"https:\/\/www.cofb.org\/ca\/wp-json\/wp\/v2\/media?parent=49840"}],"wp:term":[{"taxonomy":"category","embeddable":true,"href":"https:\/\/www.cofb.org\/ca\/wp-json\/wp\/v2\/categories?post=49840"},{"taxonomy":"post_tag","embeddable":true,"href":"https:\/\/www.cofb.org\/ca\/wp-json\/wp\/v2\/tags?post=49840"}],"curies":[{"name":"wp","href":"https:\/\/api.w.org\/{rel}","templated":true}]}}