{"id":49684,"date":"2020-03-10T19:41:41","date_gmt":"2020-03-10T17:41:41","guid":{"rendered":"https:\/\/blog.cofb.cat\/?p=49684"},"modified":"2020-03-10T19:41:41","modified_gmt":"2020-03-10T17:41:41","slug":"quin-paper-pot-tenir-el-farmaceutic-en-lambit-de-la-farmacogenetica-video-entrevistes-al-dr-manel-rabanal-i-la-dra-teresa-pampols","status":"publish","type":"post","link":"https:\/\/www.cofb.org\/ca\/2020\/03\/10\/quin-paper-pot-tenir-el-farmaceutic-en-lambit-de-la-farmacogenetica-video-entrevistes-al-dr-manel-rabanal-i-la-dra-teresa-pampols\/","title":{"rendered":"Quin paper pot tenir el farmac\u00e8utic en l&#8217;\u00e0mbit dels tests gen\u00e8tics? [V\u00eddeo entrevista al Dr. Manel Rabanal i la Dra. Teresa P\u00e0mpols]"},"content":{"rendered":"<p>El passat <strong>29 de gener<\/strong> el COFB va acollir una nova\u00a0<strong>tert\u00falia d&#8217;actualitat<\/strong>\u00a0titulada &#8220;<strong>Testem els tests gen\u00e8tics<\/strong>&#8220;. En una sessi\u00f3 moderada per Llu\u00efsa Juan, vocal d&#8217;An\u00e0lisis Cl\u00edniques del COFB, els ponents van ser el doctor\u00a0<strong>Manel Rabanal<\/strong>, cap de la\u00a0Secci\u00f3 de Vigil\u00e0ncia i Publicitat dels Medicaments del <strong>Departament de Salut de la Generalitat de Catalunya<\/strong>, la doctora\u00a0<strong>Teresa P\u00e0mpols<\/strong>, del servei de bioqu\u00edmica i gen\u00e8tica molecular de <strong>l&#8217;Hospital Cl\u00ednic de Barcelona<\/strong> i presidenta de la comissi\u00f3 d&#8217;\u00e8tica de <strong>l&#8217;Associaci\u00f3 Espanyola de Gen\u00e8tica Humana<\/strong> <strong>(AEGH)<\/strong> i <strong>Guillermo Bagar\u00eda<\/strong>, farmac\u00e8utic comunitari i vicetresorer i responsable d&#8217;Atenci\u00f3 Farmac\u00e8utica del COFB.<\/p>\n<p>Finalitzat l&#8217;acte, vam poder parlar amb el Dr. Rabanal i la Dra. P\u00e0mpols sobre els <strong>tests farmacogen\u00e8tics<\/strong>, el <strong>marc legal<\/strong> que els afecta i les seves <strong>connotacions \u00e8tiques<\/strong>, en la v\u00eddeo entrevista que recollim tot seguit.<\/p>\n<p><iframe src=\"https:\/\/player.vimeo.com\/video\/396427836\" width=\"640\" height=\"360\" frameborder=\"0\" allowfullscreen=\"allowfullscreen\"><\/iframe><\/p>\n<h1><strong>Dr. Rabanal: &#8220;Seria perfecte que els farmac\u00e8utics participessin en la farmacogen\u00e8tica en un protocol amb altres agents sanitaris&#8221;<\/strong><\/h1>\n<p>Els <strong>tests farmacogen\u00e8tics<\/strong> &#8220;s\u00f3n <strong>proves diagn\u00f2stiques<\/strong> que serveixen per <strong>estudiar i avaluar<\/strong> com les <strong>variants gen\u00e8tiques<\/strong> <strong>dels individus influeixen<\/strong> en la <strong>resposta als medicaments<\/strong>&#8220;. El doctor Rabanal va explicar que<strong> la farmacogen\u00e8tica<\/strong> estudia la <strong>resposta del medicament en funci\u00f3 del metabolisme<\/strong> de cada persona, que ve determinat per la codificaci\u00f3 gen\u00e8tica dels enzims que hi participen. Per dur a terme aquestes proves, cal tenir en compte el seu <strong>marc legal<\/strong>.<\/p>\n<p>Tant el reglament de la <strong>Uni\u00f3 Europea<\/strong>\u00a0i la <strong>llei espanyola<\/strong> determinen les <strong>condicions<\/strong> que han de complir els productes sanitaris <em>in vitro<\/em> com els <strong>criteris<\/strong> que han de complir les <strong>proves gen\u00e8tiques<\/strong>. La <strong>publicitat<\/strong> d&#8217;aquests tests tamb\u00e9 <strong>est\u00e0 regulada<\/strong>: &#8220;La <strong>legislaci\u00f3 actual<\/strong> \u00e9s molt restrictiva amb el que \u00e9s la promoci\u00f3 d&#8217;aquests tipus de producte o servei&#8221;, va explicar el Dr. Rabanal, afegint que &#8220;tota la normativa va molt encaminada a <strong>prohibir expressament la promoci\u00f3 i publicitat<\/strong> d&#8217;aquest tipus de productes&#8221;.<\/p>\n<figure id=\"attachment_50423\" aria-describedby=\"caption-attachment-50423\" style=\"width: 620px\" class=\"wp-caption aligncenter\"><a href=\"https:\/\/blog.cofb.cat\/wp-content\/uploads\/2020\/03\/cofb.200129-33.jpg\"><img fetchpriority=\"high\" decoding=\"async\" class=\"wp-image-50423 size-large\" title=\"El Dr. Manel Rabanal en un moment de la seva exposici\u00f3, acompanyat per la Dra. P\u00e0mpols (esquerra) i els membres de la junta de govern del COFB, Llu\u00efsa Juan i Guillermo Bagar\u00eda (dreta). \" src=\"https:\/\/blog.cofb.cat\/wp-content\/uploads\/2020\/03\/cofb.200129-33-1024x683.jpg\" alt=\"El Dr. Manel Rabanal en un moment de la seva exposici\u00f3, acompanyat per la Dra. P\u00e0mpols (esquerra) i els membres de la junta de govern del COFB, Llu\u00efsa Juan i Guillermo Bagar\u00eda (dreta). \" width=\"620\" height=\"414\" \/><\/a><figcaption id=\"caption-attachment-50423\" class=\"wp-caption-text\">El Dr. Manel Rabanal en un moment de la seva exposici\u00f3, acompanyat per la Dra. P\u00e0mpols (esquerra) i els membres de la junta de govern del COFB, Llu\u00efsa Juan i Guillermo Bagar\u00eda (dreta).<\/figcaption><\/figure>\n<p>Pel que fa al <strong>paper del farmac\u00e8utic<\/strong>\u00a0en relaci\u00f3 amb la <strong>farmacogen\u00e8tica<\/strong>, el Dr. Rabanal considerava que aquest professional &#8220;hi <strong>pot participar<\/strong>, per\u00f2 <strong>no utilitzant el producte<\/strong> o el servei <strong>com un b\u00e9 de consum<\/strong>&#8220;. I afegeix que el farmac\u00e8utic \u00e9s un expert &#8220;en <strong>processos patol\u00f2gics de baixa o mitjana complexitat<\/strong>&#8220;, i &#8220;<strong>\u00e9s en aquest context<\/strong> on hem de situar les <strong>proves de farmacogen\u00e8tica<\/strong>, en <strong>l&#8217;\u00e0mbit de l&#8217;actuaci\u00f3 sanit\u00e0ria<\/strong>&#8220;.<\/p>\n<p>Va apuntar que &#8220;el que seria perfecte \u00e9s que <strong>el farmac\u00e8utic particip\u00e9s en la farmacogen\u00e8tica<\/strong> dins d&#8217;un <strong>protocol d\u2019actuaci\u00f3<\/strong> en qu\u00e8 es contempl\u00e9s no nom\u00e9s l&#8217;actuaci\u00f3 del farmac\u00e8utic sin\u00f3 tamb\u00e9\u00a0la <strong>d\u2019altres agents sanitaris<\/strong> com els <strong>metges<\/strong> o els <strong>analistes cl\u00ednics&#8221;. <\/strong>En aquest sentit, va exposar la import\u00e0ncia del fet que qued\u00e9s ben definida<strong> &#8220;quina \u00e9s la utilitat d&#8217;aquesta prova, quina \u00e9s la utilitat del farmac\u00e8utic comunitari en participar en aquesta prova i que el farmac\u00e8utic tingui la formaci\u00f3 adequada<\/strong> per poder participar en aquestes proves en el context de l&#8217;\u00e0mbit sanitari&#8221;.<\/p>\n<h1><strong>Dra. P\u00e0mpols: &#8220;L&#8217;oferiment de proves gen\u00e8tiques sense supervisi\u00f3 m\u00e8dica ni consentiment informat est\u00e0 en contra de les bones pr\u00e0ctiques deontol\u00f2giques&#8221;<\/strong><\/h1>\n<p>Segons Teresa P\u00e0mpols, les <strong>proves gen\u00e8tiques oferides directament al consumidor<\/strong> &#8220;s\u00f3n proves\u00a0que es publiciten i s\u2019ofereixen <strong>sense supervisi\u00f3 professional<\/strong>&#8220;. &#8220;Hi ha exemples de tot tipus&#8221;, assegurava P\u00e0mpols, un exemple s\u00f3n les de genealogia d&#8217;avantpassats. Tamb\u00e9 n&#8217;hi ha amb prop\u00f2sit de salut, com diagn\u00f2stics de malalties o portadors, de malalties comuns de la vida adulta o de resposta als medicaments.<\/p>\n<figure id=\"attachment_50424\" aria-describedby=\"caption-attachment-50424\" style=\"width: 620px\" class=\"wp-caption aligncenter\"><a href=\"https:\/\/blog.cofb.cat\/wp-content\/uploads\/2020\/03\/cofb.200129-21.jpg\"><img decoding=\"async\" class=\"wp-image-50424 size-large\" title=\"La Dra. Teresa P\u00e0mpols en un moment de la seva intervenci\u00f3.\" src=\"https:\/\/blog.cofb.cat\/wp-content\/uploads\/2020\/03\/cofb.200129-21-1024x683.jpg\" alt=\"La Dra. Teresa P\u00e0mpols en un moment de la seva intervenci\u00f3.\" width=\"620\" height=\"414\" \/><\/a><figcaption id=\"caption-attachment-50424\" class=\"wp-caption-text\">La Dra. Teresa P\u00e0mpols en un moment de la seva intervenci\u00f3.<\/figcaption><\/figure>\n<p>Aquestes proves poden tenir un <strong>impacte en la salut individual i familiar<\/strong>, a m\u00e9s d&#8217;un impacte <strong>socioecon\u00f2mic<\/strong>, segons la Dra. P\u00e0mpols. Aix\u00f2, assegurava, ho fa <strong>&#8220;molt rellevant&#8221;<\/strong> a l&#8217;hora d&#8217;avaluar-les, juntament amb les <strong>&#8220;regulacions legals i els aspectes socials&#8221;<\/strong>. Per aquest motiu, des de la Comissi\u00f3 d&#8217;\u00c8tica de l&#8217;AEGH s&#8217;ha <strong>publicat una an\u00e0lisi<\/strong>\u00a0de les <strong>circumst\u00e0ncies tecnol\u00f2giques i socials<\/strong>, els <strong>aspectes \u00e8tics<\/strong>, les <strong>regulacions<\/strong> <strong>legals<\/strong> i les <strong>recomanacions internacionals<\/strong> per la <strong>bona pr\u00e0ctica deontol\u00f2gica<\/strong> per aquests tipus de tests.<\/p>\n<p>Les <strong>proves farmacogen\u00e8tiques<\/strong> podrien ser <strong>oferides al farmac\u00e8utic<\/strong>, i en aquest cas &#8220;el que \u00e9s interessant, \u00e9s que es pugui <strong>discernir<\/strong> realment<strong> si s\u00f3n v\u00e0lides i \u00fatils<\/strong> cl\u00ednicament&#8221;, assegurava Teresa P\u00e0mpols. Per fer-ne un bon \u00fas, el farmac\u00e8utic hauria d&#8217;assegurar-se que hi ha un <strong>consentiment informat<\/strong>, informar-se dels <strong>beneficis i riscos<\/strong> i provar de posar-se en contacte amb un professional per tenir\u00a0\u00a0<strong>assessorament gen\u00e8tic<\/strong>. &#8220;L&#8217;<strong>oferiment de proves sense supervisi\u00f3 m\u00e8dica<\/strong>, <strong>consentiment informat<\/strong> ni <strong>assessorament gen\u00e8tic<\/strong> independent est\u00e0<strong> en contra de totes les bones pr\u00e0ctiques deontol\u00f2giques<\/strong> que promouen les societats cient\u00edfiques internacionals&#8221;, va concloure P\u00e0mpols.<\/p>\n<p><strong>Altres publicacions d&#8217;inter\u00e8s:<\/strong><\/p>\n<ul>\n<li><a href=\"https:\/\/blog.cofb.cat\/farmacogenetica-nivell-avancat-cofb\/\" target=\"_blank\" rel=\"noopener\">Farmacogen\u00e8tica de nivell avan\u00e7at al COFB (Maig 2018)<\/a><\/li>\n<li><a href=\"https:\/\/blog.cofb.cat\/farmacogenetica-farmacia-comunitaria-la-seva-relacio-explicada-per-experts\/\" target=\"_blank\" rel=\"noopener\">Farmacogen\u00e8tica i farm\u00e0cia comunit\u00e0ria: la seva relaci\u00f3 explicada per experts (Novembre 2017)<\/a><\/li>\n<li><a href=\"https:\/\/blog.cofb.cat\/consell-nutricional-farmaceutic-prevencio-malalties-neurologiques-video-entrevistes-als-drs-pascual-leone-emili-ros\/\" target=\"_blank\" rel=\"noopener\">El consell nutricional del farmac\u00e8utic en la prevenci\u00f3 de les malalties neurol\u00f2giques. [V\u00eddeo entrevistes als Drs. Pascual-Leone i Emili Ros] (Gener 2020)<\/a><\/li>\n<\/ul>\n<p>&nbsp;<\/p>\n","protected":false},"excerpt":{"rendered":"<p>El passat 29 de gener el COFB va acollir una nova\u00a0tert\u00falia d&#8217;actualitat\u00a0titulada &#8220;Testem els tests gen\u00e8tics&#8220;. En una sessi\u00f3 moderada per Llu\u00efsa Juan, vocal d&#8217;An\u00e0lisis Cl\u00edniques del COFB, els ponents van ser el doctor\u00a0Manel Rabanal, cap de la\u00a0Secci\u00f3 de Vigil\u00e0ncia i Publicitat dels Medicaments del Departament de Salut de la [&hellip;]<\/p>\n","protected":false},"author":1,"featured_media":50424,"comment_status":"open","ping_status":"open","sticky":false,"template":"","format":"standard","meta":{"_uag_custom_page_level_css":"","site-sidebar-layout":"default","site-content-layout":"","ast-site-content-layout":"default","site-content-style":"default","site-sidebar-style":"default","ast-global-header-display":"","ast-banner-title-visibility":"","ast-main-header-display":"","ast-hfb-above-header-display":"","ast-hfb-below-header-display":"","ast-hfb-mobile-header-display":"","site-post-title":"","ast-breadcrumbs-content":"","ast-featured-img":"disabled","footer-sml-layout":"","theme-transparent-header-meta":"","adv-header-id-meta":"","stick-header-meta":"","header-above-stick-meta":"","header-main-stick-meta":"","header-below-stick-meta":"","astra-migrate-meta-layouts":"default","ast-page-background-enabled":"default","ast-page-background-meta":{"desktop":{"background-color":"var(--ast-global-color-4)","background-image":"","background-repeat":"repeat","background-position":"center center","background-size":"auto","background-attachment":"scroll","background-type":"","background-media":"","overlay-type":"","overlay-color":"","overlay-opacity":"","overlay-gradient":""},"tablet":{"background-color":"","background-image":"","background-repeat":"repeat","background-position":"center center","background-size":"auto","background-attachment":"scroll","background-type":"","background-media":"","overlay-type":"","overlay-color":"","overlay-opacity":"","overlay-gradient":""},"mobile":{"background-color":"","background-image":"","background-repeat":"repeat","background-position":"center center","background-size":"auto","background-attachment":"scroll","background-type":"","background-media":"","overlay-type":"","overlay-color":"","overlay-opacity":"","overlay-gradient":""}},"ast-content-background-meta":{"desktop":{"background-color":"var(--ast-global-color-5)","background-image":"","background-repeat":"repeat","background-position":"center center","background-size":"auto","background-attachment":"scroll","background-type":"","background-media":"","overlay-type":"","overlay-color":"","overlay-opacity":"","overlay-gradient":""},"tablet":{"background-color":"var(--ast-global-color-5)","background-image":"","background-repeat":"repeat","background-position":"center center","background-size":"auto","background-attachment":"scroll","background-type":"","background-media":"","overlay-type":"","overlay-color":"","overlay-opacity":"","overlay-gradient":""},"mobile":{"background-color":"var(--ast-global-color-5)","background-image":"","background-repeat":"repeat","background-position":"center center","background-size":"auto","background-attachment":"scroll","background-type":"","background-media":"","overlay-type":"","overlay-color":"","overlay-opacity":"","overlay-gradient":""}},"footnotes":""},"categories":[23,57],"tags":[3970,3971,311,321,741,3972,3973,2708,3974,3975,3976,3977,3978,3979,140,141,3980,3981,3982],"class_list":["post-49684","post","type-post","status-publish","format-standard","has-post-thumbnail","hentry","category-destacats","category-mon-collegial","tag-assessorament-i-consell-genetic","tag-consell-genetic","tag-departament-de-salut","tag-farmacogenetica","tag-hospital-clinic","tag-legalitat","tag-manel-rabanal","tag-proves-diagnostiques","tag-proves-farmacogenetiques","tag-proves-genetiques","tag-publicitat-de-medicaments","tag-resposta-als-medicaments","tag-supervisio-professional","tag-teresa-pampols","tag-tertulia-dactualitat","tag-tertulies-dactualitat","tag-test-genetic","tag-tests-farmacogenetics","tag-tests-genetics"],"yoast_head":"<!-- This site is optimized with the Yoast SEO plugin v22.4 - https:\/\/yoast.com\/wordpress\/plugins\/seo\/ -->\n<title>Quin paper pot tenir el farmac\u00e8utic en l&#039;\u00e0mbit dels tests gen\u00e8tics? [V\u00eddeo entrevista al Dr. Manel Rabanal i la Dra. Teresa P\u00e0mpols] - Col\u00b7legi de Farmac\u00e8utics de Barcelona<\/title>\n<meta name=\"description\" content=\"El passat 29 de gener el COFB va acollir una nova\u00a0tert\u00falia d&#039;actualitat\u00a0titulada &quot;Testem els tests gen\u00e8tics&quot;. Finalitzat l&#039;acte, vam poder parlar amb el Dr. Rabanal i la Dra. P\u00e0mpols sobre els tests farmacogen\u00e8tics, el marc legal que els afecta i les seves connotacions \u00e8tiques.\" \/>\n<meta name=\"robots\" content=\"index, follow, max-snippet:-1, max-image-preview:large, max-video-preview:-1\" \/>\n<link rel=\"canonical\" href=\"https:\/\/novaorg.cofb.net\/2020\/03\/10\/quin-paper-pot-tenir-el-farmaceutic-en-lambit-de-la-farmacogenetica-video-entrevistes-al-dr-manel-rabanal-i-la-dra-teresa-pampols\/\" \/>\n<meta property=\"og:locale\" content=\"ca_ES\" \/>\n<meta property=\"og:type\" content=\"article\" \/>\n<meta property=\"og:title\" content=\"Quin paper pot tenir el farmac\u00e8utic en l&#039;\u00e0mbit dels tests gen\u00e8tics? [V\u00eddeo entrevista al Dr. Manel Rabanal i la Dra. Teresa P\u00e0mpols] - Col\u00b7legi de Farmac\u00e8utics de Barcelona\" \/>\n<meta property=\"og:description\" content=\"El passat 29 de gener el COFB va acollir una nova\u00a0tert\u00falia d&#039;actualitat\u00a0titulada &quot;Testem els tests gen\u00e8tics&quot;. Finalitzat l&#039;acte, vam poder parlar amb el Dr. Rabanal i la Dra. P\u00e0mpols sobre els tests farmacogen\u00e8tics, el marc legal que els afecta i les seves connotacions \u00e8tiques.\" \/>\n<meta property=\"og:url\" content=\"https:\/\/novaorg.cofb.net\/2020\/03\/10\/quin-paper-pot-tenir-el-farmaceutic-en-lambit-de-la-farmacogenetica-video-entrevistes-al-dr-manel-rabanal-i-la-dra-teresa-pampols\/\" \/>\n<meta property=\"og:site_name\" content=\"Col\u00b7legi de Farmac\u00e8utics de Barcelona\" \/>\n<meta property=\"article:publisher\" content=\"https:\/\/www.facebook.com\/farmaceuticsbcn\/\" \/>\n<meta property=\"article:published_time\" content=\"2020-03-10T17:41:41+00:00\" \/>\n<meta name=\"author\" content=\"wpAdminCofbOrg\" \/>\n<meta name=\"twitter:card\" content=\"summary_large_image\" \/>\n<meta name=\"twitter:creator\" content=\"@farmaceuticsbcn\" \/>\n<meta name=\"twitter:site\" content=\"@farmaceuticsbcn\" \/>\n<meta name=\"twitter:label1\" content=\"Escrit per\" \/>\n\t<meta name=\"twitter:data1\" content=\"wpAdminCofbOrg\" \/>\n\t<meta name=\"twitter:label2\" content=\"Temps estimat de lectura\" \/>\n\t<meta name=\"twitter:data2\" content=\"5 minuts\" \/>\n<script type=\"application\/ld+json\" class=\"yoast-schema-graph\">{\"@context\":\"https:\/\/schema.org\",\"@graph\":[{\"@type\":\"Article\",\"@id\":\"https:\/\/novaorg.cofb.net\/2020\/03\/10\/quin-paper-pot-tenir-el-farmaceutic-en-lambit-de-la-farmacogenetica-video-entrevistes-al-dr-manel-rabanal-i-la-dra-teresa-pampols\/#article\",\"isPartOf\":{\"@id\":\"https:\/\/novaorg.cofb.net\/2020\/03\/10\/quin-paper-pot-tenir-el-farmaceutic-en-lambit-de-la-farmacogenetica-video-entrevistes-al-dr-manel-rabanal-i-la-dra-teresa-pampols\/\"},\"author\":{\"name\":\"wpAdminCofbOrg\",\"@id\":\"https:\/\/www.cofb.org\/#\/schema\/person\/22ed7eea88da74b0fa4d3154ad87ffcb\"},\"headline\":\"Quin paper pot tenir el farmac\u00e8utic en l&#8217;\u00e0mbit dels tests gen\u00e8tics? [V\u00eddeo entrevista al Dr. Manel Rabanal i la Dra. Teresa P\u00e0mpols]\",\"datePublished\":\"2020-03-10T17:41:41+00:00\",\"dateModified\":\"2020-03-10T17:41:41+00:00\",\"mainEntityOfPage\":{\"@id\":\"https:\/\/novaorg.cofb.net\/2020\/03\/10\/quin-paper-pot-tenir-el-farmaceutic-en-lambit-de-la-farmacogenetica-video-entrevistes-al-dr-manel-rabanal-i-la-dra-teresa-pampols\/\"},\"wordCount\":967,\"commentCount\":0,\"publisher\":{\"@id\":\"https:\/\/www.cofb.org\/#organization\"},\"image\":{\"@id\":\"https:\/\/novaorg.cofb.net\/2020\/03\/10\/quin-paper-pot-tenir-el-farmaceutic-en-lambit-de-la-farmacogenetica-video-entrevistes-al-dr-manel-rabanal-i-la-dra-teresa-pampols\/#primaryimage\"},\"thumbnailUrl\":\"\",\"keywords\":[\"assessorament i consell gen\u00e8tic\",\"consell gen\u00e8tic\",\"Departament de Salut\",\"farmacogen\u00e8tica\",\"Hospital Cl\u00ednic\",\"legalitat\",\"Manel Rabanal\",\"proves diagn\u00f2stiques\",\"proves farmacogen\u00e8tiques\",\"proves gen\u00e8tiques\",\"publicitat de medicaments\",\"resposta als medicaments\",\"supervisi\u00f3 professional\",\"Teresa P\u00e0mpols\",\"tert\u00falia d'actualitat\",\"tert\u00falies d'actualitat\",\"Test gen\u00e8tic\",\"tests farmacogen\u00e8tics\",\"tests gen\u00e8tics\"],\"articleSection\":[\"Destacats\",\"M\u00f3n col\u00b7legial\"],\"inLanguage\":\"ca\",\"potentialAction\":[{\"@type\":\"CommentAction\",\"name\":\"Comment\",\"target\":[\"https:\/\/novaorg.cofb.net\/2020\/03\/10\/quin-paper-pot-tenir-el-farmaceutic-en-lambit-de-la-farmacogenetica-video-entrevistes-al-dr-manel-rabanal-i-la-dra-teresa-pampols\/#respond\"]}]},{\"@type\":\"WebPage\",\"@id\":\"https:\/\/novaorg.cofb.net\/2020\/03\/10\/quin-paper-pot-tenir-el-farmaceutic-en-lambit-de-la-farmacogenetica-video-entrevistes-al-dr-manel-rabanal-i-la-dra-teresa-pampols\/\",\"url\":\"https:\/\/novaorg.cofb.net\/2020\/03\/10\/quin-paper-pot-tenir-el-farmaceutic-en-lambit-de-la-farmacogenetica-video-entrevistes-al-dr-manel-rabanal-i-la-dra-teresa-pampols\/\",\"name\":\"Quin paper pot tenir el farmac\u00e8utic en l'\u00e0mbit dels tests gen\u00e8tics? [V\u00eddeo entrevista al Dr. Manel Rabanal i la Dra. Teresa P\u00e0mpols] - Col\u00b7legi de Farmac\u00e8utics de Barcelona\",\"isPartOf\":{\"@id\":\"https:\/\/www.cofb.org\/#website\"},\"primaryImageOfPage\":{\"@id\":\"https:\/\/novaorg.cofb.net\/2020\/03\/10\/quin-paper-pot-tenir-el-farmaceutic-en-lambit-de-la-farmacogenetica-video-entrevistes-al-dr-manel-rabanal-i-la-dra-teresa-pampols\/#primaryimage\"},\"image\":{\"@id\":\"https:\/\/novaorg.cofb.net\/2020\/03\/10\/quin-paper-pot-tenir-el-farmaceutic-en-lambit-de-la-farmacogenetica-video-entrevistes-al-dr-manel-rabanal-i-la-dra-teresa-pampols\/#primaryimage\"},\"thumbnailUrl\":\"\",\"datePublished\":\"2020-03-10T17:41:41+00:00\",\"dateModified\":\"2020-03-10T17:41:41+00:00\",\"description\":\"El passat 29 de gener el COFB va acollir una nova\u00a0tert\u00falia d'actualitat\u00a0titulada \\\"Testem els tests gen\u00e8tics\\\". Finalitzat l'acte, vam poder parlar amb el Dr. Rabanal i la Dra. P\u00e0mpols sobre els tests farmacogen\u00e8tics, el marc legal que els afecta i les seves connotacions \u00e8tiques.\",\"breadcrumb\":{\"@id\":\"https:\/\/novaorg.cofb.net\/2020\/03\/10\/quin-paper-pot-tenir-el-farmaceutic-en-lambit-de-la-farmacogenetica-video-entrevistes-al-dr-manel-rabanal-i-la-dra-teresa-pampols\/#breadcrumb\"},\"inLanguage\":\"ca\",\"potentialAction\":[{\"@type\":\"ReadAction\",\"target\":[\"https:\/\/novaorg.cofb.net\/2020\/03\/10\/quin-paper-pot-tenir-el-farmaceutic-en-lambit-de-la-farmacogenetica-video-entrevistes-al-dr-manel-rabanal-i-la-dra-teresa-pampols\/\"]}]},{\"@type\":\"ImageObject\",\"inLanguage\":\"ca\",\"@id\":\"https:\/\/novaorg.cofb.net\/2020\/03\/10\/quin-paper-pot-tenir-el-farmaceutic-en-lambit-de-la-farmacogenetica-video-entrevistes-al-dr-manel-rabanal-i-la-dra-teresa-pampols\/#primaryimage\",\"url\":\"\",\"contentUrl\":\"\"},{\"@type\":\"BreadcrumbList\",\"@id\":\"https:\/\/novaorg.cofb.net\/2020\/03\/10\/quin-paper-pot-tenir-el-farmaceutic-en-lambit-de-la-farmacogenetica-video-entrevistes-al-dr-manel-rabanal-i-la-dra-teresa-pampols\/#breadcrumb\",\"itemListElement\":[{\"@type\":\"ListItem\",\"position\":1,\"name\":\"Inici\",\"item\":\"https:\/\/novaorg.cofb.net\/\"},{\"@type\":\"ListItem\",\"position\":2,\"name\":\"Quin paper pot tenir el farmac\u00e8utic en l&#8217;\u00e0mbit dels tests gen\u00e8tics? [V\u00eddeo entrevista al Dr. Manel Rabanal i la Dra. Teresa P\u00e0mpols]\"}]},{\"@type\":\"WebSite\",\"@id\":\"https:\/\/www.cofb.org\/#website\",\"url\":\"https:\/\/www.cofb.org\/\",\"name\":\"Col\u00b7legi de Farmac\u00e8utics de Barcelona\",\"description\":\"\",\"publisher\":{\"@id\":\"https:\/\/www.cofb.org\/#organization\"},\"potentialAction\":[{\"@type\":\"SearchAction\",\"target\":{\"@type\":\"EntryPoint\",\"urlTemplate\":\"https:\/\/www.cofb.org\/?s={search_term_string}\"},\"query-input\":\"required name=search_term_string\"}],\"inLanguage\":\"ca\"},{\"@type\":\"Organization\",\"@id\":\"https:\/\/www.cofb.org\/#organization\",\"name\":\"Col\u00b7legi de Farmac\u00e8utics de Barcelona\",\"url\":\"https:\/\/www.cofb.org\/\",\"logo\":{\"@type\":\"ImageObject\",\"inLanguage\":\"ca\",\"@id\":\"https:\/\/www.cofb.org\/#\/schema\/logo\/image\/\",\"url\":\"https:\/\/www.cofb.org\/wp-content\/uploads\/2023\/11\/cropped-Logotip-COFB.png\",\"contentUrl\":\"https:\/\/www.cofb.org\/wp-content\/uploads\/2023\/11\/cropped-Logotip-COFB.png\",\"width\":500,\"height\":105,\"caption\":\"Col\u00b7legi de Farmac\u00e8utics de Barcelona\"},\"image\":{\"@id\":\"https:\/\/www.cofb.org\/#\/schema\/logo\/image\/\"},\"sameAs\":[\"https:\/\/www.facebook.com\/farmaceuticsbcn\/\",\"https:\/\/twitter.com\/farmaceuticsbcn\",\"https:\/\/www.instagram.com\/farmaceuticsbcn\/\",\"https:\/\/www.linkedin.com\/company\/farmaceuticsbcn\/\"]},{\"@type\":\"Person\",\"@id\":\"https:\/\/www.cofb.org\/#\/schema\/person\/22ed7eea88da74b0fa4d3154ad87ffcb\",\"name\":\"wpAdminCofbOrg\",\"image\":{\"@type\":\"ImageObject\",\"inLanguage\":\"ca\",\"@id\":\"https:\/\/www.cofb.org\/#\/schema\/person\/image\/\",\"url\":\"https:\/\/secure.gravatar.com\/avatar\/1721b20b3b8ca882c3b56ec6c978c594fff670e40c0718e9190eaeeb76aae7d8?s=96&d=mm&r=g\",\"contentUrl\":\"https:\/\/secure.gravatar.com\/avatar\/1721b20b3b8ca882c3b56ec6c978c594fff670e40c0718e9190eaeeb76aae7d8?s=96&d=mm&r=g\",\"caption\":\"wpAdminCofbOrg\"},\"sameAs\":[\"http:\/\/192.168.64.122\/wordpress\"],\"url\":\"https:\/\/www.cofb.org\/ca\/author\/wpadmincofborg\/\"}]}<\/script>\n<!-- \/ Yoast SEO plugin. -->","yoast_head_json":{"title":"Quin paper pot tenir el farmac\u00e8utic en l'\u00e0mbit dels tests gen\u00e8tics? [V\u00eddeo entrevista al Dr. Manel Rabanal i la Dra. Teresa P\u00e0mpols] - Col\u00b7legi de Farmac\u00e8utics de Barcelona","description":"El passat 29 de gener el COFB va acollir una nova\u00a0tert\u00falia d'actualitat\u00a0titulada \"Testem els tests gen\u00e8tics\". Finalitzat l'acte, vam poder parlar amb el Dr. Rabanal i la Dra. P\u00e0mpols sobre els tests farmacogen\u00e8tics, el marc legal que els afecta i les seves connotacions \u00e8tiques.","robots":{"index":"index","follow":"follow","max-snippet":"max-snippet:-1","max-image-preview":"max-image-preview:large","max-video-preview":"max-video-preview:-1"},"canonical":"https:\/\/novaorg.cofb.net\/2020\/03\/10\/quin-paper-pot-tenir-el-farmaceutic-en-lambit-de-la-farmacogenetica-video-entrevistes-al-dr-manel-rabanal-i-la-dra-teresa-pampols\/","og_locale":"ca_ES","og_type":"article","og_title":"Quin paper pot tenir el farmac\u00e8utic en l'\u00e0mbit dels tests gen\u00e8tics? [V\u00eddeo entrevista al Dr. Manel Rabanal i la Dra. Teresa P\u00e0mpols] - Col\u00b7legi de Farmac\u00e8utics de Barcelona","og_description":"El passat 29 de gener el COFB va acollir una nova\u00a0tert\u00falia d'actualitat\u00a0titulada \"Testem els tests gen\u00e8tics\". Finalitzat l'acte, vam poder parlar amb el Dr. Rabanal i la Dra. P\u00e0mpols sobre els tests farmacogen\u00e8tics, el marc legal que els afecta i les seves connotacions \u00e8tiques.","og_url":"https:\/\/novaorg.cofb.net\/2020\/03\/10\/quin-paper-pot-tenir-el-farmaceutic-en-lambit-de-la-farmacogenetica-video-entrevistes-al-dr-manel-rabanal-i-la-dra-teresa-pampols\/","og_site_name":"Col\u00b7legi de Farmac\u00e8utics de Barcelona","article_publisher":"https:\/\/www.facebook.com\/farmaceuticsbcn\/","article_published_time":"2020-03-10T17:41:41+00:00","author":"wpAdminCofbOrg","twitter_card":"summary_large_image","twitter_creator":"@farmaceuticsbcn","twitter_site":"@farmaceuticsbcn","twitter_misc":{"Escrit per":"wpAdminCofbOrg","Temps estimat de lectura":"5 minuts"},"schema":{"@context":"https:\/\/schema.org","@graph":[{"@type":"Article","@id":"https:\/\/novaorg.cofb.net\/2020\/03\/10\/quin-paper-pot-tenir-el-farmaceutic-en-lambit-de-la-farmacogenetica-video-entrevistes-al-dr-manel-rabanal-i-la-dra-teresa-pampols\/#article","isPartOf":{"@id":"https:\/\/novaorg.cofb.net\/2020\/03\/10\/quin-paper-pot-tenir-el-farmaceutic-en-lambit-de-la-farmacogenetica-video-entrevistes-al-dr-manel-rabanal-i-la-dra-teresa-pampols\/"},"author":{"name":"wpAdminCofbOrg","@id":"https:\/\/www.cofb.org\/#\/schema\/person\/22ed7eea88da74b0fa4d3154ad87ffcb"},"headline":"Quin paper pot tenir el farmac\u00e8utic en l&#8217;\u00e0mbit dels tests gen\u00e8tics? [V\u00eddeo entrevista al Dr. Manel Rabanal i la Dra. Teresa P\u00e0mpols]","datePublished":"2020-03-10T17:41:41+00:00","dateModified":"2020-03-10T17:41:41+00:00","mainEntityOfPage":{"@id":"https:\/\/novaorg.cofb.net\/2020\/03\/10\/quin-paper-pot-tenir-el-farmaceutic-en-lambit-de-la-farmacogenetica-video-entrevistes-al-dr-manel-rabanal-i-la-dra-teresa-pampols\/"},"wordCount":967,"commentCount":0,"publisher":{"@id":"https:\/\/www.cofb.org\/#organization"},"image":{"@id":"https:\/\/novaorg.cofb.net\/2020\/03\/10\/quin-paper-pot-tenir-el-farmaceutic-en-lambit-de-la-farmacogenetica-video-entrevistes-al-dr-manel-rabanal-i-la-dra-teresa-pampols\/#primaryimage"},"thumbnailUrl":"","keywords":["assessorament i consell gen\u00e8tic","consell gen\u00e8tic","Departament de Salut","farmacogen\u00e8tica","Hospital Cl\u00ednic","legalitat","Manel Rabanal","proves diagn\u00f2stiques","proves farmacogen\u00e8tiques","proves gen\u00e8tiques","publicitat de medicaments","resposta als medicaments","supervisi\u00f3 professional","Teresa P\u00e0mpols","tert\u00falia d'actualitat","tert\u00falies d'actualitat","Test gen\u00e8tic","tests farmacogen\u00e8tics","tests gen\u00e8tics"],"articleSection":["Destacats","M\u00f3n col\u00b7legial"],"inLanguage":"ca","potentialAction":[{"@type":"CommentAction","name":"Comment","target":["https:\/\/novaorg.cofb.net\/2020\/03\/10\/quin-paper-pot-tenir-el-farmaceutic-en-lambit-de-la-farmacogenetica-video-entrevistes-al-dr-manel-rabanal-i-la-dra-teresa-pampols\/#respond"]}]},{"@type":"WebPage","@id":"https:\/\/novaorg.cofb.net\/2020\/03\/10\/quin-paper-pot-tenir-el-farmaceutic-en-lambit-de-la-farmacogenetica-video-entrevistes-al-dr-manel-rabanal-i-la-dra-teresa-pampols\/","url":"https:\/\/novaorg.cofb.net\/2020\/03\/10\/quin-paper-pot-tenir-el-farmaceutic-en-lambit-de-la-farmacogenetica-video-entrevistes-al-dr-manel-rabanal-i-la-dra-teresa-pampols\/","name":"Quin paper pot tenir el farmac\u00e8utic en l'\u00e0mbit dels tests gen\u00e8tics? [V\u00eddeo entrevista al Dr. Manel Rabanal i la Dra. Teresa P\u00e0mpols] - Col\u00b7legi de Farmac\u00e8utics de Barcelona","isPartOf":{"@id":"https:\/\/www.cofb.org\/#website"},"primaryImageOfPage":{"@id":"https:\/\/novaorg.cofb.net\/2020\/03\/10\/quin-paper-pot-tenir-el-farmaceutic-en-lambit-de-la-farmacogenetica-video-entrevistes-al-dr-manel-rabanal-i-la-dra-teresa-pampols\/#primaryimage"},"image":{"@id":"https:\/\/novaorg.cofb.net\/2020\/03\/10\/quin-paper-pot-tenir-el-farmaceutic-en-lambit-de-la-farmacogenetica-video-entrevistes-al-dr-manel-rabanal-i-la-dra-teresa-pampols\/#primaryimage"},"thumbnailUrl":"","datePublished":"2020-03-10T17:41:41+00:00","dateModified":"2020-03-10T17:41:41+00:00","description":"El passat 29 de gener el COFB va acollir una nova\u00a0tert\u00falia d'actualitat\u00a0titulada \"Testem els tests gen\u00e8tics\". Finalitzat l'acte, vam poder parlar amb el Dr. Rabanal i la Dra. P\u00e0mpols sobre els tests farmacogen\u00e8tics, el marc legal que els afecta i les seves connotacions \u00e8tiques.","breadcrumb":{"@id":"https:\/\/novaorg.cofb.net\/2020\/03\/10\/quin-paper-pot-tenir-el-farmaceutic-en-lambit-de-la-farmacogenetica-video-entrevistes-al-dr-manel-rabanal-i-la-dra-teresa-pampols\/#breadcrumb"},"inLanguage":"ca","potentialAction":[{"@type":"ReadAction","target":["https:\/\/novaorg.cofb.net\/2020\/03\/10\/quin-paper-pot-tenir-el-farmaceutic-en-lambit-de-la-farmacogenetica-video-entrevistes-al-dr-manel-rabanal-i-la-dra-teresa-pampols\/"]}]},{"@type":"ImageObject","inLanguage":"ca","@id":"https:\/\/novaorg.cofb.net\/2020\/03\/10\/quin-paper-pot-tenir-el-farmaceutic-en-lambit-de-la-farmacogenetica-video-entrevistes-al-dr-manel-rabanal-i-la-dra-teresa-pampols\/#primaryimage","url":"","contentUrl":""},{"@type":"BreadcrumbList","@id":"https:\/\/novaorg.cofb.net\/2020\/03\/10\/quin-paper-pot-tenir-el-farmaceutic-en-lambit-de-la-farmacogenetica-video-entrevistes-al-dr-manel-rabanal-i-la-dra-teresa-pampols\/#breadcrumb","itemListElement":[{"@type":"ListItem","position":1,"name":"Inici","item":"https:\/\/novaorg.cofb.net\/"},{"@type":"ListItem","position":2,"name":"Quin paper pot tenir el farmac\u00e8utic en l&#8217;\u00e0mbit dels tests gen\u00e8tics? [V\u00eddeo entrevista al Dr. Manel Rabanal i la Dra. Teresa P\u00e0mpols]"}]},{"@type":"WebSite","@id":"https:\/\/www.cofb.org\/#website","url":"https:\/\/www.cofb.org\/","name":"Col\u00b7legi de Farmac\u00e8utics de Barcelona","description":"","publisher":{"@id":"https:\/\/www.cofb.org\/#organization"},"potentialAction":[{"@type":"SearchAction","target":{"@type":"EntryPoint","urlTemplate":"https:\/\/www.cofb.org\/?s={search_term_string}"},"query-input":"required name=search_term_string"}],"inLanguage":"ca"},{"@type":"Organization","@id":"https:\/\/www.cofb.org\/#organization","name":"Col\u00b7legi de Farmac\u00e8utics de Barcelona","url":"https:\/\/www.cofb.org\/","logo":{"@type":"ImageObject","inLanguage":"ca","@id":"https:\/\/www.cofb.org\/#\/schema\/logo\/image\/","url":"https:\/\/www.cofb.org\/wp-content\/uploads\/2023\/11\/cropped-Logotip-COFB.png","contentUrl":"https:\/\/www.cofb.org\/wp-content\/uploads\/2023\/11\/cropped-Logotip-COFB.png","width":500,"height":105,"caption":"Col\u00b7legi de Farmac\u00e8utics de Barcelona"},"image":{"@id":"https:\/\/www.cofb.org\/#\/schema\/logo\/image\/"},"sameAs":["https:\/\/www.facebook.com\/farmaceuticsbcn\/","https:\/\/twitter.com\/farmaceuticsbcn","https:\/\/www.instagram.com\/farmaceuticsbcn\/","https:\/\/www.linkedin.com\/company\/farmaceuticsbcn\/"]},{"@type":"Person","@id":"https:\/\/www.cofb.org\/#\/schema\/person\/22ed7eea88da74b0fa4d3154ad87ffcb","name":"wpAdminCofbOrg","image":{"@type":"ImageObject","inLanguage":"ca","@id":"https:\/\/www.cofb.org\/#\/schema\/person\/image\/","url":"https:\/\/secure.gravatar.com\/avatar\/1721b20b3b8ca882c3b56ec6c978c594fff670e40c0718e9190eaeeb76aae7d8?s=96&d=mm&r=g","contentUrl":"https:\/\/secure.gravatar.com\/avatar\/1721b20b3b8ca882c3b56ec6c978c594fff670e40c0718e9190eaeeb76aae7d8?s=96&d=mm&r=g","caption":"wpAdminCofbOrg"},"sameAs":["http:\/\/192.168.64.122\/wordpress"],"url":"https:\/\/www.cofb.org\/ca\/author\/wpadmincofborg\/"}]}},"uagb_featured_image_src":{"full":false,"thumbnail":false,"medium":false,"medium_large":false,"large":false,"1536x1536":false,"2048x2048":false,"trp-custom-language-flag":false},"uagb_author_info":{"display_name":"wpAdminCofbOrg","author_link":"https:\/\/www.cofb.org\/ca\/author\/wpadmincofborg\/"},"uagb_comment_info":0,"uagb_excerpt":"El passat 29 de gener el COFB va acollir una nova\u00a0tert\u00falia d&#8217;actualitat\u00a0titulada &#8220;Testem els tests gen\u00e8tics&#8220;. En una sessi\u00f3 moderada per Llu\u00efsa Juan, vocal d&#8217;An\u00e0lisis Cl\u00edniques del COFB, els ponents van ser el doctor\u00a0Manel Rabanal, cap de la\u00a0Secci\u00f3 de Vigil\u00e0ncia i Publicitat dels Medicaments del Departament de Salut de la [&hellip;]","_links":{"self":[{"href":"https:\/\/www.cofb.org\/ca\/wp-json\/wp\/v2\/posts\/49684","targetHints":{"allow":["GET"]}}],"collection":[{"href":"https:\/\/www.cofb.org\/ca\/wp-json\/wp\/v2\/posts"}],"about":[{"href":"https:\/\/www.cofb.org\/ca\/wp-json\/wp\/v2\/types\/post"}],"author":[{"embeddable":true,"href":"https:\/\/www.cofb.org\/ca\/wp-json\/wp\/v2\/users\/1"}],"replies":[{"embeddable":true,"href":"https:\/\/www.cofb.org\/ca\/wp-json\/wp\/v2\/comments?post=49684"}],"version-history":[{"count":0,"href":"https:\/\/www.cofb.org\/ca\/wp-json\/wp\/v2\/posts\/49684\/revisions"}],"wp:featuredmedia":[{"embeddable":true,"href":"https:\/\/www.cofb.org\/ca\/wp-json\/"}],"wp:attachment":[{"href":"https:\/\/www.cofb.org\/ca\/wp-json\/wp\/v2\/media?parent=49684"}],"wp:term":[{"taxonomy":"category","embeddable":true,"href":"https:\/\/www.cofb.org\/ca\/wp-json\/wp\/v2\/categories?post=49684"},{"taxonomy":"post_tag","embeddable":true,"href":"https:\/\/www.cofb.org\/ca\/wp-json\/wp\/v2\/tags?post=49684"}],"curies":[{"name":"wp","href":"https:\/\/api.w.org\/{rel}","templated":true}]}}