{"id":49278,"date":"2020-02-24T17:08:27","date_gmt":"2020-02-24T15:08:27","guid":{"rendered":"https:\/\/blog.cofb.cat\/?p=49278"},"modified":"2020-02-24T17:08:27","modified_gmt":"2020-02-24T15:08:27","slug":"gener-cribratge-chagas-coronavirus-influencers-temes-mes-destacats-als-mitjans","status":"publish","type":"post","link":"https:\/\/www.cofb.org\/ca\/2020\/02\/24\/gener-cribratge-chagas-coronavirus-influencers-temes-mes-destacats-als-mitjans\/","title":{"rendered":"Gener: El coronavirus, el projecte pilot de cribratge del Chagas i les &#8216;influencers&#8217; que recomanen medicaments, temes m\u00e9s destacats als mitjans"},"content":{"rendered":"<h1><\/h1>\n<h1><strong>Recomanacions davant el coronavirus<\/strong><\/h1>\n<p>Coincidint amb l&#8217;inici de l&#8217;epid\u00e8mia del coronavirus\u00a0\u00a0<strong>(2019-nCov), <\/strong>les farm\u00e0cies\u00a0 van esgotar l&#8217;exist\u00e8ncia de <strong>m\u00e0scares protectores<\/strong>, situaci\u00f3 que van recollir\u00a0 diferents mitjans. Des del Col\u00b7legi es va optar per fer una crida a la <strong>calma<\/strong> i es va posar l&#8217;\u00e8mfasi en les\u00a0<strong>mesures preventives <\/strong>que es poden prendre, com per exemple, rentar-se les mans amb freq\u00fc\u00e8ncia i evitar el contacte amb persones que presentin s\u00edmptomes de grip o refredat.<\/p>\n<p>Alguns dels mitjans que van comptar amb el COFB com a font van ser\u00a0<a href=\"https:\/\/www.catalunyapress.es\/texto-diario\/mostrar\/1688110\/salud-investiga-caso-sospechoso-coronavirus-catalunya\" target=\"_blank\" rel=\"noopener\">Catalunya Press<\/a>, <a href=\"https:\/\/www.elperiodico.com\/es\/sociedad\/20200129\/farmacias-coronavirus-mascarillas-espana-7826768\" target=\"_blank\" rel=\"noopener\">El Peri\u00f3dico,<\/a>\u00a0<a href=\"https:\/\/www.naciodigital.cat\/noticia\/195373\/farm\/cies\/catalanes\/es\/queden\/sense\/mascaretes\/coronavirus\" target=\"_blank\" rel=\"noopener\">Naci\u00f3 Digital<\/a>\u00a0i\u00a0<a href=\"https:\/\/beteve.cat\/societat\/farmacies-mascaretes-vendes-esgota-coronavirus\/\" target=\"_blank\" rel=\"noopener\">Betev\u00e9<\/a>. Per la seva banda,\u00a0<a href=\"https:\/\/www.ccma.cat\/catradio\/alacarta\/catalunya-migdia\/catalunya-migdia-de-14-a-15-h-30012020\/audio\/1062090\/\" target=\"_blank\" rel=\"noopener\">Catalunya R\u00e0dio<\/a> (del minut 19:53 al 20:28) va recollir declaracions de la vocal del COFB <strong>Aina Surroca<\/strong> i <a href=\"https:\/\/mediavod-lvlt.rtve.es\/resources\/TE_SEDMIGD\/mp3\/2\/6\/1580395319362.mp3\" target=\"_blank\" rel=\"noopener\">R\u00e0dio 4<\/a> (del minut 47:10 al 49:00) les de <b>Maria Perell\u00f3<\/b>, responsable del Centre d&#8217;Informaci\u00f3 del Medicament del COFB.\u00a0A m\u00e9s,\u00a0<a href=\"https:\/\/www.cope.es\/emisoras\/cataluna\/barcelona-provincia\/barcelona\/herrera-a-cope-catalunya-i-andorra\/noticias\/agotan-las-mascarillas-las-farmacias-por-miedo-coronavirus-20200129_606911\" target=\"_blank\" rel=\"noopener\">Cadena Cope<\/a>\u00a0va entrevistar a\u00a0<strong>Guillermo Bagar\u00eda, <\/strong>responsable d&#8217;Atenci\u00f3 Farmac\u00e8utica del Col\u00b7legi.<\/p>\n<p><a href=\"https:\/\/blog.cofb.cat\/wp-content\/uploads\/2020\/02\/mitjans_gener.jpg\"><img fetchpriority=\"high\" decoding=\"async\" class=\"aligncenter wp-image-50167\" src=\"https:\/\/blog.cofb.cat\/wp-content\/uploads\/2020\/02\/mitjans_gener.jpg\" alt=\"\" width=\"620\" height=\"277\" \/><\/a><br \/>\n<div class=\"custom-divider\"><\/div><\/p>\n<h1><strong>Projecte pilot de cribratge del Chagas<\/strong><\/h1>\n<p>El <strong>Consell de Col\u00b7legis Farmac\u00e8utics de Catalunya<\/strong>, amb el suport del <strong>COFB<\/strong>, i <strong>Vall d&#8217;Hebron<\/strong>\u00a0van impulsar un <strong>projecte pilot de cribratge<\/strong> per detectar de forma preco\u00e7 la <strong>malaltia del<\/strong> <strong>Chagas<\/strong>. El projecte est\u00e0 dirigit a pacients majors d&#8217;edat nascuts als pa\u00efsos en zona de risc d&#8217;haver-lo adquirit. En un inici, el projecte es duu a terme a <strong>8 farm\u00e0cies<\/strong> de 3 districtes de Barcelona, per\u00f2 en els mesos vinents est\u00e0 previst\u00a0<strong>ampliar-ne el nombre<\/strong>.<\/p>\n<p>Diversos mitjans se&#8217;n van fer ress\u00f2. De la <strong>premsa especialitzada<\/strong> ho van recollir\u00a0<a href=\"https:\/\/www.imfarmacias.es\/noticia\/19656\/objetivo-detectar-la-enfermedad-de-chagas-de-forma-precoz\" target=\"_blank\" rel=\"noopener\">imFarmacias<\/a>, <a href=\"https:\/\/www.correofarmaceutico.com\/profesion\/farmacia-comunitaria\/cataluna-impulsan-un-proyecto-para-la-deteccion-precoz-de-la-enfermedad-de-chagas.html\" target=\"_blank\" rel=\"noopener\">Correo Farmac\u00e9utico<\/a>, <a href=\"https:\/\/www.elglobal.es\/farmacia\/las-farmacias-de-barcelona-haran-cribados-de-la-enfermedad-de-chagas-EE2402464\" target=\"_blank\" rel=\"noopener\">El Global<\/a>, <a href=\"https:\/\/www.diariofarma.com\/2020\/01\/23\/farmacias-de-barcelona-participan-en-un-piloto-para-detectar-de-forma-precoz-la-enfermedad-de-chagas\" target=\"_blank\" rel=\"noopener\">Diariofarma<\/a>, <a href=\"http:\/\/www.elfarmaceutico.es\/index.php\/noticias-actualidad-farmaceutica\/item\/10614-el-consell-de-col-legis-farmaceutics-de-catalunya-y-vall-d-hebron-impulsan-un-proyecto-piloto-para-detectar-precozmente-la-enfermedad-de-chagas#.XirP-zJKiUl\" target=\"_blank\" rel=\"noopener\">El Farmac\u00e9utico<\/a>, <a href=\"https:\/\/www.infosalus.com\/asistencia\/noticia-impulsan-proyecto-piloto-parar-detectar-forma-precoz-enfermedad-chagas-20200123125931.html\" target=\"_blank\" rel=\"noopener\">Infosalus<\/a>, <a href=\"https:\/\/www.farmaventas.es\/noticias-del-sector\/otras-noticias\/9847-el-consell-de-col-legis-farmaceutics-de-catalunya-y-vall-d-hebron-impulsan-un-proyecto-piloto-para-detectar-precozmente-la-enfermedad-de-chagas.html\" target=\"_blank\" rel=\"noopener\">Farmaventas<\/a> i <a href=\"https:\/\/revistafarmanatur.com\/noticias\/consell-col%c2%b7legis-farmaceutics-catalunya-vall-dhebron-impulsan-proyecto-piloto-detectar-precozmente-la-enfermedad-chagas\/\" target=\"_blank\" rel=\"noopener\">Farmanatur<\/a>. Els mitjans de <strong>premsa general<\/strong> que ho van publicar van ser\u00a0<a href=\"https:\/\/www.lavanguardia.com\/vida\/20200123\/473089433064\/impulsan-un-proyecto-piloto-de-cribado-para-detectar-la-enfermedad-de-chagas.html\" target=\"_blank\" rel=\"noopener\">La Vanguardia<\/a>, <a href=\"https:\/\/www.europapress.es\/catalunya\/noticia-impulsan-proyecto-piloto-parar-detectar-forma-precoz-enfermedad-chagas-20200123125827.html\" target=\"_blank\" rel=\"noopener\">Europa Press<\/a>\u00a0i <a href=\"http:\/\/www.gentedigital.es\/catalunya\/noticia\/2795068\/impulsan-un-proyecto-piloto-parar-detectar-de-forma-precoz-la-enfermedad-de-chagas\/\" target=\"_blank\" rel=\"noopener\">Gente<\/a>.<\/p>\n<p><a href=\"https:\/\/blog.cofb.cat\/wp-content\/uploads\/2020\/02\/Rec3.jpg\"><img decoding=\"async\" class=\"aligncenter size-large wp-image-50138\" src=\"https:\/\/blog.cofb.cat\/wp-content\/uploads\/2020\/02\/Rec3-1024x399.jpg\" alt=\"\" width=\"620\" height=\"242\" \/><\/a><\/p>\n<div class=\"custom-divider\"><\/div>\n<h1><strong><em>Influencers<\/em> que recomanen medicaments<\/strong><\/h1>\n<p>Diverses <em><strong>influencers<\/strong><\/em>\u00a0sense formaci\u00f3 sanit\u00e0ria han estat<strong> recomanant medicaments\u00a0<\/strong>que <strong>necessiten recepta. <\/strong>Davant aquesta situaci\u00f3,\u00a0<strong>Guillermo Bagar\u00eda, <\/strong>responsable d&#8217;Atenci\u00f3 Farmac\u00e8utica del COFB,\u00a0va ser entrevistat pel programa\u00a0<a href=\"https:\/\/www.cope.es\/emisoras\/cataluna\/barcelona-provincia\/barcelona\/herrera-a-cope-catalunya-i-andorra\/audios\/cope-cat-and-ener0-20200128_989493\" target=\"_blank\" rel=\"noopener\">Herrera a Cope Catalunya i Andorra<\/a>\u00a0i per\u00a0<a href=\"http:\/\/www.telemadrid.es\/programas\/telenoticias-1\/Sanidad-advierte-influencers-recomienden-medicamentos-2-2193700664--20200109040320.html\" target=\"_blank\" rel=\"noopener\">TeleMadrid,<\/a> on va destacar que &#8220;l&#8217;<em>influencer<\/em> real ha de ser el professional qualificat. No es tracta de &#8216;likes&#8217;, es tracta de seguretat en els medicaments&#8221;. Per la seva banda, la vocal de Dermofarm\u00e0cia i Productes Sanitaris del COFB, <strong>Marta Alcalde,<\/strong> en declaracions a un <a href=\"https:\/\/www.ccma.cat\/324\/influencers-que-recomanen-medicaments-una-practica-prohibida-i-perillosa\/noticia\/2985611\/\" target=\"_blank\" rel=\"noopener\">reportatge de TV3<\/a>, va remarcar que &#8220;sense cap mena de coneixement s&#8217;estan recomanant productes que s\u00f3n de prescripci\u00f3&#8221;, fet que en el cas dels antibi\u00f2tics, &#8220;l&#8217;\u00fas indiscriminat genera resist\u00e8ncies&#8221;.<\/p>\n<p><a href=\"https:\/\/blog.cofb.cat\/wp-content\/uploads\/2020\/01\/Rec1.1.jpg\"><img decoding=\"async\" class=\"aligncenter size-large wp-image-49412\" src=\"https:\/\/blog.cofb.cat\/wp-content\/uploads\/2020\/01\/Rec1.1-1024x313.jpg\" alt=\"\" width=\"620\" height=\"190\" \/><\/a><\/p>\n<div class=\"custom-divider\"><\/div>\n<h1><strong>Consell pedi\u00e0tric a la farm\u00e0cia<\/strong><\/h1>\n<p>La vocal del COFB, <strong>Aina Surroca,<\/strong> va escriure un article a Farmaventas sobre el <strong>consell pedi\u00e0tric des de la farm\u00e0cia<\/strong>. M\u00e9s concretament, va abordar el paper del farmac\u00e8utic davant el pacient pedi\u00e0tric, les consultes m\u00e9s freq\u00fcents a la farm\u00e0cia i la import\u00e0ncia de la formaci\u00f3 i l&#8217;actualitzaci\u00f3.\u00a0El text <a href=\"http:\/\/e.issuu.com\/embed.html?d=fv_156&amp;u=podiumglobalmedia\" target=\"_blank\" rel=\"noopener\">es pot llegir a la revista en l\u00ednia<\/a>, de les p\u00e0gines 60 a 63.<\/p>\n<p><a href=\"https:\/\/blog.cofb.cat\/wp-content\/uploads\/2020\/01\/Rec7.png\"><img loading=\"lazy\" decoding=\"async\" class=\"aligncenter size-large wp-image-49414\" src=\"https:\/\/blog.cofb.cat\/wp-content\/uploads\/2020\/01\/Rec7-1024x731.png\" alt=\"\" width=\"620\" height=\"443\" \/><\/a><\/p>\n<div class=\"custom-divider\"><\/div>\n<h1><strong>El COFB com a font d&#8217;informaci\u00f3<\/strong><\/h1>\n<h3><strong>L&#8217;epid\u00e8mia de la grip\u00a0<\/strong><\/h3>\n<p>La vocal d&#8217;Oficina de Farm\u00e0cia del COFB,<strong> Francisca Aranzana,<\/strong> va participar juntament amb diferents professionals sanitaris a la <a href=\"https:\/\/beteve.cat\/el-mati-de-barcelona-910fm\/epidemia-grip-ja-es-aqui\/\" target=\"_blank\" rel=\"noopener\">tert\u00falia del programa de Betev\u00e9 &#8220;El Mat\u00ed de Barcelona&#8221;<\/a>\u00a0per parlar de<strong> l&#8217;epid\u00e8mia de la grip.<\/strong> L&#8217;activitat de la grip, a data de 27 de gener, havia arribat a\u00a0147 casos per cada 100.000 habitants i, durant la tert\u00falia, Aranzana va destacar el paper que podia tenir el farmac\u00e8utic davant aquesta malaltia.<\/p>\n<p><a href=\"https:\/\/blog.cofb.cat\/wp-content\/uploads\/2020\/01\/Francisca-Aranzana.jpg\"><img loading=\"lazy\" decoding=\"async\" class=\"aligncenter size-full wp-image-49404\" src=\"https:\/\/blog.cofb.cat\/wp-content\/uploads\/2020\/01\/Francisca-Aranzana.jpg\" alt=\"\" width=\"924\" height=\"613\" \/><\/a><\/p>\n<div class=\"custom-divider\"><\/div>\n<h3><strong>Aliments que ajuden davant la hipotensi\u00f3\u00a0<\/strong><\/h3>\n<p><strong>Cu\u00eddatePlus<\/strong>\u00a0va publicar un <a href=\"https:\/\/cuidateplus.marca.com\/dietas\/2020\/01\/28\/hipotension-alimentos-ayudan-tension-baja-171861.html\" target=\"_blank\" rel=\"noopener\">reportatge sobre la hipotensi\u00f3<\/a>, m\u00e9s concretament, sobre <strong>quins aliments poden ser d&#8217;ajuda si es t\u00e9 la tensi\u00f3 baixa.<\/strong> La pe\u00e7a\u00a0va comptar amb les veus de dues persones del Col\u00b7legi: <strong>Anna Bach-Faig,\u00a0<\/strong>vocal d&#8217;Alimentaci\u00f3 i Nutrici\u00f3,\u00a0\u00a0i <strong>Montse Iracheta<\/strong>, farmac\u00e8utica i membre de la mateixa vocalia.<\/p>\n<p><a href=\"https:\/\/blog.cofb.cat\/wp-content\/uploads\/2020\/01\/Rec9.jpg\"><img loading=\"lazy\" decoding=\"async\" class=\"aligncenter size-large wp-image-49443\" src=\"https:\/\/blog.cofb.cat\/wp-content\/uploads\/2020\/01\/Rec9-1024x867.jpg\" alt=\"\" width=\"620\" height=\"525\" \/><\/a><\/p>\n<div class=\"custom-divider\"><\/div>\n<h3><strong>Les dificultats per avortar, el dret d&#8217;objecci\u00f3 i la venda de medicaments abortius en l\u00ednia<\/strong><\/h3>\n<p><strong>El Peri\u00f3dico<\/strong> va publicar dos reportatges amb relaci\u00f3 a l&#8217;avortament. El primer <a href=\"https:\/\/www.elperiodico.com\/es\/sanidad\/20200112\/la-objecion-de-conciencia-una-traba-para-el-derecho-al-aborto-en-catalunya-7800281\" target=\"_blank\" rel=\"noopener\">se centrava en les dificultats que es troben a alguns hospitals<\/a>, per\u00f2, <strong>a partir d&#8217;informaci\u00f3 facilitada pel Col\u00b7legi<\/strong>, tamb\u00e9 van informar de <strong>l&#8217;objecci\u00f3 de consci\u00e8ncia dels farmac\u00e8utics<\/strong> en donar la p\u00edndola anticonceptiva d&#8217;emerg\u00e8ncia.<\/p>\n<p>El segon reportatge estava <a href=\"https:\/\/www.elperiodico.com\/es\/sociedad\/20200117\/pastillas-aborto-internet-7804765\" target=\"_blank\" rel=\"noopener\">centrat en la venda en l\u00ednia de pastilles abortives<\/a>, i de l&#8217;acc\u00e9s que hi tenen alguns menors, publicaci\u00f3 que va comptar amb declaracions de <strong>Maria Perell\u00f3, <\/strong>responsable del Centre d&#8217;Informaci\u00f3 del Medicament del COFB.<\/p>\n<p><a href=\"https:\/\/blog.cofb.cat\/wp-content\/uploads\/2020\/01\/Rec2.jpg\"><img loading=\"lazy\" decoding=\"async\" class=\"aligncenter size-large wp-image-49355\" src=\"https:\/\/blog.cofb.cat\/wp-content\/uploads\/2020\/01\/Rec2-1024x503.jpg\" alt=\"\" width=\"620\" height=\"305\" \/><\/a><\/p>\n<div class=\"custom-divider\"><\/div>\n<h3><strong>Finan\u00e7ament de medicaments per deixar de fumar\u00a0<\/strong><\/h3>\n<p>L&#8217;1 de gener va entrar en vigor el <strong>finan\u00e7ament de dos f\u00e0rmacs espec\u00edfics per deixar de fumar:\u00a0<\/strong>vareniclina i bupropi\u00f3.\u00a0Diversos mitjans van fer-se&#8217;n ress\u00f2 durant els primers dies de l&#8217;any, i a\u00a0<strong>l&#8217;Hospitalet Digital<\/strong>\u00a0<a href=\"https:\/\/lhdigital.cat\/web\/digital-h\/veure-multimedia?xarxaId=5e14ae91008db012a4a409de&amp;vimeoId=undefined&amp;video=&amp;titol=La%20sanitat%20p%C3%BAblica%20finan%C3%A7a%20dos%20f%C3%A0rmacs%20espec%C3%ADfics%20per%20a%20qui%20vulgui%20deixar%20de%20fumar\" target=\"_blank\" rel=\"noopener\">van entrevistar a la farmac\u00e8utica\u00a0Merc\u00e8 Sell\u00e9s<\/a>, qui va posar en valor el Programa de Cessaci\u00f3 Tab\u00e0quica que es duu a terme a diverses farm\u00e0cies de la prov\u00edncia.<\/p>\n<p><a href=\"https:\/\/blog.cofb.cat\/wp-content\/uploads\/2020\/01\/Rec4.jpg\"><img loading=\"lazy\" decoding=\"async\" class=\"aligncenter size-large wp-image-49357\" src=\"https:\/\/blog.cofb.cat\/wp-content\/uploads\/2020\/01\/Rec4-1024x557.jpg\" alt=\"\" width=\"620\" height=\"337\" \/><\/a><\/p>\n<div class=\"custom-divider\"><\/div>\n<h1><strong>Mencions al COFB<\/strong><\/h1>\n<h3><strong>Infarma Madrid 2020<\/strong><\/h3>\n<p>El <strong>Congr\u00e9s i Sal\u00f3 Europeu d&#8217;Oficina de Farm\u00e0cia, Infarma Madrid 2020<\/strong>, ha tornat a ser not\u00edcia als mitjans especialitzats, on s&#8217;ha fet menci\u00f3 al COFB com a coorganitzador d&#8217;aquesta trobada farmac\u00e8utica. Concretament, <a href=\"https:\/\/www.imfarmacias.es\/noticia\/19559\/infarma-madrid-2020-calienta-motores\" target=\"_blank\" rel=\"noopener\">imFarmacias <\/a>i <a href=\"https:\/\/www.correofarmaceutico.com\/profesion\/infarma-2020-preve-acoger-a-mas-de-30-000-visitantes.html\" target=\"_blank\" rel=\"noopener\">Correo Farmac\u00e9utico<\/a> van publicar les xifres que es preveuen per al Sal\u00f3 de Medicaments i Parafarm\u00e0cia, aix\u00ed com les principals novetats del programa del Congr\u00e9s; i <a href=\"https:\/\/www.diariofarma.com\/2020\/01\/14\/el-ministerio-reconoce-el-interes-sanitario-de-infarma-madrid-2020\" target=\"_blank\" rel=\"noopener\">Diariofarma<\/a> va centrar-se en el fet que el Ministeri de Sanitat ha concedit el reconeixement d&#8217;inter\u00e8s sanitari a\u00a0Infarma Madrid 2020.<\/p>\n<div class=\"custom-divider\"><\/div>\n<h3><strong>Any electoral a diversos COFs espanyols<\/strong><\/h3>\n<p>L&#8217;any 2020 es presenta com un <strong>any electoral<\/strong> per diversos Col\u00b7legis Oficials de Farmac\u00e8utics de l&#8217;Estat espanyol, entre ells els quatre Col\u00b7legis provincials de Catalunya. Aix\u00ed ho va recollir\u00a0<a href=\"https:\/\/elglobal.es\/farmacia\/castilla-y-leon-y-cataluna-copan-el-ano-electoral-en-la-in2384965\/\" target=\"_blank\" rel=\"noopener\">El Global,<\/a>\u00a0on va fer menci\u00f3 al president del COFB, Jordi de Dalmases.<\/p>\n<p><a href=\"https:\/\/blog.cofb.cat\/wp-content\/uploads\/2020\/01\/Rec6.jpg\"><img loading=\"lazy\" decoding=\"async\" class=\"aligncenter size-large wp-image-49359\" src=\"https:\/\/blog.cofb.cat\/wp-content\/uploads\/2020\/01\/Rec6-1024x875.jpg\" alt=\"\" width=\"620\" height=\"530\" \/><\/a><\/p>\n<div class=\"custom-divider\"><\/div>\n<p><strong>Altres temes relacionats<\/strong><\/p>\n<ul>\n<li><a href=\"https:\/\/blog.cofb.cat\/desembre-cancer-colon-pell-365-farmacies-centinella-destacats-mitjans\/\" target=\"_blank\" rel=\"noopener\">Desembre: el programa de detecci\u00f3 preco\u00e7 de c\u00e0ncer de c\u00f2lon i recte, la campanya \u201cAtenci\u00f3 Pell 365\u201d i les farm\u00e0cies sentinella, temes m\u00e9s destacats als mitjans (Gener 2019)<\/a><\/li>\n<li><a href=\"https:\/\/blog.cofb.cat\/novembre-2a-onada-datencio-pell-365-campanya-ccfc-sobre-primeres-dispensacions-beques-cofb\/\" target=\"_blank\" rel=\"noopener\">Novembre: la campanya \u201cAtenci\u00f3 Pell 365\u201d, atenci\u00f3 farmac\u00e8utica davant primeres dispensacions i les beques del COFB, temes m\u00e9s destacats als mitjans (Desembre 2019)<\/a><\/li>\n<li><a href=\"https:\/\/blog.cofb.cat\/campanya-del-cofb-sobre-la-recepta-medica-en-medicaments-com-libuprofen-i-el-paracetamol-activitats-formatives-i-diada-del-farmaceutic-els-temes-mes-destacats-als-mitjans\/\" target=\"_blank\" rel=\"noopener\">Octubre: Campanya del COFB sobre la import\u00e0ncia de la recepta m\u00e8dica, activitats formatives i Diada del Farmac\u00e8utic, temes m\u00e9s destacats als mitjans (Novembre 2019)<\/a><\/li>\n<\/ul>\n","protected":false},"excerpt":{"rendered":"<p>Recomanacions davant el coronavirus Coincidint amb l&#8217;inici de l&#8217;epid\u00e8mia del coronavirus\u00a0\u00a0(2019-nCov), les farm\u00e0cies\u00a0 van esgotar l&#8217;exist\u00e8ncia de m\u00e0scares protectores, situaci\u00f3 que van recollir\u00a0 diferents mitjans. Des del Col\u00b7legi es va optar per fer una crida a la calma i es va posar l&#8217;\u00e8mfasi en les\u00a0mesures preventives que es poden prendre, [&hellip;]<\/p>\n","protected":false},"author":1,"featured_media":50165,"comment_status":"open","ping_status":"open","sticky":false,"template":"","format":"standard","meta":{"_uag_custom_page_level_css":"","site-sidebar-layout":"default","site-content-layout":"","ast-site-content-layout":"default","site-content-style":"default","site-sidebar-style":"default","ast-global-header-display":"","ast-banner-title-visibility":"","ast-main-header-display":"","ast-hfb-above-header-display":"","ast-hfb-below-header-display":"","ast-hfb-mobile-header-display":"","site-post-title":"","ast-breadcrumbs-content":"","ast-featured-img":"disabled","footer-sml-layout":"","theme-transparent-header-meta":"","adv-header-id-meta":"","stick-header-meta":"","header-above-stick-meta":"","header-main-stick-meta":"","header-below-stick-meta":"","astra-migrate-meta-layouts":"default","ast-page-background-enabled":"default","ast-page-background-meta":{"desktop":{"background-color":"var(--ast-global-color-4)","background-image":"","background-repeat":"repeat","background-position":"center center","background-size":"auto","background-attachment":"scroll","background-type":"","background-media":"","overlay-type":"","overlay-color":"","overlay-opacity":"","overlay-gradient":""},"tablet":{"background-color":"","background-image":"","background-repeat":"repeat","background-position":"center center","background-size":"auto","background-attachment":"scroll","background-type":"","background-media":"","overlay-type":"","overlay-color":"","overlay-opacity":"","overlay-gradient":""},"mobile":{"background-color":"","background-image":"","background-repeat":"repeat","background-position":"center center","background-size":"auto","background-attachment":"scroll","background-type":"","background-media":"","overlay-type":"","overlay-color":"","overlay-opacity":"","overlay-gradient":""}},"ast-content-background-meta":{"desktop":{"background-color":"var(--ast-global-color-5)","background-image":"","background-repeat":"repeat","background-position":"center center","background-size":"auto","background-attachment":"scroll","background-type":"","background-media":"","overlay-type":"","overlay-color":"","overlay-opacity":"","overlay-gradient":""},"tablet":{"background-color":"var(--ast-global-color-5)","background-image":"","background-repeat":"repeat","background-position":"center center","background-size":"auto","background-attachment":"scroll","background-type":"","background-media":"","overlay-type":"","overlay-color":"","overlay-opacity":"","overlay-gradient":""},"mobile":{"background-color":"var(--ast-global-color-5)","background-image":"","background-repeat":"repeat","background-position":"center center","background-size":"auto","background-attachment":"scroll","background-type":"","background-media":"","overlay-type":"","overlay-color":"","overlay-opacity":"","overlay-gradient":""}},"footnotes":""},"categories":[23,32],"tags":[1050,3789,3851,2934,3852,3823,18,3316,3853,469,728,3265,3854,2122,3790,2529,964,3761,3855,3534,445,2139,459,610,3856,3857,3858,136,3859,140,3831,3860,3861,677,3862,3863],"class_list":["post-49278","post","type-post","status-publish","format-standard","has-post-thumbnail","hentry","category-destacats","category-noticies-farmacia","tag-aina-surroca","tag-alvaro-pascual-leone","tag-avortament","tag-barcelona-brain-health-initiative","tag-cessacio-tabaquica","tag-chagas","tag-cofb","tag-consell-de-collegis-de-farmaceutics-de-catalunya","tag-consell-pediatric","tag-coronavirus","tag-cribratge","tag-distribucio-i-venda-online","tag-eipdemia-de-grip","tag-eleccions","tag-emili-ros","tag-francisca-aranzana","tag-grip","tag-guillermo-bagaria","tag-hipotensio","tag-maria-perello","tag-marta-alcalde","tag-mascares","tag-mitjans","tag-pediatria","tag-premsa","tag-premsa-especialitzada","tag-premsa-general","tag-programa-de-cessacio-tabaquica","tag-seguretat-social","tag-tertulia-dactualitat","tag-vall-dhebron","tag-venda-illegal","tag-venda-online","tag-virus","tag-virus-de-wuhan","tag-xina"],"yoast_head":"<!-- This site is optimized with the Yoast SEO plugin v22.4 - https:\/\/yoast.com\/wordpress\/plugins\/seo\/ -->\n<title>Gener: El coronavirus, el projecte pilot de cribratge del Chagas i les &#039;influencers&#039; que recomanen medicaments, temes m\u00e9s destacats als mitjans - Col\u00b7legi de Farmac\u00e8utics de Barcelona<\/title>\n<meta name=\"description\" content=\"Diverses influ\u00e8ncers recomanen medicines que necessiten recepta per ser obtingudes i el Consell General de Col\u00b7legis Farmac\u00e8utics va avisar al Ministeri de Sanitat d&#039;aquesta situaci\u00f3. La publicitat d&#039;aquest tipus de medicaments est\u00e0 prohibida per llei.\" \/>\n<meta name=\"robots\" content=\"index, follow, max-snippet:-1, max-image-preview:large, max-video-preview:-1\" \/>\n<link rel=\"canonical\" href=\"https:\/\/novaorg.cofb.net\/2020\/02\/24\/gener-cribratge-chagas-coronavirus-influencers-temes-mes-destacats-als-mitjans\/\" \/>\n<meta property=\"og:locale\" content=\"ca_ES\" \/>\n<meta property=\"og:type\" content=\"article\" \/>\n<meta property=\"og:title\" content=\"Gener: El coronavirus, el projecte pilot de cribratge del Chagas i les &#039;influencers&#039; que recomanen medicaments, temes m\u00e9s destacats als mitjans - Col\u00b7legi de Farmac\u00e8utics de Barcelona\" \/>\n<meta property=\"og:description\" content=\"Diverses influ\u00e8ncers recomanen medicines que necessiten recepta per ser obtingudes i el Consell General de Col\u00b7legis Farmac\u00e8utics va avisar al Ministeri de Sanitat d&#039;aquesta situaci\u00f3. La publicitat d&#039;aquest tipus de medicaments est\u00e0 prohibida per llei.\" \/>\n<meta property=\"og:url\" content=\"https:\/\/novaorg.cofb.net\/2020\/02\/24\/gener-cribratge-chagas-coronavirus-influencers-temes-mes-destacats-als-mitjans\/\" \/>\n<meta property=\"og:site_name\" content=\"Col\u00b7legi de Farmac\u00e8utics de Barcelona\" \/>\n<meta property=\"article:publisher\" content=\"https:\/\/www.facebook.com\/farmaceuticsbcn\/\" \/>\n<meta property=\"article:published_time\" content=\"2020-02-24T15:08:27+00:00\" \/>\n<meta name=\"author\" content=\"wpAdminCofbOrg\" \/>\n<meta name=\"twitter:card\" content=\"summary_large_image\" \/>\n<meta name=\"twitter:creator\" content=\"@farmaceuticsbcn\" \/>\n<meta name=\"twitter:site\" content=\"@farmaceuticsbcn\" \/>\n<meta name=\"twitter:label1\" content=\"Escrit per\" \/>\n\t<meta name=\"twitter:data1\" content=\"wpAdminCofbOrg\" \/>\n\t<meta name=\"twitter:label2\" content=\"Temps estimat de lectura\" \/>\n\t<meta name=\"twitter:data2\" content=\"5 minuts\" \/>\n<script type=\"application\/ld+json\" class=\"yoast-schema-graph\">{\"@context\":\"https:\/\/schema.org\",\"@graph\":[{\"@type\":\"Article\",\"@id\":\"https:\/\/novaorg.cofb.net\/2020\/02\/24\/gener-cribratge-chagas-coronavirus-influencers-temes-mes-destacats-als-mitjans\/#article\",\"isPartOf\":{\"@id\":\"https:\/\/novaorg.cofb.net\/2020\/02\/24\/gener-cribratge-chagas-coronavirus-influencers-temes-mes-destacats-als-mitjans\/\"},\"author\":{\"name\":\"wpAdminCofbOrg\",\"@id\":\"https:\/\/www.cofb.org\/#\/schema\/person\/22ed7eea88da74b0fa4d3154ad87ffcb\"},\"headline\":\"Gener: El coronavirus, el projecte pilot de cribratge del Chagas i les &#8216;influencers&#8217; que recomanen medicaments, temes m\u00e9s destacats als mitjans\",\"datePublished\":\"2020-02-24T15:08:27+00:00\",\"dateModified\":\"2020-02-24T15:08:27+00:00\",\"mainEntityOfPage\":{\"@id\":\"https:\/\/novaorg.cofb.net\/2020\/02\/24\/gener-cribratge-chagas-coronavirus-influencers-temes-mes-destacats-als-mitjans\/\"},\"wordCount\":1109,\"commentCount\":0,\"publisher\":{\"@id\":\"https:\/\/www.cofb.org\/#organization\"},\"image\":{\"@id\":\"https:\/\/novaorg.cofb.net\/2020\/02\/24\/gener-cribratge-chagas-coronavirus-influencers-temes-mes-destacats-als-mitjans\/#primaryimage\"},\"thumbnailUrl\":\"\",\"keywords\":[\"Aina Surroca\",\"\u00c1lvaro Pascual-Leone\",\"avortament\",\"barcelona brain health initiative\",\"cessaci\u00f3 tab\u00e0quica\",\"Chagas\",\"COFB\",\"Consell de Col\u00b7legis de Farmac\u00e8utics de Catalunya\",\"consell pedi\u00e0tric\",\"coronavirus\",\"cribratge\",\"distribucio i venda online\",\"eipd\u00e8mia de grip\",\"eleccions\",\"Emili Ros\",\"Francisca Aranzana\",\"Grip\",\"Guillermo Bagaria\",\"hipotensi\u00f3\",\"Maria Perell\u00f3\",\"Marta Alcalde\",\"m\u00e0scares\",\"Mitjans\",\"pediatria\",\"premsa\",\"premsa especialitzada\",\"premsa general\",\"Programa de cessaci\u00f3 tab\u00e0quica\",\"seguretat social\",\"tert\u00falia d'actualitat\",\"Vall d'Hebr\u00f3n\",\"venda il\u00b7legal\",\"venda online\",\"virus\",\"virus de wuhan\",\"Xina\"],\"articleSection\":[\"Destacats\",\"Not\u00edcies farm\u00e0cia\"],\"inLanguage\":\"ca\",\"potentialAction\":[{\"@type\":\"CommentAction\",\"name\":\"Comment\",\"target\":[\"https:\/\/novaorg.cofb.net\/2020\/02\/24\/gener-cribratge-chagas-coronavirus-influencers-temes-mes-destacats-als-mitjans\/#respond\"]}]},{\"@type\":\"WebPage\",\"@id\":\"https:\/\/novaorg.cofb.net\/2020\/02\/24\/gener-cribratge-chagas-coronavirus-influencers-temes-mes-destacats-als-mitjans\/\",\"url\":\"https:\/\/novaorg.cofb.net\/2020\/02\/24\/gener-cribratge-chagas-coronavirus-influencers-temes-mes-destacats-als-mitjans\/\",\"name\":\"Gener: El coronavirus, el projecte pilot de cribratge del Chagas i les 'influencers' que recomanen medicaments, temes m\u00e9s destacats als mitjans - Col\u00b7legi de Farmac\u00e8utics de Barcelona\",\"isPartOf\":{\"@id\":\"https:\/\/www.cofb.org\/#website\"},\"primaryImageOfPage\":{\"@id\":\"https:\/\/novaorg.cofb.net\/2020\/02\/24\/gener-cribratge-chagas-coronavirus-influencers-temes-mes-destacats-als-mitjans\/#primaryimage\"},\"image\":{\"@id\":\"https:\/\/novaorg.cofb.net\/2020\/02\/24\/gener-cribratge-chagas-coronavirus-influencers-temes-mes-destacats-als-mitjans\/#primaryimage\"},\"thumbnailUrl\":\"\",\"datePublished\":\"2020-02-24T15:08:27+00:00\",\"dateModified\":\"2020-02-24T15:08:27+00:00\",\"description\":\"Diverses influ\u00e8ncers recomanen medicines que necessiten recepta per ser obtingudes i el Consell General de Col\u00b7legis Farmac\u00e8utics va avisar al Ministeri de Sanitat d'aquesta situaci\u00f3. La publicitat d'aquest tipus de medicaments est\u00e0 prohibida per llei.\",\"breadcrumb\":{\"@id\":\"https:\/\/novaorg.cofb.net\/2020\/02\/24\/gener-cribratge-chagas-coronavirus-influencers-temes-mes-destacats-als-mitjans\/#breadcrumb\"},\"inLanguage\":\"ca\",\"potentialAction\":[{\"@type\":\"ReadAction\",\"target\":[\"https:\/\/novaorg.cofb.net\/2020\/02\/24\/gener-cribratge-chagas-coronavirus-influencers-temes-mes-destacats-als-mitjans\/\"]}]},{\"@type\":\"ImageObject\",\"inLanguage\":\"ca\",\"@id\":\"https:\/\/novaorg.cofb.net\/2020\/02\/24\/gener-cribratge-chagas-coronavirus-influencers-temes-mes-destacats-als-mitjans\/#primaryimage\",\"url\":\"\",\"contentUrl\":\"\"},{\"@type\":\"BreadcrumbList\",\"@id\":\"https:\/\/novaorg.cofb.net\/2020\/02\/24\/gener-cribratge-chagas-coronavirus-influencers-temes-mes-destacats-als-mitjans\/#breadcrumb\",\"itemListElement\":[{\"@type\":\"ListItem\",\"position\":1,\"name\":\"Inici\",\"item\":\"https:\/\/novaorg.cofb.net\/\"},{\"@type\":\"ListItem\",\"position\":2,\"name\":\"Gener: El coronavirus, el projecte pilot de cribratge del Chagas i les &#8216;influencers&#8217; que recomanen medicaments, temes m\u00e9s destacats als mitjans\"}]},{\"@type\":\"WebSite\",\"@id\":\"https:\/\/www.cofb.org\/#website\",\"url\":\"https:\/\/www.cofb.org\/\",\"name\":\"Col\u00b7legi de Farmac\u00e8utics de Barcelona\",\"description\":\"\",\"publisher\":{\"@id\":\"https:\/\/www.cofb.org\/#organization\"},\"potentialAction\":[{\"@type\":\"SearchAction\",\"target\":{\"@type\":\"EntryPoint\",\"urlTemplate\":\"https:\/\/www.cofb.org\/?s={search_term_string}\"},\"query-input\":\"required name=search_term_string\"}],\"inLanguage\":\"ca\"},{\"@type\":\"Organization\",\"@id\":\"https:\/\/www.cofb.org\/#organization\",\"name\":\"Col\u00b7legi de Farmac\u00e8utics de Barcelona\",\"url\":\"https:\/\/www.cofb.org\/\",\"logo\":{\"@type\":\"ImageObject\",\"inLanguage\":\"ca\",\"@id\":\"https:\/\/www.cofb.org\/#\/schema\/logo\/image\/\",\"url\":\"https:\/\/www.cofb.org\/wp-content\/uploads\/2023\/11\/cropped-Logotip-COFB.png\",\"contentUrl\":\"https:\/\/www.cofb.org\/wp-content\/uploads\/2023\/11\/cropped-Logotip-COFB.png\",\"width\":500,\"height\":105,\"caption\":\"Col\u00b7legi de Farmac\u00e8utics de Barcelona\"},\"image\":{\"@id\":\"https:\/\/www.cofb.org\/#\/schema\/logo\/image\/\"},\"sameAs\":[\"https:\/\/www.facebook.com\/farmaceuticsbcn\/\",\"https:\/\/twitter.com\/farmaceuticsbcn\",\"https:\/\/www.instagram.com\/farmaceuticsbcn\/\",\"https:\/\/www.linkedin.com\/company\/farmaceuticsbcn\/\"]},{\"@type\":\"Person\",\"@id\":\"https:\/\/www.cofb.org\/#\/schema\/person\/22ed7eea88da74b0fa4d3154ad87ffcb\",\"name\":\"wpAdminCofbOrg\",\"image\":{\"@type\":\"ImageObject\",\"inLanguage\":\"ca\",\"@id\":\"https:\/\/www.cofb.org\/#\/schema\/person\/image\/\",\"url\":\"https:\/\/secure.gravatar.com\/avatar\/1721b20b3b8ca882c3b56ec6c978c594fff670e40c0718e9190eaeeb76aae7d8?s=96&d=mm&r=g\",\"contentUrl\":\"https:\/\/secure.gravatar.com\/avatar\/1721b20b3b8ca882c3b56ec6c978c594fff670e40c0718e9190eaeeb76aae7d8?s=96&d=mm&r=g\",\"caption\":\"wpAdminCofbOrg\"},\"sameAs\":[\"http:\/\/192.168.64.122\/wordpress\"],\"url\":\"https:\/\/www.cofb.org\/ca\/author\/wpadmincofborg\/\"}]}<\/script>\n<!-- \/ Yoast SEO plugin. -->","yoast_head_json":{"title":"Gener: El coronavirus, el projecte pilot de cribratge del Chagas i les 'influencers' que recomanen medicaments, temes m\u00e9s destacats als mitjans - Col\u00b7legi de Farmac\u00e8utics de Barcelona","description":"Diverses influ\u00e8ncers recomanen medicines que necessiten recepta per ser obtingudes i el Consell General de Col\u00b7legis Farmac\u00e8utics va avisar al Ministeri de Sanitat d'aquesta situaci\u00f3. La publicitat d'aquest tipus de medicaments est\u00e0 prohibida per llei.","robots":{"index":"index","follow":"follow","max-snippet":"max-snippet:-1","max-image-preview":"max-image-preview:large","max-video-preview":"max-video-preview:-1"},"canonical":"https:\/\/novaorg.cofb.net\/2020\/02\/24\/gener-cribratge-chagas-coronavirus-influencers-temes-mes-destacats-als-mitjans\/","og_locale":"ca_ES","og_type":"article","og_title":"Gener: El coronavirus, el projecte pilot de cribratge del Chagas i les 'influencers' que recomanen medicaments, temes m\u00e9s destacats als mitjans - Col\u00b7legi de Farmac\u00e8utics de Barcelona","og_description":"Diverses influ\u00e8ncers recomanen medicines que necessiten recepta per ser obtingudes i el Consell General de Col\u00b7legis Farmac\u00e8utics va avisar al Ministeri de Sanitat d'aquesta situaci\u00f3. La publicitat d'aquest tipus de medicaments est\u00e0 prohibida per llei.","og_url":"https:\/\/novaorg.cofb.net\/2020\/02\/24\/gener-cribratge-chagas-coronavirus-influencers-temes-mes-destacats-als-mitjans\/","og_site_name":"Col\u00b7legi de Farmac\u00e8utics de Barcelona","article_publisher":"https:\/\/www.facebook.com\/farmaceuticsbcn\/","article_published_time":"2020-02-24T15:08:27+00:00","author":"wpAdminCofbOrg","twitter_card":"summary_large_image","twitter_creator":"@farmaceuticsbcn","twitter_site":"@farmaceuticsbcn","twitter_misc":{"Escrit per":"wpAdminCofbOrg","Temps estimat de lectura":"5 minuts"},"schema":{"@context":"https:\/\/schema.org","@graph":[{"@type":"Article","@id":"https:\/\/novaorg.cofb.net\/2020\/02\/24\/gener-cribratge-chagas-coronavirus-influencers-temes-mes-destacats-als-mitjans\/#article","isPartOf":{"@id":"https:\/\/novaorg.cofb.net\/2020\/02\/24\/gener-cribratge-chagas-coronavirus-influencers-temes-mes-destacats-als-mitjans\/"},"author":{"name":"wpAdminCofbOrg","@id":"https:\/\/www.cofb.org\/#\/schema\/person\/22ed7eea88da74b0fa4d3154ad87ffcb"},"headline":"Gener: El coronavirus, el projecte pilot de cribratge del Chagas i les &#8216;influencers&#8217; que recomanen medicaments, temes m\u00e9s destacats als mitjans","datePublished":"2020-02-24T15:08:27+00:00","dateModified":"2020-02-24T15:08:27+00:00","mainEntityOfPage":{"@id":"https:\/\/novaorg.cofb.net\/2020\/02\/24\/gener-cribratge-chagas-coronavirus-influencers-temes-mes-destacats-als-mitjans\/"},"wordCount":1109,"commentCount":0,"publisher":{"@id":"https:\/\/www.cofb.org\/#organization"},"image":{"@id":"https:\/\/novaorg.cofb.net\/2020\/02\/24\/gener-cribratge-chagas-coronavirus-influencers-temes-mes-destacats-als-mitjans\/#primaryimage"},"thumbnailUrl":"","keywords":["Aina Surroca","\u00c1lvaro Pascual-Leone","avortament","barcelona brain health initiative","cessaci\u00f3 tab\u00e0quica","Chagas","COFB","Consell de Col\u00b7legis de Farmac\u00e8utics de Catalunya","consell pedi\u00e0tric","coronavirus","cribratge","distribucio i venda online","eipd\u00e8mia de grip","eleccions","Emili Ros","Francisca Aranzana","Grip","Guillermo Bagaria","hipotensi\u00f3","Maria Perell\u00f3","Marta Alcalde","m\u00e0scares","Mitjans","pediatria","premsa","premsa especialitzada","premsa general","Programa de cessaci\u00f3 tab\u00e0quica","seguretat social","tert\u00falia d'actualitat","Vall d'Hebr\u00f3n","venda il\u00b7legal","venda online","virus","virus de wuhan","Xina"],"articleSection":["Destacats","Not\u00edcies farm\u00e0cia"],"inLanguage":"ca","potentialAction":[{"@type":"CommentAction","name":"Comment","target":["https:\/\/novaorg.cofb.net\/2020\/02\/24\/gener-cribratge-chagas-coronavirus-influencers-temes-mes-destacats-als-mitjans\/#respond"]}]},{"@type":"WebPage","@id":"https:\/\/novaorg.cofb.net\/2020\/02\/24\/gener-cribratge-chagas-coronavirus-influencers-temes-mes-destacats-als-mitjans\/","url":"https:\/\/novaorg.cofb.net\/2020\/02\/24\/gener-cribratge-chagas-coronavirus-influencers-temes-mes-destacats-als-mitjans\/","name":"Gener: El coronavirus, el projecte pilot de cribratge del Chagas i les 'influencers' que recomanen medicaments, temes m\u00e9s destacats als mitjans - Col\u00b7legi de Farmac\u00e8utics de Barcelona","isPartOf":{"@id":"https:\/\/www.cofb.org\/#website"},"primaryImageOfPage":{"@id":"https:\/\/novaorg.cofb.net\/2020\/02\/24\/gener-cribratge-chagas-coronavirus-influencers-temes-mes-destacats-als-mitjans\/#primaryimage"},"image":{"@id":"https:\/\/novaorg.cofb.net\/2020\/02\/24\/gener-cribratge-chagas-coronavirus-influencers-temes-mes-destacats-als-mitjans\/#primaryimage"},"thumbnailUrl":"","datePublished":"2020-02-24T15:08:27+00:00","dateModified":"2020-02-24T15:08:27+00:00","description":"Diverses influ\u00e8ncers recomanen medicines que necessiten recepta per ser obtingudes i el Consell General de Col\u00b7legis Farmac\u00e8utics va avisar al Ministeri de Sanitat d'aquesta situaci\u00f3. La publicitat d'aquest tipus de medicaments est\u00e0 prohibida per llei.","breadcrumb":{"@id":"https:\/\/novaorg.cofb.net\/2020\/02\/24\/gener-cribratge-chagas-coronavirus-influencers-temes-mes-destacats-als-mitjans\/#breadcrumb"},"inLanguage":"ca","potentialAction":[{"@type":"ReadAction","target":["https:\/\/novaorg.cofb.net\/2020\/02\/24\/gener-cribratge-chagas-coronavirus-influencers-temes-mes-destacats-als-mitjans\/"]}]},{"@type":"ImageObject","inLanguage":"ca","@id":"https:\/\/novaorg.cofb.net\/2020\/02\/24\/gener-cribratge-chagas-coronavirus-influencers-temes-mes-destacats-als-mitjans\/#primaryimage","url":"","contentUrl":""},{"@type":"BreadcrumbList","@id":"https:\/\/novaorg.cofb.net\/2020\/02\/24\/gener-cribratge-chagas-coronavirus-influencers-temes-mes-destacats-als-mitjans\/#breadcrumb","itemListElement":[{"@type":"ListItem","position":1,"name":"Inici","item":"https:\/\/novaorg.cofb.net\/"},{"@type":"ListItem","position":2,"name":"Gener: El coronavirus, el projecte pilot de cribratge del Chagas i les &#8216;influencers&#8217; que recomanen medicaments, temes m\u00e9s destacats als mitjans"}]},{"@type":"WebSite","@id":"https:\/\/www.cofb.org\/#website","url":"https:\/\/www.cofb.org\/","name":"Col\u00b7legi de Farmac\u00e8utics de Barcelona","description":"","publisher":{"@id":"https:\/\/www.cofb.org\/#organization"},"potentialAction":[{"@type":"SearchAction","target":{"@type":"EntryPoint","urlTemplate":"https:\/\/www.cofb.org\/?s={search_term_string}"},"query-input":"required name=search_term_string"}],"inLanguage":"ca"},{"@type":"Organization","@id":"https:\/\/www.cofb.org\/#organization","name":"Col\u00b7legi de Farmac\u00e8utics de Barcelona","url":"https:\/\/www.cofb.org\/","logo":{"@type":"ImageObject","inLanguage":"ca","@id":"https:\/\/www.cofb.org\/#\/schema\/logo\/image\/","url":"https:\/\/www.cofb.org\/wp-content\/uploads\/2023\/11\/cropped-Logotip-COFB.png","contentUrl":"https:\/\/www.cofb.org\/wp-content\/uploads\/2023\/11\/cropped-Logotip-COFB.png","width":500,"height":105,"caption":"Col\u00b7legi de Farmac\u00e8utics de Barcelona"},"image":{"@id":"https:\/\/www.cofb.org\/#\/schema\/logo\/image\/"},"sameAs":["https:\/\/www.facebook.com\/farmaceuticsbcn\/","https:\/\/twitter.com\/farmaceuticsbcn","https:\/\/www.instagram.com\/farmaceuticsbcn\/","https:\/\/www.linkedin.com\/company\/farmaceuticsbcn\/"]},{"@type":"Person","@id":"https:\/\/www.cofb.org\/#\/schema\/person\/22ed7eea88da74b0fa4d3154ad87ffcb","name":"wpAdminCofbOrg","image":{"@type":"ImageObject","inLanguage":"ca","@id":"https:\/\/www.cofb.org\/#\/schema\/person\/image\/","url":"https:\/\/secure.gravatar.com\/avatar\/1721b20b3b8ca882c3b56ec6c978c594fff670e40c0718e9190eaeeb76aae7d8?s=96&d=mm&r=g","contentUrl":"https:\/\/secure.gravatar.com\/avatar\/1721b20b3b8ca882c3b56ec6c978c594fff670e40c0718e9190eaeeb76aae7d8?s=96&d=mm&r=g","caption":"wpAdminCofbOrg"},"sameAs":["http:\/\/192.168.64.122\/wordpress"],"url":"https:\/\/www.cofb.org\/ca\/author\/wpadmincofborg\/"}]}},"uagb_featured_image_src":{"full":false,"thumbnail":false,"medium":false,"medium_large":false,"large":false,"1536x1536":false,"2048x2048":false,"trp-custom-language-flag":false},"uagb_author_info":{"display_name":"wpAdminCofbOrg","author_link":"https:\/\/www.cofb.org\/ca\/author\/wpadmincofborg\/"},"uagb_comment_info":0,"uagb_excerpt":"Recomanacions davant el coronavirus Coincidint amb l&#8217;inici de l&#8217;epid\u00e8mia del coronavirus\u00a0\u00a0(2019-nCov), les farm\u00e0cies\u00a0 van esgotar l&#8217;exist\u00e8ncia de m\u00e0scares protectores, situaci\u00f3 que van recollir\u00a0 diferents mitjans. Des del Col\u00b7legi es va optar per fer una crida a la calma i es va posar l&#8217;\u00e8mfasi en les\u00a0mesures preventives que es poden prendre, [&hellip;]","_links":{"self":[{"href":"https:\/\/www.cofb.org\/ca\/wp-json\/wp\/v2\/posts\/49278","targetHints":{"allow":["GET"]}}],"collection":[{"href":"https:\/\/www.cofb.org\/ca\/wp-json\/wp\/v2\/posts"}],"about":[{"href":"https:\/\/www.cofb.org\/ca\/wp-json\/wp\/v2\/types\/post"}],"author":[{"embeddable":true,"href":"https:\/\/www.cofb.org\/ca\/wp-json\/wp\/v2\/users\/1"}],"replies":[{"embeddable":true,"href":"https:\/\/www.cofb.org\/ca\/wp-json\/wp\/v2\/comments?post=49278"}],"version-history":[{"count":0,"href":"https:\/\/www.cofb.org\/ca\/wp-json\/wp\/v2\/posts\/49278\/revisions"}],"wp:featuredmedia":[{"embeddable":true,"href":"https:\/\/www.cofb.org\/ca\/wp-json\/"}],"wp:attachment":[{"href":"https:\/\/www.cofb.org\/ca\/wp-json\/wp\/v2\/media?parent=49278"}],"wp:term":[{"taxonomy":"category","embeddable":true,"href":"https:\/\/www.cofb.org\/ca\/wp-json\/wp\/v2\/categories?post=49278"},{"taxonomy":"post_tag","embeddable":true,"href":"https:\/\/www.cofb.org\/ca\/wp-json\/wp\/v2\/tags?post=49278"}],"curies":[{"name":"wp","href":"https:\/\/api.w.org\/{rel}","templated":true}]}}