{"id":48856,"date":"2020-01-03T11:04:11","date_gmt":"2020-01-03T09:04:11","guid":{"rendered":"https:\/\/blog.cofb.cat\/?p=48856"},"modified":"2020-01-03T11:04:11","modified_gmt":"2020-01-03T09:04:11","slug":"infarma-madrid-2020-avanc-programa-cientific","status":"publish","type":"post","link":"https:\/\/www.cofb.org\/ca\/2020\/01\/03\/infarma-madrid-2020-avanc-programa-cientific\/","title":{"rendered":"Infarma Madrid 2020: Primer avan\u00e7 del programa cient\u00edfic"},"content":{"rendered":"<p>Els pr\u00f2xims <strong>10, 11 i 12 de mar\u00e7<\/strong> se celebrar\u00e0 al recinte firal d&#8217;Ifema, a Madrid, la <strong>32a edici\u00f3 d&#8217;<a href=\"https:\/\/infarma.es\/home\" target=\"_blank\" rel=\"noopener\">Infarma<\/a><\/strong>, el Congr\u00e9s i Sal\u00f3 farmac\u00e8utic\u00a0que organitzen els <strong>Col\u00b7legis Oficials de Farmac\u00e8utics de Barcelona i Madrid i Interalia<\/strong>. Dos dels objectius que s&#8217;ha marcat aquesta nova edici\u00f3 \u00e9s <strong>reivindicar el<\/strong> <strong>consell professional del farmac\u00e8utic<\/strong> com a valor diferencial i <strong>representar<\/strong>\u00a0<strong>la varietat i riquesa de modalitats de l&#8217;exercici professional<\/strong>.<strong>\u00a0<\/strong><\/p>\n<p>El coordinador del Comit\u00e8 Cient\u00edfic d\u2019Infarma Madrid 2020, Luis Panadero Carlavilla, creu que <strong>els farmac\u00e8utics trobaran respostes pr\u00e0ctiques a moltes de les realitats que afronten <\/strong>en el seu dia a dia: \u201cLa professi\u00f3 est\u00e0 demostrant una <strong>gran capacitat de participaci\u00f3 i de preocupaci\u00f3 <\/strong>per tots els aspectes cient\u00edfics i t\u00e8cnics que condicionen la seva activitat di\u00e0ria en les diferents modalitats d&#8217;exercici. Per aix\u00f2, hem dissenyat un ampli programa amb continguts que responguin als seus principals dubtes i inquietuds i que sigui eminentment pr\u00e0ctic\u201d, explica el vicepresident tercer del COFM.<\/p>\n<p><a href=\"https:\/\/blog.cofb.cat\/wp-content\/uploads\/2019\/12\/infarma-2020.jpg\"><img fetchpriority=\"high\" decoding=\"async\" class=\"aligncenter size-large wp-image-48862\" src=\"https:\/\/blog.cofb.cat\/wp-content\/uploads\/2019\/12\/infarma-2020-1024x576.jpg\" alt=\"\" width=\"620\" height=\"349\" \/><\/a><\/p>\n<h1><span style=\"color: #008080;\"><strong>Avan\u00e7 del programa cient\u00edfic<\/strong><\/span><\/h1>\n<p>El<strong> programa cient\u00edfic<\/strong>\u00a0d&#8217;<strong>Infarma Madrid 2020<\/strong> -del qual se&#8217;n pot consultar<strong>\u00a0<a href=\"http:\/\/www.infarma.es\/infarma2020\/es\/PublicDocs\/GetFile\/ProgramaInfarma2020\" target=\"_blank\" rel=\"noopener\">un avan\u00e7 a la web<\/a><\/strong>&#8211; incideix en el <strong>paper professional<\/strong> <strong>del farmac\u00e8utic<\/strong> i aborda les <strong>q\u00fcestions m\u00e9s candents del sector i de m\u00e0xima actualitat<\/strong>, com el <strong>paper de la farm\u00e0cia rural<\/strong> com a <strong>element integrador del territori<\/strong> i de les persones que viuen a la denominada\u00a0\u201cEspanya buidada\u201d; la necessitat d&#8217;abordar les demandes dels pacients a trav\u00e9s d&#8217;una <strong>atenci\u00f3 m\u00e9s pr\u00f2xima i humanitzada<\/strong>; el rol que han de jugar els professionals com uns dels grans influents dels ciutadans en <strong>l&#8217;\u00fas dels medicaments<\/strong>, o les <strong>conseq\u00fc\u00e8ncies <\/strong>que el<strong> Brexit<\/strong> pot tenir per a l&#8217;<strong>oficina de farm\u00e0cia<\/strong>.<\/p>\n<p>Durant el Congr\u00e9s, tamb\u00e9 es posar\u00e0 l&#8217;accent en el <strong>paper de la distribuci\u00f3 farmac\u00e8utica<\/strong>, tant per la banda dels <strong>desprove\u00efments recurrents<\/strong> que pateixen les farm\u00e0cies com per la del <strong>tr\u00e0fic il\u00b7l\u00edcit de medicaments<\/strong> i <strong>productes farmac\u00e8utics<\/strong>.<strong>\u00a0Seguretat aliment\u00e0ria<\/strong>, <strong>infeccions de transmissi\u00f3 sexual<\/strong>, el <strong>nou cat\u00e0leg d&#8217;ortop\u00e8dia<\/strong>, l&#8217;<strong>\u00fas terap\u00e8utic del c\u00e0nnabis<\/strong>, les <strong>ter\u00e0pies avan\u00e7ades CAR-T,\u00a0<\/strong>el <strong>desenvolupament de nous serveis farmac\u00e8utics<\/strong> en estreta col\u00b7laboraci\u00f3 amb l&#8217;Administraci\u00f3, o <strong>iniciatives col\u00b7legials<\/strong> -com la recertificaci\u00f3 o la Guia COFM- seran altres continguts que s&#8217;abordaran en diferents taules rodones de la m\u00e0 d&#8217;experts del sector. Enguany, els\u00a0continguts s&#8217;organitzaran de manera que tots els participants i congressistes tindran la possibilitat de participar en totes les confer\u00e8ncies i taules rodones programades.<\/p>\n<figure id=\"attachment_48916\" aria-describedby=\"caption-attachment-48916\" style=\"width: 620px\" class=\"wp-caption aligncenter\"><a href=\"https:\/\/blog.cofb.cat\/wp-content\/uploads\/2020\/01\/infar2019-1505.jpg\"><img decoding=\"async\" class=\"wp-image-48916 size-large\" src=\"https:\/\/blog.cofb.cat\/wp-content\/uploads\/2020\/01\/infar2019-1505-1024x683.jpg\" alt=\"Imatge d'Infarma Barcelona 2019.\" width=\"620\" height=\"414\" \/><\/a><figcaption id=\"caption-attachment-48916\" class=\"wp-caption-text\">Imatge d&#8217;Infarma Barcelona 2019.<\/figcaption><\/figure>\n<h1><span style=\"color: #008080;\"><strong>Activitats al voltant d&#8217;Infarma<\/strong><\/span><\/h1>\n<p>Activitats com <strong>Infarmainnova<\/strong>, <strong>Exponews<\/strong> o <strong>Iniciatives d&#8217;\u00e8xit<\/strong> tindran continu\u00eftat en aquesta nova edici\u00f3, que potenciar\u00e0, a m\u00e9s, <strong>\u00e0rees de treball espec\u00edfiques<\/strong> per a \u00fas dels professionals i congressistes, aix\u00ed com un espai per a la <strong>presentaci\u00f3 de p\u00f2sters cient\u00edfics<\/strong>.\u00a0En l\u00ednia amb les \u00faltimes edicions celebrades a Barcelona i Madrid, <strong>Infarma Solidari<\/strong> promour\u00e0 un programa d&#8217;activitats que tornar\u00e0 a incidir en la <strong>necessitat de sumar esfor\u00e7os<\/strong>\u00a0per recaptar fons al voltant d&#8217;una <strong>causa humanit\u00e0ria<\/strong>.<\/p>\n<p><strong>Altres publicacions d&#8217;inter\u00e8s:<\/strong><\/p>\n<ul>\n<li><a href=\"https:\/\/blog.cofb.cat\/infarma-solidari-obte-25-000e-per-impulsar-cinc-projectes-benefics-relacionats-amb-lactivitat-farmaceutica\/\" target=\"_blank\" rel=\"noopener\">Infarma Solidari obt\u00e9 25.000 \u20ac per impulsar cinc projectes ben\u00e8fics relacionats amb l\u2019activitat farmac\u00e8utica (Abril 2019)<\/a><\/li>\n<li><a href=\"https:\/\/blog.cofb.cat\/infarma-barcelona-2019-acomiada-ledicio-amb-un-balanc-molt-positiu\/\" target=\"_blank\" rel=\"noopener\">Infarma Barcelona 2019 acomiada l\u2019edici\u00f3 amb un balan\u00e7 molt positiu i amb un 10% m\u00e9s de participants respecte a l\u2019edici\u00f3 de 2017 (Mar\u00e7 2019)<\/a><\/li>\n<li><a href=\"https:\/\/blog.cofb.cat\/la-salut-ens-connecta-lema-dinfarma-barcelona-2019\/\" target=\"_blank\" rel=\"noopener\">\u201cLa salut ens connecta\u201d, lema d\u2019Infarma Barcelona 2019 (Octubre 2018)<\/a><\/li>\n<\/ul>\n","protected":false},"excerpt":{"rendered":"<p>Els pr\u00f2xims 10, 11 i 12 de mar\u00e7 se celebrar\u00e0 al recinte firal d&#8217;Ifema, a Madrid, la 32a edici\u00f3 d&#8217;Infarma, el Congr\u00e9s i Sal\u00f3 farmac\u00e8utic\u00a0que organitzen els Col\u00b7legis Oficials de Farmac\u00e8utics de Barcelona i Madrid i Interalia. Dos dels objectius que s&#8217;ha marcat aquesta nova edici\u00f3 \u00e9s reivindicar el consell [&hellip;]<\/p>\n","protected":false},"author":1,"featured_media":48862,"comment_status":"open","ping_status":"open","sticky":false,"template":"","format":"standard","meta":{"_uag_custom_page_level_css":"","site-sidebar-layout":"default","site-content-layout":"","ast-site-content-layout":"default","site-content-style":"default","site-sidebar-style":"default","ast-global-header-display":"","ast-banner-title-visibility":"","ast-main-header-display":"","ast-hfb-above-header-display":"","ast-hfb-below-header-display":"","ast-hfb-mobile-header-display":"","site-post-title":"","ast-breadcrumbs-content":"","ast-featured-img":"disabled","footer-sml-layout":"","theme-transparent-header-meta":"","adv-header-id-meta":"","stick-header-meta":"","header-above-stick-meta":"","header-main-stick-meta":"","header-below-stick-meta":"","astra-migrate-meta-layouts":"default","ast-page-background-enabled":"default","ast-page-background-meta":{"desktop":{"background-color":"var(--ast-global-color-4)","background-image":"","background-repeat":"repeat","background-position":"center center","background-size":"auto","background-attachment":"scroll","background-type":"","background-media":"","overlay-type":"","overlay-color":"","overlay-opacity":"","overlay-gradient":""},"tablet":{"background-color":"","background-image":"","background-repeat":"repeat","background-position":"center center","background-size":"auto","background-attachment":"scroll","background-type":"","background-media":"","overlay-type":"","overlay-color":"","overlay-opacity":"","overlay-gradient":""},"mobile":{"background-color":"","background-image":"","background-repeat":"repeat","background-position":"center center","background-size":"auto","background-attachment":"scroll","background-type":"","background-media":"","overlay-type":"","overlay-color":"","overlay-opacity":"","overlay-gradient":""}},"ast-content-background-meta":{"desktop":{"background-color":"var(--ast-global-color-5)","background-image":"","background-repeat":"repeat","background-position":"center center","background-size":"auto","background-attachment":"scroll","background-type":"","background-media":"","overlay-type":"","overlay-color":"","overlay-opacity":"","overlay-gradient":""},"tablet":{"background-color":"var(--ast-global-color-5)","background-image":"","background-repeat":"repeat","background-position":"center center","background-size":"auto","background-attachment":"scroll","background-type":"","background-media":"","overlay-type":"","overlay-color":"","overlay-opacity":"","overlay-gradient":""},"mobile":{"background-color":"var(--ast-global-color-5)","background-image":"","background-repeat":"repeat","background-position":"center center","background-size":"auto","background-attachment":"scroll","background-type":"","background-media":"","overlay-type":"","overlay-color":"","overlay-opacity":"","overlay-gradient":""}},"footnotes":""},"categories":[23,2165],"tags":[3803,3804,18,19,591,187,53,68,69,70,28,3690,164,3451,117],"class_list":["post-48856","post","type-post","status-publish","format-standard","has-post-thumbnail","hentry","category-destacats","category-infarma","tag-activitat-cientifica","tag-activitat-farmaceutica","tag-cofb","tag-collegi-de-farmaceutics-de-barcelona","tag-collegi-de-farmaceutics-de-madrid","tag-congres-i-salo","tag-farmaceutics","tag-farmacia","tag-farmacia-comunitaria","tag-formacio","tag-infarma","tag-infarma-madrid-2020","tag-infarma-solidari","tag-programa-cientific","tag-salut"],"yoast_head":"<!-- This site is optimized with the Yoast SEO plugin v22.4 - https:\/\/yoast.com\/wordpress\/plugins\/seo\/ -->\n<title>Infarma Madrid 2020: Primer avan\u00e7 del programa cient\u00edfic - Col\u00b7legi de Farmac\u00e8utics de Barcelona<\/title>\n<meta name=\"description\" content=\"Reivindicar el consell professional del farmac\u00e8utic com a valor diferencial i representar la varietat i riquesa de modalitats de l&#039;exercici professional seran dos dels objectius que s&#039;ha marcat la nova edici\u00f3 d\u2019Infarma Madrid 2020.\" \/>\n<meta name=\"robots\" content=\"index, follow, max-snippet:-1, max-image-preview:large, max-video-preview:-1\" \/>\n<link rel=\"canonical\" href=\"https:\/\/www.cofb.org\/ca\/2020\/01\/03\/infarma-madrid-2020-avanc-programa-cientific\/\" \/>\n<meta property=\"og:locale\" content=\"ca_ES\" \/>\n<meta property=\"og:type\" content=\"article\" \/>\n<meta property=\"og:title\" content=\"Infarma Madrid 2020: Primer avan\u00e7 del programa cient\u00edfic - Col\u00b7legi de Farmac\u00e8utics de Barcelona\" \/>\n<meta property=\"og:description\" content=\"Reivindicar el consell professional del farmac\u00e8utic com a valor diferencial i representar la varietat i riquesa de modalitats de l&#039;exercici professional seran dos dels objectius que s&#039;ha marcat la nova edici\u00f3 d\u2019Infarma Madrid 2020.\" \/>\n<meta property=\"og:url\" content=\"https:\/\/www.cofb.org\/ca\/2020\/01\/03\/infarma-madrid-2020-avanc-programa-cientific\/\" \/>\n<meta property=\"og:site_name\" content=\"Col\u00b7legi de Farmac\u00e8utics de Barcelona\" \/>\n<meta property=\"article:publisher\" content=\"https:\/\/www.facebook.com\/farmaceuticsbcn\/\" \/>\n<meta property=\"article:published_time\" content=\"2020-01-03T09:04:11+00:00\" \/>\n<meta name=\"author\" content=\"wpAdminCofbOrg\" \/>\n<meta name=\"twitter:card\" content=\"summary_large_image\" \/>\n<meta name=\"twitter:creator\" content=\"@farmaceuticsbcn\" \/>\n<meta name=\"twitter:site\" content=\"@farmaceuticsbcn\" \/>\n<meta name=\"twitter:label1\" content=\"Escrit per\" \/>\n\t<meta name=\"twitter:data1\" content=\"wpAdminCofbOrg\" \/>\n\t<meta name=\"twitter:label2\" content=\"Temps estimat de lectura\" \/>\n\t<meta name=\"twitter:data2\" content=\"3 minuts\" \/>\n<script type=\"application\/ld+json\" class=\"yoast-schema-graph\">{\"@context\":\"https:\/\/schema.org\",\"@graph\":[{\"@type\":\"Article\",\"@id\":\"https:\/\/www.cofb.org\/2020\/01\/03\/infarma-madrid-2020-avanc-programa-cientific\/#article\",\"isPartOf\":{\"@id\":\"https:\/\/www.cofb.org\/2020\/01\/03\/infarma-madrid-2020-avanc-programa-cientific\/\"},\"author\":{\"name\":\"wpAdminCofbOrg\",\"@id\":\"https:\/\/www.cofb.org\/#\/schema\/person\/22ed7eea88da74b0fa4d3154ad87ffcb\"},\"headline\":\"Infarma Madrid 2020: Primer avan\u00e7 del programa cient\u00edfic\",\"datePublished\":\"2020-01-03T09:04:11+00:00\",\"dateModified\":\"2020-01-03T09:04:11+00:00\",\"mainEntityOfPage\":{\"@id\":\"https:\/\/www.cofb.org\/2020\/01\/03\/infarma-madrid-2020-avanc-programa-cientific\/\"},\"wordCount\":604,\"commentCount\":0,\"publisher\":{\"@id\":\"https:\/\/www.cofb.org\/#organization\"},\"image\":{\"@id\":\"https:\/\/www.cofb.org\/2020\/01\/03\/infarma-madrid-2020-avanc-programa-cientific\/#primaryimage\"},\"thumbnailUrl\":\"\",\"keywords\":[\"activitat cient\u00edfica\",\"activitat farmac\u00e8utica\",\"COFB\",\"Col\u00b7legi de Farmac\u00e8utics de Barcelona\",\"Col\u00b7legi de Farmac\u00e8utics de Madrid\",\"Congr\u00e9s i Sal\u00f3\",\"farmac\u00e8utics\",\"Farm\u00e0cia\",\"farm\u00e0cia comunit\u00e0ria\",\"Formaci\u00f3\",\"Infarma\",\"Infarma Madrid 2020\",\"Infarma Solidari\",\"programa cient\u00edfic\",\"salut\"],\"articleSection\":[\"Destacats\",\"Infarma\"],\"inLanguage\":\"ca\",\"potentialAction\":[{\"@type\":\"CommentAction\",\"name\":\"Comment\",\"target\":[\"https:\/\/www.cofb.org\/2020\/01\/03\/infarma-madrid-2020-avanc-programa-cientific\/#respond\"]}]},{\"@type\":\"WebPage\",\"@id\":\"https:\/\/www.cofb.org\/2020\/01\/03\/infarma-madrid-2020-avanc-programa-cientific\/\",\"url\":\"https:\/\/www.cofb.org\/2020\/01\/03\/infarma-madrid-2020-avanc-programa-cientific\/\",\"name\":\"Infarma Madrid 2020: Primer avan\u00e7 del programa cient\u00edfic - Col\u00b7legi de Farmac\u00e8utics de Barcelona\",\"isPartOf\":{\"@id\":\"https:\/\/www.cofb.org\/#website\"},\"primaryImageOfPage\":{\"@id\":\"https:\/\/www.cofb.org\/2020\/01\/03\/infarma-madrid-2020-avanc-programa-cientific\/#primaryimage\"},\"image\":{\"@id\":\"https:\/\/www.cofb.org\/2020\/01\/03\/infarma-madrid-2020-avanc-programa-cientific\/#primaryimage\"},\"thumbnailUrl\":\"\",\"datePublished\":\"2020-01-03T09:04:11+00:00\",\"dateModified\":\"2020-01-03T09:04:11+00:00\",\"description\":\"Reivindicar el consell professional del farmac\u00e8utic com a valor diferencial i representar la varietat i riquesa de modalitats de l'exercici professional seran dos dels objectius que s'ha marcat la nova edici\u00f3 d\u2019Infarma Madrid 2020.\",\"breadcrumb\":{\"@id\":\"https:\/\/www.cofb.org\/2020\/01\/03\/infarma-madrid-2020-avanc-programa-cientific\/#breadcrumb\"},\"inLanguage\":\"ca\",\"potentialAction\":[{\"@type\":\"ReadAction\",\"target\":[\"https:\/\/www.cofb.org\/2020\/01\/03\/infarma-madrid-2020-avanc-programa-cientific\/\"]}]},{\"@type\":\"ImageObject\",\"inLanguage\":\"ca\",\"@id\":\"https:\/\/www.cofb.org\/2020\/01\/03\/infarma-madrid-2020-avanc-programa-cientific\/#primaryimage\",\"url\":\"\",\"contentUrl\":\"\"},{\"@type\":\"BreadcrumbList\",\"@id\":\"https:\/\/www.cofb.org\/2020\/01\/03\/infarma-madrid-2020-avanc-programa-cientific\/#breadcrumb\",\"itemListElement\":[{\"@type\":\"ListItem\",\"position\":1,\"name\":\"Inici\",\"item\":\"https:\/\/novaorg.cofb.net\/\"},{\"@type\":\"ListItem\",\"position\":2,\"name\":\"Infarma Madrid 2020: Primer avan\u00e7 del programa cient\u00edfic\"}]},{\"@type\":\"WebSite\",\"@id\":\"https:\/\/www.cofb.org\/#website\",\"url\":\"https:\/\/www.cofb.org\/\",\"name\":\"Col\u00b7legi de Farmac\u00e8utics de Barcelona\",\"description\":\"\",\"publisher\":{\"@id\":\"https:\/\/www.cofb.org\/#organization\"},\"potentialAction\":[{\"@type\":\"SearchAction\",\"target\":{\"@type\":\"EntryPoint\",\"urlTemplate\":\"https:\/\/www.cofb.org\/?s={search_term_string}\"},\"query-input\":\"required name=search_term_string\"}],\"inLanguage\":\"ca\"},{\"@type\":\"Organization\",\"@id\":\"https:\/\/www.cofb.org\/#organization\",\"name\":\"Col\u00b7legi de Farmac\u00e8utics de Barcelona\",\"url\":\"https:\/\/www.cofb.org\/\",\"logo\":{\"@type\":\"ImageObject\",\"inLanguage\":\"ca\",\"@id\":\"https:\/\/www.cofb.org\/#\/schema\/logo\/image\/\",\"url\":\"https:\/\/www.cofb.org\/wp-content\/uploads\/2023\/11\/cropped-Logotip-COFB.png\",\"contentUrl\":\"https:\/\/www.cofb.org\/wp-content\/uploads\/2023\/11\/cropped-Logotip-COFB.png\",\"width\":500,\"height\":105,\"caption\":\"Col\u00b7legi de Farmac\u00e8utics de Barcelona\"},\"image\":{\"@id\":\"https:\/\/www.cofb.org\/#\/schema\/logo\/image\/\"},\"sameAs\":[\"https:\/\/www.facebook.com\/farmaceuticsbcn\/\",\"https:\/\/twitter.com\/farmaceuticsbcn\",\"https:\/\/www.instagram.com\/farmaceuticsbcn\/\",\"https:\/\/www.linkedin.com\/company\/farmaceuticsbcn\/\"]},{\"@type\":\"Person\",\"@id\":\"https:\/\/www.cofb.org\/#\/schema\/person\/22ed7eea88da74b0fa4d3154ad87ffcb\",\"name\":\"wpAdminCofbOrg\",\"image\":{\"@type\":\"ImageObject\",\"inLanguage\":\"ca\",\"@id\":\"https:\/\/www.cofb.org\/#\/schema\/person\/image\/\",\"url\":\"https:\/\/secure.gravatar.com\/avatar\/1721b20b3b8ca882c3b56ec6c978c594fff670e40c0718e9190eaeeb76aae7d8?s=96&d=mm&r=g\",\"contentUrl\":\"https:\/\/secure.gravatar.com\/avatar\/1721b20b3b8ca882c3b56ec6c978c594fff670e40c0718e9190eaeeb76aae7d8?s=96&d=mm&r=g\",\"caption\":\"wpAdminCofbOrg\"},\"sameAs\":[\"http:\/\/192.168.64.122\/wordpress\"],\"url\":\"https:\/\/www.cofb.org\/ca\/author\/wpadmincofborg\/\"}]}<\/script>\n<!-- \/ Yoast SEO plugin. -->","yoast_head_json":{"title":"Infarma Madrid 2020: Primer avan\u00e7 del programa cient\u00edfic - Col\u00b7legi de Farmac\u00e8utics de Barcelona","description":"Reivindicar el consell professional del farmac\u00e8utic com a valor diferencial i representar la varietat i riquesa de modalitats de l'exercici professional seran dos dels objectius que s'ha marcat la nova edici\u00f3 d\u2019Infarma Madrid 2020.","robots":{"index":"index","follow":"follow","max-snippet":"max-snippet:-1","max-image-preview":"max-image-preview:large","max-video-preview":"max-video-preview:-1"},"canonical":"https:\/\/www.cofb.org\/ca\/2020\/01\/03\/infarma-madrid-2020-avanc-programa-cientific\/","og_locale":"ca_ES","og_type":"article","og_title":"Infarma Madrid 2020: Primer avan\u00e7 del programa cient\u00edfic - Col\u00b7legi de Farmac\u00e8utics de Barcelona","og_description":"Reivindicar el consell professional del farmac\u00e8utic com a valor diferencial i representar la varietat i riquesa de modalitats de l'exercici professional seran dos dels objectius que s'ha marcat la nova edici\u00f3 d\u2019Infarma Madrid 2020.","og_url":"https:\/\/www.cofb.org\/ca\/2020\/01\/03\/infarma-madrid-2020-avanc-programa-cientific\/","og_site_name":"Col\u00b7legi de Farmac\u00e8utics de Barcelona","article_publisher":"https:\/\/www.facebook.com\/farmaceuticsbcn\/","article_published_time":"2020-01-03T09:04:11+00:00","author":"wpAdminCofbOrg","twitter_card":"summary_large_image","twitter_creator":"@farmaceuticsbcn","twitter_site":"@farmaceuticsbcn","twitter_misc":{"Escrit per":"wpAdminCofbOrg","Temps estimat de lectura":"3 minuts"},"schema":{"@context":"https:\/\/schema.org","@graph":[{"@type":"Article","@id":"https:\/\/www.cofb.org\/2020\/01\/03\/infarma-madrid-2020-avanc-programa-cientific\/#article","isPartOf":{"@id":"https:\/\/www.cofb.org\/2020\/01\/03\/infarma-madrid-2020-avanc-programa-cientific\/"},"author":{"name":"wpAdminCofbOrg","@id":"https:\/\/www.cofb.org\/#\/schema\/person\/22ed7eea88da74b0fa4d3154ad87ffcb"},"headline":"Infarma Madrid 2020: Primer avan\u00e7 del programa cient\u00edfic","datePublished":"2020-01-03T09:04:11+00:00","dateModified":"2020-01-03T09:04:11+00:00","mainEntityOfPage":{"@id":"https:\/\/www.cofb.org\/2020\/01\/03\/infarma-madrid-2020-avanc-programa-cientific\/"},"wordCount":604,"commentCount":0,"publisher":{"@id":"https:\/\/www.cofb.org\/#organization"},"image":{"@id":"https:\/\/www.cofb.org\/2020\/01\/03\/infarma-madrid-2020-avanc-programa-cientific\/#primaryimage"},"thumbnailUrl":"","keywords":["activitat cient\u00edfica","activitat farmac\u00e8utica","COFB","Col\u00b7legi de Farmac\u00e8utics de Barcelona","Col\u00b7legi de Farmac\u00e8utics de Madrid","Congr\u00e9s i Sal\u00f3","farmac\u00e8utics","Farm\u00e0cia","farm\u00e0cia comunit\u00e0ria","Formaci\u00f3","Infarma","Infarma Madrid 2020","Infarma Solidari","programa cient\u00edfic","salut"],"articleSection":["Destacats","Infarma"],"inLanguage":"ca","potentialAction":[{"@type":"CommentAction","name":"Comment","target":["https:\/\/www.cofb.org\/2020\/01\/03\/infarma-madrid-2020-avanc-programa-cientific\/#respond"]}]},{"@type":"WebPage","@id":"https:\/\/www.cofb.org\/2020\/01\/03\/infarma-madrid-2020-avanc-programa-cientific\/","url":"https:\/\/www.cofb.org\/2020\/01\/03\/infarma-madrid-2020-avanc-programa-cientific\/","name":"Infarma Madrid 2020: Primer avan\u00e7 del programa cient\u00edfic - Col\u00b7legi de Farmac\u00e8utics de Barcelona","isPartOf":{"@id":"https:\/\/www.cofb.org\/#website"},"primaryImageOfPage":{"@id":"https:\/\/www.cofb.org\/2020\/01\/03\/infarma-madrid-2020-avanc-programa-cientific\/#primaryimage"},"image":{"@id":"https:\/\/www.cofb.org\/2020\/01\/03\/infarma-madrid-2020-avanc-programa-cientific\/#primaryimage"},"thumbnailUrl":"","datePublished":"2020-01-03T09:04:11+00:00","dateModified":"2020-01-03T09:04:11+00:00","description":"Reivindicar el consell professional del farmac\u00e8utic com a valor diferencial i representar la varietat i riquesa de modalitats de l'exercici professional seran dos dels objectius que s'ha marcat la nova edici\u00f3 d\u2019Infarma Madrid 2020.","breadcrumb":{"@id":"https:\/\/www.cofb.org\/2020\/01\/03\/infarma-madrid-2020-avanc-programa-cientific\/#breadcrumb"},"inLanguage":"ca","potentialAction":[{"@type":"ReadAction","target":["https:\/\/www.cofb.org\/2020\/01\/03\/infarma-madrid-2020-avanc-programa-cientific\/"]}]},{"@type":"ImageObject","inLanguage":"ca","@id":"https:\/\/www.cofb.org\/2020\/01\/03\/infarma-madrid-2020-avanc-programa-cientific\/#primaryimage","url":"","contentUrl":""},{"@type":"BreadcrumbList","@id":"https:\/\/www.cofb.org\/2020\/01\/03\/infarma-madrid-2020-avanc-programa-cientific\/#breadcrumb","itemListElement":[{"@type":"ListItem","position":1,"name":"Inici","item":"https:\/\/novaorg.cofb.net\/"},{"@type":"ListItem","position":2,"name":"Infarma Madrid 2020: Primer avan\u00e7 del programa cient\u00edfic"}]},{"@type":"WebSite","@id":"https:\/\/www.cofb.org\/#website","url":"https:\/\/www.cofb.org\/","name":"Col\u00b7legi de Farmac\u00e8utics de Barcelona","description":"","publisher":{"@id":"https:\/\/www.cofb.org\/#organization"},"potentialAction":[{"@type":"SearchAction","target":{"@type":"EntryPoint","urlTemplate":"https:\/\/www.cofb.org\/?s={search_term_string}"},"query-input":"required name=search_term_string"}],"inLanguage":"ca"},{"@type":"Organization","@id":"https:\/\/www.cofb.org\/#organization","name":"Col\u00b7legi de Farmac\u00e8utics de Barcelona","url":"https:\/\/www.cofb.org\/","logo":{"@type":"ImageObject","inLanguage":"ca","@id":"https:\/\/www.cofb.org\/#\/schema\/logo\/image\/","url":"https:\/\/www.cofb.org\/wp-content\/uploads\/2023\/11\/cropped-Logotip-COFB.png","contentUrl":"https:\/\/www.cofb.org\/wp-content\/uploads\/2023\/11\/cropped-Logotip-COFB.png","width":500,"height":105,"caption":"Col\u00b7legi de Farmac\u00e8utics de Barcelona"},"image":{"@id":"https:\/\/www.cofb.org\/#\/schema\/logo\/image\/"},"sameAs":["https:\/\/www.facebook.com\/farmaceuticsbcn\/","https:\/\/twitter.com\/farmaceuticsbcn","https:\/\/www.instagram.com\/farmaceuticsbcn\/","https:\/\/www.linkedin.com\/company\/farmaceuticsbcn\/"]},{"@type":"Person","@id":"https:\/\/www.cofb.org\/#\/schema\/person\/22ed7eea88da74b0fa4d3154ad87ffcb","name":"wpAdminCofbOrg","image":{"@type":"ImageObject","inLanguage":"ca","@id":"https:\/\/www.cofb.org\/#\/schema\/person\/image\/","url":"https:\/\/secure.gravatar.com\/avatar\/1721b20b3b8ca882c3b56ec6c978c594fff670e40c0718e9190eaeeb76aae7d8?s=96&d=mm&r=g","contentUrl":"https:\/\/secure.gravatar.com\/avatar\/1721b20b3b8ca882c3b56ec6c978c594fff670e40c0718e9190eaeeb76aae7d8?s=96&d=mm&r=g","caption":"wpAdminCofbOrg"},"sameAs":["http:\/\/192.168.64.122\/wordpress"],"url":"https:\/\/www.cofb.org\/ca\/author\/wpadmincofborg\/"}]}},"uagb_featured_image_src":{"full":false,"thumbnail":false,"medium":false,"medium_large":false,"large":false,"1536x1536":false,"2048x2048":false,"trp-custom-language-flag":false},"uagb_author_info":{"display_name":"wpAdminCofbOrg","author_link":"https:\/\/www.cofb.org\/ca\/author\/wpadmincofborg\/"},"uagb_comment_info":0,"uagb_excerpt":"Els pr\u00f2xims 10, 11 i 12 de mar\u00e7 se celebrar\u00e0 al recinte firal d&#8217;Ifema, a Madrid, la 32a edici\u00f3 d&#8217;Infarma, el Congr\u00e9s i Sal\u00f3 farmac\u00e8utic\u00a0que organitzen els Col\u00b7legis Oficials de Farmac\u00e8utics de Barcelona i Madrid i Interalia. Dos dels objectius que s&#8217;ha marcat aquesta nova edici\u00f3 \u00e9s reivindicar el consell [&hellip;]","_links":{"self":[{"href":"https:\/\/www.cofb.org\/ca\/wp-json\/wp\/v2\/posts\/48856","targetHints":{"allow":["GET"]}}],"collection":[{"href":"https:\/\/www.cofb.org\/ca\/wp-json\/wp\/v2\/posts"}],"about":[{"href":"https:\/\/www.cofb.org\/ca\/wp-json\/wp\/v2\/types\/post"}],"author":[{"embeddable":true,"href":"https:\/\/www.cofb.org\/ca\/wp-json\/wp\/v2\/users\/1"}],"replies":[{"embeddable":true,"href":"https:\/\/www.cofb.org\/ca\/wp-json\/wp\/v2\/comments?post=48856"}],"version-history":[{"count":0,"href":"https:\/\/www.cofb.org\/ca\/wp-json\/wp\/v2\/posts\/48856\/revisions"}],"wp:featuredmedia":[{"embeddable":true,"href":"https:\/\/www.cofb.org\/ca\/wp-json\/"}],"wp:attachment":[{"href":"https:\/\/www.cofb.org\/ca\/wp-json\/wp\/v2\/media?parent=48856"}],"wp:term":[{"taxonomy":"category","embeddable":true,"href":"https:\/\/www.cofb.org\/ca\/wp-json\/wp\/v2\/categories?post=48856"},{"taxonomy":"post_tag","embeddable":true,"href":"https:\/\/www.cofb.org\/ca\/wp-json\/wp\/v2\/tags?post=48856"}],"curies":[{"name":"wp","href":"https:\/\/api.w.org\/{rel}","templated":true}]}}