{"id":48434,"date":"2019-12-13T13:24:01","date_gmt":"2019-12-13T11:24:01","guid":{"rendered":"https:\/\/blog.cofb.cat\/?p=48434"},"modified":"2019-12-13T13:24:01","modified_gmt":"2019-12-13T11:24:01","slug":"novembre-2a-onada-datencio-pell-365-campanya-ccfc-sobre-primeres-dispensacions-beques-cofb","status":"publish","type":"post","link":"https:\/\/www.cofb.org\/ca\/2019\/12\/13\/novembre-2a-onada-datencio-pell-365-campanya-ccfc-sobre-primeres-dispensacions-beques-cofb\/","title":{"rendered":"Novembre: la campanya &#8220;Atenci\u00f3 Pell 365&#8221;, atenci\u00f3 farmac\u00e8utica davant primeres dispensacions i les beques del COFB, temes m\u00e9s destacats als mitjans"},"content":{"rendered":"<h1><\/h1>\n<h1><strong>2a onada de la campanya &#8220;Atenci\u00f3 Pell 365&#8221;<\/strong><\/h1>\n<p>Aquesta tardor s&#8217;ha presentat la <strong>segona onada d&#8217;<em>Atenci\u00f3 Pell 365, <\/em><\/strong>una campanya anual que s&#8217;est\u00e0 duent a terme des del COFB i l&#8217;Hospital Cl\u00ednic amb l&#8217;objectiu de <strong>conscienciar de la import\u00e0ncia de cuidar la pell tot l&#8217;any<\/strong>. La <strong>segona fase<\/strong> s&#8217;ha centrat en els <strong>medicaments fotosensibilitzants, <\/strong>que s\u00f3n aquells\u00a0f\u00e0rmacs que augmenten la sensibilitat al sol i que fan <strong>imprescindible la utilitzaci\u00f3 de protector solar<\/strong>.\u00a0<a href=\"https:\/\/www.farmaventas.es\/noticias-del-sector\/9575-los-medicamentos-fotosensibilizantes-centran-la-segunda-fase-de-la-campana-de-la-campana-atencio-pell-365-impulsada-por-el-cof-de-barcelona-y-el-hospital-clinic.html\" target=\"_blank\" rel=\"noopener\">Farmaventas<\/a>, <a href=\"http:\/\/elfarmaceutico.es\/index.php\/noticias-actualidad-farmaceutica\/item\/10454-los-medicamentos-fotosensibilizantes-centran-la-segunda-fase-de-la-campana-atencio-pell-365#.XeeNLZNKiUm\" target=\"_blank\" rel=\"noopener\">El Farmac\u00e9utico<\/a>, <a href=\"https:\/\/www.imfarmacias.es\/noticia\/19115\/los-medicamentos-fotosensibilizantes-centran-la-segunda-fase-de-atenc?utm_source=news_2019-11-07&amp;utm_medium=Email&amp;utm_campaign=mailing&amp;email=!*email*!\" target=\"_blank\" rel=\"noopener\">imFarmacias<\/a>, <a href=\"https:\/\/www.diariofarma.com\/2019\/11\/07\/farmacias-de-barcelona-educaran-a-la-poblacion-sobre-los-medicamentos-fotosensibilizantes\" target=\"_blank\" rel=\"noopener\">Diariofarma<\/a>, <a href=\"http:\/\/www.revistaacofar.com\/revista\/actualidad\/actualidades\/11669-los-medicamentos-fotosensibilizantes-centran-la-segunda-fase-de-la-campana-atencio-pell-365-impulsada-por-el-cof-de-barcelona-y-el-hospital-clinic\">Revista Acofar<\/a> i Sanifax s\u00f3n els mitjans que se n&#8217;han fet ress\u00f3.<\/p>\n<p><a href=\"https:\/\/blog.cofb.cat\/wp-content\/uploads\/2019\/12\/1-1.jpg\"><img fetchpriority=\"high\" decoding=\"async\" class=\"aligncenter size-large wp-image-48535\" src=\"https:\/\/blog.cofb.cat\/wp-content\/uploads\/2019\/12\/1-1-1024x765.jpg\" alt=\"\" width=\"620\" height=\"463\" \/><\/a><\/p>\n<div class=\"custom-divider\"><\/div>\n<h1><strong>Atenci\u00f3 farmac\u00e8utica davant primeres dispensacions<\/strong><\/h1>\n<p>El <strong>Consell de Col\u00b7legis de Farmac\u00e8utics de Catalunya<\/strong> i el <strong>Servei Catal\u00e0 de Salut<\/strong> van presentar el\u00a0<strong>projecte d&#8217;atenci\u00f3 farmac\u00e8utica davant primeres dispensacions<\/strong>, que t\u00e9 com a objectiu promoure l\u2019\u00fas segur i efectiu dels medicaments als pacients que se\u2019ls dispensa un tractament per primera vegada. Diferents mitjans de la premsa especialitzada van publicar aquesta not\u00edcia, entre ells,\u00a0<a href=\"https:\/\/www.correofarmaceutico.com\/profesion\/el-consejo-de-cof-de-cataluna-y-el-servicio-catalan-de-salud-han-presentado-un-nuevo-proyectode-af-para-primeras-dispensaciones.html\" target=\"_blank\" rel=\"noopener\">Correo Farmac\u00e9utico<\/a>, <a href=\"https:\/\/elfarmaceutico.es\/index.php\/noticias-actualidad-farmaceutica\/item\/10470-el-consell-de-col-legis-farmaceutics-de-catalunya-y-el-catsalut-presentan-un-nuevo-proyecto-centrado-en-la-atencion-farmaceutica-ante-primeras-dispensaciones#.XeeHcpNKiUm\" target=\"_blank\" rel=\"noopener\">El Farmac\u00e9utico<\/a>, <a href=\"https:\/\/www.imfarmacias.es\/noticia\/19166\/las-farmacias-catalanas-potencian-la-atencion-farmaceutica-ante-las?utm_source=news_2019-11-14&amp;utm_medium=Email&amp;utm_campaign=mailing&amp;email=!*email*!\" target=\"_blank\" rel=\"noopener\">imFarmacias<\/a>,\u00a0<a href=\"https:\/\/www.diariofarma.com\/2019\/11\/14\/cataluna-las-farmacias-promoveran-el-uso-seguro-de-los-medicamentos-en-primeras-dispensaciones\" target=\"_blank\" rel=\"noopener\">Diariofarma<\/a> i Sanifax.<\/p>\n<p><a href=\"https:\/\/blog.cofb.cat\/wp-content\/uploads\/2019\/12\/2-1.jpg\"><img decoding=\"async\" class=\"aligncenter size-large wp-image-48536\" src=\"https:\/\/blog.cofb.cat\/wp-content\/uploads\/2019\/12\/2-1-1024x832.jpg\" alt=\"\" width=\"620\" height=\"504\" \/><\/a><\/p>\n<div class=\"custom-divider\"><\/div>\n<h1><strong>Entrevista a Jordi Casas, secretari del COFB, a Onda Cero<\/strong><\/h1>\n<p>El <strong>secretari del COFB, Jordi Casas<\/strong>, va ser <strong>entrevistat al programa &#8220;<a href=\"https:\/\/www.ondacero.es\/emisoras\/catalunya\/audios-podcast\/nits-radio\/nits-de-radio-08112019_201911085dc53fb70cf232b79a06e7a0.html\" target=\"_blank\" rel=\"noopener\">Nits de R\u00e0dio&#8221; d&#8217;Onda Cero <\/a><\/strong>on, entre altres temes, va parlar de la import\u00e0ncia de la <strong>recepta m\u00e8dica<\/strong>, la <strong>venda de f\u00e0rmacs online<\/strong> i la <strong>figura del farmac\u00e8utic<\/strong> <strong>davant malalties comunes<\/strong> com la grip o el refredat. Durant l&#8217;entrevista, que es troba entre el minut 58:00 i el 1:15:28, el secretari tamb\u00e9 va posar en valor la figura del farmac\u00e8utic com a &#8220;professional sanitari de proximitat i accessible al qual els usuaris accedeixen en primera inst\u00e0ncia quan tenen algun tipus de mol\u00e8stia&#8221;.<\/p>\n<p><a href=\"https:\/\/blog.cofb.cat\/wp-content\/uploads\/2019\/12\/4ok.jpg.png\"><img decoding=\"async\" class=\"aligncenter size-large wp-image-48677\" src=\"https:\/\/blog.cofb.cat\/wp-content\/uploads\/2019\/12\/4ok.jpg-1024x593.png\" alt=\"\" width=\"620\" height=\"359\" \/><\/a><\/p>\n<h1><span style=\"font-size: 16px; font-weight: 400;\"><div class=\"custom-divider\"><\/div><\/span><\/h1>\n<h1><strong>Resultats dels treballs becats pel COFB i del premi d&#8217;innovaci\u00f3 2018<\/strong><\/h1>\n<p>El Col\u00b7legi va enviar una <strong>nota de premsa per comunicar els resultats finals dels dos treballs becats del COFB i del premi d&#8217;innovaci\u00f3 2018<\/strong>. La informaci\u00f3 amb relaci\u00f3 a aquests tres va ser recollida per\u00a0<a href=\"https:\/\/www.imfarmacias.es\/noticia\/19284\/el-cof-de-barcelona-da-conocer-los-resultados-de-sus-becas-de-investig\" target=\"_blank\" rel=\"noopener\">imFarmacias<\/a>, <a href=\"http:\/\/www.revistaacofar.com\/revista\/actualidad\/actualidades\/11734-se-presentan-los-resultados-finales-de-las-dos-becas-y-del-premio-de-innovacion-otorgados-por-el-cof-de-barcelona-en-la-convocatoria-2018\">Revista Acofar<\/a> i Sanifax.<\/p>\n<p><a href=\"https:\/\/blog.cofb.cat\/wp-content\/uploads\/2019\/12\/3ok.jpg\"><img loading=\"lazy\" decoding=\"async\" class=\"aligncenter size-full wp-image-48547\" src=\"https:\/\/blog.cofb.cat\/wp-content\/uploads\/2019\/12\/3ok.jpg\" alt=\"\" width=\"993\" height=\"636\" \/><\/a><\/p>\n<div class=\"custom-divider\"><\/div>\n<h1><strong>El COFB com a font d&#8217;informaci\u00f3<\/strong><\/h1>\n<h3><strong>\u00das prudent dels antibi\u00f2tics<\/strong><\/h3>\n<p>Amb motiu del <strong>Dia Europeu de l&#8217;\u00das Prudent dels Antibi\u00f2tics<\/strong>, el passat 18 de novembre, <strong>Maria Perell\u00f3, responsable del Centre d&#8217;Informaci\u00f3 del Medicament (CIM) del Col\u00b7legi,<\/strong> <a href=\"https:\/\/www.cope.es\/emisoras\/cataluna\/barcelona-provincia\/barcelona\/la-linterna-cope-catalunya-i-andorra\/audios\/adequat-per-evitar-resistencies-20191118_925863\" target=\"_blank\" rel=\"noopener\">va ser entrevistada al <strong>programa de COPE Catalunya &#8220;La Linterna&#8221;<\/strong><\/a><strong>.<\/strong> En paraules de Perell\u00f3, per fer un \u00fas responsable dels antibi\u00f2tics \u00e9s molt important &#8220;respectar les pautes, les durades i les dosis del tractament que ens indica el metge i utilitzar aquests medicaments nom\u00e9s quan sigui necessari&#8221;. La responsable del CIM tamb\u00e9 va ser convidada pel programa\u00a0<a href=\"https:\/\/beteve.cat\/el-mati-de-barcelona-910fm\/riscos-abus-antibiotics\/\" target=\"_blank\" rel=\"noopener\">&#8220;<strong>El Mat\u00ed de Barcelona&#8221;<\/strong><\/a><strong>\u00a0de Betev\u00e9 a una taula rodona<\/strong> en qu\u00e8, juntament amb professionals sanitaris d&#8217;altres \u00e0mbits, es va abordar els <strong>riscos dels antibi\u00f2tics.<\/strong><\/p>\n<p><a href=\"https:\/\/blog.cofb.cat\/wp-content\/uploads\/2019\/12\/5-1.jpg\"><img loading=\"lazy\" decoding=\"async\" class=\"aligncenter size-large wp-image-48687\" src=\"https:\/\/blog.cofb.cat\/wp-content\/uploads\/2019\/12\/5-1-1024x425.jpg\" alt=\"\" width=\"620\" height=\"257\" \/><\/a><\/p>\n<div class=\"custom-divider\"><\/div>\n<h3><strong>Automedicaci\u00f3<\/strong><\/h3>\n<p>El passat 11 de novembre, des del programa &#8220;<a href=\"https:\/\/www.ccma.cat\/catradio\/alacarta\/estat-de-gracia\/estat-de-gracia-de-17-a-18-h-11112019\/audio\/1054579\/\" target=\"_blank\" rel=\"noopener\"><strong>Estat de Gr\u00e0cia&#8221;<\/strong>\u00a0<\/a>de Catalunya R\u00e0dio, van entrevistar a\u00a0<strong>Jordi Casas, secretari del<\/strong> <strong>COFB,<\/strong>\u00a0amb relaci\u00f3 a<strong> l&#8217;automedicaci\u00f3.<\/strong> Entre els minuts\u00a029:35 i al 33:17,\u00a0 el Secretari del COFB va respondre a les q\u00fcestions que se li va plantejar sobre els perills de l&#8217;automedicaci\u00f3 i la import\u00e0ncia del farmac\u00e8utic a l&#8217;hora de conscienciar-ne.<\/p>\n<div class=\"custom-divider\"><\/div>\n<h3><strong>Entrevistes a farmac\u00e8utics de la prov\u00edncia de Barcelona<\/strong><\/h3>\n<p>El mitj\u00e0 especialitzat\u00a0<strong><a href=\"https:\/\/www.imfarmacias.es\/revista\/99\/22\/\" target=\"_blank\" rel=\"noopener\">imFarmacias<\/a>, dins la seva secci\u00f3 &#8220;A Pie de Calle&#8221;\u00a0<\/strong>va publicar les\u00a0<strong>entrevistes que va realitzar a tres farmac\u00e8utics de la prov\u00edncia de Barcelona:\u00a0<\/strong><strong>\u00cdngrid Jaime<\/strong>, <strong>Lluc Sotelo<\/strong> i <strong>Miquel Recasens<\/strong>. Les entrevistes, que es troben de la p\u00e0gina 22 a la 26 -la de Recasens tamb\u00e9 <a href=\"https:\/\/www.imfarmacias.es\/noticia\/19287\/bajar-los-precios-no-es-la-solucion-soy-mas-partidario-de-apostar\" target=\"_blank\" rel=\"noopener\">va sortir a la versi\u00f3 online<\/a>-, van recollir les reflexions dels farmac\u00e8utics al voltant de com ha evolucionat el paper del farmac\u00e8utic o cap a on es dirigeix la farm\u00e0cia com a espai de salut.<\/p>\n<p><a href=\"https:\/\/blog.cofb.cat\/wp-content\/uploads\/2019\/12\/8.jpg\"><img loading=\"lazy\" decoding=\"async\" class=\"aligncenter size-large wp-image-48542\" src=\"https:\/\/blog.cofb.cat\/wp-content\/uploads\/2019\/12\/8-1024x583.jpg\" alt=\"\" width=\"620\" height=\"353\" \/><\/a><\/p>\n<div class=\"custom-divider\"><\/div>\n<h3><strong>Retards en el pagament a les farm\u00e0cies<\/strong><\/h3>\n<p>A mitjans del mes de novembre, diversos mitjans, entre ells <a href=\"https:\/\/cadenaser.com\/ser\/2019\/11\/15\/economia\/1573845626_537058.html\" target=\"_blank\" rel=\"noopener\">Cadena Ser<\/a>, <a href=\"https:\/\/www.diariofarma.com\/2019\/11\/18\/la-factura-de-octubre-de-recetas-del-catsalut-se-abonara-en-dos-partes\" target=\"_blank\" rel=\"noopener\">Diariofarma<\/a>, <a href=\"https:\/\/www.naciodigital.cat\/noticia\/191141\/catsalut\/endarrereix\/mes\/pagament\/70\/factura\/octubre\/farmaceutics\" target=\"_blank\" rel=\"noopener\">Naci\u00f3 Digital<\/a>,\u00a0<a href=\"https:\/\/www.diaridegirona.cat\/catalunya\/2019\/11\/16\/catsalut-endarrereix-dificultats-tresoreria\/1014102.html\" target=\"_blank\" rel=\"noopener\">Diari de Girona<\/a>,\u00a0<a href=\"https:\/\/www.imfarmacias.es\/noticia\/19209\/fefe-muestra-preocupacion-por-la-vuelta-de-los-retrasos-en-el-pago-de\" target=\"_blank\" rel=\"noopener\">imFarmacias<\/a>, <a href=\"https:\/\/www.elglobal.es\/farmacia\/cataluna-resucita-los-retrasos-en-el-pago-de-recetas-a-farmacias-XA2323213\" target=\"_blank\" rel=\"noopener\">El Global<\/a> i Sanifax, van publicar que el CatSalut s&#8217;endarreriria en el pagament a les farm\u00e0cies catalanes. No obstant aix\u00f2, dies m\u00e9s tard, des dels Departaments de Salut i Economia de la Generalitat es va comunicar als farmac\u00e8utics que havien pogut solucionar els problemes de tresoreria i que, per tant, podrien\u00a0de mantenir la normalitat en els pagaments.<\/p>\n<div class=\"custom-divider\"><\/div>\n<h1><strong>Mencions al COFB<\/strong><\/h1>\n<h3><strong>Jornades de la FEEF en Orat\u00f2ria i C\u00e0rrec de Portaveu<\/strong><\/h3>\n<p>La <strong>Federaci\u00f3 Espanyola d&#8217;Estudiants de Farm\u00e0cia<\/strong> va celebrar les <strong>Jornades de Formaci\u00f3 en Orat\u00f2ria i C\u00e0rrec de Portaveu<\/strong>. A l&#8217;acte va participar-hi <strong>Jordi de Dalmases<\/strong>, president del COFB, i\u00a0<a href=\"https:\/\/www.correofarmaceutico.com\/profesion\/grado-y-posgrado\/oratoria-para-fortalecer-la-incidencia-politica-de-los-estudiantes-de-farmacia.html\" target=\"_blank\" rel=\"noopener\">Correo Farmac\u00e9utico va recollir-ho en una cr\u00f2nica<\/a>.<\/p>\n<p><a href=\"https:\/\/blog.cofb.cat\/wp-content\/uploads\/2019\/12\/9.jpg\"><img loading=\"lazy\" decoding=\"async\" class=\"aligncenter size-large wp-image-48543\" src=\"https:\/\/blog.cofb.cat\/wp-content\/uploads\/2019\/12\/9-1024x624.jpg\" alt=\"\" width=\"620\" height=\"378\" \/><\/a><\/p>\n<div class=\"custom-divider\"><\/div>\n<h3><strong>Sensibilitzaci\u00f3 de la prova del VIH al Vall\u00e8s Occidental i Oriental<\/strong><\/h3>\n<p>El Col\u00b7legi i l&#8217;ONG ActuaVall\u00e8s,\u00a0en el marc de la <strong>Setmana Europea de la Prova R\u00e0pida del VIH,\u00a0<\/strong>van impulsar una<strong> campanya de sensibilitzaci\u00f3 de la prova del virus causant de la SIDA al Vall\u00e8s Occidental i Oriental<\/strong>. Els mitjans locals\u00a0<a href=\"https:\/\/elmon.cat\/monterrassa\/societat\/fes-prova-del-vih-anonima-accessible-confidencial\" target=\"_blank\" rel=\"noopener\">\u00a0M\u00f3n Terrassa<\/a>\u00a0i <a href=\"https:\/\/www.somgranollers.cat\/noticia\/50360\/la-unitat-de-sida-de-lhospital-detecta-20-casos-nous-cada-any\" target=\"_blank\" rel=\"noopener\">Som Granollers<\/a> van recollir aquesta iniciativa, que portava per lema: &#8220;<strong>Prova del VIH: accessible, an\u00f2nima i confidencial<\/strong>&#8220;.<\/p>\n<p><a href=\"https:\/\/blog.cofb.cat\/wp-content\/uploads\/2019\/12\/10.jpg\"><img loading=\"lazy\" decoding=\"async\" class=\"aligncenter size-large wp-image-48544\" src=\"https:\/\/blog.cofb.cat\/wp-content\/uploads\/2019\/12\/10-1024x797.jpg\" alt=\"\" width=\"620\" height=\"483\" \/><\/a><div class=\"custom-divider\"><\/div><\/p>\n<p><strong>Altres temes relacionats<\/strong><\/p>\n<ul>\n<li><a href=\"https:\/\/blog.cofb.cat\/campanya-del-cofb-sobre-la-recepta-medica-en-medicaments-com-libuprofen-i-el-paracetamol-activitats-formatives-i-diada-del-farmaceutic-els-temes-mes-destacats-als-mitjans\/\" target=\"_blank\" rel=\"noopener\">Octubre: Campanya del COFB sobre la import\u00e0ncia de la recepta m\u00e8dica, activitats formatives i Diada del Farmac\u00e8utic, temes m\u00e9s destacats als mitjans (Novembre 2019)<\/a><\/li>\n<li><a href=\"https:\/\/blog.cofb.cat\/setembre-dia-mundial-del-farmaceutic-desabastiment-de-medicaments-i-el-master-dortopedia-del-cofb-i-la-ub-temes-mes-destacats-als-mitjans\/\" target=\"_blank\" rel=\"noopener\">Setembre: el desabastiment de medicaments, el M\u00e0ster d\u2019ortop\u00e8dia del COFB i la UB i el Dia Mundial del Farmac\u00e8utic, temes m\u00e9s destacats als mitjans<\/a><br \/>\n(Octubre 2019).<\/li>\n<li><a href=\"https:\/\/blog.cofb.cat\/recull-de-mitjans-agost-consell-alimentari-a-la-farmacia-publicacio-de-la-memoria-2018-del-cofb-i-el-desabastiment-de-medicaments-temes-mes-destacats-als-mitjans\/\" target=\"_blank\" rel=\"noopener\">Agost: desabastiment de medicaments, publicaci\u00f3 de la Mem\u00f2ria 2018 del COFB i el consell alimentari a la farm\u00e0cia, temes m\u00e9s destacats als mitjans (Setembre 2019)<\/a><\/li>\n<\/ul>\n","protected":false},"excerpt":{"rendered":"<p>2a onada de la campanya &#8220;Atenci\u00f3 Pell 365&#8221; Aquesta tardor s&#8217;ha presentat la segona onada d&#8217;Atenci\u00f3 Pell 365, una campanya anual que s&#8217;est\u00e0 duent a terme des del COFB i l&#8217;Hospital Cl\u00ednic amb l&#8217;objectiu de conscienciar de la import\u00e0ncia de cuidar la pell tot l&#8217;any. La segona fase s&#8217;ha centrat [&hellip;]<\/p>\n","protected":false},"author":1,"featured_media":48690,"comment_status":"open","ping_status":"open","sticky":false,"template":"","format":"standard","meta":{"_uag_custom_page_level_css":"","site-sidebar-layout":"default","site-content-layout":"","ast-site-content-layout":"default","site-content-style":"default","site-sidebar-style":"default","ast-global-header-display":"","ast-banner-title-visibility":"","ast-main-header-display":"","ast-hfb-above-header-display":"","ast-hfb-below-header-display":"","ast-hfb-mobile-header-display":"","site-post-title":"","ast-breadcrumbs-content":"","ast-featured-img":"disabled","footer-sml-layout":"","theme-transparent-header-meta":"","adv-header-id-meta":"","stick-header-meta":"","header-above-stick-meta":"","header-main-stick-meta":"","header-below-stick-meta":"","astra-migrate-meta-layouts":"default","ast-page-background-enabled":"default","ast-page-background-meta":{"desktop":{"background-color":"var(--ast-global-color-4)","background-image":"","background-repeat":"repeat","background-position":"center center","background-size":"auto","background-attachment":"scroll","background-type":"","background-media":"","overlay-type":"","overlay-color":"","overlay-opacity":"","overlay-gradient":""},"tablet":{"background-color":"","background-image":"","background-repeat":"repeat","background-position":"center center","background-size":"auto","background-attachment":"scroll","background-type":"","background-media":"","overlay-type":"","overlay-color":"","overlay-opacity":"","overlay-gradient":""},"mobile":{"background-color":"","background-image":"","background-repeat":"repeat","background-position":"center center","background-size":"auto","background-attachment":"scroll","background-type":"","background-media":"","overlay-type":"","overlay-color":"","overlay-opacity":"","overlay-gradient":""}},"ast-content-background-meta":{"desktop":{"background-color":"var(--ast-global-color-5)","background-image":"","background-repeat":"repeat","background-position":"center center","background-size":"auto","background-attachment":"scroll","background-type":"","background-media":"","overlay-type":"","overlay-color":"","overlay-opacity":"","overlay-gradient":""},"tablet":{"background-color":"var(--ast-global-color-5)","background-image":"","background-repeat":"repeat","background-position":"center center","background-size":"auto","background-attachment":"scroll","background-type":"","background-media":"","overlay-type":"","overlay-color":"","overlay-opacity":"","overlay-gradient":""},"mobile":{"background-color":"var(--ast-global-color-5)","background-image":"","background-repeat":"repeat","background-position":"center center","background-size":"auto","background-attachment":"scroll","background-type":"","background-media":"","overlay-type":"","overlay-color":"","overlay-opacity":"","overlay-gradient":""}},"footnotes":""},"categories":[23,32],"tags":[3522,3601,2485,513,355,399,19,3316,2584,3265,2134,554,3763,3764,2133,247,3765,3766,459,3767,3768,865,460,407,3769,2148,3770,2172,232],"class_list":["post-48434","post","type-post","status-publish","format-standard","has-post-thumbnail","hentry","category-destacats","category-noticies-farmacia","tag-atenciopell365","tag-atencio-pell-2019","tag-automedicacio","tag-beques-collegials","tag-beques-i-premis","tag-catsalut","tag-collegi-de-farmaceutics-de-barcelona","tag-consell-de-collegis-de-farmaceutics-de-catalunya","tag-dia-mundial-de-la-sida","tag-distribucio-i-venda-online","tag-entrevista","tag-entrevistes","tag-federacio-espanyola-destudiants-de-farmacia","tag-feef","tag-impagaments","tag-jordi-casas","tag-jornades-de-formacio-en-oratoria-i-carrec-de-portaveu","tag-malalties-comunes","tag-mitjans","tag-paper-del-farmaceutic","tag-primeres-dispensacions","tag-recepta-medica","tag-recull-de-mitjans","tag-servei-catala-de-la-salut","tag-setmana-mundia","tag-setmana-mundial-de-conscienciacio-sobre-lus-dantibiotics","tag-setmana-mundial-de-la-immunitzacio","tag-sida","tag-vih"],"yoast_head":"<!-- This site is optimized with the Yoast SEO plugin v22.4 - https:\/\/yoast.com\/wordpress\/plugins\/seo\/ -->\n<title>Novembre: la campanya &quot;Atenci\u00f3 Pell 365&quot;, atenci\u00f3 farmac\u00e8utica davant primeres dispensacions i les beques del COFB, temes m\u00e9s destacats als mitjans - Col\u00b7legi de Farmac\u00e8utics de Barcelona<\/title>\n<meta name=\"description\" content=\"En plena tardor, va presentar-se la segona onada d&#039;Atenci\u00f3 Pell 365. L&#039;objectiu de la campanya \u00e9s conscienciar de la import\u00e0ncia de cuidar la dermis tot l&#039;any. La segona fase s&#039;ha centrat en els f\u00e0rmacs que augmenten la sensibilitat al sol i que fan imprescindible la utilitzaci\u00f3 de protector solar.\" \/>\n<meta name=\"robots\" content=\"index, follow, max-snippet:-1, max-image-preview:large, max-video-preview:-1\" \/>\n<link rel=\"canonical\" href=\"https:\/\/novaorg.cofb.net\/2019\/12\/13\/novembre-2a-onada-datencio-pell-365-campanya-ccfc-sobre-primeres-dispensacions-beques-cofb\/\" \/>\n<meta property=\"og:locale\" content=\"ca_ES\" \/>\n<meta property=\"og:type\" content=\"article\" \/>\n<meta property=\"og:title\" content=\"Novembre: la campanya &quot;Atenci\u00f3 Pell 365&quot;, atenci\u00f3 farmac\u00e8utica davant primeres dispensacions i les beques del COFB, temes m\u00e9s destacats als mitjans - Col\u00b7legi de Farmac\u00e8utics de Barcelona\" \/>\n<meta property=\"og:description\" content=\"En plena tardor, va presentar-se la segona onada d&#039;Atenci\u00f3 Pell 365. L&#039;objectiu de la campanya \u00e9s conscienciar de la import\u00e0ncia de cuidar la dermis tot l&#039;any. La segona fase s&#039;ha centrat en els f\u00e0rmacs que augmenten la sensibilitat al sol i que fan imprescindible la utilitzaci\u00f3 de protector solar.\" \/>\n<meta property=\"og:url\" content=\"https:\/\/novaorg.cofb.net\/2019\/12\/13\/novembre-2a-onada-datencio-pell-365-campanya-ccfc-sobre-primeres-dispensacions-beques-cofb\/\" \/>\n<meta property=\"og:site_name\" content=\"Col\u00b7legi de Farmac\u00e8utics de Barcelona\" \/>\n<meta property=\"article:publisher\" content=\"https:\/\/www.facebook.com\/farmaceuticsbcn\/\" \/>\n<meta property=\"article:published_time\" content=\"2019-12-13T11:24:01+00:00\" \/>\n<meta name=\"author\" content=\"wpAdminCofbOrg\" \/>\n<meta name=\"twitter:card\" content=\"summary_large_image\" \/>\n<meta name=\"twitter:creator\" content=\"@farmaceuticsbcn\" \/>\n<meta name=\"twitter:site\" content=\"@farmaceuticsbcn\" \/>\n<meta name=\"twitter:label1\" content=\"Escrit per\" \/>\n\t<meta name=\"twitter:data1\" content=\"wpAdminCofbOrg\" \/>\n\t<meta name=\"twitter:label2\" content=\"Temps estimat de lectura\" \/>\n\t<meta name=\"twitter:data2\" content=\"5 minuts\" \/>\n<script type=\"application\/ld+json\" class=\"yoast-schema-graph\">{\"@context\":\"https:\/\/schema.org\",\"@graph\":[{\"@type\":\"Article\",\"@id\":\"https:\/\/novaorg.cofb.net\/2019\/12\/13\/novembre-2a-onada-datencio-pell-365-campanya-ccfc-sobre-primeres-dispensacions-beques-cofb\/#article\",\"isPartOf\":{\"@id\":\"https:\/\/novaorg.cofb.net\/2019\/12\/13\/novembre-2a-onada-datencio-pell-365-campanya-ccfc-sobre-primeres-dispensacions-beques-cofb\/\"},\"author\":{\"name\":\"wpAdminCofbOrg\",\"@id\":\"https:\/\/www.cofb.org\/#\/schema\/person\/22ed7eea88da74b0fa4d3154ad87ffcb\"},\"headline\":\"Novembre: la campanya &#8220;Atenci\u00f3 Pell 365&#8221;, atenci\u00f3 farmac\u00e8utica davant primeres dispensacions i les beques del COFB, temes m\u00e9s destacats als mitjans\",\"datePublished\":\"2019-12-13T11:24:01+00:00\",\"dateModified\":\"2019-12-13T11:24:01+00:00\",\"mainEntityOfPage\":{\"@id\":\"https:\/\/novaorg.cofb.net\/2019\/12\/13\/novembre-2a-onada-datencio-pell-365-campanya-ccfc-sobre-primeres-dispensacions-beques-cofb\/\"},\"wordCount\":983,\"commentCount\":0,\"publisher\":{\"@id\":\"https:\/\/www.cofb.org\/#organization\"},\"image\":{\"@id\":\"https:\/\/novaorg.cofb.net\/2019\/12\/13\/novembre-2a-onada-datencio-pell-365-campanya-ccfc-sobre-primeres-dispensacions-beques-cofb\/#primaryimage\"},\"thumbnailUrl\":\"\",\"keywords\":[\"#Atenci\u00f3Pell365\",\"Atenci\u00f3 Pell 2019\",\"Automedicaci\u00f3\",\"Beques col\u00b7legials\",\"beques i premis\",\"catSalut\",\"Col\u00b7legi de Farmac\u00e8utics de Barcelona\",\"Consell de Col\u00b7legis de Farmac\u00e8utics de Catalunya\",\"dia mundial de la sida\",\"distribucio i venda online\",\"entrevista\",\"entrevistes\",\"Federaci\u00f3 Espanyola d'Estudiants de Farm\u00e0cia\",\"FEEF\",\"Impagaments\",\"Jordi Casas\",\"Jornades de Formaci\u00f3 en Orat\u00f2ria i C\u00e0rrec de Portaveu\",\"malalties comunes\",\"Mitjans\",\"paper del farmac\u00e8utic\",\"primeres dispensacions\",\"recepta m\u00e8dica\",\"recull de mitjans\",\"Servei Catal\u00e0 de la Salut\",\"setmana mundia\",\"Setmana Mundial de Conscienciaci\u00f3 sobre l'\u00das d'Antibi\u00f2tics\",\"Setmana Mundial de la Immunitzaci\u00f3\",\"sida\",\"VIH\"],\"articleSection\":[\"Destacats\",\"Not\u00edcies farm\u00e0cia\"],\"inLanguage\":\"ca\",\"potentialAction\":[{\"@type\":\"CommentAction\",\"name\":\"Comment\",\"target\":[\"https:\/\/novaorg.cofb.net\/2019\/12\/13\/novembre-2a-onada-datencio-pell-365-campanya-ccfc-sobre-primeres-dispensacions-beques-cofb\/#respond\"]}]},{\"@type\":\"WebPage\",\"@id\":\"https:\/\/novaorg.cofb.net\/2019\/12\/13\/novembre-2a-onada-datencio-pell-365-campanya-ccfc-sobre-primeres-dispensacions-beques-cofb\/\",\"url\":\"https:\/\/novaorg.cofb.net\/2019\/12\/13\/novembre-2a-onada-datencio-pell-365-campanya-ccfc-sobre-primeres-dispensacions-beques-cofb\/\",\"name\":\"Novembre: la campanya \\\"Atenci\u00f3 Pell 365\\\", atenci\u00f3 farmac\u00e8utica davant primeres dispensacions i les beques del COFB, temes m\u00e9s destacats als mitjans - Col\u00b7legi de Farmac\u00e8utics de Barcelona\",\"isPartOf\":{\"@id\":\"https:\/\/www.cofb.org\/#website\"},\"primaryImageOfPage\":{\"@id\":\"https:\/\/novaorg.cofb.net\/2019\/12\/13\/novembre-2a-onada-datencio-pell-365-campanya-ccfc-sobre-primeres-dispensacions-beques-cofb\/#primaryimage\"},\"image\":{\"@id\":\"https:\/\/novaorg.cofb.net\/2019\/12\/13\/novembre-2a-onada-datencio-pell-365-campanya-ccfc-sobre-primeres-dispensacions-beques-cofb\/#primaryimage\"},\"thumbnailUrl\":\"\",\"datePublished\":\"2019-12-13T11:24:01+00:00\",\"dateModified\":\"2019-12-13T11:24:01+00:00\",\"description\":\"En plena tardor, va presentar-se la segona onada d'Atenci\u00f3 Pell 365. L'objectiu de la campanya \u00e9s conscienciar de la import\u00e0ncia de cuidar la dermis tot l'any. La segona fase s'ha centrat en els f\u00e0rmacs que augmenten la sensibilitat al sol i que fan imprescindible la utilitzaci\u00f3 de protector solar.\",\"breadcrumb\":{\"@id\":\"https:\/\/novaorg.cofb.net\/2019\/12\/13\/novembre-2a-onada-datencio-pell-365-campanya-ccfc-sobre-primeres-dispensacions-beques-cofb\/#breadcrumb\"},\"inLanguage\":\"ca\",\"potentialAction\":[{\"@type\":\"ReadAction\",\"target\":[\"https:\/\/novaorg.cofb.net\/2019\/12\/13\/novembre-2a-onada-datencio-pell-365-campanya-ccfc-sobre-primeres-dispensacions-beques-cofb\/\"]}]},{\"@type\":\"ImageObject\",\"inLanguage\":\"ca\",\"@id\":\"https:\/\/novaorg.cofb.net\/2019\/12\/13\/novembre-2a-onada-datencio-pell-365-campanya-ccfc-sobre-primeres-dispensacions-beques-cofb\/#primaryimage\",\"url\":\"\",\"contentUrl\":\"\"},{\"@type\":\"BreadcrumbList\",\"@id\":\"https:\/\/novaorg.cofb.net\/2019\/12\/13\/novembre-2a-onada-datencio-pell-365-campanya-ccfc-sobre-primeres-dispensacions-beques-cofb\/#breadcrumb\",\"itemListElement\":[{\"@type\":\"ListItem\",\"position\":1,\"name\":\"Inici\",\"item\":\"https:\/\/novaorg.cofb.net\/\"},{\"@type\":\"ListItem\",\"position\":2,\"name\":\"Novembre: la campanya &#8220;Atenci\u00f3 Pell 365&#8221;, atenci\u00f3 farmac\u00e8utica davant primeres dispensacions i les beques del COFB, temes m\u00e9s destacats als mitjans\"}]},{\"@type\":\"WebSite\",\"@id\":\"https:\/\/www.cofb.org\/#website\",\"url\":\"https:\/\/www.cofb.org\/\",\"name\":\"Col\u00b7legi de Farmac\u00e8utics de Barcelona\",\"description\":\"\",\"publisher\":{\"@id\":\"https:\/\/www.cofb.org\/#organization\"},\"potentialAction\":[{\"@type\":\"SearchAction\",\"target\":{\"@type\":\"EntryPoint\",\"urlTemplate\":\"https:\/\/www.cofb.org\/?s={search_term_string}\"},\"query-input\":\"required name=search_term_string\"}],\"inLanguage\":\"ca\"},{\"@type\":\"Organization\",\"@id\":\"https:\/\/www.cofb.org\/#organization\",\"name\":\"Col\u00b7legi de Farmac\u00e8utics de Barcelona\",\"url\":\"https:\/\/www.cofb.org\/\",\"logo\":{\"@type\":\"ImageObject\",\"inLanguage\":\"ca\",\"@id\":\"https:\/\/www.cofb.org\/#\/schema\/logo\/image\/\",\"url\":\"https:\/\/www.cofb.org\/wp-content\/uploads\/2023\/11\/cropped-Logotip-COFB.png\",\"contentUrl\":\"https:\/\/www.cofb.org\/wp-content\/uploads\/2023\/11\/cropped-Logotip-COFB.png\",\"width\":500,\"height\":105,\"caption\":\"Col\u00b7legi de Farmac\u00e8utics de Barcelona\"},\"image\":{\"@id\":\"https:\/\/www.cofb.org\/#\/schema\/logo\/image\/\"},\"sameAs\":[\"https:\/\/www.facebook.com\/farmaceuticsbcn\/\",\"https:\/\/twitter.com\/farmaceuticsbcn\",\"https:\/\/www.instagram.com\/farmaceuticsbcn\/\",\"https:\/\/www.linkedin.com\/company\/farmaceuticsbcn\/\"]},{\"@type\":\"Person\",\"@id\":\"https:\/\/www.cofb.org\/#\/schema\/person\/22ed7eea88da74b0fa4d3154ad87ffcb\",\"name\":\"wpAdminCofbOrg\",\"image\":{\"@type\":\"ImageObject\",\"inLanguage\":\"ca\",\"@id\":\"https:\/\/www.cofb.org\/#\/schema\/person\/image\/\",\"url\":\"https:\/\/secure.gravatar.com\/avatar\/1721b20b3b8ca882c3b56ec6c978c594fff670e40c0718e9190eaeeb76aae7d8?s=96&d=mm&r=g\",\"contentUrl\":\"https:\/\/secure.gravatar.com\/avatar\/1721b20b3b8ca882c3b56ec6c978c594fff670e40c0718e9190eaeeb76aae7d8?s=96&d=mm&r=g\",\"caption\":\"wpAdminCofbOrg\"},\"sameAs\":[\"http:\/\/192.168.64.122\/wordpress\"],\"url\":\"https:\/\/www.cofb.org\/ca\/author\/wpadmincofborg\/\"}]}<\/script>\n<!-- \/ Yoast SEO plugin. -->","yoast_head_json":{"title":"Novembre: la campanya \"Atenci\u00f3 Pell 365\", atenci\u00f3 farmac\u00e8utica davant primeres dispensacions i les beques del COFB, temes m\u00e9s destacats als mitjans - Col\u00b7legi de Farmac\u00e8utics de Barcelona","description":"En plena tardor, va presentar-se la segona onada d'Atenci\u00f3 Pell 365. L'objectiu de la campanya \u00e9s conscienciar de la import\u00e0ncia de cuidar la dermis tot l'any. La segona fase s'ha centrat en els f\u00e0rmacs que augmenten la sensibilitat al sol i que fan imprescindible la utilitzaci\u00f3 de protector solar.","robots":{"index":"index","follow":"follow","max-snippet":"max-snippet:-1","max-image-preview":"max-image-preview:large","max-video-preview":"max-video-preview:-1"},"canonical":"https:\/\/novaorg.cofb.net\/2019\/12\/13\/novembre-2a-onada-datencio-pell-365-campanya-ccfc-sobre-primeres-dispensacions-beques-cofb\/","og_locale":"ca_ES","og_type":"article","og_title":"Novembre: la campanya \"Atenci\u00f3 Pell 365\", atenci\u00f3 farmac\u00e8utica davant primeres dispensacions i les beques del COFB, temes m\u00e9s destacats als mitjans - Col\u00b7legi de Farmac\u00e8utics de Barcelona","og_description":"En plena tardor, va presentar-se la segona onada d'Atenci\u00f3 Pell 365. L'objectiu de la campanya \u00e9s conscienciar de la import\u00e0ncia de cuidar la dermis tot l'any. La segona fase s'ha centrat en els f\u00e0rmacs que augmenten la sensibilitat al sol i que fan imprescindible la utilitzaci\u00f3 de protector solar.","og_url":"https:\/\/novaorg.cofb.net\/2019\/12\/13\/novembre-2a-onada-datencio-pell-365-campanya-ccfc-sobre-primeres-dispensacions-beques-cofb\/","og_site_name":"Col\u00b7legi de Farmac\u00e8utics de Barcelona","article_publisher":"https:\/\/www.facebook.com\/farmaceuticsbcn\/","article_published_time":"2019-12-13T11:24:01+00:00","author":"wpAdminCofbOrg","twitter_card":"summary_large_image","twitter_creator":"@farmaceuticsbcn","twitter_site":"@farmaceuticsbcn","twitter_misc":{"Escrit per":"wpAdminCofbOrg","Temps estimat de lectura":"5 minuts"},"schema":{"@context":"https:\/\/schema.org","@graph":[{"@type":"Article","@id":"https:\/\/novaorg.cofb.net\/2019\/12\/13\/novembre-2a-onada-datencio-pell-365-campanya-ccfc-sobre-primeres-dispensacions-beques-cofb\/#article","isPartOf":{"@id":"https:\/\/novaorg.cofb.net\/2019\/12\/13\/novembre-2a-onada-datencio-pell-365-campanya-ccfc-sobre-primeres-dispensacions-beques-cofb\/"},"author":{"name":"wpAdminCofbOrg","@id":"https:\/\/www.cofb.org\/#\/schema\/person\/22ed7eea88da74b0fa4d3154ad87ffcb"},"headline":"Novembre: la campanya &#8220;Atenci\u00f3 Pell 365&#8221;, atenci\u00f3 farmac\u00e8utica davant primeres dispensacions i les beques del COFB, temes m\u00e9s destacats als mitjans","datePublished":"2019-12-13T11:24:01+00:00","dateModified":"2019-12-13T11:24:01+00:00","mainEntityOfPage":{"@id":"https:\/\/novaorg.cofb.net\/2019\/12\/13\/novembre-2a-onada-datencio-pell-365-campanya-ccfc-sobre-primeres-dispensacions-beques-cofb\/"},"wordCount":983,"commentCount":0,"publisher":{"@id":"https:\/\/www.cofb.org\/#organization"},"image":{"@id":"https:\/\/novaorg.cofb.net\/2019\/12\/13\/novembre-2a-onada-datencio-pell-365-campanya-ccfc-sobre-primeres-dispensacions-beques-cofb\/#primaryimage"},"thumbnailUrl":"","keywords":["#Atenci\u00f3Pell365","Atenci\u00f3 Pell 2019","Automedicaci\u00f3","Beques col\u00b7legials","beques i premis","catSalut","Col\u00b7legi de Farmac\u00e8utics de Barcelona","Consell de Col\u00b7legis de Farmac\u00e8utics de Catalunya","dia mundial de la sida","distribucio i venda online","entrevista","entrevistes","Federaci\u00f3 Espanyola d'Estudiants de Farm\u00e0cia","FEEF","Impagaments","Jordi Casas","Jornades de Formaci\u00f3 en Orat\u00f2ria i C\u00e0rrec de Portaveu","malalties comunes","Mitjans","paper del farmac\u00e8utic","primeres dispensacions","recepta m\u00e8dica","recull de mitjans","Servei Catal\u00e0 de la Salut","setmana mundia","Setmana Mundial de Conscienciaci\u00f3 sobre l'\u00das d'Antibi\u00f2tics","Setmana Mundial de la Immunitzaci\u00f3","sida","VIH"],"articleSection":["Destacats","Not\u00edcies farm\u00e0cia"],"inLanguage":"ca","potentialAction":[{"@type":"CommentAction","name":"Comment","target":["https:\/\/novaorg.cofb.net\/2019\/12\/13\/novembre-2a-onada-datencio-pell-365-campanya-ccfc-sobre-primeres-dispensacions-beques-cofb\/#respond"]}]},{"@type":"WebPage","@id":"https:\/\/novaorg.cofb.net\/2019\/12\/13\/novembre-2a-onada-datencio-pell-365-campanya-ccfc-sobre-primeres-dispensacions-beques-cofb\/","url":"https:\/\/novaorg.cofb.net\/2019\/12\/13\/novembre-2a-onada-datencio-pell-365-campanya-ccfc-sobre-primeres-dispensacions-beques-cofb\/","name":"Novembre: la campanya \"Atenci\u00f3 Pell 365\", atenci\u00f3 farmac\u00e8utica davant primeres dispensacions i les beques del COFB, temes m\u00e9s destacats als mitjans - Col\u00b7legi de Farmac\u00e8utics de Barcelona","isPartOf":{"@id":"https:\/\/www.cofb.org\/#website"},"primaryImageOfPage":{"@id":"https:\/\/novaorg.cofb.net\/2019\/12\/13\/novembre-2a-onada-datencio-pell-365-campanya-ccfc-sobre-primeres-dispensacions-beques-cofb\/#primaryimage"},"image":{"@id":"https:\/\/novaorg.cofb.net\/2019\/12\/13\/novembre-2a-onada-datencio-pell-365-campanya-ccfc-sobre-primeres-dispensacions-beques-cofb\/#primaryimage"},"thumbnailUrl":"","datePublished":"2019-12-13T11:24:01+00:00","dateModified":"2019-12-13T11:24:01+00:00","description":"En plena tardor, va presentar-se la segona onada d'Atenci\u00f3 Pell 365. L'objectiu de la campanya \u00e9s conscienciar de la import\u00e0ncia de cuidar la dermis tot l'any. La segona fase s'ha centrat en els f\u00e0rmacs que augmenten la sensibilitat al sol i que fan imprescindible la utilitzaci\u00f3 de protector solar.","breadcrumb":{"@id":"https:\/\/novaorg.cofb.net\/2019\/12\/13\/novembre-2a-onada-datencio-pell-365-campanya-ccfc-sobre-primeres-dispensacions-beques-cofb\/#breadcrumb"},"inLanguage":"ca","potentialAction":[{"@type":"ReadAction","target":["https:\/\/novaorg.cofb.net\/2019\/12\/13\/novembre-2a-onada-datencio-pell-365-campanya-ccfc-sobre-primeres-dispensacions-beques-cofb\/"]}]},{"@type":"ImageObject","inLanguage":"ca","@id":"https:\/\/novaorg.cofb.net\/2019\/12\/13\/novembre-2a-onada-datencio-pell-365-campanya-ccfc-sobre-primeres-dispensacions-beques-cofb\/#primaryimage","url":"","contentUrl":""},{"@type":"BreadcrumbList","@id":"https:\/\/novaorg.cofb.net\/2019\/12\/13\/novembre-2a-onada-datencio-pell-365-campanya-ccfc-sobre-primeres-dispensacions-beques-cofb\/#breadcrumb","itemListElement":[{"@type":"ListItem","position":1,"name":"Inici","item":"https:\/\/novaorg.cofb.net\/"},{"@type":"ListItem","position":2,"name":"Novembre: la campanya &#8220;Atenci\u00f3 Pell 365&#8221;, atenci\u00f3 farmac\u00e8utica davant primeres dispensacions i les beques del COFB, temes m\u00e9s destacats als mitjans"}]},{"@type":"WebSite","@id":"https:\/\/www.cofb.org\/#website","url":"https:\/\/www.cofb.org\/","name":"Col\u00b7legi de Farmac\u00e8utics de Barcelona","description":"","publisher":{"@id":"https:\/\/www.cofb.org\/#organization"},"potentialAction":[{"@type":"SearchAction","target":{"@type":"EntryPoint","urlTemplate":"https:\/\/www.cofb.org\/?s={search_term_string}"},"query-input":"required name=search_term_string"}],"inLanguage":"ca"},{"@type":"Organization","@id":"https:\/\/www.cofb.org\/#organization","name":"Col\u00b7legi de Farmac\u00e8utics de Barcelona","url":"https:\/\/www.cofb.org\/","logo":{"@type":"ImageObject","inLanguage":"ca","@id":"https:\/\/www.cofb.org\/#\/schema\/logo\/image\/","url":"https:\/\/www.cofb.org\/wp-content\/uploads\/2023\/11\/cropped-Logotip-COFB.png","contentUrl":"https:\/\/www.cofb.org\/wp-content\/uploads\/2023\/11\/cropped-Logotip-COFB.png","width":500,"height":105,"caption":"Col\u00b7legi de Farmac\u00e8utics de Barcelona"},"image":{"@id":"https:\/\/www.cofb.org\/#\/schema\/logo\/image\/"},"sameAs":["https:\/\/www.facebook.com\/farmaceuticsbcn\/","https:\/\/twitter.com\/farmaceuticsbcn","https:\/\/www.instagram.com\/farmaceuticsbcn\/","https:\/\/www.linkedin.com\/company\/farmaceuticsbcn\/"]},{"@type":"Person","@id":"https:\/\/www.cofb.org\/#\/schema\/person\/22ed7eea88da74b0fa4d3154ad87ffcb","name":"wpAdminCofbOrg","image":{"@type":"ImageObject","inLanguage":"ca","@id":"https:\/\/www.cofb.org\/#\/schema\/person\/image\/","url":"https:\/\/secure.gravatar.com\/avatar\/1721b20b3b8ca882c3b56ec6c978c594fff670e40c0718e9190eaeeb76aae7d8?s=96&d=mm&r=g","contentUrl":"https:\/\/secure.gravatar.com\/avatar\/1721b20b3b8ca882c3b56ec6c978c594fff670e40c0718e9190eaeeb76aae7d8?s=96&d=mm&r=g","caption":"wpAdminCofbOrg"},"sameAs":["http:\/\/192.168.64.122\/wordpress"],"url":"https:\/\/www.cofb.org\/ca\/author\/wpadmincofborg\/"}]}},"uagb_featured_image_src":{"full":false,"thumbnail":false,"medium":false,"medium_large":false,"large":false,"1536x1536":false,"2048x2048":false,"trp-custom-language-flag":false},"uagb_author_info":{"display_name":"wpAdminCofbOrg","author_link":"https:\/\/www.cofb.org\/ca\/author\/wpadmincofborg\/"},"uagb_comment_info":0,"uagb_excerpt":"2a onada de la campanya &#8220;Atenci\u00f3 Pell 365&#8221; Aquesta tardor s&#8217;ha presentat la segona onada d&#8217;Atenci\u00f3 Pell 365, una campanya anual que s&#8217;est\u00e0 duent a terme des del COFB i l&#8217;Hospital Cl\u00ednic amb l&#8217;objectiu de conscienciar de la import\u00e0ncia de cuidar la pell tot l&#8217;any. La segona fase s&#8217;ha centrat [&hellip;]","_links":{"self":[{"href":"https:\/\/www.cofb.org\/ca\/wp-json\/wp\/v2\/posts\/48434","targetHints":{"allow":["GET"]}}],"collection":[{"href":"https:\/\/www.cofb.org\/ca\/wp-json\/wp\/v2\/posts"}],"about":[{"href":"https:\/\/www.cofb.org\/ca\/wp-json\/wp\/v2\/types\/post"}],"author":[{"embeddable":true,"href":"https:\/\/www.cofb.org\/ca\/wp-json\/wp\/v2\/users\/1"}],"replies":[{"embeddable":true,"href":"https:\/\/www.cofb.org\/ca\/wp-json\/wp\/v2\/comments?post=48434"}],"version-history":[{"count":0,"href":"https:\/\/www.cofb.org\/ca\/wp-json\/wp\/v2\/posts\/48434\/revisions"}],"wp:featuredmedia":[{"embeddable":true,"href":"https:\/\/www.cofb.org\/ca\/wp-json\/"}],"wp:attachment":[{"href":"https:\/\/www.cofb.org\/ca\/wp-json\/wp\/v2\/media?parent=48434"}],"wp:term":[{"taxonomy":"category","embeddable":true,"href":"https:\/\/www.cofb.org\/ca\/wp-json\/wp\/v2\/categories?post=48434"},{"taxonomy":"post_tag","embeddable":true,"href":"https:\/\/www.cofb.org\/ca\/wp-json\/wp\/v2\/tags?post=48434"}],"curies":[{"name":"wp","href":"https:\/\/api.w.org\/{rel}","templated":true}]}}