{"id":47964,"date":"2019-11-20T14:53:29","date_gmt":"2019-11-20T12:53:29","guid":{"rendered":"https:\/\/blog.cofb.cat\/?p=47964"},"modified":"2019-11-20T14:53:29","modified_gmt":"2019-11-20T12:53:29","slug":"campanya-del-cofb-sobre-la-recepta-medica-en-medicaments-com-libuprofen-i-el-paracetamol-activitats-formatives-i-diada-del-farmaceutic-els-temes-mes-destacats-als-mitjans","status":"publish","type":"post","link":"https:\/\/www.cofb.org\/ca\/2019\/11\/20\/campanya-del-cofb-sobre-la-recepta-medica-en-medicaments-com-libuprofen-i-el-paracetamol-activitats-formatives-i-diada-del-farmaceutic-els-temes-mes-destacats-als-mitjans\/","title":{"rendered":"Octubre: Campanya del COFB sobre la import\u00e0ncia de la recepta m\u00e8dica, activitats formatives i Diada del Farmac\u00e8utic, temes m\u00e9s destacats als mitjans"},"content":{"rendered":"<h1><strong>Campanya del COFB sobre la import\u00e0ncia de la recepta m\u00e8dica en medicaments com l\u2019ibuprof\u00e8n i el paracetamol<\/strong><\/h1>\n<p>El passat 21 d&#8217;octubre, el Col\u00b7legi va iniciar una <strong>campanya de<\/strong> conscienciaci\u00f3<strong> de la import\u00e0ncia de la recepta en medicaments amb prescripci\u00f3 m\u00e8dica<\/strong>. En aquesta ocasi\u00f3 es va centrar en <strong>l&#8217;ibuprof\u00e8n i el paracetamol<\/strong>, i es preveu realitzar-ne una altra amb els antibi\u00f2tics.<\/p>\n<p>Aquesta campanya va tenir ress\u00f2 en diversos mitjans: <a href=\"https:\/\/www.lavanguardia.com\/vida\/20191021\/471117585151\/farmaceuticos-quieren-concienciar-sobre-los-farmacos-que-necesitan-receta.html\" target=\"_blank\" rel=\"noopener\">La Vanguardia<\/a>, la <a href=\"https:\/\/www.cope.es\/emisoras\/cataluna\/barcelona-provincia\/barcelona\/noticias\/colegio-farmaceuticos-inicia-una-campana-para-concienciar-sobre-importancia-las-recetas-20191021_532244\" target=\"_blank\" rel=\"noopener\">Cope<\/a>, <a href=\"https:\/\/www.elpuntavui.cat\/societat\/article\/14-salut\/1683857-campanya-dels-farmaceutics-per-conscienciar-sobre-la-importancia-de-la-recepta.html\" target=\"_blank\" rel=\"noopener\">El Punt Avui<\/a>, <a href=\"https:\/\/beteve.cat\/societat\/colegi-farmaceutics-engega-campanya-us-medicaments\/\" target=\"_blank\" rel=\"noopener\">Betev\u00e9<\/a>, <a href=\"https:\/\/www.vilaweb.cat\/noticies\/el-collegi-de-farmaceutics-engega-una-campanya-per-conscienciar-sobre-la-importancia-de-la-recepta-en-alguns-medicaments\/\" target=\"_blank\" rel=\"noopener\">Vilaweb<\/a>, <a href=\"https:\/\/www.larepublica.cat\/minut-a-minut\/el-collegi-de-farmaceutics-engega-una-campanya-per-conscienciar-sobre-la-importancia-de-la-recepta-en-alguns-medicaments\/\" target=\"_blank\" rel=\"noopener\">La Rep\u00fablica<\/a>\u00a0i\u00a0La Ma\u00f1ana (versi\u00f3 impresa). Tamb\u00e9 se&#8217;n van fer-hi refer\u00e8ncia el <a href=\"https:\/\/www.diaridegirona.cat\/salut\/2019\/10\/24\/collegi-farmaceutics-consciencia-sobre-importancia\/1009671.html\" target=\"_blank\" rel=\"noopener\">Diari de Girona<\/a> (a la versi\u00f3 online i a la impresa), <a href=\"https:\/\/www.imfarmacias.es\/noticia\/18978\/el-cof-de-barcelona-conciencia-sobre-la-importancia-de-la-receta-en-lo\" target=\"_blank\" rel=\"noopener\">imFarmacias<\/a>, <a href=\"https:\/\/www.diariofarma.com\/2019\/10\/21\/el-cof-de-barcelona-lanza-una-campana-de-concienciacion-sobre-los-medicamentos-que-requieren-receta\" target=\"_blank\" rel=\"noopener\">Diariofarma<\/a>, <a href=\"http:\/\/elfarmaceutico.es\/index.php\/noticias-actualidad-farmaceutica\/item\/10403-el-cof-de-barcelona-pone-en-marcha-una-campana-sobre-la-receta-en-los-medicamentos-que-requieren-prescripcion-medica#.XcFcC1VKiUl\" target=\"_blank\" rel=\"noopener\">El Farmac\u00e9utico<\/a>, <a href=\"https:\/\/revistafarmanatur.com\/gestion-farmaceutica\/cofb-lanza-una-campana-prescripcion-medica\/\" target=\"_blank\" rel=\"noopener\">Revista Farmanatur<\/a>, <a href=\"http:\/\/www.revistaacofar.com\/revista\/actualidad\/actualidades\/11620-el-cof-de-barcelona-pone-en-marcha-una-campana-para-concienciar-a-la-poblacion-sobre-la-importancia-de-la-receta-en-aquellos-medicamentos-que-requieren-prescripcion-medica\" target=\"_blank\" rel=\"noopener\">Revista Acofar<\/a> i Sanifax.<\/p>\n<p><a href=\"https:\/\/blog.cofb.cat\/wp-content\/uploads\/2019\/11\/1-1.png\"><img fetchpriority=\"high\" decoding=\"async\" class=\"aligncenter size-large wp-image-48247\" src=\"https:\/\/blog.cofb.cat\/wp-content\/uploads\/2019\/11\/1-1-1024x529.png\" alt=\"\" width=\"620\" height=\"320\" \/><\/a><\/p>\n<div class=\"custom-divider\"><\/div>\n<p>Arrel d&#8217;aquesta visibilitat, la Cadena Cope <a href=\"https:\/\/www.cope.es\/emisoras\/cataluna\/barcelona-provincia\/barcelona\/el-mati-cope-catalunya-i-andorra\/audios\/herrera-cope-cat-and-20191024_902604\" target=\"_blank\" rel=\"noopener\">va entrevistar al secretari del COFB Jordi Casas<\/a> (minut 25:20). D&#8217;altra banda, <a href=\"https:\/\/twitter.com\/ElSubmari\/status\/1186964012795420672?s=20\" target=\"_blank\" rel=\"noopener\">R\u00e0dio Terrassa va entrevistar a Joan Brugueras<\/a>, coordinador de les farm\u00e0cies del Vall\u00e8s Occidental Oest.<\/p>\n<h1><strong>Activitats formatives del COFB<\/strong><\/h1>\n<h3><strong>Presentaci\u00f3 del Programa de Formaci\u00f3 Continuada 2019-2020<\/strong><\/h3>\n<p>Coincidint amb l\u2019inici del curs acad\u00e8mic 2019-2020, el Col\u00b7legi va enviar una nota de premsa per informar de la <strong>presentaci\u00f3 del Programa de Formaci\u00f3 Continuada 2019-2020,<\/strong> que inclou un 40% de cursos i confer\u00e8ncies de nova creaci\u00f3. Se\u2019n van fer ress\u00f2 diversos mitjans de la premsa especialitzada: <a href=\"https:\/\/www.imfarmacias.es\/noticia\/18989\/el-cof-de-barcelona-pone-en-marcha-el-programa-formativo-20192020\" target=\"_blank\" rel=\"noopener\">imFarmacias<\/a>, <a href=\"https:\/\/www.diariofarma.com\/2019\/10\/23\/el-cof-de-barcelona-presenta-su-oferta-formativa-para-el-nuevo-curso\" target=\"_blank\" rel=\"noopener\">Diariofarma<\/a>, <a href=\"https:\/\/www.farmaventas.es\/noticias-del-sector\/otras-noticias\/9518-el-col-legi-de-farmaceutics-de-barcelona-inaugura-el-programa-formativo-2019-2020-con-un-40-de-cursos-y-conferencias-de-nueva-creacion.html\" target=\"_blank\" rel=\"noopener\">Farmaventas<\/a>, <a href=\"http:\/\/www.revistaacofar.com\/revista\/actualidad\/actualidades\/11635-el-col-legi-de-farmaceutics-de-barcelona-inaugura-el-programa-formativo-2019-2020-con-un-40-de-cursos-y-conferencias-de-nueva-creacion\" target=\"_blank\" rel=\"noopener\">Revista Acofar<\/a> i Sanifax.<\/p>\n<p><a href=\"https:\/\/blog.cofb.cat\/wp-content\/uploads\/2019\/11\/2.png\"><img decoding=\"async\" class=\"aligncenter size-large wp-image-48248\" src=\"https:\/\/blog.cofb.cat\/wp-content\/uploads\/2019\/11\/2-1024x592.png\" alt=\"\" width=\"620\" height=\"358\" \/><\/a><\/p>\n<div class=\"custom-divider\"><\/div>\n<h3><strong>Inauguraci\u00f3 de la XV edici\u00f3 del MGOF<\/strong><\/h3>\n<p>Durant la inauguraci\u00f3 de la\u00a0<strong>XV edici\u00f3 del M\u00e0ster de Gesti\u00f3 de l&#8217;Oficina de Farm\u00e0cia\u00a0 (MGOF)<\/strong>, el president del COFB, Jordi de Dalmases, va destacar que \u201cla professi\u00f3 ha de mirar cap al futur\u201d, en refer\u00e8ncia als\u00a0reptes als quals s\u2019enfronta el col\u00b7lectiu de cara als anys vinents. Els mitjans especialitzats\u00a0 <a href=\"https:\/\/www.imfarmacias.es\/noticia\/19055\/el-master-de-gestion-de-la-oficina-de-farmacia-del-cof-de-barcelona\" target=\"_blank\" rel=\"noopener\">imFarmacias<\/a>, <a href=\"https:\/\/www.diariofarma.com\/2019\/10\/29\/de-dalmases-llama-a-la-farmacia-a-mirar-al-futuro-en-el-inicio-del-master-de-gestion-del-cof-de-barcelona\" target=\"_blank\" rel=\"noopener\">Diariofarma<\/a>, <a href=\"http:\/\/www.revistaacofar.com\/revista\/actualidad\/actualidades\/11638-inauguracion-de-la-xv-edicion-del-master-de-gestion-de-la-oficina-de-farmacia-mgof-nuestra-profesion-tiene-que-mirar-hacia-el-futuro\" target=\"_blank\" rel=\"noopener\">Revista Acofar<\/a>, <a href=\"https:\/\/www.farmaventas.es\/noticias-del-sector\/otras-noticias\/9551-inauguracion-de-la-xv-edicion-del-master-de-gestion-de-la-oficina-de-farmacia-mgof.html\" target=\"_blank\" rel=\"noopener\">Farmaventas<\/a> i Sanifax van recollir aquestes declaracions, aix\u00ed com els objectius del M\u00e0ster i valoracions d&#8217;alumnes de l&#8217;anterior edici\u00f3.<\/p>\n<p><a href=\"https:\/\/blog.cofb.cat\/wp-content\/uploads\/2019\/11\/3.png\"><img decoding=\"async\" class=\"aligncenter size-large wp-image-48249\" src=\"https:\/\/blog.cofb.cat\/wp-content\/uploads\/2019\/11\/3-1024x643.png\" alt=\"\" width=\"620\" height=\"389\" \/><\/a><\/p>\n<div class=\"custom-divider\"><\/div>\n<h3><strong>Curs sobre intervenci\u00f3 farmac\u00e8utica en disf\u00e0gia<\/strong><\/h3>\n<p>Per\u00a0<strong>augmentar el coneixement<\/strong>\u00a0al voltant de la disf\u00e0gia,\u00a0<strong>\u00c0gora de Nutrici\u00f3 i Salut<\/strong>, impulsada pels Col\u00b7legis Farmac\u00e8utics de Barcelona i Madrid -a trav\u00e9s d\u2019\u00c0gora Sanit\u00e0ria- i Nestl\u00e9 Health Science, van posar en marxa la primera edici\u00f3 del curs\u00a0<strong>\u201cDisf\u00e0gia, intervenci\u00f3 farmac\u00e8utica i solucions&#8221;.\u00a0<\/strong>A partir de la nota de premsa que va enviar el Col\u00b7legi, on s&#8217;aprofundia, entre altres aspectes, sobre els continguts del curs i la import\u00e0ncia d&#8217;un abordatge multidisciplinari, quatre mitjans van publicar una not\u00edcia: <a href=\"https:\/\/www.imfarmacias.es\/noticia\/18865\/la-disfagia-centra-un-nuevo-curso-del-agora-de-nutricion-y-salud\" target=\"_blank\" rel=\"noopener\">imFarmacias<\/a>, <a href=\"https:\/\/www.farmaventas.es\/noticias-del-sector\/otras-noticias\/9458-agora-de-nutricion-y-salud-pone-en-marcha-la-primera-edicion-del-curso-sobre-intervencion-farmaceutica-en-disfagia.html\" target=\"_blank\" rel=\"noopener\">Farmaventas<\/a>, <a href=\"http:\/\/www.revistaacofar.com\/revista\/actualidad\/actualidades\/11586-agora-de-nutricion-y-salud-pone-en-marcha-la-primera-edicion-del-curso-sobre-intervencion-farmaceutica-en-disfagia-una-patologia-que-puede-afectar-hasta-el-30-40-de-la-poblacion-de-mas-de-65-anos\" target=\"_blank\" rel=\"noopener\">Revista Acofar<\/a> i Sanifax.<\/p>\n<p><a href=\"https:\/\/blog.cofb.cat\/wp-content\/uploads\/2019\/11\/4.png\"><img loading=\"lazy\" decoding=\"async\" class=\"aligncenter size-large wp-image-48250\" src=\"https:\/\/blog.cofb.cat\/wp-content\/uploads\/2019\/11\/4-1024x785.png\" alt=\"\" width=\"620\" height=\"475\" \/><\/a><\/p>\n<div class=\"custom-divider\"><\/div>\n<h1><strong>Diada del Farmac\u00e8utic<\/strong><\/h1>\n<p>El 8 d&#8217;octubre es va celebrar al Palau de la M\u00fasica Catalana la <strong>Diada del Farmac\u00e8utic,<\/strong> on es va homenatjar els <strong>professionals que complien 25 i 50 anys de col\u00b7legiaci\u00f3.<\/strong> El president del COFB, Jordi de Dalmases, durant el seu discurs va destacar que els farmac\u00e8utics\u00a0&#8220;hem de formar part de la soluci\u00f3 als problemes i necessitats que tindr\u00e0 la societat en les pr\u00f2ximes d\u00e8cades&#8221;<strong id=\"yui_patched_v3_11_0_1_1574266191344_345\">\u00a0<\/strong>i es va referir a la digitalitzaci\u00f3 com un dels grans reptes del futur. La cr\u00f2nica de l&#8217;acte va ser \u00e0mpliament recollida per la premsa especialitzada, concretament, per\u00a0<a href=\"https:\/\/www.correofarmaceutico.com\/profesion\/farmacia-comunitaria\/diada-del-farmaceutico-jordi-de-dalmases-destaca-la-implicacion-del-farmaceutico-con-la-sociedad.html\" target=\"_blank\" rel=\"noopener\">Correo Farmac\u00e9utico<\/a>, <a href=\"https:\/\/www.imfarmacias.es\/noticia\/18881\/el-cof-de-barcelona-conmemora-la-diada-del-farmaceutic\" target=\"_blank\" rel=\"noopener\">imFarmacias<\/a>, <a href=\"http:\/\/elfarmaceutico.es\/index.php\/noticias-actualidad-farmaceutica\/item\/10379-el-col-legi-de-farmaceutics-de-barcelona-celebro-la-diada-del-farmaceutic#.XcFuOFVKiUl\" target=\"_blank\" rel=\"noopener\">El Farmac\u00e9utico<\/a>, <a href=\"http:\/\/www.auladelafarmacia.com\/articulo\/noticias\/mirada-futuro-diada-farmaceutic-2019\/20191010145759003236.html\" target=\"_blank\" rel=\"noopener\">Aula de Farmacia<\/a>, <a href=\"https:\/\/www.farmaventas.es\/noticias-del-sector\/otras-noticias\/9470-la-diada-del-farmaceutic-que-se-celebro-anoche-en-el-palau-de-la-musica-catalana.html\" target=\"_blank\" rel=\"noopener\">Farmaventas<\/a>, <a href=\"https:\/\/www.diariofarma.com\/2019\/10\/10\/de-dalmases-defiende-la-apuesta-por-una-farmacia-asistencial-y-digital\" target=\"_blank\" rel=\"noopener\">Diariofarma<\/a>, <a href=\"http:\/\/www.revistaacofar.com\/revista\/actualidad\/actualidades\/11594-los-farmaceuticos-tenemos-que-formar-parte-de-la-solucion-a-los-problemas-y-necesidades-que-tendra-la-sociedad-en-las-proximas-decadas\" target=\"_blank\" rel=\"noopener\">Revista Acofar<\/a>, <a href=\"https:\/\/revistafarmanatur.com\/gestion-farmaceutica\/cofb-la-diada-del-farmaceutic-2019\/\" target=\"_blank\" rel=\"noopener\">Revista Farmanatur<\/a> i Sanifax.<\/p>\n<p><a href=\"https:\/\/blog.cofb.cat\/wp-content\/uploads\/2019\/11\/5.jpg\"><img loading=\"lazy\" decoding=\"async\" class=\"aligncenter size-large wp-image-48201\" src=\"https:\/\/blog.cofb.cat\/wp-content\/uploads\/2019\/11\/5-1024x493.jpg\" alt=\"\" width=\"620\" height=\"298\" \/><\/a><\/p>\n<div class=\"custom-divider\"><\/div>\n<h1><strong>Entrevista a Jordi de Dalmases, president del COFB<\/strong><\/h1>\n<p>El portal especialitzat Aula de la Farmacia va realitzar una <a href=\"http:\/\/www.auladelafarmacia.com\/articulo\/reportajes\/pedimos-farmaceuticos-responsables-politicos-es-dialogo-momento-tomar-decisiones\/20191004083931003215.html\" target=\"_blank\" rel=\"noopener\"><strong>entrevista al president del Col\u00b7legi, Jordi de Dalmases<\/strong><\/a>, en la qual va repassar <strong>temes d&#8217;actualitat, la pres\u00e8ncia de la dona a les professions sanit\u00e0ries, els desabastiments i la digitalitzaci\u00f3,<\/strong> entre d&#8217;altres. A la pregunta sobre qu\u00e8 demanen els farmac\u00e8utics als responsables pol\u00edtics davant la situaci\u00f3 actual que viu la Sanitat, De Dalmases va contestar que el que demanen \u00e9s di\u00e0leg en el moment de prendre decisions, declaraci\u00f3 que va escollir Aula de la Farmacia com a titular de l&#8217;entrevista.<\/p>\n<p><a href=\"https:\/\/blog.cofb.cat\/wp-content\/uploads\/2019\/11\/6.jpg\"><img loading=\"lazy\" decoding=\"async\" class=\"aligncenter size-large wp-image-48202\" src=\"https:\/\/blog.cofb.cat\/wp-content\/uploads\/2019\/11\/6-1024x760.jpg\" alt=\"\" width=\"620\" height=\"460\" \/><\/a><\/p>\n<div class=\"custom-divider\"><\/div>\n<h1><strong>El COFB com a font d&#8217;informaci\u00f3<\/strong><\/h1>\n<h3><strong>Retirada del mercat de medicaments que contenen ranitidina via oral<\/strong><\/h3>\n<p>L&#8217;Ag\u00e8ncia Espanyola del Medicament i Productes Sanitaris va <strong>retirar preventivament la ranitidina pels seus possibles efectes cancer\u00edgens.<\/strong> Diferents portaveus del COFB van aclarir els dubtes en relaci\u00f3 a aquest tema: <a href=\"https:\/\/www.rac1.cat\/a-la-carta\/el-mon\" target=\"_blank\" rel=\"noopener\">El M\u00f3n a RAC1<\/a> va recollir declaracions de la responsable del Centre d&#8217;Informaci\u00f3 del Medicament del COFB, Maria Perell\u00f3, (programa del 3\/10 a la franja de 8 a 9, concretament al minut 30); Jordi Casas, secretari del Col\u00b7legi, va intervenir\u00a0 a <a href=\"https:\/\/www.cope.es\/emisoras\/cataluna\/barcelona-provincia\/barcelona\/el-mati-cope-catalunya-i-andorra\/audios\/herrera-cope-cat-and-20191003_873752\" target=\"_blank\" rel=\"noopener\">Cope Catalunya<\/a> (del minut 28&#8217;06&#8221; al 33&#8242; 43&#8243;) i\u00a0<span style=\"color: #000000;\">Francisca Aranzana, vocal d&#8217;Oficina de Farm\u00e0cia del COFB, <a href=\"https:\/\/cronicaglobal.elespanol.com\/cronica-directo\/curiosidades\/embarazo-medicamento-cancerigeno-ranitidina_280332_102.html\" target=\"_blank\" rel=\"noopener\">va respondre a Cr\u00f3nica Global<\/a>.<\/span><\/p>\n<h3><strong>Tests d&#8217;intoler\u00e0ncia aliment\u00e0ria a les farm\u00e0cies<\/strong><\/h3>\n<p><a href=\"https:\/\/www.rac1.cat\/societat\/20191001\/47724631474\/test-intolerancia-alimentaria-farmacies-engany-perill-allergia-farmaceutics.html\" target=\"_blank\" rel=\"noopener\">RAC1<\/a> va publicar una pe\u00e7a sobre el<strong>s tests d&#8217;intoler\u00e0ncia aliment\u00e0ria que es fan a algunes farm\u00e0cies,<\/strong> en la qual va incloure declaracions de la responsable del Centre d&#8217;Informaci\u00f3 del Medicament del COFB, Maria Perell\u00f3.\u00a0&#8220;Ara per ara, no hi ha cap prova cient\u00edfica que els avali, i no podem oferir un producte o test que no tingui suport cient\u00edfic&#8221;, va assegurar Perell\u00f3. Tamb\u00e9 es va tractar aquest tema als<a href=\"https:\/\/twitter.com\/linformatiu_tve\/status\/1183076597886263297\" target=\"_blank\" rel=\"noopener\"> informatius de TVE<\/a>.<\/p>\n<p><a href=\"https:\/\/blog.cofb.cat\/wp-content\/uploads\/2019\/11\/7.png\"><img loading=\"lazy\" decoding=\"async\" class=\"aligncenter size-large wp-image-48251\" src=\"https:\/\/blog.cofb.cat\/wp-content\/uploads\/2019\/11\/7-1024x642.png\" alt=\"\" width=\"620\" height=\"389\" \/><\/a><\/p>\n<div class=\"custom-divider\"><\/div>\n<h3><strong>Desfibril\u00b7ladors a les farm\u00e0cies<\/strong><\/h3>\n<p>Correo Farmac\u00e9utico va publicar el reportatge\u00a0<strong><a href=\"https:\/\/www.correofarmaceutico.com\/autocuidado\/cuando-la-farmacia-puede-salvar-vidas.html\" target=\"_blank\" rel=\"noopener\">&#8220;Desfibriladores en la farmacia: un servicio de vital importancia&#8221;<\/a>,<\/strong> tant a la versi\u00f3 online com a la impresa, incloent-hi declaracions de Francisca Aranzana, vocal d&#8217;Oficina de Farm\u00e0cia del COFB. Segons Aranzana,<strong>\u00a0<\/strong>&#8220;per la proximitat de les farm\u00e0cies s\u00f3n un lloc ideal per a instal\u00b7lar els desfibril\u00b7ladors. Cada 250 metres n&#8217;hi ha una i aix\u00f2 facilita una xarxa d&#8217;atenci\u00f3 de primera l\u00ednia molt important que pot ajudar a salvar vides, com ja ha passat&#8221;.<\/p>\n<p><a href=\"https:\/\/blog.cofb.cat\/wp-content\/uploads\/2019\/11\/8.jpg\"><img loading=\"lazy\" decoding=\"async\" class=\"aligncenter size-large wp-image-48204\" src=\"https:\/\/blog.cofb.cat\/wp-content\/uploads\/2019\/11\/8-1024x723.jpg\" alt=\"\" width=\"620\" height=\"438\" \/><\/a><\/p>\n<div class=\"custom-divider\"><\/div>\n<h3><strong>Nanotecnologia aplicada a les farm\u00e0cies<\/strong><\/h3>\n<p>Marta Alcalde, vocal de Dermofarm\u00e0cia i Productes Sanitaris del COFB, va atendre a Correo Farmac\u00e9utico\u00a0per parlar sobre <strong><a href=\"https:\/\/www.correofarmaceutico.com\/autocuidado\/formulas-nano-que-mejoran-las-opciones-en-dermofarmacia.html\" target=\"_blank\" rel=\"noopener\">l&#8217;\u00fas de la nanotecnologia en el camp de la cosm\u00e8tica<\/a><\/strong>. Va repassar la normativa de l&#8217;aplicaci\u00f3 d&#8217;aquests productes i els possibles riscos cap a les persones i el medi ambient, considerant necessaris m\u00e9s estudis sobre la seguretat d&#8217;aquests materials.<\/p>\n<div class=\"custom-divider\"><\/div>\n<h3><strong>\u00c0cid acetilsalic\u00edlic<\/strong><\/h3>\n<p>Mar\u00eda Perell\u00f3, responsable del Centre d&#8217;Informaci\u00f3 del Medicament del COFB, va respondre a Cu\u00eddate Plus diferents <strong>q\u00fcestions al voltant de l<a href=\"https:\/\/cuidateplus.marca.com\/medicamentos\/2019\/10\/22\/acido-acetilsalicilico-cuando-como-debemos-tomarlo-171147.html\" target=\"_blank\" rel=\"noopener\">&#8216;\u00e0cid\u00a0acetilsalic\u00edlic<\/a>.<\/strong> Entre altres temes, va abordar<strong> en quins casos est\u00e0 recomanat el seu \u00fas i quines contraindicacions pot presentar.<\/strong><\/p>\n<div class=\"custom-divider\"><\/div>\n<h1><strong>Mencions al COFB<\/strong><\/h1>\n<h3><strong>XI Congr\u00e9s Nacional d&#8217;Atenci\u00f3 Farmac\u00e8utica organitzat per\u00a0<em>Pharmaceutical Care<\/em> a Cadis<\/strong><\/h3>\n<p>Cadis va acollir l&#8217;XI Congr\u00e9s d&#8217;Atenci\u00f3 farmac\u00e8utica i la vocal d&#8217;Investigaci\u00f3 i Doc\u00e8ncia del COFB, Pilar Gasc\u00f3n, va moderar-hi la taula anomenada &#8220;Com fer-ho? Siguem &#8216;influencers'&#8221;. El responsable d&#8217;Atenci\u00f3 Farmac\u00e8utica del COFB, Guillermo Bagar\u00eda, tamb\u00e9 va participar-hi com a ponent. Tres mitjans van fer cr\u00f2nica de l&#8217;esdeveniment: <a href=\"https:\/\/www.diariofarma.com\/2019\/10\/04\/como-ser-un-farmaceutico-influencer-en-la-farmacoterapia-de-los-pacientes\" target=\"_blank\" rel=\"noopener\">Diariofarma<\/a>, <a href=\"https:\/\/www.imfarmacias.es\/noticia\/18841\/el-farmaceutico-influencer-un-reto-por-conseguir\" target=\"_blank\" rel=\"noopener\">imFarmacias<\/a> i <a href=\"https:\/\/www.correofarmaceutico.com\/profesion\/farmacia-comunitaria\/complicidad-rigor-y-empatia-ejes-para-ser-un-influencer-para-el-paciente.html\" target=\"_blank\" rel=\"noopener\">Correo Farmac\u00e9utico<\/a>.<\/p>\n<h3><strong>Premi F\u00f2rum d&#8217;Atenci\u00f3 Farmac\u00e8utica en Farm\u00e0cia Comunit\u00e0ria 2019<\/strong><\/h3>\n<p>El col\u00b7legiat del COFB Marc Garc\u00eda Gonz\u00e1lez va ser el premiat pel F\u00f2rum d&#8217;Atenci\u00f3 Farmac\u00e8utica pel cas &#8220;Servei de Seguiment Farmacoterap\u00e8utic a una pacient amb\u00a0<em>diabetis mellitus<\/em> i insifici\u00e8ncia renal&#8221;. <a href=\"https:\/\/www.diariofarma.com\/2019\/10\/07\/premio-foro-2019-seguimiento-farmacoterapeutico-a-un-paciente-con-diabetes-e-insuficiencia-renal\" target=\"_blank\" rel=\"noopener\">Diariofarma <\/a>va fer una cr\u00f2nica de l&#8217;entrega de premis i <a href=\"https:\/\/www.actasanitaria.com\/marc-garcia-foro\/\" target=\"_blank\" rel=\"noopener\">Acta Sanitaria<\/a> tamb\u00e9 va recollir-ho en una nota.<\/p>\n<h3><strong>Programa de detecci\u00f3 preco\u00e7 de c\u00e0ncer de c\u00f2lon i recte a les oficines de farm\u00e0cia<\/strong><\/h3>\n<p>El programa &#8220;La Ciencia de la Salud&#8221;, de TVE, va emetre el reportatge titulat <a href=\"http:\/\/www.rtve.es\/alacarta\/videos\/la-ciencia-de-la-salud\/ciencia-salud-intestino-camino-nueve-metros\/5402569\/\" target=\"_blank\" rel=\"noopener\">&#8220;L&#8217;intest\u00ed, un cam\u00ed de nou metres&#8221;<\/a>. La farmac\u00e8utica Carme Ulied hi va intervenir en el moment en qu\u00e8 es parla del Programa de detecci\u00f3 preco\u00e7 de c\u00e0ncer de c\u00f2lon i recte, que compta amb la participaci\u00f3 de les farm\u00e0cies\u00a0(minuts 22:50 a 25:24).<\/p>\n<p><strong>Altres temes relacionats<\/strong><\/p>\n<ul>\n<li><a href=\"https:\/\/blog.cofb.cat\/setembre-dia-mundial-del-farmaceutic-desabastiment-de-medicaments-i-el-master-dortopedia-del-cofb-i-la-ub-temes-mes-destacats-als-mitjans\/\" target=\"_blank\" rel=\"noopener\">Setembre: el desabastiment de medicaments, el M\u00e0ster d\u2019ortop\u00e8dia del COFB i la UB i el Dia Mundial del Farmac\u00e8utic, temes m\u00e9s destacats als mitjans<\/a><br \/>\n(Octubre 2019).<\/li>\n<li><a href=\"https:\/\/blog.cofb.cat\/recull-de-mitjans-agost-consell-alimentari-a-la-farmacia-publicacio-de-la-memoria-2018-del-cofb-i-el-desabastiment-de-medicaments-temes-mes-destacats-als-mitjans\/\" target=\"_blank\" rel=\"noopener\">Agost: desabastiment de medicaments, publicaci\u00f3 de la Mem\u00f2ria 2018 del COFB i el consell alimentari a la farm\u00e0cia, temes m\u00e9s destacats als mitjans (Setembre 2019)<\/a><\/li>\n<li><a href=\"https:\/\/blog.cofb.cat\/juliol-campanya-atencio-pell-365-redisseny-web-institucional-temes-mes-destacats-als-mitjans\/\" target=\"_blank\" rel=\"noopener\">Juliol: La campanya \u201cAtenci\u00f3 Pell 365\u201d i el redisseny de la web institucional, temes m\u00e9s destacats als mitjans (Agost 2019)<\/a><\/li>\n<\/ul>\n","protected":false},"excerpt":{"rendered":"<p>Campanya del COFB sobre la import\u00e0ncia de la recepta m\u00e8dica en medicaments com l\u2019ibuprof\u00e8n i el paracetamol El passat 21 d&#8217;octubre, el Col\u00b7legi va iniciar una campanya de conscienciaci\u00f3 de la import\u00e0ncia de la recepta en medicaments amb prescripci\u00f3 m\u00e8dica. En aquesta ocasi\u00f3 es va centrar en l&#8217;ibuprof\u00e8n i el [&hellip;]<\/p>\n","protected":false},"author":1,"featured_media":48262,"comment_status":"open","ping_status":"open","sticky":false,"template":"","format":"standard","meta":{"_uag_custom_page_level_css":"","site-sidebar-layout":"default","site-content-layout":"","ast-site-content-layout":"default","site-content-style":"default","site-sidebar-style":"default","ast-global-header-display":"","ast-banner-title-visibility":"","ast-main-header-display":"","ast-hfb-above-header-display":"","ast-hfb-below-header-display":"","ast-hfb-mobile-header-display":"","site-post-title":"","ast-breadcrumbs-content":"","ast-featured-img":"disabled","footer-sml-layout":"","theme-transparent-header-meta":"","adv-header-id-meta":"","stick-header-meta":"","header-above-stick-meta":"","header-main-stick-meta":"","header-below-stick-meta":"","astra-migrate-meta-layouts":"default","ast-page-background-enabled":"default","ast-page-background-meta":{"desktop":{"background-color":"var(--ast-global-color-4)","background-image":"","background-repeat":"repeat","background-position":"center center","background-size":"auto","background-attachment":"scroll","background-type":"","background-media":"","overlay-type":"","overlay-color":"","overlay-opacity":"","overlay-gradient":""},"tablet":{"background-color":"","background-image":"","background-repeat":"repeat","background-position":"center center","background-size":"auto","background-attachment":"scroll","background-type":"","background-media":"","overlay-type":"","overlay-color":"","overlay-opacity":"","overlay-gradient":""},"mobile":{"background-color":"","background-image":"","background-repeat":"repeat","background-position":"center center","background-size":"auto","background-attachment":"scroll","background-type":"","background-media":"","overlay-type":"","overlay-color":"","overlay-opacity":"","overlay-gradient":""}},"ast-content-background-meta":{"desktop":{"background-color":"var(--ast-global-color-5)","background-image":"","background-repeat":"repeat","background-position":"center center","background-size":"auto","background-attachment":"scroll","background-type":"","background-media":"","overlay-type":"","overlay-color":"","overlay-opacity":"","overlay-gradient":""},"tablet":{"background-color":"var(--ast-global-color-5)","background-image":"","background-repeat":"repeat","background-position":"center center","background-size":"auto","background-attachment":"scroll","background-type":"","background-media":"","overlay-type":"","overlay-color":"","overlay-opacity":"","overlay-gradient":""},"mobile":{"background-color":"var(--ast-global-color-5)","background-image":"","background-repeat":"repeat","background-position":"center center","background-size":"auto","background-attachment":"scroll","background-type":"","background-media":"","overlay-type":"","overlay-color":"","overlay-opacity":"","overlay-gradient":""}},"footnotes":""},"categories":[23,32],"tags":[467,18,19,527,2357,970,3379,2123,3535,3660,865,3724,3725],"class_list":["post-47964","post","type-post","status-publish","format-standard","has-post-thumbnail","hentry","category-destacats","category-noticies-farmacia","tag-activitats-formatives","tag-cofb","tag-collegi-de-farmaceutics-de-barcelona","tag-curs","tag-desfibrillador","tag-diada-del-farmaceutic","tag-ibuprofen","tag-jordi-de-dalmases","tag-paracetamol","tag-programa-formatiu-2019-2020","tag-recepta-medica","tag-retirada-de-medicaments","tag-tests-dintolerancia"],"yoast_head":"<!-- This site is optimized with the Yoast SEO plugin v22.4 - https:\/\/yoast.com\/wordpress\/plugins\/seo\/ -->\n<title>Octubre: Campanya del COFB sobre la import\u00e0ncia de la recepta m\u00e8dica, activitats formatives i Diada del Farmac\u00e8utic, temes m\u00e9s destacats als mitjans - Col\u00b7legi de Farmac\u00e8utics de Barcelona<\/title>\n<meta name=\"description\" content=\"Recull de not\u00edcies d&#039;octubre de 2019 | Campanya del COFB sobre la recepta m\u00e8dica en medicaments com l\u2019ibuprof\u00e8n i el paracetamol, activitats formatives i Diada del Farmac\u00e8utic, els temes m\u00e9s destacats als mitjans.\" \/>\n<meta name=\"robots\" content=\"index, follow, max-snippet:-1, max-image-preview:large, max-video-preview:-1\" \/>\n<link rel=\"canonical\" href=\"https:\/\/novaorg.cofb.net\/2019\/11\/20\/campanya-del-cofb-sobre-la-recepta-medica-en-medicaments-com-libuprofen-i-el-paracetamol-activitats-formatives-i-diada-del-farmaceutic-els-temes-mes-destacats-als-mitjans\/\" \/>\n<meta property=\"og:locale\" content=\"ca_ES\" \/>\n<meta property=\"og:type\" content=\"article\" \/>\n<meta property=\"og:title\" content=\"Octubre: Campanya del COFB sobre la import\u00e0ncia de la recepta m\u00e8dica, activitats formatives i Diada del Farmac\u00e8utic, temes m\u00e9s destacats als mitjans - Col\u00b7legi de Farmac\u00e8utics de Barcelona\" \/>\n<meta property=\"og:description\" content=\"Recull de not\u00edcies d&#039;octubre de 2019 | Campanya del COFB sobre la recepta m\u00e8dica en medicaments com l\u2019ibuprof\u00e8n i el paracetamol, activitats formatives i Diada del Farmac\u00e8utic, els temes m\u00e9s destacats als mitjans.\" \/>\n<meta property=\"og:url\" content=\"https:\/\/novaorg.cofb.net\/2019\/11\/20\/campanya-del-cofb-sobre-la-recepta-medica-en-medicaments-com-libuprofen-i-el-paracetamol-activitats-formatives-i-diada-del-farmaceutic-els-temes-mes-destacats-als-mitjans\/\" \/>\n<meta property=\"og:site_name\" content=\"Col\u00b7legi de Farmac\u00e8utics de Barcelona\" \/>\n<meta property=\"article:publisher\" content=\"https:\/\/www.facebook.com\/farmaceuticsbcn\/\" \/>\n<meta property=\"article:published_time\" content=\"2019-11-20T12:53:29+00:00\" \/>\n<meta name=\"author\" content=\"wpAdminCofbOrg\" \/>\n<meta name=\"twitter:card\" content=\"summary_large_image\" \/>\n<meta name=\"twitter:creator\" content=\"@farmaceuticsbcn\" \/>\n<meta name=\"twitter:site\" content=\"@farmaceuticsbcn\" \/>\n<meta name=\"twitter:label1\" content=\"Escrit per\" \/>\n\t<meta name=\"twitter:data1\" content=\"wpAdminCofbOrg\" \/>\n\t<meta name=\"twitter:label2\" content=\"Temps estimat de lectura\" \/>\n\t<meta name=\"twitter:data2\" content=\"7 minuts\" \/>\n<script type=\"application\/ld+json\" class=\"yoast-schema-graph\">{\"@context\":\"https:\/\/schema.org\",\"@graph\":[{\"@type\":\"Article\",\"@id\":\"https:\/\/novaorg.cofb.net\/2019\/11\/20\/campanya-del-cofb-sobre-la-recepta-medica-en-medicaments-com-libuprofen-i-el-paracetamol-activitats-formatives-i-diada-del-farmaceutic-els-temes-mes-destacats-als-mitjans\/#article\",\"isPartOf\":{\"@id\":\"https:\/\/novaorg.cofb.net\/2019\/11\/20\/campanya-del-cofb-sobre-la-recepta-medica-en-medicaments-com-libuprofen-i-el-paracetamol-activitats-formatives-i-diada-del-farmaceutic-els-temes-mes-destacats-als-mitjans\/\"},\"author\":{\"name\":\"wpAdminCofbOrg\",\"@id\":\"https:\/\/www.cofb.org\/#\/schema\/person\/22ed7eea88da74b0fa4d3154ad87ffcb\"},\"headline\":\"Octubre: Campanya del COFB sobre la import\u00e0ncia de la recepta m\u00e8dica, activitats formatives i Diada del Farmac\u00e8utic, temes m\u00e9s destacats als mitjans\",\"datePublished\":\"2019-11-20T12:53:29+00:00\",\"dateModified\":\"2019-11-20T12:53:29+00:00\",\"mainEntityOfPage\":{\"@id\":\"https:\/\/novaorg.cofb.net\/2019\/11\/20\/campanya-del-cofb-sobre-la-recepta-medica-en-medicaments-com-libuprofen-i-el-paracetamol-activitats-formatives-i-diada-del-farmaceutic-els-temes-mes-destacats-als-mitjans\/\"},\"wordCount\":1414,\"commentCount\":0,\"publisher\":{\"@id\":\"https:\/\/www.cofb.org\/#organization\"},\"image\":{\"@id\":\"https:\/\/novaorg.cofb.net\/2019\/11\/20\/campanya-del-cofb-sobre-la-recepta-medica-en-medicaments-com-libuprofen-i-el-paracetamol-activitats-formatives-i-diada-del-farmaceutic-els-temes-mes-destacats-als-mitjans\/#primaryimage\"},\"thumbnailUrl\":\"\",\"keywords\":[\"activitats formatives\",\"COFB\",\"Col\u00b7legi de Farmac\u00e8utics de Barcelona\",\"curs\",\"desfibril\u00b7lador\",\"Diada del Farmac\u00e8utic\",\"ibuprof\u00e8n\",\"Jordi de Dalmases\",\"Paracetamol\",\"programa formatiu 2019-2020\",\"recepta m\u00e8dica\",\"retirada de medicaments\",\"tests d'intoler\u00e0ncia\"],\"articleSection\":[\"Destacats\",\"Not\u00edcies farm\u00e0cia\"],\"inLanguage\":\"ca\",\"potentialAction\":[{\"@type\":\"CommentAction\",\"name\":\"Comment\",\"target\":[\"https:\/\/novaorg.cofb.net\/2019\/11\/20\/campanya-del-cofb-sobre-la-recepta-medica-en-medicaments-com-libuprofen-i-el-paracetamol-activitats-formatives-i-diada-del-farmaceutic-els-temes-mes-destacats-als-mitjans\/#respond\"]}]},{\"@type\":\"WebPage\",\"@id\":\"https:\/\/novaorg.cofb.net\/2019\/11\/20\/campanya-del-cofb-sobre-la-recepta-medica-en-medicaments-com-libuprofen-i-el-paracetamol-activitats-formatives-i-diada-del-farmaceutic-els-temes-mes-destacats-als-mitjans\/\",\"url\":\"https:\/\/novaorg.cofb.net\/2019\/11\/20\/campanya-del-cofb-sobre-la-recepta-medica-en-medicaments-com-libuprofen-i-el-paracetamol-activitats-formatives-i-diada-del-farmaceutic-els-temes-mes-destacats-als-mitjans\/\",\"name\":\"Octubre: Campanya del COFB sobre la import\u00e0ncia de la recepta m\u00e8dica, activitats formatives i Diada del Farmac\u00e8utic, temes m\u00e9s destacats als mitjans - Col\u00b7legi de Farmac\u00e8utics de Barcelona\",\"isPartOf\":{\"@id\":\"https:\/\/www.cofb.org\/#website\"},\"primaryImageOfPage\":{\"@id\":\"https:\/\/novaorg.cofb.net\/2019\/11\/20\/campanya-del-cofb-sobre-la-recepta-medica-en-medicaments-com-libuprofen-i-el-paracetamol-activitats-formatives-i-diada-del-farmaceutic-els-temes-mes-destacats-als-mitjans\/#primaryimage\"},\"image\":{\"@id\":\"https:\/\/novaorg.cofb.net\/2019\/11\/20\/campanya-del-cofb-sobre-la-recepta-medica-en-medicaments-com-libuprofen-i-el-paracetamol-activitats-formatives-i-diada-del-farmaceutic-els-temes-mes-destacats-als-mitjans\/#primaryimage\"},\"thumbnailUrl\":\"\",\"datePublished\":\"2019-11-20T12:53:29+00:00\",\"dateModified\":\"2019-11-20T12:53:29+00:00\",\"description\":\"Recull de not\u00edcies d'octubre de 2019 | Campanya del COFB sobre la recepta m\u00e8dica en medicaments com l\u2019ibuprof\u00e8n i el paracetamol, activitats formatives i Diada del Farmac\u00e8utic, els temes m\u00e9s destacats als mitjans.\",\"breadcrumb\":{\"@id\":\"https:\/\/novaorg.cofb.net\/2019\/11\/20\/campanya-del-cofb-sobre-la-recepta-medica-en-medicaments-com-libuprofen-i-el-paracetamol-activitats-formatives-i-diada-del-farmaceutic-els-temes-mes-destacats-als-mitjans\/#breadcrumb\"},\"inLanguage\":\"ca\",\"potentialAction\":[{\"@type\":\"ReadAction\",\"target\":[\"https:\/\/novaorg.cofb.net\/2019\/11\/20\/campanya-del-cofb-sobre-la-recepta-medica-en-medicaments-com-libuprofen-i-el-paracetamol-activitats-formatives-i-diada-del-farmaceutic-els-temes-mes-destacats-als-mitjans\/\"]}]},{\"@type\":\"ImageObject\",\"inLanguage\":\"ca\",\"@id\":\"https:\/\/novaorg.cofb.net\/2019\/11\/20\/campanya-del-cofb-sobre-la-recepta-medica-en-medicaments-com-libuprofen-i-el-paracetamol-activitats-formatives-i-diada-del-farmaceutic-els-temes-mes-destacats-als-mitjans\/#primaryimage\",\"url\":\"\",\"contentUrl\":\"\"},{\"@type\":\"BreadcrumbList\",\"@id\":\"https:\/\/novaorg.cofb.net\/2019\/11\/20\/campanya-del-cofb-sobre-la-recepta-medica-en-medicaments-com-libuprofen-i-el-paracetamol-activitats-formatives-i-diada-del-farmaceutic-els-temes-mes-destacats-als-mitjans\/#breadcrumb\",\"itemListElement\":[{\"@type\":\"ListItem\",\"position\":1,\"name\":\"Inici\",\"item\":\"https:\/\/novaorg.cofb.net\/\"},{\"@type\":\"ListItem\",\"position\":2,\"name\":\"Octubre: Campanya del COFB sobre la import\u00e0ncia de la recepta m\u00e8dica, activitats formatives i Diada del Farmac\u00e8utic, temes m\u00e9s destacats als mitjans\"}]},{\"@type\":\"WebSite\",\"@id\":\"https:\/\/www.cofb.org\/#website\",\"url\":\"https:\/\/www.cofb.org\/\",\"name\":\"Col\u00b7legi de Farmac\u00e8utics de Barcelona\",\"description\":\"\",\"publisher\":{\"@id\":\"https:\/\/www.cofb.org\/#organization\"},\"potentialAction\":[{\"@type\":\"SearchAction\",\"target\":{\"@type\":\"EntryPoint\",\"urlTemplate\":\"https:\/\/www.cofb.org\/?s={search_term_string}\"},\"query-input\":\"required name=search_term_string\"}],\"inLanguage\":\"ca\"},{\"@type\":\"Organization\",\"@id\":\"https:\/\/www.cofb.org\/#organization\",\"name\":\"Col\u00b7legi de Farmac\u00e8utics de Barcelona\",\"url\":\"https:\/\/www.cofb.org\/\",\"logo\":{\"@type\":\"ImageObject\",\"inLanguage\":\"ca\",\"@id\":\"https:\/\/www.cofb.org\/#\/schema\/logo\/image\/\",\"url\":\"https:\/\/www.cofb.org\/wp-content\/uploads\/2023\/11\/cropped-Logotip-COFB.png\",\"contentUrl\":\"https:\/\/www.cofb.org\/wp-content\/uploads\/2023\/11\/cropped-Logotip-COFB.png\",\"width\":500,\"height\":105,\"caption\":\"Col\u00b7legi de Farmac\u00e8utics de Barcelona\"},\"image\":{\"@id\":\"https:\/\/www.cofb.org\/#\/schema\/logo\/image\/\"},\"sameAs\":[\"https:\/\/www.facebook.com\/farmaceuticsbcn\/\",\"https:\/\/twitter.com\/farmaceuticsbcn\",\"https:\/\/www.instagram.com\/farmaceuticsbcn\/\",\"https:\/\/www.linkedin.com\/company\/farmaceuticsbcn\/\"]},{\"@type\":\"Person\",\"@id\":\"https:\/\/www.cofb.org\/#\/schema\/person\/22ed7eea88da74b0fa4d3154ad87ffcb\",\"name\":\"wpAdminCofbOrg\",\"image\":{\"@type\":\"ImageObject\",\"inLanguage\":\"ca\",\"@id\":\"https:\/\/www.cofb.org\/#\/schema\/person\/image\/\",\"url\":\"https:\/\/secure.gravatar.com\/avatar\/1721b20b3b8ca882c3b56ec6c978c594fff670e40c0718e9190eaeeb76aae7d8?s=96&d=mm&r=g\",\"contentUrl\":\"https:\/\/secure.gravatar.com\/avatar\/1721b20b3b8ca882c3b56ec6c978c594fff670e40c0718e9190eaeeb76aae7d8?s=96&d=mm&r=g\",\"caption\":\"wpAdminCofbOrg\"},\"sameAs\":[\"http:\/\/192.168.64.122\/wordpress\"],\"url\":\"https:\/\/www.cofb.org\/ca\/author\/wpadmincofborg\/\"}]}<\/script>\n<!-- \/ Yoast SEO plugin. -->","yoast_head_json":{"title":"Octubre: Campanya del COFB sobre la import\u00e0ncia de la recepta m\u00e8dica, activitats formatives i Diada del Farmac\u00e8utic, temes m\u00e9s destacats als mitjans - Col\u00b7legi de Farmac\u00e8utics de Barcelona","description":"Recull de not\u00edcies d'octubre de 2019 | Campanya del COFB sobre la recepta m\u00e8dica en medicaments com l\u2019ibuprof\u00e8n i el paracetamol, activitats formatives i Diada del Farmac\u00e8utic, els temes m\u00e9s destacats als mitjans.","robots":{"index":"index","follow":"follow","max-snippet":"max-snippet:-1","max-image-preview":"max-image-preview:large","max-video-preview":"max-video-preview:-1"},"canonical":"https:\/\/novaorg.cofb.net\/2019\/11\/20\/campanya-del-cofb-sobre-la-recepta-medica-en-medicaments-com-libuprofen-i-el-paracetamol-activitats-formatives-i-diada-del-farmaceutic-els-temes-mes-destacats-als-mitjans\/","og_locale":"ca_ES","og_type":"article","og_title":"Octubre: Campanya del COFB sobre la import\u00e0ncia de la recepta m\u00e8dica, activitats formatives i Diada del Farmac\u00e8utic, temes m\u00e9s destacats als mitjans - Col\u00b7legi de Farmac\u00e8utics de Barcelona","og_description":"Recull de not\u00edcies d'octubre de 2019 | Campanya del COFB sobre la recepta m\u00e8dica en medicaments com l\u2019ibuprof\u00e8n i el paracetamol, activitats formatives i Diada del Farmac\u00e8utic, els temes m\u00e9s destacats als mitjans.","og_url":"https:\/\/novaorg.cofb.net\/2019\/11\/20\/campanya-del-cofb-sobre-la-recepta-medica-en-medicaments-com-libuprofen-i-el-paracetamol-activitats-formatives-i-diada-del-farmaceutic-els-temes-mes-destacats-als-mitjans\/","og_site_name":"Col\u00b7legi de Farmac\u00e8utics de Barcelona","article_publisher":"https:\/\/www.facebook.com\/farmaceuticsbcn\/","article_published_time":"2019-11-20T12:53:29+00:00","author":"wpAdminCofbOrg","twitter_card":"summary_large_image","twitter_creator":"@farmaceuticsbcn","twitter_site":"@farmaceuticsbcn","twitter_misc":{"Escrit per":"wpAdminCofbOrg","Temps estimat de lectura":"7 minuts"},"schema":{"@context":"https:\/\/schema.org","@graph":[{"@type":"Article","@id":"https:\/\/novaorg.cofb.net\/2019\/11\/20\/campanya-del-cofb-sobre-la-recepta-medica-en-medicaments-com-libuprofen-i-el-paracetamol-activitats-formatives-i-diada-del-farmaceutic-els-temes-mes-destacats-als-mitjans\/#article","isPartOf":{"@id":"https:\/\/novaorg.cofb.net\/2019\/11\/20\/campanya-del-cofb-sobre-la-recepta-medica-en-medicaments-com-libuprofen-i-el-paracetamol-activitats-formatives-i-diada-del-farmaceutic-els-temes-mes-destacats-als-mitjans\/"},"author":{"name":"wpAdminCofbOrg","@id":"https:\/\/www.cofb.org\/#\/schema\/person\/22ed7eea88da74b0fa4d3154ad87ffcb"},"headline":"Octubre: Campanya del COFB sobre la import\u00e0ncia de la recepta m\u00e8dica, activitats formatives i Diada del Farmac\u00e8utic, temes m\u00e9s destacats als mitjans","datePublished":"2019-11-20T12:53:29+00:00","dateModified":"2019-11-20T12:53:29+00:00","mainEntityOfPage":{"@id":"https:\/\/novaorg.cofb.net\/2019\/11\/20\/campanya-del-cofb-sobre-la-recepta-medica-en-medicaments-com-libuprofen-i-el-paracetamol-activitats-formatives-i-diada-del-farmaceutic-els-temes-mes-destacats-als-mitjans\/"},"wordCount":1414,"commentCount":0,"publisher":{"@id":"https:\/\/www.cofb.org\/#organization"},"image":{"@id":"https:\/\/novaorg.cofb.net\/2019\/11\/20\/campanya-del-cofb-sobre-la-recepta-medica-en-medicaments-com-libuprofen-i-el-paracetamol-activitats-formatives-i-diada-del-farmaceutic-els-temes-mes-destacats-als-mitjans\/#primaryimage"},"thumbnailUrl":"","keywords":["activitats formatives","COFB","Col\u00b7legi de Farmac\u00e8utics de Barcelona","curs","desfibril\u00b7lador","Diada del Farmac\u00e8utic","ibuprof\u00e8n","Jordi de Dalmases","Paracetamol","programa formatiu 2019-2020","recepta m\u00e8dica","retirada de medicaments","tests d'intoler\u00e0ncia"],"articleSection":["Destacats","Not\u00edcies farm\u00e0cia"],"inLanguage":"ca","potentialAction":[{"@type":"CommentAction","name":"Comment","target":["https:\/\/novaorg.cofb.net\/2019\/11\/20\/campanya-del-cofb-sobre-la-recepta-medica-en-medicaments-com-libuprofen-i-el-paracetamol-activitats-formatives-i-diada-del-farmaceutic-els-temes-mes-destacats-als-mitjans\/#respond"]}]},{"@type":"WebPage","@id":"https:\/\/novaorg.cofb.net\/2019\/11\/20\/campanya-del-cofb-sobre-la-recepta-medica-en-medicaments-com-libuprofen-i-el-paracetamol-activitats-formatives-i-diada-del-farmaceutic-els-temes-mes-destacats-als-mitjans\/","url":"https:\/\/novaorg.cofb.net\/2019\/11\/20\/campanya-del-cofb-sobre-la-recepta-medica-en-medicaments-com-libuprofen-i-el-paracetamol-activitats-formatives-i-diada-del-farmaceutic-els-temes-mes-destacats-als-mitjans\/","name":"Octubre: Campanya del COFB sobre la import\u00e0ncia de la recepta m\u00e8dica, activitats formatives i Diada del Farmac\u00e8utic, temes m\u00e9s destacats als mitjans - Col\u00b7legi de Farmac\u00e8utics de Barcelona","isPartOf":{"@id":"https:\/\/www.cofb.org\/#website"},"primaryImageOfPage":{"@id":"https:\/\/novaorg.cofb.net\/2019\/11\/20\/campanya-del-cofb-sobre-la-recepta-medica-en-medicaments-com-libuprofen-i-el-paracetamol-activitats-formatives-i-diada-del-farmaceutic-els-temes-mes-destacats-als-mitjans\/#primaryimage"},"image":{"@id":"https:\/\/novaorg.cofb.net\/2019\/11\/20\/campanya-del-cofb-sobre-la-recepta-medica-en-medicaments-com-libuprofen-i-el-paracetamol-activitats-formatives-i-diada-del-farmaceutic-els-temes-mes-destacats-als-mitjans\/#primaryimage"},"thumbnailUrl":"","datePublished":"2019-11-20T12:53:29+00:00","dateModified":"2019-11-20T12:53:29+00:00","description":"Recull de not\u00edcies d'octubre de 2019 | Campanya del COFB sobre la recepta m\u00e8dica en medicaments com l\u2019ibuprof\u00e8n i el paracetamol, activitats formatives i Diada del Farmac\u00e8utic, els temes m\u00e9s destacats als mitjans.","breadcrumb":{"@id":"https:\/\/novaorg.cofb.net\/2019\/11\/20\/campanya-del-cofb-sobre-la-recepta-medica-en-medicaments-com-libuprofen-i-el-paracetamol-activitats-formatives-i-diada-del-farmaceutic-els-temes-mes-destacats-als-mitjans\/#breadcrumb"},"inLanguage":"ca","potentialAction":[{"@type":"ReadAction","target":["https:\/\/novaorg.cofb.net\/2019\/11\/20\/campanya-del-cofb-sobre-la-recepta-medica-en-medicaments-com-libuprofen-i-el-paracetamol-activitats-formatives-i-diada-del-farmaceutic-els-temes-mes-destacats-als-mitjans\/"]}]},{"@type":"ImageObject","inLanguage":"ca","@id":"https:\/\/novaorg.cofb.net\/2019\/11\/20\/campanya-del-cofb-sobre-la-recepta-medica-en-medicaments-com-libuprofen-i-el-paracetamol-activitats-formatives-i-diada-del-farmaceutic-els-temes-mes-destacats-als-mitjans\/#primaryimage","url":"","contentUrl":""},{"@type":"BreadcrumbList","@id":"https:\/\/novaorg.cofb.net\/2019\/11\/20\/campanya-del-cofb-sobre-la-recepta-medica-en-medicaments-com-libuprofen-i-el-paracetamol-activitats-formatives-i-diada-del-farmaceutic-els-temes-mes-destacats-als-mitjans\/#breadcrumb","itemListElement":[{"@type":"ListItem","position":1,"name":"Inici","item":"https:\/\/novaorg.cofb.net\/"},{"@type":"ListItem","position":2,"name":"Octubre: Campanya del COFB sobre la import\u00e0ncia de la recepta m\u00e8dica, activitats formatives i Diada del Farmac\u00e8utic, temes m\u00e9s destacats als mitjans"}]},{"@type":"WebSite","@id":"https:\/\/www.cofb.org\/#website","url":"https:\/\/www.cofb.org\/","name":"Col\u00b7legi de Farmac\u00e8utics de Barcelona","description":"","publisher":{"@id":"https:\/\/www.cofb.org\/#organization"},"potentialAction":[{"@type":"SearchAction","target":{"@type":"EntryPoint","urlTemplate":"https:\/\/www.cofb.org\/?s={search_term_string}"},"query-input":"required name=search_term_string"}],"inLanguage":"ca"},{"@type":"Organization","@id":"https:\/\/www.cofb.org\/#organization","name":"Col\u00b7legi de Farmac\u00e8utics de Barcelona","url":"https:\/\/www.cofb.org\/","logo":{"@type":"ImageObject","inLanguage":"ca","@id":"https:\/\/www.cofb.org\/#\/schema\/logo\/image\/","url":"https:\/\/www.cofb.org\/wp-content\/uploads\/2023\/11\/cropped-Logotip-COFB.png","contentUrl":"https:\/\/www.cofb.org\/wp-content\/uploads\/2023\/11\/cropped-Logotip-COFB.png","width":500,"height":105,"caption":"Col\u00b7legi de Farmac\u00e8utics de Barcelona"},"image":{"@id":"https:\/\/www.cofb.org\/#\/schema\/logo\/image\/"},"sameAs":["https:\/\/www.facebook.com\/farmaceuticsbcn\/","https:\/\/twitter.com\/farmaceuticsbcn","https:\/\/www.instagram.com\/farmaceuticsbcn\/","https:\/\/www.linkedin.com\/company\/farmaceuticsbcn\/"]},{"@type":"Person","@id":"https:\/\/www.cofb.org\/#\/schema\/person\/22ed7eea88da74b0fa4d3154ad87ffcb","name":"wpAdminCofbOrg","image":{"@type":"ImageObject","inLanguage":"ca","@id":"https:\/\/www.cofb.org\/#\/schema\/person\/image\/","url":"https:\/\/secure.gravatar.com\/avatar\/1721b20b3b8ca882c3b56ec6c978c594fff670e40c0718e9190eaeeb76aae7d8?s=96&d=mm&r=g","contentUrl":"https:\/\/secure.gravatar.com\/avatar\/1721b20b3b8ca882c3b56ec6c978c594fff670e40c0718e9190eaeeb76aae7d8?s=96&d=mm&r=g","caption":"wpAdminCofbOrg"},"sameAs":["http:\/\/192.168.64.122\/wordpress"],"url":"https:\/\/www.cofb.org\/ca\/author\/wpadmincofborg\/"}]}},"uagb_featured_image_src":{"full":false,"thumbnail":false,"medium":false,"medium_large":false,"large":false,"1536x1536":false,"2048x2048":false,"trp-custom-language-flag":false},"uagb_author_info":{"display_name":"wpAdminCofbOrg","author_link":"https:\/\/www.cofb.org\/ca\/author\/wpadmincofborg\/"},"uagb_comment_info":0,"uagb_excerpt":"Campanya del COFB sobre la import\u00e0ncia de la recepta m\u00e8dica en medicaments com l\u2019ibuprof\u00e8n i el paracetamol El passat 21 d&#8217;octubre, el Col\u00b7legi va iniciar una campanya de conscienciaci\u00f3 de la import\u00e0ncia de la recepta en medicaments amb prescripci\u00f3 m\u00e8dica. En aquesta ocasi\u00f3 es va centrar en l&#8217;ibuprof\u00e8n i el [&hellip;]","_links":{"self":[{"href":"https:\/\/www.cofb.org\/ca\/wp-json\/wp\/v2\/posts\/47964","targetHints":{"allow":["GET"]}}],"collection":[{"href":"https:\/\/www.cofb.org\/ca\/wp-json\/wp\/v2\/posts"}],"about":[{"href":"https:\/\/www.cofb.org\/ca\/wp-json\/wp\/v2\/types\/post"}],"author":[{"embeddable":true,"href":"https:\/\/www.cofb.org\/ca\/wp-json\/wp\/v2\/users\/1"}],"replies":[{"embeddable":true,"href":"https:\/\/www.cofb.org\/ca\/wp-json\/wp\/v2\/comments?post=47964"}],"version-history":[{"count":0,"href":"https:\/\/www.cofb.org\/ca\/wp-json\/wp\/v2\/posts\/47964\/revisions"}],"wp:featuredmedia":[{"embeddable":true,"href":"https:\/\/www.cofb.org\/ca\/wp-json\/"}],"wp:attachment":[{"href":"https:\/\/www.cofb.org\/ca\/wp-json\/wp\/v2\/media?parent=47964"}],"wp:term":[{"taxonomy":"category","embeddable":true,"href":"https:\/\/www.cofb.org\/ca\/wp-json\/wp\/v2\/categories?post=47964"},{"taxonomy":"post_tag","embeddable":true,"href":"https:\/\/www.cofb.org\/ca\/wp-json\/wp\/v2\/tags?post=47964"}],"curies":[{"name":"wp","href":"https:\/\/api.w.org\/{rel}","templated":true}]}}