{"id":47952,"date":"2019-11-06T18:17:00","date_gmt":"2019-11-06T16:17:00","guid":{"rendered":"https:\/\/blog.cofb.cat\/?p=47952"},"modified":"2019-11-06T18:17:00","modified_gmt":"2019-11-06T16:17:00","slug":"actualitzacio-ortopedia-basica-ambit-moltes-possibilitats-loficina-farmacia","status":"publish","type":"post","link":"https:\/\/www.cofb.org\/ca\/2019\/11\/06\/actualitzacio-ortopedia-basica-ambit-moltes-possibilitats-loficina-farmacia\/","title":{"rendered":"Actualitzaci\u00f3 en ortop\u00e8dia b\u00e0sica: Un \u00e0mbit amb moltes possibilitats per a l&#8217;oficina de farm\u00e0cia"},"content":{"rendered":"<p>Els passats <strong>16, 23 i 30<\/strong> d&#8217;octubre va tenir lloc al Col\u00b7legi de Farmac\u00e8utics de Barcelona la formaci\u00f3 <strong>&#8220;Ortop\u00e8dia b\u00e0sica&#8221;<\/strong>. Impartida per M. Carmen Valero, t\u00e8cnica superior ortoprot\u00e8sica, responsable de formaci\u00f3 del canal Farma d&#8217;Actius by Orliman, i coordinada per Montse Giron\u00e8s, vocal d&#8217;Ortop\u00e8dia del COFB, va abordar les tem\u00e0tiques seg\u00fcents: <strong>patologies principals<\/strong> del <strong>membre superior<\/strong> i solucions mitjan\u00e7ant l&#8217;ortesi (m\u00e0, colze); <strong>patologies principals<\/strong> del <strong>membre inferior<\/strong> i solucions mitjan\u00e7ant l&#8217;ortesi (genoll, peu) i <strong>presa de mides<\/strong> de les ortesis.<\/p>\n<figure id=\"attachment_47978\" aria-describedby=\"caption-attachment-47978\" style=\"width: 620px\" class=\"wp-caption aligncenter\"><a href=\"https:\/\/blog.cofb.cat\/wp-content\/uploads\/2019\/11\/cofb.191016-23.jpg\"><img fetchpriority=\"high\" decoding=\"async\" class=\"wp-image-47978 size-large\" title=\"Un moment de curs &quot;Ortop\u00e8dia b\u00e0sica&quot;, impartit per M. Carmen Valero.\" src=\"https:\/\/blog.cofb.cat\/wp-content\/uploads\/2019\/11\/cofb.191016-23-1024x683.jpg\" alt=\"Un moment de curs &quot;Ortop\u00e8dia b\u00e0sica&quot;, impartit per M. Carmen Valero.\" width=\"620\" height=\"414\" \/><\/a><figcaption id=\"caption-attachment-47978\" class=\"wp-caption-text\">Un moment de curs &#8220;Ortop\u00e8dia b\u00e0sica&#8221;, impartit per M. Carmen Valero.<\/figcaption><\/figure>\n<h1><span style=\"color: #008080;\"><strong>Aconsellar els pacients sobre els beneficis dels productes ortop\u00e8dics i ortesis<\/strong><\/span><\/h1>\n<p>La <strong>formaci\u00f3<\/strong> tenia per objectius que els farmac\u00e8utics aprofundissin en les <strong>articulacions del membre superior i inferior<\/strong> i les principals patologies associades i aprenguessin a <strong>diferenciar les parts d&#8217;una ortesi<\/strong> i la funcionalitat que tenen.\u00a0Una altra de les <strong>finalitats del curs<\/strong> era que els alumnes reconeguessin les<strong> principals caracter\u00edstiques de les diferents ortesis<\/strong> en funci\u00f3 de la zona d&#8217;\u00fas i aprenguessin a seleccionar la m\u00e9s adequada al tractament del pacient. Finalment, es volia que els alumnes <strong>assimilessin les eines necess\u00e0ries<\/strong> per fer un mesurament correcte de la zona a tractar amb els productes ort\u00e8sics i les principals particularitats.<\/p>\n<div class=\"box info\"><\/p>\n<p>El <strong>sector de l&#8217;ortop\u00e8dia<\/strong> \u00e9s cada vegada m\u00e9s prevalent en la <strong>farm\u00e0cia comunit\u00e0ria<\/strong>. Algunes de les raons s\u00f3n: l&#8217;<strong>envelliment de la poblaci\u00f3<\/strong>, la <strong>pr\u00e0ctica d&#8217;esport<\/strong>, la <strong>conscienciaci\u00f3 sobre la millora<\/strong> i la<strong> cura del cos<\/strong> i la <strong>tend\u00e8ncia actual<\/strong> de buscar el m\u00e0xim <strong>benestar<\/strong> i <strong>confort<\/strong> en la societat.<\/p>\n<p><\/div>\n<h1><strong><span style=\"color: #008080;\">Posicionar l&#8217;oficina de farm\u00e0cia en l&#8217;\u00e0mbit de l&#8217;Ortop\u00e8dia<\/span><\/strong><\/h1>\n<p>Montse Giron\u00e8s, vocal d&#8217;Ortop\u00e8dia del COFB, va explicar que &#8220;el curs es va <strong>estructurar en tres dies<\/strong> i estava especialment enfocat a la <strong>farm\u00e0cia comunit\u00e0ria<\/strong>, concretament, per tot el ser\u00e0 la <strong>dispensaci\u00f3 de l&#8217;ortop\u00e8dia b\u00e0sica, <\/strong>segons la nova normativa&#8221;.\u00a0La vocal d&#8217;Ortop\u00e8dia va valorar positivament que el curs compt\u00e9s amb un <strong>elevat nombre d&#8217;alumnes<\/strong> que van mostrar un <strong>gran inter\u00e8s per la formaci\u00f3<\/strong>.<\/p>\n<figure id=\"attachment_47979\" aria-describedby=\"caption-attachment-47979\" style=\"width: 620px\" class=\"wp-caption aligncenter\"><a href=\"https:\/\/blog.cofb.cat\/wp-content\/uploads\/2019\/11\/cofb.191016-14.jpg\"><img decoding=\"async\" class=\"wp-image-47979 size-large\" title=\"D'esquerra a dreta: M. Carmen Valero, t\u00e8cnica superior en ortoprot\u00e8tica, responsable de formaci\u00f3 del canal Farma d'ACTIUS BY ORLIMAN i Montse Giron\u00e8s, vocal d'Ortop\u00e8dia del COFB.\" src=\"https:\/\/blog.cofb.cat\/wp-content\/uploads\/2019\/11\/cofb.191016-14-1024x683.jpg\" alt=\"D'esquerra a dreta: M. Carmen Valero, t\u00e8cnica superior en ortoprot\u00e8tica, responsable de formaci\u00f3 del canal Farma d'ACTIUS BY ORLIMAN i Montse Giron\u00e8s, vocal d'Ortop\u00e8dia del COFB.\" width=\"620\" height=\"414\" \/><\/a><figcaption id=\"caption-attachment-47979\" class=\"wp-caption-text\">D&#8217;esquerra a dreta: M. Carmen Valero, t\u00e8cnica superior en ortoprot\u00e8tica, responsable de formaci\u00f3 del canal Farma d&#8217;ACTIUS BY ORLIMAN i Montse Giron\u00e8s, vocal d&#8217;Ortop\u00e8dia del COFB.<\/figcaption><\/figure>\n<p>&#8220;El curs va ser molt\u00a0<strong>atractiu<\/strong>, el format estava molt b\u00e9, <strong>molt dirigit a la dispensaci\u00f3<\/strong>. Els alumnes tenien a la seva disposici\u00f3 el material d&#8217;Actius by Orliman, que van poder veure i tocar. En concret, aquesta l\u00ednia\u00a0 de productes ortop\u00e8dics est\u00e0 pensada espec\u00edficament per a l&#8217;oficina de farm\u00e0cia i t\u00e9 un elevat nombre d&#8217;articles del nou cat\u00e0leg d&#8217;ortop\u00e8dia&#8221;, va explicar Giron\u00e8s.<\/p>\n<p>Aix\u00ed mateix, la vocal va destacar que &#8220;la formaci\u00f3 t\u00e9 una <strong>aplicaci\u00f3 directa<\/strong>, perqu\u00e8 es treballen totes les patologies b\u00e0siques\/est\u00e0ndards\u00a0 que trobem a l&#8217;oficina de farm\u00e0cia cada dia&#8221;.\u00a0Finalment, Giron\u00e8s va afirmar que a trav\u00e9s de formacions com aquesta es vol \u00a0&#8220;<strong>posicionar l&#8217;oficina de farm\u00e0cia en l&#8217;\u00e0mbit de l&#8217;ortop\u00e8dia<\/strong> i afrontar els reptes del nou cat\u00e0leg de prestacions&#8221;.<\/p>\n<p>&nbsp;<\/p>\n<p style=\"text-align: right;\"><strong>Amb el patrocini de:<\/strong><\/p>\n<p style=\"text-align: right;\"><a href=\"https:\/\/www.actiusbyorliman.com\/\" target=\"_blank\" rel=\"noopener\"><img decoding=\"async\" class=\" wp-image-47953 alignright\" src=\"https:\/\/blog.cofb.cat\/wp-content\/uploads\/2019\/11\/logo-actius.jpg\" alt=\"\" width=\"162\" height=\"83\" \/><\/a><\/p>\n<p>&nbsp;<\/p>\n<p>&nbsp;<\/p>\n<p><strong>Altres publicacions d&#8217;inter\u00e8s:<\/strong><\/p>\n<ul>\n<li><a href=\"https:\/\/blog.cofb.cat\/collegi-universitat-barcelona-posen-marxa-vi-edicio-master-dortopedia-farmaceutics\/\" target=\"_blank\" rel=\"noopener\">El Col\u00b7legi i la Universitat de Barcelona posen en marxa la VI edici\u00f3 del M\u00e0ster d\u2019Ortop\u00e8dia per a farmac\u00e8utics (Setembre 2019)<\/a><\/li>\n<li><a href=\"https:\/\/blog.cofb.cat\/conferencia-del-master-dortopedia-lortopedia-una-aposta-professional\/\" target=\"_blank\" rel=\"noopener\">Com ser\u00e0 i qu\u00e8 aportar\u00e0 la VI edici\u00f3 del M\u00e0ster d\u2019Ortop\u00e8dia per a farmac\u00e8utics del COFB i la UB? (Juny 2019)<\/a><\/li>\n<li><a href=\"https:\/\/blog.cofb.cat\/sessio-informativa-sobre-nova-ordre-que-marcara-futur-lortopedia\/\" target=\"_blank\" rel=\"noopener\">Sessi\u00f3 informativa sobre la nova ordre que marcar\u00e0 el futur de l\u2019ortop\u00e8dia (Febrer 2019)<\/a><\/li>\n<\/ul>\n","protected":false},"excerpt":{"rendered":"<p>Els passats 16, 23 i 30 d&#8217;octubre va tenir lloc al Col\u00b7legi de Farmac\u00e8utics de Barcelona la formaci\u00f3 &#8220;Ortop\u00e8dia b\u00e0sica&#8221;. Impartida per M. Carmen Valero, t\u00e8cnica superior ortoprot\u00e8sica, responsable de formaci\u00f3 del canal Farma d&#8217;Actius by Orliman, i coordinada per Montse Giron\u00e8s, vocal d&#8217;Ortop\u00e8dia del COFB, va abordar les tem\u00e0tiques [&hellip;]<\/p>\n","protected":false},"author":1,"featured_media":47978,"comment_status":"open","ping_status":"open","sticky":false,"template":"","format":"standard","meta":{"_uag_custom_page_level_css":"","site-sidebar-layout":"default","site-content-layout":"","ast-site-content-layout":"default","site-content-style":"default","site-sidebar-style":"default","ast-global-header-display":"","ast-banner-title-visibility":"","ast-main-header-display":"","ast-hfb-above-header-display":"","ast-hfb-below-header-display":"","ast-hfb-mobile-header-display":"","site-post-title":"","ast-breadcrumbs-content":"","ast-featured-img":"disabled","footer-sml-layout":"","theme-transparent-header-meta":"","adv-header-id-meta":"","stick-header-meta":"","header-above-stick-meta":"","header-main-stick-meta":"","header-below-stick-meta":"","astra-migrate-meta-layouts":"default","ast-page-background-enabled":"default","ast-page-background-meta":{"desktop":{"background-color":"var(--ast-global-color-4)","background-image":"","background-repeat":"repeat","background-position":"center center","background-size":"auto","background-attachment":"scroll","background-type":"","background-media":"","overlay-type":"","overlay-color":"","overlay-opacity":"","overlay-gradient":""},"tablet":{"background-color":"","background-image":"","background-repeat":"repeat","background-position":"center center","background-size":"auto","background-attachment":"scroll","background-type":"","background-media":"","overlay-type":"","overlay-color":"","overlay-opacity":"","overlay-gradient":""},"mobile":{"background-color":"","background-image":"","background-repeat":"repeat","background-position":"center center","background-size":"auto","background-attachment":"scroll","background-type":"","background-media":"","overlay-type":"","overlay-color":"","overlay-opacity":"","overlay-gradient":""}},"ast-content-background-meta":{"desktop":{"background-color":"var(--ast-global-color-5)","background-image":"","background-repeat":"repeat","background-position":"center center","background-size":"auto","background-attachment":"scroll","background-type":"","background-media":"","overlay-type":"","overlay-color":"","overlay-opacity":"","overlay-gradient":""},"tablet":{"background-color":"var(--ast-global-color-5)","background-image":"","background-repeat":"repeat","background-position":"center center","background-size":"auto","background-attachment":"scroll","background-type":"","background-media":"","overlay-type":"","overlay-color":"","overlay-opacity":"","overlay-gradient":""},"mobile":{"background-color":"var(--ast-global-color-5)","background-image":"","background-repeat":"repeat","background-position":"center center","background-size":"auto","background-attachment":"scroll","background-type":"","background-media":"","overlay-type":"","overlay-color":"","overlay-opacity":"","overlay-gradient":""}},"footnotes":""},"categories":[23,57],"tags":[467,19,3016,53,68,69,70,300,3162,76,103,3723,302,758,637,3660,305],"class_list":["post-47952","post","type-post","status-publish","format-standard","has-post-thumbnail","hentry","category-destacats","category-mon-collegial","tag-activitats-formatives","tag-collegi-de-farmaceutics-de-barcelona","tag-cursos","tag-farmaceutics","tag-farmacia","tag-farmacia-comunitaria","tag-formacio","tag-formacio-continuada","tag-master-ortopedia","tag-oficina-de-farmacia","tag-ortopedia","tag-ortopedia-basica","tag-productes-dortopedia","tag-productes-ortoprotesics","tag-programa-de-formacio-continuada","tag-programa-formatiu-2019-2020","tag-vocal-dortopedia"],"yoast_head":"<!-- This site is optimized with the Yoast SEO plugin v22.4 - https:\/\/yoast.com\/wordpress\/plugins\/seo\/ -->\n<title>Actualitzaci\u00f3 en ortop\u00e8dia b\u00e0sica: Un \u00e0mbit amb moltes possibilitats per a l&#039;oficina de farm\u00e0cia - Col\u00b7legi de Farmac\u00e8utics de Barcelona<\/title>\n<meta name=\"description\" content=\"Els passats 16, 23 i 30 d&#039;octubre va tenir lloc al Col\u00b7legi de Farmac\u00e8utics de Barcelona la formaci\u00f3 &quot;Ortop\u00e8dia b\u00e0sica&quot;. Impartida per M. Carmen Valero, t\u00e8cnica superior ortoprot\u00e8sica, responsable de formaci\u00f3 del canal Farma d&#039;ACTIUS BY ORLIMAN i coordinada per Montse Giron\u00e8s, vocal d&#039;Ortop\u00e8dia del COFB\" \/>\n<meta name=\"robots\" content=\"index, follow, max-snippet:-1, max-image-preview:large, max-video-preview:-1\" \/>\n<link rel=\"canonical\" href=\"https:\/\/novaorg.cofb.net\/2019\/11\/06\/actualitzacio-ortopedia-basica-ambit-moltes-possibilitats-loficina-farmacia\/\" \/>\n<meta property=\"og:locale\" content=\"ca_ES\" \/>\n<meta property=\"og:type\" content=\"article\" \/>\n<meta property=\"og:title\" content=\"Actualitzaci\u00f3 en ortop\u00e8dia b\u00e0sica: Un \u00e0mbit amb moltes possibilitats per a l&#039;oficina de farm\u00e0cia - Col\u00b7legi de Farmac\u00e8utics de Barcelona\" \/>\n<meta property=\"og:description\" content=\"Els passats 16, 23 i 30 d&#039;octubre va tenir lloc al Col\u00b7legi de Farmac\u00e8utics de Barcelona la formaci\u00f3 &quot;Ortop\u00e8dia b\u00e0sica&quot;. Impartida per M. Carmen Valero, t\u00e8cnica superior ortoprot\u00e8sica, responsable de formaci\u00f3 del canal Farma d&#039;ACTIUS BY ORLIMAN i coordinada per Montse Giron\u00e8s, vocal d&#039;Ortop\u00e8dia del COFB\" \/>\n<meta property=\"og:url\" content=\"https:\/\/novaorg.cofb.net\/2019\/11\/06\/actualitzacio-ortopedia-basica-ambit-moltes-possibilitats-loficina-farmacia\/\" \/>\n<meta property=\"og:site_name\" content=\"Col\u00b7legi de Farmac\u00e8utics de Barcelona\" \/>\n<meta property=\"article:publisher\" content=\"https:\/\/www.facebook.com\/farmaceuticsbcn\/\" \/>\n<meta property=\"article:published_time\" content=\"2019-11-06T16:17:00+00:00\" \/>\n<meta name=\"author\" content=\"wpAdminCofbOrg\" \/>\n<meta name=\"twitter:card\" content=\"summary_large_image\" \/>\n<meta name=\"twitter:creator\" content=\"@farmaceuticsbcn\" \/>\n<meta name=\"twitter:site\" content=\"@farmaceuticsbcn\" \/>\n<meta name=\"twitter:label1\" content=\"Escrit per\" \/>\n\t<meta name=\"twitter:data1\" content=\"wpAdminCofbOrg\" \/>\n\t<meta name=\"twitter:label2\" content=\"Temps estimat de lectura\" \/>\n\t<meta name=\"twitter:data2\" content=\"3 minuts\" \/>\n<script type=\"application\/ld+json\" class=\"yoast-schema-graph\">{\"@context\":\"https:\/\/schema.org\",\"@graph\":[{\"@type\":\"Article\",\"@id\":\"https:\/\/novaorg.cofb.net\/2019\/11\/06\/actualitzacio-ortopedia-basica-ambit-moltes-possibilitats-loficina-farmacia\/#article\",\"isPartOf\":{\"@id\":\"https:\/\/novaorg.cofb.net\/2019\/11\/06\/actualitzacio-ortopedia-basica-ambit-moltes-possibilitats-loficina-farmacia\/\"},\"author\":{\"name\":\"wpAdminCofbOrg\",\"@id\":\"https:\/\/www.cofb.org\/#\/schema\/person\/22ed7eea88da74b0fa4d3154ad87ffcb\"},\"headline\":\"Actualitzaci\u00f3 en ortop\u00e8dia b\u00e0sica: Un \u00e0mbit amb moltes possibilitats per a l&#8217;oficina de farm\u00e0cia\",\"datePublished\":\"2019-11-06T16:17:00+00:00\",\"dateModified\":\"2019-11-06T16:17:00+00:00\",\"mainEntityOfPage\":{\"@id\":\"https:\/\/novaorg.cofb.net\/2019\/11\/06\/actualitzacio-ortopedia-basica-ambit-moltes-possibilitats-loficina-farmacia\/\"},\"wordCount\":663,\"commentCount\":0,\"publisher\":{\"@id\":\"https:\/\/www.cofb.org\/#organization\"},\"image\":{\"@id\":\"https:\/\/novaorg.cofb.net\/2019\/11\/06\/actualitzacio-ortopedia-basica-ambit-moltes-possibilitats-loficina-farmacia\/#primaryimage\"},\"thumbnailUrl\":\"\",\"keywords\":[\"activitats formatives\",\"Col\u00b7legi de Farmac\u00e8utics de Barcelona\",\"cursos\",\"farmac\u00e8utics\",\"Farm\u00e0cia\",\"farm\u00e0cia comunit\u00e0ria\",\"Formaci\u00f3\",\"formaci\u00f3 continuada\",\"M\u00e0ster Ortop\u00e8dia\",\"Oficina de farm\u00e0cia\",\"Ortop\u00e8dia\",\"ortop\u00e8dia b\u00e0sica\",\"productes d'ortop\u00e8dia\",\"productes ortoprot\u00e8sics\",\"programa de formaci\u00f3 continuada\",\"programa formatiu 2019-2020\",\"Vocal d'Ortop\u00e8dia\"],\"articleSection\":[\"Destacats\",\"M\u00f3n col\u00b7legial\"],\"inLanguage\":\"ca\",\"potentialAction\":[{\"@type\":\"CommentAction\",\"name\":\"Comment\",\"target\":[\"https:\/\/novaorg.cofb.net\/2019\/11\/06\/actualitzacio-ortopedia-basica-ambit-moltes-possibilitats-loficina-farmacia\/#respond\"]}]},{\"@type\":\"WebPage\",\"@id\":\"https:\/\/novaorg.cofb.net\/2019\/11\/06\/actualitzacio-ortopedia-basica-ambit-moltes-possibilitats-loficina-farmacia\/\",\"url\":\"https:\/\/novaorg.cofb.net\/2019\/11\/06\/actualitzacio-ortopedia-basica-ambit-moltes-possibilitats-loficina-farmacia\/\",\"name\":\"Actualitzaci\u00f3 en ortop\u00e8dia b\u00e0sica: Un \u00e0mbit amb moltes possibilitats per a l'oficina de farm\u00e0cia - Col\u00b7legi de Farmac\u00e8utics de Barcelona\",\"isPartOf\":{\"@id\":\"https:\/\/www.cofb.org\/#website\"},\"primaryImageOfPage\":{\"@id\":\"https:\/\/novaorg.cofb.net\/2019\/11\/06\/actualitzacio-ortopedia-basica-ambit-moltes-possibilitats-loficina-farmacia\/#primaryimage\"},\"image\":{\"@id\":\"https:\/\/novaorg.cofb.net\/2019\/11\/06\/actualitzacio-ortopedia-basica-ambit-moltes-possibilitats-loficina-farmacia\/#primaryimage\"},\"thumbnailUrl\":\"\",\"datePublished\":\"2019-11-06T16:17:00+00:00\",\"dateModified\":\"2019-11-06T16:17:00+00:00\",\"description\":\"Els passats 16, 23 i 30 d'octubre va tenir lloc al Col\u00b7legi de Farmac\u00e8utics de Barcelona la formaci\u00f3 \\\"Ortop\u00e8dia b\u00e0sica\\\". Impartida per M. Carmen Valero, t\u00e8cnica superior ortoprot\u00e8sica, responsable de formaci\u00f3 del canal Farma d'ACTIUS BY ORLIMAN i coordinada per Montse Giron\u00e8s, vocal d'Ortop\u00e8dia del COFB\",\"breadcrumb\":{\"@id\":\"https:\/\/novaorg.cofb.net\/2019\/11\/06\/actualitzacio-ortopedia-basica-ambit-moltes-possibilitats-loficina-farmacia\/#breadcrumb\"},\"inLanguage\":\"ca\",\"potentialAction\":[{\"@type\":\"ReadAction\",\"target\":[\"https:\/\/novaorg.cofb.net\/2019\/11\/06\/actualitzacio-ortopedia-basica-ambit-moltes-possibilitats-loficina-farmacia\/\"]}]},{\"@type\":\"ImageObject\",\"inLanguage\":\"ca\",\"@id\":\"https:\/\/novaorg.cofb.net\/2019\/11\/06\/actualitzacio-ortopedia-basica-ambit-moltes-possibilitats-loficina-farmacia\/#primaryimage\",\"url\":\"\",\"contentUrl\":\"\"},{\"@type\":\"BreadcrumbList\",\"@id\":\"https:\/\/novaorg.cofb.net\/2019\/11\/06\/actualitzacio-ortopedia-basica-ambit-moltes-possibilitats-loficina-farmacia\/#breadcrumb\",\"itemListElement\":[{\"@type\":\"ListItem\",\"position\":1,\"name\":\"Inici\",\"item\":\"https:\/\/novaorg.cofb.net\/\"},{\"@type\":\"ListItem\",\"position\":2,\"name\":\"Actualitzaci\u00f3 en ortop\u00e8dia b\u00e0sica: Un \u00e0mbit amb moltes possibilitats per a l&#8217;oficina de farm\u00e0cia\"}]},{\"@type\":\"WebSite\",\"@id\":\"https:\/\/www.cofb.org\/#website\",\"url\":\"https:\/\/www.cofb.org\/\",\"name\":\"Col\u00b7legi de Farmac\u00e8utics de Barcelona\",\"description\":\"\",\"publisher\":{\"@id\":\"https:\/\/www.cofb.org\/#organization\"},\"potentialAction\":[{\"@type\":\"SearchAction\",\"target\":{\"@type\":\"EntryPoint\",\"urlTemplate\":\"https:\/\/www.cofb.org\/?s={search_term_string}\"},\"query-input\":\"required name=search_term_string\"}],\"inLanguage\":\"ca\"},{\"@type\":\"Organization\",\"@id\":\"https:\/\/www.cofb.org\/#organization\",\"name\":\"Col\u00b7legi de Farmac\u00e8utics de Barcelona\",\"url\":\"https:\/\/www.cofb.org\/\",\"logo\":{\"@type\":\"ImageObject\",\"inLanguage\":\"ca\",\"@id\":\"https:\/\/www.cofb.org\/#\/schema\/logo\/image\/\",\"url\":\"https:\/\/www.cofb.org\/wp-content\/uploads\/2023\/11\/cropped-Logotip-COFB.png\",\"contentUrl\":\"https:\/\/www.cofb.org\/wp-content\/uploads\/2023\/11\/cropped-Logotip-COFB.png\",\"width\":500,\"height\":105,\"caption\":\"Col\u00b7legi de Farmac\u00e8utics de Barcelona\"},\"image\":{\"@id\":\"https:\/\/www.cofb.org\/#\/schema\/logo\/image\/\"},\"sameAs\":[\"https:\/\/www.facebook.com\/farmaceuticsbcn\/\",\"https:\/\/twitter.com\/farmaceuticsbcn\",\"https:\/\/www.instagram.com\/farmaceuticsbcn\/\",\"https:\/\/www.linkedin.com\/company\/farmaceuticsbcn\/\"]},{\"@type\":\"Person\",\"@id\":\"https:\/\/www.cofb.org\/#\/schema\/person\/22ed7eea88da74b0fa4d3154ad87ffcb\",\"name\":\"wpAdminCofbOrg\",\"image\":{\"@type\":\"ImageObject\",\"inLanguage\":\"ca\",\"@id\":\"https:\/\/www.cofb.org\/#\/schema\/person\/image\/\",\"url\":\"https:\/\/secure.gravatar.com\/avatar\/1721b20b3b8ca882c3b56ec6c978c594fff670e40c0718e9190eaeeb76aae7d8?s=96&d=mm&r=g\",\"contentUrl\":\"https:\/\/secure.gravatar.com\/avatar\/1721b20b3b8ca882c3b56ec6c978c594fff670e40c0718e9190eaeeb76aae7d8?s=96&d=mm&r=g\",\"caption\":\"wpAdminCofbOrg\"},\"sameAs\":[\"http:\/\/192.168.64.122\/wordpress\"],\"url\":\"https:\/\/www.cofb.org\/ca\/author\/wpadmincofborg\/\"}]}<\/script>\n<!-- \/ Yoast SEO plugin. -->","yoast_head_json":{"title":"Actualitzaci\u00f3 en ortop\u00e8dia b\u00e0sica: Un \u00e0mbit amb moltes possibilitats per a l'oficina de farm\u00e0cia - Col\u00b7legi de Farmac\u00e8utics de Barcelona","description":"Els passats 16, 23 i 30 d'octubre va tenir lloc al Col\u00b7legi de Farmac\u00e8utics de Barcelona la formaci\u00f3 \"Ortop\u00e8dia b\u00e0sica\". Impartida per M. Carmen Valero, t\u00e8cnica superior ortoprot\u00e8sica, responsable de formaci\u00f3 del canal Farma d'ACTIUS BY ORLIMAN i coordinada per Montse Giron\u00e8s, vocal d'Ortop\u00e8dia del COFB","robots":{"index":"index","follow":"follow","max-snippet":"max-snippet:-1","max-image-preview":"max-image-preview:large","max-video-preview":"max-video-preview:-1"},"canonical":"https:\/\/novaorg.cofb.net\/2019\/11\/06\/actualitzacio-ortopedia-basica-ambit-moltes-possibilitats-loficina-farmacia\/","og_locale":"ca_ES","og_type":"article","og_title":"Actualitzaci\u00f3 en ortop\u00e8dia b\u00e0sica: Un \u00e0mbit amb moltes possibilitats per a l'oficina de farm\u00e0cia - Col\u00b7legi de Farmac\u00e8utics de Barcelona","og_description":"Els passats 16, 23 i 30 d'octubre va tenir lloc al Col\u00b7legi de Farmac\u00e8utics de Barcelona la formaci\u00f3 \"Ortop\u00e8dia b\u00e0sica\". Impartida per M. Carmen Valero, t\u00e8cnica superior ortoprot\u00e8sica, responsable de formaci\u00f3 del canal Farma d'ACTIUS BY ORLIMAN i coordinada per Montse Giron\u00e8s, vocal d'Ortop\u00e8dia del COFB","og_url":"https:\/\/novaorg.cofb.net\/2019\/11\/06\/actualitzacio-ortopedia-basica-ambit-moltes-possibilitats-loficina-farmacia\/","og_site_name":"Col\u00b7legi de Farmac\u00e8utics de Barcelona","article_publisher":"https:\/\/www.facebook.com\/farmaceuticsbcn\/","article_published_time":"2019-11-06T16:17:00+00:00","author":"wpAdminCofbOrg","twitter_card":"summary_large_image","twitter_creator":"@farmaceuticsbcn","twitter_site":"@farmaceuticsbcn","twitter_misc":{"Escrit per":"wpAdminCofbOrg","Temps estimat de lectura":"3 minuts"},"schema":{"@context":"https:\/\/schema.org","@graph":[{"@type":"Article","@id":"https:\/\/novaorg.cofb.net\/2019\/11\/06\/actualitzacio-ortopedia-basica-ambit-moltes-possibilitats-loficina-farmacia\/#article","isPartOf":{"@id":"https:\/\/novaorg.cofb.net\/2019\/11\/06\/actualitzacio-ortopedia-basica-ambit-moltes-possibilitats-loficina-farmacia\/"},"author":{"name":"wpAdminCofbOrg","@id":"https:\/\/www.cofb.org\/#\/schema\/person\/22ed7eea88da74b0fa4d3154ad87ffcb"},"headline":"Actualitzaci\u00f3 en ortop\u00e8dia b\u00e0sica: Un \u00e0mbit amb moltes possibilitats per a l&#8217;oficina de farm\u00e0cia","datePublished":"2019-11-06T16:17:00+00:00","dateModified":"2019-11-06T16:17:00+00:00","mainEntityOfPage":{"@id":"https:\/\/novaorg.cofb.net\/2019\/11\/06\/actualitzacio-ortopedia-basica-ambit-moltes-possibilitats-loficina-farmacia\/"},"wordCount":663,"commentCount":0,"publisher":{"@id":"https:\/\/www.cofb.org\/#organization"},"image":{"@id":"https:\/\/novaorg.cofb.net\/2019\/11\/06\/actualitzacio-ortopedia-basica-ambit-moltes-possibilitats-loficina-farmacia\/#primaryimage"},"thumbnailUrl":"","keywords":["activitats formatives","Col\u00b7legi de Farmac\u00e8utics de Barcelona","cursos","farmac\u00e8utics","Farm\u00e0cia","farm\u00e0cia comunit\u00e0ria","Formaci\u00f3","formaci\u00f3 continuada","M\u00e0ster Ortop\u00e8dia","Oficina de farm\u00e0cia","Ortop\u00e8dia","ortop\u00e8dia b\u00e0sica","productes d'ortop\u00e8dia","productes ortoprot\u00e8sics","programa de formaci\u00f3 continuada","programa formatiu 2019-2020","Vocal d'Ortop\u00e8dia"],"articleSection":["Destacats","M\u00f3n col\u00b7legial"],"inLanguage":"ca","potentialAction":[{"@type":"CommentAction","name":"Comment","target":["https:\/\/novaorg.cofb.net\/2019\/11\/06\/actualitzacio-ortopedia-basica-ambit-moltes-possibilitats-loficina-farmacia\/#respond"]}]},{"@type":"WebPage","@id":"https:\/\/novaorg.cofb.net\/2019\/11\/06\/actualitzacio-ortopedia-basica-ambit-moltes-possibilitats-loficina-farmacia\/","url":"https:\/\/novaorg.cofb.net\/2019\/11\/06\/actualitzacio-ortopedia-basica-ambit-moltes-possibilitats-loficina-farmacia\/","name":"Actualitzaci\u00f3 en ortop\u00e8dia b\u00e0sica: Un \u00e0mbit amb moltes possibilitats per a l'oficina de farm\u00e0cia - Col\u00b7legi de Farmac\u00e8utics de Barcelona","isPartOf":{"@id":"https:\/\/www.cofb.org\/#website"},"primaryImageOfPage":{"@id":"https:\/\/novaorg.cofb.net\/2019\/11\/06\/actualitzacio-ortopedia-basica-ambit-moltes-possibilitats-loficina-farmacia\/#primaryimage"},"image":{"@id":"https:\/\/novaorg.cofb.net\/2019\/11\/06\/actualitzacio-ortopedia-basica-ambit-moltes-possibilitats-loficina-farmacia\/#primaryimage"},"thumbnailUrl":"","datePublished":"2019-11-06T16:17:00+00:00","dateModified":"2019-11-06T16:17:00+00:00","description":"Els passats 16, 23 i 30 d'octubre va tenir lloc al Col\u00b7legi de Farmac\u00e8utics de Barcelona la formaci\u00f3 \"Ortop\u00e8dia b\u00e0sica\". Impartida per M. Carmen Valero, t\u00e8cnica superior ortoprot\u00e8sica, responsable de formaci\u00f3 del canal Farma d'ACTIUS BY ORLIMAN i coordinada per Montse Giron\u00e8s, vocal d'Ortop\u00e8dia del COFB","breadcrumb":{"@id":"https:\/\/novaorg.cofb.net\/2019\/11\/06\/actualitzacio-ortopedia-basica-ambit-moltes-possibilitats-loficina-farmacia\/#breadcrumb"},"inLanguage":"ca","potentialAction":[{"@type":"ReadAction","target":["https:\/\/novaorg.cofb.net\/2019\/11\/06\/actualitzacio-ortopedia-basica-ambit-moltes-possibilitats-loficina-farmacia\/"]}]},{"@type":"ImageObject","inLanguage":"ca","@id":"https:\/\/novaorg.cofb.net\/2019\/11\/06\/actualitzacio-ortopedia-basica-ambit-moltes-possibilitats-loficina-farmacia\/#primaryimage","url":"","contentUrl":""},{"@type":"BreadcrumbList","@id":"https:\/\/novaorg.cofb.net\/2019\/11\/06\/actualitzacio-ortopedia-basica-ambit-moltes-possibilitats-loficina-farmacia\/#breadcrumb","itemListElement":[{"@type":"ListItem","position":1,"name":"Inici","item":"https:\/\/novaorg.cofb.net\/"},{"@type":"ListItem","position":2,"name":"Actualitzaci\u00f3 en ortop\u00e8dia b\u00e0sica: Un \u00e0mbit amb moltes possibilitats per a l&#8217;oficina de farm\u00e0cia"}]},{"@type":"WebSite","@id":"https:\/\/www.cofb.org\/#website","url":"https:\/\/www.cofb.org\/","name":"Col\u00b7legi de Farmac\u00e8utics de Barcelona","description":"","publisher":{"@id":"https:\/\/www.cofb.org\/#organization"},"potentialAction":[{"@type":"SearchAction","target":{"@type":"EntryPoint","urlTemplate":"https:\/\/www.cofb.org\/?s={search_term_string}"},"query-input":"required name=search_term_string"}],"inLanguage":"ca"},{"@type":"Organization","@id":"https:\/\/www.cofb.org\/#organization","name":"Col\u00b7legi de Farmac\u00e8utics de Barcelona","url":"https:\/\/www.cofb.org\/","logo":{"@type":"ImageObject","inLanguage":"ca","@id":"https:\/\/www.cofb.org\/#\/schema\/logo\/image\/","url":"https:\/\/www.cofb.org\/wp-content\/uploads\/2023\/11\/cropped-Logotip-COFB.png","contentUrl":"https:\/\/www.cofb.org\/wp-content\/uploads\/2023\/11\/cropped-Logotip-COFB.png","width":500,"height":105,"caption":"Col\u00b7legi de Farmac\u00e8utics de Barcelona"},"image":{"@id":"https:\/\/www.cofb.org\/#\/schema\/logo\/image\/"},"sameAs":["https:\/\/www.facebook.com\/farmaceuticsbcn\/","https:\/\/twitter.com\/farmaceuticsbcn","https:\/\/www.instagram.com\/farmaceuticsbcn\/","https:\/\/www.linkedin.com\/company\/farmaceuticsbcn\/"]},{"@type":"Person","@id":"https:\/\/www.cofb.org\/#\/schema\/person\/22ed7eea88da74b0fa4d3154ad87ffcb","name":"wpAdminCofbOrg","image":{"@type":"ImageObject","inLanguage":"ca","@id":"https:\/\/www.cofb.org\/#\/schema\/person\/image\/","url":"https:\/\/secure.gravatar.com\/avatar\/1721b20b3b8ca882c3b56ec6c978c594fff670e40c0718e9190eaeeb76aae7d8?s=96&d=mm&r=g","contentUrl":"https:\/\/secure.gravatar.com\/avatar\/1721b20b3b8ca882c3b56ec6c978c594fff670e40c0718e9190eaeeb76aae7d8?s=96&d=mm&r=g","caption":"wpAdminCofbOrg"},"sameAs":["http:\/\/192.168.64.122\/wordpress"],"url":"https:\/\/www.cofb.org\/ca\/author\/wpadmincofborg\/"}]}},"uagb_featured_image_src":{"full":false,"thumbnail":false,"medium":false,"medium_large":false,"large":false,"1536x1536":false,"2048x2048":false,"trp-custom-language-flag":false},"uagb_author_info":{"display_name":"wpAdminCofbOrg","author_link":"https:\/\/www.cofb.org\/ca\/author\/wpadmincofborg\/"},"uagb_comment_info":0,"uagb_excerpt":"Els passats 16, 23 i 30 d&#8217;octubre va tenir lloc al Col\u00b7legi de Farmac\u00e8utics de Barcelona la formaci\u00f3 &#8220;Ortop\u00e8dia b\u00e0sica&#8221;. Impartida per M. Carmen Valero, t\u00e8cnica superior ortoprot\u00e8sica, responsable de formaci\u00f3 del canal Farma d&#8217;Actius by Orliman, i coordinada per Montse Giron\u00e8s, vocal d&#8217;Ortop\u00e8dia del COFB, va abordar les tem\u00e0tiques [&hellip;]","_links":{"self":[{"href":"https:\/\/www.cofb.org\/ca\/wp-json\/wp\/v2\/posts\/47952","targetHints":{"allow":["GET"]}}],"collection":[{"href":"https:\/\/www.cofb.org\/ca\/wp-json\/wp\/v2\/posts"}],"about":[{"href":"https:\/\/www.cofb.org\/ca\/wp-json\/wp\/v2\/types\/post"}],"author":[{"embeddable":true,"href":"https:\/\/www.cofb.org\/ca\/wp-json\/wp\/v2\/users\/1"}],"replies":[{"embeddable":true,"href":"https:\/\/www.cofb.org\/ca\/wp-json\/wp\/v2\/comments?post=47952"}],"version-history":[{"count":0,"href":"https:\/\/www.cofb.org\/ca\/wp-json\/wp\/v2\/posts\/47952\/revisions"}],"wp:featuredmedia":[{"embeddable":true,"href":"https:\/\/www.cofb.org\/ca\/wp-json\/"}],"wp:attachment":[{"href":"https:\/\/www.cofb.org\/ca\/wp-json\/wp\/v2\/media?parent=47952"}],"wp:term":[{"taxonomy":"category","embeddable":true,"href":"https:\/\/www.cofb.org\/ca\/wp-json\/wp\/v2\/categories?post=47952"},{"taxonomy":"post_tag","embeddable":true,"href":"https:\/\/www.cofb.org\/ca\/wp-json\/wp\/v2\/tags?post=47952"}],"curies":[{"name":"wp","href":"https:\/\/api.w.org\/{rel}","templated":true}]}}