{"id":47683,"date":"2019-10-30T15:46:46","date_gmt":"2019-10-30T13:46:46","guid":{"rendered":"https:\/\/blog.cofb.cat\/?p=47683"},"modified":"2019-10-30T15:46:46","modified_gmt":"2019-10-30T13:46:46","slug":"medicaments-fotosensibilitzants-centren-segona-onada-campanya-atencio-pell-365","status":"publish","type":"post","link":"https:\/\/www.cofb.org\/ca\/2019\/10\/30\/medicaments-fotosensibilitzants-centren-segona-onada-campanya-atencio-pell-365\/","title":{"rendered":"Els medicaments fotosensibilitzants centren la segona onada de la campanya &#8220;Atenci\u00f3 Pell 365&#8221;"},"content":{"rendered":"<p>El passat <strong>22 d&#8217;octubre<\/strong> va tenir lloc al <strong>Col\u00b7legi de Farmac\u00e8utics de Barcelona<\/strong> la <strong>presentaci\u00f3<\/strong> de la <strong>segona onada<\/strong> <strong>de la campanya &#8220;Atenci\u00f3 Pell 365&#8221;<\/strong>. La sessi\u00f3 va comptar amb les intervencions de <strong>Marta Alcalde<\/strong>, vocal de Dermofarm\u00e0cia i Productes Sanitaris del COFB; <strong>Maria Perell\u00f3<\/strong>, cap del Centre d&#8217;Informaci\u00f3 del Medicament del COFB i <strong>S\u00f2nia Mart\u00ednez<\/strong>, metgessa de fam\u00edlia i comunit\u00e0ria del CAP Ramona Via i membre del Grup de Dermatologia de CAMFiC. La campanya d&#8217;educaci\u00f3 sanit\u00e0ria -que durar\u00e0 tot un any i va iniciar-se al mes de juny coincidint amb l&#8217;arribada de l&#8217;estiu-\u00a0se centrar\u00e0\u00a0en aquesta segona fase (tardor 2019) en els <strong>medicaments fotosensibilitzants<\/strong>. Es tracta de <strong>f\u00e0rmacs<\/strong> que <strong>augmenten la vulnerabilitat al sol<\/strong> i que fan que <strong>sigui imprescindible la utilitzaci\u00f3 del protector solar<\/strong>.<\/p>\n<figure id=\"attachment_47823\" aria-describedby=\"caption-attachment-47823\" style=\"width: 620px\" class=\"wp-caption aligncenter\"><a href=\"https:\/\/blog.cofb.cat\/wp-content\/uploads\/2019\/10\/cofb.191022-52.jpg\"><img fetchpriority=\"high\" decoding=\"async\" class=\"wp-image-47823 size-large\" title=\"Marta Alcalde, vocal de Dermofarm\u00e0cia i Productes Sanitaris del COFB, en un moment de la seva intervenci\u00f3 durant la presentaci\u00f3 de la segona onada de la campanya &quot;Atenci\u00f3 Pell&quot;. \" src=\"https:\/\/blog.cofb.cat\/wp-content\/uploads\/2019\/10\/cofb.191022-52-1024x683.jpg\" alt=\"Marta Alcalde, vocal de Dermofarm\u00e0cia i Productes Sanitaris del COFB, en un moment de la seva intervenci\u00f3 durant la presentaci\u00f3 de la segona onada de la campanya &quot;Atenci\u00f3 Pell&quot;. \" width=\"620\" height=\"414\" \/><\/a><figcaption id=\"caption-attachment-47823\" class=\"wp-caption-text\">Marta Alcalde, vocal de Dermofarm\u00e0cia i Productes Sanitaris del COFB, en un moment de la seva intervenci\u00f3 durant la presentaci\u00f3 de la segona onada de la campanya &#8220;Atenci\u00f3 Pell&#8221;.<\/figcaption><\/figure>\n<p>Concretament, s&#8217;informar\u00e0 els pacients que acudeixin a la farm\u00e0cia sobre l&#8217;<strong>exist\u00e8ncia dels medicaments fotosensibilitzants<\/strong>, dels seus <strong>efectes perjudicials per a la nostra pell<\/strong> i de les <strong>mesures preventives<\/strong> que s&#8217;han de prendre per tal de <strong>minimitzar els seus efectes<\/strong>.<\/p>\n<p>Marta Alcalde, vocal de Dermofarm\u00e0cia i Productes Sanitaris del COFB, va explicar durant la presentaci\u00f3 que en aquesta segona onada &#8220;ens volem focalitzar en els <strong>medicaments fotosensibilitzants<\/strong> i en qu\u00e8 sigueu capa\u00e7os de donar les <strong>indicacions corresponents<\/strong> a l&#8217;hora de fer les dispensacions&#8221;.&#8221;Hem dividit la campanya en <strong>4 onades,<\/strong> per tal que hi hagi <strong>4 inputs<\/strong> al llarg de l&#8217;any i que els farmac\u00e8utics centrem els esfor\u00e7os o informaci\u00f3 en <strong>diferents temes relacionats amb la protecci\u00f3 solar<\/strong>&#8220;.<\/p>\n<h1><span style=\"color: #008080;\"><strong>Dispensaci\u00f3, indicaci\u00f3 i seguiment farmacoterap\u00e8utic\u00a0<\/strong><\/span><\/h1>\n<p>En el moment de la <span style=\"color: #000000;\"><strong>dispensaci\u00f3 i indicaci\u00f3 de medicaments fotosensibilitzants<\/strong><\/span>, els farmac\u00e8utics poden realitzar una important <span style=\"color: #000000;\"><strong>tasca d&#8217;educaci\u00f3 sanit\u00e0ria<\/strong><\/span> al voltant dels <span style=\"color: #000000;\"><strong>medicaments fotosensibilitzants<\/strong>;<\/span> informant el pacient que el medicament que se li dispensar\u00e0 <strong>tindr\u00e0 aquestes caracter\u00edstiques<\/strong>, preguntant-li el grau d&#8217;exposici\u00f3 espec\u00edfic al sol (si fa activitats a l&#8217;exterior, si utilitza protecci\u00f3 f\u00edsica&#8230;);\u00a0 detectant reaccions adverses; valorant el millor moment per a l&#8217;inici del tractament (si es pot) i situant, quan sigui possible, la presa del medicament a la nit.<\/p>\n<p>Aix\u00ed mateix, per prevenir les <strong>reaccions de fotosensibilitat<\/strong> indu\u00efdes per f\u00e0rmacs els farmac\u00e8utics <strong>recomanaran<\/strong> evitar l&#8217;exposici\u00f3 al sol (quan sigui possible), l&#8217;\u00fas de protecci\u00f3 f\u00edsica (roba, ulleres, etc.), l&#8217;\u00fas de protecci\u00f3 solar sempre que se surti al carrer en zones exposades i l&#8217;\u00fas de <strong>fotoprotecci\u00f3 oral, complementari, mai substitutori<\/strong>.<\/p>\n<div class=\"destacat-blog\">\n<h2><span style=\"color: #008080;\"><strong>En quins casos ens podem trobar amb medicaments fotosensibilitzants?<\/strong><\/span><\/h2>\n<p>Alguns dels <strong>medicaments fotosensibilitzants<\/strong>\u00a0s&#8217;utilitzen en casos com el <strong>dolor<\/strong> o la<strong> inflamaci\u00f3<\/strong>, el <strong>colesterol alt<\/strong>, l&#8217;<strong>al\u00b7l\u00e8rgia<\/strong>, l&#8217;<strong>insomni<\/strong>, la <strong>hipertensi\u00f3 arterial<\/strong>, l&#8217;<strong>acidesa estomacal<\/strong>, les <strong>infeccions bacterianes<\/strong>, la <strong>depressi\u00f3<\/strong> o l&#8217;<strong>acne<\/strong>.<\/p>\n<p>Un<strong> 55%<\/strong> de les persones enquestades durant <strong>&#8220;Atenci\u00f3 Pell 2018&#8221;<\/strong> prenia <strong>medicaments fotosensibilitzants<\/strong>\u00a0 i, d\u2019aquests, el <strong>76% no utilitzava sempre protecci\u00f3 solar<\/strong>. \u00c9s per aix\u00f2 que \u00e9s necessari <strong>incidir en la divulgaci\u00f3 d&#8217;aquest tipus de medicaments<\/strong>, en qu\u00e8 es fa necessari utilitzar protector solar.<\/p>\n<\/div>\n<p>Pel que fa a la <span style=\"color: #000000;\"><strong>indicaci\u00f3\u00a0<\/strong><strong>per reaccions de fotosensibilitat indu\u00efda per f\u00e0rmacs<\/strong><\/span>, els farmac\u00e8utics, davant d&#8217;una cremada solar <strong>demanaran sempre<\/strong> quins medicaments s&#8217;estan prenent. Si es tracta d&#8217;un <strong>tractament de prescripci\u00f3 m\u00e8dica<\/strong>, es refor\u00e7aran les <strong>mesures preventives amb educaci\u00f3 sanit\u00e0ria en protecci\u00f3 solar<\/strong> i es derivar\u00e0 al metge perqu\u00e8 valori les mesures oportunes sobre el tractament (sense urg\u00e8ncia).<\/p>\n<figure id=\"attachment_47824\" aria-describedby=\"caption-attachment-47824\" style=\"width: 620px\" class=\"wp-caption aligncenter\"><a href=\"https:\/\/blog.cofb.cat\/wp-content\/uploads\/2019\/10\/cofb.191022-68.jpg\"><img decoding=\"async\" class=\"wp-image-47824 size-large\" title=\"La metgessa S\u00f2nia Mart\u00ednez i la farmac\u00e8utica Maria Perell\u00f3, en un moment de la seva intervenci\u00f3, en qu\u00e8 van utilitzar la metodologia Kahoot. \" src=\"https:\/\/blog.cofb.cat\/wp-content\/uploads\/2019\/10\/cofb.191022-68-1024x683.jpg\" alt=\"La metgessa S\u00f2nia Mart\u00ednez i la farmac\u00e8utica Maria Perell\u00f3, en un moment de la seva intervenci\u00f3, en qu\u00e8 van utilitzar la metodologia Kahoot. \" width=\"620\" height=\"414\" \/><\/a><figcaption id=\"caption-attachment-47824\" class=\"wp-caption-text\">La metgessa S\u00f2nia Mart\u00ednez i la farmac\u00e8utica Maria Perell\u00f3, en un moment de la seva intervenci\u00f3, en qu\u00e8 van utilitzar la metodologia Kahoot.<\/figcaption><\/figure>\n<p>En cas que es tracti d&#8217;un <strong>tractament a demanda<\/strong> (&#8220;prengui&#8217;l si cal&#8221;) o b\u00e9 si \u00e9s d&#8217;<strong>indicaci\u00f3 farmac\u00e8utica<\/strong>,<strong>\u00a0<\/strong>es recomanar\u00e0 la <strong>retirada de la medicaci\u00f3<\/strong> sempre que hi hagi <strong>exposici\u00f3 al sol<\/strong>. En el cas del seguiment farmacoterap\u00e8utic amb medicaments fotosensibilitzants, quan se&#8217;n detectin cal proporcionar informaci\u00f3 personalitzada del medicament (IPM) amb educaci\u00f3 sanit\u00e0ria\u00a0 en protecci\u00f3 solar.<\/p>\n<p>Tamb\u00e9 es mantindr\u00e0 un contacte fluid amb el metge de fam\u00edlia del pacient en seguiment per compartir informaci\u00f3 de: problemes relacionats amb el medicament (PRM), resultats negatius del medicament (RNM) i intervencions conjuntes sobre el tema.<\/p>\n<h1><span style=\"color: #008080;\"><strong>Objectius de la campanya &#8220;Atenci\u00f3 Pell 365&#8221;<\/strong><\/span><\/h1>\n<p>Els temes abordats durant la campanya s\u00f3n: <strong>etiquetatge, quantitat, aplicacions i textures dels protectors solars<\/strong> (Juny 2019); <strong>medicaments fotosensibilitzants<\/strong> (Octubre 2019); <strong>exposici\u00f3 invisible<\/strong> (Febrer 2020) i <strong>protecci\u00f3 f\u00edsica i h\u00e0bits d&#8217;exposici\u00f3<\/strong> (Maig 2020).<\/p>\n<ul>\n<li style=\"list-style-type: none;\">\n<ul>\n<li>Fomentar la idea que <strong>protegir-se del sol<\/strong> \u00e9s un <span style=\"color: #000000;\"><strong>h\u00e0bit atemporal<\/strong>, <strong>no estacional<\/strong><\/span><\/li>\n<li>Aconsellar l&#8217;<strong>\u00fas correcte dels protectors solars<\/strong><\/li>\n<li>Promoure\u00a0<strong>h\u00e0bits d&#8217;exposici\u00f3 saludables<\/strong><\/li>\n<li>Con\u00e8ixer els <strong>efectes de les diferents radiacions<\/strong> i poder <strong>informar els pacients de manera id\u00f2nia\u00a0<\/strong><\/li>\n<\/ul>\n<\/li>\n<\/ul>\n<div class=\"box note\"><\/div>\n<h1><span style=\"color: #008080;\"><strong>Els materials de la campanya<\/strong><\/span><\/h1>\n<p><strong>&#8220;Atenci\u00f3 Pell 365&#8221;<\/strong>\u00a0ha posat a disposici\u00f3 dels farmac\u00e8utics participants diversos\u00a0<strong>materials divulgatius:<\/strong>\u00a0un\u00a0<strong>vinil<\/strong>\u00a0que podran penjar a la farm\u00e0cia;\u00a0<strong>fulletons<\/strong>\u00a0per als usuaris amb informaci\u00f3 sobre com aplicar el protector solar, quins medicaments s\u00f3n\u00a0<strong>fotosensibilitzants<\/strong>, els\u00a0<strong>efectes de la radiaci\u00f3 del sol<\/strong>\u00a0sobre la pell i diferents\u00a0<strong>maneres de protegir-se del sol.<\/strong>\u00a0<a href=\"https:\/\/blog.cofb.cat\/wp-content\/uploads\/2019\/10\/20191030_143033_edited.jpg\"><img decoding=\"async\" class=\"aligncenter wp-image-47859 size-large\" title=\"Etiquetes de la segona onada de la campanya #Atenci\u00f3Pell365 dedicada als medicaments fotosensibilitzants.\" src=\"https:\/\/blog.cofb.cat\/wp-content\/uploads\/2019\/10\/20191030_143033_edited-1024x636.jpg\" alt=\"Etiquetes de la segona onada de la campanya #Atenci\u00f3Pell365 dedicada als medicaments fotosensibilitzants.\" width=\"620\" height=\"385\" \/><\/a><\/p>\n<p>Com a <strong>novetat<\/strong>, en aquesta segona fase, les farm\u00e0cies disposaran d&#8217;unes <strong>etiquetes<\/strong> que els farmac\u00e8utics podran posar per indicar si un determinat <strong>medicament \u00e9s fotosensibilitzant<\/strong> a l&#8217;<strong>hora de dispensar-lo<\/strong>.<\/p>\n<\/div>\n<p style=\"text-align: right;\"><span style=\"color: #000000;\"><strong>Organitzat conjuntament amb:<\/strong><\/span><\/p>\n<p style=\"text-align: right;\"><a href=\"https:\/\/www.clinicbarcelona.org\" target=\"_blank\" rel=\"noopener\"><img loading=\"lazy\" decoding=\"async\" class=\" wp-image-45935 alignright\" src=\"https:\/\/blog.cofb.cat\/wp-content\/uploads\/2019\/06\/Cl\u00ednic.jpg\" alt=\"\" width=\"119\" height=\"71\" \/><\/a><\/p>\n<p>&nbsp;<\/p>\n<p>&nbsp;<\/p>\n<p style=\"text-align: right;\"><span style=\"color: #000000;\"><strong>\u00a0Amb el patrocini de:<\/strong><\/span><\/p>\n<p style=\"text-align: right;\"><a href=\"https:\/\/blog.cofb.cat\/wp-content\/uploads\/2019\/06\/Atenci\u00f3Pell365-patrocinadors.jpg\"><img loading=\"lazy\" decoding=\"async\" class=\"wp-image-45936 alignright\" src=\"https:\/\/blog.cofb.cat\/wp-content\/uploads\/2019\/06\/Atenci\u00f3Pell365-patrocinadors.jpg\" alt=\"\" width=\"409\" height=\"74\" \/><\/a><\/p>\n<p>&nbsp;<\/p>\n<p>&nbsp;<\/p>\n<p><span style=\"color: #000000;\"><strong>Altres publicacions d&#8217;inter\u00e8s:<\/strong><\/span><\/p>\n<ul>\n<li style=\"list-style-type: none;\">\n<ul>\n<li><a href=\"https:\/\/blog.cofb.cat\/mes-de-600-farmaceutics-de-la-provincia-de-barcelona-participen-en-la-campanya-atencio-pell-365-per-conscienciar-de-la-importancia-de-protegir-se-del-sol-durant-tot-lany\/\" target=\"_blank\" rel=\"noopener\">Arrenca la campanya \u201cAtenci\u00f3 Pell 365\u201d per conscienciar de la import\u00e0ncia de protegir-se del sol durant tot l\u2019any (Juny 2019)<\/a><\/li>\n<li><a href=\"https:\/\/blog.cofb.cat\/nova-campanya-atenciopell365-mes-de-1-000-farmaceutics-inscrits-a-la-sessio-informativa\/\" target=\"_blank\" rel=\"noopener\">Nova campanya #Atenci\u00f3Pell365: M\u00e9s de 1.000 farmac\u00e8utics inscrits a la sessi\u00f3 informativa (Juny 2019)<\/a><\/li>\n<li><a href=\"https:\/\/blog.cofb.cat\/en-marxa-la-tercera-edicio-de-la-campanya-atenciopell-organitzada-pel-cofb-i-lhospital-clinic-de-barcelona\/\" target=\"_blank\" rel=\"noopener\">En marxa la tercera edici\u00f3 de la campanya #Atenci\u00f3Pell, organitzada pel COFB i l\u2019Hospital Cl\u00ednic de Barcelona (Maig 2018)<\/a><\/li>\n<\/ul>\n<\/li>\n<\/ul>\n","protected":false},"excerpt":{"rendered":"<p>El passat 22 d&#8217;octubre va tenir lloc al Col\u00b7legi de Farmac\u00e8utics de Barcelona la presentaci\u00f3 de la segona onada de la campanya &#8220;Atenci\u00f3 Pell 365&#8221;. La sessi\u00f3 va comptar amb les intervencions de Marta Alcalde, vocal de Dermofarm\u00e0cia i Productes Sanitaris del COFB; Maria Perell\u00f3, cap del Centre d&#8217;Informaci\u00f3 del [&hellip;]<\/p>\n","protected":false},"author":1,"featured_media":47859,"comment_status":"open","ping_status":"open","sticky":false,"template":"","format":"standard","meta":{"_uag_custom_page_level_css":"","site-sidebar-layout":"default","site-content-layout":"","ast-site-content-layout":"default","site-content-style":"default","site-sidebar-style":"default","ast-global-header-display":"","ast-banner-title-visibility":"","ast-main-header-display":"","ast-hfb-above-header-display":"","ast-hfb-below-header-display":"","ast-hfb-mobile-header-display":"","site-post-title":"","ast-breadcrumbs-content":"","ast-featured-img":"disabled","footer-sml-layout":"","theme-transparent-header-meta":"","adv-header-id-meta":"","stick-header-meta":"","header-above-stick-meta":"","header-main-stick-meta":"","header-below-stick-meta":"","astra-migrate-meta-layouts":"default","ast-page-background-enabled":"default","ast-page-background-meta":{"desktop":{"background-color":"var(--ast-global-color-4)","background-image":"","background-repeat":"repeat","background-position":"center center","background-size":"auto","background-attachment":"scroll","background-type":"","background-media":"","overlay-type":"","overlay-color":"","overlay-opacity":"","overlay-gradient":""},"tablet":{"background-color":"","background-image":"","background-repeat":"repeat","background-position":"center center","background-size":"auto","background-attachment":"scroll","background-type":"","background-media":"","overlay-type":"","overlay-color":"","overlay-opacity":"","overlay-gradient":""},"mobile":{"background-color":"","background-image":"","background-repeat":"repeat","background-position":"center center","background-size":"auto","background-attachment":"scroll","background-type":"","background-media":"","overlay-type":"","overlay-color":"","overlay-opacity":"","overlay-gradient":""}},"ast-content-background-meta":{"desktop":{"background-color":"var(--ast-global-color-5)","background-image":"","background-repeat":"repeat","background-position":"center center","background-size":"auto","background-attachment":"scroll","background-type":"","background-media":"","overlay-type":"","overlay-color":"","overlay-opacity":"","overlay-gradient":""},"tablet":{"background-color":"var(--ast-global-color-5)","background-image":"","background-repeat":"repeat","background-position":"center center","background-size":"auto","background-attachment":"scroll","background-type":"","background-media":"","overlay-type":"","overlay-color":"","overlay-opacity":"","overlay-gradient":""},"mobile":{"background-color":"var(--ast-global-color-5)","background-image":"","background-repeat":"repeat","background-position":"center center","background-size":"auto","background-attachment":"scroll","background-type":"","background-media":"","overlay-type":"","overlay-color":"","overlay-opacity":"","overlay-gradient":""}},"footnotes":""},"categories":[23,57],"tags":[3522,64,392,3634,3699,3700,2684,403,198,53,444,741,3456,3701,725,3702,3703,267,2252],"class_list":["post-47683","post","type-post","status-publish","format-standard","has-post-thumbnail","hentry","category-destacats","category-mon-collegial","tag-atenciopell365","tag-atencio-farmaceutica","tag-atencio-pell","tag-atencio-pell-365","tag-campanya-cancer-pell","tag-campanya-contra-el-cancer-de-pell","tag-crema-solar","tag-dispensacio","tag-dispensacio-oficina-de-farmacia","tag-farmaceutics","tag-fotoproteccio","tag-hospital-clinic","tag-indicacio","tag-medicaments-fotosensibilitzants","tag-proteccio-solar","tag-protectors-solars","tag-segona-onada","tag-seguiment-farmacoterapeutic","tag-tardor"],"yoast_head":"<!-- This site is optimized with the Yoast SEO plugin v22.4 - https:\/\/yoast.com\/wordpress\/plugins\/seo\/ -->\n<title>Els medicaments fotosensibilitzants centren la segona onada de la campanya &quot;Atenci\u00f3 Pell 365&quot; - Col\u00b7legi de Farmac\u00e8utics de Barcelona<\/title>\n<meta name=\"description\" content=\"El passat 22 d&#039;octubre va tenir lloc al Col\u00b7legi de Farmac\u00e8utics de Barcelona la presentaci\u00f3 de la segona onada de la campanya &quot;Atenci\u00f3 Pell 365&quot;.\" \/>\n<meta name=\"robots\" content=\"index, follow, max-snippet:-1, max-image-preview:large, max-video-preview:-1\" \/>\n<link rel=\"canonical\" href=\"https:\/\/novaorg.cofb.net\/2019\/10\/30\/medicaments-fotosensibilitzants-centren-segona-onada-campanya-atencio-pell-365\/\" \/>\n<meta property=\"og:locale\" content=\"ca_ES\" \/>\n<meta property=\"og:type\" content=\"article\" \/>\n<meta property=\"og:title\" content=\"Els medicaments fotosensibilitzants centren la segona onada de la campanya &quot;Atenci\u00f3 Pell 365&quot; - Col\u00b7legi de Farmac\u00e8utics de Barcelona\" \/>\n<meta property=\"og:description\" content=\"El passat 22 d&#039;octubre va tenir lloc al Col\u00b7legi de Farmac\u00e8utics de Barcelona la presentaci\u00f3 de la segona onada de la campanya &quot;Atenci\u00f3 Pell 365&quot;.\" \/>\n<meta property=\"og:url\" content=\"https:\/\/novaorg.cofb.net\/2019\/10\/30\/medicaments-fotosensibilitzants-centren-segona-onada-campanya-atencio-pell-365\/\" \/>\n<meta property=\"og:site_name\" content=\"Col\u00b7legi de Farmac\u00e8utics de Barcelona\" \/>\n<meta property=\"article:publisher\" content=\"https:\/\/www.facebook.com\/farmaceuticsbcn\/\" \/>\n<meta property=\"article:published_time\" content=\"2019-10-30T13:46:46+00:00\" \/>\n<meta name=\"author\" content=\"wpAdminCofbOrg\" \/>\n<meta name=\"twitter:card\" content=\"summary_large_image\" \/>\n<meta name=\"twitter:creator\" content=\"@farmaceuticsbcn\" \/>\n<meta name=\"twitter:site\" content=\"@farmaceuticsbcn\" \/>\n<meta name=\"twitter:label1\" content=\"Escrit per\" \/>\n\t<meta name=\"twitter:data1\" content=\"wpAdminCofbOrg\" \/>\n\t<meta name=\"twitter:label2\" content=\"Temps estimat de lectura\" \/>\n\t<meta name=\"twitter:data2\" content=\"5 minuts\" \/>\n<script type=\"application\/ld+json\" class=\"yoast-schema-graph\">{\"@context\":\"https:\/\/schema.org\",\"@graph\":[{\"@type\":\"Article\",\"@id\":\"https:\/\/novaorg.cofb.net\/2019\/10\/30\/medicaments-fotosensibilitzants-centren-segona-onada-campanya-atencio-pell-365\/#article\",\"isPartOf\":{\"@id\":\"https:\/\/novaorg.cofb.net\/2019\/10\/30\/medicaments-fotosensibilitzants-centren-segona-onada-campanya-atencio-pell-365\/\"},\"author\":{\"name\":\"wpAdminCofbOrg\",\"@id\":\"https:\/\/www.cofb.org\/#\/schema\/person\/22ed7eea88da74b0fa4d3154ad87ffcb\"},\"headline\":\"Els medicaments fotosensibilitzants centren la segona onada de la campanya &#8220;Atenci\u00f3 Pell 365&#8221;\",\"datePublished\":\"2019-10-30T13:46:46+00:00\",\"dateModified\":\"2019-10-30T13:46:46+00:00\",\"mainEntityOfPage\":{\"@id\":\"https:\/\/novaorg.cofb.net\/2019\/10\/30\/medicaments-fotosensibilitzants-centren-segona-onada-campanya-atencio-pell-365\/\"},\"wordCount\":1010,\"commentCount\":0,\"publisher\":{\"@id\":\"https:\/\/www.cofb.org\/#organization\"},\"image\":{\"@id\":\"https:\/\/novaorg.cofb.net\/2019\/10\/30\/medicaments-fotosensibilitzants-centren-segona-onada-campanya-atencio-pell-365\/#primaryimage\"},\"thumbnailUrl\":\"\",\"keywords\":[\"#Atenci\u00f3Pell365\",\"Atenci\u00f3 farmac\u00e8utica\",\"Atenci\u00f3 Pell\",\"Atenci\u00f3 Pell 365\",\"campanya c\u00e0ncer pell\",\"campanya contra el c\u00e0ncer de pell\",\"crema solar\",\"dispensaci\u00f3\",\"dispensaci\u00f3 oficina de farm\u00e0cia\",\"farmac\u00e8utics\",\"fotoprotecci\u00f3\",\"Hospital Cl\u00ednic\",\"indicaci\u00f3\",\"medicaments fotosensibilitzants\",\"protecci\u00f3 solar\",\"protectors solars\",\"segona onada\",\"seguiment farmacoterap\u00e8utic\",\"tardor\"],\"articleSection\":[\"Destacats\",\"M\u00f3n col\u00b7legial\"],\"inLanguage\":\"ca\",\"potentialAction\":[{\"@type\":\"CommentAction\",\"name\":\"Comment\",\"target\":[\"https:\/\/novaorg.cofb.net\/2019\/10\/30\/medicaments-fotosensibilitzants-centren-segona-onada-campanya-atencio-pell-365\/#respond\"]}]},{\"@type\":\"WebPage\",\"@id\":\"https:\/\/novaorg.cofb.net\/2019\/10\/30\/medicaments-fotosensibilitzants-centren-segona-onada-campanya-atencio-pell-365\/\",\"url\":\"https:\/\/novaorg.cofb.net\/2019\/10\/30\/medicaments-fotosensibilitzants-centren-segona-onada-campanya-atencio-pell-365\/\",\"name\":\"Els medicaments fotosensibilitzants centren la segona onada de la campanya \\\"Atenci\u00f3 Pell 365\\\" - Col\u00b7legi de Farmac\u00e8utics de Barcelona\",\"isPartOf\":{\"@id\":\"https:\/\/www.cofb.org\/#website\"},\"primaryImageOfPage\":{\"@id\":\"https:\/\/novaorg.cofb.net\/2019\/10\/30\/medicaments-fotosensibilitzants-centren-segona-onada-campanya-atencio-pell-365\/#primaryimage\"},\"image\":{\"@id\":\"https:\/\/novaorg.cofb.net\/2019\/10\/30\/medicaments-fotosensibilitzants-centren-segona-onada-campanya-atencio-pell-365\/#primaryimage\"},\"thumbnailUrl\":\"\",\"datePublished\":\"2019-10-30T13:46:46+00:00\",\"dateModified\":\"2019-10-30T13:46:46+00:00\",\"description\":\"El passat 22 d'octubre va tenir lloc al Col\u00b7legi de Farmac\u00e8utics de Barcelona la presentaci\u00f3 de la segona onada de la campanya \\\"Atenci\u00f3 Pell 365\\\".\",\"breadcrumb\":{\"@id\":\"https:\/\/novaorg.cofb.net\/2019\/10\/30\/medicaments-fotosensibilitzants-centren-segona-onada-campanya-atencio-pell-365\/#breadcrumb\"},\"inLanguage\":\"ca\",\"potentialAction\":[{\"@type\":\"ReadAction\",\"target\":[\"https:\/\/novaorg.cofb.net\/2019\/10\/30\/medicaments-fotosensibilitzants-centren-segona-onada-campanya-atencio-pell-365\/\"]}]},{\"@type\":\"ImageObject\",\"inLanguage\":\"ca\",\"@id\":\"https:\/\/novaorg.cofb.net\/2019\/10\/30\/medicaments-fotosensibilitzants-centren-segona-onada-campanya-atencio-pell-365\/#primaryimage\",\"url\":\"\",\"contentUrl\":\"\"},{\"@type\":\"BreadcrumbList\",\"@id\":\"https:\/\/novaorg.cofb.net\/2019\/10\/30\/medicaments-fotosensibilitzants-centren-segona-onada-campanya-atencio-pell-365\/#breadcrumb\",\"itemListElement\":[{\"@type\":\"ListItem\",\"position\":1,\"name\":\"Inici\",\"item\":\"https:\/\/novaorg.cofb.net\/\"},{\"@type\":\"ListItem\",\"position\":2,\"name\":\"Els medicaments fotosensibilitzants centren la segona onada de la campanya &#8220;Atenci\u00f3 Pell 365&#8221;\"}]},{\"@type\":\"WebSite\",\"@id\":\"https:\/\/www.cofb.org\/#website\",\"url\":\"https:\/\/www.cofb.org\/\",\"name\":\"Col\u00b7legi de Farmac\u00e8utics de Barcelona\",\"description\":\"\",\"publisher\":{\"@id\":\"https:\/\/www.cofb.org\/#organization\"},\"potentialAction\":[{\"@type\":\"SearchAction\",\"target\":{\"@type\":\"EntryPoint\",\"urlTemplate\":\"https:\/\/www.cofb.org\/?s={search_term_string}\"},\"query-input\":\"required name=search_term_string\"}],\"inLanguage\":\"ca\"},{\"@type\":\"Organization\",\"@id\":\"https:\/\/www.cofb.org\/#organization\",\"name\":\"Col\u00b7legi de Farmac\u00e8utics de Barcelona\",\"url\":\"https:\/\/www.cofb.org\/\",\"logo\":{\"@type\":\"ImageObject\",\"inLanguage\":\"ca\",\"@id\":\"https:\/\/www.cofb.org\/#\/schema\/logo\/image\/\",\"url\":\"https:\/\/www.cofb.org\/wp-content\/uploads\/2023\/11\/cropped-Logotip-COFB.png\",\"contentUrl\":\"https:\/\/www.cofb.org\/wp-content\/uploads\/2023\/11\/cropped-Logotip-COFB.png\",\"width\":500,\"height\":105,\"caption\":\"Col\u00b7legi de Farmac\u00e8utics de Barcelona\"},\"image\":{\"@id\":\"https:\/\/www.cofb.org\/#\/schema\/logo\/image\/\"},\"sameAs\":[\"https:\/\/www.facebook.com\/farmaceuticsbcn\/\",\"https:\/\/twitter.com\/farmaceuticsbcn\",\"https:\/\/www.instagram.com\/farmaceuticsbcn\/\",\"https:\/\/www.linkedin.com\/company\/farmaceuticsbcn\/\"]},{\"@type\":\"Person\",\"@id\":\"https:\/\/www.cofb.org\/#\/schema\/person\/22ed7eea88da74b0fa4d3154ad87ffcb\",\"name\":\"wpAdminCofbOrg\",\"image\":{\"@type\":\"ImageObject\",\"inLanguage\":\"ca\",\"@id\":\"https:\/\/www.cofb.org\/#\/schema\/person\/image\/\",\"url\":\"https:\/\/secure.gravatar.com\/avatar\/1721b20b3b8ca882c3b56ec6c978c594fff670e40c0718e9190eaeeb76aae7d8?s=96&d=mm&r=g\",\"contentUrl\":\"https:\/\/secure.gravatar.com\/avatar\/1721b20b3b8ca882c3b56ec6c978c594fff670e40c0718e9190eaeeb76aae7d8?s=96&d=mm&r=g\",\"caption\":\"wpAdminCofbOrg\"},\"sameAs\":[\"http:\/\/192.168.64.122\/wordpress\"],\"url\":\"https:\/\/www.cofb.org\/ca\/author\/wpadmincofborg\/\"}]}<\/script>\n<!-- \/ Yoast SEO plugin. -->","yoast_head_json":{"title":"Els medicaments fotosensibilitzants centren la segona onada de la campanya \"Atenci\u00f3 Pell 365\" - Col\u00b7legi de Farmac\u00e8utics de Barcelona","description":"El passat 22 d'octubre va tenir lloc al Col\u00b7legi de Farmac\u00e8utics de Barcelona la presentaci\u00f3 de la segona onada de la campanya \"Atenci\u00f3 Pell 365\".","robots":{"index":"index","follow":"follow","max-snippet":"max-snippet:-1","max-image-preview":"max-image-preview:large","max-video-preview":"max-video-preview:-1"},"canonical":"https:\/\/novaorg.cofb.net\/2019\/10\/30\/medicaments-fotosensibilitzants-centren-segona-onada-campanya-atencio-pell-365\/","og_locale":"ca_ES","og_type":"article","og_title":"Els medicaments fotosensibilitzants centren la segona onada de la campanya \"Atenci\u00f3 Pell 365\" - Col\u00b7legi de Farmac\u00e8utics de Barcelona","og_description":"El passat 22 d'octubre va tenir lloc al Col\u00b7legi de Farmac\u00e8utics de Barcelona la presentaci\u00f3 de la segona onada de la campanya \"Atenci\u00f3 Pell 365\".","og_url":"https:\/\/novaorg.cofb.net\/2019\/10\/30\/medicaments-fotosensibilitzants-centren-segona-onada-campanya-atencio-pell-365\/","og_site_name":"Col\u00b7legi de Farmac\u00e8utics de Barcelona","article_publisher":"https:\/\/www.facebook.com\/farmaceuticsbcn\/","article_published_time":"2019-10-30T13:46:46+00:00","author":"wpAdminCofbOrg","twitter_card":"summary_large_image","twitter_creator":"@farmaceuticsbcn","twitter_site":"@farmaceuticsbcn","twitter_misc":{"Escrit per":"wpAdminCofbOrg","Temps estimat de lectura":"5 minuts"},"schema":{"@context":"https:\/\/schema.org","@graph":[{"@type":"Article","@id":"https:\/\/novaorg.cofb.net\/2019\/10\/30\/medicaments-fotosensibilitzants-centren-segona-onada-campanya-atencio-pell-365\/#article","isPartOf":{"@id":"https:\/\/novaorg.cofb.net\/2019\/10\/30\/medicaments-fotosensibilitzants-centren-segona-onada-campanya-atencio-pell-365\/"},"author":{"name":"wpAdminCofbOrg","@id":"https:\/\/www.cofb.org\/#\/schema\/person\/22ed7eea88da74b0fa4d3154ad87ffcb"},"headline":"Els medicaments fotosensibilitzants centren la segona onada de la campanya &#8220;Atenci\u00f3 Pell 365&#8221;","datePublished":"2019-10-30T13:46:46+00:00","dateModified":"2019-10-30T13:46:46+00:00","mainEntityOfPage":{"@id":"https:\/\/novaorg.cofb.net\/2019\/10\/30\/medicaments-fotosensibilitzants-centren-segona-onada-campanya-atencio-pell-365\/"},"wordCount":1010,"commentCount":0,"publisher":{"@id":"https:\/\/www.cofb.org\/#organization"},"image":{"@id":"https:\/\/novaorg.cofb.net\/2019\/10\/30\/medicaments-fotosensibilitzants-centren-segona-onada-campanya-atencio-pell-365\/#primaryimage"},"thumbnailUrl":"","keywords":["#Atenci\u00f3Pell365","Atenci\u00f3 farmac\u00e8utica","Atenci\u00f3 Pell","Atenci\u00f3 Pell 365","campanya c\u00e0ncer pell","campanya contra el c\u00e0ncer de pell","crema solar","dispensaci\u00f3","dispensaci\u00f3 oficina de farm\u00e0cia","farmac\u00e8utics","fotoprotecci\u00f3","Hospital Cl\u00ednic","indicaci\u00f3","medicaments fotosensibilitzants","protecci\u00f3 solar","protectors solars","segona onada","seguiment farmacoterap\u00e8utic","tardor"],"articleSection":["Destacats","M\u00f3n col\u00b7legial"],"inLanguage":"ca","potentialAction":[{"@type":"CommentAction","name":"Comment","target":["https:\/\/novaorg.cofb.net\/2019\/10\/30\/medicaments-fotosensibilitzants-centren-segona-onada-campanya-atencio-pell-365\/#respond"]}]},{"@type":"WebPage","@id":"https:\/\/novaorg.cofb.net\/2019\/10\/30\/medicaments-fotosensibilitzants-centren-segona-onada-campanya-atencio-pell-365\/","url":"https:\/\/novaorg.cofb.net\/2019\/10\/30\/medicaments-fotosensibilitzants-centren-segona-onada-campanya-atencio-pell-365\/","name":"Els medicaments fotosensibilitzants centren la segona onada de la campanya \"Atenci\u00f3 Pell 365\" - Col\u00b7legi de Farmac\u00e8utics de Barcelona","isPartOf":{"@id":"https:\/\/www.cofb.org\/#website"},"primaryImageOfPage":{"@id":"https:\/\/novaorg.cofb.net\/2019\/10\/30\/medicaments-fotosensibilitzants-centren-segona-onada-campanya-atencio-pell-365\/#primaryimage"},"image":{"@id":"https:\/\/novaorg.cofb.net\/2019\/10\/30\/medicaments-fotosensibilitzants-centren-segona-onada-campanya-atencio-pell-365\/#primaryimage"},"thumbnailUrl":"","datePublished":"2019-10-30T13:46:46+00:00","dateModified":"2019-10-30T13:46:46+00:00","description":"El passat 22 d'octubre va tenir lloc al Col\u00b7legi de Farmac\u00e8utics de Barcelona la presentaci\u00f3 de la segona onada de la campanya \"Atenci\u00f3 Pell 365\".","breadcrumb":{"@id":"https:\/\/novaorg.cofb.net\/2019\/10\/30\/medicaments-fotosensibilitzants-centren-segona-onada-campanya-atencio-pell-365\/#breadcrumb"},"inLanguage":"ca","potentialAction":[{"@type":"ReadAction","target":["https:\/\/novaorg.cofb.net\/2019\/10\/30\/medicaments-fotosensibilitzants-centren-segona-onada-campanya-atencio-pell-365\/"]}]},{"@type":"ImageObject","inLanguage":"ca","@id":"https:\/\/novaorg.cofb.net\/2019\/10\/30\/medicaments-fotosensibilitzants-centren-segona-onada-campanya-atencio-pell-365\/#primaryimage","url":"","contentUrl":""},{"@type":"BreadcrumbList","@id":"https:\/\/novaorg.cofb.net\/2019\/10\/30\/medicaments-fotosensibilitzants-centren-segona-onada-campanya-atencio-pell-365\/#breadcrumb","itemListElement":[{"@type":"ListItem","position":1,"name":"Inici","item":"https:\/\/novaorg.cofb.net\/"},{"@type":"ListItem","position":2,"name":"Els medicaments fotosensibilitzants centren la segona onada de la campanya &#8220;Atenci\u00f3 Pell 365&#8221;"}]},{"@type":"WebSite","@id":"https:\/\/www.cofb.org\/#website","url":"https:\/\/www.cofb.org\/","name":"Col\u00b7legi de Farmac\u00e8utics de Barcelona","description":"","publisher":{"@id":"https:\/\/www.cofb.org\/#organization"},"potentialAction":[{"@type":"SearchAction","target":{"@type":"EntryPoint","urlTemplate":"https:\/\/www.cofb.org\/?s={search_term_string}"},"query-input":"required name=search_term_string"}],"inLanguage":"ca"},{"@type":"Organization","@id":"https:\/\/www.cofb.org\/#organization","name":"Col\u00b7legi de Farmac\u00e8utics de Barcelona","url":"https:\/\/www.cofb.org\/","logo":{"@type":"ImageObject","inLanguage":"ca","@id":"https:\/\/www.cofb.org\/#\/schema\/logo\/image\/","url":"https:\/\/www.cofb.org\/wp-content\/uploads\/2023\/11\/cropped-Logotip-COFB.png","contentUrl":"https:\/\/www.cofb.org\/wp-content\/uploads\/2023\/11\/cropped-Logotip-COFB.png","width":500,"height":105,"caption":"Col\u00b7legi de Farmac\u00e8utics de Barcelona"},"image":{"@id":"https:\/\/www.cofb.org\/#\/schema\/logo\/image\/"},"sameAs":["https:\/\/www.facebook.com\/farmaceuticsbcn\/","https:\/\/twitter.com\/farmaceuticsbcn","https:\/\/www.instagram.com\/farmaceuticsbcn\/","https:\/\/www.linkedin.com\/company\/farmaceuticsbcn\/"]},{"@type":"Person","@id":"https:\/\/www.cofb.org\/#\/schema\/person\/22ed7eea88da74b0fa4d3154ad87ffcb","name":"wpAdminCofbOrg","image":{"@type":"ImageObject","inLanguage":"ca","@id":"https:\/\/www.cofb.org\/#\/schema\/person\/image\/","url":"https:\/\/secure.gravatar.com\/avatar\/1721b20b3b8ca882c3b56ec6c978c594fff670e40c0718e9190eaeeb76aae7d8?s=96&d=mm&r=g","contentUrl":"https:\/\/secure.gravatar.com\/avatar\/1721b20b3b8ca882c3b56ec6c978c594fff670e40c0718e9190eaeeb76aae7d8?s=96&d=mm&r=g","caption":"wpAdminCofbOrg"},"sameAs":["http:\/\/192.168.64.122\/wordpress"],"url":"https:\/\/www.cofb.org\/ca\/author\/wpadmincofborg\/"}]}},"uagb_featured_image_src":{"full":false,"thumbnail":false,"medium":false,"medium_large":false,"large":false,"1536x1536":false,"2048x2048":false,"trp-custom-language-flag":false},"uagb_author_info":{"display_name":"wpAdminCofbOrg","author_link":"https:\/\/www.cofb.org\/ca\/author\/wpadmincofborg\/"},"uagb_comment_info":0,"uagb_excerpt":"El passat 22 d&#8217;octubre va tenir lloc al Col\u00b7legi de Farmac\u00e8utics de Barcelona la presentaci\u00f3 de la segona onada de la campanya &#8220;Atenci\u00f3 Pell 365&#8221;. La sessi\u00f3 va comptar amb les intervencions de Marta Alcalde, vocal de Dermofarm\u00e0cia i Productes Sanitaris del COFB; Maria Perell\u00f3, cap del Centre d&#8217;Informaci\u00f3 del [&hellip;]","_links":{"self":[{"href":"https:\/\/www.cofb.org\/ca\/wp-json\/wp\/v2\/posts\/47683","targetHints":{"allow":["GET"]}}],"collection":[{"href":"https:\/\/www.cofb.org\/ca\/wp-json\/wp\/v2\/posts"}],"about":[{"href":"https:\/\/www.cofb.org\/ca\/wp-json\/wp\/v2\/types\/post"}],"author":[{"embeddable":true,"href":"https:\/\/www.cofb.org\/ca\/wp-json\/wp\/v2\/users\/1"}],"replies":[{"embeddable":true,"href":"https:\/\/www.cofb.org\/ca\/wp-json\/wp\/v2\/comments?post=47683"}],"version-history":[{"count":0,"href":"https:\/\/www.cofb.org\/ca\/wp-json\/wp\/v2\/posts\/47683\/revisions"}],"wp:featuredmedia":[{"embeddable":true,"href":"https:\/\/www.cofb.org\/ca\/wp-json\/"}],"wp:attachment":[{"href":"https:\/\/www.cofb.org\/ca\/wp-json\/wp\/v2\/media?parent=47683"}],"wp:term":[{"taxonomy":"category","embeddable":true,"href":"https:\/\/www.cofb.org\/ca\/wp-json\/wp\/v2\/categories?post=47683"},{"taxonomy":"post_tag","embeddable":true,"href":"https:\/\/www.cofb.org\/ca\/wp-json\/wp\/v2\/tags?post=47683"}],"curies":[{"name":"wp","href":"https:\/\/api.w.org\/{rel}","templated":true}]}}