{"id":47495,"date":"2019-10-15T18:25:17","date_gmt":"2019-10-15T16:25:17","guid":{"rendered":"https:\/\/blog.cofb.cat\/?p=47495"},"modified":"2019-10-15T18:25:17","modified_gmt":"2019-10-15T16:25:17","slug":"grip-refredat-consultes-frequents-farmacia-comunitaria","status":"publish","type":"post","link":"https:\/\/www.cofb.org\/ca\/2019\/10\/15\/grip-refredat-consultes-frequents-farmacia-comunitaria\/","title":{"rendered":"Grip i refredat: consultes freq\u00fcents a la farm\u00e0cia comunit\u00e0ria"},"content":{"rendered":"<p>El passat<strong> dijous 3 d&#8217;octubre<\/strong> va tenir lloc al COFB la confer\u00e8ncia <strong>&#8220;Indicaci\u00f3 farmac\u00e8utica en grip i refredat&#8221; <\/strong>que va<strong>\u00a0<\/strong>anar a c\u00e0rrec de\u00a0<strong>Lu\u00eds Alfonso Brizuela<\/strong>, metge, farmac\u00e8utic i professor associat a la Facultat de Farm\u00e0cia de la Universitat de Santiago de Compostela i <strong>Mar\u00eda Jos\u00e9 Alonso<\/strong>, farmac\u00e8utica, professora i tutora del M\u00e0ster de Fitoter\u00e0pia IL3-UB.<\/p>\n<p>L&#8217;<strong>encarregada de presentar i moderar la sessi\u00f3<\/strong> va ser <strong>Aina Surroca<\/strong>, vocal de la Junta de Govern del Col\u00b7legi i responsable de la Comissi\u00f3 delegada de Formaci\u00f3 continuada. A l&#8217;inici de la sessi\u00f3, Surroca va exposar que\u00a0&#8220;d&#8217;aqu\u00ed a poc temps, ja comen\u00e7arem a tenir <strong>algun pic de grip<\/strong>, i de <strong>refredats n&#8217;hi ha tot l&#8217;any<\/strong>. Per aix\u00f2 \u00e9s un tema en qu\u00e8 <strong>\u00e9s important estar actualitzat<\/strong>&#8220;.<\/p>\n<figure id=\"attachment_47518\" aria-describedby=\"caption-attachment-47518\" style=\"width: 620px\" class=\"wp-caption aligncenter\"><a href=\"https:\/\/blog.cofb.cat\/wp-content\/uploads\/2019\/10\/cofb.191003-26.jpg\"><img fetchpriority=\"high\" decoding=\"async\" class=\"El Dr. Luis Alfonso Brizuela acompanyat d'Aina Surroca, vocal del COFB, responsable de la Comissi\u00f3 Delegada de Formaci\u00f3 Continuada. wp-image-47518 size-large\" title=\"El Dr. Luis Alfonso Brizuela acompanyat d'Aina Surroca, vocal del COFB, responsable de la Comissi\u00f3 Delegada de Formaci\u00f3 Continuada.\" src=\"https:\/\/blog.cofb.cat\/wp-content\/uploads\/2019\/10\/cofb.191003-26-1024x683.jpg\" alt=\"El Dr. Luis Alfonso Brizuela acompanyat d'Aina Surroca, vocal del COFB, responsable de la Comissi\u00f3 Delegada de Formaci\u00f3 Continuada.\" width=\"620\" height=\"414\" \/><\/a><figcaption id=\"caption-attachment-47518\" class=\"wp-caption-text\">El Dr. Luis Alfonso Brizuela acompanyat d&#8217;Aina Surroca, vocal del COFB, responsable de la Comissi\u00f3 Delegada de Formaci\u00f3 Continuada.<\/figcaption><\/figure>\n<p>Durant la sessi\u00f3, es van abordar q\u00fcestions com els <strong>signes i s\u00edmptomes<\/strong>, l&#8217;<strong>avaluaci\u00f3 diferencial<\/strong> i les <strong>complicacions m\u00e9s freq\u00fcents<\/strong> de la grip i el refredat, els <strong>tipus de tractaments<\/strong> (farmacol\u00f2gics, no farmacol\u00f2gics i fitoterap\u00e8utics), situacions especials i precaucions, recursos pr\u00e0ctics per a una indicaci\u00f3 farmac\u00e8utica i la <strong>resoluci\u00f3 de tres casos pr\u00e0ctics<\/strong>.<\/p>\n<h1><span style=\"color: #008080;\"><strong>Tractament de la grip i el refredat<\/strong><\/span><\/h1>\n<p>En l&#8217;\u00e0mbit dels <strong>tractaments de la grip i el refredat<\/strong>, els ponents van abordar tant <strong>tractaments farmacol\u00f2gics<\/strong>\u00a0(descongestionants nasals, antihistam\u00ednics, analg\u00e8sics\/antipir\u00e8tics, antituss\u00edgens, expectorants, antis\u00e8ptics bucofaringes, etc.) com <strong>no farmacol\u00f2gics <\/strong>(tenir uns bons h\u00e0bits de neteja, rentar els estris utilitzats pels malalts amb aigua t\u00e8bia i sab\u00f3, cobrir-se amb la m\u00e0niga el nas i la boca a l&#8217;hora d&#8217;esternudar, etc.).<\/p>\n<figure id=\"attachment_47532\" aria-describedby=\"caption-attachment-47532\" style=\"width: 620px\" class=\"wp-caption aligncenter\"><a href=\"https:\/\/blog.cofb.cat\/wp-content\/uploads\/2019\/10\/cofb.191003-45.jpg\"><img decoding=\"async\" class=\"wp-image-47532 size-large\" title=\"El Dr. Brizuela durant la seva presentaci\u00f3 a la confer\u00e8ncia \u201cIndicaci\u00f3 farmac\u00e8utica en grip i refredat\u201d .\" src=\"https:\/\/blog.cofb.cat\/wp-content\/uploads\/2019\/10\/cofb.191003-45-1024x683.jpg\" alt=\"El Dr. Brizuela durant la seva presentaci\u00f3 a la confer\u00e8ncia \u201cIndicaci\u00f3 farmac\u00e8utica en grip i refredat\u201d .\" width=\"620\" height=\"414\" \/><\/a><figcaption id=\"caption-attachment-47532\" class=\"wp-caption-text\">El Dr. Brizuela durant la seva presentaci\u00f3 a la confer\u00e8ncia \u201cIndicaci\u00f3 farmac\u00e8utica en grip i refredat\u201d .<\/figcaption><\/figure>\n<div class=\"box note\"><\/p>\n<h2><span style=\"color: #008080;\"><strong>Grip i refredat<\/strong><\/span><\/h2>\n<ul>\n<li>S\u00f3n malalties <strong>infeccioses agudes<\/strong>, de les vies respirat\u00f2ries i d&#8217;origen v\u00edric.<\/li>\n<li>S\u00f3n <strong>contagioses<\/strong>, amb una <strong>incid\u00e8ncia alta<\/strong>.<\/li>\n<li>Aparici\u00f3 <strong>estacional<\/strong>.<\/li>\n<li>Malgrat algunes complicacions, acostumen a resoldre&#8217;s entre 7 i 10 dies.<\/li>\n<li>Tractament simptom\u00e0tic.<\/li>\n<li>Poden provocar <strong>complicacions greus<\/strong>, sobretot en nens i pacients amb patologies cr\u00f2niques de base.<\/li>\n<li>S\u00f3n una de les <strong>consultes m\u00e9s freq\u00fcents a l&#8217;oficina de farm\u00e0cia<\/strong>, per la qual cosa, l&#8217;actuaci\u00f3 del farmac\u00e8utic ser\u00e0 fonamental perqu\u00e8 es resolguin adequadament.<\/li>\n<li>Poden tenir una <strong>simptomatologia similar<\/strong>, per aix\u00f2 \u00e9s important con\u00e8ixer i <strong>realitzar una bona diferenciaci\u00f3<\/strong> entre ambdues patologies.<\/li>\n<li>\u00a0El farmac\u00e8utic comunitari ha de <strong>derivar els pacients al metge<\/strong>\u00a0en aquells casos que aix\u00ed ho requereixin, davant la possibilitat de l&#8217;<strong>aparici\u00f3 de complicacions<\/strong>.<\/li>\n<\/ul>\n<p><\/div>\n<h1><span style=\"color: #008080;\"><strong>Situacions especials, precaucions i efectes adversos<\/strong><\/span><\/h1>\n<p>Pel que fa al <strong>tractament farmacol\u00f2gic<\/strong>, els ponents van detallar alguns aspectes com l&#8217;elecci\u00f3 de l&#8217;<strong>analg\u00e8sic<\/strong>, del <strong>descongestiu<\/strong>\u00a0i la via d&#8217;administraci\u00f3 oral\/t\u00f2pica, o de la selecci\u00f3 l&#8217;<strong>antihistam\u00ednic<\/strong> en casos com\u00a0l&#8217;al\u00b7l\u00e8rgia, pacients d&#8217;edat avan\u00e7ada, pacients amb asma, la diabetis, l&#8217;embar\u00e0s, l&#8217;hipertiro\u00efdisme, l&#8217;estrenyiment, la insufici\u00e8ncia renal o l&#8217;\u00falcera p\u00e8ptica, entre d&#8217;altres.<\/p>\n<h1><span style=\"color: #008080;\"><strong>Fitoter\u00e0pia i productes naturals<\/strong><\/span><\/h1>\n<p>A la darrera part de la sessi\u00f3, Mar\u00eda Jos\u00e9 Alonso va centrar-se en els <strong>medicaments tradicionals a base de plantes<\/strong>, els <strong>productes sanitaris<\/strong> i els <strong>complements alimentosos<\/strong>.<\/p>\n<figure id=\"attachment_47517\" aria-describedby=\"caption-attachment-47517\" style=\"width: 620px\" class=\"wp-caption aligncenter\"><a href=\"https:\/\/blog.cofb.cat\/wp-content\/uploads\/2019\/10\/cofb.191003-31.jpg\"><img decoding=\"async\" class=\"wp-image-47517 size-large\" title=\"Mar\u00eda Jos\u00e9 Alonso, farmac\u00e8utica, professora i tutora del M\u00e0ster de Fitoter\u00e0pia IL3-UB, en un moment de la confer\u00e8ncia.\" src=\"https:\/\/blog.cofb.cat\/wp-content\/uploads\/2019\/10\/cofb.191003-31-1024x683.jpg\" alt=\"Mar\u00eda Jos\u00e9 Alonso, farmac\u00e8utica, professora i tutora del M\u00e0ster de Fitoter\u00e0pia IL3-UB, en un moment de la confer\u00e8ncia.\" width=\"620\" height=\"414\" \/><\/a><figcaption id=\"caption-attachment-47517\" class=\"wp-caption-text\">Mar\u00eda Jos\u00e9 Alonso, farmac\u00e8utica, professora i tutora del M\u00e0ster de Fitoter\u00e0pia IL3-UB, en un moment de la confer\u00e8ncia.<\/figcaption><\/figure>\n<p>Tamb\u00e9 va exposar l&#8217;<strong>acci\u00f3 principal<\/strong> (descongestiva; protectora i antiinflamat\u00f2ria local; antituss\u00edgena, mucol\u00edtica, expectorant, bals\u00e0mica; i suport al sistema immunitari) de les <strong>plantes medicinals m\u00e9s utilitzades<\/strong> per al <strong>tractament dels refredats<\/strong> com l&#8217;eucaliptus, la menta, l&#8217;avet, l&#8217;an\u00eds verd, el fonoll, la farigola o l&#8217;equin\u00e0cia.<\/p>\n<p style=\"text-align: right;\"><strong>\u00a0Amb el patrocini de:<\/strong><\/p>\n<p><a href=\"https:\/\/www.bayer.es\/\" target=\"_blank\" rel=\"noopener\"><img loading=\"lazy\" decoding=\"async\" class=\"alignright wp-image-47503\" src=\"https:\/\/blog.cofb.cat\/wp-content\/uploads\/2019\/10\/Logotip-Bayer.png\" alt=\"\" width=\"79\" height=\"79\" \/><\/a><\/p>\n<p>&nbsp;<\/p>\n<p>&nbsp;<\/p>\n<p>&nbsp;<\/p>\n<p><strong>Altres publicacions d&#8217;inter\u00e8s:<\/strong><\/p>\n<ul>\n<li><a href=\"https:\/\/blog.cofb.cat\/refredat-grip-explicat-als-infants\/\" target=\"_blank\" rel=\"noopener\">El refredat al m\u00f3n dels infants (Gener 2018)<\/a><\/li>\n<li><a href=\"https:\/\/blog.cofb.cat\/campanya-grip-2017-mes-de-3-000-dispensadors-les-farmacies-catalanes-per-conscienciar-la-poblacio-sobre-la-importancia-de-prevenir-la\/\" target=\"_blank\" rel=\"noopener\">Campanya grip 2017-2018: M\u00e9s de 3.000 dispensadors a les farm\u00e0cies catalanes per conscienciar la poblaci\u00f3 sobre la import\u00e0ncia de prevenir-la (Novembre 2017)<\/a><\/li>\n<li><a href=\"https:\/\/blog.cofb.cat\/fitoterapia-i-aliments-per-prevenir-i-combatre-refredats-i-grips\/\" target=\"_blank\" rel=\"noopener\">Fitoter\u00e0pia i aliments per prevenir i combatre refredats i grips (Novembre 2013)<\/a><\/li>\n<\/ul>\n","protected":false},"excerpt":{"rendered":"<p>El passat dijous 3 d&#8217;octubre va tenir lloc al COFB la confer\u00e8ncia &#8220;Indicaci\u00f3 farmac\u00e8utica en grip i refredat&#8221; que va\u00a0anar a c\u00e0rrec de\u00a0Lu\u00eds Alfonso Brizuela, metge, farmac\u00e8utic i professor associat a la Facultat de Farm\u00e0cia de la Universitat de Santiago de Compostela i Mar\u00eda Jos\u00e9 Alonso, farmac\u00e8utica, professora i tutora [&hellip;]<\/p>\n","protected":false},"author":1,"featured_media":47532,"comment_status":"open","ping_status":"open","sticky":false,"template":"","format":"standard","meta":{"_uag_custom_page_level_css":"","site-sidebar-layout":"default","site-content-layout":"","ast-site-content-layout":"default","site-content-style":"default","site-sidebar-style":"default","ast-global-header-display":"","ast-banner-title-visibility":"","ast-main-header-display":"","ast-hfb-above-header-display":"","ast-hfb-below-header-display":"","ast-hfb-mobile-header-display":"","site-post-title":"","ast-breadcrumbs-content":"","ast-featured-img":"disabled","footer-sml-layout":"","theme-transparent-header-meta":"","adv-header-id-meta":"","stick-header-meta":"","header-above-stick-meta":"","header-main-stick-meta":"","header-below-stick-meta":"","astra-migrate-meta-layouts":"default","ast-page-background-enabled":"default","ast-page-background-meta":{"desktop":{"background-color":"var(--ast-global-color-4)","background-image":"","background-repeat":"repeat","background-position":"center center","background-size":"auto","background-attachment":"scroll","background-type":"","background-media":"","overlay-type":"","overlay-color":"","overlay-opacity":"","overlay-gradient":""},"tablet":{"background-color":"","background-image":"","background-repeat":"repeat","background-position":"center center","background-size":"auto","background-attachment":"scroll","background-type":"","background-media":"","overlay-type":"","overlay-color":"","overlay-opacity":"","overlay-gradient":""},"mobile":{"background-color":"","background-image":"","background-repeat":"repeat","background-position":"center center","background-size":"auto","background-attachment":"scroll","background-type":"","background-media":"","overlay-type":"","overlay-color":"","overlay-opacity":"","overlay-gradient":""}},"ast-content-background-meta":{"desktop":{"background-color":"var(--ast-global-color-5)","background-image":"","background-repeat":"repeat","background-position":"center center","background-size":"auto","background-attachment":"scroll","background-type":"","background-media":"","overlay-type":"","overlay-color":"","overlay-opacity":"","overlay-gradient":""},"tablet":{"background-color":"var(--ast-global-color-5)","background-image":"","background-repeat":"repeat","background-position":"center center","background-size":"auto","background-attachment":"scroll","background-type":"","background-media":"","overlay-type":"","overlay-color":"","overlay-opacity":"","overlay-gradient":""},"mobile":{"background-color":"var(--ast-global-color-5)","background-image":"","background-repeat":"repeat","background-position":"center center","background-size":"auto","background-attachment":"scroll","background-type":"","background-media":"","overlay-type":"","overlay-color":"","overlay-opacity":"","overlay-gradient":""}},"footnotes":""},"categories":[23,57],"tags":[2910,18,19,520,37,3661,3412,24,68,69,25,54,349,3266,70,964,3477,966,78],"class_list":["post-47495","post","type-post","status-publish","format-standard","has-post-thumbnail","hentry","category-destacats","category-mon-collegial","tag-campanya-grip","tag-cofb","tag-collegi-de-farmaceutics-de-barcelona","tag-conferencia","tag-consell-farmaceutic","tag-consell-farmaceutic-personalitzat","tag-consultes-frequents","tag-farmaceutics-comunitaris","tag-farmacia","tag-farmacia-comunitaria","tag-farmacies","tag-farmacs","tag-fitoterapia","tag-fitoterapia-en-les-patologies-hivernals","tag-formacio","tag-grip","tag-indicacio-farmaceutica","tag-refredat","tag-tractament-farmacologic"],"yoast_head":"<!-- This site is optimized with the Yoast SEO plugin v22.4 - https:\/\/yoast.com\/wordpress\/plugins\/seo\/ -->\n<title>Grip i refredat: consultes freq\u00fcents a la farm\u00e0cia comunit\u00e0ria - Col\u00b7legi de Farmac\u00e8utics de Barcelona<\/title>\n<meta name=\"description\" content=\"El passat dijous 3 d&#039;octubre va tenir lloc al COFB la confer\u00e8ncia &quot;Indicaci\u00f3 farmac\u00e8utica en grip i refredat&quot;, que va\u00a0comptar amb les intervencions de\u00a0Lu\u00eds Alfonso Brizuela i Mar\u00eda Jos\u00e9 Alonso.\" \/>\n<meta name=\"robots\" content=\"index, follow, max-snippet:-1, max-image-preview:large, max-video-preview:-1\" \/>\n<link rel=\"canonical\" href=\"https:\/\/novaorg.cofb.net\/2019\/10\/15\/grip-refredat-consultes-frequents-farmacia-comunitaria\/\" \/>\n<meta property=\"og:locale\" content=\"ca_ES\" \/>\n<meta property=\"og:type\" content=\"article\" \/>\n<meta property=\"og:title\" content=\"Grip i refredat: consultes freq\u00fcents a la farm\u00e0cia comunit\u00e0ria - Col\u00b7legi de Farmac\u00e8utics de Barcelona\" \/>\n<meta property=\"og:description\" content=\"El passat dijous 3 d&#039;octubre va tenir lloc al COFB la confer\u00e8ncia &quot;Indicaci\u00f3 farmac\u00e8utica en grip i refredat&quot;, que va\u00a0comptar amb les intervencions de\u00a0Lu\u00eds Alfonso Brizuela i Mar\u00eda Jos\u00e9 Alonso.\" \/>\n<meta property=\"og:url\" content=\"https:\/\/novaorg.cofb.net\/2019\/10\/15\/grip-refredat-consultes-frequents-farmacia-comunitaria\/\" \/>\n<meta property=\"og:site_name\" content=\"Col\u00b7legi de Farmac\u00e8utics de Barcelona\" \/>\n<meta property=\"article:publisher\" content=\"https:\/\/www.facebook.com\/farmaceuticsbcn\/\" \/>\n<meta property=\"article:published_time\" content=\"2019-10-15T16:25:17+00:00\" \/>\n<meta name=\"author\" content=\"wpAdminCofbOrg\" \/>\n<meta name=\"twitter:card\" content=\"summary_large_image\" \/>\n<meta name=\"twitter:creator\" content=\"@farmaceuticsbcn\" \/>\n<meta name=\"twitter:site\" content=\"@farmaceuticsbcn\" \/>\n<meta name=\"twitter:label1\" content=\"Escrit per\" \/>\n\t<meta name=\"twitter:data1\" content=\"wpAdminCofbOrg\" \/>\n\t<meta name=\"twitter:label2\" content=\"Temps estimat de lectura\" \/>\n\t<meta name=\"twitter:data2\" content=\"3 minuts\" \/>\n<script type=\"application\/ld+json\" class=\"yoast-schema-graph\">{\"@context\":\"https:\/\/schema.org\",\"@graph\":[{\"@type\":\"Article\",\"@id\":\"https:\/\/novaorg.cofb.net\/2019\/10\/15\/grip-refredat-consultes-frequents-farmacia-comunitaria\/#article\",\"isPartOf\":{\"@id\":\"https:\/\/novaorg.cofb.net\/2019\/10\/15\/grip-refredat-consultes-frequents-farmacia-comunitaria\/\"},\"author\":{\"name\":\"wpAdminCofbOrg\",\"@id\":\"https:\/\/www.cofb.org\/#\/schema\/person\/22ed7eea88da74b0fa4d3154ad87ffcb\"},\"headline\":\"Grip i refredat: consultes freq\u00fcents a la farm\u00e0cia comunit\u00e0ria\",\"datePublished\":\"2019-10-15T16:25:17+00:00\",\"dateModified\":\"2019-10-15T16:25:17+00:00\",\"mainEntityOfPage\":{\"@id\":\"https:\/\/novaorg.cofb.net\/2019\/10\/15\/grip-refredat-consultes-frequents-farmacia-comunitaria\/\"},\"wordCount\":739,\"commentCount\":0,\"publisher\":{\"@id\":\"https:\/\/www.cofb.org\/#organization\"},\"image\":{\"@id\":\"https:\/\/novaorg.cofb.net\/2019\/10\/15\/grip-refredat-consultes-frequents-farmacia-comunitaria\/#primaryimage\"},\"thumbnailUrl\":\"\",\"keywords\":[\"campanya grip\",\"COFB\",\"Col\u00b7legi de Farmac\u00e8utics de Barcelona\",\"confer\u00e8ncia\",\"consell farmac\u00e8utic\",\"consell farmac\u00e8utic personalitzat\",\"consultes freq\u00fcents\",\"farmac\u00e8utics comunitaris\",\"Farm\u00e0cia\",\"farm\u00e0cia comunit\u00e0ria\",\"farm\u00e0cies\",\"f\u00e0rmacs\",\"Fitoter\u00e0pia\",\"fitoterapia en les patologies hivernals\",\"Formaci\u00f3\",\"Grip\",\"indicaci\u00f3 farmac\u00e8utica\",\"refredat\",\"tractament farmacol\u00f2gic\"],\"articleSection\":[\"Destacats\",\"M\u00f3n col\u00b7legial\"],\"inLanguage\":\"ca\",\"potentialAction\":[{\"@type\":\"CommentAction\",\"name\":\"Comment\",\"target\":[\"https:\/\/novaorg.cofb.net\/2019\/10\/15\/grip-refredat-consultes-frequents-farmacia-comunitaria\/#respond\"]}]},{\"@type\":\"WebPage\",\"@id\":\"https:\/\/novaorg.cofb.net\/2019\/10\/15\/grip-refredat-consultes-frequents-farmacia-comunitaria\/\",\"url\":\"https:\/\/novaorg.cofb.net\/2019\/10\/15\/grip-refredat-consultes-frequents-farmacia-comunitaria\/\",\"name\":\"Grip i refredat: consultes freq\u00fcents a la farm\u00e0cia comunit\u00e0ria - Col\u00b7legi de Farmac\u00e8utics de Barcelona\",\"isPartOf\":{\"@id\":\"https:\/\/www.cofb.org\/#website\"},\"primaryImageOfPage\":{\"@id\":\"https:\/\/novaorg.cofb.net\/2019\/10\/15\/grip-refredat-consultes-frequents-farmacia-comunitaria\/#primaryimage\"},\"image\":{\"@id\":\"https:\/\/novaorg.cofb.net\/2019\/10\/15\/grip-refredat-consultes-frequents-farmacia-comunitaria\/#primaryimage\"},\"thumbnailUrl\":\"\",\"datePublished\":\"2019-10-15T16:25:17+00:00\",\"dateModified\":\"2019-10-15T16:25:17+00:00\",\"description\":\"El passat dijous 3 d'octubre va tenir lloc al COFB la confer\u00e8ncia \\\"Indicaci\u00f3 farmac\u00e8utica en grip i refredat\\\", que va\u00a0comptar amb les intervencions de\u00a0Lu\u00eds Alfonso Brizuela i Mar\u00eda Jos\u00e9 Alonso.\",\"breadcrumb\":{\"@id\":\"https:\/\/novaorg.cofb.net\/2019\/10\/15\/grip-refredat-consultes-frequents-farmacia-comunitaria\/#breadcrumb\"},\"inLanguage\":\"ca\",\"potentialAction\":[{\"@type\":\"ReadAction\",\"target\":[\"https:\/\/novaorg.cofb.net\/2019\/10\/15\/grip-refredat-consultes-frequents-farmacia-comunitaria\/\"]}]},{\"@type\":\"ImageObject\",\"inLanguage\":\"ca\",\"@id\":\"https:\/\/novaorg.cofb.net\/2019\/10\/15\/grip-refredat-consultes-frequents-farmacia-comunitaria\/#primaryimage\",\"url\":\"\",\"contentUrl\":\"\"},{\"@type\":\"BreadcrumbList\",\"@id\":\"https:\/\/novaorg.cofb.net\/2019\/10\/15\/grip-refredat-consultes-frequents-farmacia-comunitaria\/#breadcrumb\",\"itemListElement\":[{\"@type\":\"ListItem\",\"position\":1,\"name\":\"Inici\",\"item\":\"https:\/\/novaorg.cofb.net\/\"},{\"@type\":\"ListItem\",\"position\":2,\"name\":\"Grip i refredat: consultes freq\u00fcents a la farm\u00e0cia comunit\u00e0ria\"}]},{\"@type\":\"WebSite\",\"@id\":\"https:\/\/www.cofb.org\/#website\",\"url\":\"https:\/\/www.cofb.org\/\",\"name\":\"Col\u00b7legi de Farmac\u00e8utics de Barcelona\",\"description\":\"\",\"publisher\":{\"@id\":\"https:\/\/www.cofb.org\/#organization\"},\"potentialAction\":[{\"@type\":\"SearchAction\",\"target\":{\"@type\":\"EntryPoint\",\"urlTemplate\":\"https:\/\/www.cofb.org\/?s={search_term_string}\"},\"query-input\":\"required name=search_term_string\"}],\"inLanguage\":\"ca\"},{\"@type\":\"Organization\",\"@id\":\"https:\/\/www.cofb.org\/#organization\",\"name\":\"Col\u00b7legi de Farmac\u00e8utics de Barcelona\",\"url\":\"https:\/\/www.cofb.org\/\",\"logo\":{\"@type\":\"ImageObject\",\"inLanguage\":\"ca\",\"@id\":\"https:\/\/www.cofb.org\/#\/schema\/logo\/image\/\",\"url\":\"https:\/\/www.cofb.org\/wp-content\/uploads\/2023\/11\/cropped-Logotip-COFB.png\",\"contentUrl\":\"https:\/\/www.cofb.org\/wp-content\/uploads\/2023\/11\/cropped-Logotip-COFB.png\",\"width\":500,\"height\":105,\"caption\":\"Col\u00b7legi de Farmac\u00e8utics de Barcelona\"},\"image\":{\"@id\":\"https:\/\/www.cofb.org\/#\/schema\/logo\/image\/\"},\"sameAs\":[\"https:\/\/www.facebook.com\/farmaceuticsbcn\/\",\"https:\/\/twitter.com\/farmaceuticsbcn\",\"https:\/\/www.instagram.com\/farmaceuticsbcn\/\",\"https:\/\/www.linkedin.com\/company\/farmaceuticsbcn\/\"]},{\"@type\":\"Person\",\"@id\":\"https:\/\/www.cofb.org\/#\/schema\/person\/22ed7eea88da74b0fa4d3154ad87ffcb\",\"name\":\"wpAdminCofbOrg\",\"image\":{\"@type\":\"ImageObject\",\"inLanguage\":\"ca\",\"@id\":\"https:\/\/www.cofb.org\/#\/schema\/person\/image\/\",\"url\":\"https:\/\/secure.gravatar.com\/avatar\/1721b20b3b8ca882c3b56ec6c978c594fff670e40c0718e9190eaeeb76aae7d8?s=96&d=mm&r=g\",\"contentUrl\":\"https:\/\/secure.gravatar.com\/avatar\/1721b20b3b8ca882c3b56ec6c978c594fff670e40c0718e9190eaeeb76aae7d8?s=96&d=mm&r=g\",\"caption\":\"wpAdminCofbOrg\"},\"sameAs\":[\"http:\/\/192.168.64.122\/wordpress\"],\"url\":\"https:\/\/www.cofb.org\/ca\/author\/wpadmincofborg\/\"}]}<\/script>\n<!-- \/ Yoast SEO plugin. -->","yoast_head_json":{"title":"Grip i refredat: consultes freq\u00fcents a la farm\u00e0cia comunit\u00e0ria - Col\u00b7legi de Farmac\u00e8utics de Barcelona","description":"El passat dijous 3 d'octubre va tenir lloc al COFB la confer\u00e8ncia \"Indicaci\u00f3 farmac\u00e8utica en grip i refredat\", que va\u00a0comptar amb les intervencions de\u00a0Lu\u00eds Alfonso Brizuela i Mar\u00eda Jos\u00e9 Alonso.","robots":{"index":"index","follow":"follow","max-snippet":"max-snippet:-1","max-image-preview":"max-image-preview:large","max-video-preview":"max-video-preview:-1"},"canonical":"https:\/\/novaorg.cofb.net\/2019\/10\/15\/grip-refredat-consultes-frequents-farmacia-comunitaria\/","og_locale":"ca_ES","og_type":"article","og_title":"Grip i refredat: consultes freq\u00fcents a la farm\u00e0cia comunit\u00e0ria - Col\u00b7legi de Farmac\u00e8utics de Barcelona","og_description":"El passat dijous 3 d'octubre va tenir lloc al COFB la confer\u00e8ncia \"Indicaci\u00f3 farmac\u00e8utica en grip i refredat\", que va\u00a0comptar amb les intervencions de\u00a0Lu\u00eds Alfonso Brizuela i Mar\u00eda Jos\u00e9 Alonso.","og_url":"https:\/\/novaorg.cofb.net\/2019\/10\/15\/grip-refredat-consultes-frequents-farmacia-comunitaria\/","og_site_name":"Col\u00b7legi de Farmac\u00e8utics de Barcelona","article_publisher":"https:\/\/www.facebook.com\/farmaceuticsbcn\/","article_published_time":"2019-10-15T16:25:17+00:00","author":"wpAdminCofbOrg","twitter_card":"summary_large_image","twitter_creator":"@farmaceuticsbcn","twitter_site":"@farmaceuticsbcn","twitter_misc":{"Escrit per":"wpAdminCofbOrg","Temps estimat de lectura":"3 minuts"},"schema":{"@context":"https:\/\/schema.org","@graph":[{"@type":"Article","@id":"https:\/\/novaorg.cofb.net\/2019\/10\/15\/grip-refredat-consultes-frequents-farmacia-comunitaria\/#article","isPartOf":{"@id":"https:\/\/novaorg.cofb.net\/2019\/10\/15\/grip-refredat-consultes-frequents-farmacia-comunitaria\/"},"author":{"name":"wpAdminCofbOrg","@id":"https:\/\/www.cofb.org\/#\/schema\/person\/22ed7eea88da74b0fa4d3154ad87ffcb"},"headline":"Grip i refredat: consultes freq\u00fcents a la farm\u00e0cia comunit\u00e0ria","datePublished":"2019-10-15T16:25:17+00:00","dateModified":"2019-10-15T16:25:17+00:00","mainEntityOfPage":{"@id":"https:\/\/novaorg.cofb.net\/2019\/10\/15\/grip-refredat-consultes-frequents-farmacia-comunitaria\/"},"wordCount":739,"commentCount":0,"publisher":{"@id":"https:\/\/www.cofb.org\/#organization"},"image":{"@id":"https:\/\/novaorg.cofb.net\/2019\/10\/15\/grip-refredat-consultes-frequents-farmacia-comunitaria\/#primaryimage"},"thumbnailUrl":"","keywords":["campanya grip","COFB","Col\u00b7legi de Farmac\u00e8utics de Barcelona","confer\u00e8ncia","consell farmac\u00e8utic","consell farmac\u00e8utic personalitzat","consultes freq\u00fcents","farmac\u00e8utics comunitaris","Farm\u00e0cia","farm\u00e0cia comunit\u00e0ria","farm\u00e0cies","f\u00e0rmacs","Fitoter\u00e0pia","fitoterapia en les patologies hivernals","Formaci\u00f3","Grip","indicaci\u00f3 farmac\u00e8utica","refredat","tractament farmacol\u00f2gic"],"articleSection":["Destacats","M\u00f3n col\u00b7legial"],"inLanguage":"ca","potentialAction":[{"@type":"CommentAction","name":"Comment","target":["https:\/\/novaorg.cofb.net\/2019\/10\/15\/grip-refredat-consultes-frequents-farmacia-comunitaria\/#respond"]}]},{"@type":"WebPage","@id":"https:\/\/novaorg.cofb.net\/2019\/10\/15\/grip-refredat-consultes-frequents-farmacia-comunitaria\/","url":"https:\/\/novaorg.cofb.net\/2019\/10\/15\/grip-refredat-consultes-frequents-farmacia-comunitaria\/","name":"Grip i refredat: consultes freq\u00fcents a la farm\u00e0cia comunit\u00e0ria - Col\u00b7legi de Farmac\u00e8utics de Barcelona","isPartOf":{"@id":"https:\/\/www.cofb.org\/#website"},"primaryImageOfPage":{"@id":"https:\/\/novaorg.cofb.net\/2019\/10\/15\/grip-refredat-consultes-frequents-farmacia-comunitaria\/#primaryimage"},"image":{"@id":"https:\/\/novaorg.cofb.net\/2019\/10\/15\/grip-refredat-consultes-frequents-farmacia-comunitaria\/#primaryimage"},"thumbnailUrl":"","datePublished":"2019-10-15T16:25:17+00:00","dateModified":"2019-10-15T16:25:17+00:00","description":"El passat dijous 3 d'octubre va tenir lloc al COFB la confer\u00e8ncia \"Indicaci\u00f3 farmac\u00e8utica en grip i refredat\", que va\u00a0comptar amb les intervencions de\u00a0Lu\u00eds Alfonso Brizuela i Mar\u00eda Jos\u00e9 Alonso.","breadcrumb":{"@id":"https:\/\/novaorg.cofb.net\/2019\/10\/15\/grip-refredat-consultes-frequents-farmacia-comunitaria\/#breadcrumb"},"inLanguage":"ca","potentialAction":[{"@type":"ReadAction","target":["https:\/\/novaorg.cofb.net\/2019\/10\/15\/grip-refredat-consultes-frequents-farmacia-comunitaria\/"]}]},{"@type":"ImageObject","inLanguage":"ca","@id":"https:\/\/novaorg.cofb.net\/2019\/10\/15\/grip-refredat-consultes-frequents-farmacia-comunitaria\/#primaryimage","url":"","contentUrl":""},{"@type":"BreadcrumbList","@id":"https:\/\/novaorg.cofb.net\/2019\/10\/15\/grip-refredat-consultes-frequents-farmacia-comunitaria\/#breadcrumb","itemListElement":[{"@type":"ListItem","position":1,"name":"Inici","item":"https:\/\/novaorg.cofb.net\/"},{"@type":"ListItem","position":2,"name":"Grip i refredat: consultes freq\u00fcents a la farm\u00e0cia comunit\u00e0ria"}]},{"@type":"WebSite","@id":"https:\/\/www.cofb.org\/#website","url":"https:\/\/www.cofb.org\/","name":"Col\u00b7legi de Farmac\u00e8utics de Barcelona","description":"","publisher":{"@id":"https:\/\/www.cofb.org\/#organization"},"potentialAction":[{"@type":"SearchAction","target":{"@type":"EntryPoint","urlTemplate":"https:\/\/www.cofb.org\/?s={search_term_string}"},"query-input":"required name=search_term_string"}],"inLanguage":"ca"},{"@type":"Organization","@id":"https:\/\/www.cofb.org\/#organization","name":"Col\u00b7legi de Farmac\u00e8utics de Barcelona","url":"https:\/\/www.cofb.org\/","logo":{"@type":"ImageObject","inLanguage":"ca","@id":"https:\/\/www.cofb.org\/#\/schema\/logo\/image\/","url":"https:\/\/www.cofb.org\/wp-content\/uploads\/2023\/11\/cropped-Logotip-COFB.png","contentUrl":"https:\/\/www.cofb.org\/wp-content\/uploads\/2023\/11\/cropped-Logotip-COFB.png","width":500,"height":105,"caption":"Col\u00b7legi de Farmac\u00e8utics de Barcelona"},"image":{"@id":"https:\/\/www.cofb.org\/#\/schema\/logo\/image\/"},"sameAs":["https:\/\/www.facebook.com\/farmaceuticsbcn\/","https:\/\/twitter.com\/farmaceuticsbcn","https:\/\/www.instagram.com\/farmaceuticsbcn\/","https:\/\/www.linkedin.com\/company\/farmaceuticsbcn\/"]},{"@type":"Person","@id":"https:\/\/www.cofb.org\/#\/schema\/person\/22ed7eea88da74b0fa4d3154ad87ffcb","name":"wpAdminCofbOrg","image":{"@type":"ImageObject","inLanguage":"ca","@id":"https:\/\/www.cofb.org\/#\/schema\/person\/image\/","url":"https:\/\/secure.gravatar.com\/avatar\/1721b20b3b8ca882c3b56ec6c978c594fff670e40c0718e9190eaeeb76aae7d8?s=96&d=mm&r=g","contentUrl":"https:\/\/secure.gravatar.com\/avatar\/1721b20b3b8ca882c3b56ec6c978c594fff670e40c0718e9190eaeeb76aae7d8?s=96&d=mm&r=g","caption":"wpAdminCofbOrg"},"sameAs":["http:\/\/192.168.64.122\/wordpress"],"url":"https:\/\/www.cofb.org\/ca\/author\/wpadmincofborg\/"}]}},"uagb_featured_image_src":{"full":false,"thumbnail":false,"medium":false,"medium_large":false,"large":false,"1536x1536":false,"2048x2048":false,"trp-custom-language-flag":false},"uagb_author_info":{"display_name":"wpAdminCofbOrg","author_link":"https:\/\/www.cofb.org\/ca\/author\/wpadmincofborg\/"},"uagb_comment_info":0,"uagb_excerpt":"El passat dijous 3 d&#8217;octubre va tenir lloc al COFB la confer\u00e8ncia &#8220;Indicaci\u00f3 farmac\u00e8utica en grip i refredat&#8221; que va\u00a0anar a c\u00e0rrec de\u00a0Lu\u00eds Alfonso Brizuela, metge, farmac\u00e8utic i professor associat a la Facultat de Farm\u00e0cia de la Universitat de Santiago de Compostela i Mar\u00eda Jos\u00e9 Alonso, farmac\u00e8utica, professora i tutora [&hellip;]","_links":{"self":[{"href":"https:\/\/www.cofb.org\/ca\/wp-json\/wp\/v2\/posts\/47495","targetHints":{"allow":["GET"]}}],"collection":[{"href":"https:\/\/www.cofb.org\/ca\/wp-json\/wp\/v2\/posts"}],"about":[{"href":"https:\/\/www.cofb.org\/ca\/wp-json\/wp\/v2\/types\/post"}],"author":[{"embeddable":true,"href":"https:\/\/www.cofb.org\/ca\/wp-json\/wp\/v2\/users\/1"}],"replies":[{"embeddable":true,"href":"https:\/\/www.cofb.org\/ca\/wp-json\/wp\/v2\/comments?post=47495"}],"version-history":[{"count":0,"href":"https:\/\/www.cofb.org\/ca\/wp-json\/wp\/v2\/posts\/47495\/revisions"}],"wp:featuredmedia":[{"embeddable":true,"href":"https:\/\/www.cofb.org\/ca\/wp-json\/"}],"wp:attachment":[{"href":"https:\/\/www.cofb.org\/ca\/wp-json\/wp\/v2\/media?parent=47495"}],"wp:term":[{"taxonomy":"category","embeddable":true,"href":"https:\/\/www.cofb.org\/ca\/wp-json\/wp\/v2\/categories?post=47495"},{"taxonomy":"post_tag","embeddable":true,"href":"https:\/\/www.cofb.org\/ca\/wp-json\/wp\/v2\/tags?post=47495"}],"curies":[{"name":"wp","href":"https:\/\/api.w.org\/{rel}","templated":true}]}}