{"id":47388,"date":"2019-10-09T13:00:17","date_gmt":"2019-10-09T11:00:17","guid":{"rendered":"https:\/\/blog.cofb.cat\/?p=47388"},"modified":"2019-10-09T13:00:17","modified_gmt":"2019-10-09T11:00:17","slug":"circular-farmaceutica-ja-disponible-ledicio-del-2n-quadrimestre","status":"publish","type":"post","link":"https:\/\/www.cofb.org\/ca\/2019\/10\/09\/circular-farmaceutica-ja-disponible-ledicio-del-2n-quadrimestre\/","title":{"rendered":"Circular Farmac\u00e8utica: Ja disponible l&#8217;edici\u00f3 del 2n quadrimestre"},"content":{"rendered":"<p>Ja es pot accedir a un\u00a0<strong>nou n\u00famero de la Circular Farmac\u00e8utica<\/strong>, la publicaci\u00f3 cient\u00edfica\u00a0<strong>que edita el Col\u00b7legi<\/strong>.<\/p>\n<p>En aquesta nova edici\u00f3\u00a0<strong>destaquem<\/strong>\u00a0els seg\u00fcents temes:<\/p>\n<ul>\n<li><strong>Beques col\u00b7legials:<\/strong> Efecte del tractament biol\u00f2gic amb anticitocines inflamat\u00f2ries en el sistema immunol\u00f2gic del pacient psori\u00e0sic\/Bicarbonat nebulitzat, una de les peces que faltava per evitar les infeccions en fibrosi qu\u00edstica.<\/li>\n<li><strong>Alimentaci\u00f3 i nutrici\u00f3:<\/strong> Complements alimentosos: feble efic\u00e0cia en el sobrep\u00e8s.<\/li>\n<\/ul>\n<div class=\"destacat-blog\">\n<p>Aquest \u00e9s el contingut del <a href=\"https:\/\/www.cofb.org\/documents\/10136\/1070698\/Circular77-2.pdf\/8dd559b4-0283-4f38-9a90-39cbe9faf143\" target=\"_blank\" rel=\"noopener\"><span style=\"text-decoration: underline;\"><strong>Vol. 77, N\u00fam. 2 segon quadrimestre 2019:<\/strong><\/span><\/a><\/p>\n<p><a href=\"https:\/\/www.cofb.org\/documents\/10136\/1070698\/Circular77-2.pdf\/8dd559b4-0283-4f38-9a90-39cbe9faf143\" target=\"_blank\" rel=\"noopener\"><img fetchpriority=\"high\" decoding=\"async\" class=\"aligncenter size-full wp-image-47511\" src=\"https:\/\/blog.cofb.cat\/wp-content\/uploads\/2019\/10\/Circular-Farmac\u00e8utica-77-2-1.jpg\" alt=\"\" width=\"660\" height=\"868\" \/><\/a><\/p>\n<ul>\n<li><strong>Editorial:<\/strong> T. Casas\u00edn<\/li>\n<li><strong>Farmassist\u00e8ncia:<\/strong>\u00a0Hipertensi\u00f3 arterial a la farm\u00e0cia comunit\u00e0ria. Fem-ho b\u00e9.<\/li>\n<li><strong>Beques col\u00b7legials:<\/strong>\u00a0Efecte del tractament biol\u00f2gic amb anticitocines inflamat\u00f2ries en el sistema immunol\u00f2gic del pacient psori\u00e0sic. Bicarbonat nebulitzat, una de les peces que faltava per evitar les infeccions en fibrosi qu\u00edstica.<\/li>\n<li><strong>El CIM informa:<\/strong>\u00a0Resum bibliogr\u00e0fic per a l&#8217;oficina de farm\u00e0cia.<\/li>\n<li><strong>Casos cl\u00ednics:<\/strong>\u00a0Feocromocitoma: tempesta de catecolamines. Tractament de la leuc\u00e8mia limfoc\u00edtica cr\u00f2nica (LLC) des de la farm\u00e0cia hospital\u00e0ria.<\/li>\n<li><strong>Alimentaci\u00f3 i nutrici\u00f3:<\/strong>\u00a0Complements alimentosos i sobrep\u00e8s. Depleci\u00f3 de nutrients a causa de tractaments farmacol\u00f2gics cr\u00f2nics indicats en patologia cardiovascular<\/li>\n<li><strong>Plantes medicinals:<\/strong>\u00a0Rodiola: l&#8217;arrel que va sortir del fred.<\/li>\n<li><strong>Salut P\u00fablica:<\/strong>\u00a0La grip espanyola a Catalunya: Un punt d&#8217;inflexi\u00f3 en la professi\u00f3 farmac\u00e8utica. El brot de Listeria monocytogenes a Espanya, l&#8217;estiu del 2019<\/li>\n<li><strong>Farmac\u00e8utics Innovadors<\/strong><\/li>\n<li><strong>Vademecum Cultural<\/strong><\/li>\n<\/ul>\n<div>\u00a0<\/div>\n<\/div>\n<div class=\"box info\"><\/div>\n<h2><strong>Vols publicar a la Circular Farmac\u00e8utica?<\/strong><\/h2>\n<p><a href=\"https:\/\/blog.cofb.cat\/wp-content\/uploads\/2019\/06\/circu.jpg\"><img decoding=\"async\" class=\"aligncenter size-full wp-image-46297\" src=\"https:\/\/blog.cofb.cat\/wp-content\/uploads\/2019\/06\/circu.jpg\" alt=\"\" width=\"512\" height=\"205\" \/><\/a><\/p>\n<p><strong>Anima\u00b4t a reflexionar, pensar, dissenyar i\u00a0emprendre un estudi, una activitat, una revisi\u00f3 d\u2019un nou medicament i valorarem la seva publicaci\u00f3 a la nostra revista.<\/strong><br \/>\nSi \u00e9s del teu inter\u00e8s,\u00a0<strong>contacta amb formacio@cofb.net<\/strong>\u00a0i estudiarem la teva proposta.<\/p>\n<\/div>\n<p>&nbsp;<\/p>\n<p><a href=\"https:\/\/www.cofb.org\/colegi\/publicacions\/circular-farmaceutica\" target=\"_blank\" rel=\"noopener\"><strong>Veure n\u00fameros anteriors de Circular Farmac\u00e8utica<\/strong><\/a>\u00a0(via cofb.org \u2013 en format PDF)<\/p>\n","protected":false},"excerpt":{"rendered":"<p>Ja es pot accedir a un\u00a0nou n\u00famero de la Circular Farmac\u00e8utica, la publicaci\u00f3 cient\u00edfica\u00a0que edita el Col\u00b7legi. En aquesta nova edici\u00f3\u00a0destaquem\u00a0els seg\u00fcents temes: Beques col\u00b7legials: Efecte del tractament biol\u00f2gic amb anticitocines inflamat\u00f2ries en el sistema immunol\u00f2gic del pacient psori\u00e0sic\/Bicarbonat nebulitzat, una de les peces que faltava per evitar les infeccions [&hellip;]<\/p>\n","protected":false},"author":1,"featured_media":47391,"comment_status":"open","ping_status":"open","sticky":false,"template":"","format":"standard","meta":{"_uag_custom_page_level_css":"","site-sidebar-layout":"default","site-content-layout":"","ast-site-content-layout":"default","site-content-style":"default","site-sidebar-style":"default","ast-global-header-display":"","ast-banner-title-visibility":"","ast-main-header-display":"","ast-hfb-above-header-display":"","ast-hfb-below-header-display":"","ast-hfb-mobile-header-display":"","site-post-title":"","ast-breadcrumbs-content":"","ast-featured-img":"disabled","footer-sml-layout":"","theme-transparent-header-meta":"","adv-header-id-meta":"","stick-header-meta":"","header-above-stick-meta":"","header-main-stick-meta":"","header-below-stick-meta":"","astra-migrate-meta-layouts":"default","ast-page-background-enabled":"default","ast-page-background-meta":{"desktop":{"background-color":"var(--ast-global-color-4)","background-image":"","background-repeat":"repeat","background-position":"center center","background-size":"auto","background-attachment":"scroll","background-type":"","background-media":"","overlay-type":"","overlay-color":"","overlay-opacity":"","overlay-gradient":""},"tablet":{"background-color":"","background-image":"","background-repeat":"repeat","background-position":"center center","background-size":"auto","background-attachment":"scroll","background-type":"","background-media":"","overlay-type":"","overlay-color":"","overlay-opacity":"","overlay-gradient":""},"mobile":{"background-color":"","background-image":"","background-repeat":"repeat","background-position":"center center","background-size":"auto","background-attachment":"scroll","background-type":"","background-media":"","overlay-type":"","overlay-color":"","overlay-opacity":"","overlay-gradient":""}},"ast-content-background-meta":{"desktop":{"background-color":"var(--ast-global-color-5)","background-image":"","background-repeat":"repeat","background-position":"center center","background-size":"auto","background-attachment":"scroll","background-type":"","background-media":"","overlay-type":"","overlay-color":"","overlay-opacity":"","overlay-gradient":""},"tablet":{"background-color":"var(--ast-global-color-5)","background-image":"","background-repeat":"repeat","background-position":"center center","background-size":"auto","background-attachment":"scroll","background-type":"","background-media":"","overlay-type":"","overlay-color":"","overlay-opacity":"","overlay-gradient":""},"mobile":{"background-color":"var(--ast-global-color-5)","background-image":"","background-repeat":"repeat","background-position":"center center","background-size":"auto","background-attachment":"scroll","background-type":"","background-media":"","overlay-type":"","overlay-color":"","overlay-opacity":"","overlay-gradient":""}},"footnotes":""},"categories":[23,57],"tags":[513,355,89,18,19,53,68,69,2149,844,3264],"class_list":["post-47388","post","type-post","status-publish","format-standard","has-post-thumbnail","hentry","category-destacats","category-mon-collegial","tag-beques-collegials","tag-beques-i-premis","tag-circular-farmaceutica","tag-cofb","tag-collegi-de-farmaceutics-de-barcelona","tag-farmaceutics","tag-farmacia","tag-farmacia-comunitaria","tag-publicacions","tag-recerca","tag-recerca-i-docencia"],"yoast_head":"<!-- This site is optimized with the Yoast SEO plugin v22.4 - https:\/\/yoast.com\/wordpress\/plugins\/seo\/ -->\n<title>Circular Farmac\u00e8utica: Ja disponible l&#039;edici\u00f3 del 2n quadrimestre - Col\u00b7legi de Farmac\u00e8utics de Barcelona<\/title>\n<meta name=\"description\" content=\"Ja es pot accedir a un\u00a0nou n\u00famero de la Circular Farmac\u00e8utica, la publicaci\u00f3 cient\u00edfica\u00a0que edita el Col\u00b7legi.\" \/>\n<meta name=\"robots\" content=\"index, follow, max-snippet:-1, max-image-preview:large, max-video-preview:-1\" \/>\n<link rel=\"canonical\" href=\"https:\/\/novaorg.cofb.net\/2019\/10\/09\/circular-farmaceutica-ja-disponible-ledicio-del-2n-quadrimestre\/\" \/>\n<meta property=\"og:locale\" content=\"ca_ES\" \/>\n<meta property=\"og:type\" content=\"article\" \/>\n<meta property=\"og:title\" content=\"Circular Farmac\u00e8utica: Ja disponible l&#039;edici\u00f3 del 2n quadrimestre - Col\u00b7legi de Farmac\u00e8utics de Barcelona\" \/>\n<meta property=\"og:description\" content=\"Ja es pot accedir a un\u00a0nou n\u00famero de la Circular Farmac\u00e8utica, la publicaci\u00f3 cient\u00edfica\u00a0que edita el Col\u00b7legi.\" \/>\n<meta property=\"og:url\" content=\"https:\/\/novaorg.cofb.net\/2019\/10\/09\/circular-farmaceutica-ja-disponible-ledicio-del-2n-quadrimestre\/\" \/>\n<meta property=\"og:site_name\" content=\"Col\u00b7legi de Farmac\u00e8utics de Barcelona\" \/>\n<meta property=\"article:publisher\" content=\"https:\/\/www.facebook.com\/farmaceuticsbcn\/\" \/>\n<meta property=\"article:published_time\" content=\"2019-10-09T11:00:17+00:00\" \/>\n<meta name=\"author\" content=\"wpAdminCofbOrg\" \/>\n<meta name=\"twitter:card\" content=\"summary_large_image\" \/>\n<meta name=\"twitter:creator\" content=\"@farmaceuticsbcn\" \/>\n<meta name=\"twitter:site\" content=\"@farmaceuticsbcn\" \/>\n<meta name=\"twitter:label1\" content=\"Escrit per\" \/>\n\t<meta name=\"twitter:data1\" content=\"wpAdminCofbOrg\" \/>\n\t<meta name=\"twitter:label2\" content=\"Temps estimat de lectura\" \/>\n\t<meta name=\"twitter:data2\" content=\"2 minuts\" \/>\n<script type=\"application\/ld+json\" class=\"yoast-schema-graph\">{\"@context\":\"https:\/\/schema.org\",\"@graph\":[{\"@type\":\"Article\",\"@id\":\"https:\/\/novaorg.cofb.net\/2019\/10\/09\/circular-farmaceutica-ja-disponible-ledicio-del-2n-quadrimestre\/#article\",\"isPartOf\":{\"@id\":\"https:\/\/novaorg.cofb.net\/2019\/10\/09\/circular-farmaceutica-ja-disponible-ledicio-del-2n-quadrimestre\/\"},\"author\":{\"name\":\"wpAdminCofbOrg\",\"@id\":\"https:\/\/www.cofb.org\/#\/schema\/person\/22ed7eea88da74b0fa4d3154ad87ffcb\"},\"headline\":\"Circular Farmac\u00e8utica: Ja disponible l&#8217;edici\u00f3 del 2n quadrimestre\",\"datePublished\":\"2019-10-09T11:00:17+00:00\",\"dateModified\":\"2019-10-09T11:00:17+00:00\",\"mainEntityOfPage\":{\"@id\":\"https:\/\/novaorg.cofb.net\/2019\/10\/09\/circular-farmaceutica-ja-disponible-ledicio-del-2n-quadrimestre\/\"},\"wordCount\":324,\"commentCount\":0,\"publisher\":{\"@id\":\"https:\/\/www.cofb.org\/#organization\"},\"image\":{\"@id\":\"https:\/\/novaorg.cofb.net\/2019\/10\/09\/circular-farmaceutica-ja-disponible-ledicio-del-2n-quadrimestre\/#primaryimage\"},\"thumbnailUrl\":\"\",\"keywords\":[\"Beques col\u00b7legials\",\"beques i premis\",\"Circular Farmac\u00e8utica\",\"COFB\",\"Col\u00b7legi de Farmac\u00e8utics de Barcelona\",\"farmac\u00e8utics\",\"Farm\u00e0cia\",\"farm\u00e0cia comunit\u00e0ria\",\"Publicacions\",\"Recerca\",\"Recerca i Doc\u00e8ncia\"],\"articleSection\":[\"Destacats\",\"M\u00f3n col\u00b7legial\"],\"inLanguage\":\"ca\",\"potentialAction\":[{\"@type\":\"CommentAction\",\"name\":\"Comment\",\"target\":[\"https:\/\/novaorg.cofb.net\/2019\/10\/09\/circular-farmaceutica-ja-disponible-ledicio-del-2n-quadrimestre\/#respond\"]}]},{\"@type\":\"WebPage\",\"@id\":\"https:\/\/novaorg.cofb.net\/2019\/10\/09\/circular-farmaceutica-ja-disponible-ledicio-del-2n-quadrimestre\/\",\"url\":\"https:\/\/novaorg.cofb.net\/2019\/10\/09\/circular-farmaceutica-ja-disponible-ledicio-del-2n-quadrimestre\/\",\"name\":\"Circular Farmac\u00e8utica: Ja disponible l'edici\u00f3 del 2n quadrimestre - Col\u00b7legi de Farmac\u00e8utics de Barcelona\",\"isPartOf\":{\"@id\":\"https:\/\/www.cofb.org\/#website\"},\"primaryImageOfPage\":{\"@id\":\"https:\/\/novaorg.cofb.net\/2019\/10\/09\/circular-farmaceutica-ja-disponible-ledicio-del-2n-quadrimestre\/#primaryimage\"},\"image\":{\"@id\":\"https:\/\/novaorg.cofb.net\/2019\/10\/09\/circular-farmaceutica-ja-disponible-ledicio-del-2n-quadrimestre\/#primaryimage\"},\"thumbnailUrl\":\"\",\"datePublished\":\"2019-10-09T11:00:17+00:00\",\"dateModified\":\"2019-10-09T11:00:17+00:00\",\"description\":\"Ja es pot accedir a un\u00a0nou n\u00famero de la Circular Farmac\u00e8utica, la publicaci\u00f3 cient\u00edfica\u00a0que edita el Col\u00b7legi.\",\"breadcrumb\":{\"@id\":\"https:\/\/novaorg.cofb.net\/2019\/10\/09\/circular-farmaceutica-ja-disponible-ledicio-del-2n-quadrimestre\/#breadcrumb\"},\"inLanguage\":\"ca\",\"potentialAction\":[{\"@type\":\"ReadAction\",\"target\":[\"https:\/\/novaorg.cofb.net\/2019\/10\/09\/circular-farmaceutica-ja-disponible-ledicio-del-2n-quadrimestre\/\"]}]},{\"@type\":\"ImageObject\",\"inLanguage\":\"ca\",\"@id\":\"https:\/\/novaorg.cofb.net\/2019\/10\/09\/circular-farmaceutica-ja-disponible-ledicio-del-2n-quadrimestre\/#primaryimage\",\"url\":\"\",\"contentUrl\":\"\"},{\"@type\":\"BreadcrumbList\",\"@id\":\"https:\/\/novaorg.cofb.net\/2019\/10\/09\/circular-farmaceutica-ja-disponible-ledicio-del-2n-quadrimestre\/#breadcrumb\",\"itemListElement\":[{\"@type\":\"ListItem\",\"position\":1,\"name\":\"Inici\",\"item\":\"https:\/\/novaorg.cofb.net\/\"},{\"@type\":\"ListItem\",\"position\":2,\"name\":\"Circular Farmac\u00e8utica: Ja disponible l&#8217;edici\u00f3 del 2n quadrimestre\"}]},{\"@type\":\"WebSite\",\"@id\":\"https:\/\/www.cofb.org\/#website\",\"url\":\"https:\/\/www.cofb.org\/\",\"name\":\"Col\u00b7legi de Farmac\u00e8utics de Barcelona\",\"description\":\"\",\"publisher\":{\"@id\":\"https:\/\/www.cofb.org\/#organization\"},\"potentialAction\":[{\"@type\":\"SearchAction\",\"target\":{\"@type\":\"EntryPoint\",\"urlTemplate\":\"https:\/\/www.cofb.org\/?s={search_term_string}\"},\"query-input\":\"required name=search_term_string\"}],\"inLanguage\":\"ca\"},{\"@type\":\"Organization\",\"@id\":\"https:\/\/www.cofb.org\/#organization\",\"name\":\"Col\u00b7legi de Farmac\u00e8utics de Barcelona\",\"url\":\"https:\/\/www.cofb.org\/\",\"logo\":{\"@type\":\"ImageObject\",\"inLanguage\":\"ca\",\"@id\":\"https:\/\/www.cofb.org\/#\/schema\/logo\/image\/\",\"url\":\"https:\/\/www.cofb.org\/wp-content\/uploads\/2023\/11\/cropped-Logotip-COFB.png\",\"contentUrl\":\"https:\/\/www.cofb.org\/wp-content\/uploads\/2023\/11\/cropped-Logotip-COFB.png\",\"width\":500,\"height\":105,\"caption\":\"Col\u00b7legi de Farmac\u00e8utics de Barcelona\"},\"image\":{\"@id\":\"https:\/\/www.cofb.org\/#\/schema\/logo\/image\/\"},\"sameAs\":[\"https:\/\/www.facebook.com\/farmaceuticsbcn\/\",\"https:\/\/twitter.com\/farmaceuticsbcn\",\"https:\/\/www.instagram.com\/farmaceuticsbcn\/\",\"https:\/\/www.linkedin.com\/company\/farmaceuticsbcn\/\"]},{\"@type\":\"Person\",\"@id\":\"https:\/\/www.cofb.org\/#\/schema\/person\/22ed7eea88da74b0fa4d3154ad87ffcb\",\"name\":\"wpAdminCofbOrg\",\"image\":{\"@type\":\"ImageObject\",\"inLanguage\":\"ca\",\"@id\":\"https:\/\/www.cofb.org\/#\/schema\/person\/image\/\",\"url\":\"https:\/\/secure.gravatar.com\/avatar\/1721b20b3b8ca882c3b56ec6c978c594fff670e40c0718e9190eaeeb76aae7d8?s=96&d=mm&r=g\",\"contentUrl\":\"https:\/\/secure.gravatar.com\/avatar\/1721b20b3b8ca882c3b56ec6c978c594fff670e40c0718e9190eaeeb76aae7d8?s=96&d=mm&r=g\",\"caption\":\"wpAdminCofbOrg\"},\"sameAs\":[\"http:\/\/192.168.64.122\/wordpress\"],\"url\":\"https:\/\/www.cofb.org\/ca\/author\/wpadmincofborg\/\"}]}<\/script>\n<!-- \/ Yoast SEO plugin. -->","yoast_head_json":{"title":"Circular Farmac\u00e8utica: Ja disponible l'edici\u00f3 del 2n quadrimestre - Col\u00b7legi de Farmac\u00e8utics de Barcelona","description":"Ja es pot accedir a un\u00a0nou n\u00famero de la Circular Farmac\u00e8utica, la publicaci\u00f3 cient\u00edfica\u00a0que edita el Col\u00b7legi.","robots":{"index":"index","follow":"follow","max-snippet":"max-snippet:-1","max-image-preview":"max-image-preview:large","max-video-preview":"max-video-preview:-1"},"canonical":"https:\/\/novaorg.cofb.net\/2019\/10\/09\/circular-farmaceutica-ja-disponible-ledicio-del-2n-quadrimestre\/","og_locale":"ca_ES","og_type":"article","og_title":"Circular Farmac\u00e8utica: Ja disponible l'edici\u00f3 del 2n quadrimestre - Col\u00b7legi de Farmac\u00e8utics de Barcelona","og_description":"Ja es pot accedir a un\u00a0nou n\u00famero de la Circular Farmac\u00e8utica, la publicaci\u00f3 cient\u00edfica\u00a0que edita el Col\u00b7legi.","og_url":"https:\/\/novaorg.cofb.net\/2019\/10\/09\/circular-farmaceutica-ja-disponible-ledicio-del-2n-quadrimestre\/","og_site_name":"Col\u00b7legi de Farmac\u00e8utics de Barcelona","article_publisher":"https:\/\/www.facebook.com\/farmaceuticsbcn\/","article_published_time":"2019-10-09T11:00:17+00:00","author":"wpAdminCofbOrg","twitter_card":"summary_large_image","twitter_creator":"@farmaceuticsbcn","twitter_site":"@farmaceuticsbcn","twitter_misc":{"Escrit per":"wpAdminCofbOrg","Temps estimat de lectura":"2 minuts"},"schema":{"@context":"https:\/\/schema.org","@graph":[{"@type":"Article","@id":"https:\/\/novaorg.cofb.net\/2019\/10\/09\/circular-farmaceutica-ja-disponible-ledicio-del-2n-quadrimestre\/#article","isPartOf":{"@id":"https:\/\/novaorg.cofb.net\/2019\/10\/09\/circular-farmaceutica-ja-disponible-ledicio-del-2n-quadrimestre\/"},"author":{"name":"wpAdminCofbOrg","@id":"https:\/\/www.cofb.org\/#\/schema\/person\/22ed7eea88da74b0fa4d3154ad87ffcb"},"headline":"Circular Farmac\u00e8utica: Ja disponible l&#8217;edici\u00f3 del 2n quadrimestre","datePublished":"2019-10-09T11:00:17+00:00","dateModified":"2019-10-09T11:00:17+00:00","mainEntityOfPage":{"@id":"https:\/\/novaorg.cofb.net\/2019\/10\/09\/circular-farmaceutica-ja-disponible-ledicio-del-2n-quadrimestre\/"},"wordCount":324,"commentCount":0,"publisher":{"@id":"https:\/\/www.cofb.org\/#organization"},"image":{"@id":"https:\/\/novaorg.cofb.net\/2019\/10\/09\/circular-farmaceutica-ja-disponible-ledicio-del-2n-quadrimestre\/#primaryimage"},"thumbnailUrl":"","keywords":["Beques col\u00b7legials","beques i premis","Circular Farmac\u00e8utica","COFB","Col\u00b7legi de Farmac\u00e8utics de Barcelona","farmac\u00e8utics","Farm\u00e0cia","farm\u00e0cia comunit\u00e0ria","Publicacions","Recerca","Recerca i Doc\u00e8ncia"],"articleSection":["Destacats","M\u00f3n col\u00b7legial"],"inLanguage":"ca","potentialAction":[{"@type":"CommentAction","name":"Comment","target":["https:\/\/novaorg.cofb.net\/2019\/10\/09\/circular-farmaceutica-ja-disponible-ledicio-del-2n-quadrimestre\/#respond"]}]},{"@type":"WebPage","@id":"https:\/\/novaorg.cofb.net\/2019\/10\/09\/circular-farmaceutica-ja-disponible-ledicio-del-2n-quadrimestre\/","url":"https:\/\/novaorg.cofb.net\/2019\/10\/09\/circular-farmaceutica-ja-disponible-ledicio-del-2n-quadrimestre\/","name":"Circular Farmac\u00e8utica: Ja disponible l'edici\u00f3 del 2n quadrimestre - Col\u00b7legi de Farmac\u00e8utics de Barcelona","isPartOf":{"@id":"https:\/\/www.cofb.org\/#website"},"primaryImageOfPage":{"@id":"https:\/\/novaorg.cofb.net\/2019\/10\/09\/circular-farmaceutica-ja-disponible-ledicio-del-2n-quadrimestre\/#primaryimage"},"image":{"@id":"https:\/\/novaorg.cofb.net\/2019\/10\/09\/circular-farmaceutica-ja-disponible-ledicio-del-2n-quadrimestre\/#primaryimage"},"thumbnailUrl":"","datePublished":"2019-10-09T11:00:17+00:00","dateModified":"2019-10-09T11:00:17+00:00","description":"Ja es pot accedir a un\u00a0nou n\u00famero de la Circular Farmac\u00e8utica, la publicaci\u00f3 cient\u00edfica\u00a0que edita el Col\u00b7legi.","breadcrumb":{"@id":"https:\/\/novaorg.cofb.net\/2019\/10\/09\/circular-farmaceutica-ja-disponible-ledicio-del-2n-quadrimestre\/#breadcrumb"},"inLanguage":"ca","potentialAction":[{"@type":"ReadAction","target":["https:\/\/novaorg.cofb.net\/2019\/10\/09\/circular-farmaceutica-ja-disponible-ledicio-del-2n-quadrimestre\/"]}]},{"@type":"ImageObject","inLanguage":"ca","@id":"https:\/\/novaorg.cofb.net\/2019\/10\/09\/circular-farmaceutica-ja-disponible-ledicio-del-2n-quadrimestre\/#primaryimage","url":"","contentUrl":""},{"@type":"BreadcrumbList","@id":"https:\/\/novaorg.cofb.net\/2019\/10\/09\/circular-farmaceutica-ja-disponible-ledicio-del-2n-quadrimestre\/#breadcrumb","itemListElement":[{"@type":"ListItem","position":1,"name":"Inici","item":"https:\/\/novaorg.cofb.net\/"},{"@type":"ListItem","position":2,"name":"Circular Farmac\u00e8utica: Ja disponible l&#8217;edici\u00f3 del 2n quadrimestre"}]},{"@type":"WebSite","@id":"https:\/\/www.cofb.org\/#website","url":"https:\/\/www.cofb.org\/","name":"Col\u00b7legi de Farmac\u00e8utics de Barcelona","description":"","publisher":{"@id":"https:\/\/www.cofb.org\/#organization"},"potentialAction":[{"@type":"SearchAction","target":{"@type":"EntryPoint","urlTemplate":"https:\/\/www.cofb.org\/?s={search_term_string}"},"query-input":"required name=search_term_string"}],"inLanguage":"ca"},{"@type":"Organization","@id":"https:\/\/www.cofb.org\/#organization","name":"Col\u00b7legi de Farmac\u00e8utics de Barcelona","url":"https:\/\/www.cofb.org\/","logo":{"@type":"ImageObject","inLanguage":"ca","@id":"https:\/\/www.cofb.org\/#\/schema\/logo\/image\/","url":"https:\/\/www.cofb.org\/wp-content\/uploads\/2023\/11\/cropped-Logotip-COFB.png","contentUrl":"https:\/\/www.cofb.org\/wp-content\/uploads\/2023\/11\/cropped-Logotip-COFB.png","width":500,"height":105,"caption":"Col\u00b7legi de Farmac\u00e8utics de Barcelona"},"image":{"@id":"https:\/\/www.cofb.org\/#\/schema\/logo\/image\/"},"sameAs":["https:\/\/www.facebook.com\/farmaceuticsbcn\/","https:\/\/twitter.com\/farmaceuticsbcn","https:\/\/www.instagram.com\/farmaceuticsbcn\/","https:\/\/www.linkedin.com\/company\/farmaceuticsbcn\/"]},{"@type":"Person","@id":"https:\/\/www.cofb.org\/#\/schema\/person\/22ed7eea88da74b0fa4d3154ad87ffcb","name":"wpAdminCofbOrg","image":{"@type":"ImageObject","inLanguage":"ca","@id":"https:\/\/www.cofb.org\/#\/schema\/person\/image\/","url":"https:\/\/secure.gravatar.com\/avatar\/1721b20b3b8ca882c3b56ec6c978c594fff670e40c0718e9190eaeeb76aae7d8?s=96&d=mm&r=g","contentUrl":"https:\/\/secure.gravatar.com\/avatar\/1721b20b3b8ca882c3b56ec6c978c594fff670e40c0718e9190eaeeb76aae7d8?s=96&d=mm&r=g","caption":"wpAdminCofbOrg"},"sameAs":["http:\/\/192.168.64.122\/wordpress"],"url":"https:\/\/www.cofb.org\/ca\/author\/wpadmincofborg\/"}]}},"uagb_featured_image_src":{"full":false,"thumbnail":false,"medium":false,"medium_large":false,"large":false,"1536x1536":false,"2048x2048":false,"trp-custom-language-flag":false},"uagb_author_info":{"display_name":"wpAdminCofbOrg","author_link":"https:\/\/www.cofb.org\/ca\/author\/wpadmincofborg\/"},"uagb_comment_info":0,"uagb_excerpt":"Ja es pot accedir a un\u00a0nou n\u00famero de la Circular Farmac\u00e8utica, la publicaci\u00f3 cient\u00edfica\u00a0que edita el Col\u00b7legi. En aquesta nova edici\u00f3\u00a0destaquem\u00a0els seg\u00fcents temes: Beques col\u00b7legials: Efecte del tractament biol\u00f2gic amb anticitocines inflamat\u00f2ries en el sistema immunol\u00f2gic del pacient psori\u00e0sic\/Bicarbonat nebulitzat, una de les peces que faltava per evitar les infeccions [&hellip;]","_links":{"self":[{"href":"https:\/\/www.cofb.org\/ca\/wp-json\/wp\/v2\/posts\/47388","targetHints":{"allow":["GET"]}}],"collection":[{"href":"https:\/\/www.cofb.org\/ca\/wp-json\/wp\/v2\/posts"}],"about":[{"href":"https:\/\/www.cofb.org\/ca\/wp-json\/wp\/v2\/types\/post"}],"author":[{"embeddable":true,"href":"https:\/\/www.cofb.org\/ca\/wp-json\/wp\/v2\/users\/1"}],"replies":[{"embeddable":true,"href":"https:\/\/www.cofb.org\/ca\/wp-json\/wp\/v2\/comments?post=47388"}],"version-history":[{"count":0,"href":"https:\/\/www.cofb.org\/ca\/wp-json\/wp\/v2\/posts\/47388\/revisions"}],"wp:featuredmedia":[{"embeddable":true,"href":"https:\/\/www.cofb.org\/ca\/wp-json\/"}],"wp:attachment":[{"href":"https:\/\/www.cofb.org\/ca\/wp-json\/wp\/v2\/media?parent=47388"}],"wp:term":[{"taxonomy":"category","embeddable":true,"href":"https:\/\/www.cofb.org\/ca\/wp-json\/wp\/v2\/categories?post=47388"},{"taxonomy":"post_tag","embeddable":true,"href":"https:\/\/www.cofb.org\/ca\/wp-json\/wp\/v2\/tags?post=47388"}],"curies":[{"name":"wp","href":"https:\/\/api.w.org\/{rel}","templated":true}]}}