{"id":45891,"date":"2019-06-06T19:53:00","date_gmt":"2019-06-06T17:53:00","guid":{"rendered":"https:\/\/blog.cofb.cat\/?p=45891"},"modified":"2019-06-06T19:53:00","modified_gmt":"2019-06-06T17:53:00","slug":"collegi-aclareix-dubtes-sobre-dispensacio-dibuprofen-paracetamol","status":"publish","type":"post","link":"https:\/\/www.cofb.org\/ca\/2019\/06\/06\/collegi-aclareix-dubtes-sobre-dispensacio-dibuprofen-paracetamol\/","title":{"rendered":"El Col\u00b7legi aclareix dubtes sobre la dispensaci\u00f3 d&#8217;ibuprof\u00e8n i paracetamol"},"content":{"rendered":"<p>Arran de diferents informacions aparegudes en relaci\u00f3 a la <strong>dispensaci\u00f3 amb recepta de paracetamol i ibuprof\u00e8n a les farm\u00e0cies<\/strong>, el Col\u00b7legi Oficial de Farmac\u00e8utics de Barcelona <strong>ha at\u00e8s les diferents peticions dels mitjans de comunicaci\u00f3<\/strong> sobre aquest tema.<\/p>\n<h1><span style=\"color: #008080;\"><strong>Pedagogia a la ciutadania des de la farm\u00e0cia<\/strong><\/span><\/h1>\n<p>El secretari i responsable de la Comissi\u00f3 de Deontologia del COFB, Jordi Casas, va atendre el <a href=\"https:\/\/www.ccma.cat\/tv3\/alacarta\/els-matins\/ibuprofen-i-paracetamol-amb-recepta\/video\/5866989\/\" target=\"_blank\" rel=\"noopener\">programa Els Matins de TV3<\/a>, on va remarcar la import\u00e0ncia de\u201c<strong>conscienciar<\/strong> <strong>la ciutadania<\/strong> sobre l\u2019\u00fas dels f\u00e0rmacs\u201d i fer-li entendre a la poblaci\u00f3 que \u201c<strong>cal<\/strong> <strong>revertir els h\u00e0bits de consum incorrectes <\/strong>i\u00a0<strong>canviar la\u00a0cultura de prendre dosis tan elevades<\/strong> d\u2019ibuprof\u00e8n o paracetamol per s\u00edmptomes menors perqu\u00e8 amb una dosi de 400 obtenim l\u2019efecte desitjat, i els efectes secundaris s\u00f3n menors&#8221;.<\/p>\n<figure id=\"attachment_45900\" aria-describedby=\"caption-attachment-45900\" style=\"width: 620px\" class=\"wp-caption aligncenter\"><a href=\"https:\/\/www.ccma.cat\/tv3\/alacarta\/els-matins\/ibuprofen-i-paracetamol-amb-recepta\/video\/5866989\/\"><img fetchpriority=\"high\" decoding=\"async\" class=\"wp-image-45900 size-large\" title=\" Jordi Casas, secretari i responsable de la Comissi\u00f3 de Deontologia del COFB, durant la seva intervenci\u00f3 a Els Matins de TV3 (Imatge: CCMA.cat)\" src=\"https:\/\/blog.cofb.cat\/wp-content\/uploads\/2019\/06\/Jordi-Casas-Els-Matins-4-1024x533.jpg\" alt=\" Jordi Casas, secretari i responsable de la Comissi\u00f3 de Deontologia del COFB, durant la seva intervenci\u00f3 a Els Matins de TV3 (Imatge: CCMA.cat)\" width=\"620\" height=\"323\" \/><\/a><figcaption id=\"caption-attachment-45900\" class=\"wp-caption-text\">Jordi Casas, secretari i responsable de la Comissi\u00f3 de Deontologia del COFB, durant la seva intervenci\u00f3 a Els Matins de TV3 (Imatge: CCMA.cat)<\/figcaption><\/figure>\n<p>\u201cSom un pa\u00eds <strong>acostumat a usar les dosis altes<\/strong> d\u2019aquests medicaments quan, sovint, amb una <strong>dosi m\u00e9s baixa resoldr\u00edem el problema<\/strong>. Ens hem d\u2019acostumar a <strong>prendre les dosis adequades <\/strong>i aix\u00f2 requereix que, <strong>entre tots, fem pedagogia<\/strong>\u201d, va remarcar Casas tamb\u00e9 en la seva intervenci\u00f3 al <a href=\"https:\/\/play.cadenaser.com\/audio\/1559556831_319122\/\" target=\"_blank\" rel=\"noopener\">programa Aqu\u00ed, amb Josep Cun\u00ed de la Cadena SER<\/a>. En declaracions\u00a0al <a href=\"http:\/\/www.radioarenys.cat\/carta\" target=\"_blank\" rel=\"noopener\">programa El Far de R\u00e0dio Arenys (La Xarxa), <\/a>la responsable del Centre d\u2019Informaci\u00f3 del Medicament (CIM) del COFB, Maria Perell\u00f3, va coincidir a remarcar que &#8220;<strong>s&#8217;ha de deixar enrere<\/strong>, de mica en mica, la cultura de la continu\u00eftat i <strong>la in\u00e8rcia en el tractament<\/strong> i que, quan aquest sigui <strong>cr\u00f2nic<\/strong>, vagi <strong>acompanyat sempre d\u2019un control m\u00e8dic<\/strong>\u201d.<\/p>\n<h1><span style=\"color: #008080;\"><strong>Sense canvis en la normativa<\/strong><\/span><\/h1>\n<p>Jordi Casas tamb\u00e9 va voler aclarir els dubtes que han sorgit darrerament sobre la llei de dispensaci\u00f3 de medicaments. &#8220;<strong>La normativa no ha canviat\u00a0<\/strong>i segueix decretant que les\u00a0<strong>presentacions de m\u00e9s de 20 p\u00edndoles d&#8217;ibuprof\u00e8n de 400 mil\u00b7ligrams i les de m\u00e9s de 10 p\u00edndoles de paracetamol d&#8217;un gram exigeixen recepta m\u00e8dica&#8221;<\/strong>, va explicar a Els Matins de TV3. Aquesta mesura reguladora pret\u00e9n, sobretot, fer entendre a la poblaci\u00f3 &#8220;que <strong>el<\/strong>\u00a0<strong>millor tractament \u00e9s el que es fa durant el menor temps possible i prenent la dosi adequada, que no ha de ser sempre la m\u00e9s elevada&#8221;,<\/strong>\u00a0va matisar Casas. Com tamb\u00e9 va comentar a <a href=\"http:\/\/www.rtve.es\/alacarta\/videos\/linformatiu\/ibuprofen-amb-recepta\/5254982\/\">l\u2019Informatiu de TVE Catalunya<\/a>, amb el subministrament de <strong>capses de menys unitats<\/strong>, &#8220;ens <strong>adaptem als dies de tractament<\/strong> i ens assegurem que, un cop acabat,\u00a0<strong>no quedin capses a mig gastar i la gent s&#8217;automediqui&#8221;.\u00a0<\/strong><\/p>\n<figure id=\"attachment_45902\" aria-describedby=\"caption-attachment-45902\" style=\"width: 694px\" class=\"wp-caption aligncenter\"><a href=\"http:\/\/www.rtve.es\/alacarta\/videos\/linformatiu\/ibuprofen-amb-recepta\/5254982\/\"><img decoding=\"async\" class=\"wp-image-45902 size-full\" title=\"Jordi Casas atenent a L'informatiu de TVE Catalunya. (Imatge: RTVE.es)\" src=\"https:\/\/blog.cofb.cat\/wp-content\/uploads\/2019\/06\/Jordi-Casas-Informatiu-TVE-Catalunya.jpg\" alt=\"Jordi Casas atenent a L'informatiu de TVE Catalunya. (Imatge: RTVE.es)\" width=\"694\" height=\"386\" \/><\/a><figcaption id=\"caption-attachment-45902\" class=\"wp-caption-text\">Jordi Casas atenent a L&#8217;Informatiu de TVE Catalunya. (Imatge: RTVE.es)<\/figcaption><\/figure>\n<p>La responsable del CIM, en aquesta mateixa l\u00ednia va remarcar en les seves declaracions a La Xarxa, que &#8220;el que s&#8217;intenta \u00e9s <strong>usar les dosis adequades per a cada simptomatologia,<\/strong> ja que no est\u00e0 provat que per patologies menors, com pot ser un mal de cap, sigui m\u00e9s efectiu prendre un ibuprof\u00e8n de 600 que un de 400<strong>&#8220;.<\/strong>\u00a0Perell\u00f3 tamb\u00e9 va voler recordar que la mesura legal busca \u201capoderar la<strong> poblaci\u00f3<\/strong>, que <strong>sigui m\u00e9s responsable<\/strong> i que actu\u00ef amb <strong>coneixement de causa<\/strong> i <strong>sense banalitzar els f\u00e0rmacs i els seus efectes<\/strong>\u201d.<\/p>\n<div class=\"box info\"><\/p>\n<h1><span style=\"color: #008080;\"><strong>El Col\u00b7legi recorda&#8230;<\/strong><\/span><\/h1>\n<p style=\"font-weight: 400;\">En relaci\u00f3 amb les darreres informacions aparegudes als mitjans de comunicaci\u00f3 sobre la necessitat de presentar la recepta m\u00e8dica en la dispensaci\u00f3 de certs medicaments (paracetamol 1 g, ibuprof\u00e8n 600 mg &#8230;) cal recordar que:<\/p>\n<ul style=\"font-weight: 400;\">\n<li>No s\u2019ha produ\u00eft <strong>cap canvi en la legislaci\u00f3<\/strong> respecte a les condicions i els <strong>medicaments<\/strong> que requereixen<strong> prescripci\u00f3 m\u00e8dica.<\/strong><\/li>\n<li>Es recomana, de forma general, l\u2019\u00fas de la <strong>dosi efica\u00e7 m\u00e9s baixa<\/strong> i durant el <strong>menor temps possible<\/strong> per controlar els s\u00edmptomes <strong>d\u2019acord amb l\u2019objectiu terap\u00e8utic<\/strong>.<\/li>\n<\/ul>\n<p><a href=\"https:\/\/blog.cofb.cat\/wp-content\/uploads\/2019\/06\/Ibuprof\u00e8n.png\"><img decoding=\"async\" class=\"aligncenter size-full wp-image-45918\" src=\"https:\/\/blog.cofb.cat\/wp-content\/uploads\/2019\/06\/Ibuprof\u00e8n.png\" alt=\"\" width=\"1016\" height=\"596\" \/><\/a><\/p>\n<p><\/div>\n","protected":false},"excerpt":{"rendered":"<p>Arran de diferents informacions aparegudes en relaci\u00f3 a la dispensaci\u00f3 amb recepta de paracetamol i ibuprof\u00e8n a les farm\u00e0cies, el Col\u00b7legi Oficial de Farmac\u00e8utics de Barcelona ha at\u00e8s les diferents peticions dels mitjans de comunicaci\u00f3 sobre aquest tema. Pedagogia a la ciutadania des de la farm\u00e0cia El secretari i responsable [&hellip;]<\/p>\n","protected":false},"author":1,"featured_media":45900,"comment_status":"open","ping_status":"open","sticky":false,"template":"","format":"standard","meta":{"_uag_custom_page_level_css":"","site-sidebar-layout":"default","site-content-layout":"","ast-site-content-layout":"default","site-content-style":"default","site-sidebar-style":"default","ast-global-header-display":"","ast-banner-title-visibility":"","ast-main-header-display":"","ast-hfb-above-header-display":"","ast-hfb-below-header-display":"","ast-hfb-mobile-header-display":"","site-post-title":"","ast-breadcrumbs-content":"","ast-featured-img":"disabled","footer-sml-layout":"","theme-transparent-header-meta":"","adv-header-id-meta":"","stick-header-meta":"","header-above-stick-meta":"","header-main-stick-meta":"","header-below-stick-meta":"","astra-migrate-meta-layouts":"default","ast-page-background-enabled":"default","ast-page-background-meta":{"desktop":{"background-color":"var(--ast-global-color-4)","background-image":"","background-repeat":"repeat","background-position":"center center","background-size":"auto","background-attachment":"scroll","background-type":"","background-media":"","overlay-type":"","overlay-color":"","overlay-opacity":"","overlay-gradient":""},"tablet":{"background-color":"","background-image":"","background-repeat":"repeat","background-position":"center center","background-size":"auto","background-attachment":"scroll","background-type":"","background-media":"","overlay-type":"","overlay-color":"","overlay-opacity":"","overlay-gradient":""},"mobile":{"background-color":"","background-image":"","background-repeat":"repeat","background-position":"center center","background-size":"auto","background-attachment":"scroll","background-type":"","background-media":"","overlay-type":"","overlay-color":"","overlay-opacity":"","overlay-gradient":""}},"ast-content-background-meta":{"desktop":{"background-color":"var(--ast-global-color-5)","background-image":"","background-repeat":"repeat","background-position":"center center","background-size":"auto","background-attachment":"scroll","background-type":"","background-media":"","overlay-type":"","overlay-color":"","overlay-opacity":"","overlay-gradient":""},"tablet":{"background-color":"var(--ast-global-color-5)","background-image":"","background-repeat":"repeat","background-position":"center center","background-size":"auto","background-attachment":"scroll","background-type":"","background-media":"","overlay-type":"","overlay-color":"","overlay-opacity":"","overlay-gradient":""},"mobile":{"background-color":"var(--ast-global-color-5)","background-image":"","background-repeat":"repeat","background-position":"center center","background-size":"auto","background-attachment":"scroll","background-type":"","background-media":"","overlay-type":"","overlay-color":"","overlay-opacity":"","overlay-gradient":""}},"footnotes":""},"categories":[23,32],"tags":[3008,2114,198,3531,3379,247,3532,3533,3534,3535,3536,3366,3537,3538],"class_list":["post-45891","post","type-post","status-publish","format-standard","has-post-thumbnail","hentry","category-destacats","category-noticies-farmacia","tag-comissio-de-deontologia","tag-deontologia","tag-dispensacio-oficina-de-farmacia","tag-els-matins","tag-ibuprofen","tag-jordi-casas","tag-linformatiu","tag-la-xarxa","tag-maria-perello","tag-paracetamol","tag-recepta","tag-tv3","tag-tve","tag-tve-catalunya"],"yoast_head":"<!-- This site is optimized with the Yoast SEO plugin v22.4 - https:\/\/yoast.com\/wordpress\/plugins\/seo\/ -->\n<title>El Col\u00b7legi aclareix dubtes sobre la dispensaci\u00f3 d&#039;ibuprof\u00e8n i paracetamol - Col\u00b7legi de Farmac\u00e8utics de Barcelona<\/title>\n<meta name=\"description\" content=\"Arran de diferents informacions aparegudes en relaci\u00f3 a la dispensaci\u00f3 amb recepta de paracetamol i ibuprof\u00e8n a les farm\u00e0cies, el Col\u00b7legi Oficial de Farmac\u00e8utics de Barcelona ha at\u00e8s les diferents peticions dels mitjans de comunicaci\u00f3 sobre aquest tema.\" \/>\n<meta name=\"robots\" content=\"index, follow, max-snippet:-1, max-image-preview:large, max-video-preview:-1\" \/>\n<link rel=\"canonical\" href=\"https:\/\/novaorg.cofb.net\/2019\/06\/06\/collegi-aclareix-dubtes-sobre-dispensacio-dibuprofen-paracetamol\/\" \/>\n<meta property=\"og:locale\" content=\"ca_ES\" \/>\n<meta property=\"og:type\" content=\"article\" \/>\n<meta property=\"og:title\" content=\"El Col\u00b7legi aclareix dubtes sobre la dispensaci\u00f3 d&#039;ibuprof\u00e8n i paracetamol - Col\u00b7legi de Farmac\u00e8utics de Barcelona\" \/>\n<meta property=\"og:description\" content=\"Arran de diferents informacions aparegudes en relaci\u00f3 a la dispensaci\u00f3 amb recepta de paracetamol i ibuprof\u00e8n a les farm\u00e0cies, el Col\u00b7legi Oficial de Farmac\u00e8utics de Barcelona ha at\u00e8s les diferents peticions dels mitjans de comunicaci\u00f3 sobre aquest tema.\" \/>\n<meta property=\"og:url\" content=\"https:\/\/novaorg.cofb.net\/2019\/06\/06\/collegi-aclareix-dubtes-sobre-dispensacio-dibuprofen-paracetamol\/\" \/>\n<meta property=\"og:site_name\" content=\"Col\u00b7legi de Farmac\u00e8utics de Barcelona\" \/>\n<meta property=\"article:publisher\" content=\"https:\/\/www.facebook.com\/farmaceuticsbcn\/\" \/>\n<meta property=\"article:published_time\" content=\"2019-06-06T17:53:00+00:00\" \/>\n<meta name=\"author\" content=\"wpAdminCofbOrg\" \/>\n<meta name=\"twitter:card\" content=\"summary_large_image\" \/>\n<meta name=\"twitter:creator\" content=\"@farmaceuticsbcn\" \/>\n<meta name=\"twitter:site\" content=\"@farmaceuticsbcn\" \/>\n<meta name=\"twitter:label1\" content=\"Escrit per\" \/>\n\t<meta name=\"twitter:data1\" content=\"wpAdminCofbOrg\" \/>\n\t<meta name=\"twitter:label2\" content=\"Temps estimat de lectura\" \/>\n\t<meta name=\"twitter:data2\" content=\"3 minuts\" \/>\n<script type=\"application\/ld+json\" class=\"yoast-schema-graph\">{\"@context\":\"https:\/\/schema.org\",\"@graph\":[{\"@type\":\"Article\",\"@id\":\"https:\/\/novaorg.cofb.net\/2019\/06\/06\/collegi-aclareix-dubtes-sobre-dispensacio-dibuprofen-paracetamol\/#article\",\"isPartOf\":{\"@id\":\"https:\/\/novaorg.cofb.net\/2019\/06\/06\/collegi-aclareix-dubtes-sobre-dispensacio-dibuprofen-paracetamol\/\"},\"author\":{\"name\":\"wpAdminCofbOrg\",\"@id\":\"https:\/\/www.cofb.org\/#\/schema\/person\/22ed7eea88da74b0fa4d3154ad87ffcb\"},\"headline\":\"El Col\u00b7legi aclareix dubtes sobre la dispensaci\u00f3 d&#8217;ibuprof\u00e8n i paracetamol\",\"datePublished\":\"2019-06-06T17:53:00+00:00\",\"dateModified\":\"2019-06-06T17:53:00+00:00\",\"mainEntityOfPage\":{\"@id\":\"https:\/\/novaorg.cofb.net\/2019\/06\/06\/collegi-aclareix-dubtes-sobre-dispensacio-dibuprofen-paracetamol\/\"},\"wordCount\":675,\"commentCount\":0,\"publisher\":{\"@id\":\"https:\/\/www.cofb.org\/#organization\"},\"image\":{\"@id\":\"https:\/\/novaorg.cofb.net\/2019\/06\/06\/collegi-aclareix-dubtes-sobre-dispensacio-dibuprofen-paracetamol\/#primaryimage\"},\"thumbnailUrl\":\"\",\"keywords\":[\"Comissi\u00f3 de Deontologia\",\"Deontologia\",\"dispensaci\u00f3 oficina de farm\u00e0cia\",\"Els Matins\",\"ibuprof\u00e8n\",\"Jordi Casas\",\"L'Informatiu\",\"La Xarxa\",\"Maria Perell\u00f3\",\"Paracetamol\",\"recepta\",\"TV3\",\"TVE\",\"TVE Catalunya\"],\"articleSection\":[\"Destacats\",\"Not\u00edcies farm\u00e0cia\"],\"inLanguage\":\"ca\",\"potentialAction\":[{\"@type\":\"CommentAction\",\"name\":\"Comment\",\"target\":[\"https:\/\/novaorg.cofb.net\/2019\/06\/06\/collegi-aclareix-dubtes-sobre-dispensacio-dibuprofen-paracetamol\/#respond\"]}]},{\"@type\":\"WebPage\",\"@id\":\"https:\/\/novaorg.cofb.net\/2019\/06\/06\/collegi-aclareix-dubtes-sobre-dispensacio-dibuprofen-paracetamol\/\",\"url\":\"https:\/\/novaorg.cofb.net\/2019\/06\/06\/collegi-aclareix-dubtes-sobre-dispensacio-dibuprofen-paracetamol\/\",\"name\":\"El Col\u00b7legi aclareix dubtes sobre la dispensaci\u00f3 d'ibuprof\u00e8n i paracetamol - Col\u00b7legi de Farmac\u00e8utics de Barcelona\",\"isPartOf\":{\"@id\":\"https:\/\/www.cofb.org\/#website\"},\"primaryImageOfPage\":{\"@id\":\"https:\/\/novaorg.cofb.net\/2019\/06\/06\/collegi-aclareix-dubtes-sobre-dispensacio-dibuprofen-paracetamol\/#primaryimage\"},\"image\":{\"@id\":\"https:\/\/novaorg.cofb.net\/2019\/06\/06\/collegi-aclareix-dubtes-sobre-dispensacio-dibuprofen-paracetamol\/#primaryimage\"},\"thumbnailUrl\":\"\",\"datePublished\":\"2019-06-06T17:53:00+00:00\",\"dateModified\":\"2019-06-06T17:53:00+00:00\",\"description\":\"Arran de diferents informacions aparegudes en relaci\u00f3 a la dispensaci\u00f3 amb recepta de paracetamol i ibuprof\u00e8n a les farm\u00e0cies, el Col\u00b7legi Oficial de Farmac\u00e8utics de Barcelona ha at\u00e8s les diferents peticions dels mitjans de comunicaci\u00f3 sobre aquest tema.\",\"breadcrumb\":{\"@id\":\"https:\/\/novaorg.cofb.net\/2019\/06\/06\/collegi-aclareix-dubtes-sobre-dispensacio-dibuprofen-paracetamol\/#breadcrumb\"},\"inLanguage\":\"ca\",\"potentialAction\":[{\"@type\":\"ReadAction\",\"target\":[\"https:\/\/novaorg.cofb.net\/2019\/06\/06\/collegi-aclareix-dubtes-sobre-dispensacio-dibuprofen-paracetamol\/\"]}]},{\"@type\":\"ImageObject\",\"inLanguage\":\"ca\",\"@id\":\"https:\/\/novaorg.cofb.net\/2019\/06\/06\/collegi-aclareix-dubtes-sobre-dispensacio-dibuprofen-paracetamol\/#primaryimage\",\"url\":\"\",\"contentUrl\":\"\"},{\"@type\":\"BreadcrumbList\",\"@id\":\"https:\/\/novaorg.cofb.net\/2019\/06\/06\/collegi-aclareix-dubtes-sobre-dispensacio-dibuprofen-paracetamol\/#breadcrumb\",\"itemListElement\":[{\"@type\":\"ListItem\",\"position\":1,\"name\":\"Inici\",\"item\":\"https:\/\/novaorg.cofb.net\/\"},{\"@type\":\"ListItem\",\"position\":2,\"name\":\"El Col\u00b7legi aclareix dubtes sobre la dispensaci\u00f3 d&#8217;ibuprof\u00e8n i paracetamol\"}]},{\"@type\":\"WebSite\",\"@id\":\"https:\/\/www.cofb.org\/#website\",\"url\":\"https:\/\/www.cofb.org\/\",\"name\":\"Col\u00b7legi de Farmac\u00e8utics de Barcelona\",\"description\":\"\",\"publisher\":{\"@id\":\"https:\/\/www.cofb.org\/#organization\"},\"potentialAction\":[{\"@type\":\"SearchAction\",\"target\":{\"@type\":\"EntryPoint\",\"urlTemplate\":\"https:\/\/www.cofb.org\/?s={search_term_string}\"},\"query-input\":\"required name=search_term_string\"}],\"inLanguage\":\"ca\"},{\"@type\":\"Organization\",\"@id\":\"https:\/\/www.cofb.org\/#organization\",\"name\":\"Col\u00b7legi de Farmac\u00e8utics de Barcelona\",\"url\":\"https:\/\/www.cofb.org\/\",\"logo\":{\"@type\":\"ImageObject\",\"inLanguage\":\"ca\",\"@id\":\"https:\/\/www.cofb.org\/#\/schema\/logo\/image\/\",\"url\":\"https:\/\/www.cofb.org\/wp-content\/uploads\/2023\/11\/cropped-Logotip-COFB.png\",\"contentUrl\":\"https:\/\/www.cofb.org\/wp-content\/uploads\/2023\/11\/cropped-Logotip-COFB.png\",\"width\":500,\"height\":105,\"caption\":\"Col\u00b7legi de Farmac\u00e8utics de Barcelona\"},\"image\":{\"@id\":\"https:\/\/www.cofb.org\/#\/schema\/logo\/image\/\"},\"sameAs\":[\"https:\/\/www.facebook.com\/farmaceuticsbcn\/\",\"https:\/\/twitter.com\/farmaceuticsbcn\",\"https:\/\/www.instagram.com\/farmaceuticsbcn\/\",\"https:\/\/www.linkedin.com\/company\/farmaceuticsbcn\/\"]},{\"@type\":\"Person\",\"@id\":\"https:\/\/www.cofb.org\/#\/schema\/person\/22ed7eea88da74b0fa4d3154ad87ffcb\",\"name\":\"wpAdminCofbOrg\",\"image\":{\"@type\":\"ImageObject\",\"inLanguage\":\"ca\",\"@id\":\"https:\/\/www.cofb.org\/#\/schema\/person\/image\/\",\"url\":\"https:\/\/secure.gravatar.com\/avatar\/1721b20b3b8ca882c3b56ec6c978c594fff670e40c0718e9190eaeeb76aae7d8?s=96&d=mm&r=g\",\"contentUrl\":\"https:\/\/secure.gravatar.com\/avatar\/1721b20b3b8ca882c3b56ec6c978c594fff670e40c0718e9190eaeeb76aae7d8?s=96&d=mm&r=g\",\"caption\":\"wpAdminCofbOrg\"},\"sameAs\":[\"http:\/\/192.168.64.122\/wordpress\"],\"url\":\"https:\/\/www.cofb.org\/ca\/author\/wpadmincofborg\/\"}]}<\/script>\n<!-- \/ Yoast SEO plugin. -->","yoast_head_json":{"title":"El Col\u00b7legi aclareix dubtes sobre la dispensaci\u00f3 d'ibuprof\u00e8n i paracetamol - Col\u00b7legi de Farmac\u00e8utics de Barcelona","description":"Arran de diferents informacions aparegudes en relaci\u00f3 a la dispensaci\u00f3 amb recepta de paracetamol i ibuprof\u00e8n a les farm\u00e0cies, el Col\u00b7legi Oficial de Farmac\u00e8utics de Barcelona ha at\u00e8s les diferents peticions dels mitjans de comunicaci\u00f3 sobre aquest tema.","robots":{"index":"index","follow":"follow","max-snippet":"max-snippet:-1","max-image-preview":"max-image-preview:large","max-video-preview":"max-video-preview:-1"},"canonical":"https:\/\/novaorg.cofb.net\/2019\/06\/06\/collegi-aclareix-dubtes-sobre-dispensacio-dibuprofen-paracetamol\/","og_locale":"ca_ES","og_type":"article","og_title":"El Col\u00b7legi aclareix dubtes sobre la dispensaci\u00f3 d'ibuprof\u00e8n i paracetamol - Col\u00b7legi de Farmac\u00e8utics de Barcelona","og_description":"Arran de diferents informacions aparegudes en relaci\u00f3 a la dispensaci\u00f3 amb recepta de paracetamol i ibuprof\u00e8n a les farm\u00e0cies, el Col\u00b7legi Oficial de Farmac\u00e8utics de Barcelona ha at\u00e8s les diferents peticions dels mitjans de comunicaci\u00f3 sobre aquest tema.","og_url":"https:\/\/novaorg.cofb.net\/2019\/06\/06\/collegi-aclareix-dubtes-sobre-dispensacio-dibuprofen-paracetamol\/","og_site_name":"Col\u00b7legi de Farmac\u00e8utics de Barcelona","article_publisher":"https:\/\/www.facebook.com\/farmaceuticsbcn\/","article_published_time":"2019-06-06T17:53:00+00:00","author":"wpAdminCofbOrg","twitter_card":"summary_large_image","twitter_creator":"@farmaceuticsbcn","twitter_site":"@farmaceuticsbcn","twitter_misc":{"Escrit per":"wpAdminCofbOrg","Temps estimat de lectura":"3 minuts"},"schema":{"@context":"https:\/\/schema.org","@graph":[{"@type":"Article","@id":"https:\/\/novaorg.cofb.net\/2019\/06\/06\/collegi-aclareix-dubtes-sobre-dispensacio-dibuprofen-paracetamol\/#article","isPartOf":{"@id":"https:\/\/novaorg.cofb.net\/2019\/06\/06\/collegi-aclareix-dubtes-sobre-dispensacio-dibuprofen-paracetamol\/"},"author":{"name":"wpAdminCofbOrg","@id":"https:\/\/www.cofb.org\/#\/schema\/person\/22ed7eea88da74b0fa4d3154ad87ffcb"},"headline":"El Col\u00b7legi aclareix dubtes sobre la dispensaci\u00f3 d&#8217;ibuprof\u00e8n i paracetamol","datePublished":"2019-06-06T17:53:00+00:00","dateModified":"2019-06-06T17:53:00+00:00","mainEntityOfPage":{"@id":"https:\/\/novaorg.cofb.net\/2019\/06\/06\/collegi-aclareix-dubtes-sobre-dispensacio-dibuprofen-paracetamol\/"},"wordCount":675,"commentCount":0,"publisher":{"@id":"https:\/\/www.cofb.org\/#organization"},"image":{"@id":"https:\/\/novaorg.cofb.net\/2019\/06\/06\/collegi-aclareix-dubtes-sobre-dispensacio-dibuprofen-paracetamol\/#primaryimage"},"thumbnailUrl":"","keywords":["Comissi\u00f3 de Deontologia","Deontologia","dispensaci\u00f3 oficina de farm\u00e0cia","Els Matins","ibuprof\u00e8n","Jordi Casas","L'Informatiu","La Xarxa","Maria Perell\u00f3","Paracetamol","recepta","TV3","TVE","TVE Catalunya"],"articleSection":["Destacats","Not\u00edcies farm\u00e0cia"],"inLanguage":"ca","potentialAction":[{"@type":"CommentAction","name":"Comment","target":["https:\/\/novaorg.cofb.net\/2019\/06\/06\/collegi-aclareix-dubtes-sobre-dispensacio-dibuprofen-paracetamol\/#respond"]}]},{"@type":"WebPage","@id":"https:\/\/novaorg.cofb.net\/2019\/06\/06\/collegi-aclareix-dubtes-sobre-dispensacio-dibuprofen-paracetamol\/","url":"https:\/\/novaorg.cofb.net\/2019\/06\/06\/collegi-aclareix-dubtes-sobre-dispensacio-dibuprofen-paracetamol\/","name":"El Col\u00b7legi aclareix dubtes sobre la dispensaci\u00f3 d'ibuprof\u00e8n i paracetamol - Col\u00b7legi de Farmac\u00e8utics de Barcelona","isPartOf":{"@id":"https:\/\/www.cofb.org\/#website"},"primaryImageOfPage":{"@id":"https:\/\/novaorg.cofb.net\/2019\/06\/06\/collegi-aclareix-dubtes-sobre-dispensacio-dibuprofen-paracetamol\/#primaryimage"},"image":{"@id":"https:\/\/novaorg.cofb.net\/2019\/06\/06\/collegi-aclareix-dubtes-sobre-dispensacio-dibuprofen-paracetamol\/#primaryimage"},"thumbnailUrl":"","datePublished":"2019-06-06T17:53:00+00:00","dateModified":"2019-06-06T17:53:00+00:00","description":"Arran de diferents informacions aparegudes en relaci\u00f3 a la dispensaci\u00f3 amb recepta de paracetamol i ibuprof\u00e8n a les farm\u00e0cies, el Col\u00b7legi Oficial de Farmac\u00e8utics de Barcelona ha at\u00e8s les diferents peticions dels mitjans de comunicaci\u00f3 sobre aquest tema.","breadcrumb":{"@id":"https:\/\/novaorg.cofb.net\/2019\/06\/06\/collegi-aclareix-dubtes-sobre-dispensacio-dibuprofen-paracetamol\/#breadcrumb"},"inLanguage":"ca","potentialAction":[{"@type":"ReadAction","target":["https:\/\/novaorg.cofb.net\/2019\/06\/06\/collegi-aclareix-dubtes-sobre-dispensacio-dibuprofen-paracetamol\/"]}]},{"@type":"ImageObject","inLanguage":"ca","@id":"https:\/\/novaorg.cofb.net\/2019\/06\/06\/collegi-aclareix-dubtes-sobre-dispensacio-dibuprofen-paracetamol\/#primaryimage","url":"","contentUrl":""},{"@type":"BreadcrumbList","@id":"https:\/\/novaorg.cofb.net\/2019\/06\/06\/collegi-aclareix-dubtes-sobre-dispensacio-dibuprofen-paracetamol\/#breadcrumb","itemListElement":[{"@type":"ListItem","position":1,"name":"Inici","item":"https:\/\/novaorg.cofb.net\/"},{"@type":"ListItem","position":2,"name":"El Col\u00b7legi aclareix dubtes sobre la dispensaci\u00f3 d&#8217;ibuprof\u00e8n i paracetamol"}]},{"@type":"WebSite","@id":"https:\/\/www.cofb.org\/#website","url":"https:\/\/www.cofb.org\/","name":"Col\u00b7legi de Farmac\u00e8utics de Barcelona","description":"","publisher":{"@id":"https:\/\/www.cofb.org\/#organization"},"potentialAction":[{"@type":"SearchAction","target":{"@type":"EntryPoint","urlTemplate":"https:\/\/www.cofb.org\/?s={search_term_string}"},"query-input":"required name=search_term_string"}],"inLanguage":"ca"},{"@type":"Organization","@id":"https:\/\/www.cofb.org\/#organization","name":"Col\u00b7legi de Farmac\u00e8utics de Barcelona","url":"https:\/\/www.cofb.org\/","logo":{"@type":"ImageObject","inLanguage":"ca","@id":"https:\/\/www.cofb.org\/#\/schema\/logo\/image\/","url":"https:\/\/www.cofb.org\/wp-content\/uploads\/2023\/11\/cropped-Logotip-COFB.png","contentUrl":"https:\/\/www.cofb.org\/wp-content\/uploads\/2023\/11\/cropped-Logotip-COFB.png","width":500,"height":105,"caption":"Col\u00b7legi de Farmac\u00e8utics de Barcelona"},"image":{"@id":"https:\/\/www.cofb.org\/#\/schema\/logo\/image\/"},"sameAs":["https:\/\/www.facebook.com\/farmaceuticsbcn\/","https:\/\/twitter.com\/farmaceuticsbcn","https:\/\/www.instagram.com\/farmaceuticsbcn\/","https:\/\/www.linkedin.com\/company\/farmaceuticsbcn\/"]},{"@type":"Person","@id":"https:\/\/www.cofb.org\/#\/schema\/person\/22ed7eea88da74b0fa4d3154ad87ffcb","name":"wpAdminCofbOrg","image":{"@type":"ImageObject","inLanguage":"ca","@id":"https:\/\/www.cofb.org\/#\/schema\/person\/image\/","url":"https:\/\/secure.gravatar.com\/avatar\/1721b20b3b8ca882c3b56ec6c978c594fff670e40c0718e9190eaeeb76aae7d8?s=96&d=mm&r=g","contentUrl":"https:\/\/secure.gravatar.com\/avatar\/1721b20b3b8ca882c3b56ec6c978c594fff670e40c0718e9190eaeeb76aae7d8?s=96&d=mm&r=g","caption":"wpAdminCofbOrg"},"sameAs":["http:\/\/192.168.64.122\/wordpress"],"url":"https:\/\/www.cofb.org\/ca\/author\/wpadmincofborg\/"}]}},"uagb_featured_image_src":{"full":false,"thumbnail":false,"medium":false,"medium_large":false,"large":false,"1536x1536":false,"2048x2048":false,"trp-custom-language-flag":false},"uagb_author_info":{"display_name":"wpAdminCofbOrg","author_link":"https:\/\/www.cofb.org\/ca\/author\/wpadmincofborg\/"},"uagb_comment_info":0,"uagb_excerpt":"Arran de diferents informacions aparegudes en relaci\u00f3 a la dispensaci\u00f3 amb recepta de paracetamol i ibuprof\u00e8n a les farm\u00e0cies, el Col\u00b7legi Oficial de Farmac\u00e8utics de Barcelona ha at\u00e8s les diferents peticions dels mitjans de comunicaci\u00f3 sobre aquest tema. Pedagogia a la ciutadania des de la farm\u00e0cia El secretari i responsable [&hellip;]","_links":{"self":[{"href":"https:\/\/www.cofb.org\/ca\/wp-json\/wp\/v2\/posts\/45891","targetHints":{"allow":["GET"]}}],"collection":[{"href":"https:\/\/www.cofb.org\/ca\/wp-json\/wp\/v2\/posts"}],"about":[{"href":"https:\/\/www.cofb.org\/ca\/wp-json\/wp\/v2\/types\/post"}],"author":[{"embeddable":true,"href":"https:\/\/www.cofb.org\/ca\/wp-json\/wp\/v2\/users\/1"}],"replies":[{"embeddable":true,"href":"https:\/\/www.cofb.org\/ca\/wp-json\/wp\/v2\/comments?post=45891"}],"version-history":[{"count":0,"href":"https:\/\/www.cofb.org\/ca\/wp-json\/wp\/v2\/posts\/45891\/revisions"}],"wp:featuredmedia":[{"embeddable":true,"href":"https:\/\/www.cofb.org\/ca\/wp-json\/"}],"wp:attachment":[{"href":"https:\/\/www.cofb.org\/ca\/wp-json\/wp\/v2\/media?parent=45891"}],"wp:term":[{"taxonomy":"category","embeddable":true,"href":"https:\/\/www.cofb.org\/ca\/wp-json\/wp\/v2\/categories?post=45891"},{"taxonomy":"post_tag","embeddable":true,"href":"https:\/\/www.cofb.org\/ca\/wp-json\/wp\/v2\/tags?post=45891"}],"curies":[{"name":"wp","href":"https:\/\/api.w.org\/{rel}","templated":true}]}}