{"id":4575,"date":"2013-12-18T16:28:12","date_gmt":"2013-12-18T15:28:12","guid":{"rendered":"http:\/\/blog.cofb.cat\/?p=4575"},"modified":"2013-12-18T16:28:12","modified_gmt":"2013-12-18T15:28:12","slug":"nous-farmaceutics-es-formen-al-master-dortopedia","status":"publish","type":"post","link":"https:\/\/www.cofb.org\/ca\/2013\/12\/18\/nous-farmaceutics-es-formen-al-master-dortopedia\/","title":{"rendered":"Nous farmac\u00e8utics es formen al M\u00e0ster d\u2019Ortop\u00e8dia"},"content":{"rendered":"<p>Ja est\u00e0 en marxa al Col\u00b7legi la tercera edici\u00f3 del M\u00e0ster d\u2019Ortop\u00e8dia. \u201c\u00c9s l\u2019\u00fanic <a href=\"http:\/\/blog.cofb.cat\/wp-content\/uploads\/2013\/12\/cofb.131118-13.jpg\"><img decoding=\"async\" class=\"alignright  wp-image-4596\" alt=\"cofb.131118-13\" src=\"http:\/\/blog.cofb.cat\/wp-content\/uploads\/2013\/12\/cofb.131118-13.jpg\" width=\"265\" height=\"177\" \/><\/a>M\u00e0ster que es fa a Espanya amb cr\u00e8dits europeus (ECTS) i \u00e9s el que compta amb m\u00e9s hores presencials de formaci\u00f3\u201d, destaca Montserrat Giron\u00e8s, vocal d\u2019Ortop\u00e8dia del COFB. Tamb\u00e9 comenta que \u201ccombina coneixements te\u00f2rics d\u2019anatomia, fisiologia, etc. relacionats amb l\u2019ortop\u00e8dia amb tamb\u00e9 tota una part pr\u00e0ctica en qu\u00e8 els alumnes treballen amb materials ortop\u00e8dics\u201d. Dins de les pr\u00e0ctiques s\u2019inclouen com a valor diferencial tallers per a la presa de mides, l\u2019elaboraci\u00f3 de plantilles, motlles d\u2019escaiola&#8230; I hi ha sessions monogr\u00e0fiques dedicades a col\u00b7lectius espec\u00edfics com gent gran o esportistes.<\/p>\n<p><span style=\"color: #888888;\">El M\u00e0ster capacita el farmac\u00e8utic per elaborar, adaptar i dispensar correctament articles ortop\u00e8dics i per assessorar a l\u2019usuari. Un 75% dels farmac\u00e8utics que l\u2019han cursat estan exercint com a ortopedes.<\/span><\/p>\n<p>El M\u00e0ster d\u2019Ortop\u00e8dia l\u2019organitzen conjuntament el Col\u00b7legi i la Universitat de Barcelona i el dirigeix Concepci\u00f3 Amat, professora titular del Departament de Fisiologia de la Facultat de Farm\u00e0cia de la UB. Hem parlat amb alguns alumnes que estan cursant el M\u00e0ster, que consta de 350 hores de classe, i aix\u00f2 \u00e9s el que ens han explicat.<\/p>\n<p><b><a href=\"http:\/\/blog.cofb.cat\/wp-content\/uploads\/2013\/12\/Alexandre-Nebot.jpg\"><img decoding=\"async\" class=\"alignleft  wp-image-4578\" alt=\"Alexandre Nebot\" src=\"http:\/\/blog.cofb.cat\/wp-content\/uploads\/2013\/12\/Alexandre-Nebot.jpg\" width=\"101\" height=\"134\" \/><\/a><\/b><\/p>\n<p><b><br \/>\nAlexandre Nebot:<\/b> \u201cSempre hem mirat de cobrir totes les \u00e0rees de servei possibles a la farm\u00e0cia i tamb\u00e9 ho volem fer en el cas de l\u2019ortop\u00e8dia, per aix\u00f2 faig aquest M\u00e0ster. La formaci\u00f3 t\u00e9 una part pr\u00e0ctica important i tamb\u00e9 una part te\u00f2rica que crec que \u00e9s necess\u00e0ria per entendre la complexitat del tema\u201d.<\/p>\n<p>&nbsp;<\/p>\n<p><b><a href=\"http:\/\/blog.cofb.cat\/wp-content\/uploads\/2013\/12\/Carmen-Souto.jpg\"><img decoding=\"async\" class=\"alignleft  wp-image-4582\" alt=\"Carmen Souto\" src=\"http:\/\/blog.cofb.cat\/wp-content\/uploads\/2013\/12\/Carmen-Souto.jpg\" width=\"101\" height=\"134\" \/><\/a><\/b><\/p>\n<p><b><\/p>\n<p>Carmen Souto:<\/b> \u201cVaig estar treballant a una farm\u00e0cia a La Coru\u00f1a que oferia ortop\u00e8dia i \u00e9s un camp que em va interessar molt. Per aix\u00f2 i perqu\u00e8 crec que \u00e9s una branca clara de futur per a la farm\u00e0cia he decidir cursar el M\u00e0ster\u201d.<\/p>\n<p>&nbsp;<\/p>\n<p><b><a href=\"http:\/\/blog.cofb.cat\/wp-content\/uploads\/2013\/12\/Montse-Serd\u00e0.jpg\"><img loading=\"lazy\" decoding=\"async\" class=\"alignleft  wp-image-4583\" alt=\"Montse Serd\u00e0\" src=\"http:\/\/blog.cofb.cat\/wp-content\/uploads\/2013\/12\/Montse-Serd\u00e0.jpg\" width=\"103\" height=\"136\" \/><\/a><\/b><\/p>\n<p><b><br \/>\nMontse Serd\u00e0:<\/b> \u201cVolia aprofundir en els coneixements d\u2019ortop\u00e8dia per poder aplicar-ho a la meva farm\u00e0cia. Est\u00e0 augmentant molt la demanda tant d\u2019ajudes com d\u2019ortesis\u201d.<\/p>\n<p>&nbsp;<\/p>\n<p><b><a href=\"http:\/\/blog.cofb.cat\/wp-content\/uploads\/2013\/12\/Albert-Rovira.jpg\"><img loading=\"lazy\" decoding=\"async\" class=\"alignleft  wp-image-4577\" alt=\"Albert Rovira\" src=\"http:\/\/blog.cofb.cat\/wp-content\/uploads\/2013\/12\/Albert-Rovira.jpg\" width=\"101\" height=\"134\" \/><\/a><\/b><\/p>\n<p><b><br \/>\nAlbert Rovira:<\/b> \u201cEm sembla molt interessant que dins del professorat hi hagi diferents professionals depenent de l\u2019\u00e0rea tractada. L\u2019horari \u00e9s molt intens per\u00f2 prefereixo les formacions concentrades perqu\u00e8 em puc organitzar millor\u201d.<\/p>\n","protected":false},"excerpt":{"rendered":"<p>Ja est\u00e0 en marxa al Col\u00b7legi la tercera edici\u00f3 del M\u00e0ster d\u2019Ortop\u00e8dia. \u201c\u00c9s l\u2019\u00fanic M\u00e0ster que es fa a Espanya amb cr\u00e8dits europeus (ECTS) i \u00e9s el que compta amb m\u00e9s hores presencials de formaci\u00f3\u201d, destaca Montserrat Giron\u00e8s, vocal d\u2019Ortop\u00e8dia del COFB. Tamb\u00e9 comenta que \u201ccombina coneixements te\u00f2rics d\u2019anatomia, fisiologia, [&hellip;]<\/p>\n","protected":false},"author":1,"featured_media":4596,"comment_status":"open","ping_status":"open","sticky":false,"template":"","format":"standard","meta":{"_uag_custom_page_level_css":"","site-sidebar-layout":"default","site-content-layout":"","ast-site-content-layout":"default","site-content-style":"default","site-sidebar-style":"default","ast-global-header-display":"","ast-banner-title-visibility":"","ast-main-header-display":"","ast-hfb-above-header-display":"","ast-hfb-below-header-display":"","ast-hfb-mobile-header-display":"","site-post-title":"","ast-breadcrumbs-content":"","ast-featured-img":"disabled","footer-sml-layout":"","theme-transparent-header-meta":"","adv-header-id-meta":"","stick-header-meta":"","header-above-stick-meta":"","header-main-stick-meta":"","header-below-stick-meta":"","astra-migrate-meta-layouts":"default","ast-page-background-enabled":"default","ast-page-background-meta":{"desktop":{"background-color":"var(--ast-global-color-4)","background-image":"","background-repeat":"repeat","background-position":"center center","background-size":"auto","background-attachment":"scroll","background-type":"","background-media":"","overlay-type":"","overlay-color":"","overlay-opacity":"","overlay-gradient":""},"tablet":{"background-color":"","background-image":"","background-repeat":"repeat","background-position":"center center","background-size":"auto","background-attachment":"scroll","background-type":"","background-media":"","overlay-type":"","overlay-color":"","overlay-opacity":"","overlay-gradient":""},"mobile":{"background-color":"","background-image":"","background-repeat":"repeat","background-position":"center center","background-size":"auto","background-attachment":"scroll","background-type":"","background-media":"","overlay-type":"","overlay-color":"","overlay-opacity":"","overlay-gradient":""}},"ast-content-background-meta":{"desktop":{"background-color":"var(--ast-global-color-5)","background-image":"","background-repeat":"repeat","background-position":"center center","background-size":"auto","background-attachment":"scroll","background-type":"","background-media":"","overlay-type":"","overlay-color":"","overlay-opacity":"","overlay-gradient":""},"tablet":{"background-color":"var(--ast-global-color-5)","background-image":"","background-repeat":"repeat","background-position":"center center","background-size":"auto","background-attachment":"scroll","background-type":"","background-media":"","overlay-type":"","overlay-color":"","overlay-opacity":"","overlay-gradient":""},"mobile":{"background-color":"var(--ast-global-color-5)","background-image":"","background-repeat":"repeat","background-position":"center center","background-size":"auto","background-attachment":"scroll","background-type":"","background-media":"","overlay-type":"","overlay-color":"","overlay-opacity":"","overlay-gradient":""}},"footnotes":""},"categories":[23,57],"tags":[70],"class_list":["post-4575","post","type-post","status-publish","format-standard","has-post-thumbnail","hentry","category-destacats","category-mon-collegial","tag-formacio"],"yoast_head":"<!-- This site is optimized with the Yoast SEO plugin v22.4 - https:\/\/yoast.com\/wordpress\/plugins\/seo\/ -->\n<title>Nous farmac\u00e8utics es formen al M\u00e0ster d\u2019Ortop\u00e8dia - Col\u00b7legi de Farmac\u00e8utics de Barcelona<\/title>\n<meta name=\"robots\" content=\"index, follow, max-snippet:-1, max-image-preview:large, max-video-preview:-1\" \/>\n<link rel=\"canonical\" href=\"https:\/\/novaorg.cofb.net\/2013\/12\/18\/nous-farmaceutics-es-formen-al-master-dortopedia\/\" \/>\n<meta property=\"og:locale\" content=\"ca_ES\" \/>\n<meta property=\"og:type\" content=\"article\" \/>\n<meta property=\"og:title\" content=\"Nous farmac\u00e8utics es formen al M\u00e0ster d\u2019Ortop\u00e8dia - Col\u00b7legi de Farmac\u00e8utics de Barcelona\" \/>\n<meta property=\"og:description\" content=\"Ja est\u00e0 en marxa al Col\u00b7legi la tercera edici\u00f3 del M\u00e0ster d\u2019Ortop\u00e8dia. \u201c\u00c9s l\u2019\u00fanic M\u00e0ster que es fa a Espanya amb cr\u00e8dits europeus (ECTS) i \u00e9s el que compta amb m\u00e9s hores presencials de formaci\u00f3\u201d, destaca Montserrat Giron\u00e8s, vocal d\u2019Ortop\u00e8dia del COFB. Tamb\u00e9 comenta que \u201ccombina coneixements te\u00f2rics d\u2019anatomia, fisiologia, [&hellip;]\" \/>\n<meta property=\"og:url\" content=\"https:\/\/novaorg.cofb.net\/2013\/12\/18\/nous-farmaceutics-es-formen-al-master-dortopedia\/\" \/>\n<meta property=\"og:site_name\" content=\"Col\u00b7legi de Farmac\u00e8utics de Barcelona\" \/>\n<meta property=\"article:publisher\" content=\"https:\/\/www.facebook.com\/farmaceuticsbcn\/\" \/>\n<meta property=\"article:published_time\" content=\"2013-12-18T15:28:12+00:00\" \/>\n<meta name=\"author\" content=\"wpAdminCofbOrg\" \/>\n<meta name=\"twitter:card\" content=\"summary_large_image\" \/>\n<meta name=\"twitter:creator\" content=\"@farmaceuticsbcn\" \/>\n<meta name=\"twitter:site\" content=\"@farmaceuticsbcn\" \/>\n<meta name=\"twitter:label1\" content=\"Escrit per\" \/>\n\t<meta name=\"twitter:data1\" content=\"wpAdminCofbOrg\" \/>\n\t<meta name=\"twitter:label2\" content=\"Temps estimat de lectura\" \/>\n\t<meta name=\"twitter:data2\" content=\"2 minuts\" \/>\n<script type=\"application\/ld+json\" class=\"yoast-schema-graph\">{\"@context\":\"https:\/\/schema.org\",\"@graph\":[{\"@type\":\"Article\",\"@id\":\"https:\/\/novaorg.cofb.net\/2013\/12\/18\/nous-farmaceutics-es-formen-al-master-dortopedia\/#article\",\"isPartOf\":{\"@id\":\"https:\/\/novaorg.cofb.net\/2013\/12\/18\/nous-farmaceutics-es-formen-al-master-dortopedia\/\"},\"author\":{\"name\":\"wpAdminCofbOrg\",\"@id\":\"https:\/\/www.cofb.org\/#\/schema\/person\/22ed7eea88da74b0fa4d3154ad87ffcb\"},\"headline\":\"Nous farmac\u00e8utics es formen al M\u00e0ster d\u2019Ortop\u00e8dia\",\"datePublished\":\"2013-12-18T15:28:12+00:00\",\"dateModified\":\"2013-12-18T15:28:12+00:00\",\"mainEntityOfPage\":{\"@id\":\"https:\/\/novaorg.cofb.net\/2013\/12\/18\/nous-farmaceutics-es-formen-al-master-dortopedia\/\"},\"wordCount\":411,\"commentCount\":0,\"publisher\":{\"@id\":\"https:\/\/www.cofb.org\/#organization\"},\"image\":{\"@id\":\"https:\/\/novaorg.cofb.net\/2013\/12\/18\/nous-farmaceutics-es-formen-al-master-dortopedia\/#primaryimage\"},\"thumbnailUrl\":\"\",\"keywords\":[\"Formaci\u00f3\"],\"articleSection\":[\"Destacats\",\"M\u00f3n col\u00b7legial\"],\"inLanguage\":\"ca\",\"potentialAction\":[{\"@type\":\"CommentAction\",\"name\":\"Comment\",\"target\":[\"https:\/\/novaorg.cofb.net\/2013\/12\/18\/nous-farmaceutics-es-formen-al-master-dortopedia\/#respond\"]}]},{\"@type\":\"WebPage\",\"@id\":\"https:\/\/novaorg.cofb.net\/2013\/12\/18\/nous-farmaceutics-es-formen-al-master-dortopedia\/\",\"url\":\"https:\/\/novaorg.cofb.net\/2013\/12\/18\/nous-farmaceutics-es-formen-al-master-dortopedia\/\",\"name\":\"Nous farmac\u00e8utics es formen al M\u00e0ster d\u2019Ortop\u00e8dia - Col\u00b7legi de Farmac\u00e8utics de Barcelona\",\"isPartOf\":{\"@id\":\"https:\/\/www.cofb.org\/#website\"},\"primaryImageOfPage\":{\"@id\":\"https:\/\/novaorg.cofb.net\/2013\/12\/18\/nous-farmaceutics-es-formen-al-master-dortopedia\/#primaryimage\"},\"image\":{\"@id\":\"https:\/\/novaorg.cofb.net\/2013\/12\/18\/nous-farmaceutics-es-formen-al-master-dortopedia\/#primaryimage\"},\"thumbnailUrl\":\"\",\"datePublished\":\"2013-12-18T15:28:12+00:00\",\"dateModified\":\"2013-12-18T15:28:12+00:00\",\"breadcrumb\":{\"@id\":\"https:\/\/novaorg.cofb.net\/2013\/12\/18\/nous-farmaceutics-es-formen-al-master-dortopedia\/#breadcrumb\"},\"inLanguage\":\"ca\",\"potentialAction\":[{\"@type\":\"ReadAction\",\"target\":[\"https:\/\/novaorg.cofb.net\/2013\/12\/18\/nous-farmaceutics-es-formen-al-master-dortopedia\/\"]}]},{\"@type\":\"ImageObject\",\"inLanguage\":\"ca\",\"@id\":\"https:\/\/novaorg.cofb.net\/2013\/12\/18\/nous-farmaceutics-es-formen-al-master-dortopedia\/#primaryimage\",\"url\":\"\",\"contentUrl\":\"\"},{\"@type\":\"BreadcrumbList\",\"@id\":\"https:\/\/novaorg.cofb.net\/2013\/12\/18\/nous-farmaceutics-es-formen-al-master-dortopedia\/#breadcrumb\",\"itemListElement\":[{\"@type\":\"ListItem\",\"position\":1,\"name\":\"Inici\",\"item\":\"https:\/\/novaorg.cofb.net\/\"},{\"@type\":\"ListItem\",\"position\":2,\"name\":\"Nous farmac\u00e8utics es formen al M\u00e0ster d\u2019Ortop\u00e8dia\"}]},{\"@type\":\"WebSite\",\"@id\":\"https:\/\/www.cofb.org\/#website\",\"url\":\"https:\/\/www.cofb.org\/\",\"name\":\"Col\u00b7legi de Farmac\u00e8utics de Barcelona\",\"description\":\"\",\"publisher\":{\"@id\":\"https:\/\/www.cofb.org\/#organization\"},\"potentialAction\":[{\"@type\":\"SearchAction\",\"target\":{\"@type\":\"EntryPoint\",\"urlTemplate\":\"https:\/\/www.cofb.org\/?s={search_term_string}\"},\"query-input\":\"required name=search_term_string\"}],\"inLanguage\":\"ca\"},{\"@type\":\"Organization\",\"@id\":\"https:\/\/www.cofb.org\/#organization\",\"name\":\"Col\u00b7legi de Farmac\u00e8utics de Barcelona\",\"url\":\"https:\/\/www.cofb.org\/\",\"logo\":{\"@type\":\"ImageObject\",\"inLanguage\":\"ca\",\"@id\":\"https:\/\/www.cofb.org\/#\/schema\/logo\/image\/\",\"url\":\"https:\/\/www.cofb.org\/wp-content\/uploads\/2023\/11\/cropped-Logotip-COFB.png\",\"contentUrl\":\"https:\/\/www.cofb.org\/wp-content\/uploads\/2023\/11\/cropped-Logotip-COFB.png\",\"width\":500,\"height\":105,\"caption\":\"Col\u00b7legi de Farmac\u00e8utics de Barcelona\"},\"image\":{\"@id\":\"https:\/\/www.cofb.org\/#\/schema\/logo\/image\/\"},\"sameAs\":[\"https:\/\/www.facebook.com\/farmaceuticsbcn\/\",\"https:\/\/twitter.com\/farmaceuticsbcn\",\"https:\/\/www.instagram.com\/farmaceuticsbcn\/\",\"https:\/\/www.linkedin.com\/company\/farmaceuticsbcn\/\"]},{\"@type\":\"Person\",\"@id\":\"https:\/\/www.cofb.org\/#\/schema\/person\/22ed7eea88da74b0fa4d3154ad87ffcb\",\"name\":\"wpAdminCofbOrg\",\"image\":{\"@type\":\"ImageObject\",\"inLanguage\":\"ca\",\"@id\":\"https:\/\/www.cofb.org\/#\/schema\/person\/image\/\",\"url\":\"https:\/\/secure.gravatar.com\/avatar\/1721b20b3b8ca882c3b56ec6c978c594fff670e40c0718e9190eaeeb76aae7d8?s=96&d=mm&r=g\",\"contentUrl\":\"https:\/\/secure.gravatar.com\/avatar\/1721b20b3b8ca882c3b56ec6c978c594fff670e40c0718e9190eaeeb76aae7d8?s=96&d=mm&r=g\",\"caption\":\"wpAdminCofbOrg\"},\"sameAs\":[\"http:\/\/192.168.64.122\/wordpress\"],\"url\":\"https:\/\/www.cofb.org\/ca\/author\/wpadmincofborg\/\"}]}<\/script>\n<!-- \/ Yoast SEO plugin. -->","yoast_head_json":{"title":"Nous farmac\u00e8utics es formen al M\u00e0ster d\u2019Ortop\u00e8dia - Col\u00b7legi de Farmac\u00e8utics de Barcelona","robots":{"index":"index","follow":"follow","max-snippet":"max-snippet:-1","max-image-preview":"max-image-preview:large","max-video-preview":"max-video-preview:-1"},"canonical":"https:\/\/novaorg.cofb.net\/2013\/12\/18\/nous-farmaceutics-es-formen-al-master-dortopedia\/","og_locale":"ca_ES","og_type":"article","og_title":"Nous farmac\u00e8utics es formen al M\u00e0ster d\u2019Ortop\u00e8dia - Col\u00b7legi de Farmac\u00e8utics de Barcelona","og_description":"Ja est\u00e0 en marxa al Col\u00b7legi la tercera edici\u00f3 del M\u00e0ster d\u2019Ortop\u00e8dia. \u201c\u00c9s l\u2019\u00fanic M\u00e0ster que es fa a Espanya amb cr\u00e8dits europeus (ECTS) i \u00e9s el que compta amb m\u00e9s hores presencials de formaci\u00f3\u201d, destaca Montserrat Giron\u00e8s, vocal d\u2019Ortop\u00e8dia del COFB. Tamb\u00e9 comenta que \u201ccombina coneixements te\u00f2rics d\u2019anatomia, fisiologia, [&hellip;]","og_url":"https:\/\/novaorg.cofb.net\/2013\/12\/18\/nous-farmaceutics-es-formen-al-master-dortopedia\/","og_site_name":"Col\u00b7legi de Farmac\u00e8utics de Barcelona","article_publisher":"https:\/\/www.facebook.com\/farmaceuticsbcn\/","article_published_time":"2013-12-18T15:28:12+00:00","author":"wpAdminCofbOrg","twitter_card":"summary_large_image","twitter_creator":"@farmaceuticsbcn","twitter_site":"@farmaceuticsbcn","twitter_misc":{"Escrit per":"wpAdminCofbOrg","Temps estimat de lectura":"2 minuts"},"schema":{"@context":"https:\/\/schema.org","@graph":[{"@type":"Article","@id":"https:\/\/novaorg.cofb.net\/2013\/12\/18\/nous-farmaceutics-es-formen-al-master-dortopedia\/#article","isPartOf":{"@id":"https:\/\/novaorg.cofb.net\/2013\/12\/18\/nous-farmaceutics-es-formen-al-master-dortopedia\/"},"author":{"name":"wpAdminCofbOrg","@id":"https:\/\/www.cofb.org\/#\/schema\/person\/22ed7eea88da74b0fa4d3154ad87ffcb"},"headline":"Nous farmac\u00e8utics es formen al M\u00e0ster d\u2019Ortop\u00e8dia","datePublished":"2013-12-18T15:28:12+00:00","dateModified":"2013-12-18T15:28:12+00:00","mainEntityOfPage":{"@id":"https:\/\/novaorg.cofb.net\/2013\/12\/18\/nous-farmaceutics-es-formen-al-master-dortopedia\/"},"wordCount":411,"commentCount":0,"publisher":{"@id":"https:\/\/www.cofb.org\/#organization"},"image":{"@id":"https:\/\/novaorg.cofb.net\/2013\/12\/18\/nous-farmaceutics-es-formen-al-master-dortopedia\/#primaryimage"},"thumbnailUrl":"","keywords":["Formaci\u00f3"],"articleSection":["Destacats","M\u00f3n col\u00b7legial"],"inLanguage":"ca","potentialAction":[{"@type":"CommentAction","name":"Comment","target":["https:\/\/novaorg.cofb.net\/2013\/12\/18\/nous-farmaceutics-es-formen-al-master-dortopedia\/#respond"]}]},{"@type":"WebPage","@id":"https:\/\/novaorg.cofb.net\/2013\/12\/18\/nous-farmaceutics-es-formen-al-master-dortopedia\/","url":"https:\/\/novaorg.cofb.net\/2013\/12\/18\/nous-farmaceutics-es-formen-al-master-dortopedia\/","name":"Nous farmac\u00e8utics es formen al M\u00e0ster d\u2019Ortop\u00e8dia - Col\u00b7legi de Farmac\u00e8utics de Barcelona","isPartOf":{"@id":"https:\/\/www.cofb.org\/#website"},"primaryImageOfPage":{"@id":"https:\/\/novaorg.cofb.net\/2013\/12\/18\/nous-farmaceutics-es-formen-al-master-dortopedia\/#primaryimage"},"image":{"@id":"https:\/\/novaorg.cofb.net\/2013\/12\/18\/nous-farmaceutics-es-formen-al-master-dortopedia\/#primaryimage"},"thumbnailUrl":"","datePublished":"2013-12-18T15:28:12+00:00","dateModified":"2013-12-18T15:28:12+00:00","breadcrumb":{"@id":"https:\/\/novaorg.cofb.net\/2013\/12\/18\/nous-farmaceutics-es-formen-al-master-dortopedia\/#breadcrumb"},"inLanguage":"ca","potentialAction":[{"@type":"ReadAction","target":["https:\/\/novaorg.cofb.net\/2013\/12\/18\/nous-farmaceutics-es-formen-al-master-dortopedia\/"]}]},{"@type":"ImageObject","inLanguage":"ca","@id":"https:\/\/novaorg.cofb.net\/2013\/12\/18\/nous-farmaceutics-es-formen-al-master-dortopedia\/#primaryimage","url":"","contentUrl":""},{"@type":"BreadcrumbList","@id":"https:\/\/novaorg.cofb.net\/2013\/12\/18\/nous-farmaceutics-es-formen-al-master-dortopedia\/#breadcrumb","itemListElement":[{"@type":"ListItem","position":1,"name":"Inici","item":"https:\/\/novaorg.cofb.net\/"},{"@type":"ListItem","position":2,"name":"Nous farmac\u00e8utics es formen al M\u00e0ster d\u2019Ortop\u00e8dia"}]},{"@type":"WebSite","@id":"https:\/\/www.cofb.org\/#website","url":"https:\/\/www.cofb.org\/","name":"Col\u00b7legi de Farmac\u00e8utics de Barcelona","description":"","publisher":{"@id":"https:\/\/www.cofb.org\/#organization"},"potentialAction":[{"@type":"SearchAction","target":{"@type":"EntryPoint","urlTemplate":"https:\/\/www.cofb.org\/?s={search_term_string}"},"query-input":"required name=search_term_string"}],"inLanguage":"ca"},{"@type":"Organization","@id":"https:\/\/www.cofb.org\/#organization","name":"Col\u00b7legi de Farmac\u00e8utics de Barcelona","url":"https:\/\/www.cofb.org\/","logo":{"@type":"ImageObject","inLanguage":"ca","@id":"https:\/\/www.cofb.org\/#\/schema\/logo\/image\/","url":"https:\/\/www.cofb.org\/wp-content\/uploads\/2023\/11\/cropped-Logotip-COFB.png","contentUrl":"https:\/\/www.cofb.org\/wp-content\/uploads\/2023\/11\/cropped-Logotip-COFB.png","width":500,"height":105,"caption":"Col\u00b7legi de Farmac\u00e8utics de Barcelona"},"image":{"@id":"https:\/\/www.cofb.org\/#\/schema\/logo\/image\/"},"sameAs":["https:\/\/www.facebook.com\/farmaceuticsbcn\/","https:\/\/twitter.com\/farmaceuticsbcn","https:\/\/www.instagram.com\/farmaceuticsbcn\/","https:\/\/www.linkedin.com\/company\/farmaceuticsbcn\/"]},{"@type":"Person","@id":"https:\/\/www.cofb.org\/#\/schema\/person\/22ed7eea88da74b0fa4d3154ad87ffcb","name":"wpAdminCofbOrg","image":{"@type":"ImageObject","inLanguage":"ca","@id":"https:\/\/www.cofb.org\/#\/schema\/person\/image\/","url":"https:\/\/secure.gravatar.com\/avatar\/1721b20b3b8ca882c3b56ec6c978c594fff670e40c0718e9190eaeeb76aae7d8?s=96&d=mm&r=g","contentUrl":"https:\/\/secure.gravatar.com\/avatar\/1721b20b3b8ca882c3b56ec6c978c594fff670e40c0718e9190eaeeb76aae7d8?s=96&d=mm&r=g","caption":"wpAdminCofbOrg"},"sameAs":["http:\/\/192.168.64.122\/wordpress"],"url":"https:\/\/www.cofb.org\/ca\/author\/wpadmincofborg\/"}]}},"uagb_featured_image_src":{"full":false,"thumbnail":false,"medium":false,"medium_large":false,"large":false,"1536x1536":false,"2048x2048":false,"trp-custom-language-flag":false},"uagb_author_info":{"display_name":"wpAdminCofbOrg","author_link":"https:\/\/www.cofb.org\/ca\/author\/wpadmincofborg\/"},"uagb_comment_info":0,"uagb_excerpt":"Ja est\u00e0 en marxa al Col\u00b7legi la tercera edici\u00f3 del M\u00e0ster d\u2019Ortop\u00e8dia. \u201c\u00c9s l\u2019\u00fanic M\u00e0ster que es fa a Espanya amb cr\u00e8dits europeus (ECTS) i \u00e9s el que compta amb m\u00e9s hores presencials de formaci\u00f3\u201d, destaca Montserrat Giron\u00e8s, vocal d\u2019Ortop\u00e8dia del COFB. Tamb\u00e9 comenta que \u201ccombina coneixements te\u00f2rics d\u2019anatomia, fisiologia, [&hellip;]","_links":{"self":[{"href":"https:\/\/www.cofb.org\/ca\/wp-json\/wp\/v2\/posts\/4575","targetHints":{"allow":["GET"]}}],"collection":[{"href":"https:\/\/www.cofb.org\/ca\/wp-json\/wp\/v2\/posts"}],"about":[{"href":"https:\/\/www.cofb.org\/ca\/wp-json\/wp\/v2\/types\/post"}],"author":[{"embeddable":true,"href":"https:\/\/www.cofb.org\/ca\/wp-json\/wp\/v2\/users\/1"}],"replies":[{"embeddable":true,"href":"https:\/\/www.cofb.org\/ca\/wp-json\/wp\/v2\/comments?post=4575"}],"version-history":[{"count":0,"href":"https:\/\/www.cofb.org\/ca\/wp-json\/wp\/v2\/posts\/4575\/revisions"}],"wp:featuredmedia":[{"embeddable":true,"href":"https:\/\/www.cofb.org\/ca\/wp-json\/"}],"wp:attachment":[{"href":"https:\/\/www.cofb.org\/ca\/wp-json\/wp\/v2\/media?parent=4575"}],"wp:term":[{"taxonomy":"category","embeddable":true,"href":"https:\/\/www.cofb.org\/ca\/wp-json\/wp\/v2\/categories?post=4575"},{"taxonomy":"post_tag","embeddable":true,"href":"https:\/\/www.cofb.org\/ca\/wp-json\/wp\/v2\/tags?post=4575"}],"curies":[{"name":"wp","href":"https:\/\/api.w.org\/{rel}","templated":true}]}}