{"id":45748,"date":"2019-05-30T19:07:02","date_gmt":"2019-05-30T17:07:02","guid":{"rendered":"https:\/\/blog.cofb.cat\/?p=45748"},"modified":"2019-05-30T19:07:02","modified_gmt":"2019-05-30T17:07:02","slug":"coneixent-les-claus-per-fer-un-pressupost-anual-de-despeses-de-la-farmacia-en-funcio-de-la-facturacio-forum-mgof","status":"publish","type":"post","link":"https:\/\/www.cofb.org\/ca\/2019\/05\/30\/coneixent-les-claus-per-fer-un-pressupost-anual-de-despeses-de-la-farmacia-en-funcio-de-la-facturacio-forum-mgof\/","title":{"rendered":"Coneixent les claus per fer un pressupost anual de despeses de la farm\u00e0cia en funci\u00f3 de la facturaci\u00f3 [F\u00f2rum MGOF]"},"content":{"rendered":"<p>El passat 14 de maig, el <strong>Col\u00b7legi de Farmac\u00e8utics de Barcelona <\/strong>va acollir la confer\u00e8ncia <strong>&#8220;Com hem de fer un pressupost anual de despeses de la farm\u00e0cia en funci\u00f3 de la facturaci\u00f3&#8221;<\/strong> en una nova edici\u00f3 del <strong>F\u00f2rum MGOF. <\/strong>La sessi\u00f3, patrocinada per <a href=\"https:\/\/www.farmaquatrium.es\/\" target=\"_blank\" rel=\"noopener\"><strong>Farmaquatrium<\/strong><\/a>, va anar a c\u00e0rrec de <strong>Javier Roig<\/strong>,director d\u2019ART Pharmaceuticals Business Strategies, i va ser moderada per <strong>Joan Carles Serra<\/strong>,\u00a0director del M\u00e1ster de Gesti\u00f3 de l&#8217;Oficina de Farm\u00e0cia (MGOF) del COFB.<\/p>\n<figure id=\"attachment_45786\" aria-describedby=\"caption-attachment-45786\" style=\"width: 620px\" class=\"wp-caption aligncenter\"><a href=\"https:\/\/blog.cofb.cat\/wp-content\/uploads\/2019\/05\/cofb.190514-23.jpg\"><img fetchpriority=\"high\" decoding=\"async\" class=\"wp-image-45786 size-large\" title=\"Un moment de la sessi\u00f3 &quot;Com hem de fer un pressupost anual de despeses de la farm\u00e0cia en funci\u00f3 de la facturaci\u00f3&quot; celebrada al COFB.\" src=\"https:\/\/blog.cofb.cat\/wp-content\/uploads\/2019\/05\/cofb.190514-23-1024x683.jpg\" alt=\"Un moment de la sessi\u00f3 &quot;Com hem de fer un pressupost anual de despeses de la farm\u00e0cia en funci\u00f3 de la facturaci\u00f3&quot; celebrada al COFB.\" width=\"620\" height=\"414\" \/><\/a><figcaption id=\"caption-attachment-45786\" class=\"wp-caption-text\">Un moment de la sessi\u00f3 &#8220;Com hem de fer un pressupost anual de despeses de la farm\u00e0cia en funci\u00f3 de la facturaci\u00f3&#8221; celebrada al COFB.<\/figcaption><\/figure>\n<h1><span style=\"color: #008080;\"><strong>La import\u00e0ncia del pressupost a la farm\u00e0cia<\/strong><\/span><\/h1>\n<p>Roig ha iniciat la seva exposici\u00f3 posant en context l&#8217;<strong>oficina de farm\u00e0cia respecte al seu entorn<\/strong>,\u00a0 fent un rep\u00e0s dels agents que influeixen a la seva activitat. Des de la <strong>ind\u00fastria i la distribuci\u00f3 farmac\u00e8utica<\/strong>, fins a la <strong>compet\u00e8ncia<\/strong>, passant per les noves realitats que ha generat <strong>internet<\/strong> i la pr\u00f2pia evoluci\u00f3 del consumidor.<\/p>\n<p>Tot seguit ha abordat la <strong>import\u00e0ncia de fer un pressupost<\/strong> i els factors <strong>claus per treure-li el millor partit<\/strong>. Va destacar aspectes com les <strong>partides a assignar en un pressupost<\/strong>, la rellev\u00e0ncia d&#8217;un <strong>seguiment mensual per detectar possibles desviacions<\/strong> o com ens pot servir per <strong>prendre millors decisions<\/strong>.<\/p>\n<figure id=\"attachment_45785\" aria-describedby=\"caption-attachment-45785\" style=\"width: 620px\" class=\"wp-caption aligncenter\"><a href=\"https:\/\/blog.cofb.cat\/wp-content\/uploads\/2019\/05\/cofb.190514-14.jpg\"><img decoding=\"async\" class=\"wp-image-45785 size-large\" title=\"Javier Roig,director d\u2019ART Pharmaceuticals Business Strategies, durant la seva exposici\u00f3.\" src=\"https:\/\/blog.cofb.cat\/wp-content\/uploads\/2019\/05\/cofb.190514-14-1024x683.jpg\" alt=\"Javier Roig,director d\u2019ART Pharmaceuticals Business Strategies, durant la seva exposici\u00f3.\" width=\"620\" height=\"414\" \/><\/a><figcaption id=\"caption-attachment-45785\" class=\"wp-caption-text\">Javier Roig,director d\u2019ART Pharmaceuticals Business Strategies, durant la seva exposici\u00f3.<\/figcaption><\/figure>\n<p>El ponent va entrar en detall\u00a0 en el <strong>compte de p\u00e8rdues i guanys<\/strong> (P&amp;G o compte de resultats), repassant\u00a0conceptes com el <strong>resultat de l&#8217;exercici<\/strong>, <strong>compres<\/strong>, despeses de <strong>personal<\/strong>, <strong>amortitzacions<\/strong> de l&#8217;immobilitzat, <strong>despeses financeres<\/strong> o les <strong>vendes<\/strong>. Javier Roig va parar especial atenci\u00f3 en aquest punt i va fer diverses recomanacions per tal de <strong>millorar les vendes<\/strong>. Fets com l&#8217;<strong>ampliaci\u00f3 d&#8217;horari<\/strong> o d&#8217;<strong>assortit<\/strong>, <strong>formaci\u00f3<\/strong> per tal de potenciar, per exemple,<strong> habilitats de venda<\/strong>, realitzaci\u00f3 de campanyes de <strong>m\u00e0rqueting i comunicaci\u00f3 activa a xarxes socials<\/strong>, o incorporar <strong>serveis de valor afegit<\/strong>, van ser alguns dels aspectes que va destacar.<\/p>\n<p>Roig va recordar que &#8220;<strong>una farm\u00e0cia que t\u00e9 m\u00e9s marge que una altra no\u00a0significa que el seu titular gestioni millor o pitjor<\/strong> que un altre&#8221; i va afegir que &#8220;la <strong>millor gesti\u00f3<\/strong> \u00e9s la que \u00e9s capa\u00e7 de<strong> treure el\u00a0millor marge possible segons el seu\u00a0mix\u00a0de producte<\/strong>&#8220;.<\/p>\n<div class=\"box info\"><\/p>\n<h1><span style=\"color: #008080;\"><strong>Pr\u00f2xima sessi\u00f3 informativa sobre la XV edici\u00f3 del MGOF<\/strong><\/span><\/h1>\n<p><span id=\"ember4171\" class=\"ember-view\">La <strong>XV edici\u00f3 del M\u00e0ster de Gesti\u00f3 de l&#8217;Oficina de Farm\u00e0cia<\/strong> (MGOF)<strong>\u00a0inicia el seu cam\u00ed<\/strong>. Una formaci\u00f3 <strong>per a con\u00e8ixer les diferents \u00e0rees funcionals i processos de negoci de la farm\u00e0cia<\/strong> i que\u00a0 dona les <strong>eines per desenvolupar habilitats directives i poder liderar<\/strong> l&#8217;equip de col\u00b7laboradors. <\/span><\/p>\n<p><a href=\"https:\/\/blog.cofb.cat\/wp-content\/uploads\/2019\/05\/XV-edici\u00f3-MGOF.jpg\"><img decoding=\"async\" class=\"aligncenter wp-image-45779 size-full\" src=\"https:\/\/blog.cofb.cat\/wp-content\/uploads\/2019\/05\/XV-edici\u00f3-MGOF.jpg\" alt=\"\" width=\"595\" height=\"197\" \/><\/a><\/p>\n<p><span id=\"ember4171\" class=\"ember-view\">El m\u00e0ster compr\u00e8n tres m\u00f2duls:<br \/>\n<\/span><strong><span id=\"ember4171\" class=\"ember-view\">\u2022 Finances i fiscalitat<br \/>\n<\/span><\/strong><strong><span id=\"ember4171\" class=\"ember-view\"> \u2022 Gesti\u00f3 de persones<br \/>\n\u2022 M\u00e0rqueting\u00a0<\/span><\/strong><\/p>\n<p><span id=\"ember4171\" class=\"ember-view\">Incorpora <strong>exemples, exercicis, casos i altres recursos<\/strong> perqu\u00e8<strong> l&#8217;aplicaci\u00f3<\/strong> dels coneixements adquirits sigui <strong>immediata<\/strong>. Al llarg del programa, es realitza un pla de m\u00e0rqueting que ser\u00e0 tutelat pels mateixos professors.<br \/>\n<\/span><span id=\"ember4171\" class=\"ember-view\"> <\/span>El pr\u00f2xim<strong>\u00a06 de juny, sessi\u00f3 informativa al COFB<\/strong>. Informaci\u00f3 i inscripcions <strong><a href=\"https:\/\/www.cofb.org\/que-oferim\/farmaceutics\/serveis\/formacio-i-projectes\/activitats?p_p_id=webportletLlistatActivitats_WAR_webportletLlistatActivitats_INSTANCE_RuQd0cQLInOb&amp;p_p_lifecycle=0&amp;p_p_state=normal&amp;p_p_mode=view&amp;p_p_col_id=column-3&amp;p_p_col_count=1&amp;_webportletLlistatActivitats_WAR_webportletLlistatActivitats_INSTANCE_RuQd0cQLInOb_strutsAction=%2Fview%2Fdetall&amp;_webportletLlistatActivitats_WAR_webportletLlistatActivitats_INSTANCE_RuQd0cQLInOb_id=2353\" target=\"_blank\" rel=\"noopener\">aqu\u00ed<\/a>.<\/strong><\/p>\n<p><\/div>\n<p style=\"text-align: right;\"><strong>Amb el patrocini de:<\/strong><\/p>\n<p style=\"text-align: right;\"><a href=\"https:\/\/www.farmaquatrium.es\/\" target=\"_blank\" rel=\"noopener\"><img loading=\"lazy\" decoding=\"async\" class=\"alignright wp-image-45781 size-full\" src=\"https:\/\/blog.cofb.cat\/wp-content\/uploads\/2019\/05\/Farmaquatrium.jpg\" alt=\"\" width=\"180\" height=\"120\" \/><\/a><\/p>\n<p>&nbsp;<\/p>\n<p>&nbsp;<\/p>\n<p>&nbsp;<\/p>\n<p><strong>Altres publicacions d&#8217;inter\u00e8s:<\/strong><\/p>\n<ul>\n<li><a href=\"https:\/\/blog.cofb.cat\/inaugurada-la-14a-edicio-del-master-de-gestio-de-loficina-de-farmacia-mgof\/\" target=\"_blank\" rel=\"noopener\">Inaugurada la 14a edici\u00f3 del M\u00e0ster de Gesti\u00f3 de l\u2019Oficina de Farm\u00e0cia (MGOF) (Octubre 2018)<\/a><\/li>\n<li><a href=\"https:\/\/blog.cofb.cat\/sessio-informativa-14a-edicio-master-gestio-loficina-farmacia-mgof\/\" target=\"_blank\" rel=\"noopener\">Sessi\u00f3 informativa de la 14a edici\u00f3 del M\u00e0ster de Gesti\u00f3 de l\u2019Oficina de Farm\u00e0cia (Juliol 2018)<\/a><\/li>\n<li><a href=\"https:\/\/blog.cofb.cat\/comenca-la-xiii-edicio-del-master-en-gestio-de-loficina-de-farmacia-mgof\/\" target=\"_blank\" rel=\"noopener\">Comen\u00e7a la XIII edici\u00f3 del M\u00e0ster en Gesti\u00f3 de l\u2019Oficina de Farm\u00e0cia (MGOF) (Octubre 2017)<\/a><\/li>\n<\/ul>\n","protected":false},"excerpt":{"rendered":"<p>El passat 14 de maig, el Col\u00b7legi de Farmac\u00e8utics de Barcelona va acollir la confer\u00e8ncia &#8220;Com hem de fer un pressupost anual de despeses de la farm\u00e0cia en funci\u00f3 de la facturaci\u00f3&#8221; en una nova edici\u00f3 del F\u00f2rum MGOF. La sessi\u00f3, patrocinada per Farmaquatrium, va anar a c\u00e0rrec de Javier [&hellip;]<\/p>\n","protected":false},"author":1,"featured_media":45786,"comment_status":"open","ping_status":"open","sticky":false,"template":"","format":"standard","meta":{"_uag_custom_page_level_css":"","site-sidebar-layout":"default","site-content-layout":"","ast-site-content-layout":"default","site-content-style":"default","site-sidebar-style":"default","ast-global-header-display":"","ast-banner-title-visibility":"","ast-main-header-display":"","ast-hfb-above-header-display":"","ast-hfb-below-header-display":"","ast-hfb-mobile-header-display":"","site-post-title":"","ast-breadcrumbs-content":"","ast-featured-img":"disabled","footer-sml-layout":"","theme-transparent-header-meta":"","adv-header-id-meta":"","stick-header-meta":"","header-above-stick-meta":"","header-main-stick-meta":"","header-below-stick-meta":"","astra-migrate-meta-layouts":"default","ast-page-background-enabled":"default","ast-page-background-meta":{"desktop":{"background-color":"var(--ast-global-color-4)","background-image":"","background-repeat":"repeat","background-position":"center center","background-size":"auto","background-attachment":"scroll","background-type":"","background-media":"","overlay-type":"","overlay-color":"","overlay-opacity":"","overlay-gradient":""},"tablet":{"background-color":"","background-image":"","background-repeat":"repeat","background-position":"center center","background-size":"auto","background-attachment":"scroll","background-type":"","background-media":"","overlay-type":"","overlay-color":"","overlay-opacity":"","overlay-gradient":""},"mobile":{"background-color":"","background-image":"","background-repeat":"repeat","background-position":"center center","background-size":"auto","background-attachment":"scroll","background-type":"","background-media":"","overlay-type":"","overlay-color":"","overlay-opacity":"","overlay-gradient":""}},"ast-content-background-meta":{"desktop":{"background-color":"var(--ast-global-color-5)","background-image":"","background-repeat":"repeat","background-position":"center center","background-size":"auto","background-attachment":"scroll","background-type":"","background-media":"","overlay-type":"","overlay-color":"","overlay-opacity":"","overlay-gradient":""},"tablet":{"background-color":"var(--ast-global-color-5)","background-image":"","background-repeat":"repeat","background-position":"center center","background-size":"auto","background-attachment":"scroll","background-type":"","background-media":"","overlay-type":"","overlay-color":"","overlay-opacity":"","overlay-gradient":""},"mobile":{"background-color":"var(--ast-global-color-5)","background-image":"","background-repeat":"repeat","background-position":"center center","background-size":"auto","background-attachment":"scroll","background-type":"","background-media":"","overlay-type":"","overlay-color":"","overlay-opacity":"","overlay-gradient":""}},"footnotes":""},"categories":[23,57],"tags":[3508,3509,3510,144,3511,2157,2796,767,2415,2412,702,877,1026,3512],"class_list":["post-45748","post","type-post","status-publish","format-standard","has-post-thumbnail","hentry","category-destacats","category-mon-collegial","tag-competencia","tag-compres","tag-compte-de-resultats","tag-consumidor","tag-despeses-de-personal","tag-distribucio","tag-facturacio","tag-finances","tag-forum-mgof","tag-industria-farmaceutica","tag-internet","tag-mgof","tag-pressupost","tag-vendes"],"yoast_head":"<!-- This site is optimized with the Yoast SEO plugin v22.4 - https:\/\/yoast.com\/wordpress\/plugins\/seo\/ -->\n<title>Coneixent les claus per fer un pressupost anual de despeses de la farm\u00e0cia en funci\u00f3 de la facturaci\u00f3 [F\u00f2rum MGOF] - Col\u00b7legi de Farmac\u00e8utics de Barcelona<\/title>\n<meta name=\"description\" content=\"El passat 14 de maig, el Col\u00b7legi de Farmac\u00e8utics de Barcelona va acollir la confer\u00e8ncia &quot;Com hem de fer un pressupost anual de despeses de la farm\u00e0cia en funci\u00f3 de la facturaci\u00f3&quot; en una nova edici\u00f3 del F\u00f2rum MGOF.\" \/>\n<meta name=\"robots\" content=\"index, follow, max-snippet:-1, max-image-preview:large, max-video-preview:-1\" \/>\n<link rel=\"canonical\" href=\"https:\/\/novaorg.cofb.net\/2019\/05\/30\/coneixent-les-claus-per-fer-un-pressupost-anual-de-despeses-de-la-farmacia-en-funcio-de-la-facturacio-forum-mgof\/\" \/>\n<meta property=\"og:locale\" content=\"ca_ES\" \/>\n<meta property=\"og:type\" content=\"article\" \/>\n<meta property=\"og:title\" content=\"Coneixent les claus per fer un pressupost anual de despeses de la farm\u00e0cia en funci\u00f3 de la facturaci\u00f3 [F\u00f2rum MGOF] - Col\u00b7legi de Farmac\u00e8utics de Barcelona\" \/>\n<meta property=\"og:description\" content=\"El passat 14 de maig, el Col\u00b7legi de Farmac\u00e8utics de Barcelona va acollir la confer\u00e8ncia &quot;Com hem de fer un pressupost anual de despeses de la farm\u00e0cia en funci\u00f3 de la facturaci\u00f3&quot; en una nova edici\u00f3 del F\u00f2rum MGOF.\" \/>\n<meta property=\"og:url\" content=\"https:\/\/novaorg.cofb.net\/2019\/05\/30\/coneixent-les-claus-per-fer-un-pressupost-anual-de-despeses-de-la-farmacia-en-funcio-de-la-facturacio-forum-mgof\/\" \/>\n<meta property=\"og:site_name\" content=\"Col\u00b7legi de Farmac\u00e8utics de Barcelona\" \/>\n<meta property=\"article:publisher\" content=\"https:\/\/www.facebook.com\/farmaceuticsbcn\/\" \/>\n<meta property=\"article:published_time\" content=\"2019-05-30T17:07:02+00:00\" \/>\n<meta name=\"author\" content=\"wpAdminCofbOrg\" \/>\n<meta name=\"twitter:card\" content=\"summary_large_image\" \/>\n<meta name=\"twitter:creator\" content=\"@farmaceuticsbcn\" \/>\n<meta name=\"twitter:site\" content=\"@farmaceuticsbcn\" \/>\n<meta name=\"twitter:label1\" content=\"Escrit per\" \/>\n\t<meta name=\"twitter:data1\" content=\"wpAdminCofbOrg\" \/>\n\t<meta name=\"twitter:label2\" content=\"Temps estimat de lectura\" \/>\n\t<meta name=\"twitter:data2\" content=\"3 minuts\" \/>\n<script type=\"application\/ld+json\" class=\"yoast-schema-graph\">{\"@context\":\"https:\/\/schema.org\",\"@graph\":[{\"@type\":\"Article\",\"@id\":\"https:\/\/novaorg.cofb.net\/2019\/05\/30\/coneixent-les-claus-per-fer-un-pressupost-anual-de-despeses-de-la-farmacia-en-funcio-de-la-facturacio-forum-mgof\/#article\",\"isPartOf\":{\"@id\":\"https:\/\/novaorg.cofb.net\/2019\/05\/30\/coneixent-les-claus-per-fer-un-pressupost-anual-de-despeses-de-la-farmacia-en-funcio-de-la-facturacio-forum-mgof\/\"},\"author\":{\"name\":\"wpAdminCofbOrg\",\"@id\":\"https:\/\/www.cofb.org\/#\/schema\/person\/22ed7eea88da74b0fa4d3154ad87ffcb\"},\"headline\":\"Coneixent les claus per fer un pressupost anual de despeses de la farm\u00e0cia en funci\u00f3 de la facturaci\u00f3 [F\u00f2rum MGOF]\",\"datePublished\":\"2019-05-30T17:07:02+00:00\",\"dateModified\":\"2019-05-30T17:07:02+00:00\",\"mainEntityOfPage\":{\"@id\":\"https:\/\/novaorg.cofb.net\/2019\/05\/30\/coneixent-les-claus-per-fer-un-pressupost-anual-de-despeses-de-la-farmacia-en-funcio-de-la-facturacio-forum-mgof\/\"},\"wordCount\":633,\"commentCount\":0,\"publisher\":{\"@id\":\"https:\/\/www.cofb.org\/#organization\"},\"image\":{\"@id\":\"https:\/\/novaorg.cofb.net\/2019\/05\/30\/coneixent-les-claus-per-fer-un-pressupost-anual-de-despeses-de-la-farmacia-en-funcio-de-la-facturacio-forum-mgof\/#primaryimage\"},\"thumbnailUrl\":\"\",\"keywords\":[\"compet\u00e8ncia\",\"compres\",\"compte de resultats\",\"consumidor\",\"despeses de personal\",\"Distribuci\u00f3\",\"facturaci\u00f3\",\"finances\",\"F\u00f2rum MGOF\",\"ind\u00fastria farmac\u00e8utica\",\"internet\",\"MGOF\",\"pressupost\",\"vendes\"],\"articleSection\":[\"Destacats\",\"M\u00f3n col\u00b7legial\"],\"inLanguage\":\"ca\",\"potentialAction\":[{\"@type\":\"CommentAction\",\"name\":\"Comment\",\"target\":[\"https:\/\/novaorg.cofb.net\/2019\/05\/30\/coneixent-les-claus-per-fer-un-pressupost-anual-de-despeses-de-la-farmacia-en-funcio-de-la-facturacio-forum-mgof\/#respond\"]}]},{\"@type\":\"WebPage\",\"@id\":\"https:\/\/novaorg.cofb.net\/2019\/05\/30\/coneixent-les-claus-per-fer-un-pressupost-anual-de-despeses-de-la-farmacia-en-funcio-de-la-facturacio-forum-mgof\/\",\"url\":\"https:\/\/novaorg.cofb.net\/2019\/05\/30\/coneixent-les-claus-per-fer-un-pressupost-anual-de-despeses-de-la-farmacia-en-funcio-de-la-facturacio-forum-mgof\/\",\"name\":\"Coneixent les claus per fer un pressupost anual de despeses de la farm\u00e0cia en funci\u00f3 de la facturaci\u00f3 [F\u00f2rum MGOF] - Col\u00b7legi de Farmac\u00e8utics de Barcelona\",\"isPartOf\":{\"@id\":\"https:\/\/www.cofb.org\/#website\"},\"primaryImageOfPage\":{\"@id\":\"https:\/\/novaorg.cofb.net\/2019\/05\/30\/coneixent-les-claus-per-fer-un-pressupost-anual-de-despeses-de-la-farmacia-en-funcio-de-la-facturacio-forum-mgof\/#primaryimage\"},\"image\":{\"@id\":\"https:\/\/novaorg.cofb.net\/2019\/05\/30\/coneixent-les-claus-per-fer-un-pressupost-anual-de-despeses-de-la-farmacia-en-funcio-de-la-facturacio-forum-mgof\/#primaryimage\"},\"thumbnailUrl\":\"\",\"datePublished\":\"2019-05-30T17:07:02+00:00\",\"dateModified\":\"2019-05-30T17:07:02+00:00\",\"description\":\"El passat 14 de maig, el Col\u00b7legi de Farmac\u00e8utics de Barcelona va acollir la confer\u00e8ncia \\\"Com hem de fer un pressupost anual de despeses de la farm\u00e0cia en funci\u00f3 de la facturaci\u00f3\\\" en una nova edici\u00f3 del F\u00f2rum MGOF.\",\"breadcrumb\":{\"@id\":\"https:\/\/novaorg.cofb.net\/2019\/05\/30\/coneixent-les-claus-per-fer-un-pressupost-anual-de-despeses-de-la-farmacia-en-funcio-de-la-facturacio-forum-mgof\/#breadcrumb\"},\"inLanguage\":\"ca\",\"potentialAction\":[{\"@type\":\"ReadAction\",\"target\":[\"https:\/\/novaorg.cofb.net\/2019\/05\/30\/coneixent-les-claus-per-fer-un-pressupost-anual-de-despeses-de-la-farmacia-en-funcio-de-la-facturacio-forum-mgof\/\"]}]},{\"@type\":\"ImageObject\",\"inLanguage\":\"ca\",\"@id\":\"https:\/\/novaorg.cofb.net\/2019\/05\/30\/coneixent-les-claus-per-fer-un-pressupost-anual-de-despeses-de-la-farmacia-en-funcio-de-la-facturacio-forum-mgof\/#primaryimage\",\"url\":\"\",\"contentUrl\":\"\"},{\"@type\":\"BreadcrumbList\",\"@id\":\"https:\/\/novaorg.cofb.net\/2019\/05\/30\/coneixent-les-claus-per-fer-un-pressupost-anual-de-despeses-de-la-farmacia-en-funcio-de-la-facturacio-forum-mgof\/#breadcrumb\",\"itemListElement\":[{\"@type\":\"ListItem\",\"position\":1,\"name\":\"Inici\",\"item\":\"https:\/\/novaorg.cofb.net\/\"},{\"@type\":\"ListItem\",\"position\":2,\"name\":\"Coneixent les claus per fer un pressupost anual de despeses de la farm\u00e0cia en funci\u00f3 de la facturaci\u00f3 [F\u00f2rum MGOF]\"}]},{\"@type\":\"WebSite\",\"@id\":\"https:\/\/www.cofb.org\/#website\",\"url\":\"https:\/\/www.cofb.org\/\",\"name\":\"Col\u00b7legi de Farmac\u00e8utics de Barcelona\",\"description\":\"\",\"publisher\":{\"@id\":\"https:\/\/www.cofb.org\/#organization\"},\"potentialAction\":[{\"@type\":\"SearchAction\",\"target\":{\"@type\":\"EntryPoint\",\"urlTemplate\":\"https:\/\/www.cofb.org\/?s={search_term_string}\"},\"query-input\":\"required name=search_term_string\"}],\"inLanguage\":\"ca\"},{\"@type\":\"Organization\",\"@id\":\"https:\/\/www.cofb.org\/#organization\",\"name\":\"Col\u00b7legi de Farmac\u00e8utics de Barcelona\",\"url\":\"https:\/\/www.cofb.org\/\",\"logo\":{\"@type\":\"ImageObject\",\"inLanguage\":\"ca\",\"@id\":\"https:\/\/www.cofb.org\/#\/schema\/logo\/image\/\",\"url\":\"https:\/\/www.cofb.org\/wp-content\/uploads\/2023\/11\/cropped-Logotip-COFB.png\",\"contentUrl\":\"https:\/\/www.cofb.org\/wp-content\/uploads\/2023\/11\/cropped-Logotip-COFB.png\",\"width\":500,\"height\":105,\"caption\":\"Col\u00b7legi de Farmac\u00e8utics de Barcelona\"},\"image\":{\"@id\":\"https:\/\/www.cofb.org\/#\/schema\/logo\/image\/\"},\"sameAs\":[\"https:\/\/www.facebook.com\/farmaceuticsbcn\/\",\"https:\/\/twitter.com\/farmaceuticsbcn\",\"https:\/\/www.instagram.com\/farmaceuticsbcn\/\",\"https:\/\/www.linkedin.com\/company\/farmaceuticsbcn\/\"]},{\"@type\":\"Person\",\"@id\":\"https:\/\/www.cofb.org\/#\/schema\/person\/22ed7eea88da74b0fa4d3154ad87ffcb\",\"name\":\"wpAdminCofbOrg\",\"image\":{\"@type\":\"ImageObject\",\"inLanguage\":\"ca\",\"@id\":\"https:\/\/www.cofb.org\/#\/schema\/person\/image\/\",\"url\":\"https:\/\/secure.gravatar.com\/avatar\/1721b20b3b8ca882c3b56ec6c978c594fff670e40c0718e9190eaeeb76aae7d8?s=96&d=mm&r=g\",\"contentUrl\":\"https:\/\/secure.gravatar.com\/avatar\/1721b20b3b8ca882c3b56ec6c978c594fff670e40c0718e9190eaeeb76aae7d8?s=96&d=mm&r=g\",\"caption\":\"wpAdminCofbOrg\"},\"sameAs\":[\"http:\/\/192.168.64.122\/wordpress\"],\"url\":\"https:\/\/www.cofb.org\/ca\/author\/wpadmincofborg\/\"}]}<\/script>\n<!-- \/ Yoast SEO plugin. -->","yoast_head_json":{"title":"Coneixent les claus per fer un pressupost anual de despeses de la farm\u00e0cia en funci\u00f3 de la facturaci\u00f3 [F\u00f2rum MGOF] - Col\u00b7legi de Farmac\u00e8utics de Barcelona","description":"El passat 14 de maig, el Col\u00b7legi de Farmac\u00e8utics de Barcelona va acollir la confer\u00e8ncia \"Com hem de fer un pressupost anual de despeses de la farm\u00e0cia en funci\u00f3 de la facturaci\u00f3\" en una nova edici\u00f3 del F\u00f2rum MGOF.","robots":{"index":"index","follow":"follow","max-snippet":"max-snippet:-1","max-image-preview":"max-image-preview:large","max-video-preview":"max-video-preview:-1"},"canonical":"https:\/\/novaorg.cofb.net\/2019\/05\/30\/coneixent-les-claus-per-fer-un-pressupost-anual-de-despeses-de-la-farmacia-en-funcio-de-la-facturacio-forum-mgof\/","og_locale":"ca_ES","og_type":"article","og_title":"Coneixent les claus per fer un pressupost anual de despeses de la farm\u00e0cia en funci\u00f3 de la facturaci\u00f3 [F\u00f2rum MGOF] - Col\u00b7legi de Farmac\u00e8utics de Barcelona","og_description":"El passat 14 de maig, el Col\u00b7legi de Farmac\u00e8utics de Barcelona va acollir la confer\u00e8ncia \"Com hem de fer un pressupost anual de despeses de la farm\u00e0cia en funci\u00f3 de la facturaci\u00f3\" en una nova edici\u00f3 del F\u00f2rum MGOF.","og_url":"https:\/\/novaorg.cofb.net\/2019\/05\/30\/coneixent-les-claus-per-fer-un-pressupost-anual-de-despeses-de-la-farmacia-en-funcio-de-la-facturacio-forum-mgof\/","og_site_name":"Col\u00b7legi de Farmac\u00e8utics de Barcelona","article_publisher":"https:\/\/www.facebook.com\/farmaceuticsbcn\/","article_published_time":"2019-05-30T17:07:02+00:00","author":"wpAdminCofbOrg","twitter_card":"summary_large_image","twitter_creator":"@farmaceuticsbcn","twitter_site":"@farmaceuticsbcn","twitter_misc":{"Escrit per":"wpAdminCofbOrg","Temps estimat de lectura":"3 minuts"},"schema":{"@context":"https:\/\/schema.org","@graph":[{"@type":"Article","@id":"https:\/\/novaorg.cofb.net\/2019\/05\/30\/coneixent-les-claus-per-fer-un-pressupost-anual-de-despeses-de-la-farmacia-en-funcio-de-la-facturacio-forum-mgof\/#article","isPartOf":{"@id":"https:\/\/novaorg.cofb.net\/2019\/05\/30\/coneixent-les-claus-per-fer-un-pressupost-anual-de-despeses-de-la-farmacia-en-funcio-de-la-facturacio-forum-mgof\/"},"author":{"name":"wpAdminCofbOrg","@id":"https:\/\/www.cofb.org\/#\/schema\/person\/22ed7eea88da74b0fa4d3154ad87ffcb"},"headline":"Coneixent les claus per fer un pressupost anual de despeses de la farm\u00e0cia en funci\u00f3 de la facturaci\u00f3 [F\u00f2rum MGOF]","datePublished":"2019-05-30T17:07:02+00:00","dateModified":"2019-05-30T17:07:02+00:00","mainEntityOfPage":{"@id":"https:\/\/novaorg.cofb.net\/2019\/05\/30\/coneixent-les-claus-per-fer-un-pressupost-anual-de-despeses-de-la-farmacia-en-funcio-de-la-facturacio-forum-mgof\/"},"wordCount":633,"commentCount":0,"publisher":{"@id":"https:\/\/www.cofb.org\/#organization"},"image":{"@id":"https:\/\/novaorg.cofb.net\/2019\/05\/30\/coneixent-les-claus-per-fer-un-pressupost-anual-de-despeses-de-la-farmacia-en-funcio-de-la-facturacio-forum-mgof\/#primaryimage"},"thumbnailUrl":"","keywords":["compet\u00e8ncia","compres","compte de resultats","consumidor","despeses de personal","Distribuci\u00f3","facturaci\u00f3","finances","F\u00f2rum MGOF","ind\u00fastria farmac\u00e8utica","internet","MGOF","pressupost","vendes"],"articleSection":["Destacats","M\u00f3n col\u00b7legial"],"inLanguage":"ca","potentialAction":[{"@type":"CommentAction","name":"Comment","target":["https:\/\/novaorg.cofb.net\/2019\/05\/30\/coneixent-les-claus-per-fer-un-pressupost-anual-de-despeses-de-la-farmacia-en-funcio-de-la-facturacio-forum-mgof\/#respond"]}]},{"@type":"WebPage","@id":"https:\/\/novaorg.cofb.net\/2019\/05\/30\/coneixent-les-claus-per-fer-un-pressupost-anual-de-despeses-de-la-farmacia-en-funcio-de-la-facturacio-forum-mgof\/","url":"https:\/\/novaorg.cofb.net\/2019\/05\/30\/coneixent-les-claus-per-fer-un-pressupost-anual-de-despeses-de-la-farmacia-en-funcio-de-la-facturacio-forum-mgof\/","name":"Coneixent les claus per fer un pressupost anual de despeses de la farm\u00e0cia en funci\u00f3 de la facturaci\u00f3 [F\u00f2rum MGOF] - Col\u00b7legi de Farmac\u00e8utics de Barcelona","isPartOf":{"@id":"https:\/\/www.cofb.org\/#website"},"primaryImageOfPage":{"@id":"https:\/\/novaorg.cofb.net\/2019\/05\/30\/coneixent-les-claus-per-fer-un-pressupost-anual-de-despeses-de-la-farmacia-en-funcio-de-la-facturacio-forum-mgof\/#primaryimage"},"image":{"@id":"https:\/\/novaorg.cofb.net\/2019\/05\/30\/coneixent-les-claus-per-fer-un-pressupost-anual-de-despeses-de-la-farmacia-en-funcio-de-la-facturacio-forum-mgof\/#primaryimage"},"thumbnailUrl":"","datePublished":"2019-05-30T17:07:02+00:00","dateModified":"2019-05-30T17:07:02+00:00","description":"El passat 14 de maig, el Col\u00b7legi de Farmac\u00e8utics de Barcelona va acollir la confer\u00e8ncia \"Com hem de fer un pressupost anual de despeses de la farm\u00e0cia en funci\u00f3 de la facturaci\u00f3\" en una nova edici\u00f3 del F\u00f2rum MGOF.","breadcrumb":{"@id":"https:\/\/novaorg.cofb.net\/2019\/05\/30\/coneixent-les-claus-per-fer-un-pressupost-anual-de-despeses-de-la-farmacia-en-funcio-de-la-facturacio-forum-mgof\/#breadcrumb"},"inLanguage":"ca","potentialAction":[{"@type":"ReadAction","target":["https:\/\/novaorg.cofb.net\/2019\/05\/30\/coneixent-les-claus-per-fer-un-pressupost-anual-de-despeses-de-la-farmacia-en-funcio-de-la-facturacio-forum-mgof\/"]}]},{"@type":"ImageObject","inLanguage":"ca","@id":"https:\/\/novaorg.cofb.net\/2019\/05\/30\/coneixent-les-claus-per-fer-un-pressupost-anual-de-despeses-de-la-farmacia-en-funcio-de-la-facturacio-forum-mgof\/#primaryimage","url":"","contentUrl":""},{"@type":"BreadcrumbList","@id":"https:\/\/novaorg.cofb.net\/2019\/05\/30\/coneixent-les-claus-per-fer-un-pressupost-anual-de-despeses-de-la-farmacia-en-funcio-de-la-facturacio-forum-mgof\/#breadcrumb","itemListElement":[{"@type":"ListItem","position":1,"name":"Inici","item":"https:\/\/novaorg.cofb.net\/"},{"@type":"ListItem","position":2,"name":"Coneixent les claus per fer un pressupost anual de despeses de la farm\u00e0cia en funci\u00f3 de la facturaci\u00f3 [F\u00f2rum MGOF]"}]},{"@type":"WebSite","@id":"https:\/\/www.cofb.org\/#website","url":"https:\/\/www.cofb.org\/","name":"Col\u00b7legi de Farmac\u00e8utics de Barcelona","description":"","publisher":{"@id":"https:\/\/www.cofb.org\/#organization"},"potentialAction":[{"@type":"SearchAction","target":{"@type":"EntryPoint","urlTemplate":"https:\/\/www.cofb.org\/?s={search_term_string}"},"query-input":"required name=search_term_string"}],"inLanguage":"ca"},{"@type":"Organization","@id":"https:\/\/www.cofb.org\/#organization","name":"Col\u00b7legi de Farmac\u00e8utics de Barcelona","url":"https:\/\/www.cofb.org\/","logo":{"@type":"ImageObject","inLanguage":"ca","@id":"https:\/\/www.cofb.org\/#\/schema\/logo\/image\/","url":"https:\/\/www.cofb.org\/wp-content\/uploads\/2023\/11\/cropped-Logotip-COFB.png","contentUrl":"https:\/\/www.cofb.org\/wp-content\/uploads\/2023\/11\/cropped-Logotip-COFB.png","width":500,"height":105,"caption":"Col\u00b7legi de Farmac\u00e8utics de Barcelona"},"image":{"@id":"https:\/\/www.cofb.org\/#\/schema\/logo\/image\/"},"sameAs":["https:\/\/www.facebook.com\/farmaceuticsbcn\/","https:\/\/twitter.com\/farmaceuticsbcn","https:\/\/www.instagram.com\/farmaceuticsbcn\/","https:\/\/www.linkedin.com\/company\/farmaceuticsbcn\/"]},{"@type":"Person","@id":"https:\/\/www.cofb.org\/#\/schema\/person\/22ed7eea88da74b0fa4d3154ad87ffcb","name":"wpAdminCofbOrg","image":{"@type":"ImageObject","inLanguage":"ca","@id":"https:\/\/www.cofb.org\/#\/schema\/person\/image\/","url":"https:\/\/secure.gravatar.com\/avatar\/1721b20b3b8ca882c3b56ec6c978c594fff670e40c0718e9190eaeeb76aae7d8?s=96&d=mm&r=g","contentUrl":"https:\/\/secure.gravatar.com\/avatar\/1721b20b3b8ca882c3b56ec6c978c594fff670e40c0718e9190eaeeb76aae7d8?s=96&d=mm&r=g","caption":"wpAdminCofbOrg"},"sameAs":["http:\/\/192.168.64.122\/wordpress"],"url":"https:\/\/www.cofb.org\/ca\/author\/wpadmincofborg\/"}]}},"uagb_featured_image_src":{"full":false,"thumbnail":false,"medium":false,"medium_large":false,"large":false,"1536x1536":false,"2048x2048":false,"trp-custom-language-flag":false},"uagb_author_info":{"display_name":"wpAdminCofbOrg","author_link":"https:\/\/www.cofb.org\/ca\/author\/wpadmincofborg\/"},"uagb_comment_info":0,"uagb_excerpt":"El passat 14 de maig, el Col\u00b7legi de Farmac\u00e8utics de Barcelona va acollir la confer\u00e8ncia &#8220;Com hem de fer un pressupost anual de despeses de la farm\u00e0cia en funci\u00f3 de la facturaci\u00f3&#8221; en una nova edici\u00f3 del F\u00f2rum MGOF. La sessi\u00f3, patrocinada per Farmaquatrium, va anar a c\u00e0rrec de Javier [&hellip;]","_links":{"self":[{"href":"https:\/\/www.cofb.org\/ca\/wp-json\/wp\/v2\/posts\/45748","targetHints":{"allow":["GET"]}}],"collection":[{"href":"https:\/\/www.cofb.org\/ca\/wp-json\/wp\/v2\/posts"}],"about":[{"href":"https:\/\/www.cofb.org\/ca\/wp-json\/wp\/v2\/types\/post"}],"author":[{"embeddable":true,"href":"https:\/\/www.cofb.org\/ca\/wp-json\/wp\/v2\/users\/1"}],"replies":[{"embeddable":true,"href":"https:\/\/www.cofb.org\/ca\/wp-json\/wp\/v2\/comments?post=45748"}],"version-history":[{"count":0,"href":"https:\/\/www.cofb.org\/ca\/wp-json\/wp\/v2\/posts\/45748\/revisions"}],"wp:featuredmedia":[{"embeddable":true,"href":"https:\/\/www.cofb.org\/ca\/wp-json\/"}],"wp:attachment":[{"href":"https:\/\/www.cofb.org\/ca\/wp-json\/wp\/v2\/media?parent=45748"}],"wp:term":[{"taxonomy":"category","embeddable":true,"href":"https:\/\/www.cofb.org\/ca\/wp-json\/wp\/v2\/categories?post=45748"},{"taxonomy":"post_tag","embeddable":true,"href":"https:\/\/www.cofb.org\/ca\/wp-json\/wp\/v2\/tags?post=45748"}],"curies":[{"name":"wp","href":"https:\/\/api.w.org\/{rel}","templated":true}]}}