{"id":45734,"date":"2019-05-28T17:05:07","date_gmt":"2019-05-28T15:05:07","guid":{"rendered":"https:\/\/blog.cofb.cat\/?p=45734"},"modified":"2019-05-28T17:05:07","modified_gmt":"2019-05-28T15:05:07","slug":"agora-sanitaria-es-renova-i-firma-un-conveni-de-collaboracio-amb-els-cofs-de-tenerife-i-illes-balears-per-ampliar-les-oportunitats-formatives-online-dels-seus-collegiats","status":"publish","type":"post","link":"https:\/\/www.cofb.org\/ca\/2019\/05\/28\/agora-sanitaria-es-renova-i-firma-un-conveni-de-collaboracio-amb-els-cofs-de-tenerife-i-illes-balears-per-ampliar-les-oportunitats-formatives-online-dels-seus-collegiats\/","title":{"rendered":"\u00c0gora Sanit\u00e0ria es renova i firma un conveni de col\u00b7laboraci\u00f3 amb els COFs de Tenerife i Illes Balears per ampliar les oportunitats formatives online dels seus col\u00b7legiats"},"content":{"rendered":"<p>La <a href=\"https:\/\/www.agorasanitaria.com\/\" target=\"_blank\" rel=\"noopener\"><strong>web d&#8217;\u00c0gora Sanit\u00e0ria<\/strong><\/a> s&#8217;ha <strong>renovat per complet<\/strong>. L&#8217;actualitzaci\u00f3 -amb molts m\u00e9s serveis- permet <strong>accedir al portal des de qualsevol dispositiu<\/strong>, aix\u00ed com un seguiment m\u00e9s \u00e0gil de totes les activitats i novetats que inclou. A m\u00e9s, la <strong>nova versi\u00f3<\/strong> s&#8217;ha millorat seguint en tot moment els <strong>criteris de qualitat i rigor que caracteritzen la formaci\u00f3 continuada d&#8217;\u00c0gora<\/strong>, que ara queda emmagatzemada al <strong>MyPlate formatiu de l&#8217;usuari<\/strong>, un <strong>perfil <\/strong>on es registren totes les activitats realitzades per l&#8217;alumne.<\/p>\n<figure id=\"attachment_45737\" aria-describedby=\"caption-attachment-45737\" style=\"width: 620px\" class=\"wp-caption aligncenter\"><a href=\"https:\/\/blog.cofb.cat\/wp-content\/uploads\/2019\/05\/Nueva-web.jpg\"><img fetchpriority=\"high\" decoding=\"async\" class=\"wp-image-45737 size-large\" title=\"Imatge de la nova web d'\u00c0gora Sanit\u00e0ria.\" src=\"https:\/\/blog.cofb.cat\/wp-content\/uploads\/2019\/05\/Nueva-web-1024x453.jpg\" alt=\"Imatge de la nova web d'\u00c0gora Sanit\u00e0ria.\" width=\"620\" height=\"274\" \/><\/a><figcaption id=\"caption-attachment-45737\" class=\"wp-caption-text\">Imatge de la nova web d&#8217;\u00c0gora Sanit\u00e0ria.<\/figcaption><\/figure>\n<h1><span style=\"color: #008080;\"><strong>Quines altres novetats inclou la web?<\/strong><\/span><\/h1>\n<p>Amb la <strong>renovaci\u00f3<\/strong>, s&#8217;han incorporat <strong>nous recursos metodol\u00f2gics<\/strong> basats en els conceptes <em>d&#8217;<strong>e-learning<\/strong><\/em>, <strong><em>v\u00eddeo-learning<\/em><\/strong> i <strong>aprenentatge social<\/strong>. Aix\u00ed mateix, els farmac\u00e8utics tenen a la seva disposici\u00f3 <strong>recomanacions personalitzades<\/strong> en funci\u00f3 de les seves <strong>necessitats formatives<\/strong> i una <strong>app<\/strong> per <strong>seguir la formaci\u00f3 des del m\u00f2bil<\/strong>. A trav\u00e9s de l&#8217;aplicaci\u00f3, els usuaris poden consultar el contingut dels cursos fins i tot quan no tenen connexi\u00f3; rebre notificacions instant\u00e0nies de missatges i altres esdeveniments, contactar altres persones dels cursos o pujar imatges, \u00e0udios o v\u00eddeos des dels dispositius m\u00f2bils, entre altres possibilitats.<\/p>\n<p>A la nova web d&#8217;\u00c0gora tamb\u00e9 s&#8217;ha incl\u00f2s un <strong><a href=\"https:\/\/www.agorasanitaria.com\/blog\/\" target=\"_blank\" rel=\"noopener\">Blog<\/a> amb l&#8217;objectiu d&#8217;oferir informaci\u00f3 d&#8217;inter\u00e8s per al col\u00b7lectiu<\/strong> a trav\u00e9s d&#8217;entrevistes a experts, not\u00edcies sobre novetats d&#8217;\u00c0gora i resultats obtinguts en els diferents cursos, entre altres continguts.<\/p>\n<div class=\"box info\"><\/p>\n<h1><span style=\"color: #008080;\"><strong>\u00c0gora Sanit\u00e0ria, m\u00e9s de 10 anys formant professionals farmac\u00e8utics<\/strong><\/span><\/h1>\n<p>El <strong>projecte de formaci\u00f3 online \u00c0gora Sanit\u00e0ria<\/strong> va n\u00e9ixer fa m\u00e9s d&#8217;una d\u00e8cada de la voluntat dels <strong>Col\u00b7legis de Farmac\u00e8utics de Madrid i de Barcelona<\/strong> per a promoure i garantir les compet\u00e8ncies del professional sanitari. Tots dos col\u00b7legis reuneixen una <strong>llarga traject\u00f2ria en projectes de formaci\u00f3<\/strong> i coincideixen en la import\u00e0ncia de tenir una plataforma d&#8217;aprenentatge que faciliti la formaci\u00f3 continuada dels professionals sanitaris.<\/p>\n<p>En aquests 10 anys, <strong>m\u00e9s de 20.000 farmac\u00e8utics<\/strong> i altres professionals <strong>s&#8217;han instru\u00eft en programes formatius<\/strong> enfocats a millorar la pr\u00e0ctica di\u00e0ria, com s\u00f3n la dispensaci\u00f3 i seguiment farmacoterap\u00e8utic, la indicaci\u00f3 farmac\u00e8utica enfront de s\u00edmptomes menors, el consell nutricional, la dermofarm\u00e0cia o la gesti\u00f3 de la farm\u00e0cia.<\/p>\n<p><\/div>\n<h1><span style=\"color: #008080;\"><strong>Acords de col\u00b7laboraci\u00f3 amb els COFs de Tenerife i Illes Balears<\/strong><\/span><\/h1>\n<p>D&#8217;altra banda, \u00c0gora Sanit\u00e0ria ha signat recentment un <strong>acord de col\u00b7laboraci\u00f3<\/strong> amb els <strong>Col\u00b7legis de Farmac\u00e8utics de Tenerife i Illes Balears, amb l&#8217;objectiu de contribuir a potenciar el cat\u00e0leg d&#8217;activitats online d&#8217;aquests COFs i, d\u2019aquesta manera, ampliar les oportunitats formatives dels seus col\u00b7legiats. <\/strong><\/p>\n<div class=\"box note\"><\/p>\n<h2><span style=\"color: #008080;\"><strong>M\u00e9s de 400 alumnes d\u2019\u00c0gora procedents de Tenerife i Balears <\/strong><\/span><\/h2>\n<p>Durant els \u00faltims 3 anys, <strong>m\u00e9s de 400 farmac\u00e8utics de Tenerife i Illes Balears<\/strong> han <strong>cursat activitats formatives d&#8217;\u00c0gora<\/strong>, la qual cosa ha suposat <strong>m\u00e9s de 900 inscripcions<\/strong> procedents d&#8217;aquestes prov\u00edncies. En l\u00ednies generals, <strong>m\u00e9s d&#8217;un 70% dels alumnes d&#8217;\u00c0gora han aconseguit finalitzar satisfact\u00f2riament els cursos<\/strong> i obtenir els diplomes acreditatius corresponents. La <strong>valoraci\u00f3 mitjana dels alumnes \u00e9s de 8,5<\/strong> i un <strong>95% considera que els cursos milloren el seu dia a dia professional. <\/strong><\/p>\n<p><\/div>\n<p><strong>Tots dos convenis contribueixen a potenciar la imatge d&#8217;\u00c0gora Sanit\u00e0ria com a portal formatiu de refer\u00e8ncia entre els farmac\u00e8utics.<\/strong> Des dels seus inicis, sempre ha apostat per oferir formaci\u00f3 ajustada a les necessitats dels professionals de cada col\u00b7lectiu i, d&#8217;aquesta manera, promoure la qualitat en el servei assistencial de l&#8217;equip multidisciplinari de salut.<\/p>\n<p style=\"text-align: center;\"><strong>Podeu consultar <a href=\"https:\/\/www.cofb.org\/sala-de-premsa\/notes-premsa\/-\/asset_publisher\/GVZR6OjauRsN\/content\/agora-sanitaria-se-renueva-y-firma-un-convenio-de-colaboracion-con-los-cofs-de-tenerife-e-islas-baleares-para-ampliar-las-oportunidades-formativas-onl\/maximized?inheritRedirect=false&amp;redirect=https%3A%2F%2Fwww.cofb.org%2Fsala-de-premsa%2Fnotes-premsa%3Fp_p_id%3D101_INSTANCE_GVZR6OjauRsN%26p_p_lifecycle%3D0%26p_p_state%3Dnormal%26p_p_mode%3Dview%26p_p_col_id%3Dcolumn-3%26p_p_col_count%3D1&amp;p_p_state=maximized\" target=\"_blank\" rel=\"noopener\">aqu\u00ed<\/a> la nota de premsa enviada als mitjans de comunicaci\u00f3.<\/strong><\/p>\n<p><strong>Altres publicacions d&#8217;inter\u00e8s:<\/strong><\/p>\n<ul>\n<li><a href=\"https:\/\/blog.cofb.cat\/en-marxa-lagora-de-nutricio-i-salut-per-incidir-en-lalimentacio-saludable-dadults-i-persones-grans\/\" target=\"_blank\" rel=\"noopener\">En marxa l&#8217;\u00c0gora de Nutrici\u00f3 i Salut per incidir en l&#8217;alimentaci\u00f3 saludable d&#8217;adults i persones grans (Maig 2019)<\/a><\/li>\n<li><a href=\"https:\/\/blog.cofb.cat\/nova-edicio-del-curs-la-salut-del-viatger-dagora-sanitaria\/\" target=\"_blank\" rel=\"noopener\">Nova edici\u00f3 del curs &#8220;La salut del viatger&#8221; d&#8217;\u00c0gora Sanit\u00e0ria (Juliol 2018)<\/a><\/li>\n<\/ul>\n","protected":false},"excerpt":{"rendered":"<p>La web d&#8217;\u00c0gora Sanit\u00e0ria s&#8217;ha renovat per complet. L&#8217;actualitzaci\u00f3 -amb molts m\u00e9s serveis- permet accedir al portal des de qualsevol dispositiu, aix\u00ed com un seguiment m\u00e9s \u00e0gil de totes les activitats i novetats que inclou. A m\u00e9s, la nova versi\u00f3 s&#8217;ha millorat seguint en tot moment els criteris de qualitat [&hellip;]<\/p>\n","protected":false},"author":1,"featured_media":45737,"comment_status":"open","ping_status":"open","sticky":false,"template":"","format":"standard","meta":{"_uag_custom_page_level_css":"","site-sidebar-layout":"default","site-content-layout":"","ast-site-content-layout":"default","site-content-style":"default","site-sidebar-style":"default","ast-global-header-display":"","ast-banner-title-visibility":"","ast-main-header-display":"","ast-hfb-above-header-display":"","ast-hfb-below-header-display":"","ast-hfb-mobile-header-display":"","site-post-title":"","ast-breadcrumbs-content":"","ast-featured-img":"disabled","footer-sml-layout":"","theme-transparent-header-meta":"","adv-header-id-meta":"","stick-header-meta":"","header-above-stick-meta":"","header-main-stick-meta":"","header-below-stick-meta":"","astra-migrate-meta-layouts":"default","ast-page-background-enabled":"default","ast-page-background-meta":{"desktop":{"background-color":"var(--ast-global-color-4)","background-image":"","background-repeat":"repeat","background-position":"center center","background-size":"auto","background-attachment":"scroll","background-type":"","background-media":"","overlay-type":"","overlay-color":"","overlay-opacity":"","overlay-gradient":""},"tablet":{"background-color":"","background-image":"","background-repeat":"repeat","background-position":"center center","background-size":"auto","background-attachment":"scroll","background-type":"","background-media":"","overlay-type":"","overlay-color":"","overlay-opacity":"","overlay-gradient":""},"mobile":{"background-color":"","background-image":"","background-repeat":"repeat","background-position":"center center","background-size":"auto","background-attachment":"scroll","background-type":"","background-media":"","overlay-type":"","overlay-color":"","overlay-opacity":"","overlay-gradient":""}},"ast-content-background-meta":{"desktop":{"background-color":"var(--ast-global-color-5)","background-image":"","background-repeat":"repeat","background-position":"center center","background-size":"auto","background-attachment":"scroll","background-type":"","background-media":"","overlay-type":"","overlay-color":"","overlay-opacity":"","overlay-gradient":""},"tablet":{"background-color":"var(--ast-global-color-5)","background-image":"","background-repeat":"repeat","background-position":"center center","background-size":"auto","background-attachment":"scroll","background-type":"","background-media":"","overlay-type":"","overlay-color":"","overlay-opacity":"","overlay-gradient":""},"mobile":{"background-color":"var(--ast-global-color-5)","background-image":"","background-repeat":"repeat","background-position":"center center","background-size":"auto","background-attachment":"scroll","background-type":"","background-media":"","overlay-type":"","overlay-color":"","overlay-opacity":"","overlay-gradient":""}},"footnotes":""},"categories":[23,57],"tags":[467,109,3505,3506,18,110,19,3507,70,334],"class_list":["post-45734","post","type-post","status-publish","format-standard","has-post-thumbnail","hentry","category-destacats","category-mon-collegial","tag-activitats-formatives","tag-agora-sanitaria","tag-cof-de-les-illes-balears","tag-cof-de-tenerife","tag-cofb","tag-cofm","tag-collegi-de-farmaceutics-de-barcelona","tag-convenis","tag-formacio","tag-formacio-online"],"yoast_head":"<!-- This site is optimized with the Yoast SEO plugin v22.4 - https:\/\/yoast.com\/wordpress\/plugins\/seo\/ -->\n<title>\u00c0gora Sanit\u00e0ria es renova i firma un conveni de col\u00b7laboraci\u00f3 amb els COFs de Tenerife i Illes Balears per ampliar les oportunitats formatives online dels seus col\u00b7legiats - Col\u00b7legi de Farmac\u00e8utics de Barcelona<\/title>\n<meta name=\"description\" content=\"La web d&#039;\u00c0gora Sanit\u00e0ria s&#039;ha renovat per complet. L&#039;actualitzaci\u00f3 -amb molts m\u00e9s serveis- permet accedir al portal des de qualsevol dispositiu, aix\u00ed com un seguiment m\u00e9s \u00e0gil de totes les activitats i novetats que inclou.\" \/>\n<meta name=\"robots\" content=\"index, follow, max-snippet:-1, max-image-preview:large, max-video-preview:-1\" \/>\n<link rel=\"canonical\" href=\"https:\/\/novaorg.cofb.net\/2019\/05\/28\/agora-sanitaria-es-renova-i-firma-un-conveni-de-collaboracio-amb-els-cofs-de-tenerife-i-illes-balears-per-ampliar-les-oportunitats-formatives-online-dels-seus-collegiats\/\" \/>\n<meta property=\"og:locale\" content=\"ca_ES\" \/>\n<meta property=\"og:type\" content=\"article\" \/>\n<meta property=\"og:title\" content=\"\u00c0gora Sanit\u00e0ria es renova i firma un conveni de col\u00b7laboraci\u00f3 amb els COFs de Tenerife i Illes Balears per ampliar les oportunitats formatives online dels seus col\u00b7legiats - Col\u00b7legi de Farmac\u00e8utics de Barcelona\" \/>\n<meta property=\"og:description\" content=\"La web d&#039;\u00c0gora Sanit\u00e0ria s&#039;ha renovat per complet. L&#039;actualitzaci\u00f3 -amb molts m\u00e9s serveis- permet accedir al portal des de qualsevol dispositiu, aix\u00ed com un seguiment m\u00e9s \u00e0gil de totes les activitats i novetats que inclou.\" \/>\n<meta property=\"og:url\" content=\"https:\/\/novaorg.cofb.net\/2019\/05\/28\/agora-sanitaria-es-renova-i-firma-un-conveni-de-collaboracio-amb-els-cofs-de-tenerife-i-illes-balears-per-ampliar-les-oportunitats-formatives-online-dels-seus-collegiats\/\" \/>\n<meta property=\"og:site_name\" content=\"Col\u00b7legi de Farmac\u00e8utics de Barcelona\" \/>\n<meta property=\"article:publisher\" content=\"https:\/\/www.facebook.com\/farmaceuticsbcn\/\" \/>\n<meta property=\"article:published_time\" content=\"2019-05-28T15:05:07+00:00\" \/>\n<meta name=\"author\" content=\"wpAdminCofbOrg\" \/>\n<meta name=\"twitter:card\" content=\"summary_large_image\" \/>\n<meta name=\"twitter:creator\" content=\"@farmaceuticsbcn\" \/>\n<meta name=\"twitter:site\" content=\"@farmaceuticsbcn\" \/>\n<meta name=\"twitter:label1\" content=\"Escrit per\" \/>\n\t<meta name=\"twitter:data1\" content=\"wpAdminCofbOrg\" \/>\n\t<meta name=\"twitter:label2\" content=\"Temps estimat de lectura\" \/>\n\t<meta name=\"twitter:data2\" content=\"3 minuts\" \/>\n<script type=\"application\/ld+json\" class=\"yoast-schema-graph\">{\"@context\":\"https:\/\/schema.org\",\"@graph\":[{\"@type\":\"Article\",\"@id\":\"https:\/\/novaorg.cofb.net\/2019\/05\/28\/agora-sanitaria-es-renova-i-firma-un-conveni-de-collaboracio-amb-els-cofs-de-tenerife-i-illes-balears-per-ampliar-les-oportunitats-formatives-online-dels-seus-collegiats\/#article\",\"isPartOf\":{\"@id\":\"https:\/\/novaorg.cofb.net\/2019\/05\/28\/agora-sanitaria-es-renova-i-firma-un-conveni-de-collaboracio-amb-els-cofs-de-tenerife-i-illes-balears-per-ampliar-les-oportunitats-formatives-online-dels-seus-collegiats\/\"},\"author\":{\"name\":\"wpAdminCofbOrg\",\"@id\":\"https:\/\/www.cofb.org\/#\/schema\/person\/22ed7eea88da74b0fa4d3154ad87ffcb\"},\"headline\":\"\u00c0gora Sanit\u00e0ria es renova i firma un conveni de col\u00b7laboraci\u00f3 amb els COFs de Tenerife i Illes Balears per ampliar les oportunitats formatives online dels seus col\u00b7legiats\",\"datePublished\":\"2019-05-28T15:05:07+00:00\",\"dateModified\":\"2019-05-28T15:05:07+00:00\",\"mainEntityOfPage\":{\"@id\":\"https:\/\/novaorg.cofb.net\/2019\/05\/28\/agora-sanitaria-es-renova-i-firma-un-conveni-de-collaboracio-amb-els-cofs-de-tenerife-i-illes-balears-per-ampliar-les-oportunitats-formatives-online-dels-seus-collegiats\/\"},\"wordCount\":709,\"commentCount\":0,\"publisher\":{\"@id\":\"https:\/\/www.cofb.org\/#organization\"},\"image\":{\"@id\":\"https:\/\/novaorg.cofb.net\/2019\/05\/28\/agora-sanitaria-es-renova-i-firma-un-conveni-de-collaboracio-amb-els-cofs-de-tenerife-i-illes-balears-per-ampliar-les-oportunitats-formatives-online-dels-seus-collegiats\/#primaryimage\"},\"thumbnailUrl\":\"\",\"keywords\":[\"activitats formatives\",\"\u00c1gora Sanitaria\",\"COF de les Illes Balears\",\"COF de Tenerife\",\"COFB\",\"COFM\",\"Col\u00b7legi de Farmac\u00e8utics de Barcelona\",\"convenis\",\"Formaci\u00f3\",\"formaci\u00f3 online\"],\"articleSection\":[\"Destacats\",\"M\u00f3n col\u00b7legial\"],\"inLanguage\":\"ca\",\"potentialAction\":[{\"@type\":\"CommentAction\",\"name\":\"Comment\",\"target\":[\"https:\/\/novaorg.cofb.net\/2019\/05\/28\/agora-sanitaria-es-renova-i-firma-un-conveni-de-collaboracio-amb-els-cofs-de-tenerife-i-illes-balears-per-ampliar-les-oportunitats-formatives-online-dels-seus-collegiats\/#respond\"]}]},{\"@type\":\"WebPage\",\"@id\":\"https:\/\/novaorg.cofb.net\/2019\/05\/28\/agora-sanitaria-es-renova-i-firma-un-conveni-de-collaboracio-amb-els-cofs-de-tenerife-i-illes-balears-per-ampliar-les-oportunitats-formatives-online-dels-seus-collegiats\/\",\"url\":\"https:\/\/novaorg.cofb.net\/2019\/05\/28\/agora-sanitaria-es-renova-i-firma-un-conveni-de-collaboracio-amb-els-cofs-de-tenerife-i-illes-balears-per-ampliar-les-oportunitats-formatives-online-dels-seus-collegiats\/\",\"name\":\"\u00c0gora Sanit\u00e0ria es renova i firma un conveni de col\u00b7laboraci\u00f3 amb els COFs de Tenerife i Illes Balears per ampliar les oportunitats formatives online dels seus col\u00b7legiats - Col\u00b7legi de Farmac\u00e8utics de Barcelona\",\"isPartOf\":{\"@id\":\"https:\/\/www.cofb.org\/#website\"},\"primaryImageOfPage\":{\"@id\":\"https:\/\/novaorg.cofb.net\/2019\/05\/28\/agora-sanitaria-es-renova-i-firma-un-conveni-de-collaboracio-amb-els-cofs-de-tenerife-i-illes-balears-per-ampliar-les-oportunitats-formatives-online-dels-seus-collegiats\/#primaryimage\"},\"image\":{\"@id\":\"https:\/\/novaorg.cofb.net\/2019\/05\/28\/agora-sanitaria-es-renova-i-firma-un-conveni-de-collaboracio-amb-els-cofs-de-tenerife-i-illes-balears-per-ampliar-les-oportunitats-formatives-online-dels-seus-collegiats\/#primaryimage\"},\"thumbnailUrl\":\"\",\"datePublished\":\"2019-05-28T15:05:07+00:00\",\"dateModified\":\"2019-05-28T15:05:07+00:00\",\"description\":\"La web d'\u00c0gora Sanit\u00e0ria s'ha renovat per complet. L'actualitzaci\u00f3 -amb molts m\u00e9s serveis- permet accedir al portal des de qualsevol dispositiu, aix\u00ed com un seguiment m\u00e9s \u00e0gil de totes les activitats i novetats que inclou.\",\"breadcrumb\":{\"@id\":\"https:\/\/novaorg.cofb.net\/2019\/05\/28\/agora-sanitaria-es-renova-i-firma-un-conveni-de-collaboracio-amb-els-cofs-de-tenerife-i-illes-balears-per-ampliar-les-oportunitats-formatives-online-dels-seus-collegiats\/#breadcrumb\"},\"inLanguage\":\"ca\",\"potentialAction\":[{\"@type\":\"ReadAction\",\"target\":[\"https:\/\/novaorg.cofb.net\/2019\/05\/28\/agora-sanitaria-es-renova-i-firma-un-conveni-de-collaboracio-amb-els-cofs-de-tenerife-i-illes-balears-per-ampliar-les-oportunitats-formatives-online-dels-seus-collegiats\/\"]}]},{\"@type\":\"ImageObject\",\"inLanguage\":\"ca\",\"@id\":\"https:\/\/novaorg.cofb.net\/2019\/05\/28\/agora-sanitaria-es-renova-i-firma-un-conveni-de-collaboracio-amb-els-cofs-de-tenerife-i-illes-balears-per-ampliar-les-oportunitats-formatives-online-dels-seus-collegiats\/#primaryimage\",\"url\":\"\",\"contentUrl\":\"\"},{\"@type\":\"BreadcrumbList\",\"@id\":\"https:\/\/novaorg.cofb.net\/2019\/05\/28\/agora-sanitaria-es-renova-i-firma-un-conveni-de-collaboracio-amb-els-cofs-de-tenerife-i-illes-balears-per-ampliar-les-oportunitats-formatives-online-dels-seus-collegiats\/#breadcrumb\",\"itemListElement\":[{\"@type\":\"ListItem\",\"position\":1,\"name\":\"Inici\",\"item\":\"https:\/\/novaorg.cofb.net\/\"},{\"@type\":\"ListItem\",\"position\":2,\"name\":\"\u00c0gora Sanit\u00e0ria es renova i firma un conveni de col\u00b7laboraci\u00f3 amb els COFs de Tenerife i Illes Balears per ampliar les oportunitats formatives online dels seus col\u00b7legiats\"}]},{\"@type\":\"WebSite\",\"@id\":\"https:\/\/www.cofb.org\/#website\",\"url\":\"https:\/\/www.cofb.org\/\",\"name\":\"Col\u00b7legi de Farmac\u00e8utics de Barcelona\",\"description\":\"\",\"publisher\":{\"@id\":\"https:\/\/www.cofb.org\/#organization\"},\"potentialAction\":[{\"@type\":\"SearchAction\",\"target\":{\"@type\":\"EntryPoint\",\"urlTemplate\":\"https:\/\/www.cofb.org\/?s={search_term_string}\"},\"query-input\":\"required name=search_term_string\"}],\"inLanguage\":\"ca\"},{\"@type\":\"Organization\",\"@id\":\"https:\/\/www.cofb.org\/#organization\",\"name\":\"Col\u00b7legi de Farmac\u00e8utics de Barcelona\",\"url\":\"https:\/\/www.cofb.org\/\",\"logo\":{\"@type\":\"ImageObject\",\"inLanguage\":\"ca\",\"@id\":\"https:\/\/www.cofb.org\/#\/schema\/logo\/image\/\",\"url\":\"https:\/\/www.cofb.org\/wp-content\/uploads\/2023\/11\/cropped-Logotip-COFB.png\",\"contentUrl\":\"https:\/\/www.cofb.org\/wp-content\/uploads\/2023\/11\/cropped-Logotip-COFB.png\",\"width\":500,\"height\":105,\"caption\":\"Col\u00b7legi de Farmac\u00e8utics de Barcelona\"},\"image\":{\"@id\":\"https:\/\/www.cofb.org\/#\/schema\/logo\/image\/\"},\"sameAs\":[\"https:\/\/www.facebook.com\/farmaceuticsbcn\/\",\"https:\/\/twitter.com\/farmaceuticsbcn\",\"https:\/\/www.instagram.com\/farmaceuticsbcn\/\",\"https:\/\/www.linkedin.com\/company\/farmaceuticsbcn\/\"]},{\"@type\":\"Person\",\"@id\":\"https:\/\/www.cofb.org\/#\/schema\/person\/22ed7eea88da74b0fa4d3154ad87ffcb\",\"name\":\"wpAdminCofbOrg\",\"image\":{\"@type\":\"ImageObject\",\"inLanguage\":\"ca\",\"@id\":\"https:\/\/www.cofb.org\/#\/schema\/person\/image\/\",\"url\":\"https:\/\/secure.gravatar.com\/avatar\/1721b20b3b8ca882c3b56ec6c978c594fff670e40c0718e9190eaeeb76aae7d8?s=96&d=mm&r=g\",\"contentUrl\":\"https:\/\/secure.gravatar.com\/avatar\/1721b20b3b8ca882c3b56ec6c978c594fff670e40c0718e9190eaeeb76aae7d8?s=96&d=mm&r=g\",\"caption\":\"wpAdminCofbOrg\"},\"sameAs\":[\"http:\/\/192.168.64.122\/wordpress\"],\"url\":\"https:\/\/www.cofb.org\/ca\/author\/wpadmincofborg\/\"}]}<\/script>\n<!-- \/ Yoast SEO plugin. -->","yoast_head_json":{"title":"\u00c0gora Sanit\u00e0ria es renova i firma un conveni de col\u00b7laboraci\u00f3 amb els COFs de Tenerife i Illes Balears per ampliar les oportunitats formatives online dels seus col\u00b7legiats - Col\u00b7legi de Farmac\u00e8utics de Barcelona","description":"La web d'\u00c0gora Sanit\u00e0ria s'ha renovat per complet. L'actualitzaci\u00f3 -amb molts m\u00e9s serveis- permet accedir al portal des de qualsevol dispositiu, aix\u00ed com un seguiment m\u00e9s \u00e0gil de totes les activitats i novetats que inclou.","robots":{"index":"index","follow":"follow","max-snippet":"max-snippet:-1","max-image-preview":"max-image-preview:large","max-video-preview":"max-video-preview:-1"},"canonical":"https:\/\/novaorg.cofb.net\/2019\/05\/28\/agora-sanitaria-es-renova-i-firma-un-conveni-de-collaboracio-amb-els-cofs-de-tenerife-i-illes-balears-per-ampliar-les-oportunitats-formatives-online-dels-seus-collegiats\/","og_locale":"ca_ES","og_type":"article","og_title":"\u00c0gora Sanit\u00e0ria es renova i firma un conveni de col\u00b7laboraci\u00f3 amb els COFs de Tenerife i Illes Balears per ampliar les oportunitats formatives online dels seus col\u00b7legiats - Col\u00b7legi de Farmac\u00e8utics de Barcelona","og_description":"La web d'\u00c0gora Sanit\u00e0ria s'ha renovat per complet. L'actualitzaci\u00f3 -amb molts m\u00e9s serveis- permet accedir al portal des de qualsevol dispositiu, aix\u00ed com un seguiment m\u00e9s \u00e0gil de totes les activitats i novetats que inclou.","og_url":"https:\/\/novaorg.cofb.net\/2019\/05\/28\/agora-sanitaria-es-renova-i-firma-un-conveni-de-collaboracio-amb-els-cofs-de-tenerife-i-illes-balears-per-ampliar-les-oportunitats-formatives-online-dels-seus-collegiats\/","og_site_name":"Col\u00b7legi de Farmac\u00e8utics de Barcelona","article_publisher":"https:\/\/www.facebook.com\/farmaceuticsbcn\/","article_published_time":"2019-05-28T15:05:07+00:00","author":"wpAdminCofbOrg","twitter_card":"summary_large_image","twitter_creator":"@farmaceuticsbcn","twitter_site":"@farmaceuticsbcn","twitter_misc":{"Escrit per":"wpAdminCofbOrg","Temps estimat de lectura":"3 minuts"},"schema":{"@context":"https:\/\/schema.org","@graph":[{"@type":"Article","@id":"https:\/\/novaorg.cofb.net\/2019\/05\/28\/agora-sanitaria-es-renova-i-firma-un-conveni-de-collaboracio-amb-els-cofs-de-tenerife-i-illes-balears-per-ampliar-les-oportunitats-formatives-online-dels-seus-collegiats\/#article","isPartOf":{"@id":"https:\/\/novaorg.cofb.net\/2019\/05\/28\/agora-sanitaria-es-renova-i-firma-un-conveni-de-collaboracio-amb-els-cofs-de-tenerife-i-illes-balears-per-ampliar-les-oportunitats-formatives-online-dels-seus-collegiats\/"},"author":{"name":"wpAdminCofbOrg","@id":"https:\/\/www.cofb.org\/#\/schema\/person\/22ed7eea88da74b0fa4d3154ad87ffcb"},"headline":"\u00c0gora Sanit\u00e0ria es renova i firma un conveni de col\u00b7laboraci\u00f3 amb els COFs de Tenerife i Illes Balears per ampliar les oportunitats formatives online dels seus col\u00b7legiats","datePublished":"2019-05-28T15:05:07+00:00","dateModified":"2019-05-28T15:05:07+00:00","mainEntityOfPage":{"@id":"https:\/\/novaorg.cofb.net\/2019\/05\/28\/agora-sanitaria-es-renova-i-firma-un-conveni-de-collaboracio-amb-els-cofs-de-tenerife-i-illes-balears-per-ampliar-les-oportunitats-formatives-online-dels-seus-collegiats\/"},"wordCount":709,"commentCount":0,"publisher":{"@id":"https:\/\/www.cofb.org\/#organization"},"image":{"@id":"https:\/\/novaorg.cofb.net\/2019\/05\/28\/agora-sanitaria-es-renova-i-firma-un-conveni-de-collaboracio-amb-els-cofs-de-tenerife-i-illes-balears-per-ampliar-les-oportunitats-formatives-online-dels-seus-collegiats\/#primaryimage"},"thumbnailUrl":"","keywords":["activitats formatives","\u00c1gora Sanitaria","COF de les Illes Balears","COF de Tenerife","COFB","COFM","Col\u00b7legi de Farmac\u00e8utics de Barcelona","convenis","Formaci\u00f3","formaci\u00f3 online"],"articleSection":["Destacats","M\u00f3n col\u00b7legial"],"inLanguage":"ca","potentialAction":[{"@type":"CommentAction","name":"Comment","target":["https:\/\/novaorg.cofb.net\/2019\/05\/28\/agora-sanitaria-es-renova-i-firma-un-conveni-de-collaboracio-amb-els-cofs-de-tenerife-i-illes-balears-per-ampliar-les-oportunitats-formatives-online-dels-seus-collegiats\/#respond"]}]},{"@type":"WebPage","@id":"https:\/\/novaorg.cofb.net\/2019\/05\/28\/agora-sanitaria-es-renova-i-firma-un-conveni-de-collaboracio-amb-els-cofs-de-tenerife-i-illes-balears-per-ampliar-les-oportunitats-formatives-online-dels-seus-collegiats\/","url":"https:\/\/novaorg.cofb.net\/2019\/05\/28\/agora-sanitaria-es-renova-i-firma-un-conveni-de-collaboracio-amb-els-cofs-de-tenerife-i-illes-balears-per-ampliar-les-oportunitats-formatives-online-dels-seus-collegiats\/","name":"\u00c0gora Sanit\u00e0ria es renova i firma un conveni de col\u00b7laboraci\u00f3 amb els COFs de Tenerife i Illes Balears per ampliar les oportunitats formatives online dels seus col\u00b7legiats - Col\u00b7legi de Farmac\u00e8utics de Barcelona","isPartOf":{"@id":"https:\/\/www.cofb.org\/#website"},"primaryImageOfPage":{"@id":"https:\/\/novaorg.cofb.net\/2019\/05\/28\/agora-sanitaria-es-renova-i-firma-un-conveni-de-collaboracio-amb-els-cofs-de-tenerife-i-illes-balears-per-ampliar-les-oportunitats-formatives-online-dels-seus-collegiats\/#primaryimage"},"image":{"@id":"https:\/\/novaorg.cofb.net\/2019\/05\/28\/agora-sanitaria-es-renova-i-firma-un-conveni-de-collaboracio-amb-els-cofs-de-tenerife-i-illes-balears-per-ampliar-les-oportunitats-formatives-online-dels-seus-collegiats\/#primaryimage"},"thumbnailUrl":"","datePublished":"2019-05-28T15:05:07+00:00","dateModified":"2019-05-28T15:05:07+00:00","description":"La web d'\u00c0gora Sanit\u00e0ria s'ha renovat per complet. L'actualitzaci\u00f3 -amb molts m\u00e9s serveis- permet accedir al portal des de qualsevol dispositiu, aix\u00ed com un seguiment m\u00e9s \u00e0gil de totes les activitats i novetats que inclou.","breadcrumb":{"@id":"https:\/\/novaorg.cofb.net\/2019\/05\/28\/agora-sanitaria-es-renova-i-firma-un-conveni-de-collaboracio-amb-els-cofs-de-tenerife-i-illes-balears-per-ampliar-les-oportunitats-formatives-online-dels-seus-collegiats\/#breadcrumb"},"inLanguage":"ca","potentialAction":[{"@type":"ReadAction","target":["https:\/\/novaorg.cofb.net\/2019\/05\/28\/agora-sanitaria-es-renova-i-firma-un-conveni-de-collaboracio-amb-els-cofs-de-tenerife-i-illes-balears-per-ampliar-les-oportunitats-formatives-online-dels-seus-collegiats\/"]}]},{"@type":"ImageObject","inLanguage":"ca","@id":"https:\/\/novaorg.cofb.net\/2019\/05\/28\/agora-sanitaria-es-renova-i-firma-un-conveni-de-collaboracio-amb-els-cofs-de-tenerife-i-illes-balears-per-ampliar-les-oportunitats-formatives-online-dels-seus-collegiats\/#primaryimage","url":"","contentUrl":""},{"@type":"BreadcrumbList","@id":"https:\/\/novaorg.cofb.net\/2019\/05\/28\/agora-sanitaria-es-renova-i-firma-un-conveni-de-collaboracio-amb-els-cofs-de-tenerife-i-illes-balears-per-ampliar-les-oportunitats-formatives-online-dels-seus-collegiats\/#breadcrumb","itemListElement":[{"@type":"ListItem","position":1,"name":"Inici","item":"https:\/\/novaorg.cofb.net\/"},{"@type":"ListItem","position":2,"name":"\u00c0gora Sanit\u00e0ria es renova i firma un conveni de col\u00b7laboraci\u00f3 amb els COFs de Tenerife i Illes Balears per ampliar les oportunitats formatives online dels seus col\u00b7legiats"}]},{"@type":"WebSite","@id":"https:\/\/www.cofb.org\/#website","url":"https:\/\/www.cofb.org\/","name":"Col\u00b7legi de Farmac\u00e8utics de Barcelona","description":"","publisher":{"@id":"https:\/\/www.cofb.org\/#organization"},"potentialAction":[{"@type":"SearchAction","target":{"@type":"EntryPoint","urlTemplate":"https:\/\/www.cofb.org\/?s={search_term_string}"},"query-input":"required name=search_term_string"}],"inLanguage":"ca"},{"@type":"Organization","@id":"https:\/\/www.cofb.org\/#organization","name":"Col\u00b7legi de Farmac\u00e8utics de Barcelona","url":"https:\/\/www.cofb.org\/","logo":{"@type":"ImageObject","inLanguage":"ca","@id":"https:\/\/www.cofb.org\/#\/schema\/logo\/image\/","url":"https:\/\/www.cofb.org\/wp-content\/uploads\/2023\/11\/cropped-Logotip-COFB.png","contentUrl":"https:\/\/www.cofb.org\/wp-content\/uploads\/2023\/11\/cropped-Logotip-COFB.png","width":500,"height":105,"caption":"Col\u00b7legi de Farmac\u00e8utics de Barcelona"},"image":{"@id":"https:\/\/www.cofb.org\/#\/schema\/logo\/image\/"},"sameAs":["https:\/\/www.facebook.com\/farmaceuticsbcn\/","https:\/\/twitter.com\/farmaceuticsbcn","https:\/\/www.instagram.com\/farmaceuticsbcn\/","https:\/\/www.linkedin.com\/company\/farmaceuticsbcn\/"]},{"@type":"Person","@id":"https:\/\/www.cofb.org\/#\/schema\/person\/22ed7eea88da74b0fa4d3154ad87ffcb","name":"wpAdminCofbOrg","image":{"@type":"ImageObject","inLanguage":"ca","@id":"https:\/\/www.cofb.org\/#\/schema\/person\/image\/","url":"https:\/\/secure.gravatar.com\/avatar\/1721b20b3b8ca882c3b56ec6c978c594fff670e40c0718e9190eaeeb76aae7d8?s=96&d=mm&r=g","contentUrl":"https:\/\/secure.gravatar.com\/avatar\/1721b20b3b8ca882c3b56ec6c978c594fff670e40c0718e9190eaeeb76aae7d8?s=96&d=mm&r=g","caption":"wpAdminCofbOrg"},"sameAs":["http:\/\/192.168.64.122\/wordpress"],"url":"https:\/\/www.cofb.org\/ca\/author\/wpadmincofborg\/"}]}},"uagb_featured_image_src":{"full":false,"thumbnail":false,"medium":false,"medium_large":false,"large":false,"1536x1536":false,"2048x2048":false,"trp-custom-language-flag":false},"uagb_author_info":{"display_name":"wpAdminCofbOrg","author_link":"https:\/\/www.cofb.org\/ca\/author\/wpadmincofborg\/"},"uagb_comment_info":0,"uagb_excerpt":"La web d&#8217;\u00c0gora Sanit\u00e0ria s&#8217;ha renovat per complet. L&#8217;actualitzaci\u00f3 -amb molts m\u00e9s serveis- permet accedir al portal des de qualsevol dispositiu, aix\u00ed com un seguiment m\u00e9s \u00e0gil de totes les activitats i novetats que inclou. A m\u00e9s, la nova versi\u00f3 s&#8217;ha millorat seguint en tot moment els criteris de qualitat [&hellip;]","_links":{"self":[{"href":"https:\/\/www.cofb.org\/ca\/wp-json\/wp\/v2\/posts\/45734","targetHints":{"allow":["GET"]}}],"collection":[{"href":"https:\/\/www.cofb.org\/ca\/wp-json\/wp\/v2\/posts"}],"about":[{"href":"https:\/\/www.cofb.org\/ca\/wp-json\/wp\/v2\/types\/post"}],"author":[{"embeddable":true,"href":"https:\/\/www.cofb.org\/ca\/wp-json\/wp\/v2\/users\/1"}],"replies":[{"embeddable":true,"href":"https:\/\/www.cofb.org\/ca\/wp-json\/wp\/v2\/comments?post=45734"}],"version-history":[{"count":0,"href":"https:\/\/www.cofb.org\/ca\/wp-json\/wp\/v2\/posts\/45734\/revisions"}],"wp:featuredmedia":[{"embeddable":true,"href":"https:\/\/www.cofb.org\/ca\/wp-json\/"}],"wp:attachment":[{"href":"https:\/\/www.cofb.org\/ca\/wp-json\/wp\/v2\/media?parent=45734"}],"wp:term":[{"taxonomy":"category","embeddable":true,"href":"https:\/\/www.cofb.org\/ca\/wp-json\/wp\/v2\/categories?post=45734"},{"taxonomy":"post_tag","embeddable":true,"href":"https:\/\/www.cofb.org\/ca\/wp-json\/wp\/v2\/tags?post=45734"}],"curies":[{"name":"wp","href":"https:\/\/api.w.org\/{rel}","templated":true}]}}