{"id":44577,"date":"2019-02-28T19:00:05","date_gmt":"2019-02-28T17:00:05","guid":{"rendered":"https:\/\/blog.cofb.cat\/?p=44577"},"modified":"2019-02-28T19:00:05","modified_gmt":"2019-02-28T17:00:05","slug":"infarma-solidari-recaptara-fons-per-dotar-amb-mes-recursos-el-servei-de-farmacia-de-lhospital-de-gambo-detiopia","status":"publish","type":"post","link":"https:\/\/www.cofb.org\/ca\/2019\/02\/28\/infarma-solidari-recaptara-fons-per-dotar-amb-mes-recursos-el-servei-de-farmacia-de-lhospital-de-gambo-detiopia\/","title":{"rendered":"Infarma Solidari recaptar\u00e0 fons per dotar de m\u00e9s recursos el servei de Farm\u00e0cia de l&#8217;Hospital de Gambo d&#8217;Eti\u00f2pia"},"content":{"rendered":"<p>En el marc d&#8217;<a href=\"https:\/\/www.infarma.es\/\" target=\"_blank\" rel=\"noopener\">Infarma<\/a>, que se celebrar\u00e0 del 19 al 21 de mar\u00e7, tindr\u00e0 lloc, un any m\u00e9s, la iniciativa Infarma Solidari.\u00a0Enguany, el projecte <strong>&#8220;Supervisi\u00f3 del servei de Farm\u00e0cia de l&#8217;Hospital de Gambo&#8221;<\/strong>, de la <a href=\"https:\/\/www.fundacionelalto.es\/\" target=\"_blank\" rel=\"noopener\">Fundaci\u00f3 El Alto<\/a>, ha rebut la <strong>m\u00e0xima puntuaci\u00f3<\/strong> en la convocat\u00f2ria p\u00fablica realitzada per aquesta iniciativa solid\u00e0ria.<\/p>\n<p>Aix\u00ed doncs,\u00a0 rebr\u00e0 els\u00a0recursos obtinguts amb la venda d&#8217;entrades (disponibles a\u00a0<a href=\"https:\/\/www.infarma.es\/infarma-solidario\" target=\"_blank\" rel=\"noopener\">www.infarma.es\/infarma-solidario<\/a>) i els patrocinis del <strong>concert ben\u00e8fic<\/strong> que el grup <strong>Los Manolos<\/strong> oferir\u00e0 a la <strong>Sala Luz de Gas<\/strong> el <strong>pr\u00f2xim 19 de mar\u00e7<\/strong>.\u00a0En cas que la quantitat recaptada superi la que el guanyador ha pressupostat, la quantitat restant es repartir\u00e0 a parts iguals entre la resta de projectes finalistes.<\/p>\n<figure id=\"attachment_44597\" aria-describedby=\"caption-attachment-44597\" style=\"width: 711px\" class=\"wp-caption aligncenter\"><a href=\"https:\/\/blog.cofb.cat\/wp-content\/uploads\/2019\/02\/El-Alto-4.jpg\"><img fetchpriority=\"high\" decoding=\"async\" class=\"wp-image-44597 size-full\" src=\"https:\/\/blog.cofb.cat\/wp-content\/uploads\/2019\/02\/El-Alto-4.jpg\" alt=\"\" width=\"711\" height=\"533\" \/><\/a><figcaption id=\"caption-attachment-44597\" class=\"wp-caption-text\">Infarma Solidari ha seleccionat el projecte &#8220;Supervisi\u00f3 del servei de Farm\u00e0cia de l&#8217;Hospital de Gambo&#8221; de la Fundaci\u00f3 El Alto.<\/figcaption><\/figure>\n<h1><span style=\"color: #008080;\"><strong>Objectius i l\u00ednies d&#8217;actuaci\u00f3 del projecte seleccionat<\/strong><\/span><\/h1>\n<p>La Fundaci\u00f3 El Alto treballa en la <strong>millora de les condicions sanit\u00e0ries de diversos hospitals de l\u2019\u00c0frica<\/strong>, implantant un servei de Farm\u00e0cia Hospital\u00e0ria que compleixi amb les normes internacionals de qualitat. El <strong>projecte seleccionat<\/strong> per Infarma Solidari parteix de <strong>dos grans objectius<\/strong>: la <strong>capacitaci\u00f3 farmac\u00e8utica en el medi rural et\u00edop<\/strong> i la <strong>millora de la gesti\u00f3 farmac\u00e8utica a l&#8217;Hospital General Rural de Gambo<\/strong>.<\/p>\n<p>Aquests <strong>objectius<\/strong>, al seu torn, es tradueixen en <strong>5 l\u00ednies d&#8217;actuaci\u00f3 centrades en l&#8217;Hospital General Rural de Gambo<\/strong>:<\/p>\n<ul>\n<li>integraci\u00f3 i consolidaci\u00f3 del programa formador de formadors<\/li>\n<li>supervisi\u00f3 de la medicina tradicional<\/li>\n<li>supervisi\u00f3, consolidaci\u00f3 i integraci\u00f3 de la gesti\u00f3 del Servei de Farm\u00e0cia<\/li>\n<li>supervisi\u00f3 i consolidaci\u00f3 de l&#8217;equip de professionals locals que treballen al servei de Farm\u00e0cia Hospital\u00e0ria<\/li>\n<li>supervisi\u00f3 i implantaci\u00f3 d&#8217;una Oficina de Farm\u00e0cia per a poder subministrar els medicaments a pacients que els necessiten i que estan molt allunyats geogr\u00e0ficament de l&#8217;Hospital, i on tamb\u00e9 s&#8217;oferir\u00e0 educaci\u00f3 sanit\u00e0ria<\/li>\n<\/ul>\n<figure id=\"attachment_44596\" aria-describedby=\"caption-attachment-44596\" style=\"width: 885px\" class=\"wp-caption aligncenter\"><a href=\"https:\/\/blog.cofb.cat\/wp-content\/uploads\/2019\/02\/El-Alto-2.jpg\"><img decoding=\"async\" class=\"wp-image-44596 size-full\" title=\"La Fundaci\u00f3 El Alto treballa en la millora de les condicions sanit\u00e0ries de diversos hospitals de l\u2019\u00c0frica.\" src=\"https:\/\/blog.cofb.cat\/wp-content\/uploads\/2019\/02\/El-Alto-2.jpg\" alt=\"La Fundaci\u00f3 El Alto treballa en la millora de les condicions sanit\u00e0ries de diversos hospitals de l\u2019\u00c0frica.\" width=\"885\" height=\"666\" \/><\/a><figcaption id=\"caption-attachment-44596\" class=\"wp-caption-text\">La Fundaci\u00f3 El Alto treballa en la millora de les condicions sanit\u00e0ries de diversos hospitals de l\u2019\u00c0frica.<\/figcaption><\/figure>\n<div class=\"box success\"><\/div>\n<h1><span style=\"color: #008080;\"><strong>Prop\u00f2sits d&#8217;Infarma Solidari<\/strong><\/span><\/h1>\n<ul>\n<li>Conscienciar de la <strong>necessitat de dedicar esfor\u00e7os al comprom\u00eds social<\/strong><\/li>\n<li><strong>Divulgar l&#8217;acci\u00f3 social i solid\u00e0ria dels diferents agents del sector farmac\u00e8utic\u00a0<\/strong>que participen en les activitats d\u2019Infarma<\/li>\n<li>Organitzar activitats amb la finalitat de <strong>recaptar fons solidaris destinats \u00edntegrament al finan\u00e7ament de projectes d&#8217;\u00e0mbit humanitari i social<\/strong><\/li>\n<\/ul>\n<\/div>\n<h1><span style=\"color: #008080;\"><strong>P\u00f2sters de Responsabilitat Social Corporativa dels expositors<\/strong><\/span><\/h1>\n<p><strong>Infarma Solidari<\/strong> ofereix l&#8217;oportunitat als <strong>expositors que ho desitgin de poder mostrar les seves accions m\u00e9s rellevants de Responsabilitat Social Corporativa<\/strong> a tots els congressistes i visitants. Els expositors poden presentar tants p\u00f2sters com considerin, tenint en compte que cada p\u00f2ster ha de centrar-se en un sol projecte.<\/p>\n<div class=\"destacat-blog\">\n<p>Els <strong>patrocinis confirmats<\/strong> fins al moment s\u00f3n <strong>A-Derma, Av\u00e8ne, Ducray, Elancyl, Exeltis, Gal\u00e9nic, Klorane, Pierre Fabre <\/strong>i<strong> Rene Furterer<\/strong> com a <strong>patrocinadors or<\/strong>; <strong>Cinfa<\/strong> i <strong>Grup Hefame<\/strong> com a <strong>patrocinadors plata<\/strong> i <strong>Farmaconsulting Transacciones, <\/strong>fede<strong>farma <\/strong>i el <strong>Consejo General de Colegios Oficiales de Farmac\u00e9uticos<\/strong>\u00a0com a <strong>patrocinador bronze<\/strong>. A m\u00e9s, t\u00e9 la col\u00b7laboraci\u00f3 de la <strong>Sala Luz de Gas<\/strong> i d&#8217;<strong>El Global<\/strong> .<\/p>\n<p><a href=\"https:\/\/blog.cofb.cat\/wp-content\/uploads\/2019\/02\/Patrocinadors-Infarma-Solidario-Ok-270319.jpg\"><img decoding=\"async\" class=\"aligncenter size-full wp-image-44979\" src=\"https:\/\/blog.cofb.cat\/wp-content\/uploads\/2019\/02\/Patrocinadors-Infarma-Solidario-Ok-270319.jpg\" alt=\"\" width=\"756\" height=\"411\" \/><\/a><span style=\"color: #993366;\"><strong>Aquells laboratoris o institucions que vulguin col\u00b7laborar amb el concert solidari poden fer-ho fins al 4 de mar\u00e7.<\/strong><\/span><\/p>\n<\/div>\n<p style=\"text-align: center;\"><strong>Podeu consultar <a href=\"http:\/\/www.cofb.org\/web\/guest\/Noticia\/-\/journal_content\/56_INSTANCE_V6ao\/10136\/1087729\" target=\"_blank\" rel=\"noopener\">aqu\u00ed<\/a> la nota de premsa enviada als mitjans de comunicaci\u00f3.\u00a0<\/strong><\/p>\n<p><strong>Altres publicacions d&#8217;inter\u00e8s:<\/strong><\/p>\n<ul>\n<li><a href=\"https:\/\/blog.cofb.cat\/infarma-solidari-recapta-mes-de-15-400e-per-impulsar-quatre-projectes-benefics-relacionats-amb-la-farmacia\/\" target=\"_blank\" rel=\"noopener\">Infarma Solidari recapta m\u00e9s de 15.400 \u20ac per impulsar quatre projectes ben\u00e8fics relacionats amb la farm\u00e0cia (Maig 2017)<\/a><\/li>\n<li><a href=\"https:\/\/blog.cofb.cat\/infarma-solidari-farmaidearium-compromis-social-xarxes-socials\/\" target=\"_blank\" rel=\"noopener\">Infarma Solidari i #Farmaidearium: comprom\u00eds social i xarxes socials (Mar\u00e7 2017)<\/a><\/li>\n<\/ul>\n","protected":false},"excerpt":{"rendered":"<p>En el marc d&#8217;Infarma, que se celebrar\u00e0 del 19 al 21 de mar\u00e7, tindr\u00e0 lloc, un any m\u00e9s, la iniciativa Infarma Solidari.\u00a0Enguany, el projecte &#8220;Supervisi\u00f3 del servei de Farm\u00e0cia de l&#8217;Hospital de Gambo&#8221;, de la Fundaci\u00f3 El Alto, ha rebut la m\u00e0xima puntuaci\u00f3 en la convocat\u00f2ria p\u00fablica realitzada per aquesta [&hellip;]<\/p>\n","protected":false},"author":1,"featured_media":44621,"comment_status":"open","ping_status":"open","sticky":false,"template":"","format":"standard","meta":{"_uag_custom_page_level_css":"","site-sidebar-layout":"default","site-content-layout":"","ast-site-content-layout":"default","site-content-style":"default","site-sidebar-style":"default","ast-global-header-display":"","ast-banner-title-visibility":"","ast-main-header-display":"","ast-hfb-above-header-display":"","ast-hfb-below-header-display":"","ast-hfb-mobile-header-display":"","site-post-title":"","ast-breadcrumbs-content":"","ast-featured-img":"disabled","footer-sml-layout":"","theme-transparent-header-meta":"","adv-header-id-meta":"","stick-header-meta":"","header-above-stick-meta":"","header-main-stick-meta":"","header-below-stick-meta":"","astra-migrate-meta-layouts":"default","ast-page-background-enabled":"default","ast-page-background-meta":{"desktop":{"background-color":"var(--ast-global-color-4)","background-image":"","background-repeat":"repeat","background-position":"center center","background-size":"auto","background-attachment":"scroll","background-type":"","background-media":"","overlay-type":"","overlay-color":"","overlay-opacity":"","overlay-gradient":""},"tablet":{"background-color":"","background-image":"","background-repeat":"repeat","background-position":"center center","background-size":"auto","background-attachment":"scroll","background-type":"","background-media":"","overlay-type":"","overlay-color":"","overlay-opacity":"","overlay-gradient":""},"mobile":{"background-color":"","background-image":"","background-repeat":"repeat","background-position":"center center","background-size":"auto","background-attachment":"scroll","background-type":"","background-media":"","overlay-type":"","overlay-color":"","overlay-opacity":"","overlay-gradient":""}},"ast-content-background-meta":{"desktop":{"background-color":"var(--ast-global-color-5)","background-image":"","background-repeat":"repeat","background-position":"center center","background-size":"auto","background-attachment":"scroll","background-type":"","background-media":"","overlay-type":"","overlay-color":"","overlay-opacity":"","overlay-gradient":""},"tablet":{"background-color":"var(--ast-global-color-5)","background-image":"","background-repeat":"repeat","background-position":"center center","background-size":"auto","background-attachment":"scroll","background-type":"","background-media":"","overlay-type":"","overlay-color":"","overlay-opacity":"","overlay-gradient":""},"mobile":{"background-color":"var(--ast-global-color-5)","background-image":"","background-repeat":"repeat","background-position":"center center","background-size":"auto","background-attachment":"scroll","background-type":"","background-media":"","overlay-type":"","overlay-color":"","overlay-opacity":"","overlay-gradient":""}},"footnotes":""},"categories":[2165],"tags":[18,19,2521,160,234,2717,111,187,53,69,28,3176,29,164,3448,3109,586],"class_list":["post-44577","post","type-post","status-publish","format-standard","has-post-thumbnail","hentry","category-infarma","tag-cofb","tag-collegi-de-farmaceutics-de-barcelona","tag-comissio-compromis-social","tag-compromis-social","tag-concert-benefic","tag-concert-solidari","tag-congres","tag-congres-i-salo","tag-farmaceutics","tag-farmacia-comunitaria","tag-infarma","tag-infarma-2019","tag-infarma-barcelona","tag-infarma-solidari","tag-iniciativa-benefica","tag-professionals-farmaceutics","tag-solidaritat"],"yoast_head":"<!-- This site is optimized with the Yoast SEO plugin v22.4 - https:\/\/yoast.com\/wordpress\/plugins\/seo\/ -->\n<title>Infarma Solidari recaptar\u00e0 fons per dotar de m\u00e9s recursos el servei de Farm\u00e0cia de l&#039;Hospital de Gambo d&#039;Eti\u00f2pia - Col\u00b7legi de Farmac\u00e8utics de Barcelona<\/title>\n<meta name=\"description\" content=\"En el marc d&#039;Infarma, que se celebrar\u00e0 del 19 al 21 de mar\u00e7, tindr\u00e0 lloc, un any m\u00e9s, la inciativa Infarma Solidari.\" \/>\n<meta name=\"robots\" content=\"index, follow, max-snippet:-1, max-image-preview:large, max-video-preview:-1\" \/>\n<link rel=\"canonical\" href=\"https:\/\/www.cofb.org\/ca\/2019\/02\/28\/infarma-solidari-recaptara-fons-per-dotar-amb-mes-recursos-el-servei-de-farmacia-de-lhospital-de-gambo-detiopia\/\" \/>\n<meta property=\"og:locale\" content=\"ca_ES\" \/>\n<meta property=\"og:type\" content=\"article\" \/>\n<meta property=\"og:title\" content=\"Infarma Solidari recaptar\u00e0 fons per dotar de m\u00e9s recursos el servei de Farm\u00e0cia de l&#039;Hospital de Gambo d&#039;Eti\u00f2pia - Col\u00b7legi de Farmac\u00e8utics de Barcelona\" \/>\n<meta property=\"og:description\" content=\"En el marc d&#039;Infarma, que se celebrar\u00e0 del 19 al 21 de mar\u00e7, tindr\u00e0 lloc, un any m\u00e9s, la inciativa Infarma Solidari.\" \/>\n<meta property=\"og:url\" content=\"https:\/\/www.cofb.org\/ca\/2019\/02\/28\/infarma-solidari-recaptara-fons-per-dotar-amb-mes-recursos-el-servei-de-farmacia-de-lhospital-de-gambo-detiopia\/\" \/>\n<meta property=\"og:site_name\" content=\"Col\u00b7legi de Farmac\u00e8utics de Barcelona\" \/>\n<meta property=\"article:publisher\" content=\"https:\/\/www.facebook.com\/farmaceuticsbcn\/\" \/>\n<meta property=\"article:published_time\" content=\"2019-02-28T17:00:05+00:00\" \/>\n<meta name=\"author\" content=\"wpAdminCofbOrg\" \/>\n<meta name=\"twitter:card\" content=\"summary_large_image\" \/>\n<meta name=\"twitter:creator\" content=\"@farmaceuticsbcn\" \/>\n<meta name=\"twitter:site\" content=\"@farmaceuticsbcn\" \/>\n<meta name=\"twitter:label1\" content=\"Escrit per\" \/>\n\t<meta name=\"twitter:data1\" content=\"wpAdminCofbOrg\" \/>\n\t<meta name=\"twitter:label2\" content=\"Temps estimat de lectura\" \/>\n\t<meta name=\"twitter:data2\" content=\"3 minuts\" \/>\n<script type=\"application\/ld+json\" class=\"yoast-schema-graph\">{\"@context\":\"https:\/\/schema.org\",\"@graph\":[{\"@type\":\"Article\",\"@id\":\"https:\/\/www.cofb.org\/2019\/02\/28\/infarma-solidari-recaptara-fons-per-dotar-amb-mes-recursos-el-servei-de-farmacia-de-lhospital-de-gambo-detiopia\/#article\",\"isPartOf\":{\"@id\":\"https:\/\/www.cofb.org\/2019\/02\/28\/infarma-solidari-recaptara-fons-per-dotar-amb-mes-recursos-el-servei-de-farmacia-de-lhospital-de-gambo-detiopia\/\"},\"author\":{\"name\":\"wpAdminCofbOrg\",\"@id\":\"https:\/\/www.cofb.org\/#\/schema\/person\/22ed7eea88da74b0fa4d3154ad87ffcb\"},\"headline\":\"Infarma Solidari recaptar\u00e0 fons per dotar de m\u00e9s recursos el servei de Farm\u00e0cia de l&#8217;Hospital de Gambo d&#8217;Eti\u00f2pia\",\"datePublished\":\"2019-02-28T17:00:05+00:00\",\"dateModified\":\"2019-02-28T17:00:05+00:00\",\"mainEntityOfPage\":{\"@id\":\"https:\/\/www.cofb.org\/2019\/02\/28\/infarma-solidari-recaptara-fons-per-dotar-amb-mes-recursos-el-servei-de-farmacia-de-lhospital-de-gambo-detiopia\/\"},\"wordCount\":641,\"commentCount\":0,\"publisher\":{\"@id\":\"https:\/\/www.cofb.org\/#organization\"},\"image\":{\"@id\":\"https:\/\/www.cofb.org\/2019\/02\/28\/infarma-solidari-recaptara-fons-per-dotar-amb-mes-recursos-el-servei-de-farmacia-de-lhospital-de-gambo-detiopia\/#primaryimage\"},\"thumbnailUrl\":\"\",\"keywords\":[\"COFB\",\"Col\u00b7legi de Farmac\u00e8utics de Barcelona\",\"Comissi\u00f3 Comprom\u00eds Social\",\"comprom\u00eds social\",\"concert ben\u00e8fic\",\"concert solidari\",\"Congr\u00e8s\",\"Congr\u00e9s i Sal\u00f3\",\"farmac\u00e8utics\",\"farm\u00e0cia comunit\u00e0ria\",\"Infarma\",\"Infarma 2019\",\"Infarma Barcelona\",\"Infarma Solidari\",\"iniciativa ben\u00e8fica\",\"professionals farmac\u00e8utics\",\"solidaritat\"],\"articleSection\":[\"Infarma\"],\"inLanguage\":\"ca\",\"potentialAction\":[{\"@type\":\"CommentAction\",\"name\":\"Comment\",\"target\":[\"https:\/\/www.cofb.org\/2019\/02\/28\/infarma-solidari-recaptara-fons-per-dotar-amb-mes-recursos-el-servei-de-farmacia-de-lhospital-de-gambo-detiopia\/#respond\"]}]},{\"@type\":\"WebPage\",\"@id\":\"https:\/\/www.cofb.org\/2019\/02\/28\/infarma-solidari-recaptara-fons-per-dotar-amb-mes-recursos-el-servei-de-farmacia-de-lhospital-de-gambo-detiopia\/\",\"url\":\"https:\/\/www.cofb.org\/2019\/02\/28\/infarma-solidari-recaptara-fons-per-dotar-amb-mes-recursos-el-servei-de-farmacia-de-lhospital-de-gambo-detiopia\/\",\"name\":\"Infarma Solidari recaptar\u00e0 fons per dotar de m\u00e9s recursos el servei de Farm\u00e0cia de l'Hospital de Gambo d'Eti\u00f2pia - Col\u00b7legi de Farmac\u00e8utics de Barcelona\",\"isPartOf\":{\"@id\":\"https:\/\/www.cofb.org\/#website\"},\"primaryImageOfPage\":{\"@id\":\"https:\/\/www.cofb.org\/2019\/02\/28\/infarma-solidari-recaptara-fons-per-dotar-amb-mes-recursos-el-servei-de-farmacia-de-lhospital-de-gambo-detiopia\/#primaryimage\"},\"image\":{\"@id\":\"https:\/\/www.cofb.org\/2019\/02\/28\/infarma-solidari-recaptara-fons-per-dotar-amb-mes-recursos-el-servei-de-farmacia-de-lhospital-de-gambo-detiopia\/#primaryimage\"},\"thumbnailUrl\":\"\",\"datePublished\":\"2019-02-28T17:00:05+00:00\",\"dateModified\":\"2019-02-28T17:00:05+00:00\",\"description\":\"En el marc d'Infarma, que se celebrar\u00e0 del 19 al 21 de mar\u00e7, tindr\u00e0 lloc, un any m\u00e9s, la inciativa Infarma Solidari.\",\"breadcrumb\":{\"@id\":\"https:\/\/www.cofb.org\/2019\/02\/28\/infarma-solidari-recaptara-fons-per-dotar-amb-mes-recursos-el-servei-de-farmacia-de-lhospital-de-gambo-detiopia\/#breadcrumb\"},\"inLanguage\":\"ca\",\"potentialAction\":[{\"@type\":\"ReadAction\",\"target\":[\"https:\/\/www.cofb.org\/2019\/02\/28\/infarma-solidari-recaptara-fons-per-dotar-amb-mes-recursos-el-servei-de-farmacia-de-lhospital-de-gambo-detiopia\/\"]}]},{\"@type\":\"ImageObject\",\"inLanguage\":\"ca\",\"@id\":\"https:\/\/www.cofb.org\/2019\/02\/28\/infarma-solidari-recaptara-fons-per-dotar-amb-mes-recursos-el-servei-de-farmacia-de-lhospital-de-gambo-detiopia\/#primaryimage\",\"url\":\"\",\"contentUrl\":\"\"},{\"@type\":\"BreadcrumbList\",\"@id\":\"https:\/\/www.cofb.org\/2019\/02\/28\/infarma-solidari-recaptara-fons-per-dotar-amb-mes-recursos-el-servei-de-farmacia-de-lhospital-de-gambo-detiopia\/#breadcrumb\",\"itemListElement\":[{\"@type\":\"ListItem\",\"position\":1,\"name\":\"Inici\",\"item\":\"https:\/\/novaorg.cofb.net\/\"},{\"@type\":\"ListItem\",\"position\":2,\"name\":\"Infarma Solidari recaptar\u00e0 fons per dotar de m\u00e9s recursos el servei de Farm\u00e0cia de l&#8217;Hospital de Gambo d&#8217;Eti\u00f2pia\"}]},{\"@type\":\"WebSite\",\"@id\":\"https:\/\/www.cofb.org\/#website\",\"url\":\"https:\/\/www.cofb.org\/\",\"name\":\"Col\u00b7legi de Farmac\u00e8utics de Barcelona\",\"description\":\"\",\"publisher\":{\"@id\":\"https:\/\/www.cofb.org\/#organization\"},\"potentialAction\":[{\"@type\":\"SearchAction\",\"target\":{\"@type\":\"EntryPoint\",\"urlTemplate\":\"https:\/\/www.cofb.org\/?s={search_term_string}\"},\"query-input\":\"required name=search_term_string\"}],\"inLanguage\":\"ca\"},{\"@type\":\"Organization\",\"@id\":\"https:\/\/www.cofb.org\/#organization\",\"name\":\"Col\u00b7legi de Farmac\u00e8utics de Barcelona\",\"url\":\"https:\/\/www.cofb.org\/\",\"logo\":{\"@type\":\"ImageObject\",\"inLanguage\":\"ca\",\"@id\":\"https:\/\/www.cofb.org\/#\/schema\/logo\/image\/\",\"url\":\"https:\/\/www.cofb.org\/wp-content\/uploads\/2023\/11\/cropped-Logotip-COFB.png\",\"contentUrl\":\"https:\/\/www.cofb.org\/wp-content\/uploads\/2023\/11\/cropped-Logotip-COFB.png\",\"width\":500,\"height\":105,\"caption\":\"Col\u00b7legi de Farmac\u00e8utics de Barcelona\"},\"image\":{\"@id\":\"https:\/\/www.cofb.org\/#\/schema\/logo\/image\/\"},\"sameAs\":[\"https:\/\/www.facebook.com\/farmaceuticsbcn\/\",\"https:\/\/twitter.com\/farmaceuticsbcn\",\"https:\/\/www.instagram.com\/farmaceuticsbcn\/\",\"https:\/\/www.linkedin.com\/company\/farmaceuticsbcn\/\"]},{\"@type\":\"Person\",\"@id\":\"https:\/\/www.cofb.org\/#\/schema\/person\/22ed7eea88da74b0fa4d3154ad87ffcb\",\"name\":\"wpAdminCofbOrg\",\"image\":{\"@type\":\"ImageObject\",\"inLanguage\":\"ca\",\"@id\":\"https:\/\/www.cofb.org\/#\/schema\/person\/image\/\",\"url\":\"https:\/\/secure.gravatar.com\/avatar\/1721b20b3b8ca882c3b56ec6c978c594fff670e40c0718e9190eaeeb76aae7d8?s=96&d=mm&r=g\",\"contentUrl\":\"https:\/\/secure.gravatar.com\/avatar\/1721b20b3b8ca882c3b56ec6c978c594fff670e40c0718e9190eaeeb76aae7d8?s=96&d=mm&r=g\",\"caption\":\"wpAdminCofbOrg\"},\"sameAs\":[\"http:\/\/192.168.64.122\/wordpress\"],\"url\":\"https:\/\/www.cofb.org\/ca\/author\/wpadmincofborg\/\"}]}<\/script>\n<!-- \/ Yoast SEO plugin. -->","yoast_head_json":{"title":"Infarma Solidari recaptar\u00e0 fons per dotar de m\u00e9s recursos el servei de Farm\u00e0cia de l'Hospital de Gambo d'Eti\u00f2pia - Col\u00b7legi de Farmac\u00e8utics de Barcelona","description":"En el marc d'Infarma, que se celebrar\u00e0 del 19 al 21 de mar\u00e7, tindr\u00e0 lloc, un any m\u00e9s, la inciativa Infarma Solidari.","robots":{"index":"index","follow":"follow","max-snippet":"max-snippet:-1","max-image-preview":"max-image-preview:large","max-video-preview":"max-video-preview:-1"},"canonical":"https:\/\/www.cofb.org\/ca\/2019\/02\/28\/infarma-solidari-recaptara-fons-per-dotar-amb-mes-recursos-el-servei-de-farmacia-de-lhospital-de-gambo-detiopia\/","og_locale":"ca_ES","og_type":"article","og_title":"Infarma Solidari recaptar\u00e0 fons per dotar de m\u00e9s recursos el servei de Farm\u00e0cia de l'Hospital de Gambo d'Eti\u00f2pia - Col\u00b7legi de Farmac\u00e8utics de Barcelona","og_description":"En el marc d'Infarma, que se celebrar\u00e0 del 19 al 21 de mar\u00e7, tindr\u00e0 lloc, un any m\u00e9s, la inciativa Infarma Solidari.","og_url":"https:\/\/www.cofb.org\/ca\/2019\/02\/28\/infarma-solidari-recaptara-fons-per-dotar-amb-mes-recursos-el-servei-de-farmacia-de-lhospital-de-gambo-detiopia\/","og_site_name":"Col\u00b7legi de Farmac\u00e8utics de Barcelona","article_publisher":"https:\/\/www.facebook.com\/farmaceuticsbcn\/","article_published_time":"2019-02-28T17:00:05+00:00","author":"wpAdminCofbOrg","twitter_card":"summary_large_image","twitter_creator":"@farmaceuticsbcn","twitter_site":"@farmaceuticsbcn","twitter_misc":{"Escrit per":"wpAdminCofbOrg","Temps estimat de lectura":"3 minuts"},"schema":{"@context":"https:\/\/schema.org","@graph":[{"@type":"Article","@id":"https:\/\/www.cofb.org\/2019\/02\/28\/infarma-solidari-recaptara-fons-per-dotar-amb-mes-recursos-el-servei-de-farmacia-de-lhospital-de-gambo-detiopia\/#article","isPartOf":{"@id":"https:\/\/www.cofb.org\/2019\/02\/28\/infarma-solidari-recaptara-fons-per-dotar-amb-mes-recursos-el-servei-de-farmacia-de-lhospital-de-gambo-detiopia\/"},"author":{"name":"wpAdminCofbOrg","@id":"https:\/\/www.cofb.org\/#\/schema\/person\/22ed7eea88da74b0fa4d3154ad87ffcb"},"headline":"Infarma Solidari recaptar\u00e0 fons per dotar de m\u00e9s recursos el servei de Farm\u00e0cia de l&#8217;Hospital de Gambo d&#8217;Eti\u00f2pia","datePublished":"2019-02-28T17:00:05+00:00","dateModified":"2019-02-28T17:00:05+00:00","mainEntityOfPage":{"@id":"https:\/\/www.cofb.org\/2019\/02\/28\/infarma-solidari-recaptara-fons-per-dotar-amb-mes-recursos-el-servei-de-farmacia-de-lhospital-de-gambo-detiopia\/"},"wordCount":641,"commentCount":0,"publisher":{"@id":"https:\/\/www.cofb.org\/#organization"},"image":{"@id":"https:\/\/www.cofb.org\/2019\/02\/28\/infarma-solidari-recaptara-fons-per-dotar-amb-mes-recursos-el-servei-de-farmacia-de-lhospital-de-gambo-detiopia\/#primaryimage"},"thumbnailUrl":"","keywords":["COFB","Col\u00b7legi de Farmac\u00e8utics de Barcelona","Comissi\u00f3 Comprom\u00eds Social","comprom\u00eds social","concert ben\u00e8fic","concert solidari","Congr\u00e8s","Congr\u00e9s i Sal\u00f3","farmac\u00e8utics","farm\u00e0cia comunit\u00e0ria","Infarma","Infarma 2019","Infarma Barcelona","Infarma Solidari","iniciativa ben\u00e8fica","professionals farmac\u00e8utics","solidaritat"],"articleSection":["Infarma"],"inLanguage":"ca","potentialAction":[{"@type":"CommentAction","name":"Comment","target":["https:\/\/www.cofb.org\/2019\/02\/28\/infarma-solidari-recaptara-fons-per-dotar-amb-mes-recursos-el-servei-de-farmacia-de-lhospital-de-gambo-detiopia\/#respond"]}]},{"@type":"WebPage","@id":"https:\/\/www.cofb.org\/2019\/02\/28\/infarma-solidari-recaptara-fons-per-dotar-amb-mes-recursos-el-servei-de-farmacia-de-lhospital-de-gambo-detiopia\/","url":"https:\/\/www.cofb.org\/2019\/02\/28\/infarma-solidari-recaptara-fons-per-dotar-amb-mes-recursos-el-servei-de-farmacia-de-lhospital-de-gambo-detiopia\/","name":"Infarma Solidari recaptar\u00e0 fons per dotar de m\u00e9s recursos el servei de Farm\u00e0cia de l'Hospital de Gambo d'Eti\u00f2pia - Col\u00b7legi de Farmac\u00e8utics de Barcelona","isPartOf":{"@id":"https:\/\/www.cofb.org\/#website"},"primaryImageOfPage":{"@id":"https:\/\/www.cofb.org\/2019\/02\/28\/infarma-solidari-recaptara-fons-per-dotar-amb-mes-recursos-el-servei-de-farmacia-de-lhospital-de-gambo-detiopia\/#primaryimage"},"image":{"@id":"https:\/\/www.cofb.org\/2019\/02\/28\/infarma-solidari-recaptara-fons-per-dotar-amb-mes-recursos-el-servei-de-farmacia-de-lhospital-de-gambo-detiopia\/#primaryimage"},"thumbnailUrl":"","datePublished":"2019-02-28T17:00:05+00:00","dateModified":"2019-02-28T17:00:05+00:00","description":"En el marc d'Infarma, que se celebrar\u00e0 del 19 al 21 de mar\u00e7, tindr\u00e0 lloc, un any m\u00e9s, la inciativa Infarma Solidari.","breadcrumb":{"@id":"https:\/\/www.cofb.org\/2019\/02\/28\/infarma-solidari-recaptara-fons-per-dotar-amb-mes-recursos-el-servei-de-farmacia-de-lhospital-de-gambo-detiopia\/#breadcrumb"},"inLanguage":"ca","potentialAction":[{"@type":"ReadAction","target":["https:\/\/www.cofb.org\/2019\/02\/28\/infarma-solidari-recaptara-fons-per-dotar-amb-mes-recursos-el-servei-de-farmacia-de-lhospital-de-gambo-detiopia\/"]}]},{"@type":"ImageObject","inLanguage":"ca","@id":"https:\/\/www.cofb.org\/2019\/02\/28\/infarma-solidari-recaptara-fons-per-dotar-amb-mes-recursos-el-servei-de-farmacia-de-lhospital-de-gambo-detiopia\/#primaryimage","url":"","contentUrl":""},{"@type":"BreadcrumbList","@id":"https:\/\/www.cofb.org\/2019\/02\/28\/infarma-solidari-recaptara-fons-per-dotar-amb-mes-recursos-el-servei-de-farmacia-de-lhospital-de-gambo-detiopia\/#breadcrumb","itemListElement":[{"@type":"ListItem","position":1,"name":"Inici","item":"https:\/\/novaorg.cofb.net\/"},{"@type":"ListItem","position":2,"name":"Infarma Solidari recaptar\u00e0 fons per dotar de m\u00e9s recursos el servei de Farm\u00e0cia de l&#8217;Hospital de Gambo d&#8217;Eti\u00f2pia"}]},{"@type":"WebSite","@id":"https:\/\/www.cofb.org\/#website","url":"https:\/\/www.cofb.org\/","name":"Col\u00b7legi de Farmac\u00e8utics de Barcelona","description":"","publisher":{"@id":"https:\/\/www.cofb.org\/#organization"},"potentialAction":[{"@type":"SearchAction","target":{"@type":"EntryPoint","urlTemplate":"https:\/\/www.cofb.org\/?s={search_term_string}"},"query-input":"required name=search_term_string"}],"inLanguage":"ca"},{"@type":"Organization","@id":"https:\/\/www.cofb.org\/#organization","name":"Col\u00b7legi de Farmac\u00e8utics de Barcelona","url":"https:\/\/www.cofb.org\/","logo":{"@type":"ImageObject","inLanguage":"ca","@id":"https:\/\/www.cofb.org\/#\/schema\/logo\/image\/","url":"https:\/\/www.cofb.org\/wp-content\/uploads\/2023\/11\/cropped-Logotip-COFB.png","contentUrl":"https:\/\/www.cofb.org\/wp-content\/uploads\/2023\/11\/cropped-Logotip-COFB.png","width":500,"height":105,"caption":"Col\u00b7legi de Farmac\u00e8utics de Barcelona"},"image":{"@id":"https:\/\/www.cofb.org\/#\/schema\/logo\/image\/"},"sameAs":["https:\/\/www.facebook.com\/farmaceuticsbcn\/","https:\/\/twitter.com\/farmaceuticsbcn","https:\/\/www.instagram.com\/farmaceuticsbcn\/","https:\/\/www.linkedin.com\/company\/farmaceuticsbcn\/"]},{"@type":"Person","@id":"https:\/\/www.cofb.org\/#\/schema\/person\/22ed7eea88da74b0fa4d3154ad87ffcb","name":"wpAdminCofbOrg","image":{"@type":"ImageObject","inLanguage":"ca","@id":"https:\/\/www.cofb.org\/#\/schema\/person\/image\/","url":"https:\/\/secure.gravatar.com\/avatar\/1721b20b3b8ca882c3b56ec6c978c594fff670e40c0718e9190eaeeb76aae7d8?s=96&d=mm&r=g","contentUrl":"https:\/\/secure.gravatar.com\/avatar\/1721b20b3b8ca882c3b56ec6c978c594fff670e40c0718e9190eaeeb76aae7d8?s=96&d=mm&r=g","caption":"wpAdminCofbOrg"},"sameAs":["http:\/\/192.168.64.122\/wordpress"],"url":"https:\/\/www.cofb.org\/ca\/author\/wpadmincofborg\/"}]}},"uagb_featured_image_src":{"full":false,"thumbnail":false,"medium":false,"medium_large":false,"large":false,"1536x1536":false,"2048x2048":false,"trp-custom-language-flag":false},"uagb_author_info":{"display_name":"wpAdminCofbOrg","author_link":"https:\/\/www.cofb.org\/ca\/author\/wpadmincofborg\/"},"uagb_comment_info":0,"uagb_excerpt":"En el marc d&#8217;Infarma, que se celebrar\u00e0 del 19 al 21 de mar\u00e7, tindr\u00e0 lloc, un any m\u00e9s, la iniciativa Infarma Solidari.\u00a0Enguany, el projecte &#8220;Supervisi\u00f3 del servei de Farm\u00e0cia de l&#8217;Hospital de Gambo&#8221;, de la Fundaci\u00f3 El Alto, ha rebut la m\u00e0xima puntuaci\u00f3 en la convocat\u00f2ria p\u00fablica realitzada per aquesta [&hellip;]","_links":{"self":[{"href":"https:\/\/www.cofb.org\/ca\/wp-json\/wp\/v2\/posts\/44577","targetHints":{"allow":["GET"]}}],"collection":[{"href":"https:\/\/www.cofb.org\/ca\/wp-json\/wp\/v2\/posts"}],"about":[{"href":"https:\/\/www.cofb.org\/ca\/wp-json\/wp\/v2\/types\/post"}],"author":[{"embeddable":true,"href":"https:\/\/www.cofb.org\/ca\/wp-json\/wp\/v2\/users\/1"}],"replies":[{"embeddable":true,"href":"https:\/\/www.cofb.org\/ca\/wp-json\/wp\/v2\/comments?post=44577"}],"version-history":[{"count":0,"href":"https:\/\/www.cofb.org\/ca\/wp-json\/wp\/v2\/posts\/44577\/revisions"}],"wp:featuredmedia":[{"embeddable":true,"href":"https:\/\/www.cofb.org\/ca\/wp-json\/"}],"wp:attachment":[{"href":"https:\/\/www.cofb.org\/ca\/wp-json\/wp\/v2\/media?parent=44577"}],"wp:term":[{"taxonomy":"category","embeddable":true,"href":"https:\/\/www.cofb.org\/ca\/wp-json\/wp\/v2\/categories?post=44577"},{"taxonomy":"post_tag","embeddable":true,"href":"https:\/\/www.cofb.org\/ca\/wp-json\/wp\/v2\/tags?post=44577"}],"curies":[{"name":"wp","href":"https:\/\/api.w.org\/{rel}","templated":true}]}}