{"id":44038,"date":"2019-02-05T18:09:20","date_gmt":"2019-02-05T16:09:20","guid":{"rendered":"https:\/\/blog.cofb.cat\/?p=44038"},"modified":"2019-02-05T18:09:20","modified_gmt":"2019-02-05T16:09:20","slug":"avancant-en-el-coneixement-de-la-nutricio-en-lambit-de-lesport","status":"publish","type":"post","link":"https:\/\/www.cofb.org\/ca\/2019\/02\/05\/avancant-en-el-coneixement-de-la-nutricio-en-lambit-de-lesport\/","title":{"rendered":"Avan\u00e7ant en el coneixement de la nutrici\u00f3 en l&#8217;\u00e0mbit de l&#8217;esport"},"content":{"rendered":"<p>Els passats 22 i 24 de gener van celebrar-se al COFB les sessions del nivell avan\u00e7at del curs <strong>&#8220;Nutrici\u00f3 i esport&#8221;,<\/strong> que tenia per objectius <strong>aprofundir en el coneixement nutricional de l&#8217;esportista amateur<\/strong>, <strong>assessorar-lo en les consultes freq\u00fcents en nutrici\u00f3<\/strong> i complementaci\u00f3 esportiva i <strong>con\u00e8ixer les subst\u00e0ncies que poden provocar dopatge<\/strong> i\u00a0<strong> interaccions farmacol\u00f2giques<\/strong>.<\/p>\n<p>La <strong>doc\u00e8ncia<\/strong> va anar a c\u00e0rrec de Juan Antonio Navarro, farmac\u00e8utic titular i graduat en Ci\u00e8ncies de l&#8217;Activitat F\u00edsica i de l&#8217;Esport per la Universitat Isabel I; Anna Ram\u00edrez, farmac\u00e8utica del Centre d&#8217;Informaci\u00f3 del Medicament del COFB i Jordi Segura, ex-director del Laboratori Antidopatge de Barcelona i col\u00b7laborador del programa de Neuroci\u00e8ncies de l&#8217;Institut Hospital del Mar d&#8217;Investigacions M\u00e8diques. La <strong>coordinaci\u00f3<\/strong> va anar a c\u00e0rrec d&#8217;Anna Bach, vocal d&#8217;Alimentaci\u00f3 i Nutrici\u00f3 del COFB.\u00a0Els punts abordats a les sessions van ser: <strong>interaccions,\u00a0dopatge <\/strong>i<strong>\u00a0casos pr\u00e0ctics en nutrici\u00f3 i complementaci\u00f3 esportiva,<\/strong><\/p>\n<figure id=\"attachment_44063\" aria-describedby=\"caption-attachment-44063\" style=\"width: 620px\" class=\"wp-caption aligncenter\"><a href=\"https:\/\/blog.cofb.cat\/wp-content\/uploads\/2019\/02\/cofb.190122-06.jpg\"><img fetchpriority=\"high\" decoding=\"async\" class=\"wp-image-44063 size-large\" title=\"El farmac\u00e8utic Juan Antonio Navarro, en un moment de la seva sessi\u00f3.\" src=\"https:\/\/blog.cofb.cat\/wp-content\/uploads\/2019\/02\/cofb.190122-06-1024x683.jpg\" alt=\"El farmac\u00e8utic Juan Antonio Navarro, en un moment de la seva sessi\u00f3.\" width=\"620\" height=\"414\" \/><\/a><figcaption id=\"caption-attachment-44063\" class=\"wp-caption-text\">El farmac\u00e8utic Juan Antonio Navarro, en un moment de la seva sessi\u00f3.<\/figcaption><\/figure>\n<h1><span style=\"color: #008080;\"><strong>Interaccions f\u00e0rmacs\/complements alimentosos en l&#8217;esport<\/strong><\/span><\/h1>\n<p>Anna Ram\u00edrez, del Centre d&#8217;Informaci\u00f3 del Medicament del COFB, va exposar les <strong>definicions<\/strong> de <strong>complements alimentosos<\/strong>\u00a0en l&#8217;\u00e0mbit de l&#8217;esport (concentrats i dosificats).\u00a0Tamb\u00e9 va posar de manifest que els <strong>complements alimentosos<\/strong> estan regulats per la <strong>directiva<\/strong> <strong>2002\/46\/CE del Parlament Europeu i del Consell<\/strong>, pel <strong>Reial Decret 1487\/2009<\/strong> relatiu als complements alimentosos (vitamines i minerals) i pel <strong>Reial Decret 130\/2018<\/strong>.<\/p>\n<p>Aix\u00ed mateix, va definir <strong>interacci\u00f3 com un efecte inesperat<\/strong>, que pot ser tant positiu com negatiu, i que <strong>pot comprometre l&#8217;acci\u00f3 del f\u00e0rmac<\/strong>\u00a0i\/o\u00a0<strong>la del complement<\/strong>. Va exposar tamb\u00e9 que entre la\u00a0<strong>poblaci\u00f3 de risc\u00a0 susceptible de patir interaccions<\/strong> hi hauria persones polimedicades i pacients que segueixen dietes restricitves\u00a0 o\u00a0 hiperproteiques, entre d&#8217;altres. Els <strong>f\u00e0rmacs de risc <\/strong>que es van destacar en la xerrada<strong>\u00a0s\u00f3n\u00a0<\/strong>aquells de marge terap\u00e8utic estret, antibi\u00f2tics, estatines, antihipertensius i antiinflamatoris no esteroides (AINES).<\/p>\n<p>A la part final de la seva intervenci\u00f3, Ram\u00edrez va donar alguns consells sobre com actuar des de l&#8217;oficina de farm\u00e0cia en l&#8217;\u00e0mbit dels complements alimentosos:\u00a0<strong>formar-se amb continguts espec\u00edfics i informar el pacient<\/strong>, <strong>con\u00e8ixer molt b\u00e9 els productes<\/strong> que es dispensen, <strong>prestar atenci\u00f3<\/strong> en cada dispensaci\u00f3, <strong>alertar els pacients de risc<\/strong> (medicats o amb patologies renals i card\u00edaques), <strong>alertar en casos de f\u00e0rmacs de risc i amb un marge terap\u00e8utic estret<\/strong> i <strong>revisar la<\/strong>\u00a0<strong>bibliografia<\/strong>.<\/p>\n<div class=\"box info\"><\/p>\n<p>Cada vegada m\u00e9s, la <strong>pr\u00e0ctica d\u2019esport<\/strong> forma part de la vida quotidiana en les diverses etapes de la vida i en diferents situacions. La <strong>import\u00e0ncia de l\u2019alimentaci\u00f3<\/strong> per a mantenir el bon estat de salut i <strong>optimitzar el rendiment esportiu<\/strong>\u00a0s\u00f3n els <strong>pilars b\u00e0sics de salut i benestar.\u00a0<\/strong>Si b\u00e9 \u00e9s cert que una <strong>pauta d\u2019alimentaci\u00f3<\/strong> ben dissenyada \u00e9s necess\u00e0ria i, b\u00e0sicament, cobreix les necessitats de l\u2019esportista, al mercat hi ha <strong>productes que poden ajudar a optimitzar el rendiment<\/strong>, disminuir la inflamaci\u00f3, etc. sempre que estiguin ben aconsellats i pautats. La incorporaci\u00f3 d\u2019aquesta disciplina ha generat una <strong>demanda al farmac\u00e8utic d\u2019ampliar els coneixements<\/strong> en l&#8217;\u00e0mbit de la <strong>nutrici\u00f3<\/strong> i la <strong>complementaci\u00f3 esportiva<\/strong>.<\/p>\n<p><\/div>\n<h1><span style=\"color: #008080;\"><strong>Introducci\u00f3 a la problem\u00e0tica del dopatge<\/strong><\/span><\/h1>\n<p>Jordi Segura, ex-director del Laboratori Antidopatge de Barcelona, va abordar la <strong>problem\u00e0tica del dopatge<\/strong> i va definir-lo com:<\/p>\n<ul>\n<li>l&#8217;\u00fas de <strong>subst\u00e0ncies<\/strong> o <strong>m\u00e8todes prohibits<\/strong><\/li>\n<li>la <strong>pres\u00e8ncia en el cos dels atletes<\/strong> d&#8217;una subst\u00e0ncia prohibida o l&#8217;<strong>evid\u00e8ncia de l&#8217;\u00fas de m\u00e8todes prohibits<\/strong><\/li>\n<li><strong>evitar controls<\/strong>, manipular la mostra, posseir, induir, traficar&#8230;<\/li>\n<\/ul>\n<p>En definitiva, &#8220;<strong>fer trampes augmentant artificialment el rendiment esportiu,<\/strong> la qual cosa pot perjudicar seriosament la salut i <strong>\u00e9s contrari a l&#8217;esperit de l&#8217;esport<\/strong>&#8220;.<\/p>\n<p>Segura va tractar tamb\u00e9 les <strong>raons per dopar-se<\/strong> (vict\u00f2ria a qualsevol preu, diners i fama en poc temps d&#8217;activitat professional, etc.) i alguns dels aspectes que poden influir-hi (insatisfacci\u00f3, falta de refer\u00e8ncies \u00e8tiques, influ\u00e8ncia de l&#8217;entorn, poca confian\u00e7a en un mateix, depend\u00e8ncia dels medicaments&#8230;).\u00a0Tot seguit, va referir-se al <strong>Programa Anti-Dopatge Mundial<\/strong> (<em>The World Anti-Doping Program)<\/em> i a la Llista de subst\u00e0ncies i m\u00e8todes prohibits (<em>The Prohibited List<\/em> <em>International Standard)<\/em>. Dins d&#8217;aquest punt, va tractar els aspectes fonamentals del programa antidopatge com ara <strong>assegurar la fiabilitat dels resultats<\/strong> (protegir els esportistes innocents, detectar els tramposos i obtenir dades amb la qualitat suficient per prendre les mesures disciplin\u00e0ries correctes) i <strong>adaptar-se a les evolucions de l&#8217;\u00fas de noves subst\u00e0ncies dopants<\/strong> (identificar marcadors de l&#8217;ab\u00fas de nous productes i desenvolupar i validar les noves tecnologies).<\/p>\n<p>Per \u00faltim, va centrar-se en la <strong>detecci\u00f3 de subst\u00e0ncies prohibides<\/strong>. Pel que fa a la detecci\u00f3 de les <strong>ex\u00f2genes<\/strong>, va dir que aquesta era una q\u00fcesti\u00f3 relativament f\u00e0cil, ja que es detectaven subst\u00e0ncies que el cos no produeix. Pel que fa a les subst\u00e0ncies amb una estructura igual a les <strong>end\u00f2genes<\/strong>, va afirmar que hi havia una major complicaci\u00f3 per la necessitat de distingir l&#8217;origen endogen de l&#8217;exogen.<\/p>\n<p>&nbsp;<\/p>\n<figure id=\"attachment_44057\" aria-describedby=\"caption-attachment-44057\" style=\"width: 620px\" class=\"wp-caption aligncenter\"><a href=\"https:\/\/blog.cofb.cat\/wp-content\/uploads\/2019\/02\/cofb.190122-13.jpg\"><img decoding=\"async\" class=\"wp-image-44057 size-large\" title=\"Les dues sessions formatives van tenir un enfocament eminentment pr\u00e0ctic.\" src=\"https:\/\/blog.cofb.cat\/wp-content\/uploads\/2019\/02\/cofb.190122-13-1024x683.jpg\" alt=\"Les dues sessions formatives van tenir un enfocament eminentment pr\u00e0ctic.\" width=\"620\" height=\"414\" \/><\/a><figcaption id=\"caption-attachment-44057\" class=\"wp-caption-text\">Les dues sessions formatives van tenir un enfocament eminentment pr\u00e0ctic.<\/figcaption><\/figure>\n<h1><span style=\"color: #008080;\"><strong>Casos pr\u00e0ctics en complementaci\u00f3 i nutrici\u00f3 esportiva<\/strong><\/span><\/h1>\n<p>Finalment, Juan Antonio Navarro G\u00f3mez va proposar una <strong>s\u00e8rie de casos per resoldre<\/strong>. D&#8217;una banda, el cas d&#8217;un corredor amateur de llarga dist\u00e0ncia asfalt i <em>trail<\/em>; el cas d&#8217;un ciclista master de gran fons i un <strong>practicant de <em>crossfit<\/em><\/strong> de nivell mitj\u00e0-alt. De tots ells es van abordar els objectius, el <strong>pla nutricional<\/strong>, d&#8217;<strong>hidrataci\u00f3<\/strong>, de <strong>competici\u00f3<\/strong> i de <strong>recuperaci\u00f3<\/strong>.<\/p>\n<h1><strong><span style=\"color: #008080;\">Una formaci\u00f3 molt pr\u00e0ctica<\/span><\/strong><\/h1>\n<p>Anna Bach, vocal d&#8217;Alimentaci\u00f3 i Nutrici\u00f3 del COFB, va valorar positivament el curs. &#8220;Del nivell b\u00e0sic s&#8217;han fet <strong>7 edicions<\/strong> i ara \u00e9s la primera vegada que en fem una de <strong>nivell avan\u00e7at<\/strong>.\u00a0Ha estat una <strong>formaci\u00f3 molt pr\u00e0ctica<\/strong> -la teoria s&#8217;ha treballat en les altres edicions- que ha consistit en la <strong>resoluci\u00f3 de casos<\/strong>\u00a0relacionats amb gent que havia de resoldre <strong>objectius bastant complicats<\/strong> com <strong>triatlons<\/strong>,<strong> curses de 100 quil\u00f2metres<\/strong>, etc.&#8221;, va explicar. I va afegir: &#8220;Tamb\u00e9 s&#8217;han treballat temes com els <strong>h\u00e0bits durant la preparaci\u00f3<\/strong>, des de la hidrataci\u00f3 passant pels tests que hi ha, els <strong>q\u00fcestionaris de nutrici\u00f3<\/strong> i el suport a aquesta&#8221;.\u00a0 En definitiva, des del seu punt de vista, &#8220;el curs aporta als farmac\u00e8utics poder <strong>proporcionar consell alimentari<\/strong> i fer un <strong>assessorament m\u00e9s profund<\/strong> a l&#8217;esportista&#8221;.<\/p>\n<p style=\"text-align: right;\"><strong>Amb el patrocini de:<\/strong><\/p>\n<p style=\"text-align: right;\"><a href=\"https:\/\/www.kernpharma.com\/es\" target=\"_blank\" rel=\"noopener\"><img decoding=\"async\" class=\" wp-image-44065 alignright\" src=\"https:\/\/blog.cofb.cat\/wp-content\/uploads\/2019\/02\/KERN-PHARMA.jpg\" alt=\"\" width=\"122\" height=\"119\" \/><\/a><\/p>\n<p>&nbsp;<\/p>\n<p>&nbsp;<\/p>\n<p>&nbsp;<\/p>\n<p><strong>Altres publicacions d&#8217;inter\u00e8s:<\/strong><\/p>\n<ul>\n<li><a href=\"https:\/\/blog.cofb.cat\/nova-actualitzacio-formativa-nutricio-esport-cofb\/\" target=\"_blank\" rel=\"noopener\">Nova actualitzaci\u00f3 formativa en nutrici\u00f3 i esport (Novembre 2018)<\/a><\/li>\n<li><a href=\"https:\/\/blog.cofb.cat\/finalitza-una-nova-edicio-del-curs-nutricio-esport\/\" target=\"_blank\" rel=\"noopener\">Finalitza una nova edici\u00f3 del curs &#8220;Nutrici\u00f3 i esport&#8221; (Octubre 2017)<\/a><\/li>\n<li><a href=\"https:\/\/blog.cofb.cat\/nutricio-esport-un-binomi-necessari\/\" target=\"_blank\" rel=\"noopener\">Nutrici\u00f3 i esport, un binomi necessari (Desembre 2016)<\/a><\/li>\n<li><a href=\"https:\/\/blog.cofb.cat\/nutricio-i-esport-el-farmaceutic-te-molt-per-aportar\/\" target=\"_blank\" rel=\"noopener\">Nutrici\u00f3 i esport: el farmac\u00e8utic t\u00e9 molt per aportar (Desembre 2015)<\/a><\/li>\n<\/ul>\n","protected":false},"excerpt":{"rendered":"<p>Els passats 22 i 24 de gener van celebrar-se al COFB les sessions del nivell avan\u00e7at del curs &#8220;Nutrici\u00f3 i esport&#8221;, que tenia per objectius aprofundir en el coneixement nutricional de l&#8217;esportista amateur, assessorar-lo en les consultes freq\u00fcents en nutrici\u00f3 i complementaci\u00f3 esportiva i con\u00e8ixer les subst\u00e0ncies que poden provocar [&hellip;]<\/p>\n","protected":false},"author":1,"featured_media":44063,"comment_status":"open","ping_status":"open","sticky":false,"template":"","format":"standard","meta":{"_uag_custom_page_level_css":"","site-sidebar-layout":"default","site-content-layout":"","ast-site-content-layout":"default","site-content-style":"default","site-sidebar-style":"default","ast-global-header-display":"","ast-banner-title-visibility":"","ast-main-header-display":"","ast-hfb-above-header-display":"","ast-hfb-below-header-display":"","ast-hfb-mobile-header-display":"","site-post-title":"","ast-breadcrumbs-content":"","ast-featured-img":"disabled","footer-sml-layout":"","theme-transparent-header-meta":"","adv-header-id-meta":"","stick-header-meta":"","header-above-stick-meta":"","header-main-stick-meta":"","header-below-stick-meta":"","astra-migrate-meta-layouts":"default","ast-page-background-enabled":"default","ast-page-background-meta":{"desktop":{"background-color":"var(--ast-global-color-4)","background-image":"","background-repeat":"repeat","background-position":"center center","background-size":"auto","background-attachment":"scroll","background-type":"","background-media":"","overlay-type":"","overlay-color":"","overlay-opacity":"","overlay-gradient":""},"tablet":{"background-color":"","background-image":"","background-repeat":"repeat","background-position":"center center","background-size":"auto","background-attachment":"scroll","background-type":"","background-media":"","overlay-type":"","overlay-color":"","overlay-opacity":"","overlay-gradient":""},"mobile":{"background-color":"","background-image":"","background-repeat":"repeat","background-position":"center center","background-size":"auto","background-attachment":"scroll","background-type":"","background-media":"","overlay-type":"","overlay-color":"","overlay-opacity":"","overlay-gradient":""}},"ast-content-background-meta":{"desktop":{"background-color":"var(--ast-global-color-5)","background-image":"","background-repeat":"repeat","background-position":"center center","background-size":"auto","background-attachment":"scroll","background-type":"","background-media":"","overlay-type":"","overlay-color":"","overlay-opacity":"","overlay-gradient":""},"tablet":{"background-color":"var(--ast-global-color-5)","background-image":"","background-repeat":"repeat","background-position":"center center","background-size":"auto","background-attachment":"scroll","background-type":"","background-media":"","overlay-type":"","overlay-color":"","overlay-opacity":"","overlay-gradient":""},"mobile":{"background-color":"var(--ast-global-color-5)","background-image":"","background-repeat":"repeat","background-position":"center center","background-size":"auto","background-attachment":"scroll","background-type":"","background-media":"","overlay-type":"","overlay-color":"","overlay-opacity":"","overlay-gradient":""}},"footnotes":""},"categories":[57],"tags":[36,16,561,2748,3421,3422,3412,2181,101,2173,2894,3423,2177,3424,46,2377,3148],"class_list":["post-44038","post","type-post","status-publish","format-standard","has-post-thumbnail","hentry","category-mon-collegial","tag-alimentacio","tag-alimentacio-i-nutricio","tag-aliments","tag-complementacio","tag-complementacio-esportiva","tag-consells-nutricionals","tag-consultes-frequents","tag-dopatge","tag-esport","tag-esport-saludable","tag-esportistes","tag-esports","tag-interaccions","tag-nivell-avancat","tag-nutricio","tag-nutricio-i-esport","tag-practica-esportiva"],"yoast_head":"<!-- This site is optimized with the Yoast SEO plugin v22.4 - https:\/\/yoast.com\/wordpress\/plugins\/seo\/ -->\n<title>Avan\u00e7ant en el coneixement de la nutrici\u00f3 en l&#039;\u00e0mbit de l&#039;esport - Col\u00b7legi de Farmac\u00e8utics de Barcelona<\/title>\n<meta name=\"description\" content=\"Els passats 22 i 24 de gener van celebrar-se al COFB les sessions del nivell avan\u00e7at del curs &quot;Nutrici\u00f3 i esport&quot;, que tenia per objectius aprofundir en el coneixement nutricional de l&#039;esportista.\" \/>\n<meta name=\"robots\" content=\"index, follow, max-snippet:-1, max-image-preview:large, max-video-preview:-1\" \/>\n<link rel=\"canonical\" href=\"https:\/\/novaorg.cofb.net\/2019\/02\/05\/avancant-en-el-coneixement-de-la-nutricio-en-lambit-de-lesport\/\" \/>\n<meta property=\"og:locale\" content=\"ca_ES\" \/>\n<meta property=\"og:type\" content=\"article\" \/>\n<meta property=\"og:title\" content=\"Avan\u00e7ant en el coneixement de la nutrici\u00f3 en l&#039;\u00e0mbit de l&#039;esport - Col\u00b7legi de Farmac\u00e8utics de Barcelona\" \/>\n<meta property=\"og:description\" content=\"Els passats 22 i 24 de gener van celebrar-se al COFB les sessions del nivell avan\u00e7at del curs &quot;Nutrici\u00f3 i esport&quot;, que tenia per objectius aprofundir en el coneixement nutricional de l&#039;esportista.\" \/>\n<meta property=\"og:url\" content=\"https:\/\/novaorg.cofb.net\/2019\/02\/05\/avancant-en-el-coneixement-de-la-nutricio-en-lambit-de-lesport\/\" \/>\n<meta property=\"og:site_name\" content=\"Col\u00b7legi de Farmac\u00e8utics de Barcelona\" \/>\n<meta property=\"article:publisher\" content=\"https:\/\/www.facebook.com\/farmaceuticsbcn\/\" \/>\n<meta property=\"article:published_time\" content=\"2019-02-05T16:09:20+00:00\" \/>\n<meta name=\"author\" content=\"wpAdminCofbOrg\" \/>\n<meta name=\"twitter:card\" content=\"summary_large_image\" \/>\n<meta name=\"twitter:creator\" content=\"@farmaceuticsbcn\" \/>\n<meta name=\"twitter:site\" content=\"@farmaceuticsbcn\" \/>\n<meta name=\"twitter:label1\" content=\"Escrit per\" \/>\n\t<meta name=\"twitter:data1\" content=\"wpAdminCofbOrg\" \/>\n\t<meta name=\"twitter:label2\" content=\"Temps estimat de lectura\" \/>\n\t<meta name=\"twitter:data2\" content=\"6 minuts\" \/>\n<script type=\"application\/ld+json\" class=\"yoast-schema-graph\">{\"@context\":\"https:\/\/schema.org\",\"@graph\":[{\"@type\":\"Article\",\"@id\":\"https:\/\/novaorg.cofb.net\/2019\/02\/05\/avancant-en-el-coneixement-de-la-nutricio-en-lambit-de-lesport\/#article\",\"isPartOf\":{\"@id\":\"https:\/\/novaorg.cofb.net\/2019\/02\/05\/avancant-en-el-coneixement-de-la-nutricio-en-lambit-de-lesport\/\"},\"author\":{\"name\":\"wpAdminCofbOrg\",\"@id\":\"https:\/\/www.cofb.org\/#\/schema\/person\/22ed7eea88da74b0fa4d3154ad87ffcb\"},\"headline\":\"Avan\u00e7ant en el coneixement de la nutrici\u00f3 en l&#8217;\u00e0mbit de l&#8217;esport\",\"datePublished\":\"2019-02-05T16:09:20+00:00\",\"dateModified\":\"2019-02-05T16:09:20+00:00\",\"mainEntityOfPage\":{\"@id\":\"https:\/\/novaorg.cofb.net\/2019\/02\/05\/avancant-en-el-coneixement-de-la-nutricio-en-lambit-de-lesport\/\"},\"wordCount\":1182,\"commentCount\":0,\"publisher\":{\"@id\":\"https:\/\/www.cofb.org\/#organization\"},\"image\":{\"@id\":\"https:\/\/novaorg.cofb.net\/2019\/02\/05\/avancant-en-el-coneixement-de-la-nutricio-en-lambit-de-lesport\/#primaryimage\"},\"thumbnailUrl\":\"\",\"keywords\":[\"alimentaci\u00f3\",\"Alimentaci\u00f3 i nutrici\u00f3\",\"aliments\",\"complementaci\u00f3\",\"complementaci\u00f3 esportiva\",\"consells nutricionals\",\"consultes freq\u00fcents\",\"dopatge\",\"esport\",\"esport saludable\",\"esportistes\",\"esports\",\"interaccions\",\"nivell avan\u00e7at\",\"Nutrici\u00f3\",\"nutrici\u00f3 i esport\",\"pr\u00e0ctica esportiva\"],\"articleSection\":[\"M\u00f3n col\u00b7legial\"],\"inLanguage\":\"ca\",\"potentialAction\":[{\"@type\":\"CommentAction\",\"name\":\"Comment\",\"target\":[\"https:\/\/novaorg.cofb.net\/2019\/02\/05\/avancant-en-el-coneixement-de-la-nutricio-en-lambit-de-lesport\/#respond\"]}]},{\"@type\":\"WebPage\",\"@id\":\"https:\/\/novaorg.cofb.net\/2019\/02\/05\/avancant-en-el-coneixement-de-la-nutricio-en-lambit-de-lesport\/\",\"url\":\"https:\/\/novaorg.cofb.net\/2019\/02\/05\/avancant-en-el-coneixement-de-la-nutricio-en-lambit-de-lesport\/\",\"name\":\"Avan\u00e7ant en el coneixement de la nutrici\u00f3 en l'\u00e0mbit de l'esport - Col\u00b7legi de Farmac\u00e8utics de Barcelona\",\"isPartOf\":{\"@id\":\"https:\/\/www.cofb.org\/#website\"},\"primaryImageOfPage\":{\"@id\":\"https:\/\/novaorg.cofb.net\/2019\/02\/05\/avancant-en-el-coneixement-de-la-nutricio-en-lambit-de-lesport\/#primaryimage\"},\"image\":{\"@id\":\"https:\/\/novaorg.cofb.net\/2019\/02\/05\/avancant-en-el-coneixement-de-la-nutricio-en-lambit-de-lesport\/#primaryimage\"},\"thumbnailUrl\":\"\",\"datePublished\":\"2019-02-05T16:09:20+00:00\",\"dateModified\":\"2019-02-05T16:09:20+00:00\",\"description\":\"Els passats 22 i 24 de gener van celebrar-se al COFB les sessions del nivell avan\u00e7at del curs \\\"Nutrici\u00f3 i esport\\\", que tenia per objectius aprofundir en el coneixement nutricional de l'esportista.\",\"breadcrumb\":{\"@id\":\"https:\/\/novaorg.cofb.net\/2019\/02\/05\/avancant-en-el-coneixement-de-la-nutricio-en-lambit-de-lesport\/#breadcrumb\"},\"inLanguage\":\"ca\",\"potentialAction\":[{\"@type\":\"ReadAction\",\"target\":[\"https:\/\/novaorg.cofb.net\/2019\/02\/05\/avancant-en-el-coneixement-de-la-nutricio-en-lambit-de-lesport\/\"]}]},{\"@type\":\"ImageObject\",\"inLanguage\":\"ca\",\"@id\":\"https:\/\/novaorg.cofb.net\/2019\/02\/05\/avancant-en-el-coneixement-de-la-nutricio-en-lambit-de-lesport\/#primaryimage\",\"url\":\"\",\"contentUrl\":\"\"},{\"@type\":\"BreadcrumbList\",\"@id\":\"https:\/\/novaorg.cofb.net\/2019\/02\/05\/avancant-en-el-coneixement-de-la-nutricio-en-lambit-de-lesport\/#breadcrumb\",\"itemListElement\":[{\"@type\":\"ListItem\",\"position\":1,\"name\":\"Inici\",\"item\":\"https:\/\/novaorg.cofb.net\/\"},{\"@type\":\"ListItem\",\"position\":2,\"name\":\"Avan\u00e7ant en el coneixement de la nutrici\u00f3 en l&#8217;\u00e0mbit de l&#8217;esport\"}]},{\"@type\":\"WebSite\",\"@id\":\"https:\/\/www.cofb.org\/#website\",\"url\":\"https:\/\/www.cofb.org\/\",\"name\":\"Col\u00b7legi de Farmac\u00e8utics de Barcelona\",\"description\":\"\",\"publisher\":{\"@id\":\"https:\/\/www.cofb.org\/#organization\"},\"potentialAction\":[{\"@type\":\"SearchAction\",\"target\":{\"@type\":\"EntryPoint\",\"urlTemplate\":\"https:\/\/www.cofb.org\/?s={search_term_string}\"},\"query-input\":\"required name=search_term_string\"}],\"inLanguage\":\"ca\"},{\"@type\":\"Organization\",\"@id\":\"https:\/\/www.cofb.org\/#organization\",\"name\":\"Col\u00b7legi de Farmac\u00e8utics de Barcelona\",\"url\":\"https:\/\/www.cofb.org\/\",\"logo\":{\"@type\":\"ImageObject\",\"inLanguage\":\"ca\",\"@id\":\"https:\/\/www.cofb.org\/#\/schema\/logo\/image\/\",\"url\":\"https:\/\/www.cofb.org\/wp-content\/uploads\/2023\/11\/cropped-Logotip-COFB.png\",\"contentUrl\":\"https:\/\/www.cofb.org\/wp-content\/uploads\/2023\/11\/cropped-Logotip-COFB.png\",\"width\":500,\"height\":105,\"caption\":\"Col\u00b7legi de Farmac\u00e8utics de Barcelona\"},\"image\":{\"@id\":\"https:\/\/www.cofb.org\/#\/schema\/logo\/image\/\"},\"sameAs\":[\"https:\/\/www.facebook.com\/farmaceuticsbcn\/\",\"https:\/\/twitter.com\/farmaceuticsbcn\",\"https:\/\/www.instagram.com\/farmaceuticsbcn\/\",\"https:\/\/www.linkedin.com\/company\/farmaceuticsbcn\/\"]},{\"@type\":\"Person\",\"@id\":\"https:\/\/www.cofb.org\/#\/schema\/person\/22ed7eea88da74b0fa4d3154ad87ffcb\",\"name\":\"wpAdminCofbOrg\",\"image\":{\"@type\":\"ImageObject\",\"inLanguage\":\"ca\",\"@id\":\"https:\/\/www.cofb.org\/#\/schema\/person\/image\/\",\"url\":\"https:\/\/secure.gravatar.com\/avatar\/1721b20b3b8ca882c3b56ec6c978c594fff670e40c0718e9190eaeeb76aae7d8?s=96&d=mm&r=g\",\"contentUrl\":\"https:\/\/secure.gravatar.com\/avatar\/1721b20b3b8ca882c3b56ec6c978c594fff670e40c0718e9190eaeeb76aae7d8?s=96&d=mm&r=g\",\"caption\":\"wpAdminCofbOrg\"},\"sameAs\":[\"http:\/\/192.168.64.122\/wordpress\"],\"url\":\"https:\/\/www.cofb.org\/ca\/author\/wpadmincofborg\/\"}]}<\/script>\n<!-- \/ Yoast SEO plugin. -->","yoast_head_json":{"title":"Avan\u00e7ant en el coneixement de la nutrici\u00f3 en l'\u00e0mbit de l'esport - Col\u00b7legi de Farmac\u00e8utics de Barcelona","description":"Els passats 22 i 24 de gener van celebrar-se al COFB les sessions del nivell avan\u00e7at del curs \"Nutrici\u00f3 i esport\", que tenia per objectius aprofundir en el coneixement nutricional de l'esportista.","robots":{"index":"index","follow":"follow","max-snippet":"max-snippet:-1","max-image-preview":"max-image-preview:large","max-video-preview":"max-video-preview:-1"},"canonical":"https:\/\/novaorg.cofb.net\/2019\/02\/05\/avancant-en-el-coneixement-de-la-nutricio-en-lambit-de-lesport\/","og_locale":"ca_ES","og_type":"article","og_title":"Avan\u00e7ant en el coneixement de la nutrici\u00f3 en l'\u00e0mbit de l'esport - Col\u00b7legi de Farmac\u00e8utics de Barcelona","og_description":"Els passats 22 i 24 de gener van celebrar-se al COFB les sessions del nivell avan\u00e7at del curs \"Nutrici\u00f3 i esport\", que tenia per objectius aprofundir en el coneixement nutricional de l'esportista.","og_url":"https:\/\/novaorg.cofb.net\/2019\/02\/05\/avancant-en-el-coneixement-de-la-nutricio-en-lambit-de-lesport\/","og_site_name":"Col\u00b7legi de Farmac\u00e8utics de Barcelona","article_publisher":"https:\/\/www.facebook.com\/farmaceuticsbcn\/","article_published_time":"2019-02-05T16:09:20+00:00","author":"wpAdminCofbOrg","twitter_card":"summary_large_image","twitter_creator":"@farmaceuticsbcn","twitter_site":"@farmaceuticsbcn","twitter_misc":{"Escrit per":"wpAdminCofbOrg","Temps estimat de lectura":"6 minuts"},"schema":{"@context":"https:\/\/schema.org","@graph":[{"@type":"Article","@id":"https:\/\/novaorg.cofb.net\/2019\/02\/05\/avancant-en-el-coneixement-de-la-nutricio-en-lambit-de-lesport\/#article","isPartOf":{"@id":"https:\/\/novaorg.cofb.net\/2019\/02\/05\/avancant-en-el-coneixement-de-la-nutricio-en-lambit-de-lesport\/"},"author":{"name":"wpAdminCofbOrg","@id":"https:\/\/www.cofb.org\/#\/schema\/person\/22ed7eea88da74b0fa4d3154ad87ffcb"},"headline":"Avan\u00e7ant en el coneixement de la nutrici\u00f3 en l&#8217;\u00e0mbit de l&#8217;esport","datePublished":"2019-02-05T16:09:20+00:00","dateModified":"2019-02-05T16:09:20+00:00","mainEntityOfPage":{"@id":"https:\/\/novaorg.cofb.net\/2019\/02\/05\/avancant-en-el-coneixement-de-la-nutricio-en-lambit-de-lesport\/"},"wordCount":1182,"commentCount":0,"publisher":{"@id":"https:\/\/www.cofb.org\/#organization"},"image":{"@id":"https:\/\/novaorg.cofb.net\/2019\/02\/05\/avancant-en-el-coneixement-de-la-nutricio-en-lambit-de-lesport\/#primaryimage"},"thumbnailUrl":"","keywords":["alimentaci\u00f3","Alimentaci\u00f3 i nutrici\u00f3","aliments","complementaci\u00f3","complementaci\u00f3 esportiva","consells nutricionals","consultes freq\u00fcents","dopatge","esport","esport saludable","esportistes","esports","interaccions","nivell avan\u00e7at","Nutrici\u00f3","nutrici\u00f3 i esport","pr\u00e0ctica esportiva"],"articleSection":["M\u00f3n col\u00b7legial"],"inLanguage":"ca","potentialAction":[{"@type":"CommentAction","name":"Comment","target":["https:\/\/novaorg.cofb.net\/2019\/02\/05\/avancant-en-el-coneixement-de-la-nutricio-en-lambit-de-lesport\/#respond"]}]},{"@type":"WebPage","@id":"https:\/\/novaorg.cofb.net\/2019\/02\/05\/avancant-en-el-coneixement-de-la-nutricio-en-lambit-de-lesport\/","url":"https:\/\/novaorg.cofb.net\/2019\/02\/05\/avancant-en-el-coneixement-de-la-nutricio-en-lambit-de-lesport\/","name":"Avan\u00e7ant en el coneixement de la nutrici\u00f3 en l'\u00e0mbit de l'esport - Col\u00b7legi de Farmac\u00e8utics de Barcelona","isPartOf":{"@id":"https:\/\/www.cofb.org\/#website"},"primaryImageOfPage":{"@id":"https:\/\/novaorg.cofb.net\/2019\/02\/05\/avancant-en-el-coneixement-de-la-nutricio-en-lambit-de-lesport\/#primaryimage"},"image":{"@id":"https:\/\/novaorg.cofb.net\/2019\/02\/05\/avancant-en-el-coneixement-de-la-nutricio-en-lambit-de-lesport\/#primaryimage"},"thumbnailUrl":"","datePublished":"2019-02-05T16:09:20+00:00","dateModified":"2019-02-05T16:09:20+00:00","description":"Els passats 22 i 24 de gener van celebrar-se al COFB les sessions del nivell avan\u00e7at del curs \"Nutrici\u00f3 i esport\", que tenia per objectius aprofundir en el coneixement nutricional de l'esportista.","breadcrumb":{"@id":"https:\/\/novaorg.cofb.net\/2019\/02\/05\/avancant-en-el-coneixement-de-la-nutricio-en-lambit-de-lesport\/#breadcrumb"},"inLanguage":"ca","potentialAction":[{"@type":"ReadAction","target":["https:\/\/novaorg.cofb.net\/2019\/02\/05\/avancant-en-el-coneixement-de-la-nutricio-en-lambit-de-lesport\/"]}]},{"@type":"ImageObject","inLanguage":"ca","@id":"https:\/\/novaorg.cofb.net\/2019\/02\/05\/avancant-en-el-coneixement-de-la-nutricio-en-lambit-de-lesport\/#primaryimage","url":"","contentUrl":""},{"@type":"BreadcrumbList","@id":"https:\/\/novaorg.cofb.net\/2019\/02\/05\/avancant-en-el-coneixement-de-la-nutricio-en-lambit-de-lesport\/#breadcrumb","itemListElement":[{"@type":"ListItem","position":1,"name":"Inici","item":"https:\/\/novaorg.cofb.net\/"},{"@type":"ListItem","position":2,"name":"Avan\u00e7ant en el coneixement de la nutrici\u00f3 en l&#8217;\u00e0mbit de l&#8217;esport"}]},{"@type":"WebSite","@id":"https:\/\/www.cofb.org\/#website","url":"https:\/\/www.cofb.org\/","name":"Col\u00b7legi de Farmac\u00e8utics de Barcelona","description":"","publisher":{"@id":"https:\/\/www.cofb.org\/#organization"},"potentialAction":[{"@type":"SearchAction","target":{"@type":"EntryPoint","urlTemplate":"https:\/\/www.cofb.org\/?s={search_term_string}"},"query-input":"required name=search_term_string"}],"inLanguage":"ca"},{"@type":"Organization","@id":"https:\/\/www.cofb.org\/#organization","name":"Col\u00b7legi de Farmac\u00e8utics de Barcelona","url":"https:\/\/www.cofb.org\/","logo":{"@type":"ImageObject","inLanguage":"ca","@id":"https:\/\/www.cofb.org\/#\/schema\/logo\/image\/","url":"https:\/\/www.cofb.org\/wp-content\/uploads\/2023\/11\/cropped-Logotip-COFB.png","contentUrl":"https:\/\/www.cofb.org\/wp-content\/uploads\/2023\/11\/cropped-Logotip-COFB.png","width":500,"height":105,"caption":"Col\u00b7legi de Farmac\u00e8utics de Barcelona"},"image":{"@id":"https:\/\/www.cofb.org\/#\/schema\/logo\/image\/"},"sameAs":["https:\/\/www.facebook.com\/farmaceuticsbcn\/","https:\/\/twitter.com\/farmaceuticsbcn","https:\/\/www.instagram.com\/farmaceuticsbcn\/","https:\/\/www.linkedin.com\/company\/farmaceuticsbcn\/"]},{"@type":"Person","@id":"https:\/\/www.cofb.org\/#\/schema\/person\/22ed7eea88da74b0fa4d3154ad87ffcb","name":"wpAdminCofbOrg","image":{"@type":"ImageObject","inLanguage":"ca","@id":"https:\/\/www.cofb.org\/#\/schema\/person\/image\/","url":"https:\/\/secure.gravatar.com\/avatar\/1721b20b3b8ca882c3b56ec6c978c594fff670e40c0718e9190eaeeb76aae7d8?s=96&d=mm&r=g","contentUrl":"https:\/\/secure.gravatar.com\/avatar\/1721b20b3b8ca882c3b56ec6c978c594fff670e40c0718e9190eaeeb76aae7d8?s=96&d=mm&r=g","caption":"wpAdminCofbOrg"},"sameAs":["http:\/\/192.168.64.122\/wordpress"],"url":"https:\/\/www.cofb.org\/ca\/author\/wpadmincofborg\/"}]}},"uagb_featured_image_src":{"full":false,"thumbnail":false,"medium":false,"medium_large":false,"large":false,"1536x1536":false,"2048x2048":false,"trp-custom-language-flag":false},"uagb_author_info":{"display_name":"wpAdminCofbOrg","author_link":"https:\/\/www.cofb.org\/ca\/author\/wpadmincofborg\/"},"uagb_comment_info":0,"uagb_excerpt":"Els passats 22 i 24 de gener van celebrar-se al COFB les sessions del nivell avan\u00e7at del curs &#8220;Nutrici\u00f3 i esport&#8221;, que tenia per objectius aprofundir en el coneixement nutricional de l&#8217;esportista amateur, assessorar-lo en les consultes freq\u00fcents en nutrici\u00f3 i complementaci\u00f3 esportiva i con\u00e8ixer les subst\u00e0ncies que poden provocar [&hellip;]","_links":{"self":[{"href":"https:\/\/www.cofb.org\/ca\/wp-json\/wp\/v2\/posts\/44038","targetHints":{"allow":["GET"]}}],"collection":[{"href":"https:\/\/www.cofb.org\/ca\/wp-json\/wp\/v2\/posts"}],"about":[{"href":"https:\/\/www.cofb.org\/ca\/wp-json\/wp\/v2\/types\/post"}],"author":[{"embeddable":true,"href":"https:\/\/www.cofb.org\/ca\/wp-json\/wp\/v2\/users\/1"}],"replies":[{"embeddable":true,"href":"https:\/\/www.cofb.org\/ca\/wp-json\/wp\/v2\/comments?post=44038"}],"version-history":[{"count":0,"href":"https:\/\/www.cofb.org\/ca\/wp-json\/wp\/v2\/posts\/44038\/revisions"}],"wp:featuredmedia":[{"embeddable":true,"href":"https:\/\/www.cofb.org\/ca\/wp-json\/"}],"wp:attachment":[{"href":"https:\/\/www.cofb.org\/ca\/wp-json\/wp\/v2\/media?parent=44038"}],"wp:term":[{"taxonomy":"category","embeddable":true,"href":"https:\/\/www.cofb.org\/ca\/wp-json\/wp\/v2\/categories?post=44038"},{"taxonomy":"post_tag","embeddable":true,"href":"https:\/\/www.cofb.org\/ca\/wp-json\/wp\/v2\/tags?post=44038"}],"curies":[{"name":"wp","href":"https:\/\/api.w.org\/{rel}","templated":true}]}}