{"id":43159,"date":"2018-12-19T16:00:52","date_gmt":"2018-12-19T14:00:52","guid":{"rendered":"https:\/\/blog.cofb.cat\/?p=43159"},"modified":"2018-12-19T16:00:52","modified_gmt":"2018-12-19T14:00:52","slug":"junta-general-ordinaria-aprovats-per-unanimitat-els-pressupostos-del-collegi-per-al-2019","status":"publish","type":"post","link":"https:\/\/www.cofb.org\/ca\/2018\/12\/19\/junta-general-ordinaria-aprovats-per-unanimitat-els-pressupostos-del-collegi-per-al-2019\/","title":{"rendered":"Junta General Ordin\u00e0ria: Aprovats per unanimitat els pressupostos del Col\u00b7legi per al 2019"},"content":{"rendered":"<p><strong>Tot a punt per a l&#8217;inici d&#8217;un nou any al Col\u00b7legi<\/strong>.\u00a0Els col\u00b7legiats van aprovar per unanimitat ahir, 18 de desembre, durant la <strong>Junta General Ordin\u00e0ria<\/strong>, la <strong>proposta de pressupostos<\/strong> de la instituci\u00f3 per a l&#8217;any vinent, exposats per l&#8217;<strong>equip econ\u00f2mic<\/strong> del COFB. Durant l&#8217;acte van estar presents el president, Jordi De Dalmases; la vicepresidenta, N\u00faria Bosch; el secretari, Jordi Casas; el tresorer, Joan Calduch i el vicetresorer, Guillermo Bagaria.<\/p>\n<figure id=\"attachment_43290\" aria-describedby=\"caption-attachment-43290\" style=\"width: 620px\" class=\"wp-caption aligncenter\"><a href=\"https:\/\/blog.cofb.cat\/wp-content\/uploads\/2018\/12\/cofb.JGO-01.jpg\"><img fetchpriority=\"high\" decoding=\"async\" class=\"wp-image-43290 size-large\" title=\"La Junta de Govern del COFB (d'esquerra a dreta): Jordi Casas, secretari; N\u00faria Bosch, vicepresidenta; Jordi De Dalmases, president; Joan Calduch, tresorer i Guillermo Bagaria, vicetresorer. \" src=\"https:\/\/blog.cofb.cat\/wp-content\/uploads\/2018\/12\/cofb.JGO-01-1024x618.jpg\" alt=\"La Junta de Govern del COFB (d'esquerra a dreta): Jordi Casas, secretari; N\u00faria Bosch, vicepresidenta; Jordi De Dalmases, president; Joan Calduch, tresorer i Guillermo Bagaria, vicetresorer. \" width=\"620\" height=\"374\" \/><\/a><figcaption id=\"caption-attachment-43290\" class=\"wp-caption-text\">D&#8217;esquerra a dreta, els membres de la Junta de Govern que van presidir la Junta General Ordin\u00e0ria celebrada ahir: Jordi Casas, secretari; N\u00faria Bosch, vicepresidenta; Jordi De Dalmases, president; Joan Calduch, tresorer i Guillermo Bagaria, vicetresorer.<\/figcaption><\/figure>\n<h1><span style=\"color: #008080;\"><strong>Farmaserveis, registre d&#8217;activitat dels Serveis Professionals Farmac\u00e8utics\u00a0<\/strong><\/span><\/h1>\n<p>Guillermo Bagaria va ser el <strong>primer dels membres<\/strong> a intervenir i va parlar de <strong>Farmaserveis<\/strong>, un projecte que es portar\u00e0 a terme als <strong>4 Col\u00b7legis catalans<\/strong>, sota el paraigua del <strong>Consell de Col\u00b7legis Farmac\u00e8utics de Catalunya (CCFC)<\/strong>.<\/p>\n<p>Bagaria va explicar que l&#8217;<strong>objectiu principal<\/strong> d&#8217;aquest <strong>projecte<\/strong> \u00e9s el <strong>registre d&#8217;activitat<\/strong> dels <strong>Serveis Professionals Farmac\u00e8utics (SPFA)<\/strong>, sense el qual el valor d&#8217;aquests serveis que es realitzen a les farm\u00e0cies es perd. El vicetresorer, a m\u00e9s, va presentar un <strong>v\u00eddeo<\/strong> <strong>que recollia com es duu a terme des de la tauleta el procediment\u00a0<\/strong>\u00a0de\u00a0<strong>registre de l&#8217;activitat professional<\/strong>. Per concloure, el vicetresorer del COFB va afirmar que <strong>Farmaserveis<\/strong>\u00a0\u00e9s de <strong>gran utilitat<\/strong> perqu\u00e8 <strong>facilita la tasca del registre<\/strong>, <strong>aporta valor a l&#8217;usuari<\/strong> i que <strong>un dels reptes \u00e9s que el projecte s&#8217;estengui i cada vegada sigui m\u00e9s universal<\/strong>. Tot plegat, per <strong>refor\u00e7ar la imatge dels professionals farmac\u00e8utics<\/strong> com a col\u00b7lectiu sanitari.<\/p>\n<figure id=\"attachment_43291\" aria-describedby=\"caption-attachment-43291\" style=\"width: 620px\" class=\"wp-caption aligncenter\"><a href=\"https:\/\/blog.cofb.cat\/wp-content\/uploads\/2018\/12\/cofb.JGO-06.jpg\"><img decoding=\"async\" class=\"wp-image-43291 size-large\" src=\"https:\/\/blog.cofb.cat\/wp-content\/uploads\/2018\/12\/cofb.JGO-06-1024x683.jpg\" alt=\"\" width=\"620\" height=\"414\" \/><\/a><figcaption id=\"caption-attachment-43291\" class=\"wp-caption-text\">Guillermo Bagaria, vicetresorer del COFB durant la seva intervenci\u00f3.<\/figcaption><\/figure>\n<h1><span style=\"color: #008080;\"><strong>Informe econ\u00f2mic: proposta de pressupost 2019<\/strong><\/span><\/h1>\n<p>A continuaci\u00f3, Joan Calduch va exposar la <strong>proposta<\/strong>\u00a0de <strong>pressupostos per al 2019.<\/strong>\u00a0El tresorer del COFB va destacar el registre digital a trav\u00e9s del desplegament de Farmaserveis i l&#8217;increment de la partida pressupost\u00e0ria en el desenvolupament de nous projectes professionals.\u00a0A m\u00e9s, va explicar que <strong>un dels objectius de 2019<\/strong> \u00e9s <strong>coordinar tota l&#8217;activitat dels Col\u00b7legis i el Consell<\/strong> i destinar recursos, entre d&#8217;altres,\u00a0 a definir les bases i l&#8217;arquitectura de com traslladar la informaci\u00f3 a l&#8217;usuari final en l&#8217;entorn digital i al desplegament del projecte de l&#8217;oficina de farm\u00e0cia lliure de papers.<\/p>\n<p>D&#8217;altra banda, va informar de l&#8217;<strong>increment del pressupost de comunicaci\u00f3 del COFB<\/strong>, amb l&#8217;objectiu de <strong>continuar comunicant<\/strong> a trav\u00e9s dels mitjans el rol i l&#8217;efic\u00e0cia dels <strong>serveis professionals farmac\u00e8utics<\/strong> en la prevenci\u00f3 i la gesti\u00f3 de la malaltia. Calduch tamb\u00e9 va referir-se a la nova aposta del COFB en<strong>\u00a0Infarma Barcelona 2019\u00a0<\/strong>perqu\u00e8<strong>\u00a0continu\u00ef sent un Congr\u00e9s i Sal\u00f3 de refer\u00e8ncia de la farm\u00e0cia espanyola<\/strong>.\u00a0A m\u00e9s, va destacar la continuaci\u00f3 i <strong>finalitzaci\u00f3 de les reformes de les aules formatives<\/strong> de la seu col\u00b7legial o el <strong>desenvolupament de la plataforma \u00c0gora<\/strong>\u00a0<strong>Sanit\u00e0ria<\/strong>\u00a0amb m\u00e9s prestacions conjuntament amb el COFM.<\/p>\n<p>Aix\u00ed mateix, va ressaltar que s&#8217;ha continuat apostant per les <strong>beques<\/strong> i el <strong>premi innovaci\u00f3<\/strong> i el <strong>comprom\u00eds per la cultura i la vessant social de la professi\u00f3.<\/strong><\/p>\n<p>En relaci\u00f3 als costos col\u00b7legials, pel 2019 es va proposar la <strong>reducci\u00f3 de la quota de col\u00b7legiaci\u00f3 del 100%<\/strong> per a farmac\u00e8utics amb <strong>llicenciatura obtinguda<\/strong> durant el darrer any i la reducci\u00f3 del cost per gestionar PAO&#8217;s que passar\u00e0 de l&#8217;1.75 a l&#8217;1%.\u00a0Pel que fa al <strong>cost del servei de facturaci\u00f3 de RE<\/strong> aquest es veur\u00e0 incrementat en 0,001\u20ac passant les receptes electr\u00f2niques a tenir un cost de 0,015 i les de paper inserides a 0,036\u20ac.<\/p>\n<h1><span style=\"color: #008080;\"><strong>Informe de Presid\u00e8ncia<\/strong><\/span><\/h1>\n<p>En el marc de l&#8217;<strong>Informe de Presid\u00e8ncia<\/strong>, el president del COFB, Jordi De Dalmases va referir-se a <strong>diverses q\u00fcestions<\/strong>. En primer lloc, a la reuni\u00f3 que va mantenir amb el nou director del CatSalut, Adri\u00e0 Comella, en qu\u00e8 es va abordar la recuperaci\u00f3 de la data de cobrament de la prestaci\u00f3 farmac\u00e8utica, la prestaci\u00f3 farmac\u00e8utica a centres residencials per a la gent gran, l&#8217;adequaci\u00f3 del Concert d&#8217;Atenci\u00f3 Farmac\u00e8utica i la Carpeta La Meva Salut. Tot seguit, el president del COFB va tractar el <strong>Servei de Verificaci\u00f3 de Medicaments (SEVeM),<\/strong>\u00a0en el marc del qual s&#8217;han organitzat 3 sessions informatives al COFB (farm\u00e0cia comunit\u00e0ria, distribuci\u00f3 i hospitals), ja que la posada en marxa est\u00e0 prevista a partir de febrer de 2019.<\/p>\n<figure id=\"attachment_43292\" aria-describedby=\"caption-attachment-43292\" style=\"width: 620px\" class=\"wp-caption aligncenter\"><a href=\"https:\/\/blog.cofb.cat\/wp-content\/uploads\/2018\/12\/cofb.JGO-28.jpg\"><img decoding=\"async\" class=\"wp-image-43292 size-large\" title=\"Jordi De Dalmases, president del COFB, durant l'exposici\u00f3 de l'Informe de Presid\u00e8ncia el passat 18 de desembre.\" src=\"https:\/\/blog.cofb.cat\/wp-content\/uploads\/2018\/12\/cofb.JGO-28-1024x683.jpg\" alt=\"Jordi De Dalmases, president del COFB, durant l'exposici\u00f3 de l'Informe de Presid\u00e8ncia el passat 18 de desembre.\" width=\"620\" height=\"414\" \/><\/a><figcaption id=\"caption-attachment-43292\" class=\"wp-caption-text\">Jordi De Dalmases, president del COFB, durant l&#8217;exposici\u00f3 de l&#8217;Informe de Presid\u00e8ncia el passat 18 de desembre.<\/figcaption><\/figure>\n<p>Tamb\u00e9 va fer menci\u00f3 a la <strong>interoperabilitat de la recepta electr\u00f2nica,<\/strong> que ha perm\u00e8s a les farm\u00e0cies catalanes fer m\u00e9s de 78.000 dispensacions a pacients d&#8217;altres Comunitats Aut\u00f2nomes; i a la <b>reuni\u00f3 que va mantenir\u00a0amb els representants d&#8217;infermeria a Catalunya,\u00a0<\/b>en qu\u00e8 des de tots dos col\u00b7lectius es van empla\u00e7ar a &#8220;continuar <strong>establint sinergies<\/strong> per contribuir, des dels diferents \u00e0mbits a <strong>millorar la qualitat de vida<\/strong> de la poblaci\u00f3&#8221;. Un altre dels temes abordats per De Dalmases va ser la <strong><em>Compliance<\/em><\/strong>, que neix &#8220;de la <strong>necessitat de justificar<\/strong> que la persona jur\u00eddica ha establert un conjunt de normes, processos recollits en un protocol d&#8217;obligat compliment pels membres de l&#8217;organitzaci\u00f3, amb la finalitat d&#8217;evitar la participaci\u00f3 d&#8217;aquests en la comissi\u00f3 de delictes i inc\u00f3rrer en aquestes responsabilitats&#8221; i que <strong>el 2019 est\u00e0 previst que es comenci a aplicar al COFB<\/strong>.<\/p>\n<p>De Dalmases tamb\u00e9 va informar els col\u00b7legiats de les <strong>&#8220;Trobades amb la Sanitat&#8221;<\/strong> realitzades fins ara. Una s\u00e8rie de confer\u00e8ncies que van iniciar-se el passat 24 de gener, amb la presentaci\u00f3 del llibre <em><strong>El futuro de la Sanidad en Espanya.<\/strong> <strong>Propuestas y reflexiones para una sanidad p\u00fablica solvente<\/strong><\/em> de Jos\u00e9 Mart\u00ednez-Olmos. Van seguir-la la confer\u00e8ncia de l&#8217;exconseller de Salut\u00a0de la Generalitat de Catalunya <strong>&#8220;Canviar de paradigma, un repte permanent en la gesti\u00f3 i la pol\u00edtica sanit\u00e0ries&#8221;<\/strong>, Boi Ruiz,\u00a0el passat 13 de juny i la d&#8217;I\u00f1aki Betolaza, que el passat 29 de novembre va realitzar la confer\u00e8ncia <strong>&#8220;La farm\u00e0cia, un agent m\u00e9s de salut a Euskadi&#8221;<\/strong>.<strong>\u00a0<\/strong>S&#8217;han realitzat <strong>3 trobades<\/strong> i la primera prevista per al 2019 \u00e9s amb Maria Jes\u00fas Lamas, directora de l&#8217;<strong>Ag\u00e8ncia Espanyola del Medicament i Productes Sanitaris (AEMPS)<\/strong>.<\/p>\n<p>Pel que fa a <strong>CISMED<\/strong>, el president va destacar que hi ha <strong>257 farm\u00e0cies adherides <\/strong>i va animar als farmac\u00e8utics a adherir-se\u00a0per notificar les incid\u00e8ncies de desabastiment de medicaments.<\/p>\n<div class=\"destacat-blog\">\n<h2><strong><span style=\"color: #008080;\">Comunicaci\u00f3<\/span><\/strong><\/h2>\n<p>A la part final de la Junta, la vicepresidenta del COFB, N\u00faria Bosch, va exposar que el Col\u00b7legi continua sent <strong>font de refer\u00e8ncia als mitjans de comunicaci\u00f3<\/strong> i, concretament, va exposar <strong>dos casos destacats del darrer semestre<\/strong> -retirada de\u00a0<strong>lots de medicaments amb valsartan i reaccions adverses al Metamizol-<\/strong>, en les quals la <strong>intervenci\u00f3 del farmac\u00e8utic\u00a0<\/strong>va ser clau per <strong>traslladar a la societat un missatge entenedor i homogeni<\/strong>. Bosch tamb\u00e9 va comunicar als assistents que est\u00e0 prevista el 2019 la<strong> renovaci\u00f3 de la web www.cofb.org<\/strong> amb l&#8217;objectiu que sigui la porta d&#8217;entrada dels col\u00b7legiats.<\/p>\n<p>Pel que fa a la comunicaci\u00f3 interna, Bosch va destacar la <strong>renovaci\u00f3 de l&#8217;app<\/strong> <strong>del COFB<\/strong>, que facilita, entre altres aspectes, un acc\u00e9s r\u00e0pid amb empremta digital, agilitat en la inscripci\u00f3 d&#8217;activitats i personalitzaci\u00f3 en funci\u00f3 de les prefer\u00e8ncies del farmac\u00e8utic. Per \u00faltim, va fer refer\u00e8ncia a la <strong>utilitzaci\u00f3 de mitjans telem\u00e0tics<\/strong> &#8211; a trav\u00e9s de Logalty- <strong>per enviar\u00a0notificacions<\/strong> dels tr\u00e0mits i les resolucions que dicta la Junta de Govern, tal com contempla la normativa actualment vigent.<\/p>\n<\/div>\n<div class=\"box info\"><\/div>\n<p><strong>Cada any, el Col\u00b7legi duu a terme dues Juntes Generals<\/strong> relacionades amb el pressupost del COFB en les quals es presenta als col\u00b7legiats la<strong> liquidaci\u00f3 de l\u2019any anterior (Junta del mes de juny)<\/strong> i<strong> la proposta de pressupost per a l\u2019any seg\u00fcent (Junta del mes de desembre)<\/strong>. L\u2019<strong>aprovaci\u00f3 dels pressupostos se sotmet a la votaci\u00f3 dels col\u00b7legiats<\/strong> que hi assisteixen per la seva aprovaci\u00f3.<\/p>\n<\/div>\n<p><strong>Altres publicacions d&#8217;inter\u00e8s:<\/strong><\/p>\n<ul>\n<li><a href=\"https:\/\/blog.cofb.cat\/junta-general-ordinaria-els-col%C2%B7legiats-aproven-la-liquidacio-del-pressupost-2016\/\" target=\"_blank\" rel=\"noopener\">Junta General Ordin\u00e0ria: els col\u00b7legiats aproven la liquidaci\u00f3 del pressupost 2016 (Juny 2017)<\/a><\/li>\n<li><a href=\"https:\/\/blog.cofb.cat\/aprovada-la-proposta-de-pressupostos-del-col%C2%B7legi-per-al-2018\/\" target=\"_blank\" rel=\"noopener\">Aprovada la proposta del Col\u00b7legi per al 2018 (Desembre 2017)<\/a><\/li>\n<li><a href=\"https:\/\/blog.cofb.cat\/junta-general-ordinaria-collegiats-aproven-liquidacio-pressupost-2017\/\" target=\"_blank\" rel=\"noopener\">Junta General Ordin\u00e0ria: els col\u00b7legiats aproven la liquidaci\u00f3 del pressupost 2017 (Juny 2018)<\/a><\/li>\n<\/ul>\n","protected":false},"excerpt":{"rendered":"<p>Tot a punt per a l&#8217;inici d&#8217;un nou any al Col\u00b7legi.\u00a0Els col\u00b7legiats van aprovar per unanimitat ahir, 18 de desembre, durant la Junta General Ordin\u00e0ria, la proposta de pressupostos de la instituci\u00f3 per a l&#8217;any vinent, exposats per l&#8217;equip econ\u00f2mic del COFB. Durant l&#8217;acte van estar presents el president, Jordi [&hellip;]<\/p>\n","protected":false},"author":1,"featured_media":43302,"comment_status":"open","ping_status":"open","sticky":false,"template":"","format":"standard","meta":{"_uag_custom_page_level_css":"","site-sidebar-layout":"default","site-content-layout":"","ast-site-content-layout":"default","site-content-style":"default","site-sidebar-style":"default","ast-global-header-display":"","ast-banner-title-visibility":"","ast-main-header-display":"","ast-hfb-above-header-display":"","ast-hfb-below-header-display":"","ast-hfb-mobile-header-display":"","site-post-title":"","ast-breadcrumbs-content":"","ast-featured-img":"disabled","footer-sml-layout":"","theme-transparent-header-meta":"","adv-header-id-meta":"","stick-header-meta":"","header-above-stick-meta":"","header-main-stick-meta":"","header-below-stick-meta":"","astra-migrate-meta-layouts":"default","ast-page-background-enabled":"default","ast-page-background-meta":{"desktop":{"background-color":"var(--ast-global-color-4)","background-image":"","background-repeat":"repeat","background-position":"center center","background-size":"auto","background-attachment":"scroll","background-type":"","background-media":"","overlay-type":"","overlay-color":"","overlay-opacity":"","overlay-gradient":""},"tablet":{"background-color":"","background-image":"","background-repeat":"repeat","background-position":"center center","background-size":"auto","background-attachment":"scroll","background-type":"","background-media":"","overlay-type":"","overlay-color":"","overlay-opacity":"","overlay-gradient":""},"mobile":{"background-color":"","background-image":"","background-repeat":"repeat","background-position":"center center","background-size":"auto","background-attachment":"scroll","background-type":"","background-media":"","overlay-type":"","overlay-color":"","overlay-opacity":"","overlay-gradient":""}},"ast-content-background-meta":{"desktop":{"background-color":"var(--ast-global-color-5)","background-image":"","background-repeat":"repeat","background-position":"center center","background-size":"auto","background-attachment":"scroll","background-type":"","background-media":"","overlay-type":"","overlay-color":"","overlay-opacity":"","overlay-gradient":""},"tablet":{"background-color":"var(--ast-global-color-5)","background-image":"","background-repeat":"repeat","background-position":"center center","background-size":"auto","background-attachment":"scroll","background-type":"","background-media":"","overlay-type":"","overlay-color":"","overlay-opacity":"","overlay-gradient":""},"mobile":{"background-color":"var(--ast-global-color-5)","background-image":"","background-repeat":"repeat","background-position":"center center","background-size":"auto","background-attachment":"scroll","background-type":"","background-media":"","overlay-type":"","overlay-color":"","overlay-opacity":"","overlay-gradient":""}},"footnotes":""},"categories":[57],"tags":[18,356,19,692,417,419,420,3381,3382,1026,3383],"class_list":["post-43159","post","type-post","status-publish","format-standard","has-post-thumbnail","hentry","category-mon-collegial","tag-cofb","tag-collegi","tag-collegi-de-farmaceutics-de-barcelona","tag-collegiats","tag-junta-de-govern","tag-junta-general","tag-junta-general-ordinaria","tag-normes-pressupostaries","tag-partides","tag-pressupost","tag-pressupost-cofb"],"yoast_head":"<!-- This site is optimized with the Yoast SEO plugin v22.4 - https:\/\/yoast.com\/wordpress\/plugins\/seo\/ -->\n<title>Junta General Ordin\u00e0ria: Aprovats per unanimitat els pressupostos del Col\u00b7legi per al 2019 - Col\u00b7legi de Farmac\u00e8utics de Barcelona<\/title>\n<meta name=\"robots\" content=\"index, follow, max-snippet:-1, max-image-preview:large, max-video-preview:-1\" \/>\n<link rel=\"canonical\" href=\"https:\/\/novaorg.cofb.net\/2018\/12\/19\/junta-general-ordinaria-aprovats-per-unanimitat-els-pressupostos-del-collegi-per-al-2019\/\" \/>\n<meta property=\"og:locale\" content=\"ca_ES\" \/>\n<meta property=\"og:type\" content=\"article\" \/>\n<meta property=\"og:title\" content=\"Junta General Ordin\u00e0ria: Aprovats per unanimitat els pressupostos del Col\u00b7legi per al 2019 - Col\u00b7legi de Farmac\u00e8utics de Barcelona\" \/>\n<meta property=\"og:description\" content=\"Tot a punt per a l&#8217;inici d&#8217;un nou any al Col\u00b7legi.\u00a0Els col\u00b7legiats van aprovar per unanimitat ahir, 18 de desembre, durant la Junta General Ordin\u00e0ria, la proposta de pressupostos de la instituci\u00f3 per a l&#8217;any vinent, exposats per l&#8217;equip econ\u00f2mic del COFB. Durant l&#8217;acte van estar presents el president, Jordi [&hellip;]\" \/>\n<meta property=\"og:url\" content=\"https:\/\/novaorg.cofb.net\/2018\/12\/19\/junta-general-ordinaria-aprovats-per-unanimitat-els-pressupostos-del-collegi-per-al-2019\/\" \/>\n<meta property=\"og:site_name\" content=\"Col\u00b7legi de Farmac\u00e8utics de Barcelona\" \/>\n<meta property=\"article:publisher\" content=\"https:\/\/www.facebook.com\/farmaceuticsbcn\/\" \/>\n<meta property=\"article:published_time\" content=\"2018-12-19T14:00:52+00:00\" \/>\n<meta name=\"author\" content=\"wpAdminCofbOrg\" \/>\n<meta name=\"twitter:card\" content=\"summary_large_image\" \/>\n<meta name=\"twitter:creator\" content=\"@farmaceuticsbcn\" \/>\n<meta name=\"twitter:site\" content=\"@farmaceuticsbcn\" \/>\n<meta name=\"twitter:label1\" content=\"Escrit per\" \/>\n\t<meta name=\"twitter:data1\" content=\"wpAdminCofbOrg\" \/>\n\t<meta name=\"twitter:label2\" content=\"Temps estimat de lectura\" \/>\n\t<meta name=\"twitter:data2\" content=\"7 minuts\" \/>\n<script type=\"application\/ld+json\" class=\"yoast-schema-graph\">{\"@context\":\"https:\/\/schema.org\",\"@graph\":[{\"@type\":\"Article\",\"@id\":\"https:\/\/novaorg.cofb.net\/2018\/12\/19\/junta-general-ordinaria-aprovats-per-unanimitat-els-pressupostos-del-collegi-per-al-2019\/#article\",\"isPartOf\":{\"@id\":\"https:\/\/novaorg.cofb.net\/2018\/12\/19\/junta-general-ordinaria-aprovats-per-unanimitat-els-pressupostos-del-collegi-per-al-2019\/\"},\"author\":{\"name\":\"wpAdminCofbOrg\",\"@id\":\"https:\/\/www.cofb.org\/#\/schema\/person\/22ed7eea88da74b0fa4d3154ad87ffcb\"},\"headline\":\"Junta General Ordin\u00e0ria: Aprovats per unanimitat els pressupostos del Col\u00b7legi per al 2019\",\"datePublished\":\"2018-12-19T14:00:52+00:00\",\"dateModified\":\"2018-12-19T14:00:52+00:00\",\"mainEntityOfPage\":{\"@id\":\"https:\/\/novaorg.cofb.net\/2018\/12\/19\/junta-general-ordinaria-aprovats-per-unanimitat-els-pressupostos-del-collegi-per-al-2019\/\"},\"wordCount\":1454,\"commentCount\":0,\"publisher\":{\"@id\":\"https:\/\/www.cofb.org\/#organization\"},\"image\":{\"@id\":\"https:\/\/novaorg.cofb.net\/2018\/12\/19\/junta-general-ordinaria-aprovats-per-unanimitat-els-pressupostos-del-collegi-per-al-2019\/#primaryimage\"},\"thumbnailUrl\":\"\",\"keywords\":[\"COFB\",\"Col\u00b7legi\",\"Col\u00b7legi de Farmac\u00e8utics de Barcelona\",\"col\u00b7legiats\",\"Junta de Govern\",\"Junta General\",\"Junta General Ordin\u00e0ria\",\"normes pressupost\u00e0ries\",\"partides\",\"pressupost\",\"pressupost COFB\"],\"articleSection\":[\"M\u00f3n col\u00b7legial\"],\"inLanguage\":\"ca\",\"potentialAction\":[{\"@type\":\"CommentAction\",\"name\":\"Comment\",\"target\":[\"https:\/\/novaorg.cofb.net\/2018\/12\/19\/junta-general-ordinaria-aprovats-per-unanimitat-els-pressupostos-del-collegi-per-al-2019\/#respond\"]}]},{\"@type\":\"WebPage\",\"@id\":\"https:\/\/novaorg.cofb.net\/2018\/12\/19\/junta-general-ordinaria-aprovats-per-unanimitat-els-pressupostos-del-collegi-per-al-2019\/\",\"url\":\"https:\/\/novaorg.cofb.net\/2018\/12\/19\/junta-general-ordinaria-aprovats-per-unanimitat-els-pressupostos-del-collegi-per-al-2019\/\",\"name\":\"Junta General Ordin\u00e0ria: Aprovats per unanimitat els pressupostos del Col\u00b7legi per al 2019 - Col\u00b7legi de Farmac\u00e8utics de Barcelona\",\"isPartOf\":{\"@id\":\"https:\/\/www.cofb.org\/#website\"},\"primaryImageOfPage\":{\"@id\":\"https:\/\/novaorg.cofb.net\/2018\/12\/19\/junta-general-ordinaria-aprovats-per-unanimitat-els-pressupostos-del-collegi-per-al-2019\/#primaryimage\"},\"image\":{\"@id\":\"https:\/\/novaorg.cofb.net\/2018\/12\/19\/junta-general-ordinaria-aprovats-per-unanimitat-els-pressupostos-del-collegi-per-al-2019\/#primaryimage\"},\"thumbnailUrl\":\"\",\"datePublished\":\"2018-12-19T14:00:52+00:00\",\"dateModified\":\"2018-12-19T14:00:52+00:00\",\"breadcrumb\":{\"@id\":\"https:\/\/novaorg.cofb.net\/2018\/12\/19\/junta-general-ordinaria-aprovats-per-unanimitat-els-pressupostos-del-collegi-per-al-2019\/#breadcrumb\"},\"inLanguage\":\"ca\",\"potentialAction\":[{\"@type\":\"ReadAction\",\"target\":[\"https:\/\/novaorg.cofb.net\/2018\/12\/19\/junta-general-ordinaria-aprovats-per-unanimitat-els-pressupostos-del-collegi-per-al-2019\/\"]}]},{\"@type\":\"ImageObject\",\"inLanguage\":\"ca\",\"@id\":\"https:\/\/novaorg.cofb.net\/2018\/12\/19\/junta-general-ordinaria-aprovats-per-unanimitat-els-pressupostos-del-collegi-per-al-2019\/#primaryimage\",\"url\":\"\",\"contentUrl\":\"\"},{\"@type\":\"BreadcrumbList\",\"@id\":\"https:\/\/novaorg.cofb.net\/2018\/12\/19\/junta-general-ordinaria-aprovats-per-unanimitat-els-pressupostos-del-collegi-per-al-2019\/#breadcrumb\",\"itemListElement\":[{\"@type\":\"ListItem\",\"position\":1,\"name\":\"Inici\",\"item\":\"https:\/\/novaorg.cofb.net\/\"},{\"@type\":\"ListItem\",\"position\":2,\"name\":\"Junta General Ordin\u00e0ria: Aprovats per unanimitat els pressupostos del Col\u00b7legi per al 2019\"}]},{\"@type\":\"WebSite\",\"@id\":\"https:\/\/www.cofb.org\/#website\",\"url\":\"https:\/\/www.cofb.org\/\",\"name\":\"Col\u00b7legi de Farmac\u00e8utics de Barcelona\",\"description\":\"\",\"publisher\":{\"@id\":\"https:\/\/www.cofb.org\/#organization\"},\"potentialAction\":[{\"@type\":\"SearchAction\",\"target\":{\"@type\":\"EntryPoint\",\"urlTemplate\":\"https:\/\/www.cofb.org\/?s={search_term_string}\"},\"query-input\":\"required name=search_term_string\"}],\"inLanguage\":\"ca\"},{\"@type\":\"Organization\",\"@id\":\"https:\/\/www.cofb.org\/#organization\",\"name\":\"Col\u00b7legi de Farmac\u00e8utics de Barcelona\",\"url\":\"https:\/\/www.cofb.org\/\",\"logo\":{\"@type\":\"ImageObject\",\"inLanguage\":\"ca\",\"@id\":\"https:\/\/www.cofb.org\/#\/schema\/logo\/image\/\",\"url\":\"https:\/\/www.cofb.org\/wp-content\/uploads\/2023\/11\/cropped-Logotip-COFB.png\",\"contentUrl\":\"https:\/\/www.cofb.org\/wp-content\/uploads\/2023\/11\/cropped-Logotip-COFB.png\",\"width\":500,\"height\":105,\"caption\":\"Col\u00b7legi de Farmac\u00e8utics de Barcelona\"},\"image\":{\"@id\":\"https:\/\/www.cofb.org\/#\/schema\/logo\/image\/\"},\"sameAs\":[\"https:\/\/www.facebook.com\/farmaceuticsbcn\/\",\"https:\/\/twitter.com\/farmaceuticsbcn\",\"https:\/\/www.instagram.com\/farmaceuticsbcn\/\",\"https:\/\/www.linkedin.com\/company\/farmaceuticsbcn\/\"]},{\"@type\":\"Person\",\"@id\":\"https:\/\/www.cofb.org\/#\/schema\/person\/22ed7eea88da74b0fa4d3154ad87ffcb\",\"name\":\"wpAdminCofbOrg\",\"image\":{\"@type\":\"ImageObject\",\"inLanguage\":\"ca\",\"@id\":\"https:\/\/www.cofb.org\/#\/schema\/person\/image\/\",\"url\":\"https:\/\/secure.gravatar.com\/avatar\/1721b20b3b8ca882c3b56ec6c978c594fff670e40c0718e9190eaeeb76aae7d8?s=96&d=mm&r=g\",\"contentUrl\":\"https:\/\/secure.gravatar.com\/avatar\/1721b20b3b8ca882c3b56ec6c978c594fff670e40c0718e9190eaeeb76aae7d8?s=96&d=mm&r=g\",\"caption\":\"wpAdminCofbOrg\"},\"sameAs\":[\"http:\/\/192.168.64.122\/wordpress\"],\"url\":\"https:\/\/www.cofb.org\/ca\/author\/wpadmincofborg\/\"}]}<\/script>\n<!-- \/ Yoast SEO plugin. -->","yoast_head_json":{"title":"Junta General Ordin\u00e0ria: Aprovats per unanimitat els pressupostos del Col\u00b7legi per al 2019 - Col\u00b7legi de Farmac\u00e8utics de Barcelona","robots":{"index":"index","follow":"follow","max-snippet":"max-snippet:-1","max-image-preview":"max-image-preview:large","max-video-preview":"max-video-preview:-1"},"canonical":"https:\/\/novaorg.cofb.net\/2018\/12\/19\/junta-general-ordinaria-aprovats-per-unanimitat-els-pressupostos-del-collegi-per-al-2019\/","og_locale":"ca_ES","og_type":"article","og_title":"Junta General Ordin\u00e0ria: Aprovats per unanimitat els pressupostos del Col\u00b7legi per al 2019 - Col\u00b7legi de Farmac\u00e8utics de Barcelona","og_description":"Tot a punt per a l&#8217;inici d&#8217;un nou any al Col\u00b7legi.\u00a0Els col\u00b7legiats van aprovar per unanimitat ahir, 18 de desembre, durant la Junta General Ordin\u00e0ria, la proposta de pressupostos de la instituci\u00f3 per a l&#8217;any vinent, exposats per l&#8217;equip econ\u00f2mic del COFB. Durant l&#8217;acte van estar presents el president, Jordi [&hellip;]","og_url":"https:\/\/novaorg.cofb.net\/2018\/12\/19\/junta-general-ordinaria-aprovats-per-unanimitat-els-pressupostos-del-collegi-per-al-2019\/","og_site_name":"Col\u00b7legi de Farmac\u00e8utics de Barcelona","article_publisher":"https:\/\/www.facebook.com\/farmaceuticsbcn\/","article_published_time":"2018-12-19T14:00:52+00:00","author":"wpAdminCofbOrg","twitter_card":"summary_large_image","twitter_creator":"@farmaceuticsbcn","twitter_site":"@farmaceuticsbcn","twitter_misc":{"Escrit per":"wpAdminCofbOrg","Temps estimat de lectura":"7 minuts"},"schema":{"@context":"https:\/\/schema.org","@graph":[{"@type":"Article","@id":"https:\/\/novaorg.cofb.net\/2018\/12\/19\/junta-general-ordinaria-aprovats-per-unanimitat-els-pressupostos-del-collegi-per-al-2019\/#article","isPartOf":{"@id":"https:\/\/novaorg.cofb.net\/2018\/12\/19\/junta-general-ordinaria-aprovats-per-unanimitat-els-pressupostos-del-collegi-per-al-2019\/"},"author":{"name":"wpAdminCofbOrg","@id":"https:\/\/www.cofb.org\/#\/schema\/person\/22ed7eea88da74b0fa4d3154ad87ffcb"},"headline":"Junta General Ordin\u00e0ria: Aprovats per unanimitat els pressupostos del Col\u00b7legi per al 2019","datePublished":"2018-12-19T14:00:52+00:00","dateModified":"2018-12-19T14:00:52+00:00","mainEntityOfPage":{"@id":"https:\/\/novaorg.cofb.net\/2018\/12\/19\/junta-general-ordinaria-aprovats-per-unanimitat-els-pressupostos-del-collegi-per-al-2019\/"},"wordCount":1454,"commentCount":0,"publisher":{"@id":"https:\/\/www.cofb.org\/#organization"},"image":{"@id":"https:\/\/novaorg.cofb.net\/2018\/12\/19\/junta-general-ordinaria-aprovats-per-unanimitat-els-pressupostos-del-collegi-per-al-2019\/#primaryimage"},"thumbnailUrl":"","keywords":["COFB","Col\u00b7legi","Col\u00b7legi de Farmac\u00e8utics de Barcelona","col\u00b7legiats","Junta de Govern","Junta General","Junta General Ordin\u00e0ria","normes pressupost\u00e0ries","partides","pressupost","pressupost COFB"],"articleSection":["M\u00f3n col\u00b7legial"],"inLanguage":"ca","potentialAction":[{"@type":"CommentAction","name":"Comment","target":["https:\/\/novaorg.cofb.net\/2018\/12\/19\/junta-general-ordinaria-aprovats-per-unanimitat-els-pressupostos-del-collegi-per-al-2019\/#respond"]}]},{"@type":"WebPage","@id":"https:\/\/novaorg.cofb.net\/2018\/12\/19\/junta-general-ordinaria-aprovats-per-unanimitat-els-pressupostos-del-collegi-per-al-2019\/","url":"https:\/\/novaorg.cofb.net\/2018\/12\/19\/junta-general-ordinaria-aprovats-per-unanimitat-els-pressupostos-del-collegi-per-al-2019\/","name":"Junta General Ordin\u00e0ria: Aprovats per unanimitat els pressupostos del Col\u00b7legi per al 2019 - Col\u00b7legi de Farmac\u00e8utics de Barcelona","isPartOf":{"@id":"https:\/\/www.cofb.org\/#website"},"primaryImageOfPage":{"@id":"https:\/\/novaorg.cofb.net\/2018\/12\/19\/junta-general-ordinaria-aprovats-per-unanimitat-els-pressupostos-del-collegi-per-al-2019\/#primaryimage"},"image":{"@id":"https:\/\/novaorg.cofb.net\/2018\/12\/19\/junta-general-ordinaria-aprovats-per-unanimitat-els-pressupostos-del-collegi-per-al-2019\/#primaryimage"},"thumbnailUrl":"","datePublished":"2018-12-19T14:00:52+00:00","dateModified":"2018-12-19T14:00:52+00:00","breadcrumb":{"@id":"https:\/\/novaorg.cofb.net\/2018\/12\/19\/junta-general-ordinaria-aprovats-per-unanimitat-els-pressupostos-del-collegi-per-al-2019\/#breadcrumb"},"inLanguage":"ca","potentialAction":[{"@type":"ReadAction","target":["https:\/\/novaorg.cofb.net\/2018\/12\/19\/junta-general-ordinaria-aprovats-per-unanimitat-els-pressupostos-del-collegi-per-al-2019\/"]}]},{"@type":"ImageObject","inLanguage":"ca","@id":"https:\/\/novaorg.cofb.net\/2018\/12\/19\/junta-general-ordinaria-aprovats-per-unanimitat-els-pressupostos-del-collegi-per-al-2019\/#primaryimage","url":"","contentUrl":""},{"@type":"BreadcrumbList","@id":"https:\/\/novaorg.cofb.net\/2018\/12\/19\/junta-general-ordinaria-aprovats-per-unanimitat-els-pressupostos-del-collegi-per-al-2019\/#breadcrumb","itemListElement":[{"@type":"ListItem","position":1,"name":"Inici","item":"https:\/\/novaorg.cofb.net\/"},{"@type":"ListItem","position":2,"name":"Junta General Ordin\u00e0ria: Aprovats per unanimitat els pressupostos del Col\u00b7legi per al 2019"}]},{"@type":"WebSite","@id":"https:\/\/www.cofb.org\/#website","url":"https:\/\/www.cofb.org\/","name":"Col\u00b7legi de Farmac\u00e8utics de Barcelona","description":"","publisher":{"@id":"https:\/\/www.cofb.org\/#organization"},"potentialAction":[{"@type":"SearchAction","target":{"@type":"EntryPoint","urlTemplate":"https:\/\/www.cofb.org\/?s={search_term_string}"},"query-input":"required name=search_term_string"}],"inLanguage":"ca"},{"@type":"Organization","@id":"https:\/\/www.cofb.org\/#organization","name":"Col\u00b7legi de Farmac\u00e8utics de Barcelona","url":"https:\/\/www.cofb.org\/","logo":{"@type":"ImageObject","inLanguage":"ca","@id":"https:\/\/www.cofb.org\/#\/schema\/logo\/image\/","url":"https:\/\/www.cofb.org\/wp-content\/uploads\/2023\/11\/cropped-Logotip-COFB.png","contentUrl":"https:\/\/www.cofb.org\/wp-content\/uploads\/2023\/11\/cropped-Logotip-COFB.png","width":500,"height":105,"caption":"Col\u00b7legi de Farmac\u00e8utics de Barcelona"},"image":{"@id":"https:\/\/www.cofb.org\/#\/schema\/logo\/image\/"},"sameAs":["https:\/\/www.facebook.com\/farmaceuticsbcn\/","https:\/\/twitter.com\/farmaceuticsbcn","https:\/\/www.instagram.com\/farmaceuticsbcn\/","https:\/\/www.linkedin.com\/company\/farmaceuticsbcn\/"]},{"@type":"Person","@id":"https:\/\/www.cofb.org\/#\/schema\/person\/22ed7eea88da74b0fa4d3154ad87ffcb","name":"wpAdminCofbOrg","image":{"@type":"ImageObject","inLanguage":"ca","@id":"https:\/\/www.cofb.org\/#\/schema\/person\/image\/","url":"https:\/\/secure.gravatar.com\/avatar\/1721b20b3b8ca882c3b56ec6c978c594fff670e40c0718e9190eaeeb76aae7d8?s=96&d=mm&r=g","contentUrl":"https:\/\/secure.gravatar.com\/avatar\/1721b20b3b8ca882c3b56ec6c978c594fff670e40c0718e9190eaeeb76aae7d8?s=96&d=mm&r=g","caption":"wpAdminCofbOrg"},"sameAs":["http:\/\/192.168.64.122\/wordpress"],"url":"https:\/\/www.cofb.org\/ca\/author\/wpadmincofborg\/"}]}},"uagb_featured_image_src":{"full":false,"thumbnail":false,"medium":false,"medium_large":false,"large":false,"1536x1536":false,"2048x2048":false,"trp-custom-language-flag":false},"uagb_author_info":{"display_name":"wpAdminCofbOrg","author_link":"https:\/\/www.cofb.org\/ca\/author\/wpadmincofborg\/"},"uagb_comment_info":0,"uagb_excerpt":"Tot a punt per a l&#8217;inici d&#8217;un nou any al Col\u00b7legi.\u00a0Els col\u00b7legiats van aprovar per unanimitat ahir, 18 de desembre, durant la Junta General Ordin\u00e0ria, la proposta de pressupostos de la instituci\u00f3 per a l&#8217;any vinent, exposats per l&#8217;equip econ\u00f2mic del COFB. Durant l&#8217;acte van estar presents el president, Jordi [&hellip;]","_links":{"self":[{"href":"https:\/\/www.cofb.org\/ca\/wp-json\/wp\/v2\/posts\/43159","targetHints":{"allow":["GET"]}}],"collection":[{"href":"https:\/\/www.cofb.org\/ca\/wp-json\/wp\/v2\/posts"}],"about":[{"href":"https:\/\/www.cofb.org\/ca\/wp-json\/wp\/v2\/types\/post"}],"author":[{"embeddable":true,"href":"https:\/\/www.cofb.org\/ca\/wp-json\/wp\/v2\/users\/1"}],"replies":[{"embeddable":true,"href":"https:\/\/www.cofb.org\/ca\/wp-json\/wp\/v2\/comments?post=43159"}],"version-history":[{"count":0,"href":"https:\/\/www.cofb.org\/ca\/wp-json\/wp\/v2\/posts\/43159\/revisions"}],"wp:featuredmedia":[{"embeddable":true,"href":"https:\/\/www.cofb.org\/ca\/wp-json\/"}],"wp:attachment":[{"href":"https:\/\/www.cofb.org\/ca\/wp-json\/wp\/v2\/media?parent=43159"}],"wp:term":[{"taxonomy":"category","embeddable":true,"href":"https:\/\/www.cofb.org\/ca\/wp-json\/wp\/v2\/categories?post=43159"},{"taxonomy":"post_tag","embeddable":true,"href":"https:\/\/www.cofb.org\/ca\/wp-json\/wp\/v2\/tags?post=43159"}],"curies":[{"name":"wp","href":"https:\/\/api.w.org\/{rel}","templated":true}]}}