{"id":43149,"date":"2019-01-21T14:14:32","date_gmt":"2019-01-21T12:14:32","guid":{"rendered":"https:\/\/blog.cofb.cat\/?p=43149"},"modified":"2019-01-21T14:14:32","modified_gmt":"2019-01-21T12:14:32","slug":"desembre-infarmainnova-implicacio-cofb-marato-tv3-temes-mes-destacats-als-mitjans","status":"publish","type":"post","link":"https:\/\/www.cofb.org\/ca\/2019\/01\/21\/desembre-infarmainnova-implicacio-cofb-marato-tv3-temes-mes-destacats-als-mitjans\/","title":{"rendered":"Desembre: #Infarmainnova i la implicaci\u00f3 del COFB a La Marat\u00f3 de TV3, temes m\u00e9s destacats als mitjans"},"content":{"rendered":"<h1><span style=\"color: #008080;\"><strong>#Infarmainnova, competici\u00f3 d\u2019idees en el marc d\u2019Infarma Barcelona 2019<\/strong><\/span><\/h1>\n<p>Infarma -el Congr\u00e9s i Sal\u00f3 Europeu d\u2019Oficina de Farm\u00e0cia organitzat pel Col\u00b7legi de Farmac\u00e8utics de Barcelona i Madrid i Interalia- ha estat not\u00edcia a la premsa amb la difusi\u00f3 del projecte #Infarmainnova, que se celebrar\u00e0 en el marc d\u2019Infarma Barcelona 2019. La segona edici\u00f3 d\u2019Infarmainnova vol <strong>trobar les millors idees per donar resposta a 5 dels reptes presents i futurs als quals s\u2019enfronta l\u2019oficina de farm\u00e0cia<\/strong>. Els farmac\u00e8utics comunitaris podran presentar les propostes fins al 15 de febrer a trav\u00e9s de la web\u00a0<a href=\"http:\/\/web%20www.infarmainnova.es\" target=\"_blank\" rel=\"noopener\">www.infarmainnova.es<\/a>.<\/p>\n<p>Diversos mitjans de comunicaci\u00f3 especialitzats del sector farmac\u00e8utic van fer-se ress\u00f2 de la nota de premsa enviada pel Col\u00b7legi: <a href=\"http:\/\/www.elglobal.net\/farmacia\/infarmainnova-busca-solucion-a-cinco-retos-de-la-oficina-de-farmacia-JC1859128\" target=\"_blank\" rel=\"noopener\">El Global<\/a>, <a href=\"http:\/\/www.elfarmaceutico.es\/index.php\/noticias-actualidad-farmaceutica\/item\/9672-infarmainnova-busca-las-mejores-ideas-para-dar-respuesta-a-los-retos-presentes-y-futuros-de-la-farmacia-comunitaria#.XCTOjlVKiUl\" target=\"_blank\" rel=\"noopener\">El Farmac\u00e9utico<\/a>, <a href=\"https:\/\/www.actasanitaria.com\/infarma-innova-busca-las-mejores-ideas-para-dar-respuesta-a-los-retos-de-la-farmacia-comunitaria\/\" target=\"_blank\" rel=\"noopener\">Acta Sanitaria<\/a>, <a href=\"http:\/\/www.farmaventas.es\/noticias-del-sector\/otras-noticias\/8364-infarmainnova-busca-las-mejores-ideas-para-dar-respuesta-a-los-retos-presentes-y-futuros-de-la-farmacia-comunitaria.html\" target=\"_blank\" rel=\"noopener\">Farmaventas<\/a>,\u00a0 <a href=\"https:\/\/www.diariofarma.com\/2018\/12\/20\/los-farmaceuticos-podran-mostrar-su-caracter-innovador-en-infarmainnova\" target=\"_blank\" rel=\"noopener\">Diariofarma<\/a>, <a href=\"https:\/\/www.imfarmacias.es\/noticia\/16861\/infarmainnova-se-buscan-las-mejores-ideas-para-dar-respuesta-a-los-r\" target=\"_blank\" rel=\"noopener\">imFarmacias<\/a>, \u00a0<a href=\"https:\/\/www.correofarmaceutico.com\/profesion\/farmacia-comunitaria\/infarmainnova-busca-ideas-para-abordar-los-retos-de-la-farmacia-comunitaria.html\" target=\"_blank\" rel=\"noopener\">Correo Farmac\u00e9utico<\/a> i Sanifax. Tamb\u00e9 la va recollir el <a href=\"http:\/\/www.cofmservicios31.es\/infarmainnova-busca-solucion-a-cinco-retos-de-la-oficina-de-farmacia\/\" target=\"_blank\" rel=\"noopener\">Portal COFM Servicios 31<\/a> del Col\u00b7legi Oficial de Farmac\u00e8utics de Madrid.<\/p>\n<p>Infarma tamb\u00e9 va ser not\u00edcia pel premi que la Fundaci\u00f3 Cofares va atorgar al projecte <strong>\u201cInfarma Solidari\u201d<\/strong>, una iniciativa que va comen\u00e7ar l\u2019any 2016. El president de Cofares va lliurar el premi a Jordi De Dalmases i Luis Gonz\u00e1lez, presidents del COFB i el COFM, respectivament. Se&#8217;n van fer ress\u00f2 durant aquest mes <a href=\"http:\/\/revistafarmanatur.com\/gestion-farmaceutica\/la-iniciativa-conjunta-los-cof-madrid-barcelona-infarma-solidario-gana-la-xviii-edicion-del-premio-fundacion-cofares\/\" target=\"_blank\" rel=\"noopener\">Farmanatur<\/a>, <a href=\"https:\/\/www.lavanguardia.com\/vida\/20181214\/453545529452\/colegios-farmaceuticos-madrid-y-barcelona-premio-conjunto-fundacion-cofares.html\" target=\"_blank\" rel=\"noopener\">La Vanguardia<\/a> i Sanifax.<\/p>\n<p><a href=\"https:\/\/blog.cofb.cat\/wp-content\/uploads\/2019\/01\/Infarmainnova-competici\u00f3-d\u2019idees-en-el-marc-d\u2019Infarma-Barcelona-2019.png\"><img fetchpriority=\"high\" decoding=\"async\" class=\"aligncenter size-full wp-image-43689\" src=\"https:\/\/blog.cofb.cat\/wp-content\/uploads\/2019\/01\/Infarmainnova-competici\u00f3-d\u2019idees-en-el-marc-d\u2019Infarma-Barcelona-2019.png\" alt=\"\" width=\"618\" height=\"240\" \/><\/a><\/p>\n<div class=\"custom-divider\"><\/div>\n<h1><strong><span style=\"color: #008080;\">La Marat\u00f3 de TV3<\/span><\/strong><\/h1>\n<h3><strong>Programa de detecci\u00f3 preco\u00e7 de c\u00e0ncer de c\u00f2lon i recte<\/strong><\/h3>\n<p>Coincidint amb la setmana de La Marat\u00f3 de TV3 \u2013que en l\u2019edici\u00f3 de 2018 estava dedicada a la investigaci\u00f3 del c\u00e0ncer- el <a href=\"https:\/\/www.ccma.cat\/tv3\/alacarta\/telenoticies-vespre\/menys-de-la-meitat-de-la-poblacio-es-fa-la-prova-gratuita-de-la-sang-en-femta-per-prevenir-el-cancer-de-colon\/video\/5805007\/\" target=\"_blank\" rel=\"noopener\">TN Vespre de TV3<\/a> va emetre un <strong>reportatge sobre el Programa de detecci\u00f3 preco\u00e7 de c\u00e0ncer de c\u00f2lon i recte<\/strong> que compta amb la participaci\u00f3 de 1.374 farm\u00e0cies de la prov\u00edncia de Barcelona (dades any 2017). El reportatge va incorporar declaracions de Guillermo Bagaria, responsable d\u2019Atenci\u00f3 Farmac\u00e8utica del Col\u00b7legi.<\/p>\n<h3><strong>Recaptaci\u00f3 de fons per la investigaci\u00f3 del c\u00e0ncer entre els col\u00b7legiats<\/strong><\/h3>\n<p>En el marc de La Marat\u00f3, el Col\u00b7legi de Farmac\u00e8utics de Barcelona va implicar-se per recaptar fons destinats a la investigaci\u00f3 del c\u00e0ncer entre els col\u00b7legiats. Quan aquests realitzaven una <strong>aportaci\u00f3 econ\u00f2mica a trav\u00e9s del Col\u00b7legi rebien una bossa solid\u00e0ria<\/strong>, desenvolupada des de la Comissi\u00f3 de Comprom\u00eds Social del COFB. Mitjans com Sanifax i <a href=\"http:\/\/www.revistaacofar.com\/revista\/actualidad\/actualidades\/11055-el-cof-de-barcelona-implicado-en-la-marato-2018-para-recaudar-fondos-para-la-investigacion-del-cancer\" target=\"_blank\" rel=\"noopener\">Revista Acofar <\/a>van recollir aquesta iniciativa.<\/p>\n<p><a href=\"https:\/\/blog.cofb.cat\/wp-content\/uploads\/2019\/01\/La-Marat\u00f3-de-TV3.png\"><img decoding=\"async\" class=\"aligncenter size-full wp-image-43690\" src=\"https:\/\/blog.cofb.cat\/wp-content\/uploads\/2019\/01\/La-Marat\u00f3-de-TV3.png\" alt=\"\" width=\"618\" height=\"240\" \/><\/a><\/p>\n<div class=\"custom-divider\"><\/div>\n<h1><span style=\"color: #008080;\"><strong>Conveni entre els Col\u00b7legis de Farmac\u00e8utics de Barcelona i Madrid i Nestl\u00e9 Health Science<\/strong><\/span><\/h1>\n<p>Els <strong>Col\u00b7legis de Farmac\u00e8utics de Barcelona i Madrid<\/strong> i <strong>Nestl\u00e9 Health Science<\/strong> van signar el passat mes de desembre un conveni per treballar conjuntament en la divulgaci\u00f3 de la import\u00e0ncia d\u2019una<strong> correcta alimentaci\u00f3 i nutrici\u00f3 en adults i persones grans<\/strong>. La not\u00edcia va ser recollida per mitjans de la premsa especialitzada com <a href=\"https:\/\/www.diariofarma.com\/2018\/12\/12\/los-cof-de-madrid-y-barcelona-apuestan-por-la-formacion-en-nutricion\" target=\"_blank\" rel=\"noopener\">Diariofarma<\/a>, <a href=\"https:\/\/www.imfarmacias.es\/noticia\/16757\/los-farmaceuticos-de-barcelona-y-madrid-se-unen-a-nestle-health-scie\" target=\"_blank\" rel=\"noopener\">imFarmacias<\/a>, <a href=\"http:\/\/www.elglobal.net\/portada\/union-entre-cofm-cofb-y-nestle-health-por-la-nutricion-XC1848321\" target=\"_blank\" rel=\"noopener\">El Global<\/a> (tamb\u00e9 en l\u2019edici\u00f3 paper), <a href=\"https:\/\/www.actasanitaria.com\/farmaceuticos-barcelona-madrid-fomentan-una-correcta-nutricion-adultos-mayores\/\" target=\"_blank\" rel=\"noopener\">Acta Sanitaria<\/a>, <a href=\"http:\/\/revistafarmanatur.com\/gestion-farmaceutica\/colaboracion-cof-barcelona-cof-madrid-nestle-health-science\/\" target=\"_blank\" rel=\"noopener\">Revista Farmanatur<\/a>, <a href=\"http:\/\/www.revistaacofar.com\/revista\/actualidad\/actualidades\/11037-los-colegios-farmaceuticos-de-barcelona-y-madrid-y-nestle-health-science-colaboran-para-mejorar-la-calidad-de-vida-de-las-personas-a-traves-del-adecuado-consejo-nutricional\" target=\"_blank\" rel=\"noopener\">Revista Acofar<\/a> i Sanifax.<\/p>\n<p><a href=\"https:\/\/blog.cofb.cat\/wp-content\/uploads\/2019\/01\/Conveni-entre-els-Col\u00b7legis-de-Farmac\u00e8utics-de-Barcelona-i-Madrid-i-Nestl\u00e9-Health-Science.png\"><img decoding=\"async\" class=\"aligncenter size-full wp-image-43691\" src=\"https:\/\/blog.cofb.cat\/wp-content\/uploads\/2019\/01\/Conveni-entre-els-Col\u00b7legis-de-Farmac\u00e8utics-de-Barcelona-i-Madrid-i-Nestl\u00e9-Health-Science.png\" alt=\"\" width=\"618\" height=\"240\" \/><\/a><\/p>\n<div class=\"custom-divider\"><\/div>\n<h1><span style=\"color: #008080;\"><strong>Dia Mundial de la S<\/strong><strong>ida<\/strong><\/span><\/h1>\n<p>Amb motiu de la celebraci\u00f3 del Dia Mundial de la Sida, el passat 1 de desembre, el Consell de Col\u00b7legis Farmac\u00e8utics de Catalunya (CCFC) va enviar una nota de premsa en qu\u00e8 s\u2019explicava que <strong>m\u00e9s de 120 farm\u00e0cies catalanes realitzen proves per detectar de forma preco\u00e7 el risc d\u2019infecci\u00f3 per VIH<\/strong>, aix\u00ed com altres dades al voltant del Programa de detecci\u00f3 preco\u00e7 del VIH amb test r\u00e0pid, emmarcat dins la reducci\u00f3 de danys. La not\u00edcia va apar\u00e8ixer publicada als portals digitals <a href=\"http:\/\/www.farmaventas.es\/noticias-del-sector\/otras-noticias\/8314-mas-de-120-farmacias-catalanas-realizan-pruebas-para-detectar-precozmente-el-riesgo-de-infeccion-por-vih.html\" target=\"_blank\" rel=\"noopener\">Farmaventas<\/a>, \u00a0<a href=\"http:\/\/www.revistaacofar.com\/revista\/actualidad\/actualidades\/11019-mas-de-120-farmacias-catalanas-realizan-pruebas-para-detectar-precozmente-el-riesgo-de-infeccion-por-vih\" target=\"_blank\" rel=\"noopener\">Revista Acofar<\/a>, \u00a0<a href=\"https:\/\/www.diariofarma.com\/2018\/12\/03\/los-farmaceuticos-comunitarios-se-vuelcan-con-la-atencion-al-vih-sida\" target=\"_blank\" rel=\"noopener\">Diariofarma<\/a> i Sanifax.<\/p>\n<p><a href=\"https:\/\/blog.cofb.cat\/wp-content\/uploads\/2019\/01\/Dia-Mundial-de-la-Sida.png\"><img loading=\"lazy\" decoding=\"async\" class=\"aligncenter size-full wp-image-43692\" src=\"https:\/\/blog.cofb.cat\/wp-content\/uploads\/2019\/01\/Dia-Mundial-de-la-Sida.png\" alt=\"\" width=\"618\" height=\"240\" \/><\/a><\/p>\n<div class=\"custom-divider\"><\/div>\n<h1><span style=\"color: #008080;\"><strong>El COFB com a font d\u2019informaci\u00f3<\/strong><\/span><\/h1>\n<p><strong>Despesa farmac\u00e8utica<\/strong><\/p>\n<p>El tresorer del COFB, Joan Calduch, va proporcionar informaci\u00f3 a l\u2019edici\u00f3 catalana de El Pa\u00eds, que va fer un <a href=\"https:\/\/cat.elpais.com\/cat\/2018\/12\/30\/catalunya\/1546193103_605666.html\" target=\"_blank\" rel=\"noopener\">reportatge sobre despesa farmac\u00e8utica<\/a>, en qu\u00e8 es feia un rep\u00e0s del preu dels f\u00e0rmacs i la seva venda a Catalunya. El reportatge tamb\u00e9 comptava amb el Departament de Salut com a font d\u2019informaci\u00f3.<\/p>\n<p><strong>Etiquetatge dels aliments<\/strong><\/p>\n<p>El programa \u201cLa Llanterna\u201d de la Cadena COPE a Catalunya va entrevistar la vocal d\u2019Alimentaci\u00f3 i Nutrici\u00f3 del COFB, Anna Bach, que va respondre, entre d\u2019altres, la pregunta <a href=\"https:\/\/www.cope.es\/emisoras\/cataluna\/barcelona-provincia\/barcelona\/la-linterna-cope-catalunya-i-andorra\/audios\/que-posar-letiquetatge-dun-aliment-20181213_595566\" target=\"_blank\" rel=\"noopener\">\u201cQu\u00e8 ha de posar a l\u2019etiquetatge d\u2019un aliment?\u201d<\/a>. Bach tamb\u00e9 va proporcionar <strong>informaci\u00f3 al voltant del Nutriscore<\/strong>, conegut col\u00b7loquialment com \u201cel sem\u00e0for dels aliments\u201d.<\/p>\n<p><strong>Ibuprof\u00e8n i alcohol<\/strong><\/p>\n<p>Des de Cu\u00eddate Plus van sol\u00b7licitar al COFB <strong>informaci\u00f3 al voltant de la interacci\u00f3 entre l\u2019alcohol i l\u2019ibuprof\u00e8.<\/strong> Maria Perell\u00f3, responsable del Centre d\u2019Informaci\u00f3 del Medicament (CIM) del Col\u00b7legi, va donar resposta a les diverses q\u00fcestions plantejades pel mitj\u00e0, a partir de les quals es va acabar elaborant el seg\u00fcent article: <a href=\"https:\/\/cuidateplus.marca.com\/medicamentos\/2016\/08\/27\/como-interactua-alcohol-ibuprofeno-114082.html\" target=\"_blank\" rel=\"noopener\">\u00bfInteraccionan el ibuprofeno y el alcohol?<\/a>.<\/p>\n<p><strong>Antihistam\u00ednics: ebastina<\/strong><\/p>\n<p>Perell\u00f3 tamb\u00e9 va aportar <strong>informaci\u00f3 sobre l\u2019ebastina, un dels medicaments m\u00e9s coneguts per tractar els processos al\u00b7l\u00e8rgics.<\/strong> Les respostes de la responsable del CIM es van recollir en una pe\u00e7a titulada <a href=\"https:\/\/cuidateplus.marca.com\/medicamentos\/2018\/12\/12\/ebastina-cuando-como-debemos-usarla-168448.html\" target=\"_blank\" rel=\"noopener\">Ebastina: \u00bfCu\u00e1ndo y c\u00f3mo debemos usarla?<\/a>, de Cu\u00eddate Plus.<\/p>\n<p><strong>Disfunci\u00f3 er\u00e8ctil<\/strong><\/p>\n<p>Finalment, Perell\u00f3 tamb\u00e9 va <strong>proporcionar informaci\u00f3 sobre el sildenafil (viagra),<\/strong> a partir de la qual el mitj\u00e0 Cu\u00eddate Plus va fer la pe\u00e7a seg\u00fcent: <a href=\"https:\/\/cuidateplus.marca.com\/medicamentos\/2018\/12\/29\/sildenafilo-cuando-como-hay-tomarlo-168851.html\" target=\"_blank\" rel=\"noopener\">Sildenafilo: \u00bfcu\u00e1ndo y c\u00f3mo hay que tomarlo?<\/a>.<\/p>\n<p><a href=\"https:\/\/blog.cofb.cat\/wp-content\/uploads\/2019\/01\/El-COFB-com-a-font-d\u2019informaci\u00f3.png\"><img loading=\"lazy\" decoding=\"async\" class=\"aligncenter size-full wp-image-43693\" src=\"https:\/\/blog.cofb.cat\/wp-content\/uploads\/2019\/01\/El-COFB-com-a-font-d\u2019informaci\u00f3.png\" alt=\"\" width=\"618\" height=\"240\" \/><\/a><\/p>\n<div class=\"custom-divider\"><\/div>\n<h1><span style=\"color: #008080;\"><strong>Col\u00b7loqui \u201cLes claus que afectaran la farm\u00e0cia. Rep\u00e0s a les iniciatives amb m\u00e9s impacte\u201d<\/strong><\/span><\/h1>\n<p>El passat 10 de desembre el COFB, Diariofarma i Teva van organitzar a la seu del Col\u00b7legi el col\u00b7loqui <strong>\u201cLes claus que afectaran la farm\u00e0cia. Rep\u00e0s a les iniciatives amb m\u00e9s impacte\u201d<\/strong>, que va comptar amb les intervencions de Jordi De Dalmases, president del COFB; Josep Torrent-Farnell, director de l\u2019\u00c0rea del Medicament del CatSalut; i Rafael Borr\u00e1s, director de Relacions Institucionals de Teva. Jos\u00e9 Mar\u00eda L\u00f3pez Alemany, director de Diariofarma, va moderar la sessi\u00f3. Aquest mitj\u00e0 va fer una cr\u00f2nica del col\u00b7loqui titulada <a href=\"https:\/\/www.diariofarma.com\/2018\/12\/17\/la-farmacia-y-el-catsalut-no-esperan-conflictos-con-enfermeria-en-cataluna\" target=\"_blank\" rel=\"noopener\">\u201cLa farmacia y el Catsalut no esperan conflictos con enfermer\u00eda en Catalu\u00f1a\u201d<\/a>.<\/p>\n<p><a href=\"https:\/\/blog.cofb.cat\/wp-content\/uploads\/2019\/01\/Col\u00b7loqui-\u201cLes-claus-que-afectaran-la-farm\u00e0cia.-Rep\u00e0s-a-les-iniciatives-amb-m\u00e9s-impacte\u201d.png\"><img loading=\"lazy\" decoding=\"async\" class=\"aligncenter size-full wp-image-43694\" src=\"https:\/\/blog.cofb.cat\/wp-content\/uploads\/2019\/01\/Col\u00b7loqui-\u201cLes-claus-que-afectaran-la-farm\u00e0cia.-Rep\u00e0s-a-les-iniciatives-amb-m\u00e9s-impacte\u201d.png\" alt=\"\" width=\"618\" height=\"240\" \/><\/a><\/p>\n<div class=\"custom-divider\"><\/div>\n<h1><span style=\"color: #008080;\"><strong>App del COFB i III Jornada del CCFC d\u2019Estrat\u00e8gia i Accions a la Farm\u00e0cia Comunit\u00e0ria 2018-2020<\/strong><\/span><\/h1>\n<p>Al llarg d\u2019aquest mes, les notes de premsa de <strong>l\u2019app del COFB<\/strong> i de la <strong>III Jornada del CCFC<\/strong>, que van ser recollides per la majoria de mitjans el mes de novembre, van continuar tenint\u00a0 repercussions\u00a0 als mitjans. <a href=\"http:\/\/www.elglobal.net\/suplementos-y-especiales\/gestion-farmaceutica\/el-cofb-renueva-su-app-e-incluye-funcionalidades-para-el-dia-a-dia-BM1842175\" target=\"_blank\" rel=\"noopener\">El Global<\/a> (tant en versi\u00f3 online com en versi\u00f3 paper), <a href=\"http:\/\/revistafarmanatur.com\/gestion-farmaceutica\/cof-barcelona-renueva-app-nuevas-funcionalidades-facilitan-la-actividad-diaria-los-farmaceuticos\/\" target=\"_blank\" rel=\"noopener\">Farmanatur<\/a> i <a href=\"http:\/\/www.revistaacofar.com\/revista\/actualidad\/actualidades\/11027-el-cof-de-barcelona-renueva-su-app-con-nuevas-funcionalidades-que-facilitan-la-actividad-diaria-de-los-farmaceuticos\" target=\"_blank\" rel=\"noopener\">Revista Acofar<\/a> van publicar la posada en marxa de la nova app del COFB. D\u2019altra banda, <a href=\"https:\/\/www.diariofarma.com\/2018\/12\/03\/la-farmacia-catalana-aspira-a-estar-mas-integrada-en-el-sistema-sanitario\" target=\"_blank\" rel=\"noopener\">Diariofarma<\/a>, <a href=\"http:\/\/www.consejosdetufarmaceutico.com\/la-farmacia-catalana-destaca-la-importancia-de-formar-parte-de-un-sistema-sanitario-integrado\/\" target=\"_blank\" rel=\"noopener\">Consejos de tu Farmac\u00e9utico<\/a>, <a href=\"http:\/\/www.elglobal.net\/portada\/registrar-los-datos-para-aportar-valor-a-los-pacientes-GL1836668\" target=\"_blank\" rel=\"noopener\">El Global<\/a>, <a href=\"http:\/\/revistafarmanatur.com\/home-izq\/la-farmacia-catalana-destaca-la-importancia-formar-parte-sistema-sanitario-integrado\/\" target=\"_blank\" rel=\"noopener\">Farmanatur<\/a> i <a href=\"https:\/\/www.correofarmaceutico.com\/profesion\/farmacia-comunitaria\/cataluna-reforzara-la-af-a-pacientes-institucionalizados-y-a-domicilio.html\" target=\"_blank\" rel=\"noopener\">Correo Farmac\u00e9utico<\/a> (tant en l\u2019edici\u00f3 digital com en l\u2019edici\u00f3 en paper) van fer-se ress\u00f2 de la <strong>Jornada del Consell<\/strong>.<\/p>\n<div class=\"custom-divider\"><\/div>\n<h1><strong><span style=\"color: #008080;\">Mencions al COFB<\/span><\/strong><\/h1>\n<p>L\u2019edici\u00f3 del Vall\u00e8s Oriental d\u2019El 9 Nou va publicar en paper una not\u00edcia titulada \u201cUn joc per prevenir la sida\u201d, que feia refer\u00e8ncia a la <strong>campanya de prevenci\u00f3 del VIH<\/strong>, impulsada per l\u2019associaci\u00f3 Actuavall\u00e8s, amb la col\u00b7laboraci\u00f3 del COFB.<\/p>\n<p>D\u2019altra banda, el COFB tamb\u00e9 va ser mencionat en un reportatge d\u2019El Pa\u00eds titulat <strong><a href=\"https:\/\/elpais.com\/ccaa\/2018\/12\/10\/catalunya\/1544465704_827234.html\" target=\"_blank\" rel=\"noopener\">Econom\u00eda trata de agilizar procesos internos para cumplir con el pago a 30 d\u00edas<\/a><\/strong><strong>. <\/strong>En concret, s&#8217;hi feia refer\u00e8ncia \u00a0en el marc d\u2019una pe\u00e7a m\u00e9s general on s\u2019abordaven els pagaments de la Generalitat als seus prove\u00efdors.<\/p>\n<p>Finalment, Francesc Llamb\u00ed, vocal del COFB, va ser mencionat a la pe\u00e7a <strong><a href=\"https:\/\/www.correofarmaceutico.com\/tododermo\/tu-gestionas\/beber-de-distintas-fuentes-para-estar-al-dia-en-trastornos-cutaneos.html\" target=\"_blank\" rel=\"noopener\">\u201cBeber de distintas Fuentes para estar al d\u00eda en trastornos cut\u00e1neos\u201d<\/a><\/strong> de Todo Dermo (Correo Farmac\u00e9utico).<\/p>\n<p><a href=\"https:\/\/blog.cofb.cat\/wp-content\/uploads\/2019\/01\/Mencions-al-COFB.png\"><img loading=\"lazy\" decoding=\"async\" class=\"aligncenter size-full wp-image-43695\" src=\"https:\/\/blog.cofb.cat\/wp-content\/uploads\/2019\/01\/Mencions-al-COFB.png\" alt=\"\" width=\"618\" height=\"240\" \/><\/a><\/p>\n<p><strong>Altres publicacions d&#8217;inter\u00e8s:<\/strong><\/p>\n<ul>\n<li><a href=\"https:\/\/blog.cofb.cat\/novembre-efectes-secundaris-metamizol-infarma-lapp-cofb-temes-mes-destacats-als-mitjans\/\" target=\"_blank\" rel=\"noopener\">Novembre: efectes secundaris del metamizol, Infarma i l\u2019app del COFB, temes m\u00e9s destacats als mitjans (Desembre 2018)<\/a><\/li>\n<li><a href=\"https:\/\/blog.cofb.cat\/octubre-presentacio-projectes-cofb-ccfc-congres-fip-finalitzacio-dels-retards-pagament-farmacies-temes-mes-destacats-als-mitjans\/\" target=\"_blank\" rel=\"noopener\">Octubre: presentaci\u00f3 de projectes del COFB i el CCFC al Congr\u00e9s de la FIP i finalitzaci\u00f3 dels retards en el pagament a les farm\u00e0cies, temes m\u00e9s destacats als mitjans (Novembre 2018)<\/a><\/li>\n<li><a href=\"https:\/\/blog.cofb.cat\/agost-setembre-memoria-cofb-monografic-sobre-farmacia-dia-mundial-farmaceutic-temes-destacats-als-mitjans\/\" target=\"_blank\" rel=\"noopener\">Agost i setembre: Mem\u00f2ria del COFB, monogr\u00e0fic sobre farm\u00e0cia i Dia Mundial del Farmac\u00e8utic, temes destacats als mitjans (Octubre 2018)<\/a><\/li>\n<\/ul>\n","protected":false},"excerpt":{"rendered":"<p>#Infarmainnova, competici\u00f3 d\u2019idees en el marc d\u2019Infarma Barcelona 2019 Infarma -el Congr\u00e9s i Sal\u00f3 Europeu d\u2019Oficina de Farm\u00e0cia organitzat pel Col\u00b7legi de Farmac\u00e8utics de Barcelona i Madrid i Interalia- ha estat not\u00edcia a la premsa amb la difusi\u00f3 del projecte #Infarmainnova, que se celebrar\u00e0 en el marc d\u2019Infarma Barcelona 2019. [&hellip;]<\/p>\n","protected":false},"author":1,"featured_media":43821,"comment_status":"open","ping_status":"open","sticky":false,"template":"","format":"standard","meta":{"_uag_custom_page_level_css":"","site-sidebar-layout":"default","site-content-layout":"","ast-site-content-layout":"default","site-content-style":"default","site-sidebar-style":"default","ast-global-header-display":"","ast-banner-title-visibility":"","ast-main-header-display":"","ast-hfb-above-header-display":"","ast-hfb-below-header-display":"","ast-hfb-mobile-header-display":"","site-post-title":"","ast-breadcrumbs-content":"","ast-featured-img":"disabled","footer-sml-layout":"","theme-transparent-header-meta":"","adv-header-id-meta":"","stick-header-meta":"","header-above-stick-meta":"","header-main-stick-meta":"","header-below-stick-meta":"","astra-migrate-meta-layouts":"default","ast-page-background-enabled":"default","ast-page-background-meta":{"desktop":{"background-color":"var(--ast-global-color-4)","background-image":"","background-repeat":"repeat","background-position":"center center","background-size":"auto","background-attachment":"scroll","background-type":"","background-media":"","overlay-type":"","overlay-color":"","overlay-opacity":"","overlay-gradient":""},"tablet":{"background-color":"","background-image":"","background-repeat":"repeat","background-position":"center center","background-size":"auto","background-attachment":"scroll","background-type":"","background-media":"","overlay-type":"","overlay-color":"","overlay-opacity":"","overlay-gradient":""},"mobile":{"background-color":"","background-image":"","background-repeat":"repeat","background-position":"center center","background-size":"auto","background-attachment":"scroll","background-type":"","background-media":"","overlay-type":"","overlay-color":"","overlay-opacity":"","overlay-gradient":""}},"ast-content-background-meta":{"desktop":{"background-color":"var(--ast-global-color-5)","background-image":"","background-repeat":"repeat","background-position":"center center","background-size":"auto","background-attachment":"scroll","background-type":"","background-media":"","overlay-type":"","overlay-color":"","overlay-opacity":"","overlay-gradient":""},"tablet":{"background-color":"var(--ast-global-color-5)","background-image":"","background-repeat":"repeat","background-position":"center center","background-size":"auto","background-attachment":"scroll","background-type":"","background-media":"","overlay-type":"","overlay-color":"","overlay-opacity":"","overlay-gradient":""},"mobile":{"background-color":"var(--ast-global-color-5)","background-image":"","background-repeat":"repeat","background-position":"center center","background-size":"auto","background-attachment":"scroll","background-type":"","background-media":"","overlay-type":"","overlay-color":"","overlay-opacity":"","overlay-gradient":""}},"footnotes":""},"categories":[23,32],"tags":[3376,394,3377,2584,3378,3379,3380,28,164,2990,459,31,460],"class_list":["post-43149","post","type-post","status-publish","format-standard","has-post-thumbnail","hentry","category-destacats","category-noticies-farmacia","tag-app-del-cofb","tag-conveni","tag-desembre","tag-dia-mundial-de-la-sida","tag-etiquetatge-dels-aliments","tag-ibuprofen","tag-iii-jornada-del-ccfc-destrategia-i-accions-a-la-farmacia-comunitaria","tag-infarma","tag-infarma-solidari","tag-infarmainnova","tag-mitjans","tag-mitjans-de-comunicacio","tag-recull-de-mitjans"],"yoast_head":"<!-- This site is optimized with the Yoast SEO plugin v22.4 - https:\/\/yoast.com\/wordpress\/plugins\/seo\/ -->\n<title>Desembre: #Infarmainnova i la implicaci\u00f3 del COFB a La Marat\u00f3 de TV3, temes m\u00e9s destacats als mitjans - Col\u00b7legi de Farmac\u00e8utics de Barcelona<\/title>\n<meta name=\"description\" content=\"Infarma -el Congr\u00e9s i Sal\u00f3 Europeu d\u2019Oficina de Farm\u00e0cia organitzat pel Col\u00b7legi de Farmac\u00e8utics de Barcelona i Madrid i Interalia- ha estat not\u00edcia a la premsa amb la difusi\u00f3 del projecte #Infarmainnova, que se celebrar\u00e0 en el marc d\u2019Infarma Barcelona 2019.\" \/>\n<meta name=\"robots\" content=\"index, follow, max-snippet:-1, max-image-preview:large, max-video-preview:-1\" \/>\n<link rel=\"canonical\" href=\"https:\/\/novaorg.cofb.net\/2019\/01\/21\/desembre-infarmainnova-implicacio-cofb-marato-tv3-temes-mes-destacats-als-mitjans\/\" \/>\n<meta property=\"og:locale\" content=\"ca_ES\" \/>\n<meta property=\"og:type\" content=\"article\" \/>\n<meta property=\"og:title\" content=\"Desembre: #Infarmainnova i la implicaci\u00f3 del COFB a La Marat\u00f3 de TV3, temes m\u00e9s destacats als mitjans - Col\u00b7legi de Farmac\u00e8utics de Barcelona\" \/>\n<meta property=\"og:description\" content=\"Infarma -el Congr\u00e9s i Sal\u00f3 Europeu d\u2019Oficina de Farm\u00e0cia organitzat pel Col\u00b7legi de Farmac\u00e8utics de Barcelona i Madrid i Interalia- ha estat not\u00edcia a la premsa amb la difusi\u00f3 del projecte #Infarmainnova, que se celebrar\u00e0 en el marc d\u2019Infarma Barcelona 2019.\" \/>\n<meta property=\"og:url\" content=\"https:\/\/novaorg.cofb.net\/2019\/01\/21\/desembre-infarmainnova-implicacio-cofb-marato-tv3-temes-mes-destacats-als-mitjans\/\" \/>\n<meta property=\"og:site_name\" content=\"Col\u00b7legi de Farmac\u00e8utics de Barcelona\" \/>\n<meta property=\"article:publisher\" content=\"https:\/\/www.facebook.com\/farmaceuticsbcn\/\" \/>\n<meta property=\"article:published_time\" content=\"2019-01-21T12:14:32+00:00\" \/>\n<meta name=\"author\" content=\"wpAdminCofbOrg\" \/>\n<meta name=\"twitter:card\" content=\"summary_large_image\" \/>\n<meta name=\"twitter:creator\" content=\"@farmaceuticsbcn\" \/>\n<meta name=\"twitter:site\" content=\"@farmaceuticsbcn\" \/>\n<meta name=\"twitter:label1\" content=\"Escrit per\" \/>\n\t<meta name=\"twitter:data1\" content=\"wpAdminCofbOrg\" \/>\n\t<meta name=\"twitter:label2\" content=\"Temps estimat de lectura\" \/>\n\t<meta name=\"twitter:data2\" content=\"7 minuts\" \/>\n<script type=\"application\/ld+json\" class=\"yoast-schema-graph\">{\"@context\":\"https:\/\/schema.org\",\"@graph\":[{\"@type\":\"Article\",\"@id\":\"https:\/\/novaorg.cofb.net\/2019\/01\/21\/desembre-infarmainnova-implicacio-cofb-marato-tv3-temes-mes-destacats-als-mitjans\/#article\",\"isPartOf\":{\"@id\":\"https:\/\/novaorg.cofb.net\/2019\/01\/21\/desembre-infarmainnova-implicacio-cofb-marato-tv3-temes-mes-destacats-als-mitjans\/\"},\"author\":{\"name\":\"wpAdminCofbOrg\",\"@id\":\"https:\/\/www.cofb.org\/#\/schema\/person\/22ed7eea88da74b0fa4d3154ad87ffcb\"},\"headline\":\"Desembre: #Infarmainnova i la implicaci\u00f3 del COFB a La Marat\u00f3 de TV3, temes m\u00e9s destacats als mitjans\",\"datePublished\":\"2019-01-21T12:14:32+00:00\",\"dateModified\":\"2019-01-21T12:14:32+00:00\",\"mainEntityOfPage\":{\"@id\":\"https:\/\/novaorg.cofb.net\/2019\/01\/21\/desembre-infarmainnova-implicacio-cofb-marato-tv3-temes-mes-destacats-als-mitjans\/\"},\"wordCount\":1366,\"commentCount\":0,\"publisher\":{\"@id\":\"https:\/\/www.cofb.org\/#organization\"},\"image\":{\"@id\":\"https:\/\/novaorg.cofb.net\/2019\/01\/21\/desembre-infarmainnova-implicacio-cofb-marato-tv3-temes-mes-destacats-als-mitjans\/#primaryimage\"},\"thumbnailUrl\":\"\",\"keywords\":[\"App del COFB\",\"conveni\",\"desembre\",\"dia mundial de la sida\",\"etiquetatge dels aliments\",\"ibuprof\u00e8n\",\"III Jornada del CCFC d'Estrat\u00e8gia i Accions a la Farm\u00e0cia Comunit\u00e0ria\",\"Infarma\",\"Infarma Solidari\",\"InfarmaInnova\",\"Mitjans\",\"mitjans de comunicaci\u00f3\",\"recull de mitjans\"],\"articleSection\":[\"Destacats\",\"Not\u00edcies farm\u00e0cia\"],\"inLanguage\":\"ca\",\"potentialAction\":[{\"@type\":\"CommentAction\",\"name\":\"Comment\",\"target\":[\"https:\/\/novaorg.cofb.net\/2019\/01\/21\/desembre-infarmainnova-implicacio-cofb-marato-tv3-temes-mes-destacats-als-mitjans\/#respond\"]}]},{\"@type\":\"WebPage\",\"@id\":\"https:\/\/novaorg.cofb.net\/2019\/01\/21\/desembre-infarmainnova-implicacio-cofb-marato-tv3-temes-mes-destacats-als-mitjans\/\",\"url\":\"https:\/\/novaorg.cofb.net\/2019\/01\/21\/desembre-infarmainnova-implicacio-cofb-marato-tv3-temes-mes-destacats-als-mitjans\/\",\"name\":\"Desembre: #Infarmainnova i la implicaci\u00f3 del COFB a La Marat\u00f3 de TV3, temes m\u00e9s destacats als mitjans - Col\u00b7legi de Farmac\u00e8utics de Barcelona\",\"isPartOf\":{\"@id\":\"https:\/\/www.cofb.org\/#website\"},\"primaryImageOfPage\":{\"@id\":\"https:\/\/novaorg.cofb.net\/2019\/01\/21\/desembre-infarmainnova-implicacio-cofb-marato-tv3-temes-mes-destacats-als-mitjans\/#primaryimage\"},\"image\":{\"@id\":\"https:\/\/novaorg.cofb.net\/2019\/01\/21\/desembre-infarmainnova-implicacio-cofb-marato-tv3-temes-mes-destacats-als-mitjans\/#primaryimage\"},\"thumbnailUrl\":\"\",\"datePublished\":\"2019-01-21T12:14:32+00:00\",\"dateModified\":\"2019-01-21T12:14:32+00:00\",\"description\":\"Infarma -el Congr\u00e9s i Sal\u00f3 Europeu d\u2019Oficina de Farm\u00e0cia organitzat pel Col\u00b7legi de Farmac\u00e8utics de Barcelona i Madrid i Interalia- ha estat not\u00edcia a la premsa amb la difusi\u00f3 del projecte #Infarmainnova, que se celebrar\u00e0 en el marc d\u2019Infarma Barcelona 2019.\",\"breadcrumb\":{\"@id\":\"https:\/\/novaorg.cofb.net\/2019\/01\/21\/desembre-infarmainnova-implicacio-cofb-marato-tv3-temes-mes-destacats-als-mitjans\/#breadcrumb\"},\"inLanguage\":\"ca\",\"potentialAction\":[{\"@type\":\"ReadAction\",\"target\":[\"https:\/\/novaorg.cofb.net\/2019\/01\/21\/desembre-infarmainnova-implicacio-cofb-marato-tv3-temes-mes-destacats-als-mitjans\/\"]}]},{\"@type\":\"ImageObject\",\"inLanguage\":\"ca\",\"@id\":\"https:\/\/novaorg.cofb.net\/2019\/01\/21\/desembre-infarmainnova-implicacio-cofb-marato-tv3-temes-mes-destacats-als-mitjans\/#primaryimage\",\"url\":\"\",\"contentUrl\":\"\"},{\"@type\":\"BreadcrumbList\",\"@id\":\"https:\/\/novaorg.cofb.net\/2019\/01\/21\/desembre-infarmainnova-implicacio-cofb-marato-tv3-temes-mes-destacats-als-mitjans\/#breadcrumb\",\"itemListElement\":[{\"@type\":\"ListItem\",\"position\":1,\"name\":\"Inici\",\"item\":\"https:\/\/novaorg.cofb.net\/\"},{\"@type\":\"ListItem\",\"position\":2,\"name\":\"Desembre: #Infarmainnova i la implicaci\u00f3 del COFB a La Marat\u00f3 de TV3, temes m\u00e9s destacats als mitjans\"}]},{\"@type\":\"WebSite\",\"@id\":\"https:\/\/www.cofb.org\/#website\",\"url\":\"https:\/\/www.cofb.org\/\",\"name\":\"Col\u00b7legi de Farmac\u00e8utics de Barcelona\",\"description\":\"\",\"publisher\":{\"@id\":\"https:\/\/www.cofb.org\/#organization\"},\"potentialAction\":[{\"@type\":\"SearchAction\",\"target\":{\"@type\":\"EntryPoint\",\"urlTemplate\":\"https:\/\/www.cofb.org\/?s={search_term_string}\"},\"query-input\":\"required name=search_term_string\"}],\"inLanguage\":\"ca\"},{\"@type\":\"Organization\",\"@id\":\"https:\/\/www.cofb.org\/#organization\",\"name\":\"Col\u00b7legi de Farmac\u00e8utics de Barcelona\",\"url\":\"https:\/\/www.cofb.org\/\",\"logo\":{\"@type\":\"ImageObject\",\"inLanguage\":\"ca\",\"@id\":\"https:\/\/www.cofb.org\/#\/schema\/logo\/image\/\",\"url\":\"https:\/\/www.cofb.org\/wp-content\/uploads\/2023\/11\/cropped-Logotip-COFB.png\",\"contentUrl\":\"https:\/\/www.cofb.org\/wp-content\/uploads\/2023\/11\/cropped-Logotip-COFB.png\",\"width\":500,\"height\":105,\"caption\":\"Col\u00b7legi de Farmac\u00e8utics de Barcelona\"},\"image\":{\"@id\":\"https:\/\/www.cofb.org\/#\/schema\/logo\/image\/\"},\"sameAs\":[\"https:\/\/www.facebook.com\/farmaceuticsbcn\/\",\"https:\/\/twitter.com\/farmaceuticsbcn\",\"https:\/\/www.instagram.com\/farmaceuticsbcn\/\",\"https:\/\/www.linkedin.com\/company\/farmaceuticsbcn\/\"]},{\"@type\":\"Person\",\"@id\":\"https:\/\/www.cofb.org\/#\/schema\/person\/22ed7eea88da74b0fa4d3154ad87ffcb\",\"name\":\"wpAdminCofbOrg\",\"image\":{\"@type\":\"ImageObject\",\"inLanguage\":\"ca\",\"@id\":\"https:\/\/www.cofb.org\/#\/schema\/person\/image\/\",\"url\":\"https:\/\/secure.gravatar.com\/avatar\/1721b20b3b8ca882c3b56ec6c978c594fff670e40c0718e9190eaeeb76aae7d8?s=96&d=mm&r=g\",\"contentUrl\":\"https:\/\/secure.gravatar.com\/avatar\/1721b20b3b8ca882c3b56ec6c978c594fff670e40c0718e9190eaeeb76aae7d8?s=96&d=mm&r=g\",\"caption\":\"wpAdminCofbOrg\"},\"sameAs\":[\"http:\/\/192.168.64.122\/wordpress\"],\"url\":\"https:\/\/www.cofb.org\/ca\/author\/wpadmincofborg\/\"}]}<\/script>\n<!-- \/ Yoast SEO plugin. -->","yoast_head_json":{"title":"Desembre: #Infarmainnova i la implicaci\u00f3 del COFB a La Marat\u00f3 de TV3, temes m\u00e9s destacats als mitjans - Col\u00b7legi de Farmac\u00e8utics de Barcelona","description":"Infarma -el Congr\u00e9s i Sal\u00f3 Europeu d\u2019Oficina de Farm\u00e0cia organitzat pel Col\u00b7legi de Farmac\u00e8utics de Barcelona i Madrid i Interalia- ha estat not\u00edcia a la premsa amb la difusi\u00f3 del projecte #Infarmainnova, que se celebrar\u00e0 en el marc d\u2019Infarma Barcelona 2019.","robots":{"index":"index","follow":"follow","max-snippet":"max-snippet:-1","max-image-preview":"max-image-preview:large","max-video-preview":"max-video-preview:-1"},"canonical":"https:\/\/novaorg.cofb.net\/2019\/01\/21\/desembre-infarmainnova-implicacio-cofb-marato-tv3-temes-mes-destacats-als-mitjans\/","og_locale":"ca_ES","og_type":"article","og_title":"Desembre: #Infarmainnova i la implicaci\u00f3 del COFB a La Marat\u00f3 de TV3, temes m\u00e9s destacats als mitjans - Col\u00b7legi de Farmac\u00e8utics de Barcelona","og_description":"Infarma -el Congr\u00e9s i Sal\u00f3 Europeu d\u2019Oficina de Farm\u00e0cia organitzat pel Col\u00b7legi de Farmac\u00e8utics de Barcelona i Madrid i Interalia- ha estat not\u00edcia a la premsa amb la difusi\u00f3 del projecte #Infarmainnova, que se celebrar\u00e0 en el marc d\u2019Infarma Barcelona 2019.","og_url":"https:\/\/novaorg.cofb.net\/2019\/01\/21\/desembre-infarmainnova-implicacio-cofb-marato-tv3-temes-mes-destacats-als-mitjans\/","og_site_name":"Col\u00b7legi de Farmac\u00e8utics de Barcelona","article_publisher":"https:\/\/www.facebook.com\/farmaceuticsbcn\/","article_published_time":"2019-01-21T12:14:32+00:00","author":"wpAdminCofbOrg","twitter_card":"summary_large_image","twitter_creator":"@farmaceuticsbcn","twitter_site":"@farmaceuticsbcn","twitter_misc":{"Escrit per":"wpAdminCofbOrg","Temps estimat de lectura":"7 minuts"},"schema":{"@context":"https:\/\/schema.org","@graph":[{"@type":"Article","@id":"https:\/\/novaorg.cofb.net\/2019\/01\/21\/desembre-infarmainnova-implicacio-cofb-marato-tv3-temes-mes-destacats-als-mitjans\/#article","isPartOf":{"@id":"https:\/\/novaorg.cofb.net\/2019\/01\/21\/desembre-infarmainnova-implicacio-cofb-marato-tv3-temes-mes-destacats-als-mitjans\/"},"author":{"name":"wpAdminCofbOrg","@id":"https:\/\/www.cofb.org\/#\/schema\/person\/22ed7eea88da74b0fa4d3154ad87ffcb"},"headline":"Desembre: #Infarmainnova i la implicaci\u00f3 del COFB a La Marat\u00f3 de TV3, temes m\u00e9s destacats als mitjans","datePublished":"2019-01-21T12:14:32+00:00","dateModified":"2019-01-21T12:14:32+00:00","mainEntityOfPage":{"@id":"https:\/\/novaorg.cofb.net\/2019\/01\/21\/desembre-infarmainnova-implicacio-cofb-marato-tv3-temes-mes-destacats-als-mitjans\/"},"wordCount":1366,"commentCount":0,"publisher":{"@id":"https:\/\/www.cofb.org\/#organization"},"image":{"@id":"https:\/\/novaorg.cofb.net\/2019\/01\/21\/desembre-infarmainnova-implicacio-cofb-marato-tv3-temes-mes-destacats-als-mitjans\/#primaryimage"},"thumbnailUrl":"","keywords":["App del COFB","conveni","desembre","dia mundial de la sida","etiquetatge dels aliments","ibuprof\u00e8n","III Jornada del CCFC d'Estrat\u00e8gia i Accions a la Farm\u00e0cia Comunit\u00e0ria","Infarma","Infarma Solidari","InfarmaInnova","Mitjans","mitjans de comunicaci\u00f3","recull de mitjans"],"articleSection":["Destacats","Not\u00edcies farm\u00e0cia"],"inLanguage":"ca","potentialAction":[{"@type":"CommentAction","name":"Comment","target":["https:\/\/novaorg.cofb.net\/2019\/01\/21\/desembre-infarmainnova-implicacio-cofb-marato-tv3-temes-mes-destacats-als-mitjans\/#respond"]}]},{"@type":"WebPage","@id":"https:\/\/novaorg.cofb.net\/2019\/01\/21\/desembre-infarmainnova-implicacio-cofb-marato-tv3-temes-mes-destacats-als-mitjans\/","url":"https:\/\/novaorg.cofb.net\/2019\/01\/21\/desembre-infarmainnova-implicacio-cofb-marato-tv3-temes-mes-destacats-als-mitjans\/","name":"Desembre: #Infarmainnova i la implicaci\u00f3 del COFB a La Marat\u00f3 de TV3, temes m\u00e9s destacats als mitjans - Col\u00b7legi de Farmac\u00e8utics de Barcelona","isPartOf":{"@id":"https:\/\/www.cofb.org\/#website"},"primaryImageOfPage":{"@id":"https:\/\/novaorg.cofb.net\/2019\/01\/21\/desembre-infarmainnova-implicacio-cofb-marato-tv3-temes-mes-destacats-als-mitjans\/#primaryimage"},"image":{"@id":"https:\/\/novaorg.cofb.net\/2019\/01\/21\/desembre-infarmainnova-implicacio-cofb-marato-tv3-temes-mes-destacats-als-mitjans\/#primaryimage"},"thumbnailUrl":"","datePublished":"2019-01-21T12:14:32+00:00","dateModified":"2019-01-21T12:14:32+00:00","description":"Infarma -el Congr\u00e9s i Sal\u00f3 Europeu d\u2019Oficina de Farm\u00e0cia organitzat pel Col\u00b7legi de Farmac\u00e8utics de Barcelona i Madrid i Interalia- ha estat not\u00edcia a la premsa amb la difusi\u00f3 del projecte #Infarmainnova, que se celebrar\u00e0 en el marc d\u2019Infarma Barcelona 2019.","breadcrumb":{"@id":"https:\/\/novaorg.cofb.net\/2019\/01\/21\/desembre-infarmainnova-implicacio-cofb-marato-tv3-temes-mes-destacats-als-mitjans\/#breadcrumb"},"inLanguage":"ca","potentialAction":[{"@type":"ReadAction","target":["https:\/\/novaorg.cofb.net\/2019\/01\/21\/desembre-infarmainnova-implicacio-cofb-marato-tv3-temes-mes-destacats-als-mitjans\/"]}]},{"@type":"ImageObject","inLanguage":"ca","@id":"https:\/\/novaorg.cofb.net\/2019\/01\/21\/desembre-infarmainnova-implicacio-cofb-marato-tv3-temes-mes-destacats-als-mitjans\/#primaryimage","url":"","contentUrl":""},{"@type":"BreadcrumbList","@id":"https:\/\/novaorg.cofb.net\/2019\/01\/21\/desembre-infarmainnova-implicacio-cofb-marato-tv3-temes-mes-destacats-als-mitjans\/#breadcrumb","itemListElement":[{"@type":"ListItem","position":1,"name":"Inici","item":"https:\/\/novaorg.cofb.net\/"},{"@type":"ListItem","position":2,"name":"Desembre: #Infarmainnova i la implicaci\u00f3 del COFB a La Marat\u00f3 de TV3, temes m\u00e9s destacats als mitjans"}]},{"@type":"WebSite","@id":"https:\/\/www.cofb.org\/#website","url":"https:\/\/www.cofb.org\/","name":"Col\u00b7legi de Farmac\u00e8utics de Barcelona","description":"","publisher":{"@id":"https:\/\/www.cofb.org\/#organization"},"potentialAction":[{"@type":"SearchAction","target":{"@type":"EntryPoint","urlTemplate":"https:\/\/www.cofb.org\/?s={search_term_string}"},"query-input":"required name=search_term_string"}],"inLanguage":"ca"},{"@type":"Organization","@id":"https:\/\/www.cofb.org\/#organization","name":"Col\u00b7legi de Farmac\u00e8utics de Barcelona","url":"https:\/\/www.cofb.org\/","logo":{"@type":"ImageObject","inLanguage":"ca","@id":"https:\/\/www.cofb.org\/#\/schema\/logo\/image\/","url":"https:\/\/www.cofb.org\/wp-content\/uploads\/2023\/11\/cropped-Logotip-COFB.png","contentUrl":"https:\/\/www.cofb.org\/wp-content\/uploads\/2023\/11\/cropped-Logotip-COFB.png","width":500,"height":105,"caption":"Col\u00b7legi de Farmac\u00e8utics de Barcelona"},"image":{"@id":"https:\/\/www.cofb.org\/#\/schema\/logo\/image\/"},"sameAs":["https:\/\/www.facebook.com\/farmaceuticsbcn\/","https:\/\/twitter.com\/farmaceuticsbcn","https:\/\/www.instagram.com\/farmaceuticsbcn\/","https:\/\/www.linkedin.com\/company\/farmaceuticsbcn\/"]},{"@type":"Person","@id":"https:\/\/www.cofb.org\/#\/schema\/person\/22ed7eea88da74b0fa4d3154ad87ffcb","name":"wpAdminCofbOrg","image":{"@type":"ImageObject","inLanguage":"ca","@id":"https:\/\/www.cofb.org\/#\/schema\/person\/image\/","url":"https:\/\/secure.gravatar.com\/avatar\/1721b20b3b8ca882c3b56ec6c978c594fff670e40c0718e9190eaeeb76aae7d8?s=96&d=mm&r=g","contentUrl":"https:\/\/secure.gravatar.com\/avatar\/1721b20b3b8ca882c3b56ec6c978c594fff670e40c0718e9190eaeeb76aae7d8?s=96&d=mm&r=g","caption":"wpAdminCofbOrg"},"sameAs":["http:\/\/192.168.64.122\/wordpress"],"url":"https:\/\/www.cofb.org\/ca\/author\/wpadmincofborg\/"}]}},"uagb_featured_image_src":{"full":false,"thumbnail":false,"medium":false,"medium_large":false,"large":false,"1536x1536":false,"2048x2048":false,"trp-custom-language-flag":false},"uagb_author_info":{"display_name":"wpAdminCofbOrg","author_link":"https:\/\/www.cofb.org\/ca\/author\/wpadmincofborg\/"},"uagb_comment_info":0,"uagb_excerpt":"#Infarmainnova, competici\u00f3 d\u2019idees en el marc d\u2019Infarma Barcelona 2019 Infarma -el Congr\u00e9s i Sal\u00f3 Europeu d\u2019Oficina de Farm\u00e0cia organitzat pel Col\u00b7legi de Farmac\u00e8utics de Barcelona i Madrid i Interalia- ha estat not\u00edcia a la premsa amb la difusi\u00f3 del projecte #Infarmainnova, que se celebrar\u00e0 en el marc d\u2019Infarma Barcelona 2019. [&hellip;]","_links":{"self":[{"href":"https:\/\/www.cofb.org\/ca\/wp-json\/wp\/v2\/posts\/43149","targetHints":{"allow":["GET"]}}],"collection":[{"href":"https:\/\/www.cofb.org\/ca\/wp-json\/wp\/v2\/posts"}],"about":[{"href":"https:\/\/www.cofb.org\/ca\/wp-json\/wp\/v2\/types\/post"}],"author":[{"embeddable":true,"href":"https:\/\/www.cofb.org\/ca\/wp-json\/wp\/v2\/users\/1"}],"replies":[{"embeddable":true,"href":"https:\/\/www.cofb.org\/ca\/wp-json\/wp\/v2\/comments?post=43149"}],"version-history":[{"count":0,"href":"https:\/\/www.cofb.org\/ca\/wp-json\/wp\/v2\/posts\/43149\/revisions"}],"wp:featuredmedia":[{"embeddable":true,"href":"https:\/\/www.cofb.org\/ca\/wp-json\/"}],"wp:attachment":[{"href":"https:\/\/www.cofb.org\/ca\/wp-json\/wp\/v2\/media?parent=43149"}],"wp:term":[{"taxonomy":"category","embeddable":true,"href":"https:\/\/www.cofb.org\/ca\/wp-json\/wp\/v2\/categories?post=43149"},{"taxonomy":"post_tag","embeddable":true,"href":"https:\/\/www.cofb.org\/ca\/wp-json\/wp\/v2\/tags?post=43149"}],"curies":[{"name":"wp","href":"https:\/\/api.w.org\/{rel}","templated":true}]}}