{"id":43126,"date":"2019-01-07T15:46:28","date_gmt":"2019-01-07T13:46:28","guid":{"rendered":"https:\/\/blog.cofb.cat\/?p=43126"},"modified":"2019-01-07T15:46:28","modified_gmt":"2019-01-07T13:46:28","slug":"us-terapeutic-cannabis-comenca-cicle-conferencies-sobre-reduccio-riscos-farmacia-comunitaria","status":"publish","type":"post","link":"https:\/\/www.cofb.org\/ca\/2019\/01\/07\/us-terapeutic-cannabis-comenca-cicle-conferencies-sobre-reduccio-riscos-farmacia-comunitaria\/","title":{"rendered":"\u00das terap\u00e8utic del c\u00e0nnabis. Comen\u00e7a el cicle de confer\u00e8ncies sobre reducci\u00f3 de riscos en la farm\u00e0cia comunit\u00e0ria"},"content":{"rendered":"<p>El passat 11 de desembre, es va celebrar a la seu del Col\u00b7legi, la primera sessi\u00f3 del &#8220;<strong>Cicle de confer\u00e8ncies sobre reducci\u00f3 de riscos en la farm\u00e0cia comunit\u00e0ria&#8221;<\/strong>, titulada <strong>\u201c\u00das terap\u00e8utic del c\u00e0nnabis, un debat necessari\u201d<\/strong>, iniciativa que vol incrementar la <strong>conscienciaci\u00f3 respecte al potencial de la farm\u00e0cia comunit\u00e0ria i l&#8217;\u00fas de subst\u00e0ncies psicoactives i conductes additives que creen un problema sanitari greu que afecta la societat<\/strong>,\u00a0i que exigeix la <strong>formaci\u00f3 constant del farmac\u00e8utic<\/strong> davant de la necessitat social.<\/p>\n<figure id=\"attachment_43460\" aria-describedby=\"caption-attachment-43460\" style=\"width: 620px\" class=\"wp-caption aligncenter\"><a href=\"https:\/\/blog.cofb.cat\/wp-content\/uploads\/2018\/12\/cofb.181211-06.jpg\"><img fetchpriority=\"high\" decoding=\"async\" class=\"wp-image-43460 size-large\" title=\"D\u2019esquerra a dreta:\u00a0Jos\u00e9 Carlos Bouso, director cient\u00edfic de l'ICEERS; Guillermo Bagaria,\u00a0Vicetresorer i responsable d'Atenci\u00f3 Farmac\u00e8utica del Col\u00b7legi de Farmac\u00e8utics de Barcelona; Mireia Ventura, doctora en Farm\u00e0cia i directora dels serveis d\u2019an\u00e0lisis d'Energy Control-ABD; i Queralt Prat-i-Pubill, presidenta de la Uni\u00f3n de Pacientes Por la Regulaci\u00f3n del Cannabis.\" src=\"https:\/\/blog.cofb.cat\/wp-content\/uploads\/2018\/12\/cofb.181211-06-1024x683.jpg\" alt=\"D\u2019esquerra a dreta:\u00a0Jos\u00e9 Carlos Bouso, director cient\u00edfic de l'ICEERS; Guillermo Bagaria,\u00a0Vicetresorer i responsable d'Atenci\u00f3 Farmac\u00e8utica del Col\u00b7legi de Farmac\u00e8utics de Barcelona; Mireia Ventura, doctora en Farm\u00e0cia i directora dels serveis d\u2019an\u00e0lisis d'Energy Control-ABD; i Queralt Prat-i-Pubill, presidenta de la Uni\u00f3n de Pacientes Por la Regulaci\u00f3n del Cannabis.\" width=\"620\" height=\"414\" \/><\/a><figcaption id=\"caption-attachment-43460\" class=\"wp-caption-text\">D\u2019esquerra a dreta:\u00a0Jos\u00e9 Carlos Bouso, director cient\u00edfic de l&#8217;ICEERS; Guillermo Bagaria,\u00a0Vicetresorer i responsable d&#8217;Atenci\u00f3 Farmac\u00e8utica del Col\u00b7legi de Farmac\u00e8utics de Barcelona; Mireia Ventura, doctora en Farm\u00e0cia i directora dels serveis d\u2019an\u00e0lisis d&#8217;Energy Control-ABD; i Queralt Prat-i-Pubill, presidenta de la Uni\u00f3n de Pacientes Por la Regulaci\u00f3n del Cannabis.<\/figcaption><\/figure>\n<h1><strong>\u00das terap\u00e8utic del c\u00e0nnabis, un debat necessari<\/strong><\/h1>\n<p>Durant la confer\u00e8ncia, els ponents van presentar, des d&#8217;<strong>enfocaments i especialitats diferents, l&#8217;\u00fas terap\u00e8utic del c\u00e0nnabis<\/strong>. La confer\u00e8ncia va comen\u00e7ar\u00a0 amb\u00a0<strong>Jos\u00e9\u00a0Carlos\u00a0Bouso<\/strong>, director cient\u00edfic de l&#8217;ICEERS (International\u00a0Center\u00a0for\u00a0Ethnobotanical Education,\u00a0Research\u00a0&amp;\u00a0Service), que va presentar dades\u00a0relacionades amb <strong>qu\u00e8 \u00e9s i com funciona el sistema\u00a0endocannabinoide<\/strong>,\u00a0el <strong>potencial terap\u00e8utic del c\u00e0nnabis<\/strong>, els <strong>tipus de cannabinoides existents<\/strong>, els seus nivells d&#8217;<strong>efic\u00e0cia<\/strong> i els seus <strong>efectes secundaris<\/strong>.\u00a0Tamb\u00e9 va compartir, des d&#8217;un punt de vista pr\u00e0ctic, el cas de la marihuana medicinal a Holanda.<\/p>\n<figure id=\"attachment_43474\" aria-describedby=\"caption-attachment-43474\" style=\"width: 620px\" class=\"wp-caption aligncenter\"><a href=\"https:\/\/blog.cofb.cat\/wp-content\/uploads\/2018\/12\/cofb.181211-17.jpg\"><img decoding=\"async\" class=\"wp-image-43474 size-large\" title=\"Jos\u00e9 Carlos Bouso, director cient\u00edfic de l\u2019ICEERS, en un moment de la seva intervenci\u00f3.\" src=\"https:\/\/blog.cofb.cat\/wp-content\/uploads\/2018\/12\/cofb.181211-17-1024x683.jpg\" alt=\"Jos\u00e9 Carlos Bouso, director cient\u00edfic de l\u2019ICEERS, en un moment de la seva intervenci\u00f3.\" width=\"620\" height=\"414\" \/><\/a><figcaption id=\"caption-attachment-43474\" class=\"wp-caption-text\">Jos\u00e9 Carlos Bouso, director cient\u00edfic de l\u2019ICEERS, en un moment de la seva intervenci\u00f3.<\/figcaption><\/figure>\n<p>Tot seguit,\u00a0<strong>Mireia Ventura<\/strong>, doctora en Farm\u00e0cia i directora dels serveis d&#8217;an\u00e0lisis\u00a0d&#8217;Energy\u00a0Control-ABD, va exposar les <strong>varietats del c\u00e0nnabis i la notificaci\u00f3 de\u00a0CBD\u00a0com a complement alimentari<\/strong>, aix\u00ed com la valoraci\u00f3 anal\u00edtica de subst\u00e0ncies en olis de c\u00e0nnabis, la pres\u00e8ncia err\u00e0tica de\u00a0THC\u00a0i\u00a0CBD,\u00a0i les previsions del consum l\u00fadic del c\u00e0nnabis.<\/p>\n<p>La confer\u00e8ncia va acabar amb l&#8217;aportaci\u00f3 sobre\u00a0legalitzaci\u00f3 i normalitzaci\u00f3 del c\u00e0nnabis, introdu\u00efda per\u00a0<strong>Queralt Prat-i-Pubill<\/strong>, presidenta de la Uni\u00f3n de Pacientes Por la Regulaci\u00f3n del Cannabis,\u00a0que ha remarcat <strong>la necessitat d&#8217;un espai regulat per a investigar, proveir i facilitar a les comunitats dels beneficis terap\u00e8utics del c\u00e0nnabis<\/strong>.<\/p>\n<h1><strong>\u00a0Comprenent la farmacologia del sistema\u00a0endocannabinoide<\/strong><\/h1>\n<p><strong>Guillermo\u00a0Bagaria<\/strong>,\u00a0responsable d&#8217;Atenci\u00f3 Farmac\u00e8utica del Col\u00b7legi de Farmac\u00e8utics de Barcelona, com a conclusi\u00f3, va destacar que\u00a0&#8220;la xerrada sobre l&#8217;<strong>\u00fas medicinal del c\u00e0nnabis<\/strong> ens ha perm\u00e8s <strong>comprendre la complexa farmacologia del sistema\u00a0endocannabinoide<\/strong>. En notificar-se com a <strong>suplement nutricional<\/strong> i no com a medicament, l&#8217;an\u00e0lisi dels productes que en contenen mostren una <strong>dispersi\u00f3 qualitativa i quantitativa que genera molta inseguretat sobre pacients<\/strong> que en moltes ocasions, s&#8217;apropen al c\u00e0nnabis com a \u00faltim recurs per mitigar una patologia complexa&#8221;.<\/p>\n<p>&nbsp;<\/p>\n<div class=\"box success\">\n<h2><strong>Pr\u00f2ximes confer\u00e8ncies del cicle de reducci\u00f3 de riscos en la farm\u00e0cia comunit\u00e0ria<\/strong><\/h2>\n<p>Al llarg del<strong> 2019<\/strong>, se celebraran <strong>quatre confer\u00e8ncies m\u00e9s<\/strong>, totes elles relacionades amb diferents aspectes de la reducci\u00f3 de riscos i danys a la farm\u00e0cia comunit\u00e0ria.<\/p>\n<ul>\n<li><strong>Pautes de consum d\u2019hero\u00efna i coca\u00efna a Catalunya i atenci\u00f3 farmac\u00e8utica per contrarestar els danys (15\/1\/2019)<\/strong>.\u00a0<em>Inscripcions\u00a0<strong><a href=\"http:\/\/www.cofb.org\/web\/guest\/cursos?p_p_id=portletllistatactivitats_WAR_portletllistatactivitats_INSTANCE_Au9v&amp;p_p_lifecycle=0&amp;p_p_state=normal&amp;p_p_mode=view&amp;p_p_col_id=column-2&amp;p_p_col_pos=1&amp;p_p_col_count=2&amp;_portletllistatactivitats_WAR_portletllistatactivitats_INSTANCE_Au9v_strutsAction=%2Fview%2Fdetall&amp;_portletllistatactivitats_WAR_portletllistatactivitats_INSTANCE_Au9v_id=2556\" target=\"_blank\" rel=\"noopener\">aqu\u00ed<\/a>\u00a0<\/strong><\/em><\/li>\n<li><strong>Opioides majors, atenci\u00f3 farmac\u00e8utica i PMM (5\/2\/2019)<\/strong>.\u00a0<em>Inscripcions\u00a0<a href=\"http:\/\/www.cofb.org\/web\/guest\/cursos?p_p_id=portletllistatactivitats_WAR_portletllistatactivitats_INSTANCE_Au9v&amp;p_p_lifecycle=0&amp;p_p_state=normal&amp;p_p_mode=view&amp;p_p_col_id=column-2&amp;p_p_col_pos=1&amp;p_p_col_count=2&amp;_portletllistatactivitats_WAR_portletllistatactivitats_INSTANCE_Au9v_strutsAction=%2Fview%2Fdetall&amp;_portletllistatactivitats_WAR_portletllistatactivitats_INSTANCE_Au9v_id=2557\" target=\"_blank\" rel=\"noopener\"><strong>aqu\u00ed<\/strong><\/a><\/em><\/li>\n<li><strong>PIX, PMM, VIH: experi\u00e8ncies, casos pr\u00e0ctics i gesti\u00f3 de conflictes. (5\/3\/2019)<\/strong>.\u00a0<em>Inscripcions\u00a0<strong><a href=\"http:\/\/www.cofb.org\/web\/guest\/cursos?p_p_id=portletllistatactivitats_WAR_portletllistatactivitats_INSTANCE_Au9v&amp;p_p_lifecycle=0&amp;p_p_state=normal&amp;p_p_mode=view&amp;p_p_col_id=column-2&amp;p_p_col_pos=1&amp;p_p_col_count=2&amp;_portletllistatactivitats_WAR_portletllistatactivitats_INSTANCE_Au9v_strutsAction=%2Fview%2Fdetall&amp;_portletllistatactivitats_WAR_portletllistatactivitats_INSTANCE_Au9v_id=2558\" target=\"_blank\" rel=\"noopener\">aqu\u00ed<\/a><\/strong><\/em><\/li>\n<li><strong>Subst\u00e0ncies d\u2019ab\u00fas: OMA Consum de l\u2019alcohol i drogues a l\u2019adolesc\u00e8ncia. (9\/4\/2019)<\/strong>.\u00a0<em>Inscripcions\u00a0<strong><a href=\"http:\/\/www.cofb.org\/web\/guest\/cursos?p_p_id=portletllistatactivitats_WAR_portletllistatactivitats_INSTANCE_Au9v&amp;p_p_lifecycle=0&amp;p_p_state=normal&amp;p_p_mode=view&amp;p_p_col_id=column-2&amp;p_p_col_pos=1&amp;p_p_col_count=2&amp;_portletllistatactivitats_WAR_portletllistatactivitats_INSTANCE_Au9v_strutsAction=%2Fview%2Fdetall&amp;_portletllistatactivitats_WAR_portletllistatactivitats_INSTANCE_Au9v_id=2559\" target=\"_blank\" rel=\"noopener\">aqu\u00ed<\/a><\/strong><\/em><br \/>\n<em><strong>\u00a0<\/strong><\/em><\/div><\/li>\n<\/ul>\n<p><strong>Altres publicacions d&#8217;inter\u00e8s:<\/strong><\/p>\n<ul>\n<li><a href=\"https:\/\/blog.cofb.cat\/programa-dintercanvi-xeringues-farmacies-comunitaries-presenta-pla-funcional\/\" target=\"_blank\" rel=\"noopener\">Programa d\u2019intercanvi de xeringues a les farm\u00e0cies comunit\u00e0ries: Es presenta el Pla funcional (Febrer 2018)<\/a><\/li>\n<li><a href=\"https:\/\/blog.cofb.cat\/abordatge-de-lalcoholisme-des-de-la-farmacia-comunitaria\/\" target=\"_blank\" rel=\"noopener\">Abordatge de l\u2019alcoholisme des de la farm\u00e0cia comunit\u00e0ria (Mar\u00e7 2017)<\/a><\/li>\n<li><a href=\"https:\/\/blog.cofb.cat\/tertulia-dactualitat-noves-substancies-dabus\/\" target=\"_blank\" rel=\"noopener\">Tert\u00falia d\u2019actualitat: noves subst\u00e0ncies d\u2019ab\u00fas [v\u00eddeo entrevista] (Desembre 2016)<\/a><\/li>\n<\/ul>\n","protected":false},"excerpt":{"rendered":"<p>El passat 11 de desembre, es va celebrar a la seu del Col\u00b7legi, la primera sessi\u00f3 del &#8220;Cicle de confer\u00e8ncies sobre reducci\u00f3 de riscos en la farm\u00e0cia comunit\u00e0ria&#8221;, titulada \u201c\u00das terap\u00e8utic del c\u00e0nnabis, un debat necessari\u201d, iniciativa que vol incrementar la conscienciaci\u00f3 respecte al potencial de la farm\u00e0cia comunit\u00e0ria i [&hellip;]<\/p>\n","protected":false},"author":1,"featured_media":43460,"comment_status":"open","ping_status":"open","sticky":false,"template":"","format":"standard","meta":{"_uag_custom_page_level_css":"","site-sidebar-layout":"default","site-content-layout":"","ast-site-content-layout":"default","site-content-style":"default","site-sidebar-style":"default","ast-global-header-display":"","ast-banner-title-visibility":"","ast-main-header-display":"","ast-hfb-above-header-display":"","ast-hfb-below-header-display":"","ast-hfb-mobile-header-display":"","site-post-title":"","ast-breadcrumbs-content":"","ast-featured-img":"disabled","footer-sml-layout":"","theme-transparent-header-meta":"","adv-header-id-meta":"","stick-header-meta":"","header-above-stick-meta":"","header-main-stick-meta":"","header-below-stick-meta":"","astra-migrate-meta-layouts":"default","ast-page-background-enabled":"default","ast-page-background-meta":{"desktop":{"background-color":"var(--ast-global-color-4)","background-image":"","background-repeat":"repeat","background-position":"center center","background-size":"auto","background-attachment":"scroll","background-type":"","background-media":"","overlay-type":"","overlay-color":"","overlay-opacity":"","overlay-gradient":""},"tablet":{"background-color":"","background-image":"","background-repeat":"repeat","background-position":"center center","background-size":"auto","background-attachment":"scroll","background-type":"","background-media":"","overlay-type":"","overlay-color":"","overlay-opacity":"","overlay-gradient":""},"mobile":{"background-color":"","background-image":"","background-repeat":"repeat","background-position":"center center","background-size":"auto","background-attachment":"scroll","background-type":"","background-media":"","overlay-type":"","overlay-color":"","overlay-opacity":"","overlay-gradient":""}},"ast-content-background-meta":{"desktop":{"background-color":"var(--ast-global-color-5)","background-image":"","background-repeat":"repeat","background-position":"center center","background-size":"auto","background-attachment":"scroll","background-type":"","background-media":"","overlay-type":"","overlay-color":"","overlay-opacity":"","overlay-gradient":""},"tablet":{"background-color":"var(--ast-global-color-5)","background-image":"","background-repeat":"repeat","background-position":"center center","background-size":"auto","background-attachment":"scroll","background-type":"","background-media":"","overlay-type":"","overlay-color":"","overlay-opacity":"","overlay-gradient":""},"mobile":{"background-color":"var(--ast-global-color-5)","background-image":"","background-repeat":"repeat","background-position":"center center","background-size":"auto","background-attachment":"scroll","background-type":"","background-media":"","overlay-type":"","overlay-color":"","overlay-opacity":"","overlay-gradient":""}},"footnotes":""},"categories":[57],"tags":[393,3373,19,131,69,3374,396,3375],"class_list":["post-43126","post","type-post","status-publish","format-standard","has-post-thumbnail","hentry","category-mon-collegial","tag-cannabis","tag-cicle-de-conferencies-sobre-reduccio-de-riscos-en-la-farmacia-comunitaria","tag-collegi-de-farmaceutics-de-barcelona","tag-energy-control","tag-farmacia-comunitaria","tag-iceers","tag-us-terapeutic-del-cannabis","tag-vicetresorer-i-responsable-datencio-farmaceutica-del-collegi-de-farmaceutics-de-barcelona"],"yoast_head":"<!-- This site is optimized with the Yoast SEO plugin v22.4 - https:\/\/yoast.com\/wordpress\/plugins\/seo\/ -->\n<title>\u00das terap\u00e8utic del c\u00e0nnabis. Comen\u00e7a el cicle de confer\u00e8ncies sobre reducci\u00f3 de riscos en la farm\u00e0cia comunit\u00e0ria - Col\u00b7legi de Farmac\u00e8utics de Barcelona<\/title>\n<meta name=\"description\" content=\"El passat 11 de desembre es va celebrar, a la seu del Col\u00b7legi, la primera confer\u00e8ncia del Cicle de confer\u00e8ncies sobre reducci\u00f3 de riscos en la farm\u00e0cia comunit\u00e0ria, titulada \u201c\u00das terap\u00e8utic del c\u00e0nnabis, un debat necessari\u201d.\" \/>\n<meta name=\"robots\" content=\"index, follow, max-snippet:-1, max-image-preview:large, max-video-preview:-1\" \/>\n<link rel=\"canonical\" href=\"https:\/\/novaorg.cofb.net\/2019\/01\/07\/us-terapeutic-cannabis-comenca-cicle-conferencies-sobre-reduccio-riscos-farmacia-comunitaria\/\" \/>\n<meta property=\"og:locale\" content=\"ca_ES\" \/>\n<meta property=\"og:type\" content=\"article\" \/>\n<meta property=\"og:title\" content=\"\u00das terap\u00e8utic del c\u00e0nnabis. Comen\u00e7a el cicle de confer\u00e8ncies sobre reducci\u00f3 de riscos en la farm\u00e0cia comunit\u00e0ria - Col\u00b7legi de Farmac\u00e8utics de Barcelona\" \/>\n<meta property=\"og:description\" content=\"El passat 11 de desembre es va celebrar, a la seu del Col\u00b7legi, la primera confer\u00e8ncia del Cicle de confer\u00e8ncies sobre reducci\u00f3 de riscos en la farm\u00e0cia comunit\u00e0ria, titulada \u201c\u00das terap\u00e8utic del c\u00e0nnabis, un debat necessari\u201d.\" \/>\n<meta property=\"og:url\" content=\"https:\/\/novaorg.cofb.net\/2019\/01\/07\/us-terapeutic-cannabis-comenca-cicle-conferencies-sobre-reduccio-riscos-farmacia-comunitaria\/\" \/>\n<meta property=\"og:site_name\" content=\"Col\u00b7legi de Farmac\u00e8utics de Barcelona\" \/>\n<meta property=\"article:publisher\" content=\"https:\/\/www.facebook.com\/farmaceuticsbcn\/\" \/>\n<meta property=\"article:published_time\" content=\"2019-01-07T13:46:28+00:00\" \/>\n<meta name=\"author\" content=\"wpAdminCofbOrg\" \/>\n<meta name=\"twitter:card\" content=\"summary_large_image\" \/>\n<meta name=\"twitter:creator\" content=\"@farmaceuticsbcn\" \/>\n<meta name=\"twitter:site\" content=\"@farmaceuticsbcn\" \/>\n<meta name=\"twitter:label1\" content=\"Escrit per\" \/>\n\t<meta name=\"twitter:data1\" content=\"wpAdminCofbOrg\" \/>\n\t<meta name=\"twitter:label2\" content=\"Temps estimat de lectura\" \/>\n\t<meta name=\"twitter:data2\" content=\"3 minuts\" \/>\n<script type=\"application\/ld+json\" class=\"yoast-schema-graph\">{\"@context\":\"https:\/\/schema.org\",\"@graph\":[{\"@type\":\"Article\",\"@id\":\"https:\/\/novaorg.cofb.net\/2019\/01\/07\/us-terapeutic-cannabis-comenca-cicle-conferencies-sobre-reduccio-riscos-farmacia-comunitaria\/#article\",\"isPartOf\":{\"@id\":\"https:\/\/novaorg.cofb.net\/2019\/01\/07\/us-terapeutic-cannabis-comenca-cicle-conferencies-sobre-reduccio-riscos-farmacia-comunitaria\/\"},\"author\":{\"name\":\"wpAdminCofbOrg\",\"@id\":\"https:\/\/www.cofb.org\/#\/schema\/person\/22ed7eea88da74b0fa4d3154ad87ffcb\"},\"headline\":\"\u00das terap\u00e8utic del c\u00e0nnabis. Comen\u00e7a el cicle de confer\u00e8ncies sobre reducci\u00f3 de riscos en la farm\u00e0cia comunit\u00e0ria\",\"datePublished\":\"2019-01-07T13:46:28+00:00\",\"dateModified\":\"2019-01-07T13:46:28+00:00\",\"mainEntityOfPage\":{\"@id\":\"https:\/\/novaorg.cofb.net\/2019\/01\/07\/us-terapeutic-cannabis-comenca-cicle-conferencies-sobre-reduccio-riscos-farmacia-comunitaria\/\"},\"wordCount\":696,\"commentCount\":0,\"publisher\":{\"@id\":\"https:\/\/www.cofb.org\/#organization\"},\"image\":{\"@id\":\"https:\/\/novaorg.cofb.net\/2019\/01\/07\/us-terapeutic-cannabis-comenca-cicle-conferencies-sobre-reduccio-riscos-farmacia-comunitaria\/#primaryimage\"},\"thumbnailUrl\":\"\",\"keywords\":[\"c\u00e0nnabis\",\"Cicle de confer\u00e8ncies sobre reducci\u00f3 de riscos en la farm\u00e0cia comunit\u00e0ria\",\"Col\u00b7legi de Farmac\u00e8utics de Barcelona\",\"Energy Control\",\"farm\u00e0cia comunit\u00e0ria\",\"ICEERS\",\"\u00das terap\u00e8utic del c\u00e0nnabis\",\"Vicetresorer i responsable d'Atenci\u00f3 Farmac\u00e8utica del Col\u00b7legi de Farmac\u00e8utics de Barcelona\"],\"articleSection\":[\"M\u00f3n col\u00b7legial\"],\"inLanguage\":\"ca\",\"potentialAction\":[{\"@type\":\"CommentAction\",\"name\":\"Comment\",\"target\":[\"https:\/\/novaorg.cofb.net\/2019\/01\/07\/us-terapeutic-cannabis-comenca-cicle-conferencies-sobre-reduccio-riscos-farmacia-comunitaria\/#respond\"]}]},{\"@type\":\"WebPage\",\"@id\":\"https:\/\/novaorg.cofb.net\/2019\/01\/07\/us-terapeutic-cannabis-comenca-cicle-conferencies-sobre-reduccio-riscos-farmacia-comunitaria\/\",\"url\":\"https:\/\/novaorg.cofb.net\/2019\/01\/07\/us-terapeutic-cannabis-comenca-cicle-conferencies-sobre-reduccio-riscos-farmacia-comunitaria\/\",\"name\":\"\u00das terap\u00e8utic del c\u00e0nnabis. Comen\u00e7a el cicle de confer\u00e8ncies sobre reducci\u00f3 de riscos en la farm\u00e0cia comunit\u00e0ria - Col\u00b7legi de Farmac\u00e8utics de Barcelona\",\"isPartOf\":{\"@id\":\"https:\/\/www.cofb.org\/#website\"},\"primaryImageOfPage\":{\"@id\":\"https:\/\/novaorg.cofb.net\/2019\/01\/07\/us-terapeutic-cannabis-comenca-cicle-conferencies-sobre-reduccio-riscos-farmacia-comunitaria\/#primaryimage\"},\"image\":{\"@id\":\"https:\/\/novaorg.cofb.net\/2019\/01\/07\/us-terapeutic-cannabis-comenca-cicle-conferencies-sobre-reduccio-riscos-farmacia-comunitaria\/#primaryimage\"},\"thumbnailUrl\":\"\",\"datePublished\":\"2019-01-07T13:46:28+00:00\",\"dateModified\":\"2019-01-07T13:46:28+00:00\",\"description\":\"El passat 11 de desembre es va celebrar, a la seu del Col\u00b7legi, la primera confer\u00e8ncia del Cicle de confer\u00e8ncies sobre reducci\u00f3 de riscos en la farm\u00e0cia comunit\u00e0ria, titulada \u201c\u00das terap\u00e8utic del c\u00e0nnabis, un debat necessari\u201d.\",\"breadcrumb\":{\"@id\":\"https:\/\/novaorg.cofb.net\/2019\/01\/07\/us-terapeutic-cannabis-comenca-cicle-conferencies-sobre-reduccio-riscos-farmacia-comunitaria\/#breadcrumb\"},\"inLanguage\":\"ca\",\"potentialAction\":[{\"@type\":\"ReadAction\",\"target\":[\"https:\/\/novaorg.cofb.net\/2019\/01\/07\/us-terapeutic-cannabis-comenca-cicle-conferencies-sobre-reduccio-riscos-farmacia-comunitaria\/\"]}]},{\"@type\":\"ImageObject\",\"inLanguage\":\"ca\",\"@id\":\"https:\/\/novaorg.cofb.net\/2019\/01\/07\/us-terapeutic-cannabis-comenca-cicle-conferencies-sobre-reduccio-riscos-farmacia-comunitaria\/#primaryimage\",\"url\":\"\",\"contentUrl\":\"\"},{\"@type\":\"BreadcrumbList\",\"@id\":\"https:\/\/novaorg.cofb.net\/2019\/01\/07\/us-terapeutic-cannabis-comenca-cicle-conferencies-sobre-reduccio-riscos-farmacia-comunitaria\/#breadcrumb\",\"itemListElement\":[{\"@type\":\"ListItem\",\"position\":1,\"name\":\"Inici\",\"item\":\"https:\/\/novaorg.cofb.net\/\"},{\"@type\":\"ListItem\",\"position\":2,\"name\":\"\u00das terap\u00e8utic del c\u00e0nnabis. Comen\u00e7a el cicle de confer\u00e8ncies sobre reducci\u00f3 de riscos en la farm\u00e0cia comunit\u00e0ria\"}]},{\"@type\":\"WebSite\",\"@id\":\"https:\/\/www.cofb.org\/#website\",\"url\":\"https:\/\/www.cofb.org\/\",\"name\":\"Col\u00b7legi de Farmac\u00e8utics de Barcelona\",\"description\":\"\",\"publisher\":{\"@id\":\"https:\/\/www.cofb.org\/#organization\"},\"potentialAction\":[{\"@type\":\"SearchAction\",\"target\":{\"@type\":\"EntryPoint\",\"urlTemplate\":\"https:\/\/www.cofb.org\/?s={search_term_string}\"},\"query-input\":\"required name=search_term_string\"}],\"inLanguage\":\"ca\"},{\"@type\":\"Organization\",\"@id\":\"https:\/\/www.cofb.org\/#organization\",\"name\":\"Col\u00b7legi de Farmac\u00e8utics de Barcelona\",\"url\":\"https:\/\/www.cofb.org\/\",\"logo\":{\"@type\":\"ImageObject\",\"inLanguage\":\"ca\",\"@id\":\"https:\/\/www.cofb.org\/#\/schema\/logo\/image\/\",\"url\":\"https:\/\/www.cofb.org\/wp-content\/uploads\/2023\/11\/cropped-Logotip-COFB.png\",\"contentUrl\":\"https:\/\/www.cofb.org\/wp-content\/uploads\/2023\/11\/cropped-Logotip-COFB.png\",\"width\":500,\"height\":105,\"caption\":\"Col\u00b7legi de Farmac\u00e8utics de Barcelona\"},\"image\":{\"@id\":\"https:\/\/www.cofb.org\/#\/schema\/logo\/image\/\"},\"sameAs\":[\"https:\/\/www.facebook.com\/farmaceuticsbcn\/\",\"https:\/\/twitter.com\/farmaceuticsbcn\",\"https:\/\/www.instagram.com\/farmaceuticsbcn\/\",\"https:\/\/www.linkedin.com\/company\/farmaceuticsbcn\/\"]},{\"@type\":\"Person\",\"@id\":\"https:\/\/www.cofb.org\/#\/schema\/person\/22ed7eea88da74b0fa4d3154ad87ffcb\",\"name\":\"wpAdminCofbOrg\",\"image\":{\"@type\":\"ImageObject\",\"inLanguage\":\"ca\",\"@id\":\"https:\/\/www.cofb.org\/#\/schema\/person\/image\/\",\"url\":\"https:\/\/secure.gravatar.com\/avatar\/1721b20b3b8ca882c3b56ec6c978c594fff670e40c0718e9190eaeeb76aae7d8?s=96&d=mm&r=g\",\"contentUrl\":\"https:\/\/secure.gravatar.com\/avatar\/1721b20b3b8ca882c3b56ec6c978c594fff670e40c0718e9190eaeeb76aae7d8?s=96&d=mm&r=g\",\"caption\":\"wpAdminCofbOrg\"},\"sameAs\":[\"http:\/\/192.168.64.122\/wordpress\"],\"url\":\"https:\/\/www.cofb.org\/ca\/author\/wpadmincofborg\/\"}]}<\/script>\n<!-- \/ Yoast SEO plugin. -->","yoast_head_json":{"title":"\u00das terap\u00e8utic del c\u00e0nnabis. Comen\u00e7a el cicle de confer\u00e8ncies sobre reducci\u00f3 de riscos en la farm\u00e0cia comunit\u00e0ria - Col\u00b7legi de Farmac\u00e8utics de Barcelona","description":"El passat 11 de desembre es va celebrar, a la seu del Col\u00b7legi, la primera confer\u00e8ncia del Cicle de confer\u00e8ncies sobre reducci\u00f3 de riscos en la farm\u00e0cia comunit\u00e0ria, titulada \u201c\u00das terap\u00e8utic del c\u00e0nnabis, un debat necessari\u201d.","robots":{"index":"index","follow":"follow","max-snippet":"max-snippet:-1","max-image-preview":"max-image-preview:large","max-video-preview":"max-video-preview:-1"},"canonical":"https:\/\/novaorg.cofb.net\/2019\/01\/07\/us-terapeutic-cannabis-comenca-cicle-conferencies-sobre-reduccio-riscos-farmacia-comunitaria\/","og_locale":"ca_ES","og_type":"article","og_title":"\u00das terap\u00e8utic del c\u00e0nnabis. Comen\u00e7a el cicle de confer\u00e8ncies sobre reducci\u00f3 de riscos en la farm\u00e0cia comunit\u00e0ria - Col\u00b7legi de Farmac\u00e8utics de Barcelona","og_description":"El passat 11 de desembre es va celebrar, a la seu del Col\u00b7legi, la primera confer\u00e8ncia del Cicle de confer\u00e8ncies sobre reducci\u00f3 de riscos en la farm\u00e0cia comunit\u00e0ria, titulada \u201c\u00das terap\u00e8utic del c\u00e0nnabis, un debat necessari\u201d.","og_url":"https:\/\/novaorg.cofb.net\/2019\/01\/07\/us-terapeutic-cannabis-comenca-cicle-conferencies-sobre-reduccio-riscos-farmacia-comunitaria\/","og_site_name":"Col\u00b7legi de Farmac\u00e8utics de Barcelona","article_publisher":"https:\/\/www.facebook.com\/farmaceuticsbcn\/","article_published_time":"2019-01-07T13:46:28+00:00","author":"wpAdminCofbOrg","twitter_card":"summary_large_image","twitter_creator":"@farmaceuticsbcn","twitter_site":"@farmaceuticsbcn","twitter_misc":{"Escrit per":"wpAdminCofbOrg","Temps estimat de lectura":"3 minuts"},"schema":{"@context":"https:\/\/schema.org","@graph":[{"@type":"Article","@id":"https:\/\/novaorg.cofb.net\/2019\/01\/07\/us-terapeutic-cannabis-comenca-cicle-conferencies-sobre-reduccio-riscos-farmacia-comunitaria\/#article","isPartOf":{"@id":"https:\/\/novaorg.cofb.net\/2019\/01\/07\/us-terapeutic-cannabis-comenca-cicle-conferencies-sobre-reduccio-riscos-farmacia-comunitaria\/"},"author":{"name":"wpAdminCofbOrg","@id":"https:\/\/www.cofb.org\/#\/schema\/person\/22ed7eea88da74b0fa4d3154ad87ffcb"},"headline":"\u00das terap\u00e8utic del c\u00e0nnabis. Comen\u00e7a el cicle de confer\u00e8ncies sobre reducci\u00f3 de riscos en la farm\u00e0cia comunit\u00e0ria","datePublished":"2019-01-07T13:46:28+00:00","dateModified":"2019-01-07T13:46:28+00:00","mainEntityOfPage":{"@id":"https:\/\/novaorg.cofb.net\/2019\/01\/07\/us-terapeutic-cannabis-comenca-cicle-conferencies-sobre-reduccio-riscos-farmacia-comunitaria\/"},"wordCount":696,"commentCount":0,"publisher":{"@id":"https:\/\/www.cofb.org\/#organization"},"image":{"@id":"https:\/\/novaorg.cofb.net\/2019\/01\/07\/us-terapeutic-cannabis-comenca-cicle-conferencies-sobre-reduccio-riscos-farmacia-comunitaria\/#primaryimage"},"thumbnailUrl":"","keywords":["c\u00e0nnabis","Cicle de confer\u00e8ncies sobre reducci\u00f3 de riscos en la farm\u00e0cia comunit\u00e0ria","Col\u00b7legi de Farmac\u00e8utics de Barcelona","Energy Control","farm\u00e0cia comunit\u00e0ria","ICEERS","\u00das terap\u00e8utic del c\u00e0nnabis","Vicetresorer i responsable d'Atenci\u00f3 Farmac\u00e8utica del Col\u00b7legi de Farmac\u00e8utics de Barcelona"],"articleSection":["M\u00f3n col\u00b7legial"],"inLanguage":"ca","potentialAction":[{"@type":"CommentAction","name":"Comment","target":["https:\/\/novaorg.cofb.net\/2019\/01\/07\/us-terapeutic-cannabis-comenca-cicle-conferencies-sobre-reduccio-riscos-farmacia-comunitaria\/#respond"]}]},{"@type":"WebPage","@id":"https:\/\/novaorg.cofb.net\/2019\/01\/07\/us-terapeutic-cannabis-comenca-cicle-conferencies-sobre-reduccio-riscos-farmacia-comunitaria\/","url":"https:\/\/novaorg.cofb.net\/2019\/01\/07\/us-terapeutic-cannabis-comenca-cicle-conferencies-sobre-reduccio-riscos-farmacia-comunitaria\/","name":"\u00das terap\u00e8utic del c\u00e0nnabis. Comen\u00e7a el cicle de confer\u00e8ncies sobre reducci\u00f3 de riscos en la farm\u00e0cia comunit\u00e0ria - Col\u00b7legi de Farmac\u00e8utics de Barcelona","isPartOf":{"@id":"https:\/\/www.cofb.org\/#website"},"primaryImageOfPage":{"@id":"https:\/\/novaorg.cofb.net\/2019\/01\/07\/us-terapeutic-cannabis-comenca-cicle-conferencies-sobre-reduccio-riscos-farmacia-comunitaria\/#primaryimage"},"image":{"@id":"https:\/\/novaorg.cofb.net\/2019\/01\/07\/us-terapeutic-cannabis-comenca-cicle-conferencies-sobre-reduccio-riscos-farmacia-comunitaria\/#primaryimage"},"thumbnailUrl":"","datePublished":"2019-01-07T13:46:28+00:00","dateModified":"2019-01-07T13:46:28+00:00","description":"El passat 11 de desembre es va celebrar, a la seu del Col\u00b7legi, la primera confer\u00e8ncia del Cicle de confer\u00e8ncies sobre reducci\u00f3 de riscos en la farm\u00e0cia comunit\u00e0ria, titulada \u201c\u00das terap\u00e8utic del c\u00e0nnabis, un debat necessari\u201d.","breadcrumb":{"@id":"https:\/\/novaorg.cofb.net\/2019\/01\/07\/us-terapeutic-cannabis-comenca-cicle-conferencies-sobre-reduccio-riscos-farmacia-comunitaria\/#breadcrumb"},"inLanguage":"ca","potentialAction":[{"@type":"ReadAction","target":["https:\/\/novaorg.cofb.net\/2019\/01\/07\/us-terapeutic-cannabis-comenca-cicle-conferencies-sobre-reduccio-riscos-farmacia-comunitaria\/"]}]},{"@type":"ImageObject","inLanguage":"ca","@id":"https:\/\/novaorg.cofb.net\/2019\/01\/07\/us-terapeutic-cannabis-comenca-cicle-conferencies-sobre-reduccio-riscos-farmacia-comunitaria\/#primaryimage","url":"","contentUrl":""},{"@type":"BreadcrumbList","@id":"https:\/\/novaorg.cofb.net\/2019\/01\/07\/us-terapeutic-cannabis-comenca-cicle-conferencies-sobre-reduccio-riscos-farmacia-comunitaria\/#breadcrumb","itemListElement":[{"@type":"ListItem","position":1,"name":"Inici","item":"https:\/\/novaorg.cofb.net\/"},{"@type":"ListItem","position":2,"name":"\u00das terap\u00e8utic del c\u00e0nnabis. Comen\u00e7a el cicle de confer\u00e8ncies sobre reducci\u00f3 de riscos en la farm\u00e0cia comunit\u00e0ria"}]},{"@type":"WebSite","@id":"https:\/\/www.cofb.org\/#website","url":"https:\/\/www.cofb.org\/","name":"Col\u00b7legi de Farmac\u00e8utics de Barcelona","description":"","publisher":{"@id":"https:\/\/www.cofb.org\/#organization"},"potentialAction":[{"@type":"SearchAction","target":{"@type":"EntryPoint","urlTemplate":"https:\/\/www.cofb.org\/?s={search_term_string}"},"query-input":"required name=search_term_string"}],"inLanguage":"ca"},{"@type":"Organization","@id":"https:\/\/www.cofb.org\/#organization","name":"Col\u00b7legi de Farmac\u00e8utics de Barcelona","url":"https:\/\/www.cofb.org\/","logo":{"@type":"ImageObject","inLanguage":"ca","@id":"https:\/\/www.cofb.org\/#\/schema\/logo\/image\/","url":"https:\/\/www.cofb.org\/wp-content\/uploads\/2023\/11\/cropped-Logotip-COFB.png","contentUrl":"https:\/\/www.cofb.org\/wp-content\/uploads\/2023\/11\/cropped-Logotip-COFB.png","width":500,"height":105,"caption":"Col\u00b7legi de Farmac\u00e8utics de Barcelona"},"image":{"@id":"https:\/\/www.cofb.org\/#\/schema\/logo\/image\/"},"sameAs":["https:\/\/www.facebook.com\/farmaceuticsbcn\/","https:\/\/twitter.com\/farmaceuticsbcn","https:\/\/www.instagram.com\/farmaceuticsbcn\/","https:\/\/www.linkedin.com\/company\/farmaceuticsbcn\/"]},{"@type":"Person","@id":"https:\/\/www.cofb.org\/#\/schema\/person\/22ed7eea88da74b0fa4d3154ad87ffcb","name":"wpAdminCofbOrg","image":{"@type":"ImageObject","inLanguage":"ca","@id":"https:\/\/www.cofb.org\/#\/schema\/person\/image\/","url":"https:\/\/secure.gravatar.com\/avatar\/1721b20b3b8ca882c3b56ec6c978c594fff670e40c0718e9190eaeeb76aae7d8?s=96&d=mm&r=g","contentUrl":"https:\/\/secure.gravatar.com\/avatar\/1721b20b3b8ca882c3b56ec6c978c594fff670e40c0718e9190eaeeb76aae7d8?s=96&d=mm&r=g","caption":"wpAdminCofbOrg"},"sameAs":["http:\/\/192.168.64.122\/wordpress"],"url":"https:\/\/www.cofb.org\/ca\/author\/wpadmincofborg\/"}]}},"uagb_featured_image_src":{"full":false,"thumbnail":false,"medium":false,"medium_large":false,"large":false,"1536x1536":false,"2048x2048":false,"trp-custom-language-flag":false},"uagb_author_info":{"display_name":"wpAdminCofbOrg","author_link":"https:\/\/www.cofb.org\/ca\/author\/wpadmincofborg\/"},"uagb_comment_info":0,"uagb_excerpt":"El passat 11 de desembre, es va celebrar a la seu del Col\u00b7legi, la primera sessi\u00f3 del &#8220;Cicle de confer\u00e8ncies sobre reducci\u00f3 de riscos en la farm\u00e0cia comunit\u00e0ria&#8221;, titulada \u201c\u00das terap\u00e8utic del c\u00e0nnabis, un debat necessari\u201d, iniciativa que vol incrementar la conscienciaci\u00f3 respecte al potencial de la farm\u00e0cia comunit\u00e0ria i [&hellip;]","_links":{"self":[{"href":"https:\/\/www.cofb.org\/ca\/wp-json\/wp\/v2\/posts\/43126","targetHints":{"allow":["GET"]}}],"collection":[{"href":"https:\/\/www.cofb.org\/ca\/wp-json\/wp\/v2\/posts"}],"about":[{"href":"https:\/\/www.cofb.org\/ca\/wp-json\/wp\/v2\/types\/post"}],"author":[{"embeddable":true,"href":"https:\/\/www.cofb.org\/ca\/wp-json\/wp\/v2\/users\/1"}],"replies":[{"embeddable":true,"href":"https:\/\/www.cofb.org\/ca\/wp-json\/wp\/v2\/comments?post=43126"}],"version-history":[{"count":0,"href":"https:\/\/www.cofb.org\/ca\/wp-json\/wp\/v2\/posts\/43126\/revisions"}],"wp:featuredmedia":[{"embeddable":true,"href":"https:\/\/www.cofb.org\/ca\/wp-json\/"}],"wp:attachment":[{"href":"https:\/\/www.cofb.org\/ca\/wp-json\/wp\/v2\/media?parent=43126"}],"wp:term":[{"taxonomy":"category","embeddable":true,"href":"https:\/\/www.cofb.org\/ca\/wp-json\/wp\/v2\/categories?post=43126"},{"taxonomy":"post_tag","embeddable":true,"href":"https:\/\/www.cofb.org\/ca\/wp-json\/wp\/v2\/tags?post=43126"}],"curies":[{"name":"wp","href":"https:\/\/api.w.org\/{rel}","templated":true}]}}