{"id":43061,"date":"2018-12-14T15:06:29","date_gmt":"2018-12-14T13:06:29","guid":{"rendered":"https:\/\/blog.cofb.cat\/?p=43061"},"modified":"2018-12-14T15:06:29","modified_gmt":"2018-12-14T13:06:29","slug":"el-cofb-implicat-en-la-marato-2018-per-recaptar-fons-per-a-la-investigacio-del-cancer","status":"publish","type":"post","link":"https:\/\/www.cofb.org\/ca\/2018\/12\/14\/el-cofb-implicat-en-la-marato-2018-per-recaptar-fons-per-a-la-investigacio-del-cancer\/","title":{"rendered":"El Col\u00b7legi, implicat en La Marat\u00f3 2018 per recaptar fons per a la investigaci\u00f3 del c\u00e0ncer"},"content":{"rendered":"<p>El <strong>Col\u00b7legi de Farmac\u00e8utics de Barcelona<\/strong>\u00a0s\u2019ha <strong>implicat activament en La Marat\u00f3 2018 de TV3<\/strong>\u00a0-enguany centrada en el <strong>c\u00e0ncer<\/strong>&#8211; per recaptar fons en la investigaci\u00f3 d\u2019aquesta malaltia.<\/p>\n<p>En el marc d\u2019aquesta iniciativa, <strong>el Col\u00b7legi ha desenvolupat una bossa solid\u00e0ria i exclusiva<\/strong> que oferir\u00e0 a tots aquells col\u00b7legiats que vulguin realitzar una aportaci\u00f3 econ\u00f2mica. <strong>Aquestes aportacions seran agrupades pel Col\u00b7legi i destinades \u00edntegrament a La Marat\u00f3 d\u2019enguany<\/strong>.<\/p>\n<figure id=\"attachment_43064\" aria-describedby=\"caption-attachment-43064\" style=\"width: 702px\" class=\"wp-caption aligncenter\"><a href=\"https:\/\/blog.cofb.cat\/wp-content\/uploads\/2018\/12\/Bosses-solid\u00e0ries-Marat\u00f3-TV3-2018.jpg\"><img fetchpriority=\"high\" decoding=\"async\" class=\"wp-image-43064 size-full\" title=\"Les bosses solid\u00e0ries i exclusives creades per recaptar fons per La Marat\u00f3 2018 de TV3 entre els col\u00b7legiats del COFB.\" src=\"https:\/\/blog.cofb.cat\/wp-content\/uploads\/2018\/12\/Bosses-solid\u00e0ries-Marat\u00f3-TV3-2018.jpg\" alt=\"Les bosses solid\u00e0ries i exclusives creades per recaptar fons per La Marat\u00f3 2018 de TV3 entre els col\u00b7legiats del COFB.\" width=\"702\" height=\"468\" \/><\/a><figcaption id=\"caption-attachment-43064\" class=\"wp-caption-text\">Les bosses solid\u00e0ries i exclusives creades per recaptar fons per La Marat\u00f3 2018 de TV3 entre els col\u00b7legiats del COFB.<\/figcaption><\/figure>\n<h1><strong>Els farmac\u00e8utics, compromesos en la prevenci\u00f3 i detecci\u00f3 preco\u00e7 del c\u00e0ncer<\/strong><\/h1>\n<p>La <strong>bossa<\/strong>, que<strong> incorpora els valors de<\/strong> la Comissi\u00f3 de<strong> Comprom\u00eds Social<\/strong> del COFB (<strong>teixit natural i sostenible, fabricaci\u00f3 de &#8220;km 0&#8221; en taller d\u2019inserci\u00f3 social i implicaci\u00f3 dels professionals farmac\u00e8utics en iniciatives solid\u00e0ries<\/strong>), mostra la <strong>participaci\u00f3 del col\u00b7lectiu farmac\u00e8utic en dues activitats professionals centrades en la prevenci\u00f3 i detecci\u00f3 preco\u00e7 del c\u00e0ncer<\/strong>.<\/p>\n<h2><strong>El Programa de detecci\u00f3 preco\u00e7 de c\u00e0ncer de c\u00f2lon i recte<\/strong><\/h2>\n<p>El Programa t\u00e9 per <strong>objectiu reduir la incid\u00e8ncia i la mortalitat del c\u00e0ncer de c\u00f2lon i recte mitjan\u00e7ant la detecci\u00f3<\/strong> i el tractament dels adenomes colorectals i del <strong>c\u00e0ncer en fases inicials<\/strong>. Gr\u00e0cies a les farm\u00e0cies comunit\u00e0ries, <strong>s\u2019aconsegueix apropar el programa a la poblaci\u00f3 diana d\u2019entre 50 i 69 anys i augmentar la participaci\u00f3<\/strong>. Els farmac\u00e8utics distribueixen el col\u00b7lector als usuaris convidats a participar en el cribratge i l\u2019usuari el retorna a la farm\u00e0cia un cop ha recollit la mostra.<\/p>\n<p>Durant el 2017, <strong>m\u00e9s de 300.000 usuaris van ser atesos des de les 1.374 farm\u00e0cies de la prov\u00edncia de Barcelona participants<\/strong>.\u00a0M\u00e9s concretament, <strong>des de la 1a ronda del Programa que es va celebrar a Barcelona ciutat (desembre 2009-desembre 2011), fins a la 3a ronda (gener 2014 \u2013 desembre 2015)<\/strong>,<strong> s\u2019ha mantingut la taxa participaci\u00f3 propera al 50%<\/strong> i <strong>s\u2019han disminu\u00eft significativament els casos detectats d\u2019adenomes d\u2019alt risc<\/strong> (dels <strong>1.704<\/strong> casos detectats a la <strong>1a ronda<\/strong>, s\u2019ha passat a <strong>458 <\/strong>a la <strong>3a ronda).<\/strong> En aquest per\u00edode, tamb\u00e9<strong> s\u2019han redu\u00eft els casos de c\u00e0ncers invasius de 267 a 129. <\/strong>Aquestes dades demostren la <strong>utilitat del Programa de detecci\u00f3 preco\u00e7 del c\u00e0ncer de c\u00f2lon i recte<\/strong>, que contribueixen a canviar la hist\u00f2ria natural de la malaltia i a <strong>millorar el seu pron\u00f2stic<\/strong>.<\/p>\n<h2><strong>La campanya \u201cAtenci\u00f3 Pell\u201d<\/strong><\/h2>\n<p>Impulsada conjuntament pel COFB i l\u2019Hospital Cl\u00ednic de Barcelona, ja ha celebrat tres edicions (2016, 2017 i 2018). <strong>L\u2019objectiu consisteix a prevenir i detectar els riscos de patir un c\u00e0ncer de pell<\/strong>, el m\u00e9s freq\u00fcent al nostre pa\u00eds, per\u00f2 dels que <strong>presenta millors perspectives de curaci\u00f3 si es detecta preco\u00e7ment<\/strong>.<\/p>\n<p>Des del 2016, els <strong>farmac\u00e8utics han avaluat el risc de patir c\u00e0ncer de pell de m\u00e9s de 12.000 persones<\/strong> i la implicaci\u00f3 de les farm\u00e0cies ha anat en augment (276 el 2016, 387 el 2017 i 504 el 2018).<\/p>\n<p>En el marc d\u2019\u201dAtenci\u00f3 Pell\u201d, entre 2017 i 2018 es va portar a terme l\u2019<strong>estudi Derma-risc<\/strong> <strong>amb 400 participants<\/strong>, juntament amb el Servei de Dermatologia de l\u2019Hospital Cl\u00ednic, per validar els q\u00fcestionaris emprats a la campanya. Del total de <strong>301 persones que el farmac\u00e8utic havia classificat com a usuaris amb factors de risc, un 10% patia c\u00e0ncer de pell<\/strong> i, concretament, un 1,3% presentava melanoma (l\u2019equivalent a 13 casos cada 1.000 persones).<\/p>\n<div class=\"destacat-blog\">\n<h1><span style=\"color: #008080;\"><strong>Participa!<\/strong><\/span><\/h1>\n<p><a href=\"https:\/\/blog.cofb.cat\/wp-content\/uploads\/2018\/12\/Bosses-solid\u00e0ries-Marat\u00f3-TV3-2018_intranet.jpg\"><img decoding=\"async\" class=\"aligncenter size-full wp-image-43072\" src=\"https:\/\/blog.cofb.cat\/wp-content\/uploads\/2018\/12\/Bosses-solid\u00e0ries-Marat\u00f3-TV3-2018_intranet.jpg\" alt=\"\" width=\"690\" height=\"243\" \/><\/a>Ho pots fer des d&#8217;aquest <strong><a href=\"https:\/\/farmaceutics.cofb.net\/group\/guest\/marato-tv3?p_p_id=webportletGestioFormacio_WAR_webportletGestioFormacio_INSTANCE_5ZsFdrdWosxM&amp;p_p_lifecycle=0&amp;p_p_state=normal&amp;p_p_mode=view&amp;p_p_col_id=layout-column_column-1&amp;p_p_col_count=1&amp;_webportletGestioFormacio_WAR_webportletGestioFormacio_INSTANCE_5ZsFdrdWosxM_id=2569\" target=\"_blank\" rel=\"noopener\">enlla\u00e7<\/a><\/strong> de la intranet col\u00b7legial<\/p>\n<\/div>\n<p style=\"text-align: center;\"><strong>Podeu consultar <a href=\"http:\/\/www.cofb.org\/web\/guest\/Noticia\/-\/journal_content\/56_INSTANCE_V6ao\/10136\/1076352\" target=\"_blank\" rel=\"noopener\">aqu\u00ed<\/a> la nota de premsa enviada als mitjans de comunicaci\u00f3.\u00a0<\/strong><\/p>\n","protected":false},"excerpt":{"rendered":"<p>El Col\u00b7legi de Farmac\u00e8utics de Barcelona\u00a0s\u2019ha implicat activament en La Marat\u00f3 2018 de TV3\u00a0-enguany centrada en el c\u00e0ncer&#8211; per recaptar fons en la investigaci\u00f3 d\u2019aquesta malaltia. En el marc d\u2019aquesta iniciativa, el Col\u00b7legi ha desenvolupat una bossa solid\u00e0ria i exclusiva que oferir\u00e0 a tots aquells col\u00b7legiats que vulguin realitzar una [&hellip;]<\/p>\n","protected":false},"author":1,"featured_media":43064,"comment_status":"open","ping_status":"open","sticky":false,"template":"","format":"standard","meta":{"_uag_custom_page_level_css":"","site-sidebar-layout":"default","site-content-layout":"","ast-site-content-layout":"default","site-content-style":"default","site-sidebar-style":"default","ast-global-header-display":"","ast-banner-title-visibility":"","ast-main-header-display":"","ast-hfb-above-header-display":"","ast-hfb-below-header-display":"","ast-hfb-mobile-header-display":"","site-post-title":"","ast-breadcrumbs-content":"","ast-featured-img":"disabled","footer-sml-layout":"","theme-transparent-header-meta":"","adv-header-id-meta":"","stick-header-meta":"","header-above-stick-meta":"","header-main-stick-meta":"","header-below-stick-meta":"","astra-migrate-meta-layouts":"default","ast-page-background-enabled":"default","ast-page-background-meta":{"desktop":{"background-color":"var(--ast-global-color-4)","background-image":"","background-repeat":"repeat","background-position":"center center","background-size":"auto","background-attachment":"scroll","background-type":"","background-media":"","overlay-type":"","overlay-color":"","overlay-opacity":"","overlay-gradient":""},"tablet":{"background-color":"","background-image":"","background-repeat":"repeat","background-position":"center center","background-size":"auto","background-attachment":"scroll","background-type":"","background-media":"","overlay-type":"","overlay-color":"","overlay-opacity":"","overlay-gradient":""},"mobile":{"background-color":"","background-image":"","background-repeat":"repeat","background-position":"center center","background-size":"auto","background-attachment":"scroll","background-type":"","background-media":"","overlay-type":"","overlay-color":"","overlay-opacity":"","overlay-gradient":""}},"ast-content-background-meta":{"desktop":{"background-color":"var(--ast-global-color-5)","background-image":"","background-repeat":"repeat","background-position":"center center","background-size":"auto","background-attachment":"scroll","background-type":"","background-media":"","overlay-type":"","overlay-color":"","overlay-opacity":"","overlay-gradient":""},"tablet":{"background-color":"var(--ast-global-color-5)","background-image":"","background-repeat":"repeat","background-position":"center center","background-size":"auto","background-attachment":"scroll","background-type":"","background-media":"","overlay-type":"","overlay-color":"","overlay-opacity":"","overlay-gradient":""},"mobile":{"background-color":"var(--ast-global-color-5)","background-image":"","background-repeat":"repeat","background-position":"center center","background-size":"auto","background-attachment":"scroll","background-type":"","background-media":"","overlay-type":"","overlay-color":"","overlay-opacity":"","overlay-gradient":""}},"footnotes":""},"categories":[57],"tags":[392,2443,723,956,519,2992,2603,2386,3290,3366],"class_list":["post-43061","post","type-post","status-publish","format-standard","has-post-thumbnail","hentry","category-mon-collegial","tag-atencio-pell","tag-campanya-prevencio-cancer-de-pell","tag-cancer","tag-cancer-colorrectal","tag-comissio-de-compromis-social","tag-deteccio-precoc-cancer","tag-la-marato","tag-programa-de-deteccio-precoc-del-cancer-de-colon","tag-programa-de-deteccio-precoc-del-cancer-de-colon-i-recte","tag-tv3"],"yoast_head":"<!-- This site is optimized with the Yoast SEO plugin v22.4 - https:\/\/yoast.com\/wordpress\/plugins\/seo\/ -->\n<title>El Col\u00b7legi, implicat en La Marat\u00f3 2018 per recaptar fons per a la investigaci\u00f3 del c\u00e0ncer - Col\u00b7legi de Farmac\u00e8utics de Barcelona<\/title>\n<meta name=\"robots\" content=\"index, follow, max-snippet:-1, max-image-preview:large, max-video-preview:-1\" \/>\n<link rel=\"canonical\" href=\"https:\/\/novaorg.cofb.net\/2018\/12\/14\/el-cofb-implicat-en-la-marato-2018-per-recaptar-fons-per-a-la-investigacio-del-cancer\/\" \/>\n<meta property=\"og:locale\" content=\"ca_ES\" \/>\n<meta property=\"og:type\" content=\"article\" \/>\n<meta property=\"og:title\" content=\"El Col\u00b7legi, implicat en La Marat\u00f3 2018 per recaptar fons per a la investigaci\u00f3 del c\u00e0ncer - Col\u00b7legi de Farmac\u00e8utics de Barcelona\" \/>\n<meta property=\"og:description\" content=\"El Col\u00b7legi de Farmac\u00e8utics de Barcelona\u00a0s\u2019ha implicat activament en La Marat\u00f3 2018 de TV3\u00a0-enguany centrada en el c\u00e0ncer&#8211; per recaptar fons en la investigaci\u00f3 d\u2019aquesta malaltia. En el marc d\u2019aquesta iniciativa, el Col\u00b7legi ha desenvolupat una bossa solid\u00e0ria i exclusiva que oferir\u00e0 a tots aquells col\u00b7legiats que vulguin realitzar una [&hellip;]\" \/>\n<meta property=\"og:url\" content=\"https:\/\/novaorg.cofb.net\/2018\/12\/14\/el-cofb-implicat-en-la-marato-2018-per-recaptar-fons-per-a-la-investigacio-del-cancer\/\" \/>\n<meta property=\"og:site_name\" content=\"Col\u00b7legi de Farmac\u00e8utics de Barcelona\" \/>\n<meta property=\"article:publisher\" content=\"https:\/\/www.facebook.com\/farmaceuticsbcn\/\" \/>\n<meta property=\"article:published_time\" content=\"2018-12-14T13:06:29+00:00\" \/>\n<meta name=\"author\" content=\"wpAdminCofbOrg\" \/>\n<meta name=\"twitter:card\" content=\"summary_large_image\" \/>\n<meta name=\"twitter:creator\" content=\"@farmaceuticsbcn\" \/>\n<meta name=\"twitter:site\" content=\"@farmaceuticsbcn\" \/>\n<meta name=\"twitter:label1\" content=\"Escrit per\" \/>\n\t<meta name=\"twitter:data1\" content=\"wpAdminCofbOrg\" \/>\n\t<meta name=\"twitter:label2\" content=\"Temps estimat de lectura\" \/>\n\t<meta name=\"twitter:data2\" content=\"3 minuts\" \/>\n<script type=\"application\/ld+json\" class=\"yoast-schema-graph\">{\"@context\":\"https:\/\/schema.org\",\"@graph\":[{\"@type\":\"Article\",\"@id\":\"https:\/\/novaorg.cofb.net\/2018\/12\/14\/el-cofb-implicat-en-la-marato-2018-per-recaptar-fons-per-a-la-investigacio-del-cancer\/#article\",\"isPartOf\":{\"@id\":\"https:\/\/novaorg.cofb.net\/2018\/12\/14\/el-cofb-implicat-en-la-marato-2018-per-recaptar-fons-per-a-la-investigacio-del-cancer\/\"},\"author\":{\"name\":\"wpAdminCofbOrg\",\"@id\":\"https:\/\/www.cofb.org\/#\/schema\/person\/22ed7eea88da74b0fa4d3154ad87ffcb\"},\"headline\":\"El Col\u00b7legi, implicat en La Marat\u00f3 2018 per recaptar fons per a la investigaci\u00f3 del c\u00e0ncer\",\"datePublished\":\"2018-12-14T13:06:29+00:00\",\"dateModified\":\"2018-12-14T13:06:29+00:00\",\"mainEntityOfPage\":{\"@id\":\"https:\/\/novaorg.cofb.net\/2018\/12\/14\/el-cofb-implicat-en-la-marato-2018-per-recaptar-fons-per-a-la-investigacio-del-cancer\/\"},\"wordCount\":628,\"commentCount\":0,\"publisher\":{\"@id\":\"https:\/\/www.cofb.org\/#organization\"},\"image\":{\"@id\":\"https:\/\/novaorg.cofb.net\/2018\/12\/14\/el-cofb-implicat-en-la-marato-2018-per-recaptar-fons-per-a-la-investigacio-del-cancer\/#primaryimage\"},\"thumbnailUrl\":\"\",\"keywords\":[\"Atenci\u00f3 Pell\",\"Campanya prevenci\u00f3 c\u00e0ncer de pell\",\"c\u00e0ncer\",\"c\u00e0ncer colorrectal\",\"Comissi\u00f3 de Comprom\u00eds Social\",\"Detecci\u00f3 preco\u00e7 c\u00e0ncer\",\"La Marat\u00f3\",\"Programa de Detecci\u00f3 Preco\u00e7 del C\u00e0ncer de Colon\",\"Programa de Detecci\u00f3 Preco\u00e7 del C\u00e0ncer de C\u00f2lon i Recte\",\"TV3\"],\"articleSection\":[\"M\u00f3n col\u00b7legial\"],\"inLanguage\":\"ca\",\"potentialAction\":[{\"@type\":\"CommentAction\",\"name\":\"Comment\",\"target\":[\"https:\/\/novaorg.cofb.net\/2018\/12\/14\/el-cofb-implicat-en-la-marato-2018-per-recaptar-fons-per-a-la-investigacio-del-cancer\/#respond\"]}]},{\"@type\":\"WebPage\",\"@id\":\"https:\/\/novaorg.cofb.net\/2018\/12\/14\/el-cofb-implicat-en-la-marato-2018-per-recaptar-fons-per-a-la-investigacio-del-cancer\/\",\"url\":\"https:\/\/novaorg.cofb.net\/2018\/12\/14\/el-cofb-implicat-en-la-marato-2018-per-recaptar-fons-per-a-la-investigacio-del-cancer\/\",\"name\":\"El Col\u00b7legi, implicat en La Marat\u00f3 2018 per recaptar fons per a la investigaci\u00f3 del c\u00e0ncer - Col\u00b7legi de Farmac\u00e8utics de Barcelona\",\"isPartOf\":{\"@id\":\"https:\/\/www.cofb.org\/#website\"},\"primaryImageOfPage\":{\"@id\":\"https:\/\/novaorg.cofb.net\/2018\/12\/14\/el-cofb-implicat-en-la-marato-2018-per-recaptar-fons-per-a-la-investigacio-del-cancer\/#primaryimage\"},\"image\":{\"@id\":\"https:\/\/novaorg.cofb.net\/2018\/12\/14\/el-cofb-implicat-en-la-marato-2018-per-recaptar-fons-per-a-la-investigacio-del-cancer\/#primaryimage\"},\"thumbnailUrl\":\"\",\"datePublished\":\"2018-12-14T13:06:29+00:00\",\"dateModified\":\"2018-12-14T13:06:29+00:00\",\"breadcrumb\":{\"@id\":\"https:\/\/novaorg.cofb.net\/2018\/12\/14\/el-cofb-implicat-en-la-marato-2018-per-recaptar-fons-per-a-la-investigacio-del-cancer\/#breadcrumb\"},\"inLanguage\":\"ca\",\"potentialAction\":[{\"@type\":\"ReadAction\",\"target\":[\"https:\/\/novaorg.cofb.net\/2018\/12\/14\/el-cofb-implicat-en-la-marato-2018-per-recaptar-fons-per-a-la-investigacio-del-cancer\/\"]}]},{\"@type\":\"ImageObject\",\"inLanguage\":\"ca\",\"@id\":\"https:\/\/novaorg.cofb.net\/2018\/12\/14\/el-cofb-implicat-en-la-marato-2018-per-recaptar-fons-per-a-la-investigacio-del-cancer\/#primaryimage\",\"url\":\"\",\"contentUrl\":\"\"},{\"@type\":\"BreadcrumbList\",\"@id\":\"https:\/\/novaorg.cofb.net\/2018\/12\/14\/el-cofb-implicat-en-la-marato-2018-per-recaptar-fons-per-a-la-investigacio-del-cancer\/#breadcrumb\",\"itemListElement\":[{\"@type\":\"ListItem\",\"position\":1,\"name\":\"Inici\",\"item\":\"https:\/\/novaorg.cofb.net\/\"},{\"@type\":\"ListItem\",\"position\":2,\"name\":\"El Col\u00b7legi, implicat en La Marat\u00f3 2018 per recaptar fons per a la investigaci\u00f3 del c\u00e0ncer\"}]},{\"@type\":\"WebSite\",\"@id\":\"https:\/\/www.cofb.org\/#website\",\"url\":\"https:\/\/www.cofb.org\/\",\"name\":\"Col\u00b7legi de Farmac\u00e8utics de Barcelona\",\"description\":\"\",\"publisher\":{\"@id\":\"https:\/\/www.cofb.org\/#organization\"},\"potentialAction\":[{\"@type\":\"SearchAction\",\"target\":{\"@type\":\"EntryPoint\",\"urlTemplate\":\"https:\/\/www.cofb.org\/?s={search_term_string}\"},\"query-input\":\"required name=search_term_string\"}],\"inLanguage\":\"ca\"},{\"@type\":\"Organization\",\"@id\":\"https:\/\/www.cofb.org\/#organization\",\"name\":\"Col\u00b7legi de Farmac\u00e8utics de Barcelona\",\"url\":\"https:\/\/www.cofb.org\/\",\"logo\":{\"@type\":\"ImageObject\",\"inLanguage\":\"ca\",\"@id\":\"https:\/\/www.cofb.org\/#\/schema\/logo\/image\/\",\"url\":\"https:\/\/www.cofb.org\/wp-content\/uploads\/2023\/11\/cropped-Logotip-COFB.png\",\"contentUrl\":\"https:\/\/www.cofb.org\/wp-content\/uploads\/2023\/11\/cropped-Logotip-COFB.png\",\"width\":500,\"height\":105,\"caption\":\"Col\u00b7legi de Farmac\u00e8utics de Barcelona\"},\"image\":{\"@id\":\"https:\/\/www.cofb.org\/#\/schema\/logo\/image\/\"},\"sameAs\":[\"https:\/\/www.facebook.com\/farmaceuticsbcn\/\",\"https:\/\/twitter.com\/farmaceuticsbcn\",\"https:\/\/www.instagram.com\/farmaceuticsbcn\/\",\"https:\/\/www.linkedin.com\/company\/farmaceuticsbcn\/\"]},{\"@type\":\"Person\",\"@id\":\"https:\/\/www.cofb.org\/#\/schema\/person\/22ed7eea88da74b0fa4d3154ad87ffcb\",\"name\":\"wpAdminCofbOrg\",\"image\":{\"@type\":\"ImageObject\",\"inLanguage\":\"ca\",\"@id\":\"https:\/\/www.cofb.org\/#\/schema\/person\/image\/\",\"url\":\"https:\/\/secure.gravatar.com\/avatar\/1721b20b3b8ca882c3b56ec6c978c594fff670e40c0718e9190eaeeb76aae7d8?s=96&d=mm&r=g\",\"contentUrl\":\"https:\/\/secure.gravatar.com\/avatar\/1721b20b3b8ca882c3b56ec6c978c594fff670e40c0718e9190eaeeb76aae7d8?s=96&d=mm&r=g\",\"caption\":\"wpAdminCofbOrg\"},\"sameAs\":[\"http:\/\/192.168.64.122\/wordpress\"],\"url\":\"https:\/\/www.cofb.org\/ca\/author\/wpadmincofborg\/\"}]}<\/script>\n<!-- \/ Yoast SEO plugin. -->","yoast_head_json":{"title":"El Col\u00b7legi, implicat en La Marat\u00f3 2018 per recaptar fons per a la investigaci\u00f3 del c\u00e0ncer - Col\u00b7legi de Farmac\u00e8utics de Barcelona","robots":{"index":"index","follow":"follow","max-snippet":"max-snippet:-1","max-image-preview":"max-image-preview:large","max-video-preview":"max-video-preview:-1"},"canonical":"https:\/\/novaorg.cofb.net\/2018\/12\/14\/el-cofb-implicat-en-la-marato-2018-per-recaptar-fons-per-a-la-investigacio-del-cancer\/","og_locale":"ca_ES","og_type":"article","og_title":"El Col\u00b7legi, implicat en La Marat\u00f3 2018 per recaptar fons per a la investigaci\u00f3 del c\u00e0ncer - Col\u00b7legi de Farmac\u00e8utics de Barcelona","og_description":"El Col\u00b7legi de Farmac\u00e8utics de Barcelona\u00a0s\u2019ha implicat activament en La Marat\u00f3 2018 de TV3\u00a0-enguany centrada en el c\u00e0ncer&#8211; per recaptar fons en la investigaci\u00f3 d\u2019aquesta malaltia. En el marc d\u2019aquesta iniciativa, el Col\u00b7legi ha desenvolupat una bossa solid\u00e0ria i exclusiva que oferir\u00e0 a tots aquells col\u00b7legiats que vulguin realitzar una [&hellip;]","og_url":"https:\/\/novaorg.cofb.net\/2018\/12\/14\/el-cofb-implicat-en-la-marato-2018-per-recaptar-fons-per-a-la-investigacio-del-cancer\/","og_site_name":"Col\u00b7legi de Farmac\u00e8utics de Barcelona","article_publisher":"https:\/\/www.facebook.com\/farmaceuticsbcn\/","article_published_time":"2018-12-14T13:06:29+00:00","author":"wpAdminCofbOrg","twitter_card":"summary_large_image","twitter_creator":"@farmaceuticsbcn","twitter_site":"@farmaceuticsbcn","twitter_misc":{"Escrit per":"wpAdminCofbOrg","Temps estimat de lectura":"3 minuts"},"schema":{"@context":"https:\/\/schema.org","@graph":[{"@type":"Article","@id":"https:\/\/novaorg.cofb.net\/2018\/12\/14\/el-cofb-implicat-en-la-marato-2018-per-recaptar-fons-per-a-la-investigacio-del-cancer\/#article","isPartOf":{"@id":"https:\/\/novaorg.cofb.net\/2018\/12\/14\/el-cofb-implicat-en-la-marato-2018-per-recaptar-fons-per-a-la-investigacio-del-cancer\/"},"author":{"name":"wpAdminCofbOrg","@id":"https:\/\/www.cofb.org\/#\/schema\/person\/22ed7eea88da74b0fa4d3154ad87ffcb"},"headline":"El Col\u00b7legi, implicat en La Marat\u00f3 2018 per recaptar fons per a la investigaci\u00f3 del c\u00e0ncer","datePublished":"2018-12-14T13:06:29+00:00","dateModified":"2018-12-14T13:06:29+00:00","mainEntityOfPage":{"@id":"https:\/\/novaorg.cofb.net\/2018\/12\/14\/el-cofb-implicat-en-la-marato-2018-per-recaptar-fons-per-a-la-investigacio-del-cancer\/"},"wordCount":628,"commentCount":0,"publisher":{"@id":"https:\/\/www.cofb.org\/#organization"},"image":{"@id":"https:\/\/novaorg.cofb.net\/2018\/12\/14\/el-cofb-implicat-en-la-marato-2018-per-recaptar-fons-per-a-la-investigacio-del-cancer\/#primaryimage"},"thumbnailUrl":"","keywords":["Atenci\u00f3 Pell","Campanya prevenci\u00f3 c\u00e0ncer de pell","c\u00e0ncer","c\u00e0ncer colorrectal","Comissi\u00f3 de Comprom\u00eds Social","Detecci\u00f3 preco\u00e7 c\u00e0ncer","La Marat\u00f3","Programa de Detecci\u00f3 Preco\u00e7 del C\u00e0ncer de Colon","Programa de Detecci\u00f3 Preco\u00e7 del C\u00e0ncer de C\u00f2lon i Recte","TV3"],"articleSection":["M\u00f3n col\u00b7legial"],"inLanguage":"ca","potentialAction":[{"@type":"CommentAction","name":"Comment","target":["https:\/\/novaorg.cofb.net\/2018\/12\/14\/el-cofb-implicat-en-la-marato-2018-per-recaptar-fons-per-a-la-investigacio-del-cancer\/#respond"]}]},{"@type":"WebPage","@id":"https:\/\/novaorg.cofb.net\/2018\/12\/14\/el-cofb-implicat-en-la-marato-2018-per-recaptar-fons-per-a-la-investigacio-del-cancer\/","url":"https:\/\/novaorg.cofb.net\/2018\/12\/14\/el-cofb-implicat-en-la-marato-2018-per-recaptar-fons-per-a-la-investigacio-del-cancer\/","name":"El Col\u00b7legi, implicat en La Marat\u00f3 2018 per recaptar fons per a la investigaci\u00f3 del c\u00e0ncer - Col\u00b7legi de Farmac\u00e8utics de Barcelona","isPartOf":{"@id":"https:\/\/www.cofb.org\/#website"},"primaryImageOfPage":{"@id":"https:\/\/novaorg.cofb.net\/2018\/12\/14\/el-cofb-implicat-en-la-marato-2018-per-recaptar-fons-per-a-la-investigacio-del-cancer\/#primaryimage"},"image":{"@id":"https:\/\/novaorg.cofb.net\/2018\/12\/14\/el-cofb-implicat-en-la-marato-2018-per-recaptar-fons-per-a-la-investigacio-del-cancer\/#primaryimage"},"thumbnailUrl":"","datePublished":"2018-12-14T13:06:29+00:00","dateModified":"2018-12-14T13:06:29+00:00","breadcrumb":{"@id":"https:\/\/novaorg.cofb.net\/2018\/12\/14\/el-cofb-implicat-en-la-marato-2018-per-recaptar-fons-per-a-la-investigacio-del-cancer\/#breadcrumb"},"inLanguage":"ca","potentialAction":[{"@type":"ReadAction","target":["https:\/\/novaorg.cofb.net\/2018\/12\/14\/el-cofb-implicat-en-la-marato-2018-per-recaptar-fons-per-a-la-investigacio-del-cancer\/"]}]},{"@type":"ImageObject","inLanguage":"ca","@id":"https:\/\/novaorg.cofb.net\/2018\/12\/14\/el-cofb-implicat-en-la-marato-2018-per-recaptar-fons-per-a-la-investigacio-del-cancer\/#primaryimage","url":"","contentUrl":""},{"@type":"BreadcrumbList","@id":"https:\/\/novaorg.cofb.net\/2018\/12\/14\/el-cofb-implicat-en-la-marato-2018-per-recaptar-fons-per-a-la-investigacio-del-cancer\/#breadcrumb","itemListElement":[{"@type":"ListItem","position":1,"name":"Inici","item":"https:\/\/novaorg.cofb.net\/"},{"@type":"ListItem","position":2,"name":"El Col\u00b7legi, implicat en La Marat\u00f3 2018 per recaptar fons per a la investigaci\u00f3 del c\u00e0ncer"}]},{"@type":"WebSite","@id":"https:\/\/www.cofb.org\/#website","url":"https:\/\/www.cofb.org\/","name":"Col\u00b7legi de Farmac\u00e8utics de Barcelona","description":"","publisher":{"@id":"https:\/\/www.cofb.org\/#organization"},"potentialAction":[{"@type":"SearchAction","target":{"@type":"EntryPoint","urlTemplate":"https:\/\/www.cofb.org\/?s={search_term_string}"},"query-input":"required name=search_term_string"}],"inLanguage":"ca"},{"@type":"Organization","@id":"https:\/\/www.cofb.org\/#organization","name":"Col\u00b7legi de Farmac\u00e8utics de Barcelona","url":"https:\/\/www.cofb.org\/","logo":{"@type":"ImageObject","inLanguage":"ca","@id":"https:\/\/www.cofb.org\/#\/schema\/logo\/image\/","url":"https:\/\/www.cofb.org\/wp-content\/uploads\/2023\/11\/cropped-Logotip-COFB.png","contentUrl":"https:\/\/www.cofb.org\/wp-content\/uploads\/2023\/11\/cropped-Logotip-COFB.png","width":500,"height":105,"caption":"Col\u00b7legi de Farmac\u00e8utics de Barcelona"},"image":{"@id":"https:\/\/www.cofb.org\/#\/schema\/logo\/image\/"},"sameAs":["https:\/\/www.facebook.com\/farmaceuticsbcn\/","https:\/\/twitter.com\/farmaceuticsbcn","https:\/\/www.instagram.com\/farmaceuticsbcn\/","https:\/\/www.linkedin.com\/company\/farmaceuticsbcn\/"]},{"@type":"Person","@id":"https:\/\/www.cofb.org\/#\/schema\/person\/22ed7eea88da74b0fa4d3154ad87ffcb","name":"wpAdminCofbOrg","image":{"@type":"ImageObject","inLanguage":"ca","@id":"https:\/\/www.cofb.org\/#\/schema\/person\/image\/","url":"https:\/\/secure.gravatar.com\/avatar\/1721b20b3b8ca882c3b56ec6c978c594fff670e40c0718e9190eaeeb76aae7d8?s=96&d=mm&r=g","contentUrl":"https:\/\/secure.gravatar.com\/avatar\/1721b20b3b8ca882c3b56ec6c978c594fff670e40c0718e9190eaeeb76aae7d8?s=96&d=mm&r=g","caption":"wpAdminCofbOrg"},"sameAs":["http:\/\/192.168.64.122\/wordpress"],"url":"https:\/\/www.cofb.org\/ca\/author\/wpadmincofborg\/"}]}},"uagb_featured_image_src":{"full":false,"thumbnail":false,"medium":false,"medium_large":false,"large":false,"1536x1536":false,"2048x2048":false,"trp-custom-language-flag":false},"uagb_author_info":{"display_name":"wpAdminCofbOrg","author_link":"https:\/\/www.cofb.org\/ca\/author\/wpadmincofborg\/"},"uagb_comment_info":0,"uagb_excerpt":"El Col\u00b7legi de Farmac\u00e8utics de Barcelona\u00a0s\u2019ha implicat activament en La Marat\u00f3 2018 de TV3\u00a0-enguany centrada en el c\u00e0ncer&#8211; per recaptar fons en la investigaci\u00f3 d\u2019aquesta malaltia. En el marc d\u2019aquesta iniciativa, el Col\u00b7legi ha desenvolupat una bossa solid\u00e0ria i exclusiva que oferir\u00e0 a tots aquells col\u00b7legiats que vulguin realitzar una [&hellip;]","_links":{"self":[{"href":"https:\/\/www.cofb.org\/ca\/wp-json\/wp\/v2\/posts\/43061","targetHints":{"allow":["GET"]}}],"collection":[{"href":"https:\/\/www.cofb.org\/ca\/wp-json\/wp\/v2\/posts"}],"about":[{"href":"https:\/\/www.cofb.org\/ca\/wp-json\/wp\/v2\/types\/post"}],"author":[{"embeddable":true,"href":"https:\/\/www.cofb.org\/ca\/wp-json\/wp\/v2\/users\/1"}],"replies":[{"embeddable":true,"href":"https:\/\/www.cofb.org\/ca\/wp-json\/wp\/v2\/comments?post=43061"}],"version-history":[{"count":0,"href":"https:\/\/www.cofb.org\/ca\/wp-json\/wp\/v2\/posts\/43061\/revisions"}],"wp:featuredmedia":[{"embeddable":true,"href":"https:\/\/www.cofb.org\/ca\/wp-json\/"}],"wp:attachment":[{"href":"https:\/\/www.cofb.org\/ca\/wp-json\/wp\/v2\/media?parent=43061"}],"wp:term":[{"taxonomy":"category","embeddable":true,"href":"https:\/\/www.cofb.org\/ca\/wp-json\/wp\/v2\/categories?post=43061"},{"taxonomy":"post_tag","embeddable":true,"href":"https:\/\/www.cofb.org\/ca\/wp-json\/wp\/v2\/tags?post=43061"}],"curies":[{"name":"wp","href":"https:\/\/api.w.org\/{rel}","templated":true}]}}