{"id":42884,"date":"2018-12-11T18:21:36","date_gmt":"2018-12-11T16:21:36","guid":{"rendered":"https:\/\/blog.cofb.cat\/?p=42884"},"modified":"2018-12-11T18:21:36","modified_gmt":"2018-12-11T16:21:36","slug":"guia-dactuacio-farmaceutica-salut-bucodental-exemple-collaboracio-interprofessional","status":"publish","type":"post","link":"https:\/\/www.cofb.org\/ca\/2018\/12\/11\/guia-dactuacio-farmaceutica-salut-bucodental-exemple-collaboracio-interprofessional\/","title":{"rendered":"Guia d\u2019actuaci\u00f3 farmac\u00e8utica en salut bucodental: Un exemple de col\u00b7laboraci\u00f3 interprofessional"},"content":{"rendered":"<p>El passat 4 de desembre es va presentar al COFB la primera <strong><a href=\"https:\/\/blog.cofb.cat\/primera-guia-actuar-farmacia-davant-consultes-salut-bucodental\/\" target=\"_blank\" rel=\"noopener\">Guia d&#8217;actuaci\u00f3 farmac\u00e8utica en salut bucodental<\/a><\/strong>, editada pel Consell de Col\u00b7legis Farmac\u00e8utics de Catalunya i el Col\u00b7legi Oficial d\u2019Odont\u00f2legs i Estomat\u00f2legs de Catalunya, amb la col\u00b7laboraci\u00f3 i el suport del Departament de Salut. Amb la participaci\u00f3 en l&#8217;acte de <strong>Jordi de Dalmases,\u00a0president del Consell de Col\u00b7legis Farmac\u00e8utics de Catalunya(CCFC) i\u00a0del COF de Barcelona<\/strong>, i d&#8217;<strong>Antoni G\u00f3mez, president del Col\u00b7legi Oficial d&#8217;Odont\u00f2legs i Estomat\u00f2legs de Catalunya\u00a0(COEC)<\/strong>, es va realitzar la <strong>confer\u00e8ncia &#8220;Principis d&#8217;higiene oral&#8221;<\/strong> a c\u00e0rrec d&#8217;<strong>\u00c0ngels Garc\u00eda Pereiro, odont\u00f2loga i coautora de la Guia<\/strong>.<\/p>\n<figure id=\"attachment_42887\" aria-describedby=\"caption-attachment-42887\" style=\"width: 945px\" class=\"wp-caption aligncenter\"><a href=\"https:\/\/blog.cofb.cat\/wp-content\/uploads\/2018\/12\/cofb.181204-07.jpg\"><img fetchpriority=\"high\" decoding=\"async\" class=\"wp-image-42887 size-full\" title=\"Un moment de la presentaci\u00f3 de la primera Guia d'actuaci\u00f3 farmac\u00e8utica en salut bucodental celebrada al COFB.\" src=\"https:\/\/blog.cofb.cat\/wp-content\/uploads\/2018\/12\/cofb.181204-07.jpg\" alt=\"Un moment de la presentaci\u00f3 de la primera Guia d'actuaci\u00f3 farmac\u00e8utica en salut bucodental celebrada al COFB.\" width=\"945\" height=\"630\" \/><\/a><figcaption id=\"caption-attachment-42887\" class=\"wp-caption-text\">Un moment de la presentaci\u00f3 de la primera Guia d&#8217;actuaci\u00f3 farmac\u00e8utica en salut bucodental celebrada al COFB.<\/figcaption><\/figure>\n<h1><strong>Una guia sorgida de la col\u00b7laboraci\u00f3 entre professionals<\/strong><\/h1>\n<p>El president del CCFC, Jordi de Dalmases, va compartir la seva satisfacci\u00f3 per la realitzaci\u00f3 d&#8217;aquesta guia, destacant que una publicaci\u00f3 aix\u00ed fa que es pugui avan\u00e7ar en la relaci\u00f3 i <strong>el coneixement d&#8217;altres \u00e0mbits professionals sanitaris,<\/strong> ja que &#8220;<strong>ens far\u00e0 la nostra actuaci\u00f3 molt m\u00e9s f\u00e0cil<\/strong>&#8220;. Va manifestar que &#8220;<strong>una relaci\u00f3 <\/strong>com aquesta,<strong> entre odontostomat\u00f2legs i farmac\u00e8utics, amb el pacient al centre, nom\u00e9s pot fer que beneficiar-lo<\/strong>. I aquest \u00e9s el nord que ens hauria de guiar a tots&#8221;.<\/p>\n<figure id=\"attachment_42912\" aria-describedby=\"caption-attachment-42912\" style=\"width: 945px\" class=\"wp-caption aligncenter\"><a href=\"https:\/\/blog.cofb.cat\/wp-content\/uploads\/2018\/12\/cofb.181204-10.jpg\"><img decoding=\"async\" class=\"wp-image-42912 size-full\" title=\"Jordi de Dalmases,\u00a0president del Consell de Col\u00b7legis Farmac\u00e8utics de Catalunya(CCFC) i\u00a0del COF de Barcelona, i Antoni G\u00f3mez, president del Col\u00b7legi Oficial d'Odont\u00f2legs i Estomat\u00f2legs de Catalunya\u00a0(COEC).\" src=\"https:\/\/blog.cofb.cat\/wp-content\/uploads\/2018\/12\/cofb.181204-10.jpg\" alt=\"Jordi de Dalmases,\u00a0president del Consell de Col\u00b7legis Farmac\u00e8utics de Catalunya(CCFC) i\u00a0del COF de Barcelona, i Antoni G\u00f3mez, president del Col\u00b7legi Oficial d'Odont\u00f2legs i Estomat\u00f2legs de Catalunya\u00a0(COEC).\" width=\"945\" height=\"630\" \/><\/a><figcaption id=\"caption-attachment-42912\" class=\"wp-caption-text\">Jordi de Dalmases,\u00a0president del Consell de Col\u00b7legis Farmac\u00e8utics de Catalunya(CCFC) i\u00a0del COF de Barcelona, i Antoni G\u00f3mez, president del Col\u00b7legi Oficial d&#8217;Odont\u00f2legs i Estomat\u00f2legs de Catalunya\u00a0(COEC).<\/figcaption><\/figure>\n<p>Per la seva banda, el president del COEC, Antoni G\u00f3mez, va destacar que des del primer moment &#8220;la<strong> col\u00b7laboraci\u00f3 va ser m\u00e0xima amb la intenci\u00f3 de fer coses junts<\/strong>, i aix\u00f2 \u00e9s quelcom que no sempre \u00e9s f\u00e0cil trobar-ho&#8221;.\u00a0 Ha aprofitat per posar en valor &#8220;un treball de quasi dos anys&#8221; que ha donat com a fruit &#8220;<strong>una guia excel\u00b7lent i una gran eina<\/strong>&#8221; i que &#8220;<strong>ha servit per establir lligams entre els diferents Col\u00b7legis, buscant projectes comuns pel benefici del pacient<\/strong>&#8220;.<\/p>\n<h1><strong>Principis d&#8217;higiene oral<\/strong><\/h1>\n<p>Abans d&#8217;iniciar la seva<strong> confer\u00e8ncia &#8220;Principis d&#8217;higiene oral&#8221;,\u00a0 <\/strong>\u00c0ngels Garc\u00eda Pereiro, odont\u00f2loga i coautora de la Guia<strong>, <\/strong>va voler recordar que &#8220;<strong>el<\/strong> <strong>farmac\u00e8utic comunitari \u00e9s un dels principals actius de salut<\/strong>&#8221; i que, en relaci\u00f3 a aquesta publicaci\u00f3, &#8220;aquests tipus d<strong>&#8216;iniciatives de col\u00b7laboraci\u00f3 interprofessional s\u00f3n unes eines molt potents per millorar la salut de la nostra poblaci\u00f3<\/strong>&#8221; i per aconseguir &#8220;que <strong>des de tots els actors de salut arribin missatges que no entrin en conflicte<\/strong>&#8220;.<\/p>\n<figure id=\"attachment_42888\" aria-describedby=\"caption-attachment-42888\" style=\"width: 945px\" class=\"wp-caption aligncenter\"><a href=\"https:\/\/blog.cofb.cat\/wp-content\/uploads\/2018\/12\/cofb.181204-15.jpg\"><img decoding=\"async\" class=\"wp-image-42888 size-full\" title=\"L'odont\u00f2loga Angels Garc\u00eda Pereiro durant la seva confer\u00e8ncia &quot;Principis d'higiene oral&quot;.\" src=\"https:\/\/blog.cofb.cat\/wp-content\/uploads\/2018\/12\/cofb.181204-15.jpg\" alt=\"L'odont\u00f2loga Angels Garc\u00eda Pereiro durant la seva confer\u00e8ncia &quot;Principis d'higiene oral&quot;.\" width=\"945\" height=\"630\" \/><\/a><figcaption id=\"caption-attachment-42888\" class=\"wp-caption-text\">L&#8217;odont\u00f2loga Angels Garc\u00eda Pereiro durant la seva confer\u00e8ncia &#8220;Principis d&#8217;higiene oral&#8221;.<\/figcaption><\/figure>\n<p>Ja entrant en l&#8217;\u00e0mbit de la seva confer\u00e8ncia, Garc\u00eda Pereiro va abordar <strong>quin \u00e9s el paper del biofilm de la placa dental<\/strong> i quins s\u00f3n els <strong>mecanismes dels quals disposem per poder fer-ne un bon control<\/strong> i mantenir-lo en uns <strong>nivells que siguin compatibles amb una correcta salut oral<\/strong>.<\/p>\n<p><strong>Altres publicacions relacionades:<\/strong><\/p>\n<ul>\n<li><a href=\"https:\/\/blog.cofb.cat\/primera-guia-actuar-farmacia-davant-consultes-salut-bucodental\/\" target=\"_blank\" rel=\"noopener\">Primera guia per actuar des de la farm\u00e0cia davant consultes de salut bucodental (Mar\u00e7 2018)<\/a><\/li>\n<\/ul>\n","protected":false},"excerpt":{"rendered":"<p>El passat 4 de desembre es va presentar al COFB la primera Guia d&#8217;actuaci\u00f3 farmac\u00e8utica en salut bucodental, editada pel Consell de Col\u00b7legis Farmac\u00e8utics de Catalunya i el Col\u00b7legi Oficial d\u2019Odont\u00f2legs i Estomat\u00f2legs de Catalunya, amb la col\u00b7laboraci\u00f3 i el suport del Departament de Salut. Amb la participaci\u00f3 en l&#8217;acte [&hellip;]<\/p>\n","protected":false},"author":1,"featured_media":42887,"comment_status":"open","ping_status":"open","sticky":false,"template":"","format":"standard","meta":{"_uag_custom_page_level_css":"","site-sidebar-layout":"default","site-content-layout":"","ast-site-content-layout":"default","site-content-style":"default","site-sidebar-style":"default","ast-global-header-display":"","ast-banner-title-visibility":"","ast-main-header-display":"","ast-hfb-above-header-display":"","ast-hfb-below-header-display":"","ast-hfb-mobile-header-display":"","site-post-title":"","ast-breadcrumbs-content":"","ast-featured-img":"disabled","footer-sml-layout":"","theme-transparent-header-meta":"","adv-header-id-meta":"","stick-header-meta":"","header-above-stick-meta":"","header-main-stick-meta":"","header-below-stick-meta":"","astra-migrate-meta-layouts":"default","ast-page-background-enabled":"default","ast-page-background-meta":{"desktop":{"background-color":"var(--ast-global-color-4)","background-image":"","background-repeat":"repeat","background-position":"center center","background-size":"auto","background-attachment":"scroll","background-type":"","background-media":"","overlay-type":"","overlay-color":"","overlay-opacity":"","overlay-gradient":""},"tablet":{"background-color":"","background-image":"","background-repeat":"repeat","background-position":"center center","background-size":"auto","background-attachment":"scroll","background-type":"","background-media":"","overlay-type":"","overlay-color":"","overlay-opacity":"","overlay-gradient":""},"mobile":{"background-color":"","background-image":"","background-repeat":"repeat","background-position":"center center","background-size":"auto","background-attachment":"scroll","background-type":"","background-media":"","overlay-type":"","overlay-color":"","overlay-opacity":"","overlay-gradient":""}},"ast-content-background-meta":{"desktop":{"background-color":"var(--ast-global-color-5)","background-image":"","background-repeat":"repeat","background-position":"center center","background-size":"auto","background-attachment":"scroll","background-type":"","background-media":"","overlay-type":"","overlay-color":"","overlay-opacity":"","overlay-gradient":""},"tablet":{"background-color":"var(--ast-global-color-5)","background-image":"","background-repeat":"repeat","background-position":"center center","background-size":"auto","background-attachment":"scroll","background-type":"","background-media":"","overlay-type":"","overlay-color":"","overlay-opacity":"","overlay-gradient":""},"mobile":{"background-color":"var(--ast-global-color-5)","background-image":"","background-repeat":"repeat","background-position":"center center","background-size":"auto","background-attachment":"scroll","background-type":"","background-media":"","overlay-type":"","overlay-color":"","overlay-opacity":"","overlay-gradient":""}},"footnotes":""},"categories":[32],"tags":[18,3010,19,163,311,53,25,3011,3357,3013],"class_list":["post-42884","post","type-post","status-publish","format-standard","has-post-thumbnail","hentry","category-noticies-farmacia","tag-cofb","tag-collegi-dodontolegs-i-estomatolegs-de-catalunya","tag-collegi-de-farmaceutics-de-barcelona","tag-consell-de-collegis-farmaceutics-de-catalunya","tag-departament-de-salut","tag-farmaceutics","tag-farmacies","tag-guia-de-salut-bucodental","tag-odontostomatolegs","tag-salut-bucodental"],"yoast_head":"<!-- This site is optimized with the Yoast SEO plugin v22.4 - https:\/\/yoast.com\/wordpress\/plugins\/seo\/ -->\n<title>Guia d\u2019actuaci\u00f3 farmac\u00e8utica en salut bucodental: Un exemple de col\u00b7laboraci\u00f3 interprofessional - Col\u00b7legi de Farmac\u00e8utics de Barcelona<\/title>\n<meta name=\"description\" content=\"El passat 4 de desembre es va presentar al COFB la primera Guia d&#039;actuaci\u00f3 farmac\u00e8utica en salut bucodental, editada pel Consell de Col\u00b7legis Farmac\u00e8utics de Catalunya i el Col\u00b7legi Oficial d\u2019Odont\u00f2legs i Estomat\u00f2legs de Catalunya, amb el suport del Departament de Salut.\" \/>\n<meta name=\"robots\" content=\"index, follow, max-snippet:-1, max-image-preview:large, max-video-preview:-1\" \/>\n<link rel=\"canonical\" href=\"https:\/\/novaorg.cofb.net\/2018\/12\/11\/guia-dactuacio-farmaceutica-salut-bucodental-exemple-collaboracio-interprofessional\/\" \/>\n<meta property=\"og:locale\" content=\"ca_ES\" \/>\n<meta property=\"og:type\" content=\"article\" \/>\n<meta property=\"og:title\" content=\"Guia d\u2019actuaci\u00f3 farmac\u00e8utica en salut bucodental: Un exemple de col\u00b7laboraci\u00f3 interprofessional - Col\u00b7legi de Farmac\u00e8utics de Barcelona\" \/>\n<meta property=\"og:description\" content=\"El passat 4 de desembre es va presentar al COFB la primera Guia d&#039;actuaci\u00f3 farmac\u00e8utica en salut bucodental, editada pel Consell de Col\u00b7legis Farmac\u00e8utics de Catalunya i el Col\u00b7legi Oficial d\u2019Odont\u00f2legs i Estomat\u00f2legs de Catalunya, amb el suport del Departament de Salut.\" \/>\n<meta property=\"og:url\" content=\"https:\/\/novaorg.cofb.net\/2018\/12\/11\/guia-dactuacio-farmaceutica-salut-bucodental-exemple-collaboracio-interprofessional\/\" \/>\n<meta property=\"og:site_name\" content=\"Col\u00b7legi de Farmac\u00e8utics de Barcelona\" \/>\n<meta property=\"article:publisher\" content=\"https:\/\/www.facebook.com\/farmaceuticsbcn\/\" \/>\n<meta property=\"article:published_time\" content=\"2018-12-11T16:21:36+00:00\" \/>\n<meta name=\"author\" content=\"wpAdminCofbOrg\" \/>\n<meta name=\"twitter:card\" content=\"summary_large_image\" \/>\n<meta name=\"twitter:creator\" content=\"@farmaceuticsbcn\" \/>\n<meta name=\"twitter:site\" content=\"@farmaceuticsbcn\" \/>\n<meta name=\"twitter:label1\" content=\"Escrit per\" \/>\n\t<meta name=\"twitter:data1\" content=\"wpAdminCofbOrg\" \/>\n\t<meta name=\"twitter:label2\" content=\"Temps estimat de lectura\" \/>\n\t<meta name=\"twitter:data2\" content=\"3 minuts\" \/>\n<script type=\"application\/ld+json\" class=\"yoast-schema-graph\">{\"@context\":\"https:\/\/schema.org\",\"@graph\":[{\"@type\":\"Article\",\"@id\":\"https:\/\/novaorg.cofb.net\/2018\/12\/11\/guia-dactuacio-farmaceutica-salut-bucodental-exemple-collaboracio-interprofessional\/#article\",\"isPartOf\":{\"@id\":\"https:\/\/novaorg.cofb.net\/2018\/12\/11\/guia-dactuacio-farmaceutica-salut-bucodental-exemple-collaboracio-interprofessional\/\"},\"author\":{\"name\":\"wpAdminCofbOrg\",\"@id\":\"https:\/\/www.cofb.org\/#\/schema\/person\/22ed7eea88da74b0fa4d3154ad87ffcb\"},\"headline\":\"Guia d\u2019actuaci\u00f3 farmac\u00e8utica en salut bucodental: Un exemple de col\u00b7laboraci\u00f3 interprofessional\",\"datePublished\":\"2018-12-11T16:21:36+00:00\",\"dateModified\":\"2018-12-11T16:21:36+00:00\",\"mainEntityOfPage\":{\"@id\":\"https:\/\/novaorg.cofb.net\/2018\/12\/11\/guia-dactuacio-farmaceutica-salut-bucodental-exemple-collaboracio-interprofessional\/\"},\"wordCount\":574,\"commentCount\":0,\"publisher\":{\"@id\":\"https:\/\/www.cofb.org\/#organization\"},\"image\":{\"@id\":\"https:\/\/novaorg.cofb.net\/2018\/12\/11\/guia-dactuacio-farmaceutica-salut-bucodental-exemple-collaboracio-interprofessional\/#primaryimage\"},\"thumbnailUrl\":\"\",\"keywords\":[\"COFB\",\"Col\u00b7legi d'Odont\u00f2legs i Estomat\u00f2legs de Catalunya\",\"Col\u00b7legi de Farmac\u00e8utics de Barcelona\",\"Consell de Col\u00b7legis Farmac\u00e8utics de Catalunya\",\"Departament de Salut\",\"farmac\u00e8utics\",\"farm\u00e0cies\",\"Guia de Salut Bucodental\",\"odontostomat\u00f2legs\",\"Salut Bucodental\"],\"articleSection\":[\"Not\u00edcies farm\u00e0cia\"],\"inLanguage\":\"ca\",\"potentialAction\":[{\"@type\":\"CommentAction\",\"name\":\"Comment\",\"target\":[\"https:\/\/novaorg.cofb.net\/2018\/12\/11\/guia-dactuacio-farmaceutica-salut-bucodental-exemple-collaboracio-interprofessional\/#respond\"]}]},{\"@type\":\"WebPage\",\"@id\":\"https:\/\/novaorg.cofb.net\/2018\/12\/11\/guia-dactuacio-farmaceutica-salut-bucodental-exemple-collaboracio-interprofessional\/\",\"url\":\"https:\/\/novaorg.cofb.net\/2018\/12\/11\/guia-dactuacio-farmaceutica-salut-bucodental-exemple-collaboracio-interprofessional\/\",\"name\":\"Guia d\u2019actuaci\u00f3 farmac\u00e8utica en salut bucodental: Un exemple de col\u00b7laboraci\u00f3 interprofessional - Col\u00b7legi de Farmac\u00e8utics de Barcelona\",\"isPartOf\":{\"@id\":\"https:\/\/www.cofb.org\/#website\"},\"primaryImageOfPage\":{\"@id\":\"https:\/\/novaorg.cofb.net\/2018\/12\/11\/guia-dactuacio-farmaceutica-salut-bucodental-exemple-collaboracio-interprofessional\/#primaryimage\"},\"image\":{\"@id\":\"https:\/\/novaorg.cofb.net\/2018\/12\/11\/guia-dactuacio-farmaceutica-salut-bucodental-exemple-collaboracio-interprofessional\/#primaryimage\"},\"thumbnailUrl\":\"\",\"datePublished\":\"2018-12-11T16:21:36+00:00\",\"dateModified\":\"2018-12-11T16:21:36+00:00\",\"description\":\"El passat 4 de desembre es va presentar al COFB la primera Guia d'actuaci\u00f3 farmac\u00e8utica en salut bucodental, editada pel Consell de Col\u00b7legis Farmac\u00e8utics de Catalunya i el Col\u00b7legi Oficial d\u2019Odont\u00f2legs i Estomat\u00f2legs de Catalunya, amb el suport del Departament de Salut.\",\"breadcrumb\":{\"@id\":\"https:\/\/novaorg.cofb.net\/2018\/12\/11\/guia-dactuacio-farmaceutica-salut-bucodental-exemple-collaboracio-interprofessional\/#breadcrumb\"},\"inLanguage\":\"ca\",\"potentialAction\":[{\"@type\":\"ReadAction\",\"target\":[\"https:\/\/novaorg.cofb.net\/2018\/12\/11\/guia-dactuacio-farmaceutica-salut-bucodental-exemple-collaboracio-interprofessional\/\"]}]},{\"@type\":\"ImageObject\",\"inLanguage\":\"ca\",\"@id\":\"https:\/\/novaorg.cofb.net\/2018\/12\/11\/guia-dactuacio-farmaceutica-salut-bucodental-exemple-collaboracio-interprofessional\/#primaryimage\",\"url\":\"\",\"contentUrl\":\"\"},{\"@type\":\"BreadcrumbList\",\"@id\":\"https:\/\/novaorg.cofb.net\/2018\/12\/11\/guia-dactuacio-farmaceutica-salut-bucodental-exemple-collaboracio-interprofessional\/#breadcrumb\",\"itemListElement\":[{\"@type\":\"ListItem\",\"position\":1,\"name\":\"Inici\",\"item\":\"https:\/\/novaorg.cofb.net\/\"},{\"@type\":\"ListItem\",\"position\":2,\"name\":\"Guia d\u2019actuaci\u00f3 farmac\u00e8utica en salut bucodental: Un exemple de col\u00b7laboraci\u00f3 interprofessional\"}]},{\"@type\":\"WebSite\",\"@id\":\"https:\/\/www.cofb.org\/#website\",\"url\":\"https:\/\/www.cofb.org\/\",\"name\":\"Col\u00b7legi de Farmac\u00e8utics de Barcelona\",\"description\":\"\",\"publisher\":{\"@id\":\"https:\/\/www.cofb.org\/#organization\"},\"potentialAction\":[{\"@type\":\"SearchAction\",\"target\":{\"@type\":\"EntryPoint\",\"urlTemplate\":\"https:\/\/www.cofb.org\/?s={search_term_string}\"},\"query-input\":\"required name=search_term_string\"}],\"inLanguage\":\"ca\"},{\"@type\":\"Organization\",\"@id\":\"https:\/\/www.cofb.org\/#organization\",\"name\":\"Col\u00b7legi de Farmac\u00e8utics de Barcelona\",\"url\":\"https:\/\/www.cofb.org\/\",\"logo\":{\"@type\":\"ImageObject\",\"inLanguage\":\"ca\",\"@id\":\"https:\/\/www.cofb.org\/#\/schema\/logo\/image\/\",\"url\":\"https:\/\/www.cofb.org\/wp-content\/uploads\/2023\/11\/cropped-Logotip-COFB.png\",\"contentUrl\":\"https:\/\/www.cofb.org\/wp-content\/uploads\/2023\/11\/cropped-Logotip-COFB.png\",\"width\":500,\"height\":105,\"caption\":\"Col\u00b7legi de Farmac\u00e8utics de Barcelona\"},\"image\":{\"@id\":\"https:\/\/www.cofb.org\/#\/schema\/logo\/image\/\"},\"sameAs\":[\"https:\/\/www.facebook.com\/farmaceuticsbcn\/\",\"https:\/\/twitter.com\/farmaceuticsbcn\",\"https:\/\/www.instagram.com\/farmaceuticsbcn\/\",\"https:\/\/www.linkedin.com\/company\/farmaceuticsbcn\/\"]},{\"@type\":\"Person\",\"@id\":\"https:\/\/www.cofb.org\/#\/schema\/person\/22ed7eea88da74b0fa4d3154ad87ffcb\",\"name\":\"wpAdminCofbOrg\",\"image\":{\"@type\":\"ImageObject\",\"inLanguage\":\"ca\",\"@id\":\"https:\/\/www.cofb.org\/#\/schema\/person\/image\/\",\"url\":\"https:\/\/secure.gravatar.com\/avatar\/1721b20b3b8ca882c3b56ec6c978c594fff670e40c0718e9190eaeeb76aae7d8?s=96&d=mm&r=g\",\"contentUrl\":\"https:\/\/secure.gravatar.com\/avatar\/1721b20b3b8ca882c3b56ec6c978c594fff670e40c0718e9190eaeeb76aae7d8?s=96&d=mm&r=g\",\"caption\":\"wpAdminCofbOrg\"},\"sameAs\":[\"http:\/\/192.168.64.122\/wordpress\"],\"url\":\"https:\/\/www.cofb.org\/ca\/author\/wpadmincofborg\/\"}]}<\/script>\n<!-- \/ Yoast SEO plugin. -->","yoast_head_json":{"title":"Guia d\u2019actuaci\u00f3 farmac\u00e8utica en salut bucodental: Un exemple de col\u00b7laboraci\u00f3 interprofessional - Col\u00b7legi de Farmac\u00e8utics de Barcelona","description":"El passat 4 de desembre es va presentar al COFB la primera Guia d'actuaci\u00f3 farmac\u00e8utica en salut bucodental, editada pel Consell de Col\u00b7legis Farmac\u00e8utics de Catalunya i el Col\u00b7legi Oficial d\u2019Odont\u00f2legs i Estomat\u00f2legs de Catalunya, amb el suport del Departament de Salut.","robots":{"index":"index","follow":"follow","max-snippet":"max-snippet:-1","max-image-preview":"max-image-preview:large","max-video-preview":"max-video-preview:-1"},"canonical":"https:\/\/novaorg.cofb.net\/2018\/12\/11\/guia-dactuacio-farmaceutica-salut-bucodental-exemple-collaboracio-interprofessional\/","og_locale":"ca_ES","og_type":"article","og_title":"Guia d\u2019actuaci\u00f3 farmac\u00e8utica en salut bucodental: Un exemple de col\u00b7laboraci\u00f3 interprofessional - Col\u00b7legi de Farmac\u00e8utics de Barcelona","og_description":"El passat 4 de desembre es va presentar al COFB la primera Guia d'actuaci\u00f3 farmac\u00e8utica en salut bucodental, editada pel Consell de Col\u00b7legis Farmac\u00e8utics de Catalunya i el Col\u00b7legi Oficial d\u2019Odont\u00f2legs i Estomat\u00f2legs de Catalunya, amb el suport del Departament de Salut.","og_url":"https:\/\/novaorg.cofb.net\/2018\/12\/11\/guia-dactuacio-farmaceutica-salut-bucodental-exemple-collaboracio-interprofessional\/","og_site_name":"Col\u00b7legi de Farmac\u00e8utics de Barcelona","article_publisher":"https:\/\/www.facebook.com\/farmaceuticsbcn\/","article_published_time":"2018-12-11T16:21:36+00:00","author":"wpAdminCofbOrg","twitter_card":"summary_large_image","twitter_creator":"@farmaceuticsbcn","twitter_site":"@farmaceuticsbcn","twitter_misc":{"Escrit per":"wpAdminCofbOrg","Temps estimat de lectura":"3 minuts"},"schema":{"@context":"https:\/\/schema.org","@graph":[{"@type":"Article","@id":"https:\/\/novaorg.cofb.net\/2018\/12\/11\/guia-dactuacio-farmaceutica-salut-bucodental-exemple-collaboracio-interprofessional\/#article","isPartOf":{"@id":"https:\/\/novaorg.cofb.net\/2018\/12\/11\/guia-dactuacio-farmaceutica-salut-bucodental-exemple-collaboracio-interprofessional\/"},"author":{"name":"wpAdminCofbOrg","@id":"https:\/\/www.cofb.org\/#\/schema\/person\/22ed7eea88da74b0fa4d3154ad87ffcb"},"headline":"Guia d\u2019actuaci\u00f3 farmac\u00e8utica en salut bucodental: Un exemple de col\u00b7laboraci\u00f3 interprofessional","datePublished":"2018-12-11T16:21:36+00:00","dateModified":"2018-12-11T16:21:36+00:00","mainEntityOfPage":{"@id":"https:\/\/novaorg.cofb.net\/2018\/12\/11\/guia-dactuacio-farmaceutica-salut-bucodental-exemple-collaboracio-interprofessional\/"},"wordCount":574,"commentCount":0,"publisher":{"@id":"https:\/\/www.cofb.org\/#organization"},"image":{"@id":"https:\/\/novaorg.cofb.net\/2018\/12\/11\/guia-dactuacio-farmaceutica-salut-bucodental-exemple-collaboracio-interprofessional\/#primaryimage"},"thumbnailUrl":"","keywords":["COFB","Col\u00b7legi d'Odont\u00f2legs i Estomat\u00f2legs de Catalunya","Col\u00b7legi de Farmac\u00e8utics de Barcelona","Consell de Col\u00b7legis Farmac\u00e8utics de Catalunya","Departament de Salut","farmac\u00e8utics","farm\u00e0cies","Guia de Salut Bucodental","odontostomat\u00f2legs","Salut Bucodental"],"articleSection":["Not\u00edcies farm\u00e0cia"],"inLanguage":"ca","potentialAction":[{"@type":"CommentAction","name":"Comment","target":["https:\/\/novaorg.cofb.net\/2018\/12\/11\/guia-dactuacio-farmaceutica-salut-bucodental-exemple-collaboracio-interprofessional\/#respond"]}]},{"@type":"WebPage","@id":"https:\/\/novaorg.cofb.net\/2018\/12\/11\/guia-dactuacio-farmaceutica-salut-bucodental-exemple-collaboracio-interprofessional\/","url":"https:\/\/novaorg.cofb.net\/2018\/12\/11\/guia-dactuacio-farmaceutica-salut-bucodental-exemple-collaboracio-interprofessional\/","name":"Guia d\u2019actuaci\u00f3 farmac\u00e8utica en salut bucodental: Un exemple de col\u00b7laboraci\u00f3 interprofessional - Col\u00b7legi de Farmac\u00e8utics de Barcelona","isPartOf":{"@id":"https:\/\/www.cofb.org\/#website"},"primaryImageOfPage":{"@id":"https:\/\/novaorg.cofb.net\/2018\/12\/11\/guia-dactuacio-farmaceutica-salut-bucodental-exemple-collaboracio-interprofessional\/#primaryimage"},"image":{"@id":"https:\/\/novaorg.cofb.net\/2018\/12\/11\/guia-dactuacio-farmaceutica-salut-bucodental-exemple-collaboracio-interprofessional\/#primaryimage"},"thumbnailUrl":"","datePublished":"2018-12-11T16:21:36+00:00","dateModified":"2018-12-11T16:21:36+00:00","description":"El passat 4 de desembre es va presentar al COFB la primera Guia d'actuaci\u00f3 farmac\u00e8utica en salut bucodental, editada pel Consell de Col\u00b7legis Farmac\u00e8utics de Catalunya i el Col\u00b7legi Oficial d\u2019Odont\u00f2legs i Estomat\u00f2legs de Catalunya, amb el suport del Departament de Salut.","breadcrumb":{"@id":"https:\/\/novaorg.cofb.net\/2018\/12\/11\/guia-dactuacio-farmaceutica-salut-bucodental-exemple-collaboracio-interprofessional\/#breadcrumb"},"inLanguage":"ca","potentialAction":[{"@type":"ReadAction","target":["https:\/\/novaorg.cofb.net\/2018\/12\/11\/guia-dactuacio-farmaceutica-salut-bucodental-exemple-collaboracio-interprofessional\/"]}]},{"@type":"ImageObject","inLanguage":"ca","@id":"https:\/\/novaorg.cofb.net\/2018\/12\/11\/guia-dactuacio-farmaceutica-salut-bucodental-exemple-collaboracio-interprofessional\/#primaryimage","url":"","contentUrl":""},{"@type":"BreadcrumbList","@id":"https:\/\/novaorg.cofb.net\/2018\/12\/11\/guia-dactuacio-farmaceutica-salut-bucodental-exemple-collaboracio-interprofessional\/#breadcrumb","itemListElement":[{"@type":"ListItem","position":1,"name":"Inici","item":"https:\/\/novaorg.cofb.net\/"},{"@type":"ListItem","position":2,"name":"Guia d\u2019actuaci\u00f3 farmac\u00e8utica en salut bucodental: Un exemple de col\u00b7laboraci\u00f3 interprofessional"}]},{"@type":"WebSite","@id":"https:\/\/www.cofb.org\/#website","url":"https:\/\/www.cofb.org\/","name":"Col\u00b7legi de Farmac\u00e8utics de Barcelona","description":"","publisher":{"@id":"https:\/\/www.cofb.org\/#organization"},"potentialAction":[{"@type":"SearchAction","target":{"@type":"EntryPoint","urlTemplate":"https:\/\/www.cofb.org\/?s={search_term_string}"},"query-input":"required name=search_term_string"}],"inLanguage":"ca"},{"@type":"Organization","@id":"https:\/\/www.cofb.org\/#organization","name":"Col\u00b7legi de Farmac\u00e8utics de Barcelona","url":"https:\/\/www.cofb.org\/","logo":{"@type":"ImageObject","inLanguage":"ca","@id":"https:\/\/www.cofb.org\/#\/schema\/logo\/image\/","url":"https:\/\/www.cofb.org\/wp-content\/uploads\/2023\/11\/cropped-Logotip-COFB.png","contentUrl":"https:\/\/www.cofb.org\/wp-content\/uploads\/2023\/11\/cropped-Logotip-COFB.png","width":500,"height":105,"caption":"Col\u00b7legi de Farmac\u00e8utics de Barcelona"},"image":{"@id":"https:\/\/www.cofb.org\/#\/schema\/logo\/image\/"},"sameAs":["https:\/\/www.facebook.com\/farmaceuticsbcn\/","https:\/\/twitter.com\/farmaceuticsbcn","https:\/\/www.instagram.com\/farmaceuticsbcn\/","https:\/\/www.linkedin.com\/company\/farmaceuticsbcn\/"]},{"@type":"Person","@id":"https:\/\/www.cofb.org\/#\/schema\/person\/22ed7eea88da74b0fa4d3154ad87ffcb","name":"wpAdminCofbOrg","image":{"@type":"ImageObject","inLanguage":"ca","@id":"https:\/\/www.cofb.org\/#\/schema\/person\/image\/","url":"https:\/\/secure.gravatar.com\/avatar\/1721b20b3b8ca882c3b56ec6c978c594fff670e40c0718e9190eaeeb76aae7d8?s=96&d=mm&r=g","contentUrl":"https:\/\/secure.gravatar.com\/avatar\/1721b20b3b8ca882c3b56ec6c978c594fff670e40c0718e9190eaeeb76aae7d8?s=96&d=mm&r=g","caption":"wpAdminCofbOrg"},"sameAs":["http:\/\/192.168.64.122\/wordpress"],"url":"https:\/\/www.cofb.org\/ca\/author\/wpadmincofborg\/"}]}},"uagb_featured_image_src":{"full":false,"thumbnail":false,"medium":false,"medium_large":false,"large":false,"1536x1536":false,"2048x2048":false,"trp-custom-language-flag":false},"uagb_author_info":{"display_name":"wpAdminCofbOrg","author_link":"https:\/\/www.cofb.org\/ca\/author\/wpadmincofborg\/"},"uagb_comment_info":0,"uagb_excerpt":"El passat 4 de desembre es va presentar al COFB la primera Guia d&#8217;actuaci\u00f3 farmac\u00e8utica en salut bucodental, editada pel Consell de Col\u00b7legis Farmac\u00e8utics de Catalunya i el Col\u00b7legi Oficial d\u2019Odont\u00f2legs i Estomat\u00f2legs de Catalunya, amb la col\u00b7laboraci\u00f3 i el suport del Departament de Salut. Amb la participaci\u00f3 en l&#8217;acte [&hellip;]","_links":{"self":[{"href":"https:\/\/www.cofb.org\/ca\/wp-json\/wp\/v2\/posts\/42884","targetHints":{"allow":["GET"]}}],"collection":[{"href":"https:\/\/www.cofb.org\/ca\/wp-json\/wp\/v2\/posts"}],"about":[{"href":"https:\/\/www.cofb.org\/ca\/wp-json\/wp\/v2\/types\/post"}],"author":[{"embeddable":true,"href":"https:\/\/www.cofb.org\/ca\/wp-json\/wp\/v2\/users\/1"}],"replies":[{"embeddable":true,"href":"https:\/\/www.cofb.org\/ca\/wp-json\/wp\/v2\/comments?post=42884"}],"version-history":[{"count":0,"href":"https:\/\/www.cofb.org\/ca\/wp-json\/wp\/v2\/posts\/42884\/revisions"}],"wp:featuredmedia":[{"embeddable":true,"href":"https:\/\/www.cofb.org\/ca\/wp-json\/"}],"wp:attachment":[{"href":"https:\/\/www.cofb.org\/ca\/wp-json\/wp\/v2\/media?parent=42884"}],"wp:term":[{"taxonomy":"category","embeddable":true,"href":"https:\/\/www.cofb.org\/ca\/wp-json\/wp\/v2\/categories?post=42884"},{"taxonomy":"post_tag","embeddable":true,"href":"https:\/\/www.cofb.org\/ca\/wp-json\/wp\/v2\/tags?post=42884"}],"curies":[{"name":"wp","href":"https:\/\/api.w.org\/{rel}","templated":true}]}}