{"id":42837,"date":"2018-12-04T19:33:45","date_gmt":"2018-12-04T17:33:45","guid":{"rendered":"https:\/\/blog.cofb.cat\/?p=42837"},"modified":"2018-12-04T19:33:45","modified_gmt":"2018-12-04T17:33:45","slug":"ja-tenim-guanyadors-de-la-iii-edicio-del-concurs-de-fotografia-del-cofb","status":"publish","type":"post","link":"https:\/\/www.cofb.org\/ca\/2018\/12\/04\/ja-tenim-guanyadors-de-la-iii-edicio-del-concurs-de-fotografia-del-cofb\/","title":{"rendered":"Ja tenim guanyadors de la III edici\u00f3 del Concurs de Fotografia del COFB"},"content":{"rendered":"<p>La<strong> III edici\u00f3 del\u00a0Concurs de Fotografia<\/strong> <strong>del COFB,\u00a0<\/strong>organitzat per la\u00a0<strong>Secci\u00f3 de Fotografia del Col\u00b7legi de Farmac\u00e8utics de Barcelona<\/strong>\u00a0(FotoCofb), ja t\u00e9 guanyadors.<\/p>\n<p>Els premiats d\u2019aquest tercer concurs, en el qual\u00a0la\u00a0<b>tem\u00e0tica\u00a0<\/b>proposada per les fotografies<b>\u00a0era l\u2019aigua,<\/b> han estat, en la categoria de fotografia realitzada amb <strong>c\u00e0mera<\/strong>, la col\u00b7legiada <strong>Marina Arimany<\/strong>\u00a0amb &#8220;<strong>Tempestat de Llevant<\/strong>&#8220;, i en la categoria de fotografia realitzada amb <strong>m\u00f2bil<\/strong>, la col\u00b7legiada <strong>Helena Burguet<\/strong> amb &#8220;<strong>Cresta d&#8217;aigua<\/strong>&#8220;.<\/p>\n<figure id=\"attachment_42846\" aria-describedby=\"caption-attachment-42846\" style=\"width: 794px\" class=\"wp-caption aligncenter\"><a href=\"https:\/\/blog.cofb.cat\/wp-content\/uploads\/2018\/12\/Temporal-de-llevant_Concurs-Fotografia.jpg\"><img fetchpriority=\"high\" decoding=\"async\" class=\"wp-image-42846 size-full\" title=\"Tempestat de Llevant, de Marina Arimany. Guanyadora del III Concurs de Fotografia del COFB (C\u00e0mera)\" src=\"https:\/\/blog.cofb.cat\/wp-content\/uploads\/2018\/12\/Temporal-de-llevant_Concurs-Fotografia.jpg\" alt=\"Tempestat de Llevant, de Marina Arimany. Guanyadora del III Concurs de Fotografia del COFB (C\u00e0mera)\" width=\"794\" height=\"528\" \/><\/a><figcaption id=\"caption-attachment-42846\" class=\"wp-caption-text\">Tempestat de Llevant, de Marina Arimany. Guanyadora del III Concurs de Fotografia del COFB (C\u00e0mera)<\/figcaption><\/figure>\n<figure id=\"attachment_42848\" aria-describedby=\"caption-attachment-42848\" style=\"width: 620px\" class=\"wp-caption aligncenter\"><a href=\"https:\/\/blog.cofb.cat\/wp-content\/uploads\/2018\/12\/Cresta-daigua_Concurs-Fotografia.jpg\"><img decoding=\"async\" class=\"wp-image-42848 size-large\" title=\"Cresta d'aigua, d\u2019Helena Burguet. Guanyadora del III Concurs de Fotografia del COFB (M\u00f2bil)\" src=\"https:\/\/blog.cofb.cat\/wp-content\/uploads\/2018\/12\/Cresta-daigua_Concurs-Fotografia-768x1024.jpg\" alt=\"Cresta d'aigua, d\u2019Helena Burguet. Guanyadora del III Concurs de Fotografia del COFB (M\u00f2bil)\" width=\"620\" height=\"827\" \/><\/a><figcaption id=\"caption-attachment-42848\" class=\"wp-caption-text\">Cresta d&#8217;aigua, d\u2019Helena Burguet. Guanyadora del III Concurs de Fotografia del COFB (M\u00f2bil)<\/figcaption><\/figure>\n<p><strong>Les fotografies<\/strong> guanyadores i la resta de participants en el concurs estaran <strong>exposades a les instal\u00b7lacions del Col\u00b7legi fins al 12 de desembre de 2018<\/strong>.<\/p>\n<p align=\"right\"><b>\u00a0 Amb la col\u00b7laboraci\u00f3 de: \u00a0<\/b><\/p>\n<p align=\"right\"><b> <a href=\"http:\/\/www.homegallery.es\/\"><img decoding=\"async\" class=\"alignright wp-image-40609 size-thumbnail\" src=\"https:\/\/blog.cofb.cat\/wp-content\/uploads\/2018\/07\/Home-Gallery-150x41.jpg\" alt=\"\" width=\"150\" height=\"41\" \/><\/a><\/b><\/p>\n<p>&nbsp;<\/p>\n<p>&nbsp;<\/p>\n<p><strong>Altres publicacions relacionades:<\/strong><\/p>\n<ul>\n<li><a href=\"https:\/\/blog.cofb.cat\/en-marxa-el-iii-concurs-de-fotografia-del-cofb\/\" target=\"_blank\" rel=\"noopener\">En marxa el III Concurs de Fotografia del COFB (Juliol 2018)<\/a><\/li>\n<\/ul>\n","protected":false},"excerpt":{"rendered":"<p>La III edici\u00f3 del\u00a0Concurs de Fotografia del COFB,\u00a0organitzat per la\u00a0Secci\u00f3 de Fotografia del Col\u00b7legi de Farmac\u00e8utics de Barcelona\u00a0(FotoCofb), ja t\u00e9 guanyadors. Els premiats d\u2019aquest tercer concurs, en el qual\u00a0la\u00a0tem\u00e0tica\u00a0proposada per les fotografies\u00a0era l\u2019aigua, han estat, en la categoria de fotografia realitzada amb c\u00e0mera, la col\u00b7legiada Marina Arimany\u00a0amb &#8220;Tempestat de Llevant&#8220;, [&hellip;]<\/p>\n","protected":false},"author":1,"featured_media":42853,"comment_status":"open","ping_status":"open","sticky":false,"template":"","format":"standard","meta":{"_uag_custom_page_level_css":"","site-sidebar-layout":"default","site-content-layout":"","ast-site-content-layout":"default","site-content-style":"default","site-sidebar-style":"default","ast-global-header-display":"","ast-banner-title-visibility":"","ast-main-header-display":"","ast-hfb-above-header-display":"","ast-hfb-below-header-display":"","ast-hfb-mobile-header-display":"","site-post-title":"","ast-breadcrumbs-content":"","ast-featured-img":"disabled","footer-sml-layout":"","theme-transparent-header-meta":"","adv-header-id-meta":"","stick-header-meta":"","header-above-stick-meta":"","header-main-stick-meta":"","header-below-stick-meta":"","astra-migrate-meta-layouts":"default","ast-page-background-enabled":"default","ast-page-background-meta":{"desktop":{"background-color":"var(--ast-global-color-4)","background-image":"","background-repeat":"repeat","background-position":"center center","background-size":"auto","background-attachment":"scroll","background-type":"","background-media":"","overlay-type":"","overlay-color":"","overlay-opacity":"","overlay-gradient":""},"tablet":{"background-color":"","background-image":"","background-repeat":"repeat","background-position":"center center","background-size":"auto","background-attachment":"scroll","background-type":"","background-media":"","overlay-type":"","overlay-color":"","overlay-opacity":"","overlay-gradient":""},"mobile":{"background-color":"","background-image":"","background-repeat":"repeat","background-position":"center center","background-size":"auto","background-attachment":"scroll","background-type":"","background-media":"","overlay-type":"","overlay-color":"","overlay-opacity":"","overlay-gradient":""}},"ast-content-background-meta":{"desktop":{"background-color":"var(--ast-global-color-5)","background-image":"","background-repeat":"repeat","background-position":"center center","background-size":"auto","background-attachment":"scroll","background-type":"","background-media":"","overlay-type":"","overlay-color":"","overlay-opacity":"","overlay-gradient":""},"tablet":{"background-color":"var(--ast-global-color-5)","background-image":"","background-repeat":"repeat","background-position":"center center","background-size":"auto","background-attachment":"scroll","background-type":"","background-media":"","overlay-type":"","overlay-color":"","overlay-opacity":"","overlay-gradient":""},"mobile":{"background-color":"var(--ast-global-color-5)","background-image":"","background-repeat":"repeat","background-position":"center center","background-size":"auto","background-attachment":"scroll","background-type":"","background-media":"","overlay-type":"","overlay-color":"","overlay-opacity":"","overlay-gradient":""}},"footnotes":""},"categories":[57,535],"tags":[3285,953,3158,531,3356,3351,955],"class_list":["post-42837","post","type-post","status-publish","format-standard","has-post-thumbnail","hentry","category-mon-collegial","category-seccio-de-fotografia-del-cofb","tag-camera","tag-concurs-de-fotografia","tag-fotocofb","tag-fotografies","tag-iii-edicio-del-concurs-de-fotografia-del-cofb","tag-mobil","tag-seccio-fotografia"],"yoast_head":"<!-- This site is optimized with the Yoast SEO plugin v22.4 - https:\/\/yoast.com\/wordpress\/plugins\/seo\/ -->\n<title>Ja tenim guanyadors de la III edici\u00f3 del Concurs de Fotografia del COFB - Col\u00b7legi de Farmac\u00e8utics de Barcelona<\/title>\n<meta name=\"description\" content=\"La III edici\u00f3 del\u00a0Concurs de Fotografia del COFB,\u00a0organitzada per la\u00a0Secci\u00f3 de Fotografia del Col\u00b7legi de Farmac\u00e8utics de Barcelona\u00a0(FotoCofb), ja t\u00e9 guanyadors.\" \/>\n<meta name=\"robots\" content=\"index, follow, max-snippet:-1, max-image-preview:large, max-video-preview:-1\" \/>\n<link rel=\"canonical\" href=\"https:\/\/novaorg.cofb.net\/2018\/12\/04\/ja-tenim-guanyadors-de-la-iii-edicio-del-concurs-de-fotografia-del-cofb\/\" \/>\n<meta property=\"og:locale\" content=\"ca_ES\" \/>\n<meta property=\"og:type\" content=\"article\" \/>\n<meta property=\"og:title\" content=\"Ja tenim guanyadors de la III edici\u00f3 del Concurs de Fotografia del COFB - Col\u00b7legi de Farmac\u00e8utics de Barcelona\" \/>\n<meta property=\"og:description\" content=\"La III edici\u00f3 del\u00a0Concurs de Fotografia del COFB,\u00a0organitzada per la\u00a0Secci\u00f3 de Fotografia del Col\u00b7legi de Farmac\u00e8utics de Barcelona\u00a0(FotoCofb), ja t\u00e9 guanyadors.\" \/>\n<meta property=\"og:url\" content=\"https:\/\/novaorg.cofb.net\/2018\/12\/04\/ja-tenim-guanyadors-de-la-iii-edicio-del-concurs-de-fotografia-del-cofb\/\" \/>\n<meta property=\"og:site_name\" content=\"Col\u00b7legi de Farmac\u00e8utics de Barcelona\" \/>\n<meta property=\"article:publisher\" content=\"https:\/\/www.facebook.com\/farmaceuticsbcn\/\" \/>\n<meta property=\"article:published_time\" content=\"2018-12-04T17:33:45+00:00\" \/>\n<meta name=\"author\" content=\"wpAdminCofbOrg\" \/>\n<meta name=\"twitter:card\" content=\"summary_large_image\" \/>\n<meta name=\"twitter:creator\" content=\"@farmaceuticsbcn\" \/>\n<meta name=\"twitter:site\" content=\"@farmaceuticsbcn\" \/>\n<meta name=\"twitter:label1\" content=\"Escrit per\" \/>\n\t<meta name=\"twitter:data1\" content=\"wpAdminCofbOrg\" \/>\n\t<meta name=\"twitter:label2\" content=\"Temps estimat de lectura\" \/>\n\t<meta name=\"twitter:data2\" content=\"1 minut\" \/>\n<script type=\"application\/ld+json\" class=\"yoast-schema-graph\">{\"@context\":\"https:\/\/schema.org\",\"@graph\":[{\"@type\":\"Article\",\"@id\":\"https:\/\/novaorg.cofb.net\/2018\/12\/04\/ja-tenim-guanyadors-de-la-iii-edicio-del-concurs-de-fotografia-del-cofb\/#article\",\"isPartOf\":{\"@id\":\"https:\/\/novaorg.cofb.net\/2018\/12\/04\/ja-tenim-guanyadors-de-la-iii-edicio-del-concurs-de-fotografia-del-cofb\/\"},\"author\":{\"name\":\"wpAdminCofbOrg\",\"@id\":\"https:\/\/www.cofb.org\/#\/schema\/person\/22ed7eea88da74b0fa4d3154ad87ffcb\"},\"headline\":\"Ja tenim guanyadors de la III edici\u00f3 del Concurs de Fotografia del COFB\",\"datePublished\":\"2018-12-04T17:33:45+00:00\",\"dateModified\":\"2018-12-04T17:33:45+00:00\",\"mainEntityOfPage\":{\"@id\":\"https:\/\/novaorg.cofb.net\/2018\/12\/04\/ja-tenim-guanyadors-de-la-iii-edicio-del-concurs-de-fotografia-del-cofb\/\"},\"wordCount\":189,\"commentCount\":0,\"publisher\":{\"@id\":\"https:\/\/www.cofb.org\/#organization\"},\"image\":{\"@id\":\"https:\/\/novaorg.cofb.net\/2018\/12\/04\/ja-tenim-guanyadors-de-la-iii-edicio-del-concurs-de-fotografia-del-cofb\/#primaryimage\"},\"thumbnailUrl\":\"\",\"keywords\":[\"c\u00e0mera\",\"concurs de fotografia\",\"Fotocofb\",\"fotografies\",\"III edici\u00f3 del Concurs de Fotografia del COFB\",\"m\u00f2bil\",\"secci\u00f3 fotografia\"],\"articleSection\":[\"M\u00f3n col\u00b7legial\",\"Secci\u00f3 de fotografia del COFB\"],\"inLanguage\":\"ca\",\"potentialAction\":[{\"@type\":\"CommentAction\",\"name\":\"Comment\",\"target\":[\"https:\/\/novaorg.cofb.net\/2018\/12\/04\/ja-tenim-guanyadors-de-la-iii-edicio-del-concurs-de-fotografia-del-cofb\/#respond\"]}]},{\"@type\":\"WebPage\",\"@id\":\"https:\/\/novaorg.cofb.net\/2018\/12\/04\/ja-tenim-guanyadors-de-la-iii-edicio-del-concurs-de-fotografia-del-cofb\/\",\"url\":\"https:\/\/novaorg.cofb.net\/2018\/12\/04\/ja-tenim-guanyadors-de-la-iii-edicio-del-concurs-de-fotografia-del-cofb\/\",\"name\":\"Ja tenim guanyadors de la III edici\u00f3 del Concurs de Fotografia del COFB - Col\u00b7legi de Farmac\u00e8utics de Barcelona\",\"isPartOf\":{\"@id\":\"https:\/\/www.cofb.org\/#website\"},\"primaryImageOfPage\":{\"@id\":\"https:\/\/novaorg.cofb.net\/2018\/12\/04\/ja-tenim-guanyadors-de-la-iii-edicio-del-concurs-de-fotografia-del-cofb\/#primaryimage\"},\"image\":{\"@id\":\"https:\/\/novaorg.cofb.net\/2018\/12\/04\/ja-tenim-guanyadors-de-la-iii-edicio-del-concurs-de-fotografia-del-cofb\/#primaryimage\"},\"thumbnailUrl\":\"\",\"datePublished\":\"2018-12-04T17:33:45+00:00\",\"dateModified\":\"2018-12-04T17:33:45+00:00\",\"description\":\"La III edici\u00f3 del\u00a0Concurs de Fotografia del COFB,\u00a0organitzada per la\u00a0Secci\u00f3 de Fotografia del Col\u00b7legi de Farmac\u00e8utics de Barcelona\u00a0(FotoCofb), ja t\u00e9 guanyadors.\",\"breadcrumb\":{\"@id\":\"https:\/\/novaorg.cofb.net\/2018\/12\/04\/ja-tenim-guanyadors-de-la-iii-edicio-del-concurs-de-fotografia-del-cofb\/#breadcrumb\"},\"inLanguage\":\"ca\",\"potentialAction\":[{\"@type\":\"ReadAction\",\"target\":[\"https:\/\/novaorg.cofb.net\/2018\/12\/04\/ja-tenim-guanyadors-de-la-iii-edicio-del-concurs-de-fotografia-del-cofb\/\"]}]},{\"@type\":\"ImageObject\",\"inLanguage\":\"ca\",\"@id\":\"https:\/\/novaorg.cofb.net\/2018\/12\/04\/ja-tenim-guanyadors-de-la-iii-edicio-del-concurs-de-fotografia-del-cofb\/#primaryimage\",\"url\":\"\",\"contentUrl\":\"\"},{\"@type\":\"BreadcrumbList\",\"@id\":\"https:\/\/novaorg.cofb.net\/2018\/12\/04\/ja-tenim-guanyadors-de-la-iii-edicio-del-concurs-de-fotografia-del-cofb\/#breadcrumb\",\"itemListElement\":[{\"@type\":\"ListItem\",\"position\":1,\"name\":\"Inici\",\"item\":\"https:\/\/novaorg.cofb.net\/\"},{\"@type\":\"ListItem\",\"position\":2,\"name\":\"Ja tenim guanyadors de la III edici\u00f3 del Concurs de Fotografia del COFB\"}]},{\"@type\":\"WebSite\",\"@id\":\"https:\/\/www.cofb.org\/#website\",\"url\":\"https:\/\/www.cofb.org\/\",\"name\":\"Col\u00b7legi de Farmac\u00e8utics de Barcelona\",\"description\":\"\",\"publisher\":{\"@id\":\"https:\/\/www.cofb.org\/#organization\"},\"potentialAction\":[{\"@type\":\"SearchAction\",\"target\":{\"@type\":\"EntryPoint\",\"urlTemplate\":\"https:\/\/www.cofb.org\/?s={search_term_string}\"},\"query-input\":\"required name=search_term_string\"}],\"inLanguage\":\"ca\"},{\"@type\":\"Organization\",\"@id\":\"https:\/\/www.cofb.org\/#organization\",\"name\":\"Col\u00b7legi de Farmac\u00e8utics de Barcelona\",\"url\":\"https:\/\/www.cofb.org\/\",\"logo\":{\"@type\":\"ImageObject\",\"inLanguage\":\"ca\",\"@id\":\"https:\/\/www.cofb.org\/#\/schema\/logo\/image\/\",\"url\":\"https:\/\/www.cofb.org\/wp-content\/uploads\/2023\/11\/cropped-Logotip-COFB.png\",\"contentUrl\":\"https:\/\/www.cofb.org\/wp-content\/uploads\/2023\/11\/cropped-Logotip-COFB.png\",\"width\":500,\"height\":105,\"caption\":\"Col\u00b7legi de Farmac\u00e8utics de Barcelona\"},\"image\":{\"@id\":\"https:\/\/www.cofb.org\/#\/schema\/logo\/image\/\"},\"sameAs\":[\"https:\/\/www.facebook.com\/farmaceuticsbcn\/\",\"https:\/\/twitter.com\/farmaceuticsbcn\",\"https:\/\/www.instagram.com\/farmaceuticsbcn\/\",\"https:\/\/www.linkedin.com\/company\/farmaceuticsbcn\/\"]},{\"@type\":\"Person\",\"@id\":\"https:\/\/www.cofb.org\/#\/schema\/person\/22ed7eea88da74b0fa4d3154ad87ffcb\",\"name\":\"wpAdminCofbOrg\",\"image\":{\"@type\":\"ImageObject\",\"inLanguage\":\"ca\",\"@id\":\"https:\/\/www.cofb.org\/#\/schema\/person\/image\/\",\"url\":\"https:\/\/secure.gravatar.com\/avatar\/1721b20b3b8ca882c3b56ec6c978c594fff670e40c0718e9190eaeeb76aae7d8?s=96&d=mm&r=g\",\"contentUrl\":\"https:\/\/secure.gravatar.com\/avatar\/1721b20b3b8ca882c3b56ec6c978c594fff670e40c0718e9190eaeeb76aae7d8?s=96&d=mm&r=g\",\"caption\":\"wpAdminCofbOrg\"},\"sameAs\":[\"http:\/\/192.168.64.122\/wordpress\"],\"url\":\"https:\/\/www.cofb.org\/ca\/author\/wpadmincofborg\/\"}]}<\/script>\n<!-- \/ Yoast SEO plugin. -->","yoast_head_json":{"title":"Ja tenim guanyadors de la III edici\u00f3 del Concurs de Fotografia del COFB - Col\u00b7legi de Farmac\u00e8utics de Barcelona","description":"La III edici\u00f3 del\u00a0Concurs de Fotografia del COFB,\u00a0organitzada per la\u00a0Secci\u00f3 de Fotografia del Col\u00b7legi de Farmac\u00e8utics de Barcelona\u00a0(FotoCofb), ja t\u00e9 guanyadors.","robots":{"index":"index","follow":"follow","max-snippet":"max-snippet:-1","max-image-preview":"max-image-preview:large","max-video-preview":"max-video-preview:-1"},"canonical":"https:\/\/novaorg.cofb.net\/2018\/12\/04\/ja-tenim-guanyadors-de-la-iii-edicio-del-concurs-de-fotografia-del-cofb\/","og_locale":"ca_ES","og_type":"article","og_title":"Ja tenim guanyadors de la III edici\u00f3 del Concurs de Fotografia del COFB - Col\u00b7legi de Farmac\u00e8utics de Barcelona","og_description":"La III edici\u00f3 del\u00a0Concurs de Fotografia del COFB,\u00a0organitzada per la\u00a0Secci\u00f3 de Fotografia del Col\u00b7legi de Farmac\u00e8utics de Barcelona\u00a0(FotoCofb), ja t\u00e9 guanyadors.","og_url":"https:\/\/novaorg.cofb.net\/2018\/12\/04\/ja-tenim-guanyadors-de-la-iii-edicio-del-concurs-de-fotografia-del-cofb\/","og_site_name":"Col\u00b7legi de Farmac\u00e8utics de Barcelona","article_publisher":"https:\/\/www.facebook.com\/farmaceuticsbcn\/","article_published_time":"2018-12-04T17:33:45+00:00","author":"wpAdminCofbOrg","twitter_card":"summary_large_image","twitter_creator":"@farmaceuticsbcn","twitter_site":"@farmaceuticsbcn","twitter_misc":{"Escrit per":"wpAdminCofbOrg","Temps estimat de lectura":"1 minut"},"schema":{"@context":"https:\/\/schema.org","@graph":[{"@type":"Article","@id":"https:\/\/novaorg.cofb.net\/2018\/12\/04\/ja-tenim-guanyadors-de-la-iii-edicio-del-concurs-de-fotografia-del-cofb\/#article","isPartOf":{"@id":"https:\/\/novaorg.cofb.net\/2018\/12\/04\/ja-tenim-guanyadors-de-la-iii-edicio-del-concurs-de-fotografia-del-cofb\/"},"author":{"name":"wpAdminCofbOrg","@id":"https:\/\/www.cofb.org\/#\/schema\/person\/22ed7eea88da74b0fa4d3154ad87ffcb"},"headline":"Ja tenim guanyadors de la III edici\u00f3 del Concurs de Fotografia del COFB","datePublished":"2018-12-04T17:33:45+00:00","dateModified":"2018-12-04T17:33:45+00:00","mainEntityOfPage":{"@id":"https:\/\/novaorg.cofb.net\/2018\/12\/04\/ja-tenim-guanyadors-de-la-iii-edicio-del-concurs-de-fotografia-del-cofb\/"},"wordCount":189,"commentCount":0,"publisher":{"@id":"https:\/\/www.cofb.org\/#organization"},"image":{"@id":"https:\/\/novaorg.cofb.net\/2018\/12\/04\/ja-tenim-guanyadors-de-la-iii-edicio-del-concurs-de-fotografia-del-cofb\/#primaryimage"},"thumbnailUrl":"","keywords":["c\u00e0mera","concurs de fotografia","Fotocofb","fotografies","III edici\u00f3 del Concurs de Fotografia del COFB","m\u00f2bil","secci\u00f3 fotografia"],"articleSection":["M\u00f3n col\u00b7legial","Secci\u00f3 de fotografia del COFB"],"inLanguage":"ca","potentialAction":[{"@type":"CommentAction","name":"Comment","target":["https:\/\/novaorg.cofb.net\/2018\/12\/04\/ja-tenim-guanyadors-de-la-iii-edicio-del-concurs-de-fotografia-del-cofb\/#respond"]}]},{"@type":"WebPage","@id":"https:\/\/novaorg.cofb.net\/2018\/12\/04\/ja-tenim-guanyadors-de-la-iii-edicio-del-concurs-de-fotografia-del-cofb\/","url":"https:\/\/novaorg.cofb.net\/2018\/12\/04\/ja-tenim-guanyadors-de-la-iii-edicio-del-concurs-de-fotografia-del-cofb\/","name":"Ja tenim guanyadors de la III edici\u00f3 del Concurs de Fotografia del COFB - Col\u00b7legi de Farmac\u00e8utics de Barcelona","isPartOf":{"@id":"https:\/\/www.cofb.org\/#website"},"primaryImageOfPage":{"@id":"https:\/\/novaorg.cofb.net\/2018\/12\/04\/ja-tenim-guanyadors-de-la-iii-edicio-del-concurs-de-fotografia-del-cofb\/#primaryimage"},"image":{"@id":"https:\/\/novaorg.cofb.net\/2018\/12\/04\/ja-tenim-guanyadors-de-la-iii-edicio-del-concurs-de-fotografia-del-cofb\/#primaryimage"},"thumbnailUrl":"","datePublished":"2018-12-04T17:33:45+00:00","dateModified":"2018-12-04T17:33:45+00:00","description":"La III edici\u00f3 del\u00a0Concurs de Fotografia del COFB,\u00a0organitzada per la\u00a0Secci\u00f3 de Fotografia del Col\u00b7legi de Farmac\u00e8utics de Barcelona\u00a0(FotoCofb), ja t\u00e9 guanyadors.","breadcrumb":{"@id":"https:\/\/novaorg.cofb.net\/2018\/12\/04\/ja-tenim-guanyadors-de-la-iii-edicio-del-concurs-de-fotografia-del-cofb\/#breadcrumb"},"inLanguage":"ca","potentialAction":[{"@type":"ReadAction","target":["https:\/\/novaorg.cofb.net\/2018\/12\/04\/ja-tenim-guanyadors-de-la-iii-edicio-del-concurs-de-fotografia-del-cofb\/"]}]},{"@type":"ImageObject","inLanguage":"ca","@id":"https:\/\/novaorg.cofb.net\/2018\/12\/04\/ja-tenim-guanyadors-de-la-iii-edicio-del-concurs-de-fotografia-del-cofb\/#primaryimage","url":"","contentUrl":""},{"@type":"BreadcrumbList","@id":"https:\/\/novaorg.cofb.net\/2018\/12\/04\/ja-tenim-guanyadors-de-la-iii-edicio-del-concurs-de-fotografia-del-cofb\/#breadcrumb","itemListElement":[{"@type":"ListItem","position":1,"name":"Inici","item":"https:\/\/novaorg.cofb.net\/"},{"@type":"ListItem","position":2,"name":"Ja tenim guanyadors de la III edici\u00f3 del Concurs de Fotografia del COFB"}]},{"@type":"WebSite","@id":"https:\/\/www.cofb.org\/#website","url":"https:\/\/www.cofb.org\/","name":"Col\u00b7legi de Farmac\u00e8utics de Barcelona","description":"","publisher":{"@id":"https:\/\/www.cofb.org\/#organization"},"potentialAction":[{"@type":"SearchAction","target":{"@type":"EntryPoint","urlTemplate":"https:\/\/www.cofb.org\/?s={search_term_string}"},"query-input":"required name=search_term_string"}],"inLanguage":"ca"},{"@type":"Organization","@id":"https:\/\/www.cofb.org\/#organization","name":"Col\u00b7legi de Farmac\u00e8utics de Barcelona","url":"https:\/\/www.cofb.org\/","logo":{"@type":"ImageObject","inLanguage":"ca","@id":"https:\/\/www.cofb.org\/#\/schema\/logo\/image\/","url":"https:\/\/www.cofb.org\/wp-content\/uploads\/2023\/11\/cropped-Logotip-COFB.png","contentUrl":"https:\/\/www.cofb.org\/wp-content\/uploads\/2023\/11\/cropped-Logotip-COFB.png","width":500,"height":105,"caption":"Col\u00b7legi de Farmac\u00e8utics de Barcelona"},"image":{"@id":"https:\/\/www.cofb.org\/#\/schema\/logo\/image\/"},"sameAs":["https:\/\/www.facebook.com\/farmaceuticsbcn\/","https:\/\/twitter.com\/farmaceuticsbcn","https:\/\/www.instagram.com\/farmaceuticsbcn\/","https:\/\/www.linkedin.com\/company\/farmaceuticsbcn\/"]},{"@type":"Person","@id":"https:\/\/www.cofb.org\/#\/schema\/person\/22ed7eea88da74b0fa4d3154ad87ffcb","name":"wpAdminCofbOrg","image":{"@type":"ImageObject","inLanguage":"ca","@id":"https:\/\/www.cofb.org\/#\/schema\/person\/image\/","url":"https:\/\/secure.gravatar.com\/avatar\/1721b20b3b8ca882c3b56ec6c978c594fff670e40c0718e9190eaeeb76aae7d8?s=96&d=mm&r=g","contentUrl":"https:\/\/secure.gravatar.com\/avatar\/1721b20b3b8ca882c3b56ec6c978c594fff670e40c0718e9190eaeeb76aae7d8?s=96&d=mm&r=g","caption":"wpAdminCofbOrg"},"sameAs":["http:\/\/192.168.64.122\/wordpress"],"url":"https:\/\/www.cofb.org\/ca\/author\/wpadmincofborg\/"}]}},"uagb_featured_image_src":{"full":false,"thumbnail":false,"medium":false,"medium_large":false,"large":false,"1536x1536":false,"2048x2048":false,"trp-custom-language-flag":false},"uagb_author_info":{"display_name":"wpAdminCofbOrg","author_link":"https:\/\/www.cofb.org\/ca\/author\/wpadmincofborg\/"},"uagb_comment_info":0,"uagb_excerpt":"La III edici\u00f3 del\u00a0Concurs de Fotografia del COFB,\u00a0organitzat per la\u00a0Secci\u00f3 de Fotografia del Col\u00b7legi de Farmac\u00e8utics de Barcelona\u00a0(FotoCofb), ja t\u00e9 guanyadors. Els premiats d\u2019aquest tercer concurs, en el qual\u00a0la\u00a0tem\u00e0tica\u00a0proposada per les fotografies\u00a0era l\u2019aigua, han estat, en la categoria de fotografia realitzada amb c\u00e0mera, la col\u00b7legiada Marina Arimany\u00a0amb &#8220;Tempestat de Llevant&#8220;, [&hellip;]","_links":{"self":[{"href":"https:\/\/www.cofb.org\/ca\/wp-json\/wp\/v2\/posts\/42837","targetHints":{"allow":["GET"]}}],"collection":[{"href":"https:\/\/www.cofb.org\/ca\/wp-json\/wp\/v2\/posts"}],"about":[{"href":"https:\/\/www.cofb.org\/ca\/wp-json\/wp\/v2\/types\/post"}],"author":[{"embeddable":true,"href":"https:\/\/www.cofb.org\/ca\/wp-json\/wp\/v2\/users\/1"}],"replies":[{"embeddable":true,"href":"https:\/\/www.cofb.org\/ca\/wp-json\/wp\/v2\/comments?post=42837"}],"version-history":[{"count":0,"href":"https:\/\/www.cofb.org\/ca\/wp-json\/wp\/v2\/posts\/42837\/revisions"}],"wp:featuredmedia":[{"embeddable":true,"href":"https:\/\/www.cofb.org\/ca\/wp-json\/"}],"wp:attachment":[{"href":"https:\/\/www.cofb.org\/ca\/wp-json\/wp\/v2\/media?parent=42837"}],"wp:term":[{"taxonomy":"category","embeddable":true,"href":"https:\/\/www.cofb.org\/ca\/wp-json\/wp\/v2\/categories?post=42837"},{"taxonomy":"post_tag","embeddable":true,"href":"https:\/\/www.cofb.org\/ca\/wp-json\/wp\/v2\/tags?post=42837"}],"curies":[{"name":"wp","href":"https:\/\/api.w.org\/{rel}","templated":true}]}}