{"id":42690,"date":"2018-11-28T19:48:11","date_gmt":"2018-11-28T17:48:11","guid":{"rendered":"https:\/\/blog.cofb.cat\/?p=42690"},"modified":"2018-11-28T19:48:11","modified_gmt":"2018-11-28T17:48:11","slug":"vacunes-paper-farmaceutic-consultes-mes-frequents","status":"publish","type":"post","link":"https:\/\/www.cofb.org\/ca\/2018\/11\/28\/vacunes-paper-farmaceutic-consultes-mes-frequents\/","title":{"rendered":"Les vacunes. El paper del farmac\u00e8utic i les consultes m\u00e9s freq\u00fcents"},"content":{"rendered":"<p>El passat dimarts 21 de novembre va tenir lloc al COFB el curs <strong>\u201cPractiquem amb les vacunes. Quan hem de vacunar i a qui\u201d<\/strong> impartit per la Dra. Magda Campins, del Servei de Medicina Preventiva i Epidemiologia de l\u2019Hospital Universitari Vall d\u2019Hebron i Salvador Tous, farmac\u00e8utic comunitari, titular d\u2019oficina de farm\u00e0cia a Barcelona. El moderador del curs va ser Guillermo Bagaria, vicetresorer del COFB i responsable d\u2019Atenci\u00f3 Farmac\u00e8utica.<\/p>\n<h1><span style=\"color: #008080;\"><strong>L<\/strong><\/span><strong><span style=\"color: #008080;\">a import\u00e0ncia de les vacunes i el paper del farmac\u00e8utic<\/span><\/strong><\/h1>\n<p>Durant la seva intervenci\u00f3, la Dra. Campins va referir-se al <strong>paper de la farm\u00e0cia comunit\u00e0ria<\/strong> en la <strong>immunitzaci\u00f3<\/strong> i va citar alguns estudis relacionats amb aquesta q\u00fcesti\u00f3, que demostraven que <strong>els farmac\u00e8utics influeixen en les activitats d&#8217;immunitzaci\u00f3<\/strong>, independentment de la vacuna proporcionada i del seu rol (educador, facilitador o administrador).<\/p>\n<figure id=\"attachment_42734\" aria-describedby=\"caption-attachment-42734\" style=\"width: 620px\" class=\"wp-caption aligncenter\"><a href=\"https:\/\/blog.cofb.cat\/wp-content\/uploads\/2018\/11\/cofb.181121-15.jpg\"><img fetchpriority=\"high\" decoding=\"async\" class=\"Dra. Magda Campins, del Servei de Medicina Preventiva i Epidemiologia de l\u2019Hospital Universitari Vall d\u2019Hebron i Salvador Tous, farmac\u00e8utic comunitari, titular d\u2019oficina de farm\u00e0cia a Barcelona. El moderador del curs va ser Guillermo Bagaria, vicetresorer del COFB i responsable d\u2019Atenci\u00f3 Farmac\u00e8utica. wp-image-42734 size-large\" title=\"La Dra. Magda Campins, Guillermo Bagaria i Salvador Tous en un moment de la sessi\u00f3.\" src=\"https:\/\/blog.cofb.cat\/wp-content\/uploads\/2018\/11\/cofb.181121-15-1024x683.jpg\" alt=\"La Dra. Magda Campins, Guillermo Bagaria i Salvador Tous en un moment de la sessi\u00f3.\" width=\"620\" height=\"414\" \/><\/a><figcaption id=\"caption-attachment-42734\" class=\"wp-caption-text\">La Dra. Magda Campins, Guillermo Bagaria i Salvador Tous en un moment de la sessi\u00f3.<\/figcaption><\/figure>\n<p>Segons els treballs presentats per Campins, els farmac\u00e8utics:<\/p>\n<ul>\n<li>es perceben com a <strong>professionals de la salut de confian\u00e7a<\/strong><\/li>\n<li>la <strong>conveni\u00e8ncia<\/strong> i l&#8217;<strong>accessibilitat<\/strong> de les farm\u00e0cies contribueixen a <strong>augmentar la immunitzaci\u00f3 dels pacients <\/strong><\/li>\n<li>les <strong>llargues hores d&#8217;obertura de les farm\u00e0cies<\/strong> i la seva <strong>localitzaci\u00f3<\/strong> en zones urbanes tamb\u00e9 s\u00f3n factors facilitadors<\/li>\n<\/ul>\n<p>En la mateixa l\u00ednia, Bagaria va mostrar-se <strong>conven\u00e7ut del paper que poden desenvolupar els farmac\u00e8utics comunitaris en el camp de la vacunaci\u00f3<\/strong> i va exposar quatre grans responsabilitats:<\/p>\n<ul>\n<li><strong>promoure la vacunaci\u00f3 poblacional<\/strong><\/li>\n<li>fer <strong>vigil\u00e0ncia epidemiol\u00f2gica de la grip<\/strong><\/li>\n<li><strong>promoure la cobertura vacunal dels farmac\u00e8utics<\/strong> com a agents sanitaris<\/li>\n<li>preconitzar<strong> el rentat de mans<\/strong><\/li>\n<\/ul>\n<p>&#8220;Ens queda un gran recorregut per endavant i cal fer una <strong>important tasca de divulgaci\u00f3 sanit\u00e0ria<\/strong>&#8220;, va afegir.<\/p>\n<p>A continuaci\u00f3, la doctora Campins va exposar la import\u00e0ncia de la vacunaci\u00f3 a totes les edats i va fer refer\u00e8ncia a les <strong>vacunes pedi\u00e0triques sistem\u00e0tiques <\/strong>i les <strong>no sistem\u00e0tiques<\/strong> (meningococ i rotavirus); les <strong>vacunes de l&#8217;adolescent<\/strong> (vacunes sistem\u00e0tiques com la del VPH) i les vacunes de l&#8217;adult. Dins d&#8217;aquest \u00faltim grup, va fer refer\u00e8ncia a les <strong>vacunes sistem\u00e0tiques<\/strong> (grip i pneumococ), les <strong>vacunes no sistem\u00e0tiques<\/strong> (herpes z\u00f2ster).<\/p>\n<h1><strong><span style=\"color: #008080;\">Consultes m\u00e9s freq\u00fcents a la farm\u00e0cia<\/span><\/strong><\/h1>\n<p>La part final del curs va estar dedicada als <strong>aspectes pr\u00e0ctics per a la farm\u00e0cia\u00a0<\/strong>en el camp de les vacunes.\u00a0Tous va afirmar que &#8220;moltes vegades, <strong>des de la farm\u00e0cia<\/strong>,\u00a0el que podem fer \u00e9s una <strong>escolta activa<\/strong> sobre qu\u00e8 li fa <strong>por de les vacunes<\/strong> a la persona que ens fa una consulta i, a partir d\u2019aqu\u00ed, <strong>desmuntar<\/strong> un per un <strong>els seus arguments<\/strong>&#8220;. Tot seguit, la doctora Campins va donar resposta a les <strong>consultes m\u00e9s freq\u00fcents<\/strong>\u00a0que els farmac\u00e8utics solen rebre a la farm\u00e0cia, especialment per part de persones que tenen\u00a0<strong>dubtes sobre la vacunaci\u00f3 <\/strong>o que<strong> s\u00f3n antivacunes ac\u00e8rrims<\/strong>.<\/p>\n<figure id=\"attachment_42736\" aria-describedby=\"caption-attachment-42736\" style=\"width: 620px\" class=\"wp-caption aligncenter\"><a href=\"https:\/\/blog.cofb.cat\/wp-content\/uploads\/2018\/11\/cofb.181121-20.jpg\"><img decoding=\"async\" class=\"wp-image-42736 size-large\" title=\"El farmac\u00e8utic comunitari Salvador Tous en un moment de la seva presentaci\u00f3.\" src=\"https:\/\/blog.cofb.cat\/wp-content\/uploads\/2018\/11\/cofb.181121-20-1024x683.jpg\" alt=\"El farmac\u00e8utic comunitari Salvador Tous en un moment de la seva presentaci\u00f3.\" width=\"620\" height=\"414\" \/><\/a><figcaption id=\"caption-attachment-42736\" class=\"wp-caption-text\">El farmac\u00e8utic comunitari Salvador Tous en un moment de la seva presentaci\u00f3.<\/figcaption><\/figure>\n<h3><strong>La vacunaci\u00f3 talla realment la transmissi\u00f3?<\/strong><\/h3>\n<p>Davant d&#8217;aquesta q\u00fcesti\u00f3, que moltes vegades es rep a la farm\u00e0cia, la Dra. Campins va destacar que &#8220;en diversos treballs\u00a0diversos fets en centres sociosanitaris\u00a0s\u2019ha vist clarament que hi ha una <strong>reducci\u00f3 de mortalitat<\/strong> per totes les causes <strong>durant la temporada de grip en pacients institucionalitzats si el<\/strong> <strong>personal sanitari que els at\u00e9n est\u00e0 vacunat<\/strong>&#8220;. &#8220;En aquests moments, tenim evid\u00e8ncies clares en centres de cr\u00f2nics&#8221;, va afirmar. I Tous va afegir: <strong>&#8220;Tot ens fa pensar que t\u00e9 sentit que ens vacunem&#8221;<\/strong>.<\/p>\n<h3><strong>El tiomersal\u00a0<\/strong><\/h3>\n<p>La doctora Campins va deixar clar que &#8220;<strong>en aquests moments, al nostre pa\u00eds, no hi ha cap vacuna que porti tiomersal<\/strong>&#8220;. Per tant, no tenen sentit les <strong>pors<\/strong> sobre si &#8220;les vacunes amb <strong>tiomersal<\/strong> poden <strong>alterar el desenvolupament neurol\u00f2gic<\/strong> dels nens&#8221;.<\/p>\n<h3><strong>L&#8217;alumini<\/strong><\/h3>\n<p>La Dra. Campins va explicar que l&#8217;<strong>alumini\u00a0com a adjuvant<\/strong> de les vacunes s&#8217;utilitza des dels anys 40 i que hi ha vacunes que en porten, per exemple, tots els toxoides.\u00a0No obstant aix\u00f2, va recalcar que &#8220;<strong>no s&#8217;ha demostrat que la quantitat que contenen les vacunes tingui cap efecte nociu<\/strong>. Les vacunes adjuvades amb alumini <strong>provoquen m\u00e9s reacci\u00f3 local<\/strong>, per\u00f2 res m\u00e9s&#8221;, va destacar.<\/p>\n<h3><strong>Els antibi\u00f2tics\u00a0<\/strong><\/h3>\n<p>&#8220;Les<strong> vacunes<\/strong> que dins la seva composici\u00f3 porten algun <strong>antibi\u00f2tic<\/strong> com a conservant, <strong>l\u00f2gicament, estan contraindicades a les persones que tinguin al\u00b7l\u00e8rgia als antibi\u00f2tics<\/strong>&#8220;, va explicar la Dra. Campins. Malgrat aix\u00f2, va deixar clar que <strong>&#8220;els antibi\u00f2tics que porten les vacunes s\u00f3n molt pocs&#8221;<\/strong> i que &#8220;<strong>l\u2019\u00fanica vacuna que estaria contraindicada per una persona que n&#8217;est\u00e0 prenent<\/strong> \u00e9s la <strong>vacuna de la febre tifoide<\/strong>, perqu\u00e8 <strong>l\u2019antibi\u00f2tic podria inactivar- la<\/strong>&#8220;.<\/p>\n<figure id=\"attachment_42737\" aria-describedby=\"caption-attachment-42737\" style=\"width: 620px\" class=\"wp-caption aligncenter\"><a href=\"https:\/\/blog.cofb.cat\/wp-content\/uploads\/2018\/11\/cofb.181121-29.jpg\"><img decoding=\"async\" class=\"wp-image-42737 size-large\" title=\"La Dra. Magda Campins, del Servei de Medicina Preventiva i Epidemiologia de l\u2019Hospital Universitari Vall d\u2019Hebron, durant la seva intervenci\u00f3.\" src=\"https:\/\/blog.cofb.cat\/wp-content\/uploads\/2018\/11\/cofb.181121-29-1024x683.jpg\" alt=\"La Dra. Magda Campins, del Servei de Medicina Preventiva i Epidemiologia de l\u2019Hospital Universitari Vall d\u2019Hebron, durant la seva intervenci\u00f3.\" width=\"620\" height=\"414\" \/><\/a><figcaption id=\"caption-attachment-42737\" class=\"wp-caption-text\">La Dra. Magda Campins, del Servei de Medicina Preventiva i Epidemiologia de l\u2019Hospital Universitari Vall d\u2019Hebron, durant la seva intervenci\u00f3.<\/figcaption><\/figure>\n<h3><strong>L&#8217;ou\u00a0<\/strong><\/h3>\n<p>&#8220;En aquests moments, les vacunes que estan fabricades amb ou s\u00f3n la <strong>vacuna de la grip<\/strong>, la <strong>vacuna de la febre groga<\/strong> i la <strong>triple v\u00edrica<\/strong>&#8220;, va exposar Campins. &#8220;Es pot posar la <strong>triple v\u00edrica<\/strong> a un nen al\u00b7l\u00e8rgic a l&#8217;ou, a excepci\u00f3 que hagi fet un <strong>xoc anafil\u00e0ctic<\/strong> quan hagi menjat algun producte que en contingu\u00e9s, per\u00f2 aix\u00f2 \u00e9s rar\u00edssim&#8221;, va afirmar. D&#8217;altra banda, &#8220;actualment, es recomana <strong>vacunar de la grip<\/strong> -malgrat que la vacuna estigui fabricada amb ous embrionats- fins i tot a les persones al\u00b7l\u00e8rgiques a l&#8217;ou, excepte que hagi estat una al\u00b7l\u00e8rgia greu&#8221;. Sobre la vacuna de la <strong>febre groga<\/strong>, Campins va afirmar que <strong>&#8220;\u00e9s l&#8217;\u00fanica que est\u00e0\u00a0absolutament contraindicada en persones al\u00b7l\u00e8rgiques a l\u2019ou<\/strong>, perqu\u00e8 la quantitat de prote\u00efnes d\u2019ou que porta \u00e9s molt m\u00e9s alta&#8221;.<\/p>\n<h3><strong>El l\u00e0tex<\/strong><\/h3>\n<p>Si una persona t\u00e9 <strong>al\u00b7l\u00e8rgia al l\u00e0tex<\/strong>, &#8220;que n&#8217;hi hagi dins l&#8217;\u00e8mbol de la vacuna \u00e9s de dif\u00edcil soluci\u00f3. Hem de buscar alternatives a la vacuna o altres marques comercials que no en tinguin&#8221;, va afirmar Campins.<\/p>\n<h3><strong>Mort sobtada del lactant\u00a0<\/strong><\/h3>\n<p>La doctora Campins va recordar que &#8220;als anys 60, s&#8217;havia associat la <strong>vacuna de la tos ferina<\/strong> a la <strong>mort sobtada del lactant<\/strong>&#8220;. Malgrat aix\u00f2, &#8220;estudis cient\u00edfics fets anys m\u00e9s tard als Estats Units o a Anglaterra han demostrat que <strong>no hi ha cap associaci\u00f3<\/strong>&#8220;.<\/p>\n<h3><strong>La grip\u00a0<\/strong><\/h3>\n<p>Finalment, Campins va exposar que des de la farm\u00e0cia conv\u00e9 recordar que <strong>&#8220;la vacuna de la grip nom\u00e9s evita infeccions per virus <em>influenza<\/em>&#8220;<\/strong> i que, per tant, qui se l&#8217;hagi posat pot agafar un refredat, ja que aquest &#8220;est\u00e0 produ\u00eft per <em>rinoviru<\/em>s, <em>adenovirus<\/em>, <em>virus parainfluenza<\/em>&#8230;&#8221;.<\/p>\n<p style=\"text-align: right;\"><strong>Amb el patrocini de:<\/strong><\/p>\n<p><img loading=\"lazy\" decoding=\"async\" class=\"wp-image-42712 alignright\" src=\"https:\/\/blog.cofb.cat\/wp-content\/uploads\/2018\/11\/MSD_Sharp__Dohme_GmbH_logo.svg_-1024x399.png\" alt=\"\" width=\"157\" height=\"61\" \/><\/p>\n<p>&nbsp;<\/p>\n<p>&nbsp;<\/p>\n<p><strong>Altres publicacions d&#8217;inter\u00e8s:<\/strong><\/p>\n<ul>\n<li style=\"text-align: left;\"><a href=\"https:\/\/blog.cofb.cat\/pneumonia-pneumococcica-estrategies-de-prevencio-per-vacunacio\/\" target=\"_blank\" rel=\"noopener\">Pneum\u00f2nia pneumoc\u00f2ccia: estrat\u00e8gies de prevenci\u00f3 per vacunaci\u00f3 (Gener 2017)<\/a><\/li>\n<li><a href=\"https:\/\/blog.cofb.cat\/paper-del-farmaceutic-en-els-programes-de-vacunacio\/\" target=\"_blank\" rel=\"noopener\">Paper del farmac\u00e8utic en els programes de vacunaci\u00f3 (Gener 2016)<\/a><\/li>\n<li><a href=\"https:\/\/blog.cofb.cat\/campanyes-informatives-a-favor-de-la-vacunacio\/\" target=\"_blank\" rel=\"noopener\">Campanyes informatives a favor de la vacunaci\u00f3 (Juliol 2015)<\/a><\/li>\n<\/ul>\n","protected":false},"excerpt":{"rendered":"<p>El passat dimarts 21 de novembre va tenir lloc al COFB el curs \u201cPractiquem amb les vacunes. Quan hem de vacunar i a qui\u201d impartit per la Dra. Magda Campins, del Servei de Medicina Preventiva i Epidemiologia de l\u2019Hospital Universitari Vall d\u2019Hebron i Salvador Tous, farmac\u00e8utic comunitari, titular d\u2019oficina de [&hellip;]<\/p>\n","protected":false},"author":1,"featured_media":42735,"comment_status":"open","ping_status":"open","sticky":false,"template":"","format":"standard","meta":{"_uag_custom_page_level_css":"","site-sidebar-layout":"default","site-content-layout":"","ast-site-content-layout":"default","site-content-style":"default","site-sidebar-style":"default","ast-global-header-display":"","ast-banner-title-visibility":"","ast-main-header-display":"","ast-hfb-above-header-display":"","ast-hfb-below-header-display":"","ast-hfb-mobile-header-display":"","site-post-title":"","ast-breadcrumbs-content":"","ast-featured-img":"disabled","footer-sml-layout":"","theme-transparent-header-meta":"","adv-header-id-meta":"","stick-header-meta":"","header-above-stick-meta":"","header-main-stick-meta":"","header-below-stick-meta":"","astra-migrate-meta-layouts":"default","ast-page-background-enabled":"default","ast-page-background-meta":{"desktop":{"background-color":"var(--ast-global-color-4)","background-image":"","background-repeat":"repeat","background-position":"center center","background-size":"auto","background-attachment":"scroll","background-type":"","background-media":"","overlay-type":"","overlay-color":"","overlay-opacity":"","overlay-gradient":""},"tablet":{"background-color":"","background-image":"","background-repeat":"repeat","background-position":"center center","background-size":"auto","background-attachment":"scroll","background-type":"","background-media":"","overlay-type":"","overlay-color":"","overlay-opacity":"","overlay-gradient":""},"mobile":{"background-color":"","background-image":"","background-repeat":"repeat","background-position":"center center","background-size":"auto","background-attachment":"scroll","background-type":"","background-media":"","overlay-type":"","overlay-color":"","overlay-opacity":"","overlay-gradient":""}},"ast-content-background-meta":{"desktop":{"background-color":"var(--ast-global-color-5)","background-image":"","background-repeat":"repeat","background-position":"center center","background-size":"auto","background-attachment":"scroll","background-type":"","background-media":"","overlay-type":"","overlay-color":"","overlay-opacity":"","overlay-gradient":""},"tablet":{"background-color":"var(--ast-global-color-5)","background-image":"","background-repeat":"repeat","background-position":"center center","background-size":"auto","background-attachment":"scroll","background-type":"","background-media":"","overlay-type":"","overlay-color":"","overlay-opacity":"","overlay-gradient":""},"mobile":{"background-color":"var(--ast-global-color-5)","background-image":"","background-repeat":"repeat","background-position":"center center","background-size":"auto","background-attachment":"scroll","background-type":"","background-media":"","overlay-type":"","overlay-color":"","overlay-opacity":"","overlay-gradient":""}},"footnotes":""},"categories":[23,57],"tags":[2192,18,19,520,527,53,113,69,70,813,814,2784,2194,2573],"class_list":["post-42690","post","type-post","status-publish","format-standard","has-post-thumbnail","hentry","category-destacats","category-mon-collegial","tag-allergia","tag-cofb","tag-collegi-de-farmaceutics-de-barcelona","tag-conferencia","tag-curs","tag-farmaceutics","tag-farmacia-assistencial","tag-farmacia-comunitaria","tag-formacio","tag-vacuna","tag-vacunacio","tag-vacunacio-farmacia","tag-vacunes","tag-vacunes-antigripals"],"yoast_head":"<!-- This site is optimized with the Yoast SEO plugin v22.4 - https:\/\/yoast.com\/wordpress\/plugins\/seo\/ -->\n<title>Les vacunes. El paper del farmac\u00e8utic i les consultes m\u00e9s freq\u00fcents - Col\u00b7legi de Farmac\u00e8utics de Barcelona<\/title>\n<meta name=\"description\" content=\"El passat dimarts 21 de novembre va tenir lloc al COFB el curs \u201cPractiquem amb les vacunes. Quan hem de vacunar i a qui\u201d\" \/>\n<meta name=\"robots\" content=\"index, follow, max-snippet:-1, max-image-preview:large, max-video-preview:-1\" \/>\n<link rel=\"canonical\" href=\"https:\/\/novaorg.cofb.net\/2018\/11\/28\/vacunes-paper-farmaceutic-consultes-mes-frequents\/\" \/>\n<meta property=\"og:locale\" content=\"ca_ES\" \/>\n<meta property=\"og:type\" content=\"article\" \/>\n<meta property=\"og:title\" content=\"Les vacunes. El paper del farmac\u00e8utic i les consultes m\u00e9s freq\u00fcents - Col\u00b7legi de Farmac\u00e8utics de Barcelona\" \/>\n<meta property=\"og:description\" content=\"El passat dimarts 21 de novembre va tenir lloc al COFB el curs \u201cPractiquem amb les vacunes. Quan hem de vacunar i a qui\u201d\" \/>\n<meta property=\"og:url\" content=\"https:\/\/novaorg.cofb.net\/2018\/11\/28\/vacunes-paper-farmaceutic-consultes-mes-frequents\/\" \/>\n<meta property=\"og:site_name\" content=\"Col\u00b7legi de Farmac\u00e8utics de Barcelona\" \/>\n<meta property=\"article:publisher\" content=\"https:\/\/www.facebook.com\/farmaceuticsbcn\/\" \/>\n<meta property=\"article:published_time\" content=\"2018-11-28T17:48:11+00:00\" \/>\n<meta name=\"author\" content=\"wpAdminCofbOrg\" \/>\n<meta name=\"twitter:card\" content=\"summary_large_image\" \/>\n<meta name=\"twitter:creator\" content=\"@farmaceuticsbcn\" \/>\n<meta name=\"twitter:site\" content=\"@farmaceuticsbcn\" \/>\n<meta name=\"twitter:label1\" content=\"Escrit per\" \/>\n\t<meta name=\"twitter:data1\" content=\"wpAdminCofbOrg\" \/>\n\t<meta name=\"twitter:label2\" content=\"Temps estimat de lectura\" \/>\n\t<meta name=\"twitter:data2\" content=\"6 minuts\" \/>\n<script type=\"application\/ld+json\" class=\"yoast-schema-graph\">{\"@context\":\"https:\/\/schema.org\",\"@graph\":[{\"@type\":\"Article\",\"@id\":\"https:\/\/novaorg.cofb.net\/2018\/11\/28\/vacunes-paper-farmaceutic-consultes-mes-frequents\/#article\",\"isPartOf\":{\"@id\":\"https:\/\/novaorg.cofb.net\/2018\/11\/28\/vacunes-paper-farmaceutic-consultes-mes-frequents\/\"},\"author\":{\"name\":\"wpAdminCofbOrg\",\"@id\":\"https:\/\/www.cofb.org\/#\/schema\/person\/22ed7eea88da74b0fa4d3154ad87ffcb\"},\"headline\":\"Les vacunes. El paper del farmac\u00e8utic i les consultes m\u00e9s freq\u00fcents\",\"datePublished\":\"2018-11-28T17:48:11+00:00\",\"dateModified\":\"2018-11-28T17:48:11+00:00\",\"mainEntityOfPage\":{\"@id\":\"https:\/\/novaorg.cofb.net\/2018\/11\/28\/vacunes-paper-farmaceutic-consultes-mes-frequents\/\"},\"wordCount\":1202,\"commentCount\":0,\"publisher\":{\"@id\":\"https:\/\/www.cofb.org\/#organization\"},\"image\":{\"@id\":\"https:\/\/novaorg.cofb.net\/2018\/11\/28\/vacunes-paper-farmaceutic-consultes-mes-frequents\/#primaryimage\"},\"thumbnailUrl\":\"\",\"keywords\":[\"al\u00b7l\u00e8rgia\",\"COFB\",\"Col\u00b7legi de Farmac\u00e8utics de Barcelona\",\"confer\u00e8ncia\",\"curs\",\"farmac\u00e8utics\",\"farm\u00e0cia assistencial\",\"farm\u00e0cia comunit\u00e0ria\",\"Formaci\u00f3\",\"vacuna\",\"vacunaci\u00f3\",\"Vacunaci\u00f3 farm\u00e0cia\",\"vacunes\",\"vacunes antigripals\"],\"articleSection\":[\"Destacats\",\"M\u00f3n col\u00b7legial\"],\"inLanguage\":\"ca\",\"potentialAction\":[{\"@type\":\"CommentAction\",\"name\":\"Comment\",\"target\":[\"https:\/\/novaorg.cofb.net\/2018\/11\/28\/vacunes-paper-farmaceutic-consultes-mes-frequents\/#respond\"]}]},{\"@type\":\"WebPage\",\"@id\":\"https:\/\/novaorg.cofb.net\/2018\/11\/28\/vacunes-paper-farmaceutic-consultes-mes-frequents\/\",\"url\":\"https:\/\/novaorg.cofb.net\/2018\/11\/28\/vacunes-paper-farmaceutic-consultes-mes-frequents\/\",\"name\":\"Les vacunes. El paper del farmac\u00e8utic i les consultes m\u00e9s freq\u00fcents - Col\u00b7legi de Farmac\u00e8utics de Barcelona\",\"isPartOf\":{\"@id\":\"https:\/\/www.cofb.org\/#website\"},\"primaryImageOfPage\":{\"@id\":\"https:\/\/novaorg.cofb.net\/2018\/11\/28\/vacunes-paper-farmaceutic-consultes-mes-frequents\/#primaryimage\"},\"image\":{\"@id\":\"https:\/\/novaorg.cofb.net\/2018\/11\/28\/vacunes-paper-farmaceutic-consultes-mes-frequents\/#primaryimage\"},\"thumbnailUrl\":\"\",\"datePublished\":\"2018-11-28T17:48:11+00:00\",\"dateModified\":\"2018-11-28T17:48:11+00:00\",\"description\":\"El passat dimarts 21 de novembre va tenir lloc al COFB el curs \u201cPractiquem amb les vacunes. Quan hem de vacunar i a qui\u201d\",\"breadcrumb\":{\"@id\":\"https:\/\/novaorg.cofb.net\/2018\/11\/28\/vacunes-paper-farmaceutic-consultes-mes-frequents\/#breadcrumb\"},\"inLanguage\":\"ca\",\"potentialAction\":[{\"@type\":\"ReadAction\",\"target\":[\"https:\/\/novaorg.cofb.net\/2018\/11\/28\/vacunes-paper-farmaceutic-consultes-mes-frequents\/\"]}]},{\"@type\":\"ImageObject\",\"inLanguage\":\"ca\",\"@id\":\"https:\/\/novaorg.cofb.net\/2018\/11\/28\/vacunes-paper-farmaceutic-consultes-mes-frequents\/#primaryimage\",\"url\":\"\",\"contentUrl\":\"\"},{\"@type\":\"BreadcrumbList\",\"@id\":\"https:\/\/novaorg.cofb.net\/2018\/11\/28\/vacunes-paper-farmaceutic-consultes-mes-frequents\/#breadcrumb\",\"itemListElement\":[{\"@type\":\"ListItem\",\"position\":1,\"name\":\"Inici\",\"item\":\"https:\/\/novaorg.cofb.net\/\"},{\"@type\":\"ListItem\",\"position\":2,\"name\":\"Les vacunes. El paper del farmac\u00e8utic i les consultes m\u00e9s freq\u00fcents\"}]},{\"@type\":\"WebSite\",\"@id\":\"https:\/\/www.cofb.org\/#website\",\"url\":\"https:\/\/www.cofb.org\/\",\"name\":\"Col\u00b7legi de Farmac\u00e8utics de Barcelona\",\"description\":\"\",\"publisher\":{\"@id\":\"https:\/\/www.cofb.org\/#organization\"},\"potentialAction\":[{\"@type\":\"SearchAction\",\"target\":{\"@type\":\"EntryPoint\",\"urlTemplate\":\"https:\/\/www.cofb.org\/?s={search_term_string}\"},\"query-input\":\"required name=search_term_string\"}],\"inLanguage\":\"ca\"},{\"@type\":\"Organization\",\"@id\":\"https:\/\/www.cofb.org\/#organization\",\"name\":\"Col\u00b7legi de Farmac\u00e8utics de Barcelona\",\"url\":\"https:\/\/www.cofb.org\/\",\"logo\":{\"@type\":\"ImageObject\",\"inLanguage\":\"ca\",\"@id\":\"https:\/\/www.cofb.org\/#\/schema\/logo\/image\/\",\"url\":\"https:\/\/www.cofb.org\/wp-content\/uploads\/2023\/11\/cropped-Logotip-COFB.png\",\"contentUrl\":\"https:\/\/www.cofb.org\/wp-content\/uploads\/2023\/11\/cropped-Logotip-COFB.png\",\"width\":500,\"height\":105,\"caption\":\"Col\u00b7legi de Farmac\u00e8utics de Barcelona\"},\"image\":{\"@id\":\"https:\/\/www.cofb.org\/#\/schema\/logo\/image\/\"},\"sameAs\":[\"https:\/\/www.facebook.com\/farmaceuticsbcn\/\",\"https:\/\/twitter.com\/farmaceuticsbcn\",\"https:\/\/www.instagram.com\/farmaceuticsbcn\/\",\"https:\/\/www.linkedin.com\/company\/farmaceuticsbcn\/\"]},{\"@type\":\"Person\",\"@id\":\"https:\/\/www.cofb.org\/#\/schema\/person\/22ed7eea88da74b0fa4d3154ad87ffcb\",\"name\":\"wpAdminCofbOrg\",\"image\":{\"@type\":\"ImageObject\",\"inLanguage\":\"ca\",\"@id\":\"https:\/\/www.cofb.org\/#\/schema\/person\/image\/\",\"url\":\"https:\/\/secure.gravatar.com\/avatar\/1721b20b3b8ca882c3b56ec6c978c594fff670e40c0718e9190eaeeb76aae7d8?s=96&d=mm&r=g\",\"contentUrl\":\"https:\/\/secure.gravatar.com\/avatar\/1721b20b3b8ca882c3b56ec6c978c594fff670e40c0718e9190eaeeb76aae7d8?s=96&d=mm&r=g\",\"caption\":\"wpAdminCofbOrg\"},\"sameAs\":[\"http:\/\/192.168.64.122\/wordpress\"],\"url\":\"https:\/\/www.cofb.org\/ca\/author\/wpadmincofborg\/\"}]}<\/script>\n<!-- \/ Yoast SEO plugin. -->","yoast_head_json":{"title":"Les vacunes. El paper del farmac\u00e8utic i les consultes m\u00e9s freq\u00fcents - Col\u00b7legi de Farmac\u00e8utics de Barcelona","description":"El passat dimarts 21 de novembre va tenir lloc al COFB el curs \u201cPractiquem amb les vacunes. Quan hem de vacunar i a qui\u201d","robots":{"index":"index","follow":"follow","max-snippet":"max-snippet:-1","max-image-preview":"max-image-preview:large","max-video-preview":"max-video-preview:-1"},"canonical":"https:\/\/novaorg.cofb.net\/2018\/11\/28\/vacunes-paper-farmaceutic-consultes-mes-frequents\/","og_locale":"ca_ES","og_type":"article","og_title":"Les vacunes. El paper del farmac\u00e8utic i les consultes m\u00e9s freq\u00fcents - Col\u00b7legi de Farmac\u00e8utics de Barcelona","og_description":"El passat dimarts 21 de novembre va tenir lloc al COFB el curs \u201cPractiquem amb les vacunes. Quan hem de vacunar i a qui\u201d","og_url":"https:\/\/novaorg.cofb.net\/2018\/11\/28\/vacunes-paper-farmaceutic-consultes-mes-frequents\/","og_site_name":"Col\u00b7legi de Farmac\u00e8utics de Barcelona","article_publisher":"https:\/\/www.facebook.com\/farmaceuticsbcn\/","article_published_time":"2018-11-28T17:48:11+00:00","author":"wpAdminCofbOrg","twitter_card":"summary_large_image","twitter_creator":"@farmaceuticsbcn","twitter_site":"@farmaceuticsbcn","twitter_misc":{"Escrit per":"wpAdminCofbOrg","Temps estimat de lectura":"6 minuts"},"schema":{"@context":"https:\/\/schema.org","@graph":[{"@type":"Article","@id":"https:\/\/novaorg.cofb.net\/2018\/11\/28\/vacunes-paper-farmaceutic-consultes-mes-frequents\/#article","isPartOf":{"@id":"https:\/\/novaorg.cofb.net\/2018\/11\/28\/vacunes-paper-farmaceutic-consultes-mes-frequents\/"},"author":{"name":"wpAdminCofbOrg","@id":"https:\/\/www.cofb.org\/#\/schema\/person\/22ed7eea88da74b0fa4d3154ad87ffcb"},"headline":"Les vacunes. El paper del farmac\u00e8utic i les consultes m\u00e9s freq\u00fcents","datePublished":"2018-11-28T17:48:11+00:00","dateModified":"2018-11-28T17:48:11+00:00","mainEntityOfPage":{"@id":"https:\/\/novaorg.cofb.net\/2018\/11\/28\/vacunes-paper-farmaceutic-consultes-mes-frequents\/"},"wordCount":1202,"commentCount":0,"publisher":{"@id":"https:\/\/www.cofb.org\/#organization"},"image":{"@id":"https:\/\/novaorg.cofb.net\/2018\/11\/28\/vacunes-paper-farmaceutic-consultes-mes-frequents\/#primaryimage"},"thumbnailUrl":"","keywords":["al\u00b7l\u00e8rgia","COFB","Col\u00b7legi de Farmac\u00e8utics de Barcelona","confer\u00e8ncia","curs","farmac\u00e8utics","farm\u00e0cia assistencial","farm\u00e0cia comunit\u00e0ria","Formaci\u00f3","vacuna","vacunaci\u00f3","Vacunaci\u00f3 farm\u00e0cia","vacunes","vacunes antigripals"],"articleSection":["Destacats","M\u00f3n col\u00b7legial"],"inLanguage":"ca","potentialAction":[{"@type":"CommentAction","name":"Comment","target":["https:\/\/novaorg.cofb.net\/2018\/11\/28\/vacunes-paper-farmaceutic-consultes-mes-frequents\/#respond"]}]},{"@type":"WebPage","@id":"https:\/\/novaorg.cofb.net\/2018\/11\/28\/vacunes-paper-farmaceutic-consultes-mes-frequents\/","url":"https:\/\/novaorg.cofb.net\/2018\/11\/28\/vacunes-paper-farmaceutic-consultes-mes-frequents\/","name":"Les vacunes. El paper del farmac\u00e8utic i les consultes m\u00e9s freq\u00fcents - Col\u00b7legi de Farmac\u00e8utics de Barcelona","isPartOf":{"@id":"https:\/\/www.cofb.org\/#website"},"primaryImageOfPage":{"@id":"https:\/\/novaorg.cofb.net\/2018\/11\/28\/vacunes-paper-farmaceutic-consultes-mes-frequents\/#primaryimage"},"image":{"@id":"https:\/\/novaorg.cofb.net\/2018\/11\/28\/vacunes-paper-farmaceutic-consultes-mes-frequents\/#primaryimage"},"thumbnailUrl":"","datePublished":"2018-11-28T17:48:11+00:00","dateModified":"2018-11-28T17:48:11+00:00","description":"El passat dimarts 21 de novembre va tenir lloc al COFB el curs \u201cPractiquem amb les vacunes. Quan hem de vacunar i a qui\u201d","breadcrumb":{"@id":"https:\/\/novaorg.cofb.net\/2018\/11\/28\/vacunes-paper-farmaceutic-consultes-mes-frequents\/#breadcrumb"},"inLanguage":"ca","potentialAction":[{"@type":"ReadAction","target":["https:\/\/novaorg.cofb.net\/2018\/11\/28\/vacunes-paper-farmaceutic-consultes-mes-frequents\/"]}]},{"@type":"ImageObject","inLanguage":"ca","@id":"https:\/\/novaorg.cofb.net\/2018\/11\/28\/vacunes-paper-farmaceutic-consultes-mes-frequents\/#primaryimage","url":"","contentUrl":""},{"@type":"BreadcrumbList","@id":"https:\/\/novaorg.cofb.net\/2018\/11\/28\/vacunes-paper-farmaceutic-consultes-mes-frequents\/#breadcrumb","itemListElement":[{"@type":"ListItem","position":1,"name":"Inici","item":"https:\/\/novaorg.cofb.net\/"},{"@type":"ListItem","position":2,"name":"Les vacunes. El paper del farmac\u00e8utic i les consultes m\u00e9s freq\u00fcents"}]},{"@type":"WebSite","@id":"https:\/\/www.cofb.org\/#website","url":"https:\/\/www.cofb.org\/","name":"Col\u00b7legi de Farmac\u00e8utics de Barcelona","description":"","publisher":{"@id":"https:\/\/www.cofb.org\/#organization"},"potentialAction":[{"@type":"SearchAction","target":{"@type":"EntryPoint","urlTemplate":"https:\/\/www.cofb.org\/?s={search_term_string}"},"query-input":"required name=search_term_string"}],"inLanguage":"ca"},{"@type":"Organization","@id":"https:\/\/www.cofb.org\/#organization","name":"Col\u00b7legi de Farmac\u00e8utics de Barcelona","url":"https:\/\/www.cofb.org\/","logo":{"@type":"ImageObject","inLanguage":"ca","@id":"https:\/\/www.cofb.org\/#\/schema\/logo\/image\/","url":"https:\/\/www.cofb.org\/wp-content\/uploads\/2023\/11\/cropped-Logotip-COFB.png","contentUrl":"https:\/\/www.cofb.org\/wp-content\/uploads\/2023\/11\/cropped-Logotip-COFB.png","width":500,"height":105,"caption":"Col\u00b7legi de Farmac\u00e8utics de Barcelona"},"image":{"@id":"https:\/\/www.cofb.org\/#\/schema\/logo\/image\/"},"sameAs":["https:\/\/www.facebook.com\/farmaceuticsbcn\/","https:\/\/twitter.com\/farmaceuticsbcn","https:\/\/www.instagram.com\/farmaceuticsbcn\/","https:\/\/www.linkedin.com\/company\/farmaceuticsbcn\/"]},{"@type":"Person","@id":"https:\/\/www.cofb.org\/#\/schema\/person\/22ed7eea88da74b0fa4d3154ad87ffcb","name":"wpAdminCofbOrg","image":{"@type":"ImageObject","inLanguage":"ca","@id":"https:\/\/www.cofb.org\/#\/schema\/person\/image\/","url":"https:\/\/secure.gravatar.com\/avatar\/1721b20b3b8ca882c3b56ec6c978c594fff670e40c0718e9190eaeeb76aae7d8?s=96&d=mm&r=g","contentUrl":"https:\/\/secure.gravatar.com\/avatar\/1721b20b3b8ca882c3b56ec6c978c594fff670e40c0718e9190eaeeb76aae7d8?s=96&d=mm&r=g","caption":"wpAdminCofbOrg"},"sameAs":["http:\/\/192.168.64.122\/wordpress"],"url":"https:\/\/www.cofb.org\/ca\/author\/wpadmincofborg\/"}]}},"uagb_featured_image_src":{"full":false,"thumbnail":false,"medium":false,"medium_large":false,"large":false,"1536x1536":false,"2048x2048":false,"trp-custom-language-flag":false},"uagb_author_info":{"display_name":"wpAdminCofbOrg","author_link":"https:\/\/www.cofb.org\/ca\/author\/wpadmincofborg\/"},"uagb_comment_info":0,"uagb_excerpt":"El passat dimarts 21 de novembre va tenir lloc al COFB el curs \u201cPractiquem amb les vacunes. Quan hem de vacunar i a qui\u201d impartit per la Dra. Magda Campins, del Servei de Medicina Preventiva i Epidemiologia de l\u2019Hospital Universitari Vall d\u2019Hebron i Salvador Tous, farmac\u00e8utic comunitari, titular d\u2019oficina de [&hellip;]","_links":{"self":[{"href":"https:\/\/www.cofb.org\/ca\/wp-json\/wp\/v2\/posts\/42690","targetHints":{"allow":["GET"]}}],"collection":[{"href":"https:\/\/www.cofb.org\/ca\/wp-json\/wp\/v2\/posts"}],"about":[{"href":"https:\/\/www.cofb.org\/ca\/wp-json\/wp\/v2\/types\/post"}],"author":[{"embeddable":true,"href":"https:\/\/www.cofb.org\/ca\/wp-json\/wp\/v2\/users\/1"}],"replies":[{"embeddable":true,"href":"https:\/\/www.cofb.org\/ca\/wp-json\/wp\/v2\/comments?post=42690"}],"version-history":[{"count":0,"href":"https:\/\/www.cofb.org\/ca\/wp-json\/wp\/v2\/posts\/42690\/revisions"}],"wp:featuredmedia":[{"embeddable":true,"href":"https:\/\/www.cofb.org\/ca\/wp-json\/"}],"wp:attachment":[{"href":"https:\/\/www.cofb.org\/ca\/wp-json\/wp\/v2\/media?parent=42690"}],"wp:term":[{"taxonomy":"category","embeddable":true,"href":"https:\/\/www.cofb.org\/ca\/wp-json\/wp\/v2\/categories?post=42690"},{"taxonomy":"post_tag","embeddable":true,"href":"https:\/\/www.cofb.org\/ca\/wp-json\/wp\/v2\/tags?post=42690"}],"curies":[{"name":"wp","href":"https:\/\/api.w.org\/{rel}","templated":true}]}}