{"id":42520,"date":"2018-11-23T14:26:51","date_gmt":"2018-11-23T12:26:51","guid":{"rendered":"https:\/\/blog.cofb.cat\/?p=42520"},"modified":"2018-11-23T14:26:51","modified_gmt":"2018-11-23T12:26:51","slug":"experiencies-dexit-farmacia-basca-parlarem-nova-edicio-trobades-sanitat","status":"publish","type":"post","link":"https:\/\/www.cofb.org\/ca\/2018\/11\/23\/experiencies-dexit-farmacia-basca-parlarem-nova-edicio-trobades-sanitat\/","title":{"rendered":"Experi\u00e8ncies d&#8217;\u00e8xit a la farm\u00e0cia basca. En parlarem a una nova edici\u00f3 de &#8220;Trobades amb la Sanitat&#8221;"},"content":{"rendered":"<p>Per tancar el cicle, pel que fa a aquest any, de les <strong>&#8220;Trobades amb la Sanitat&#8221;<\/strong>, el pr\u00f2xim 29 de novembre ens visitar\u00e0 el senyor <strong>I\u00f1aki Betolaza<\/strong>, <strong>director de Farm\u00e0cia del Departament de Salut del Govern Basc<\/strong>. En una conversa pr\u00e8via, ens ha avan\u00e7at els temes i experi\u00e8ncies que abordar\u00e0 en aquesta xerrada titulada <strong>&#8220;La farm\u00e0cia, un agent m\u00e9s de salut a Euskadi&#8221;.<\/strong><\/p>\n<h1><strong>Quines serien les l\u00ednies principals de la seva confer\u00e8ncia al COFB?<\/strong><\/h1>\n<p>En la confer\u00e8ncia es presentaran en primer lloc les <strong>l\u00ednies estrat\u00e8giques<\/strong> del Departamento de Salud i Osakidetza (Servicio Vasco de Salud)\u00a0<strong>en mat\u00e8ria de pol\u00edtica farmac\u00e8utica<\/strong>. Posteriorment s&#8217;exposar\u00e0 el context pel que fa al <strong>consum farmac\u00e8utic a Euskadi<\/strong> i es desenvolupar\u00e0 una exposici\u00f3 de les <strong>principals accions que hem desenvolupat en els \u00faltims anys<\/strong>, per finalitzar amb la nostra visi\u00f3 i <strong>plans d&#8217;actuaci\u00f3 a futur<\/strong>.<\/p>\n<h1><strong>Quina \u00e9s l&#8217;aposta des d&#8217;Euskadi sobre el model de farm\u00e0cia i quin paper tenen els Col\u00b7legis de Farmac\u00e8utics?<\/strong><\/h1>\n<p>Des d&#8217;Euskadi vam fer una <strong>aposta per l&#8217;actual model de farm\u00e0cia<\/strong> vigent en l&#8217;estat espanyol i la mantenim de manera molt clara i consistent. <strong>Volem anar m\u00e9s enll\u00e0 quant a la participaci\u00f3 de l&#8217;oficina de farm\u00e0cia en l&#8217;\u00e0mbit assistencial de l&#8217;Atenci\u00f3 Farmac\u00e8utica i del Seguiment Farmacoterap\u00e8utic Integral dels nostres pacients<\/strong>; tot aix\u00f2 en coordinaci\u00f3 amb els diferents nivells assistencials del sistema de salut i amb els serveis socials.<br \/>\nEn aquest sentit, <strong>els nostres Col\u00b7legis de Farmac\u00e8utics tenen un paper molt actiu i comprom\u00e8s i vull ressaltar la seva receptivitat a les nostres propostes i la cont\u00ednua l\u00ednia de di\u00e0leg i col\u00b7laboraci\u00f3<\/strong> i les bones relacions institucionals que mantenim.<\/p>\n<figure id=\"attachment_42522\" aria-describedby=\"caption-attachment-42522\" style=\"width: 687px\" class=\"wp-caption aligncenter\"><a href=\"https:\/\/blog.cofb.cat\/wp-content\/uploads\/2018\/11\/I\u00f1aki-Betolaza.jpg\"><img fetchpriority=\"high\" decoding=\"async\" class=\"wp-image-42522 size-full\" title=\"I\u00f1aki Betolaza, director de Farmacia del Departament de Salut del Govern Basc.\" src=\"https:\/\/blog.cofb.cat\/wp-content\/uploads\/2018\/11\/I\u00f1aki-Betolaza.jpg\" alt=\"I\u00f1aki Betolaza, director de Farmacia del Departament de Salut del Govern Basc.\" width=\"687\" height=\"536\" \/><\/a><figcaption id=\"caption-attachment-42522\" class=\"wp-caption-text\">I\u00f1aki Betolaza, director de Farmacia del Departament de Salut del Govern Basc.<\/figcaption><\/figure>\n<h1><strong>Quin tipus d&#8217;accions s&#8217;estan duent a terme per implementar aquesta aposta?<\/strong><\/h1>\n<p><strong>A m\u00e9s dels programes d&#8217;atenci\u00f3 farmac\u00e8utica<\/strong> que portem desenvolupant, <strong>alguns des de fa m\u00e9s de vint anys<\/strong>, <strong>estem treballant en l&#8217;impuls del Programa de Millora de l&#8217;\u00das de la Medicaci\u00f3 en pacients atesos pels Serveis d&#8217;Ajuda Domicili\u00e0ria dels Ajuntaments<\/strong>, un clar <strong>exemple de col\u00b7laboraci\u00f3 i coordinaci\u00f3 sociosanit\u00e0ria<\/strong>, i en aquest \u00faltim any\u00a0hem desenvolupat\u00a0el <strong>Projecte de Seguiment\u00a0Farmacoterap\u00e8utic\u00a0Integral a pacients diab\u00e8tics tipus 2<\/strong>.<br \/>\nVull <strong>destacar tamb\u00e9 la col\u00b7laboraci\u00f3 que desenvolupem en la implantaci\u00f3 de la Recepta Electr\u00f2nica<\/strong> a la fi de l&#8217;any 2013 en el conjunt de les oficines de farm\u00e0cia i dels centres assistencials del nostre servei de salut,\u00a0<span class=\"hiddenSpellError\">Osakidetza<\/span>; aix\u00ed mateix, en el passat 2017 incorporem al sistema de Recepta Electr\u00f2nica i vam donar acc\u00e9s a la Hist\u00f2ria Cl\u00ednica de\u00a0<span class=\"hiddenSpellError\">Osakidetza<\/span>,\u00a0<span class=\"hiddenSpellError\">Osabide<\/span>, a les m\u00e9s de 300 Resid\u00e8ncies de persones majors de la nostra Comunitat Aut\u00f2noma. Finalment, <strong>al gener d&#8217;aquest any 2018 ens incorporem al sistema d&#8217;interoperabilitat de la recepta electr\u00f2nica<\/strong>\u00a0en l&#8217;\u00e0mbit estatal.<br \/>\nActualment, <strong>estem treballant per incorporar al sistema a les Mutualitats de Funcionaris i estem treballant conjuntament amb els Col\u00b7legis de Veterinaris per incorporar en la nostra Comunitat la Recepta Electr\u00f2nica Veterin\u00e0ria<\/strong>.<br \/>\nA m\u00e9s, <strong>de cara a futur tenim plantejades accions de col\u00b7laboraci\u00f3 en nous programes d&#8217;atenci\u00f3 farmac\u00e8utica relacionats amb la seguretat del pacient i de l&#8217;adher\u00e8ncia als tractaments<\/strong> farmacol\u00f2gics, aix\u00ed com la <strong>participaci\u00f3 de les oficines de farm\u00e0cia en l&#8217;aplicaci\u00f3 de les mesures d&#8217;\u00fas racional del medicament<\/strong> promogudes des del Departamento de Salud i\u00a0<span class=\"hiddenSpellError\">Osakid<\/span><span class=\"hiddenSpellError\">etza<\/span>\u00a0i la seva <strong>implicaci\u00f3 com a agents actius en \u00e0mbits de la salut comunit\u00e0ria<\/strong>.<\/p>\n<div class=\"box note\"><\/p>\n<p><strong>I\u00f1aki Betolaza<\/strong>, llicenciat en Ci\u00e8ncies Econ\u00f2miques i Empresarials per la\u00a0<em>Universidad del Pa\u00eds Vasco<\/em>, des del 1986 ha ocupat diferents c\u00e0rrecs en el govern fins a fer-se c\u00e0rrec de la<strong> direcci\u00f3 de Farm\u00e0cia del Departament de Salut del Govern Basc<i> <\/i>al 2013<\/strong>.\u00a0A partir del seu nomenament, a m\u00e9s de fer-se c\u00e0rrec de l\u2019<strong>ordenaci\u00f3 dels establiments i serveis d\u2019atenci\u00f3 farmac\u00e8utica a Euskadi<\/strong>, ha treballat en la <strong>implantaci\u00f3 total de la recepta electr\u00f2nica<\/strong> en aquella comunitat aut\u00f2noma.\u00a0\u00c9s <strong>impulsor del programa per millorar l\u2019\u00fas de la medicaci\u00f3 en persones ateses pels serveis d\u2019ajuda domicili\u00e0ria dels ajuntaments<\/strong>, guardonat fa poc temps en dues categories de la primera edici\u00f3 dels Premis OAT per a la millora de l\u2019Adher\u00e8ncia al Tractament de la Comunitat de Madrid.<\/p>\n<p><\/div>\n<h1><strong>Podria haver-hi experi\u00e8ncies extrapolables a Catalunya?<\/strong><\/h1>\n<p><strong>Crec que Catalunya \u00e9s una comunitat en la qual existeix bona col\u00b7laboraci\u00f3 entre el CatSalut i els Col\u00b7legis de Farmac\u00e8utics<\/strong>. En principi i d&#8217;acord a la meva experi\u00e8ncia \u00e9s necessari con\u00e8ixer molt b\u00e9 l&#8217;escenari en el qual s&#8217;han desenvolupat els projectes, l&#8217;entramat institucional i l&#8217;estructura d&#8217;oferta assistencial; <strong>personalment em sembla que el projecte de Seguiment Farmacoterap\u00e8utic pot resultar d&#8217;inter\u00e8s de cara a contrastar els resultats obtinguts i comprovar les din\u00e0miques de col\u00b7laboraci\u00f3 dels equips assistencials de car\u00e0cter interdisciplinari<\/strong> i la percepci\u00f3 i valoraci\u00f3 dels pacients participants en el mateix de cara a <strong>obtenir unes conclusions que puguin servir per perfeccionar el projecte tant des del punt de vista de l&#8217;enfocament com de l&#8217;abast i dels aspectes organitzatius, t\u00e8cnics i relacionals<\/strong> aix\u00ed com els relatius a la comunicaci\u00f3 <strong>entre professionals i amb els pacients<\/strong>.<\/p>\n<div class=\"box info\"><\/p>\n<p><strong>Inscripcions<\/strong> per aquesta nova edici\u00f3 de &#8220;Trobades amb la Sanitat&#8221; del pr\u00f2xim 29 de novembre, en aquest <strong><a href=\"http:\/\/ow.ly\/X5Cn30myCoA\" target=\"_blank\" rel=\"noopener\">enlla\u00e7<\/a><\/strong>.<\/p>\n<p><\/div>\n<p><strong>Altres continguts relacionats amb les &#8220;Trobades amb la Sanitat&#8221;:<\/strong><\/p>\n<ul>\n<li><a href=\"https:\/\/blog.cofb.cat\/boi-ruiz-hem-dintegrar-loficina-farmacia-element-mes-latencio-primaria-video-entrevista\/\" target=\"_blank\" rel=\"noopener\">Boi Ruiz: \u201cHem d\u2019integrar l\u2019oficina de farm\u00e0cia com un element m\u00e9s de l\u2019atenci\u00f3 prim\u00e0ria\u201d (V\u00eddeo entrevista) (Juliol 2018)<\/a><\/li>\n<li><a href=\"https:\/\/blog.cofb.cat\/farmaceutic-agent-important-sistema-sanitari-latencio-cronicitat-entrevista-senador-jose-martinez-olmos\/\" target=\"_blank\" rel=\"noopener\">\u201cEl farmac\u00e8utic \u00e9s un agent important del sistema sanitari en l\u2019atenci\u00f3 a la cronicitat\u201d [Entrevista al senador Jos\u00e9 Mart\u00ednez Olmos] (Abril 2018)<\/a><\/li>\n<li><a href=\"https:\/\/blog.cofb.cat\/presentacio-del-llibre-de-jose-martinez-olmos-primera-trobada-amb-la-sanitat-del-cofb\/\" target=\"_blank\" rel=\"noopener\">Primera de les \u201cTrobades amb la Sanitat\u201d del COFB: Presentaci\u00f3 de \u201cEl futuro de la Sanidad en Espa\u00f1a\u201d de Jos\u00e9 Mart\u00ednez Olmos (Gener 2018)<\/a><\/li>\n<\/ul>\n","protected":false},"excerpt":{"rendered":"<p>Per tancar el cicle, pel que fa a aquest any, de les &#8220;Trobades amb la Sanitat&#8221;, el pr\u00f2xim 29 de novembre ens visitar\u00e0 el senyor I\u00f1aki Betolaza, director de Farm\u00e0cia del Departament de Salut del Govern Basc. En una conversa pr\u00e8via, ens ha avan\u00e7at els temes i experi\u00e8ncies que abordar\u00e0 [&hellip;]<\/p>\n","protected":false},"author":1,"featured_media":42593,"comment_status":"open","ping_status":"open","sticky":false,"template":"","format":"standard","meta":{"_uag_custom_page_level_css":"","site-sidebar-layout":"default","site-content-layout":"","ast-site-content-layout":"default","site-content-style":"default","site-sidebar-style":"default","ast-global-header-display":"","ast-banner-title-visibility":"","ast-main-header-display":"","ast-hfb-above-header-display":"","ast-hfb-below-header-display":"","ast-hfb-mobile-header-display":"","site-post-title":"","ast-breadcrumbs-content":"","ast-featured-img":"disabled","footer-sml-layout":"","theme-transparent-header-meta":"","adv-header-id-meta":"","stick-header-meta":"","header-above-stick-meta":"","header-main-stick-meta":"","header-below-stick-meta":"","astra-migrate-meta-layouts":"default","ast-page-background-enabled":"default","ast-page-background-meta":{"desktop":{"background-color":"var(--ast-global-color-4)","background-image":"","background-repeat":"repeat","background-position":"center center","background-size":"auto","background-attachment":"scroll","background-type":"","background-media":"","overlay-type":"","overlay-color":"","overlay-opacity":"","overlay-gradient":""},"tablet":{"background-color":"","background-image":"","background-repeat":"repeat","background-position":"center center","background-size":"auto","background-attachment":"scroll","background-type":"","background-media":"","overlay-type":"","overlay-color":"","overlay-opacity":"","overlay-gradient":""},"mobile":{"background-color":"","background-image":"","background-repeat":"repeat","background-position":"center center","background-size":"auto","background-attachment":"scroll","background-type":"","background-media":"","overlay-type":"","overlay-color":"","overlay-opacity":"","overlay-gradient":""}},"ast-content-background-meta":{"desktop":{"background-color":"var(--ast-global-color-5)","background-image":"","background-repeat":"repeat","background-position":"center center","background-size":"auto","background-attachment":"scroll","background-type":"","background-media":"","overlay-type":"","overlay-color":"","overlay-opacity":"","overlay-gradient":""},"tablet":{"background-color":"var(--ast-global-color-5)","background-image":"","background-repeat":"repeat","background-position":"center center","background-size":"auto","background-attachment":"scroll","background-type":"","background-media":"","overlay-type":"","overlay-color":"","overlay-opacity":"","overlay-gradient":""},"mobile":{"background-color":"var(--ast-global-color-5)","background-image":"","background-repeat":"repeat","background-position":"center center","background-size":"auto","background-attachment":"scroll","background-type":"","background-media":"","overlay-type":"","overlay-color":"","overlay-opacity":"","overlay-gradient":""}},"footnotes":""},"categories":[57],"tags":[3332,3333,3334,3335,2960,2135],"class_list":["post-42520","post","type-post","status-publish","format-standard","has-post-thumbnail","hentry","category-mon-collegial","tag-director-de-farmacia","tag-euskadi","tag-osakidetza","tag-pais-basc","tag-trobades","tag-trobades-amb-la-sanitat"],"yoast_head":"<!-- This site is optimized with the Yoast SEO plugin v22.4 - https:\/\/yoast.com\/wordpress\/plugins\/seo\/ -->\n<title>Experi\u00e8ncies d&#039;\u00e8xit a la farm\u00e0cia basca. En parlarem a una nova edici\u00f3 de &quot;Trobades amb la Sanitat&quot; - Col\u00b7legi de Farmac\u00e8utics de Barcelona<\/title>\n<meta name=\"robots\" content=\"index, follow, max-snippet:-1, max-image-preview:large, max-video-preview:-1\" \/>\n<link rel=\"canonical\" href=\"https:\/\/novaorg.cofb.net\/2018\/11\/23\/experiencies-dexit-farmacia-basca-parlarem-nova-edicio-trobades-sanitat\/\" \/>\n<meta property=\"og:locale\" content=\"ca_ES\" \/>\n<meta property=\"og:type\" content=\"article\" \/>\n<meta property=\"og:title\" content=\"Experi\u00e8ncies d&#039;\u00e8xit a la farm\u00e0cia basca. En parlarem a una nova edici\u00f3 de &quot;Trobades amb la Sanitat&quot; - Col\u00b7legi de Farmac\u00e8utics de Barcelona\" \/>\n<meta property=\"og:description\" content=\"Per tancar el cicle, pel que fa a aquest any, de les &#8220;Trobades amb la Sanitat&#8221;, el pr\u00f2xim 29 de novembre ens visitar\u00e0 el senyor I\u00f1aki Betolaza, director de Farm\u00e0cia del Departament de Salut del Govern Basc. En una conversa pr\u00e8via, ens ha avan\u00e7at els temes i experi\u00e8ncies que abordar\u00e0 [&hellip;]\" \/>\n<meta property=\"og:url\" content=\"https:\/\/novaorg.cofb.net\/2018\/11\/23\/experiencies-dexit-farmacia-basca-parlarem-nova-edicio-trobades-sanitat\/\" \/>\n<meta property=\"og:site_name\" content=\"Col\u00b7legi de Farmac\u00e8utics de Barcelona\" \/>\n<meta property=\"article:publisher\" content=\"https:\/\/www.facebook.com\/farmaceuticsbcn\/\" \/>\n<meta property=\"article:published_time\" content=\"2018-11-23T12:26:51+00:00\" \/>\n<meta name=\"author\" content=\"wpAdminCofbOrg\" \/>\n<meta name=\"twitter:card\" content=\"summary_large_image\" \/>\n<meta name=\"twitter:creator\" content=\"@farmaceuticsbcn\" \/>\n<meta name=\"twitter:site\" content=\"@farmaceuticsbcn\" \/>\n<meta name=\"twitter:label1\" content=\"Escrit per\" \/>\n\t<meta name=\"twitter:data1\" content=\"wpAdminCofbOrg\" \/>\n\t<meta name=\"twitter:label2\" content=\"Temps estimat de lectura\" \/>\n\t<meta name=\"twitter:data2\" content=\"5 minuts\" \/>\n<script type=\"application\/ld+json\" class=\"yoast-schema-graph\">{\"@context\":\"https:\/\/schema.org\",\"@graph\":[{\"@type\":\"Article\",\"@id\":\"https:\/\/novaorg.cofb.net\/2018\/11\/23\/experiencies-dexit-farmacia-basca-parlarem-nova-edicio-trobades-sanitat\/#article\",\"isPartOf\":{\"@id\":\"https:\/\/novaorg.cofb.net\/2018\/11\/23\/experiencies-dexit-farmacia-basca-parlarem-nova-edicio-trobades-sanitat\/\"},\"author\":{\"name\":\"wpAdminCofbOrg\",\"@id\":\"https:\/\/www.cofb.org\/#\/schema\/person\/22ed7eea88da74b0fa4d3154ad87ffcb\"},\"headline\":\"Experi\u00e8ncies d&#8217;\u00e8xit a la farm\u00e0cia basca. En parlarem a una nova edici\u00f3 de &#8220;Trobades amb la Sanitat&#8221;\",\"datePublished\":\"2018-11-23T12:26:51+00:00\",\"dateModified\":\"2018-11-23T12:26:51+00:00\",\"mainEntityOfPage\":{\"@id\":\"https:\/\/novaorg.cofb.net\/2018\/11\/23\/experiencies-dexit-farmacia-basca-parlarem-nova-edicio-trobades-sanitat\/\"},\"wordCount\":1060,\"commentCount\":0,\"publisher\":{\"@id\":\"https:\/\/www.cofb.org\/#organization\"},\"image\":{\"@id\":\"https:\/\/novaorg.cofb.net\/2018\/11\/23\/experiencies-dexit-farmacia-basca-parlarem-nova-edicio-trobades-sanitat\/#primaryimage\"},\"thumbnailUrl\":\"\",\"keywords\":[\"director de farm\u00e0cia\",\"euskadi\",\"Osakidetza\",\"pais basc\",\"trobades\",\"trobades amb la sanitat\"],\"articleSection\":[\"M\u00f3n col\u00b7legial\"],\"inLanguage\":\"ca\",\"potentialAction\":[{\"@type\":\"CommentAction\",\"name\":\"Comment\",\"target\":[\"https:\/\/novaorg.cofb.net\/2018\/11\/23\/experiencies-dexit-farmacia-basca-parlarem-nova-edicio-trobades-sanitat\/#respond\"]}]},{\"@type\":\"WebPage\",\"@id\":\"https:\/\/novaorg.cofb.net\/2018\/11\/23\/experiencies-dexit-farmacia-basca-parlarem-nova-edicio-trobades-sanitat\/\",\"url\":\"https:\/\/novaorg.cofb.net\/2018\/11\/23\/experiencies-dexit-farmacia-basca-parlarem-nova-edicio-trobades-sanitat\/\",\"name\":\"Experi\u00e8ncies d'\u00e8xit a la farm\u00e0cia basca. En parlarem a una nova edici\u00f3 de \\\"Trobades amb la Sanitat\\\" - Col\u00b7legi de Farmac\u00e8utics de Barcelona\",\"isPartOf\":{\"@id\":\"https:\/\/www.cofb.org\/#website\"},\"primaryImageOfPage\":{\"@id\":\"https:\/\/novaorg.cofb.net\/2018\/11\/23\/experiencies-dexit-farmacia-basca-parlarem-nova-edicio-trobades-sanitat\/#primaryimage\"},\"image\":{\"@id\":\"https:\/\/novaorg.cofb.net\/2018\/11\/23\/experiencies-dexit-farmacia-basca-parlarem-nova-edicio-trobades-sanitat\/#primaryimage\"},\"thumbnailUrl\":\"\",\"datePublished\":\"2018-11-23T12:26:51+00:00\",\"dateModified\":\"2018-11-23T12:26:51+00:00\",\"breadcrumb\":{\"@id\":\"https:\/\/novaorg.cofb.net\/2018\/11\/23\/experiencies-dexit-farmacia-basca-parlarem-nova-edicio-trobades-sanitat\/#breadcrumb\"},\"inLanguage\":\"ca\",\"potentialAction\":[{\"@type\":\"ReadAction\",\"target\":[\"https:\/\/novaorg.cofb.net\/2018\/11\/23\/experiencies-dexit-farmacia-basca-parlarem-nova-edicio-trobades-sanitat\/\"]}]},{\"@type\":\"ImageObject\",\"inLanguage\":\"ca\",\"@id\":\"https:\/\/novaorg.cofb.net\/2018\/11\/23\/experiencies-dexit-farmacia-basca-parlarem-nova-edicio-trobades-sanitat\/#primaryimage\",\"url\":\"\",\"contentUrl\":\"\"},{\"@type\":\"BreadcrumbList\",\"@id\":\"https:\/\/novaorg.cofb.net\/2018\/11\/23\/experiencies-dexit-farmacia-basca-parlarem-nova-edicio-trobades-sanitat\/#breadcrumb\",\"itemListElement\":[{\"@type\":\"ListItem\",\"position\":1,\"name\":\"Inici\",\"item\":\"https:\/\/novaorg.cofb.net\/\"},{\"@type\":\"ListItem\",\"position\":2,\"name\":\"Experi\u00e8ncies d&#8217;\u00e8xit a la farm\u00e0cia basca. En parlarem a una nova edici\u00f3 de &#8220;Trobades amb la Sanitat&#8221;\"}]},{\"@type\":\"WebSite\",\"@id\":\"https:\/\/www.cofb.org\/#website\",\"url\":\"https:\/\/www.cofb.org\/\",\"name\":\"Col\u00b7legi de Farmac\u00e8utics de Barcelona\",\"description\":\"\",\"publisher\":{\"@id\":\"https:\/\/www.cofb.org\/#organization\"},\"potentialAction\":[{\"@type\":\"SearchAction\",\"target\":{\"@type\":\"EntryPoint\",\"urlTemplate\":\"https:\/\/www.cofb.org\/?s={search_term_string}\"},\"query-input\":\"required name=search_term_string\"}],\"inLanguage\":\"ca\"},{\"@type\":\"Organization\",\"@id\":\"https:\/\/www.cofb.org\/#organization\",\"name\":\"Col\u00b7legi de Farmac\u00e8utics de Barcelona\",\"url\":\"https:\/\/www.cofb.org\/\",\"logo\":{\"@type\":\"ImageObject\",\"inLanguage\":\"ca\",\"@id\":\"https:\/\/www.cofb.org\/#\/schema\/logo\/image\/\",\"url\":\"https:\/\/www.cofb.org\/wp-content\/uploads\/2023\/11\/cropped-Logotip-COFB.png\",\"contentUrl\":\"https:\/\/www.cofb.org\/wp-content\/uploads\/2023\/11\/cropped-Logotip-COFB.png\",\"width\":500,\"height\":105,\"caption\":\"Col\u00b7legi de Farmac\u00e8utics de Barcelona\"},\"image\":{\"@id\":\"https:\/\/www.cofb.org\/#\/schema\/logo\/image\/\"},\"sameAs\":[\"https:\/\/www.facebook.com\/farmaceuticsbcn\/\",\"https:\/\/twitter.com\/farmaceuticsbcn\",\"https:\/\/www.instagram.com\/farmaceuticsbcn\/\",\"https:\/\/www.linkedin.com\/company\/farmaceuticsbcn\/\"]},{\"@type\":\"Person\",\"@id\":\"https:\/\/www.cofb.org\/#\/schema\/person\/22ed7eea88da74b0fa4d3154ad87ffcb\",\"name\":\"wpAdminCofbOrg\",\"image\":{\"@type\":\"ImageObject\",\"inLanguage\":\"ca\",\"@id\":\"https:\/\/www.cofb.org\/#\/schema\/person\/image\/\",\"url\":\"https:\/\/secure.gravatar.com\/avatar\/1721b20b3b8ca882c3b56ec6c978c594fff670e40c0718e9190eaeeb76aae7d8?s=96&d=mm&r=g\",\"contentUrl\":\"https:\/\/secure.gravatar.com\/avatar\/1721b20b3b8ca882c3b56ec6c978c594fff670e40c0718e9190eaeeb76aae7d8?s=96&d=mm&r=g\",\"caption\":\"wpAdminCofbOrg\"},\"sameAs\":[\"http:\/\/192.168.64.122\/wordpress\"],\"url\":\"https:\/\/www.cofb.org\/ca\/author\/wpadmincofborg\/\"}]}<\/script>\n<!-- \/ Yoast SEO plugin. -->","yoast_head_json":{"title":"Experi\u00e8ncies d'\u00e8xit a la farm\u00e0cia basca. En parlarem a una nova edici\u00f3 de \"Trobades amb la Sanitat\" - Col\u00b7legi de Farmac\u00e8utics de Barcelona","robots":{"index":"index","follow":"follow","max-snippet":"max-snippet:-1","max-image-preview":"max-image-preview:large","max-video-preview":"max-video-preview:-1"},"canonical":"https:\/\/novaorg.cofb.net\/2018\/11\/23\/experiencies-dexit-farmacia-basca-parlarem-nova-edicio-trobades-sanitat\/","og_locale":"ca_ES","og_type":"article","og_title":"Experi\u00e8ncies d'\u00e8xit a la farm\u00e0cia basca. En parlarem a una nova edici\u00f3 de \"Trobades amb la Sanitat\" - Col\u00b7legi de Farmac\u00e8utics de Barcelona","og_description":"Per tancar el cicle, pel que fa a aquest any, de les &#8220;Trobades amb la Sanitat&#8221;, el pr\u00f2xim 29 de novembre ens visitar\u00e0 el senyor I\u00f1aki Betolaza, director de Farm\u00e0cia del Departament de Salut del Govern Basc. En una conversa pr\u00e8via, ens ha avan\u00e7at els temes i experi\u00e8ncies que abordar\u00e0 [&hellip;]","og_url":"https:\/\/novaorg.cofb.net\/2018\/11\/23\/experiencies-dexit-farmacia-basca-parlarem-nova-edicio-trobades-sanitat\/","og_site_name":"Col\u00b7legi de Farmac\u00e8utics de Barcelona","article_publisher":"https:\/\/www.facebook.com\/farmaceuticsbcn\/","article_published_time":"2018-11-23T12:26:51+00:00","author":"wpAdminCofbOrg","twitter_card":"summary_large_image","twitter_creator":"@farmaceuticsbcn","twitter_site":"@farmaceuticsbcn","twitter_misc":{"Escrit per":"wpAdminCofbOrg","Temps estimat de lectura":"5 minuts"},"schema":{"@context":"https:\/\/schema.org","@graph":[{"@type":"Article","@id":"https:\/\/novaorg.cofb.net\/2018\/11\/23\/experiencies-dexit-farmacia-basca-parlarem-nova-edicio-trobades-sanitat\/#article","isPartOf":{"@id":"https:\/\/novaorg.cofb.net\/2018\/11\/23\/experiencies-dexit-farmacia-basca-parlarem-nova-edicio-trobades-sanitat\/"},"author":{"name":"wpAdminCofbOrg","@id":"https:\/\/www.cofb.org\/#\/schema\/person\/22ed7eea88da74b0fa4d3154ad87ffcb"},"headline":"Experi\u00e8ncies d&#8217;\u00e8xit a la farm\u00e0cia basca. En parlarem a una nova edici\u00f3 de &#8220;Trobades amb la Sanitat&#8221;","datePublished":"2018-11-23T12:26:51+00:00","dateModified":"2018-11-23T12:26:51+00:00","mainEntityOfPage":{"@id":"https:\/\/novaorg.cofb.net\/2018\/11\/23\/experiencies-dexit-farmacia-basca-parlarem-nova-edicio-trobades-sanitat\/"},"wordCount":1060,"commentCount":0,"publisher":{"@id":"https:\/\/www.cofb.org\/#organization"},"image":{"@id":"https:\/\/novaorg.cofb.net\/2018\/11\/23\/experiencies-dexit-farmacia-basca-parlarem-nova-edicio-trobades-sanitat\/#primaryimage"},"thumbnailUrl":"","keywords":["director de farm\u00e0cia","euskadi","Osakidetza","pais basc","trobades","trobades amb la sanitat"],"articleSection":["M\u00f3n col\u00b7legial"],"inLanguage":"ca","potentialAction":[{"@type":"CommentAction","name":"Comment","target":["https:\/\/novaorg.cofb.net\/2018\/11\/23\/experiencies-dexit-farmacia-basca-parlarem-nova-edicio-trobades-sanitat\/#respond"]}]},{"@type":"WebPage","@id":"https:\/\/novaorg.cofb.net\/2018\/11\/23\/experiencies-dexit-farmacia-basca-parlarem-nova-edicio-trobades-sanitat\/","url":"https:\/\/novaorg.cofb.net\/2018\/11\/23\/experiencies-dexit-farmacia-basca-parlarem-nova-edicio-trobades-sanitat\/","name":"Experi\u00e8ncies d'\u00e8xit a la farm\u00e0cia basca. En parlarem a una nova edici\u00f3 de \"Trobades amb la Sanitat\" - Col\u00b7legi de Farmac\u00e8utics de Barcelona","isPartOf":{"@id":"https:\/\/www.cofb.org\/#website"},"primaryImageOfPage":{"@id":"https:\/\/novaorg.cofb.net\/2018\/11\/23\/experiencies-dexit-farmacia-basca-parlarem-nova-edicio-trobades-sanitat\/#primaryimage"},"image":{"@id":"https:\/\/novaorg.cofb.net\/2018\/11\/23\/experiencies-dexit-farmacia-basca-parlarem-nova-edicio-trobades-sanitat\/#primaryimage"},"thumbnailUrl":"","datePublished":"2018-11-23T12:26:51+00:00","dateModified":"2018-11-23T12:26:51+00:00","breadcrumb":{"@id":"https:\/\/novaorg.cofb.net\/2018\/11\/23\/experiencies-dexit-farmacia-basca-parlarem-nova-edicio-trobades-sanitat\/#breadcrumb"},"inLanguage":"ca","potentialAction":[{"@type":"ReadAction","target":["https:\/\/novaorg.cofb.net\/2018\/11\/23\/experiencies-dexit-farmacia-basca-parlarem-nova-edicio-trobades-sanitat\/"]}]},{"@type":"ImageObject","inLanguage":"ca","@id":"https:\/\/novaorg.cofb.net\/2018\/11\/23\/experiencies-dexit-farmacia-basca-parlarem-nova-edicio-trobades-sanitat\/#primaryimage","url":"","contentUrl":""},{"@type":"BreadcrumbList","@id":"https:\/\/novaorg.cofb.net\/2018\/11\/23\/experiencies-dexit-farmacia-basca-parlarem-nova-edicio-trobades-sanitat\/#breadcrumb","itemListElement":[{"@type":"ListItem","position":1,"name":"Inici","item":"https:\/\/novaorg.cofb.net\/"},{"@type":"ListItem","position":2,"name":"Experi\u00e8ncies d&#8217;\u00e8xit a la farm\u00e0cia basca. En parlarem a una nova edici\u00f3 de &#8220;Trobades amb la Sanitat&#8221;"}]},{"@type":"WebSite","@id":"https:\/\/www.cofb.org\/#website","url":"https:\/\/www.cofb.org\/","name":"Col\u00b7legi de Farmac\u00e8utics de Barcelona","description":"","publisher":{"@id":"https:\/\/www.cofb.org\/#organization"},"potentialAction":[{"@type":"SearchAction","target":{"@type":"EntryPoint","urlTemplate":"https:\/\/www.cofb.org\/?s={search_term_string}"},"query-input":"required name=search_term_string"}],"inLanguage":"ca"},{"@type":"Organization","@id":"https:\/\/www.cofb.org\/#organization","name":"Col\u00b7legi de Farmac\u00e8utics de Barcelona","url":"https:\/\/www.cofb.org\/","logo":{"@type":"ImageObject","inLanguage":"ca","@id":"https:\/\/www.cofb.org\/#\/schema\/logo\/image\/","url":"https:\/\/www.cofb.org\/wp-content\/uploads\/2023\/11\/cropped-Logotip-COFB.png","contentUrl":"https:\/\/www.cofb.org\/wp-content\/uploads\/2023\/11\/cropped-Logotip-COFB.png","width":500,"height":105,"caption":"Col\u00b7legi de Farmac\u00e8utics de Barcelona"},"image":{"@id":"https:\/\/www.cofb.org\/#\/schema\/logo\/image\/"},"sameAs":["https:\/\/www.facebook.com\/farmaceuticsbcn\/","https:\/\/twitter.com\/farmaceuticsbcn","https:\/\/www.instagram.com\/farmaceuticsbcn\/","https:\/\/www.linkedin.com\/company\/farmaceuticsbcn\/"]},{"@type":"Person","@id":"https:\/\/www.cofb.org\/#\/schema\/person\/22ed7eea88da74b0fa4d3154ad87ffcb","name":"wpAdminCofbOrg","image":{"@type":"ImageObject","inLanguage":"ca","@id":"https:\/\/www.cofb.org\/#\/schema\/person\/image\/","url":"https:\/\/secure.gravatar.com\/avatar\/1721b20b3b8ca882c3b56ec6c978c594fff670e40c0718e9190eaeeb76aae7d8?s=96&d=mm&r=g","contentUrl":"https:\/\/secure.gravatar.com\/avatar\/1721b20b3b8ca882c3b56ec6c978c594fff670e40c0718e9190eaeeb76aae7d8?s=96&d=mm&r=g","caption":"wpAdminCofbOrg"},"sameAs":["http:\/\/192.168.64.122\/wordpress"],"url":"https:\/\/www.cofb.org\/ca\/author\/wpadmincofborg\/"}]}},"uagb_featured_image_src":{"full":false,"thumbnail":false,"medium":false,"medium_large":false,"large":false,"1536x1536":false,"2048x2048":false,"trp-custom-language-flag":false},"uagb_author_info":{"display_name":"wpAdminCofbOrg","author_link":"https:\/\/www.cofb.org\/ca\/author\/wpadmincofborg\/"},"uagb_comment_info":0,"uagb_excerpt":"Per tancar el cicle, pel que fa a aquest any, de les &#8220;Trobades amb la Sanitat&#8221;, el pr\u00f2xim 29 de novembre ens visitar\u00e0 el senyor I\u00f1aki Betolaza, director de Farm\u00e0cia del Departament de Salut del Govern Basc. En una conversa pr\u00e8via, ens ha avan\u00e7at els temes i experi\u00e8ncies que abordar\u00e0 [&hellip;]","_links":{"self":[{"href":"https:\/\/www.cofb.org\/ca\/wp-json\/wp\/v2\/posts\/42520","targetHints":{"allow":["GET"]}}],"collection":[{"href":"https:\/\/www.cofb.org\/ca\/wp-json\/wp\/v2\/posts"}],"about":[{"href":"https:\/\/www.cofb.org\/ca\/wp-json\/wp\/v2\/types\/post"}],"author":[{"embeddable":true,"href":"https:\/\/www.cofb.org\/ca\/wp-json\/wp\/v2\/users\/1"}],"replies":[{"embeddable":true,"href":"https:\/\/www.cofb.org\/ca\/wp-json\/wp\/v2\/comments?post=42520"}],"version-history":[{"count":0,"href":"https:\/\/www.cofb.org\/ca\/wp-json\/wp\/v2\/posts\/42520\/revisions"}],"wp:featuredmedia":[{"embeddable":true,"href":"https:\/\/www.cofb.org\/ca\/wp-json\/"}],"wp:attachment":[{"href":"https:\/\/www.cofb.org\/ca\/wp-json\/wp\/v2\/media?parent=42520"}],"wp:term":[{"taxonomy":"category","embeddable":true,"href":"https:\/\/www.cofb.org\/ca\/wp-json\/wp\/v2\/categories?post=42520"},{"taxonomy":"post_tag","embeddable":true,"href":"https:\/\/www.cofb.org\/ca\/wp-json\/wp\/v2\/tags?post=42520"}],"curies":[{"name":"wp","href":"https:\/\/api.w.org\/{rel}","templated":true}]}}