{"id":42505,"date":"2018-11-26T19:05:34","date_gmt":"2018-11-26T17:05:34","guid":{"rendered":"https:\/\/blog.cofb.cat\/?p=42505"},"modified":"2018-11-26T19:05:34","modified_gmt":"2018-11-26T17:05:34","slug":"presentacio-dels-resultats-finals-dels-treballs-becats-en-la-convocatoria-2017-18","status":"publish","type":"post","link":"https:\/\/www.cofb.org\/ca\/2018\/11\/26\/presentacio-dels-resultats-finals-dels-treballs-becats-en-la-convocatoria-2017-18\/","title":{"rendered":"Presentaci\u00f3 dels resultats finals dels treballs becats en la convocat\u00f2ria 2017-18"},"content":{"rendered":"<p>El passat 12 de novembre els farmac\u00e8utics que van obtenir una <strong>beca del Col\u00b7legi<\/strong> per realitzar un <strong>projecte d\u2019investigaci\u00f3<\/strong> van presentar els <strong>resultats finals<\/strong> als membres del Tribunal. L&#8217;acte va comptar amb la pres\u00e8ncia del President del Col\u00b7legi, Jordi de Dalmases i del Deg\u00e0 de la Facultat de Farm\u00e0cia, Jordi Camarasa.<\/p>\n<h1><span style=\"color: #008080;\"><strong>Quins treballs es van exposar?<\/strong><\/span><\/h1>\n<p>\u2022 <strong>Efecte del tractament biol\u00f2gic amb anticitocines inflamat\u00f2ries en el sistema immunol\u00f2gic del pacient psori\u00e0tic.<\/strong> <em>Investigadors:<\/em> Joan Climent Mart\u00ed, N\u00faria Padull\u00e9s Zamora, Montserrat Colls, Jaime Notario Rosa, Jordi Bas Minguet, Francisco Morandeira Rego, Virginia Mas Bosch i Concepci\u00f3 Soler Prat.<\/p>\n<p><strong>\u2022 Efecte dels \u03b2-blocadors en els nivells del neurotransmissor subst\u00e0ncia P i la seva implicaci\u00f3 en el proc\u00e9s de la degluci\u00f3.<\/strong> <em>Investigadors:<\/em> Marta Miarons Font, Lluis Campins Bernad\u00e0s, Noem\u00ed Tomsen Ferr\u00e9, Weslana Nascimiento, Laia Rofes Salsench i David L\u00f3pez Faix\u00f3.<\/p>\n<p>\u2022 <strong>Bicarbonat nebulitzat, una de les peces que faltava per evitar les infeccions en fibrosi qu\u00edstica.<\/strong> <em>Investigadores:<\/em> N\u00faria Rudi Sola, Amalui Vasquez P\u00e9rez, Montserrat Bosque Garcia, Anna Estefanel Tejero i Maria Queralt Gorgas Torner.<\/p>\n<figure id=\"attachment_42609\" aria-describedby=\"caption-attachment-42609\" style=\"width: 620px\" class=\"wp-caption aligncenter\"><a href=\"https:\/\/blog.cofb.cat\/wp-content\/uploads\/2018\/11\/cofb.beques.181112-21-1.jpg\"><img fetchpriority=\"high\" decoding=\"async\" class=\"wp-image-42609 size-large\" title=\"Josep Manel Llop, vocal del COFB responsable de la Comissi\u00f3 de Beques, Jordi De Dalmases, president del COFB, Jordi Camarasa, deg\u00e0 de la Facultat de Farm\u00e0cia de la UB i Diego Mu\u00f1oz-Torrero, membre extern del Tribunal de Beques, representant de la Facultat de Farm\u00e0cia de la UB.\" src=\"https:\/\/blog.cofb.cat\/wp-content\/uploads\/2018\/11\/cofb.beques.181112-21-1-1024x408.jpg\" alt=\"Josep Manel Llop, vocal del COFB responsable de la Comissi\u00f3 de Beques, Jordi De Dalmases, president del COFB, Jordi Camarasa, deg\u00e0 de la Facultat de Farm\u00e0cia de la UB i Diego Mu\u00f1oz-Torrero, membre extern del Tribunal de Beques, representant de la Facultat de Farm\u00e0cia de la UB.\" width=\"620\" height=\"247\" \/><\/a><figcaption id=\"caption-attachment-42609\" class=\"wp-caption-text\">Josep Manel Llop, vocal del COFB responsable de la Comissi\u00f3 de Beques, Jordi De Dalmases, president del COFB, Jordi Camarasa, deg\u00e0 de la Facultat de Farm\u00e0cia de la UB i Diego Mu\u00f1oz-Torrero, membre extern del Tribunal de Beques, representant de la Facultat de Farm\u00e0cia de la UB.<\/figcaption><\/figure>\n<h1><span style=\"color: #008080;\"><strong>Efecte del tractament biol\u00f2gic amb anticitocines inflamat\u00f2ries en el sistema immunol\u00f2gic del pacient psori\u00e0tic<\/strong><\/span><\/h1>\n<p>Al comen\u00e7ament de la sessi\u00f3, va intervenir Joan Climent, farmac\u00e8utic especialista en immunologia, per exposar els resultats de l&#8221;<strong>&#8216;Efecte del tractament biol\u00f2gic amb anticitocines inflamat\u00f2ries en el sistema immunol\u00f2gic del pacient psori\u00e0tic&#8221;<\/strong>.<\/p>\n<div class=\"destacat-blog\">\n<p>La <strong>psoriasi<\/strong> \u00e9s una <strong>malaltia inflamat\u00f2ria de la pell<\/strong> que afecta l&#8217;<strong>1,5%<\/strong> de la poblaci\u00f3 espanyola. L&#8217;<strong>avan\u00e7 en el coneixement de la immunopatog\u00e8nia de la malaltia de la psoriasi<\/strong> juntament amb el <strong>desenvolupament dels f\u00e0rmacs biol\u00f2gics<\/strong> ha donat lloc a tractaments molt m\u00e9s espec\u00edfics que els\u00a0 actuals, el seguiment dels quals, \u00e9s dificult\u00f3s a causa dels freq\u00fcents i greus efectes adversos, la taxa de recaigudes i la insatisfacci\u00f3 dels pacients.<\/p>\n<\/div>\n<p>L\u2019estudi va incloure en el grup intervenci\u00f3, 19 pacients tractats amb adalimumab i 20 tractats amb ustekinumab; en el grup control, 21 pacients. L\u2019<strong>an\u00e0lisi estad\u00edstica<\/strong> permet concloure que l\u2019estudi de les poblacions limfocit\u00e0ries confirma que existeixen <strong>canvis en la distribuci\u00f3 de les subpoblacions de limf\u00f2cits<\/strong> entre els pacients tractats i els controls, que no es tradueixen en una major taxa d\u2019infeccions o malignitat.<\/p>\n<p>El <strong>treball becat<\/strong> significa <strong>l\u2019inici d\u2019una l\u00ednia d\u2019investigaci\u00f3<\/strong> que podria <strong>ajudar a desenvolupar biomarcadors d\u2019activitat inflamat\u00f2ria<\/strong> o resposta al tractament millorant el maneig cl\u00ednic del pacient. L\u2019estudi del <strong>perfil immunitari<\/strong> en cada pacient previ a l\u2019inici de tractament podria servir com a ajuda en la selecci\u00f3 individualitzada del tractament m\u00e9s adequat per a cada pacient.<\/p>\n<figure id=\"attachment_42612\" aria-describedby=\"caption-attachment-42612\" style=\"width: 620px\" class=\"wp-caption aligncenter\"><a href=\"https:\/\/blog.cofb.cat\/wp-content\/uploads\/2018\/11\/cofb.beques.181112-30.jpg\"><img decoding=\"async\" class=\"wp-image-42612 size-large\" title=\"Joan Climent Mart\u00ed, durant la seva exposici\u00f3.\" src=\"https:\/\/blog.cofb.cat\/wp-content\/uploads\/2018\/11\/cofb.beques.181112-30-1024x683.jpg\" alt=\"Joan Climent Mart\u00ed, durant la seva exposici\u00f3.\" width=\"620\" height=\"414\" \/><\/a><figcaption id=\"caption-attachment-42612\" class=\"wp-caption-text\">Joan Climent Mart\u00ed, durant la seva exposici\u00f3.<\/figcaption><\/figure>\n<h1><strong><span style=\"color: #008080;\">L\u2019efecte dels \u03b2-blocadors en els nivells del neurotransmissor subst\u00e0ncia P i la seva implicaci\u00f3 en el proc\u00e9s de la degluci\u00f3<\/span><\/strong><\/h1>\n<p>A continuaci\u00f3, Marta Miarons, investigadora principal del treball sobre l\u2019<strong>efecte dels \u03b2-blocadors en els nivells del neurotransmissor subst\u00e0ncia P<\/strong> i la seva implicaci\u00f3 en el <strong>proc\u00e9s de la degluci\u00f3<\/strong>, va exposar-ne els resultats.<\/p>\n<div class=\"destacat-blog\">\n<p>La <strong>disf\u00e0gia orofaringea<\/strong> suposa un <strong>problema sanitari<\/strong>, tant per als pacients com per a les organitzacions i institucions sanit\u00e0ries, com a conseq\u00fc\u00e8ncia de ser un <strong>factor de risc important<\/strong> tant per a la pneum\u00f2nia per aspiraci\u00f3 com per a la malnutrici\u00f3 que s\u2019hi associen, augmentant la multimorbilitat dels pacients i les despeses per hospitalitzaci\u00f3.<\/p>\n<\/div>\n<p>En un estudi previ, es va observar que els <strong>\u03b2-blocadors<\/strong>, que tenen un <strong>paper important<\/strong> en el <strong>tractament de diversos problemes de salut cardiovascular i no cardiovascular<\/strong>, tenien un efecte protector en la disf\u00e0gia orofaringea. La millora de la disf\u00e0gia estaria relacionada amb les concentracions en sang i saliva del neurop\u00e8ptid subst\u00e0ncia P (SP).<\/p>\n<p>Es varen estudiar <strong>56 pacients adults<\/strong>, dels quals <strong>28 estaven en tractament amb aquests medicaments<\/strong>. L\u2019an\u00e0lisi dels resultats obtinguts permet concloure que els \u03b2-blocadors poden augmentar els nivells d\u2019SP en s\u00e8rum i en saliva, fet que justifica la menor prevalen\u00e7a de disf\u00e0gia orofaringea en els pacients en tractament amb aquests medicaments, com succeeix amb la capsa\u00efcina, la piperina, el mentol o l\u2019\u00e0cid c\u00edtric que tamb\u00e9 augmenten l\u2019alliberaci\u00f3 d\u2019SP facilitant el reflex de la degluci\u00f3.<\/p>\n<figure id=\"attachment_42515\" aria-describedby=\"caption-attachment-42515\" style=\"width: 620px\" class=\"wp-caption aligncenter\"><a href=\"https:\/\/blog.cofb.cat\/wp-content\/uploads\/2018\/11\/cofb.beques.181112-34.jpg\"><img decoding=\"async\" class=\"wp-image-42515 size-large\" title=\"Els membres del tribunal de beques van felicitar els investigadors pel seu rigor i professionalitat.\" src=\"https:\/\/blog.cofb.cat\/wp-content\/uploads\/2018\/11\/cofb.beques.181112-34-1024x683.jpg\" alt=\"Els membres del tribunal de beques van felicitar els investigadors pel seu rigor i professionalitat.\" width=\"620\" height=\"414\" \/><\/a><figcaption id=\"caption-attachment-42515\" class=\"wp-caption-text\">Els membres del tribunal de beques van felicitar els investigadors pel seu rigor i professionalitat.<\/figcaption><\/figure>\n<h1><span style=\"color: #008080;\"><strong>Bicarbonat nebulitzat, una de les peces que faltava per evitar les infeccions en fibrosi qu\u00edstica<\/strong><\/span><\/h1>\n<p>Tot seguit, l&#8217;Amalui V\u00e1squez va exposar els resultats del treball sobre l\u2019<strong>efecte del bicarbonat nebulitzat<\/strong>, una de les peces que faltava per evitar les infeccions en <strong>fibrosi qu\u00edstica<\/strong>.<\/p>\n<div class=\"destacat-blog\">\n<p>La <strong>fibrosi qu\u00edstica<\/strong> \u00e9s una malaltia que presenta una morbimortalitat elevada amb un \u00edndex de superviv\u00e8ncia al voltant dels 40 anys.<\/p>\n<\/div>\n<p>L\u2019<strong>estudi es duu a terme en 15 pacients<\/strong>, dels quals 7 reben un s\u00e8rum hipert\u00f2nic al 7% (grup A) i 8 una soluci\u00f3 bicarbonatada (grup B). Les investigadores d\u2019aquest projecte becat consideren que l\u2019alcalinitzaci\u00f3 mitjan\u00e7ant bicarbonat nebulitzat, del l\u00edquid periciliar de les c\u00e8l\u00b7lules epitelials de les vies a\u00e8ries, dificulta <strong>l\u2019adher\u00e8ncia bacteriana<\/strong> i la <strong>infecci\u00f3 endobronquial conseq\u00fcent<\/strong>.<\/p>\n<p>Es realitzen <strong>sis visites de seguiment<\/strong> despr\u00e9s de la visita d\u2019inici en la que el pacient accepta participar en l\u2019estudi, es recullen les dades de diverses valoracions (tractament actual, sobreinfecci\u00f3 respirat\u00f2ria, esput, espirometria, test de qualitat de vida, d\u2019adher\u00e8ncia, de Sobel, de Leicester, entre d\u2019altres), es lliura el<em> kit<\/em> de tractament i la formaci\u00f3 corresponent per utilitzar-ho correctament. Els<strong> resultats obtinguts<\/strong> despr\u00e9s de quatre visites de seguiment permeten concloure que en el grup amb la nebulitzaci\u00f3 de la soluci\u00f3 bicarbonatada, s\u2019observa una tend\u00e8ncia a l\u2019augment del pH, una millora de la funci\u00f3 pulmonar i de l\u2019aspecte f\u00edsic de la tos. Pel que fa al grup A, s\u2019observa una tend\u00e8ncia a la <strong>millor adher\u00e8ncia al tractament nebulitzador<\/strong>.<\/p>\n<h1><strong><span style=\"color: #008080;\">Investigaci\u00f3 i recerca<\/span><\/strong><\/h1>\n<p>Els membres del <strong>Tribunal de beques 2017-18<\/strong> van felicitar els investigadors pel <strong>&#8220;treball desenvolupat amb rigor i professionalitat&#8221;<\/strong>, felicitaci\u00f3 a la qual es va sumar el Dr. Camarasa. Jordi de Dalmases va encoratjar els farmac\u00e8utics <strong>&#8220;a continuar amb la investigaci\u00f3, activitat actualment molt dif\u00edcil i complicada&#8221;<\/strong>.<\/p>\n<p><strong>Altres publicacions d&#8217;inter\u00e8s:<\/strong><\/p>\n<ul>\n<li><a href=\"https:\/\/blog.cofb.cat\/beques-collegials-cofb-projectes-becats-convocatoria-2018-2019\/\" target=\"_blank\" rel=\"noopener\">Beques col\u00b7legials del COFB: projectes becats a la convocat\u00f2ria 2018-2019 (Juliol 2018)<\/a><\/li>\n<li><a href=\"https:\/\/blog.cofb.cat\/sexposen-els-resultats-finals-dels-treballs-becats-pel-cofb-el-curs-2016-2017\/\" target=\"_blank\" rel=\"noopener\">S&#8217;exposen els resultats dels treballs becats pel COFB el curs 2016-2017 (Novembre 2017)<\/a><\/li>\n<li><a href=\"https:\/\/blog.cofb.cat\/beques-col%c2%b7legials-quins-resultats-shan-obtingut\/\" target=\"_blank\" rel=\"noopener\">Beques col\u00b7legials: quins resultats s&#8217;han obtingut? (Maig 2017)<\/a><\/li>\n<\/ul>\n","protected":false},"excerpt":{"rendered":"<p>El passat 12 de novembre els farmac\u00e8utics que van obtenir una beca del Col\u00b7legi per realitzar un projecte d\u2019investigaci\u00f3 van presentar els resultats finals als membres del Tribunal. L&#8217;acte va comptar amb la pres\u00e8ncia del President del Col\u00b7legi, Jordi de Dalmases i del Deg\u00e0 de la Facultat de Farm\u00e0cia, Jordi [&hellip;]<\/p>\n","protected":false},"author":1,"featured_media":42612,"comment_status":"open","ping_status":"open","sticky":false,"template":"","format":"standard","meta":{"_uag_custom_page_level_css":"","site-sidebar-layout":"default","site-content-layout":"","ast-site-content-layout":"default","site-content-style":"default","site-sidebar-style":"default","ast-global-header-display":"","ast-banner-title-visibility":"","ast-main-header-display":"","ast-hfb-above-header-display":"","ast-hfb-below-header-display":"","ast-hfb-mobile-header-display":"","site-post-title":"","ast-breadcrumbs-content":"","ast-featured-img":"disabled","footer-sml-layout":"","theme-transparent-header-meta":"","adv-header-id-meta":"","stick-header-meta":"","header-above-stick-meta":"","header-main-stick-meta":"","header-below-stick-meta":"","astra-migrate-meta-layouts":"default","ast-page-background-enabled":"default","ast-page-background-meta":{"desktop":{"background-color":"var(--ast-global-color-4)","background-image":"","background-repeat":"repeat","background-position":"center center","background-size":"auto","background-attachment":"scroll","background-type":"","background-media":"","overlay-type":"","overlay-color":"","overlay-opacity":"","overlay-gradient":""},"tablet":{"background-color":"","background-image":"","background-repeat":"repeat","background-position":"center center","background-size":"auto","background-attachment":"scroll","background-type":"","background-media":"","overlay-type":"","overlay-color":"","overlay-opacity":"","overlay-gradient":""},"mobile":{"background-color":"","background-image":"","background-repeat":"repeat","background-position":"center center","background-size":"auto","background-attachment":"scroll","background-type":"","background-media":"","overlay-type":"","overlay-color":"","overlay-opacity":"","overlay-gradient":""}},"ast-content-background-meta":{"desktop":{"background-color":"var(--ast-global-color-5)","background-image":"","background-repeat":"repeat","background-position":"center center","background-size":"auto","background-attachment":"scroll","background-type":"","background-media":"","overlay-type":"","overlay-color":"","overlay-opacity":"","overlay-gradient":""},"tablet":{"background-color":"var(--ast-global-color-5)","background-image":"","background-repeat":"repeat","background-position":"center center","background-size":"auto","background-attachment":"scroll","background-type":"","background-media":"","overlay-type":"","overlay-color":"","overlay-opacity":"","overlay-gradient":""},"mobile":{"background-color":"var(--ast-global-color-5)","background-image":"","background-repeat":"repeat","background-position":"center center","background-size":"auto","background-attachment":"scroll","background-type":"","background-media":"","overlay-type":"","overlay-color":"","overlay-opacity":"","overlay-gradient":""}},"footnotes":""},"categories":[57],"tags":[354,513,18,19,49,70,56],"class_list":["post-42505","post","type-post","status-publish","format-standard","has-post-thumbnail","hentry","category-mon-collegial","tag-beques","tag-beques-collegials","tag-cofb","tag-collegi-de-farmaceutics-de-barcelona","tag-comissio-de-beques","tag-formacio","tag-investigacio"],"yoast_head":"<!-- This site is optimized with the Yoast SEO plugin v22.4 - https:\/\/yoast.com\/wordpress\/plugins\/seo\/ -->\n<title>Presentaci\u00f3 dels resultats finals dels treballs becats en la convocat\u00f2ria 2017-18 - Col\u00b7legi de Farmac\u00e8utics de Barcelona<\/title>\n<meta name=\"description\" content=\"El passat 12 de novembre les farmac\u00e8utiques que van obtenir una beca del Col\u00b7legi per realitzar un projecte d\u2019investigaci\u00f3 van presentar els resultats finals als membres del Tribunal.\" \/>\n<meta name=\"robots\" content=\"index, follow, max-snippet:-1, max-image-preview:large, max-video-preview:-1\" \/>\n<link rel=\"canonical\" href=\"https:\/\/novaorg.cofb.net\/2018\/11\/26\/presentacio-dels-resultats-finals-dels-treballs-becats-en-la-convocatoria-2017-18\/\" \/>\n<meta property=\"og:locale\" content=\"ca_ES\" \/>\n<meta property=\"og:type\" content=\"article\" \/>\n<meta property=\"og:title\" content=\"Presentaci\u00f3 dels resultats finals dels treballs becats en la convocat\u00f2ria 2017-18 - Col\u00b7legi de Farmac\u00e8utics de Barcelona\" \/>\n<meta property=\"og:description\" content=\"El passat 12 de novembre les farmac\u00e8utiques que van obtenir una beca del Col\u00b7legi per realitzar un projecte d\u2019investigaci\u00f3 van presentar els resultats finals als membres del Tribunal.\" \/>\n<meta property=\"og:url\" content=\"https:\/\/novaorg.cofb.net\/2018\/11\/26\/presentacio-dels-resultats-finals-dels-treballs-becats-en-la-convocatoria-2017-18\/\" \/>\n<meta property=\"og:site_name\" content=\"Col\u00b7legi de Farmac\u00e8utics de Barcelona\" \/>\n<meta property=\"article:publisher\" content=\"https:\/\/www.facebook.com\/farmaceuticsbcn\/\" \/>\n<meta property=\"article:published_time\" content=\"2018-11-26T17:05:34+00:00\" \/>\n<meta name=\"author\" content=\"wpAdminCofbOrg\" \/>\n<meta name=\"twitter:card\" content=\"summary_large_image\" \/>\n<meta name=\"twitter:creator\" content=\"@farmaceuticsbcn\" \/>\n<meta name=\"twitter:site\" content=\"@farmaceuticsbcn\" \/>\n<meta name=\"twitter:label1\" content=\"Escrit per\" \/>\n\t<meta name=\"twitter:data1\" content=\"wpAdminCofbOrg\" \/>\n\t<meta name=\"twitter:label2\" content=\"Temps estimat de lectura\" \/>\n\t<meta name=\"twitter:data2\" content=\"6 minuts\" \/>\n<script type=\"application\/ld+json\" class=\"yoast-schema-graph\">{\"@context\":\"https:\/\/schema.org\",\"@graph\":[{\"@type\":\"Article\",\"@id\":\"https:\/\/novaorg.cofb.net\/2018\/11\/26\/presentacio-dels-resultats-finals-dels-treballs-becats-en-la-convocatoria-2017-18\/#article\",\"isPartOf\":{\"@id\":\"https:\/\/novaorg.cofb.net\/2018\/11\/26\/presentacio-dels-resultats-finals-dels-treballs-becats-en-la-convocatoria-2017-18\/\"},\"author\":{\"name\":\"wpAdminCofbOrg\",\"@id\":\"https:\/\/www.cofb.org\/#\/schema\/person\/22ed7eea88da74b0fa4d3154ad87ffcb\"},\"headline\":\"Presentaci\u00f3 dels resultats finals dels treballs becats en la convocat\u00f2ria 2017-18\",\"datePublished\":\"2018-11-26T17:05:34+00:00\",\"dateModified\":\"2018-11-26T17:05:34+00:00\",\"mainEntityOfPage\":{\"@id\":\"https:\/\/novaorg.cofb.net\/2018\/11\/26\/presentacio-dels-resultats-finals-dels-treballs-becats-en-la-convocatoria-2017-18\/\"},\"wordCount\":1177,\"commentCount\":0,\"publisher\":{\"@id\":\"https:\/\/www.cofb.org\/#organization\"},\"image\":{\"@id\":\"https:\/\/novaorg.cofb.net\/2018\/11\/26\/presentacio-dels-resultats-finals-dels-treballs-becats-en-la-convocatoria-2017-18\/#primaryimage\"},\"thumbnailUrl\":\"\",\"keywords\":[\"beques\",\"Beques col\u00b7legials\",\"COFB\",\"Col\u00b7legi de Farmac\u00e8utics de Barcelona\",\"Comissi\u00f3 de Beques\",\"Formaci\u00f3\",\"Investigaci\u00f3\"],\"articleSection\":[\"M\u00f3n col\u00b7legial\"],\"inLanguage\":\"ca\",\"potentialAction\":[{\"@type\":\"CommentAction\",\"name\":\"Comment\",\"target\":[\"https:\/\/novaorg.cofb.net\/2018\/11\/26\/presentacio-dels-resultats-finals-dels-treballs-becats-en-la-convocatoria-2017-18\/#respond\"]}]},{\"@type\":\"WebPage\",\"@id\":\"https:\/\/novaorg.cofb.net\/2018\/11\/26\/presentacio-dels-resultats-finals-dels-treballs-becats-en-la-convocatoria-2017-18\/\",\"url\":\"https:\/\/novaorg.cofb.net\/2018\/11\/26\/presentacio-dels-resultats-finals-dels-treballs-becats-en-la-convocatoria-2017-18\/\",\"name\":\"Presentaci\u00f3 dels resultats finals dels treballs becats en la convocat\u00f2ria 2017-18 - Col\u00b7legi de Farmac\u00e8utics de Barcelona\",\"isPartOf\":{\"@id\":\"https:\/\/www.cofb.org\/#website\"},\"primaryImageOfPage\":{\"@id\":\"https:\/\/novaorg.cofb.net\/2018\/11\/26\/presentacio-dels-resultats-finals-dels-treballs-becats-en-la-convocatoria-2017-18\/#primaryimage\"},\"image\":{\"@id\":\"https:\/\/novaorg.cofb.net\/2018\/11\/26\/presentacio-dels-resultats-finals-dels-treballs-becats-en-la-convocatoria-2017-18\/#primaryimage\"},\"thumbnailUrl\":\"\",\"datePublished\":\"2018-11-26T17:05:34+00:00\",\"dateModified\":\"2018-11-26T17:05:34+00:00\",\"description\":\"El passat 12 de novembre les farmac\u00e8utiques que van obtenir una beca del Col\u00b7legi per realitzar un projecte d\u2019investigaci\u00f3 van presentar els resultats finals als membres del Tribunal.\",\"breadcrumb\":{\"@id\":\"https:\/\/novaorg.cofb.net\/2018\/11\/26\/presentacio-dels-resultats-finals-dels-treballs-becats-en-la-convocatoria-2017-18\/#breadcrumb\"},\"inLanguage\":\"ca\",\"potentialAction\":[{\"@type\":\"ReadAction\",\"target\":[\"https:\/\/novaorg.cofb.net\/2018\/11\/26\/presentacio-dels-resultats-finals-dels-treballs-becats-en-la-convocatoria-2017-18\/\"]}]},{\"@type\":\"ImageObject\",\"inLanguage\":\"ca\",\"@id\":\"https:\/\/novaorg.cofb.net\/2018\/11\/26\/presentacio-dels-resultats-finals-dels-treballs-becats-en-la-convocatoria-2017-18\/#primaryimage\",\"url\":\"\",\"contentUrl\":\"\"},{\"@type\":\"BreadcrumbList\",\"@id\":\"https:\/\/novaorg.cofb.net\/2018\/11\/26\/presentacio-dels-resultats-finals-dels-treballs-becats-en-la-convocatoria-2017-18\/#breadcrumb\",\"itemListElement\":[{\"@type\":\"ListItem\",\"position\":1,\"name\":\"Inici\",\"item\":\"https:\/\/novaorg.cofb.net\/\"},{\"@type\":\"ListItem\",\"position\":2,\"name\":\"Presentaci\u00f3 dels resultats finals dels treballs becats en la convocat\u00f2ria 2017-18\"}]},{\"@type\":\"WebSite\",\"@id\":\"https:\/\/www.cofb.org\/#website\",\"url\":\"https:\/\/www.cofb.org\/\",\"name\":\"Col\u00b7legi de Farmac\u00e8utics de Barcelona\",\"description\":\"\",\"publisher\":{\"@id\":\"https:\/\/www.cofb.org\/#organization\"},\"potentialAction\":[{\"@type\":\"SearchAction\",\"target\":{\"@type\":\"EntryPoint\",\"urlTemplate\":\"https:\/\/www.cofb.org\/?s={search_term_string}\"},\"query-input\":\"required name=search_term_string\"}],\"inLanguage\":\"ca\"},{\"@type\":\"Organization\",\"@id\":\"https:\/\/www.cofb.org\/#organization\",\"name\":\"Col\u00b7legi de Farmac\u00e8utics de Barcelona\",\"url\":\"https:\/\/www.cofb.org\/\",\"logo\":{\"@type\":\"ImageObject\",\"inLanguage\":\"ca\",\"@id\":\"https:\/\/www.cofb.org\/#\/schema\/logo\/image\/\",\"url\":\"https:\/\/www.cofb.org\/wp-content\/uploads\/2023\/11\/cropped-Logotip-COFB.png\",\"contentUrl\":\"https:\/\/www.cofb.org\/wp-content\/uploads\/2023\/11\/cropped-Logotip-COFB.png\",\"width\":500,\"height\":105,\"caption\":\"Col\u00b7legi de Farmac\u00e8utics de Barcelona\"},\"image\":{\"@id\":\"https:\/\/www.cofb.org\/#\/schema\/logo\/image\/\"},\"sameAs\":[\"https:\/\/www.facebook.com\/farmaceuticsbcn\/\",\"https:\/\/twitter.com\/farmaceuticsbcn\",\"https:\/\/www.instagram.com\/farmaceuticsbcn\/\",\"https:\/\/www.linkedin.com\/company\/farmaceuticsbcn\/\"]},{\"@type\":\"Person\",\"@id\":\"https:\/\/www.cofb.org\/#\/schema\/person\/22ed7eea88da74b0fa4d3154ad87ffcb\",\"name\":\"wpAdminCofbOrg\",\"image\":{\"@type\":\"ImageObject\",\"inLanguage\":\"ca\",\"@id\":\"https:\/\/www.cofb.org\/#\/schema\/person\/image\/\",\"url\":\"https:\/\/secure.gravatar.com\/avatar\/1721b20b3b8ca882c3b56ec6c978c594fff670e40c0718e9190eaeeb76aae7d8?s=96&d=mm&r=g\",\"contentUrl\":\"https:\/\/secure.gravatar.com\/avatar\/1721b20b3b8ca882c3b56ec6c978c594fff670e40c0718e9190eaeeb76aae7d8?s=96&d=mm&r=g\",\"caption\":\"wpAdminCofbOrg\"},\"sameAs\":[\"http:\/\/192.168.64.122\/wordpress\"],\"url\":\"https:\/\/www.cofb.org\/ca\/author\/wpadmincofborg\/\"}]}<\/script>\n<!-- \/ Yoast SEO plugin. -->","yoast_head_json":{"title":"Presentaci\u00f3 dels resultats finals dels treballs becats en la convocat\u00f2ria 2017-18 - Col\u00b7legi de Farmac\u00e8utics de Barcelona","description":"El passat 12 de novembre les farmac\u00e8utiques que van obtenir una beca del Col\u00b7legi per realitzar un projecte d\u2019investigaci\u00f3 van presentar els resultats finals als membres del Tribunal.","robots":{"index":"index","follow":"follow","max-snippet":"max-snippet:-1","max-image-preview":"max-image-preview:large","max-video-preview":"max-video-preview:-1"},"canonical":"https:\/\/novaorg.cofb.net\/2018\/11\/26\/presentacio-dels-resultats-finals-dels-treballs-becats-en-la-convocatoria-2017-18\/","og_locale":"ca_ES","og_type":"article","og_title":"Presentaci\u00f3 dels resultats finals dels treballs becats en la convocat\u00f2ria 2017-18 - Col\u00b7legi de Farmac\u00e8utics de Barcelona","og_description":"El passat 12 de novembre les farmac\u00e8utiques que van obtenir una beca del Col\u00b7legi per realitzar un projecte d\u2019investigaci\u00f3 van presentar els resultats finals als membres del Tribunal.","og_url":"https:\/\/novaorg.cofb.net\/2018\/11\/26\/presentacio-dels-resultats-finals-dels-treballs-becats-en-la-convocatoria-2017-18\/","og_site_name":"Col\u00b7legi de Farmac\u00e8utics de Barcelona","article_publisher":"https:\/\/www.facebook.com\/farmaceuticsbcn\/","article_published_time":"2018-11-26T17:05:34+00:00","author":"wpAdminCofbOrg","twitter_card":"summary_large_image","twitter_creator":"@farmaceuticsbcn","twitter_site":"@farmaceuticsbcn","twitter_misc":{"Escrit per":"wpAdminCofbOrg","Temps estimat de lectura":"6 minuts"},"schema":{"@context":"https:\/\/schema.org","@graph":[{"@type":"Article","@id":"https:\/\/novaorg.cofb.net\/2018\/11\/26\/presentacio-dels-resultats-finals-dels-treballs-becats-en-la-convocatoria-2017-18\/#article","isPartOf":{"@id":"https:\/\/novaorg.cofb.net\/2018\/11\/26\/presentacio-dels-resultats-finals-dels-treballs-becats-en-la-convocatoria-2017-18\/"},"author":{"name":"wpAdminCofbOrg","@id":"https:\/\/www.cofb.org\/#\/schema\/person\/22ed7eea88da74b0fa4d3154ad87ffcb"},"headline":"Presentaci\u00f3 dels resultats finals dels treballs becats en la convocat\u00f2ria 2017-18","datePublished":"2018-11-26T17:05:34+00:00","dateModified":"2018-11-26T17:05:34+00:00","mainEntityOfPage":{"@id":"https:\/\/novaorg.cofb.net\/2018\/11\/26\/presentacio-dels-resultats-finals-dels-treballs-becats-en-la-convocatoria-2017-18\/"},"wordCount":1177,"commentCount":0,"publisher":{"@id":"https:\/\/www.cofb.org\/#organization"},"image":{"@id":"https:\/\/novaorg.cofb.net\/2018\/11\/26\/presentacio-dels-resultats-finals-dels-treballs-becats-en-la-convocatoria-2017-18\/#primaryimage"},"thumbnailUrl":"","keywords":["beques","Beques col\u00b7legials","COFB","Col\u00b7legi de Farmac\u00e8utics de Barcelona","Comissi\u00f3 de Beques","Formaci\u00f3","Investigaci\u00f3"],"articleSection":["M\u00f3n col\u00b7legial"],"inLanguage":"ca","potentialAction":[{"@type":"CommentAction","name":"Comment","target":["https:\/\/novaorg.cofb.net\/2018\/11\/26\/presentacio-dels-resultats-finals-dels-treballs-becats-en-la-convocatoria-2017-18\/#respond"]}]},{"@type":"WebPage","@id":"https:\/\/novaorg.cofb.net\/2018\/11\/26\/presentacio-dels-resultats-finals-dels-treballs-becats-en-la-convocatoria-2017-18\/","url":"https:\/\/novaorg.cofb.net\/2018\/11\/26\/presentacio-dels-resultats-finals-dels-treballs-becats-en-la-convocatoria-2017-18\/","name":"Presentaci\u00f3 dels resultats finals dels treballs becats en la convocat\u00f2ria 2017-18 - Col\u00b7legi de Farmac\u00e8utics de Barcelona","isPartOf":{"@id":"https:\/\/www.cofb.org\/#website"},"primaryImageOfPage":{"@id":"https:\/\/novaorg.cofb.net\/2018\/11\/26\/presentacio-dels-resultats-finals-dels-treballs-becats-en-la-convocatoria-2017-18\/#primaryimage"},"image":{"@id":"https:\/\/novaorg.cofb.net\/2018\/11\/26\/presentacio-dels-resultats-finals-dels-treballs-becats-en-la-convocatoria-2017-18\/#primaryimage"},"thumbnailUrl":"","datePublished":"2018-11-26T17:05:34+00:00","dateModified":"2018-11-26T17:05:34+00:00","description":"El passat 12 de novembre les farmac\u00e8utiques que van obtenir una beca del Col\u00b7legi per realitzar un projecte d\u2019investigaci\u00f3 van presentar els resultats finals als membres del Tribunal.","breadcrumb":{"@id":"https:\/\/novaorg.cofb.net\/2018\/11\/26\/presentacio-dels-resultats-finals-dels-treballs-becats-en-la-convocatoria-2017-18\/#breadcrumb"},"inLanguage":"ca","potentialAction":[{"@type":"ReadAction","target":["https:\/\/novaorg.cofb.net\/2018\/11\/26\/presentacio-dels-resultats-finals-dels-treballs-becats-en-la-convocatoria-2017-18\/"]}]},{"@type":"ImageObject","inLanguage":"ca","@id":"https:\/\/novaorg.cofb.net\/2018\/11\/26\/presentacio-dels-resultats-finals-dels-treballs-becats-en-la-convocatoria-2017-18\/#primaryimage","url":"","contentUrl":""},{"@type":"BreadcrumbList","@id":"https:\/\/novaorg.cofb.net\/2018\/11\/26\/presentacio-dels-resultats-finals-dels-treballs-becats-en-la-convocatoria-2017-18\/#breadcrumb","itemListElement":[{"@type":"ListItem","position":1,"name":"Inici","item":"https:\/\/novaorg.cofb.net\/"},{"@type":"ListItem","position":2,"name":"Presentaci\u00f3 dels resultats finals dels treballs becats en la convocat\u00f2ria 2017-18"}]},{"@type":"WebSite","@id":"https:\/\/www.cofb.org\/#website","url":"https:\/\/www.cofb.org\/","name":"Col\u00b7legi de Farmac\u00e8utics de Barcelona","description":"","publisher":{"@id":"https:\/\/www.cofb.org\/#organization"},"potentialAction":[{"@type":"SearchAction","target":{"@type":"EntryPoint","urlTemplate":"https:\/\/www.cofb.org\/?s={search_term_string}"},"query-input":"required name=search_term_string"}],"inLanguage":"ca"},{"@type":"Organization","@id":"https:\/\/www.cofb.org\/#organization","name":"Col\u00b7legi de Farmac\u00e8utics de Barcelona","url":"https:\/\/www.cofb.org\/","logo":{"@type":"ImageObject","inLanguage":"ca","@id":"https:\/\/www.cofb.org\/#\/schema\/logo\/image\/","url":"https:\/\/www.cofb.org\/wp-content\/uploads\/2023\/11\/cropped-Logotip-COFB.png","contentUrl":"https:\/\/www.cofb.org\/wp-content\/uploads\/2023\/11\/cropped-Logotip-COFB.png","width":500,"height":105,"caption":"Col\u00b7legi de Farmac\u00e8utics de Barcelona"},"image":{"@id":"https:\/\/www.cofb.org\/#\/schema\/logo\/image\/"},"sameAs":["https:\/\/www.facebook.com\/farmaceuticsbcn\/","https:\/\/twitter.com\/farmaceuticsbcn","https:\/\/www.instagram.com\/farmaceuticsbcn\/","https:\/\/www.linkedin.com\/company\/farmaceuticsbcn\/"]},{"@type":"Person","@id":"https:\/\/www.cofb.org\/#\/schema\/person\/22ed7eea88da74b0fa4d3154ad87ffcb","name":"wpAdminCofbOrg","image":{"@type":"ImageObject","inLanguage":"ca","@id":"https:\/\/www.cofb.org\/#\/schema\/person\/image\/","url":"https:\/\/secure.gravatar.com\/avatar\/1721b20b3b8ca882c3b56ec6c978c594fff670e40c0718e9190eaeeb76aae7d8?s=96&d=mm&r=g","contentUrl":"https:\/\/secure.gravatar.com\/avatar\/1721b20b3b8ca882c3b56ec6c978c594fff670e40c0718e9190eaeeb76aae7d8?s=96&d=mm&r=g","caption":"wpAdminCofbOrg"},"sameAs":["http:\/\/192.168.64.122\/wordpress"],"url":"https:\/\/www.cofb.org\/ca\/author\/wpadmincofborg\/"}]}},"uagb_featured_image_src":{"full":false,"thumbnail":false,"medium":false,"medium_large":false,"large":false,"1536x1536":false,"2048x2048":false,"trp-custom-language-flag":false},"uagb_author_info":{"display_name":"wpAdminCofbOrg","author_link":"https:\/\/www.cofb.org\/ca\/author\/wpadmincofborg\/"},"uagb_comment_info":0,"uagb_excerpt":"El passat 12 de novembre els farmac\u00e8utics que van obtenir una beca del Col\u00b7legi per realitzar un projecte d\u2019investigaci\u00f3 van presentar els resultats finals als membres del Tribunal. L&#8217;acte va comptar amb la pres\u00e8ncia del President del Col\u00b7legi, Jordi de Dalmases i del Deg\u00e0 de la Facultat de Farm\u00e0cia, Jordi [&hellip;]","_links":{"self":[{"href":"https:\/\/www.cofb.org\/ca\/wp-json\/wp\/v2\/posts\/42505","targetHints":{"allow":["GET"]}}],"collection":[{"href":"https:\/\/www.cofb.org\/ca\/wp-json\/wp\/v2\/posts"}],"about":[{"href":"https:\/\/www.cofb.org\/ca\/wp-json\/wp\/v2\/types\/post"}],"author":[{"embeddable":true,"href":"https:\/\/www.cofb.org\/ca\/wp-json\/wp\/v2\/users\/1"}],"replies":[{"embeddable":true,"href":"https:\/\/www.cofb.org\/ca\/wp-json\/wp\/v2\/comments?post=42505"}],"version-history":[{"count":0,"href":"https:\/\/www.cofb.org\/ca\/wp-json\/wp\/v2\/posts\/42505\/revisions"}],"wp:featuredmedia":[{"embeddable":true,"href":"https:\/\/www.cofb.org\/ca\/wp-json\/"}],"wp:attachment":[{"href":"https:\/\/www.cofb.org\/ca\/wp-json\/wp\/v2\/media?parent=42505"}],"wp:term":[{"taxonomy":"category","embeddable":true,"href":"https:\/\/www.cofb.org\/ca\/wp-json\/wp\/v2\/categories?post=42505"},{"taxonomy":"post_tag","embeddable":true,"href":"https:\/\/www.cofb.org\/ca\/wp-json\/wp\/v2\/tags?post=42505"}],"curies":[{"name":"wp","href":"https:\/\/api.w.org\/{rel}","templated":true}]}}