{"id":42357,"date":"2018-11-30T14:40:35","date_gmt":"2018-11-30T12:40:35","guid":{"rendered":"https:\/\/blog.cofb.cat\/?p=42357"},"modified":"2018-11-30T14:40:35","modified_gmt":"2018-11-30T12:40:35","slug":"octubre-presentacio-projectes-cofb-ccfc-congres-fip-finalitzacio-dels-retards-pagament-farmacies-temes-mes-destacats-als-mitjans","status":"publish","type":"post","link":"https:\/\/www.cofb.org\/ca\/2018\/11\/30\/octubre-presentacio-projectes-cofb-ccfc-congres-fip-finalitzacio-dels-retards-pagament-farmacies-temes-mes-destacats-als-mitjans\/","title":{"rendered":"Octubre: presentaci\u00f3 de projectes del COFB i el CCFC al Congr\u00e9s de la FIP i finalitzaci\u00f3 dels retards en el pagament a les farm\u00e0cies, temes m\u00e9s destacats als mitjans"},"content":{"rendered":"<h1><span style=\"color: #008080;\"><strong>Finalitzaci\u00f3 dels retards en el pagament a les farm\u00e0cies catalanes<\/strong><\/span><\/h1>\n<p>La finalitzaci\u00f3 dels<strong> retards en el pagament<\/strong> a les <strong>farm\u00e0cies catalanes<\/strong> va ser un tema molt destacat pels mitjans durant el mes d&#8217;octubre. I \u00e9s que el dia 5 d&#8217;aquest mes la Generalitat de Catalunya va fer efectiva la factura pels medicaments dispensats el mes d&#8217;agost i, d&#8217;aquesta manera, es va <strong>recuperar la normalitat en els pagaments<\/strong>. N\u00faria Bosch, vicepresidenta del COFB, va valorar la not\u00edcia per al <a href=\"http:\/\/www.ccma.cat\/tv3\/alacarta\/telenoticies\/telenoticies-vespre-08102018\/video\/5790583\/\" target=\"_blank\" rel=\"noopener\">Telenot\u00edcies Vespre de TV3<\/a> (es pot consultar a partir del minut 22:30).<\/p>\n<p>Altres mitjans de la <strong>premsa general<\/strong> com <a href=\"https:\/\/www.elperiodico.com\/es\/sociedad\/20181008\/generalitat-pone-al-dia-pagos-farmacias-7078284\" target=\"_blank\" rel=\"noopener\">El Peri\u00f3dico<\/a>, <a href=\"https:\/\/www.lavanguardia.com\/economia\/20181008\/452244533726\/generalitat-pagos-farmacia-catalunya.html\" target=\"_blank\" rel=\"noopener\">La Vanguardia<\/a>, <a href=\"http:\/\/www.europapress.es\/catalunya\/noticia-farmacias-catalanas-recuperan-normalidad-pago-govern-20181008191404.html\" target=\"_blank\" rel=\"noopener\">Europa Press<\/a>, <a href=\"http:\/\/www.ccma.cat\/324\/la-generalitat-es-posa-al-dia-en-el-pagament-a-les-farmacies-per-primer-cop-en-8-anys\/noticia\/2879794\/\" target=\"_blank\" rel=\"noopener\">324.cat<\/a>, <a href=\"https:\/\/www.naciodigital.cat\/manresa\/noticia\/78639\/farmacies\/catalanes\/recuperen\/normalitat\/pagament\/govern\" target=\"_blank\" rel=\"noopener\">Naci\u00f3 Digital<\/a>, <a href=\"https:\/\/www.aldia.cat\/gent\/noticia-les-farmacies-catalanes-recuperen-normalitat-pagament-govern-catala-20181008195108.html\" target=\"_blank\" rel=\"noopener\">Al Dia<\/a>, <a href=\"https:\/\/www.regio7.cat\/arreu-catalunya-espanya-mon\/2018\/10\/09\/generalitat-posa-al-dia-pagament\/502451.html\" target=\"_blank\" rel=\"noopener\">Regi\u00f3 7<\/a>, <a href=\"https:\/\/www.diaridegirona.cat\/comarques\/2018\/10\/09\/generalitat-posa-al-dia-pagaments\/939469.html\" target=\"_blank\" rel=\"noopener\">Diari de Girona<\/a>, <a href=\"https:\/\/www.economiadigital.es\/politica-y-sociedad\/generalitat-pagos-farmacias_582056_102.html\" target=\"_blank\" rel=\"noopener\">Econom\u00eda Digital<\/a>, <a href=\"https:\/\/www.economiadigital.es\/politica-y-sociedad\/generalitat-pagos-farmacias_582056_102.html\" target=\"_blank\" rel=\"noopener\">Empord\u00e0<\/a>, <a href=\"https:\/\/www.vilaweb.cat\/noticies\/els-farmaceutics-celebren-que-ladministracio-recuperi-la-normalitat-en-els-pagaments-despres-de-vuit-anys\/\" target=\"_blank\" rel=\"noopener\">Vilaweb<\/a>, <a href=\"https:\/\/cronicaglobal.elespanol.com\/business\/generalitat-farmacias-cataluna_190262_102.html\" target=\"_blank\" rel=\"noopener\">Cr\u00f3nica Global<\/a>, <a href=\"https:\/\/www.plantadoce.com\/publico\/cataluna-se-pone-al-dia-en-el-pago-a-las-farmacias-despues-de-ocho-anos.html\" target=\"_blank\" rel=\"noopener\">Planta Doce<\/a>, <a href=\"http:\/\/agencias.abc.es\/agencias\/noticia.asp?noticia=2936713\" target=\"_blank\" rel=\"noopener\">ABC<\/a>,<a href=\"https:\/\/www.segre.com\/es\/noticias\/lleida\/2018\/10\/09\/la_generalitat_pone_dia_pago_las_farmacias_por_primera_vez_anos_58073_1092.html\" target=\"_blank\" rel=\"noopener\"> Segre<\/a>, <a href=\"https:\/\/www.cope.es\/actualidad\/economia\/noticias\/generalitat-pone-dia-los-pagos-farmacias-despues-anos-20181008_268077\" target=\"_blank\" rel=\"noopener\">Cope<\/a>, <a href=\"https:\/\/www.ondacero.es\/emisoras\/catalunya\/audios-podcast\/bruixola\/la-bruixola-09102018_201810095bbd0b240cf25413955147a6.html\" target=\"_blank\" rel=\"noopener\">el programa La Br\u00faixola d&#8217;Onda Cero<\/a> (a partir del minut 40:45), <a href=\"https:\/\/www.viaempresa.cat\/economia\/pagament-medicaments-farmacies-generalitat_202723_102.html\" target=\"_blank\" rel=\"noopener\">Via Empresa<\/a>, <a href=\"https:\/\/www.social.cat\/noticia\/8991\/els-farmaceutics-celebren-que-ladministracio-recuperi-la-normalitat-en-els-pagaments-despr\" target=\"_blank\" rel=\"noopener\">Social.cat<\/a>, <a href=\"http:\/\/terrassadigital.cat\/finalitzen-vuit-anys-despres-els-retards-en-el-pagament-a-les-farmacies-catalanes\/\" target=\"_blank\" rel=\"noopener\">Terrassa Digital<\/a> i <a href=\"https:\/\/www.elnacional.cat\/ca\/societat\/farmacies-normalitat-pagament-govern-catalunya_312363_102.html\" target=\"_blank\" rel=\"noopener\">El Nacional<\/a> tamb\u00e9 se&#8217;n van fer ress\u00f2. A banda de les edicions digitals, van recollir-ho en paper La Vanguardia, l&#8217;Ara, La Ma\u00f1ana i Expansi\u00f3n.<\/p>\n<p>Als mitjans de la <strong>premsa especialitzada<\/strong> la not\u00edcia tamb\u00e9 va tenir impacte. Destaquen: <a href=\"http:\/\/www.elglobal.net\/farmacia\/fin-a-los-impagos-a-farmacias-en-espana-cataluna-se-pone-al-dia-CE1767554\" target=\"_blank\" rel=\"noopener\">El Global<\/a>, <a href=\"https:\/\/www.diariofarma.com\/2018\/10\/09\/las-farmacias-catalanas-ya-cobran-en-plazo-segun-sus-representantes\" target=\"_blank\" rel=\"noopener\">Diariofarma<\/a>, <a href=\"http:\/\/www.revistaacofar.com\/revista\/actualidad\/actualidades\/10815-finalizan-los-retrasos-en-el-pago-a-las-farmacias-catalanas\" target=\"_blank\" rel=\"noopener\">Revista Acofar<\/a>, <a href=\"http:\/\/www.farmaventas.es\/noticias-del-sector\/8111-finalizan-los-retrasos-en-el-pago-a-las-farmacias-catalanas.html\" target=\"_blank\" rel=\"noopener\">Farmaventas,<\/a> <a href=\"https:\/\/www.correofarmaceutico.com\/profesion\/finalizan-los-retrasos-en-los-pagos-a-las-farmacias-en-cataluna.html\" target=\"_blank\" rel=\"noopener\">Correo Farmac\u00e8utico,<\/a> <a href=\"https:\/\/www.imfarmacias.es\/noticia\/16259\/finalizan-los-retrasos-en-el-pago-a-las-farmacias-catalanas\" target=\"_blank\" rel=\"noopener\">imFarmacias,<\/a> <a href=\"https:\/\/www.redaccionmedica.com\/autonomias\/cataluna\/el-catsalut-vuelve-a-pagar-a-las-farmacias-en-plazo-8-anos-despues-3912\" target=\"_blank\" rel=\"noopener\">Redacci\u00f3n M\u00e9dica,<\/a> <a href=\"http:\/\/www.elfarmaceutico.es\/index.php\/noticias-actualidad-farmaceutica\/item\/9418-la-generalitat-se-pone-al-dia-en-el-pago-a-las-farmacias-catalanas#.W7xo5fntaUk\" target=\"_blank\" rel=\"noopener\">El Farmac\u00e9utico,<\/a> <a href=\"https:\/\/www.actasanitaria.com\/cataluna-se-pone-al-dia-pago-las-farmacias\/\" target=\"_blank\" rel=\"noopener\">Acta Sanitaria<\/a>\u00a0i Sanifax.<\/p>\n<p>D&#8217;aquesta q\u00fcesti\u00f3, tamb\u00e9 en va parlar el secretari del COFB, Jordi Casas, al magaz\u00edn <a href=\"http:\/\/www.radioarenys.cat\/carta\" target=\"_blank\" rel=\"noopener\">&#8220;El Far&#8221; de La Xarxa<\/a> (R\u00e0dio Arenys). L&#8217;entrevista es pot escoltar al programa del dia\u00a0 9 d&#8217;octubre a partir del minut 47.<\/p>\n<p><a href=\"https:\/\/blog.cofb.cat\/wp-content\/uploads\/2018\/11\/final-5.jpg\"><img fetchpriority=\"high\" decoding=\"async\" class=\"aligncenter wp-image-42555 size-full\" title=\"Finalitzaci\u00f3 dels retards en el pagament a les farm\u00e0cies catalanes\" src=\"https:\/\/blog.cofb.cat\/wp-content\/uploads\/2018\/11\/final-5.jpg\" alt=\"\" width=\"618\" height=\"240\" \/><\/a><\/p>\n<p>Aix\u00ed mateix, el president del Col\u00b7legi de Farmac\u00e8utics, Jordi De Dalmases, va publicar una tribuna a Correo Farmac\u00e9utico en relaci\u00f3 a aquest tema, titulada &#8220;<a href=\"https:\/\/www.correofarmaceutico.com\/opinion\/tribunas\/renacer.html\" target=\"_blank\" rel=\"noopener\">Renacer&#8221;,<\/a>\u00a0en qu\u00e8 celebrava la recuperaci\u00f3 de la data de cobrament, tal com contempla el Concert d&#8217;Atenci\u00f3 Farmac\u00e8utica. &#8220;Amb l&#8217;energia que ens ha injectat aquesta bona not\u00edcia, \u00e9s moment de <strong>mirar cap endavant<\/strong> i de donar resposta als nous reptes. Els farmac\u00e8utics tenim molt per aportar i hem de seguir demostrant-ho&#8221;.<\/p>\n<p><a href=\"https:\/\/blog.cofb.cat\/wp-content\/uploads\/2018\/11\/finalrenacerfinal.jpg\"><img decoding=\"async\" class=\"aligncenter wp-image-42559 size-full\" title=\"\u201cRen\u00e9ixer\u201d. Reflexions del president Jordi de Dalmases sobre la recuperaci\u00f3 de la data de cobrament de receptes.\" src=\"https:\/\/blog.cofb.cat\/wp-content\/uploads\/2018\/11\/finalrenacerfinal.jpg\" alt=\"\" width=\"618\" height=\"240\" \/><\/a><\/p>\n<div class=\"custom-divider\"><\/div>\n<h1><span style=\"color: #008080;\"><strong>Presentaci\u00f3 dels resultats aconseguits en la prevenci\u00f3 i detecci\u00f3 preco\u00e7 dels riscos de patir c\u00e0ncer de pell, diabetis i grip<\/strong><\/span><\/h1>\n<p>Els farmac\u00e8utics catalans van presentar al Congr\u00e9s de la FIP els resultats aconseguits en la prevenci\u00f3 i detecci\u00f3 preco\u00e7 dels riscos de patir c\u00e0ncer de pell, diabetis i grip. Van fer-ho a trav\u00e9s d&#8217;un p\u00f2ster sobre la campanya <strong>&#8220;Atenci\u00f3 Diabetis&#8221;<\/strong> (COFB) i un sobre la <strong>detecci\u00f3 preco\u00e7 de la grip<\/strong> a trav\u00e9s de la <strong>xarxa de farm\u00e0cies sentinella<\/strong> (CCFC). A m\u00e9s, la campanya <strong>&#8220;Atenci\u00f3 Pell&#8221;<\/strong> es va presentar en una comunicaci\u00f3 oral. Mitjans de comunicaci\u00f3, tant generalistes com especialitzats, van fer-se ress\u00f2 d&#8217;aquesta not\u00edcia.<\/p>\n<p>El butllet\u00ed Hora 14 de Cadena Ser (R\u00e0dio Barcelona) va entrevistar el responsable d&#8217;Atenci\u00f3 Farmac\u00e8utica del COFB, Guillermo Bagaria, que va fer una valoraci\u00f3 d&#8217;aquests projectes. Les seves declaracions es poden escoltar en <a href=\"https:\/\/20003.mc.tritondigital.com\/RADIO_BARCELONA_CADENASER_363_P\/media-session\/d558e087-1d96-4f1d-ac41-96a6afd9f35c\/2018\/10\/14\/ser_cataluna_hora14catalunya_20181014_140500_143000.mp3?dist=PRISA_ES_CADENASER_WEB_DOWNLOAD&amp;csegid=22000\" target=\"_blank\" rel=\"noopener\">aquest enlla\u00e7<\/a>, a partir del minut 8.<\/p>\n<p>A banda de l&#8217;entrevista radiof\u00f2nica, altres impactes que va tenir aquesta not\u00edcia van ser als mitjans <a href=\"http:\/\/revistafarmanatur.com\/home-izq\/los-farmaceuticos-catalanes-presentan-los-resultados-conseguidos-la-prevencion-deteccion-precoz-los-riesgos-sufrir-cancer-piel-diabetes-gripe\/\" target=\"_blank\" rel=\"noopener\">Farmanatur<\/a>, <a href=\"http:\/\/www.lamanyana.cat\/salut\/public\/article\/diagnostiquen-un-10-de-casos-de-cancer-de-pell-entre-les-persones-que-les-farmacies-havien-detectat\/\" target=\"_blank\" rel=\"noopener\">La Ma\u00f1ana<\/a>, <a href=\"https:\/\/www.diaridegirona.cat\/comarques\/2018\/10\/04\/farmacies-notificar-836-casos-grip\/938574.html\" target=\"_blank\" rel=\"noopener\">Diari de Girona<\/a>, <a href=\"https:\/\/www.elpuntavui.cat\/societat\/article\/14-salut\/1477779-un-10-dels-usuaris-classificats-com-en-risc-tenen-cancer-de-pell.html\" target=\"_blank\" rel=\"noopener\">El Punt Avui<\/a>, <a href=\"https:\/\/www.lavanguardia.com\/vida\/20181002\/452150119348\/diagnostiquen-un-10-de-casos-de-cancer-de-pell-entre-les-persones-que-les-farmacies-havien-detectat-amb-factors-de-risc.html\" target=\"_blank\" rel=\"noopener\">La Vanguardia<\/a>, <a href=\"https:\/\/www.vilaweb.cat\/noticies\/diagnostiquen-un-10-de-casos-de-cancer-de-pell-entre-les-persones-que-les-farmacies-havien-detectat-amb-factors-de-risc\/\" target=\"_blank\" rel=\"noopener\">Vilaweb<\/a>, <a href=\"https:\/\/www.elconfidencial.com\/alma-corazon-vida\/2018-10-02\/farmacias-varcelona-evaluan-riesgo-cancer-piel-12-000-personas_1624486\/\" target=\"_blank\" rel=\"noopener\">El Confidencial<\/a>,<a href=\"https:\/\/www.eixdiari.cat\/societat\/doc\/79391\/diagnostiquen-un-10-de-casos-de-cancer-de-pell-entre-les-persones-que-les-farmacies-havien-detectat-.html\" target=\"_blank\" rel=\"noopener\"> Eix Diari<\/a>, <a href=\"https:\/\/www.saludigestivo.es\/farmacias-de-barcelona-evaluan-el-riesgo-de-cancer-de-piel-a-mas-de-12-000-personas-desde-2016\/\" target=\"_blank\" rel=\"noopener\">FEAD (Fundaci\u00f3n Espa\u00f1ola del Aparato Digestivo)<\/a>, <a href=\"https:\/\/www.diariofarma.com\/2018\/10\/02\/los-farmaceuticos-catalanes-hacen-balance-de-su-actividad-asistencial\" target=\"_blank\" rel=\"noopener\">Diariofarma<\/a>, <a href=\"https:\/\/www.imfarmacias.es\/noticia\/16202\/los-farmaceuticos-catalanes-dan-a-conocer-los-resultados-de-sus-campa\" target=\"_blank\" rel=\"noopener\">imFarmacias<\/a>, <a href=\"http:\/\/www.elfarmaceutico.es\/index.php\/noticias-actualidad-farmaceutica\/item\/9394-los-farmaceuticos-catalanes-presentaron-los-resultados-de-tres-campanas-en-el-congreso-de-la-fip#.W7RsGHv7SUk\" target=\"_blank\" rel=\"noopener\">El Farmac\u00e9utico<\/a>, <a href=\"https:\/\/noticiasvenezuela.org\/2018\/10\/02\/farmacias-de-barcelona-evaluan-el-riesgo-de-cancer-de-piel-a-mas-de-12-000-personas\/\" target=\"_blank\" rel=\"noopener\">Noticias Venezuela<\/a>, <a href=\"http:\/\/cronicadecantabria.com\/cr\/farmacias-de-barcelona-evalan-el-riesgo-de-cncer-de-piel-a-ms-de-12-000-personas-desde-2016\/\" target=\"_blank\" rel=\"noopener\">Cr\u00f3nica de Cantabria<\/a> i Sanifax.<\/p>\n<p><a href=\"https:\/\/blog.cofb.cat\/wp-content\/uploads\/2018\/11\/final-4.jpg\"><img decoding=\"async\" class=\"aligncenter wp-image-42553 size-full\" title=\"Presentaci\u00f3 dels resultats aconseguits en la prevenci\u00f3 i detecci\u00f3 preco\u00e7 dels riscos de patir c\u00e0ncer de pell, diabetis i grip\" src=\"https:\/\/blog.cofb.cat\/wp-content\/uploads\/2018\/11\/final-4.jpg\" alt=\"\" width=\"618\" height=\"240\" \/><\/a><div class=\"custom-divider\"><\/div><\/p>\n<h1><span style=\"color: #008080;\"><strong>Infarma Barcelona 2019<br \/>\n<\/strong><\/span><\/h1>\n<p>El mes d&#8217;octubre, <strong>Infarma<\/strong> -el Congr\u00e9s i Sal\u00f3 Europeu d&#8217;Oficina de Farm\u00e0cia organitzat pel Col\u00b7legi de Farmac\u00e8utics de Barcelona i Madrid i Interalia- ha estat not\u00edcia a la premsa per dos motius. En primer lloc, mitjans com <a href=\"https:\/\/www.diariofarma.com\/2018\/10\/12\/infarma-barcelona-2019-se-ve-obligado-a-ampliar-su-area-de-exposicion\" target=\"_blank\" rel=\"noopener\">Diariofarma<\/a> van publicar que el Comit\u00e8 Organitzador havia decidit\u00a0<strong>ampliar la superf\u00edcie d&#8217;exposici\u00f3<\/strong>, perqu\u00e8 m\u00e9s del <strong>90% d&#8217;espai disponible ja estava cobert<\/strong>.<\/p>\n<p>D&#8217;altra banda, els mitjans de comunicaci\u00f3 tamb\u00e9 van recollir la publicaci\u00f3 del lema que el Congr\u00e9s i Sal\u00f3 tindr\u00e0 aquesta edici\u00f3: <strong>&#8220;La salut ens connecta&#8221;<\/strong>. Se&#8217;n van fer ress\u00f2 mitjans com: <a href=\"https:\/\/www.correofarmaceutico.com\/especiales\/farmacia-comunitaria-especiales\/la-salud-nos-conecta-lema-de-infarma-barcelona-2019.html\" target=\"_blank\" rel=\"noopener\">Correo Farmac\u00e9utico<\/a>, <a href=\"https:\/\/www.actasanitaria.com\/los-farmaceuticos-madrid-barcelona-eligen-lema-la-31o-edicion-infarma\/\" target=\"_blank\" rel=\"noopener\">Acta Sanitaria<\/a>, <a href=\"https:\/\/www.imfarmacias.es\/noticia\/16422\/la-salud-nos-conecta-lema-de-infarma-barcelona-2019\" target=\"_blank\" rel=\"noopener\">imFarmacias<\/a>, <a href=\"http:\/\/www.elfarmaceutico.es\/index.php\/noticias-actualidad-farmaceutica\/item\/9500-la-salud-nos-conecta-lema-de-infarma-barcelona-2019#.W_Q3Udv0mUl\" target=\"_blank\" rel=\"noopener\">El Farmac\u00e9utico<\/a>, <a href=\"http:\/\/www.elfarmaceutico.es\/index.php\/noticias-actualidad-farmaceutica\/item\/9500-la-salud-nos-conecta-lema-de-infarma-barcelona-2019#.W_Q3Udv0mUl\" target=\"_blank\" rel=\"noopener\">Farmanatur,<\/a> <a href=\"http:\/\/www.elglobal.net\/farmacia\/la-salud-nos-conecta-lema-de-infarma-barcelona-2019-BG1796672\" target=\"_blank\" rel=\"noopener\">El Global<\/a>, <a href=\"http:\/\/isanidad.com\/126274\/la-salud-nos-conecta-lema-de-infarma-barcelona-2019\/\" target=\"_blank\" rel=\"noopener\">iSanidad<\/a>, <a href=\"http:\/\/www.farmaventas.es\/noticias-del-sector\/8185-la-salud-nos-conecta-lema-de-infarma-barcelona-2019.html\" target=\"_blank\" rel=\"noopener\">Farmaventas<\/a>, <a href=\"https:\/\/www.diariofarma.com\/2018\/11\/01\/infarma-barcelona-2019-incidira-en-que-la-salud-nos-conecta\" target=\"_blank\" rel=\"noopener\">Diariofarma<\/a> i Sanifax.<\/p>\n<p><a href=\"https:\/\/blog.cofb.cat\/wp-content\/uploads\/2018\/11\/final-3.jpg\"><img loading=\"lazy\" decoding=\"async\" class=\"aligncenter wp-image-42551 size-full\" title=\"Infarma Barcelona 2019\" src=\"https:\/\/blog.cofb.cat\/wp-content\/uploads\/2018\/11\/final-3.jpg\" alt=\"\" width=\"618\" height=\"240\" \/><\/a><\/p>\n<div class=\"custom-divider\"><\/div>\n<h1><span style=\"color: #008080;\"><strong>Diada del Farmac\u00e8utic\u00a0<\/strong><\/span><\/h1>\n<p>La <strong>Diada del Farmac\u00e8utic<\/strong> -l&#8217;homenatge al conjunt de la professi\u00f3 i, en particular, als <strong>col\u00b7legiats<\/strong> que fa 25, 50 o 75 anys que pertanyen al COFB i que, enguany, va celebrar-se el passat 9 d&#8217;octubre- va tenir diverses <strong>repercussions medi\u00e0tiques<\/strong>, que van destacar, sobretot, <strong>les aportacions del discurs del president del COFB<\/strong>, Jordi De Dalmases.<\/p>\n<p>Amb la seva intervenci\u00f3, De Dalmases va posar \u00e8mfasi en tot all\u00f2 que poden aportar els professionals farmac\u00e8utics per <strong>&#8220;fer front a la cronicitat&#8221;<\/strong>. Aix\u00ed mateix, tamb\u00e9 va ressaltar la <strong>recuperaci\u00f3 de la data de cobrament<\/strong>. Van recollir-ho: <a href=\"https:\/\/www.diariofarma.com\/2018\/10\/10\/de-dalmases-destaca-la-aportacion-de-la-farmacia-frente-a-la-cronicidad\" target=\"_blank\" rel=\"noopener\">Diariofarma<\/a>, <a href=\"https:\/\/www.correofarmaceutico.com\/especiales\/farmacia-comunitaria-especiales\/jordi-de-dalmases-los-farmaceuticos-tenemos-mucho-que-aportar-para-hacer-frente-a-la-cronicidad.html\" target=\"_blank\" rel=\"noopener\">Correo Farmac\u00e9utico<\/a>, <a href=\"http:\/\/www.elfarmaceutico.es\/index.php\/noticias-actualidad-farmaceutica\/item\/9422-los-farmaceuticos-tenemos-mucho-que-aportar-para-hacer-frente-a-la-cronicidad#.W779A_ntaUk\" target=\"_blank\" rel=\"noopener\">El Farmac\u00e9utico<\/a>, <a href=\"https:\/\/www.actasanitaria.com\/dalmases-farmaceuticos-aportar\/\" target=\"_blank\" rel=\"noopener\">Acta Sanitaria<\/a>, <a href=\"http:\/\/www.elglobal.net\/editorial-opinion\/foto-fija\/posiblemente-la-diada-del-farmaceutic-mas-feliz-YA1772155\" target=\"_blank\" rel=\"noopener\">El Global<\/a>, <a href=\"http:\/\/revistafarmanatur.com\/home-izq\/los-farmaceuticos-tenemos-mucho-aportar-frente-la-cronicidad\/\" target=\"_blank\" rel=\"noopener\">Farmanatur<\/a> i Sanifax.<\/p>\n<p><a href=\"https:\/\/blog.cofb.cat\/wp-content\/uploads\/2018\/11\/final-2.jpg\"><img loading=\"lazy\" decoding=\"async\" class=\"aligncenter wp-image-42503 size-full\" title=\"Diada del Farmac\u00e8utic \" src=\"https:\/\/blog.cofb.cat\/wp-content\/uploads\/2018\/11\/final-2.jpg\" alt=\"\" width=\"618\" height=\"240\" \/><\/a><\/p>\n<div class=\"custom-divider\"><\/div>\n<h1><strong><span style=\"color: #008080;\">Activitats formatives del COFB<\/span><\/strong><\/h1>\n<p>El mes d&#8217;octubre coincideix amb <strong>l&#8217;inici de l&#8217;activitat formativa del Col\u00b7legi<\/strong>. Per aquest motiu, es van enviar <strong>3 notes de premsa<\/strong> que van tenir diverses repercussions, sobretot en <strong>mitjans de comunicaci\u00f3 especialitzats<\/strong>.<\/p>\n<h3><strong>Inauguraci\u00f3 del programa formatiu 2018\/2019 del COFB<\/strong><\/h3>\n<p>Els mitjans es van fer ress\u00f2 de l&#8217;inici de les <strong>activitats de formaci\u00f3 18\/19<\/strong> i van destacar que, amb la seva <strong>proposta formativa<\/strong>, el COFB consolida l&#8217;<strong>aposta per la innovaci\u00f3<\/strong>, l&#8217;<strong>intercanvi d&#8217;experi\u00e8ncies<\/strong> i l&#8217;<strong>oferta de cursos i activitats<\/strong> per als farmac\u00e8utics que treballen en <strong>diversos \u00e0mbits d&#8217;exercici de la Farm\u00e0cia<\/strong>. Van recollir la not\u00edcia mitjans com <a href=\"http:\/\/www.farmaventas.es\/noticias-del-sector\/otras-noticias\/8133-el-cof-de-barcelona-inaugura-el-programa-formativo-2018-2019-con-mas-de-150-actividades-en-cartera.html\" target=\"_blank\" rel=\"noopener\">Farmaventas<\/a>, <a href=\"https:\/\/www.imfarmacias.es\/noticia\/16303\/el-cof-de-barcelona-inaugura-el-programa-formativo-20182019\" target=\"_blank\" rel=\"noopener\">imFarmacias<\/a>, <a href=\"https:\/\/www.correofarmaceutico.com\/profesion\/grado-y-posgrado\/el-cof-de-barcelona-inaugura-el-programa-formativo-2018-2019.html\" target=\"_blank\" rel=\"noopener\">Correo Farmac\u00e9utico<\/a> i <a href=\"https:\/\/www.diariofarma.com\/2018\/10\/15\/el-cof-de-barcelona-presenta-nuevo-programa-de-formacion-continuada\" target=\"_blank\" rel=\"noopener\">Diariofarma.<\/a><\/p>\n<h3><strong>Inauguraci\u00f3 de la XIV edici\u00f3 del M\u00e0ster de Gesti\u00f3 de l&#8217;Oficina de Farm\u00e0cia (MGOF)<br \/>\n<\/strong><\/h3>\n<p>Mitjans com <a href=\"https:\/\/www.diariofarma.com\/2018\/10\/25\/el-cof-de-barcelona-inicia-su-master-de-gestion-y-de-dalmases-reivindica-la-figura-del-farmaceutico\" target=\"_blank\" rel=\"noopener\">Diariofarma<\/a> o <a href=\"https:\/\/www.imfarmacias.es\/noticia\/16358\/el-cof-de-barcelona-vuelve-a-apostar-por-el-programa-dermoexpert\" target=\"_blank\" rel=\"noopener\">imFarmacias<\/a> tamb\u00e9 van recollir la inauguraci\u00f3 de la <strong>XIV edici\u00f3 del M\u00e0ster de Gesti\u00f3 de l&#8217;Oficina de Farm\u00e0cia (MGOF)<\/strong> que va tenir lloc al Col\u00b7legi el passat 16 d&#8217;octubre i que va comptar amb la intervenci\u00f3 de president del Col\u00b7legi, Jordi De Dalmases.<\/p>\n<p><a href=\"https:\/\/blog.cofb.cat\/wp-content\/uploads\/2018\/11\/final-1.jpg\"><img loading=\"lazy\" decoding=\"async\" class=\"aligncenter wp-image-42497 size-full\" title=\"Inauguraci\u00f3 de la XIV edici\u00f3 del M\u00e0ster de Gesti\u00f3 de l'Oficina de Farm\u00e0cia (MGOF)\" src=\"https:\/\/blog.cofb.cat\/wp-content\/uploads\/2018\/11\/final-1.jpg\" alt=\"\" width=\"618\" height=\"240\" \/><\/a><\/p>\n<h3><strong>Inauguraci\u00f3 de la II edici\u00f3 de Programa Dermoexpert<\/strong><\/h3>\n<p>El <strong>Programa Dermoexpert, d&#8217;especialitzaci\u00f3 en dermofarm\u00e0cia<\/strong>,\u00a0 tamb\u00e9 va tenir espai als mitjans. Concretament, <a href=\"http:\/\/www.elglobal.net\/suplementos-y-especiales\/autocuidado\/el-cof-de-barcelona-inaugura-la-segunda-edicion-del-programa-dermoexpert-AE1789626\" target=\"_blank\" rel=\"noopener\">El Global<\/a>, <a href=\"http:\/\/revistafarmanatur.com\/gestion-farmaceutica\/cof-barcelona-inaugura-la-segunda-edicion-del-programa-dermoexpert\/\" target=\"_blank\" rel=\"noopener\">Farmanatur<\/a> i <a href=\"https:\/\/www.imfarmacias.es\/noticia\/16358\/el-cof-de-barcelona-vuelve-a-apostar-por-el-programa-dermoexpert\" target=\"_blank\" rel=\"noopener\">imFarmacias<\/a> van informar de l&#8217;acte d&#8217;inauguraci\u00f3 d&#8217;aquest programa del Col\u00b7legi, que va comptar amb la pres\u00e8ncia d&#8217;Eul\u00e0lia Mateu, directora del Programa Dermoexpert, Aina Surroca, vocal del COFB i responsable de la Comissi\u00f3 Delegada de Formaci\u00f3 Continuada i Marta Alcalde, vocal de Dermofarm\u00e0cia i Productes Sanitaris.<\/p>\n<p><a href=\"https:\/\/blog.cofb.cat\/wp-content\/uploads\/2018\/11\/FINAL1.jpg\"><img loading=\"lazy\" decoding=\"async\" class=\"aligncenter wp-image-42500 size-full\" title=\"Inauguraci\u00f3 de la II edici\u00f3 de Programa Dermoexpert\" src=\"https:\/\/blog.cofb.cat\/wp-content\/uploads\/2018\/11\/FINAL1.jpg\" alt=\"\" width=\"618\" height=\"240\" \/><\/a><\/p>\n<div class=\"custom-divider\"><\/div>\n<h1><strong><span style=\"color: #008080;\">El COFB com a font d&#8217;informaci\u00f3<\/span><\/strong><\/h1>\n<p>El Col\u00b7legi va continuar proporcionant informaci\u00f3 a mitjans que estaven preparant reportatges de tem\u00e0tica diversa.<\/p>\n<h3><strong>Entrevista al responsable d&#8217;Atenci\u00f3 Farmac\u00e8utica del COFB, Guillermo Bagaria<\/strong><\/h3>\n<p>Aula de la Farmacia va <a href=\"http:\/\/www.auladelafarmacia.com\/articulo\/colegios\/farmaceuticos-tenemos-demostrar-resultados-somos-capaces-hacer\/20181023130325002496.html\" target=\"_blank\" rel=\"noopener\">entrevistar<\/a> el responsable d&#8217;Atenci\u00f3 Farmac\u00e8utica del COFB, Guillermo Bagaria. Al llarg de l&#8217;entrevista, Bagaria va abordar els serveis farmac\u00e8utics concertats actualment a Catalunya i tamb\u00e9 va referir-se a projectes com <strong>Radars<\/strong> o el <strong>Programa de Seguiment del pacient cr\u00f2nic complex (PCAF)<\/strong>.<\/p>\n<h3><strong>Disfunci\u00f3 sexual associada a f\u00e0rmacs<\/strong><\/h3>\n<p>N\u00faria Casamitjana i Maria Perell\u00f3, responsables del <strong>Centre d&#8217;Informaci\u00f3 del Medicament del COFB (CIM)<\/strong> van respondre les q\u00fcestions plantejades per Correo Farmac\u00e9utico al voltant de la <a href=\"https:\/\/www.correofarmaceutico.com\/farmacologia\/la-disfuncion-sexual-asociada-a-farmacos-necesita-mas-vigilancia.html\" target=\"_blank\" rel=\"noopener\">disfunci\u00f3 sexual associada a f\u00e0rmacs<\/a>. La petici\u00f3 de CF sorgia arran de la publicaci\u00f3 d&#8217;un informe de la Fundaci\u00f3 Institut Catal\u00e0 de Farmacologia, titulat <a href=\"https:\/\/www.icf.uab.cat\/assets\/pdf\/productes\/bg\/es\/bg312.18e.pdf\" target=\"_blank\" rel=\"noopener\">&#8220;Disfunci\u00f3 sexual persistent: antidepressius, finasterida i retinoides&#8221;<\/a>.<\/p>\n<h3><strong>Programa de detecci\u00f3 preco\u00e7 de c\u00e0ncer de c\u00f2lon i recte<\/strong><\/h3>\n<p>Rafael Guayta-Escolies, director de Projectes i Investigaci\u00f3 del Consell de Col\u00b7legis Farmac\u00e8utics de Catalunya (CCFC), va valorar per Correo Farmac\u00e9utico la <a href=\"https:\/\/blog.cofb.cat\/publicat-per-primera-vegada-a-la-central-de-resultats-un-monografic-sobre-farmacia-comunitaria\/\" target=\"_blank\" rel=\"noopener\"><strong>publicaci\u00f3 del monogr\u00e0fic de la Central de Resultats<\/strong> <\/a>sobre farm\u00e0cia comunit\u00e0ria, i m\u00e9s concretament, <a href=\"https:\/\/www.correofarmaceutico.com\/politica-sanitaria\/cataluna-y-murcia-reflejan-el-exito-del-cribado-de-cancer-de-colon-en-boticas.html\" target=\"_blank\" rel=\"noopener\">les dades relacionades amb el <strong>Programa de detecci\u00f3 preco\u00e7 de c\u00e0ncer de c\u00f2lon i recte<\/strong><\/a> que figuren en aquest estudi.<\/p>\n<h3><strong>Cura capil\u00b7lar<\/strong><\/h3>\n<p>Finalment, la vocal de Dermofarm\u00e0cia i Productes Sanitaris del COFB, Marta Alcalde, va respondre unes q\u00fcestions sobre la cura capil\u00b7lar per la secci\u00f3 Todo Dermo de Correo Farmac\u00e9utico. Les declaracions d&#8217;Alcalde van ser recollides a l&#8217;article<a href=\"https:\/\/www.correofarmaceutico.com\/tododermo\/enfermedades-de-la-piel\/el-color-de-la-caspa-puede-evidenciar-su-posible-origen.html\" target=\"_blank\" rel=\"noopener\"> &#8220;El color de la caspa puede evidenciar su posible origen&#8221;<\/a>.<\/p>\n<p><a href=\"https:\/\/blog.cofb.cat\/wp-content\/uploads\/2018\/11\/final.jpg\"><img loading=\"lazy\" decoding=\"async\" class=\"aligncenter wp-image-42495 size-full\" title=\"Cura capil\u00b7lar i Programa de detecci\u00f3 preco\u00e7 de c\u00e0ncer de c\u00f2lon i recte\" src=\"https:\/\/blog.cofb.cat\/wp-content\/uploads\/2018\/11\/final.jpg\" alt=\"\" width=\"618\" height=\"240\" \/><\/a><\/p>\n<div class=\"custom-divider\"><\/div>\n<h1><strong><span style=\"color: #008080;\">Entrevista al farmac\u00e8utic Pere Quintana<\/span><\/strong><\/h1>\n<p>El <a href=\"http:\/\/www.alacarta.cat\/ben-trobats\/tall\/pere-quintana\" target=\"_blank\" rel=\"noopener\">programa televisiu Ben trobats<\/a> de La Xarxa va entrevistar el passat divendres 19 d&#8217;octubre, en directe, el <strong>farmac\u00e8utic Pere Quintana<\/strong>. Durant l&#8217;entrevista, van repassar aspectes com la seva <strong>dedicaci\u00f3 al m\u00f3n de la Farm\u00e0cia<\/strong>, l&#8217;<strong>homenatge que el COFB li va fer amb motiu dels 75 anys de col\u00b7legiaci\u00f3,<\/strong> aix\u00ed com d&#8217;altres q\u00fcestions de la seva <strong>traject\u00f2ria vital<\/strong>.<\/p>\n<p><a href=\"https:\/\/blog.cofb.cat\/wp-content\/uploads\/2018\/11\/Pere-Quintana.jpg\"><img loading=\"lazy\" decoding=\"async\" class=\"aligncenter wp-image-42492 size-full\" title=\"el farmac\u00e8utic Pere Quintana\" src=\"https:\/\/blog.cofb.cat\/wp-content\/uploads\/2018\/11\/Pere-Quintana.jpg\" alt=\"\" width=\"618\" height=\"240\" \/><\/a><\/p>\n<div class=\"custom-divider\"><\/div>\n<h1><span style=\"color: #008080;\"><strong>Mencions al COFB<\/strong><\/span><\/h1>\n<p>La <a href=\"http:\/\/www.revistaacofar.com\/revista\/actualidad\/actualidades\/10790-vi-jornada-de-nutricion-del-cof-de-pontevedra-centrada-en-los-pacientes-de-avanzada-edad\" target=\"_blank\" rel=\"noopener\">revista Acofar<\/a> es va fer ress\u00f2 de la participaci\u00f3 de la vocal d&#8217;Alimentaci\u00f3 i Nutrici\u00f3 del COFB, Anna Bach, a la <strong>VI Jornada de Nutrici\u00f3 del COF de Pontevedra<\/strong>, centrada en els pacients d&#8217;edat avan\u00e7ada.<\/p>\n<p>D&#8217;altra banda, coincidint amb el <strong>Dia Mundial de la Salut Mental<\/strong>, alguns mitjans de la premsa especialitzada com <a href=\"https:\/\/www.actasanitaria.com\/cofm-salud-mental\/\" target=\"_blank\" rel=\"noopener\">Acta Sanitaria,<\/a> <a href=\"https:\/\/www.imfarmacias.es\/noticia\/16280\/el-cofm-se-suma-al-dia-mundial-de-la-salud-mental\" target=\"_blank\" rel=\"noopener\">imFarmacias<\/a> o <a href=\"https:\/\/www.infosalus.com\/farmacia\/noticia-campana-pone-relevancia-papel-farmaceutico-tratamiento-patologias-sistema-nervioso-central-20181010142350.html\" target=\"_blank\" rel=\"noopener\">InfoSalus<\/a> van recollir que els Col\u00b7legis de Barcelona i Madrid impartien cursos formatius i confer\u00e8ncies al voltant d&#8217;aquesta tem\u00e0tica, com el curs en l\u00ednia <strong>&#8220;Pacients amb trastorns afectius i psic\u00f2tics&#8221;<\/strong>, del portal de formaci\u00f3 <a href=\"http:\/\/www.agorasanitaria.com\/web\/guest\" target=\"_blank\" rel=\"noopener\">\u00c1gora Sanitaria.<\/a><\/p>\n<p><a href=\"https:\/\/blog.cofb.cat\/wp-content\/uploads\/2018\/11\/Mencios-al-COFB.jpg\"><img loading=\"lazy\" decoding=\"async\" class=\"aligncenter wp-image-42490 size-full\" title=\"Anna Bach, vocal d'Alimentaci\u00f3 i Nutrici\u00f3 del COFB, a la VI Jornada de Nutrici\u00f3 del COF de Pontevedra\" src=\"https:\/\/blog.cofb.cat\/wp-content\/uploads\/2018\/11\/Mencios-al-COFB.jpg\" alt=\"\" width=\"618\" height=\"240\" \/><\/a><\/p>\n","protected":false},"excerpt":{"rendered":"<p>Finalitzaci\u00f3 dels retards en el pagament a les farm\u00e0cies catalanes La finalitzaci\u00f3 dels retards en el pagament a les farm\u00e0cies catalanes va ser un tema molt destacat pels mitjans durant el mes d&#8217;octubre. I \u00e9s que el dia 5 d&#8217;aquest mes la Generalitat de Catalunya va fer efectiva la factura [&hellip;]<\/p>\n","protected":false},"author":1,"featured_media":42753,"comment_status":"open","ping_status":"open","sticky":false,"template":"","format":"standard","meta":{"_uag_custom_page_level_css":"","site-sidebar-layout":"default","site-content-layout":"","ast-site-content-layout":"default","site-content-style":"default","site-sidebar-style":"default","ast-global-header-display":"","ast-banner-title-visibility":"","ast-main-header-display":"","ast-hfb-above-header-display":"","ast-hfb-below-header-display":"","ast-hfb-mobile-header-display":"","site-post-title":"","ast-breadcrumbs-content":"","ast-featured-img":"disabled","footer-sml-layout":"","theme-transparent-header-meta":"","adv-header-id-meta":"","stick-header-meta":"","header-above-stick-meta":"","header-main-stick-meta":"","header-below-stick-meta":"","astra-migrate-meta-layouts":"default","ast-page-background-enabled":"default","ast-page-background-meta":{"desktop":{"background-color":"var(--ast-global-color-4)","background-image":"","background-repeat":"repeat","background-position":"center center","background-size":"auto","background-attachment":"scroll","background-type":"","background-media":"","overlay-type":"","overlay-color":"","overlay-opacity":"","overlay-gradient":""},"tablet":{"background-color":"","background-image":"","background-repeat":"repeat","background-position":"center center","background-size":"auto","background-attachment":"scroll","background-type":"","background-media":"","overlay-type":"","overlay-color":"","overlay-opacity":"","overlay-gradient":""},"mobile":{"background-color":"","background-image":"","background-repeat":"repeat","background-position":"center center","background-size":"auto","background-attachment":"scroll","background-type":"","background-media":"","overlay-type":"","overlay-color":"","overlay-opacity":"","overlay-gradient":""}},"ast-content-background-meta":{"desktop":{"background-color":"var(--ast-global-color-5)","background-image":"","background-repeat":"repeat","background-position":"center center","background-size":"auto","background-attachment":"scroll","background-type":"","background-media":"","overlay-type":"","overlay-color":"","overlay-opacity":"","overlay-gradient":""},"tablet":{"background-color":"var(--ast-global-color-5)","background-image":"","background-repeat":"repeat","background-position":"center center","background-size":"auto","background-attachment":"scroll","background-type":"","background-media":"","overlay-type":"","overlay-color":"","overlay-opacity":"","overlay-gradient":""},"mobile":{"background-color":"var(--ast-global-color-5)","background-image":"","background-repeat":"repeat","background-position":"center center","background-size":"auto","background-attachment":"scroll","background-type":"","background-media":"","overlay-type":"","overlay-color":"","overlay-opacity":"","overlay-gradient":""}},"footnotes":""},"categories":[32],"tags":[3221,18,19,459,31,2920,460],"class_list":["post-42357","post","type-post","status-publish","format-standard","has-post-thumbnail","hentry","category-noticies-farmacia","tag-campanyes","tag-cofb","tag-collegi-de-farmaceutics-de-barcelona","tag-mitjans","tag-mitjans-de-comunicacio","tag-noticia-mitjans","tag-recull-de-mitjans"],"yoast_head":"<!-- This site is optimized with the Yoast SEO plugin v22.4 - https:\/\/yoast.com\/wordpress\/plugins\/seo\/ -->\n<title>Octubre: presentaci\u00f3 de projectes del COFB i el CCFC al Congr\u00e9s de la FIP i finalitzaci\u00f3 dels retards en el pagament a les farm\u00e0cies, temes m\u00e9s destacats als mitjans - Col\u00b7legi de Farmac\u00e8utics de Barcelona<\/title>\n<meta name=\"robots\" content=\"index, follow, max-snippet:-1, max-image-preview:large, max-video-preview:-1\" \/>\n<link rel=\"canonical\" href=\"https:\/\/novaorg.cofb.net\/2018\/11\/30\/octubre-presentacio-projectes-cofb-ccfc-congres-fip-finalitzacio-dels-retards-pagament-farmacies-temes-mes-destacats-als-mitjans\/\" \/>\n<meta property=\"og:locale\" content=\"ca_ES\" \/>\n<meta property=\"og:type\" content=\"article\" \/>\n<meta property=\"og:title\" content=\"Octubre: presentaci\u00f3 de projectes del COFB i el CCFC al Congr\u00e9s de la FIP i finalitzaci\u00f3 dels retards en el pagament a les farm\u00e0cies, temes m\u00e9s destacats als mitjans - Col\u00b7legi de Farmac\u00e8utics de Barcelona\" \/>\n<meta property=\"og:description\" content=\"Finalitzaci\u00f3 dels retards en el pagament a les farm\u00e0cies catalanes La finalitzaci\u00f3 dels retards en el pagament a les farm\u00e0cies catalanes va ser un tema molt destacat pels mitjans durant el mes d&#8217;octubre. I \u00e9s que el dia 5 d&#8217;aquest mes la Generalitat de Catalunya va fer efectiva la factura [&hellip;]\" \/>\n<meta property=\"og:url\" content=\"https:\/\/novaorg.cofb.net\/2018\/11\/30\/octubre-presentacio-projectes-cofb-ccfc-congres-fip-finalitzacio-dels-retards-pagament-farmacies-temes-mes-destacats-als-mitjans\/\" \/>\n<meta property=\"og:site_name\" content=\"Col\u00b7legi de Farmac\u00e8utics de Barcelona\" \/>\n<meta property=\"article:publisher\" content=\"https:\/\/www.facebook.com\/farmaceuticsbcn\/\" \/>\n<meta property=\"article:published_time\" content=\"2018-11-30T12:40:35+00:00\" \/>\n<meta name=\"author\" content=\"wpAdminCofbOrg\" \/>\n<meta name=\"twitter:card\" content=\"summary_large_image\" \/>\n<meta name=\"twitter:creator\" content=\"@farmaceuticsbcn\" \/>\n<meta name=\"twitter:site\" content=\"@farmaceuticsbcn\" \/>\n<meta name=\"twitter:label1\" content=\"Escrit per\" \/>\n\t<meta name=\"twitter:data1\" content=\"wpAdminCofbOrg\" \/>\n\t<meta name=\"twitter:label2\" content=\"Temps estimat de lectura\" \/>\n\t<meta name=\"twitter:data2\" content=\"7 minuts\" \/>\n<script type=\"application\/ld+json\" class=\"yoast-schema-graph\">{\"@context\":\"https:\/\/schema.org\",\"@graph\":[{\"@type\":\"Article\",\"@id\":\"https:\/\/novaorg.cofb.net\/2018\/11\/30\/octubre-presentacio-projectes-cofb-ccfc-congres-fip-finalitzacio-dels-retards-pagament-farmacies-temes-mes-destacats-als-mitjans\/#article\",\"isPartOf\":{\"@id\":\"https:\/\/novaorg.cofb.net\/2018\/11\/30\/octubre-presentacio-projectes-cofb-ccfc-congres-fip-finalitzacio-dels-retards-pagament-farmacies-temes-mes-destacats-als-mitjans\/\"},\"author\":{\"name\":\"wpAdminCofbOrg\",\"@id\":\"https:\/\/www.cofb.org\/#\/schema\/person\/22ed7eea88da74b0fa4d3154ad87ffcb\"},\"headline\":\"Octubre: presentaci\u00f3 de projectes del COFB i el CCFC al Congr\u00e9s de la FIP i finalitzaci\u00f3 dels retards en el pagament a les farm\u00e0cies, temes m\u00e9s destacats als mitjans\",\"datePublished\":\"2018-11-30T12:40:35+00:00\",\"dateModified\":\"2018-11-30T12:40:35+00:00\",\"mainEntityOfPage\":{\"@id\":\"https:\/\/novaorg.cofb.net\/2018\/11\/30\/octubre-presentacio-projectes-cofb-ccfc-congres-fip-finalitzacio-dels-retards-pagament-farmacies-temes-mes-destacats-als-mitjans\/\"},\"wordCount\":1558,\"commentCount\":0,\"publisher\":{\"@id\":\"https:\/\/www.cofb.org\/#organization\"},\"image\":{\"@id\":\"https:\/\/novaorg.cofb.net\/2018\/11\/30\/octubre-presentacio-projectes-cofb-ccfc-congres-fip-finalitzacio-dels-retards-pagament-farmacies-temes-mes-destacats-als-mitjans\/#primaryimage\"},\"thumbnailUrl\":\"\",\"keywords\":[\"campanyes\",\"COFB\",\"Col\u00b7legi de Farmac\u00e8utics de Barcelona\",\"Mitjans\",\"mitjans de comunicaci\u00f3\",\"noticia mitjans\",\"recull de mitjans\"],\"articleSection\":[\"Not\u00edcies farm\u00e0cia\"],\"inLanguage\":\"ca\",\"potentialAction\":[{\"@type\":\"CommentAction\",\"name\":\"Comment\",\"target\":[\"https:\/\/novaorg.cofb.net\/2018\/11\/30\/octubre-presentacio-projectes-cofb-ccfc-congres-fip-finalitzacio-dels-retards-pagament-farmacies-temes-mes-destacats-als-mitjans\/#respond\"]}]},{\"@type\":\"WebPage\",\"@id\":\"https:\/\/novaorg.cofb.net\/2018\/11\/30\/octubre-presentacio-projectes-cofb-ccfc-congres-fip-finalitzacio-dels-retards-pagament-farmacies-temes-mes-destacats-als-mitjans\/\",\"url\":\"https:\/\/novaorg.cofb.net\/2018\/11\/30\/octubre-presentacio-projectes-cofb-ccfc-congres-fip-finalitzacio-dels-retards-pagament-farmacies-temes-mes-destacats-als-mitjans\/\",\"name\":\"Octubre: presentaci\u00f3 de projectes del COFB i el CCFC al Congr\u00e9s de la FIP i finalitzaci\u00f3 dels retards en el pagament a les farm\u00e0cies, temes m\u00e9s destacats als mitjans - Col\u00b7legi de Farmac\u00e8utics de Barcelona\",\"isPartOf\":{\"@id\":\"https:\/\/www.cofb.org\/#website\"},\"primaryImageOfPage\":{\"@id\":\"https:\/\/novaorg.cofb.net\/2018\/11\/30\/octubre-presentacio-projectes-cofb-ccfc-congres-fip-finalitzacio-dels-retards-pagament-farmacies-temes-mes-destacats-als-mitjans\/#primaryimage\"},\"image\":{\"@id\":\"https:\/\/novaorg.cofb.net\/2018\/11\/30\/octubre-presentacio-projectes-cofb-ccfc-congres-fip-finalitzacio-dels-retards-pagament-farmacies-temes-mes-destacats-als-mitjans\/#primaryimage\"},\"thumbnailUrl\":\"\",\"datePublished\":\"2018-11-30T12:40:35+00:00\",\"dateModified\":\"2018-11-30T12:40:35+00:00\",\"breadcrumb\":{\"@id\":\"https:\/\/novaorg.cofb.net\/2018\/11\/30\/octubre-presentacio-projectes-cofb-ccfc-congres-fip-finalitzacio-dels-retards-pagament-farmacies-temes-mes-destacats-als-mitjans\/#breadcrumb\"},\"inLanguage\":\"ca\",\"potentialAction\":[{\"@type\":\"ReadAction\",\"target\":[\"https:\/\/novaorg.cofb.net\/2018\/11\/30\/octubre-presentacio-projectes-cofb-ccfc-congres-fip-finalitzacio-dels-retards-pagament-farmacies-temes-mes-destacats-als-mitjans\/\"]}]},{\"@type\":\"ImageObject\",\"inLanguage\":\"ca\",\"@id\":\"https:\/\/novaorg.cofb.net\/2018\/11\/30\/octubre-presentacio-projectes-cofb-ccfc-congres-fip-finalitzacio-dels-retards-pagament-farmacies-temes-mes-destacats-als-mitjans\/#primaryimage\",\"url\":\"\",\"contentUrl\":\"\"},{\"@type\":\"BreadcrumbList\",\"@id\":\"https:\/\/novaorg.cofb.net\/2018\/11\/30\/octubre-presentacio-projectes-cofb-ccfc-congres-fip-finalitzacio-dels-retards-pagament-farmacies-temes-mes-destacats-als-mitjans\/#breadcrumb\",\"itemListElement\":[{\"@type\":\"ListItem\",\"position\":1,\"name\":\"Inici\",\"item\":\"https:\/\/novaorg.cofb.net\/\"},{\"@type\":\"ListItem\",\"position\":2,\"name\":\"Octubre: presentaci\u00f3 de projectes del COFB i el CCFC al Congr\u00e9s de la FIP i finalitzaci\u00f3 dels retards en el pagament a les farm\u00e0cies, temes m\u00e9s destacats als mitjans\"}]},{\"@type\":\"WebSite\",\"@id\":\"https:\/\/www.cofb.org\/#website\",\"url\":\"https:\/\/www.cofb.org\/\",\"name\":\"Col\u00b7legi de Farmac\u00e8utics de Barcelona\",\"description\":\"\",\"publisher\":{\"@id\":\"https:\/\/www.cofb.org\/#organization\"},\"potentialAction\":[{\"@type\":\"SearchAction\",\"target\":{\"@type\":\"EntryPoint\",\"urlTemplate\":\"https:\/\/www.cofb.org\/?s={search_term_string}\"},\"query-input\":\"required name=search_term_string\"}],\"inLanguage\":\"ca\"},{\"@type\":\"Organization\",\"@id\":\"https:\/\/www.cofb.org\/#organization\",\"name\":\"Col\u00b7legi de Farmac\u00e8utics de Barcelona\",\"url\":\"https:\/\/www.cofb.org\/\",\"logo\":{\"@type\":\"ImageObject\",\"inLanguage\":\"ca\",\"@id\":\"https:\/\/www.cofb.org\/#\/schema\/logo\/image\/\",\"url\":\"https:\/\/www.cofb.org\/wp-content\/uploads\/2023\/11\/cropped-Logotip-COFB.png\",\"contentUrl\":\"https:\/\/www.cofb.org\/wp-content\/uploads\/2023\/11\/cropped-Logotip-COFB.png\",\"width\":500,\"height\":105,\"caption\":\"Col\u00b7legi de Farmac\u00e8utics de Barcelona\"},\"image\":{\"@id\":\"https:\/\/www.cofb.org\/#\/schema\/logo\/image\/\"},\"sameAs\":[\"https:\/\/www.facebook.com\/farmaceuticsbcn\/\",\"https:\/\/twitter.com\/farmaceuticsbcn\",\"https:\/\/www.instagram.com\/farmaceuticsbcn\/\",\"https:\/\/www.linkedin.com\/company\/farmaceuticsbcn\/\"]},{\"@type\":\"Person\",\"@id\":\"https:\/\/www.cofb.org\/#\/schema\/person\/22ed7eea88da74b0fa4d3154ad87ffcb\",\"name\":\"wpAdminCofbOrg\",\"image\":{\"@type\":\"ImageObject\",\"inLanguage\":\"ca\",\"@id\":\"https:\/\/www.cofb.org\/#\/schema\/person\/image\/\",\"url\":\"https:\/\/secure.gravatar.com\/avatar\/1721b20b3b8ca882c3b56ec6c978c594fff670e40c0718e9190eaeeb76aae7d8?s=96&d=mm&r=g\",\"contentUrl\":\"https:\/\/secure.gravatar.com\/avatar\/1721b20b3b8ca882c3b56ec6c978c594fff670e40c0718e9190eaeeb76aae7d8?s=96&d=mm&r=g\",\"caption\":\"wpAdminCofbOrg\"},\"sameAs\":[\"http:\/\/192.168.64.122\/wordpress\"],\"url\":\"https:\/\/www.cofb.org\/ca\/author\/wpadmincofborg\/\"}]}<\/script>\n<!-- \/ Yoast SEO plugin. -->","yoast_head_json":{"title":"Octubre: presentaci\u00f3 de projectes del COFB i el CCFC al Congr\u00e9s de la FIP i finalitzaci\u00f3 dels retards en el pagament a les farm\u00e0cies, temes m\u00e9s destacats als mitjans - Col\u00b7legi de Farmac\u00e8utics de Barcelona","robots":{"index":"index","follow":"follow","max-snippet":"max-snippet:-1","max-image-preview":"max-image-preview:large","max-video-preview":"max-video-preview:-1"},"canonical":"https:\/\/novaorg.cofb.net\/2018\/11\/30\/octubre-presentacio-projectes-cofb-ccfc-congres-fip-finalitzacio-dels-retards-pagament-farmacies-temes-mes-destacats-als-mitjans\/","og_locale":"ca_ES","og_type":"article","og_title":"Octubre: presentaci\u00f3 de projectes del COFB i el CCFC al Congr\u00e9s de la FIP i finalitzaci\u00f3 dels retards en el pagament a les farm\u00e0cies, temes m\u00e9s destacats als mitjans - Col\u00b7legi de Farmac\u00e8utics de Barcelona","og_description":"Finalitzaci\u00f3 dels retards en el pagament a les farm\u00e0cies catalanes La finalitzaci\u00f3 dels retards en el pagament a les farm\u00e0cies catalanes va ser un tema molt destacat pels mitjans durant el mes d&#8217;octubre. I \u00e9s que el dia 5 d&#8217;aquest mes la Generalitat de Catalunya va fer efectiva la factura [&hellip;]","og_url":"https:\/\/novaorg.cofb.net\/2018\/11\/30\/octubre-presentacio-projectes-cofb-ccfc-congres-fip-finalitzacio-dels-retards-pagament-farmacies-temes-mes-destacats-als-mitjans\/","og_site_name":"Col\u00b7legi de Farmac\u00e8utics de Barcelona","article_publisher":"https:\/\/www.facebook.com\/farmaceuticsbcn\/","article_published_time":"2018-11-30T12:40:35+00:00","author":"wpAdminCofbOrg","twitter_card":"summary_large_image","twitter_creator":"@farmaceuticsbcn","twitter_site":"@farmaceuticsbcn","twitter_misc":{"Escrit per":"wpAdminCofbOrg","Temps estimat de lectura":"7 minuts"},"schema":{"@context":"https:\/\/schema.org","@graph":[{"@type":"Article","@id":"https:\/\/novaorg.cofb.net\/2018\/11\/30\/octubre-presentacio-projectes-cofb-ccfc-congres-fip-finalitzacio-dels-retards-pagament-farmacies-temes-mes-destacats-als-mitjans\/#article","isPartOf":{"@id":"https:\/\/novaorg.cofb.net\/2018\/11\/30\/octubre-presentacio-projectes-cofb-ccfc-congres-fip-finalitzacio-dels-retards-pagament-farmacies-temes-mes-destacats-als-mitjans\/"},"author":{"name":"wpAdminCofbOrg","@id":"https:\/\/www.cofb.org\/#\/schema\/person\/22ed7eea88da74b0fa4d3154ad87ffcb"},"headline":"Octubre: presentaci\u00f3 de projectes del COFB i el CCFC al Congr\u00e9s de la FIP i finalitzaci\u00f3 dels retards en el pagament a les farm\u00e0cies, temes m\u00e9s destacats als mitjans","datePublished":"2018-11-30T12:40:35+00:00","dateModified":"2018-11-30T12:40:35+00:00","mainEntityOfPage":{"@id":"https:\/\/novaorg.cofb.net\/2018\/11\/30\/octubre-presentacio-projectes-cofb-ccfc-congres-fip-finalitzacio-dels-retards-pagament-farmacies-temes-mes-destacats-als-mitjans\/"},"wordCount":1558,"commentCount":0,"publisher":{"@id":"https:\/\/www.cofb.org\/#organization"},"image":{"@id":"https:\/\/novaorg.cofb.net\/2018\/11\/30\/octubre-presentacio-projectes-cofb-ccfc-congres-fip-finalitzacio-dels-retards-pagament-farmacies-temes-mes-destacats-als-mitjans\/#primaryimage"},"thumbnailUrl":"","keywords":["campanyes","COFB","Col\u00b7legi de Farmac\u00e8utics de Barcelona","Mitjans","mitjans de comunicaci\u00f3","noticia mitjans","recull de mitjans"],"articleSection":["Not\u00edcies farm\u00e0cia"],"inLanguage":"ca","potentialAction":[{"@type":"CommentAction","name":"Comment","target":["https:\/\/novaorg.cofb.net\/2018\/11\/30\/octubre-presentacio-projectes-cofb-ccfc-congres-fip-finalitzacio-dels-retards-pagament-farmacies-temes-mes-destacats-als-mitjans\/#respond"]}]},{"@type":"WebPage","@id":"https:\/\/novaorg.cofb.net\/2018\/11\/30\/octubre-presentacio-projectes-cofb-ccfc-congres-fip-finalitzacio-dels-retards-pagament-farmacies-temes-mes-destacats-als-mitjans\/","url":"https:\/\/novaorg.cofb.net\/2018\/11\/30\/octubre-presentacio-projectes-cofb-ccfc-congres-fip-finalitzacio-dels-retards-pagament-farmacies-temes-mes-destacats-als-mitjans\/","name":"Octubre: presentaci\u00f3 de projectes del COFB i el CCFC al Congr\u00e9s de la FIP i finalitzaci\u00f3 dels retards en el pagament a les farm\u00e0cies, temes m\u00e9s destacats als mitjans - Col\u00b7legi de Farmac\u00e8utics de Barcelona","isPartOf":{"@id":"https:\/\/www.cofb.org\/#website"},"primaryImageOfPage":{"@id":"https:\/\/novaorg.cofb.net\/2018\/11\/30\/octubre-presentacio-projectes-cofb-ccfc-congres-fip-finalitzacio-dels-retards-pagament-farmacies-temes-mes-destacats-als-mitjans\/#primaryimage"},"image":{"@id":"https:\/\/novaorg.cofb.net\/2018\/11\/30\/octubre-presentacio-projectes-cofb-ccfc-congres-fip-finalitzacio-dels-retards-pagament-farmacies-temes-mes-destacats-als-mitjans\/#primaryimage"},"thumbnailUrl":"","datePublished":"2018-11-30T12:40:35+00:00","dateModified":"2018-11-30T12:40:35+00:00","breadcrumb":{"@id":"https:\/\/novaorg.cofb.net\/2018\/11\/30\/octubre-presentacio-projectes-cofb-ccfc-congres-fip-finalitzacio-dels-retards-pagament-farmacies-temes-mes-destacats-als-mitjans\/#breadcrumb"},"inLanguage":"ca","potentialAction":[{"@type":"ReadAction","target":["https:\/\/novaorg.cofb.net\/2018\/11\/30\/octubre-presentacio-projectes-cofb-ccfc-congres-fip-finalitzacio-dels-retards-pagament-farmacies-temes-mes-destacats-als-mitjans\/"]}]},{"@type":"ImageObject","inLanguage":"ca","@id":"https:\/\/novaorg.cofb.net\/2018\/11\/30\/octubre-presentacio-projectes-cofb-ccfc-congres-fip-finalitzacio-dels-retards-pagament-farmacies-temes-mes-destacats-als-mitjans\/#primaryimage","url":"","contentUrl":""},{"@type":"BreadcrumbList","@id":"https:\/\/novaorg.cofb.net\/2018\/11\/30\/octubre-presentacio-projectes-cofb-ccfc-congres-fip-finalitzacio-dels-retards-pagament-farmacies-temes-mes-destacats-als-mitjans\/#breadcrumb","itemListElement":[{"@type":"ListItem","position":1,"name":"Inici","item":"https:\/\/novaorg.cofb.net\/"},{"@type":"ListItem","position":2,"name":"Octubre: presentaci\u00f3 de projectes del COFB i el CCFC al Congr\u00e9s de la FIP i finalitzaci\u00f3 dels retards en el pagament a les farm\u00e0cies, temes m\u00e9s destacats als mitjans"}]},{"@type":"WebSite","@id":"https:\/\/www.cofb.org\/#website","url":"https:\/\/www.cofb.org\/","name":"Col\u00b7legi de Farmac\u00e8utics de Barcelona","description":"","publisher":{"@id":"https:\/\/www.cofb.org\/#organization"},"potentialAction":[{"@type":"SearchAction","target":{"@type":"EntryPoint","urlTemplate":"https:\/\/www.cofb.org\/?s={search_term_string}"},"query-input":"required name=search_term_string"}],"inLanguage":"ca"},{"@type":"Organization","@id":"https:\/\/www.cofb.org\/#organization","name":"Col\u00b7legi de Farmac\u00e8utics de Barcelona","url":"https:\/\/www.cofb.org\/","logo":{"@type":"ImageObject","inLanguage":"ca","@id":"https:\/\/www.cofb.org\/#\/schema\/logo\/image\/","url":"https:\/\/www.cofb.org\/wp-content\/uploads\/2023\/11\/cropped-Logotip-COFB.png","contentUrl":"https:\/\/www.cofb.org\/wp-content\/uploads\/2023\/11\/cropped-Logotip-COFB.png","width":500,"height":105,"caption":"Col\u00b7legi de Farmac\u00e8utics de Barcelona"},"image":{"@id":"https:\/\/www.cofb.org\/#\/schema\/logo\/image\/"},"sameAs":["https:\/\/www.facebook.com\/farmaceuticsbcn\/","https:\/\/twitter.com\/farmaceuticsbcn","https:\/\/www.instagram.com\/farmaceuticsbcn\/","https:\/\/www.linkedin.com\/company\/farmaceuticsbcn\/"]},{"@type":"Person","@id":"https:\/\/www.cofb.org\/#\/schema\/person\/22ed7eea88da74b0fa4d3154ad87ffcb","name":"wpAdminCofbOrg","image":{"@type":"ImageObject","inLanguage":"ca","@id":"https:\/\/www.cofb.org\/#\/schema\/person\/image\/","url":"https:\/\/secure.gravatar.com\/avatar\/1721b20b3b8ca882c3b56ec6c978c594fff670e40c0718e9190eaeeb76aae7d8?s=96&d=mm&r=g","contentUrl":"https:\/\/secure.gravatar.com\/avatar\/1721b20b3b8ca882c3b56ec6c978c594fff670e40c0718e9190eaeeb76aae7d8?s=96&d=mm&r=g","caption":"wpAdminCofbOrg"},"sameAs":["http:\/\/192.168.64.122\/wordpress"],"url":"https:\/\/www.cofb.org\/ca\/author\/wpadmincofborg\/"}]}},"uagb_featured_image_src":{"full":false,"thumbnail":false,"medium":false,"medium_large":false,"large":false,"1536x1536":false,"2048x2048":false,"trp-custom-language-flag":false},"uagb_author_info":{"display_name":"wpAdminCofbOrg","author_link":"https:\/\/www.cofb.org\/ca\/author\/wpadmincofborg\/"},"uagb_comment_info":0,"uagb_excerpt":"Finalitzaci\u00f3 dels retards en el pagament a les farm\u00e0cies catalanes La finalitzaci\u00f3 dels retards en el pagament a les farm\u00e0cies catalanes va ser un tema molt destacat pels mitjans durant el mes d&#8217;octubre. I \u00e9s que el dia 5 d&#8217;aquest mes la Generalitat de Catalunya va fer efectiva la factura [&hellip;]","_links":{"self":[{"href":"https:\/\/www.cofb.org\/ca\/wp-json\/wp\/v2\/posts\/42357","targetHints":{"allow":["GET"]}}],"collection":[{"href":"https:\/\/www.cofb.org\/ca\/wp-json\/wp\/v2\/posts"}],"about":[{"href":"https:\/\/www.cofb.org\/ca\/wp-json\/wp\/v2\/types\/post"}],"author":[{"embeddable":true,"href":"https:\/\/www.cofb.org\/ca\/wp-json\/wp\/v2\/users\/1"}],"replies":[{"embeddable":true,"href":"https:\/\/www.cofb.org\/ca\/wp-json\/wp\/v2\/comments?post=42357"}],"version-history":[{"count":0,"href":"https:\/\/www.cofb.org\/ca\/wp-json\/wp\/v2\/posts\/42357\/revisions"}],"wp:featuredmedia":[{"embeddable":true,"href":"https:\/\/www.cofb.org\/ca\/wp-json\/"}],"wp:attachment":[{"href":"https:\/\/www.cofb.org\/ca\/wp-json\/wp\/v2\/media?parent=42357"}],"wp:term":[{"taxonomy":"category","embeddable":true,"href":"https:\/\/www.cofb.org\/ca\/wp-json\/wp\/v2\/categories?post=42357"},{"taxonomy":"post_tag","embeddable":true,"href":"https:\/\/www.cofb.org\/ca\/wp-json\/wp\/v2\/tags?post=42357"}],"curies":[{"name":"wp","href":"https:\/\/api.w.org\/{rel}","templated":true}]}}