{"id":42187,"date":"2018-11-14T19:11:01","date_gmt":"2018-11-14T17:11:01","guid":{"rendered":"https:\/\/blog.cofb.cat\/?p=42187"},"modified":"2018-11-14T19:11:01","modified_gmt":"2018-11-14T17:11:01","slug":"paper-farmacia-lictus-nova-tertulia-dactualitat-cofb","status":"publish","type":"post","link":"https:\/\/www.cofb.org\/ca\/2018\/11\/14\/paper-farmacia-lictus-nova-tertulia-dactualitat-cofb\/","title":{"rendered":"El paper de la farm\u00e0cia en l&#8217;ictus. Nova tert\u00falia d&#8217;actualitat al COFB"},"content":{"rendered":"<p>El passat <strong>6 de novembre<\/strong> -coincidint amb la proximitat del 29 d&#8217;octubre, <strong>Dia Mundial de l&#8217;ictus<\/strong>&#8211;\u00a0el COFB va organitzar una <strong>tert\u00falia d&#8217;actualitat<\/strong> al voltant d&#8217;aquest tema, moderada pel vicetresorer i responsable d&#8217;Atenci\u00f3 Farmac\u00e8utica del Col\u00b7legi, Guillermo Bagaria.<\/p>\n<p>Els ponents van ser <strong>Esther Duarte<\/strong>, cap de secci\u00f3 de Rehabilitaci\u00f3 Neurol\u00f2gica dels Hospitals del Mar i l&#8217;Esperan\u00e7a; <strong>Ana Rodr\u00edguez<\/strong>, cap de Secci\u00f3 d&#8217;Ictus del Servei de Neurologia de l&#8217;Hospital del Mar i <strong>Jordi Minguella<\/strong>, representant de l&#8217;<strong>Associaci\u00f3 Superar l&#8217;Ictus Barcelona<\/strong>.<\/p>\n<figure id=\"attachment_42196\" aria-describedby=\"caption-attachment-42196\" style=\"width: 620px\" class=\"wp-caption aligncenter\"><a href=\"https:\/\/blog.cofb.cat\/wp-content\/uploads\/2018\/11\/cofb.Ictus181106-19.jpg\"><img fetchpriority=\"high\" decoding=\"async\" class=\"wp-image-42196 size-large\" title=\"La doctora Ana Rodr\u00edguez, durant la seva intervenci\u00f3 a la tert\u00falia d'actualitat &quot;Viure l'ictus&quot;.\" src=\"https:\/\/blog.cofb.cat\/wp-content\/uploads\/2018\/11\/cofb.Ictus181106-19-1024x683.jpg\" alt=\"La doctora Ana Rodr\u00edguez, durant la seva intervenci\u00f3 a la tert\u00falia d'actualitat &quot;Viure l'ictus&quot;.\" width=\"620\" height=\"414\" \/><\/a><figcaption id=\"caption-attachment-42196\" class=\"wp-caption-text\">La doctora Ana Rodr\u00edguez, durant la seva intervenci\u00f3 a la tert\u00falia d&#8217;actualitat &#8220;Viure l&#8217;ictus&#8221;.<\/figcaption><\/figure>\n<div class=\"destacat-blog\">\n<h1><span style=\"color: #008080;\"><strong>L&#8217;ictus, en xifres<\/strong><\/span><\/h1>\n<ul>\n<li>A Catalunya, <strong>m\u00e9s de 13.000 persones<\/strong> ingressen a l&#8217;hospital <strong>cada any<\/strong> per un <strong>ictus<\/strong>.<\/li>\n<li>L&#8217;ictus \u00e9s la <strong>primera causa de mort<\/strong> entre dones i la tercera en homes.<\/li>\n<li>Alta incid\u00e8ncia. 150-200\/100.000 habitants\/any, que comporta una elevada mortalitat.<\/li>\n<\/ul>\n<\/div>\n<h1><span style=\"color: #008080;\"><strong>Ictus: definici\u00f3, tractament en fase aguda i prevenci\u00f3 secund\u00e0ria<br \/>\n<\/strong><\/span><\/h1>\n<p>La doctora Ana Rodr\u00edguez va aportar algunes <strong>dades rellevants<\/strong> com ara que <strong>a Catalunya es produeix un ictus cada 45 minuts<\/strong> i que aquest causa\u00a0<strong>cada any la mort de 5.000 persones.<\/strong><\/p>\n<p>Pel que fa a les dades al conjunt de l&#8217;Estat espanyol, la doctora va ressaltar que <strong>es produeix un ictus cada 6 minuts<\/strong> i que es podria omplir el Camp Nou amb tots els ictus que es produeixen al llarg d&#8217;un any, la meitat dels quals desemboquen en la mort.<\/p>\n<p>D&#8217;altra banda, Rodr\u00edguez tamb\u00e9 va definir l&#8217;ictus com &#8220;el proc\u00e9s que origina una <strong>afectaci\u00f3 brusca<\/strong> (transit\u00f2ria o permanent) d&#8217;una zona cerebral com a conseq\u00fc\u00e8ncia d&#8217;una obstrucci\u00f3 o ruptura d&#8217;una art\u00e8ria). El terme s&#8217;utilitza per referir-se a l&#8217;<strong>infart<\/strong>, l&#8217;<strong>hemorr\u00e0gia cerebral<\/strong> o l&#8217;<b>hemorr\u00e0gia\u00a0subaracnoidal<\/b>&#8220;.<\/p>\n<p>Aix\u00ed mateix, Rodr\u00edguez va referir-se al <strong>tractament en fase aguda i als criteris d&#8217;activaci\u00f3 del codi ictus, l&#8217;atenci\u00f3 a urg\u00e8ncies i el tractament recanalitzador<\/strong>. Finalment, va abordar la prevenci\u00f3 secund\u00e0ria, dins la qual va parlar\u00a0 del tractament antitromb\u00f2tic i el control dels factors de risc vascular.<\/p>\n<figure id=\"attachment_42286\" aria-describedby=\"caption-attachment-42286\" style=\"width: 620px\" class=\"wp-caption aligncenter\"><a href=\"https:\/\/blog.cofb.cat\/wp-content\/uploads\/2018\/11\/cofb.Ictus181106-03.jpg\"><img decoding=\"async\" class=\"wp-image-42286 size-large\" title=\"D'esquerra a dreta: Esther Duarte, Guillermo Bagaria, Ana Rodr\u00edguez i Jordi Minguella. \" src=\"https:\/\/blog.cofb.cat\/wp-content\/uploads\/2018\/11\/cofb.Ictus181106-03-1024x683.jpg\" alt=\"D'esquerra a dreta: Esther Duarte, Guillermo Bagaria, Ana Rodr\u00edguez i Jordi Minguella. \" width=\"620\" height=\"414\" \/><\/a><figcaption id=\"caption-attachment-42286\" class=\"wp-caption-text\">D&#8217;esquerra a dreta: Esther Duarte, Guillermo Bagaria, Ana Rodr\u00edguez i Jordi Minguella.<\/figcaption><\/figure>\n<h3><span style=\"color: #008080;\"><strong>Factors de risc tradicionals i no tradicionals<\/strong><\/span><\/h3>\n<p>La doctora tamb\u00e9 va posar damunt la taula els <strong>factors de risc tradicionals<\/strong> (edat, sexe, hipertensi\u00f3 arterial, diabetis <em>mellitus<\/em>, tabaquisme, malaltia cardiovascular&#8230;) i els <strong>no tradicionals<\/strong> (obesitat, dieta i nutrici\u00f3, causes infeccioses, contaminaci\u00f3 ambiental, depressi\u00f3&#8230;).<\/p>\n<p>Una <strong>intervenci\u00f3 aplicable en prevenci\u00f3 prim\u00e0ria i secund\u00e0ria<\/strong>\u00a0est\u00e0 relacionada amb l&#8217;<strong>estil de vida saludable<\/strong> que, en poblacions amb un elevat risc cardiovascular, s&#8217;ha associat a una <strong>reducci\u00f3 del risc d&#8217;ictus del 70%<\/strong>.<\/p>\n<p>En comparaci\u00f3 amb els tractaments m\u00e8dics o quir\u00fargics, les <strong>modificacions de l&#8217;estil de vida<\/strong> suposen un <strong>baix risc<\/strong>, tenen un <strong>cost baix<\/strong> i estan \u00e0mpliament\u00a0<strong>disponibles, per la qual cosa es poden aplicar a tota la poblaci\u00f3<\/strong>.<\/p>\n<h1><span style=\"color: #008080;\"><strong>Rehabilitaci\u00f3 despr\u00e9s d&#8217;un ictus<br \/>\n<\/strong><\/span><\/h1>\n<p>En la seva intervenci\u00f3, la doctora Esther Duarte va explicar que patir un <strong>ictus<\/strong> t\u00e9 impactes emocionals, cognitius, comunicatius i afectacions en la degluci\u00f3, la mobilitat, les activitats de la vida di\u00e0ria, la participaci\u00f3 social&#8230; Tot seguit,\u00a0Duarte va fer un <strong>rep\u00e0s d&#8217;alguns dels aspectes destacats de la rehabilitaci\u00f3<\/strong>: l&#8217;inici preco\u00e7, la intensitat adequada, l&#8217;\u00e0mbit adequat, l&#8217;equip multidisciplinari d&#8217;experts que la duen a terme i la import\u00e0ncia de la participaci\u00f3 activa dels pacients i els cuidadors. Tot plegat, sense passar per alt la <strong>tecnologia<\/strong> (utilitzada en \u00e0rees com la rob\u00f2tica, l&#8217;estimulaci\u00f3 transcranial magn\u00e8tica o l&#8217;estimulaci\u00f3 cerebral directa transcranial).<\/p>\n<div class=\"box info\"><\/div>\n<p>L&#8217;<strong>equip de rehabilitaci\u00f3<\/strong> necessari per atendre <strong>pacients amb seq\u00fceles d&#8217;ictus<\/strong> est\u00e0 format per un facultatiu expert en rehabilitaci\u00f3 que coordina un <strong>grup multidisciplinari de professionals<\/strong> (fisioterapeutes, infermers, terapeutes ocupacionals, neuropsic\u00f2legs, treballadors socials i logopedes).<\/p>\n<\/div>\n<h1><span style=\"color: #008080;\"><strong>El punt de vista dels pacients<\/strong> <\/span><\/h1>\n<p>La part final de l&#8217;acte va comptar amb la participaci\u00f3 de Jordi Minguella, representant de l&#8217;Associaci\u00f3 Superar l&#8217;Ictus de Barcelona. Minguella va explicar la seva viv\u00e8ncia i la tasca de l&#8217;associaci\u00f3, centrada a ajudar les persones que han viscut un ictus i les seves fam\u00edlies a millorar la seva qualitat de vida.<\/p>\n<figure id=\"attachment_42197\" aria-describedby=\"caption-attachment-42197\" style=\"width: 620px\" class=\"wp-caption aligncenter\"><a href=\"https:\/\/blog.cofb.cat\/wp-content\/uploads\/2018\/11\/cofb.Ictus181106-12.jpg\"><img decoding=\"async\" class=\"wp-image-42197 size-large\" title=\"Jordi Minguella, representant de l'Associaci\u00f3 Superar l'ictus de Barcelona.\" src=\"https:\/\/blog.cofb.cat\/wp-content\/uploads\/2018\/11\/cofb.Ictus181106-12-1024x683.jpg\" alt=\"Jordi Minguella, representant de l'Associaci\u00f3 Superar l'ictus de Barcelona.\" width=\"620\" height=\"414\" \/><\/a><figcaption id=\"caption-attachment-42197\" class=\"wp-caption-text\">Jordi Minguella, representant de l&#8217;Associaci\u00f3 Superar l&#8217;Ictus de Barcelona.<\/figcaption><\/figure>\n<p>El representant de l&#8217;Associaci\u00f3 Superar l&#8217;Ictus va destacar que els farmac\u00e8utics s\u00f3n <strong>&#8220;la primera l\u00ednia d&#8217;atenci\u00f3 a l&#8217;afectat d&#8217;ictus en el seu dia a dia&#8221;<\/strong>i, seguidament, va exposar qu\u00e8 pot fer la <strong>farm\u00e0cia<\/strong> en aquest \u00e0mbit:<\/p>\n<div class=\"box note\"><\/div>\n<h3><span style=\"color: #008080;\"><strong>El paper de la farm\u00e0cia<\/strong><\/span><\/h3>\n<ul>\n<li>proporcionar informaci\u00f3 sobre els <strong>factors de risc<\/strong> que poden provocar un ictus<\/li>\n<li>col\u00b7laborar en la formaci\u00f3 i oferir <strong>educaci\u00f3 sanit\u00e0ria<\/strong> als usuaris de la farm\u00e0cia sobre <strong>estil de vida saludable<\/strong><\/li>\n<li>informar de les <strong>activitats i programes dirigits de l&#8217;Associaci\u00f3<\/strong>, per a persones que ja han viscut un ictus<\/li>\n<li>resoldre dubtes i consultes realitzades per pacients i cuidadors, relatius al <strong>tractament farmacol\u00f2gic i altres productes farmac\u00e8utics<\/strong><\/li>\n<li>col\u00b7laborar amb l&#8217;<strong>equip multidisciplinari d&#8217;atenci\u00f3 a la salut <\/strong>en la detecci\u00f3 preco\u00e7 de problemes relacionats amb els medicaments i\/o seguiment farmacoterap\u00e8utic<\/li>\n<li>facilitar <strong>eines i consells<\/strong> per un <strong>compliment terap\u00e8utic adequat<\/strong>, especialment en les <strong>ter\u00e0pies cr\u00f2niques<\/strong><\/li>\n<li><strong>seguir participant<\/strong> en les <strong>campanyes p\u00fabliques i privades de prevenci\u00f3 i d&#8217;informaci\u00f3 sobre l&#8217;ictus<\/strong><\/li>\n<\/ul>\n<\/div>\n<p><strong>Altres publicacions d&#8217;inter\u00e8s:<\/strong><\/p>\n<ul>\n<li><a href=\"https:\/\/blog.cofb.cat\/dra-merce-boada-millorar-deteccio-lalzheimer-hem-destablir-sinergies-agents-mes-propers-poblacio-farmacies-farmaceutics-video-entrevista\/\" target=\"_blank\" rel=\"noopener\">Dra. Merc\u00e8 Boada: &#8220;Per millorar la detecci\u00f3 de l&#8217;Alzheimer, hem d&#8217;establir sinergies amb els agents m\u00e9s propers a la poblaci\u00f3, com farm\u00e0cies i farmac\u00e8utics (V\u00edde entrevista) (Juliol 2018)<\/a><\/li>\n<li><a href=\"https:\/\/blog.cofb.cat\/la-identificacio-de-malaltia-celiaca-amb-simptomatologia-es-un-error-molts-celiacs-no-tenen-simptomes-conferencia-del-dr-vicente-varea-especialista-en-gastroenterologia-pediatric\/\" target=\"_blank\" rel=\"noopener\">&#8220;Molts cel\u00edacs no tenen s\u00edmptomes. La identificaci\u00f3 de la malaltia cel\u00edaca amb simptomatologia \u00e9s un eror&#8221;. Dr. Vicente Varea, especialista en gastroenterologia pedi\u00e0tria (V\u00eddeo entrevista) (Maig 2018)<\/a><\/li>\n<li><a href=\"https:\/\/blog.cofb.cat\/tertulia-dactualitat-millorar-comunicacio-farmaceutic-pacient-millora-resultats-salut-video-entrevista\/\" target=\"_blank\" rel=\"noopener\">Tert\u00falia d&#8217;actualitat: millorar la comunicaci\u00f3 farmac\u00e8tuic-pacient, millora els resultats de salut (V\u00eddeo entrevista) (Mar\u00e7 2018)<\/a><\/li>\n<li><a href=\"https:\/\/blog.cofb.cat\/tertulia-dactualitat-cronobiologia-hora-dels-apats-obesitat-video-entrevista\/\" target=\"_blank\" rel=\"noopener\">Tert\u00falia d&#8217;actualitat: cronobiologia, hora dels \u00e0pats i obesitat (V\u00eddeo entrevista) (Gener 2018)<\/a><\/li>\n<\/ul>\n","protected":false},"excerpt":{"rendered":"<p>El passat 6 de novembre -coincidint amb la proximitat del 29 d&#8217;octubre, Dia Mundial de l&#8217;ictus&#8211;\u00a0el COFB va organitzar una tert\u00falia d&#8217;actualitat al voltant d&#8217;aquest tema, moderada pel vicetresorer i responsable d&#8217;Atenci\u00f3 Farmac\u00e8utica del Col\u00b7legi, Guillermo Bagaria. Els ponents van ser Esther Duarte, cap de secci\u00f3 de Rehabilitaci\u00f3 Neurol\u00f2gica dels [&hellip;]<\/p>\n","protected":false},"author":1,"featured_media":42196,"comment_status":"open","ping_status":"open","sticky":false,"template":"","format":"standard","meta":{"_uag_custom_page_level_css":"","site-sidebar-layout":"default","site-content-layout":"","ast-site-content-layout":"default","site-content-style":"default","site-sidebar-style":"default","ast-global-header-display":"","ast-banner-title-visibility":"","ast-main-header-display":"","ast-hfb-above-header-display":"","ast-hfb-below-header-display":"","ast-hfb-mobile-header-display":"","site-post-title":"","ast-breadcrumbs-content":"","ast-featured-img":"disabled","footer-sml-layout":"","theme-transparent-header-meta":"","adv-header-id-meta":"","stick-header-meta":"","header-above-stick-meta":"","header-main-stick-meta":"","header-below-stick-meta":"","astra-migrate-meta-layouts":"default","ast-page-background-enabled":"default","ast-page-background-meta":{"desktop":{"background-color":"var(--ast-global-color-4)","background-image":"","background-repeat":"repeat","background-position":"center center","background-size":"auto","background-attachment":"scroll","background-type":"","background-media":"","overlay-type":"","overlay-color":"","overlay-opacity":"","overlay-gradient":""},"tablet":{"background-color":"","background-image":"","background-repeat":"repeat","background-position":"center center","background-size":"auto","background-attachment":"scroll","background-type":"","background-media":"","overlay-type":"","overlay-color":"","overlay-opacity":"","overlay-gradient":""},"mobile":{"background-color":"","background-image":"","background-repeat":"repeat","background-position":"center center","background-size":"auto","background-attachment":"scroll","background-type":"","background-media":"","overlay-type":"","overlay-color":"","overlay-opacity":"","overlay-gradient":""}},"ast-content-background-meta":{"desktop":{"background-color":"var(--ast-global-color-5)","background-image":"","background-repeat":"repeat","background-position":"center center","background-size":"auto","background-attachment":"scroll","background-type":"","background-media":"","overlay-type":"","overlay-color":"","overlay-opacity":"","overlay-gradient":""},"tablet":{"background-color":"var(--ast-global-color-5)","background-image":"","background-repeat":"repeat","background-position":"center center","background-size":"auto","background-attachment":"scroll","background-type":"","background-media":"","overlay-type":"","overlay-color":"","overlay-opacity":"","overlay-gradient":""},"mobile":{"background-color":"var(--ast-global-color-5)","background-image":"","background-repeat":"repeat","background-position":"center center","background-size":"auto","background-attachment":"scroll","background-type":"","background-media":"","overlay-type":"","overlay-color":"","overlay-opacity":"","overlay-gradient":""}},"footnotes":""},"categories":[57],"tags":[18,19,520,3322,24,69,70,2554,140],"class_list":["post-42187","post","type-post","status-publish","format-standard","has-post-thumbnail","hentry","category-mon-collegial","tag-cofb","tag-collegi-de-farmaceutics-de-barcelona","tag-conferencia","tag-dia-mundial-de-lictus","tag-farmaceutics-comunitaris","tag-farmacia-comunitaria","tag-formacio","tag-ictus","tag-tertulia-dactualitat"],"yoast_head":"<!-- This site is optimized with the Yoast SEO plugin v22.4 - https:\/\/yoast.com\/wordpress\/plugins\/seo\/ -->\n<title>El paper de la farm\u00e0cia en l&#039;ictus. Nova tert\u00falia d&#039;actualitat al COFB - Col\u00b7legi de Farmac\u00e8utics de Barcelona<\/title>\n<meta name=\"description\" content=\"El passat 6 de novembre -coincidint amb la proximitat del 29 d&#039;octubre, Dia Mundial de l&#039;Ictus, el COFB va organitzar una tert\u00falia d&#039;actualitat al voltant d&#039;aquest tema, moderada pel vicetresorer i responsable d&#039;Atenci\u00f3 Farmac\u00e8utica del Col\u00b7legi, Guillermo Bagaria.\" \/>\n<meta name=\"robots\" content=\"index, follow, max-snippet:-1, max-image-preview:large, max-video-preview:-1\" \/>\n<link rel=\"canonical\" href=\"https:\/\/novaorg.cofb.net\/2018\/11\/14\/paper-farmacia-lictus-nova-tertulia-dactualitat-cofb\/\" \/>\n<meta property=\"og:locale\" content=\"ca_ES\" \/>\n<meta property=\"og:type\" content=\"article\" \/>\n<meta property=\"og:title\" content=\"El paper de la farm\u00e0cia en l&#039;ictus. Nova tert\u00falia d&#039;actualitat al COFB - Col\u00b7legi de Farmac\u00e8utics de Barcelona\" \/>\n<meta property=\"og:description\" content=\"El passat 6 de novembre -coincidint amb la proximitat del 29 d&#039;octubre, Dia Mundial de l&#039;Ictus, el COFB va organitzar una tert\u00falia d&#039;actualitat al voltant d&#039;aquest tema, moderada pel vicetresorer i responsable d&#039;Atenci\u00f3 Farmac\u00e8utica del Col\u00b7legi, Guillermo Bagaria.\" \/>\n<meta property=\"og:url\" content=\"https:\/\/novaorg.cofb.net\/2018\/11\/14\/paper-farmacia-lictus-nova-tertulia-dactualitat-cofb\/\" \/>\n<meta property=\"og:site_name\" content=\"Col\u00b7legi de Farmac\u00e8utics de Barcelona\" \/>\n<meta property=\"article:publisher\" content=\"https:\/\/www.facebook.com\/farmaceuticsbcn\/\" \/>\n<meta property=\"article:published_time\" content=\"2018-11-14T17:11:01+00:00\" \/>\n<meta name=\"author\" content=\"wpAdminCofbOrg\" \/>\n<meta name=\"twitter:card\" content=\"summary_large_image\" \/>\n<meta name=\"twitter:creator\" content=\"@farmaceuticsbcn\" \/>\n<meta name=\"twitter:site\" content=\"@farmaceuticsbcn\" \/>\n<meta name=\"twitter:label1\" content=\"Escrit per\" \/>\n\t<meta name=\"twitter:data1\" content=\"wpAdminCofbOrg\" \/>\n\t<meta name=\"twitter:label2\" content=\"Temps estimat de lectura\" \/>\n\t<meta name=\"twitter:data2\" content=\"5 minuts\" \/>\n<script type=\"application\/ld+json\" class=\"yoast-schema-graph\">{\"@context\":\"https:\/\/schema.org\",\"@graph\":[{\"@type\":\"Article\",\"@id\":\"https:\/\/novaorg.cofb.net\/2018\/11\/14\/paper-farmacia-lictus-nova-tertulia-dactualitat-cofb\/#article\",\"isPartOf\":{\"@id\":\"https:\/\/novaorg.cofb.net\/2018\/11\/14\/paper-farmacia-lictus-nova-tertulia-dactualitat-cofb\/\"},\"author\":{\"name\":\"wpAdminCofbOrg\",\"@id\":\"https:\/\/www.cofb.org\/#\/schema\/person\/22ed7eea88da74b0fa4d3154ad87ffcb\"},\"headline\":\"El paper de la farm\u00e0cia en l&#8217;ictus. Nova tert\u00falia d&#8217;actualitat al COFB\",\"datePublished\":\"2018-11-14T17:11:01+00:00\",\"dateModified\":\"2018-11-14T17:11:01+00:00\",\"mainEntityOfPage\":{\"@id\":\"https:\/\/novaorg.cofb.net\/2018\/11\/14\/paper-farmacia-lictus-nova-tertulia-dactualitat-cofb\/\"},\"wordCount\":1047,\"commentCount\":0,\"publisher\":{\"@id\":\"https:\/\/www.cofb.org\/#organization\"},\"image\":{\"@id\":\"https:\/\/novaorg.cofb.net\/2018\/11\/14\/paper-farmacia-lictus-nova-tertulia-dactualitat-cofb\/#primaryimage\"},\"thumbnailUrl\":\"\",\"keywords\":[\"COFB\",\"Col\u00b7legi de Farmac\u00e8utics de Barcelona\",\"confer\u00e8ncia\",\"Dia Mundial de l'ictus\",\"farmac\u00e8utics comunitaris\",\"farm\u00e0cia comunit\u00e0ria\",\"Formaci\u00f3\",\"ictus\",\"tert\u00falia d'actualitat\"],\"articleSection\":[\"M\u00f3n col\u00b7legial\"],\"inLanguage\":\"ca\",\"potentialAction\":[{\"@type\":\"CommentAction\",\"name\":\"Comment\",\"target\":[\"https:\/\/novaorg.cofb.net\/2018\/11\/14\/paper-farmacia-lictus-nova-tertulia-dactualitat-cofb\/#respond\"]}]},{\"@type\":\"WebPage\",\"@id\":\"https:\/\/novaorg.cofb.net\/2018\/11\/14\/paper-farmacia-lictus-nova-tertulia-dactualitat-cofb\/\",\"url\":\"https:\/\/novaorg.cofb.net\/2018\/11\/14\/paper-farmacia-lictus-nova-tertulia-dactualitat-cofb\/\",\"name\":\"El paper de la farm\u00e0cia en l'ictus. Nova tert\u00falia d'actualitat al COFB - Col\u00b7legi de Farmac\u00e8utics de Barcelona\",\"isPartOf\":{\"@id\":\"https:\/\/www.cofb.org\/#website\"},\"primaryImageOfPage\":{\"@id\":\"https:\/\/novaorg.cofb.net\/2018\/11\/14\/paper-farmacia-lictus-nova-tertulia-dactualitat-cofb\/#primaryimage\"},\"image\":{\"@id\":\"https:\/\/novaorg.cofb.net\/2018\/11\/14\/paper-farmacia-lictus-nova-tertulia-dactualitat-cofb\/#primaryimage\"},\"thumbnailUrl\":\"\",\"datePublished\":\"2018-11-14T17:11:01+00:00\",\"dateModified\":\"2018-11-14T17:11:01+00:00\",\"description\":\"El passat 6 de novembre -coincidint amb la proximitat del 29 d'octubre, Dia Mundial de l'Ictus, el COFB va organitzar una tert\u00falia d'actualitat al voltant d'aquest tema, moderada pel vicetresorer i responsable d'Atenci\u00f3 Farmac\u00e8utica del Col\u00b7legi, Guillermo Bagaria.\",\"breadcrumb\":{\"@id\":\"https:\/\/novaorg.cofb.net\/2018\/11\/14\/paper-farmacia-lictus-nova-tertulia-dactualitat-cofb\/#breadcrumb\"},\"inLanguage\":\"ca\",\"potentialAction\":[{\"@type\":\"ReadAction\",\"target\":[\"https:\/\/novaorg.cofb.net\/2018\/11\/14\/paper-farmacia-lictus-nova-tertulia-dactualitat-cofb\/\"]}]},{\"@type\":\"ImageObject\",\"inLanguage\":\"ca\",\"@id\":\"https:\/\/novaorg.cofb.net\/2018\/11\/14\/paper-farmacia-lictus-nova-tertulia-dactualitat-cofb\/#primaryimage\",\"url\":\"\",\"contentUrl\":\"\"},{\"@type\":\"BreadcrumbList\",\"@id\":\"https:\/\/novaorg.cofb.net\/2018\/11\/14\/paper-farmacia-lictus-nova-tertulia-dactualitat-cofb\/#breadcrumb\",\"itemListElement\":[{\"@type\":\"ListItem\",\"position\":1,\"name\":\"Inici\",\"item\":\"https:\/\/novaorg.cofb.net\/\"},{\"@type\":\"ListItem\",\"position\":2,\"name\":\"El paper de la farm\u00e0cia en l&#8217;ictus. Nova tert\u00falia d&#8217;actualitat al COFB\"}]},{\"@type\":\"WebSite\",\"@id\":\"https:\/\/www.cofb.org\/#website\",\"url\":\"https:\/\/www.cofb.org\/\",\"name\":\"Col\u00b7legi de Farmac\u00e8utics de Barcelona\",\"description\":\"\",\"publisher\":{\"@id\":\"https:\/\/www.cofb.org\/#organization\"},\"potentialAction\":[{\"@type\":\"SearchAction\",\"target\":{\"@type\":\"EntryPoint\",\"urlTemplate\":\"https:\/\/www.cofb.org\/?s={search_term_string}\"},\"query-input\":\"required name=search_term_string\"}],\"inLanguage\":\"ca\"},{\"@type\":\"Organization\",\"@id\":\"https:\/\/www.cofb.org\/#organization\",\"name\":\"Col\u00b7legi de Farmac\u00e8utics de Barcelona\",\"url\":\"https:\/\/www.cofb.org\/\",\"logo\":{\"@type\":\"ImageObject\",\"inLanguage\":\"ca\",\"@id\":\"https:\/\/www.cofb.org\/#\/schema\/logo\/image\/\",\"url\":\"https:\/\/www.cofb.org\/wp-content\/uploads\/2023\/11\/cropped-Logotip-COFB.png\",\"contentUrl\":\"https:\/\/www.cofb.org\/wp-content\/uploads\/2023\/11\/cropped-Logotip-COFB.png\",\"width\":500,\"height\":105,\"caption\":\"Col\u00b7legi de Farmac\u00e8utics de Barcelona\"},\"image\":{\"@id\":\"https:\/\/www.cofb.org\/#\/schema\/logo\/image\/\"},\"sameAs\":[\"https:\/\/www.facebook.com\/farmaceuticsbcn\/\",\"https:\/\/twitter.com\/farmaceuticsbcn\",\"https:\/\/www.instagram.com\/farmaceuticsbcn\/\",\"https:\/\/www.linkedin.com\/company\/farmaceuticsbcn\/\"]},{\"@type\":\"Person\",\"@id\":\"https:\/\/www.cofb.org\/#\/schema\/person\/22ed7eea88da74b0fa4d3154ad87ffcb\",\"name\":\"wpAdminCofbOrg\",\"image\":{\"@type\":\"ImageObject\",\"inLanguage\":\"ca\",\"@id\":\"https:\/\/www.cofb.org\/#\/schema\/person\/image\/\",\"url\":\"https:\/\/secure.gravatar.com\/avatar\/1721b20b3b8ca882c3b56ec6c978c594fff670e40c0718e9190eaeeb76aae7d8?s=96&d=mm&r=g\",\"contentUrl\":\"https:\/\/secure.gravatar.com\/avatar\/1721b20b3b8ca882c3b56ec6c978c594fff670e40c0718e9190eaeeb76aae7d8?s=96&d=mm&r=g\",\"caption\":\"wpAdminCofbOrg\"},\"sameAs\":[\"http:\/\/192.168.64.122\/wordpress\"],\"url\":\"https:\/\/www.cofb.org\/ca\/author\/wpadmincofborg\/\"}]}<\/script>\n<!-- \/ Yoast SEO plugin. -->","yoast_head_json":{"title":"El paper de la farm\u00e0cia en l'ictus. Nova tert\u00falia d'actualitat al COFB - Col\u00b7legi de Farmac\u00e8utics de Barcelona","description":"El passat 6 de novembre -coincidint amb la proximitat del 29 d'octubre, Dia Mundial de l'Ictus, el COFB va organitzar una tert\u00falia d'actualitat al voltant d'aquest tema, moderada pel vicetresorer i responsable d'Atenci\u00f3 Farmac\u00e8utica del Col\u00b7legi, Guillermo Bagaria.","robots":{"index":"index","follow":"follow","max-snippet":"max-snippet:-1","max-image-preview":"max-image-preview:large","max-video-preview":"max-video-preview:-1"},"canonical":"https:\/\/novaorg.cofb.net\/2018\/11\/14\/paper-farmacia-lictus-nova-tertulia-dactualitat-cofb\/","og_locale":"ca_ES","og_type":"article","og_title":"El paper de la farm\u00e0cia en l'ictus. Nova tert\u00falia d'actualitat al COFB - Col\u00b7legi de Farmac\u00e8utics de Barcelona","og_description":"El passat 6 de novembre -coincidint amb la proximitat del 29 d'octubre, Dia Mundial de l'Ictus, el COFB va organitzar una tert\u00falia d'actualitat al voltant d'aquest tema, moderada pel vicetresorer i responsable d'Atenci\u00f3 Farmac\u00e8utica del Col\u00b7legi, Guillermo Bagaria.","og_url":"https:\/\/novaorg.cofb.net\/2018\/11\/14\/paper-farmacia-lictus-nova-tertulia-dactualitat-cofb\/","og_site_name":"Col\u00b7legi de Farmac\u00e8utics de Barcelona","article_publisher":"https:\/\/www.facebook.com\/farmaceuticsbcn\/","article_published_time":"2018-11-14T17:11:01+00:00","author":"wpAdminCofbOrg","twitter_card":"summary_large_image","twitter_creator":"@farmaceuticsbcn","twitter_site":"@farmaceuticsbcn","twitter_misc":{"Escrit per":"wpAdminCofbOrg","Temps estimat de lectura":"5 minuts"},"schema":{"@context":"https:\/\/schema.org","@graph":[{"@type":"Article","@id":"https:\/\/novaorg.cofb.net\/2018\/11\/14\/paper-farmacia-lictus-nova-tertulia-dactualitat-cofb\/#article","isPartOf":{"@id":"https:\/\/novaorg.cofb.net\/2018\/11\/14\/paper-farmacia-lictus-nova-tertulia-dactualitat-cofb\/"},"author":{"name":"wpAdminCofbOrg","@id":"https:\/\/www.cofb.org\/#\/schema\/person\/22ed7eea88da74b0fa4d3154ad87ffcb"},"headline":"El paper de la farm\u00e0cia en l&#8217;ictus. Nova tert\u00falia d&#8217;actualitat al COFB","datePublished":"2018-11-14T17:11:01+00:00","dateModified":"2018-11-14T17:11:01+00:00","mainEntityOfPage":{"@id":"https:\/\/novaorg.cofb.net\/2018\/11\/14\/paper-farmacia-lictus-nova-tertulia-dactualitat-cofb\/"},"wordCount":1047,"commentCount":0,"publisher":{"@id":"https:\/\/www.cofb.org\/#organization"},"image":{"@id":"https:\/\/novaorg.cofb.net\/2018\/11\/14\/paper-farmacia-lictus-nova-tertulia-dactualitat-cofb\/#primaryimage"},"thumbnailUrl":"","keywords":["COFB","Col\u00b7legi de Farmac\u00e8utics de Barcelona","confer\u00e8ncia","Dia Mundial de l'ictus","farmac\u00e8utics comunitaris","farm\u00e0cia comunit\u00e0ria","Formaci\u00f3","ictus","tert\u00falia d'actualitat"],"articleSection":["M\u00f3n col\u00b7legial"],"inLanguage":"ca","potentialAction":[{"@type":"CommentAction","name":"Comment","target":["https:\/\/novaorg.cofb.net\/2018\/11\/14\/paper-farmacia-lictus-nova-tertulia-dactualitat-cofb\/#respond"]}]},{"@type":"WebPage","@id":"https:\/\/novaorg.cofb.net\/2018\/11\/14\/paper-farmacia-lictus-nova-tertulia-dactualitat-cofb\/","url":"https:\/\/novaorg.cofb.net\/2018\/11\/14\/paper-farmacia-lictus-nova-tertulia-dactualitat-cofb\/","name":"El paper de la farm\u00e0cia en l'ictus. Nova tert\u00falia d'actualitat al COFB - Col\u00b7legi de Farmac\u00e8utics de Barcelona","isPartOf":{"@id":"https:\/\/www.cofb.org\/#website"},"primaryImageOfPage":{"@id":"https:\/\/novaorg.cofb.net\/2018\/11\/14\/paper-farmacia-lictus-nova-tertulia-dactualitat-cofb\/#primaryimage"},"image":{"@id":"https:\/\/novaorg.cofb.net\/2018\/11\/14\/paper-farmacia-lictus-nova-tertulia-dactualitat-cofb\/#primaryimage"},"thumbnailUrl":"","datePublished":"2018-11-14T17:11:01+00:00","dateModified":"2018-11-14T17:11:01+00:00","description":"El passat 6 de novembre -coincidint amb la proximitat del 29 d'octubre, Dia Mundial de l'Ictus, el COFB va organitzar una tert\u00falia d'actualitat al voltant d'aquest tema, moderada pel vicetresorer i responsable d'Atenci\u00f3 Farmac\u00e8utica del Col\u00b7legi, Guillermo Bagaria.","breadcrumb":{"@id":"https:\/\/novaorg.cofb.net\/2018\/11\/14\/paper-farmacia-lictus-nova-tertulia-dactualitat-cofb\/#breadcrumb"},"inLanguage":"ca","potentialAction":[{"@type":"ReadAction","target":["https:\/\/novaorg.cofb.net\/2018\/11\/14\/paper-farmacia-lictus-nova-tertulia-dactualitat-cofb\/"]}]},{"@type":"ImageObject","inLanguage":"ca","@id":"https:\/\/novaorg.cofb.net\/2018\/11\/14\/paper-farmacia-lictus-nova-tertulia-dactualitat-cofb\/#primaryimage","url":"","contentUrl":""},{"@type":"BreadcrumbList","@id":"https:\/\/novaorg.cofb.net\/2018\/11\/14\/paper-farmacia-lictus-nova-tertulia-dactualitat-cofb\/#breadcrumb","itemListElement":[{"@type":"ListItem","position":1,"name":"Inici","item":"https:\/\/novaorg.cofb.net\/"},{"@type":"ListItem","position":2,"name":"El paper de la farm\u00e0cia en l&#8217;ictus. Nova tert\u00falia d&#8217;actualitat al COFB"}]},{"@type":"WebSite","@id":"https:\/\/www.cofb.org\/#website","url":"https:\/\/www.cofb.org\/","name":"Col\u00b7legi de Farmac\u00e8utics de Barcelona","description":"","publisher":{"@id":"https:\/\/www.cofb.org\/#organization"},"potentialAction":[{"@type":"SearchAction","target":{"@type":"EntryPoint","urlTemplate":"https:\/\/www.cofb.org\/?s={search_term_string}"},"query-input":"required name=search_term_string"}],"inLanguage":"ca"},{"@type":"Organization","@id":"https:\/\/www.cofb.org\/#organization","name":"Col\u00b7legi de Farmac\u00e8utics de Barcelona","url":"https:\/\/www.cofb.org\/","logo":{"@type":"ImageObject","inLanguage":"ca","@id":"https:\/\/www.cofb.org\/#\/schema\/logo\/image\/","url":"https:\/\/www.cofb.org\/wp-content\/uploads\/2023\/11\/cropped-Logotip-COFB.png","contentUrl":"https:\/\/www.cofb.org\/wp-content\/uploads\/2023\/11\/cropped-Logotip-COFB.png","width":500,"height":105,"caption":"Col\u00b7legi de Farmac\u00e8utics de Barcelona"},"image":{"@id":"https:\/\/www.cofb.org\/#\/schema\/logo\/image\/"},"sameAs":["https:\/\/www.facebook.com\/farmaceuticsbcn\/","https:\/\/twitter.com\/farmaceuticsbcn","https:\/\/www.instagram.com\/farmaceuticsbcn\/","https:\/\/www.linkedin.com\/company\/farmaceuticsbcn\/"]},{"@type":"Person","@id":"https:\/\/www.cofb.org\/#\/schema\/person\/22ed7eea88da74b0fa4d3154ad87ffcb","name":"wpAdminCofbOrg","image":{"@type":"ImageObject","inLanguage":"ca","@id":"https:\/\/www.cofb.org\/#\/schema\/person\/image\/","url":"https:\/\/secure.gravatar.com\/avatar\/1721b20b3b8ca882c3b56ec6c978c594fff670e40c0718e9190eaeeb76aae7d8?s=96&d=mm&r=g","contentUrl":"https:\/\/secure.gravatar.com\/avatar\/1721b20b3b8ca882c3b56ec6c978c594fff670e40c0718e9190eaeeb76aae7d8?s=96&d=mm&r=g","caption":"wpAdminCofbOrg"},"sameAs":["http:\/\/192.168.64.122\/wordpress"],"url":"https:\/\/www.cofb.org\/ca\/author\/wpadmincofborg\/"}]}},"uagb_featured_image_src":{"full":false,"thumbnail":false,"medium":false,"medium_large":false,"large":false,"1536x1536":false,"2048x2048":false,"trp-custom-language-flag":false},"uagb_author_info":{"display_name":"wpAdminCofbOrg","author_link":"https:\/\/www.cofb.org\/ca\/author\/wpadmincofborg\/"},"uagb_comment_info":0,"uagb_excerpt":"El passat 6 de novembre -coincidint amb la proximitat del 29 d&#8217;octubre, Dia Mundial de l&#8217;ictus&#8211;\u00a0el COFB va organitzar una tert\u00falia d&#8217;actualitat al voltant d&#8217;aquest tema, moderada pel vicetresorer i responsable d&#8217;Atenci\u00f3 Farmac\u00e8utica del Col\u00b7legi, Guillermo Bagaria. Els ponents van ser Esther Duarte, cap de secci\u00f3 de Rehabilitaci\u00f3 Neurol\u00f2gica dels [&hellip;]","_links":{"self":[{"href":"https:\/\/www.cofb.org\/ca\/wp-json\/wp\/v2\/posts\/42187","targetHints":{"allow":["GET"]}}],"collection":[{"href":"https:\/\/www.cofb.org\/ca\/wp-json\/wp\/v2\/posts"}],"about":[{"href":"https:\/\/www.cofb.org\/ca\/wp-json\/wp\/v2\/types\/post"}],"author":[{"embeddable":true,"href":"https:\/\/www.cofb.org\/ca\/wp-json\/wp\/v2\/users\/1"}],"replies":[{"embeddable":true,"href":"https:\/\/www.cofb.org\/ca\/wp-json\/wp\/v2\/comments?post=42187"}],"version-history":[{"count":0,"href":"https:\/\/www.cofb.org\/ca\/wp-json\/wp\/v2\/posts\/42187\/revisions"}],"wp:featuredmedia":[{"embeddable":true,"href":"https:\/\/www.cofb.org\/ca\/wp-json\/"}],"wp:attachment":[{"href":"https:\/\/www.cofb.org\/ca\/wp-json\/wp\/v2\/media?parent=42187"}],"wp:term":[{"taxonomy":"category","embeddable":true,"href":"https:\/\/www.cofb.org\/ca\/wp-json\/wp\/v2\/categories?post=42187"},{"taxonomy":"post_tag","embeddable":true,"href":"https:\/\/www.cofb.org\/ca\/wp-json\/wp\/v2\/tags?post=42187"}],"curies":[{"name":"wp","href":"https:\/\/api.w.org\/{rel}","templated":true}]}}