{"id":42034,"date":"2018-11-16T15:23:53","date_gmt":"2018-11-16T13:23:53","guid":{"rendered":"https:\/\/blog.cofb.cat\/?p=42034"},"modified":"2018-11-16T15:23:53","modified_gmt":"2018-11-16T13:23:53","slug":"reneixer-reflexions-president-jordi-dalmases-sobre-recuperacio-data-cobrament-receptes","status":"publish","type":"post","link":"https:\/\/www.cofb.org\/ca\/2018\/11\/16\/reneixer-reflexions-president-jordi-dalmases-sobre-recuperacio-data-cobrament-receptes\/","title":{"rendered":"&#8220;Ren\u00e9ixer&#8221;. Reflexions del president Jordi de Dalmases sobre la recuperaci\u00f3 de la data de cobrament de receptes"},"content":{"rendered":"<h3><\/h3>\n<h3><strong>Article de Jordi de Dalmases, president del Col\u00b7legi de Farmac\u00e8utics de Barcelona i del Consell de Col\u00b7legis de Farmac\u00e8utics de Catalunya.<br \/>\n<\/strong><\/h3>\n<div class=\"box shadow\"><span style=\"color: #333333;\">\u00a0<\/span><strong><span style=\"color: #008080;\">&#8220;Estarem sempre orgullosos que, malgrat aquestes situacions complexes, els farmac\u00e8utics hagin mantingut en tot moment el comprom\u00eds amb la ra\u00f3 de ser de la professi\u00f3, que \u00e9s el ciutad\u00e0,\u00a0sense que el servei assistencial es vei\u00e9s afectat&#8221;.\u00a0<\/span><\/strong><\/div>\n<p><strong><em>Ren\u00e9ixer<\/em><\/strong> \u00e9s d&#8217;aquelles paraules que \u00e9s dif\u00edcil explicar tot el que abasta, per\u00f2 es podria concloure que nom\u00e9s aquells que han estat abans a la vora de l&#8217;abisme poden entendre realment la seva magnitud.<\/p>\n<p>Els <strong>farmac\u00e8utics catalans, <a href=\"https:\/\/www.correofarmaceutico.com\/profesion\/finalizan-los-retrasos-en-los-pagos-a-las-farmacias-en-cataluna.html\" target=\"_blank\" rel=\"noopener\"><u>amb la recuperaci\u00f3 de la data de cobrament de receptes dispensades<\/u> <\/a>despr\u00e9s de vuit anys<\/strong>, podem apropiar-nos d&#8217;aquestes vuit lletres i dir que <strong>hem tornat a n\u00e9ixer<\/strong>; que per fi ha arribat aquest \u00faltim cap\u00edtol d&#8217;una hist\u00f2ria que semblava interminable.\u00a0 I que, gr\u00e0cies a aquest final, veuran la llum nous principis.<\/p>\n<p><a href=\"https:\/\/blog.cofb.cat\/wp-content\/uploads\/2018\/11\/Oficina-de-Farmacia_-1.jpg\"><img fetchpriority=\"high\" decoding=\"async\" class=\"aligncenter wp-image-42248 size-full\" title=\"Imatge del s\u00edmbol d'una farm\u00e0cia \" src=\"https:\/\/blog.cofb.cat\/wp-content\/uploads\/2018\/11\/Oficina-de-Farmacia_-1.jpg\" alt=\"\" width=\"1016\" height=\"620\" \/><\/a><\/p>\n<p><strong>El juliol de 2010 comen\u00e7aven les <a href=\"https:\/\/www.correofarmaceutico.com\/politica-sanitaria\/crece-la-tension-en-cataluna-por-el-pago-de-las-recetas.html\" target=\"_blank\" rel=\"noopener\">primeres dificultats en el pagament de les factures<\/a><\/strong> <strong>pels medicaments dispensats en les farm\u00e0cies catalanes<\/strong>. Va ser llavors quan<strong> va comen\u00e7ar una carrera de fons<\/strong> <strong>per aconseguir que<\/strong> <strong>aquella situaci\u00f3<span style=\"color: #000000;\"> s&#8217;exting\u00eds<\/span>\u00a0al m\u00e9s aviat possible<\/strong>, o, almenys, no empitjor\u00e9s.<\/p>\n<h1><span style=\"color: #008080;\"><strong>El medicament, una prioritat<\/strong><\/span><\/h1>\n<p style=\"text-align: left;\">Durant tot aquest temps <strong>hem lluitat perqu\u00e8 els medicaments fossin una prioritat per a les administracions de la mateixa manera que ho \u00e9s pels pacients<\/strong>. I ho hem fet, entre moltes altres accions, <strong>impulsant diferents <a href=\"https:\/\/www.correofarmaceutico.com\/politica-sanitaria\/las-farmacias-de-cataluna-expondran-carteles-denunciando-los-impagos.html\">campanyes de sensibilitzaci\u00f3<\/a> i den\u00fancia<\/strong>; <strong>negociant amb l\u2019Administraci\u00f3<\/strong> central i auton\u00f2mica; <strong>organitzant dues concentracions<\/strong> \u2013una davant de la Generalitat i una altra davant la Delegaci\u00f3 del Govern de Catalunya\u2013, i <strong><a href=\"https:\/\/www.correofarmaceutico.com\/politica-sanitaria\/400000-firmas-de-ciudadanos-contra-impagos-en-cataluna.html\" target=\"_blank\" rel=\"noopener\">recollint 400.000 signatures<\/a> per presentar-les en\u00a0<em>Parlament<\/em><\/strong>.<\/p>\n<p style=\"text-align: center;\"><a href=\"https:\/\/blog.cofb.cat\/wp-content\/uploads\/2018\/11\/Jordi-de-Dalmases.jpg\"><img decoding=\"async\" class=\"aligncenter wp-image-42230 size-full\" title=\"Jordi de Dalmases, president del Col\u00b7legi de Farmac\u00e8utics de Barcelona i del Consell de Col\u00b7legis de Farmac\u00e8utics de Catalunya\" src=\"https:\/\/blog.cofb.cat\/wp-content\/uploads\/2018\/11\/Jordi-de-Dalmases.jpg\" alt=\"\" width=\"862\" height=\"616\" \/><\/a>Jordi de Dalmases, president del Consell de COF de Catalunya.<\/p>\n<p>En aquesta <strong>lluita pels impagaments<\/strong>, i tamb\u00e9 en la <a href=\"https:\/\/www.correofarmaceutico.com\/politica-sanitaria\/primeros-avales-juridicos-cataluna-reclamaciones-intereses.html\">reclamaci\u00f3 dels interessos<\/a> pels retards, sens dubte, ha estat imprescindible el treball conjunt del <a href=\"http:\/\/www.ccfc.cat\/\">Consell de Col\u00b7legis de Farmac\u00e8utics de Catalunya<\/a> amb la Federaci\u00f3 de Farm\u00e0cies de Catalunya (FEFAC).<\/p>\n<p><strong>Van ser moments cr\u00edtics<\/strong> en els quals es fa notable<strong> la import\u00e0ncia<\/strong> <strong>d&#8217;actuar de la m\u00e0 cap a una mateixa direcci\u00f3<\/strong> i unir forces per aconseguir resoldre la problem\u00e0tica amb les menors repercussions possibles per al sector. <strong>Mostra d&#8217;aquest treball en equip va ser el <a href=\"https:\/\/www.correofarmaceutico.com\/politica-sanitaria\/ocho-entidades-del-sector-sociosanitario-se-unen-en-cataluna-para-reclamar-el-pago-de-la-deuda.html\">clam unitari que vam protagonitzar en 2015 juntament amb Pimec<\/a>\u00a0<\/strong>(patronal de la petita i mitjana empresa de Catalunya) <strong>i altres entitats del sector sanitari, farmac\u00e8utic i de la depend\u00e8ncia<\/strong> per denunciar que <strong>les administracions estaven posant la salut en una situaci\u00f3 de fallida.<\/strong><\/p>\n<h1><span style=\"color: #008080;\"><strong>Retards de fins a quatre mesos<\/strong><\/span><\/h1>\n<p><strong>I \u00e9s que en aquests vuit anys no ha estat f\u00e0cil fer front als retards constants d&#8217;entre 25 i 55 dies, fins a arribar a un m\u00e0xim hist\u00f2ric de quatre mesos en 2013.<\/strong> <strong>Tampoc<\/strong> ho ha estat <strong>aconseguir alternatives de finan\u00e7ament per minimitzar l&#8217;impacte econ\u00f2mic sobre els farmac\u00e8utics<\/strong>. Per\u00f2, sobretot, el que no ha estat gens f\u00e0cil \u00e9s haver de dir ad\u00e9u a farm\u00e0cies que han hagut d&#8217;abaixar la persiana perqu\u00e8 ja no podien aguantar m\u00e9s. Des del Consell de Col\u00b7legis de Farmac\u00e8utics de Catalunya estarem sempre orgullosos de qu\u00e8, <strong>malgrat aquestes situacions complexes, els farmac\u00e8utics hagin mantingut en tot moment el comprom\u00eds amb la ra\u00f3 de ser de la professi\u00f3<span style=\"color: #000000;\">, que \u00e9s el ciutad\u00e0,<\/span> sense que el servei assistencial es vei\u00e9s afectat<\/strong>. Han blindat la <strong>professionalitat i l&#8217;enteresa, i no han oblidat que l&#8217;important \u00e9s seguir treballant per i per al pacient<\/strong>, implicar-se en la millora dels resultats de salut, en qu\u00e8 els medicaments tinguin els efectes desitjats i aconseguir, amb tot aix\u00f2, millorar la qualitat de vida de les persones. Amb aquesta actitud la professi\u00f3 ha tornat a guanyar i <strong>ha refor\u00e7at els valors<\/strong> <strong>que caracteritzen a la farm\u00e0cia.<\/strong><\/p>\n<p>Celebrem que la Generalitat <strong>torni a pagar el dia 5 de cada mes<\/strong>, tal com contempla el <em>Concert<\/em> <em>d&#8217;Atenci\u00f3 Farmac\u00e8utica<\/em>, i tal com ho deia al principi, gr\u00e0cies a aquest final,<strong> s&#8217;obre la possibilitat de tornar a crear projectes de futur per a la farm\u00e0cia catalana<\/strong>, en un clima de col\u00b7laboraci\u00f3 amb l&#8217;Administraci\u00f3 que ens ha caracteritzat sempre. Amb l&#8217;energia que ens ha proporcionat aquesta bona not\u00edcia, \u00e9s moment de mirar cap endavant i de donar resposta als nous reptes. <strong>Els farmac\u00e8utics tenim molt per aportar i \u00e9s hora de seguir demostrant-ho.<\/strong><\/p>\n<p><strong>Traducci\u00f3 de l&#8217;article publicat a\u00a0<a href=\"https:\/\/www.correofarmaceutico.com\/opinion\/tribunas\/renacer.html\" target=\"_blank\" rel=\"noopener\">Correo Farmac\u00e9utico<\/a>\u00a0el 30\/10\/2018<\/strong><\/p>\n","protected":false},"excerpt":{"rendered":"<p>Article de Jordi de Dalmases, president del Col\u00b7legi de Farmac\u00e8utics de Barcelona i del Consell de Col\u00b7legis de Farmac\u00e8utics de Catalunya. Ren\u00e9ixer \u00e9s d&#8217;aquelles paraules que \u00e9s dif\u00edcil explicar tot el que abasta, per\u00f2 es podria concloure que nom\u00e9s aquells que han estat abans a la vora de l&#8217;abisme poden [&hellip;]<\/p>\n","protected":false},"author":1,"featured_media":42248,"comment_status":"open","ping_status":"open","sticky":false,"template":"","format":"standard","meta":{"_uag_custom_page_level_css":"","site-sidebar-layout":"default","site-content-layout":"","ast-site-content-layout":"default","site-content-style":"default","site-sidebar-style":"default","ast-global-header-display":"","ast-banner-title-visibility":"","ast-main-header-display":"","ast-hfb-above-header-display":"","ast-hfb-below-header-display":"","ast-hfb-mobile-header-display":"","site-post-title":"","ast-breadcrumbs-content":"","ast-featured-img":"disabled","footer-sml-layout":"","theme-transparent-header-meta":"","adv-header-id-meta":"","stick-header-meta":"","header-above-stick-meta":"","header-main-stick-meta":"","header-below-stick-meta":"","astra-migrate-meta-layouts":"default","ast-page-background-enabled":"default","ast-page-background-meta":{"desktop":{"background-color":"var(--ast-global-color-4)","background-image":"","background-repeat":"repeat","background-position":"center center","background-size":"auto","background-attachment":"scroll","background-type":"","background-media":"","overlay-type":"","overlay-color":"","overlay-opacity":"","overlay-gradient":""},"tablet":{"background-color":"","background-image":"","background-repeat":"repeat","background-position":"center center","background-size":"auto","background-attachment":"scroll","background-type":"","background-media":"","overlay-type":"","overlay-color":"","overlay-opacity":"","overlay-gradient":""},"mobile":{"background-color":"","background-image":"","background-repeat":"repeat","background-position":"center center","background-size":"auto","background-attachment":"scroll","background-type":"","background-media":"","overlay-type":"","overlay-color":"","overlay-opacity":"","overlay-gradient":""}},"ast-content-background-meta":{"desktop":{"background-color":"var(--ast-global-color-5)","background-image":"","background-repeat":"repeat","background-position":"center center","background-size":"auto","background-attachment":"scroll","background-type":"","background-media":"","overlay-type":"","overlay-color":"","overlay-opacity":"","overlay-gradient":""},"tablet":{"background-color":"var(--ast-global-color-5)","background-image":"","background-repeat":"repeat","background-position":"center center","background-size":"auto","background-attachment":"scroll","background-type":"","background-media":"","overlay-type":"","overlay-color":"","overlay-opacity":"","overlay-gradient":""},"mobile":{"background-color":"var(--ast-global-color-5)","background-image":"","background-repeat":"repeat","background-position":"center center","background-size":"auto","background-attachment":"scroll","background-type":"","background-media":"","overlay-type":"","overlay-color":"","overlay-opacity":"","overlay-gradient":""}},"footnotes":""},"categories":[489],"tags":[18,19,3316,311,52,3317,914,2123,3318,3278],"class_list":["post-42034","post","type-post","status-publish","format-standard","has-post-thumbnail","hentry","category-opinions-del-collegi","tag-cofb","tag-collegi-de-farmaceutics-de-barcelona","tag-consell-de-collegis-de-farmaceutics-de-catalunya","tag-departament-de-salut","tag-farmaceutic","tag-federacio-de-farmacies-de-catalunya","tag-generalitat-de-catalunya","tag-jordi-de-dalmases","tag-pimec","tag-retards-pagaments"],"yoast_head":"<!-- This site is optimized with the Yoast SEO plugin v22.4 - https:\/\/yoast.com\/wordpress\/plugins\/seo\/ -->\n<title>&quot;Ren\u00e9ixer&quot;. Reflexions del president Jordi de Dalmases sobre la recuperaci\u00f3 de la data de cobrament de receptes - Col\u00b7legi de Farmac\u00e8utics de Barcelona<\/title>\n<meta name=\"description\" content=\"Reflexions del president del Col\u00b7legi de Farmac\u00e8utics de Barcelona i del Consell de Col\u00b7legis de Farmac\u00e8utics de Catalunya,Jordi de Dalmases, sobre la recuperaci\u00f3 de la data de cobrament de receptes dispensades.\" \/>\n<meta name=\"robots\" content=\"index, follow, max-snippet:-1, max-image-preview:large, max-video-preview:-1\" \/>\n<link rel=\"canonical\" href=\"https:\/\/novaorg.cofb.net\/2018\/11\/16\/reneixer-reflexions-president-jordi-dalmases-sobre-recuperacio-data-cobrament-receptes\/\" \/>\n<meta property=\"og:locale\" content=\"ca_ES\" \/>\n<meta property=\"og:type\" content=\"article\" \/>\n<meta property=\"og:title\" content=\"&quot;Ren\u00e9ixer&quot;. Reflexions del president Jordi de Dalmases sobre la recuperaci\u00f3 de la data de cobrament de receptes - Col\u00b7legi de Farmac\u00e8utics de Barcelona\" \/>\n<meta property=\"og:description\" content=\"Reflexions del president del Col\u00b7legi de Farmac\u00e8utics de Barcelona i del Consell de Col\u00b7legis de Farmac\u00e8utics de Catalunya,Jordi de Dalmases, sobre la recuperaci\u00f3 de la data de cobrament de receptes dispensades.\" \/>\n<meta property=\"og:url\" content=\"https:\/\/novaorg.cofb.net\/2018\/11\/16\/reneixer-reflexions-president-jordi-dalmases-sobre-recuperacio-data-cobrament-receptes\/\" \/>\n<meta property=\"og:site_name\" content=\"Col\u00b7legi de Farmac\u00e8utics de Barcelona\" \/>\n<meta property=\"article:publisher\" content=\"https:\/\/www.facebook.com\/farmaceuticsbcn\/\" \/>\n<meta property=\"article:published_time\" content=\"2018-11-16T13:23:53+00:00\" \/>\n<meta name=\"author\" content=\"wpAdminCofbOrg\" \/>\n<meta name=\"twitter:card\" content=\"summary_large_image\" \/>\n<meta name=\"twitter:creator\" content=\"@farmaceuticsbcn\" \/>\n<meta name=\"twitter:site\" content=\"@farmaceuticsbcn\" \/>\n<meta name=\"twitter:label1\" content=\"Escrit per\" \/>\n\t<meta name=\"twitter:data1\" content=\"wpAdminCofbOrg\" \/>\n\t<meta name=\"twitter:label2\" content=\"Temps estimat de lectura\" \/>\n\t<meta name=\"twitter:data2\" content=\"4 minuts\" \/>\n<script type=\"application\/ld+json\" class=\"yoast-schema-graph\">{\"@context\":\"https:\/\/schema.org\",\"@graph\":[{\"@type\":\"Article\",\"@id\":\"https:\/\/novaorg.cofb.net\/2018\/11\/16\/reneixer-reflexions-president-jordi-dalmases-sobre-recuperacio-data-cobrament-receptes\/#article\",\"isPartOf\":{\"@id\":\"https:\/\/novaorg.cofb.net\/2018\/11\/16\/reneixer-reflexions-president-jordi-dalmases-sobre-recuperacio-data-cobrament-receptes\/\"},\"author\":{\"name\":\"wpAdminCofbOrg\",\"@id\":\"https:\/\/www.cofb.org\/#\/schema\/person\/22ed7eea88da74b0fa4d3154ad87ffcb\"},\"headline\":\"&#8220;Ren\u00e9ixer&#8221;. Reflexions del president Jordi de Dalmases sobre la recuperaci\u00f3 de la data de cobrament de receptes\",\"datePublished\":\"2018-11-16T13:23:53+00:00\",\"dateModified\":\"2018-11-16T13:23:53+00:00\",\"mainEntityOfPage\":{\"@id\":\"https:\/\/novaorg.cofb.net\/2018\/11\/16\/reneixer-reflexions-president-jordi-dalmases-sobre-recuperacio-data-cobrament-receptes\/\"},\"wordCount\":790,\"commentCount\":0,\"publisher\":{\"@id\":\"https:\/\/www.cofb.org\/#organization\"},\"image\":{\"@id\":\"https:\/\/novaorg.cofb.net\/2018\/11\/16\/reneixer-reflexions-president-jordi-dalmases-sobre-recuperacio-data-cobrament-receptes\/#primaryimage\"},\"thumbnailUrl\":\"\",\"keywords\":[\"COFB\",\"Col\u00b7legi de Farmac\u00e8utics de Barcelona\",\"Consell de Col\u00b7legis de Farmac\u00e8utics de Catalunya\",\"Departament de Salut\",\"farmac\u00e8utic\",\"Federaci\u00f3 de Farm\u00e0cies de Catalunya\",\"Generalitat de Catalunya\",\"Jordi de Dalmases\",\"Pimec\",\"retards pagaments\"],\"articleSection\":[\"Opinions del Col\u00b7legi\"],\"inLanguage\":\"ca\",\"potentialAction\":[{\"@type\":\"CommentAction\",\"name\":\"Comment\",\"target\":[\"https:\/\/novaorg.cofb.net\/2018\/11\/16\/reneixer-reflexions-president-jordi-dalmases-sobre-recuperacio-data-cobrament-receptes\/#respond\"]}]},{\"@type\":\"WebPage\",\"@id\":\"https:\/\/novaorg.cofb.net\/2018\/11\/16\/reneixer-reflexions-president-jordi-dalmases-sobre-recuperacio-data-cobrament-receptes\/\",\"url\":\"https:\/\/novaorg.cofb.net\/2018\/11\/16\/reneixer-reflexions-president-jordi-dalmases-sobre-recuperacio-data-cobrament-receptes\/\",\"name\":\"\\\"Ren\u00e9ixer\\\". Reflexions del president Jordi de Dalmases sobre la recuperaci\u00f3 de la data de cobrament de receptes - Col\u00b7legi de Farmac\u00e8utics de Barcelona\",\"isPartOf\":{\"@id\":\"https:\/\/www.cofb.org\/#website\"},\"primaryImageOfPage\":{\"@id\":\"https:\/\/novaorg.cofb.net\/2018\/11\/16\/reneixer-reflexions-president-jordi-dalmases-sobre-recuperacio-data-cobrament-receptes\/#primaryimage\"},\"image\":{\"@id\":\"https:\/\/novaorg.cofb.net\/2018\/11\/16\/reneixer-reflexions-president-jordi-dalmases-sobre-recuperacio-data-cobrament-receptes\/#primaryimage\"},\"thumbnailUrl\":\"\",\"datePublished\":\"2018-11-16T13:23:53+00:00\",\"dateModified\":\"2018-11-16T13:23:53+00:00\",\"description\":\"Reflexions del president del Col\u00b7legi de Farmac\u00e8utics de Barcelona i del Consell de Col\u00b7legis de Farmac\u00e8utics de Catalunya,Jordi de Dalmases, sobre la recuperaci\u00f3 de la data de cobrament de receptes dispensades.\",\"breadcrumb\":{\"@id\":\"https:\/\/novaorg.cofb.net\/2018\/11\/16\/reneixer-reflexions-president-jordi-dalmases-sobre-recuperacio-data-cobrament-receptes\/#breadcrumb\"},\"inLanguage\":\"ca\",\"potentialAction\":[{\"@type\":\"ReadAction\",\"target\":[\"https:\/\/novaorg.cofb.net\/2018\/11\/16\/reneixer-reflexions-president-jordi-dalmases-sobre-recuperacio-data-cobrament-receptes\/\"]}]},{\"@type\":\"ImageObject\",\"inLanguage\":\"ca\",\"@id\":\"https:\/\/novaorg.cofb.net\/2018\/11\/16\/reneixer-reflexions-president-jordi-dalmases-sobre-recuperacio-data-cobrament-receptes\/#primaryimage\",\"url\":\"\",\"contentUrl\":\"\"},{\"@type\":\"BreadcrumbList\",\"@id\":\"https:\/\/novaorg.cofb.net\/2018\/11\/16\/reneixer-reflexions-president-jordi-dalmases-sobre-recuperacio-data-cobrament-receptes\/#breadcrumb\",\"itemListElement\":[{\"@type\":\"ListItem\",\"position\":1,\"name\":\"Inici\",\"item\":\"https:\/\/novaorg.cofb.net\/\"},{\"@type\":\"ListItem\",\"position\":2,\"name\":\"&#8220;Ren\u00e9ixer&#8221;. Reflexions del president Jordi de Dalmases sobre la recuperaci\u00f3 de la data de cobrament de receptes\"}]},{\"@type\":\"WebSite\",\"@id\":\"https:\/\/www.cofb.org\/#website\",\"url\":\"https:\/\/www.cofb.org\/\",\"name\":\"Col\u00b7legi de Farmac\u00e8utics de Barcelona\",\"description\":\"\",\"publisher\":{\"@id\":\"https:\/\/www.cofb.org\/#organization\"},\"potentialAction\":[{\"@type\":\"SearchAction\",\"target\":{\"@type\":\"EntryPoint\",\"urlTemplate\":\"https:\/\/www.cofb.org\/?s={search_term_string}\"},\"query-input\":\"required name=search_term_string\"}],\"inLanguage\":\"ca\"},{\"@type\":\"Organization\",\"@id\":\"https:\/\/www.cofb.org\/#organization\",\"name\":\"Col\u00b7legi de Farmac\u00e8utics de Barcelona\",\"url\":\"https:\/\/www.cofb.org\/\",\"logo\":{\"@type\":\"ImageObject\",\"inLanguage\":\"ca\",\"@id\":\"https:\/\/www.cofb.org\/#\/schema\/logo\/image\/\",\"url\":\"https:\/\/www.cofb.org\/wp-content\/uploads\/2023\/11\/cropped-Logotip-COFB.png\",\"contentUrl\":\"https:\/\/www.cofb.org\/wp-content\/uploads\/2023\/11\/cropped-Logotip-COFB.png\",\"width\":500,\"height\":105,\"caption\":\"Col\u00b7legi de Farmac\u00e8utics de Barcelona\"},\"image\":{\"@id\":\"https:\/\/www.cofb.org\/#\/schema\/logo\/image\/\"},\"sameAs\":[\"https:\/\/www.facebook.com\/farmaceuticsbcn\/\",\"https:\/\/twitter.com\/farmaceuticsbcn\",\"https:\/\/www.instagram.com\/farmaceuticsbcn\/\",\"https:\/\/www.linkedin.com\/company\/farmaceuticsbcn\/\"]},{\"@type\":\"Person\",\"@id\":\"https:\/\/www.cofb.org\/#\/schema\/person\/22ed7eea88da74b0fa4d3154ad87ffcb\",\"name\":\"wpAdminCofbOrg\",\"image\":{\"@type\":\"ImageObject\",\"inLanguage\":\"ca\",\"@id\":\"https:\/\/www.cofb.org\/#\/schema\/person\/image\/\",\"url\":\"https:\/\/secure.gravatar.com\/avatar\/1721b20b3b8ca882c3b56ec6c978c594fff670e40c0718e9190eaeeb76aae7d8?s=96&d=mm&r=g\",\"contentUrl\":\"https:\/\/secure.gravatar.com\/avatar\/1721b20b3b8ca882c3b56ec6c978c594fff670e40c0718e9190eaeeb76aae7d8?s=96&d=mm&r=g\",\"caption\":\"wpAdminCofbOrg\"},\"sameAs\":[\"http:\/\/192.168.64.122\/wordpress\"],\"url\":\"https:\/\/www.cofb.org\/ca\/author\/wpadmincofborg\/\"}]}<\/script>\n<!-- \/ Yoast SEO plugin. -->","yoast_head_json":{"title":"\"Ren\u00e9ixer\". Reflexions del president Jordi de Dalmases sobre la recuperaci\u00f3 de la data de cobrament de receptes - Col\u00b7legi de Farmac\u00e8utics de Barcelona","description":"Reflexions del president del Col\u00b7legi de Farmac\u00e8utics de Barcelona i del Consell de Col\u00b7legis de Farmac\u00e8utics de Catalunya,Jordi de Dalmases, sobre la recuperaci\u00f3 de la data de cobrament de receptes dispensades.","robots":{"index":"index","follow":"follow","max-snippet":"max-snippet:-1","max-image-preview":"max-image-preview:large","max-video-preview":"max-video-preview:-1"},"canonical":"https:\/\/novaorg.cofb.net\/2018\/11\/16\/reneixer-reflexions-president-jordi-dalmases-sobre-recuperacio-data-cobrament-receptes\/","og_locale":"ca_ES","og_type":"article","og_title":"\"Ren\u00e9ixer\". Reflexions del president Jordi de Dalmases sobre la recuperaci\u00f3 de la data de cobrament de receptes - Col\u00b7legi de Farmac\u00e8utics de Barcelona","og_description":"Reflexions del president del Col\u00b7legi de Farmac\u00e8utics de Barcelona i del Consell de Col\u00b7legis de Farmac\u00e8utics de Catalunya,Jordi de Dalmases, sobre la recuperaci\u00f3 de la data de cobrament de receptes dispensades.","og_url":"https:\/\/novaorg.cofb.net\/2018\/11\/16\/reneixer-reflexions-president-jordi-dalmases-sobre-recuperacio-data-cobrament-receptes\/","og_site_name":"Col\u00b7legi de Farmac\u00e8utics de Barcelona","article_publisher":"https:\/\/www.facebook.com\/farmaceuticsbcn\/","article_published_time":"2018-11-16T13:23:53+00:00","author":"wpAdminCofbOrg","twitter_card":"summary_large_image","twitter_creator":"@farmaceuticsbcn","twitter_site":"@farmaceuticsbcn","twitter_misc":{"Escrit per":"wpAdminCofbOrg","Temps estimat de lectura":"4 minuts"},"schema":{"@context":"https:\/\/schema.org","@graph":[{"@type":"Article","@id":"https:\/\/novaorg.cofb.net\/2018\/11\/16\/reneixer-reflexions-president-jordi-dalmases-sobre-recuperacio-data-cobrament-receptes\/#article","isPartOf":{"@id":"https:\/\/novaorg.cofb.net\/2018\/11\/16\/reneixer-reflexions-president-jordi-dalmases-sobre-recuperacio-data-cobrament-receptes\/"},"author":{"name":"wpAdminCofbOrg","@id":"https:\/\/www.cofb.org\/#\/schema\/person\/22ed7eea88da74b0fa4d3154ad87ffcb"},"headline":"&#8220;Ren\u00e9ixer&#8221;. Reflexions del president Jordi de Dalmases sobre la recuperaci\u00f3 de la data de cobrament de receptes","datePublished":"2018-11-16T13:23:53+00:00","dateModified":"2018-11-16T13:23:53+00:00","mainEntityOfPage":{"@id":"https:\/\/novaorg.cofb.net\/2018\/11\/16\/reneixer-reflexions-president-jordi-dalmases-sobre-recuperacio-data-cobrament-receptes\/"},"wordCount":790,"commentCount":0,"publisher":{"@id":"https:\/\/www.cofb.org\/#organization"},"image":{"@id":"https:\/\/novaorg.cofb.net\/2018\/11\/16\/reneixer-reflexions-president-jordi-dalmases-sobre-recuperacio-data-cobrament-receptes\/#primaryimage"},"thumbnailUrl":"","keywords":["COFB","Col\u00b7legi de Farmac\u00e8utics de Barcelona","Consell de Col\u00b7legis de Farmac\u00e8utics de Catalunya","Departament de Salut","farmac\u00e8utic","Federaci\u00f3 de Farm\u00e0cies de Catalunya","Generalitat de Catalunya","Jordi de Dalmases","Pimec","retards pagaments"],"articleSection":["Opinions del Col\u00b7legi"],"inLanguage":"ca","potentialAction":[{"@type":"CommentAction","name":"Comment","target":["https:\/\/novaorg.cofb.net\/2018\/11\/16\/reneixer-reflexions-president-jordi-dalmases-sobre-recuperacio-data-cobrament-receptes\/#respond"]}]},{"@type":"WebPage","@id":"https:\/\/novaorg.cofb.net\/2018\/11\/16\/reneixer-reflexions-president-jordi-dalmases-sobre-recuperacio-data-cobrament-receptes\/","url":"https:\/\/novaorg.cofb.net\/2018\/11\/16\/reneixer-reflexions-president-jordi-dalmases-sobre-recuperacio-data-cobrament-receptes\/","name":"\"Ren\u00e9ixer\". Reflexions del president Jordi de Dalmases sobre la recuperaci\u00f3 de la data de cobrament de receptes - Col\u00b7legi de Farmac\u00e8utics de Barcelona","isPartOf":{"@id":"https:\/\/www.cofb.org\/#website"},"primaryImageOfPage":{"@id":"https:\/\/novaorg.cofb.net\/2018\/11\/16\/reneixer-reflexions-president-jordi-dalmases-sobre-recuperacio-data-cobrament-receptes\/#primaryimage"},"image":{"@id":"https:\/\/novaorg.cofb.net\/2018\/11\/16\/reneixer-reflexions-president-jordi-dalmases-sobre-recuperacio-data-cobrament-receptes\/#primaryimage"},"thumbnailUrl":"","datePublished":"2018-11-16T13:23:53+00:00","dateModified":"2018-11-16T13:23:53+00:00","description":"Reflexions del president del Col\u00b7legi de Farmac\u00e8utics de Barcelona i del Consell de Col\u00b7legis de Farmac\u00e8utics de Catalunya,Jordi de Dalmases, sobre la recuperaci\u00f3 de la data de cobrament de receptes dispensades.","breadcrumb":{"@id":"https:\/\/novaorg.cofb.net\/2018\/11\/16\/reneixer-reflexions-president-jordi-dalmases-sobre-recuperacio-data-cobrament-receptes\/#breadcrumb"},"inLanguage":"ca","potentialAction":[{"@type":"ReadAction","target":["https:\/\/novaorg.cofb.net\/2018\/11\/16\/reneixer-reflexions-president-jordi-dalmases-sobre-recuperacio-data-cobrament-receptes\/"]}]},{"@type":"ImageObject","inLanguage":"ca","@id":"https:\/\/novaorg.cofb.net\/2018\/11\/16\/reneixer-reflexions-president-jordi-dalmases-sobre-recuperacio-data-cobrament-receptes\/#primaryimage","url":"","contentUrl":""},{"@type":"BreadcrumbList","@id":"https:\/\/novaorg.cofb.net\/2018\/11\/16\/reneixer-reflexions-president-jordi-dalmases-sobre-recuperacio-data-cobrament-receptes\/#breadcrumb","itemListElement":[{"@type":"ListItem","position":1,"name":"Inici","item":"https:\/\/novaorg.cofb.net\/"},{"@type":"ListItem","position":2,"name":"&#8220;Ren\u00e9ixer&#8221;. Reflexions del president Jordi de Dalmases sobre la recuperaci\u00f3 de la data de cobrament de receptes"}]},{"@type":"WebSite","@id":"https:\/\/www.cofb.org\/#website","url":"https:\/\/www.cofb.org\/","name":"Col\u00b7legi de Farmac\u00e8utics de Barcelona","description":"","publisher":{"@id":"https:\/\/www.cofb.org\/#organization"},"potentialAction":[{"@type":"SearchAction","target":{"@type":"EntryPoint","urlTemplate":"https:\/\/www.cofb.org\/?s={search_term_string}"},"query-input":"required name=search_term_string"}],"inLanguage":"ca"},{"@type":"Organization","@id":"https:\/\/www.cofb.org\/#organization","name":"Col\u00b7legi de Farmac\u00e8utics de Barcelona","url":"https:\/\/www.cofb.org\/","logo":{"@type":"ImageObject","inLanguage":"ca","@id":"https:\/\/www.cofb.org\/#\/schema\/logo\/image\/","url":"https:\/\/www.cofb.org\/wp-content\/uploads\/2023\/11\/cropped-Logotip-COFB.png","contentUrl":"https:\/\/www.cofb.org\/wp-content\/uploads\/2023\/11\/cropped-Logotip-COFB.png","width":500,"height":105,"caption":"Col\u00b7legi de Farmac\u00e8utics de Barcelona"},"image":{"@id":"https:\/\/www.cofb.org\/#\/schema\/logo\/image\/"},"sameAs":["https:\/\/www.facebook.com\/farmaceuticsbcn\/","https:\/\/twitter.com\/farmaceuticsbcn","https:\/\/www.instagram.com\/farmaceuticsbcn\/","https:\/\/www.linkedin.com\/company\/farmaceuticsbcn\/"]},{"@type":"Person","@id":"https:\/\/www.cofb.org\/#\/schema\/person\/22ed7eea88da74b0fa4d3154ad87ffcb","name":"wpAdminCofbOrg","image":{"@type":"ImageObject","inLanguage":"ca","@id":"https:\/\/www.cofb.org\/#\/schema\/person\/image\/","url":"https:\/\/secure.gravatar.com\/avatar\/1721b20b3b8ca882c3b56ec6c978c594fff670e40c0718e9190eaeeb76aae7d8?s=96&d=mm&r=g","contentUrl":"https:\/\/secure.gravatar.com\/avatar\/1721b20b3b8ca882c3b56ec6c978c594fff670e40c0718e9190eaeeb76aae7d8?s=96&d=mm&r=g","caption":"wpAdminCofbOrg"},"sameAs":["http:\/\/192.168.64.122\/wordpress"],"url":"https:\/\/www.cofb.org\/ca\/author\/wpadmincofborg\/"}]}},"uagb_featured_image_src":{"full":false,"thumbnail":false,"medium":false,"medium_large":false,"large":false,"1536x1536":false,"2048x2048":false,"trp-custom-language-flag":false},"uagb_author_info":{"display_name":"wpAdminCofbOrg","author_link":"https:\/\/www.cofb.org\/ca\/author\/wpadmincofborg\/"},"uagb_comment_info":0,"uagb_excerpt":"Article de Jordi de Dalmases, president del Col\u00b7legi de Farmac\u00e8utics de Barcelona i del Consell de Col\u00b7legis de Farmac\u00e8utics de Catalunya. Ren\u00e9ixer \u00e9s d&#8217;aquelles paraules que \u00e9s dif\u00edcil explicar tot el que abasta, per\u00f2 es podria concloure que nom\u00e9s aquells que han estat abans a la vora de l&#8217;abisme poden [&hellip;]","_links":{"self":[{"href":"https:\/\/www.cofb.org\/ca\/wp-json\/wp\/v2\/posts\/42034","targetHints":{"allow":["GET"]}}],"collection":[{"href":"https:\/\/www.cofb.org\/ca\/wp-json\/wp\/v2\/posts"}],"about":[{"href":"https:\/\/www.cofb.org\/ca\/wp-json\/wp\/v2\/types\/post"}],"author":[{"embeddable":true,"href":"https:\/\/www.cofb.org\/ca\/wp-json\/wp\/v2\/users\/1"}],"replies":[{"embeddable":true,"href":"https:\/\/www.cofb.org\/ca\/wp-json\/wp\/v2\/comments?post=42034"}],"version-history":[{"count":0,"href":"https:\/\/www.cofb.org\/ca\/wp-json\/wp\/v2\/posts\/42034\/revisions"}],"wp:featuredmedia":[{"embeddable":true,"href":"https:\/\/www.cofb.org\/ca\/wp-json\/"}],"wp:attachment":[{"href":"https:\/\/www.cofb.org\/ca\/wp-json\/wp\/v2\/media?parent=42034"}],"wp:term":[{"taxonomy":"category","embeddable":true,"href":"https:\/\/www.cofb.org\/ca\/wp-json\/wp\/v2\/categories?post=42034"},{"taxonomy":"post_tag","embeddable":true,"href":"https:\/\/www.cofb.org\/ca\/wp-json\/wp\/v2\/tags?post=42034"}],"curies":[{"name":"wp","href":"https:\/\/api.w.org\/{rel}","templated":true}]}}