{"id":41835,"date":"2018-10-29T18:20:30","date_gmt":"2018-10-29T16:20:30","guid":{"rendered":"https:\/\/blog.cofb.cat\/?p=41835"},"modified":"2018-10-29T18:20:30","modified_gmt":"2018-10-29T16:20:30","slug":"actualitzacio-psoriasi-habits-vida-saludable-vivencies-primera-persona","status":"publish","type":"post","link":"https:\/\/www.cofb.org\/ca\/2018\/10\/29\/actualitzacio-psoriasi-habits-vida-saludable-vivencies-primera-persona\/","title":{"rendered":"Actualitzaci\u00f3 en Psoriasi: h\u00e0bits de vida saludable i viv\u00e8ncies en primera persona"},"content":{"rendered":"<p>El passat 24 d&#8217;octubre es va realitzar al Col\u00b7legi de Farmac\u00e8utics de Barcelona el curs <strong>&#8220;Actualitzaci\u00f3 en Psoriasi&#8221;<\/strong>, organitzat conjuntament pel <strong>COFB<\/strong> i la <a href=\"https:\/\/www.scfarmclin.org\/ca\/\" target=\"_blank\" rel=\"noopener\"><strong>Societat Catalana de Farm\u00e0cia Cl\u00ednica (SCFC)<\/strong><\/a>. Al llarg de la formaci\u00f3, es van repassar <strong>les noves estrat\u00e8gies de tractament de la psoriasi<\/strong> i l&#8217;<strong>artritis psori\u00e0sica<\/strong>, aix\u00ed com les<strong> comorbiditats associades<\/strong> i les <strong>recomanacions d&#8217;estils de vida saludables<\/strong> que ajuden a millorar la malaltia.<\/p>\n<figure id=\"attachment_41857\" aria-describedby=\"caption-attachment-41857\" style=\"width: 620px\" class=\"wp-caption aligncenter\"><a href=\"https:\/\/blog.cofb.cat\/wp-content\/uploads\/2018\/10\/cofb.Psoriasi181024-26.jpg\"><img fetchpriority=\"high\" decoding=\"async\" class=\"wp-image-41857 size-large\" title=\"Un moment del curs &quot;Actualitzaci\u00f3 en Psoriasi&quot; celebrat el passat 24 d'octubre al COFB.\" src=\"https:\/\/blog.cofb.cat\/wp-content\/uploads\/2018\/10\/cofb.Psoriasi181024-26-1024x558.jpg\" alt=\"Un moment del curs &quot;Actualitzaci\u00f3 en Psoriasi&quot; celebrat el passat 24 d'octubre al COFB.\" width=\"620\" height=\"338\" \/><\/a><figcaption id=\"caption-attachment-41857\" class=\"wp-caption-text\">Un moment del curs &#8220;Actualitzaci\u00f3 en Psoriasi&#8221; celebrat el passat 24 d&#8217;octubre al COFB.<\/figcaption><\/figure>\n<p>La Dra. Vilarrasa, dermat\u00f2loga adjunta de l\u2019Hospital de San Pau, va fer un rep\u00e0s de <strong>l\u2019evoluci\u00f3 dels tractaments de la psoriasi al llarg dels \u00faltims anys i es va centrar especialment en els medicaments biol\u00f2gics,<\/strong> sobre els quals va presentar informaci\u00f3 relacionada amb la seva <strong>efic\u00e0cia<\/strong> i <strong>seguretat<\/strong>. El Dr. Ramon J\u00f3dar, cap del Servei de Farm\u00e0cia de l\u2019Hospital Universitari de Bellvitge, va explicar quines s\u00f3n les <strong>activitats del servei de farm\u00e0cia<\/strong> <strong>referents al seguiment del pacient amb psoriasi<\/strong> <strong>i com es controla l\u2019efic\u00e0cia dels tractaments, l\u2019adher\u00e8ncia i l\u2019aparici\u00f3 d\u2019efectes secundaris.<\/strong> El Dr. Jes\u00fas Rodr\u00edguez, reumat\u00f2leg adjunt del Servei de Reumatologia de l\u2019Hospital Universitari de Bellvitge, va parlar de l&#8217;<strong>artritis psori\u00e0sica<\/strong> i de com aquesta afecta la qualitat de vida dels pacients. Tamb\u00e9 va fer un rep\u00e0s dels medicaments m\u00e9s utilitzats actualment per tractar-la i de com educar als pacients per tal de viure saludablement amb la patologia.<\/p>\n<h1><span style=\"color: #008080;\"><strong>Comorbiditats associades a la psoriasi i h\u00e0bits de vida saludable<\/strong><\/span><\/h1>\n<p>En la seg\u00fcent intervenci\u00f3, el Dr. Jos\u00e9 Manuel Carrascosa, dermat\u00f2leg adjunt de l\u2019Hospital Ramon Trias i Pujol, va exposar a trav\u00e9s d&#8217;un cas cl\u00ednic <strong>les principals comorbiditats<\/strong> que s&#8217;associen a la psoriasi i va fer especial \u00e8mfasi en l\u2019<strong>obesitat<\/strong>, el <strong>fetge gras no alcoh\u00f2lic<\/strong>, la <strong>insufici\u00e8ncia renal<\/strong> i les <strong>malalties psiqui\u00e0triques<\/strong>. La seva intervenci\u00f3 va posar en evid\u00e8ncia el gran nombre de malalties associades a la psoriasi i la dificultat per controlar-les.<\/p>\n<figure id=\"attachment_41856\" aria-describedby=\"caption-attachment-41856\" style=\"width: 620px\" class=\"wp-caption aligncenter\"><a href=\"https:\/\/blog.cofb.cat\/wp-content\/uploads\/2018\/10\/cofb.Psoriasi181024-19.jpg\"><img decoding=\"async\" class=\"wp-image-41856 size-large\" title=\"El Dr. Jos\u00e9 Manuel Carrascosa, dermat\u00f2leg adjunt de l\u2019Hospital Ramon Trias i Pujol, durant la seva intervenci\u00f3. \" src=\"https:\/\/blog.cofb.cat\/wp-content\/uploads\/2018\/10\/cofb.Psoriasi181024-19-1024x683.jpg\" alt=\"El Dr. Jos\u00e9 Manuel Carrascosa, dermat\u00f2leg adjunt de l\u2019Hospital Ramon Trias i Pujol, durant la seva intervenci\u00f3. \" width=\"620\" height=\"414\" \/><\/a><figcaption id=\"caption-attachment-41856\" class=\"wp-caption-text\">El Dr. Jos\u00e9 Manuel Carrascosa, dermat\u00f2leg adjunt de l\u2019Hospital Ramon Trias i Pujol, durant la seva intervenci\u00f3.<\/figcaption><\/figure>\n<p>D&#8217;altra banda, la Dra. Marta Ferran, dermat\u00f2loga adjunta de l\u2019Hospital del Mar, va cloure les intervencions per part dels metges especialistes amb una exposici\u00f3 dels <strong>h\u00e0bits de vida saludables<\/strong>, necessaris per millorar la malaltia. Ferran va parlar de la necessitat de <strong>perdre pes<\/strong> (amb exercici f\u00edsic i una dieta saludable), <strong>eliminar h\u00e0bits t\u00f2xics<\/strong> (com l\u2019<strong>alcoholisme<\/strong> i el <strong>tabaquisme<\/strong>) i <strong>controlar els episodis d\u2019estr\u00e8s del malalt<\/strong>. En aquest sentit, la doctora va destacar que tot aix\u00f2 \u00e9s molt dif\u00edcil de fer des de la consulta i, per tant, <strong>es requereix molta col\u00b7laboraci\u00f3 entre tots els professionals sanitaris que estan en contacte amb el pacient.<\/strong><\/p>\n<h1><span style=\"color: #008080;\"><strong>Viure la psoriasi en primera persona<\/strong><\/span><\/h1>\n<p>El final del curs va comptar amb la pres\u00e8ncia de Merc\u00e8 Vilanova, pacient i membre de l\u2019associaci\u00f3 <a href=\"https:\/\/www.accionpsoriasis.org\/\" target=\"_blank\" rel=\"noopener\"><strong>Acci\u00f3n Psoriasis<\/strong><\/a>. Vilanova va explicar la seva experi\u00e8ncia amb la psoriasi i el seu testimoni va posar en evid\u00e8ncia que <strong>aquesta malaltia dermatol\u00f2gica<\/strong> pot arribar a ser <strong>molt incapacitant<\/strong> per les persones que la pateixen i pot produir uns <strong>estigmes socials<\/strong> molt greus.<\/p>\n<figure id=\"attachment_41858\" aria-describedby=\"caption-attachment-41858\" style=\"width: 972px\" class=\"wp-caption aligncenter\"><a href=\"https:\/\/blog.cofb.cat\/wp-content\/uploads\/2018\/10\/cofb.Psoriasi181024-37.jpg\"><img decoding=\"async\" class=\"wp-image-41858 size-full\" title=\"Merc\u00e8 Vilanova, pacient i membre d'Acci\u00f3n Psoriasis, acompanyada de Santi Alfonso, director d'Acci\u00f3n Psoriasis.\" src=\"https:\/\/blog.cofb.cat\/wp-content\/uploads\/2018\/10\/cofb.Psoriasi181024-37.jpg\" alt=\"Merc\u00e8 Vilanova, pacient i membre d'Acci\u00f3n Psoriasis, acompanyada de Santi Alfonso, director d'Acci\u00f3n Psoriasis.\" width=\"972\" height=\"623\" \/><\/a><figcaption id=\"caption-attachment-41858\" class=\"wp-caption-text\">Merc\u00e8 Vilanova, pacient i membre d&#8217;Acci\u00f3n Psoriasis, acompanyada de Santi Alfonso, director d&#8217;Acci\u00f3n Psoriasis.<\/figcaption><\/figure>\n<p>Per aix\u00f2, segons Marta Alcalde, vocal de Dermofarm\u00e0cia i Productes Sanitaris del COFB, &#8220;\u00e9s molt important que <strong>tots els professionals sanitaris<\/strong> que envolten els malalts que pateixen psoriasi (metges, infermeres, farmac\u00e8utics, psic\u00f2legs, etc.) formin un <strong>equip multidisciplinari<\/strong> que tingui com a centre <strong>la millora de la qualitat de vida del malalt<\/strong>&#8220;.<\/p>\n<p style=\"text-align: right;\"><strong>Amb la col\u00b7laboraci\u00f3 de:\u00a0<\/strong><\/p>\n<p style=\"text-align: right;\"><a href=\"https:\/\/www.accionpsoriasis.org\/\" target=\"_blank\" rel=\"noopener\"><img loading=\"lazy\" decoding=\"async\" class=\" wp-image-41849 alignright\" src=\"https:\/\/blog.cofb.cat\/wp-content\/uploads\/2018\/10\/Acci\u00f3-Psoriasi.jpg\" alt=\"\" width=\"141\" height=\"68\" \/><\/a><\/p>\n<p>&nbsp;<\/p>\n<p>&nbsp;<\/p>\n<p style=\"text-align: right;\"><strong>Amb el patrocini de:\u00a0<\/strong><\/p>\n<p><a href=\"https:\/\/www.janssen.com\/es\" target=\"_blank\" rel=\"noopener\"><img loading=\"lazy\" decoding=\"async\" class=\"wp-image-41846 alignright\" src=\"https:\/\/blog.cofb.cat\/wp-content\/uploads\/2017\/11\/Janssen.jpg\" alt=\"\" width=\"134\" height=\"66\" \/><\/a><\/p>\n<p>&nbsp;<\/p>\n<p><strong>Altres publicacions d&#8217;inter\u00e8s:<\/strong><\/p>\n<ul>\n<li><a href=\"https:\/\/blog.cofb.cat\/lassociacio-accio-psoriasi-celebra-25-anys-cofb\/\" target=\"_blank\" rel=\"noopener\">L&#8217;Associaci\u00f3 Acci\u00f3 Psoriasi celebra els seus 25 anys al COFB (Juny 2018)<\/a><\/li>\n<li><a href=\"https:\/\/blog.cofb.cat\/abordar-psoriasi-impacte-tractaments-relacionats\/\" target=\"_blank\" rel=\"noopener\">Com abordar la psoriasi. Impacte i tractaments relacionats (Juny 2018)<\/a><\/li>\n<li><a href=\"https:\/\/blog.cofb.cat\/revisio-de-lus-de-farmacs-biologics-noves-estrategies-per-tractar-la-psoriasi-lartritis-psoriasica-i-la-malaltia-de-crohn\/\" target=\"_blank\" rel=\"noopener\">Revisi\u00f3 de l&#8217;\u00fas de f\u00e0rmacs biol\u00f2gics: noves estrat\u00e8gies per tracar la psoriasi, l&#8217;artritis psori\u00e0sica i la malaltia de Crohn (Novembre 2017)<\/a><\/li>\n<li><a href=\"https:\/\/blog.cofb.cat\/jornada-formativa-sobre-psoriasi-el-paper-del-farmaceutic-en-la-millora-del-seu-control\/\" target=\"_blank\" rel=\"noopener\">Jornada formativa sobre psoriasi i el paper del farmac\u00e8utic en la millora del seu control (Setembre 2017)<\/a><\/li>\n<\/ul>\n","protected":false},"excerpt":{"rendered":"<p>El passat 24 d&#8217;octubre es va realitzar al Col\u00b7legi de Farmac\u00e8utics de Barcelona el curs &#8220;Actualitzaci\u00f3 en Psoriasi&#8221;, organitzat conjuntament pel COFB i la Societat Catalana de Farm\u00e0cia Cl\u00ednica (SCFC). Al llarg de la formaci\u00f3, es van repassar les noves estrat\u00e8gies de tractament de la psoriasi i l&#8217;artritis psori\u00e0sica, aix\u00ed [&hellip;]<\/p>\n","protected":false},"author":1,"featured_media":41857,"comment_status":"open","ping_status":"open","sticky":false,"template":"","format":"standard","meta":{"_uag_custom_page_level_css":"","site-sidebar-layout":"default","site-content-layout":"","ast-site-content-layout":"default","site-content-style":"default","site-sidebar-style":"default","ast-global-header-display":"","ast-banner-title-visibility":"","ast-main-header-display":"","ast-hfb-above-header-display":"","ast-hfb-below-header-display":"","ast-hfb-mobile-header-display":"","site-post-title":"","ast-breadcrumbs-content":"","ast-featured-img":"disabled","footer-sml-layout":"","theme-transparent-header-meta":"","adv-header-id-meta":"","stick-header-meta":"","header-above-stick-meta":"","header-main-stick-meta":"","header-below-stick-meta":"","astra-migrate-meta-layouts":"default","ast-page-background-enabled":"default","ast-page-background-meta":{"desktop":{"background-color":"var(--ast-global-color-4)","background-image":"","background-repeat":"repeat","background-position":"center center","background-size":"auto","background-attachment":"scroll","background-type":"","background-media":"","overlay-type":"","overlay-color":"","overlay-opacity":"","overlay-gradient":""},"tablet":{"background-color":"","background-image":"","background-repeat":"repeat","background-position":"center center","background-size":"auto","background-attachment":"scroll","background-type":"","background-media":"","overlay-type":"","overlay-color":"","overlay-opacity":"","overlay-gradient":""},"mobile":{"background-color":"","background-image":"","background-repeat":"repeat","background-position":"center center","background-size":"auto","background-attachment":"scroll","background-type":"","background-media":"","overlay-type":"","overlay-color":"","overlay-opacity":"","overlay-gradient":""}},"ast-content-background-meta":{"desktop":{"background-color":"var(--ast-global-color-5)","background-image":"","background-repeat":"repeat","background-position":"center center","background-size":"auto","background-attachment":"scroll","background-type":"","background-media":"","overlay-type":"","overlay-color":"","overlay-opacity":"","overlay-gradient":""},"tablet":{"background-color":"var(--ast-global-color-5)","background-image":"","background-repeat":"repeat","background-position":"center center","background-size":"auto","background-attachment":"scroll","background-type":"","background-media":"","overlay-type":"","overlay-color":"","overlay-opacity":"","overlay-gradient":""},"mobile":{"background-color":"var(--ast-global-color-5)","background-image":"","background-repeat":"repeat","background-position":"center center","background-size":"auto","background-attachment":"scroll","background-type":"","background-media":"","overlay-type":"","overlay-color":"","overlay-opacity":"","overlay-gradient":""}},"footnotes":""},"categories":[57],"tags":[802,803,3310,209,18,19,3108,79,3042,53,70,231,286,370],"class_list":["post-41835","post","type-post","status-publish","format-standard","has-post-thumbnail","hentry","category-mon-collegial","tag-accio-psoriasi","tag-accion-psoriasis","tag-actualitzacio-en-psoriasi","tag-artritis-psoriasica","tag-cofb","tag-collegi-de-farmaceutics-de-barcelona","tag-dermatolegs","tag-dermatologia","tag-estil-de-vida-saludable","tag-farmaceutics","tag-formacio","tag-psoriasi","tag-societat-catalana-de-farmacia-clinica","tag-vocal-de-dermofarmacia-i-productes-sanitaris"],"yoast_head":"<!-- This site is optimized with the Yoast SEO plugin v22.4 - https:\/\/yoast.com\/wordpress\/plugins\/seo\/ -->\n<title>Actualitzaci\u00f3 en Psoriasi: h\u00e0bits de vida saludable i viv\u00e8ncies en primera persona - Col\u00b7legi de Farmac\u00e8utics de Barcelona<\/title>\n<meta name=\"description\" content=\"El passat 24 d&#039;octubre es va realitzar al Col\u00b7legi de Farmac\u00e8utics de Barcelona el curs &quot;Actualitzaci\u00f3 en Psoriasi&quot;, organitzat conjuntament pel COFB i la Societat Catalana de Farm\u00e0cia Cl\u00ednica (SCFC).\" \/>\n<meta name=\"robots\" content=\"index, follow, max-snippet:-1, max-image-preview:large, max-video-preview:-1\" \/>\n<link rel=\"canonical\" href=\"https:\/\/novaorg.cofb.net\/2018\/10\/29\/actualitzacio-psoriasi-habits-vida-saludable-vivencies-primera-persona\/\" \/>\n<meta property=\"og:locale\" content=\"ca_ES\" \/>\n<meta property=\"og:type\" content=\"article\" \/>\n<meta property=\"og:title\" content=\"Actualitzaci\u00f3 en Psoriasi: h\u00e0bits de vida saludable i viv\u00e8ncies en primera persona - Col\u00b7legi de Farmac\u00e8utics de Barcelona\" \/>\n<meta property=\"og:description\" content=\"El passat 24 d&#039;octubre es va realitzar al Col\u00b7legi de Farmac\u00e8utics de Barcelona el curs &quot;Actualitzaci\u00f3 en Psoriasi&quot;, organitzat conjuntament pel COFB i la Societat Catalana de Farm\u00e0cia Cl\u00ednica (SCFC).\" \/>\n<meta property=\"og:url\" content=\"https:\/\/novaorg.cofb.net\/2018\/10\/29\/actualitzacio-psoriasi-habits-vida-saludable-vivencies-primera-persona\/\" \/>\n<meta property=\"og:site_name\" content=\"Col\u00b7legi de Farmac\u00e8utics de Barcelona\" \/>\n<meta property=\"article:publisher\" content=\"https:\/\/www.facebook.com\/farmaceuticsbcn\/\" \/>\n<meta property=\"article:published_time\" content=\"2018-10-29T16:20:30+00:00\" \/>\n<meta name=\"author\" content=\"wpAdminCofbOrg\" \/>\n<meta name=\"twitter:card\" content=\"summary_large_image\" \/>\n<meta name=\"twitter:creator\" content=\"@farmaceuticsbcn\" \/>\n<meta name=\"twitter:site\" content=\"@farmaceuticsbcn\" \/>\n<meta name=\"twitter:label1\" content=\"Escrit per\" \/>\n\t<meta name=\"twitter:data1\" content=\"wpAdminCofbOrg\" \/>\n\t<meta name=\"twitter:label2\" content=\"Temps estimat de lectura\" \/>\n\t<meta name=\"twitter:data2\" content=\"4 minuts\" \/>\n<script type=\"application\/ld+json\" class=\"yoast-schema-graph\">{\"@context\":\"https:\/\/schema.org\",\"@graph\":[{\"@type\":\"Article\",\"@id\":\"https:\/\/novaorg.cofb.net\/2018\/10\/29\/actualitzacio-psoriasi-habits-vida-saludable-vivencies-primera-persona\/#article\",\"isPartOf\":{\"@id\":\"https:\/\/novaorg.cofb.net\/2018\/10\/29\/actualitzacio-psoriasi-habits-vida-saludable-vivencies-primera-persona\/\"},\"author\":{\"name\":\"wpAdminCofbOrg\",\"@id\":\"https:\/\/www.cofb.org\/#\/schema\/person\/22ed7eea88da74b0fa4d3154ad87ffcb\"},\"headline\":\"Actualitzaci\u00f3 en Psoriasi: h\u00e0bits de vida saludable i viv\u00e8ncies en primera persona\",\"datePublished\":\"2018-10-29T16:20:30+00:00\",\"dateModified\":\"2018-10-29T16:20:30+00:00\",\"mainEntityOfPage\":{\"@id\":\"https:\/\/novaorg.cofb.net\/2018\/10\/29\/actualitzacio-psoriasi-habits-vida-saludable-vivencies-primera-persona\/\"},\"wordCount\":750,\"commentCount\":0,\"publisher\":{\"@id\":\"https:\/\/www.cofb.org\/#organization\"},\"image\":{\"@id\":\"https:\/\/novaorg.cofb.net\/2018\/10\/29\/actualitzacio-psoriasi-habits-vida-saludable-vivencies-primera-persona\/#primaryimage\"},\"thumbnailUrl\":\"\",\"keywords\":[\"Acci\u00f3 Psoriasi\",\"Acci\u00f3n Psoriasis\",\"Actualitzaci\u00f3 en Psoriasi\",\"artritis psori\u00e0sica\",\"COFB\",\"Col\u00b7legi de Farmac\u00e8utics de Barcelona\",\"dermat\u00f2legs\",\"dermatologia\",\"estil de vida saludable\",\"farmac\u00e8utics\",\"Formaci\u00f3\",\"psoriasi\",\"Societat Catalana de Farm\u00e0cia Cl\u00ednica\",\"Vocal de Dermofarm\u00e0cia i Productes Sanitaris\"],\"articleSection\":[\"M\u00f3n col\u00b7legial\"],\"inLanguage\":\"ca\",\"potentialAction\":[{\"@type\":\"CommentAction\",\"name\":\"Comment\",\"target\":[\"https:\/\/novaorg.cofb.net\/2018\/10\/29\/actualitzacio-psoriasi-habits-vida-saludable-vivencies-primera-persona\/#respond\"]}]},{\"@type\":\"WebPage\",\"@id\":\"https:\/\/novaorg.cofb.net\/2018\/10\/29\/actualitzacio-psoriasi-habits-vida-saludable-vivencies-primera-persona\/\",\"url\":\"https:\/\/novaorg.cofb.net\/2018\/10\/29\/actualitzacio-psoriasi-habits-vida-saludable-vivencies-primera-persona\/\",\"name\":\"Actualitzaci\u00f3 en Psoriasi: h\u00e0bits de vida saludable i viv\u00e8ncies en primera persona - Col\u00b7legi de Farmac\u00e8utics de Barcelona\",\"isPartOf\":{\"@id\":\"https:\/\/www.cofb.org\/#website\"},\"primaryImageOfPage\":{\"@id\":\"https:\/\/novaorg.cofb.net\/2018\/10\/29\/actualitzacio-psoriasi-habits-vida-saludable-vivencies-primera-persona\/#primaryimage\"},\"image\":{\"@id\":\"https:\/\/novaorg.cofb.net\/2018\/10\/29\/actualitzacio-psoriasi-habits-vida-saludable-vivencies-primera-persona\/#primaryimage\"},\"thumbnailUrl\":\"\",\"datePublished\":\"2018-10-29T16:20:30+00:00\",\"dateModified\":\"2018-10-29T16:20:30+00:00\",\"description\":\"El passat 24 d'octubre es va realitzar al Col\u00b7legi de Farmac\u00e8utics de Barcelona el curs \\\"Actualitzaci\u00f3 en Psoriasi\\\", organitzat conjuntament pel COFB i la Societat Catalana de Farm\u00e0cia Cl\u00ednica (SCFC).\",\"breadcrumb\":{\"@id\":\"https:\/\/novaorg.cofb.net\/2018\/10\/29\/actualitzacio-psoriasi-habits-vida-saludable-vivencies-primera-persona\/#breadcrumb\"},\"inLanguage\":\"ca\",\"potentialAction\":[{\"@type\":\"ReadAction\",\"target\":[\"https:\/\/novaorg.cofb.net\/2018\/10\/29\/actualitzacio-psoriasi-habits-vida-saludable-vivencies-primera-persona\/\"]}]},{\"@type\":\"ImageObject\",\"inLanguage\":\"ca\",\"@id\":\"https:\/\/novaorg.cofb.net\/2018\/10\/29\/actualitzacio-psoriasi-habits-vida-saludable-vivencies-primera-persona\/#primaryimage\",\"url\":\"\",\"contentUrl\":\"\"},{\"@type\":\"BreadcrumbList\",\"@id\":\"https:\/\/novaorg.cofb.net\/2018\/10\/29\/actualitzacio-psoriasi-habits-vida-saludable-vivencies-primera-persona\/#breadcrumb\",\"itemListElement\":[{\"@type\":\"ListItem\",\"position\":1,\"name\":\"Inici\",\"item\":\"https:\/\/novaorg.cofb.net\/\"},{\"@type\":\"ListItem\",\"position\":2,\"name\":\"Actualitzaci\u00f3 en Psoriasi: h\u00e0bits de vida saludable i viv\u00e8ncies en primera persona\"}]},{\"@type\":\"WebSite\",\"@id\":\"https:\/\/www.cofb.org\/#website\",\"url\":\"https:\/\/www.cofb.org\/\",\"name\":\"Col\u00b7legi de Farmac\u00e8utics de Barcelona\",\"description\":\"\",\"publisher\":{\"@id\":\"https:\/\/www.cofb.org\/#organization\"},\"potentialAction\":[{\"@type\":\"SearchAction\",\"target\":{\"@type\":\"EntryPoint\",\"urlTemplate\":\"https:\/\/www.cofb.org\/?s={search_term_string}\"},\"query-input\":\"required name=search_term_string\"}],\"inLanguage\":\"ca\"},{\"@type\":\"Organization\",\"@id\":\"https:\/\/www.cofb.org\/#organization\",\"name\":\"Col\u00b7legi de Farmac\u00e8utics de Barcelona\",\"url\":\"https:\/\/www.cofb.org\/\",\"logo\":{\"@type\":\"ImageObject\",\"inLanguage\":\"ca\",\"@id\":\"https:\/\/www.cofb.org\/#\/schema\/logo\/image\/\",\"url\":\"https:\/\/www.cofb.org\/wp-content\/uploads\/2023\/11\/cropped-Logotip-COFB.png\",\"contentUrl\":\"https:\/\/www.cofb.org\/wp-content\/uploads\/2023\/11\/cropped-Logotip-COFB.png\",\"width\":500,\"height\":105,\"caption\":\"Col\u00b7legi de Farmac\u00e8utics de Barcelona\"},\"image\":{\"@id\":\"https:\/\/www.cofb.org\/#\/schema\/logo\/image\/\"},\"sameAs\":[\"https:\/\/www.facebook.com\/farmaceuticsbcn\/\",\"https:\/\/twitter.com\/farmaceuticsbcn\",\"https:\/\/www.instagram.com\/farmaceuticsbcn\/\",\"https:\/\/www.linkedin.com\/company\/farmaceuticsbcn\/\"]},{\"@type\":\"Person\",\"@id\":\"https:\/\/www.cofb.org\/#\/schema\/person\/22ed7eea88da74b0fa4d3154ad87ffcb\",\"name\":\"wpAdminCofbOrg\",\"image\":{\"@type\":\"ImageObject\",\"inLanguage\":\"ca\",\"@id\":\"https:\/\/www.cofb.org\/#\/schema\/person\/image\/\",\"url\":\"https:\/\/secure.gravatar.com\/avatar\/1721b20b3b8ca882c3b56ec6c978c594fff670e40c0718e9190eaeeb76aae7d8?s=96&d=mm&r=g\",\"contentUrl\":\"https:\/\/secure.gravatar.com\/avatar\/1721b20b3b8ca882c3b56ec6c978c594fff670e40c0718e9190eaeeb76aae7d8?s=96&d=mm&r=g\",\"caption\":\"wpAdminCofbOrg\"},\"sameAs\":[\"http:\/\/192.168.64.122\/wordpress\"],\"url\":\"https:\/\/www.cofb.org\/ca\/author\/wpadmincofborg\/\"}]}<\/script>\n<!-- \/ Yoast SEO plugin. -->","yoast_head_json":{"title":"Actualitzaci\u00f3 en Psoriasi: h\u00e0bits de vida saludable i viv\u00e8ncies en primera persona - Col\u00b7legi de Farmac\u00e8utics de Barcelona","description":"El passat 24 d'octubre es va realitzar al Col\u00b7legi de Farmac\u00e8utics de Barcelona el curs \"Actualitzaci\u00f3 en Psoriasi\", organitzat conjuntament pel COFB i la Societat Catalana de Farm\u00e0cia Cl\u00ednica (SCFC).","robots":{"index":"index","follow":"follow","max-snippet":"max-snippet:-1","max-image-preview":"max-image-preview:large","max-video-preview":"max-video-preview:-1"},"canonical":"https:\/\/novaorg.cofb.net\/2018\/10\/29\/actualitzacio-psoriasi-habits-vida-saludable-vivencies-primera-persona\/","og_locale":"ca_ES","og_type":"article","og_title":"Actualitzaci\u00f3 en Psoriasi: h\u00e0bits de vida saludable i viv\u00e8ncies en primera persona - Col\u00b7legi de Farmac\u00e8utics de Barcelona","og_description":"El passat 24 d'octubre es va realitzar al Col\u00b7legi de Farmac\u00e8utics de Barcelona el curs \"Actualitzaci\u00f3 en Psoriasi\", organitzat conjuntament pel COFB i la Societat Catalana de Farm\u00e0cia Cl\u00ednica (SCFC).","og_url":"https:\/\/novaorg.cofb.net\/2018\/10\/29\/actualitzacio-psoriasi-habits-vida-saludable-vivencies-primera-persona\/","og_site_name":"Col\u00b7legi de Farmac\u00e8utics de Barcelona","article_publisher":"https:\/\/www.facebook.com\/farmaceuticsbcn\/","article_published_time":"2018-10-29T16:20:30+00:00","author":"wpAdminCofbOrg","twitter_card":"summary_large_image","twitter_creator":"@farmaceuticsbcn","twitter_site":"@farmaceuticsbcn","twitter_misc":{"Escrit per":"wpAdminCofbOrg","Temps estimat de lectura":"4 minuts"},"schema":{"@context":"https:\/\/schema.org","@graph":[{"@type":"Article","@id":"https:\/\/novaorg.cofb.net\/2018\/10\/29\/actualitzacio-psoriasi-habits-vida-saludable-vivencies-primera-persona\/#article","isPartOf":{"@id":"https:\/\/novaorg.cofb.net\/2018\/10\/29\/actualitzacio-psoriasi-habits-vida-saludable-vivencies-primera-persona\/"},"author":{"name":"wpAdminCofbOrg","@id":"https:\/\/www.cofb.org\/#\/schema\/person\/22ed7eea88da74b0fa4d3154ad87ffcb"},"headline":"Actualitzaci\u00f3 en Psoriasi: h\u00e0bits de vida saludable i viv\u00e8ncies en primera persona","datePublished":"2018-10-29T16:20:30+00:00","dateModified":"2018-10-29T16:20:30+00:00","mainEntityOfPage":{"@id":"https:\/\/novaorg.cofb.net\/2018\/10\/29\/actualitzacio-psoriasi-habits-vida-saludable-vivencies-primera-persona\/"},"wordCount":750,"commentCount":0,"publisher":{"@id":"https:\/\/www.cofb.org\/#organization"},"image":{"@id":"https:\/\/novaorg.cofb.net\/2018\/10\/29\/actualitzacio-psoriasi-habits-vida-saludable-vivencies-primera-persona\/#primaryimage"},"thumbnailUrl":"","keywords":["Acci\u00f3 Psoriasi","Acci\u00f3n Psoriasis","Actualitzaci\u00f3 en Psoriasi","artritis psori\u00e0sica","COFB","Col\u00b7legi de Farmac\u00e8utics de Barcelona","dermat\u00f2legs","dermatologia","estil de vida saludable","farmac\u00e8utics","Formaci\u00f3","psoriasi","Societat Catalana de Farm\u00e0cia Cl\u00ednica","Vocal de Dermofarm\u00e0cia i Productes Sanitaris"],"articleSection":["M\u00f3n col\u00b7legial"],"inLanguage":"ca","potentialAction":[{"@type":"CommentAction","name":"Comment","target":["https:\/\/novaorg.cofb.net\/2018\/10\/29\/actualitzacio-psoriasi-habits-vida-saludable-vivencies-primera-persona\/#respond"]}]},{"@type":"WebPage","@id":"https:\/\/novaorg.cofb.net\/2018\/10\/29\/actualitzacio-psoriasi-habits-vida-saludable-vivencies-primera-persona\/","url":"https:\/\/novaorg.cofb.net\/2018\/10\/29\/actualitzacio-psoriasi-habits-vida-saludable-vivencies-primera-persona\/","name":"Actualitzaci\u00f3 en Psoriasi: h\u00e0bits de vida saludable i viv\u00e8ncies en primera persona - Col\u00b7legi de Farmac\u00e8utics de Barcelona","isPartOf":{"@id":"https:\/\/www.cofb.org\/#website"},"primaryImageOfPage":{"@id":"https:\/\/novaorg.cofb.net\/2018\/10\/29\/actualitzacio-psoriasi-habits-vida-saludable-vivencies-primera-persona\/#primaryimage"},"image":{"@id":"https:\/\/novaorg.cofb.net\/2018\/10\/29\/actualitzacio-psoriasi-habits-vida-saludable-vivencies-primera-persona\/#primaryimage"},"thumbnailUrl":"","datePublished":"2018-10-29T16:20:30+00:00","dateModified":"2018-10-29T16:20:30+00:00","description":"El passat 24 d'octubre es va realitzar al Col\u00b7legi de Farmac\u00e8utics de Barcelona el curs \"Actualitzaci\u00f3 en Psoriasi\", organitzat conjuntament pel COFB i la Societat Catalana de Farm\u00e0cia Cl\u00ednica (SCFC).","breadcrumb":{"@id":"https:\/\/novaorg.cofb.net\/2018\/10\/29\/actualitzacio-psoriasi-habits-vida-saludable-vivencies-primera-persona\/#breadcrumb"},"inLanguage":"ca","potentialAction":[{"@type":"ReadAction","target":["https:\/\/novaorg.cofb.net\/2018\/10\/29\/actualitzacio-psoriasi-habits-vida-saludable-vivencies-primera-persona\/"]}]},{"@type":"ImageObject","inLanguage":"ca","@id":"https:\/\/novaorg.cofb.net\/2018\/10\/29\/actualitzacio-psoriasi-habits-vida-saludable-vivencies-primera-persona\/#primaryimage","url":"","contentUrl":""},{"@type":"BreadcrumbList","@id":"https:\/\/novaorg.cofb.net\/2018\/10\/29\/actualitzacio-psoriasi-habits-vida-saludable-vivencies-primera-persona\/#breadcrumb","itemListElement":[{"@type":"ListItem","position":1,"name":"Inici","item":"https:\/\/novaorg.cofb.net\/"},{"@type":"ListItem","position":2,"name":"Actualitzaci\u00f3 en Psoriasi: h\u00e0bits de vida saludable i viv\u00e8ncies en primera persona"}]},{"@type":"WebSite","@id":"https:\/\/www.cofb.org\/#website","url":"https:\/\/www.cofb.org\/","name":"Col\u00b7legi de Farmac\u00e8utics de Barcelona","description":"","publisher":{"@id":"https:\/\/www.cofb.org\/#organization"},"potentialAction":[{"@type":"SearchAction","target":{"@type":"EntryPoint","urlTemplate":"https:\/\/www.cofb.org\/?s={search_term_string}"},"query-input":"required name=search_term_string"}],"inLanguage":"ca"},{"@type":"Organization","@id":"https:\/\/www.cofb.org\/#organization","name":"Col\u00b7legi de Farmac\u00e8utics de Barcelona","url":"https:\/\/www.cofb.org\/","logo":{"@type":"ImageObject","inLanguage":"ca","@id":"https:\/\/www.cofb.org\/#\/schema\/logo\/image\/","url":"https:\/\/www.cofb.org\/wp-content\/uploads\/2023\/11\/cropped-Logotip-COFB.png","contentUrl":"https:\/\/www.cofb.org\/wp-content\/uploads\/2023\/11\/cropped-Logotip-COFB.png","width":500,"height":105,"caption":"Col\u00b7legi de Farmac\u00e8utics de Barcelona"},"image":{"@id":"https:\/\/www.cofb.org\/#\/schema\/logo\/image\/"},"sameAs":["https:\/\/www.facebook.com\/farmaceuticsbcn\/","https:\/\/twitter.com\/farmaceuticsbcn","https:\/\/www.instagram.com\/farmaceuticsbcn\/","https:\/\/www.linkedin.com\/company\/farmaceuticsbcn\/"]},{"@type":"Person","@id":"https:\/\/www.cofb.org\/#\/schema\/person\/22ed7eea88da74b0fa4d3154ad87ffcb","name":"wpAdminCofbOrg","image":{"@type":"ImageObject","inLanguage":"ca","@id":"https:\/\/www.cofb.org\/#\/schema\/person\/image\/","url":"https:\/\/secure.gravatar.com\/avatar\/1721b20b3b8ca882c3b56ec6c978c594fff670e40c0718e9190eaeeb76aae7d8?s=96&d=mm&r=g","contentUrl":"https:\/\/secure.gravatar.com\/avatar\/1721b20b3b8ca882c3b56ec6c978c594fff670e40c0718e9190eaeeb76aae7d8?s=96&d=mm&r=g","caption":"wpAdminCofbOrg"},"sameAs":["http:\/\/192.168.64.122\/wordpress"],"url":"https:\/\/www.cofb.org\/ca\/author\/wpadmincofborg\/"}]}},"uagb_featured_image_src":{"full":false,"thumbnail":false,"medium":false,"medium_large":false,"large":false,"1536x1536":false,"2048x2048":false,"trp-custom-language-flag":false},"uagb_author_info":{"display_name":"wpAdminCofbOrg","author_link":"https:\/\/www.cofb.org\/ca\/author\/wpadmincofborg\/"},"uagb_comment_info":0,"uagb_excerpt":"El passat 24 d&#8217;octubre es va realitzar al Col\u00b7legi de Farmac\u00e8utics de Barcelona el curs &#8220;Actualitzaci\u00f3 en Psoriasi&#8221;, organitzat conjuntament pel COFB i la Societat Catalana de Farm\u00e0cia Cl\u00ednica (SCFC). Al llarg de la formaci\u00f3, es van repassar les noves estrat\u00e8gies de tractament de la psoriasi i l&#8217;artritis psori\u00e0sica, aix\u00ed [&hellip;]","_links":{"self":[{"href":"https:\/\/www.cofb.org\/ca\/wp-json\/wp\/v2\/posts\/41835","targetHints":{"allow":["GET"]}}],"collection":[{"href":"https:\/\/www.cofb.org\/ca\/wp-json\/wp\/v2\/posts"}],"about":[{"href":"https:\/\/www.cofb.org\/ca\/wp-json\/wp\/v2\/types\/post"}],"author":[{"embeddable":true,"href":"https:\/\/www.cofb.org\/ca\/wp-json\/wp\/v2\/users\/1"}],"replies":[{"embeddable":true,"href":"https:\/\/www.cofb.org\/ca\/wp-json\/wp\/v2\/comments?post=41835"}],"version-history":[{"count":0,"href":"https:\/\/www.cofb.org\/ca\/wp-json\/wp\/v2\/posts\/41835\/revisions"}],"wp:featuredmedia":[{"embeddable":true,"href":"https:\/\/www.cofb.org\/ca\/wp-json\/"}],"wp:attachment":[{"href":"https:\/\/www.cofb.org\/ca\/wp-json\/wp\/v2\/media?parent=41835"}],"wp:term":[{"taxonomy":"category","embeddable":true,"href":"https:\/\/www.cofb.org\/ca\/wp-json\/wp\/v2\/categories?post=41835"},{"taxonomy":"post_tag","embeddable":true,"href":"https:\/\/www.cofb.org\/ca\/wp-json\/wp\/v2\/tags?post=41835"}],"curies":[{"name":"wp","href":"https:\/\/api.w.org\/{rel}","templated":true}]}}