{"id":41794,"date":"2018-10-30T15:14:25","date_gmt":"2018-10-30T13:14:25","guid":{"rendered":"https:\/\/blog.cofb.cat\/?p=41794"},"modified":"2018-10-30T15:14:25","modified_gmt":"2018-10-30T13:14:25","slug":"lus-micoterapia-processos-oncologics","status":"publish","type":"post","link":"https:\/\/www.cofb.org\/ca\/2018\/10\/30\/lus-micoterapia-processos-oncologics\/","title":{"rendered":"L&#8217;\u00fas de la micoter\u00e0pia en els processos oncol\u00f2gics"},"content":{"rendered":"<p>Aprofundir en els <strong>ingredients actius dels fongs<\/strong> i el seu <strong>mecanisme d&#8217;acci\u00f3<\/strong> i con\u00e8ixer <strong>l&#8217;experi\u00e8ncia <\/strong>i <strong>les controv\u00e8rsies<\/strong> en la pr\u00e0ctica cl\u00ednica. Aquest va ser l&#8217;<strong>objectiu<\/strong> de la <strong>confer\u00e8ncia <\/strong>&#8220;L&#8217;\u00fas de la micoter\u00e0pia en els processos oncol\u00f2gics&#8221; -moderada pel <strong>vocal de Plantes Medicinals i Homeopatia del COFB<\/strong>, Josep Allu\u00e9- que va tenir lloc el passat 24 d&#8217;octubre al Col\u00b7legi. Les ponents van ser la<strong> Dra. Stefania Cazzavillan,<\/strong> bi\u00f2loga molecular, genetista i natur\u00f2pata especialitzada en micoter\u00e0pia i la <strong>Dra. Nat\u00e0lia Eres<\/strong>, onc\u00f2loga experta en oncologia integrativa, fundadora i directora d&#8217;Imohe (Institut de salut, medicina i oncologia hol\u00edstica).<\/p>\n<figure id=\"attachment_41887\" aria-describedby=\"caption-attachment-41887\" style=\"width: 620px\" class=\"wp-caption aligncenter\"><a href=\"https:\/\/blog.cofb.cat\/wp-content\/uploads\/2018\/10\/cofb.Micoter\u00e0pia181024-49.jpg\"><img fetchpriority=\"high\" decoding=\"async\" class=\"wp-image-41887 size-large\" title=\"Stefania Cazzavillan, bi\u00f2loga molecular, genetista i natur\u00f2pata especialitzada en micoter\u00e0pia; Josep Allu\u00e9, vocal de Plantes Medicinals i Homeopatia del COFB, i Nat\u00e0lia Eres, onc\u00f2loga experta en oncologia integrativa, fundadora i directora d'Imohe. \" src=\"https:\/\/blog.cofb.cat\/wp-content\/uploads\/2018\/10\/cofb.Micoter\u00e0pia181024-49-1024x683.jpg\" alt=\"Stefania Cazzavillan, bi\u00f2loga molecular, genetista i natur\u00f2pata especialitzada en micoter\u00e0pia; Josep Allu\u00e9, vocal de Plantes Medicinals i Homeopatia del COFB, i Nat\u00e0lia Eres, onc\u00f2loga experta en oncologia integrativa, fundadora i directora d'Imohe. \" width=\"620\" height=\"414\" \/><\/a><figcaption id=\"caption-attachment-41887\" class=\"wp-caption-text\">Stefania Cazzavillan, bi\u00f2loga molecular, genetista i natur\u00f2pata especialitzada en micoter\u00e0pia; Josep Allu\u00e9, vocal de Plantes Medicinals i Homeopatia del COFB, i Nat\u00e0lia Eres, onc\u00f2loga experta en oncologia integrativa, fundadora i directora d&#8217;Imohe.<\/figcaption><\/figure>\n<h1><span style=\"color: #008080;\"><strong>Micoter\u00e0pia en els processos oncol\u00f2gics<\/strong><\/span><\/h1>\n<p>A la primera part de la <strong>confer\u00e8ncia<\/strong>, es van tractar temes com els <strong>fongs medicinals<\/strong> com a suport de l&#8217;organisme, les <strong>caracter\u00edstiques del c\u00e0ncer<\/strong> i els mecanismes que afavoreixen la seva progressi\u00f3, la <strong>micoter\u00e0pia<\/strong> i el microambient tumoral, l&#8217;ajuda al microbioma i l&#8217;acci\u00f3 potenciadora de les ter\u00e0pies convencionals i de protecci\u00f3 de l&#8217;organisme. La doctora va descriure la complexa composici\u00f3 dels bolets, en qu\u00e8 destaca la pres\u00e8ncia de diferents betaglucans, alguns d\u2019ells solubles i altres d\u2019insolubles. Tamb\u00e9 va mostrar la relaci\u00f3 amb la microbiota intestinal, d&#8217;una banda, com a prebi\u00f2tic i, de l\u2019altra, l\u2019acci\u00f3 dels seus principis actius, fet que sost\u00e9 els estudis cl\u00ednics que mostren una acci\u00f3 d&#8217;immunoestimulaci\u00f3 per part dels fongs.<\/p>\n<p>A m\u00e9s, Cazzavillan va exposar que una <strong>\u00f2ptima aplicaci\u00f3 de la micoter\u00e0pia en oncologia<\/strong> ha de tenir en compte, entre altres factors: <strong>el tipus i la fase de la malaltia<\/strong>, la <strong>condici\u00f3 cl\u00ednica<\/strong> de la persona, la <strong>ter\u00e0pia utilitzada<\/strong>, la <strong>toxicitat associada a la ter\u00e0pia<\/strong> i els <strong>estudis cient\u00edfics<\/strong> de refer\u00e8ncia. A m\u00e9s, cal que vagi acompanyada d&#8217;una <strong>alimentaci\u00f3 adequada<\/strong> i que no interfereixi negativament en les <strong>ter\u00e0pies convencionals<\/strong> en curs.<\/p>\n<figure id=\"attachment_41888\" aria-describedby=\"caption-attachment-41888\" style=\"width: 620px\" class=\"wp-caption aligncenter\"><a href=\"https:\/\/blog.cofb.cat\/wp-content\/uploads\/2018\/10\/cofb.Micoter\u00e0pia181024-61.jpg\"><img decoding=\"async\" class=\"wp-image-41888 size-large\" title=\"Stefania Cazzavillan durant la seva intervenci\u00f3. \" src=\"https:\/\/blog.cofb.cat\/wp-content\/uploads\/2018\/10\/cofb.Micoter\u00e0pia181024-61-1024x683.jpg\" alt=\"Stefania Cazzavillan durant la seva intervenci\u00f3. \" width=\"620\" height=\"414\" \/><\/a><figcaption id=\"caption-attachment-41888\" class=\"wp-caption-text\">Stefania Cazzavillan durant la seva intervenci\u00f3.<\/figcaption><\/figure>\n<p>La doctora va concloure que <strong>els fongs medicinals<\/strong> <strong>en el context oncol\u00f2gic<\/strong> <strong>controlen la inflamaci\u00f3 <\/strong>i<strong> redueixen el risc de desenvolupar patologies oncol\u00f2giques<\/strong>, contrasten <strong>l&#8217;efecte immunosupressor<\/strong> indu\u00eft pel microambient tumoral i <strong>potencien l&#8217;efecte de les ter\u00e0pies convencionals<\/strong> i de la immunoter\u00e0pia. A m\u00e9s, <strong>donen suport a la microbiota<\/strong> perqu\u00e8 <strong>milloren la resposta immunit\u00e0ria local i sist\u00e8mica<\/strong>, aix\u00ed com <strong>l&#8217;acci\u00f3 de la quimioter\u00e0pia<\/strong>. Tamb\u00e9 recolzen i potencien les ter\u00e0pies convencionals en reduir els <strong>efectes col\u00b7laterals<\/strong> i <strong>ralentitzen la progressi\u00f3<\/strong>, la <strong>invasivitat<\/strong> i la <strong>metastatitzaci\u00f3<\/strong>.<\/p>\n<div class=\"box note\"><\/p>\n<h2><strong><span style=\"color: #008080;\">Possibilitats de la micoter\u00e0pia<\/span><\/strong><\/h2>\n<p>La <strong>micoter\u00e0pia<\/strong> es basa en l&#8217;<strong>\u00fas de bolets<\/strong> en benefici de la salut. La <strong>bibliografia cient\u00edfica<\/strong> publicada en els darrers anys ha contribu\u00eft a ampliar les <strong>possibilitats de l&#8217;\u00fas d&#8217;aquest recurs natural<\/strong>, gr\u00e0cies a la constataci\u00f3, entre altres, de subst\u00e0ncies antivirals, antioxidants, antibacterianes o antidiab\u00e8tiques en la seva composici\u00f3. Aquesta nova eina de la medicina busca <strong>treure el m\u00e0xim profit<\/strong> a les subst\u00e0ncies terap\u00e8utiques que contenen esp\u00e8cies com el Reishi, Maitake, Polyporus i Shitake, entre d&#8217;altres. <\/div>\n<h1><span style=\"color: #008080;\"><strong>Experi\u00e8ncies i controv\u00e8rsies en la pr\u00e0ctica cl\u00ednica de la micoter\u00e0pia<\/strong><\/span><\/h1>\n<figure id=\"attachment_41889\" aria-describedby=\"caption-attachment-41889\" style=\"width: 620px\" class=\"wp-caption aligncenter\"><a href=\"https:\/\/blog.cofb.cat\/wp-content\/uploads\/2018\/10\/cofb.Micoter\u00e0pia181024-65.jpg\"><img decoding=\"async\" class=\"wp-image-41889 size-large\" title=\"La Dra. Nat\u00e0lia Eres, en un moment de la sessi\u00f3. \" src=\"https:\/\/blog.cofb.cat\/wp-content\/uploads\/2018\/10\/cofb.Micoter\u00e0pia181024-65-1024x683.jpg\" alt=\"La Dra. Nat\u00e0lia Eres, en un moment de la sessi\u00f3. \" width=\"620\" height=\"414\" \/><\/a><figcaption id=\"caption-attachment-41889\" class=\"wp-caption-text\">La Dra. Nat\u00e0lia Eres, en un moment de la sessi\u00f3.<\/figcaption><\/figure>\n<p>A la segona part de la sessi\u00f3, la Dr. Nat\u00e0lia Eres va exposar algunes <strong>experi\u00e8ncies<\/strong> i <strong>controv\u00e8rsies<\/strong> en la pr\u00e0ctica cl\u00ednica de la micoter\u00e0pia en l&#8217;oncologia. Eres va apuntar que <strong>la micoter\u00e0pia no \u00e9s una ci\u00e8ncia exacta,<\/strong> ja que, entre d&#8217;altres, es veu condicionada per m\u00faltiples <strong>principis actius i accions<\/strong> i per l&#8217;<strong>heterogene\u00eftat en les investigacions<\/strong> i els <strong>f\u00e0rmacs concomitants<\/strong>. Aix\u00ed mateix, tamb\u00e9 va diferenciar els <strong>compostos comuns a tots els fongs immunoactius<\/strong> (betaglucans, altres polisac\u00e0rids, heteroglucans o prote\u00efnes) dels <strong>compostos espec\u00edfics<\/strong> de cada esp\u00e8cie (compostos arom\u00e0tics i diterpens, compostos fen\u00f2lics, estatines, lectines).<\/p>\n<p>Algunes de les controv\u00e8rsies destacades de l&#8217;<strong>aplicaci\u00f3 de la micoter\u00e0pia<\/strong> s\u00f3n que malgrat que s&#8217;intenta trobar un <strong>n\u00ednxol de mercat espec\u00edfic<\/strong> d&#8217;indicaci\u00f3 marcat pels estudis publicats, moltes de les propietats s\u00f3n similars. D&#8217;altra banda, Eres tamb\u00e9 va referir-se a la <strong>reproducci\u00f3 de resultats<\/strong>, les <strong>diferents presentacions dels productes<\/strong> i els <strong>efectes secundaris de la micoter\u00e0pia<\/strong> (per exemple, n\u00e0usees lleus o canvis en l&#8217;h\u00e0bit de deposicions de manera transit\u00f2ria en dosis altes) que provenen de l&#8217;<strong>experi\u00e8ncia pr\u00e0ctica<\/strong> i els <strong>assajos cl\u00ednics<\/strong>.<\/p>\n<p>En definitiva, en paraules del vocal d&#8217;Homeopatia i Plantes Medicinals del COFB, Eres va explicar &#8220;les <strong>bases i els criteris per l\u2019aplicaci\u00f3 de la medicina integrativa<\/strong> i, en particular, de la micoter\u00e0pia, que <strong>no s\u2019usa com a eina \u00fanica sin\u00f3 junt amb altres ter\u00e0pies, medicaments inclosos<\/strong>. Pel que fa als estudis realitzats, la doctora va remarcar que aquests no mostren interaccions amb medicaments ni efectes secundaris d\u2019import\u00e0ncia&#8221;.<\/p>\n<h1><span style=\"color: #008080;\"><strong>Valoraci\u00f3 global de la confer\u00e8ncia<\/strong><\/span><\/h1>\n<p>Com a valoraci\u00f3 global, el vocal de Plantes Medicinals i Homeopatia del COFB considera que <strong>la confer\u00e8ncia<\/strong> va ser <strong>&#8220;molt interessant&#8221;<\/strong>, destacant &#8220;l\u2019apartat de les <strong>controv\u00e8rsies de la micoter\u00e0pia<\/strong>, en qu\u00e8 es va recordar la import\u00e0ncia de la <strong>qualitat<\/strong>, el <strong>tipus de preparaci\u00f3<\/strong>, la <strong>dosi<\/strong>, el <strong>tipus de pacients<\/strong> i el <strong>coneixement de la seva seguretat<\/strong> (<strong>interaccions<\/strong> i <strong>efectes adversos<\/strong>)&#8221;.<\/p>\n<p style=\"text-align: right;\"><strong>Amb el patrocini de:<\/strong><\/p>\n<p style=\"text-align: right;\"><a href=\"http:\/\/www.avdreform.it\/es\/default.aspx\" target=\"_blank\" rel=\"noopener\"><img loading=\"lazy\" decoding=\"async\" class=\"wp-image-41831 alignright\" src=\"https:\/\/blog.cofb.cat\/wp-content\/uploads\/2018\/10\/AVD-Reform.jpg\" alt=\"\" width=\"114\" height=\"70\" \/><\/a><\/p>\n<p>&nbsp;<\/p>\n<p>&nbsp;<\/p>\n<p><strong>Altres publicacions d&#8217;inter\u00e8s:<\/strong><\/p>\n<ul>\n<li><a href=\"https:\/\/blog.cofb.cat\/formacions-cofb-consells-dhepatoproteccio\/\" target=\"_blank\" rel=\"noopener\">Formacions COFB. Micoter\u00e0pia: investigaci\u00f3 i aplicacions pr\u00e0ctiques (Juny 2017)<\/a><\/li>\n<\/ul>\n","protected":false},"excerpt":{"rendered":"<p>Aprofundir en els ingredients actius dels fongs i el seu mecanisme d&#8217;acci\u00f3 i con\u00e8ixer l&#8217;experi\u00e8ncia i les controv\u00e8rsies en la pr\u00e0ctica cl\u00ednica. Aquest va ser l&#8217;objectiu de la confer\u00e8ncia &#8220;L&#8217;\u00fas de la micoter\u00e0pia en els processos oncol\u00f2gics&#8221; -moderada pel vocal de Plantes Medicinals i Homeopatia del COFB, Josep Allu\u00e9- que [&hellip;]<\/p>\n","protected":false},"author":1,"featured_media":41888,"comment_status":"open","ping_status":"open","sticky":false,"template":"","format":"standard","meta":{"_uag_custom_page_level_css":"","site-sidebar-layout":"default","site-content-layout":"","ast-site-content-layout":"default","site-content-style":"default","site-sidebar-style":"default","ast-global-header-display":"","ast-banner-title-visibility":"","ast-main-header-display":"","ast-hfb-above-header-display":"","ast-hfb-below-header-display":"","ast-hfb-mobile-header-display":"","site-post-title":"","ast-breadcrumbs-content":"","ast-featured-img":"disabled","footer-sml-layout":"","theme-transparent-header-meta":"","adv-header-id-meta":"","stick-header-meta":"","header-above-stick-meta":"","header-main-stick-meta":"","header-below-stick-meta":"","astra-migrate-meta-layouts":"default","ast-page-background-enabled":"default","ast-page-background-meta":{"desktop":{"background-color":"var(--ast-global-color-4)","background-image":"","background-repeat":"repeat","background-position":"center center","background-size":"auto","background-attachment":"scroll","background-type":"","background-media":"","overlay-type":"","overlay-color":"","overlay-opacity":"","overlay-gradient":""},"tablet":{"background-color":"","background-image":"","background-repeat":"repeat","background-position":"center center","background-size":"auto","background-attachment":"scroll","background-type":"","background-media":"","overlay-type":"","overlay-color":"","overlay-opacity":"","overlay-gradient":""},"mobile":{"background-color":"","background-image":"","background-repeat":"repeat","background-position":"center center","background-size":"auto","background-attachment":"scroll","background-type":"","background-media":"","overlay-type":"","overlay-color":"","overlay-opacity":"","overlay-gradient":""}},"ast-content-background-meta":{"desktop":{"background-color":"var(--ast-global-color-5)","background-image":"","background-repeat":"repeat","background-position":"center center","background-size":"auto","background-attachment":"scroll","background-type":"","background-media":"","overlay-type":"","overlay-color":"","overlay-opacity":"","overlay-gradient":""},"tablet":{"background-color":"var(--ast-global-color-5)","background-image":"","background-repeat":"repeat","background-position":"center center","background-size":"auto","background-attachment":"scroll","background-type":"","background-media":"","overlay-type":"","overlay-color":"","overlay-opacity":"","overlay-gradient":""},"mobile":{"background-color":"var(--ast-global-color-5)","background-image":"","background-repeat":"repeat","background-position":"center center","background-size":"auto","background-attachment":"scroll","background-type":"","background-media":"","overlay-type":"","overlay-color":"","overlay-opacity":"","overlay-gradient":""}},"footnotes":""},"categories":[57],"tags":[3308,723,945,946,947,724,983,94,3309,948],"class_list":["post-41794","post","type-post","status-publish","format-standard","has-post-thumbnail","hentry","category-mon-collegial","tag-bolets","tag-cancer","tag-fongs","tag-fongs-medicinals","tag-micoterapia","tag-oncologia","tag-pacient-oncologic","tag-plantes-medicinals","tag-practica-clinica","tag-vocalia-de-plantes-medicinals-i-homeopatia"],"yoast_head":"<!-- This site is optimized with the Yoast SEO plugin v22.4 - https:\/\/yoast.com\/wordpress\/plugins\/seo\/ -->\n<title>L&#039;\u00fas de la micoter\u00e0pia en els processos oncol\u00f2gics - Col\u00b7legi de Farmac\u00e8utics de Barcelona<\/title>\n<meta name=\"robots\" content=\"index, follow, max-snippet:-1, max-image-preview:large, max-video-preview:-1\" \/>\n<link rel=\"canonical\" href=\"https:\/\/novaorg.cofb.net\/2018\/10\/30\/lus-micoterapia-processos-oncologics\/\" \/>\n<meta property=\"og:locale\" content=\"ca_ES\" \/>\n<meta property=\"og:type\" content=\"article\" \/>\n<meta property=\"og:title\" content=\"L&#039;\u00fas de la micoter\u00e0pia en els processos oncol\u00f2gics - Col\u00b7legi de Farmac\u00e8utics de Barcelona\" \/>\n<meta property=\"og:description\" content=\"Aprofundir en els ingredients actius dels fongs i el seu mecanisme d&#8217;acci\u00f3 i con\u00e8ixer l&#8217;experi\u00e8ncia i les controv\u00e8rsies en la pr\u00e0ctica cl\u00ednica. Aquest va ser l&#8217;objectiu de la confer\u00e8ncia &#8220;L&#8217;\u00fas de la micoter\u00e0pia en els processos oncol\u00f2gics&#8221; -moderada pel vocal de Plantes Medicinals i Homeopatia del COFB, Josep Allu\u00e9- que [&hellip;]\" \/>\n<meta property=\"og:url\" content=\"https:\/\/novaorg.cofb.net\/2018\/10\/30\/lus-micoterapia-processos-oncologics\/\" \/>\n<meta property=\"og:site_name\" content=\"Col\u00b7legi de Farmac\u00e8utics de Barcelona\" \/>\n<meta property=\"article:publisher\" content=\"https:\/\/www.facebook.com\/farmaceuticsbcn\/\" \/>\n<meta property=\"article:published_time\" content=\"2018-10-30T13:14:25+00:00\" \/>\n<meta name=\"author\" content=\"wpAdminCofbOrg\" \/>\n<meta name=\"twitter:card\" content=\"summary_large_image\" \/>\n<meta name=\"twitter:creator\" content=\"@farmaceuticsbcn\" \/>\n<meta name=\"twitter:site\" content=\"@farmaceuticsbcn\" \/>\n<meta name=\"twitter:label1\" content=\"Escrit per\" \/>\n\t<meta name=\"twitter:data1\" content=\"wpAdminCofbOrg\" \/>\n\t<meta name=\"twitter:label2\" content=\"Temps estimat de lectura\" \/>\n\t<meta name=\"twitter:data2\" content=\"5 minuts\" \/>\n<script type=\"application\/ld+json\" class=\"yoast-schema-graph\">{\"@context\":\"https:\/\/schema.org\",\"@graph\":[{\"@type\":\"Article\",\"@id\":\"https:\/\/novaorg.cofb.net\/2018\/10\/30\/lus-micoterapia-processos-oncologics\/#article\",\"isPartOf\":{\"@id\":\"https:\/\/novaorg.cofb.net\/2018\/10\/30\/lus-micoterapia-processos-oncologics\/\"},\"author\":{\"name\":\"wpAdminCofbOrg\",\"@id\":\"https:\/\/www.cofb.org\/#\/schema\/person\/22ed7eea88da74b0fa4d3154ad87ffcb\"},\"headline\":\"L&#8217;\u00fas de la micoter\u00e0pia en els processos oncol\u00f2gics\",\"datePublished\":\"2018-10-30T13:14:25+00:00\",\"dateModified\":\"2018-10-30T13:14:25+00:00\",\"mainEntityOfPage\":{\"@id\":\"https:\/\/novaorg.cofb.net\/2018\/10\/30\/lus-micoterapia-processos-oncologics\/\"},\"wordCount\":1012,\"commentCount\":0,\"publisher\":{\"@id\":\"https:\/\/www.cofb.org\/#organization\"},\"image\":{\"@id\":\"https:\/\/novaorg.cofb.net\/2018\/10\/30\/lus-micoterapia-processos-oncologics\/#primaryimage\"},\"thumbnailUrl\":\"\",\"keywords\":[\"bolets\",\"c\u00e0ncer\",\"fongs\",\"fongs medicinals\",\"micoter\u00e0pia\",\"oncologia\",\"pacient oncol\u00f2gic\",\"Plantes Medicinals\",\"pr\u00e0ctica cl\u00ednica\",\"Vocalia de Plantes Medicinals i Homeopatia\"],\"articleSection\":[\"M\u00f3n col\u00b7legial\"],\"inLanguage\":\"ca\",\"potentialAction\":[{\"@type\":\"CommentAction\",\"name\":\"Comment\",\"target\":[\"https:\/\/novaorg.cofb.net\/2018\/10\/30\/lus-micoterapia-processos-oncologics\/#respond\"]}]},{\"@type\":\"WebPage\",\"@id\":\"https:\/\/novaorg.cofb.net\/2018\/10\/30\/lus-micoterapia-processos-oncologics\/\",\"url\":\"https:\/\/novaorg.cofb.net\/2018\/10\/30\/lus-micoterapia-processos-oncologics\/\",\"name\":\"L'\u00fas de la micoter\u00e0pia en els processos oncol\u00f2gics - Col\u00b7legi de Farmac\u00e8utics de Barcelona\",\"isPartOf\":{\"@id\":\"https:\/\/www.cofb.org\/#website\"},\"primaryImageOfPage\":{\"@id\":\"https:\/\/novaorg.cofb.net\/2018\/10\/30\/lus-micoterapia-processos-oncologics\/#primaryimage\"},\"image\":{\"@id\":\"https:\/\/novaorg.cofb.net\/2018\/10\/30\/lus-micoterapia-processos-oncologics\/#primaryimage\"},\"thumbnailUrl\":\"\",\"datePublished\":\"2018-10-30T13:14:25+00:00\",\"dateModified\":\"2018-10-30T13:14:25+00:00\",\"breadcrumb\":{\"@id\":\"https:\/\/novaorg.cofb.net\/2018\/10\/30\/lus-micoterapia-processos-oncologics\/#breadcrumb\"},\"inLanguage\":\"ca\",\"potentialAction\":[{\"@type\":\"ReadAction\",\"target\":[\"https:\/\/novaorg.cofb.net\/2018\/10\/30\/lus-micoterapia-processos-oncologics\/\"]}]},{\"@type\":\"ImageObject\",\"inLanguage\":\"ca\",\"@id\":\"https:\/\/novaorg.cofb.net\/2018\/10\/30\/lus-micoterapia-processos-oncologics\/#primaryimage\",\"url\":\"\",\"contentUrl\":\"\"},{\"@type\":\"BreadcrumbList\",\"@id\":\"https:\/\/novaorg.cofb.net\/2018\/10\/30\/lus-micoterapia-processos-oncologics\/#breadcrumb\",\"itemListElement\":[{\"@type\":\"ListItem\",\"position\":1,\"name\":\"Inici\",\"item\":\"https:\/\/novaorg.cofb.net\/\"},{\"@type\":\"ListItem\",\"position\":2,\"name\":\"L&#8217;\u00fas de la micoter\u00e0pia en els processos oncol\u00f2gics\"}]},{\"@type\":\"WebSite\",\"@id\":\"https:\/\/www.cofb.org\/#website\",\"url\":\"https:\/\/www.cofb.org\/\",\"name\":\"Col\u00b7legi de Farmac\u00e8utics de Barcelona\",\"description\":\"\",\"publisher\":{\"@id\":\"https:\/\/www.cofb.org\/#organization\"},\"potentialAction\":[{\"@type\":\"SearchAction\",\"target\":{\"@type\":\"EntryPoint\",\"urlTemplate\":\"https:\/\/www.cofb.org\/?s={search_term_string}\"},\"query-input\":\"required name=search_term_string\"}],\"inLanguage\":\"ca\"},{\"@type\":\"Organization\",\"@id\":\"https:\/\/www.cofb.org\/#organization\",\"name\":\"Col\u00b7legi de Farmac\u00e8utics de Barcelona\",\"url\":\"https:\/\/www.cofb.org\/\",\"logo\":{\"@type\":\"ImageObject\",\"inLanguage\":\"ca\",\"@id\":\"https:\/\/www.cofb.org\/#\/schema\/logo\/image\/\",\"url\":\"https:\/\/www.cofb.org\/wp-content\/uploads\/2023\/11\/cropped-Logotip-COFB.png\",\"contentUrl\":\"https:\/\/www.cofb.org\/wp-content\/uploads\/2023\/11\/cropped-Logotip-COFB.png\",\"width\":500,\"height\":105,\"caption\":\"Col\u00b7legi de Farmac\u00e8utics de Barcelona\"},\"image\":{\"@id\":\"https:\/\/www.cofb.org\/#\/schema\/logo\/image\/\"},\"sameAs\":[\"https:\/\/www.facebook.com\/farmaceuticsbcn\/\",\"https:\/\/twitter.com\/farmaceuticsbcn\",\"https:\/\/www.instagram.com\/farmaceuticsbcn\/\",\"https:\/\/www.linkedin.com\/company\/farmaceuticsbcn\/\"]},{\"@type\":\"Person\",\"@id\":\"https:\/\/www.cofb.org\/#\/schema\/person\/22ed7eea88da74b0fa4d3154ad87ffcb\",\"name\":\"wpAdminCofbOrg\",\"image\":{\"@type\":\"ImageObject\",\"inLanguage\":\"ca\",\"@id\":\"https:\/\/www.cofb.org\/#\/schema\/person\/image\/\",\"url\":\"https:\/\/secure.gravatar.com\/avatar\/1721b20b3b8ca882c3b56ec6c978c594fff670e40c0718e9190eaeeb76aae7d8?s=96&d=mm&r=g\",\"contentUrl\":\"https:\/\/secure.gravatar.com\/avatar\/1721b20b3b8ca882c3b56ec6c978c594fff670e40c0718e9190eaeeb76aae7d8?s=96&d=mm&r=g\",\"caption\":\"wpAdminCofbOrg\"},\"sameAs\":[\"http:\/\/192.168.64.122\/wordpress\"],\"url\":\"https:\/\/www.cofb.org\/ca\/author\/wpadmincofborg\/\"}]}<\/script>\n<!-- \/ Yoast SEO plugin. -->","yoast_head_json":{"title":"L'\u00fas de la micoter\u00e0pia en els processos oncol\u00f2gics - Col\u00b7legi de Farmac\u00e8utics de Barcelona","robots":{"index":"index","follow":"follow","max-snippet":"max-snippet:-1","max-image-preview":"max-image-preview:large","max-video-preview":"max-video-preview:-1"},"canonical":"https:\/\/novaorg.cofb.net\/2018\/10\/30\/lus-micoterapia-processos-oncologics\/","og_locale":"ca_ES","og_type":"article","og_title":"L'\u00fas de la micoter\u00e0pia en els processos oncol\u00f2gics - Col\u00b7legi de Farmac\u00e8utics de Barcelona","og_description":"Aprofundir en els ingredients actius dels fongs i el seu mecanisme d&#8217;acci\u00f3 i con\u00e8ixer l&#8217;experi\u00e8ncia i les controv\u00e8rsies en la pr\u00e0ctica cl\u00ednica. Aquest va ser l&#8217;objectiu de la confer\u00e8ncia &#8220;L&#8217;\u00fas de la micoter\u00e0pia en els processos oncol\u00f2gics&#8221; -moderada pel vocal de Plantes Medicinals i Homeopatia del COFB, Josep Allu\u00e9- que [&hellip;]","og_url":"https:\/\/novaorg.cofb.net\/2018\/10\/30\/lus-micoterapia-processos-oncologics\/","og_site_name":"Col\u00b7legi de Farmac\u00e8utics de Barcelona","article_publisher":"https:\/\/www.facebook.com\/farmaceuticsbcn\/","article_published_time":"2018-10-30T13:14:25+00:00","author":"wpAdminCofbOrg","twitter_card":"summary_large_image","twitter_creator":"@farmaceuticsbcn","twitter_site":"@farmaceuticsbcn","twitter_misc":{"Escrit per":"wpAdminCofbOrg","Temps estimat de lectura":"5 minuts"},"schema":{"@context":"https:\/\/schema.org","@graph":[{"@type":"Article","@id":"https:\/\/novaorg.cofb.net\/2018\/10\/30\/lus-micoterapia-processos-oncologics\/#article","isPartOf":{"@id":"https:\/\/novaorg.cofb.net\/2018\/10\/30\/lus-micoterapia-processos-oncologics\/"},"author":{"name":"wpAdminCofbOrg","@id":"https:\/\/www.cofb.org\/#\/schema\/person\/22ed7eea88da74b0fa4d3154ad87ffcb"},"headline":"L&#8217;\u00fas de la micoter\u00e0pia en els processos oncol\u00f2gics","datePublished":"2018-10-30T13:14:25+00:00","dateModified":"2018-10-30T13:14:25+00:00","mainEntityOfPage":{"@id":"https:\/\/novaorg.cofb.net\/2018\/10\/30\/lus-micoterapia-processos-oncologics\/"},"wordCount":1012,"commentCount":0,"publisher":{"@id":"https:\/\/www.cofb.org\/#organization"},"image":{"@id":"https:\/\/novaorg.cofb.net\/2018\/10\/30\/lus-micoterapia-processos-oncologics\/#primaryimage"},"thumbnailUrl":"","keywords":["bolets","c\u00e0ncer","fongs","fongs medicinals","micoter\u00e0pia","oncologia","pacient oncol\u00f2gic","Plantes Medicinals","pr\u00e0ctica cl\u00ednica","Vocalia de Plantes Medicinals i Homeopatia"],"articleSection":["M\u00f3n col\u00b7legial"],"inLanguage":"ca","potentialAction":[{"@type":"CommentAction","name":"Comment","target":["https:\/\/novaorg.cofb.net\/2018\/10\/30\/lus-micoterapia-processos-oncologics\/#respond"]}]},{"@type":"WebPage","@id":"https:\/\/novaorg.cofb.net\/2018\/10\/30\/lus-micoterapia-processos-oncologics\/","url":"https:\/\/novaorg.cofb.net\/2018\/10\/30\/lus-micoterapia-processos-oncologics\/","name":"L'\u00fas de la micoter\u00e0pia en els processos oncol\u00f2gics - Col\u00b7legi de Farmac\u00e8utics de Barcelona","isPartOf":{"@id":"https:\/\/www.cofb.org\/#website"},"primaryImageOfPage":{"@id":"https:\/\/novaorg.cofb.net\/2018\/10\/30\/lus-micoterapia-processos-oncologics\/#primaryimage"},"image":{"@id":"https:\/\/novaorg.cofb.net\/2018\/10\/30\/lus-micoterapia-processos-oncologics\/#primaryimage"},"thumbnailUrl":"","datePublished":"2018-10-30T13:14:25+00:00","dateModified":"2018-10-30T13:14:25+00:00","breadcrumb":{"@id":"https:\/\/novaorg.cofb.net\/2018\/10\/30\/lus-micoterapia-processos-oncologics\/#breadcrumb"},"inLanguage":"ca","potentialAction":[{"@type":"ReadAction","target":["https:\/\/novaorg.cofb.net\/2018\/10\/30\/lus-micoterapia-processos-oncologics\/"]}]},{"@type":"ImageObject","inLanguage":"ca","@id":"https:\/\/novaorg.cofb.net\/2018\/10\/30\/lus-micoterapia-processos-oncologics\/#primaryimage","url":"","contentUrl":""},{"@type":"BreadcrumbList","@id":"https:\/\/novaorg.cofb.net\/2018\/10\/30\/lus-micoterapia-processos-oncologics\/#breadcrumb","itemListElement":[{"@type":"ListItem","position":1,"name":"Inici","item":"https:\/\/novaorg.cofb.net\/"},{"@type":"ListItem","position":2,"name":"L&#8217;\u00fas de la micoter\u00e0pia en els processos oncol\u00f2gics"}]},{"@type":"WebSite","@id":"https:\/\/www.cofb.org\/#website","url":"https:\/\/www.cofb.org\/","name":"Col\u00b7legi de Farmac\u00e8utics de Barcelona","description":"","publisher":{"@id":"https:\/\/www.cofb.org\/#organization"},"potentialAction":[{"@type":"SearchAction","target":{"@type":"EntryPoint","urlTemplate":"https:\/\/www.cofb.org\/?s={search_term_string}"},"query-input":"required name=search_term_string"}],"inLanguage":"ca"},{"@type":"Organization","@id":"https:\/\/www.cofb.org\/#organization","name":"Col\u00b7legi de Farmac\u00e8utics de Barcelona","url":"https:\/\/www.cofb.org\/","logo":{"@type":"ImageObject","inLanguage":"ca","@id":"https:\/\/www.cofb.org\/#\/schema\/logo\/image\/","url":"https:\/\/www.cofb.org\/wp-content\/uploads\/2023\/11\/cropped-Logotip-COFB.png","contentUrl":"https:\/\/www.cofb.org\/wp-content\/uploads\/2023\/11\/cropped-Logotip-COFB.png","width":500,"height":105,"caption":"Col\u00b7legi de Farmac\u00e8utics de Barcelona"},"image":{"@id":"https:\/\/www.cofb.org\/#\/schema\/logo\/image\/"},"sameAs":["https:\/\/www.facebook.com\/farmaceuticsbcn\/","https:\/\/twitter.com\/farmaceuticsbcn","https:\/\/www.instagram.com\/farmaceuticsbcn\/","https:\/\/www.linkedin.com\/company\/farmaceuticsbcn\/"]},{"@type":"Person","@id":"https:\/\/www.cofb.org\/#\/schema\/person\/22ed7eea88da74b0fa4d3154ad87ffcb","name":"wpAdminCofbOrg","image":{"@type":"ImageObject","inLanguage":"ca","@id":"https:\/\/www.cofb.org\/#\/schema\/person\/image\/","url":"https:\/\/secure.gravatar.com\/avatar\/1721b20b3b8ca882c3b56ec6c978c594fff670e40c0718e9190eaeeb76aae7d8?s=96&d=mm&r=g","contentUrl":"https:\/\/secure.gravatar.com\/avatar\/1721b20b3b8ca882c3b56ec6c978c594fff670e40c0718e9190eaeeb76aae7d8?s=96&d=mm&r=g","caption":"wpAdminCofbOrg"},"sameAs":["http:\/\/192.168.64.122\/wordpress"],"url":"https:\/\/www.cofb.org\/ca\/author\/wpadmincofborg\/"}]}},"uagb_featured_image_src":{"full":false,"thumbnail":false,"medium":false,"medium_large":false,"large":false,"1536x1536":false,"2048x2048":false,"trp-custom-language-flag":false},"uagb_author_info":{"display_name":"wpAdminCofbOrg","author_link":"https:\/\/www.cofb.org\/ca\/author\/wpadmincofborg\/"},"uagb_comment_info":0,"uagb_excerpt":"Aprofundir en els ingredients actius dels fongs i el seu mecanisme d&#8217;acci\u00f3 i con\u00e8ixer l&#8217;experi\u00e8ncia i les controv\u00e8rsies en la pr\u00e0ctica cl\u00ednica. Aquest va ser l&#8217;objectiu de la confer\u00e8ncia &#8220;L&#8217;\u00fas de la micoter\u00e0pia en els processos oncol\u00f2gics&#8221; -moderada pel vocal de Plantes Medicinals i Homeopatia del COFB, Josep Allu\u00e9- que [&hellip;]","_links":{"self":[{"href":"https:\/\/www.cofb.org\/ca\/wp-json\/wp\/v2\/posts\/41794","targetHints":{"allow":["GET"]}}],"collection":[{"href":"https:\/\/www.cofb.org\/ca\/wp-json\/wp\/v2\/posts"}],"about":[{"href":"https:\/\/www.cofb.org\/ca\/wp-json\/wp\/v2\/types\/post"}],"author":[{"embeddable":true,"href":"https:\/\/www.cofb.org\/ca\/wp-json\/wp\/v2\/users\/1"}],"replies":[{"embeddable":true,"href":"https:\/\/www.cofb.org\/ca\/wp-json\/wp\/v2\/comments?post=41794"}],"version-history":[{"count":0,"href":"https:\/\/www.cofb.org\/ca\/wp-json\/wp\/v2\/posts\/41794\/revisions"}],"wp:featuredmedia":[{"embeddable":true,"href":"https:\/\/www.cofb.org\/ca\/wp-json\/"}],"wp:attachment":[{"href":"https:\/\/www.cofb.org\/ca\/wp-json\/wp\/v2\/media?parent=41794"}],"wp:term":[{"taxonomy":"category","embeddable":true,"href":"https:\/\/www.cofb.org\/ca\/wp-json\/wp\/v2\/categories?post=41794"},{"taxonomy":"post_tag","embeddable":true,"href":"https:\/\/www.cofb.org\/ca\/wp-json\/wp\/v2\/tags?post=41794"}],"curies":[{"name":"wp","href":"https:\/\/api.w.org\/{rel}","templated":true}]}}