{"id":4171,"date":"2013-11-19T18:48:33","date_gmt":"2013-11-19T17:48:33","guid":{"rendered":"http:\/\/blog.cofb.cat\/?p=4171"},"modified":"2013-11-19T18:48:33","modified_gmt":"2013-11-19T17:48:33","slug":"nou-cicle-de-tertulies-dactualitat-arranquem-el-dia-27","status":"publish","type":"post","link":"https:\/\/www.cofb.org\/ca\/2013\/11\/19\/nou-cicle-de-tertulies-dactualitat-arranquem-el-dia-27\/","title":{"rendered":"Nou cicle de tert\u00falies d&#8217;actualitat: arranquem el dia 27"},"content":{"rendered":"<p><a href=\"http:\/\/blog.cofb.cat\/wp-content\/uploads\/2013\/11\/Tertulies2-2.jpg\"><img fetchpriority=\"high\" decoding=\"async\" class=\"wp-image-4174 alignleft\" alt=\"-FULLA A5\" src=\"http:\/\/blog.cofb.cat\/wp-content\/uploads\/2013\/11\/Tertulies2-2.jpg\" width=\"227\" height=\"322\" \/><\/a>El Col\u00b7legi organitza de nou el\u00a0<strong>cicle de Tert\u00falies d&#8217;actualitat\u00a0<\/strong>per tal que els professionals que hi assisteixin puguin actualitzar coneixements i reflexionar de forma conjunta i multidisciplin\u00e0ria.<\/p>\n<p>La primera de les Tert\u00falies ser\u00e0 dimecres 27 de novembre i es titula <strong>&#8220;Antidepressius i benzodiazepines: una prescripci\u00f3 en augment? &#8220;. La impartir\u00e0 Rafael Maldonado,<\/strong> metge i catedr\u00e0tic de farmacologia i laboratori de neurofarmacologia a la Universitat Pompeu Fabra (<strong><span style=\"text-decoration: underline;\"><a href=\"http:\/\/www.cofb.org\/web\/guest\/cursos?p_p_id=portletllistatactivitats_WAR_portletllistatactivitats_INSTANCE_Au9v&amp;p_p_lifecycle=0&amp;p_p_state=normal&amp;p_p_mode=view&amp;p_p_col_id=column-2&amp;p_p_col_pos=1&amp;p_p_col_count=2&amp;_portletllistatactivitats_WAR_portletllistatactivitats_INSTANCE_Au9v_strutsAction=%2Fview%2Fdetall&amp;_portletllistatactivitats_WAR_portletllistatactivitats_INSTANCE_Au9v_id=1030\" target=\"_blank\" rel=\"noopener\">INSCRIU-TE<\/a><\/span>:<\/strong> <em>Gratu\u00eft per a col\u00b7legiats, 25\u20ac per a no col\u00b7legiats<\/em>).<\/p>\n<p>Els altres temes dels quals es\u00a0parlar\u00e0 en les seg\u00fcents sessions seran els anticoagulants orals, la immunoter\u00e0pia i la investigaci\u00f3 en diabetis.<\/p>\n<p>Les tert\u00falies, que tindran lloc a la seu col\u00b7legial, tenen tres objectius: actualitzar coneixements i intercanviar experi\u00e8ncies entre especialistes m\u00e8dics i farmac\u00e8utics; donar una atenci\u00f3 farmac\u00e8utica amb consell assistit sobre medicaments i problemes relacionats amb salut; i capacitar l&#8217;alumne per fer intervencions preventives i de promoci\u00f3 en problemes de salut i que conegui els \u00faltims aven\u00e7os en la investigaci\u00f3 cient\u00edfica de les malalties tractades en aquestes tert\u00falies.<\/p>\n<p>Per a m\u00e9s informaci\u00f3, consulteu el programa de les tert\u00falies.\u00a0<span style=\"text-decoration: underline;\"><strong><a href=\"http:\/\/blog.cofb.cat\/wp-content\/uploads\/2013\/11\/TERT\u00daLIES-DACTUALITAT-2013_2014-modificado.pdf\" target=\"_blank\" rel=\"noopener\">TERT\u00daLIES D&#8217;ACTUALITAT 2013-2014<\/a><\/strong><\/span><span style=\"text-decoration: underline;\"><strong><a href=\"http:\/\/blog.cofb.cat\/wp-content\/uploads\/2013\/11\/TERT\u00daLIES-DACTUALITAT-2013_2014-3-docx-rev2.pdf\"><br \/>\n<\/a><\/strong><\/span><\/p>\n<h6 style=\"text-align: right;\"><span style=\"text-decoration: underline;\"><a href=\"http:\/\/blog.cofb.cat\/wp-content\/uploads\/2013\/11\/SANOFI.jpg\"><br \/>\n<\/a><\/span><\/h6>\n","protected":false},"excerpt":{"rendered":"<p>El Col\u00b7legi organitza de nou el\u00a0cicle de Tert\u00falies d&#8217;actualitat\u00a0per tal que els professionals que hi assisteixin puguin actualitzar coneixements i reflexionar de forma conjunta i multidisciplin\u00e0ria. La primera de les Tert\u00falies ser\u00e0 dimecres 27 de novembre i es titula &#8220;Antidepressius i benzodiazepines: una prescripci\u00f3 en augment? &#8220;. La impartir\u00e0 Rafael [&hellip;]<\/p>\n","protected":false},"author":1,"featured_media":4174,"comment_status":"open","ping_status":"open","sticky":false,"template":"","format":"standard","meta":{"_uag_custom_page_level_css":"","site-sidebar-layout":"default","site-content-layout":"","ast-site-content-layout":"default","site-content-style":"default","site-sidebar-style":"default","ast-global-header-display":"","ast-banner-title-visibility":"","ast-main-header-display":"","ast-hfb-above-header-display":"","ast-hfb-below-header-display":"","ast-hfb-mobile-header-display":"","site-post-title":"","ast-breadcrumbs-content":"","ast-featured-img":"disabled","footer-sml-layout":"","theme-transparent-header-meta":"","adv-header-id-meta":"","stick-header-meta":"","header-above-stick-meta":"","header-main-stick-meta":"","header-below-stick-meta":"","astra-migrate-meta-layouts":"default","ast-page-background-enabled":"default","ast-page-background-meta":{"desktop":{"background-color":"var(--ast-global-color-4)","background-image":"","background-repeat":"repeat","background-position":"center center","background-size":"auto","background-attachment":"scroll","background-type":"","background-media":"","overlay-type":"","overlay-color":"","overlay-opacity":"","overlay-gradient":""},"tablet":{"background-color":"","background-image":"","background-repeat":"repeat","background-position":"center center","background-size":"auto","background-attachment":"scroll","background-type":"","background-media":"","overlay-type":"","overlay-color":"","overlay-opacity":"","overlay-gradient":""},"mobile":{"background-color":"","background-image":"","background-repeat":"repeat","background-position":"center center","background-size":"auto","background-attachment":"scroll","background-type":"","background-media":"","overlay-type":"","overlay-color":"","overlay-opacity":"","overlay-gradient":""}},"ast-content-background-meta":{"desktop":{"background-color":"var(--ast-global-color-5)","background-image":"","background-repeat":"repeat","background-position":"center center","background-size":"auto","background-attachment":"scroll","background-type":"","background-media":"","overlay-type":"","overlay-color":"","overlay-opacity":"","overlay-gradient":""},"tablet":{"background-color":"var(--ast-global-color-5)","background-image":"","background-repeat":"repeat","background-position":"center center","background-size":"auto","background-attachment":"scroll","background-type":"","background-media":"","overlay-type":"","overlay-color":"","overlay-opacity":"","overlay-gradient":""},"mobile":{"background-color":"var(--ast-global-color-5)","background-image":"","background-repeat":"repeat","background-position":"center center","background-size":"auto","background-attachment":"scroll","background-type":"","background-media":"","overlay-type":"","overlay-color":"","overlay-opacity":"","overlay-gradient":""}},"footnotes":""},"categories":[23,57],"tags":[70],"class_list":["post-4171","post","type-post","status-publish","format-standard","has-post-thumbnail","hentry","category-destacats","category-mon-collegial","tag-formacio"],"yoast_head":"<!-- This site is optimized with the Yoast SEO plugin v22.4 - https:\/\/yoast.com\/wordpress\/plugins\/seo\/ -->\n<title>Nou cicle de tert\u00falies d&#039;actualitat: arranquem el dia 27 - Col\u00b7legi de Farmac\u00e8utics de Barcelona<\/title>\n<meta name=\"robots\" content=\"index, follow, max-snippet:-1, max-image-preview:large, max-video-preview:-1\" \/>\n<link rel=\"canonical\" href=\"https:\/\/novaorg.cofb.net\/2013\/11\/19\/nou-cicle-de-tertulies-dactualitat-arranquem-el-dia-27\/\" \/>\n<meta property=\"og:locale\" content=\"ca_ES\" \/>\n<meta property=\"og:type\" content=\"article\" \/>\n<meta property=\"og:title\" content=\"Nou cicle de tert\u00falies d&#039;actualitat: arranquem el dia 27 - Col\u00b7legi de Farmac\u00e8utics de Barcelona\" \/>\n<meta property=\"og:description\" content=\"El Col\u00b7legi organitza de nou el\u00a0cicle de Tert\u00falies d&#8217;actualitat\u00a0per tal que els professionals que hi assisteixin puguin actualitzar coneixements i reflexionar de forma conjunta i multidisciplin\u00e0ria. La primera de les Tert\u00falies ser\u00e0 dimecres 27 de novembre i es titula &#8220;Antidepressius i benzodiazepines: una prescripci\u00f3 en augment? &#8220;. La impartir\u00e0 Rafael [&hellip;]\" \/>\n<meta property=\"og:url\" content=\"https:\/\/novaorg.cofb.net\/2013\/11\/19\/nou-cicle-de-tertulies-dactualitat-arranquem-el-dia-27\/\" \/>\n<meta property=\"og:site_name\" content=\"Col\u00b7legi de Farmac\u00e8utics de Barcelona\" \/>\n<meta property=\"article:publisher\" content=\"https:\/\/www.facebook.com\/farmaceuticsbcn\/\" \/>\n<meta property=\"article:published_time\" content=\"2013-11-19T17:48:33+00:00\" \/>\n<meta name=\"author\" content=\"wpAdminCofbOrg\" \/>\n<meta name=\"twitter:card\" content=\"summary_large_image\" \/>\n<meta name=\"twitter:creator\" content=\"@farmaceuticsbcn\" \/>\n<meta name=\"twitter:site\" content=\"@farmaceuticsbcn\" \/>\n<meta name=\"twitter:label1\" content=\"Escrit per\" \/>\n\t<meta name=\"twitter:data1\" content=\"wpAdminCofbOrg\" \/>\n\t<meta name=\"twitter:label2\" content=\"Temps estimat de lectura\" \/>\n\t<meta name=\"twitter:data2\" content=\"1 minut\" \/>\n<script type=\"application\/ld+json\" class=\"yoast-schema-graph\">{\"@context\":\"https:\/\/schema.org\",\"@graph\":[{\"@type\":\"Article\",\"@id\":\"https:\/\/novaorg.cofb.net\/2013\/11\/19\/nou-cicle-de-tertulies-dactualitat-arranquem-el-dia-27\/#article\",\"isPartOf\":{\"@id\":\"https:\/\/novaorg.cofb.net\/2013\/11\/19\/nou-cicle-de-tertulies-dactualitat-arranquem-el-dia-27\/\"},\"author\":{\"name\":\"wpAdminCofbOrg\",\"@id\":\"https:\/\/www.cofb.org\/#\/schema\/person\/22ed7eea88da74b0fa4d3154ad87ffcb\"},\"headline\":\"Nou cicle de tert\u00falies d&#8217;actualitat: arranquem el dia 27\",\"datePublished\":\"2013-11-19T17:48:33+00:00\",\"dateModified\":\"2013-11-19T17:48:33+00:00\",\"mainEntityOfPage\":{\"@id\":\"https:\/\/novaorg.cofb.net\/2013\/11\/19\/nou-cicle-de-tertulies-dactualitat-arranquem-el-dia-27\/\"},\"wordCount\":211,\"commentCount\":0,\"publisher\":{\"@id\":\"https:\/\/www.cofb.org\/#organization\"},\"image\":{\"@id\":\"https:\/\/novaorg.cofb.net\/2013\/11\/19\/nou-cicle-de-tertulies-dactualitat-arranquem-el-dia-27\/#primaryimage\"},\"thumbnailUrl\":\"\",\"keywords\":[\"Formaci\u00f3\"],\"articleSection\":[\"Destacats\",\"M\u00f3n col\u00b7legial\"],\"inLanguage\":\"ca\",\"potentialAction\":[{\"@type\":\"CommentAction\",\"name\":\"Comment\",\"target\":[\"https:\/\/novaorg.cofb.net\/2013\/11\/19\/nou-cicle-de-tertulies-dactualitat-arranquem-el-dia-27\/#respond\"]}]},{\"@type\":\"WebPage\",\"@id\":\"https:\/\/novaorg.cofb.net\/2013\/11\/19\/nou-cicle-de-tertulies-dactualitat-arranquem-el-dia-27\/\",\"url\":\"https:\/\/novaorg.cofb.net\/2013\/11\/19\/nou-cicle-de-tertulies-dactualitat-arranquem-el-dia-27\/\",\"name\":\"Nou cicle de tert\u00falies d'actualitat: arranquem el dia 27 - Col\u00b7legi de Farmac\u00e8utics de Barcelona\",\"isPartOf\":{\"@id\":\"https:\/\/www.cofb.org\/#website\"},\"primaryImageOfPage\":{\"@id\":\"https:\/\/novaorg.cofb.net\/2013\/11\/19\/nou-cicle-de-tertulies-dactualitat-arranquem-el-dia-27\/#primaryimage\"},\"image\":{\"@id\":\"https:\/\/novaorg.cofb.net\/2013\/11\/19\/nou-cicle-de-tertulies-dactualitat-arranquem-el-dia-27\/#primaryimage\"},\"thumbnailUrl\":\"\",\"datePublished\":\"2013-11-19T17:48:33+00:00\",\"dateModified\":\"2013-11-19T17:48:33+00:00\",\"breadcrumb\":{\"@id\":\"https:\/\/novaorg.cofb.net\/2013\/11\/19\/nou-cicle-de-tertulies-dactualitat-arranquem-el-dia-27\/#breadcrumb\"},\"inLanguage\":\"ca\",\"potentialAction\":[{\"@type\":\"ReadAction\",\"target\":[\"https:\/\/novaorg.cofb.net\/2013\/11\/19\/nou-cicle-de-tertulies-dactualitat-arranquem-el-dia-27\/\"]}]},{\"@type\":\"ImageObject\",\"inLanguage\":\"ca\",\"@id\":\"https:\/\/novaorg.cofb.net\/2013\/11\/19\/nou-cicle-de-tertulies-dactualitat-arranquem-el-dia-27\/#primaryimage\",\"url\":\"\",\"contentUrl\":\"\"},{\"@type\":\"BreadcrumbList\",\"@id\":\"https:\/\/novaorg.cofb.net\/2013\/11\/19\/nou-cicle-de-tertulies-dactualitat-arranquem-el-dia-27\/#breadcrumb\",\"itemListElement\":[{\"@type\":\"ListItem\",\"position\":1,\"name\":\"Inici\",\"item\":\"https:\/\/novaorg.cofb.net\/\"},{\"@type\":\"ListItem\",\"position\":2,\"name\":\"Nou cicle de tert\u00falies d&#8217;actualitat: arranquem el dia 27\"}]},{\"@type\":\"WebSite\",\"@id\":\"https:\/\/www.cofb.org\/#website\",\"url\":\"https:\/\/www.cofb.org\/\",\"name\":\"Col\u00b7legi de Farmac\u00e8utics de Barcelona\",\"description\":\"\",\"publisher\":{\"@id\":\"https:\/\/www.cofb.org\/#organization\"},\"potentialAction\":[{\"@type\":\"SearchAction\",\"target\":{\"@type\":\"EntryPoint\",\"urlTemplate\":\"https:\/\/www.cofb.org\/?s={search_term_string}\"},\"query-input\":\"required name=search_term_string\"}],\"inLanguage\":\"ca\"},{\"@type\":\"Organization\",\"@id\":\"https:\/\/www.cofb.org\/#organization\",\"name\":\"Col\u00b7legi de Farmac\u00e8utics de Barcelona\",\"url\":\"https:\/\/www.cofb.org\/\",\"logo\":{\"@type\":\"ImageObject\",\"inLanguage\":\"ca\",\"@id\":\"https:\/\/www.cofb.org\/#\/schema\/logo\/image\/\",\"url\":\"https:\/\/www.cofb.org\/wp-content\/uploads\/2023\/11\/cropped-Logotip-COFB.png\",\"contentUrl\":\"https:\/\/www.cofb.org\/wp-content\/uploads\/2023\/11\/cropped-Logotip-COFB.png\",\"width\":500,\"height\":105,\"caption\":\"Col\u00b7legi de Farmac\u00e8utics de Barcelona\"},\"image\":{\"@id\":\"https:\/\/www.cofb.org\/#\/schema\/logo\/image\/\"},\"sameAs\":[\"https:\/\/www.facebook.com\/farmaceuticsbcn\/\",\"https:\/\/twitter.com\/farmaceuticsbcn\",\"https:\/\/www.instagram.com\/farmaceuticsbcn\/\",\"https:\/\/www.linkedin.com\/company\/farmaceuticsbcn\/\"]},{\"@type\":\"Person\",\"@id\":\"https:\/\/www.cofb.org\/#\/schema\/person\/22ed7eea88da74b0fa4d3154ad87ffcb\",\"name\":\"wpAdminCofbOrg\",\"image\":{\"@type\":\"ImageObject\",\"inLanguage\":\"ca\",\"@id\":\"https:\/\/www.cofb.org\/#\/schema\/person\/image\/\",\"url\":\"https:\/\/secure.gravatar.com\/avatar\/1721b20b3b8ca882c3b56ec6c978c594fff670e40c0718e9190eaeeb76aae7d8?s=96&d=mm&r=g\",\"contentUrl\":\"https:\/\/secure.gravatar.com\/avatar\/1721b20b3b8ca882c3b56ec6c978c594fff670e40c0718e9190eaeeb76aae7d8?s=96&d=mm&r=g\",\"caption\":\"wpAdminCofbOrg\"},\"sameAs\":[\"http:\/\/192.168.64.122\/wordpress\"],\"url\":\"https:\/\/www.cofb.org\/ca\/author\/wpadmincofborg\/\"}]}<\/script>\n<!-- \/ Yoast SEO plugin. -->","yoast_head_json":{"title":"Nou cicle de tert\u00falies d'actualitat: arranquem el dia 27 - Col\u00b7legi de Farmac\u00e8utics de Barcelona","robots":{"index":"index","follow":"follow","max-snippet":"max-snippet:-1","max-image-preview":"max-image-preview:large","max-video-preview":"max-video-preview:-1"},"canonical":"https:\/\/novaorg.cofb.net\/2013\/11\/19\/nou-cicle-de-tertulies-dactualitat-arranquem-el-dia-27\/","og_locale":"ca_ES","og_type":"article","og_title":"Nou cicle de tert\u00falies d'actualitat: arranquem el dia 27 - Col\u00b7legi de Farmac\u00e8utics de Barcelona","og_description":"El Col\u00b7legi organitza de nou el\u00a0cicle de Tert\u00falies d&#8217;actualitat\u00a0per tal que els professionals que hi assisteixin puguin actualitzar coneixements i reflexionar de forma conjunta i multidisciplin\u00e0ria. La primera de les Tert\u00falies ser\u00e0 dimecres 27 de novembre i es titula &#8220;Antidepressius i benzodiazepines: una prescripci\u00f3 en augment? &#8220;. La impartir\u00e0 Rafael [&hellip;]","og_url":"https:\/\/novaorg.cofb.net\/2013\/11\/19\/nou-cicle-de-tertulies-dactualitat-arranquem-el-dia-27\/","og_site_name":"Col\u00b7legi de Farmac\u00e8utics de Barcelona","article_publisher":"https:\/\/www.facebook.com\/farmaceuticsbcn\/","article_published_time":"2013-11-19T17:48:33+00:00","author":"wpAdminCofbOrg","twitter_card":"summary_large_image","twitter_creator":"@farmaceuticsbcn","twitter_site":"@farmaceuticsbcn","twitter_misc":{"Escrit per":"wpAdminCofbOrg","Temps estimat de lectura":"1 minut"},"schema":{"@context":"https:\/\/schema.org","@graph":[{"@type":"Article","@id":"https:\/\/novaorg.cofb.net\/2013\/11\/19\/nou-cicle-de-tertulies-dactualitat-arranquem-el-dia-27\/#article","isPartOf":{"@id":"https:\/\/novaorg.cofb.net\/2013\/11\/19\/nou-cicle-de-tertulies-dactualitat-arranquem-el-dia-27\/"},"author":{"name":"wpAdminCofbOrg","@id":"https:\/\/www.cofb.org\/#\/schema\/person\/22ed7eea88da74b0fa4d3154ad87ffcb"},"headline":"Nou cicle de tert\u00falies d&#8217;actualitat: arranquem el dia 27","datePublished":"2013-11-19T17:48:33+00:00","dateModified":"2013-11-19T17:48:33+00:00","mainEntityOfPage":{"@id":"https:\/\/novaorg.cofb.net\/2013\/11\/19\/nou-cicle-de-tertulies-dactualitat-arranquem-el-dia-27\/"},"wordCount":211,"commentCount":0,"publisher":{"@id":"https:\/\/www.cofb.org\/#organization"},"image":{"@id":"https:\/\/novaorg.cofb.net\/2013\/11\/19\/nou-cicle-de-tertulies-dactualitat-arranquem-el-dia-27\/#primaryimage"},"thumbnailUrl":"","keywords":["Formaci\u00f3"],"articleSection":["Destacats","M\u00f3n col\u00b7legial"],"inLanguage":"ca","potentialAction":[{"@type":"CommentAction","name":"Comment","target":["https:\/\/novaorg.cofb.net\/2013\/11\/19\/nou-cicle-de-tertulies-dactualitat-arranquem-el-dia-27\/#respond"]}]},{"@type":"WebPage","@id":"https:\/\/novaorg.cofb.net\/2013\/11\/19\/nou-cicle-de-tertulies-dactualitat-arranquem-el-dia-27\/","url":"https:\/\/novaorg.cofb.net\/2013\/11\/19\/nou-cicle-de-tertulies-dactualitat-arranquem-el-dia-27\/","name":"Nou cicle de tert\u00falies d'actualitat: arranquem el dia 27 - Col\u00b7legi de Farmac\u00e8utics de Barcelona","isPartOf":{"@id":"https:\/\/www.cofb.org\/#website"},"primaryImageOfPage":{"@id":"https:\/\/novaorg.cofb.net\/2013\/11\/19\/nou-cicle-de-tertulies-dactualitat-arranquem-el-dia-27\/#primaryimage"},"image":{"@id":"https:\/\/novaorg.cofb.net\/2013\/11\/19\/nou-cicle-de-tertulies-dactualitat-arranquem-el-dia-27\/#primaryimage"},"thumbnailUrl":"","datePublished":"2013-11-19T17:48:33+00:00","dateModified":"2013-11-19T17:48:33+00:00","breadcrumb":{"@id":"https:\/\/novaorg.cofb.net\/2013\/11\/19\/nou-cicle-de-tertulies-dactualitat-arranquem-el-dia-27\/#breadcrumb"},"inLanguage":"ca","potentialAction":[{"@type":"ReadAction","target":["https:\/\/novaorg.cofb.net\/2013\/11\/19\/nou-cicle-de-tertulies-dactualitat-arranquem-el-dia-27\/"]}]},{"@type":"ImageObject","inLanguage":"ca","@id":"https:\/\/novaorg.cofb.net\/2013\/11\/19\/nou-cicle-de-tertulies-dactualitat-arranquem-el-dia-27\/#primaryimage","url":"","contentUrl":""},{"@type":"BreadcrumbList","@id":"https:\/\/novaorg.cofb.net\/2013\/11\/19\/nou-cicle-de-tertulies-dactualitat-arranquem-el-dia-27\/#breadcrumb","itemListElement":[{"@type":"ListItem","position":1,"name":"Inici","item":"https:\/\/novaorg.cofb.net\/"},{"@type":"ListItem","position":2,"name":"Nou cicle de tert\u00falies d&#8217;actualitat: arranquem el dia 27"}]},{"@type":"WebSite","@id":"https:\/\/www.cofb.org\/#website","url":"https:\/\/www.cofb.org\/","name":"Col\u00b7legi de Farmac\u00e8utics de Barcelona","description":"","publisher":{"@id":"https:\/\/www.cofb.org\/#organization"},"potentialAction":[{"@type":"SearchAction","target":{"@type":"EntryPoint","urlTemplate":"https:\/\/www.cofb.org\/?s={search_term_string}"},"query-input":"required name=search_term_string"}],"inLanguage":"ca"},{"@type":"Organization","@id":"https:\/\/www.cofb.org\/#organization","name":"Col\u00b7legi de Farmac\u00e8utics de Barcelona","url":"https:\/\/www.cofb.org\/","logo":{"@type":"ImageObject","inLanguage":"ca","@id":"https:\/\/www.cofb.org\/#\/schema\/logo\/image\/","url":"https:\/\/www.cofb.org\/wp-content\/uploads\/2023\/11\/cropped-Logotip-COFB.png","contentUrl":"https:\/\/www.cofb.org\/wp-content\/uploads\/2023\/11\/cropped-Logotip-COFB.png","width":500,"height":105,"caption":"Col\u00b7legi de Farmac\u00e8utics de Barcelona"},"image":{"@id":"https:\/\/www.cofb.org\/#\/schema\/logo\/image\/"},"sameAs":["https:\/\/www.facebook.com\/farmaceuticsbcn\/","https:\/\/twitter.com\/farmaceuticsbcn","https:\/\/www.instagram.com\/farmaceuticsbcn\/","https:\/\/www.linkedin.com\/company\/farmaceuticsbcn\/"]},{"@type":"Person","@id":"https:\/\/www.cofb.org\/#\/schema\/person\/22ed7eea88da74b0fa4d3154ad87ffcb","name":"wpAdminCofbOrg","image":{"@type":"ImageObject","inLanguage":"ca","@id":"https:\/\/www.cofb.org\/#\/schema\/person\/image\/","url":"https:\/\/secure.gravatar.com\/avatar\/1721b20b3b8ca882c3b56ec6c978c594fff670e40c0718e9190eaeeb76aae7d8?s=96&d=mm&r=g","contentUrl":"https:\/\/secure.gravatar.com\/avatar\/1721b20b3b8ca882c3b56ec6c978c594fff670e40c0718e9190eaeeb76aae7d8?s=96&d=mm&r=g","caption":"wpAdminCofbOrg"},"sameAs":["http:\/\/192.168.64.122\/wordpress"],"url":"https:\/\/www.cofb.org\/ca\/author\/wpadmincofborg\/"}]}},"uagb_featured_image_src":{"full":false,"thumbnail":false,"medium":false,"medium_large":false,"large":false,"1536x1536":false,"2048x2048":false,"trp-custom-language-flag":false},"uagb_author_info":{"display_name":"wpAdminCofbOrg","author_link":"https:\/\/www.cofb.org\/ca\/author\/wpadmincofborg\/"},"uagb_comment_info":0,"uagb_excerpt":"El Col\u00b7legi organitza de nou el\u00a0cicle de Tert\u00falies d&#8217;actualitat\u00a0per tal que els professionals que hi assisteixin puguin actualitzar coneixements i reflexionar de forma conjunta i multidisciplin\u00e0ria. La primera de les Tert\u00falies ser\u00e0 dimecres 27 de novembre i es titula &#8220;Antidepressius i benzodiazepines: una prescripci\u00f3 en augment? &#8220;. La impartir\u00e0 Rafael [&hellip;]","_links":{"self":[{"href":"https:\/\/www.cofb.org\/ca\/wp-json\/wp\/v2\/posts\/4171","targetHints":{"allow":["GET"]}}],"collection":[{"href":"https:\/\/www.cofb.org\/ca\/wp-json\/wp\/v2\/posts"}],"about":[{"href":"https:\/\/www.cofb.org\/ca\/wp-json\/wp\/v2\/types\/post"}],"author":[{"embeddable":true,"href":"https:\/\/www.cofb.org\/ca\/wp-json\/wp\/v2\/users\/1"}],"replies":[{"embeddable":true,"href":"https:\/\/www.cofb.org\/ca\/wp-json\/wp\/v2\/comments?post=4171"}],"version-history":[{"count":0,"href":"https:\/\/www.cofb.org\/ca\/wp-json\/wp\/v2\/posts\/4171\/revisions"}],"wp:featuredmedia":[{"embeddable":true,"href":"https:\/\/www.cofb.org\/ca\/wp-json\/"}],"wp:attachment":[{"href":"https:\/\/www.cofb.org\/ca\/wp-json\/wp\/v2\/media?parent=4171"}],"wp:term":[{"taxonomy":"category","embeddable":true,"href":"https:\/\/www.cofb.org\/ca\/wp-json\/wp\/v2\/categories?post=4171"},{"taxonomy":"post_tag","embeddable":true,"href":"https:\/\/www.cofb.org\/ca\/wp-json\/wp\/v2\/tags?post=4171"}],"curies":[{"name":"wp","href":"https:\/\/api.w.org\/{rel}","templated":true}]}}