{"id":41648,"date":"2018-11-06T19:19:23","date_gmt":"2018-11-06T17:19:23","guid":{"rendered":"https:\/\/blog.cofb.cat\/?p=41648"},"modified":"2018-11-06T19:19:23","modified_gmt":"2018-11-06T17:19:23","slug":"farmaceutic-pot-paper-important-no-nomes-lhora-dispensar-sino-dimplicar-se-mes-persona-reflexions-diada-farmaceutic-2018","status":"publish","type":"post","link":"https:\/\/www.cofb.org\/ca\/2018\/11\/06\/farmaceutic-pot-paper-important-no-nomes-lhora-dispensar-sino-dimplicar-se-mes-persona-reflexions-diada-farmaceutic-2018\/","title":{"rendered":"&#8220;El farmac\u00e8utic pot fer un paper molt important, no nom\u00e9s a l\u2019hora de dispensar sin\u00f3 d\u2019implicar-se m\u00e9s en la persona&#8221; Reflexions a la Diada del Farmac\u00e8utic 2018"},"content":{"rendered":"<p>Com cada any, la <strong><a href=\"https:\/\/blog.cofb.cat\/diada-farmaceutic-2018-paper-farmaceutic-front-cronicitat\/\" target=\"_blank\" rel=\"noopener\">Diada del Farmac\u00e8utic 2018<\/a> va servir per<\/strong> <strong>homenatjar<\/strong> els <strong>farmac\u00e8utics<\/strong> que complien <strong>25<\/strong>, <strong>50<\/strong> i <strong>75<\/strong> anys com a <strong>membres del COFB<\/strong>. Com van ser els seus inicis al m\u00f3n de la Farm\u00e0cia? Com ha estat la seva traject\u00f2ria professional? Quines experi\u00e8ncies els han marcat? I, sobretot, com veuen el futur de la professi\u00f3? A continuaci\u00f3, recollim les seves respostes a aquestes i d&#8217;altres q\u00fcestions, que constitueixen un testimoni directe de l&#8217;evoluci\u00f3 de la professi\u00f3 al llarg dels anys.<\/p>\n<h1 style=\"text-align: left;\"><strong><span style=\"color: #008c82;\">&#8220;Des de la farm\u00e0cia es pot fer molta<\/span><\/strong><span style=\"color: #008080;\"><strong> feina social i human\u00edstica&#8221;<\/strong><\/span><\/h1>\n<p>Maria del Carme Callol i Ignasi Gen\u00eds s\u00f3n un <strong>matrimoni de farmac\u00e8utics<\/strong> que enguany han complert <strong>50 anys com a membres del COFB<\/strong>. Tots dos destaquen el contacte i la proximitat amb la gent com un dels aspectes que m\u00e9s els ha agradat de la professi\u00f3. <strong>\u201cCom a jubilada, trobo a faltar la quantitat de feina de tipus social i human\u00edstic que pots fer des de la farm\u00e0cia. <\/strong>La part empresarial no m\u2019agradava gens, per\u00f2 <strong>la part farmac\u00e8utica i de portar el control dels medicaments m\u2019ha agradat sempre\u201d<\/strong>, explica Maria Carme Callol. El seu marit, Ignasi Gen\u00eds, ho comparteix: <strong>\u201cJo tenia la farm\u00e0cia al barri del Raval i he vist una evoluci\u00f3 tan gran de gent que ha estat molt enriquidora\u201d<\/strong>, recorda.<\/p>\n<figure id=\"attachment_41760\" aria-describedby=\"caption-attachment-41760\" style=\"width: 620px\" class=\"wp-caption aligncenter\"><a href=\"https:\/\/blog.cofb.cat\/wp-content\/uploads\/2018\/10\/cofb.Diada2018-029.jpg\"><img fetchpriority=\"high\" decoding=\"async\" class=\"wp-image-41760 size-large\" title=\"Maria del Carme Callol i Ignasi Gen\u00eds, homenatjats pels seus 50 anys de col\u00b7legiaci\u00f3.\" src=\"https:\/\/blog.cofb.cat\/wp-content\/uploads\/2018\/10\/cofb.Diada2018-029-1024x683.jpg\" alt=\"Maria del Carme Callol i Ignasi Gen\u00eds, homenatjats pels seus 50 anys de col\u00b7legiaci\u00f3.\" width=\"620\" height=\"414\" \/><\/a><figcaption id=\"caption-attachment-41760\" class=\"wp-caption-text\">Maria del Carme Callol i Ignasi Gen\u00eds, homenatjats pels seus 50 anys de col\u00b7legiaci\u00f3.<\/figcaption><\/figure>\n<p>Tots dos coincideixen a afirmar que el barri del Raval <strong>\u201c\u00e9s una zona dura\u201d <\/strong>malgrat que no han<strong> \u201ctingut problemes\u201d <\/strong>i s\u2019ho han<strong> \u201cpassat molt b\u00e9\u201d<\/strong>. <strong>\u201cDe vegades, sorties de la farm\u00e0cia al migdia i senties darrere gent que deia a aquests no [els feu res] que s\u00f3n els farmac\u00e8utics\u201d<\/strong>, recorda Callol. Una an\u00e8cdota que posa de manifest el respecte que propiciaven a la zona. El reconeixement dels <strong>50 anys de col\u00b7legiaci\u00f3<\/strong> significa per a ells <strong>\u201cuna gran alegria, una cosa molt maca que agra\u00efm molt, aix\u00ed com la possibilitat de retrobar-te amb companys de professi\u00f3 que fa anys que no veus\u201d<\/strong>. Des de la jubilaci\u00f3, consideren que la professi\u00f3 est\u00e0 <strong>\u201cmassa burocratitzada\u201d<\/strong>. Tot i aix\u00f2, expliquen orgullosos que la seva filla ha continuat amb la farm\u00e0cia i que <strong>\u201ccontinua fent molta tasca social al barri del Raval de Barcelona\u201d<\/strong>.<\/p>\n<h1 style=\"text-align: left;\"><strong><span style=\"color: #008c82;\">&#8220;Els<\/span><\/strong> <strong><span style=\"color: #008080;\">farmac\u00e8utics fem una tasca molt important&#8221;<\/span><\/strong><\/h1>\n<p>Fa 50 anys que Mar\u00eda del Carmen Torrents \u00e9s membre del COFB. \u00c9s la gran de diversos germans i va decidir estudiar Farm\u00e0cia perqu\u00e8 va cr\u00e9ixer a la farm\u00e0cia del seu pare, amb qui va comen\u00e7ar a treballar de petita. <strong>\u201cFa 40 anys vaig obrir la meva farm\u00e0cia a Sitges. M\u2019ho he passat molt b\u00e9 i he gaudit molt\u201d<\/strong>, rememora. Encara continua en actiu i explica que no t\u00e9 intenci\u00f3 de jubilar-se. Des del seu punt de vista, <strong>els farmac\u00e8utics fan \u201cuna tasca molt important, per\u00f2 que no estem prou reconeguts\u201d. <\/strong><\/p>\n<figure id=\"attachment_41758\" aria-describedby=\"caption-attachment-41758\" style=\"width: 620px\" class=\"wp-caption aligncenter\"><a href=\"https:\/\/blog.cofb.cat\/wp-content\/uploads\/2018\/10\/cofb.Diada2018-006.jpg\"><img decoding=\"async\" class=\"wp-image-41758 size-large\" title=\"Mar\u00eda del Carmen Torrents, homenatjada pels seus 50 anys de col\u00b7legiaci\u00f3.\" src=\"https:\/\/blog.cofb.cat\/wp-content\/uploads\/2018\/10\/cofb.Diada2018-006-1024x683.jpg\" alt=\"Mar\u00eda del Carmen Torrents, homenatjada pels seus 50 anys de col\u00b7legiaci\u00f3.\" width=\"620\" height=\"414\" \/><\/a><figcaption id=\"caption-attachment-41758\" class=\"wp-caption-text\">Mar\u00eda del Carmen Torrents, homenatjada pels seus 50 anys de col\u00b7legiaci\u00f3.<\/figcaption><\/figure>\n<p>La seva farm\u00e0cia est\u00e0 ubicada en un lloc de temporada d\u2019estiu. <strong>\u201cEn aquesta estaci\u00f3, el 70% de les meves vendes s\u00f3n consultes que estalviem a la Seguretat Social\u201d,<\/strong> detalla. Pel que fa al futur, considera que <strong>\u201cla professi\u00f3 s\u2019ha d\u2019obrir en tots els camps que puguem\u201d<\/strong>. I recorda que ella ho ha fet \u201camb l\u2019ortop\u00e8dia, l\u2019\u00f2ptica, fent an\u00e0lisis, posant arracades, etc. \u00c9s a dir, fent coses que s\u00f3n i no s\u00f3n de la professi\u00f3\u201d.<\/p>\n<h1 style=\"text-align: left;\"><span style=\"color: #008080;\"><strong>&#8220;<\/strong><strong>De la ind\u00fastria farmac\u00e8utica, em va atreure poder participar en el disseny i l\u2019avaluaci\u00f3 de mol\u00e8cules que despr\u00e9s poden ser f\u00e0rmacs que curin o millorin la qualitat de vida de les persones&#8221;<\/strong><\/span><\/h1>\n<p>Pere Berga acumula un quart de segle de pertinen\u00e7a al <strong>Col\u00b7legi de Farmac\u00e8utics de Barcelona<\/strong>. <strong>\u201cVaig decidir cursar Farm\u00e0cia perqu\u00e8 el meu pare es dedicava a aquest m\u00f3n i a mi l\u2019ambient del medicament i la recerca m\u2019agradava\u201d<\/strong>, detalla. <strong>\u201cHe tingut la sort d\u2019haver estat membre de la Junta del Col\u00b7legi com a vocal d\u2019Ind\u00fastria amb el president Joan Duran. Va ser una \u00e8poca molt maca, que va coincidir amb el trasllat de la seu i en qu\u00e8 vam fer una activitat formativa molt interessant\u201d<\/strong>, relata.<\/p>\n<figure id=\"attachment_41759\" aria-describedby=\"caption-attachment-41759\" style=\"width: 620px\" class=\"wp-caption aligncenter\"><a href=\"https:\/\/blog.cofb.cat\/wp-content\/uploads\/2018\/10\/cofb.Diada2018-008.jpg\"><img decoding=\"async\" class=\"wp-image-41759 size-large\" title=\"Pere Berga, homenatjat pels seus 25 anys de col\u00b7legiaci\u00f3.\" src=\"https:\/\/blog.cofb.cat\/wp-content\/uploads\/2018\/10\/cofb.Diada2018-008-1024x683.jpg\" alt=\"Pere Berga, homenatjat pels seus 25 anys de col\u00b7legiaci\u00f3.\" width=\"620\" height=\"414\" \/><\/a><figcaption id=\"caption-attachment-41759\" class=\"wp-caption-text\">Pere Berga, homenatjat pels seus 25 anys de col\u00b7legiaci\u00f3.<\/figcaption><\/figure>\n<p>Berga, des d\u2019una visi\u00f3 de la <strong>vessant m\u00e9s industrial de la professi\u00f3<\/strong>, explica que <strong>\u201cla ind\u00fastria farmac\u00e8utica \u00e9s la ind\u00fastria del pa\u00eds que m\u00e9s inversions en R+D realitza\u201d<\/strong> i considera que t\u00e9 <strong>\u201cmolt potencial\u201d <\/strong>i<strong> \u201cun molt bon futur\u201d<\/strong>. Pel que fa al m\u00f3n de l\u2019<strong>oficina de farm\u00e0cia<\/strong>, creu que haur\u00e0 de \u201ccanviar una mica la filosofia respecte al que ha estat fins ara. Hem de pensar que ara v\u00e9nen nous f\u00e0rmacs biosimilars, fruit de la biotecnologia, conceptes com el <strong><em>Big Data<\/em><\/strong> i la <strong>medicina personalitzada o de precisi\u00f3<\/strong>\u201d. De fet, diu que es va sentir atret per aquest m\u00f3n per <strong>\u201cla investigaci\u00f3 i el fet de poder participar en el disseny i l\u2019avaluaci\u00f3 de noves mol\u00e8cules, que despr\u00e9s poden ser f\u00e0rmacs que curin o millorin la qualitat de vida de les persones\u201d.<\/strong> Despr\u00e9s del reconeixement d\u2019aquest any, Berga vol transmetre <strong>\u201cun gran agra\u00efment al Col\u00b7legi des del punt de vista professional i hum\u00e0\u201d<\/strong>.<\/p>\n<h1><span style=\"color: #008080;\"><strong>&#8220;<\/strong><strong>El farmac\u00e8utic pot fer un paper molt important, no nom\u00e9s a l\u2019hora de dispensar sin\u00f3 d\u2019implicar-se m\u00e9s en la persona&#8221;<\/strong><\/span><\/h1>\n<p>Quan compleix 25 anys com a col\u00b7legiat, \u00c0ngel Garc\u00eda Petit explica que es va decidir per Farm\u00e0cia, ja que quan dubtava i tamb\u00e9 es plantejava estudiar Biol\u00f2giques va provar la facultat de la primera i va con\u00e8ixer una noia que li va cridar molt l\u2019atenci\u00f3,\u00a0<strong>\u201cper\u00f2 quan vaig comen\u00e7ar la carrera vaig veure que el programa era molt interessant, variat i atractiu i\u00a0 aleshores em vaig enganxar seriosament. \u00c9s una carrera que m\u2019ha ajudat en moltes coses\u201d<\/strong>, recorda.<\/p>\n<figure id=\"attachment_41757\" aria-describedby=\"caption-attachment-41757\" style=\"width: 620px\" class=\"wp-caption aligncenter\"><img loading=\"lazy\" decoding=\"async\" class=\"wp-image-41757 size-large\" title=\"\u00c0ngel Garc\u00eda, homenatjat pels seus 25 anys de col\u00b7legiaci\u00f3. \" src=\"https:\/\/blog.cofb.cat\/wp-content\/uploads\/2018\/10\/cofb.Diada2018-004-1024x683.jpg\" alt=\"\u00c0ngel Garc\u00eda, homenatjat pels seus 25 anys de col\u00b7legiaci\u00f3. \" width=\"620\" height=\"414\" \/><figcaption id=\"caption-attachment-41757\" class=\"wp-caption-text\">\u00c0ngel Garc\u00eda, homenatjat pels seus 25 anys de col\u00b7legiaci\u00f3.<\/figcaption><\/figure>\n<p>Dins de l\u2019\u00e0mbit farmac\u00e8utic, Garc\u00eda ha fet <strong>\u201can\u00e0lisis cl\u00edniques i d\u2019inspector farmac\u00e8utic del Ministeri de Sanitat, entre altres\u201d<\/strong>. Al cap d\u2019un temps, va decidir estudiar enologia i, avui dia, fa \u201cm\u00e9s d\u2019en\u00f2leg que no de farmac\u00e8utic\u201d. Tot i aix\u00f2, t\u00e9 un bon record d\u2019algunes an\u00e8cdotes que va viure mentre exercia com ara quan va treballar <strong>\u201cen una campanya impulsada pel COFB i l\u2019Ajuntament de Barcelona de recollida de productes farmac\u00e8utics en des\u00fas potencialment t\u00f2xics\u201d<\/strong>. Si fa una mirada al futur, creu que <strong>\u201cla idea cl\u00e0ssica d\u2019oficina de farm\u00e0cia est\u00e0 bastant obsoleta\u201d<\/strong>. Per aix\u00f2 aposta per <strong>\u201cfer un seguiment personalitzat del pacient\u201d <\/strong>o <strong>\u201cpotenciar la farm\u00e0cia l\u2019atenci\u00f3 diet\u00e8tica\u201d<\/strong>. <strong>\u201cEl farmac\u00e8utic pot fer un paper molt important, no nom\u00e9s a l\u2019hora de dispensar sin\u00f3 d\u2019implicar-se m\u00e9s en la persona, en el pacient\u201d,<\/strong> afirma.<\/p>\n<h1 style=\"text-align: left;\"><strong><span style=\"color: #008c82;\">&#8220;Treballar en atenci\u00f3 prim\u00e0ria et fa sentir membre d\u2019un equip de professionals que et veuen com el seu assessor en el maneig del medicament&#8221;<\/span><\/strong><\/h1>\n<p>Roser Vall\u00e8s confesa que <strong>va arribar a l&#8217;atenci\u00f3 prim\u00e0ria &#8220;una mica per casualitat&#8221;,<\/strong> ja que &#8220;jo vinc del m\u00f3n hospitalari&#8221;. Despr\u00e9s de 25 anys de col\u00b7legiaci\u00f3, aix\u00ed recorda els seus inicis,\u00a0la vocal d&#8217;Atenci\u00f3 Prim\u00e0ria del COFB, en un \u00e0mbit que t&#8217;obliga constantment a &#8220;<strong>implicar-te en la resoluci\u00f3 de problemes i incid\u00e8ncies<\/strong>&#8220;, per\u00f2 que &#8220;t&#8217;incentiva a <strong>estar permanentment\u00a0 actualitzada en els teus coneixements<\/strong>&#8220;.<\/p>\n<figure id=\"attachment_41756\" aria-describedby=\"caption-attachment-41756\" style=\"width: 624px\" class=\"wp-caption aligncenter\"><a href=\"https:\/\/blog.cofb.cat\/wp-content\/uploads\/2018\/10\/cofb.Diada2018-003.jpg\"><img loading=\"lazy\" decoding=\"async\" class=\"wp-image-41756\" title=\"Roser Vall\u00e8s, homenatjada pels seus 25 anys de col\u00b7legiaci\u00f3.\" src=\"https:\/\/blog.cofb.cat\/wp-content\/uploads\/2018\/10\/cofb.Diada2018-003.jpg\" alt=\"Roser Vall\u00e8s, homenatjada pels seus 25 anys de col\u00b7legiaci\u00f3.\" width=\"624\" height=\"448\" \/><\/a><figcaption id=\"caption-attachment-41756\" class=\"wp-caption-text\">Roser Vall\u00e8s, homenatjada pels seus 25 anys de col\u00b7legiaci\u00f3.<\/figcaption><\/figure>\n<p>Quan pensa en el <strong>que li ha aportat<\/strong> el fet de treballar en atenci\u00f3 prim\u00e0ria explica que<strong> &#8220;et fa sentir membre d\u2019un equip de professionals que et veuen com el seu assessor i professional d\u2019ajuda en el maneig del medicament, <\/strong>tant en la seva prescripci\u00f3, \u00fas i cust\u00f2dia&#8221;<strong>. <\/strong>I respecte a la seva tasca a la Junta de Govern del COFB destaca que li ha perm\u00e8s<strong> &#8220;con\u00e8ixer una mica m\u00e9s els companys d\u2019altres \u00e0mbits d\u2019exercici i poder jo tamb\u00e9 donar a con\u00e8ixer la figura del farmac\u00e8utic d\u2019atenci\u00f3 prim\u00e0ria&#8221;.\u00a0 <\/strong>Finalment, <strong>q\u00fcestionada pel futur de la professi\u00f3, <\/strong>creu que passa &#8220;per <strong>saber-nos posicionar dins l&#8217;organitzaci\u00f3 sanit\u00e0ria del segle XXI<\/strong>&#8220;.<\/p>\n<div class=\"destacat-blog\">\n<h1 style=\"text-align: left;\"><strong><span style=\"color: #008c82;\">Carles Busquet, tota una vida dedicada a la farm\u00e0cia<\/span><\/strong><\/h1>\n<p><strong>Carles Busquet Pelfort<\/strong> va ingressar al Col\u00b7legi el 7 d&#8217;abril de 1943. 75 anys despr\u00e9s <strong>va rebre el merescud\u00edssim homenatge de la professi\u00f3 a la Diada del Farmac\u00e8utic, rebent la\u00a0<\/strong><span style=\"color: #000000;\"><strong>ins\u00edgnia d\u2019or i brillants<\/strong> per part del president del Col\u00b7legi, Jordi de Dalmases.\u00a0<\/span><\/p>\n<figure id=\"attachment_41767\" aria-describedby=\"caption-attachment-41767\" style=\"width: 620px\" class=\"wp-caption aligncenter\"><a href=\"https:\/\/blog.cofb.cat\/wp-content\/uploads\/2018\/10\/cofb.Diada2018-080.jpg\"><img loading=\"lazy\" decoding=\"async\" class=\"wp-image-41767 size-large\" title=\"Carles Busquet durant el reconeixement als seus 75 anys de col\u00b7legiaci\u00f3.\" src=\"https:\/\/blog.cofb.cat\/wp-content\/uploads\/2018\/10\/cofb.Diada2018-080-1024x683.jpg\" alt=\"Carles Busquet durant el reconeixement als seus 75 anys de col\u00b7legiaci\u00f3.\" width=\"620\" height=\"414\" \/><\/a><figcaption id=\"caption-attachment-41767\" class=\"wp-caption-text\">Carles Busquet durant el reconeixement als seus 75 anys de col\u00b7legiaci\u00f3.<\/figcaption><\/figure>\n<p>Llicenciat el 1942, va obrir la seva farm\u00e0cia a Barcelona el 1944, on va exercir de titular d&#8217;aquesta durant 44 anys, jubilant-se el dia 21 de juny de l&#8217;any 1988, data en qu\u00e8 la va traspassar al seu fill, Carles Busquet Masip.<\/p>\n<\/div>\n<p><strong>Altres publicacions relacionades recollides al Blog:<\/strong><\/p>\n<ul>\n<li><a href=\"https:\/\/blog.cofb.cat\/diada-farmaceutic-2018-paper-farmaceutic-front-cronicitat\/\" target=\"_blank\" rel=\"noopener\">Diada del Farmac\u00e8utic 2018: el paper del farmac\u00e8utic per fer front a la cronicitat (Octubre 2018)<\/a><\/li>\n<li><a href=\"https:\/\/blog.cofb.cat\/mon-farmacia-gran-futur-reflexions-experiencies-diada-farmaceutic-2017\/\" target=\"_blank\" rel=\"noopener\">El m\u00f3n de la farm\u00e0cia t\u00e9 un gran futur\u201d. Reflexions i experi\u00e8ncies a la Diada del Farmac\u00e8utic 2017 (Gener 2018)<\/a><\/li>\n<li><a href=\"https:\/\/blog.cofb.cat\/diada-farmaceutic-grans-projectes-futur-afrontar-collegi\/\" target=\"_blank\" rel=\"noopener\">Diada del Farmac\u00e8utic: Grans projectes de futur a afrontar des del Col\u00b7legi (Gener 2018)<\/a><\/li>\n<li><a href=\"https:\/\/blog.cofb.cat\/la-farmacia-sera-el-que-nosaltres-volem-que-sigui\/\" target=\"_blank\" rel=\"noopener\">\u201cLa farm\u00e0cia ser\u00e0 el que nosaltres volem que sigui\u201d (Octubre 2016)<\/a><\/li>\n<li><a href=\"https:\/\/blog.cofb.cat\/mig-segle-a-la-farmacia\/\" target=\"_blank\" rel=\"noopener\">Mig segle a la farm\u00e0cia (Octubre 2014)<\/a><\/li>\n<li><a href=\"https:\/\/blog.cofb.cat\/testimonis-de-50-anys-de-farmacia\/\" target=\"_blank\" rel=\"noopener\">Testimonis de 50 anys de farm\u00e0cia (Octubre 2013)<\/a><\/li>\n<\/ul>\n","protected":false},"excerpt":{"rendered":"<p>Com cada any, la Diada del Farmac\u00e8utic 2018 va servir per homenatjar els farmac\u00e8utics que complien 25, 50 i 75 anys com a membres del COFB. Com van ser els seus inicis al m\u00f3n de la Farm\u00e0cia? Com ha estat la seva traject\u00f2ria professional? Quines experi\u00e8ncies els han marcat? I, [&hellip;]<\/p>\n","protected":false},"author":1,"featured_media":42016,"comment_status":"open","ping_status":"open","sticky":false,"template":"","format":"standard","meta":{"_uag_custom_page_level_css":"","site-sidebar-layout":"default","site-content-layout":"","ast-site-content-layout":"default","site-content-style":"default","site-sidebar-style":"default","ast-global-header-display":"","ast-banner-title-visibility":"","ast-main-header-display":"","ast-hfb-above-header-display":"","ast-hfb-below-header-display":"","ast-hfb-mobile-header-display":"","site-post-title":"","ast-breadcrumbs-content":"","ast-featured-img":"disabled","footer-sml-layout":"","theme-transparent-header-meta":"","adv-header-id-meta":"","stick-header-meta":"","header-above-stick-meta":"","header-main-stick-meta":"","header-below-stick-meta":"","astra-migrate-meta-layouts":"default","ast-page-background-enabled":"default","ast-page-background-meta":{"desktop":{"background-color":"var(--ast-global-color-4)","background-image":"","background-repeat":"repeat","background-position":"center center","background-size":"auto","background-attachment":"scroll","background-type":"","background-media":"","overlay-type":"","overlay-color":"","overlay-opacity":"","overlay-gradient":""},"tablet":{"background-color":"","background-image":"","background-repeat":"repeat","background-position":"center center","background-size":"auto","background-attachment":"scroll","background-type":"","background-media":"","overlay-type":"","overlay-color":"","overlay-opacity":"","overlay-gradient":""},"mobile":{"background-color":"","background-image":"","background-repeat":"repeat","background-position":"center center","background-size":"auto","background-attachment":"scroll","background-type":"","background-media":"","overlay-type":"","overlay-color":"","overlay-opacity":"","overlay-gradient":""}},"ast-content-background-meta":{"desktop":{"background-color":"var(--ast-global-color-5)","background-image":"","background-repeat":"repeat","background-position":"center center","background-size":"auto","background-attachment":"scroll","background-type":"","background-media":"","overlay-type":"","overlay-color":"","overlay-opacity":"","overlay-gradient":""},"tablet":{"background-color":"var(--ast-global-color-5)","background-image":"","background-repeat":"repeat","background-position":"center center","background-size":"auto","background-attachment":"scroll","background-type":"","background-media":"","overlay-type":"","overlay-color":"","overlay-opacity":"","overlay-gradient":""},"mobile":{"background-color":"var(--ast-global-color-5)","background-image":"","background-repeat":"repeat","background-position":"center center","background-size":"auto","background-attachment":"scroll","background-type":"","background-media":"","overlay-type":"","overlay-color":"","overlay-opacity":"","overlay-gradient":""}},"footnotes":""},"categories":[57],"tags":[18,19,968,692,969,970,52,53,68,973,3289,2412],"class_list":["post-41648","post","type-post","status-publish","format-standard","has-post-thumbnail","hentry","category-mon-collegial","tag-cofb","tag-collegi-de-farmaceutics-de-barcelona","tag-collegiacio","tag-collegiats","tag-diada","tag-diada-del-farmaceutic","tag-farmaceutic","tag-farmaceutics","tag-farmacia","tag-homenatge","tag-homenatjats","tag-industria-farmaceutica"],"yoast_head":"<!-- This site is optimized with the Yoast SEO plugin v22.4 - https:\/\/yoast.com\/wordpress\/plugins\/seo\/ -->\n<title>&quot;El farmac\u00e8utic pot fer un paper molt important, no nom\u00e9s a l\u2019hora de dispensar sin\u00f3 d\u2019implicar-se m\u00e9s en la persona&quot; Reflexions a la Diada del Farmac\u00e8utic 2018 - Col\u00b7legi de Farmac\u00e8utics de Barcelona<\/title>\n<meta name=\"description\" content=\"Cinc dels farmac\u00e8utics homenatjats el passat 9 d&#039;octubre, en el marc de la Diada del Farmac\u00e8utic 2018, ens han explicat els seus inicis al m\u00f3n de la Farm\u00e0cia, la seva traject\u00f2ria professional, com veuen el futur de la professi\u00f3 i experi\u00e8ncies que els han marcat, entre altres q\u00fcestions.\" \/>\n<meta name=\"robots\" content=\"index, follow, max-snippet:-1, max-image-preview:large, max-video-preview:-1\" \/>\n<link rel=\"canonical\" href=\"https:\/\/novaorg.cofb.net\/2018\/11\/06\/farmaceutic-pot-paper-important-no-nomes-lhora-dispensar-sino-dimplicar-se-mes-persona-reflexions-diada-farmaceutic-2018\/\" \/>\n<meta property=\"og:locale\" content=\"ca_ES\" \/>\n<meta property=\"og:type\" content=\"article\" \/>\n<meta property=\"og:title\" content=\"&quot;El farmac\u00e8utic pot fer un paper molt important, no nom\u00e9s a l\u2019hora de dispensar sin\u00f3 d\u2019implicar-se m\u00e9s en la persona&quot; Reflexions a la Diada del Farmac\u00e8utic 2018 - Col\u00b7legi de Farmac\u00e8utics de Barcelona\" \/>\n<meta property=\"og:description\" content=\"Cinc dels farmac\u00e8utics homenatjats el passat 9 d&#039;octubre, en el marc de la Diada del Farmac\u00e8utic 2018, ens han explicat els seus inicis al m\u00f3n de la Farm\u00e0cia, la seva traject\u00f2ria professional, com veuen el futur de la professi\u00f3 i experi\u00e8ncies que els han marcat, entre altres q\u00fcestions.\" \/>\n<meta property=\"og:url\" content=\"https:\/\/novaorg.cofb.net\/2018\/11\/06\/farmaceutic-pot-paper-important-no-nomes-lhora-dispensar-sino-dimplicar-se-mes-persona-reflexions-diada-farmaceutic-2018\/\" \/>\n<meta property=\"og:site_name\" content=\"Col\u00b7legi de Farmac\u00e8utics de Barcelona\" \/>\n<meta property=\"article:publisher\" content=\"https:\/\/www.facebook.com\/farmaceuticsbcn\/\" \/>\n<meta property=\"article:published_time\" content=\"2018-11-06T17:19:23+00:00\" \/>\n<meta name=\"author\" content=\"wpAdminCofbOrg\" \/>\n<meta name=\"twitter:card\" content=\"summary_large_image\" \/>\n<meta name=\"twitter:creator\" content=\"@farmaceuticsbcn\" \/>\n<meta name=\"twitter:site\" content=\"@farmaceuticsbcn\" \/>\n<meta name=\"twitter:label1\" content=\"Escrit per\" \/>\n\t<meta name=\"twitter:data1\" content=\"wpAdminCofbOrg\" \/>\n\t<meta name=\"twitter:label2\" content=\"Temps estimat de lectura\" \/>\n\t<meta name=\"twitter:data2\" content=\"8 minuts\" \/>\n<script type=\"application\/ld+json\" class=\"yoast-schema-graph\">{\"@context\":\"https:\/\/schema.org\",\"@graph\":[{\"@type\":\"Article\",\"@id\":\"https:\/\/novaorg.cofb.net\/2018\/11\/06\/farmaceutic-pot-paper-important-no-nomes-lhora-dispensar-sino-dimplicar-se-mes-persona-reflexions-diada-farmaceutic-2018\/#article\",\"isPartOf\":{\"@id\":\"https:\/\/novaorg.cofb.net\/2018\/11\/06\/farmaceutic-pot-paper-important-no-nomes-lhora-dispensar-sino-dimplicar-se-mes-persona-reflexions-diada-farmaceutic-2018\/\"},\"author\":{\"name\":\"wpAdminCofbOrg\",\"@id\":\"https:\/\/www.cofb.org\/#\/schema\/person\/22ed7eea88da74b0fa4d3154ad87ffcb\"},\"headline\":\"&#8220;El farmac\u00e8utic pot fer un paper molt important, no nom\u00e9s a l\u2019hora de dispensar sin\u00f3 d\u2019implicar-se m\u00e9s en la persona&#8221; Reflexions a la Diada del Farmac\u00e8utic 2018\",\"datePublished\":\"2018-11-06T17:19:23+00:00\",\"dateModified\":\"2018-11-06T17:19:23+00:00\",\"mainEntityOfPage\":{\"@id\":\"https:\/\/novaorg.cofb.net\/2018\/11\/06\/farmaceutic-pot-paper-important-no-nomes-lhora-dispensar-sino-dimplicar-se-mes-persona-reflexions-diada-farmaceutic-2018\/\"},\"wordCount\":1696,\"commentCount\":0,\"publisher\":{\"@id\":\"https:\/\/www.cofb.org\/#organization\"},\"image\":{\"@id\":\"https:\/\/novaorg.cofb.net\/2018\/11\/06\/farmaceutic-pot-paper-important-no-nomes-lhora-dispensar-sino-dimplicar-se-mes-persona-reflexions-diada-farmaceutic-2018\/#primaryimage\"},\"thumbnailUrl\":\"\",\"keywords\":[\"COFB\",\"Col\u00b7legi de Farmac\u00e8utics de Barcelona\",\"col\u00b7legiaci\u00f3\",\"col\u00b7legiats\",\"Diada\",\"Diada del Farmac\u00e8utic\",\"farmac\u00e8utic\",\"farmac\u00e8utics\",\"Farm\u00e0cia\",\"homenatge\",\"homenatjats\",\"ind\u00fastria farmac\u00e8utica\"],\"articleSection\":[\"M\u00f3n col\u00b7legial\"],\"inLanguage\":\"ca\",\"potentialAction\":[{\"@type\":\"CommentAction\",\"name\":\"Comment\",\"target\":[\"https:\/\/novaorg.cofb.net\/2018\/11\/06\/farmaceutic-pot-paper-important-no-nomes-lhora-dispensar-sino-dimplicar-se-mes-persona-reflexions-diada-farmaceutic-2018\/#respond\"]}]},{\"@type\":\"WebPage\",\"@id\":\"https:\/\/novaorg.cofb.net\/2018\/11\/06\/farmaceutic-pot-paper-important-no-nomes-lhora-dispensar-sino-dimplicar-se-mes-persona-reflexions-diada-farmaceutic-2018\/\",\"url\":\"https:\/\/novaorg.cofb.net\/2018\/11\/06\/farmaceutic-pot-paper-important-no-nomes-lhora-dispensar-sino-dimplicar-se-mes-persona-reflexions-diada-farmaceutic-2018\/\",\"name\":\"\\\"El farmac\u00e8utic pot fer un paper molt important, no nom\u00e9s a l\u2019hora de dispensar sin\u00f3 d\u2019implicar-se m\u00e9s en la persona\\\" Reflexions a la Diada del Farmac\u00e8utic 2018 - Col\u00b7legi de Farmac\u00e8utics de Barcelona\",\"isPartOf\":{\"@id\":\"https:\/\/www.cofb.org\/#website\"},\"primaryImageOfPage\":{\"@id\":\"https:\/\/novaorg.cofb.net\/2018\/11\/06\/farmaceutic-pot-paper-important-no-nomes-lhora-dispensar-sino-dimplicar-se-mes-persona-reflexions-diada-farmaceutic-2018\/#primaryimage\"},\"image\":{\"@id\":\"https:\/\/novaorg.cofb.net\/2018\/11\/06\/farmaceutic-pot-paper-important-no-nomes-lhora-dispensar-sino-dimplicar-se-mes-persona-reflexions-diada-farmaceutic-2018\/#primaryimage\"},\"thumbnailUrl\":\"\",\"datePublished\":\"2018-11-06T17:19:23+00:00\",\"dateModified\":\"2018-11-06T17:19:23+00:00\",\"description\":\"Cinc dels farmac\u00e8utics homenatjats el passat 9 d'octubre, en el marc de la Diada del Farmac\u00e8utic 2018, ens han explicat els seus inicis al m\u00f3n de la Farm\u00e0cia, la seva traject\u00f2ria professional, com veuen el futur de la professi\u00f3 i experi\u00e8ncies que els han marcat, entre altres q\u00fcestions.\",\"breadcrumb\":{\"@id\":\"https:\/\/novaorg.cofb.net\/2018\/11\/06\/farmaceutic-pot-paper-important-no-nomes-lhora-dispensar-sino-dimplicar-se-mes-persona-reflexions-diada-farmaceutic-2018\/#breadcrumb\"},\"inLanguage\":\"ca\",\"potentialAction\":[{\"@type\":\"ReadAction\",\"target\":[\"https:\/\/novaorg.cofb.net\/2018\/11\/06\/farmaceutic-pot-paper-important-no-nomes-lhora-dispensar-sino-dimplicar-se-mes-persona-reflexions-diada-farmaceutic-2018\/\"]}]},{\"@type\":\"ImageObject\",\"inLanguage\":\"ca\",\"@id\":\"https:\/\/novaorg.cofb.net\/2018\/11\/06\/farmaceutic-pot-paper-important-no-nomes-lhora-dispensar-sino-dimplicar-se-mes-persona-reflexions-diada-farmaceutic-2018\/#primaryimage\",\"url\":\"\",\"contentUrl\":\"\"},{\"@type\":\"BreadcrumbList\",\"@id\":\"https:\/\/novaorg.cofb.net\/2018\/11\/06\/farmaceutic-pot-paper-important-no-nomes-lhora-dispensar-sino-dimplicar-se-mes-persona-reflexions-diada-farmaceutic-2018\/#breadcrumb\",\"itemListElement\":[{\"@type\":\"ListItem\",\"position\":1,\"name\":\"Inici\",\"item\":\"https:\/\/novaorg.cofb.net\/\"},{\"@type\":\"ListItem\",\"position\":2,\"name\":\"&#8220;El farmac\u00e8utic pot fer un paper molt important, no nom\u00e9s a l\u2019hora de dispensar sin\u00f3 d\u2019implicar-se m\u00e9s en la persona&#8221; Reflexions a la Diada del Farmac\u00e8utic 2018\"}]},{\"@type\":\"WebSite\",\"@id\":\"https:\/\/www.cofb.org\/#website\",\"url\":\"https:\/\/www.cofb.org\/\",\"name\":\"Col\u00b7legi de Farmac\u00e8utics de Barcelona\",\"description\":\"\",\"publisher\":{\"@id\":\"https:\/\/www.cofb.org\/#organization\"},\"potentialAction\":[{\"@type\":\"SearchAction\",\"target\":{\"@type\":\"EntryPoint\",\"urlTemplate\":\"https:\/\/www.cofb.org\/?s={search_term_string}\"},\"query-input\":\"required name=search_term_string\"}],\"inLanguage\":\"ca\"},{\"@type\":\"Organization\",\"@id\":\"https:\/\/www.cofb.org\/#organization\",\"name\":\"Col\u00b7legi de Farmac\u00e8utics de Barcelona\",\"url\":\"https:\/\/www.cofb.org\/\",\"logo\":{\"@type\":\"ImageObject\",\"inLanguage\":\"ca\",\"@id\":\"https:\/\/www.cofb.org\/#\/schema\/logo\/image\/\",\"url\":\"https:\/\/www.cofb.org\/wp-content\/uploads\/2023\/11\/cropped-Logotip-COFB.png\",\"contentUrl\":\"https:\/\/www.cofb.org\/wp-content\/uploads\/2023\/11\/cropped-Logotip-COFB.png\",\"width\":500,\"height\":105,\"caption\":\"Col\u00b7legi de Farmac\u00e8utics de Barcelona\"},\"image\":{\"@id\":\"https:\/\/www.cofb.org\/#\/schema\/logo\/image\/\"},\"sameAs\":[\"https:\/\/www.facebook.com\/farmaceuticsbcn\/\",\"https:\/\/twitter.com\/farmaceuticsbcn\",\"https:\/\/www.instagram.com\/farmaceuticsbcn\/\",\"https:\/\/www.linkedin.com\/company\/farmaceuticsbcn\/\"]},{\"@type\":\"Person\",\"@id\":\"https:\/\/www.cofb.org\/#\/schema\/person\/22ed7eea88da74b0fa4d3154ad87ffcb\",\"name\":\"wpAdminCofbOrg\",\"image\":{\"@type\":\"ImageObject\",\"inLanguage\":\"ca\",\"@id\":\"https:\/\/www.cofb.org\/#\/schema\/person\/image\/\",\"url\":\"https:\/\/secure.gravatar.com\/avatar\/1721b20b3b8ca882c3b56ec6c978c594fff670e40c0718e9190eaeeb76aae7d8?s=96&d=mm&r=g\",\"contentUrl\":\"https:\/\/secure.gravatar.com\/avatar\/1721b20b3b8ca882c3b56ec6c978c594fff670e40c0718e9190eaeeb76aae7d8?s=96&d=mm&r=g\",\"caption\":\"wpAdminCofbOrg\"},\"sameAs\":[\"http:\/\/192.168.64.122\/wordpress\"],\"url\":\"https:\/\/www.cofb.org\/ca\/author\/wpadmincofborg\/\"}]}<\/script>\n<!-- \/ Yoast SEO plugin. -->","yoast_head_json":{"title":"\"El farmac\u00e8utic pot fer un paper molt important, no nom\u00e9s a l\u2019hora de dispensar sin\u00f3 d\u2019implicar-se m\u00e9s en la persona\" Reflexions a la Diada del Farmac\u00e8utic 2018 - Col\u00b7legi de Farmac\u00e8utics de Barcelona","description":"Cinc dels farmac\u00e8utics homenatjats el passat 9 d'octubre, en el marc de la Diada del Farmac\u00e8utic 2018, ens han explicat els seus inicis al m\u00f3n de la Farm\u00e0cia, la seva traject\u00f2ria professional, com veuen el futur de la professi\u00f3 i experi\u00e8ncies que els han marcat, entre altres q\u00fcestions.","robots":{"index":"index","follow":"follow","max-snippet":"max-snippet:-1","max-image-preview":"max-image-preview:large","max-video-preview":"max-video-preview:-1"},"canonical":"https:\/\/novaorg.cofb.net\/2018\/11\/06\/farmaceutic-pot-paper-important-no-nomes-lhora-dispensar-sino-dimplicar-se-mes-persona-reflexions-diada-farmaceutic-2018\/","og_locale":"ca_ES","og_type":"article","og_title":"\"El farmac\u00e8utic pot fer un paper molt important, no nom\u00e9s a l\u2019hora de dispensar sin\u00f3 d\u2019implicar-se m\u00e9s en la persona\" Reflexions a la Diada del Farmac\u00e8utic 2018 - Col\u00b7legi de Farmac\u00e8utics de Barcelona","og_description":"Cinc dels farmac\u00e8utics homenatjats el passat 9 d'octubre, en el marc de la Diada del Farmac\u00e8utic 2018, ens han explicat els seus inicis al m\u00f3n de la Farm\u00e0cia, la seva traject\u00f2ria professional, com veuen el futur de la professi\u00f3 i experi\u00e8ncies que els han marcat, entre altres q\u00fcestions.","og_url":"https:\/\/novaorg.cofb.net\/2018\/11\/06\/farmaceutic-pot-paper-important-no-nomes-lhora-dispensar-sino-dimplicar-se-mes-persona-reflexions-diada-farmaceutic-2018\/","og_site_name":"Col\u00b7legi de Farmac\u00e8utics de Barcelona","article_publisher":"https:\/\/www.facebook.com\/farmaceuticsbcn\/","article_published_time":"2018-11-06T17:19:23+00:00","author":"wpAdminCofbOrg","twitter_card":"summary_large_image","twitter_creator":"@farmaceuticsbcn","twitter_site":"@farmaceuticsbcn","twitter_misc":{"Escrit per":"wpAdminCofbOrg","Temps estimat de lectura":"8 minuts"},"schema":{"@context":"https:\/\/schema.org","@graph":[{"@type":"Article","@id":"https:\/\/novaorg.cofb.net\/2018\/11\/06\/farmaceutic-pot-paper-important-no-nomes-lhora-dispensar-sino-dimplicar-se-mes-persona-reflexions-diada-farmaceutic-2018\/#article","isPartOf":{"@id":"https:\/\/novaorg.cofb.net\/2018\/11\/06\/farmaceutic-pot-paper-important-no-nomes-lhora-dispensar-sino-dimplicar-se-mes-persona-reflexions-diada-farmaceutic-2018\/"},"author":{"name":"wpAdminCofbOrg","@id":"https:\/\/www.cofb.org\/#\/schema\/person\/22ed7eea88da74b0fa4d3154ad87ffcb"},"headline":"&#8220;El farmac\u00e8utic pot fer un paper molt important, no nom\u00e9s a l\u2019hora de dispensar sin\u00f3 d\u2019implicar-se m\u00e9s en la persona&#8221; Reflexions a la Diada del Farmac\u00e8utic 2018","datePublished":"2018-11-06T17:19:23+00:00","dateModified":"2018-11-06T17:19:23+00:00","mainEntityOfPage":{"@id":"https:\/\/novaorg.cofb.net\/2018\/11\/06\/farmaceutic-pot-paper-important-no-nomes-lhora-dispensar-sino-dimplicar-se-mes-persona-reflexions-diada-farmaceutic-2018\/"},"wordCount":1696,"commentCount":0,"publisher":{"@id":"https:\/\/www.cofb.org\/#organization"},"image":{"@id":"https:\/\/novaorg.cofb.net\/2018\/11\/06\/farmaceutic-pot-paper-important-no-nomes-lhora-dispensar-sino-dimplicar-se-mes-persona-reflexions-diada-farmaceutic-2018\/#primaryimage"},"thumbnailUrl":"","keywords":["COFB","Col\u00b7legi de Farmac\u00e8utics de Barcelona","col\u00b7legiaci\u00f3","col\u00b7legiats","Diada","Diada del Farmac\u00e8utic","farmac\u00e8utic","farmac\u00e8utics","Farm\u00e0cia","homenatge","homenatjats","ind\u00fastria farmac\u00e8utica"],"articleSection":["M\u00f3n col\u00b7legial"],"inLanguage":"ca","potentialAction":[{"@type":"CommentAction","name":"Comment","target":["https:\/\/novaorg.cofb.net\/2018\/11\/06\/farmaceutic-pot-paper-important-no-nomes-lhora-dispensar-sino-dimplicar-se-mes-persona-reflexions-diada-farmaceutic-2018\/#respond"]}]},{"@type":"WebPage","@id":"https:\/\/novaorg.cofb.net\/2018\/11\/06\/farmaceutic-pot-paper-important-no-nomes-lhora-dispensar-sino-dimplicar-se-mes-persona-reflexions-diada-farmaceutic-2018\/","url":"https:\/\/novaorg.cofb.net\/2018\/11\/06\/farmaceutic-pot-paper-important-no-nomes-lhora-dispensar-sino-dimplicar-se-mes-persona-reflexions-diada-farmaceutic-2018\/","name":"\"El farmac\u00e8utic pot fer un paper molt important, no nom\u00e9s a l\u2019hora de dispensar sin\u00f3 d\u2019implicar-se m\u00e9s en la persona\" Reflexions a la Diada del Farmac\u00e8utic 2018 - Col\u00b7legi de Farmac\u00e8utics de Barcelona","isPartOf":{"@id":"https:\/\/www.cofb.org\/#website"},"primaryImageOfPage":{"@id":"https:\/\/novaorg.cofb.net\/2018\/11\/06\/farmaceutic-pot-paper-important-no-nomes-lhora-dispensar-sino-dimplicar-se-mes-persona-reflexions-diada-farmaceutic-2018\/#primaryimage"},"image":{"@id":"https:\/\/novaorg.cofb.net\/2018\/11\/06\/farmaceutic-pot-paper-important-no-nomes-lhora-dispensar-sino-dimplicar-se-mes-persona-reflexions-diada-farmaceutic-2018\/#primaryimage"},"thumbnailUrl":"","datePublished":"2018-11-06T17:19:23+00:00","dateModified":"2018-11-06T17:19:23+00:00","description":"Cinc dels farmac\u00e8utics homenatjats el passat 9 d'octubre, en el marc de la Diada del Farmac\u00e8utic 2018, ens han explicat els seus inicis al m\u00f3n de la Farm\u00e0cia, la seva traject\u00f2ria professional, com veuen el futur de la professi\u00f3 i experi\u00e8ncies que els han marcat, entre altres q\u00fcestions.","breadcrumb":{"@id":"https:\/\/novaorg.cofb.net\/2018\/11\/06\/farmaceutic-pot-paper-important-no-nomes-lhora-dispensar-sino-dimplicar-se-mes-persona-reflexions-diada-farmaceutic-2018\/#breadcrumb"},"inLanguage":"ca","potentialAction":[{"@type":"ReadAction","target":["https:\/\/novaorg.cofb.net\/2018\/11\/06\/farmaceutic-pot-paper-important-no-nomes-lhora-dispensar-sino-dimplicar-se-mes-persona-reflexions-diada-farmaceutic-2018\/"]}]},{"@type":"ImageObject","inLanguage":"ca","@id":"https:\/\/novaorg.cofb.net\/2018\/11\/06\/farmaceutic-pot-paper-important-no-nomes-lhora-dispensar-sino-dimplicar-se-mes-persona-reflexions-diada-farmaceutic-2018\/#primaryimage","url":"","contentUrl":""},{"@type":"BreadcrumbList","@id":"https:\/\/novaorg.cofb.net\/2018\/11\/06\/farmaceutic-pot-paper-important-no-nomes-lhora-dispensar-sino-dimplicar-se-mes-persona-reflexions-diada-farmaceutic-2018\/#breadcrumb","itemListElement":[{"@type":"ListItem","position":1,"name":"Inici","item":"https:\/\/novaorg.cofb.net\/"},{"@type":"ListItem","position":2,"name":"&#8220;El farmac\u00e8utic pot fer un paper molt important, no nom\u00e9s a l\u2019hora de dispensar sin\u00f3 d\u2019implicar-se m\u00e9s en la persona&#8221; Reflexions a la Diada del Farmac\u00e8utic 2018"}]},{"@type":"WebSite","@id":"https:\/\/www.cofb.org\/#website","url":"https:\/\/www.cofb.org\/","name":"Col\u00b7legi de Farmac\u00e8utics de Barcelona","description":"","publisher":{"@id":"https:\/\/www.cofb.org\/#organization"},"potentialAction":[{"@type":"SearchAction","target":{"@type":"EntryPoint","urlTemplate":"https:\/\/www.cofb.org\/?s={search_term_string}"},"query-input":"required name=search_term_string"}],"inLanguage":"ca"},{"@type":"Organization","@id":"https:\/\/www.cofb.org\/#organization","name":"Col\u00b7legi de Farmac\u00e8utics de Barcelona","url":"https:\/\/www.cofb.org\/","logo":{"@type":"ImageObject","inLanguage":"ca","@id":"https:\/\/www.cofb.org\/#\/schema\/logo\/image\/","url":"https:\/\/www.cofb.org\/wp-content\/uploads\/2023\/11\/cropped-Logotip-COFB.png","contentUrl":"https:\/\/www.cofb.org\/wp-content\/uploads\/2023\/11\/cropped-Logotip-COFB.png","width":500,"height":105,"caption":"Col\u00b7legi de Farmac\u00e8utics de Barcelona"},"image":{"@id":"https:\/\/www.cofb.org\/#\/schema\/logo\/image\/"},"sameAs":["https:\/\/www.facebook.com\/farmaceuticsbcn\/","https:\/\/twitter.com\/farmaceuticsbcn","https:\/\/www.instagram.com\/farmaceuticsbcn\/","https:\/\/www.linkedin.com\/company\/farmaceuticsbcn\/"]},{"@type":"Person","@id":"https:\/\/www.cofb.org\/#\/schema\/person\/22ed7eea88da74b0fa4d3154ad87ffcb","name":"wpAdminCofbOrg","image":{"@type":"ImageObject","inLanguage":"ca","@id":"https:\/\/www.cofb.org\/#\/schema\/person\/image\/","url":"https:\/\/secure.gravatar.com\/avatar\/1721b20b3b8ca882c3b56ec6c978c594fff670e40c0718e9190eaeeb76aae7d8?s=96&d=mm&r=g","contentUrl":"https:\/\/secure.gravatar.com\/avatar\/1721b20b3b8ca882c3b56ec6c978c594fff670e40c0718e9190eaeeb76aae7d8?s=96&d=mm&r=g","caption":"wpAdminCofbOrg"},"sameAs":["http:\/\/192.168.64.122\/wordpress"],"url":"https:\/\/www.cofb.org\/ca\/author\/wpadmincofborg\/"}]}},"uagb_featured_image_src":{"full":false,"thumbnail":false,"medium":false,"medium_large":false,"large":false,"1536x1536":false,"2048x2048":false,"trp-custom-language-flag":false},"uagb_author_info":{"display_name":"wpAdminCofbOrg","author_link":"https:\/\/www.cofb.org\/ca\/author\/wpadmincofborg\/"},"uagb_comment_info":0,"uagb_excerpt":"Com cada any, la Diada del Farmac\u00e8utic 2018 va servir per homenatjar els farmac\u00e8utics que complien 25, 50 i 75 anys com a membres del COFB. Com van ser els seus inicis al m\u00f3n de la Farm\u00e0cia? Com ha estat la seva traject\u00f2ria professional? Quines experi\u00e8ncies els han marcat? I, [&hellip;]","_links":{"self":[{"href":"https:\/\/www.cofb.org\/ca\/wp-json\/wp\/v2\/posts\/41648","targetHints":{"allow":["GET"]}}],"collection":[{"href":"https:\/\/www.cofb.org\/ca\/wp-json\/wp\/v2\/posts"}],"about":[{"href":"https:\/\/www.cofb.org\/ca\/wp-json\/wp\/v2\/types\/post"}],"author":[{"embeddable":true,"href":"https:\/\/www.cofb.org\/ca\/wp-json\/wp\/v2\/users\/1"}],"replies":[{"embeddable":true,"href":"https:\/\/www.cofb.org\/ca\/wp-json\/wp\/v2\/comments?post=41648"}],"version-history":[{"count":0,"href":"https:\/\/www.cofb.org\/ca\/wp-json\/wp\/v2\/posts\/41648\/revisions"}],"wp:featuredmedia":[{"embeddable":true,"href":"https:\/\/www.cofb.org\/ca\/wp-json\/"}],"wp:attachment":[{"href":"https:\/\/www.cofb.org\/ca\/wp-json\/wp\/v2\/media?parent=41648"}],"wp:term":[{"taxonomy":"category","embeddable":true,"href":"https:\/\/www.cofb.org\/ca\/wp-json\/wp\/v2\/categories?post=41648"},{"taxonomy":"post_tag","embeddable":true,"href":"https:\/\/www.cofb.org\/ca\/wp-json\/wp\/v2\/tags?post=41648"}],"curies":[{"name":"wp","href":"https:\/\/api.w.org\/{rel}","templated":true}]}}