{"id":41214,"date":"2018-10-02T18:47:04","date_gmt":"2018-10-02T16:47:04","guid":{"rendered":"https:\/\/blog.cofb.cat\/?p=41214"},"modified":"2018-10-02T18:47:04","modified_gmt":"2018-10-02T16:47:04","slug":"josep-maria-guiu-en-lambit-internacional-el-nivell-de-la-farmacia-hospitalaria-al-nostre-pais-es-considera-molt-elevat-video-entrevista","status":"publish","type":"post","link":"https:\/\/www.cofb.org\/ca\/2018\/10\/02\/josep-maria-guiu-en-lambit-internacional-el-nivell-de-la-farmacia-hospitalaria-al-nostre-pais-es-considera-molt-elevat-video-entrevista\/","title":{"rendered":"Josep Maria Guiu: &#8220;En l&#8217;\u00e0mbit internacional, el nivell de la farm\u00e0cia hospital\u00e0ria al nostre pa\u00eds es considera molt elevat&#8221; (V\u00eddeo entrevista)"},"content":{"rendered":"<p>La Federaci\u00f3 Internacional de Farmac\u00e8utics (FIP) va nomenar durant el Congr\u00e9s que es va celebrar del 2 al 6 de setembre a Glasgow <strong>el farmac\u00e8utic Josep Maria Guiu<\/strong> com a <strong>vicepresident per Europa de la Secci\u00f3 de Farm\u00e0cia Hospital\u00e0ria de la <a href=\"https:\/\/www.fip.org\/\" target=\"_blank\" rel=\"noopener\">Federaci\u00f3 Internacional de Farmac\u00e8utics (FIP)<\/a><\/strong>. Guiu \u00e9s <strong>llicenciat en Farm\u00e0cia<\/strong> per la Universitat de Barcelona (UB) i especialista en <strong>Farm\u00e0cia Hospital\u00e0ria<\/strong>. Actualment, \u00e9s cap de planificaci\u00f3 i coordinaci\u00f3 farmacoterap\u00e8utica de l&#8217;\u00c0rea de Farm\u00e0cia i del Medicament del <a href=\"http:\/\/www.consorci.org\/\" target=\"_blank\" rel=\"noopener\">Consorci de Salut i Social de Catalunya<\/a>. A m\u00e9s, \u00e9s membre del Comit\u00e8 de Recerca del <em>World Pharmacy Research Consortium<\/em>.<\/p>\n<p>Arran del seu nomenament, Guiu ens va concedir una <strong>entrevista <\/strong>per apropar-nos la<strong>\u00a0<\/strong>seva<strong> visi\u00f3 sobre la situaci\u00f3 actual de la farm\u00e0cia hospital\u00e0ria<\/strong>, que recollim a continuaci\u00f3:<\/p>\n<p><iframe src=\"https:\/\/player.vimeo.com\/video\/292965377\" width=\"640\" height=\"360\" frameborder=\"0\" allowfullscreen=\"allowfullscreen\"><\/iframe><\/p>\n<h1><span style=\"color: #008080;\"><strong>Les aportacions de la farm\u00e0cia hospital\u00e0ria al sistema de salut<\/strong><\/span><\/h1>\n<p>Per Josep Maria Guiu, els farmac\u00e8utics d&#8217;hospital poden aportar la seva expertesa dins de l&#8217;hospital i tamb\u00e9 fora d&#8217;aquest entorn,&#8221;<strong>posant molt \u00e8mfasi en el pacient ingressat<\/strong> i <strong>la seva transici\u00f3 a la resta del sistema:<\/strong> la <strong>farm\u00e0cia comunit\u00e0ria<\/strong> o els <strong>metges de fam\u00edlia<\/strong>&#8220;. Segons Guiu, &#8220;la <strong>tasca del farmac\u00e8utic hospitalari<\/strong> encara no \u00e9s suficientment coneguda <strong>fora de l&#8217;\u00e0mbit de l&#8217;hospital<\/strong>, especialment pels pacients que, en molts casos, no coneixen la figura del farmac\u00e8utic d&#8217;hospital&#8221;.<\/p>\n<h1><span style=\"color: #008080;\"><strong>Reptes en l&#8217;\u00e0mbit internacional\u00a0<\/strong><\/span><\/h1>\n<p>Segons el vicepresident per Europa de la Secci\u00f3 de Farm\u00e0cia Hospital\u00e0ria de la Federaci\u00f3 Internacional de Farmac\u00e8utics (FIP), haver estat nomenat en aquest c\u00e0rrec li permetr\u00e0 &#8220;<strong>compartir experi\u00e8ncies d&#8217;\u00e8xit del nostre pa\u00eds amb la resta de pa\u00efsos del m\u00f3n<\/strong> i <strong>col\u00b7laborar amb altres estaments internacionals de la farm\u00e0cia<\/strong>&#8220;.<\/p>\n<p>Pel que fa a les principals <strong>problem\u00e0tiques<\/strong> que hi ha dins l&#8217;\u00e0mbit de la <strong>farm\u00e0cia hospital\u00e0ria<\/strong>, Guiu destaca que alguns dels <strong>reptes compartits<\/strong> amb altres pa\u00efsos en l&#8217;\u00e0mbit internacional s\u00f3n &#8220;el <strong>desabastiment <\/strong>i l&#8217;<strong>acc\u00e9s als medicaments<\/strong>, les <strong>dificultats<\/strong> en la formaci\u00f3, la <strong>complexitat en la farmacoter\u00e0pia dels pacients, la qual cosa requereix noves compet\u00e8ncies i nous rols per part dels farmac\u00e8utics <\/strong>i altres <strong>problem\u00e0tiques m\u00e9s regionals,<\/strong> com ara les <strong>dificultats<\/strong> per <strong>trobar farmac\u00e8utics<\/strong> en alguns pa\u00efsos del m\u00f3n o les dificultats per <strong>aconseguir nivells de formaci\u00f3 suficients<\/strong> pel que fa a l&#8217;<strong>excel\u00b7l\u00e8ncia en farm\u00e0cia hospital\u00e0ria<\/strong>&#8220;.<\/p>\n<h1><span style=\"color: #008080;\"><strong>El nivell de la farm\u00e0cia hospital\u00e0ria al nostre pa\u00eds<br \/>\n<\/strong><\/span><\/h1>\n<p>Segons Guiu, &#8220;en l&#8217;\u00e0mbit internacional, es considera que el nivell de la farm\u00e0cia hospital\u00e0ria al nostre pa\u00eds \u00e9s molt elevat&#8221;. I afegeix: &#8220;tant a Catalunya com a la resta d&#8217;Espanya, tenim un nombre bastant significatiu de farmac\u00e8utics certificats per <strong>BPS (<em>Board of Pharmacy Specialties<\/em>) de l&#8217;<em>American Pharmacists Association<\/em><\/strong>&#8220;. Malgrat aix\u00f2, tamb\u00e9 destaca que &#8220;encara hi ha algunes car\u00e8ncies&#8221; com ara que no hi ha prou comunicaci\u00f3 &#8220;entre els farmac\u00e8utics d&#8217;hospital i els d&#8217;oficina de farm\u00e0cia&#8221;.<\/p>\n<figure id=\"attachment_41337\" aria-describedby=\"caption-attachment-41337\" style=\"width: 670px\" class=\"wp-caption aligncenter\"><a href=\"https:\/\/blog.cofb.cat\/wp-content\/uploads\/2018\/10\/Josep-Maria-Guiu-Congr\u00e9s-FIP-2018.jpg\"><img fetchpriority=\"high\" decoding=\"async\" class=\"wp-image-41337 size-full\" title=\"El nou vicepresident per Europa de la Secci\u00f3 de Farm\u00e0cia Hospital\u00e0ria de la Federaci\u00f3 Internacional de Farmac\u00e8utics (FIP) durant el congr\u00e9s celebrat recentment a Glasgow. (Imatge: Portalfarma)\" src=\"https:\/\/blog.cofb.cat\/wp-content\/uploads\/2018\/10\/Josep-Maria-Guiu-Congr\u00e9s-FIP-2018.jpg\" alt=\"El nou vicepresident per Europa de la Secci\u00f3 de Farm\u00e0cia Hospital\u00e0ria de la Federaci\u00f3 Internacional de Farmac\u00e8utics (FIP) durant el congr\u00e9s celebrat recentment a Glasgow. (Imatge: Portalfarma)\" width=\"670\" height=\"374\" \/><\/a><figcaption id=\"caption-attachment-41337\" class=\"wp-caption-text\">El nou vicepresident per Europa de la Secci\u00f3 de Farm\u00e0cia Hospital\u00e0ria de la Federaci\u00f3 Internacional de Farmac\u00e8utics (FIP) durant el congr\u00e9s celebrat recentment a Glasgow. (Imatge: Portalfarma)<\/figcaption><\/figure>\n<h1><span style=\"color: #008080;\"><strong>El sector farmac\u00e8utic a Catalunya<\/strong><\/span><\/h1>\n<p>Segons el vicepresident per Europa de la Secci\u00f3 de Farm\u00e0cia Hospital\u00e0ria de la FIP, &#8220;el sector farmac\u00e8utic ha passat uns anys dif\u00edcils, tant a la <strong>farm\u00e0cia comunit\u00e0ria<\/strong> com a l&#8217;<strong>hospital\u00e0ria<\/strong>, moltes vegades, marcat per les restriccions pressupost\u00e0ries&#8221;. Tot i aix\u00f2, en l&#8217;\u00e0mbit internacional, <strong>&#8220;hi ha moltes possibilitats de nous rols i d&#8217;una cartera de serveis que es pot reformar i adequar a les nostres necessitats, les dels nostres pacients i les del nostre col\u00b7lectiu&#8221;<\/strong>.<\/p>\n<h1><strong><span style=\"color: #008080;\">2020, Congr\u00e9s de la FIP a Sevilla<\/span><\/strong><\/h1>\n<p>A la part final de la conversa, el farmac\u00e8utic va explicar que el Congr\u00e9s que l&#8217;any 2020 la FIP celebrar\u00e0 a Sevilla basar\u00e0 &#8220;el seu lema en les <strong>noves tecnologies<\/strong>, ja que des del sector farmac\u00e8utic creiem que tenen un gran paper.\u00a0No nom\u00e9s el relacionat amb la <strong>prescripci\u00f3 electr\u00f2nica<\/strong> o la <strong>hist\u00f2ria cl\u00ednica electr\u00f2nica<\/strong>, sin\u00f3 tamb\u00e9 en l\u2019abordatge de les dades que ens proporcionen tots aquests sistemes com el <strong><em>big data<\/em><\/strong> o, per exemple, la <strong>introducci\u00f3 d\u2019eines d\u2019intel\u00b7lig\u00e8ncia artificial en la nostra pr\u00e0ctica cl\u00ednica di\u00e0ria<\/strong>&#8220;.<\/p>\n<p><strong>Altres publicacions d&#8217;inter\u00e8s:<\/strong><\/p>\n<ul>\n<li><a href=\"https:\/\/blog.cofb.cat\/presentacio-projectes-cofb-congres-federacio-internacional-farmaceutics\/\" target=\"_blank\" rel=\"noopener\">Presentaci\u00f3 de projectes del COFB al Congr\u00e9s de la Federaci\u00f3 Internacional de Farmac\u00e8utics (Setembre 2018)<\/a><\/li>\n<\/ul>\n<p><strong>Darreres entrevistes en v\u00eddeo publicades al Blog:<br \/>\n<\/strong><\/p>\n<ul>\n<li><a href=\"https:\/\/blog.cofb.cat\/dra-merce-boada-millorar-deteccio-lalzheimer-hem-destablir-sinergies-agents-mes-propers-poblacio-farmacies-farmaceutics-video-entrevista\/\" target=\"_blank\" rel=\"noopener\">Dra. Merc\u00e8 Boada: &#8220;Per millorar la detecci\u00f3 de l&#8217;Alzheimer, hem d&#8217;establir sinergies amb els agents m\u00e9s propers a la poblaci\u00f3, com farm\u00e0cies i farmac\u00e8utics&#8221; (V\u00eddeo entrevista) (Juliol 2018)<\/a><\/li>\n<li><a href=\"https:\/\/blog.cofb.cat\/boi-ruiz-hem-dintegrar-loficina-farmacia-element-mes-latencio-primaria-video-entrevista\/\" target=\"_blank\" rel=\"noopener\">Boi Ruiz: \u201cHem d\u2019integrar l\u2019oficina de farm\u00e0cia com un element m\u00e9s de l\u2019atenci\u00f3 prim\u00e0ria\u201d (V\u00eddeo entrevista) (Juliol 2018)<\/a><\/li>\n<li><a href=\"https:\/\/blog.cofb.cat\/tertulia-dactualitat-millorar-comunicacio-farmaceutic-pacient-millora-resultats-salut-video-entrevista\/\" target=\"_blank\" rel=\"noopener\">Tert\u00falia d\u2019actualitat: millorar la comunicaci\u00f3 farmac\u00e8utic-pacient millora els resultats de salut (v\u00eddeo entrevista) (Mar\u00e7 2018)<\/a><\/li>\n<li><a href=\"https:\/\/blog.cofb.cat\/farmaceutic-agent-important-sistema-sanitari-latencio-cronicitat-entrevista-senador-jose-martinez-olmos\/\" target=\"_blank\" rel=\"noopener\">\u201cEl farmac\u00e8utic \u00e9s un agent important del sistema sanitari en l\u2019atenci\u00f3 a la cronicitat\u201d [Entrevista al senador Jos\u00e9 Mart\u00ednez Olmos] (Abril 2018)<\/a><\/li>\n<\/ul>\n","protected":false},"excerpt":{"rendered":"<p>La Federaci\u00f3 Internacional de Farmac\u00e8utics (FIP) va nomenar durant el Congr\u00e9s que es va celebrar del 2 al 6 de setembre a Glasgow el farmac\u00e8utic Josep Maria Guiu com a vicepresident per Europa de la Secci\u00f3 de Farm\u00e0cia Hospital\u00e0ria de la Federaci\u00f3 Internacional de Farmac\u00e8utics (FIP). Guiu \u00e9s llicenciat en [&hellip;]<\/p>\n","protected":false},"author":1,"featured_media":41341,"comment_status":"open","ping_status":"open","sticky":false,"template":"","format":"standard","meta":{"_uag_custom_page_level_css":"","site-sidebar-layout":"default","site-content-layout":"","ast-site-content-layout":"default","site-content-style":"default","site-sidebar-style":"default","ast-global-header-display":"","ast-banner-title-visibility":"","ast-main-header-display":"","ast-hfb-above-header-display":"","ast-hfb-below-header-display":"","ast-hfb-mobile-header-display":"","site-post-title":"","ast-breadcrumbs-content":"","ast-featured-img":"disabled","footer-sml-layout":"","theme-transparent-header-meta":"","adv-header-id-meta":"","stick-header-meta":"","header-above-stick-meta":"","header-main-stick-meta":"","header-below-stick-meta":"","astra-migrate-meta-layouts":"default","ast-page-background-enabled":"default","ast-page-background-meta":{"desktop":{"background-color":"var(--ast-global-color-4)","background-image":"","background-repeat":"repeat","background-position":"center center","background-size":"auto","background-attachment":"scroll","background-type":"","background-media":"","overlay-type":"","overlay-color":"","overlay-opacity":"","overlay-gradient":""},"tablet":{"background-color":"","background-image":"","background-repeat":"repeat","background-position":"center center","background-size":"auto","background-attachment":"scroll","background-type":"","background-media":"","overlay-type":"","overlay-color":"","overlay-opacity":"","overlay-gradient":""},"mobile":{"background-color":"","background-image":"","background-repeat":"repeat","background-position":"center center","background-size":"auto","background-attachment":"scroll","background-type":"","background-media":"","overlay-type":"","overlay-color":"","overlay-opacity":"","overlay-gradient":""}},"ast-content-background-meta":{"desktop":{"background-color":"var(--ast-global-color-5)","background-image":"","background-repeat":"repeat","background-position":"center center","background-size":"auto","background-attachment":"scroll","background-type":"","background-media":"","overlay-type":"","overlay-color":"","overlay-opacity":"","overlay-gradient":""},"tablet":{"background-color":"var(--ast-global-color-5)","background-image":"","background-repeat":"repeat","background-position":"center center","background-size":"auto","background-attachment":"scroll","background-type":"","background-media":"","overlay-type":"","overlay-color":"","overlay-opacity":"","overlay-gradient":""},"mobile":{"background-color":"var(--ast-global-color-5)","background-image":"","background-repeat":"repeat","background-position":"center center","background-size":"auto","background-attachment":"scroll","background-type":"","background-media":"","overlay-type":"","overlay-color":"","overlay-opacity":"","overlay-gradient":""}},"footnotes":""},"categories":[23,32],"tags":[18,3248,2134,53,68,480,919,3028],"class_list":["post-41214","post","type-post","status-publish","format-standard","has-post-thumbnail","hentry","category-destacats","category-noticies-farmacia","tag-cofb","tag-congres-internacional-fip","tag-entrevista","tag-farmaceutics","tag-farmacia","tag-farmacia-hospitalaria","tag-fip","tag-video"],"yoast_head":"<!-- This site is optimized with the Yoast SEO plugin v22.4 - https:\/\/yoast.com\/wordpress\/plugins\/seo\/ -->\n<title>Josep Maria Guiu: &quot;En l&#039;\u00e0mbit internacional, el nivell de la farm\u00e0cia hospital\u00e0ria al nostre pa\u00eds es considera molt elevat&quot; (V\u00eddeo entrevista) - Col\u00b7legi de Farmac\u00e8utics de Barcelona<\/title>\n<meta name=\"robots\" content=\"index, follow, max-snippet:-1, max-image-preview:large, max-video-preview:-1\" \/>\n<link rel=\"canonical\" href=\"https:\/\/novaorg.cofb.net\/2018\/10\/02\/josep-maria-guiu-en-lambit-internacional-el-nivell-de-la-farmacia-hospitalaria-al-nostre-pais-es-considera-molt-elevat-video-entrevista\/\" \/>\n<meta property=\"og:locale\" content=\"ca_ES\" \/>\n<meta property=\"og:type\" content=\"article\" \/>\n<meta property=\"og:title\" content=\"Josep Maria Guiu: &quot;En l&#039;\u00e0mbit internacional, el nivell de la farm\u00e0cia hospital\u00e0ria al nostre pa\u00eds es considera molt elevat&quot; (V\u00eddeo entrevista) - Col\u00b7legi de Farmac\u00e8utics de Barcelona\" \/>\n<meta property=\"og:description\" content=\"La Federaci\u00f3 Internacional de Farmac\u00e8utics (FIP) va nomenar durant el Congr\u00e9s que es va celebrar del 2 al 6 de setembre a Glasgow el farmac\u00e8utic Josep Maria Guiu com a vicepresident per Europa de la Secci\u00f3 de Farm\u00e0cia Hospital\u00e0ria de la Federaci\u00f3 Internacional de Farmac\u00e8utics (FIP). Guiu \u00e9s llicenciat en [&hellip;]\" \/>\n<meta property=\"og:url\" content=\"https:\/\/novaorg.cofb.net\/2018\/10\/02\/josep-maria-guiu-en-lambit-internacional-el-nivell-de-la-farmacia-hospitalaria-al-nostre-pais-es-considera-molt-elevat-video-entrevista\/\" \/>\n<meta property=\"og:site_name\" content=\"Col\u00b7legi de Farmac\u00e8utics de Barcelona\" \/>\n<meta property=\"article:publisher\" content=\"https:\/\/www.facebook.com\/farmaceuticsbcn\/\" \/>\n<meta property=\"article:published_time\" content=\"2018-10-02T16:47:04+00:00\" \/>\n<meta name=\"author\" content=\"wpAdminCofbOrg\" \/>\n<meta name=\"twitter:card\" content=\"summary_large_image\" \/>\n<meta name=\"twitter:creator\" content=\"@farmaceuticsbcn\" \/>\n<meta name=\"twitter:site\" content=\"@farmaceuticsbcn\" \/>\n<meta name=\"twitter:label1\" content=\"Escrit per\" \/>\n\t<meta name=\"twitter:data1\" content=\"wpAdminCofbOrg\" \/>\n\t<meta name=\"twitter:label2\" content=\"Temps estimat de lectura\" \/>\n\t<meta name=\"twitter:data2\" content=\"4 minuts\" \/>\n<script type=\"application\/ld+json\" class=\"yoast-schema-graph\">{\"@context\":\"https:\/\/schema.org\",\"@graph\":[{\"@type\":\"Article\",\"@id\":\"https:\/\/novaorg.cofb.net\/2018\/10\/02\/josep-maria-guiu-en-lambit-internacional-el-nivell-de-la-farmacia-hospitalaria-al-nostre-pais-es-considera-molt-elevat-video-entrevista\/#article\",\"isPartOf\":{\"@id\":\"https:\/\/novaorg.cofb.net\/2018\/10\/02\/josep-maria-guiu-en-lambit-internacional-el-nivell-de-la-farmacia-hospitalaria-al-nostre-pais-es-considera-molt-elevat-video-entrevista\/\"},\"author\":{\"name\":\"wpAdminCofbOrg\",\"@id\":\"https:\/\/www.cofb.org\/#\/schema\/person\/22ed7eea88da74b0fa4d3154ad87ffcb\"},\"headline\":\"Josep Maria Guiu: &#8220;En l&#8217;\u00e0mbit internacional, el nivell de la farm\u00e0cia hospital\u00e0ria al nostre pa\u00eds es considera molt elevat&#8221; (V\u00eddeo entrevista)\",\"datePublished\":\"2018-10-02T16:47:04+00:00\",\"dateModified\":\"2018-10-02T16:47:04+00:00\",\"mainEntityOfPage\":{\"@id\":\"https:\/\/novaorg.cofb.net\/2018\/10\/02\/josep-maria-guiu-en-lambit-internacional-el-nivell-de-la-farmacia-hospitalaria-al-nostre-pais-es-considera-molt-elevat-video-entrevista\/\"},\"wordCount\":910,\"commentCount\":0,\"publisher\":{\"@id\":\"https:\/\/www.cofb.org\/#organization\"},\"image\":{\"@id\":\"https:\/\/novaorg.cofb.net\/2018\/10\/02\/josep-maria-guiu-en-lambit-internacional-el-nivell-de-la-farmacia-hospitalaria-al-nostre-pais-es-considera-molt-elevat-video-entrevista\/#primaryimage\"},\"thumbnailUrl\":\"\",\"keywords\":[\"COFB\",\"Congr\u00e9s Internacional FIP\",\"entrevista\",\"farmac\u00e8utics\",\"Farm\u00e0cia\",\"farm\u00e0cia hospital\u00e0ria\",\"FIP\",\"v\u00eddeo\"],\"articleSection\":[\"Destacats\",\"Not\u00edcies farm\u00e0cia\"],\"inLanguage\":\"ca\",\"potentialAction\":[{\"@type\":\"CommentAction\",\"name\":\"Comment\",\"target\":[\"https:\/\/novaorg.cofb.net\/2018\/10\/02\/josep-maria-guiu-en-lambit-internacional-el-nivell-de-la-farmacia-hospitalaria-al-nostre-pais-es-considera-molt-elevat-video-entrevista\/#respond\"]}]},{\"@type\":\"WebPage\",\"@id\":\"https:\/\/novaorg.cofb.net\/2018\/10\/02\/josep-maria-guiu-en-lambit-internacional-el-nivell-de-la-farmacia-hospitalaria-al-nostre-pais-es-considera-molt-elevat-video-entrevista\/\",\"url\":\"https:\/\/novaorg.cofb.net\/2018\/10\/02\/josep-maria-guiu-en-lambit-internacional-el-nivell-de-la-farmacia-hospitalaria-al-nostre-pais-es-considera-molt-elevat-video-entrevista\/\",\"name\":\"Josep Maria Guiu: \\\"En l'\u00e0mbit internacional, el nivell de la farm\u00e0cia hospital\u00e0ria al nostre pa\u00eds es considera molt elevat\\\" (V\u00eddeo entrevista) - Col\u00b7legi de Farmac\u00e8utics de Barcelona\",\"isPartOf\":{\"@id\":\"https:\/\/www.cofb.org\/#website\"},\"primaryImageOfPage\":{\"@id\":\"https:\/\/novaorg.cofb.net\/2018\/10\/02\/josep-maria-guiu-en-lambit-internacional-el-nivell-de-la-farmacia-hospitalaria-al-nostre-pais-es-considera-molt-elevat-video-entrevista\/#primaryimage\"},\"image\":{\"@id\":\"https:\/\/novaorg.cofb.net\/2018\/10\/02\/josep-maria-guiu-en-lambit-internacional-el-nivell-de-la-farmacia-hospitalaria-al-nostre-pais-es-considera-molt-elevat-video-entrevista\/#primaryimage\"},\"thumbnailUrl\":\"\",\"datePublished\":\"2018-10-02T16:47:04+00:00\",\"dateModified\":\"2018-10-02T16:47:04+00:00\",\"breadcrumb\":{\"@id\":\"https:\/\/novaorg.cofb.net\/2018\/10\/02\/josep-maria-guiu-en-lambit-internacional-el-nivell-de-la-farmacia-hospitalaria-al-nostre-pais-es-considera-molt-elevat-video-entrevista\/#breadcrumb\"},\"inLanguage\":\"ca\",\"potentialAction\":[{\"@type\":\"ReadAction\",\"target\":[\"https:\/\/novaorg.cofb.net\/2018\/10\/02\/josep-maria-guiu-en-lambit-internacional-el-nivell-de-la-farmacia-hospitalaria-al-nostre-pais-es-considera-molt-elevat-video-entrevista\/\"]}]},{\"@type\":\"ImageObject\",\"inLanguage\":\"ca\",\"@id\":\"https:\/\/novaorg.cofb.net\/2018\/10\/02\/josep-maria-guiu-en-lambit-internacional-el-nivell-de-la-farmacia-hospitalaria-al-nostre-pais-es-considera-molt-elevat-video-entrevista\/#primaryimage\",\"url\":\"\",\"contentUrl\":\"\"},{\"@type\":\"BreadcrumbList\",\"@id\":\"https:\/\/novaorg.cofb.net\/2018\/10\/02\/josep-maria-guiu-en-lambit-internacional-el-nivell-de-la-farmacia-hospitalaria-al-nostre-pais-es-considera-molt-elevat-video-entrevista\/#breadcrumb\",\"itemListElement\":[{\"@type\":\"ListItem\",\"position\":1,\"name\":\"Inici\",\"item\":\"https:\/\/novaorg.cofb.net\/\"},{\"@type\":\"ListItem\",\"position\":2,\"name\":\"Josep Maria Guiu: &#8220;En l&#8217;\u00e0mbit internacional, el nivell de la farm\u00e0cia hospital\u00e0ria al nostre pa\u00eds es considera molt elevat&#8221; (V\u00eddeo entrevista)\"}]},{\"@type\":\"WebSite\",\"@id\":\"https:\/\/www.cofb.org\/#website\",\"url\":\"https:\/\/www.cofb.org\/\",\"name\":\"Col\u00b7legi de Farmac\u00e8utics de Barcelona\",\"description\":\"\",\"publisher\":{\"@id\":\"https:\/\/www.cofb.org\/#organization\"},\"potentialAction\":[{\"@type\":\"SearchAction\",\"target\":{\"@type\":\"EntryPoint\",\"urlTemplate\":\"https:\/\/www.cofb.org\/?s={search_term_string}\"},\"query-input\":\"required name=search_term_string\"}],\"inLanguage\":\"ca\"},{\"@type\":\"Organization\",\"@id\":\"https:\/\/www.cofb.org\/#organization\",\"name\":\"Col\u00b7legi de Farmac\u00e8utics de Barcelona\",\"url\":\"https:\/\/www.cofb.org\/\",\"logo\":{\"@type\":\"ImageObject\",\"inLanguage\":\"ca\",\"@id\":\"https:\/\/www.cofb.org\/#\/schema\/logo\/image\/\",\"url\":\"https:\/\/www.cofb.org\/wp-content\/uploads\/2023\/11\/cropped-Logotip-COFB.png\",\"contentUrl\":\"https:\/\/www.cofb.org\/wp-content\/uploads\/2023\/11\/cropped-Logotip-COFB.png\",\"width\":500,\"height\":105,\"caption\":\"Col\u00b7legi de Farmac\u00e8utics de Barcelona\"},\"image\":{\"@id\":\"https:\/\/www.cofb.org\/#\/schema\/logo\/image\/\"},\"sameAs\":[\"https:\/\/www.facebook.com\/farmaceuticsbcn\/\",\"https:\/\/twitter.com\/farmaceuticsbcn\",\"https:\/\/www.instagram.com\/farmaceuticsbcn\/\",\"https:\/\/www.linkedin.com\/company\/farmaceuticsbcn\/\"]},{\"@type\":\"Person\",\"@id\":\"https:\/\/www.cofb.org\/#\/schema\/person\/22ed7eea88da74b0fa4d3154ad87ffcb\",\"name\":\"wpAdminCofbOrg\",\"image\":{\"@type\":\"ImageObject\",\"inLanguage\":\"ca\",\"@id\":\"https:\/\/www.cofb.org\/#\/schema\/person\/image\/\",\"url\":\"https:\/\/secure.gravatar.com\/avatar\/1721b20b3b8ca882c3b56ec6c978c594fff670e40c0718e9190eaeeb76aae7d8?s=96&d=mm&r=g\",\"contentUrl\":\"https:\/\/secure.gravatar.com\/avatar\/1721b20b3b8ca882c3b56ec6c978c594fff670e40c0718e9190eaeeb76aae7d8?s=96&d=mm&r=g\",\"caption\":\"wpAdminCofbOrg\"},\"sameAs\":[\"http:\/\/192.168.64.122\/wordpress\"],\"url\":\"https:\/\/www.cofb.org\/ca\/author\/wpadmincofborg\/\"}]}<\/script>\n<!-- \/ Yoast SEO plugin. -->","yoast_head_json":{"title":"Josep Maria Guiu: \"En l'\u00e0mbit internacional, el nivell de la farm\u00e0cia hospital\u00e0ria al nostre pa\u00eds es considera molt elevat\" (V\u00eddeo entrevista) - Col\u00b7legi de Farmac\u00e8utics de Barcelona","robots":{"index":"index","follow":"follow","max-snippet":"max-snippet:-1","max-image-preview":"max-image-preview:large","max-video-preview":"max-video-preview:-1"},"canonical":"https:\/\/novaorg.cofb.net\/2018\/10\/02\/josep-maria-guiu-en-lambit-internacional-el-nivell-de-la-farmacia-hospitalaria-al-nostre-pais-es-considera-molt-elevat-video-entrevista\/","og_locale":"ca_ES","og_type":"article","og_title":"Josep Maria Guiu: \"En l'\u00e0mbit internacional, el nivell de la farm\u00e0cia hospital\u00e0ria al nostre pa\u00eds es considera molt elevat\" (V\u00eddeo entrevista) - Col\u00b7legi de Farmac\u00e8utics de Barcelona","og_description":"La Federaci\u00f3 Internacional de Farmac\u00e8utics (FIP) va nomenar durant el Congr\u00e9s que es va celebrar del 2 al 6 de setembre a Glasgow el farmac\u00e8utic Josep Maria Guiu com a vicepresident per Europa de la Secci\u00f3 de Farm\u00e0cia Hospital\u00e0ria de la Federaci\u00f3 Internacional de Farmac\u00e8utics (FIP). Guiu \u00e9s llicenciat en [&hellip;]","og_url":"https:\/\/novaorg.cofb.net\/2018\/10\/02\/josep-maria-guiu-en-lambit-internacional-el-nivell-de-la-farmacia-hospitalaria-al-nostre-pais-es-considera-molt-elevat-video-entrevista\/","og_site_name":"Col\u00b7legi de Farmac\u00e8utics de Barcelona","article_publisher":"https:\/\/www.facebook.com\/farmaceuticsbcn\/","article_published_time":"2018-10-02T16:47:04+00:00","author":"wpAdminCofbOrg","twitter_card":"summary_large_image","twitter_creator":"@farmaceuticsbcn","twitter_site":"@farmaceuticsbcn","twitter_misc":{"Escrit per":"wpAdminCofbOrg","Temps estimat de lectura":"4 minuts"},"schema":{"@context":"https:\/\/schema.org","@graph":[{"@type":"Article","@id":"https:\/\/novaorg.cofb.net\/2018\/10\/02\/josep-maria-guiu-en-lambit-internacional-el-nivell-de-la-farmacia-hospitalaria-al-nostre-pais-es-considera-molt-elevat-video-entrevista\/#article","isPartOf":{"@id":"https:\/\/novaorg.cofb.net\/2018\/10\/02\/josep-maria-guiu-en-lambit-internacional-el-nivell-de-la-farmacia-hospitalaria-al-nostre-pais-es-considera-molt-elevat-video-entrevista\/"},"author":{"name":"wpAdminCofbOrg","@id":"https:\/\/www.cofb.org\/#\/schema\/person\/22ed7eea88da74b0fa4d3154ad87ffcb"},"headline":"Josep Maria Guiu: &#8220;En l&#8217;\u00e0mbit internacional, el nivell de la farm\u00e0cia hospital\u00e0ria al nostre pa\u00eds es considera molt elevat&#8221; (V\u00eddeo entrevista)","datePublished":"2018-10-02T16:47:04+00:00","dateModified":"2018-10-02T16:47:04+00:00","mainEntityOfPage":{"@id":"https:\/\/novaorg.cofb.net\/2018\/10\/02\/josep-maria-guiu-en-lambit-internacional-el-nivell-de-la-farmacia-hospitalaria-al-nostre-pais-es-considera-molt-elevat-video-entrevista\/"},"wordCount":910,"commentCount":0,"publisher":{"@id":"https:\/\/www.cofb.org\/#organization"},"image":{"@id":"https:\/\/novaorg.cofb.net\/2018\/10\/02\/josep-maria-guiu-en-lambit-internacional-el-nivell-de-la-farmacia-hospitalaria-al-nostre-pais-es-considera-molt-elevat-video-entrevista\/#primaryimage"},"thumbnailUrl":"","keywords":["COFB","Congr\u00e9s Internacional FIP","entrevista","farmac\u00e8utics","Farm\u00e0cia","farm\u00e0cia hospital\u00e0ria","FIP","v\u00eddeo"],"articleSection":["Destacats","Not\u00edcies farm\u00e0cia"],"inLanguage":"ca","potentialAction":[{"@type":"CommentAction","name":"Comment","target":["https:\/\/novaorg.cofb.net\/2018\/10\/02\/josep-maria-guiu-en-lambit-internacional-el-nivell-de-la-farmacia-hospitalaria-al-nostre-pais-es-considera-molt-elevat-video-entrevista\/#respond"]}]},{"@type":"WebPage","@id":"https:\/\/novaorg.cofb.net\/2018\/10\/02\/josep-maria-guiu-en-lambit-internacional-el-nivell-de-la-farmacia-hospitalaria-al-nostre-pais-es-considera-molt-elevat-video-entrevista\/","url":"https:\/\/novaorg.cofb.net\/2018\/10\/02\/josep-maria-guiu-en-lambit-internacional-el-nivell-de-la-farmacia-hospitalaria-al-nostre-pais-es-considera-molt-elevat-video-entrevista\/","name":"Josep Maria Guiu: \"En l'\u00e0mbit internacional, el nivell de la farm\u00e0cia hospital\u00e0ria al nostre pa\u00eds es considera molt elevat\" (V\u00eddeo entrevista) - Col\u00b7legi de Farmac\u00e8utics de Barcelona","isPartOf":{"@id":"https:\/\/www.cofb.org\/#website"},"primaryImageOfPage":{"@id":"https:\/\/novaorg.cofb.net\/2018\/10\/02\/josep-maria-guiu-en-lambit-internacional-el-nivell-de-la-farmacia-hospitalaria-al-nostre-pais-es-considera-molt-elevat-video-entrevista\/#primaryimage"},"image":{"@id":"https:\/\/novaorg.cofb.net\/2018\/10\/02\/josep-maria-guiu-en-lambit-internacional-el-nivell-de-la-farmacia-hospitalaria-al-nostre-pais-es-considera-molt-elevat-video-entrevista\/#primaryimage"},"thumbnailUrl":"","datePublished":"2018-10-02T16:47:04+00:00","dateModified":"2018-10-02T16:47:04+00:00","breadcrumb":{"@id":"https:\/\/novaorg.cofb.net\/2018\/10\/02\/josep-maria-guiu-en-lambit-internacional-el-nivell-de-la-farmacia-hospitalaria-al-nostre-pais-es-considera-molt-elevat-video-entrevista\/#breadcrumb"},"inLanguage":"ca","potentialAction":[{"@type":"ReadAction","target":["https:\/\/novaorg.cofb.net\/2018\/10\/02\/josep-maria-guiu-en-lambit-internacional-el-nivell-de-la-farmacia-hospitalaria-al-nostre-pais-es-considera-molt-elevat-video-entrevista\/"]}]},{"@type":"ImageObject","inLanguage":"ca","@id":"https:\/\/novaorg.cofb.net\/2018\/10\/02\/josep-maria-guiu-en-lambit-internacional-el-nivell-de-la-farmacia-hospitalaria-al-nostre-pais-es-considera-molt-elevat-video-entrevista\/#primaryimage","url":"","contentUrl":""},{"@type":"BreadcrumbList","@id":"https:\/\/novaorg.cofb.net\/2018\/10\/02\/josep-maria-guiu-en-lambit-internacional-el-nivell-de-la-farmacia-hospitalaria-al-nostre-pais-es-considera-molt-elevat-video-entrevista\/#breadcrumb","itemListElement":[{"@type":"ListItem","position":1,"name":"Inici","item":"https:\/\/novaorg.cofb.net\/"},{"@type":"ListItem","position":2,"name":"Josep Maria Guiu: &#8220;En l&#8217;\u00e0mbit internacional, el nivell de la farm\u00e0cia hospital\u00e0ria al nostre pa\u00eds es considera molt elevat&#8221; (V\u00eddeo entrevista)"}]},{"@type":"WebSite","@id":"https:\/\/www.cofb.org\/#website","url":"https:\/\/www.cofb.org\/","name":"Col\u00b7legi de Farmac\u00e8utics de Barcelona","description":"","publisher":{"@id":"https:\/\/www.cofb.org\/#organization"},"potentialAction":[{"@type":"SearchAction","target":{"@type":"EntryPoint","urlTemplate":"https:\/\/www.cofb.org\/?s={search_term_string}"},"query-input":"required name=search_term_string"}],"inLanguage":"ca"},{"@type":"Organization","@id":"https:\/\/www.cofb.org\/#organization","name":"Col\u00b7legi de Farmac\u00e8utics de Barcelona","url":"https:\/\/www.cofb.org\/","logo":{"@type":"ImageObject","inLanguage":"ca","@id":"https:\/\/www.cofb.org\/#\/schema\/logo\/image\/","url":"https:\/\/www.cofb.org\/wp-content\/uploads\/2023\/11\/cropped-Logotip-COFB.png","contentUrl":"https:\/\/www.cofb.org\/wp-content\/uploads\/2023\/11\/cropped-Logotip-COFB.png","width":500,"height":105,"caption":"Col\u00b7legi de Farmac\u00e8utics de Barcelona"},"image":{"@id":"https:\/\/www.cofb.org\/#\/schema\/logo\/image\/"},"sameAs":["https:\/\/www.facebook.com\/farmaceuticsbcn\/","https:\/\/twitter.com\/farmaceuticsbcn","https:\/\/www.instagram.com\/farmaceuticsbcn\/","https:\/\/www.linkedin.com\/company\/farmaceuticsbcn\/"]},{"@type":"Person","@id":"https:\/\/www.cofb.org\/#\/schema\/person\/22ed7eea88da74b0fa4d3154ad87ffcb","name":"wpAdminCofbOrg","image":{"@type":"ImageObject","inLanguage":"ca","@id":"https:\/\/www.cofb.org\/#\/schema\/person\/image\/","url":"https:\/\/secure.gravatar.com\/avatar\/1721b20b3b8ca882c3b56ec6c978c594fff670e40c0718e9190eaeeb76aae7d8?s=96&d=mm&r=g","contentUrl":"https:\/\/secure.gravatar.com\/avatar\/1721b20b3b8ca882c3b56ec6c978c594fff670e40c0718e9190eaeeb76aae7d8?s=96&d=mm&r=g","caption":"wpAdminCofbOrg"},"sameAs":["http:\/\/192.168.64.122\/wordpress"],"url":"https:\/\/www.cofb.org\/ca\/author\/wpadmincofborg\/"}]}},"uagb_featured_image_src":{"full":false,"thumbnail":false,"medium":false,"medium_large":false,"large":false,"1536x1536":false,"2048x2048":false,"trp-custom-language-flag":false},"uagb_author_info":{"display_name":"wpAdminCofbOrg","author_link":"https:\/\/www.cofb.org\/ca\/author\/wpadmincofborg\/"},"uagb_comment_info":0,"uagb_excerpt":"La Federaci\u00f3 Internacional de Farmac\u00e8utics (FIP) va nomenar durant el Congr\u00e9s que es va celebrar del 2 al 6 de setembre a Glasgow el farmac\u00e8utic Josep Maria Guiu com a vicepresident per Europa de la Secci\u00f3 de Farm\u00e0cia Hospital\u00e0ria de la Federaci\u00f3 Internacional de Farmac\u00e8utics (FIP). Guiu \u00e9s llicenciat en [&hellip;]","_links":{"self":[{"href":"https:\/\/www.cofb.org\/ca\/wp-json\/wp\/v2\/posts\/41214","targetHints":{"allow":["GET"]}}],"collection":[{"href":"https:\/\/www.cofb.org\/ca\/wp-json\/wp\/v2\/posts"}],"about":[{"href":"https:\/\/www.cofb.org\/ca\/wp-json\/wp\/v2\/types\/post"}],"author":[{"embeddable":true,"href":"https:\/\/www.cofb.org\/ca\/wp-json\/wp\/v2\/users\/1"}],"replies":[{"embeddable":true,"href":"https:\/\/www.cofb.org\/ca\/wp-json\/wp\/v2\/comments?post=41214"}],"version-history":[{"count":0,"href":"https:\/\/www.cofb.org\/ca\/wp-json\/wp\/v2\/posts\/41214\/revisions"}],"wp:featuredmedia":[{"embeddable":true,"href":"https:\/\/www.cofb.org\/ca\/wp-json\/"}],"wp:attachment":[{"href":"https:\/\/www.cofb.org\/ca\/wp-json\/wp\/v2\/media?parent=41214"}],"wp:term":[{"taxonomy":"category","embeddable":true,"href":"https:\/\/www.cofb.org\/ca\/wp-json\/wp\/v2\/categories?post=41214"},{"taxonomy":"post_tag","embeddable":true,"href":"https:\/\/www.cofb.org\/ca\/wp-json\/wp\/v2\/tags?post=41214"}],"curies":[{"name":"wp","href":"https:\/\/api.w.org\/{rel}","templated":true}]}}