{"id":41170,"date":"2018-09-26T10:11:38","date_gmt":"2018-09-26T08:11:38","guid":{"rendered":"https:\/\/blog.cofb.cat\/?p=41170"},"modified":"2018-09-26T10:11:38","modified_gmt":"2018-09-26T08:11:38","slug":"publicat-per-primera-vegada-a-la-central-de-resultats-un-monografic-sobre-farmacia-comunitaria","status":"publish","type":"post","link":"https:\/\/www.cofb.org\/ca\/2018\/09\/26\/publicat-per-primera-vegada-a-la-central-de-resultats-un-monografic-sobre-farmacia-comunitaria\/","title":{"rendered":"Publicat per primera vegada a la Central de Resultats un monogr\u00e0fic sobre farm\u00e0cia comunit\u00e0ria"},"content":{"rendered":"<p><strong>L\u2019evoluci\u00f3 i el creixement dels serveis professionals assistencials a les farm\u00e0cies comunit\u00e0ries de Catalunya entre 2012 i 2017.<\/strong> Aquest \u00e9s el tema del <a href=\"http:\/\/observatorisalut.gencat.cat\/web\/.content\/minisite\/observatorisalut\/ossc_central_resultats\/informes\/fitxers_estatics\/MONOGRAFIC_29_farmacia_comunitaria.pdf\" target=\"_blank\" rel=\"noopener\">monogr\u00e0fic que ha publicat la Central de Resultats<\/a>, el primer que es publica a Catalunya i a la resta de l\u2019Estat sobre farm\u00e0cia comunit\u00e0ria i que <strong>es va presentar el passat divendres 14 de setembre en un acte de l\u2019Ag\u00e8ncia de Qualitat i Avaluaci\u00f3 Sanit\u00e0ries de Catalunya (AQuAS) a Tarragona.<\/strong><\/p>\n<p>El document, elaborat per M. Pilar Gasc\u00f3n, Pilar Rius, Rafel Guayta-Escolies, \u00c0ngels Dronda i Guillermo Bagaria -membres del <strong>Consell de Col\u00b7legis Farmac\u00e8utics de Catalunya (CCFC)<\/strong>&#8211; i representants de la mateixa Ag\u00e8ncia de Qualitat, constitueix, a m\u00e9s, un <strong>primer pas per definir i incorporar indicadors de qualitat de la farm\u00e0cia comunit\u00e0ria a la Central de Resultats<\/strong>, tal com es fa amb altres recursos sanitaris, i contribuir aix\u00ed a <strong>visibilitzar el paper de la farm\u00e0cia comunit\u00e0ria en tot l&#8217;engranatge sanitari.<\/strong><\/p>\n<p style=\"text-align: center;\"><a href=\"http:\/\/observatorisalut.gencat.cat\/web\/.content\/minisite\/observatorisalut\/ossc_central_resultats\/informes\/fitxers_estatics\/MONOGRAFIC_29_farmacia_comunitaria.pdf\" target=\"_blank\" rel=\"noopener\"><img fetchpriority=\"high\" decoding=\"async\" class=\"aligncenter size-full wp-image-41200\" src=\"https:\/\/blog.cofb.cat\/wp-content\/uploads\/2018\/09\/monografic-central-de-resultats.jpg\" alt=\"\" width=\"606\" height=\"302\" \/><\/a><\/p>\n<div class=\"box info\"><\/div>\n<h1><span style=\"color: #008080;\"><strong>La Central de Resultats<\/strong><\/span><\/h1>\n<p>La <strong>Central de Resultats<\/strong> dep\u00e8n de l\u2019Ag\u00e8ncia de Qualitat i Avaluaci\u00f3 Sanit\u00e0ries de Catalunya (AQuAS) i <strong>t\u00e9 per objectiu mesurar, avaluar i difondre els resultats en salut i qualitat assolits pels diferents agents que integren el sistema sanitari<\/strong>. A m\u00e9s, vol fomentar i permetre als professionals i gestors dels serveis sanitaris la comparaci\u00f3 i el monitoratge de la qualitat i l\u2019efici\u00e8ncia per la millora cont\u00ednua de l\u2019assist\u00e8ncia.\u00a0<\/div>\n<h1><span style=\"color: #008080;\"><strong>Qu\u00e8 inclou l&#8217;informe? <\/strong><\/span><\/h1>\n<p>Sota el t\u00edtol <strong>\u201cEvoluci\u00f3 de la prestaci\u00f3 de serveis d&#8217;atenci\u00f3 farmac\u00e8utica i serveis relacionats amb la salut comunit\u00e0ria a les farm\u00e0cies de Catalunya 2012-2017\u201d<\/strong>, l&#8217;informe descriu el <strong>procediment normalitzat per a la incorporaci\u00f3 d&#8217;un nou servei farmac\u00e8utic<\/strong> i <strong>aporta les dades d&#8217;activitat i de creixement continu dels tres serveis concertats actualment:<\/strong> Programa de manteniment amb Metadona, Programa per a la determinaci\u00f3 del risc d&#8217;infecci\u00f3 del VIH per mitj\u00e0 de test r\u00e0pid i el Programa de detecci\u00f3 preco\u00e7 de c\u00e0ncer de c\u00f2lon i recte.<\/p>\n<h2><em><span style=\"color: #008080;\"><strong>Programa de manteniment amb metadona<\/strong><\/span><\/em><\/h2>\n<p>S\u2019emmarca dins de les <strong>actuacions<\/strong> i <strong>estrat\u00e8gies de reducci\u00f3 de danys,<\/strong> que pretenen <strong>disminuir els efectes negatius del consum de drogues<\/strong>.<\/p>\n<div class=\"destacat-blog\">\u00a0Segons dades de desembre de 2017 publicades al monogr\u00e0fic, hi participen <strong>158 farm\u00e0cies catalanes<\/strong>, que atenen una mitjana de <strong>m\u00e9s de 1.000 pacients<\/strong> cada mes i subministren anualment m\u00e9s de <strong>12.000 tractaments<\/strong>.\u00a0<\/div>\n<h2><em><span style=\"color: #008080;\"><strong>Programa de detecci\u00f3 preco\u00e7 del VIH amb test r\u00e0pid<\/strong><\/span><\/em><\/h2>\n<p>Per <strong>facilitar el coneixement de l\u2019estat serol\u00f2gic<\/strong> (pres\u00e8ncia o no d\u2019anticossos contra el VIH en s\u00e8rum) <strong>davant d\u2019una possible infecci\u00f3 en persones amb un elevat risc de contagi<\/strong>, s\u2019ofereix al ciutad\u00e0 la <strong>possibilitat de fer-se la prova de detecci\u00f3 r\u00e0pida de VIH<\/strong> a la farm\u00e0cia comunit\u00e0ria i saber-ne el resultat en 20 minuts aproximadament, mantenint sempre la confidencialitat. En cas de <strong>resultat reactiu, el pacient \u00e9s derivat a l\u2019hospital de refer\u00e8ncia.<\/strong><\/p>\n<div class=\"destacat-blog\">\u00a0Des de la concertaci\u00f3 del servei, <strong>129 farm\u00e0cies han realitzat el cribratge del VIH<\/strong>, han fet <strong>13.754 proves<\/strong> i han obtingut <strong>135 resultats reactius<\/strong> <strong>(10 per cada 1.000 proves)<\/strong>. Des de l\u2019any 2014 fins al 2017, s\u2019ha incrementat un 54,9% el nombre de farm\u00e0cies que ofereixen el servei i un 111, 2% el nombre de proves.\u00a0<\/div>\n<p><strong><a href=\"https:\/\/blog.cofb.cat\/wp-content\/uploads\/2018\/09\/VIH.jpg\"><img decoding=\"async\" class=\"aligncenter size-large wp-image-41204\" src=\"https:\/\/blog.cofb.cat\/wp-content\/uploads\/2018\/09\/VIH-1024x683.jpg\" alt=\"\" width=\"620\" height=\"414\" \/><\/a><\/strong><\/p>\n<h2><em><strong><span style=\"color: #008080;\">Programa de detecci\u00f3 preco\u00e7 de c\u00e0ncer de c\u00f2lon i recte<\/span><\/strong><\/em><\/h2>\n<p>T\u00e9 per objectiu <strong>reduir la incid\u00e8ncia i la mortalitat del c\u00e0ncer de c\u00f2lon i recte<\/strong> mitjan\u00e7ant la <strong>detecci\u00f3<\/strong> i el <strong>tractament dels adenomes colorectals i del c\u00e0ncer<\/strong> en fases inicials. Gr\u00e0cies a les farm\u00e0cies comunit\u00e0ries, s\u2019aconsegueix apropar el programa a la poblaci\u00f3 diana d\u2019entre 50 i 69 anys i augmentar la participaci\u00f3. Els farmac\u00e8utics distribueixen el col\u00b7lector als usuaris convidats a participar en el cribratge i l\u2019usuari el retorna a la farm\u00e0cia un cop ha recollit la mostra.<\/p>\n<div class=\"destacat-blog\">\u00a0Actualment, aquest abasta les \u00e0rees de Barcelona, Girona i Alt Pirineu i implica una mitjana mensual de <strong>643 farm\u00e0cies<\/strong>, valor que s\u2019ha multiplicat gaireb\u00e9 per 10 des de la seva concertaci\u00f3. <strong>Des del 2013 s\u2019ha incrementat un 430% el nombre de col\u00b7lectors entregats, i s\u2019ha assolit una participaci\u00f3 mitjana propera al 50% de la poblaci\u00f3 diana.\u00a0<\/strong><\/div>\n<p><img decoding=\"async\" class=\"aligncenter size-large wp-image-41205\" src=\"https:\/\/blog.cofb.cat\/wp-content\/uploads\/2018\/09\/c\u00f2lon-1024x683.jpg\" alt=\"\" width=\"620\" height=\"414\" \/><\/p>\n<h1><strong><span style=\"color: #008080;\">Catalunya, p<\/span><\/strong><strong><span style=\"color: #008080;\">ionera a E<\/span><\/strong><strong><span style=\"color: #008080;\">uropa en la integraci\u00f3 d\u2019activitats preventives i assistencials a les farm\u00e0cies comunit\u00e0ries<\/span><\/strong><\/h1>\n<p><strong>Catalunya va ser pionera a Europa en la integraci\u00f3 d\u2019activitats preventives i assistencials a les farm\u00e0cies comunit\u00e0ries, amb la publicaci\u00f3 del Llibre Blanc per la integraci\u00f3 de les activitats preventives a les oficines de farm\u00e0cia l\u2019any 1997.<\/strong> 20 anys despr\u00e9s, l\u2019aposta s\u2019ha consolidat i el Consell de Col\u00b7legis Farmac\u00e8utics de Catalunya est\u00e0 clarament orientat a integrar els serveis farmac\u00e8utics assistencials en l\u00ednies estrat\u00e8giques i projectes del Pla de Salut.<\/p>\n<p style=\"text-align: center;\"><strong>Podeu consultar <a href=\"http:\/\/www.cofb.org\/web\/guest\/Noticia\/-\/journal_content\/56_INSTANCE_V6ao\/10136\/1062248\" target=\"_blank\" rel=\"noopener\">aqu\u00ed<\/a> la nota de premsa enviada als mitjans de comunicaci\u00f3.\u00a0<\/strong><\/p>\n","protected":false},"excerpt":{"rendered":"<p>L\u2019evoluci\u00f3 i el creixement dels serveis professionals assistencials a les farm\u00e0cies comunit\u00e0ries de Catalunya entre 2012 i 2017. Aquest \u00e9s el tema del monogr\u00e0fic que ha publicat la Central de Resultats, el primer que es publica a Catalunya i a la resta de l\u2019Estat sobre farm\u00e0cia comunit\u00e0ria i que es [&hellip;]<\/p>\n","protected":false},"author":1,"featured_media":41200,"comment_status":"open","ping_status":"open","sticky":false,"template":"","format":"standard","meta":{"_uag_custom_page_level_css":"","site-sidebar-layout":"default","site-content-layout":"","ast-site-content-layout":"default","site-content-style":"default","site-sidebar-style":"default","ast-global-header-display":"","ast-banner-title-visibility":"","ast-main-header-display":"","ast-hfb-above-header-display":"","ast-hfb-below-header-display":"","ast-hfb-mobile-header-display":"","site-post-title":"","ast-breadcrumbs-content":"","ast-featured-img":"disabled","footer-sml-layout":"","theme-transparent-header-meta":"","adv-header-id-meta":"","stick-header-meta":"","header-above-stick-meta":"","header-main-stick-meta":"","header-below-stick-meta":"","astra-migrate-meta-layouts":"default","ast-page-background-enabled":"default","ast-page-background-meta":{"desktop":{"background-color":"var(--ast-global-color-4)","background-image":"","background-repeat":"repeat","background-position":"center center","background-size":"auto","background-attachment":"scroll","background-type":"","background-media":"","overlay-type":"","overlay-color":"","overlay-opacity":"","overlay-gradient":""},"tablet":{"background-color":"","background-image":"","background-repeat":"repeat","background-position":"center center","background-size":"auto","background-attachment":"scroll","background-type":"","background-media":"","overlay-type":"","overlay-color":"","overlay-opacity":"","overlay-gradient":""},"mobile":{"background-color":"","background-image":"","background-repeat":"repeat","background-position":"center center","background-size":"auto","background-attachment":"scroll","background-type":"","background-media":"","overlay-type":"","overlay-color":"","overlay-opacity":"","overlay-gradient":""}},"ast-content-background-meta":{"desktop":{"background-color":"var(--ast-global-color-5)","background-image":"","background-repeat":"repeat","background-position":"center center","background-size":"auto","background-attachment":"scroll","background-type":"","background-media":"","overlay-type":"","overlay-color":"","overlay-opacity":"","overlay-gradient":""},"tablet":{"background-color":"var(--ast-global-color-5)","background-image":"","background-repeat":"repeat","background-position":"center center","background-size":"auto","background-attachment":"scroll","background-type":"","background-media":"","overlay-type":"","overlay-color":"","overlay-opacity":"","overlay-gradient":""},"mobile":{"background-color":"var(--ast-global-color-5)","background-image":"","background-repeat":"repeat","background-position":"center center","background-size":"auto","background-attachment":"scroll","background-type":"","background-media":"","overlay-type":"","overlay-color":"","overlay-opacity":"","overlay-gradient":""}},"footnotes":""},"categories":[32],"tags":[308,3253,163,53,69,25,3254,3255,2386,266,2982,232],"class_list":["post-41170","post","type-post","status-publish","format-standard","has-post-thumbnail","hentry","category-noticies-farmacia","tag-ccfc","tag-central-de-resultats","tag-consell-de-collegis-farmaceutics-de-catalunya","tag-farmaceutics","tag-farmacia-comunitaria","tag-farmacies","tag-monografic","tag-monografic-central-de-resultats","tag-programa-de-deteccio-precoc-del-cancer-de-colon","tag-programa-de-deteccio-precoc-del-vih","tag-programa-de-manteniment-amb-metadona","tag-vih"],"yoast_head":"<!-- This site is optimized with the Yoast SEO plugin v22.4 - https:\/\/yoast.com\/wordpress\/plugins\/seo\/ -->\n<title>Publicat per primera vegada a la Central de Resultats un monogr\u00e0fic sobre farm\u00e0cia comunit\u00e0ria - Col\u00b7legi de Farmac\u00e8utics de Barcelona<\/title>\n<meta name=\"description\" content=\"L\u2019evoluci\u00f3 i el creixement dels serveis professionals assistencials a les farm\u00e0cies comunit\u00e0ries de Catalunya entre 2012 i 2017. Aquest \u00e9s el tema del monogr\u00e0fic que ha publicat la Central de Resultats, el primer que es publica a Catalunya i a la resta de l\u2019Estat sobre farm\u00e0cia comunit\u00e0ria\" \/>\n<meta name=\"robots\" content=\"index, follow, max-snippet:-1, max-image-preview:large, max-video-preview:-1\" \/>\n<link rel=\"canonical\" href=\"https:\/\/novaorg.cofb.net\/2018\/09\/26\/publicat-per-primera-vegada-a-la-central-de-resultats-un-monografic-sobre-farmacia-comunitaria\/\" \/>\n<meta property=\"og:locale\" content=\"ca_ES\" \/>\n<meta property=\"og:type\" content=\"article\" \/>\n<meta property=\"og:title\" content=\"Publicat per primera vegada a la Central de Resultats un monogr\u00e0fic sobre farm\u00e0cia comunit\u00e0ria - Col\u00b7legi de Farmac\u00e8utics de Barcelona\" \/>\n<meta property=\"og:description\" content=\"L\u2019evoluci\u00f3 i el creixement dels serveis professionals assistencials a les farm\u00e0cies comunit\u00e0ries de Catalunya entre 2012 i 2017. Aquest \u00e9s el tema del monogr\u00e0fic que ha publicat la Central de Resultats, el primer que es publica a Catalunya i a la resta de l\u2019Estat sobre farm\u00e0cia comunit\u00e0ria\" \/>\n<meta property=\"og:url\" content=\"https:\/\/novaorg.cofb.net\/2018\/09\/26\/publicat-per-primera-vegada-a-la-central-de-resultats-un-monografic-sobre-farmacia-comunitaria\/\" \/>\n<meta property=\"og:site_name\" content=\"Col\u00b7legi de Farmac\u00e8utics de Barcelona\" \/>\n<meta property=\"article:publisher\" content=\"https:\/\/www.facebook.com\/farmaceuticsbcn\/\" \/>\n<meta property=\"article:published_time\" content=\"2018-09-26T08:11:38+00:00\" \/>\n<meta name=\"author\" content=\"wpAdminCofbOrg\" \/>\n<meta name=\"twitter:card\" content=\"summary_large_image\" \/>\n<meta name=\"twitter:creator\" content=\"@farmaceuticsbcn\" \/>\n<meta name=\"twitter:site\" content=\"@farmaceuticsbcn\" \/>\n<meta name=\"twitter:label1\" content=\"Escrit per\" \/>\n\t<meta name=\"twitter:data1\" content=\"wpAdminCofbOrg\" \/>\n\t<meta name=\"twitter:label2\" content=\"Temps estimat de lectura\" \/>\n\t<meta name=\"twitter:data2\" content=\"4 minuts\" \/>\n<script type=\"application\/ld+json\" class=\"yoast-schema-graph\">{\"@context\":\"https:\/\/schema.org\",\"@graph\":[{\"@type\":\"Article\",\"@id\":\"https:\/\/novaorg.cofb.net\/2018\/09\/26\/publicat-per-primera-vegada-a-la-central-de-resultats-un-monografic-sobre-farmacia-comunitaria\/#article\",\"isPartOf\":{\"@id\":\"https:\/\/novaorg.cofb.net\/2018\/09\/26\/publicat-per-primera-vegada-a-la-central-de-resultats-un-monografic-sobre-farmacia-comunitaria\/\"},\"author\":{\"name\":\"wpAdminCofbOrg\",\"@id\":\"https:\/\/www.cofb.org\/#\/schema\/person\/22ed7eea88da74b0fa4d3154ad87ffcb\"},\"headline\":\"Publicat per primera vegada a la Central de Resultats un monogr\u00e0fic sobre farm\u00e0cia comunit\u00e0ria\",\"datePublished\":\"2018-09-26T08:11:38+00:00\",\"dateModified\":\"2018-09-26T08:11:38+00:00\",\"mainEntityOfPage\":{\"@id\":\"https:\/\/novaorg.cofb.net\/2018\/09\/26\/publicat-per-primera-vegada-a-la-central-de-resultats-un-monografic-sobre-farmacia-comunitaria\/\"},\"wordCount\":842,\"commentCount\":0,\"publisher\":{\"@id\":\"https:\/\/www.cofb.org\/#organization\"},\"image\":{\"@id\":\"https:\/\/novaorg.cofb.net\/2018\/09\/26\/publicat-per-primera-vegada-a-la-central-de-resultats-un-monografic-sobre-farmacia-comunitaria\/#primaryimage\"},\"thumbnailUrl\":\"\",\"keywords\":[\"CCFC\",\"central de resultats\",\"Consell de Col\u00b7legis Farmac\u00e8utics de Catalunya\",\"farmac\u00e8utics\",\"farm\u00e0cia comunit\u00e0ria\",\"farm\u00e0cies\",\"monogr\u00e0fic\",\"monogr\u00e0fic central de resultats\",\"Programa de Detecci\u00f3 Preco\u00e7 del C\u00e0ncer de Colon\",\"Programa de Detecci\u00f3 Preco\u00e7 del VIH\",\"programa de manteniment amb metadona\",\"VIH\"],\"articleSection\":[\"Not\u00edcies farm\u00e0cia\"],\"inLanguage\":\"ca\",\"potentialAction\":[{\"@type\":\"CommentAction\",\"name\":\"Comment\",\"target\":[\"https:\/\/novaorg.cofb.net\/2018\/09\/26\/publicat-per-primera-vegada-a-la-central-de-resultats-un-monografic-sobre-farmacia-comunitaria\/#respond\"]}]},{\"@type\":\"WebPage\",\"@id\":\"https:\/\/novaorg.cofb.net\/2018\/09\/26\/publicat-per-primera-vegada-a-la-central-de-resultats-un-monografic-sobre-farmacia-comunitaria\/\",\"url\":\"https:\/\/novaorg.cofb.net\/2018\/09\/26\/publicat-per-primera-vegada-a-la-central-de-resultats-un-monografic-sobre-farmacia-comunitaria\/\",\"name\":\"Publicat per primera vegada a la Central de Resultats un monogr\u00e0fic sobre farm\u00e0cia comunit\u00e0ria - Col\u00b7legi de Farmac\u00e8utics de Barcelona\",\"isPartOf\":{\"@id\":\"https:\/\/www.cofb.org\/#website\"},\"primaryImageOfPage\":{\"@id\":\"https:\/\/novaorg.cofb.net\/2018\/09\/26\/publicat-per-primera-vegada-a-la-central-de-resultats-un-monografic-sobre-farmacia-comunitaria\/#primaryimage\"},\"image\":{\"@id\":\"https:\/\/novaorg.cofb.net\/2018\/09\/26\/publicat-per-primera-vegada-a-la-central-de-resultats-un-monografic-sobre-farmacia-comunitaria\/#primaryimage\"},\"thumbnailUrl\":\"\",\"datePublished\":\"2018-09-26T08:11:38+00:00\",\"dateModified\":\"2018-09-26T08:11:38+00:00\",\"description\":\"L\u2019evoluci\u00f3 i el creixement dels serveis professionals assistencials a les farm\u00e0cies comunit\u00e0ries de Catalunya entre 2012 i 2017. Aquest \u00e9s el tema del monogr\u00e0fic que ha publicat la Central de Resultats, el primer que es publica a Catalunya i a la resta de l\u2019Estat sobre farm\u00e0cia comunit\u00e0ria\",\"breadcrumb\":{\"@id\":\"https:\/\/novaorg.cofb.net\/2018\/09\/26\/publicat-per-primera-vegada-a-la-central-de-resultats-un-monografic-sobre-farmacia-comunitaria\/#breadcrumb\"},\"inLanguage\":\"ca\",\"potentialAction\":[{\"@type\":\"ReadAction\",\"target\":[\"https:\/\/novaorg.cofb.net\/2018\/09\/26\/publicat-per-primera-vegada-a-la-central-de-resultats-un-monografic-sobre-farmacia-comunitaria\/\"]}]},{\"@type\":\"ImageObject\",\"inLanguage\":\"ca\",\"@id\":\"https:\/\/novaorg.cofb.net\/2018\/09\/26\/publicat-per-primera-vegada-a-la-central-de-resultats-un-monografic-sobre-farmacia-comunitaria\/#primaryimage\",\"url\":\"\",\"contentUrl\":\"\"},{\"@type\":\"BreadcrumbList\",\"@id\":\"https:\/\/novaorg.cofb.net\/2018\/09\/26\/publicat-per-primera-vegada-a-la-central-de-resultats-un-monografic-sobre-farmacia-comunitaria\/#breadcrumb\",\"itemListElement\":[{\"@type\":\"ListItem\",\"position\":1,\"name\":\"Inici\",\"item\":\"https:\/\/novaorg.cofb.net\/\"},{\"@type\":\"ListItem\",\"position\":2,\"name\":\"Publicat per primera vegada a la Central de Resultats un monogr\u00e0fic sobre farm\u00e0cia comunit\u00e0ria\"}]},{\"@type\":\"WebSite\",\"@id\":\"https:\/\/www.cofb.org\/#website\",\"url\":\"https:\/\/www.cofb.org\/\",\"name\":\"Col\u00b7legi de Farmac\u00e8utics de Barcelona\",\"description\":\"\",\"publisher\":{\"@id\":\"https:\/\/www.cofb.org\/#organization\"},\"potentialAction\":[{\"@type\":\"SearchAction\",\"target\":{\"@type\":\"EntryPoint\",\"urlTemplate\":\"https:\/\/www.cofb.org\/?s={search_term_string}\"},\"query-input\":\"required name=search_term_string\"}],\"inLanguage\":\"ca\"},{\"@type\":\"Organization\",\"@id\":\"https:\/\/www.cofb.org\/#organization\",\"name\":\"Col\u00b7legi de Farmac\u00e8utics de Barcelona\",\"url\":\"https:\/\/www.cofb.org\/\",\"logo\":{\"@type\":\"ImageObject\",\"inLanguage\":\"ca\",\"@id\":\"https:\/\/www.cofb.org\/#\/schema\/logo\/image\/\",\"url\":\"https:\/\/www.cofb.org\/wp-content\/uploads\/2023\/11\/cropped-Logotip-COFB.png\",\"contentUrl\":\"https:\/\/www.cofb.org\/wp-content\/uploads\/2023\/11\/cropped-Logotip-COFB.png\",\"width\":500,\"height\":105,\"caption\":\"Col\u00b7legi de Farmac\u00e8utics de Barcelona\"},\"image\":{\"@id\":\"https:\/\/www.cofb.org\/#\/schema\/logo\/image\/\"},\"sameAs\":[\"https:\/\/www.facebook.com\/farmaceuticsbcn\/\",\"https:\/\/twitter.com\/farmaceuticsbcn\",\"https:\/\/www.instagram.com\/farmaceuticsbcn\/\",\"https:\/\/www.linkedin.com\/company\/farmaceuticsbcn\/\"]},{\"@type\":\"Person\",\"@id\":\"https:\/\/www.cofb.org\/#\/schema\/person\/22ed7eea88da74b0fa4d3154ad87ffcb\",\"name\":\"wpAdminCofbOrg\",\"image\":{\"@type\":\"ImageObject\",\"inLanguage\":\"ca\",\"@id\":\"https:\/\/www.cofb.org\/#\/schema\/person\/image\/\",\"url\":\"https:\/\/secure.gravatar.com\/avatar\/1721b20b3b8ca882c3b56ec6c978c594fff670e40c0718e9190eaeeb76aae7d8?s=96&d=mm&r=g\",\"contentUrl\":\"https:\/\/secure.gravatar.com\/avatar\/1721b20b3b8ca882c3b56ec6c978c594fff670e40c0718e9190eaeeb76aae7d8?s=96&d=mm&r=g\",\"caption\":\"wpAdminCofbOrg\"},\"sameAs\":[\"http:\/\/192.168.64.122\/wordpress\"],\"url\":\"https:\/\/www.cofb.org\/ca\/author\/wpadmincofborg\/\"}]}<\/script>\n<!-- \/ Yoast SEO plugin. -->","yoast_head_json":{"title":"Publicat per primera vegada a la Central de Resultats un monogr\u00e0fic sobre farm\u00e0cia comunit\u00e0ria - Col\u00b7legi de Farmac\u00e8utics de Barcelona","description":"L\u2019evoluci\u00f3 i el creixement dels serveis professionals assistencials a les farm\u00e0cies comunit\u00e0ries de Catalunya entre 2012 i 2017. Aquest \u00e9s el tema del monogr\u00e0fic que ha publicat la Central de Resultats, el primer que es publica a Catalunya i a la resta de l\u2019Estat sobre farm\u00e0cia comunit\u00e0ria","robots":{"index":"index","follow":"follow","max-snippet":"max-snippet:-1","max-image-preview":"max-image-preview:large","max-video-preview":"max-video-preview:-1"},"canonical":"https:\/\/novaorg.cofb.net\/2018\/09\/26\/publicat-per-primera-vegada-a-la-central-de-resultats-un-monografic-sobre-farmacia-comunitaria\/","og_locale":"ca_ES","og_type":"article","og_title":"Publicat per primera vegada a la Central de Resultats un monogr\u00e0fic sobre farm\u00e0cia comunit\u00e0ria - Col\u00b7legi de Farmac\u00e8utics de Barcelona","og_description":"L\u2019evoluci\u00f3 i el creixement dels serveis professionals assistencials a les farm\u00e0cies comunit\u00e0ries de Catalunya entre 2012 i 2017. Aquest \u00e9s el tema del monogr\u00e0fic que ha publicat la Central de Resultats, el primer que es publica a Catalunya i a la resta de l\u2019Estat sobre farm\u00e0cia comunit\u00e0ria","og_url":"https:\/\/novaorg.cofb.net\/2018\/09\/26\/publicat-per-primera-vegada-a-la-central-de-resultats-un-monografic-sobre-farmacia-comunitaria\/","og_site_name":"Col\u00b7legi de Farmac\u00e8utics de Barcelona","article_publisher":"https:\/\/www.facebook.com\/farmaceuticsbcn\/","article_published_time":"2018-09-26T08:11:38+00:00","author":"wpAdminCofbOrg","twitter_card":"summary_large_image","twitter_creator":"@farmaceuticsbcn","twitter_site":"@farmaceuticsbcn","twitter_misc":{"Escrit per":"wpAdminCofbOrg","Temps estimat de lectura":"4 minuts"},"schema":{"@context":"https:\/\/schema.org","@graph":[{"@type":"Article","@id":"https:\/\/novaorg.cofb.net\/2018\/09\/26\/publicat-per-primera-vegada-a-la-central-de-resultats-un-monografic-sobre-farmacia-comunitaria\/#article","isPartOf":{"@id":"https:\/\/novaorg.cofb.net\/2018\/09\/26\/publicat-per-primera-vegada-a-la-central-de-resultats-un-monografic-sobre-farmacia-comunitaria\/"},"author":{"name":"wpAdminCofbOrg","@id":"https:\/\/www.cofb.org\/#\/schema\/person\/22ed7eea88da74b0fa4d3154ad87ffcb"},"headline":"Publicat per primera vegada a la Central de Resultats un monogr\u00e0fic sobre farm\u00e0cia comunit\u00e0ria","datePublished":"2018-09-26T08:11:38+00:00","dateModified":"2018-09-26T08:11:38+00:00","mainEntityOfPage":{"@id":"https:\/\/novaorg.cofb.net\/2018\/09\/26\/publicat-per-primera-vegada-a-la-central-de-resultats-un-monografic-sobre-farmacia-comunitaria\/"},"wordCount":842,"commentCount":0,"publisher":{"@id":"https:\/\/www.cofb.org\/#organization"},"image":{"@id":"https:\/\/novaorg.cofb.net\/2018\/09\/26\/publicat-per-primera-vegada-a-la-central-de-resultats-un-monografic-sobre-farmacia-comunitaria\/#primaryimage"},"thumbnailUrl":"","keywords":["CCFC","central de resultats","Consell de Col\u00b7legis Farmac\u00e8utics de Catalunya","farmac\u00e8utics","farm\u00e0cia comunit\u00e0ria","farm\u00e0cies","monogr\u00e0fic","monogr\u00e0fic central de resultats","Programa de Detecci\u00f3 Preco\u00e7 del C\u00e0ncer de Colon","Programa de Detecci\u00f3 Preco\u00e7 del VIH","programa de manteniment amb metadona","VIH"],"articleSection":["Not\u00edcies farm\u00e0cia"],"inLanguage":"ca","potentialAction":[{"@type":"CommentAction","name":"Comment","target":["https:\/\/novaorg.cofb.net\/2018\/09\/26\/publicat-per-primera-vegada-a-la-central-de-resultats-un-monografic-sobre-farmacia-comunitaria\/#respond"]}]},{"@type":"WebPage","@id":"https:\/\/novaorg.cofb.net\/2018\/09\/26\/publicat-per-primera-vegada-a-la-central-de-resultats-un-monografic-sobre-farmacia-comunitaria\/","url":"https:\/\/novaorg.cofb.net\/2018\/09\/26\/publicat-per-primera-vegada-a-la-central-de-resultats-un-monografic-sobre-farmacia-comunitaria\/","name":"Publicat per primera vegada a la Central de Resultats un monogr\u00e0fic sobre farm\u00e0cia comunit\u00e0ria - Col\u00b7legi de Farmac\u00e8utics de Barcelona","isPartOf":{"@id":"https:\/\/www.cofb.org\/#website"},"primaryImageOfPage":{"@id":"https:\/\/novaorg.cofb.net\/2018\/09\/26\/publicat-per-primera-vegada-a-la-central-de-resultats-un-monografic-sobre-farmacia-comunitaria\/#primaryimage"},"image":{"@id":"https:\/\/novaorg.cofb.net\/2018\/09\/26\/publicat-per-primera-vegada-a-la-central-de-resultats-un-monografic-sobre-farmacia-comunitaria\/#primaryimage"},"thumbnailUrl":"","datePublished":"2018-09-26T08:11:38+00:00","dateModified":"2018-09-26T08:11:38+00:00","description":"L\u2019evoluci\u00f3 i el creixement dels serveis professionals assistencials a les farm\u00e0cies comunit\u00e0ries de Catalunya entre 2012 i 2017. Aquest \u00e9s el tema del monogr\u00e0fic que ha publicat la Central de Resultats, el primer que es publica a Catalunya i a la resta de l\u2019Estat sobre farm\u00e0cia comunit\u00e0ria","breadcrumb":{"@id":"https:\/\/novaorg.cofb.net\/2018\/09\/26\/publicat-per-primera-vegada-a-la-central-de-resultats-un-monografic-sobre-farmacia-comunitaria\/#breadcrumb"},"inLanguage":"ca","potentialAction":[{"@type":"ReadAction","target":["https:\/\/novaorg.cofb.net\/2018\/09\/26\/publicat-per-primera-vegada-a-la-central-de-resultats-un-monografic-sobre-farmacia-comunitaria\/"]}]},{"@type":"ImageObject","inLanguage":"ca","@id":"https:\/\/novaorg.cofb.net\/2018\/09\/26\/publicat-per-primera-vegada-a-la-central-de-resultats-un-monografic-sobre-farmacia-comunitaria\/#primaryimage","url":"","contentUrl":""},{"@type":"BreadcrumbList","@id":"https:\/\/novaorg.cofb.net\/2018\/09\/26\/publicat-per-primera-vegada-a-la-central-de-resultats-un-monografic-sobre-farmacia-comunitaria\/#breadcrumb","itemListElement":[{"@type":"ListItem","position":1,"name":"Inici","item":"https:\/\/novaorg.cofb.net\/"},{"@type":"ListItem","position":2,"name":"Publicat per primera vegada a la Central de Resultats un monogr\u00e0fic sobre farm\u00e0cia comunit\u00e0ria"}]},{"@type":"WebSite","@id":"https:\/\/www.cofb.org\/#website","url":"https:\/\/www.cofb.org\/","name":"Col\u00b7legi de Farmac\u00e8utics de Barcelona","description":"","publisher":{"@id":"https:\/\/www.cofb.org\/#organization"},"potentialAction":[{"@type":"SearchAction","target":{"@type":"EntryPoint","urlTemplate":"https:\/\/www.cofb.org\/?s={search_term_string}"},"query-input":"required name=search_term_string"}],"inLanguage":"ca"},{"@type":"Organization","@id":"https:\/\/www.cofb.org\/#organization","name":"Col\u00b7legi de Farmac\u00e8utics de Barcelona","url":"https:\/\/www.cofb.org\/","logo":{"@type":"ImageObject","inLanguage":"ca","@id":"https:\/\/www.cofb.org\/#\/schema\/logo\/image\/","url":"https:\/\/www.cofb.org\/wp-content\/uploads\/2023\/11\/cropped-Logotip-COFB.png","contentUrl":"https:\/\/www.cofb.org\/wp-content\/uploads\/2023\/11\/cropped-Logotip-COFB.png","width":500,"height":105,"caption":"Col\u00b7legi de Farmac\u00e8utics de Barcelona"},"image":{"@id":"https:\/\/www.cofb.org\/#\/schema\/logo\/image\/"},"sameAs":["https:\/\/www.facebook.com\/farmaceuticsbcn\/","https:\/\/twitter.com\/farmaceuticsbcn","https:\/\/www.instagram.com\/farmaceuticsbcn\/","https:\/\/www.linkedin.com\/company\/farmaceuticsbcn\/"]},{"@type":"Person","@id":"https:\/\/www.cofb.org\/#\/schema\/person\/22ed7eea88da74b0fa4d3154ad87ffcb","name":"wpAdminCofbOrg","image":{"@type":"ImageObject","inLanguage":"ca","@id":"https:\/\/www.cofb.org\/#\/schema\/person\/image\/","url":"https:\/\/secure.gravatar.com\/avatar\/1721b20b3b8ca882c3b56ec6c978c594fff670e40c0718e9190eaeeb76aae7d8?s=96&d=mm&r=g","contentUrl":"https:\/\/secure.gravatar.com\/avatar\/1721b20b3b8ca882c3b56ec6c978c594fff670e40c0718e9190eaeeb76aae7d8?s=96&d=mm&r=g","caption":"wpAdminCofbOrg"},"sameAs":["http:\/\/192.168.64.122\/wordpress"],"url":"https:\/\/www.cofb.org\/ca\/author\/wpadmincofborg\/"}]}},"uagb_featured_image_src":{"full":false,"thumbnail":false,"medium":false,"medium_large":false,"large":false,"1536x1536":false,"2048x2048":false,"trp-custom-language-flag":false},"uagb_author_info":{"display_name":"wpAdminCofbOrg","author_link":"https:\/\/www.cofb.org\/ca\/author\/wpadmincofborg\/"},"uagb_comment_info":0,"uagb_excerpt":"L\u2019evoluci\u00f3 i el creixement dels serveis professionals assistencials a les farm\u00e0cies comunit\u00e0ries de Catalunya entre 2012 i 2017. Aquest \u00e9s el tema del monogr\u00e0fic que ha publicat la Central de Resultats, el primer que es publica a Catalunya i a la resta de l\u2019Estat sobre farm\u00e0cia comunit\u00e0ria i que es [&hellip;]","_links":{"self":[{"href":"https:\/\/www.cofb.org\/ca\/wp-json\/wp\/v2\/posts\/41170","targetHints":{"allow":["GET"]}}],"collection":[{"href":"https:\/\/www.cofb.org\/ca\/wp-json\/wp\/v2\/posts"}],"about":[{"href":"https:\/\/www.cofb.org\/ca\/wp-json\/wp\/v2\/types\/post"}],"author":[{"embeddable":true,"href":"https:\/\/www.cofb.org\/ca\/wp-json\/wp\/v2\/users\/1"}],"replies":[{"embeddable":true,"href":"https:\/\/www.cofb.org\/ca\/wp-json\/wp\/v2\/comments?post=41170"}],"version-history":[{"count":0,"href":"https:\/\/www.cofb.org\/ca\/wp-json\/wp\/v2\/posts\/41170\/revisions"}],"wp:featuredmedia":[{"embeddable":true,"href":"https:\/\/www.cofb.org\/ca\/wp-json\/"}],"wp:attachment":[{"href":"https:\/\/www.cofb.org\/ca\/wp-json\/wp\/v2\/media?parent=41170"}],"wp:term":[{"taxonomy":"category","embeddable":true,"href":"https:\/\/www.cofb.org\/ca\/wp-json\/wp\/v2\/categories?post=41170"},{"taxonomy":"post_tag","embeddable":true,"href":"https:\/\/www.cofb.org\/ca\/wp-json\/wp\/v2\/tags?post=41170"}],"curies":[{"name":"wp","href":"https:\/\/api.w.org\/{rel}","templated":true}]}}