{"id":41114,"date":"2018-09-21T14:45:38","date_gmt":"2018-09-21T12:45:38","guid":{"rendered":"https:\/\/blog.cofb.cat\/?p=41114"},"modified":"2018-09-21T14:45:38","modified_gmt":"2018-09-21T12:45:38","slug":"els-farmaceutics-destaquen-en-el-seu-dia-mundial-el-paper-com-a-experts-del-medicament","status":"publish","type":"post","link":"https:\/\/www.cofb.org\/ca\/2018\/09\/21\/els-farmaceutics-destaquen-en-el-seu-dia-mundial-el-paper-com-a-experts-del-medicament\/","title":{"rendered":"Els farmac\u00e8utics destaquen en el seu Dia Mundial el paper com a experts del medicament"},"content":{"rendered":"<p>El pr\u00f2xim <strong>25 de setembre<\/strong> se celebrar\u00e0\u00a0 el <strong>Dia Mundial del Farmac\u00e8utic<\/strong>, una <strong>commemoraci\u00f3 <\/strong>organitzada per la <strong>Federaci\u00f3 Internacional de Farmac\u00e8utics (FIP)<\/strong> i que aquest any t\u00e9 com a lema <strong>\u201cEls farmac\u00e8utics: els teus experts en medicaments\u201d<\/strong>.<\/p>\n<p>Amb aquest missatge, s\u2019ha volgut incidir, d\u2019una banda, en el <strong>paper del farmac\u00e8utic com a expert en el medicament<\/strong> en totes les <strong>\u00e0rees d\u2019exercici de la professi\u00f3<\/strong> i <strong>nivells assistencials<\/strong> i, de l\u2019altra, en la <strong>pres\u00e8ncia dels professionals farmac\u00e8utics<\/strong> des d\u2019<strong>\u00e0rees com <\/strong>la <strong>investigaci\u00f3<\/strong>, <strong>distribuci\u00f3<\/strong> i <strong>dispensaci\u00f3<\/strong> del medicament fins a la <strong>formaci\u00f3<\/strong> d\u2019altres professionals sanitaris i la <strong>implantaci\u00f3 de serveis professionals<\/strong> farmac\u00e8utics.<\/p>\n<h1><strong><span style=\"color: #008080;\">M\u00e9s de 8.790 farmac\u00e8utics de Barcelona, compromesos amb la millora de la salut de les persones<\/span><\/strong><\/h1>\n<p>Tasques com aquestes s\u00f3n les que a la prov\u00edncia de Barcelona desenvolupen m\u00e9s de <strong>8.790 farmac\u00e8utics<\/strong>, que treballen en els diferents \u00e0mbits d\u2019exercici de la professi\u00f3: <strong>5.526<\/strong> a les m\u00e9s de <strong>2.300 farm\u00e0cies<\/strong> de la prov\u00edncia,<strong> 441 a ind\u00fastria<\/strong>, <strong>284 a hospitals<\/strong>, <strong>189 a an\u00e0lisis<\/strong>, <strong>106 a distribuci\u00f3<\/strong>, <strong>69 a salut p\u00fablica<\/strong>, i <strong>41 a atenci\u00f3 prim\u00e0ria<\/strong>, entre d\u2019altres. Tots ells tenen com a objectiu fonamental <strong>contribuir a millorar la salut<\/strong> i el <strong>benestar<\/strong> <strong>de les persones<\/strong>.<\/p>\n<div class=\"destacat-blog\">\n<h2><img fetchpriority=\"high\" decoding=\"async\" class=\"wp-image-41123 alignleft\" src=\"https:\/\/blog.cofb.cat\/wp-content\/uploads\/2018\/09\/Dia-Mundial-del-Farmac\u00e8utic-2018.jpg\" alt=\"\" width=\"278\" height=\"365\" \/><\/h2>\n<h2><span style=\"color: #008080;\"><strong>&#8220;Els farmac\u00e8utics, els teus experts en medicaments&#8221;<\/strong><\/span><\/h2>\n<p>Amb motiu del Dia Mundial del Farmac\u00e8utic, el Consejo General de Colegios Oficiales de Farmac\u00e9uticos (CGCOF) ha dif\u00f2s diversos materials: <a href=\"http:\/\/www.portalfarma.com\/Profesionales\/campanaspf\/categorias\/Documents\/2018-Dia-Mundial-Farmaceutico-Catalan.pdf\"><strong>un cartell per als farmac\u00e8utics<\/strong><\/a>, un <a href=\"https:\/\/www.youtube.com\/watch?v=FV6dqy31s9Q\"><strong>v\u00eddeo<\/strong><\/a> i <a href=\"http:\/\/www.portalfarma.com\/SiteCollectionImages\/ND-Redes\/2018-RRSS-Dia-Mundial-Farmaceutico-Facebook-Twitter.jpg\"><strong>imatges<\/strong> <strong>per compartir a les xarxes socials<\/strong><\/a><strong>. <\/strong>Tots ells<strong>\u00a0<\/strong>posen l\u2019\u00e8mfasi en la <strong>col\u00b7laboraci\u00f3 dels farmac\u00e8utics amb la resta d\u2019agents de salut<\/strong>, <strong>la investigaci\u00f3 de nous medicaments<\/strong>, <strong>l\u2019impuls dels serveis professionals<\/strong>, la <strong>promoci\u00f3 de l\u2019\u00fas responsable dels medicaments<\/strong> i els <strong>h\u00e0bits saludables<\/strong>, la <strong>prevenci\u00f3 de la malaltia<\/strong> i la garantia de <strong>proximitat i accessibilitat del medicament als pacients.\u00a0<\/strong>Podeu descarregar els diversos materials en <a href=\"http:\/\/www.portalfarma.com\/Profesionales\/campanaspf\/categorias\/Paginas\/Varios\/Dia-Mundial-Farmaceutico-2018.aspx\" target=\"_blank\" rel=\"noopener\">aquest enlla\u00e7<\/a>.<\/p>\n<p><u><\/div>\n<p><\/u><\/p>\n<h1><strong><span style=\"color: #008080;\">Qu\u00e8 ofereix el farmac\u00e8utic a la poblaci\u00f3?<\/span><\/strong><\/h1>\n<p>Els <strong>serveis professionals<\/strong> suposen una de les <strong>contribucions m\u00e9s tangibles dels farmac\u00e8utics<\/strong> a la societat <strong>per aconseguir aquest objectiu de millorar la salut de les persones<\/strong>. Alguns dels m\u00e9s destacats s\u00f3n els seg\u00fcents:<\/p>\n<h3><strong><span style=\"color: #008080;\">\u00c0mbit del medicament<\/span><\/strong><\/h3>\n<ul>\n<li><span style=\"color: #000000;\"><strong>Servei de dosificaci\u00f3 i seguiment personalitzat de la medicaci\u00f3 a trav\u00e9s d&#8217;SPD. <\/strong>L&#8217;ofereixen <strong>m\u00e9s de 1.200 farm\u00e0cies de la prov\u00edncia de Barcelona<\/strong> per millorar l&#8217;adher\u00e8ncia als tractaments.<\/span><\/li>\n<li><span style=\"color: #000000;\"><strong>Programa de farm\u00e0cies sentinella.\u00a0<\/strong>S&#8217;ha ampliat a <strong>60 farm\u00e0cies de Catalunya<\/strong> (<strong>32 a Barcelona<\/strong>).\u00a0 <\/span><\/li>\n<\/ul>\n<h3><strong><span style=\"color: #008080;\">Programes de reducci\u00f3 de danys<\/span><\/strong><\/h3>\n<ul>\n<li><span style=\"color: #333333;\"><strong>Programa de detecci\u00f3 preco\u00e7 del VIH: 70 farm\u00e0cies<\/strong> de Barcelona hi han col\u00b7laborat. <\/span><\/li>\n<li><span style=\"color: #333333;\"><strong>Programa de manteniment amb metadona<\/strong>: M\u00e9s de <strong>700 pacients<\/strong> s&#8217;han beneficiat d&#8217;aquest programa en qu\u00e8 participen <strong>90 farm\u00e0cies<\/strong>. <\/span><\/li>\n<li><span style=\"color: #333333;\"><strong>Programa d&#8217;intercanvi de xeringues:<\/strong> M\u00e9s de <strong>288 farm\u00e0cies<\/strong> hi han contribu\u00eft recollint xeringues i proporcionant kits est\u00e8rils als usuaris.\u00a0 <\/span><\/li>\n<\/ul>\n<h1><span style=\"color: #008080;\"><strong>La farm\u00e0cia a Catalunya i Barcelona (2017)<\/strong><\/span><\/h1>\n<p>A la seg\u00fcent <strong>infografia<\/strong> us mostrem dades de la professi\u00f3 farmac\u00e8utica a Barcelona i al conjunt de Catalunya:<\/p>\n<p><a href=\"https:\/\/blog.cofb.cat\/wp-content\/uploads\/2018\/09\/INFOGRAFIA-DM-CAT.jpg\"><img decoding=\"async\" class=\"aligncenter wp-image-41143\" src=\"https:\/\/blog.cofb.cat\/wp-content\/uploads\/2018\/09\/INFOGRAFIA-DM-CAT-724x1024.jpg\" alt=\"\" width=\"485\" height=\"686\" \/><\/a><\/p>\n<h3><span style=\"color: #008080;\"><strong>Nombre de col\u00b7legiats i farm\u00e0cies<\/strong><\/span><\/h3>\n<p>A Catalunya hi ha 1<strong>1.085 farmac\u00e8utics col\u00b7legiats<\/strong> (<strong>8.796<\/strong> a Barcelona), un 1,19% i 1,2% m\u00e9s, respectivament, que l\u2019any anterior. El <strong>nombre total de farm\u00e0cies<\/strong> a Catalunya \u00e9s de <strong>3.199<\/strong> (<strong>2.312<\/strong> a Barcelona).\u00a0Una gran majoria de col\u00b7legiats (<strong>7.145 dels 11.085 col\u00b7legiats<\/strong>, el 64,46%) <strong>desenvolupen la seva activitat en alguna de les oficines de farm\u00e0cia catalanes<\/strong>. Aix\u00f2 suposa una mitjana de 2 farmac\u00e8utics per oficina de farm\u00e0cia. Concretament, a Barcelona, la proporci\u00f3 \u00e9s de 5.526 col\u00b7legiats del total de 8.796 (62,8%).<\/p>\n<h3><span style=\"color: #008080;\"><strong>\u00c0mbits d&#8217;exercici de la professi\u00f3<\/strong><\/span><\/h3>\n<p>Alhora, un important percentatge de col\u00b7legiats duen a terme la seva activitat professional en <strong>\u00e0mbits no exclusius pels farmac\u00e8utics<\/strong>, com \u00e9s el cas de<strong> salut p\u00fablica, an\u00e0lisis cl\u00edniques, ind\u00fastria i distribuci\u00f3 farmac\u00e8utica<\/strong>. D\u2019altra banda, l\u2019adscripci\u00f3 dels farmac\u00e8utics a les diferents vocalies dels Col\u00b7legis remarca l\u2019inter\u00e8s professional espec\u00edfic en algunes \u00e0rees com s\u00f3n la <strong>dermofarm\u00e0cia, l\u2019alimentaci\u00f3 i la nutrici\u00f3 o l\u2019ortop\u00e8dia<\/strong>, que es poden desenvolupar a trav\u00e9s de les diferents modalitats d\u2019exercici de la professi\u00f3.<\/p>\n<h3><strong><span style=\"color: #008080;\">Perfil dels col\u00b7legiats<\/span><\/strong><\/h3>\n<p>El <strong>perfil del llicenciat en farm\u00e0cia<\/strong> \u00e9s femen\u00ed, ja que representen el 74% de col\u00b7legiats a Catalunya i el 73,85% a Barcelona. Pel que fa a les edats, la franja d\u2019<strong>edat<\/strong> on es concentra un major nombre de col\u00b7legiats a Catalunya \u00e9s la que va dels <strong>45 a menys de 55 anys<\/strong>, seguida de la de 35 a menys de 45 anys i la de menys de 35 anys. Tamb\u00e9 s\u2019observa una <strong>feminitzaci\u00f3 progressiva<\/strong> de la professi\u00f3, ja que <strong>el nombre de dones augmenta fins a un 77% sobre el total de farmac\u00e8utics col\u00b7legiats en la franja d\u2019edat de menys de 35 anys<\/strong>, mentre que a partir de 65 anys, hi ha un 60% de dones i un 40% d\u2019homes.<\/p>\n<h3><span style=\"color: #008080;\"><strong>R\u00e0tios<\/strong><\/span><\/h3>\n<p>L\u2019extensa xarxa farmac\u00e8utica de Catalunya fa que<strong> la r\u00e0tio de farm\u00e0cies per a la poblaci\u00f3 catalana sigui de les m\u00e9s altes d\u2019Europa<\/strong>. Concretament, a Catalunya hi ha <strong>una oficina de farm\u00e0cia per cada 2.355 habitants<\/strong> i, en el cas de Barcelona, <strong>una farm\u00e0cia cada 2.412 habitants<\/strong>.<\/p>\n<div class=\"destacat-blog\">\n<h1><strong><span style=\"color: #008080;\">Compartir #SocFarmac\u00e8utic\/<\/span><\/strong><strong><span style=\"color: #008080;\">#SocFarmac\u00e8utica\u00a0<\/span><\/strong><strong><span style=\"color: #008080;\">a la xarxa<\/span><\/strong><\/h1>\n<p>Coincidint amb el Dia Mundial, <strong>el COFB anima els farmac\u00e8utics a compartir pensaments o experi\u00e8ncies que els facin sentir orgullosos de la professi\u00f3<\/strong>, amb les etiquetes\u00a0<strong>#SocFarmac\u00e8utic\u00a0<\/strong>o<strong> #SocFarmac\u00e8utica<\/strong>. En definitiva, els convida a explicar aquells <strong>moments que donen sentit a ser farmac\u00e8utica o farmac\u00e8utic<\/strong>, o el que suposa per ells exercir la professi\u00f3 a les <strong>xarxes socials<\/strong>, acompanyant l&#8217;experi\u00e8ncia, si \u00e9s possible, amb alguna\u00a0 <strong>fotografia<\/strong> o <strong>v\u00eddeo relacionat<\/strong> amb l&#8217;activitat de la farm\u00e0cia. Per ampliar la visibilitat de la publicaci\u00f3, \u00e9s recomanable incloure tamb\u00e9 els hashtags oficials del Dia Mundial<strong> #DMF2018 <\/strong>i\u00a0<strong>#worldpharmacistsday.<\/strong><\/p>\n<p><a href=\"https:\/\/blog.cofb.cat\/wp-content\/uploads\/2018\/09\/Xarxes-socials-Dia-Mundial-del-Farmac\u00e8utic-2018.jpg\"><img decoding=\"async\" class=\"wp-image-41146 size-large\" title=\"Exemples d'experi\u00e8ncies que els farmac\u00e8utics poden compartir a la xarxa amb motiu del Dia Mundial. \" src=\"https:\/\/blog.cofb.cat\/wp-content\/uploads\/2018\/09\/Xarxes-socials-Dia-Mundial-del-Farmac\u00e8utic-2018-1024x505.jpg\" alt=\"Exemples d'experi\u00e8ncies que els farmac\u00e8utics poden compartir a la xarxa amb motiu del Dia Mundial. \" width=\"620\" height=\"306\" \/><\/a> Exemples d&#8217;experi\u00e8ncies que els farmac\u00e8utics poden compartir a Twitter i Facebook amb motiu del Dia Mundial.<u style=\"font-size: 16px;\"><\/div>\n<p><\/u><strong>Altres edicions del Dia Mundial del Farmac\u00e8utic:<br \/>\n<\/strong><\/p>\n<ul>\n<li><a href=\"https:\/\/blog.cofb.cat\/dia-mundial-del-farmaceutic-accedir-al-farmaceutic-es-accedir-a-la-salut\/\" target=\"_blank\" rel=\"noopener\">2014<\/a><\/li>\n<li><a href=\"https:\/\/blog.cofb.cat\/dia-mundial-del-farmaceutic-el-teu-aliat-en-salut\/\" target=\"_blank\" rel=\"noopener\">2015<\/a><\/li>\n<li><a href=\"https:\/\/blog.cofb.cat\/els-farmaceutics-destaquen-en-el-seu-dia-mundial-el-compromis-amb-la-salut-dels-pacients\/\" target=\"_blank\" rel=\"noopener\">2016<\/a><\/li>\n<li><a href=\"https:\/\/blog.cofb.cat\/els-farmaceutics-celebren-el-seu-dia-mundial-recordant-laportacio-de-la-professio-en-la-millora-de-la-salut-de-les-persones\/\" target=\"_blank\" rel=\"noopener\">2017<\/a><\/li>\n<\/ul>\n<p>&nbsp;<\/p>\n","protected":false},"excerpt":{"rendered":"<p>El pr\u00f2xim 25 de setembre se celebrar\u00e0\u00a0 el Dia Mundial del Farmac\u00e8utic, una commemoraci\u00f3 organitzada per la Federaci\u00f3 Internacional de Farmac\u00e8utics (FIP) i que aquest any t\u00e9 com a lema \u201cEls farmac\u00e8utics: els teus experts en medicaments\u201d. Amb aquest missatge, s\u2019ha volgut incidir, d\u2019una banda, en el paper del farmac\u00e8utic [&hellip;]<\/p>\n","protected":false},"author":1,"featured_media":41164,"comment_status":"open","ping_status":"open","sticky":false,"template":"","format":"standard","meta":{"_uag_custom_page_level_css":"","site-sidebar-layout":"default","site-content-layout":"","ast-site-content-layout":"default","site-content-style":"default","site-sidebar-style":"default","ast-global-header-display":"","ast-banner-title-visibility":"","ast-main-header-display":"","ast-hfb-above-header-display":"","ast-hfb-below-header-display":"","ast-hfb-mobile-header-display":"","site-post-title":"","ast-breadcrumbs-content":"","ast-featured-img":"disabled","footer-sml-layout":"","theme-transparent-header-meta":"","adv-header-id-meta":"","stick-header-meta":"","header-above-stick-meta":"","header-main-stick-meta":"","header-below-stick-meta":"","astra-migrate-meta-layouts":"default","ast-page-background-enabled":"default","ast-page-background-meta":{"desktop":{"background-color":"var(--ast-global-color-4)","background-image":"","background-repeat":"repeat","background-position":"center center","background-size":"auto","background-attachment":"scroll","background-type":"","background-media":"","overlay-type":"","overlay-color":"","overlay-opacity":"","overlay-gradient":""},"tablet":{"background-color":"","background-image":"","background-repeat":"repeat","background-position":"center center","background-size":"auto","background-attachment":"scroll","background-type":"","background-media":"","overlay-type":"","overlay-color":"","overlay-opacity":"","overlay-gradient":""},"mobile":{"background-color":"","background-image":"","background-repeat":"repeat","background-position":"center center","background-size":"auto","background-attachment":"scroll","background-type":"","background-media":"","overlay-type":"","overlay-color":"","overlay-opacity":"","overlay-gradient":""}},"ast-content-background-meta":{"desktop":{"background-color":"var(--ast-global-color-5)","background-image":"","background-repeat":"repeat","background-position":"center center","background-size":"auto","background-attachment":"scroll","background-type":"","background-media":"","overlay-type":"","overlay-color":"","overlay-opacity":"","overlay-gradient":""},"tablet":{"background-color":"var(--ast-global-color-5)","background-image":"","background-repeat":"repeat","background-position":"center center","background-size":"auto","background-attachment":"scroll","background-type":"","background-media":"","overlay-type":"","overlay-color":"","overlay-opacity":"","overlay-gradient":""},"mobile":{"background-color":"var(--ast-global-color-5)","background-image":"","background-repeat":"repeat","background-position":"center center","background-size":"auto","background-attachment":"scroll","background-type":"","background-media":"","overlay-type":"","overlay-color":"","overlay-opacity":"","overlay-gradient":""}},"footnotes":""},"categories":[32],"tags":[2176,18,19,916,3252,53,68,2386,2982,3093,436,118,232],"class_list":["post-41114","post","type-post","status-publish","format-standard","has-post-thumbnail","hentry","category-noticies-farmacia","tag-cartera-de-serveis","tag-cofb","tag-collegi-de-farmaceutics-de-barcelona","tag-dia-mundial-del-farmaceutic","tag-dmf","tag-farmaceutics","tag-farmacia","tag-programa-de-deteccio-precoc-del-cancer-de-colon","tag-programa-de-manteniment-amb-metadona","tag-servei-de-dosificacio-i-seguiment-personalitzat","tag-serveis","tag-serveis-professionals","tag-vih"],"yoast_head":"<!-- This site is optimized with the Yoast SEO plugin v22.4 - https:\/\/yoast.com\/wordpress\/plugins\/seo\/ -->\n<title>Els farmac\u00e8utics destaquen en el seu Dia Mundial el paper com a experts del medicament - Col\u00b7legi de Farmac\u00e8utics de Barcelona<\/title>\n<meta name=\"description\" content=\"El pr\u00f2xim 25 de setembre se celebrar\u00e0\u00a0 el Dia Mundial del Farmac\u00e8utic, una commemoraci\u00f3 organitzada per la Federaci\u00f3 Internacional de Farmac\u00e8utics (FIP) i que aquest any t\u00e9 com a lema \u201cEls farmac\u00e8utics: els teus experts en medicaments\u201d.\" \/>\n<meta name=\"robots\" content=\"index, follow, max-snippet:-1, max-image-preview:large, max-video-preview:-1\" \/>\n<link rel=\"canonical\" href=\"https:\/\/novaorg.cofb.net\/2018\/09\/21\/els-farmaceutics-destaquen-en-el-seu-dia-mundial-el-paper-com-a-experts-del-medicament\/\" \/>\n<meta property=\"og:locale\" content=\"ca_ES\" \/>\n<meta property=\"og:type\" content=\"article\" \/>\n<meta property=\"og:title\" content=\"Els farmac\u00e8utics destaquen en el seu Dia Mundial el paper com a experts del medicament - Col\u00b7legi de Farmac\u00e8utics de Barcelona\" \/>\n<meta property=\"og:description\" content=\"El pr\u00f2xim 25 de setembre se celebrar\u00e0\u00a0 el Dia Mundial del Farmac\u00e8utic, una commemoraci\u00f3 organitzada per la Federaci\u00f3 Internacional de Farmac\u00e8utics (FIP) i que aquest any t\u00e9 com a lema \u201cEls farmac\u00e8utics: els teus experts en medicaments\u201d.\" \/>\n<meta property=\"og:url\" content=\"https:\/\/novaorg.cofb.net\/2018\/09\/21\/els-farmaceutics-destaquen-en-el-seu-dia-mundial-el-paper-com-a-experts-del-medicament\/\" \/>\n<meta property=\"og:site_name\" content=\"Col\u00b7legi de Farmac\u00e8utics de Barcelona\" \/>\n<meta property=\"article:publisher\" content=\"https:\/\/www.facebook.com\/farmaceuticsbcn\/\" \/>\n<meta property=\"article:published_time\" content=\"2018-09-21T12:45:38+00:00\" \/>\n<meta name=\"author\" content=\"wpAdminCofbOrg\" \/>\n<meta name=\"twitter:card\" content=\"summary_large_image\" \/>\n<meta name=\"twitter:creator\" content=\"@farmaceuticsbcn\" \/>\n<meta name=\"twitter:site\" content=\"@farmaceuticsbcn\" \/>\n<meta name=\"twitter:label1\" content=\"Escrit per\" \/>\n\t<meta name=\"twitter:data1\" content=\"wpAdminCofbOrg\" \/>\n\t<meta name=\"twitter:label2\" content=\"Temps estimat de lectura\" \/>\n\t<meta name=\"twitter:data2\" content=\"5 minuts\" \/>\n<script type=\"application\/ld+json\" class=\"yoast-schema-graph\">{\"@context\":\"https:\/\/schema.org\",\"@graph\":[{\"@type\":\"Article\",\"@id\":\"https:\/\/novaorg.cofb.net\/2018\/09\/21\/els-farmaceutics-destaquen-en-el-seu-dia-mundial-el-paper-com-a-experts-del-medicament\/#article\",\"isPartOf\":{\"@id\":\"https:\/\/novaorg.cofb.net\/2018\/09\/21\/els-farmaceutics-destaquen-en-el-seu-dia-mundial-el-paper-com-a-experts-del-medicament\/\"},\"author\":{\"name\":\"wpAdminCofbOrg\",\"@id\":\"https:\/\/www.cofb.org\/#\/schema\/person\/22ed7eea88da74b0fa4d3154ad87ffcb\"},\"headline\":\"Els farmac\u00e8utics destaquen en el seu Dia Mundial el paper com a experts del medicament\",\"datePublished\":\"2018-09-21T12:45:38+00:00\",\"dateModified\":\"2018-09-21T12:45:38+00:00\",\"mainEntityOfPage\":{\"@id\":\"https:\/\/novaorg.cofb.net\/2018\/09\/21\/els-farmaceutics-destaquen-en-el-seu-dia-mundial-el-paper-com-a-experts-del-medicament\/\"},\"wordCount\":1036,\"commentCount\":0,\"publisher\":{\"@id\":\"https:\/\/www.cofb.org\/#organization\"},\"image\":{\"@id\":\"https:\/\/novaorg.cofb.net\/2018\/09\/21\/els-farmaceutics-destaquen-en-el-seu-dia-mundial-el-paper-com-a-experts-del-medicament\/#primaryimage\"},\"thumbnailUrl\":\"\",\"keywords\":[\"cartera de serveis\",\"COFB\",\"Col\u00b7legi de Farmac\u00e8utics de Barcelona\",\"Dia Mundial del Farmac\u00e8utic\",\"DMF\",\"farmac\u00e8utics\",\"Farm\u00e0cia\",\"Programa de Detecci\u00f3 Preco\u00e7 del C\u00e0ncer de Colon\",\"programa de manteniment amb metadona\",\"servei de dosificaci\u00f3 i seguiment personalitzat\",\"serveis\",\"Serveis professionals\",\"VIH\"],\"articleSection\":[\"Not\u00edcies farm\u00e0cia\"],\"inLanguage\":\"ca\",\"potentialAction\":[{\"@type\":\"CommentAction\",\"name\":\"Comment\",\"target\":[\"https:\/\/novaorg.cofb.net\/2018\/09\/21\/els-farmaceutics-destaquen-en-el-seu-dia-mundial-el-paper-com-a-experts-del-medicament\/#respond\"]}]},{\"@type\":\"WebPage\",\"@id\":\"https:\/\/novaorg.cofb.net\/2018\/09\/21\/els-farmaceutics-destaquen-en-el-seu-dia-mundial-el-paper-com-a-experts-del-medicament\/\",\"url\":\"https:\/\/novaorg.cofb.net\/2018\/09\/21\/els-farmaceutics-destaquen-en-el-seu-dia-mundial-el-paper-com-a-experts-del-medicament\/\",\"name\":\"Els farmac\u00e8utics destaquen en el seu Dia Mundial el paper com a experts del medicament - Col\u00b7legi de Farmac\u00e8utics de Barcelona\",\"isPartOf\":{\"@id\":\"https:\/\/www.cofb.org\/#website\"},\"primaryImageOfPage\":{\"@id\":\"https:\/\/novaorg.cofb.net\/2018\/09\/21\/els-farmaceutics-destaquen-en-el-seu-dia-mundial-el-paper-com-a-experts-del-medicament\/#primaryimage\"},\"image\":{\"@id\":\"https:\/\/novaorg.cofb.net\/2018\/09\/21\/els-farmaceutics-destaquen-en-el-seu-dia-mundial-el-paper-com-a-experts-del-medicament\/#primaryimage\"},\"thumbnailUrl\":\"\",\"datePublished\":\"2018-09-21T12:45:38+00:00\",\"dateModified\":\"2018-09-21T12:45:38+00:00\",\"description\":\"El pr\u00f2xim 25 de setembre se celebrar\u00e0\u00a0 el Dia Mundial del Farmac\u00e8utic, una commemoraci\u00f3 organitzada per la Federaci\u00f3 Internacional de Farmac\u00e8utics (FIP) i que aquest any t\u00e9 com a lema \u201cEls farmac\u00e8utics: els teus experts en medicaments\u201d.\",\"breadcrumb\":{\"@id\":\"https:\/\/novaorg.cofb.net\/2018\/09\/21\/els-farmaceutics-destaquen-en-el-seu-dia-mundial-el-paper-com-a-experts-del-medicament\/#breadcrumb\"},\"inLanguage\":\"ca\",\"potentialAction\":[{\"@type\":\"ReadAction\",\"target\":[\"https:\/\/novaorg.cofb.net\/2018\/09\/21\/els-farmaceutics-destaquen-en-el-seu-dia-mundial-el-paper-com-a-experts-del-medicament\/\"]}]},{\"@type\":\"ImageObject\",\"inLanguage\":\"ca\",\"@id\":\"https:\/\/novaorg.cofb.net\/2018\/09\/21\/els-farmaceutics-destaquen-en-el-seu-dia-mundial-el-paper-com-a-experts-del-medicament\/#primaryimage\",\"url\":\"\",\"contentUrl\":\"\"},{\"@type\":\"BreadcrumbList\",\"@id\":\"https:\/\/novaorg.cofb.net\/2018\/09\/21\/els-farmaceutics-destaquen-en-el-seu-dia-mundial-el-paper-com-a-experts-del-medicament\/#breadcrumb\",\"itemListElement\":[{\"@type\":\"ListItem\",\"position\":1,\"name\":\"Inici\",\"item\":\"https:\/\/novaorg.cofb.net\/\"},{\"@type\":\"ListItem\",\"position\":2,\"name\":\"Els farmac\u00e8utics destaquen en el seu Dia Mundial el paper com a experts del medicament\"}]},{\"@type\":\"WebSite\",\"@id\":\"https:\/\/www.cofb.org\/#website\",\"url\":\"https:\/\/www.cofb.org\/\",\"name\":\"Col\u00b7legi de Farmac\u00e8utics de Barcelona\",\"description\":\"\",\"publisher\":{\"@id\":\"https:\/\/www.cofb.org\/#organization\"},\"potentialAction\":[{\"@type\":\"SearchAction\",\"target\":{\"@type\":\"EntryPoint\",\"urlTemplate\":\"https:\/\/www.cofb.org\/?s={search_term_string}\"},\"query-input\":\"required name=search_term_string\"}],\"inLanguage\":\"ca\"},{\"@type\":\"Organization\",\"@id\":\"https:\/\/www.cofb.org\/#organization\",\"name\":\"Col\u00b7legi de Farmac\u00e8utics de Barcelona\",\"url\":\"https:\/\/www.cofb.org\/\",\"logo\":{\"@type\":\"ImageObject\",\"inLanguage\":\"ca\",\"@id\":\"https:\/\/www.cofb.org\/#\/schema\/logo\/image\/\",\"url\":\"https:\/\/www.cofb.org\/wp-content\/uploads\/2023\/11\/cropped-Logotip-COFB.png\",\"contentUrl\":\"https:\/\/www.cofb.org\/wp-content\/uploads\/2023\/11\/cropped-Logotip-COFB.png\",\"width\":500,\"height\":105,\"caption\":\"Col\u00b7legi de Farmac\u00e8utics de Barcelona\"},\"image\":{\"@id\":\"https:\/\/www.cofb.org\/#\/schema\/logo\/image\/\"},\"sameAs\":[\"https:\/\/www.facebook.com\/farmaceuticsbcn\/\",\"https:\/\/twitter.com\/farmaceuticsbcn\",\"https:\/\/www.instagram.com\/farmaceuticsbcn\/\",\"https:\/\/www.linkedin.com\/company\/farmaceuticsbcn\/\"]},{\"@type\":\"Person\",\"@id\":\"https:\/\/www.cofb.org\/#\/schema\/person\/22ed7eea88da74b0fa4d3154ad87ffcb\",\"name\":\"wpAdminCofbOrg\",\"image\":{\"@type\":\"ImageObject\",\"inLanguage\":\"ca\",\"@id\":\"https:\/\/www.cofb.org\/#\/schema\/person\/image\/\",\"url\":\"https:\/\/secure.gravatar.com\/avatar\/1721b20b3b8ca882c3b56ec6c978c594fff670e40c0718e9190eaeeb76aae7d8?s=96&d=mm&r=g\",\"contentUrl\":\"https:\/\/secure.gravatar.com\/avatar\/1721b20b3b8ca882c3b56ec6c978c594fff670e40c0718e9190eaeeb76aae7d8?s=96&d=mm&r=g\",\"caption\":\"wpAdminCofbOrg\"},\"sameAs\":[\"http:\/\/192.168.64.122\/wordpress\"],\"url\":\"https:\/\/www.cofb.org\/ca\/author\/wpadmincofborg\/\"}]}<\/script>\n<!-- \/ Yoast SEO plugin. -->","yoast_head_json":{"title":"Els farmac\u00e8utics destaquen en el seu Dia Mundial el paper com a experts del medicament - Col\u00b7legi de Farmac\u00e8utics de Barcelona","description":"El pr\u00f2xim 25 de setembre se celebrar\u00e0\u00a0 el Dia Mundial del Farmac\u00e8utic, una commemoraci\u00f3 organitzada per la Federaci\u00f3 Internacional de Farmac\u00e8utics (FIP) i que aquest any t\u00e9 com a lema \u201cEls farmac\u00e8utics: els teus experts en medicaments\u201d.","robots":{"index":"index","follow":"follow","max-snippet":"max-snippet:-1","max-image-preview":"max-image-preview:large","max-video-preview":"max-video-preview:-1"},"canonical":"https:\/\/novaorg.cofb.net\/2018\/09\/21\/els-farmaceutics-destaquen-en-el-seu-dia-mundial-el-paper-com-a-experts-del-medicament\/","og_locale":"ca_ES","og_type":"article","og_title":"Els farmac\u00e8utics destaquen en el seu Dia Mundial el paper com a experts del medicament - Col\u00b7legi de Farmac\u00e8utics de Barcelona","og_description":"El pr\u00f2xim 25 de setembre se celebrar\u00e0\u00a0 el Dia Mundial del Farmac\u00e8utic, una commemoraci\u00f3 organitzada per la Federaci\u00f3 Internacional de Farmac\u00e8utics (FIP) i que aquest any t\u00e9 com a lema \u201cEls farmac\u00e8utics: els teus experts en medicaments\u201d.","og_url":"https:\/\/novaorg.cofb.net\/2018\/09\/21\/els-farmaceutics-destaquen-en-el-seu-dia-mundial-el-paper-com-a-experts-del-medicament\/","og_site_name":"Col\u00b7legi de Farmac\u00e8utics de Barcelona","article_publisher":"https:\/\/www.facebook.com\/farmaceuticsbcn\/","article_published_time":"2018-09-21T12:45:38+00:00","author":"wpAdminCofbOrg","twitter_card":"summary_large_image","twitter_creator":"@farmaceuticsbcn","twitter_site":"@farmaceuticsbcn","twitter_misc":{"Escrit per":"wpAdminCofbOrg","Temps estimat de lectura":"5 minuts"},"schema":{"@context":"https:\/\/schema.org","@graph":[{"@type":"Article","@id":"https:\/\/novaorg.cofb.net\/2018\/09\/21\/els-farmaceutics-destaquen-en-el-seu-dia-mundial-el-paper-com-a-experts-del-medicament\/#article","isPartOf":{"@id":"https:\/\/novaorg.cofb.net\/2018\/09\/21\/els-farmaceutics-destaquen-en-el-seu-dia-mundial-el-paper-com-a-experts-del-medicament\/"},"author":{"name":"wpAdminCofbOrg","@id":"https:\/\/www.cofb.org\/#\/schema\/person\/22ed7eea88da74b0fa4d3154ad87ffcb"},"headline":"Els farmac\u00e8utics destaquen en el seu Dia Mundial el paper com a experts del medicament","datePublished":"2018-09-21T12:45:38+00:00","dateModified":"2018-09-21T12:45:38+00:00","mainEntityOfPage":{"@id":"https:\/\/novaorg.cofb.net\/2018\/09\/21\/els-farmaceutics-destaquen-en-el-seu-dia-mundial-el-paper-com-a-experts-del-medicament\/"},"wordCount":1036,"commentCount":0,"publisher":{"@id":"https:\/\/www.cofb.org\/#organization"},"image":{"@id":"https:\/\/novaorg.cofb.net\/2018\/09\/21\/els-farmaceutics-destaquen-en-el-seu-dia-mundial-el-paper-com-a-experts-del-medicament\/#primaryimage"},"thumbnailUrl":"","keywords":["cartera de serveis","COFB","Col\u00b7legi de Farmac\u00e8utics de Barcelona","Dia Mundial del Farmac\u00e8utic","DMF","farmac\u00e8utics","Farm\u00e0cia","Programa de Detecci\u00f3 Preco\u00e7 del C\u00e0ncer de Colon","programa de manteniment amb metadona","servei de dosificaci\u00f3 i seguiment personalitzat","serveis","Serveis professionals","VIH"],"articleSection":["Not\u00edcies farm\u00e0cia"],"inLanguage":"ca","potentialAction":[{"@type":"CommentAction","name":"Comment","target":["https:\/\/novaorg.cofb.net\/2018\/09\/21\/els-farmaceutics-destaquen-en-el-seu-dia-mundial-el-paper-com-a-experts-del-medicament\/#respond"]}]},{"@type":"WebPage","@id":"https:\/\/novaorg.cofb.net\/2018\/09\/21\/els-farmaceutics-destaquen-en-el-seu-dia-mundial-el-paper-com-a-experts-del-medicament\/","url":"https:\/\/novaorg.cofb.net\/2018\/09\/21\/els-farmaceutics-destaquen-en-el-seu-dia-mundial-el-paper-com-a-experts-del-medicament\/","name":"Els farmac\u00e8utics destaquen en el seu Dia Mundial el paper com a experts del medicament - Col\u00b7legi de Farmac\u00e8utics de Barcelona","isPartOf":{"@id":"https:\/\/www.cofb.org\/#website"},"primaryImageOfPage":{"@id":"https:\/\/novaorg.cofb.net\/2018\/09\/21\/els-farmaceutics-destaquen-en-el-seu-dia-mundial-el-paper-com-a-experts-del-medicament\/#primaryimage"},"image":{"@id":"https:\/\/novaorg.cofb.net\/2018\/09\/21\/els-farmaceutics-destaquen-en-el-seu-dia-mundial-el-paper-com-a-experts-del-medicament\/#primaryimage"},"thumbnailUrl":"","datePublished":"2018-09-21T12:45:38+00:00","dateModified":"2018-09-21T12:45:38+00:00","description":"El pr\u00f2xim 25 de setembre se celebrar\u00e0\u00a0 el Dia Mundial del Farmac\u00e8utic, una commemoraci\u00f3 organitzada per la Federaci\u00f3 Internacional de Farmac\u00e8utics (FIP) i que aquest any t\u00e9 com a lema \u201cEls farmac\u00e8utics: els teus experts en medicaments\u201d.","breadcrumb":{"@id":"https:\/\/novaorg.cofb.net\/2018\/09\/21\/els-farmaceutics-destaquen-en-el-seu-dia-mundial-el-paper-com-a-experts-del-medicament\/#breadcrumb"},"inLanguage":"ca","potentialAction":[{"@type":"ReadAction","target":["https:\/\/novaorg.cofb.net\/2018\/09\/21\/els-farmaceutics-destaquen-en-el-seu-dia-mundial-el-paper-com-a-experts-del-medicament\/"]}]},{"@type":"ImageObject","inLanguage":"ca","@id":"https:\/\/novaorg.cofb.net\/2018\/09\/21\/els-farmaceutics-destaquen-en-el-seu-dia-mundial-el-paper-com-a-experts-del-medicament\/#primaryimage","url":"","contentUrl":""},{"@type":"BreadcrumbList","@id":"https:\/\/novaorg.cofb.net\/2018\/09\/21\/els-farmaceutics-destaquen-en-el-seu-dia-mundial-el-paper-com-a-experts-del-medicament\/#breadcrumb","itemListElement":[{"@type":"ListItem","position":1,"name":"Inici","item":"https:\/\/novaorg.cofb.net\/"},{"@type":"ListItem","position":2,"name":"Els farmac\u00e8utics destaquen en el seu Dia Mundial el paper com a experts del medicament"}]},{"@type":"WebSite","@id":"https:\/\/www.cofb.org\/#website","url":"https:\/\/www.cofb.org\/","name":"Col\u00b7legi de Farmac\u00e8utics de Barcelona","description":"","publisher":{"@id":"https:\/\/www.cofb.org\/#organization"},"potentialAction":[{"@type":"SearchAction","target":{"@type":"EntryPoint","urlTemplate":"https:\/\/www.cofb.org\/?s={search_term_string}"},"query-input":"required name=search_term_string"}],"inLanguage":"ca"},{"@type":"Organization","@id":"https:\/\/www.cofb.org\/#organization","name":"Col\u00b7legi de Farmac\u00e8utics de Barcelona","url":"https:\/\/www.cofb.org\/","logo":{"@type":"ImageObject","inLanguage":"ca","@id":"https:\/\/www.cofb.org\/#\/schema\/logo\/image\/","url":"https:\/\/www.cofb.org\/wp-content\/uploads\/2023\/11\/cropped-Logotip-COFB.png","contentUrl":"https:\/\/www.cofb.org\/wp-content\/uploads\/2023\/11\/cropped-Logotip-COFB.png","width":500,"height":105,"caption":"Col\u00b7legi de Farmac\u00e8utics de Barcelona"},"image":{"@id":"https:\/\/www.cofb.org\/#\/schema\/logo\/image\/"},"sameAs":["https:\/\/www.facebook.com\/farmaceuticsbcn\/","https:\/\/twitter.com\/farmaceuticsbcn","https:\/\/www.instagram.com\/farmaceuticsbcn\/","https:\/\/www.linkedin.com\/company\/farmaceuticsbcn\/"]},{"@type":"Person","@id":"https:\/\/www.cofb.org\/#\/schema\/person\/22ed7eea88da74b0fa4d3154ad87ffcb","name":"wpAdminCofbOrg","image":{"@type":"ImageObject","inLanguage":"ca","@id":"https:\/\/www.cofb.org\/#\/schema\/person\/image\/","url":"https:\/\/secure.gravatar.com\/avatar\/1721b20b3b8ca882c3b56ec6c978c594fff670e40c0718e9190eaeeb76aae7d8?s=96&d=mm&r=g","contentUrl":"https:\/\/secure.gravatar.com\/avatar\/1721b20b3b8ca882c3b56ec6c978c594fff670e40c0718e9190eaeeb76aae7d8?s=96&d=mm&r=g","caption":"wpAdminCofbOrg"},"sameAs":["http:\/\/192.168.64.122\/wordpress"],"url":"https:\/\/www.cofb.org\/ca\/author\/wpadmincofborg\/"}]}},"uagb_featured_image_src":{"full":false,"thumbnail":false,"medium":false,"medium_large":false,"large":false,"1536x1536":false,"2048x2048":false,"trp-custom-language-flag":false},"uagb_author_info":{"display_name":"wpAdminCofbOrg","author_link":"https:\/\/www.cofb.org\/ca\/author\/wpadmincofborg\/"},"uagb_comment_info":0,"uagb_excerpt":"El pr\u00f2xim 25 de setembre se celebrar\u00e0\u00a0 el Dia Mundial del Farmac\u00e8utic, una commemoraci\u00f3 organitzada per la Federaci\u00f3 Internacional de Farmac\u00e8utics (FIP) i que aquest any t\u00e9 com a lema \u201cEls farmac\u00e8utics: els teus experts en medicaments\u201d. Amb aquest missatge, s\u2019ha volgut incidir, d\u2019una banda, en el paper del farmac\u00e8utic [&hellip;]","_links":{"self":[{"href":"https:\/\/www.cofb.org\/ca\/wp-json\/wp\/v2\/posts\/41114","targetHints":{"allow":["GET"]}}],"collection":[{"href":"https:\/\/www.cofb.org\/ca\/wp-json\/wp\/v2\/posts"}],"about":[{"href":"https:\/\/www.cofb.org\/ca\/wp-json\/wp\/v2\/types\/post"}],"author":[{"embeddable":true,"href":"https:\/\/www.cofb.org\/ca\/wp-json\/wp\/v2\/users\/1"}],"replies":[{"embeddable":true,"href":"https:\/\/www.cofb.org\/ca\/wp-json\/wp\/v2\/comments?post=41114"}],"version-history":[{"count":0,"href":"https:\/\/www.cofb.org\/ca\/wp-json\/wp\/v2\/posts\/41114\/revisions"}],"wp:featuredmedia":[{"embeddable":true,"href":"https:\/\/www.cofb.org\/ca\/wp-json\/"}],"wp:attachment":[{"href":"https:\/\/www.cofb.org\/ca\/wp-json\/wp\/v2\/media?parent=41114"}],"wp:term":[{"taxonomy":"category","embeddable":true,"href":"https:\/\/www.cofb.org\/ca\/wp-json\/wp\/v2\/categories?post=41114"},{"taxonomy":"post_tag","embeddable":true,"href":"https:\/\/www.cofb.org\/ca\/wp-json\/wp\/v2\/tags?post=41114"}],"curies":[{"name":"wp","href":"https:\/\/api.w.org\/{rel}","templated":true}]}}