{"id":40812,"date":"2018-08-23T12:34:35","date_gmt":"2018-08-23T10:34:35","guid":{"rendered":"https:\/\/blog.cofb.cat\/?p=40812"},"modified":"2018-08-23T12:34:35","modified_gmt":"2018-08-23T10:34:35","slug":"juliol-serveis-professionals-retirada-medicaments-valsartan-formacions-collegi-temes-mes-destacats","status":"publish","type":"post","link":"https:\/\/www.cofb.org\/ca\/2018\/08\/23\/juliol-serveis-professionals-retirada-medicaments-valsartan-formacions-collegi-temes-mes-destacats\/","title":{"rendered":"Juliol: serveis professionals, la retirada de medicaments amb Valsartan i formacions del Col\u00b7legi, com a temes m\u00e9s destacats"},"content":{"rendered":"<h1><strong>Farm\u00e0cia assistencial<\/strong><\/h1>\n<p>La tasca assistencial que el farmac\u00e8utic comunitari di\u00e0riament duu a terme va seguir sent not\u00edcia durant el juliol, concretament, en tres repercussions:<\/p>\n<h2><strong><span style=\"color: #333333;\">Serveis professionals a Catalunya i Barcelona<\/span><br \/>\n<\/strong><\/h2>\n<p><a href=\"https:\/\/www.diariofarma.com\/2018\/07\/16\/la-farmacia-catalana-demuestra-con-datos-su-valor-asistencial\" target=\"_blank\" rel=\"noopener\">Diariofarma<\/a> va publicar el 16 de juliol <strong>un reportatge sobre els diferents programes que les farm\u00e0cies de Catalunya i, concretament Barcelona, ofereixen als seus usuaris<\/strong>. La pe\u00e7a recull declaracions del vicetresorer i responsable d\u2019Atenci\u00f3 Farmac\u00e8utica del COFB, <strong>Guillermo Bagaria<\/strong>, que <strong>emfatitzava en la import\u00e0ncia d\u2019apostar per aquest cam\u00ed per tal de donar valor a la professi\u00f3<\/strong>. Al llarg del text, el mitj\u00e0 <strong>comparteix diverses dades que permeten comprovar la rebuda i el creixement d\u2019aquest rol professional.<\/strong><\/p>\n<figure id=\"attachment_40822\" aria-describedby=\"caption-attachment-40822\" style=\"width: 618px\" class=\"wp-caption aligncenter\"><a href=\"https:\/\/blog.cofb.cat\/wp-content\/uploads\/2018\/08\/3.jpg\"><img fetchpriority=\"high\" decoding=\"async\" class=\"wp-image-40822 size-full\" src=\"https:\/\/blog.cofb.cat\/wp-content\/uploads\/2018\/08\/3.jpg\" alt=\"Diariofarma informant dels diversos serveis assistencials que es duen a terme a Barcelona i Catalunya.\" width=\"618\" height=\"240\" \/><\/a><figcaption id=\"caption-attachment-40822\" class=\"wp-caption-text\">Diariofarma informant dels diversos serveis assistencials que es duen a terme a Barcelona i Catalunya.<\/figcaption><\/figure>\n<h2><span style=\"color: #333333;\"><strong>Sistema Personalitzat de Dosificaci\u00f3 i campanya \u201cAtenci\u00f3 Medicaci\u00f3\u201d<\/strong><\/span><\/h2>\n<p>El servei de dosificaci\u00f3 i seguiment personalitzat de la medicaci\u00f3 va ser protagonista al programa <a href=\"http:\/\/www.rtve.es\/alacarta\/audios\/farmacia-abierta\/farmacia-abierta-seguimiento-tratamientos-desde-farmacias-barcelona-09-07-18\/4658145\/\" target=\"_blank\" rel=\"noopener\"><em>Farmacia Abierta<\/em><\/a> de Radio 5. El mitj\u00e0 va dedicar l\u2019emissi\u00f3 del 9 de juliol a explicar <strong>en qu\u00e8 consisteix aquest servei que es realitza a Catalunya, aportar dades<\/strong> i, alhora, <strong>va parlar de la campanya de comunicaci\u00f3 \u201cAtenci\u00f3 Medicaci\u00f3\u201d<\/strong> que vam dur a terme per donar-li visibilitat. <strong>Francisca Aranzana<\/strong>, vocal d\u2019Oficina de Farm\u00e0cia del Col\u00b7legi, va fer de portaveu.<\/p>\n<h2><strong><span style=\"color: #333333;\">Farm\u00e0cies sentinella<\/span><\/strong><\/h2>\n<p>Finalment, al juliol tamb\u00e9 es va informar sobre<strong> la xarxa de Farm\u00e0cies sentinella de Catalunya<\/strong>. Concretament, qui en va parlar va ser <a href=\"https:\/\/www.correofarmaceutico.com\/profesion\/cataluna-implantara-mejoras-en-su-red-de-farmacias-centinela.html\" target=\"_blank\" rel=\"noopener\">Correo Farmac\u00e9utico<\/a>, que va fer una not\u00edcia sobre <strong>les diferents millores que es volen implementar en el servei<\/strong>. A m\u00e9s, el mitj\u00e0 va recollir declaracions de <strong>Pilar Rius<\/strong>, secret\u00e0ria del Consell, i <strong>Maria Perell\u00f3<\/strong>, membre del Centre d&#8217;Informaci\u00f3 del Medicament (CIM) del Col\u00b7legi. <strong>Rius va explicar les valoracions de les farm\u00e0cies respecte el servei i Perell\u00f3, per la seva banda, va informar sobre el seu funcionament.<\/strong><\/p>\n<figure id=\"attachment_40836\" aria-describedby=\"caption-attachment-40836\" style=\"width: 618px\" class=\"wp-caption aligncenter\"><a href=\"https:\/\/www.correofarmaceutico.com\/profesion\/cataluna-implantara-mejoras-en-su-red-de-farmacias-centinela.html\" target=\"_blank\" rel=\"noopener\"><img decoding=\"async\" class=\"size-full wp-image-40836\" src=\"https:\/\/blog.cofb.cat\/wp-content\/uploads\/2018\/08\/plantilla-per-pantallazos.jpg\" alt=\"Pe\u00e7a de Correo Farmac\u00e9utico sobre la xarxa de Farm\u00e0cies sentinella de Catalunya.\" width=\"618\" height=\"240\" \/><\/a><figcaption id=\"caption-attachment-40836\" class=\"wp-caption-text\">Pe\u00e7a de Correo Farmac\u00e9utico sobre la xarxa de Farm\u00e0cies sentinella de Catalunya.<\/figcaption><\/figure>\n<div class=\"custom-divider\"><\/div>\n<h1><strong>Retirada de medicaments que contenen Valsartan<\/strong><\/h1>\n<p>A mitjans de juliol, la premsa va informar sobre l<strong>a retirada d\u2019uns lots espec\u00edfics que contenien el principi actiu Valsartan, ja que es van detectar impureses en aquest element que podien causar c\u00e0ncer<\/strong>. Per tal de saber-ne m\u00e9s, dues televisions catalanes, <a href=\"http:\/\/www.ccma.cat\/tv3\/alacarta\/els-matins\/sanitat-retira-mes-de-100-medicaments-per-a-la-hipertensio\/video\/5775757\/\" target=\"_blank\" rel=\"noopener\">TV3<\/a> i <a href=\"https:\/\/beteve.cat\/societat\/sanitat-retira-valsartan-hipertensio\/\" target=\"_blank\" rel=\"noopener\">Betev\u00e9<\/a>, van parlar amb <strong>N\u00faria Casamitjana<\/strong>, responsable del Centre d\u2019Informaci\u00f3 del Medicament del COFB. Tant en el magaz\u00edn informatiu <em>Els matins <\/em>de TV3 com a la televisi\u00f3 de Barcelona, Casamitjana <strong>va apaivagar l\u2019alerta i va recomanar que els pacients que pateixen hipertensi\u00f3 i prenen aquests f\u00e0rmacs s\u2019apropessin a les farm\u00e0cies per saber si el seu lot estava afectat i qu\u00e8 fer al respecte.<\/strong><\/p>\n<figure id=\"attachment_40831\" aria-describedby=\"caption-attachment-40831\" style=\"width: 620px\" class=\"wp-caption aligncenter\"><a href=\"http:\/\/www.ccma.cat\/tv3\/alacarta\/els-matins\/sanitat-retira-mes-de-100-medicaments-per-a-la-hipertensio\/video\/5775757\/\" target=\"_blank\" rel=\"noopener\"><img decoding=\"async\" class=\"wp-image-40831 size-large\" src=\"https:\/\/blog.cofb.cat\/wp-content\/uploads\/2018\/08\/2tv3-min-1024x553.png\" alt=\"N\u00faria Casamitjana a Els Matins de TV3.\" width=\"620\" height=\"335\" \/><\/a><figcaption id=\"caption-attachment-40831\" class=\"wp-caption-text\">N\u00faria Casamitjana a Els Matins de TV3.<\/figcaption><\/figure>\n<p>Tamb\u00e9 sota aquesta incid\u00e8ncia, El Peri\u00f3dico va publicar una <a href=\"https:\/\/www.elperiodico.com\/es\/entre-todos\/participacion\/estamos-ante-era-del-low-cost-farmaceutico-181886\" target=\"_blank\" rel=\"noopener\">carta d\u2019una lectora<\/a> en qu\u00e8 es criticava la gesti\u00f3 de crisi, fent menci\u00f3 al Col\u00b7legi. Se li va donar resposta amb una <a href=\"https:\/\/www.elperiodico.com\/es\/entre-todos\/participacion\/replica-del-collegi-farmaceutics-una-carta-sobre-valsartan-182182\" target=\"_blank\" rel=\"noopener\">altra carta<\/a> detallant que <strong>\u201cla xarxa de farm\u00e0cies disposa de protocols per a la r\u00e0pida retirada i ha demostrat un cop m\u00e9s la capacitat per garantir la qualitat, efic\u00e0cia i seguretat dels medicaments\u201d<\/strong>, entre altres q\u00fcestions. <strong>Casamitjana<\/strong> \u00e9s qui va firmar.<\/p>\n<figure id=\"attachment_40821\" aria-describedby=\"caption-attachment-40821\" style=\"width: 618px\" class=\"wp-caption aligncenter\"><a href=\"https:\/\/blog.cofb.cat\/wp-content\/uploads\/2018\/08\/2.jpg\"><img loading=\"lazy\" decoding=\"async\" class=\"wp-image-40821 size-full\" src=\"https:\/\/blog.cofb.cat\/wp-content\/uploads\/2018\/08\/2.jpg\" alt=\"Les dues cartes a El Peri\u00f3dico sobre l'alerta del Valsartan\" width=\"618\" height=\"240\" \/><\/a><figcaption id=\"caption-attachment-40821\" class=\"wp-caption-text\">Les dues cartes a El Peri\u00f3dico sobre l&#8217;alerta del Valsartan.<\/figcaption><\/figure>\n<div class=\"custom-divider\"><\/div>\n<h1><strong>Entrevista d&#8217;IMFarmacias a Jordi Casas, tresorer del Col\u00b7legi<\/strong><\/h1>\n<p><strong>\u201cNo es sostenible que el desarrollo de la farmacia asistencial se base en proporcionar servicios de manera gratuita\u201d.<\/strong> Aix\u00ed titula <a href=\"https:\/\/www.imfarmacias.es\/noticia\/15769\/no-es-sostenible-que-el-desarrollo-de-la-farmacia-asistencial-se-base\" target=\"_blank\" rel=\"noopener\">IMFarmacias<\/a> l\u2019entrevista al secretari del Col\u00b7legi<strong>, Jordi Casas<\/strong>, pe\u00e7a on <strong>contextualitza la situaci\u00f3 de la professi\u00f3 i el Col\u00b7legi<\/strong>. La pe\u00e7a es divideix en quatre subt\u00edtols principals: <strong>Iniciatives<\/strong>, apartat en qu\u00e8 s\u2019informa de les diverses campanyes que el Col\u00b7legi promou i participa; <strong>Serveis<\/strong>, on s\u2019aprofundeix sobre la remuneraci\u00f3 d\u2019aquests i la seva situaci\u00f3; <strong>Actualitat<\/strong>, fent refer\u00e8ncia a diversos temes com la facturaci\u00f3 a les farm\u00e0cies catalanes o la interoperabilitat de la recepta electr\u00f2nica; i finalment, <strong>Formaci\u00f3<\/strong>, espai en qu\u00e8 es parla sobre la tasca que el secretari fa com a professor.<\/p>\n<figure id=\"attachment_40823\" aria-describedby=\"caption-attachment-40823\" style=\"width: 618px\" class=\"wp-caption aligncenter\"><a href=\"https:\/\/www.imfarmacias.es\/noticia\/15769\/no-es-sostenible-que-el-desarrollo-de-la-farmacia-asistencial-se-base\" target=\"_blank\" rel=\"noopener\"><img loading=\"lazy\" decoding=\"async\" class=\"wp-image-40823 size-full\" src=\"https:\/\/blog.cofb.cat\/wp-content\/uploads\/2018\/08\/4.jpg\" alt=\"L'entrevista d'IMFarmacias a Jordi Casas.\" width=\"618\" height=\"240\" \/><\/a><figcaption id=\"caption-attachment-40823\" class=\"wp-caption-text\">L&#8217;entrevista d&#8217;IMFarmacias a Jordi Casas.<\/figcaption><\/figure>\n<div class=\"custom-divider\"><\/div>\n<h1><strong>Formacions del Col\u00b7legi<\/strong><\/h1>\n<p>Dues formacions del Col\u00b7legi van ser not\u00edcia al juliol en diversos mitjans de la premsa especialitzada. S\u00f3n els seg\u00fcents:<\/p>\n<h2><span style=\"color: #333333;\"><strong>Curs d\u2019\u00c0gora Sanit\u00e0ria \u201cLa salut del viatger\u201d<\/strong><\/span><\/h2>\n<p>El portal \u00c0gora Sanit\u00e0ria va llan\u00e7ar, amb el patrocini de Laboratoris Ferrer, una nova edici\u00f3 del curs \u201c<strong>La salut del viatger\u201d, <\/strong>una formaci\u00f3 que t\u00e9 com a objectiu principal <strong>fomentar el rol assistencial del farmac\u00e8utic amb aquest col\u00b7lectiu<\/strong>. Aix\u00ed vam informar en nota de premsa de la qual es van fer ress\u00f2 <a href=\"https:\/\/www.diariofarma.com\/2018\/07\/04\/agora-sanitaria-ofrece-la-segunda-edicion-del-curso-sobre-salud-del-viajero\" target=\"_blank\" rel=\"noopener\">El Global<\/a>, <a href=\"https:\/\/www.diariofarma.com\/2018\/07\/04\/agora-sanitaria-ofrece-la-segunda-edicion-del-curso-sobre-salud-del-viajero\" target=\"_blank\" rel=\"noopener\">Diariofarma<\/a>, <a href=\"https:\/\/www.actasanitaria.com\/mas-750-farmaceuticos-se-forman-agora-sanitaria-ofrecer-consejos-salud-al-viajero\/\" target=\"_blank\" rel=\"noopener\">Acta Sanitaria<\/a>, <a href=\"http:\/\/revistafarmanatur.com\/formacion\/mas-750-farmaceuticos-se-forman-salud-al-viajero\/\" target=\"_blank\" rel=\"noopener\">Farmanatur<\/a>, <a href=\"http:\/\/revistafarmanatur.com\/formacion\/mas-750-farmaceuticos-se-forman-salud-al-viajero\/\" target=\"_blank\" rel=\"noopener\">IMFarmacias<\/a> i Sanifax. Pel que fa a l\u2019edici\u00f3 d\u2019enguany, el van cursar <strong>m\u00e9s de<\/strong> <strong>750 professionals.<\/strong><\/p>\n<figure id=\"attachment_40820\" aria-describedby=\"caption-attachment-40820\" style=\"width: 618px\" class=\"wp-caption aligncenter\"><a href=\"https:\/\/blog.cofb.cat\/wp-content\/uploads\/2018\/08\/1.jpg\"><img loading=\"lazy\" decoding=\"async\" class=\"size-full wp-image-40820\" src=\"https:\/\/blog.cofb.cat\/wp-content\/uploads\/2018\/08\/1.jpg\" alt=\"Diversos mitjans van informar sobre el curs d'\u00c0gora Sanit\u00e0ria\" width=\"618\" height=\"240\" \/><\/a><figcaption id=\"caption-attachment-40820\" class=\"wp-caption-text\">Diversos mitjans van informar sobre el curs d&#8217;\u00c0gora Sanit\u00e0ria.<\/figcaption><\/figure>\n<h2><span style=\"color: #333333;\"><strong>M\u00e0ster de Gesti\u00f3 de l\u2019Oficina de Farm\u00e0cia<\/strong><\/span><\/h2>\n<p>En l\u2019anterior edici\u00f3 d\u2019aquesta mateixa not\u00edcia, la de juny, vam compartir les repercussions que informaven sobre <strong>la clausura de la XIII edici\u00f3 del M\u00e0ster de Gesti\u00f3 de l\u2019Oficina de Farm\u00e0cia (MGOF)<\/strong>. Pel que fa al juliol, <a href=\"http:\/\/www.elglobal.net\/suplementos-y-especiales\/gestion-farmaceutica\/nueva-generacion-de-gestores-de-farmacia-del-cof-de-barcelona-LX1653195\" target=\"_blank\" rel=\"noopener\">El Global<\/a> en va publicar una pe\u00e7a (en versi\u00f3 web i en paper) informant de <strong>la nova fornada de gestors de farm\u00e0cia, compartint declaracions del president del COFB, Jordi de Dalmases<\/strong>, i, alhora, <strong>desglossant les principals caracter\u00edstiques m\u00e9s rellevants de la formaci\u00f3.<\/strong><\/p>\n<figure id=\"attachment_40824\" aria-describedby=\"caption-attachment-40824\" style=\"width: 618px\" class=\"wp-caption aligncenter\"><a href=\"http:\/\/www.elglobal.net\/suplementos-y-especiales\/gestion-farmaceutica\/nueva-generacion-de-gestores-de-farmacia-del-cof-de-barcelona-LX1653195\" target=\"_blank\" rel=\"noopener\"><img loading=\"lazy\" decoding=\"async\" class=\"size-full wp-image-40824\" src=\"https:\/\/blog.cofb.cat\/wp-content\/uploads\/2018\/08\/5.jpg\" alt=\"El Global i el M\u00e0ster de Gesti\u00f3 de l'Oficina de Farm\u00e0cia (MGOF) del Col\u00b7legi.\" width=\"618\" height=\"240\" \/><\/a><figcaption id=\"caption-attachment-40824\" class=\"wp-caption-text\">El Global i el M\u00e0ster de Gesti\u00f3 de l&#8217;Oficina de Farm\u00e0cia (MGOF).<\/figcaption><\/figure>\n<p><strong>\u00a0<div class=\"custom-divider\"><\/div><\/strong><\/p>\n<h1><strong>Fonts d\u2019informaci\u00f3<\/strong><\/h1>\n<p>Membres del Col\u00b7legi han fet, un mes m\u00e9s, de fonts d\u2019informaci\u00f3 en diversos mitjans.<\/p>\n<h2><span style=\"color: #333333;\"><strong>Coordinaci\u00f3 entre Farm\u00e0cia Comunit\u00e0ria i Atenci\u00f3 Prim\u00e0ria. Amb declaracions de Francisca Aranzana<\/strong><\/span><\/h2>\n<p>La vocal d\u2019Oficina de Farm\u00e0cia del Col\u00b7legi va explicar a <a href=\"https:\/\/www.correofarmaceutico.com\/profesion\/farmacia-de-ap\/112837.html\" target=\"_blank\" rel=\"noopener\">Correo Farmac\u00e9utico<\/a><strong> el protocol de comunicaci\u00f3 entre farm\u00e0cia comunit\u00e0ria i d\u2019atenci\u00f3 prim\u00e0ria<\/strong>, presentat a Infarma Barcelona 2017. El model catal\u00e0 va tenir un espai a la pe\u00e7a del 9 de juliol en qu\u00e8 s\u2019informaven <strong>dels diferents projectes i es confirmava que la comunicaci\u00f3 entre els professionals d\u2019aquests dos nivells genera beneficis per al pacient. <\/strong><\/p>\n<figure id=\"attachment_40827\" aria-describedby=\"caption-attachment-40827\" style=\"width: 618px\" class=\"wp-caption aligncenter\"><a href=\"https:\/\/www.correofarmaceutico.com\/profesion\/farmacia-de-ap\/112837.html\" target=\"_blank\" rel=\"noopener\"><img loading=\"lazy\" decoding=\"async\" class=\"size-full wp-image-40827\" src=\"https:\/\/blog.cofb.cat\/wp-content\/uploads\/2018\/08\/6.jpg\" alt=\"Not\u00edcia de Correo Farmac\u00e9utico detallant els diferents projectes.\" width=\"618\" height=\"240\" \/><\/a><figcaption id=\"caption-attachment-40827\" class=\"wp-caption-text\">Not\u00edcia de Correo Farmac\u00e9utico detallant els projectes.<\/figcaption><\/figure>\n<h2><span style=\"color: #333333;\"><strong>Prevenci\u00f3 contra el mosquit tigre, cosmetovigil\u00e0ncia i fongs. Amb declaracions de Marta Alcalde, vocal de Dermofarm\u00e0cia i Productes Sanitaris del Col\u00b7legi<\/strong><\/span><\/h2>\n<p>Els mitjans especialitzats <a href=\"https:\/\/www.correofarmaceutico.com\/autocuidado\/consejos-frente-al-mosquito-tigre-en-verano.html\" target=\"_blank\" rel=\"noopener\">Correo Farmac\u00e9utico<\/a> i <a href=\"https:\/\/cuidateplus.marca.com\/bienestar\/2018\/07\/04\/mosquito-tigre-vencer-enemigo-hay-conocerlo-163072.html\" target=\"_blank\" rel=\"noopener\">Cu\u00eddate Plus<\/a> van presentar una not\u00edcia amb <strong>un seguit de recomanacions per prevenir i evitar un dels insectes estrella de l\u2019estiu: el mosquit tigre<\/strong>. Al llarg de les peces, Alcalde va compartir aspectes com que <strong>la cremor<\/strong>, en alguns casos<strong>, pot arribar a necessitar tractament m\u00e8dic<\/strong>, o <strong>diferents recursos per evitar-ne la picadura<\/strong>, com utilitzar <strong>els repel\u00b7lents espec\u00edfics<\/strong> i <strong>evitar colors cridaners<\/strong>.<\/p>\n<figure id=\"attachment_40825\" aria-describedby=\"caption-attachment-40825\" style=\"width: 618px\" class=\"wp-caption aligncenter\"><a href=\"https:\/\/blog.cofb.cat\/wp-content\/uploads\/2018\/08\/6.2.jpg\"><img loading=\"lazy\" decoding=\"async\" class=\"size-full wp-image-40825\" src=\"https:\/\/blog.cofb.cat\/wp-content\/uploads\/2018\/08\/6.2.jpg\" alt=\"\" width=\"618\" height=\"240\" \/><\/a><figcaption id=\"caption-attachment-40825\" class=\"wp-caption-text\">Les dues not\u00edcies sobre el mosquit tigre que recullen declaracions de Marta Alcalde<\/figcaption><\/figure>\n<p>Juntament amb altres experts, la vocal tamb\u00e9 va ser font per una altra not\u00edcia de Correo Farmac\u00e9utico que, en aquest cas, <strong>proporcionava diversos consells per desxifrar l\u2019etiquetatge dels productes cosm\u00e8tics. <\/strong><\/p>\n<p>Finalment, <a href=\"https:\/\/cuidateplus.marca.com\/belleza-y-piel\/cuidados-cuerpo\/2018\/07\/29\/hongos-como-librarte-166432.html\" target=\"_blank\" rel=\"noopener\">Cu\u00eddate Plus<\/a> va dedicar una pe\u00e7a <strong>a explicar com desprendre\u2019s de l\u2019aparici\u00f3 de fongs<\/strong>.\u00a0Aspectes que va especificar Alcalde van ser <strong>els diferents tipus de fongs, si realment s\u00f3n efica\u00e7os els remeis casolans i com prevenir la seva aparici\u00f3.<\/strong><\/p>\n<figure id=\"attachment_40826\" aria-describedby=\"caption-attachment-40826\" style=\"width: 618px\" class=\"wp-caption aligncenter\"><a href=\"https:\/\/cuidateplus.marca.com\/belleza-y-piel\/cuidados-cuerpo\/2018\/07\/29\/hongos-como-librarte-166432.html\" target=\"_blank\" rel=\"noopener\"><img loading=\"lazy\" decoding=\"async\" class=\"size-full wp-image-40826\" src=\"https:\/\/blog.cofb.cat\/wp-content\/uploads\/2018\/08\/6.3.jpg\" alt=\"Els fongs, a Cu\u00eddate Plus\" width=\"618\" height=\"240\" \/><\/a><figcaption id=\"caption-attachment-40826\" class=\"wp-caption-text\">Els fongs, a Cu\u00eddate Plus.<\/figcaption><\/figure>\n<p><strong><div class=\"custom-divider\"><\/div><\/strong><\/p>\n<h1><strong>Mencions al Col\u00b7legi<\/strong><\/h1>\n<h2><span style=\"color: #333333;\"><strong>Infarma Solidari<\/strong><\/span><\/h2>\n<p>La part m\u00e9s solid\u00e0ria del Congr\u00e9s i Sal\u00f3 Infarma, <strong>Infarma Solidari<\/strong>, va tenir cabuda a <a href=\"https:\/\/www.imfarmacias.es\/noticia\/15780\/es-importante-transmitir-que-hay-una-parte-solidaria-de-un-proyecto-c\" target=\"_blank\" rel=\"noopener\">IMFarmacias<\/a>. El mitj\u00e0 especialitzat <strong>va realitzar una entrevista a Manuel Mart\u00ednez del Peral,<\/strong> vicepresident primer del COF de Madrid, que es va focalitzar a <strong>explicar els diferents \u00e8xits de les tres edicions del projecte<\/strong>. <strong>Al final de la pe\u00e7a es fa menci\u00f3 a l\u2019edici\u00f3 del 2019 que encap\u00e7alarem des del COFB.<\/strong><\/p>\n<h2><span style=\"color: #333333;\"><strong>Premi Nit de la Professi\u00f3 Anoia 2018<\/strong><\/span><\/h2>\n<p>El Col\u00b7legi va ser una de les entitats que va convocar <strong>la Beca i el Premi de la Nit de la Professi\u00f3 Anoia 2018<\/strong> juntament amb altres col\u00b7lectius professionals com el Col\u00b7legi de Metges de Barcelona o el d\u2019Infermeres i Infermers. Aix\u00ed ho va explicar <a href=\"http:\/\/anoiadiari.cat\/societat\/convoquen-beca-premi-nit-professio-anoia-2018\/\" target=\"_blank\" rel=\"noopener\">Anoia Diari<\/a> fent menci\u00f3 al COFB.<\/p>\n<h2><span style=\"color: #333333;\"><strong>Primer concurs de Dibuix i Pintura s\u00e8nior<\/strong><\/span><\/h2>\n<p>El Col\u00b7legi va ser mencionat pel Diari de Ponent a la pe\u00e7a on s\u2019informava de <strong>la convocat\u00f2ria del primer Concurs de Dibuix i Pintura s\u00e8nior<\/strong>. El concurs est\u00e0 centrat per a persones de m\u00e9s de 60 anys i que siguin membres de diversos col\u00b7legis professionals, entre ells, els col\u00b7legiats del COFB.<\/p>\n","protected":false},"excerpt":{"rendered":"<p>Farm\u00e0cia assistencial La tasca assistencial que el farmac\u00e8utic comunitari di\u00e0riament duu a terme va seguir sent not\u00edcia durant el juliol, concretament, en tres repercussions: Serveis professionals a Catalunya i Barcelona Diariofarma va publicar el 16 de juliol un reportatge sobre els diferents programes que les farm\u00e0cies de Catalunya i, concretament [&hellip;]<\/p>\n","protected":false},"author":1,"featured_media":40840,"comment_status":"open","ping_status":"open","sticky":false,"template":"","format":"standard","meta":{"_uag_custom_page_level_css":"","site-sidebar-layout":"default","site-content-layout":"","ast-site-content-layout":"default","site-content-style":"default","site-sidebar-style":"default","ast-global-header-display":"","ast-banner-title-visibility":"","ast-main-header-display":"","ast-hfb-above-header-display":"","ast-hfb-below-header-display":"","ast-hfb-mobile-header-display":"","site-post-title":"","ast-breadcrumbs-content":"","ast-featured-img":"disabled","footer-sml-layout":"","theme-transparent-header-meta":"","adv-header-id-meta":"","stick-header-meta":"","header-above-stick-meta":"","header-main-stick-meta":"","header-below-stick-meta":"","astra-migrate-meta-layouts":"default","ast-page-background-enabled":"default","ast-page-background-meta":{"desktop":{"background-color":"var(--ast-global-color-4)","background-image":"","background-repeat":"repeat","background-position":"center center","background-size":"auto","background-attachment":"scroll","background-type":"","background-media":"","overlay-type":"","overlay-color":"","overlay-opacity":"","overlay-gradient":""},"tablet":{"background-color":"","background-image":"","background-repeat":"repeat","background-position":"center center","background-size":"auto","background-attachment":"scroll","background-type":"","background-media":"","overlay-type":"","overlay-color":"","overlay-opacity":"","overlay-gradient":""},"mobile":{"background-color":"","background-image":"","background-repeat":"repeat","background-position":"center center","background-size":"auto","background-attachment":"scroll","background-type":"","background-media":"","overlay-type":"","overlay-color":"","overlay-opacity":"","overlay-gradient":""}},"ast-content-background-meta":{"desktop":{"background-color":"var(--ast-global-color-5)","background-image":"","background-repeat":"repeat","background-position":"center center","background-size":"auto","background-attachment":"scroll","background-type":"","background-media":"","overlay-type":"","overlay-color":"","overlay-opacity":"","overlay-gradient":""},"tablet":{"background-color":"var(--ast-global-color-5)","background-image":"","background-repeat":"repeat","background-position":"center center","background-size":"auto","background-attachment":"scroll","background-type":"","background-media":"","overlay-type":"","overlay-color":"","overlay-opacity":"","overlay-gradient":""},"mobile":{"background-color":"var(--ast-global-color-5)","background-image":"","background-repeat":"repeat","background-position":"center center","background-size":"auto","background-attachment":"scroll","background-type":"","background-media":"","overlay-type":"","overlay-color":"","overlay-opacity":"","overlay-gradient":""}},"footnotes":""},"categories":[23,32],"tags":[109,3228,113,3229,945,3230,28,164,3204,876,877,459,2803,3231,118,2216,3232],"class_list":["post-40812","post","type-post","status-publish","format-standard","has-post-thumbnail","hentry","category-destacats","category-noticies-farmacia","tag-agora-sanitaria","tag-cosmetovigilancia","tag-farmacia-assistencial","tag-farmacies-sentinella","tag-fongs","tag-formacions-cofb","tag-infarma","tag-infarma-solidari","tag-la-salut-del-viatger","tag-master-de-gestio-de-loficina-de-farmacia","tag-mgof","tag-mitjans","tag-mosquit-tigre","tag-protocol-de-comunicacio-entre-farmacia-i-atencio-primaria","tag-serveis-professionals","tag-spd","tag-valsartan"],"yoast_head":"<!-- This site is optimized with the Yoast SEO plugin v22.4 - https:\/\/yoast.com\/wordpress\/plugins\/seo\/ -->\n<title>El Col\u00b7legi als mitjans de comunicaci\u00f3 durant el juliol<\/title>\n<meta name=\"description\" content=\"Diversos mitjans de comunicaci\u00f3 han explicat i fet menci\u00f3 a un conjunt de temes relacionats amb el Col\u00b7legi durant el juliol. En el cas d&#039;aquest mes, els serveis professionals, la retirada de medicaments amb Valsartan i les formacions del COFB han estat els temes principals.\" \/>\n<meta name=\"robots\" content=\"index, follow, max-snippet:-1, max-image-preview:large, max-video-preview:-1\" \/>\n<link rel=\"canonical\" href=\"https:\/\/novaorg.cofb.net\/2018\/08\/23\/juliol-serveis-professionals-retirada-medicaments-valsartan-formacions-collegi-temes-mes-destacats\/\" \/>\n<meta property=\"og:locale\" content=\"ca_ES\" \/>\n<meta property=\"og:type\" content=\"article\" \/>\n<meta property=\"og:title\" content=\"El Col\u00b7legi als mitjans de comunicaci\u00f3 durant el juliol\" \/>\n<meta property=\"og:description\" content=\"Diversos mitjans de comunicaci\u00f3 han explicat i fet menci\u00f3 a un conjunt de temes relacionats amb el Col\u00b7legi durant el juliol. En el cas d&#039;aquest mes, els serveis professionals, la retirada de medicaments amb Valsartan i les formacions del COFB han estat els temes principals.\" \/>\n<meta property=\"og:url\" content=\"https:\/\/novaorg.cofb.net\/2018\/08\/23\/juliol-serveis-professionals-retirada-medicaments-valsartan-formacions-collegi-temes-mes-destacats\/\" \/>\n<meta property=\"og:site_name\" content=\"Col\u00b7legi de Farmac\u00e8utics de Barcelona\" \/>\n<meta property=\"article:publisher\" content=\"https:\/\/www.facebook.com\/farmaceuticsbcn\/\" \/>\n<meta property=\"article:published_time\" content=\"2018-08-23T10:34:35+00:00\" \/>\n<meta name=\"author\" content=\"wpAdminCofbOrg\" \/>\n<meta name=\"twitter:card\" content=\"summary_large_image\" \/>\n<meta name=\"twitter:creator\" content=\"@farmaceuticsbcn\" \/>\n<meta name=\"twitter:site\" content=\"@farmaceuticsbcn\" \/>\n<meta name=\"twitter:label1\" content=\"Escrit per\" \/>\n\t<meta name=\"twitter:data1\" content=\"wpAdminCofbOrg\" \/>\n\t<meta name=\"twitter:label2\" content=\"Temps estimat de lectura\" \/>\n\t<meta name=\"twitter:data2\" content=\"8 minuts\" \/>\n<script type=\"application\/ld+json\" class=\"yoast-schema-graph\">{\"@context\":\"https:\/\/schema.org\",\"@graph\":[{\"@type\":\"Article\",\"@id\":\"https:\/\/novaorg.cofb.net\/2018\/08\/23\/juliol-serveis-professionals-retirada-medicaments-valsartan-formacions-collegi-temes-mes-destacats\/#article\",\"isPartOf\":{\"@id\":\"https:\/\/novaorg.cofb.net\/2018\/08\/23\/juliol-serveis-professionals-retirada-medicaments-valsartan-formacions-collegi-temes-mes-destacats\/\"},\"author\":{\"name\":\"wpAdminCofbOrg\",\"@id\":\"https:\/\/www.cofb.org\/#\/schema\/person\/22ed7eea88da74b0fa4d3154ad87ffcb\"},\"headline\":\"Juliol: serveis professionals, la retirada de medicaments amb Valsartan i formacions del Col\u00b7legi, com a temes m\u00e9s destacats\",\"datePublished\":\"2018-08-23T10:34:35+00:00\",\"dateModified\":\"2018-08-23T10:34:35+00:00\",\"mainEntityOfPage\":{\"@id\":\"https:\/\/novaorg.cofb.net\/2018\/08\/23\/juliol-serveis-professionals-retirada-medicaments-valsartan-formacions-collegi-temes-mes-destacats\/\"},\"wordCount\":1549,\"commentCount\":0,\"publisher\":{\"@id\":\"https:\/\/www.cofb.org\/#organization\"},\"image\":{\"@id\":\"https:\/\/novaorg.cofb.net\/2018\/08\/23\/juliol-serveis-professionals-retirada-medicaments-valsartan-formacions-collegi-temes-mes-destacats\/#primaryimage\"},\"thumbnailUrl\":\"\",\"keywords\":[\"\u00c1gora Sanitaria\",\"cosmetovigilancia\",\"farm\u00e0cia assistencial\",\"farmacies sentinella\",\"fongs\",\"formacions cofb\",\"Infarma\",\"Infarma Solidari\",\"la salut del viatger\",\"master de gestio de l'oficina de farmacia\",\"MGOF\",\"Mitjans\",\"mosquit tigre\",\"protocol de comunicaci\u00f3 entre farmacia i atenci\u00f3 primaria\",\"Serveis professionals\",\"SPD\",\"valsartan\"],\"articleSection\":[\"Destacats\",\"Not\u00edcies farm\u00e0cia\"],\"inLanguage\":\"ca\",\"potentialAction\":[{\"@type\":\"CommentAction\",\"name\":\"Comment\",\"target\":[\"https:\/\/novaorg.cofb.net\/2018\/08\/23\/juliol-serveis-professionals-retirada-medicaments-valsartan-formacions-collegi-temes-mes-destacats\/#respond\"]}]},{\"@type\":\"WebPage\",\"@id\":\"https:\/\/novaorg.cofb.net\/2018\/08\/23\/juliol-serveis-professionals-retirada-medicaments-valsartan-formacions-collegi-temes-mes-destacats\/\",\"url\":\"https:\/\/novaorg.cofb.net\/2018\/08\/23\/juliol-serveis-professionals-retirada-medicaments-valsartan-formacions-collegi-temes-mes-destacats\/\",\"name\":\"El Col\u00b7legi als mitjans de comunicaci\u00f3 durant el juliol\",\"isPartOf\":{\"@id\":\"https:\/\/www.cofb.org\/#website\"},\"primaryImageOfPage\":{\"@id\":\"https:\/\/novaorg.cofb.net\/2018\/08\/23\/juliol-serveis-professionals-retirada-medicaments-valsartan-formacions-collegi-temes-mes-destacats\/#primaryimage\"},\"image\":{\"@id\":\"https:\/\/novaorg.cofb.net\/2018\/08\/23\/juliol-serveis-professionals-retirada-medicaments-valsartan-formacions-collegi-temes-mes-destacats\/#primaryimage\"},\"thumbnailUrl\":\"\",\"datePublished\":\"2018-08-23T10:34:35+00:00\",\"dateModified\":\"2018-08-23T10:34:35+00:00\",\"description\":\"Diversos mitjans de comunicaci\u00f3 han explicat i fet menci\u00f3 a un conjunt de temes relacionats amb el Col\u00b7legi durant el juliol. En el cas d'aquest mes, els serveis professionals, la retirada de medicaments amb Valsartan i les formacions del COFB han estat els temes principals.\",\"breadcrumb\":{\"@id\":\"https:\/\/novaorg.cofb.net\/2018\/08\/23\/juliol-serveis-professionals-retirada-medicaments-valsartan-formacions-collegi-temes-mes-destacats\/#breadcrumb\"},\"inLanguage\":\"ca\",\"potentialAction\":[{\"@type\":\"ReadAction\",\"target\":[\"https:\/\/novaorg.cofb.net\/2018\/08\/23\/juliol-serveis-professionals-retirada-medicaments-valsartan-formacions-collegi-temes-mes-destacats\/\"]}]},{\"@type\":\"ImageObject\",\"inLanguage\":\"ca\",\"@id\":\"https:\/\/novaorg.cofb.net\/2018\/08\/23\/juliol-serveis-professionals-retirada-medicaments-valsartan-formacions-collegi-temes-mes-destacats\/#primaryimage\",\"url\":\"\",\"contentUrl\":\"\"},{\"@type\":\"BreadcrumbList\",\"@id\":\"https:\/\/novaorg.cofb.net\/2018\/08\/23\/juliol-serveis-professionals-retirada-medicaments-valsartan-formacions-collegi-temes-mes-destacats\/#breadcrumb\",\"itemListElement\":[{\"@type\":\"ListItem\",\"position\":1,\"name\":\"Inici\",\"item\":\"https:\/\/novaorg.cofb.net\/\"},{\"@type\":\"ListItem\",\"position\":2,\"name\":\"Juliol: serveis professionals, la retirada de medicaments amb Valsartan i formacions del Col\u00b7legi, com a temes m\u00e9s destacats\"}]},{\"@type\":\"WebSite\",\"@id\":\"https:\/\/www.cofb.org\/#website\",\"url\":\"https:\/\/www.cofb.org\/\",\"name\":\"Col\u00b7legi de Farmac\u00e8utics de Barcelona\",\"description\":\"\",\"publisher\":{\"@id\":\"https:\/\/www.cofb.org\/#organization\"},\"potentialAction\":[{\"@type\":\"SearchAction\",\"target\":{\"@type\":\"EntryPoint\",\"urlTemplate\":\"https:\/\/www.cofb.org\/?s={search_term_string}\"},\"query-input\":\"required name=search_term_string\"}],\"inLanguage\":\"ca\"},{\"@type\":\"Organization\",\"@id\":\"https:\/\/www.cofb.org\/#organization\",\"name\":\"Col\u00b7legi de Farmac\u00e8utics de Barcelona\",\"url\":\"https:\/\/www.cofb.org\/\",\"logo\":{\"@type\":\"ImageObject\",\"inLanguage\":\"ca\",\"@id\":\"https:\/\/www.cofb.org\/#\/schema\/logo\/image\/\",\"url\":\"https:\/\/www.cofb.org\/wp-content\/uploads\/2023\/11\/cropped-Logotip-COFB.png\",\"contentUrl\":\"https:\/\/www.cofb.org\/wp-content\/uploads\/2023\/11\/cropped-Logotip-COFB.png\",\"width\":500,\"height\":105,\"caption\":\"Col\u00b7legi de Farmac\u00e8utics de Barcelona\"},\"image\":{\"@id\":\"https:\/\/www.cofb.org\/#\/schema\/logo\/image\/\"},\"sameAs\":[\"https:\/\/www.facebook.com\/farmaceuticsbcn\/\",\"https:\/\/twitter.com\/farmaceuticsbcn\",\"https:\/\/www.instagram.com\/farmaceuticsbcn\/\",\"https:\/\/www.linkedin.com\/company\/farmaceuticsbcn\/\"]},{\"@type\":\"Person\",\"@id\":\"https:\/\/www.cofb.org\/#\/schema\/person\/22ed7eea88da74b0fa4d3154ad87ffcb\",\"name\":\"wpAdminCofbOrg\",\"image\":{\"@type\":\"ImageObject\",\"inLanguage\":\"ca\",\"@id\":\"https:\/\/www.cofb.org\/#\/schema\/person\/image\/\",\"url\":\"https:\/\/secure.gravatar.com\/avatar\/1721b20b3b8ca882c3b56ec6c978c594fff670e40c0718e9190eaeeb76aae7d8?s=96&d=mm&r=g\",\"contentUrl\":\"https:\/\/secure.gravatar.com\/avatar\/1721b20b3b8ca882c3b56ec6c978c594fff670e40c0718e9190eaeeb76aae7d8?s=96&d=mm&r=g\",\"caption\":\"wpAdminCofbOrg\"},\"sameAs\":[\"http:\/\/192.168.64.122\/wordpress\"],\"url\":\"https:\/\/www.cofb.org\/ca\/author\/wpadmincofborg\/\"}]}<\/script>\n<!-- \/ Yoast SEO plugin. -->","yoast_head_json":{"title":"El Col\u00b7legi als mitjans de comunicaci\u00f3 durant el juliol","description":"Diversos mitjans de comunicaci\u00f3 han explicat i fet menci\u00f3 a un conjunt de temes relacionats amb el Col\u00b7legi durant el juliol. En el cas d'aquest mes, els serveis professionals, la retirada de medicaments amb Valsartan i les formacions del COFB han estat els temes principals.","robots":{"index":"index","follow":"follow","max-snippet":"max-snippet:-1","max-image-preview":"max-image-preview:large","max-video-preview":"max-video-preview:-1"},"canonical":"https:\/\/novaorg.cofb.net\/2018\/08\/23\/juliol-serveis-professionals-retirada-medicaments-valsartan-formacions-collegi-temes-mes-destacats\/","og_locale":"ca_ES","og_type":"article","og_title":"El Col\u00b7legi als mitjans de comunicaci\u00f3 durant el juliol","og_description":"Diversos mitjans de comunicaci\u00f3 han explicat i fet menci\u00f3 a un conjunt de temes relacionats amb el Col\u00b7legi durant el juliol. En el cas d'aquest mes, els serveis professionals, la retirada de medicaments amb Valsartan i les formacions del COFB han estat els temes principals.","og_url":"https:\/\/novaorg.cofb.net\/2018\/08\/23\/juliol-serveis-professionals-retirada-medicaments-valsartan-formacions-collegi-temes-mes-destacats\/","og_site_name":"Col\u00b7legi de Farmac\u00e8utics de Barcelona","article_publisher":"https:\/\/www.facebook.com\/farmaceuticsbcn\/","article_published_time":"2018-08-23T10:34:35+00:00","author":"wpAdminCofbOrg","twitter_card":"summary_large_image","twitter_creator":"@farmaceuticsbcn","twitter_site":"@farmaceuticsbcn","twitter_misc":{"Escrit per":"wpAdminCofbOrg","Temps estimat de lectura":"8 minuts"},"schema":{"@context":"https:\/\/schema.org","@graph":[{"@type":"Article","@id":"https:\/\/novaorg.cofb.net\/2018\/08\/23\/juliol-serveis-professionals-retirada-medicaments-valsartan-formacions-collegi-temes-mes-destacats\/#article","isPartOf":{"@id":"https:\/\/novaorg.cofb.net\/2018\/08\/23\/juliol-serveis-professionals-retirada-medicaments-valsartan-formacions-collegi-temes-mes-destacats\/"},"author":{"name":"wpAdminCofbOrg","@id":"https:\/\/www.cofb.org\/#\/schema\/person\/22ed7eea88da74b0fa4d3154ad87ffcb"},"headline":"Juliol: serveis professionals, la retirada de medicaments amb Valsartan i formacions del Col\u00b7legi, com a temes m\u00e9s destacats","datePublished":"2018-08-23T10:34:35+00:00","dateModified":"2018-08-23T10:34:35+00:00","mainEntityOfPage":{"@id":"https:\/\/novaorg.cofb.net\/2018\/08\/23\/juliol-serveis-professionals-retirada-medicaments-valsartan-formacions-collegi-temes-mes-destacats\/"},"wordCount":1549,"commentCount":0,"publisher":{"@id":"https:\/\/www.cofb.org\/#organization"},"image":{"@id":"https:\/\/novaorg.cofb.net\/2018\/08\/23\/juliol-serveis-professionals-retirada-medicaments-valsartan-formacions-collegi-temes-mes-destacats\/#primaryimage"},"thumbnailUrl":"","keywords":["\u00c1gora Sanitaria","cosmetovigilancia","farm\u00e0cia assistencial","farmacies sentinella","fongs","formacions cofb","Infarma","Infarma Solidari","la salut del viatger","master de gestio de l'oficina de farmacia","MGOF","Mitjans","mosquit tigre","protocol de comunicaci\u00f3 entre farmacia i atenci\u00f3 primaria","Serveis professionals","SPD","valsartan"],"articleSection":["Destacats","Not\u00edcies farm\u00e0cia"],"inLanguage":"ca","potentialAction":[{"@type":"CommentAction","name":"Comment","target":["https:\/\/novaorg.cofb.net\/2018\/08\/23\/juliol-serveis-professionals-retirada-medicaments-valsartan-formacions-collegi-temes-mes-destacats\/#respond"]}]},{"@type":"WebPage","@id":"https:\/\/novaorg.cofb.net\/2018\/08\/23\/juliol-serveis-professionals-retirada-medicaments-valsartan-formacions-collegi-temes-mes-destacats\/","url":"https:\/\/novaorg.cofb.net\/2018\/08\/23\/juliol-serveis-professionals-retirada-medicaments-valsartan-formacions-collegi-temes-mes-destacats\/","name":"El Col\u00b7legi als mitjans de comunicaci\u00f3 durant el juliol","isPartOf":{"@id":"https:\/\/www.cofb.org\/#website"},"primaryImageOfPage":{"@id":"https:\/\/novaorg.cofb.net\/2018\/08\/23\/juliol-serveis-professionals-retirada-medicaments-valsartan-formacions-collegi-temes-mes-destacats\/#primaryimage"},"image":{"@id":"https:\/\/novaorg.cofb.net\/2018\/08\/23\/juliol-serveis-professionals-retirada-medicaments-valsartan-formacions-collegi-temes-mes-destacats\/#primaryimage"},"thumbnailUrl":"","datePublished":"2018-08-23T10:34:35+00:00","dateModified":"2018-08-23T10:34:35+00:00","description":"Diversos mitjans de comunicaci\u00f3 han explicat i fet menci\u00f3 a un conjunt de temes relacionats amb el Col\u00b7legi durant el juliol. En el cas d'aquest mes, els serveis professionals, la retirada de medicaments amb Valsartan i les formacions del COFB han estat els temes principals.","breadcrumb":{"@id":"https:\/\/novaorg.cofb.net\/2018\/08\/23\/juliol-serveis-professionals-retirada-medicaments-valsartan-formacions-collegi-temes-mes-destacats\/#breadcrumb"},"inLanguage":"ca","potentialAction":[{"@type":"ReadAction","target":["https:\/\/novaorg.cofb.net\/2018\/08\/23\/juliol-serveis-professionals-retirada-medicaments-valsartan-formacions-collegi-temes-mes-destacats\/"]}]},{"@type":"ImageObject","inLanguage":"ca","@id":"https:\/\/novaorg.cofb.net\/2018\/08\/23\/juliol-serveis-professionals-retirada-medicaments-valsartan-formacions-collegi-temes-mes-destacats\/#primaryimage","url":"","contentUrl":""},{"@type":"BreadcrumbList","@id":"https:\/\/novaorg.cofb.net\/2018\/08\/23\/juliol-serveis-professionals-retirada-medicaments-valsartan-formacions-collegi-temes-mes-destacats\/#breadcrumb","itemListElement":[{"@type":"ListItem","position":1,"name":"Inici","item":"https:\/\/novaorg.cofb.net\/"},{"@type":"ListItem","position":2,"name":"Juliol: serveis professionals, la retirada de medicaments amb Valsartan i formacions del Col\u00b7legi, com a temes m\u00e9s destacats"}]},{"@type":"WebSite","@id":"https:\/\/www.cofb.org\/#website","url":"https:\/\/www.cofb.org\/","name":"Col\u00b7legi de Farmac\u00e8utics de Barcelona","description":"","publisher":{"@id":"https:\/\/www.cofb.org\/#organization"},"potentialAction":[{"@type":"SearchAction","target":{"@type":"EntryPoint","urlTemplate":"https:\/\/www.cofb.org\/?s={search_term_string}"},"query-input":"required name=search_term_string"}],"inLanguage":"ca"},{"@type":"Organization","@id":"https:\/\/www.cofb.org\/#organization","name":"Col\u00b7legi de Farmac\u00e8utics de Barcelona","url":"https:\/\/www.cofb.org\/","logo":{"@type":"ImageObject","inLanguage":"ca","@id":"https:\/\/www.cofb.org\/#\/schema\/logo\/image\/","url":"https:\/\/www.cofb.org\/wp-content\/uploads\/2023\/11\/cropped-Logotip-COFB.png","contentUrl":"https:\/\/www.cofb.org\/wp-content\/uploads\/2023\/11\/cropped-Logotip-COFB.png","width":500,"height":105,"caption":"Col\u00b7legi de Farmac\u00e8utics de Barcelona"},"image":{"@id":"https:\/\/www.cofb.org\/#\/schema\/logo\/image\/"},"sameAs":["https:\/\/www.facebook.com\/farmaceuticsbcn\/","https:\/\/twitter.com\/farmaceuticsbcn","https:\/\/www.instagram.com\/farmaceuticsbcn\/","https:\/\/www.linkedin.com\/company\/farmaceuticsbcn\/"]},{"@type":"Person","@id":"https:\/\/www.cofb.org\/#\/schema\/person\/22ed7eea88da74b0fa4d3154ad87ffcb","name":"wpAdminCofbOrg","image":{"@type":"ImageObject","inLanguage":"ca","@id":"https:\/\/www.cofb.org\/#\/schema\/person\/image\/","url":"https:\/\/secure.gravatar.com\/avatar\/1721b20b3b8ca882c3b56ec6c978c594fff670e40c0718e9190eaeeb76aae7d8?s=96&d=mm&r=g","contentUrl":"https:\/\/secure.gravatar.com\/avatar\/1721b20b3b8ca882c3b56ec6c978c594fff670e40c0718e9190eaeeb76aae7d8?s=96&d=mm&r=g","caption":"wpAdminCofbOrg"},"sameAs":["http:\/\/192.168.64.122\/wordpress"],"url":"https:\/\/www.cofb.org\/ca\/author\/wpadmincofborg\/"}]}},"uagb_featured_image_src":{"full":false,"thumbnail":false,"medium":false,"medium_large":false,"large":false,"1536x1536":false,"2048x2048":false,"trp-custom-language-flag":false},"uagb_author_info":{"display_name":"wpAdminCofbOrg","author_link":"https:\/\/www.cofb.org\/ca\/author\/wpadmincofborg\/"},"uagb_comment_info":0,"uagb_excerpt":"Farm\u00e0cia assistencial La tasca assistencial que el farmac\u00e8utic comunitari di\u00e0riament duu a terme va seguir sent not\u00edcia durant el juliol, concretament, en tres repercussions: Serveis professionals a Catalunya i Barcelona Diariofarma va publicar el 16 de juliol un reportatge sobre els diferents programes que les farm\u00e0cies de Catalunya i, concretament [&hellip;]","_links":{"self":[{"href":"https:\/\/www.cofb.org\/ca\/wp-json\/wp\/v2\/posts\/40812","targetHints":{"allow":["GET"]}}],"collection":[{"href":"https:\/\/www.cofb.org\/ca\/wp-json\/wp\/v2\/posts"}],"about":[{"href":"https:\/\/www.cofb.org\/ca\/wp-json\/wp\/v2\/types\/post"}],"author":[{"embeddable":true,"href":"https:\/\/www.cofb.org\/ca\/wp-json\/wp\/v2\/users\/1"}],"replies":[{"embeddable":true,"href":"https:\/\/www.cofb.org\/ca\/wp-json\/wp\/v2\/comments?post=40812"}],"version-history":[{"count":0,"href":"https:\/\/www.cofb.org\/ca\/wp-json\/wp\/v2\/posts\/40812\/revisions"}],"wp:featuredmedia":[{"embeddable":true,"href":"https:\/\/www.cofb.org\/ca\/wp-json\/"}],"wp:attachment":[{"href":"https:\/\/www.cofb.org\/ca\/wp-json\/wp\/v2\/media?parent=40812"}],"wp:term":[{"taxonomy":"category","embeddable":true,"href":"https:\/\/www.cofb.org\/ca\/wp-json\/wp\/v2\/categories?post=40812"},{"taxonomy":"post_tag","embeddable":true,"href":"https:\/\/www.cofb.org\/ca\/wp-json\/wp\/v2\/tags?post=40812"}],"curies":[{"name":"wp","href":"https:\/\/api.w.org\/{rel}","templated":true}]}}