{"id":40756,"date":"2018-09-04T17:22:48","date_gmt":"2018-09-04T15:22:48","guid":{"rendered":"https:\/\/blog.cofb.cat\/?p=40756"},"modified":"2018-09-04T17:22:48","modified_gmt":"2018-09-04T15:22:48","slug":"primer-concurs-de-dibuix-i-pintura-de-la-comissio-intercollegial-de-seniors","status":"publish","type":"post","link":"https:\/\/www.cofb.org\/ca\/2018\/09\/04\/primer-concurs-de-dibuix-i-pintura-de-la-comissio-intercollegial-de-seniors\/","title":{"rendered":"Primer concurs de dibuix i pintura de la Comissi\u00f3 Intercol\u00b7legial S\u00e8niors de Catalunya"},"content":{"rendered":"<p>La <strong>Comissi\u00f3 Intercol\u00b7legial S\u00e8niors de Catalunya<\/strong> ha organitzat, per primera vegada, un <strong>concurs de dibuix i pintura<\/strong>. <strong>Hi podran conc\u00f3rrer, de forma gratu\u00efta, tots els col\u00b7legiats s\u00e8niors i c\u00f2njuges, a partir de 60 anys,<\/strong> que siguin membres dels Col\u00b7legis seg\u00fcents: Col\u00b7legi de Metges de Barcelona, Col\u00b7legi d&#8217;Advocats de Barcelona, Col\u00b7legi d&#8217;Enginyers Industrials de Catalunya, Col\u00b7legi d&#8217;Economistes de Catalunya, <strong>Col\u00b7legi de Farmac\u00e8utics de Barcelona<\/strong>, Il\u00b7lustre Col\u00b7legi de Procuradors dels Tribunals de Barcelona, Col\u00b7legi de Periodistes de Catalunya i Col\u00b7legi d&#8217;Actuaris de Catalunya.<\/p>\n<h1><span style=\"color: #008080;\"><strong>Bases del concurs<\/strong><\/span><\/h1>\n<p>La <strong>tem\u00e0tica \u00e9s lliure i concursen en igualtat de condicions dibuix i pintura<\/strong>. Cada participant podr\u00e0 presentar com a <strong>m\u00e0xim una obra<\/strong>, que haur\u00e0 d&#8217;anar <strong>identificada amb un t\u00edtol, el nom complet i el n\u00famero de tel\u00e8fon al dors<\/strong>. A l&#8217;exterior, en un sobre a part, s&#8217;han de fer constar el nom complet, el n\u00famero de col\u00b7legiat i col\u00b7legi corresponent, l&#8217;adre\u00e7a postal, l&#8217;adre\u00e7a electr\u00f2nica i el n\u00famero de tel\u00e8fon de contacte.<\/p>\n<figure id=\"attachment_40909\" aria-describedby=\"caption-attachment-40909\" style=\"width: 620px\" class=\"wp-caption aligncenter\"><a href=\"https:\/\/blog.cofb.cat\/wp-content\/uploads\/2018\/08\/Art.jpg\"><img fetchpriority=\"high\" decoding=\"async\" class=\"wp-image-40909 size-large\" title=\"\u00c9s la primera vegada que la Comissi\u00f3 intercol\u00b7legial de s\u00e8niors organitza un concurs de dibuix i pintura.\" src=\"https:\/\/blog.cofb.cat\/wp-content\/uploads\/2018\/08\/Art-1024x683.jpg\" alt=\"\u00c9s la primera vegada que la Comissi\u00f3 intercol\u00b7legial de s\u00e8niors organitza un concurs de dibuix i pintura.\" width=\"620\" height=\"414\" \/><\/a><figcaption id=\"caption-attachment-40909\" class=\"wp-caption-text\">\u00c9s la primera vegada que la Comissi\u00f3 intercol\u00b7legial de s\u00e8niors organitza un concurs de dibuix i pintura.<\/figcaption><\/figure>\n<h1><strong><span style=\"color: #008080;\">Lliurament i termini de presentaci\u00f3 dels treballs<\/span><\/strong><\/h1>\n<p>El <strong>termini de presentaci\u00f3 dels treballs<\/strong> \u00e9s entre els dies <strong>24 de setembre<\/strong> i <strong>11 d&#8217;octubre<\/strong> de 2018 a les 14 h al <strong>Col\u00b7legi de Metges de Barcelona<\/strong> (Passeig de la Bonanova, 47), al Departament d&#8217;Activitats i Congressos (93 567 88 60 \/ congres@comb.cat).<\/p>\n<h1><span style=\"color: #008080;\"><strong>Exposici\u00f3 de les obres<\/strong><\/span><\/h1>\n<p>Les obres presentades s&#8217;exposaran a l&#8217;<strong>espai d&#8217;exposicions<\/strong> del <strong>Col\u00b7legi de Metges de Barcelona<\/strong> <strong>(COMB)<\/strong>, <strong>del 15 al 28 d&#8217;octubre de 2018.<\/strong><\/p>\n<p>Per a m\u00e9s informaci\u00f3, podeu<strong> consultar les <a href=\"https:\/\/comercial.cofb.net\/uploads\/anunci-1rconcurs-pintura_B.pdf\" target=\"_blank\" rel=\"noopener\">bases del concurs<\/a>.<\/strong><\/p>\n<p><strong>Altres publicacions d&#8217;inter\u00e8s:<\/strong><\/p>\n<ul>\n<li><a href=\"https:\/\/blog.cofb.cat\/en-marxa-el-iii-concurs-de-fotografia-del-cofb\/\" target=\"_blank\" rel=\"noopener\">En marxa el III Concurs de Fotografia del COFB (Juliol 2018)<\/a><\/li>\n<li><a href=\"https:\/\/blog.cofb.cat\/segona-edicio-concurs-fotografia-cofb\/\" target=\"_blank\" rel=\"noopener\">Segona edici\u00f3 del Concurs de Fotografia del COFB (Maig 2018)<\/a><\/li>\n<li><a href=\"https:\/\/blog.cofb.cat\/ja-tenim-guanyadors-de-la-edicio-del-concurs-de-fotografia-del-cofb\/\" target=\"_blank\" rel=\"noopener\">Ja tenim guanyadors de la I edici\u00f3 del concurs de fotografia del COFB (Novembre 2017)<\/a><\/li>\n<\/ul>\n","protected":false},"excerpt":{"rendered":"<p>La Comissi\u00f3 Intercol\u00b7legial S\u00e8niors de Catalunya ha organitzat, per primera vegada, un concurs de dibuix i pintura. Hi podran conc\u00f3rrer, de forma gratu\u00efta, tots els col\u00b7legiats s\u00e8niors i c\u00f2njuges, a partir de 60 anys, que siguin membres dels Col\u00b7legis seg\u00fcents: Col\u00b7legi de Metges de Barcelona, Col\u00b7legi d&#8217;Advocats de Barcelona, Col\u00b7legi [&hellip;]<\/p>\n","protected":false},"author":1,"featured_media":40914,"comment_status":"open","ping_status":"open","sticky":false,"template":"","format":"standard","meta":{"_uag_custom_page_level_css":"","site-sidebar-layout":"default","site-content-layout":"","ast-site-content-layout":"default","site-content-style":"default","site-sidebar-style":"default","ast-global-header-display":"","ast-banner-title-visibility":"","ast-main-header-display":"","ast-hfb-above-header-display":"","ast-hfb-below-header-display":"","ast-hfb-mobile-header-display":"","site-post-title":"","ast-breadcrumbs-content":"","ast-featured-img":"disabled","footer-sml-layout":"","theme-transparent-header-meta":"","adv-header-id-meta":"","stick-header-meta":"","header-above-stick-meta":"","header-main-stick-meta":"","header-below-stick-meta":"","astra-migrate-meta-layouts":"default","ast-page-background-enabled":"default","ast-page-background-meta":{"desktop":{"background-color":"var(--ast-global-color-4)","background-image":"","background-repeat":"repeat","background-position":"center center","background-size":"auto","background-attachment":"scroll","background-type":"","background-media":"","overlay-type":"","overlay-color":"","overlay-opacity":"","overlay-gradient":""},"tablet":{"background-color":"","background-image":"","background-repeat":"repeat","background-position":"center center","background-size":"auto","background-attachment":"scroll","background-type":"","background-media":"","overlay-type":"","overlay-color":"","overlay-opacity":"","overlay-gradient":""},"mobile":{"background-color":"","background-image":"","background-repeat":"repeat","background-position":"center center","background-size":"auto","background-attachment":"scroll","background-type":"","background-media":"","overlay-type":"","overlay-color":"","overlay-opacity":"","overlay-gradient":""}},"ast-content-background-meta":{"desktop":{"background-color":"var(--ast-global-color-5)","background-image":"","background-repeat":"repeat","background-position":"center center","background-size":"auto","background-attachment":"scroll","background-type":"","background-media":"","overlay-type":"","overlay-color":"","overlay-opacity":"","overlay-gradient":""},"tablet":{"background-color":"var(--ast-global-color-5)","background-image":"","background-repeat":"repeat","background-position":"center center","background-size":"auto","background-attachment":"scroll","background-type":"","background-media":"","overlay-type":"","overlay-color":"","overlay-opacity":"","overlay-gradient":""},"mobile":{"background-color":"var(--ast-global-color-5)","background-image":"","background-repeat":"repeat","background-position":"center center","background-size":"auto","background-attachment":"scroll","background-type":"","background-media":"","overlay-type":"","overlay-color":"","overlay-opacity":"","overlay-gradient":""}},"footnotes":""},"categories":[57],"tags":[2917,18,2154,3225,894,1030,3226,2199,3227,2472],"class_list":["post-40756","post","type-post","status-publish","format-standard","has-post-thumbnail","hentry","category-mon-collegial","tag-activitats-culturals","tag-cofb","tag-comissio-de-cultura","tag-comissio-intercollegial","tag-concurs","tag-concurs-de-dibuix","tag-concurs-de-dibuix-i-pintura","tag-cultura","tag-dibuix-i-pintura","tag-seniors"],"yoast_head":"<!-- This site is optimized with the Yoast SEO plugin v22.4 - https:\/\/yoast.com\/wordpress\/plugins\/seo\/ -->\n<title>Primer concurs de dibuix i pintura de la Comissi\u00f3 Intercol\u00b7legial S\u00e8niors de Catalunya - Col\u00b7legi de Farmac\u00e8utics de Barcelona<\/title>\n<meta name=\"description\" content=\"La Comissi\u00f3 intercol\u00b7legial de s\u00e8niors ha organitzat per primera vegada un concurs de dibuix i pintura. Hi podran conc\u00f3rrer tots els col\u00b7legiats s\u00e8niors i c\u00f2njugues, a partir de 60 anys,\" \/>\n<meta name=\"robots\" content=\"index, follow, max-snippet:-1, max-image-preview:large, max-video-preview:-1\" \/>\n<link rel=\"canonical\" href=\"https:\/\/novaorg.cofb.net\/2018\/09\/04\/primer-concurs-de-dibuix-i-pintura-de-la-comissio-intercollegial-de-seniors\/\" \/>\n<meta property=\"og:locale\" content=\"ca_ES\" \/>\n<meta property=\"og:type\" content=\"article\" \/>\n<meta property=\"og:title\" content=\"Primer concurs de dibuix i pintura de la Comissi\u00f3 Intercol\u00b7legial S\u00e8niors de Catalunya - Col\u00b7legi de Farmac\u00e8utics de Barcelona\" \/>\n<meta property=\"og:description\" content=\"La Comissi\u00f3 intercol\u00b7legial de s\u00e8niors ha organitzat per primera vegada un concurs de dibuix i pintura. Hi podran conc\u00f3rrer tots els col\u00b7legiats s\u00e8niors i c\u00f2njugues, a partir de 60 anys,\" \/>\n<meta property=\"og:url\" content=\"https:\/\/novaorg.cofb.net\/2018\/09\/04\/primer-concurs-de-dibuix-i-pintura-de-la-comissio-intercollegial-de-seniors\/\" \/>\n<meta property=\"og:site_name\" content=\"Col\u00b7legi de Farmac\u00e8utics de Barcelona\" \/>\n<meta property=\"article:publisher\" content=\"https:\/\/www.facebook.com\/farmaceuticsbcn\/\" \/>\n<meta property=\"article:published_time\" content=\"2018-09-04T15:22:48+00:00\" \/>\n<meta name=\"author\" content=\"wpAdminCofbOrg\" \/>\n<meta name=\"twitter:card\" content=\"summary_large_image\" \/>\n<meta name=\"twitter:creator\" content=\"@farmaceuticsbcn\" \/>\n<meta name=\"twitter:site\" content=\"@farmaceuticsbcn\" \/>\n<meta name=\"twitter:label1\" content=\"Escrit per\" \/>\n\t<meta name=\"twitter:data1\" content=\"wpAdminCofbOrg\" \/>\n\t<meta name=\"twitter:label2\" content=\"Temps estimat de lectura\" \/>\n\t<meta name=\"twitter:data2\" content=\"2 minuts\" \/>\n<script type=\"application\/ld+json\" class=\"yoast-schema-graph\">{\"@context\":\"https:\/\/schema.org\",\"@graph\":[{\"@type\":\"Article\",\"@id\":\"https:\/\/novaorg.cofb.net\/2018\/09\/04\/primer-concurs-de-dibuix-i-pintura-de-la-comissio-intercollegial-de-seniors\/#article\",\"isPartOf\":{\"@id\":\"https:\/\/novaorg.cofb.net\/2018\/09\/04\/primer-concurs-de-dibuix-i-pintura-de-la-comissio-intercollegial-de-seniors\/\"},\"author\":{\"name\":\"wpAdminCofbOrg\",\"@id\":\"https:\/\/www.cofb.org\/#\/schema\/person\/22ed7eea88da74b0fa4d3154ad87ffcb\"},\"headline\":\"Primer concurs de dibuix i pintura de la Comissi\u00f3 Intercol\u00b7legial S\u00e8niors de Catalunya\",\"datePublished\":\"2018-09-04T15:22:48+00:00\",\"dateModified\":\"2018-09-04T15:22:48+00:00\",\"mainEntityOfPage\":{\"@id\":\"https:\/\/novaorg.cofb.net\/2018\/09\/04\/primer-concurs-de-dibuix-i-pintura-de-la-comissio-intercollegial-de-seniors\/\"},\"wordCount\":358,\"commentCount\":0,\"publisher\":{\"@id\":\"https:\/\/www.cofb.org\/#organization\"},\"image\":{\"@id\":\"https:\/\/novaorg.cofb.net\/2018\/09\/04\/primer-concurs-de-dibuix-i-pintura-de-la-comissio-intercollegial-de-seniors\/#primaryimage\"},\"thumbnailUrl\":\"\",\"keywords\":[\"Activitats culturals\",\"COFB\",\"Comissi\u00f3 de Cultura\",\"comissi\u00f3 intercol\u00b7legial\",\"concurs\",\"concurs de dibuix\",\"Concurs de dibuix i pintura\",\"Cultura\",\"dibuix i pintura\",\"s\u00e8niors\"],\"articleSection\":[\"M\u00f3n col\u00b7legial\"],\"inLanguage\":\"ca\",\"potentialAction\":[{\"@type\":\"CommentAction\",\"name\":\"Comment\",\"target\":[\"https:\/\/novaorg.cofb.net\/2018\/09\/04\/primer-concurs-de-dibuix-i-pintura-de-la-comissio-intercollegial-de-seniors\/#respond\"]}]},{\"@type\":\"WebPage\",\"@id\":\"https:\/\/novaorg.cofb.net\/2018\/09\/04\/primer-concurs-de-dibuix-i-pintura-de-la-comissio-intercollegial-de-seniors\/\",\"url\":\"https:\/\/novaorg.cofb.net\/2018\/09\/04\/primer-concurs-de-dibuix-i-pintura-de-la-comissio-intercollegial-de-seniors\/\",\"name\":\"Primer concurs de dibuix i pintura de la Comissi\u00f3 Intercol\u00b7legial S\u00e8niors de Catalunya - Col\u00b7legi de Farmac\u00e8utics de Barcelona\",\"isPartOf\":{\"@id\":\"https:\/\/www.cofb.org\/#website\"},\"primaryImageOfPage\":{\"@id\":\"https:\/\/novaorg.cofb.net\/2018\/09\/04\/primer-concurs-de-dibuix-i-pintura-de-la-comissio-intercollegial-de-seniors\/#primaryimage\"},\"image\":{\"@id\":\"https:\/\/novaorg.cofb.net\/2018\/09\/04\/primer-concurs-de-dibuix-i-pintura-de-la-comissio-intercollegial-de-seniors\/#primaryimage\"},\"thumbnailUrl\":\"\",\"datePublished\":\"2018-09-04T15:22:48+00:00\",\"dateModified\":\"2018-09-04T15:22:48+00:00\",\"description\":\"La Comissi\u00f3 intercol\u00b7legial de s\u00e8niors ha organitzat per primera vegada un concurs de dibuix i pintura. Hi podran conc\u00f3rrer tots els col\u00b7legiats s\u00e8niors i c\u00f2njugues, a partir de 60 anys,\",\"breadcrumb\":{\"@id\":\"https:\/\/novaorg.cofb.net\/2018\/09\/04\/primer-concurs-de-dibuix-i-pintura-de-la-comissio-intercollegial-de-seniors\/#breadcrumb\"},\"inLanguage\":\"ca\",\"potentialAction\":[{\"@type\":\"ReadAction\",\"target\":[\"https:\/\/novaorg.cofb.net\/2018\/09\/04\/primer-concurs-de-dibuix-i-pintura-de-la-comissio-intercollegial-de-seniors\/\"]}]},{\"@type\":\"ImageObject\",\"inLanguage\":\"ca\",\"@id\":\"https:\/\/novaorg.cofb.net\/2018\/09\/04\/primer-concurs-de-dibuix-i-pintura-de-la-comissio-intercollegial-de-seniors\/#primaryimage\",\"url\":\"\",\"contentUrl\":\"\"},{\"@type\":\"BreadcrumbList\",\"@id\":\"https:\/\/novaorg.cofb.net\/2018\/09\/04\/primer-concurs-de-dibuix-i-pintura-de-la-comissio-intercollegial-de-seniors\/#breadcrumb\",\"itemListElement\":[{\"@type\":\"ListItem\",\"position\":1,\"name\":\"Inici\",\"item\":\"https:\/\/novaorg.cofb.net\/\"},{\"@type\":\"ListItem\",\"position\":2,\"name\":\"Primer concurs de dibuix i pintura de la Comissi\u00f3 Intercol\u00b7legial S\u00e8niors de Catalunya\"}]},{\"@type\":\"WebSite\",\"@id\":\"https:\/\/www.cofb.org\/#website\",\"url\":\"https:\/\/www.cofb.org\/\",\"name\":\"Col\u00b7legi de Farmac\u00e8utics de Barcelona\",\"description\":\"\",\"publisher\":{\"@id\":\"https:\/\/www.cofb.org\/#organization\"},\"potentialAction\":[{\"@type\":\"SearchAction\",\"target\":{\"@type\":\"EntryPoint\",\"urlTemplate\":\"https:\/\/www.cofb.org\/?s={search_term_string}\"},\"query-input\":\"required name=search_term_string\"}],\"inLanguage\":\"ca\"},{\"@type\":\"Organization\",\"@id\":\"https:\/\/www.cofb.org\/#organization\",\"name\":\"Col\u00b7legi de Farmac\u00e8utics de Barcelona\",\"url\":\"https:\/\/www.cofb.org\/\",\"logo\":{\"@type\":\"ImageObject\",\"inLanguage\":\"ca\",\"@id\":\"https:\/\/www.cofb.org\/#\/schema\/logo\/image\/\",\"url\":\"https:\/\/www.cofb.org\/wp-content\/uploads\/2023\/11\/cropped-Logotip-COFB.png\",\"contentUrl\":\"https:\/\/www.cofb.org\/wp-content\/uploads\/2023\/11\/cropped-Logotip-COFB.png\",\"width\":500,\"height\":105,\"caption\":\"Col\u00b7legi de Farmac\u00e8utics de Barcelona\"},\"image\":{\"@id\":\"https:\/\/www.cofb.org\/#\/schema\/logo\/image\/\"},\"sameAs\":[\"https:\/\/www.facebook.com\/farmaceuticsbcn\/\",\"https:\/\/twitter.com\/farmaceuticsbcn\",\"https:\/\/www.instagram.com\/farmaceuticsbcn\/\",\"https:\/\/www.linkedin.com\/company\/farmaceuticsbcn\/\"]},{\"@type\":\"Person\",\"@id\":\"https:\/\/www.cofb.org\/#\/schema\/person\/22ed7eea88da74b0fa4d3154ad87ffcb\",\"name\":\"wpAdminCofbOrg\",\"image\":{\"@type\":\"ImageObject\",\"inLanguage\":\"ca\",\"@id\":\"https:\/\/www.cofb.org\/#\/schema\/person\/image\/\",\"url\":\"https:\/\/secure.gravatar.com\/avatar\/1721b20b3b8ca882c3b56ec6c978c594fff670e40c0718e9190eaeeb76aae7d8?s=96&d=mm&r=g\",\"contentUrl\":\"https:\/\/secure.gravatar.com\/avatar\/1721b20b3b8ca882c3b56ec6c978c594fff670e40c0718e9190eaeeb76aae7d8?s=96&d=mm&r=g\",\"caption\":\"wpAdminCofbOrg\"},\"sameAs\":[\"http:\/\/192.168.64.122\/wordpress\"],\"url\":\"https:\/\/www.cofb.org\/ca\/author\/wpadmincofborg\/\"}]}<\/script>\n<!-- \/ Yoast SEO plugin. -->","yoast_head_json":{"title":"Primer concurs de dibuix i pintura de la Comissi\u00f3 Intercol\u00b7legial S\u00e8niors de Catalunya - Col\u00b7legi de Farmac\u00e8utics de Barcelona","description":"La Comissi\u00f3 intercol\u00b7legial de s\u00e8niors ha organitzat per primera vegada un concurs de dibuix i pintura. Hi podran conc\u00f3rrer tots els col\u00b7legiats s\u00e8niors i c\u00f2njugues, a partir de 60 anys,","robots":{"index":"index","follow":"follow","max-snippet":"max-snippet:-1","max-image-preview":"max-image-preview:large","max-video-preview":"max-video-preview:-1"},"canonical":"https:\/\/novaorg.cofb.net\/2018\/09\/04\/primer-concurs-de-dibuix-i-pintura-de-la-comissio-intercollegial-de-seniors\/","og_locale":"ca_ES","og_type":"article","og_title":"Primer concurs de dibuix i pintura de la Comissi\u00f3 Intercol\u00b7legial S\u00e8niors de Catalunya - Col\u00b7legi de Farmac\u00e8utics de Barcelona","og_description":"La Comissi\u00f3 intercol\u00b7legial de s\u00e8niors ha organitzat per primera vegada un concurs de dibuix i pintura. Hi podran conc\u00f3rrer tots els col\u00b7legiats s\u00e8niors i c\u00f2njugues, a partir de 60 anys,","og_url":"https:\/\/novaorg.cofb.net\/2018\/09\/04\/primer-concurs-de-dibuix-i-pintura-de-la-comissio-intercollegial-de-seniors\/","og_site_name":"Col\u00b7legi de Farmac\u00e8utics de Barcelona","article_publisher":"https:\/\/www.facebook.com\/farmaceuticsbcn\/","article_published_time":"2018-09-04T15:22:48+00:00","author":"wpAdminCofbOrg","twitter_card":"summary_large_image","twitter_creator":"@farmaceuticsbcn","twitter_site":"@farmaceuticsbcn","twitter_misc":{"Escrit per":"wpAdminCofbOrg","Temps estimat de lectura":"2 minuts"},"schema":{"@context":"https:\/\/schema.org","@graph":[{"@type":"Article","@id":"https:\/\/novaorg.cofb.net\/2018\/09\/04\/primer-concurs-de-dibuix-i-pintura-de-la-comissio-intercollegial-de-seniors\/#article","isPartOf":{"@id":"https:\/\/novaorg.cofb.net\/2018\/09\/04\/primer-concurs-de-dibuix-i-pintura-de-la-comissio-intercollegial-de-seniors\/"},"author":{"name":"wpAdminCofbOrg","@id":"https:\/\/www.cofb.org\/#\/schema\/person\/22ed7eea88da74b0fa4d3154ad87ffcb"},"headline":"Primer concurs de dibuix i pintura de la Comissi\u00f3 Intercol\u00b7legial S\u00e8niors de Catalunya","datePublished":"2018-09-04T15:22:48+00:00","dateModified":"2018-09-04T15:22:48+00:00","mainEntityOfPage":{"@id":"https:\/\/novaorg.cofb.net\/2018\/09\/04\/primer-concurs-de-dibuix-i-pintura-de-la-comissio-intercollegial-de-seniors\/"},"wordCount":358,"commentCount":0,"publisher":{"@id":"https:\/\/www.cofb.org\/#organization"},"image":{"@id":"https:\/\/novaorg.cofb.net\/2018\/09\/04\/primer-concurs-de-dibuix-i-pintura-de-la-comissio-intercollegial-de-seniors\/#primaryimage"},"thumbnailUrl":"","keywords":["Activitats culturals","COFB","Comissi\u00f3 de Cultura","comissi\u00f3 intercol\u00b7legial","concurs","concurs de dibuix","Concurs de dibuix i pintura","Cultura","dibuix i pintura","s\u00e8niors"],"articleSection":["M\u00f3n col\u00b7legial"],"inLanguage":"ca","potentialAction":[{"@type":"CommentAction","name":"Comment","target":["https:\/\/novaorg.cofb.net\/2018\/09\/04\/primer-concurs-de-dibuix-i-pintura-de-la-comissio-intercollegial-de-seniors\/#respond"]}]},{"@type":"WebPage","@id":"https:\/\/novaorg.cofb.net\/2018\/09\/04\/primer-concurs-de-dibuix-i-pintura-de-la-comissio-intercollegial-de-seniors\/","url":"https:\/\/novaorg.cofb.net\/2018\/09\/04\/primer-concurs-de-dibuix-i-pintura-de-la-comissio-intercollegial-de-seniors\/","name":"Primer concurs de dibuix i pintura de la Comissi\u00f3 Intercol\u00b7legial S\u00e8niors de Catalunya - Col\u00b7legi de Farmac\u00e8utics de Barcelona","isPartOf":{"@id":"https:\/\/www.cofb.org\/#website"},"primaryImageOfPage":{"@id":"https:\/\/novaorg.cofb.net\/2018\/09\/04\/primer-concurs-de-dibuix-i-pintura-de-la-comissio-intercollegial-de-seniors\/#primaryimage"},"image":{"@id":"https:\/\/novaorg.cofb.net\/2018\/09\/04\/primer-concurs-de-dibuix-i-pintura-de-la-comissio-intercollegial-de-seniors\/#primaryimage"},"thumbnailUrl":"","datePublished":"2018-09-04T15:22:48+00:00","dateModified":"2018-09-04T15:22:48+00:00","description":"La Comissi\u00f3 intercol\u00b7legial de s\u00e8niors ha organitzat per primera vegada un concurs de dibuix i pintura. Hi podran conc\u00f3rrer tots els col\u00b7legiats s\u00e8niors i c\u00f2njugues, a partir de 60 anys,","breadcrumb":{"@id":"https:\/\/novaorg.cofb.net\/2018\/09\/04\/primer-concurs-de-dibuix-i-pintura-de-la-comissio-intercollegial-de-seniors\/#breadcrumb"},"inLanguage":"ca","potentialAction":[{"@type":"ReadAction","target":["https:\/\/novaorg.cofb.net\/2018\/09\/04\/primer-concurs-de-dibuix-i-pintura-de-la-comissio-intercollegial-de-seniors\/"]}]},{"@type":"ImageObject","inLanguage":"ca","@id":"https:\/\/novaorg.cofb.net\/2018\/09\/04\/primer-concurs-de-dibuix-i-pintura-de-la-comissio-intercollegial-de-seniors\/#primaryimage","url":"","contentUrl":""},{"@type":"BreadcrumbList","@id":"https:\/\/novaorg.cofb.net\/2018\/09\/04\/primer-concurs-de-dibuix-i-pintura-de-la-comissio-intercollegial-de-seniors\/#breadcrumb","itemListElement":[{"@type":"ListItem","position":1,"name":"Inici","item":"https:\/\/novaorg.cofb.net\/"},{"@type":"ListItem","position":2,"name":"Primer concurs de dibuix i pintura de la Comissi\u00f3 Intercol\u00b7legial S\u00e8niors de Catalunya"}]},{"@type":"WebSite","@id":"https:\/\/www.cofb.org\/#website","url":"https:\/\/www.cofb.org\/","name":"Col\u00b7legi de Farmac\u00e8utics de Barcelona","description":"","publisher":{"@id":"https:\/\/www.cofb.org\/#organization"},"potentialAction":[{"@type":"SearchAction","target":{"@type":"EntryPoint","urlTemplate":"https:\/\/www.cofb.org\/?s={search_term_string}"},"query-input":"required name=search_term_string"}],"inLanguage":"ca"},{"@type":"Organization","@id":"https:\/\/www.cofb.org\/#organization","name":"Col\u00b7legi de Farmac\u00e8utics de Barcelona","url":"https:\/\/www.cofb.org\/","logo":{"@type":"ImageObject","inLanguage":"ca","@id":"https:\/\/www.cofb.org\/#\/schema\/logo\/image\/","url":"https:\/\/www.cofb.org\/wp-content\/uploads\/2023\/11\/cropped-Logotip-COFB.png","contentUrl":"https:\/\/www.cofb.org\/wp-content\/uploads\/2023\/11\/cropped-Logotip-COFB.png","width":500,"height":105,"caption":"Col\u00b7legi de Farmac\u00e8utics de Barcelona"},"image":{"@id":"https:\/\/www.cofb.org\/#\/schema\/logo\/image\/"},"sameAs":["https:\/\/www.facebook.com\/farmaceuticsbcn\/","https:\/\/twitter.com\/farmaceuticsbcn","https:\/\/www.instagram.com\/farmaceuticsbcn\/","https:\/\/www.linkedin.com\/company\/farmaceuticsbcn\/"]},{"@type":"Person","@id":"https:\/\/www.cofb.org\/#\/schema\/person\/22ed7eea88da74b0fa4d3154ad87ffcb","name":"wpAdminCofbOrg","image":{"@type":"ImageObject","inLanguage":"ca","@id":"https:\/\/www.cofb.org\/#\/schema\/person\/image\/","url":"https:\/\/secure.gravatar.com\/avatar\/1721b20b3b8ca882c3b56ec6c978c594fff670e40c0718e9190eaeeb76aae7d8?s=96&d=mm&r=g","contentUrl":"https:\/\/secure.gravatar.com\/avatar\/1721b20b3b8ca882c3b56ec6c978c594fff670e40c0718e9190eaeeb76aae7d8?s=96&d=mm&r=g","caption":"wpAdminCofbOrg"},"sameAs":["http:\/\/192.168.64.122\/wordpress"],"url":"https:\/\/www.cofb.org\/ca\/author\/wpadmincofborg\/"}]}},"uagb_featured_image_src":{"full":false,"thumbnail":false,"medium":false,"medium_large":false,"large":false,"1536x1536":false,"2048x2048":false,"trp-custom-language-flag":false},"uagb_author_info":{"display_name":"wpAdminCofbOrg","author_link":"https:\/\/www.cofb.org\/ca\/author\/wpadmincofborg\/"},"uagb_comment_info":0,"uagb_excerpt":"La Comissi\u00f3 Intercol\u00b7legial S\u00e8niors de Catalunya ha organitzat, per primera vegada, un concurs de dibuix i pintura. Hi podran conc\u00f3rrer, de forma gratu\u00efta, tots els col\u00b7legiats s\u00e8niors i c\u00f2njuges, a partir de 60 anys, que siguin membres dels Col\u00b7legis seg\u00fcents: Col\u00b7legi de Metges de Barcelona, Col\u00b7legi d&#8217;Advocats de Barcelona, Col\u00b7legi [&hellip;]","_links":{"self":[{"href":"https:\/\/www.cofb.org\/ca\/wp-json\/wp\/v2\/posts\/40756","targetHints":{"allow":["GET"]}}],"collection":[{"href":"https:\/\/www.cofb.org\/ca\/wp-json\/wp\/v2\/posts"}],"about":[{"href":"https:\/\/www.cofb.org\/ca\/wp-json\/wp\/v2\/types\/post"}],"author":[{"embeddable":true,"href":"https:\/\/www.cofb.org\/ca\/wp-json\/wp\/v2\/users\/1"}],"replies":[{"embeddable":true,"href":"https:\/\/www.cofb.org\/ca\/wp-json\/wp\/v2\/comments?post=40756"}],"version-history":[{"count":0,"href":"https:\/\/www.cofb.org\/ca\/wp-json\/wp\/v2\/posts\/40756\/revisions"}],"wp:featuredmedia":[{"embeddable":true,"href":"https:\/\/www.cofb.org\/ca\/wp-json\/"}],"wp:attachment":[{"href":"https:\/\/www.cofb.org\/ca\/wp-json\/wp\/v2\/media?parent=40756"}],"wp:term":[{"taxonomy":"category","embeddable":true,"href":"https:\/\/www.cofb.org\/ca\/wp-json\/wp\/v2\/categories?post=40756"},{"taxonomy":"post_tag","embeddable":true,"href":"https:\/\/www.cofb.org\/ca\/wp-json\/wp\/v2\/tags?post=40756"}],"curies":[{"name":"wp","href":"https:\/\/api.w.org\/{rel}","templated":true}]}}