{"id":40552,"date":"2018-07-25T14:46:42","date_gmt":"2018-07-25T12:46:42","guid":{"rendered":"https:\/\/blog.cofb.cat\/?p=40552"},"modified":"2018-07-25T14:46:42","modified_gmt":"2018-07-25T12:46:42","slug":"primeres-dades-campanya-atenciopell-2018","status":"publish","type":"post","link":"https:\/\/www.cofb.org\/ca\/2018\/07\/25\/primeres-dades-campanya-atenciopell-2018\/","title":{"rendered":"Primeres dades de la campanya #Atenci\u00f3Pell 2018"},"content":{"rendered":"<p>Per tercer any consecutiu, el COFB conjuntament amb l\u2019Hospital Cl\u00ednic de Barcelona ha dut a terme la <strong>campanya #Atenci\u00f3Pell<\/strong>, amb l\u2019objectiu de <strong>sensibilitzar a la poblaci\u00f3 sobre la import\u00e0ncia de la prevenci\u00f3 i la detecci\u00f3 preco\u00e7 del c\u00e0ncer de pell<\/strong>.<\/p>\n<h1><strong><span style=\"color: #008080;\">Comprom\u00eds de la farm\u00e0cia comunit\u00e0ria<\/span><\/strong><\/h1>\n<p>Amb un primer cop d\u2019ull a les dades preliminars que s\u2019estan recollint, <strong>a la campanya d\u2019enguany han participat 313 farm\u00e0cies amb 405 farmac\u00e8utics comunitaris<\/strong> formats per desenvolupar aquesta tasca de sensibilitzaci\u00f3 i detecci\u00f3 preco\u00e7. Segons paraules de la vocal de Dermofarm\u00e0cia i Productes Sanitaris del COFB, Marta Alcalde, \u201caquest fet posa en evid\u00e8ncia el <strong>comprom\u00eds i la implicaci\u00f3 de la farm\u00e0cia comunit\u00e0ria en aquest tipus de campanyes<\/strong>\u201d.<\/p>\n<figure id=\"attachment_40561\" aria-describedby=\"caption-attachment-40561\" style=\"width: 620px\" class=\"wp-caption aligncenter\"><a href=\"https:\/\/blog.cofb.cat\/wp-content\/uploads\/2018\/07\/IMG_20180613_104503_edited.jpg\"><img fetchpriority=\"high\" decoding=\"async\" class=\"wp-image-40561 size-large\" title=\"Farmac\u00e8utiques de Badalona durant una de les activitats de la campanya #Atenci\u00f3Pell\" src=\"https:\/\/blog.cofb.cat\/wp-content\/uploads\/2018\/07\/IMG_20180613_104503_edited-1024x632.jpg\" alt=\"Farmac\u00e8utiques de Badalona durant una de les activitats de la campanya #Atenci\u00f3Pell\" width=\"620\" height=\"383\" \/><\/a><figcaption id=\"caption-attachment-40561\" class=\"wp-caption-text\">Farmac\u00e8utiques de Badalona durant una de les activitats de la campanya #Atenci\u00f3Pell.<\/figcaption><\/figure>\n<h1><strong><span style=\"color: #008080;\">Detecci\u00f3 de factors de risc i recomanacions<\/span><\/strong><\/h1>\n<p>Despr\u00e9s d\u2019analitzar de forma preliminar les dades obtingudes amb les <strong>2.573 intervencions<\/strong>, el <strong>65% dels participants presenten almenys algun factor de risc<\/strong>, com en anys anteriors, i a un 43% dels entrevistats se\u2019ls ha recomanat una revisi\u00f3 dermatol\u00f2gica, ja que tenen algun factor de risc i no se n&#8217;han fet cap en els darrers dos anys.<\/p>\n<p>Al q\u00fcestionari d\u2019aquesta edici\u00f3, <strong>els farmac\u00e8utics analitzaven per primer any els medicaments que prenien els entrevistats per tal de veure si eren fotosensibilitzants o no<\/strong>. S\u2019ha pogut constatar que el <strong>45% dels entrevistats en prenien<\/strong>, per\u00f2 <strong>nom\u00e9s el 24% dels mateixos adoptaven mesures de fotoprotecci\u00f3 per tal d\u2019evitar les reaccions de fotosensibilitat<\/strong>. Alcalde recorda que \u201c<strong>els farmac\u00e8utics<\/strong>, en aquest cas, <strong>com a especialistes del medicament<\/strong>, tenim un <strong>paper molt important a l\u2019hora d\u2019informar i prevenir a la poblaci\u00f3<\/strong> enfront d\u2019aquest tipus de reaccions, donant consell per tal prevenir-les\u201d.<\/p>\n<figure id=\"attachment_40568\" aria-describedby=\"caption-attachment-40568\" style=\"width: 620px\" class=\"wp-caption aligncenter\"><a href=\"https:\/\/blog.cofb.cat\/wp-content\/uploads\/2018\/07\/20180724_104758_edited.jpg\"><img decoding=\"async\" class=\"wp-image-40568 size-large\" title=\"Pres\u00e8ncia de la campanya #Atenci\u00f3Pell 2018 al COFB\" src=\"https:\/\/blog.cofb.cat\/wp-content\/uploads\/2018\/07\/20180724_104758_edited-1024x584.jpg\" alt=\"Pres\u00e8ncia de la campanya #Atenci\u00f3Pell 2018 al COFB\" width=\"620\" height=\"354\" \/><\/a><figcaption id=\"caption-attachment-40568\" class=\"wp-caption-text\">Pres\u00e8ncia de la campanya #Atenci\u00f3Pell 2018 al COFB.<\/figcaption><\/figure>\n<p>S\u2019ha pogut comprovar tamb\u00e9 que existeix un <strong>52% de la poblaci\u00f3 que encara no ha pres consci\u00e8ncia de la necessitat de fer una revisi\u00f3 dermatol\u00f2gica cada dos anys<\/strong>. \u201cTenim molt a fer en la conscienciaci\u00f3 en aquest sentit, ja que <strong>la detecci\u00f3 preco\u00e7 \u00e9s fonamental<\/strong> per tenir una resoluci\u00f3 favorable en aquest tipus de c\u00e0ncers tan agressius\u201d, afirma la vocal de Dermofarm\u00e0cia del COFB.<\/p>\n<div class=\"box info\"><\/p>\n<p>Enguany, un 13% dels participants a la campanya han estat reclutats per participar en l\u2019<strong>estudi Derma-Risc II<\/strong>, sent derivats a<b>\u00a0<\/b>l\u2019Hospital Cl\u00ednic <b>per tal que puguin realitzar-los una revisi\u00f3 dermatol\u00f2gica especialitzada gratu\u00efta i validar els q\u00fcestionaris relacionats.\u00a0<\/b>Aix\u00f2 permetr\u00e0 validar si aquesta classificaci\u00f3 optimitza els recursos sanitaris per fer la detecci\u00f3 preco\u00e7 del c\u00e0ncer de pell.<\/p>\n<p><\/div>\n<p>A la campanya d\u2019aquest any, es potenciava la <strong>recomanaci\u00f3 m\u00e9s personalitzada sobre l\u2019\u00fas de fotoprotectors<\/strong>, fet que ha perm\u00e8s que els pacients entrevistats sortissin de la farm\u00e0cia amb la recomanaci\u00f3 del protector solar m\u00e9s adequada segons la seva vulnerabilitat, el seu tipus d\u2019exposici\u00f3 i les seves prefer\u00e8ncies personals.<\/p>\n<h1><span style=\"color: #008080;\"><strong>Conscienciar dels perills d\u2019una mala exposici\u00f3 solar<\/strong><\/span><\/h1>\n<p>Per finalitzar, Marta Alcalde destaca que \u201c<strong>la campanya un cop m\u00e9s fa palesa la necessitat que encara avui dia tenim de conscienciar a la poblaci\u00f3 dels perills d\u2019una mala exposici\u00f3 solar<\/strong> i de la <strong>necessitat de les revisions peri\u00f2diques per tal de fer una detecci\u00f3 preco\u00e7 del c\u00e0ncer de pell,<\/strong> en especial quan es t\u00e9 algun factor de risc\u201d.<\/p>\n<p style=\"text-align: right;\"><strong>Campanya #Atenci\u00f3Pell organitzada conjuntament per:<\/strong><\/p>\n<p><a href=\"https:\/\/blog.cofb.cat\/wp-content\/uploads\/2018\/05\/Logos.jpg\"><img decoding=\"async\" class=\" wp-image-39401 alignright\" src=\"https:\/\/blog.cofb.cat\/wp-content\/uploads\/2018\/05\/Logos.jpg\" alt=\"\" width=\"395\" height=\"66\" \/><\/a><\/p>\n<p>&nbsp;<\/p>\n<p>&nbsp;<\/p>\n<p style=\"text-align: right;\"><strong>Amb la col\u00b7laboraci\u00f3 de:<\/strong><\/p>\n<p><a href=\"https:\/\/blog.cofb.cat\/wp-content\/uploads\/2018\/05\/Patrocinadors-Atenci\u00f3Pell-1.jpg\"><img loading=\"lazy\" decoding=\"async\" class=\" wp-image-39389 alignright\" src=\"https:\/\/blog.cofb.cat\/wp-content\/uploads\/2018\/05\/Patrocinadors-Atenci\u00f3Pell-1.jpg\" alt=\"\" width=\"426\" height=\"64\" \/><\/a><\/p>\n<p>&nbsp;<\/p>\n<p>&nbsp;<\/p>\n<p><strong>M\u00e9s informaci\u00f3 sobre #Atenci\u00f3Pell a la web de Salut del COFB:<\/strong><\/p>\n<ul>\n<li><a href=\"http:\/\/www.farmaceuticonline.com\/atenciopell\" target=\"_blank\" rel=\"noopener\">Espai de la campanya a Farmaceuticonline.com<\/a><\/li>\n<\/ul>\n<p><strong>Altres publicacions relacionades amb la campanya #Atenci\u00f3Pell 2018:<br \/>\n<\/strong><\/p>\n<ul>\n<li><a href=\"https:\/\/blog.cofb.cat\/mes-1-500-persones-ja-han-participat-campanya-atenciopell\/\" target=\"_blank\" rel=\"noopener\">M\u00e9s de 1.500 persones ja han participat en la campanya #Atenci\u00f3Pell (Juny 2018).<\/a><\/li>\n<li><a href=\"https:\/\/blog.cofb.cat\/en-marxa-la-tercera-edicio-de-la-campanya-atenciopell-organitzada-pel-cofb-i-lhospital-clinic-de-barcelona\/\" target=\"_blank\" rel=\"noopener\">En marxa la tercera edici\u00f3 de la campanya #Atenci\u00f3Pell, organitzada pel COFB i l\u2019Hospital Cl\u00ednic de Barcelona (Maig 2018)<\/a><\/li>\n<li><a href=\"https:\/\/blog.cofb.cat\/mes-900-farmaceutics-sinscriuen-als-tallers-campanya-atenciopell\/\" target=\"_blank\" rel=\"noopener\">M\u00e9s de 900 farmac\u00e8utics s&#8217;inscriuen als tallers de la campanya #Atenci\u00f3Pell (Maig 2018)<\/a><\/li>\n<li><a href=\"https:\/\/blog.cofb.cat\/mes-de-700-farmaceutics-inscrits-a-la-sessio-informativa-de-la-campanya-atenciopell\/\" target=\"_blank\" rel=\"noopener\">M\u00e9s de 700 farmac\u00e8utics inscrits a la sessi\u00f3 informativa de la campanya #Atenci\u00f3Pell (Maig 2018)<\/a><\/li>\n<\/ul>\n","protected":false},"excerpt":{"rendered":"<p>Per tercer any consecutiu, el COFB conjuntament amb l\u2019Hospital Cl\u00ednic de Barcelona ha dut a terme la campanya #Atenci\u00f3Pell, amb l\u2019objectiu de sensibilitzar a la poblaci\u00f3 sobre la import\u00e0ncia de la prevenci\u00f3 i la detecci\u00f3 preco\u00e7 del c\u00e0ncer de pell. Comprom\u00eds de la farm\u00e0cia comunit\u00e0ria Amb un primer cop d\u2019ull [&hellip;]<\/p>\n","protected":false},"author":1,"featured_media":40561,"comment_status":"open","ping_status":"open","sticky":false,"template":"","format":"standard","meta":{"_uag_custom_page_level_css":"","site-sidebar-layout":"default","site-content-layout":"","ast-site-content-layout":"default","site-content-style":"default","site-sidebar-style":"default","ast-global-header-display":"","ast-banner-title-visibility":"","ast-main-header-display":"","ast-hfb-above-header-display":"","ast-hfb-below-header-display":"","ast-hfb-mobile-header-display":"","site-post-title":"","ast-breadcrumbs-content":"","ast-featured-img":"disabled","footer-sml-layout":"","theme-transparent-header-meta":"","adv-header-id-meta":"","stick-header-meta":"","header-above-stick-meta":"","header-main-stick-meta":"","header-below-stick-meta":"","astra-migrate-meta-layouts":"default","ast-page-background-enabled":"default","ast-page-background-meta":{"desktop":{"background-color":"var(--ast-global-color-4)","background-image":"","background-repeat":"repeat","background-position":"center center","background-size":"auto","background-attachment":"scroll","background-type":"","background-media":"","overlay-type":"","overlay-color":"","overlay-opacity":"","overlay-gradient":""},"tablet":{"background-color":"","background-image":"","background-repeat":"repeat","background-position":"center center","background-size":"auto","background-attachment":"scroll","background-type":"","background-media":"","overlay-type":"","overlay-color":"","overlay-opacity":"","overlay-gradient":""},"mobile":{"background-color":"","background-image":"","background-repeat":"repeat","background-position":"center center","background-size":"auto","background-attachment":"scroll","background-type":"","background-media":"","overlay-type":"","overlay-color":"","overlay-opacity":"","overlay-gradient":""}},"ast-content-background-meta":{"desktop":{"background-color":"var(--ast-global-color-5)","background-image":"","background-repeat":"repeat","background-position":"center center","background-size":"auto","background-attachment":"scroll","background-type":"","background-media":"","overlay-type":"","overlay-color":"","overlay-opacity":"","overlay-gradient":""},"tablet":{"background-color":"var(--ast-global-color-5)","background-image":"","background-repeat":"repeat","background-position":"center center","background-size":"auto","background-attachment":"scroll","background-type":"","background-media":"","overlay-type":"","overlay-color":"","overlay-opacity":"","overlay-gradient":""},"mobile":{"background-color":"var(--ast-global-color-5)","background-image":"","background-repeat":"repeat","background-position":"center center","background-size":"auto","background-attachment":"scroll","background-type":"","background-media":"","overlay-type":"","overlay-color":"","overlay-opacity":"","overlay-gradient":""}},"footnotes":""},"categories":[57],"tags":[392,3142,2277,3099,2443,723,739,18,19,79,2992,2151,53,68,741,2828],"class_list":["post-40552","post","type-post","status-publish","format-standard","has-post-thumbnail","hentry","category-mon-collegial","tag-atencio-pell","tag-atencio-pell-2018","tag-campanya-de-sensibilitzacio","tag-campanya-pell-2018","tag-campanya-prevencio-cancer-de-pell","tag-cancer","tag-cancer-de-pell","tag-cofb","tag-collegi-de-farmaceutics-de-barcelona","tag-dermatologia","tag-deteccio-precoc-cancer","tag-deteccio-precoc-malalties","tag-farmaceutics","tag-farmacia","tag-hospital-clinic","tag-revisio-dermatologica"],"yoast_head":"<!-- This site is optimized with the Yoast SEO plugin v22.4 - https:\/\/yoast.com\/wordpress\/plugins\/seo\/ -->\n<title>Primeres dades de la campanya #Atenci\u00f3Pell 2018 - Col\u00b7legi de Farmac\u00e8utics de Barcelona<\/title>\n<meta name=\"robots\" content=\"index, follow, max-snippet:-1, max-image-preview:large, max-video-preview:-1\" \/>\n<link rel=\"canonical\" href=\"https:\/\/novaorg.cofb.net\/2018\/07\/25\/primeres-dades-campanya-atenciopell-2018\/\" \/>\n<meta property=\"og:locale\" content=\"ca_ES\" \/>\n<meta property=\"og:type\" content=\"article\" \/>\n<meta property=\"og:title\" content=\"Primeres dades de la campanya #Atenci\u00f3Pell 2018 - Col\u00b7legi de Farmac\u00e8utics de Barcelona\" \/>\n<meta property=\"og:description\" content=\"Per tercer any consecutiu, el COFB conjuntament amb l\u2019Hospital Cl\u00ednic de Barcelona ha dut a terme la campanya #Atenci\u00f3Pell, amb l\u2019objectiu de sensibilitzar a la poblaci\u00f3 sobre la import\u00e0ncia de la prevenci\u00f3 i la detecci\u00f3 preco\u00e7 del c\u00e0ncer de pell. Comprom\u00eds de la farm\u00e0cia comunit\u00e0ria Amb un primer cop d\u2019ull [&hellip;]\" \/>\n<meta property=\"og:url\" content=\"https:\/\/novaorg.cofb.net\/2018\/07\/25\/primeres-dades-campanya-atenciopell-2018\/\" \/>\n<meta property=\"og:site_name\" content=\"Col\u00b7legi de Farmac\u00e8utics de Barcelona\" \/>\n<meta property=\"article:publisher\" content=\"https:\/\/www.facebook.com\/farmaceuticsbcn\/\" \/>\n<meta property=\"article:published_time\" content=\"2018-07-25T12:46:42+00:00\" \/>\n<meta name=\"author\" content=\"wpAdminCofbOrg\" \/>\n<meta name=\"twitter:card\" content=\"summary_large_image\" \/>\n<meta name=\"twitter:creator\" content=\"@farmaceuticsbcn\" \/>\n<meta name=\"twitter:site\" content=\"@farmaceuticsbcn\" \/>\n<meta name=\"twitter:label1\" content=\"Escrit per\" \/>\n\t<meta name=\"twitter:data1\" content=\"wpAdminCofbOrg\" \/>\n\t<meta name=\"twitter:label2\" content=\"Temps estimat de lectura\" \/>\n\t<meta name=\"twitter:data2\" content=\"3 minuts\" \/>\n<script type=\"application\/ld+json\" class=\"yoast-schema-graph\">{\"@context\":\"https:\/\/schema.org\",\"@graph\":[{\"@type\":\"Article\",\"@id\":\"https:\/\/novaorg.cofb.net\/2018\/07\/25\/primeres-dades-campanya-atenciopell-2018\/#article\",\"isPartOf\":{\"@id\":\"https:\/\/novaorg.cofb.net\/2018\/07\/25\/primeres-dades-campanya-atenciopell-2018\/\"},\"author\":{\"name\":\"wpAdminCofbOrg\",\"@id\":\"https:\/\/www.cofb.org\/#\/schema\/person\/22ed7eea88da74b0fa4d3154ad87ffcb\"},\"headline\":\"Primeres dades de la campanya #Atenci\u00f3Pell 2018\",\"datePublished\":\"2018-07-25T12:46:42+00:00\",\"dateModified\":\"2018-07-25T12:46:42+00:00\",\"mainEntityOfPage\":{\"@id\":\"https:\/\/novaorg.cofb.net\/2018\/07\/25\/primeres-dades-campanya-atenciopell-2018\/\"},\"wordCount\":703,\"commentCount\":0,\"publisher\":{\"@id\":\"https:\/\/www.cofb.org\/#organization\"},\"image\":{\"@id\":\"https:\/\/novaorg.cofb.net\/2018\/07\/25\/primeres-dades-campanya-atenciopell-2018\/#primaryimage\"},\"thumbnailUrl\":\"\",\"keywords\":[\"Atenci\u00f3 Pell\",\"Atenci\u00f3 Pell 2018\",\"campanya de sensibilitzaci\u00f3\",\"campanya pell 2018\",\"Campanya prevenci\u00f3 c\u00e0ncer de pell\",\"c\u00e0ncer\",\"c\u00e0ncer de pell\",\"COFB\",\"Col\u00b7legi de Farmac\u00e8utics de Barcelona\",\"dermatologia\",\"Detecci\u00f3 preco\u00e7 c\u00e0ncer\",\"Detecci\u00f3 preco\u00e7 malalties\",\"farmac\u00e8utics\",\"Farm\u00e0cia\",\"Hospital Cl\u00ednic\",\"revisi\u00f3 dermatol\u00f2gica\"],\"articleSection\":[\"M\u00f3n col\u00b7legial\"],\"inLanguage\":\"ca\",\"potentialAction\":[{\"@type\":\"CommentAction\",\"name\":\"Comment\",\"target\":[\"https:\/\/novaorg.cofb.net\/2018\/07\/25\/primeres-dades-campanya-atenciopell-2018\/#respond\"]}]},{\"@type\":\"WebPage\",\"@id\":\"https:\/\/novaorg.cofb.net\/2018\/07\/25\/primeres-dades-campanya-atenciopell-2018\/\",\"url\":\"https:\/\/novaorg.cofb.net\/2018\/07\/25\/primeres-dades-campanya-atenciopell-2018\/\",\"name\":\"Primeres dades de la campanya #Atenci\u00f3Pell 2018 - Col\u00b7legi de Farmac\u00e8utics de Barcelona\",\"isPartOf\":{\"@id\":\"https:\/\/www.cofb.org\/#website\"},\"primaryImageOfPage\":{\"@id\":\"https:\/\/novaorg.cofb.net\/2018\/07\/25\/primeres-dades-campanya-atenciopell-2018\/#primaryimage\"},\"image\":{\"@id\":\"https:\/\/novaorg.cofb.net\/2018\/07\/25\/primeres-dades-campanya-atenciopell-2018\/#primaryimage\"},\"thumbnailUrl\":\"\",\"datePublished\":\"2018-07-25T12:46:42+00:00\",\"dateModified\":\"2018-07-25T12:46:42+00:00\",\"breadcrumb\":{\"@id\":\"https:\/\/novaorg.cofb.net\/2018\/07\/25\/primeres-dades-campanya-atenciopell-2018\/#breadcrumb\"},\"inLanguage\":\"ca\",\"potentialAction\":[{\"@type\":\"ReadAction\",\"target\":[\"https:\/\/novaorg.cofb.net\/2018\/07\/25\/primeres-dades-campanya-atenciopell-2018\/\"]}]},{\"@type\":\"ImageObject\",\"inLanguage\":\"ca\",\"@id\":\"https:\/\/novaorg.cofb.net\/2018\/07\/25\/primeres-dades-campanya-atenciopell-2018\/#primaryimage\",\"url\":\"\",\"contentUrl\":\"\"},{\"@type\":\"BreadcrumbList\",\"@id\":\"https:\/\/novaorg.cofb.net\/2018\/07\/25\/primeres-dades-campanya-atenciopell-2018\/#breadcrumb\",\"itemListElement\":[{\"@type\":\"ListItem\",\"position\":1,\"name\":\"Inici\",\"item\":\"https:\/\/novaorg.cofb.net\/\"},{\"@type\":\"ListItem\",\"position\":2,\"name\":\"Primeres dades de la campanya #Atenci\u00f3Pell 2018\"}]},{\"@type\":\"WebSite\",\"@id\":\"https:\/\/www.cofb.org\/#website\",\"url\":\"https:\/\/www.cofb.org\/\",\"name\":\"Col\u00b7legi de Farmac\u00e8utics de Barcelona\",\"description\":\"\",\"publisher\":{\"@id\":\"https:\/\/www.cofb.org\/#organization\"},\"potentialAction\":[{\"@type\":\"SearchAction\",\"target\":{\"@type\":\"EntryPoint\",\"urlTemplate\":\"https:\/\/www.cofb.org\/?s={search_term_string}\"},\"query-input\":\"required name=search_term_string\"}],\"inLanguage\":\"ca\"},{\"@type\":\"Organization\",\"@id\":\"https:\/\/www.cofb.org\/#organization\",\"name\":\"Col\u00b7legi de Farmac\u00e8utics de Barcelona\",\"url\":\"https:\/\/www.cofb.org\/\",\"logo\":{\"@type\":\"ImageObject\",\"inLanguage\":\"ca\",\"@id\":\"https:\/\/www.cofb.org\/#\/schema\/logo\/image\/\",\"url\":\"https:\/\/www.cofb.org\/wp-content\/uploads\/2023\/11\/cropped-Logotip-COFB.png\",\"contentUrl\":\"https:\/\/www.cofb.org\/wp-content\/uploads\/2023\/11\/cropped-Logotip-COFB.png\",\"width\":500,\"height\":105,\"caption\":\"Col\u00b7legi de Farmac\u00e8utics de Barcelona\"},\"image\":{\"@id\":\"https:\/\/www.cofb.org\/#\/schema\/logo\/image\/\"},\"sameAs\":[\"https:\/\/www.facebook.com\/farmaceuticsbcn\/\",\"https:\/\/twitter.com\/farmaceuticsbcn\",\"https:\/\/www.instagram.com\/farmaceuticsbcn\/\",\"https:\/\/www.linkedin.com\/company\/farmaceuticsbcn\/\"]},{\"@type\":\"Person\",\"@id\":\"https:\/\/www.cofb.org\/#\/schema\/person\/22ed7eea88da74b0fa4d3154ad87ffcb\",\"name\":\"wpAdminCofbOrg\",\"image\":{\"@type\":\"ImageObject\",\"inLanguage\":\"ca\",\"@id\":\"https:\/\/www.cofb.org\/#\/schema\/person\/image\/\",\"url\":\"https:\/\/secure.gravatar.com\/avatar\/1721b20b3b8ca882c3b56ec6c978c594fff670e40c0718e9190eaeeb76aae7d8?s=96&d=mm&r=g\",\"contentUrl\":\"https:\/\/secure.gravatar.com\/avatar\/1721b20b3b8ca882c3b56ec6c978c594fff670e40c0718e9190eaeeb76aae7d8?s=96&d=mm&r=g\",\"caption\":\"wpAdminCofbOrg\"},\"sameAs\":[\"http:\/\/192.168.64.122\/wordpress\"],\"url\":\"https:\/\/www.cofb.org\/ca\/author\/wpadmincofborg\/\"}]}<\/script>\n<!-- \/ Yoast SEO plugin. -->","yoast_head_json":{"title":"Primeres dades de la campanya #Atenci\u00f3Pell 2018 - Col\u00b7legi de Farmac\u00e8utics de Barcelona","robots":{"index":"index","follow":"follow","max-snippet":"max-snippet:-1","max-image-preview":"max-image-preview:large","max-video-preview":"max-video-preview:-1"},"canonical":"https:\/\/novaorg.cofb.net\/2018\/07\/25\/primeres-dades-campanya-atenciopell-2018\/","og_locale":"ca_ES","og_type":"article","og_title":"Primeres dades de la campanya #Atenci\u00f3Pell 2018 - Col\u00b7legi de Farmac\u00e8utics de Barcelona","og_description":"Per tercer any consecutiu, el COFB conjuntament amb l\u2019Hospital Cl\u00ednic de Barcelona ha dut a terme la campanya #Atenci\u00f3Pell, amb l\u2019objectiu de sensibilitzar a la poblaci\u00f3 sobre la import\u00e0ncia de la prevenci\u00f3 i la detecci\u00f3 preco\u00e7 del c\u00e0ncer de pell. Comprom\u00eds de la farm\u00e0cia comunit\u00e0ria Amb un primer cop d\u2019ull [&hellip;]","og_url":"https:\/\/novaorg.cofb.net\/2018\/07\/25\/primeres-dades-campanya-atenciopell-2018\/","og_site_name":"Col\u00b7legi de Farmac\u00e8utics de Barcelona","article_publisher":"https:\/\/www.facebook.com\/farmaceuticsbcn\/","article_published_time":"2018-07-25T12:46:42+00:00","author":"wpAdminCofbOrg","twitter_card":"summary_large_image","twitter_creator":"@farmaceuticsbcn","twitter_site":"@farmaceuticsbcn","twitter_misc":{"Escrit per":"wpAdminCofbOrg","Temps estimat de lectura":"3 minuts"},"schema":{"@context":"https:\/\/schema.org","@graph":[{"@type":"Article","@id":"https:\/\/novaorg.cofb.net\/2018\/07\/25\/primeres-dades-campanya-atenciopell-2018\/#article","isPartOf":{"@id":"https:\/\/novaorg.cofb.net\/2018\/07\/25\/primeres-dades-campanya-atenciopell-2018\/"},"author":{"name":"wpAdminCofbOrg","@id":"https:\/\/www.cofb.org\/#\/schema\/person\/22ed7eea88da74b0fa4d3154ad87ffcb"},"headline":"Primeres dades de la campanya #Atenci\u00f3Pell 2018","datePublished":"2018-07-25T12:46:42+00:00","dateModified":"2018-07-25T12:46:42+00:00","mainEntityOfPage":{"@id":"https:\/\/novaorg.cofb.net\/2018\/07\/25\/primeres-dades-campanya-atenciopell-2018\/"},"wordCount":703,"commentCount":0,"publisher":{"@id":"https:\/\/www.cofb.org\/#organization"},"image":{"@id":"https:\/\/novaorg.cofb.net\/2018\/07\/25\/primeres-dades-campanya-atenciopell-2018\/#primaryimage"},"thumbnailUrl":"","keywords":["Atenci\u00f3 Pell","Atenci\u00f3 Pell 2018","campanya de sensibilitzaci\u00f3","campanya pell 2018","Campanya prevenci\u00f3 c\u00e0ncer de pell","c\u00e0ncer","c\u00e0ncer de pell","COFB","Col\u00b7legi de Farmac\u00e8utics de Barcelona","dermatologia","Detecci\u00f3 preco\u00e7 c\u00e0ncer","Detecci\u00f3 preco\u00e7 malalties","farmac\u00e8utics","Farm\u00e0cia","Hospital Cl\u00ednic","revisi\u00f3 dermatol\u00f2gica"],"articleSection":["M\u00f3n col\u00b7legial"],"inLanguage":"ca","potentialAction":[{"@type":"CommentAction","name":"Comment","target":["https:\/\/novaorg.cofb.net\/2018\/07\/25\/primeres-dades-campanya-atenciopell-2018\/#respond"]}]},{"@type":"WebPage","@id":"https:\/\/novaorg.cofb.net\/2018\/07\/25\/primeres-dades-campanya-atenciopell-2018\/","url":"https:\/\/novaorg.cofb.net\/2018\/07\/25\/primeres-dades-campanya-atenciopell-2018\/","name":"Primeres dades de la campanya #Atenci\u00f3Pell 2018 - Col\u00b7legi de Farmac\u00e8utics de Barcelona","isPartOf":{"@id":"https:\/\/www.cofb.org\/#website"},"primaryImageOfPage":{"@id":"https:\/\/novaorg.cofb.net\/2018\/07\/25\/primeres-dades-campanya-atenciopell-2018\/#primaryimage"},"image":{"@id":"https:\/\/novaorg.cofb.net\/2018\/07\/25\/primeres-dades-campanya-atenciopell-2018\/#primaryimage"},"thumbnailUrl":"","datePublished":"2018-07-25T12:46:42+00:00","dateModified":"2018-07-25T12:46:42+00:00","breadcrumb":{"@id":"https:\/\/novaorg.cofb.net\/2018\/07\/25\/primeres-dades-campanya-atenciopell-2018\/#breadcrumb"},"inLanguage":"ca","potentialAction":[{"@type":"ReadAction","target":["https:\/\/novaorg.cofb.net\/2018\/07\/25\/primeres-dades-campanya-atenciopell-2018\/"]}]},{"@type":"ImageObject","inLanguage":"ca","@id":"https:\/\/novaorg.cofb.net\/2018\/07\/25\/primeres-dades-campanya-atenciopell-2018\/#primaryimage","url":"","contentUrl":""},{"@type":"BreadcrumbList","@id":"https:\/\/novaorg.cofb.net\/2018\/07\/25\/primeres-dades-campanya-atenciopell-2018\/#breadcrumb","itemListElement":[{"@type":"ListItem","position":1,"name":"Inici","item":"https:\/\/novaorg.cofb.net\/"},{"@type":"ListItem","position":2,"name":"Primeres dades de la campanya #Atenci\u00f3Pell 2018"}]},{"@type":"WebSite","@id":"https:\/\/www.cofb.org\/#website","url":"https:\/\/www.cofb.org\/","name":"Col\u00b7legi de Farmac\u00e8utics de Barcelona","description":"","publisher":{"@id":"https:\/\/www.cofb.org\/#organization"},"potentialAction":[{"@type":"SearchAction","target":{"@type":"EntryPoint","urlTemplate":"https:\/\/www.cofb.org\/?s={search_term_string}"},"query-input":"required name=search_term_string"}],"inLanguage":"ca"},{"@type":"Organization","@id":"https:\/\/www.cofb.org\/#organization","name":"Col\u00b7legi de Farmac\u00e8utics de Barcelona","url":"https:\/\/www.cofb.org\/","logo":{"@type":"ImageObject","inLanguage":"ca","@id":"https:\/\/www.cofb.org\/#\/schema\/logo\/image\/","url":"https:\/\/www.cofb.org\/wp-content\/uploads\/2023\/11\/cropped-Logotip-COFB.png","contentUrl":"https:\/\/www.cofb.org\/wp-content\/uploads\/2023\/11\/cropped-Logotip-COFB.png","width":500,"height":105,"caption":"Col\u00b7legi de Farmac\u00e8utics de Barcelona"},"image":{"@id":"https:\/\/www.cofb.org\/#\/schema\/logo\/image\/"},"sameAs":["https:\/\/www.facebook.com\/farmaceuticsbcn\/","https:\/\/twitter.com\/farmaceuticsbcn","https:\/\/www.instagram.com\/farmaceuticsbcn\/","https:\/\/www.linkedin.com\/company\/farmaceuticsbcn\/"]},{"@type":"Person","@id":"https:\/\/www.cofb.org\/#\/schema\/person\/22ed7eea88da74b0fa4d3154ad87ffcb","name":"wpAdminCofbOrg","image":{"@type":"ImageObject","inLanguage":"ca","@id":"https:\/\/www.cofb.org\/#\/schema\/person\/image\/","url":"https:\/\/secure.gravatar.com\/avatar\/1721b20b3b8ca882c3b56ec6c978c594fff670e40c0718e9190eaeeb76aae7d8?s=96&d=mm&r=g","contentUrl":"https:\/\/secure.gravatar.com\/avatar\/1721b20b3b8ca882c3b56ec6c978c594fff670e40c0718e9190eaeeb76aae7d8?s=96&d=mm&r=g","caption":"wpAdminCofbOrg"},"sameAs":["http:\/\/192.168.64.122\/wordpress"],"url":"https:\/\/www.cofb.org\/ca\/author\/wpadmincofborg\/"}]}},"uagb_featured_image_src":{"full":false,"thumbnail":false,"medium":false,"medium_large":false,"large":false,"1536x1536":false,"2048x2048":false,"trp-custom-language-flag":false},"uagb_author_info":{"display_name":"wpAdminCofbOrg","author_link":"https:\/\/www.cofb.org\/ca\/author\/wpadmincofborg\/"},"uagb_comment_info":0,"uagb_excerpt":"Per tercer any consecutiu, el COFB conjuntament amb l\u2019Hospital Cl\u00ednic de Barcelona ha dut a terme la campanya #Atenci\u00f3Pell, amb l\u2019objectiu de sensibilitzar a la poblaci\u00f3 sobre la import\u00e0ncia de la prevenci\u00f3 i la detecci\u00f3 preco\u00e7 del c\u00e0ncer de pell. Comprom\u00eds de la farm\u00e0cia comunit\u00e0ria Amb un primer cop d\u2019ull [&hellip;]","_links":{"self":[{"href":"https:\/\/www.cofb.org\/ca\/wp-json\/wp\/v2\/posts\/40552","targetHints":{"allow":["GET"]}}],"collection":[{"href":"https:\/\/www.cofb.org\/ca\/wp-json\/wp\/v2\/posts"}],"about":[{"href":"https:\/\/www.cofb.org\/ca\/wp-json\/wp\/v2\/types\/post"}],"author":[{"embeddable":true,"href":"https:\/\/www.cofb.org\/ca\/wp-json\/wp\/v2\/users\/1"}],"replies":[{"embeddable":true,"href":"https:\/\/www.cofb.org\/ca\/wp-json\/wp\/v2\/comments?post=40552"}],"version-history":[{"count":0,"href":"https:\/\/www.cofb.org\/ca\/wp-json\/wp\/v2\/posts\/40552\/revisions"}],"wp:featuredmedia":[{"embeddable":true,"href":"https:\/\/www.cofb.org\/ca\/wp-json\/"}],"wp:attachment":[{"href":"https:\/\/www.cofb.org\/ca\/wp-json\/wp\/v2\/media?parent=40552"}],"wp:term":[{"taxonomy":"category","embeddable":true,"href":"https:\/\/www.cofb.org\/ca\/wp-json\/wp\/v2\/categories?post=40552"},{"taxonomy":"post_tag","embeddable":true,"href":"https:\/\/www.cofb.org\/ca\/wp-json\/wp\/v2\/tags?post=40552"}],"curies":[{"name":"wp","href":"https:\/\/api.w.org\/{rel}","templated":true}]}}