{"id":40455,"date":"2018-07-19T15:11:20","date_gmt":"2018-07-19T13:11:20","guid":{"rendered":"https:\/\/blog.cofb.cat\/?p=40455"},"modified":"2018-07-19T15:11:20","modified_gmt":"2018-07-19T13:11:20","slug":"dra-merce-boada-millorar-deteccio-lalzheimer-hem-destablir-sinergies-agents-mes-propers-poblacio-farmacies-farmaceutics-video-entrevista","status":"publish","type":"post","link":"https:\/\/www.cofb.org\/ca\/2018\/07\/19\/dra-merce-boada-millorar-deteccio-lalzheimer-hem-destablir-sinergies-agents-mes-propers-poblacio-farmacies-farmaceutics-video-entrevista\/","title":{"rendered":"Dra. Merc\u00e8 Boada: &#8220;Per millorar la detecci\u00f3 de l&#8217;Alzheimer, hem d&#8217;establir sinergies amb els agents m\u00e9s propers a la poblaci\u00f3, com farm\u00e0cies i farmac\u00e8utics&#8221; (v\u00eddeo entrevista)"},"content":{"rendered":"<p>En el marc de les Tert\u00falies d&#8217;Actualitat del COFB, va tenir lloc la confer\u00e8ncia <strong>&#8220;Alzheimer i la qu\u00edmica dels records&#8221;<\/strong>, a c\u00e0rrec de la Dra. Merc\u00e8 Boada, doctora en Medicina especialista en neurologia i, concretament, en malalties neurodegeneratives. La sessi\u00f3, presentada per Montse Giron\u00e8s, vocal d&#8217;Ortop\u00e8dia del COFB, va abordar molts <strong>aspectes relacionats amb la malaltia de l&#8217;Alzheimer com ara la detecci\u00f3, el tractament, la sensibilitzaci\u00f3 de la societat o els factors gen\u00e8tics que hi estan relacionats. <\/strong><strong><br \/>\n<\/strong><\/p>\n<p>Aprofitant la seva pres\u00e8ncia, la doctora Boada ens va concedir una <strong>entrevista<\/strong>, que recollim tot seguit:<\/p>\n<p><iframe src=\"https:\/\/player.vimeo.com\/video\/280718206\" width=\"640\" height=\"360\" frameborder=\"0\" allowfullscreen=\"allowfullscreen\"><\/iframe><\/p>\n<p>Al comen\u00e7ament de l&#8217;entrevista, la doctora va fer refer\u00e8ncia al nombre de persones que, actualment, <strong>hi ha a Catalunya amb dem\u00e8ncia: entre 100.000 i 120.000<\/strong>.\u00a0 D&#8217;aquestes, <strong>90.000 pateixen Alzheimer<\/strong>. &#8220;\u00c9s una <strong>xifra important<\/strong> i que cal <strong>tenir molt en compte en els plans de salut i en l&#8217;abordatge<\/strong> que podem fer d&#8217;aquesta malaltia&#8221;, va destacar.<\/p>\n<h1><span style=\"color: #008080;\"><strong>Detecci\u00f3 i tractament<\/strong> <\/span><\/h1>\n<p>Al llarg de la conversa, Boada va afirmar que <strong>&#8220;el f\u00e0rmac ideal per tractar la malaltia d&#8217;Alzheimer \u00e9s tractar la no malaltia d&#8217;Alzheimer,\u00a0 <\/strong>amb conceptes com els<strong> biomarcadors<\/strong>. \u00c9s a dir, saber que un determinat cervell t\u00e9 la marca Alzheimer sense que desenvolupi el concepte de dem\u00e8ncia tipus malaltia d&#8217;Alzheimer&#8221;. En aquest punt, segons Boada, &#8220;\u00e9s on hi ha la recerca&#8221;.<\/p>\n<p>D&#8217;altra banda, des del seu punt de vista, per millorar la detecci\u00f3 de la malaltia <strong>&#8220;fa falta un gran programa de formaci\u00f3, educatiu i, sobretot, que s&#8217;estableixin sinergies amb els agents que estan m\u00e9s en contacte amb la poblaci\u00f3 com les farm\u00e0cies i els farmac\u00e8utics, <\/strong>els metges de cap\u00e7alera i les escoles (programes escolars per educar en la dem\u00e8ncia i l&#8217;Alzheimer)<strong>&#8220;.<\/strong><\/p>\n<p>Aquestes sinergies <strong>&#8220;milloren<\/strong> la<strong> capacitat de detecci\u00f3, <\/strong>el <strong>nivell de sensibilitzaci\u00f3 <\/strong>que t\u00e9 la<strong> poblaci\u00f3 general <\/strong>sobre el que representa<strong> la mem\u00f2ria <\/strong>i ofereix la possibilitat de <strong>poder fer recerca en aquest camp i trobar un tractament&#8221;<\/strong>.<\/p>\n<figure id=\"attachment_40456\" aria-describedby=\"caption-attachment-40456\" style=\"width: 620px\" class=\"wp-caption aligncenter\"><a href=\"https:\/\/blog.cofb.cat\/wp-content\/uploads\/2018\/07\/cofb.180228-15.jpg\"><img fetchpriority=\"high\" decoding=\"async\" class=\"wp-image-40456 size-large\" title=\"La confer\u00e8ncia va despertar un gran inter\u00e8s entre els assistents. \" src=\"https:\/\/blog.cofb.cat\/wp-content\/uploads\/2018\/07\/cofb.180228-15-1024x683.jpg\" alt=\"La confer\u00e8ncia va despertar un gran inter\u00e8s entre els assistents. \" width=\"620\" height=\"414\" \/><\/a><figcaption id=\"caption-attachment-40456\" class=\"wp-caption-text\">La confer\u00e8ncia va despertar un gran inter\u00e8s entre els assistents.<\/figcaption><\/figure>\n<h1><span style=\"color: #008080;\"><strong>El paper de les farm\u00e0cies en la detecci\u00f3<\/strong><\/span><\/h1>\n<p>Pel que fa al paper que poden jugar les <strong>farm\u00e0cies <\/strong>en la detecci\u00f3, la doctora va explicar durant l&#8217;entrevista que aquestes s\u00f3n <strong>&#8220;receptores d&#8217;una gran quantitat de queixes, coneixen molt b\u00e9 els malalts i, moltes vegades, poden adonar-se que la persona t\u00e9 una actitud diferent. A m\u00e9s, poden derivar un pacient al metge de cap\u00e7alera i dir-li que estigui alerta&#8221;<\/strong>, va afegir. Per Boada, <strong>&#8220;cal sensibilitzar la poblaci\u00f3 que la mem\u00f2ria \u00e9s tan important com el colesterol, la hipertensi\u00f3 o el sucre, pels quals ens anem fent controls&#8221;<\/strong>.<\/p>\n<p>D&#8217;altra banda, la doctora va posar l&#8217;\u00e8mfasi en els models d&#8217;<strong><em>engagement patients<\/em><\/strong>, que es porten a terme des de la <strong><a href=\"https:\/\/www.fundacioace.com\/ca\/\" target=\"_blank\" rel=\"noopener\">Fundaci\u00f3 ACE<\/a>, de la qual Boada \u00e9s fundadora i directora m\u00e8dica.<\/strong> Aquesta fundaci\u00f3 est\u00e0 dedicada al diagn\u00f2stic, tractament, la recerca i l&#8217;ajuda a les persones que pateixen la <strong>Malaltia d&#8217;Alzheimer o altres dem\u00e8ncies<\/strong>.<\/p>\n<h1><span style=\"color: #008080;\"><strong>La import\u00e0ncia de la sensibilitzaci\u00f3<\/strong><\/span><\/h1>\n<p>Des de la Fundaci\u00f3 ACE, es realitzen peri\u00f2dicament unes jornades de portes obertes amb l&#8217;objectiu de poder fer una detecci\u00f3 primerenca del que pot ser la p\u00e8rdua de mem\u00f2ria. Aquest <strong><em>pre-screening<\/em>,<\/strong> segons explica Boada, &#8220;ofereix con\u00e8ixer l&#8217;<strong>inici de la malaltia<\/strong>, <strong>determinar si hi hauria f\u00e0rmacs adequats per aquesta poblaci\u00f3<\/strong> i <strong>con\u00e8ixer el volum i les necessitats per establir estrat\u00e8gies adequades de prevenci\u00f3<\/strong>, per mantenir la mem\u00f2ria d&#8217;aquesta poblaci\u00f3 i millorar-ne la qualitat de vida&#8221;.<\/p>\n<p>Pel que fa als resultats obtinguts en aquestes jornades, Boada va destacar que <strong>&#8220;al voltant d&#8217;un 25% de les persones que participen en aquest<em> pre-screening\u00a0<\/em>tenen p\u00e8rdua de mem\u00f2ria i no l&#8217;havien detectat i sempre trobem entre un 3 i un 5% de gent amb un Alzheimer lleu que mai havia anat al metge&#8221;.<\/strong><\/p>\n<figure id=\"attachment_40488\" aria-describedby=\"caption-attachment-40488\" style=\"width: 620px\" class=\"wp-caption aligncenter\"><a href=\"https:\/\/blog.cofb.cat\/wp-content\/uploads\/2018\/07\/cofb.180228-05.jpg\"><img decoding=\"async\" class=\"wp-image-40488 size-large\" title=\"La Dra. Merc\u00e8 Boada en un moment de la confer\u00e8ncia, acompanyada de la vocal d'Ortop\u00e8dia del COFB, Montse Giron\u00e8s.\" src=\"https:\/\/blog.cofb.cat\/wp-content\/uploads\/2018\/07\/cofb.180228-05-1024x683.jpg\" alt=\"La Dra. Merc\u00e8 Boada en un moment de la confer\u00e8ncia, acompanyada de la vocal d'Ortop\u00e8dia del COFB, Montse Giron\u00e8s.\" width=\"620\" height=\"414\" \/><\/a><figcaption id=\"caption-attachment-40488\" class=\"wp-caption-text\">La Dra. Merc\u00e8 Boada en un moment de la confer\u00e8ncia, acompanyada de la vocal d&#8217;Ortop\u00e8dia del COFB, Montse Giron\u00e8s.<\/figcaption><\/figure>\n<h1><span style=\"color: #008080;\"><strong>L&#8217;alt nivell de Catalunya en la recerca de l&#8217;Alzheimer<\/strong><\/span><\/h1>\n<p>A la part final de l&#8217;entrevista, Boada va posar de manifest &#8220;l&#8217;<strong>alt nivell de diagn\u00f2stic i de recerca dels centres que hi ha a Catalunya<\/strong>&#8221; en aquest camp. <strong>&#8220;La visi\u00f3 de l&#8217;Alzheimer des de Catalunya \u00e9s una visi\u00f3 ampla i poli\u00e8drica<\/strong>, ja que nosaltres visitem, diagnostiquem i tractem el malalt, per\u00f2<strong> incloem la fam\u00edlia com un dels actors m\u00e9s importants&#8221;<\/strong>, va apuntar. Com a conclusi\u00f3, va ressaltar que <strong>&#8220;s&#8217;est\u00e0 treballant molt perqu\u00e8 Catalunya sigui un molt bon <em>hub<\/em>, tingui reconeixement internacional i pugui ser competitiva amb qualsevol gran centre estranger&#8221;.<\/strong><\/p>\n<p><strong>Darreres entrevistes en v\u00eddeo publicades al Blog:<\/strong><\/p>\n<ul>\n<li><a href=\"https:\/\/blog.cofb.cat\/boi-ruiz-hem-dintegrar-loficina-farmacia-element-mes-latencio-primaria-video-entrevista\/\" target=\"_blank\" rel=\"noopener\">Boi Ruiz: &#8220;Hem d\u2019integrar l&#8217;oficina de farm\u00e0cia com un element m\u00e9s de l\u2019atenci\u00f3 prim\u00e0ria&#8221; (V\u00eddeo entrevista) (Juliol 2018)<\/a><\/li>\n<li><a href=\"https:\/\/blog.cofb.cat\/tertulia-dactualitat-millorar-comunicacio-farmaceutic-pacient-millora-resultats-salut-video-entrevista\/\" target=\"_blank\" rel=\"noopener\">Tert\u00falia d\u2019actualitat: millorar la comunicaci\u00f3 farmac\u00e8utic-pacient millora els resultats de salut (v\u00eddeo entrevista) (Mar\u00e7 2018)<\/a><\/li>\n<li><a href=\"https:\/\/blog.cofb.cat\/farmaceutic-agent-important-sistema-sanitari-latencio-cronicitat-entrevista-senador-jose-martinez-olmos\/\" target=\"_blank\" rel=\"noopener\">\u201cEl farmac\u00e8utic \u00e9s un agent important del sistema sanitari en l\u2019atenci\u00f3 a la cronicitat\u201d [Entrevista al senador Jos\u00e9 Mart\u00ednez Olmos] (Abril 2018)<\/a><\/li>\n<li><a href=\"https:\/\/blog.cofb.cat\/posada-dia-sobre-vih-eines-cribratge-prevencio-tractament-video-entrevista\/\" target=\"_blank\" rel=\"noopener\">Posada al dia sobre el VIH: eines de cribratge, prevenci\u00f3 i tractament [V\u00eddeo Entrevista] (Febrer 2018)<\/a><\/li>\n<li><a href=\"https:\/\/blog.cofb.cat\/?p=36122&amp;preview=true\" target=\"_blank\" rel=\"noopener\">Tert\u00falia d\u2019actualitat: Cronobiologia, hora dels \u00e0pats i obesitat (Gener 2018)<\/a><\/li>\n<\/ul>\n","protected":false},"excerpt":{"rendered":"<p>En el marc de les Tert\u00falies d&#8217;Actualitat del COFB, va tenir lloc la confer\u00e8ncia &#8220;Alzheimer i la qu\u00edmica dels records&#8221;, a c\u00e0rrec de la Dra. Merc\u00e8 Boada, doctora en Medicina especialista en neurologia i, concretament, en malalties neurodegeneratives. La sessi\u00f3, presentada per Montse Giron\u00e8s, vocal d&#8217;Ortop\u00e8dia del COFB, va abordar [&hellip;]<\/p>\n","protected":false},"author":1,"featured_media":40509,"comment_status":"open","ping_status":"open","sticky":false,"template":"","format":"standard","meta":{"_uag_custom_page_level_css":"","site-sidebar-layout":"default","site-content-layout":"","ast-site-content-layout":"default","site-content-style":"default","site-sidebar-style":"default","ast-global-header-display":"","ast-banner-title-visibility":"","ast-main-header-display":"","ast-hfb-above-header-display":"","ast-hfb-below-header-display":"","ast-hfb-mobile-header-display":"","site-post-title":"","ast-breadcrumbs-content":"","ast-featured-img":"disabled","footer-sml-layout":"","theme-transparent-header-meta":"","adv-header-id-meta":"","stick-header-meta":"","header-above-stick-meta":"","header-main-stick-meta":"","header-below-stick-meta":"","astra-migrate-meta-layouts":"default","ast-page-background-enabled":"default","ast-page-background-meta":{"desktop":{"background-color":"var(--ast-global-color-4)","background-image":"","background-repeat":"repeat","background-position":"center center","background-size":"auto","background-attachment":"scroll","background-type":"","background-media":"","overlay-type":"","overlay-color":"","overlay-opacity":"","overlay-gradient":""},"tablet":{"background-color":"","background-image":"","background-repeat":"repeat","background-position":"center center","background-size":"auto","background-attachment":"scroll","background-type":"","background-media":"","overlay-type":"","overlay-color":"","overlay-opacity":"","overlay-gradient":""},"mobile":{"background-color":"","background-image":"","background-repeat":"repeat","background-position":"center center","background-size":"auto","background-attachment":"scroll","background-type":"","background-media":"","overlay-type":"","overlay-color":"","overlay-opacity":"","overlay-gradient":""}},"ast-content-background-meta":{"desktop":{"background-color":"var(--ast-global-color-5)","background-image":"","background-repeat":"repeat","background-position":"center center","background-size":"auto","background-attachment":"scroll","background-type":"","background-media":"","overlay-type":"","overlay-color":"","overlay-opacity":"","overlay-gradient":""},"tablet":{"background-color":"var(--ast-global-color-5)","background-image":"","background-repeat":"repeat","background-position":"center center","background-size":"auto","background-attachment":"scroll","background-type":"","background-media":"","overlay-type":"","overlay-color":"","overlay-opacity":"","overlay-gradient":""},"mobile":{"background-color":"var(--ast-global-color-5)","background-image":"","background-repeat":"repeat","background-position":"center center","background-size":"auto","background-attachment":"scroll","background-type":"","background-media":"","overlay-type":"","overlay-color":"","overlay-opacity":"","overlay-gradient":""}},"footnotes":""},"categories":[57],"tags":[512,18,19,520,2494,3206,925,141],"class_list":["post-40455","post","type-post","status-publish","format-standard","has-post-thumbnail","hentry","category-mon-collegial","tag-alzheimer","tag-cofb","tag-collegi-de-farmaceutics-de-barcelona","tag-conferencia","tag-dia-mundial-de-lalzheimer","tag-fundacio-ace","tag-sensibilitzacio","tag-tertulies-dactualitat"],"yoast_head":"<!-- This site is optimized with the Yoast SEO plugin v22.4 - https:\/\/yoast.com\/wordpress\/plugins\/seo\/ -->\n<title>Dra. Merc\u00e8 Boada: &quot;Per millorar la detecci\u00f3 de l&#039;Alzheimer, hem d&#039;establir sinergies amb els agents m\u00e9s propers a la poblaci\u00f3, com farm\u00e0cies i farmac\u00e8utics&quot; (v\u00eddeo entrevista) - Col\u00b7legi de Farmac\u00e8utics de Barcelona<\/title>\n<meta name=\"description\" content=\"El passat 28 de febrer va tenir lloc al COFB la confer\u00e8ncia &quot;Alzheimer i la qu\u00edmica dels records&quot;, a c\u00e0rrec de la Dra. Merc\u00e8 Boada, doctora en Medicina especialista en neurologia i, concretament, en malalties neurodegeneratives.\" \/>\n<meta name=\"robots\" content=\"index, follow, max-snippet:-1, max-image-preview:large, max-video-preview:-1\" \/>\n<link rel=\"canonical\" href=\"https:\/\/novaorg.cofb.net\/2018\/07\/19\/dra-merce-boada-millorar-deteccio-lalzheimer-hem-destablir-sinergies-agents-mes-propers-poblacio-farmacies-farmaceutics-video-entrevista\/\" \/>\n<meta property=\"og:locale\" content=\"ca_ES\" \/>\n<meta property=\"og:type\" content=\"article\" \/>\n<meta property=\"og:title\" content=\"Dra. Merc\u00e8 Boada: &quot;Per millorar la detecci\u00f3 de l&#039;Alzheimer, hem d&#039;establir sinergies amb els agents m\u00e9s propers a la poblaci\u00f3, com farm\u00e0cies i farmac\u00e8utics&quot; (v\u00eddeo entrevista) - Col\u00b7legi de Farmac\u00e8utics de Barcelona\" \/>\n<meta property=\"og:description\" content=\"El passat 28 de febrer va tenir lloc al COFB la confer\u00e8ncia &quot;Alzheimer i la qu\u00edmica dels records&quot;, a c\u00e0rrec de la Dra. Merc\u00e8 Boada, doctora en Medicina especialista en neurologia i, concretament, en malalties neurodegeneratives.\" \/>\n<meta property=\"og:url\" content=\"https:\/\/novaorg.cofb.net\/2018\/07\/19\/dra-merce-boada-millorar-deteccio-lalzheimer-hem-destablir-sinergies-agents-mes-propers-poblacio-farmacies-farmaceutics-video-entrevista\/\" \/>\n<meta property=\"og:site_name\" content=\"Col\u00b7legi de Farmac\u00e8utics de Barcelona\" \/>\n<meta property=\"article:publisher\" content=\"https:\/\/www.facebook.com\/farmaceuticsbcn\/\" \/>\n<meta property=\"article:published_time\" content=\"2018-07-19T13:11:20+00:00\" \/>\n<meta name=\"author\" content=\"wpAdminCofbOrg\" \/>\n<meta name=\"twitter:card\" content=\"summary_large_image\" \/>\n<meta name=\"twitter:creator\" content=\"@farmaceuticsbcn\" \/>\n<meta name=\"twitter:site\" content=\"@farmaceuticsbcn\" \/>\n<meta name=\"twitter:label1\" content=\"Escrit per\" \/>\n\t<meta name=\"twitter:data1\" content=\"wpAdminCofbOrg\" \/>\n\t<meta name=\"twitter:label2\" content=\"Temps estimat de lectura\" \/>\n\t<meta name=\"twitter:data2\" content=\"4 minuts\" \/>\n<script type=\"application\/ld+json\" class=\"yoast-schema-graph\">{\"@context\":\"https:\/\/schema.org\",\"@graph\":[{\"@type\":\"Article\",\"@id\":\"https:\/\/novaorg.cofb.net\/2018\/07\/19\/dra-merce-boada-millorar-deteccio-lalzheimer-hem-destablir-sinergies-agents-mes-propers-poblacio-farmacies-farmaceutics-video-entrevista\/#article\",\"isPartOf\":{\"@id\":\"https:\/\/novaorg.cofb.net\/2018\/07\/19\/dra-merce-boada-millorar-deteccio-lalzheimer-hem-destablir-sinergies-agents-mes-propers-poblacio-farmacies-farmaceutics-video-entrevista\/\"},\"author\":{\"name\":\"wpAdminCofbOrg\",\"@id\":\"https:\/\/www.cofb.org\/#\/schema\/person\/22ed7eea88da74b0fa4d3154ad87ffcb\"},\"headline\":\"Dra. Merc\u00e8 Boada: &#8220;Per millorar la detecci\u00f3 de l&#8217;Alzheimer, hem d&#8217;establir sinergies amb els agents m\u00e9s propers a la poblaci\u00f3, com farm\u00e0cies i farmac\u00e8utics&#8221; (v\u00eddeo entrevista)\",\"datePublished\":\"2018-07-19T13:11:20+00:00\",\"dateModified\":\"2018-07-19T13:11:20+00:00\",\"mainEntityOfPage\":{\"@id\":\"https:\/\/novaorg.cofb.net\/2018\/07\/19\/dra-merce-boada-millorar-deteccio-lalzheimer-hem-destablir-sinergies-agents-mes-propers-poblacio-farmacies-farmaceutics-video-entrevista\/\"},\"wordCount\":941,\"commentCount\":0,\"publisher\":{\"@id\":\"https:\/\/www.cofb.org\/#organization\"},\"image\":{\"@id\":\"https:\/\/novaorg.cofb.net\/2018\/07\/19\/dra-merce-boada-millorar-deteccio-lalzheimer-hem-destablir-sinergies-agents-mes-propers-poblacio-farmacies-farmaceutics-video-entrevista\/#primaryimage\"},\"thumbnailUrl\":\"\",\"keywords\":[\"alzheimer\",\"COFB\",\"Col\u00b7legi de Farmac\u00e8utics de Barcelona\",\"confer\u00e8ncia\",\"Dia Mundial de l'Alzheimer\",\"Fundaci\u00f3 ACE\",\"sensibilitzaci\u00f3\",\"tert\u00falies d'actualitat\"],\"articleSection\":[\"M\u00f3n col\u00b7legial\"],\"inLanguage\":\"ca\",\"potentialAction\":[{\"@type\":\"CommentAction\",\"name\":\"Comment\",\"target\":[\"https:\/\/novaorg.cofb.net\/2018\/07\/19\/dra-merce-boada-millorar-deteccio-lalzheimer-hem-destablir-sinergies-agents-mes-propers-poblacio-farmacies-farmaceutics-video-entrevista\/#respond\"]}]},{\"@type\":\"WebPage\",\"@id\":\"https:\/\/novaorg.cofb.net\/2018\/07\/19\/dra-merce-boada-millorar-deteccio-lalzheimer-hem-destablir-sinergies-agents-mes-propers-poblacio-farmacies-farmaceutics-video-entrevista\/\",\"url\":\"https:\/\/novaorg.cofb.net\/2018\/07\/19\/dra-merce-boada-millorar-deteccio-lalzheimer-hem-destablir-sinergies-agents-mes-propers-poblacio-farmacies-farmaceutics-video-entrevista\/\",\"name\":\"Dra. Merc\u00e8 Boada: \\\"Per millorar la detecci\u00f3 de l'Alzheimer, hem d'establir sinergies amb els agents m\u00e9s propers a la poblaci\u00f3, com farm\u00e0cies i farmac\u00e8utics\\\" (v\u00eddeo entrevista) - Col\u00b7legi de Farmac\u00e8utics de Barcelona\",\"isPartOf\":{\"@id\":\"https:\/\/www.cofb.org\/#website\"},\"primaryImageOfPage\":{\"@id\":\"https:\/\/novaorg.cofb.net\/2018\/07\/19\/dra-merce-boada-millorar-deteccio-lalzheimer-hem-destablir-sinergies-agents-mes-propers-poblacio-farmacies-farmaceutics-video-entrevista\/#primaryimage\"},\"image\":{\"@id\":\"https:\/\/novaorg.cofb.net\/2018\/07\/19\/dra-merce-boada-millorar-deteccio-lalzheimer-hem-destablir-sinergies-agents-mes-propers-poblacio-farmacies-farmaceutics-video-entrevista\/#primaryimage\"},\"thumbnailUrl\":\"\",\"datePublished\":\"2018-07-19T13:11:20+00:00\",\"dateModified\":\"2018-07-19T13:11:20+00:00\",\"description\":\"El passat 28 de febrer va tenir lloc al COFB la confer\u00e8ncia \\\"Alzheimer i la qu\u00edmica dels records\\\", a c\u00e0rrec de la Dra. Merc\u00e8 Boada, doctora en Medicina especialista en neurologia i, concretament, en malalties neurodegeneratives.\",\"breadcrumb\":{\"@id\":\"https:\/\/novaorg.cofb.net\/2018\/07\/19\/dra-merce-boada-millorar-deteccio-lalzheimer-hem-destablir-sinergies-agents-mes-propers-poblacio-farmacies-farmaceutics-video-entrevista\/#breadcrumb\"},\"inLanguage\":\"ca\",\"potentialAction\":[{\"@type\":\"ReadAction\",\"target\":[\"https:\/\/novaorg.cofb.net\/2018\/07\/19\/dra-merce-boada-millorar-deteccio-lalzheimer-hem-destablir-sinergies-agents-mes-propers-poblacio-farmacies-farmaceutics-video-entrevista\/\"]}]},{\"@type\":\"ImageObject\",\"inLanguage\":\"ca\",\"@id\":\"https:\/\/novaorg.cofb.net\/2018\/07\/19\/dra-merce-boada-millorar-deteccio-lalzheimer-hem-destablir-sinergies-agents-mes-propers-poblacio-farmacies-farmaceutics-video-entrevista\/#primaryimage\",\"url\":\"\",\"contentUrl\":\"\"},{\"@type\":\"BreadcrumbList\",\"@id\":\"https:\/\/novaorg.cofb.net\/2018\/07\/19\/dra-merce-boada-millorar-deteccio-lalzheimer-hem-destablir-sinergies-agents-mes-propers-poblacio-farmacies-farmaceutics-video-entrevista\/#breadcrumb\",\"itemListElement\":[{\"@type\":\"ListItem\",\"position\":1,\"name\":\"Inici\",\"item\":\"https:\/\/novaorg.cofb.net\/\"},{\"@type\":\"ListItem\",\"position\":2,\"name\":\"Dra. Merc\u00e8 Boada: &#8220;Per millorar la detecci\u00f3 de l&#8217;Alzheimer, hem d&#8217;establir sinergies amb els agents m\u00e9s propers a la poblaci\u00f3, com farm\u00e0cies i farmac\u00e8utics&#8221; (v\u00eddeo entrevista)\"}]},{\"@type\":\"WebSite\",\"@id\":\"https:\/\/www.cofb.org\/#website\",\"url\":\"https:\/\/www.cofb.org\/\",\"name\":\"Col\u00b7legi de Farmac\u00e8utics de Barcelona\",\"description\":\"\",\"publisher\":{\"@id\":\"https:\/\/www.cofb.org\/#organization\"},\"potentialAction\":[{\"@type\":\"SearchAction\",\"target\":{\"@type\":\"EntryPoint\",\"urlTemplate\":\"https:\/\/www.cofb.org\/?s={search_term_string}\"},\"query-input\":\"required name=search_term_string\"}],\"inLanguage\":\"ca\"},{\"@type\":\"Organization\",\"@id\":\"https:\/\/www.cofb.org\/#organization\",\"name\":\"Col\u00b7legi de Farmac\u00e8utics de Barcelona\",\"url\":\"https:\/\/www.cofb.org\/\",\"logo\":{\"@type\":\"ImageObject\",\"inLanguage\":\"ca\",\"@id\":\"https:\/\/www.cofb.org\/#\/schema\/logo\/image\/\",\"url\":\"https:\/\/www.cofb.org\/wp-content\/uploads\/2023\/11\/cropped-Logotip-COFB.png\",\"contentUrl\":\"https:\/\/www.cofb.org\/wp-content\/uploads\/2023\/11\/cropped-Logotip-COFB.png\",\"width\":500,\"height\":105,\"caption\":\"Col\u00b7legi de Farmac\u00e8utics de Barcelona\"},\"image\":{\"@id\":\"https:\/\/www.cofb.org\/#\/schema\/logo\/image\/\"},\"sameAs\":[\"https:\/\/www.facebook.com\/farmaceuticsbcn\/\",\"https:\/\/twitter.com\/farmaceuticsbcn\",\"https:\/\/www.instagram.com\/farmaceuticsbcn\/\",\"https:\/\/www.linkedin.com\/company\/farmaceuticsbcn\/\"]},{\"@type\":\"Person\",\"@id\":\"https:\/\/www.cofb.org\/#\/schema\/person\/22ed7eea88da74b0fa4d3154ad87ffcb\",\"name\":\"wpAdminCofbOrg\",\"image\":{\"@type\":\"ImageObject\",\"inLanguage\":\"ca\",\"@id\":\"https:\/\/www.cofb.org\/#\/schema\/person\/image\/\",\"url\":\"https:\/\/secure.gravatar.com\/avatar\/1721b20b3b8ca882c3b56ec6c978c594fff670e40c0718e9190eaeeb76aae7d8?s=96&d=mm&r=g\",\"contentUrl\":\"https:\/\/secure.gravatar.com\/avatar\/1721b20b3b8ca882c3b56ec6c978c594fff670e40c0718e9190eaeeb76aae7d8?s=96&d=mm&r=g\",\"caption\":\"wpAdminCofbOrg\"},\"sameAs\":[\"http:\/\/192.168.64.122\/wordpress\"],\"url\":\"https:\/\/www.cofb.org\/ca\/author\/wpadmincofborg\/\"}]}<\/script>\n<!-- \/ Yoast SEO plugin. -->","yoast_head_json":{"title":"Dra. Merc\u00e8 Boada: \"Per millorar la detecci\u00f3 de l'Alzheimer, hem d'establir sinergies amb els agents m\u00e9s propers a la poblaci\u00f3, com farm\u00e0cies i farmac\u00e8utics\" (v\u00eddeo entrevista) - Col\u00b7legi de Farmac\u00e8utics de Barcelona","description":"El passat 28 de febrer va tenir lloc al COFB la confer\u00e8ncia \"Alzheimer i la qu\u00edmica dels records\", a c\u00e0rrec de la Dra. Merc\u00e8 Boada, doctora en Medicina especialista en neurologia i, concretament, en malalties neurodegeneratives.","robots":{"index":"index","follow":"follow","max-snippet":"max-snippet:-1","max-image-preview":"max-image-preview:large","max-video-preview":"max-video-preview:-1"},"canonical":"https:\/\/novaorg.cofb.net\/2018\/07\/19\/dra-merce-boada-millorar-deteccio-lalzheimer-hem-destablir-sinergies-agents-mes-propers-poblacio-farmacies-farmaceutics-video-entrevista\/","og_locale":"ca_ES","og_type":"article","og_title":"Dra. Merc\u00e8 Boada: \"Per millorar la detecci\u00f3 de l'Alzheimer, hem d'establir sinergies amb els agents m\u00e9s propers a la poblaci\u00f3, com farm\u00e0cies i farmac\u00e8utics\" (v\u00eddeo entrevista) - Col\u00b7legi de Farmac\u00e8utics de Barcelona","og_description":"El passat 28 de febrer va tenir lloc al COFB la confer\u00e8ncia \"Alzheimer i la qu\u00edmica dels records\", a c\u00e0rrec de la Dra. Merc\u00e8 Boada, doctora en Medicina especialista en neurologia i, concretament, en malalties neurodegeneratives.","og_url":"https:\/\/novaorg.cofb.net\/2018\/07\/19\/dra-merce-boada-millorar-deteccio-lalzheimer-hem-destablir-sinergies-agents-mes-propers-poblacio-farmacies-farmaceutics-video-entrevista\/","og_site_name":"Col\u00b7legi de Farmac\u00e8utics de Barcelona","article_publisher":"https:\/\/www.facebook.com\/farmaceuticsbcn\/","article_published_time":"2018-07-19T13:11:20+00:00","author":"wpAdminCofbOrg","twitter_card":"summary_large_image","twitter_creator":"@farmaceuticsbcn","twitter_site":"@farmaceuticsbcn","twitter_misc":{"Escrit per":"wpAdminCofbOrg","Temps estimat de lectura":"4 minuts"},"schema":{"@context":"https:\/\/schema.org","@graph":[{"@type":"Article","@id":"https:\/\/novaorg.cofb.net\/2018\/07\/19\/dra-merce-boada-millorar-deteccio-lalzheimer-hem-destablir-sinergies-agents-mes-propers-poblacio-farmacies-farmaceutics-video-entrevista\/#article","isPartOf":{"@id":"https:\/\/novaorg.cofb.net\/2018\/07\/19\/dra-merce-boada-millorar-deteccio-lalzheimer-hem-destablir-sinergies-agents-mes-propers-poblacio-farmacies-farmaceutics-video-entrevista\/"},"author":{"name":"wpAdminCofbOrg","@id":"https:\/\/www.cofb.org\/#\/schema\/person\/22ed7eea88da74b0fa4d3154ad87ffcb"},"headline":"Dra. Merc\u00e8 Boada: &#8220;Per millorar la detecci\u00f3 de l&#8217;Alzheimer, hem d&#8217;establir sinergies amb els agents m\u00e9s propers a la poblaci\u00f3, com farm\u00e0cies i farmac\u00e8utics&#8221; (v\u00eddeo entrevista)","datePublished":"2018-07-19T13:11:20+00:00","dateModified":"2018-07-19T13:11:20+00:00","mainEntityOfPage":{"@id":"https:\/\/novaorg.cofb.net\/2018\/07\/19\/dra-merce-boada-millorar-deteccio-lalzheimer-hem-destablir-sinergies-agents-mes-propers-poblacio-farmacies-farmaceutics-video-entrevista\/"},"wordCount":941,"commentCount":0,"publisher":{"@id":"https:\/\/www.cofb.org\/#organization"},"image":{"@id":"https:\/\/novaorg.cofb.net\/2018\/07\/19\/dra-merce-boada-millorar-deteccio-lalzheimer-hem-destablir-sinergies-agents-mes-propers-poblacio-farmacies-farmaceutics-video-entrevista\/#primaryimage"},"thumbnailUrl":"","keywords":["alzheimer","COFB","Col\u00b7legi de Farmac\u00e8utics de Barcelona","confer\u00e8ncia","Dia Mundial de l'Alzheimer","Fundaci\u00f3 ACE","sensibilitzaci\u00f3","tert\u00falies d'actualitat"],"articleSection":["M\u00f3n col\u00b7legial"],"inLanguage":"ca","potentialAction":[{"@type":"CommentAction","name":"Comment","target":["https:\/\/novaorg.cofb.net\/2018\/07\/19\/dra-merce-boada-millorar-deteccio-lalzheimer-hem-destablir-sinergies-agents-mes-propers-poblacio-farmacies-farmaceutics-video-entrevista\/#respond"]}]},{"@type":"WebPage","@id":"https:\/\/novaorg.cofb.net\/2018\/07\/19\/dra-merce-boada-millorar-deteccio-lalzheimer-hem-destablir-sinergies-agents-mes-propers-poblacio-farmacies-farmaceutics-video-entrevista\/","url":"https:\/\/novaorg.cofb.net\/2018\/07\/19\/dra-merce-boada-millorar-deteccio-lalzheimer-hem-destablir-sinergies-agents-mes-propers-poblacio-farmacies-farmaceutics-video-entrevista\/","name":"Dra. Merc\u00e8 Boada: \"Per millorar la detecci\u00f3 de l'Alzheimer, hem d'establir sinergies amb els agents m\u00e9s propers a la poblaci\u00f3, com farm\u00e0cies i farmac\u00e8utics\" (v\u00eddeo entrevista) - Col\u00b7legi de Farmac\u00e8utics de Barcelona","isPartOf":{"@id":"https:\/\/www.cofb.org\/#website"},"primaryImageOfPage":{"@id":"https:\/\/novaorg.cofb.net\/2018\/07\/19\/dra-merce-boada-millorar-deteccio-lalzheimer-hem-destablir-sinergies-agents-mes-propers-poblacio-farmacies-farmaceutics-video-entrevista\/#primaryimage"},"image":{"@id":"https:\/\/novaorg.cofb.net\/2018\/07\/19\/dra-merce-boada-millorar-deteccio-lalzheimer-hem-destablir-sinergies-agents-mes-propers-poblacio-farmacies-farmaceutics-video-entrevista\/#primaryimage"},"thumbnailUrl":"","datePublished":"2018-07-19T13:11:20+00:00","dateModified":"2018-07-19T13:11:20+00:00","description":"El passat 28 de febrer va tenir lloc al COFB la confer\u00e8ncia \"Alzheimer i la qu\u00edmica dels records\", a c\u00e0rrec de la Dra. Merc\u00e8 Boada, doctora en Medicina especialista en neurologia i, concretament, en malalties neurodegeneratives.","breadcrumb":{"@id":"https:\/\/novaorg.cofb.net\/2018\/07\/19\/dra-merce-boada-millorar-deteccio-lalzheimer-hem-destablir-sinergies-agents-mes-propers-poblacio-farmacies-farmaceutics-video-entrevista\/#breadcrumb"},"inLanguage":"ca","potentialAction":[{"@type":"ReadAction","target":["https:\/\/novaorg.cofb.net\/2018\/07\/19\/dra-merce-boada-millorar-deteccio-lalzheimer-hem-destablir-sinergies-agents-mes-propers-poblacio-farmacies-farmaceutics-video-entrevista\/"]}]},{"@type":"ImageObject","inLanguage":"ca","@id":"https:\/\/novaorg.cofb.net\/2018\/07\/19\/dra-merce-boada-millorar-deteccio-lalzheimer-hem-destablir-sinergies-agents-mes-propers-poblacio-farmacies-farmaceutics-video-entrevista\/#primaryimage","url":"","contentUrl":""},{"@type":"BreadcrumbList","@id":"https:\/\/novaorg.cofb.net\/2018\/07\/19\/dra-merce-boada-millorar-deteccio-lalzheimer-hem-destablir-sinergies-agents-mes-propers-poblacio-farmacies-farmaceutics-video-entrevista\/#breadcrumb","itemListElement":[{"@type":"ListItem","position":1,"name":"Inici","item":"https:\/\/novaorg.cofb.net\/"},{"@type":"ListItem","position":2,"name":"Dra. Merc\u00e8 Boada: &#8220;Per millorar la detecci\u00f3 de l&#8217;Alzheimer, hem d&#8217;establir sinergies amb els agents m\u00e9s propers a la poblaci\u00f3, com farm\u00e0cies i farmac\u00e8utics&#8221; (v\u00eddeo entrevista)"}]},{"@type":"WebSite","@id":"https:\/\/www.cofb.org\/#website","url":"https:\/\/www.cofb.org\/","name":"Col\u00b7legi de Farmac\u00e8utics de Barcelona","description":"","publisher":{"@id":"https:\/\/www.cofb.org\/#organization"},"potentialAction":[{"@type":"SearchAction","target":{"@type":"EntryPoint","urlTemplate":"https:\/\/www.cofb.org\/?s={search_term_string}"},"query-input":"required name=search_term_string"}],"inLanguage":"ca"},{"@type":"Organization","@id":"https:\/\/www.cofb.org\/#organization","name":"Col\u00b7legi de Farmac\u00e8utics de Barcelona","url":"https:\/\/www.cofb.org\/","logo":{"@type":"ImageObject","inLanguage":"ca","@id":"https:\/\/www.cofb.org\/#\/schema\/logo\/image\/","url":"https:\/\/www.cofb.org\/wp-content\/uploads\/2023\/11\/cropped-Logotip-COFB.png","contentUrl":"https:\/\/www.cofb.org\/wp-content\/uploads\/2023\/11\/cropped-Logotip-COFB.png","width":500,"height":105,"caption":"Col\u00b7legi de Farmac\u00e8utics de Barcelona"},"image":{"@id":"https:\/\/www.cofb.org\/#\/schema\/logo\/image\/"},"sameAs":["https:\/\/www.facebook.com\/farmaceuticsbcn\/","https:\/\/twitter.com\/farmaceuticsbcn","https:\/\/www.instagram.com\/farmaceuticsbcn\/","https:\/\/www.linkedin.com\/company\/farmaceuticsbcn\/"]},{"@type":"Person","@id":"https:\/\/www.cofb.org\/#\/schema\/person\/22ed7eea88da74b0fa4d3154ad87ffcb","name":"wpAdminCofbOrg","image":{"@type":"ImageObject","inLanguage":"ca","@id":"https:\/\/www.cofb.org\/#\/schema\/person\/image\/","url":"https:\/\/secure.gravatar.com\/avatar\/1721b20b3b8ca882c3b56ec6c978c594fff670e40c0718e9190eaeeb76aae7d8?s=96&d=mm&r=g","contentUrl":"https:\/\/secure.gravatar.com\/avatar\/1721b20b3b8ca882c3b56ec6c978c594fff670e40c0718e9190eaeeb76aae7d8?s=96&d=mm&r=g","caption":"wpAdminCofbOrg"},"sameAs":["http:\/\/192.168.64.122\/wordpress"],"url":"https:\/\/www.cofb.org\/ca\/author\/wpadmincofborg\/"}]}},"uagb_featured_image_src":{"full":false,"thumbnail":false,"medium":false,"medium_large":false,"large":false,"1536x1536":false,"2048x2048":false,"trp-custom-language-flag":false},"uagb_author_info":{"display_name":"wpAdminCofbOrg","author_link":"https:\/\/www.cofb.org\/ca\/author\/wpadmincofborg\/"},"uagb_comment_info":0,"uagb_excerpt":"En el marc de les Tert\u00falies d&#8217;Actualitat del COFB, va tenir lloc la confer\u00e8ncia &#8220;Alzheimer i la qu\u00edmica dels records&#8221;, a c\u00e0rrec de la Dra. Merc\u00e8 Boada, doctora en Medicina especialista en neurologia i, concretament, en malalties neurodegeneratives. La sessi\u00f3, presentada per Montse Giron\u00e8s, vocal d&#8217;Ortop\u00e8dia del COFB, va abordar [&hellip;]","_links":{"self":[{"href":"https:\/\/www.cofb.org\/ca\/wp-json\/wp\/v2\/posts\/40455","targetHints":{"allow":["GET"]}}],"collection":[{"href":"https:\/\/www.cofb.org\/ca\/wp-json\/wp\/v2\/posts"}],"about":[{"href":"https:\/\/www.cofb.org\/ca\/wp-json\/wp\/v2\/types\/post"}],"author":[{"embeddable":true,"href":"https:\/\/www.cofb.org\/ca\/wp-json\/wp\/v2\/users\/1"}],"replies":[{"embeddable":true,"href":"https:\/\/www.cofb.org\/ca\/wp-json\/wp\/v2\/comments?post=40455"}],"version-history":[{"count":0,"href":"https:\/\/www.cofb.org\/ca\/wp-json\/wp\/v2\/posts\/40455\/revisions"}],"wp:featuredmedia":[{"embeddable":true,"href":"https:\/\/www.cofb.org\/ca\/wp-json\/"}],"wp:attachment":[{"href":"https:\/\/www.cofb.org\/ca\/wp-json\/wp\/v2\/media?parent=40455"}],"wp:term":[{"taxonomy":"category","embeddable":true,"href":"https:\/\/www.cofb.org\/ca\/wp-json\/wp\/v2\/categories?post=40455"},{"taxonomy":"post_tag","embeddable":true,"href":"https:\/\/www.cofb.org\/ca\/wp-json\/wp\/v2\/tags?post=40455"}],"curies":[{"name":"wp","href":"https:\/\/api.w.org\/{rel}","templated":true}]}}