{"id":40245,"date":"2018-07-10T19:23:52","date_gmt":"2018-07-10T17:23:52","guid":{"rendered":"https:\/\/blog.cofb.cat\/?p=40245"},"modified":"2018-07-10T19:23:52","modified_gmt":"2018-07-10T17:23:52","slug":"merchandising-a-loficina-de-farmacia","status":"publish","type":"post","link":"https:\/\/www.cofb.org\/ca\/2018\/07\/10\/merchandising-a-loficina-de-farmacia\/","title":{"rendered":"Jornada sobre merchandising a l&#8217;oficina de farm\u00e0cia al COFB"},"content":{"rendered":"<p>El <strong>COFB<\/strong>\u00a0 va acollir el passat <strong>19 de juny<\/strong> una trobada organitzada conjuntament amb\u00a0<strong>Beauty Cluster Barcelona<\/strong>, que portava per t\u00edtol <strong>&#8220;Merchandising a la farm\u00e0cia. Farm\u00e0cies i laboratoris ho veiem de la mateixa manera?&#8221;.<\/strong>\u00a0L&#8217;acte va comptar amb dues pon\u00e8ncies, una sobre el <strong>punt de venda<\/strong>, a c\u00e0rrec de Miguel Membrado, soci de ShopperTec i una altra sobre <strong>&#8220;Sell out, visual i materials al punt de venda&#8221;<\/strong>, a c\u00e0rrec de Ramon Gallardo, gerent de VPV (Visibilitat en el Punt de Venda). A m\u00e9s, tamb\u00e9 va haver-hi una taula rodona moderada per Joan Carles Serra, CEO de Market in Red.<\/p>\n<p>L&#8217;objectiu era con\u00e8ixer quina<strong> import\u00e0ncia<\/strong> t\u00e9 el <strong>punt de venda<\/strong> pels consumidors i quins <strong>aspectes s&#8217;han de tenir en compte<\/strong> a l&#8217;hora de dissenyar els materials i les activitats promocionals. Tamb\u00e9 es volien abordar els <strong>objectius<\/strong> i les <strong>necessitats dels laboratoris<\/strong> (que proporcionen els materials del punt de venda) i dels<strong> farmac\u00e8utics<\/strong> (que s\u00f3n els encarregats d&#8217;exposar-los).<\/p>\n<h1><strong><span style=\"color: #008080;\">Pon\u00e8ncies al voltant del punt de venda i la relaci\u00f3 farm\u00e0cia-ind\u00fastria<\/span><\/strong><\/h1>\n<p>Miguel Membrado va fer refer\u00e8ncia als resultats dels darrers estudis de Shopper Marketing, realitzats amb la tecnologia<em> eyetrack, <\/em>i va aportar algunes <strong>claus de visibilitat al punt de venda<\/strong> aix\u00ed com <strong>exemples per treure rendiment d&#8217;un aparador<\/strong> i aconseguir una comunicaci\u00f3 efectiva amb l&#8217;usuari final.<\/p>\n<figure id=\"attachment_40264\" aria-describedby=\"caption-attachment-40264\" style=\"width: 620px\" class=\"wp-caption aligncenter\"><a href=\"https:\/\/blog.cofb.cat\/wp-content\/uploads\/2018\/07\/cofb.180619-19.jpg\"><img fetchpriority=\"high\" decoding=\"async\" class=\"wp-image-40264 size-large\" title=\"Un moment de la jornada organitzada pel COFB i el Beauty Cluster Barceona. \" src=\"https:\/\/blog.cofb.cat\/wp-content\/uploads\/2018\/07\/cofb.180619-19-1024x683.jpg\" alt=\"Un moment de la jornada organitzada pel COFB i el Beauty Cluster Barceona. \" width=\"620\" height=\"414\" \/><\/a><figcaption id=\"caption-attachment-40264\" class=\"wp-caption-text\">Un moment de la jornada organitzada pel COFB i Beauty Cluster Barcelona.<\/figcaption><\/figure>\n<p>D&#8217;altra banda, Ramon Gallardo va reflexionar al voltant de la <strong>relaci\u00f3 existent entre la farm\u00e0cia i la ind\u00fastria<\/strong>. Pel que fa a l&#8217;adequaci\u00f3 dels materials escollits a les farm\u00e0cies, Gallardo va q\u00fcestionar-se si realment s&#8217;utilitzen estrat\u00e8gies d&#8217;aparadorisme personalitzades o si els materials s&#8217;adiuen correctament amb les necessitats i l&#8217;espai de cada farm\u00e0cia.<\/p>\n<h1><span style=\"color: #008080;\"><strong>Taula rodona moderada per Joan Carles Serra<\/strong><\/span><\/h1>\n<p>Com a conclusi\u00f3 de la jornada, Joan Carles Serra, va moderar una taula rodona que va incloure les reflexions de dos titulars d&#8217;oficina de farm\u00e0cia, Marta Gento i Cristina Mu\u00f1oz, i la de dos professionals de la ind\u00fastria farmac\u00e8utica: el <strong>director de vendes de Peroxfarma, Emilio del Castillo,<\/strong> i la <strong>directora de m\u00e0rqueting de MartiDerm<\/strong>, <strong>Yolanda Sanch\u00eds.<\/strong><\/p>\n<figure id=\"attachment_40271\" aria-describedby=\"caption-attachment-40271\" style=\"width: 620px\" class=\"wp-caption aligncenter\"><a href=\"https:\/\/blog.cofb.cat\/wp-content\/uploads\/2018\/07\/cofb.180619-65.jpg\"><img decoding=\"async\" class=\"wp-image-40271 size-large\" title=\"Taula rodona amb representants del m\u00f3n de la farm\u00e0cia i la ind\u00fastria, moderada per Joan Carles Serra. \" src=\"https:\/\/blog.cofb.cat\/wp-content\/uploads\/2018\/07\/cofb.180619-65-1024x683.jpg\" alt=\"Taula rodona amb representants del m\u00f3n de la farm\u00e0cia i la ind\u00fastria, moderada per Joan Carles Serra. \" width=\"620\" height=\"414\" \/><\/a><figcaption id=\"caption-attachment-40271\" class=\"wp-caption-text\">Taula rodona amb representants del m\u00f3n de la farm\u00e0cia i la ind\u00fastria, moderada per Joan Carles Serra.<\/figcaption><\/figure>\n<p>De la taula rodona van sorgir diverses <strong>conclusions<\/strong>, moltes de les quals relacionades amb la comunicaci\u00f3.\u00a0 Els titulars d&#8217;oficina de farm\u00e0cia van destacar que <strong>fa falta m\u00e9s formaci\u00f3 personalitzada per gestionar a les xarxes la comunicaci\u00f3 de les marques amb els consumidors de la farm\u00e0cia<\/strong>. Tamb\u00e9 van exposar que <strong>\u00e9s necessari que es tinguin m\u00e9s en compte les necessitats de cada farm\u00e0cia<\/strong> a l&#8217;hora d&#8217;adaptar i personalitzar els materials.<\/p>\n<p>Finalment, els laboratoris van remarcar la import\u00e0ncia de la <strong>implicaci\u00f3 de l&#8217;equip de la farm\u00e0cia a les campanyes<\/strong> i en les diverses accions ofertes per la ind\u00fastria i saber amb m\u00e9s exactitud qu\u00e8 necessiten les farm\u00e0cies per a cada cas concret o per a cada campanya concreta.<\/p>\n<p>Despr\u00e9s de la taula rodona, els encarregats de cloure l&#8217;acte van ser <strong>Aina Surroca,<\/strong> vocal del COFB i responsable de la Comissi\u00f3 Delegada de Formaci\u00f3 i <strong>Ivan Borrego<\/strong>, director general de Beauty Cluster Barcelona.<\/p>\n<p style=\"text-align: right;\"><strong>Activitat organitzada conjuntament amb:<\/strong><\/p>\n<p style=\"text-align: right;\"><a href=\"http:\/\/beautyclusterbarcelona.com\/\" target=\"_blank\" rel=\"noopener\"><img decoding=\"async\" class=\"wp-image-40283 alignright\" src=\"https:\/\/blog.cofb.cat\/wp-content\/uploads\/2018\/07\/bbcb.jpg\" alt=\"\" width=\"98\" height=\"76\" \/><\/a><\/p>\n<p style=\"text-align: right;\"><strong>\u00a0\u00a0<\/strong><\/p>\n<p style=\"text-align: right;\"><strong>\u00a0 \u00a0\u00a0 \u00a0 \u00a0\u00a0 \u00a0\u00a0 <\/strong><\/p>\n<p style=\"text-align: right;\"><strong>Amb la col\u00b7laboraci\u00f3 de:<\/strong><\/p>\n<p style=\"text-align: right;\"><a href=\"https:\/\/blog.cofb.cat\/wp-content\/uploads\/2018\/07\/imfarmacias-vpv-shoppertec.jpg\"><img loading=\"lazy\" decoding=\"async\" class=\" wp-image-40286 alignright\" src=\"https:\/\/blog.cofb.cat\/wp-content\/uploads\/2018\/07\/imfarmacias-vpv-shoppertec.jpg\" alt=\"\" width=\"322\" height=\"51\" \/><\/a><\/p>\n<p>&nbsp;<\/p>\n<p>&nbsp;<\/p>\n<p><strong>Altres publicacions d&#8217;inter\u00e8s:<\/strong><\/p>\n<ul>\n<li><a href=\"https:\/\/blog.cofb.cat\/aixi-va-ser-la-conferencia-del-forum-mgof-1-hora-de-marqueting-amb-joan-carles-serra\/\" target=\"_blank\" rel=\"noopener\">Aix\u00ed va ser la confer\u00e8ncia del F\u00f2rum MGOF &#8220;1 hora de m\u00e0rqueting amb Joan Carles Serra&#8221; (Setembre 2017)<\/a><\/li>\n<li><a href=\"https:\/\/blog.cofb.cat\/direccio-tecnica-duna-industria-farmaceutica\/\" target=\"_blank\" rel=\"noopener\">Direcci\u00f3 t\u00e8cnica d&#8217;una ind\u00fastria farmac\u00e8utica (Juny 2015)<\/a><\/li>\n<li><a href=\"https:\/\/blog.cofb.cat\/els-perfils-demandats-per-la-industria-farmaceutica\/\" target=\"_blank\" rel=\"noopener\">Els perfils demandats per la ind\u00fastria farmac\u00e8utica (Octubre 2013)<\/a><\/li>\n<\/ul>\n","protected":false},"excerpt":{"rendered":"<p>El COFB\u00a0 va acollir el passat 19 de juny una trobada organitzada conjuntament amb\u00a0Beauty Cluster Barcelona, que portava per t\u00edtol &#8220;Merchandising a la farm\u00e0cia. Farm\u00e0cies i laboratoris ho veiem de la mateixa manera?&#8221;.\u00a0L&#8217;acte va comptar amb dues pon\u00e8ncies, una sobre el punt de venda, a c\u00e0rrec de Miguel Membrado, soci [&hellip;]<\/p>\n","protected":false},"author":1,"featured_media":40267,"comment_status":"open","ping_status":"open","sticky":false,"template":"","format":"standard","meta":{"_uag_custom_page_level_css":"","site-sidebar-layout":"default","site-content-layout":"","ast-site-content-layout":"default","site-content-style":"default","site-sidebar-style":"default","ast-global-header-display":"","ast-banner-title-visibility":"","ast-main-header-display":"","ast-hfb-above-header-display":"","ast-hfb-below-header-display":"","ast-hfb-mobile-header-display":"","site-post-title":"","ast-breadcrumbs-content":"","ast-featured-img":"disabled","footer-sml-layout":"","theme-transparent-header-meta":"","adv-header-id-meta":"","stick-header-meta":"","header-above-stick-meta":"","header-main-stick-meta":"","header-below-stick-meta":"","astra-migrate-meta-layouts":"default","ast-page-background-enabled":"default","ast-page-background-meta":{"desktop":{"background-color":"var(--ast-global-color-4)","background-image":"","background-repeat":"repeat","background-position":"center center","background-size":"auto","background-attachment":"scroll","background-type":"","background-media":"","overlay-type":"","overlay-color":"","overlay-opacity":"","overlay-gradient":""},"tablet":{"background-color":"","background-image":"","background-repeat":"repeat","background-position":"center center","background-size":"auto","background-attachment":"scroll","background-type":"","background-media":"","overlay-type":"","overlay-color":"","overlay-opacity":"","overlay-gradient":""},"mobile":{"background-color":"","background-image":"","background-repeat":"repeat","background-position":"center center","background-size":"auto","background-attachment":"scroll","background-type":"","background-media":"","overlay-type":"","overlay-color":"","overlay-opacity":"","overlay-gradient":""}},"ast-content-background-meta":{"desktop":{"background-color":"var(--ast-global-color-5)","background-image":"","background-repeat":"repeat","background-position":"center center","background-size":"auto","background-attachment":"scroll","background-type":"","background-media":"","overlay-type":"","overlay-color":"","overlay-opacity":"","overlay-gradient":""},"tablet":{"background-color":"var(--ast-global-color-5)","background-image":"","background-repeat":"repeat","background-position":"center center","background-size":"auto","background-attachment":"scroll","background-type":"","background-media":"","overlay-type":"","overlay-color":"","overlay-opacity":"","overlay-gradient":""},"mobile":{"background-color":"var(--ast-global-color-5)","background-image":"","background-repeat":"repeat","background-position":"center center","background-size":"auto","background-attachment":"scroll","background-type":"","background-media":"","overlay-type":"","overlay-color":"","overlay-opacity":"","overlay-gradient":""}},"footnotes":""},"categories":[57],"tags":[3201,3202,18,19,68,2156,2412,2528,770,3203,76,3169],"class_list":["post-40245","post","type-post","status-publish","format-standard","has-post-thumbnail","hentry","category-mon-collegial","tag-aparadors","tag-beauty-cluster-barcelona","tag-cofb","tag-collegi-de-farmaceutics-de-barcelona","tag-farmacia","tag-industria","tag-industria-farmaceutica","tag-jornada","tag-marqueting","tag-merchandising","tag-oficina-de-farmacia","tag-taula-rodona"],"yoast_head":"<!-- This site is optimized with the Yoast SEO plugin v22.4 - https:\/\/yoast.com\/wordpress\/plugins\/seo\/ -->\n<title>Jornada sobre merchandising a l&#039;oficina de farm\u00e0cia al COFB - Col\u00b7legi de Farmac\u00e8utics de Barcelona<\/title>\n<meta name=\"description\" content=\"El COFB va organitzar el passat 19 de juny una jornada formativa en col\u00b7laboraci\u00f3 amb el Beauty Cluster Barcelona, que portava per t\u00edtol &quot;Merchandising en la oficina de farmacia, \u00bfFarmacias y laboratorios lo ven igual?&quot;.\" \/>\n<meta name=\"robots\" content=\"index, follow, max-snippet:-1, max-image-preview:large, max-video-preview:-1\" \/>\n<link rel=\"canonical\" href=\"https:\/\/novaorg.cofb.net\/2018\/07\/10\/merchandising-a-loficina-de-farmacia\/\" \/>\n<meta property=\"og:locale\" content=\"ca_ES\" \/>\n<meta property=\"og:type\" content=\"article\" \/>\n<meta property=\"og:title\" content=\"Jornada sobre merchandising a l&#039;oficina de farm\u00e0cia al COFB - Col\u00b7legi de Farmac\u00e8utics de Barcelona\" \/>\n<meta property=\"og:description\" content=\"El COFB va organitzar el passat 19 de juny una jornada formativa en col\u00b7laboraci\u00f3 amb el Beauty Cluster Barcelona, que portava per t\u00edtol &quot;Merchandising en la oficina de farmacia, \u00bfFarmacias y laboratorios lo ven igual?&quot;.\" \/>\n<meta property=\"og:url\" content=\"https:\/\/novaorg.cofb.net\/2018\/07\/10\/merchandising-a-loficina-de-farmacia\/\" \/>\n<meta property=\"og:site_name\" content=\"Col\u00b7legi de Farmac\u00e8utics de Barcelona\" \/>\n<meta property=\"article:publisher\" content=\"https:\/\/www.facebook.com\/farmaceuticsbcn\/\" \/>\n<meta property=\"article:published_time\" content=\"2018-07-10T17:23:52+00:00\" \/>\n<meta name=\"author\" content=\"wpAdminCofbOrg\" \/>\n<meta name=\"twitter:card\" content=\"summary_large_image\" \/>\n<meta name=\"twitter:creator\" content=\"@farmaceuticsbcn\" \/>\n<meta name=\"twitter:site\" content=\"@farmaceuticsbcn\" \/>\n<meta name=\"twitter:label1\" content=\"Escrit per\" \/>\n\t<meta name=\"twitter:data1\" content=\"wpAdminCofbOrg\" \/>\n\t<meta name=\"twitter:label2\" content=\"Temps estimat de lectura\" \/>\n\t<meta name=\"twitter:data2\" content=\"3 minuts\" \/>\n<script type=\"application\/ld+json\" class=\"yoast-schema-graph\">{\"@context\":\"https:\/\/schema.org\",\"@graph\":[{\"@type\":\"Article\",\"@id\":\"https:\/\/novaorg.cofb.net\/2018\/07\/10\/merchandising-a-loficina-de-farmacia\/#article\",\"isPartOf\":{\"@id\":\"https:\/\/novaorg.cofb.net\/2018\/07\/10\/merchandising-a-loficina-de-farmacia\/\"},\"author\":{\"name\":\"wpAdminCofbOrg\",\"@id\":\"https:\/\/www.cofb.org\/#\/schema\/person\/22ed7eea88da74b0fa4d3154ad87ffcb\"},\"headline\":\"Jornada sobre merchandising a l&#8217;oficina de farm\u00e0cia al COFB\",\"datePublished\":\"2018-07-10T17:23:52+00:00\",\"dateModified\":\"2018-07-10T17:23:52+00:00\",\"mainEntityOfPage\":{\"@id\":\"https:\/\/novaorg.cofb.net\/2018\/07\/10\/merchandising-a-loficina-de-farmacia\/\"},\"wordCount\":646,\"commentCount\":0,\"publisher\":{\"@id\":\"https:\/\/www.cofb.org\/#organization\"},\"image\":{\"@id\":\"https:\/\/novaorg.cofb.net\/2018\/07\/10\/merchandising-a-loficina-de-farmacia\/#primaryimage\"},\"thumbnailUrl\":\"\",\"keywords\":[\"aparadors\",\"Beauty Cluster Barcelona\",\"COFB\",\"Col\u00b7legi de Farmac\u00e8utics de Barcelona\",\"Farm\u00e0cia\",\"Ind\u00fastria\",\"ind\u00fastria farmac\u00e8utica\",\"jornada\",\"m\u00e0rqueting\",\"merchandising\",\"Oficina de farm\u00e0cia\",\"taula rodona\"],\"articleSection\":[\"M\u00f3n col\u00b7legial\"],\"inLanguage\":\"ca\",\"potentialAction\":[{\"@type\":\"CommentAction\",\"name\":\"Comment\",\"target\":[\"https:\/\/novaorg.cofb.net\/2018\/07\/10\/merchandising-a-loficina-de-farmacia\/#respond\"]}]},{\"@type\":\"WebPage\",\"@id\":\"https:\/\/novaorg.cofb.net\/2018\/07\/10\/merchandising-a-loficina-de-farmacia\/\",\"url\":\"https:\/\/novaorg.cofb.net\/2018\/07\/10\/merchandising-a-loficina-de-farmacia\/\",\"name\":\"Jornada sobre merchandising a l'oficina de farm\u00e0cia al COFB - Col\u00b7legi de Farmac\u00e8utics de Barcelona\",\"isPartOf\":{\"@id\":\"https:\/\/www.cofb.org\/#website\"},\"primaryImageOfPage\":{\"@id\":\"https:\/\/novaorg.cofb.net\/2018\/07\/10\/merchandising-a-loficina-de-farmacia\/#primaryimage\"},\"image\":{\"@id\":\"https:\/\/novaorg.cofb.net\/2018\/07\/10\/merchandising-a-loficina-de-farmacia\/#primaryimage\"},\"thumbnailUrl\":\"\",\"datePublished\":\"2018-07-10T17:23:52+00:00\",\"dateModified\":\"2018-07-10T17:23:52+00:00\",\"description\":\"El COFB va organitzar el passat 19 de juny una jornada formativa en col\u00b7laboraci\u00f3 amb el Beauty Cluster Barcelona, que portava per t\u00edtol \\\"Merchandising en la oficina de farmacia, \u00bfFarmacias y laboratorios lo ven igual?\\\".\",\"breadcrumb\":{\"@id\":\"https:\/\/novaorg.cofb.net\/2018\/07\/10\/merchandising-a-loficina-de-farmacia\/#breadcrumb\"},\"inLanguage\":\"ca\",\"potentialAction\":[{\"@type\":\"ReadAction\",\"target\":[\"https:\/\/novaorg.cofb.net\/2018\/07\/10\/merchandising-a-loficina-de-farmacia\/\"]}]},{\"@type\":\"ImageObject\",\"inLanguage\":\"ca\",\"@id\":\"https:\/\/novaorg.cofb.net\/2018\/07\/10\/merchandising-a-loficina-de-farmacia\/#primaryimage\",\"url\":\"\",\"contentUrl\":\"\"},{\"@type\":\"BreadcrumbList\",\"@id\":\"https:\/\/novaorg.cofb.net\/2018\/07\/10\/merchandising-a-loficina-de-farmacia\/#breadcrumb\",\"itemListElement\":[{\"@type\":\"ListItem\",\"position\":1,\"name\":\"Inici\",\"item\":\"https:\/\/novaorg.cofb.net\/\"},{\"@type\":\"ListItem\",\"position\":2,\"name\":\"Jornada sobre merchandising a l&#8217;oficina de farm\u00e0cia al COFB\"}]},{\"@type\":\"WebSite\",\"@id\":\"https:\/\/www.cofb.org\/#website\",\"url\":\"https:\/\/www.cofb.org\/\",\"name\":\"Col\u00b7legi de Farmac\u00e8utics de Barcelona\",\"description\":\"\",\"publisher\":{\"@id\":\"https:\/\/www.cofb.org\/#organization\"},\"potentialAction\":[{\"@type\":\"SearchAction\",\"target\":{\"@type\":\"EntryPoint\",\"urlTemplate\":\"https:\/\/www.cofb.org\/?s={search_term_string}\"},\"query-input\":\"required name=search_term_string\"}],\"inLanguage\":\"ca\"},{\"@type\":\"Organization\",\"@id\":\"https:\/\/www.cofb.org\/#organization\",\"name\":\"Col\u00b7legi de Farmac\u00e8utics de Barcelona\",\"url\":\"https:\/\/www.cofb.org\/\",\"logo\":{\"@type\":\"ImageObject\",\"inLanguage\":\"ca\",\"@id\":\"https:\/\/www.cofb.org\/#\/schema\/logo\/image\/\",\"url\":\"https:\/\/www.cofb.org\/wp-content\/uploads\/2023\/11\/cropped-Logotip-COFB.png\",\"contentUrl\":\"https:\/\/www.cofb.org\/wp-content\/uploads\/2023\/11\/cropped-Logotip-COFB.png\",\"width\":500,\"height\":105,\"caption\":\"Col\u00b7legi de Farmac\u00e8utics de Barcelona\"},\"image\":{\"@id\":\"https:\/\/www.cofb.org\/#\/schema\/logo\/image\/\"},\"sameAs\":[\"https:\/\/www.facebook.com\/farmaceuticsbcn\/\",\"https:\/\/twitter.com\/farmaceuticsbcn\",\"https:\/\/www.instagram.com\/farmaceuticsbcn\/\",\"https:\/\/www.linkedin.com\/company\/farmaceuticsbcn\/\"]},{\"@type\":\"Person\",\"@id\":\"https:\/\/www.cofb.org\/#\/schema\/person\/22ed7eea88da74b0fa4d3154ad87ffcb\",\"name\":\"wpAdminCofbOrg\",\"image\":{\"@type\":\"ImageObject\",\"inLanguage\":\"ca\",\"@id\":\"https:\/\/www.cofb.org\/#\/schema\/person\/image\/\",\"url\":\"https:\/\/secure.gravatar.com\/avatar\/1721b20b3b8ca882c3b56ec6c978c594fff670e40c0718e9190eaeeb76aae7d8?s=96&d=mm&r=g\",\"contentUrl\":\"https:\/\/secure.gravatar.com\/avatar\/1721b20b3b8ca882c3b56ec6c978c594fff670e40c0718e9190eaeeb76aae7d8?s=96&d=mm&r=g\",\"caption\":\"wpAdminCofbOrg\"},\"sameAs\":[\"http:\/\/192.168.64.122\/wordpress\"],\"url\":\"https:\/\/www.cofb.org\/ca\/author\/wpadmincofborg\/\"}]}<\/script>\n<!-- \/ Yoast SEO plugin. -->","yoast_head_json":{"title":"Jornada sobre merchandising a l'oficina de farm\u00e0cia al COFB - Col\u00b7legi de Farmac\u00e8utics de Barcelona","description":"El COFB va organitzar el passat 19 de juny una jornada formativa en col\u00b7laboraci\u00f3 amb el Beauty Cluster Barcelona, que portava per t\u00edtol \"Merchandising en la oficina de farmacia, \u00bfFarmacias y laboratorios lo ven igual?\".","robots":{"index":"index","follow":"follow","max-snippet":"max-snippet:-1","max-image-preview":"max-image-preview:large","max-video-preview":"max-video-preview:-1"},"canonical":"https:\/\/novaorg.cofb.net\/2018\/07\/10\/merchandising-a-loficina-de-farmacia\/","og_locale":"ca_ES","og_type":"article","og_title":"Jornada sobre merchandising a l'oficina de farm\u00e0cia al COFB - Col\u00b7legi de Farmac\u00e8utics de Barcelona","og_description":"El COFB va organitzar el passat 19 de juny una jornada formativa en col\u00b7laboraci\u00f3 amb el Beauty Cluster Barcelona, que portava per t\u00edtol \"Merchandising en la oficina de farmacia, \u00bfFarmacias y laboratorios lo ven igual?\".","og_url":"https:\/\/novaorg.cofb.net\/2018\/07\/10\/merchandising-a-loficina-de-farmacia\/","og_site_name":"Col\u00b7legi de Farmac\u00e8utics de Barcelona","article_publisher":"https:\/\/www.facebook.com\/farmaceuticsbcn\/","article_published_time":"2018-07-10T17:23:52+00:00","author":"wpAdminCofbOrg","twitter_card":"summary_large_image","twitter_creator":"@farmaceuticsbcn","twitter_site":"@farmaceuticsbcn","twitter_misc":{"Escrit per":"wpAdminCofbOrg","Temps estimat de lectura":"3 minuts"},"schema":{"@context":"https:\/\/schema.org","@graph":[{"@type":"Article","@id":"https:\/\/novaorg.cofb.net\/2018\/07\/10\/merchandising-a-loficina-de-farmacia\/#article","isPartOf":{"@id":"https:\/\/novaorg.cofb.net\/2018\/07\/10\/merchandising-a-loficina-de-farmacia\/"},"author":{"name":"wpAdminCofbOrg","@id":"https:\/\/www.cofb.org\/#\/schema\/person\/22ed7eea88da74b0fa4d3154ad87ffcb"},"headline":"Jornada sobre merchandising a l&#8217;oficina de farm\u00e0cia al COFB","datePublished":"2018-07-10T17:23:52+00:00","dateModified":"2018-07-10T17:23:52+00:00","mainEntityOfPage":{"@id":"https:\/\/novaorg.cofb.net\/2018\/07\/10\/merchandising-a-loficina-de-farmacia\/"},"wordCount":646,"commentCount":0,"publisher":{"@id":"https:\/\/www.cofb.org\/#organization"},"image":{"@id":"https:\/\/novaorg.cofb.net\/2018\/07\/10\/merchandising-a-loficina-de-farmacia\/#primaryimage"},"thumbnailUrl":"","keywords":["aparadors","Beauty Cluster Barcelona","COFB","Col\u00b7legi de Farmac\u00e8utics de Barcelona","Farm\u00e0cia","Ind\u00fastria","ind\u00fastria farmac\u00e8utica","jornada","m\u00e0rqueting","merchandising","Oficina de farm\u00e0cia","taula rodona"],"articleSection":["M\u00f3n col\u00b7legial"],"inLanguage":"ca","potentialAction":[{"@type":"CommentAction","name":"Comment","target":["https:\/\/novaorg.cofb.net\/2018\/07\/10\/merchandising-a-loficina-de-farmacia\/#respond"]}]},{"@type":"WebPage","@id":"https:\/\/novaorg.cofb.net\/2018\/07\/10\/merchandising-a-loficina-de-farmacia\/","url":"https:\/\/novaorg.cofb.net\/2018\/07\/10\/merchandising-a-loficina-de-farmacia\/","name":"Jornada sobre merchandising a l'oficina de farm\u00e0cia al COFB - Col\u00b7legi de Farmac\u00e8utics de Barcelona","isPartOf":{"@id":"https:\/\/www.cofb.org\/#website"},"primaryImageOfPage":{"@id":"https:\/\/novaorg.cofb.net\/2018\/07\/10\/merchandising-a-loficina-de-farmacia\/#primaryimage"},"image":{"@id":"https:\/\/novaorg.cofb.net\/2018\/07\/10\/merchandising-a-loficina-de-farmacia\/#primaryimage"},"thumbnailUrl":"","datePublished":"2018-07-10T17:23:52+00:00","dateModified":"2018-07-10T17:23:52+00:00","description":"El COFB va organitzar el passat 19 de juny una jornada formativa en col\u00b7laboraci\u00f3 amb el Beauty Cluster Barcelona, que portava per t\u00edtol \"Merchandising en la oficina de farmacia, \u00bfFarmacias y laboratorios lo ven igual?\".","breadcrumb":{"@id":"https:\/\/novaorg.cofb.net\/2018\/07\/10\/merchandising-a-loficina-de-farmacia\/#breadcrumb"},"inLanguage":"ca","potentialAction":[{"@type":"ReadAction","target":["https:\/\/novaorg.cofb.net\/2018\/07\/10\/merchandising-a-loficina-de-farmacia\/"]}]},{"@type":"ImageObject","inLanguage":"ca","@id":"https:\/\/novaorg.cofb.net\/2018\/07\/10\/merchandising-a-loficina-de-farmacia\/#primaryimage","url":"","contentUrl":""},{"@type":"BreadcrumbList","@id":"https:\/\/novaorg.cofb.net\/2018\/07\/10\/merchandising-a-loficina-de-farmacia\/#breadcrumb","itemListElement":[{"@type":"ListItem","position":1,"name":"Inici","item":"https:\/\/novaorg.cofb.net\/"},{"@type":"ListItem","position":2,"name":"Jornada sobre merchandising a l&#8217;oficina de farm\u00e0cia al COFB"}]},{"@type":"WebSite","@id":"https:\/\/www.cofb.org\/#website","url":"https:\/\/www.cofb.org\/","name":"Col\u00b7legi de Farmac\u00e8utics de Barcelona","description":"","publisher":{"@id":"https:\/\/www.cofb.org\/#organization"},"potentialAction":[{"@type":"SearchAction","target":{"@type":"EntryPoint","urlTemplate":"https:\/\/www.cofb.org\/?s={search_term_string}"},"query-input":"required name=search_term_string"}],"inLanguage":"ca"},{"@type":"Organization","@id":"https:\/\/www.cofb.org\/#organization","name":"Col\u00b7legi de Farmac\u00e8utics de Barcelona","url":"https:\/\/www.cofb.org\/","logo":{"@type":"ImageObject","inLanguage":"ca","@id":"https:\/\/www.cofb.org\/#\/schema\/logo\/image\/","url":"https:\/\/www.cofb.org\/wp-content\/uploads\/2023\/11\/cropped-Logotip-COFB.png","contentUrl":"https:\/\/www.cofb.org\/wp-content\/uploads\/2023\/11\/cropped-Logotip-COFB.png","width":500,"height":105,"caption":"Col\u00b7legi de Farmac\u00e8utics de Barcelona"},"image":{"@id":"https:\/\/www.cofb.org\/#\/schema\/logo\/image\/"},"sameAs":["https:\/\/www.facebook.com\/farmaceuticsbcn\/","https:\/\/twitter.com\/farmaceuticsbcn","https:\/\/www.instagram.com\/farmaceuticsbcn\/","https:\/\/www.linkedin.com\/company\/farmaceuticsbcn\/"]},{"@type":"Person","@id":"https:\/\/www.cofb.org\/#\/schema\/person\/22ed7eea88da74b0fa4d3154ad87ffcb","name":"wpAdminCofbOrg","image":{"@type":"ImageObject","inLanguage":"ca","@id":"https:\/\/www.cofb.org\/#\/schema\/person\/image\/","url":"https:\/\/secure.gravatar.com\/avatar\/1721b20b3b8ca882c3b56ec6c978c594fff670e40c0718e9190eaeeb76aae7d8?s=96&d=mm&r=g","contentUrl":"https:\/\/secure.gravatar.com\/avatar\/1721b20b3b8ca882c3b56ec6c978c594fff670e40c0718e9190eaeeb76aae7d8?s=96&d=mm&r=g","caption":"wpAdminCofbOrg"},"sameAs":["http:\/\/192.168.64.122\/wordpress"],"url":"https:\/\/www.cofb.org\/ca\/author\/wpadmincofborg\/"}]}},"uagb_featured_image_src":{"full":false,"thumbnail":false,"medium":false,"medium_large":false,"large":false,"1536x1536":false,"2048x2048":false,"trp-custom-language-flag":false},"uagb_author_info":{"display_name":"wpAdminCofbOrg","author_link":"https:\/\/www.cofb.org\/ca\/author\/wpadmincofborg\/"},"uagb_comment_info":0,"uagb_excerpt":"El COFB\u00a0 va acollir el passat 19 de juny una trobada organitzada conjuntament amb\u00a0Beauty Cluster Barcelona, que portava per t\u00edtol &#8220;Merchandising a la farm\u00e0cia. Farm\u00e0cies i laboratoris ho veiem de la mateixa manera?&#8221;.\u00a0L&#8217;acte va comptar amb dues pon\u00e8ncies, una sobre el punt de venda, a c\u00e0rrec de Miguel Membrado, soci [&hellip;]","_links":{"self":[{"href":"https:\/\/www.cofb.org\/ca\/wp-json\/wp\/v2\/posts\/40245","targetHints":{"allow":["GET"]}}],"collection":[{"href":"https:\/\/www.cofb.org\/ca\/wp-json\/wp\/v2\/posts"}],"about":[{"href":"https:\/\/www.cofb.org\/ca\/wp-json\/wp\/v2\/types\/post"}],"author":[{"embeddable":true,"href":"https:\/\/www.cofb.org\/ca\/wp-json\/wp\/v2\/users\/1"}],"replies":[{"embeddable":true,"href":"https:\/\/www.cofb.org\/ca\/wp-json\/wp\/v2\/comments?post=40245"}],"version-history":[{"count":0,"href":"https:\/\/www.cofb.org\/ca\/wp-json\/wp\/v2\/posts\/40245\/revisions"}],"wp:featuredmedia":[{"embeddable":true,"href":"https:\/\/www.cofb.org\/ca\/wp-json\/"}],"wp:attachment":[{"href":"https:\/\/www.cofb.org\/ca\/wp-json\/wp\/v2\/media?parent=40245"}],"wp:term":[{"taxonomy":"category","embeddable":true,"href":"https:\/\/www.cofb.org\/ca\/wp-json\/wp\/v2\/categories?post=40245"},{"taxonomy":"post_tag","embeddable":true,"href":"https:\/\/www.cofb.org\/ca\/wp-json\/wp\/v2\/tags?post=40245"}],"curies":[{"name":"wp","href":"https:\/\/api.w.org\/{rel}","templated":true}]}}