{"id":39987,"date":"2018-06-26T19:23:22","date_gmt":"2018-06-26T17:23:22","guid":{"rendered":"https:\/\/blog.cofb.cat\/?p=39987"},"modified":"2018-06-26T19:23:22","modified_gmt":"2018-06-26T17:23:22","slug":"3-ponencies-aprofundir-labordatge-pacient-vih","status":"publish","type":"post","link":"https:\/\/www.cofb.org\/ca\/2018\/06\/26\/3-ponencies-aprofundir-labordatge-pacient-vih\/","title":{"rendered":"3 pon\u00e8ncies per aprofundir en l&#8217;abordatge del pacient amb VIH"},"content":{"rendered":"<p>El passat 13 de juny, el COFB va acollir la formaci\u00f3 <strong>&#8220;Actualitzaci\u00f3 en VIH&#8221;<\/strong>, organitzada conjuntament amb la <a href=\"https:\/\/www.scfarmclin.org\/\"><strong>Societat Catalana de Farm\u00e0cia Cl\u00ednica (SCFC)<\/strong><\/a>.<\/p>\n<p>Els objectius consistien a <strong>aprofundir en l&#8217;abordatge del pacient amb VIH<\/strong> en funci\u00f3 de l&#8217;estadi de la infecci\u00f3, <strong>millorar les eines de detecci\u00f3<\/strong>, <strong>incrementar el coneixement sobre l&#8217;estrat\u00e8gia terap\u00e8utica en pacients na\u00eff<\/strong> i <strong>con\u00e8ixer l&#8217;abordatge terap\u00e8utic del VIH en una poblaci\u00f3 envellida<\/strong>.<\/p>\n<p>En paraules del vicetresorer del COFB i responsable d&#8217;Atenci\u00f3 Farmac\u00e8utica, Guillermo Bagaria, que els farmac\u00e8utics es formin en aquesta q\u00fcesti\u00f3 \u00e9s important perqu\u00e8 <strong>&#8220;com a experts en el medicament, puguin con\u00e8ixer tots els aven\u00e7os<\/strong> <strong>i totes les dificultats que pot tenir el tractament antiretroviral concomitant amb patologies quotidianes del nostre dia a dia&#8221;<\/strong>. A m\u00e9s, durant la introducci\u00f3 del curs, Bagaria va explicar que la formaci\u00f3 suposava <strong>&#8220;una ocasi\u00f3 interessant, perqu\u00e8 ens trobem farmac\u00e8utics de diferents \u00e0mbits (comunitaris, d&#8217;atenci\u00f3 prim\u00e0ria i hospitalaris) i unim esfor\u00e7os juntament amb la Societat Catalana de Farm\u00e0cia Cl\u00ednica&#8221;<\/strong>.<\/p>\n<h1><span style=\"color: #008080;\"><strong>3 pon\u00e8ncies al voltant del VIH<\/strong><\/span><\/h1>\n<p>La sessi\u00f3 va comptar amb les pon\u00e8ncies <strong>&#8220;El cam\u00ed fins a la detecci\u00f3: infecci\u00f3 aguda&#8221;<\/strong> de Josep Maria Mir\u00f3, membre de la Unitat de VIH-SIDA i director del grup d&#8217;investigaci\u00f3 de malalties infeccioses i SIDA de l&#8217;IDIBAPS; <strong>&#8220;Escenari del pacient na\u00eff&#8221;<\/strong>, de Josep Mallolas, cap de la Unitat de VIH-SIDA de l&#8217;Hospital Cl\u00ednic de Barcelona, i <strong>&#8220;VIH com a malaltia cr\u00f2nica. Com abordem el tractament en una poblaci\u00f3 envellida?&#8221;<\/strong> de Jos\u00e9 Molt\u00f3, metge especialista del Servei de Medicina Interna i membre de la Unitat de VIH de l&#8217;Hospital Germans Trias i Pujol de Badalona.<\/p>\n<figure id=\"attachment_40005\" aria-describedby=\"caption-attachment-40005\" style=\"width: 620px\" class=\"wp-caption aligncenter\"><a href=\"https:\/\/blog.cofb.cat\/wp-content\/uploads\/2018\/06\/cofb.180613-08.jpg\"><img fetchpriority=\"high\" decoding=\"async\" class=\"wp-image-40005 size-large\" title=\"Un moment de la formaci\u00f3 &quot;Actualitzaci\u00f3 en VIH&quot;, organitzada conjuntament amb la Societat Catalana de Farm\u00e0cia Cl\u00ednica (SCFC).\" src=\"https:\/\/blog.cofb.cat\/wp-content\/uploads\/2018\/06\/cofb.180613-08-1024x683.jpg\" alt=\"Un moment de la formaci\u00f3 &quot;Actualitzaci\u00f3 en VIH&quot;, organitzada conjuntament amb la Societat Catalana de Farm\u00e0cia Cl\u00ednica (SCFC).\" width=\"620\" height=\"414\" \/><\/a><figcaption id=\"caption-attachment-40005\" class=\"wp-caption-text\">Un moment de la formaci\u00f3 &#8220;Actualitzaci\u00f3 en VIH&#8221;, organitzada conjuntament amb la Societat Catalana de Farm\u00e0cia Cl\u00ednica (SCFC).<\/figcaption><\/figure>\n<div class=\"box info\"><\/div>\n<h1><span style=\"color: #008080;\"><strong>La infecci\u00f3 per VIH<\/strong><\/span><\/h1>\n<p>La <strong>infecci\u00f3 pel virus de la immunodefici\u00e8ncia humana (VIH)<\/strong> i la <strong>gran incid\u00e8ncia que ha tingut en la poblaci\u00f3 mundial<\/strong> han propiciat <strong>canvis en l&#8217;abordatge terap\u00e8utic de la malaltia<\/strong>. Aix\u00ed mateix, la <strong>detecci\u00f3 preco\u00e7<\/strong>, la <strong>infecci\u00f3 aguda<\/strong> o la <strong>cronificaci\u00f3<\/strong> han generat <strong>nous reptes<\/strong> en la terap\u00e8utica antiretroviral i la personalitzaci\u00f3 del tractament. <\/div>\n<h1><span style=\"color: #008080;\"><strong>Programa de detecci\u00f3 preco\u00e7 del VIH amb test r\u00e0pid<\/strong><\/span><\/h1>\n<p>Bagaria, a l&#8217;inici de la sessi\u00f3 formativa, va <strong>contextualitzar el VIH en la nostra societat<\/strong> i &#8220;<strong>des de la perspectiva del COFB i els projectes professionals que desenvolupem&#8221;<\/strong>.<\/p>\n<p>D&#8217;altra banda, el vicetresorer del COFB va fer un balan\u00e7 positiu del 2017 pel que fa al <strong>Programa de detecci\u00f3 preco\u00e7 del VIH amb test r\u00e0pid. <\/strong><span style=\"color: #ff0000;\"><span style=\"color: #000000;\">Durant l&#8217;any passat,<strong> &#8220;van participar-hi 71 farm\u00e0cies i es van fer 3.000 proves, en les quals vam obtenir uns 30 resultats reactius&#8221;<\/strong>. <\/span><\/span><\/p>\n<p><span style=\"color: #ff0000;\"><span style=\"color: #000000;\">Des del seu punt de vista, <strong>&#8220;aix\u00f2 \u00e9s interessant pels 30 resultats reactius que hem detectat de forma preco\u00e7, per\u00f2 tamb\u00e9 pels 2.970 resultats negatius que s&#8217;han vist acompanyats d&#8217;un consell sanitari i d&#8217;una valoraci\u00f3 de les pr\u00e0ctiques de risc<\/strong>. D&#8217;aquesta manera, aportem un valor professional a la societat aix\u00ed com eines perqu\u00e8 s&#8217;utilitzin convenientment per millorar els problemes de salut o les exposicions&#8221;.<\/span> <\/span><\/p>\n<div class=\"destacat-blog\">\n<h1><strong><span style=\"color: #008080;\">6 anys de balan\u00e7 positiu<\/span><\/strong><\/h1>\n<p>L&#8217;any 2012, <strong>72 farm\u00e0cies comunit\u00e0ries de tot Catalunya<\/strong> van comen\u00e7ar a participar en la <strong>detecci\u00f3 i cribratge del VIH<\/strong>, mitjan\u00e7ant prova r\u00e0pida amb detecci\u00f3 de sang capil\u00b7lar a trav\u00e9s del cribratge oportunista. Des de llavors, s&#8217;ha incrementat el nombre de farm\u00e0cies participants i de proves realitzades, amb uns <strong>resultats positius pel que fa a l&#8217;impacte que t\u00e9 sobre la societat.<\/strong>\u00a0 <\/div>\n<figure id=\"attachment_40035\" aria-describedby=\"caption-attachment-40035\" style=\"width: 620px\" class=\"wp-caption aligncenter\"><a href=\"https:\/\/blog.cofb.cat\/wp-content\/uploads\/2018\/06\/cofb.180613-18.jpg\"><img decoding=\"async\" class=\"wp-image-40035 size-large\" title=\"El Dr. Josep Maria Mir\u00f3 Meda, durant la pon\u00e8ncia &quot;El cam\u00ed fins a la detecci\u00f3: infecci\u00f3 aguda&quot;.\" src=\"https:\/\/blog.cofb.cat\/wp-content\/uploads\/2018\/06\/cofb.180613-18-1024x683.jpg\" alt=\"El Dr. Josep Maria Mir\u00f3 Meda, durant la pon\u00e8ncia &quot;El cam\u00ed fins a la detecci\u00f3: infecci\u00f3 aguda&quot;.\" width=\"620\" height=\"414\" \/><\/a><figcaption id=\"caption-attachment-40035\" class=\"wp-caption-text\">El Dr. Josep Maria Mir\u00f3 Meda, durant la pon\u00e8ncia &#8220;El cam\u00ed fins a la detecci\u00f3: infecci\u00f3 aguda&#8221;.<\/figcaption><\/figure>\n<p><strong>Davant determinats perfils d&#8217;usuaris m\u00e9s vulnerables, <\/strong>com els homes que tenen sexe amb homes,<strong> o \u00e0mbits on l&#8217;\u00fas del preservatiu \u00e9s poc consistent,<\/strong> que demanden l&#8217;\u00fas de medicaci\u00f3 preventiva o de preexposici\u00f3 del virus del VIH, \u00e9s necessari que &#8220;com a <strong>farmac\u00e8utics<\/strong>, tamb\u00e9 tinguem una <strong>opini\u00f3 o posicionament<\/strong> al respecte. <strong>D&#8217;aqu\u00ed la import\u00e0ncia, la utilitat i l&#8217;inter\u00e8s de cursos com aquest que enforteixen la nostra professi\u00f3<\/strong>&#8220;, va explicar Bagaria.<\/p>\n<p><span style=\"color: #008080;\"><strong>\u00a0<\/strong><\/span><\/p>\n<p style=\"text-align: right;\"><strong>Amb la col\u00b7laboraci\u00f3 de:<\/strong><\/p>\n<p style=\"text-align: right;\">\u00a0<a href=\"https:\/\/www.janssen.com\/es\" target=\"_blank\" rel=\"noopener\"><img decoding=\"async\" class=\"wp-image-40011 alignright\" src=\"https:\/\/blog.cofb.cat\/wp-content\/uploads\/2018\/06\/Janssen-2.jpg\" alt=\"\" width=\"168\" height=\"74\" \/><\/a><\/p>\n<p>&nbsp;<\/p>\n<p>&nbsp;<\/p>\n<p><strong>Altres publicacions d&#8217;inter\u00e8s:<\/strong><\/p>\n<ul>\n<li><a href=\"https:\/\/blog.cofb.cat\/actualitzacio-en-vih\/\" target=\"_blank\" rel=\"noopener\">Actualitzaci\u00f3 en VIH (Abril 2017)<\/a><\/li>\n<li><a href=\"https:\/\/blog.cofb.cat\/posada-dia-sobre-vih-eines-cribratge-prevencio-tractament-video-entrevista\/\" target=\"_blank\" rel=\"noopener\">Posada al dia sobre VIH: eines de cribratge, prevenci\u00f3 i tractament (V\u00eddeo entrevista) (Febrer 2018)<\/a><\/li>\n<li><a href=\"https:\/\/blog.cofb.cat\/dia-mundial-de-la-sida-el-paper-de-les-farmacies-per-fer-un-salt-endavant-cap-la-fi-de-la-sida\/\" target=\"_blank\" rel=\"noopener\">Dia Mundial de la Sida: El paper de les farm\u00e0cies per fer &#8220;un salt endavant cap a la fi de la sida&#8221; (Desembre 2017)<\/a><\/li>\n<\/ul>\n","protected":false},"excerpt":{"rendered":"<p>El passat 13 de juny, el COFB va acollir la formaci\u00f3 &#8220;Actualitzaci\u00f3 en VIH&#8221;, organitzada conjuntament amb la Societat Catalana de Farm\u00e0cia Cl\u00ednica (SCFC). Els objectius consistien a aprofundir en l&#8217;abordatge del pacient amb VIH en funci\u00f3 de l&#8217;estadi de la infecci\u00f3, millorar les eines de detecci\u00f3, incrementar el coneixement [&hellip;]<\/p>\n","protected":false},"author":1,"featured_media":40005,"comment_status":"open","ping_status":"open","sticky":false,"template":"","format":"standard","meta":{"_uag_custom_page_level_css":"","site-sidebar-layout":"default","site-content-layout":"","ast-site-content-layout":"default","site-content-style":"default","site-sidebar-style":"default","ast-global-header-display":"","ast-banner-title-visibility":"","ast-main-header-display":"","ast-hfb-above-header-display":"","ast-hfb-below-header-display":"","ast-hfb-mobile-header-display":"","site-post-title":"","ast-breadcrumbs-content":"","ast-featured-img":"disabled","footer-sml-layout":"","theme-transparent-header-meta":"","adv-header-id-meta":"","stick-header-meta":"","header-above-stick-meta":"","header-main-stick-meta":"","header-below-stick-meta":"","astra-migrate-meta-layouts":"default","ast-page-background-enabled":"default","ast-page-background-meta":{"desktop":{"background-color":"var(--ast-global-color-4)","background-image":"","background-repeat":"repeat","background-position":"center center","background-size":"auto","background-attachment":"scroll","background-type":"","background-media":"","overlay-type":"","overlay-color":"","overlay-opacity":"","overlay-gradient":""},"tablet":{"background-color":"","background-image":"","background-repeat":"repeat","background-position":"center center","background-size":"auto","background-attachment":"scroll","background-type":"","background-media":"","overlay-type":"","overlay-color":"","overlay-opacity":"","overlay-gradient":""},"mobile":{"background-color":"","background-image":"","background-repeat":"repeat","background-position":"center center","background-size":"auto","background-attachment":"scroll","background-type":"","background-media":"","overlay-type":"","overlay-color":"","overlay-opacity":"","overlay-gradient":""}},"ast-content-background-meta":{"desktop":{"background-color":"var(--ast-global-color-5)","background-image":"","background-repeat":"repeat","background-position":"center center","background-size":"auto","background-attachment":"scroll","background-type":"","background-media":"","overlay-type":"","overlay-color":"","overlay-opacity":"","overlay-gradient":""},"tablet":{"background-color":"var(--ast-global-color-5)","background-image":"","background-repeat":"repeat","background-position":"center center","background-size":"auto","background-attachment":"scroll","background-type":"","background-media":"","overlay-type":"","overlay-color":"","overlay-opacity":"","overlay-gradient":""},"mobile":{"background-color":"var(--ast-global-color-5)","background-image":"","background-repeat":"repeat","background-position":"center center","background-size":"auto","background-attachment":"scroll","background-type":"","background-media":"","overlay-type":"","overlay-color":"","overlay-opacity":"","overlay-gradient":""}},"footnotes":""},"categories":[57],"tags":[2732,18,19,53,68,113,70,258,259,96,2172,491,3192,232],"class_list":["post-39987","post","type-post","status-publish","format-standard","has-post-thumbnail","hentry","category-mon-collegial","tag-actualitzacio-en-vih","tag-cofb","tag-collegi-de-farmaceutics-de-barcelona","tag-farmaceutics","tag-farmacia","tag-farmacia-assistencial","tag-formacio","tag-infeccions-de-transmissio-sexual","tag-its","tag-salut-publica","tag-sida","tag-test-autodiagnostic","tag-test-vih","tag-vih"],"yoast_head":"<!-- This site is optimized with the Yoast SEO plugin v22.4 - https:\/\/yoast.com\/wordpress\/plugins\/seo\/ -->\n<title>3 pon\u00e8ncies per aprofundir en l&#039;abordatge del pacient amb VIH - Col\u00b7legi de Farmac\u00e8utics de Barcelona<\/title>\n<meta name=\"description\" content=\"El passat 13 de juny, el COFB va acollir la formaci\u00f3 &quot;Actualitzaci\u00f3 en VIH&quot;, organitzada conjuntament amb la Societat Catalana de Farm\u00e0cia Cl\u00ednica (SCFC).\" \/>\n<meta name=\"robots\" content=\"index, follow, max-snippet:-1, max-image-preview:large, max-video-preview:-1\" \/>\n<link rel=\"canonical\" href=\"https:\/\/novaorg.cofb.net\/2018\/06\/26\/3-ponencies-aprofundir-labordatge-pacient-vih\/\" \/>\n<meta property=\"og:locale\" content=\"ca_ES\" \/>\n<meta property=\"og:type\" content=\"article\" \/>\n<meta property=\"og:title\" content=\"3 pon\u00e8ncies per aprofundir en l&#039;abordatge del pacient amb VIH - Col\u00b7legi de Farmac\u00e8utics de Barcelona\" \/>\n<meta property=\"og:description\" content=\"El passat 13 de juny, el COFB va acollir la formaci\u00f3 &quot;Actualitzaci\u00f3 en VIH&quot;, organitzada conjuntament amb la Societat Catalana de Farm\u00e0cia Cl\u00ednica (SCFC).\" \/>\n<meta property=\"og:url\" content=\"https:\/\/novaorg.cofb.net\/2018\/06\/26\/3-ponencies-aprofundir-labordatge-pacient-vih\/\" \/>\n<meta property=\"og:site_name\" content=\"Col\u00b7legi de Farmac\u00e8utics de Barcelona\" \/>\n<meta property=\"article:publisher\" content=\"https:\/\/www.facebook.com\/farmaceuticsbcn\/\" \/>\n<meta property=\"article:published_time\" content=\"2018-06-26T17:23:22+00:00\" \/>\n<meta name=\"author\" content=\"wpAdminCofbOrg\" \/>\n<meta name=\"twitter:card\" content=\"summary_large_image\" \/>\n<meta name=\"twitter:creator\" content=\"@farmaceuticsbcn\" \/>\n<meta name=\"twitter:site\" content=\"@farmaceuticsbcn\" \/>\n<meta name=\"twitter:label1\" content=\"Escrit per\" \/>\n\t<meta name=\"twitter:data1\" content=\"wpAdminCofbOrg\" \/>\n\t<meta name=\"twitter:label2\" content=\"Temps estimat de lectura\" \/>\n\t<meta name=\"twitter:data2\" content=\"4 minuts\" \/>\n<script type=\"application\/ld+json\" class=\"yoast-schema-graph\">{\"@context\":\"https:\/\/schema.org\",\"@graph\":[{\"@type\":\"Article\",\"@id\":\"https:\/\/novaorg.cofb.net\/2018\/06\/26\/3-ponencies-aprofundir-labordatge-pacient-vih\/#article\",\"isPartOf\":{\"@id\":\"https:\/\/novaorg.cofb.net\/2018\/06\/26\/3-ponencies-aprofundir-labordatge-pacient-vih\/\"},\"author\":{\"name\":\"wpAdminCofbOrg\",\"@id\":\"https:\/\/www.cofb.org\/#\/schema\/person\/22ed7eea88da74b0fa4d3154ad87ffcb\"},\"headline\":\"3 pon\u00e8ncies per aprofundir en l&#8217;abordatge del pacient amb VIH\",\"datePublished\":\"2018-06-26T17:23:22+00:00\",\"dateModified\":\"2018-06-26T17:23:22+00:00\",\"mainEntityOfPage\":{\"@id\":\"https:\/\/novaorg.cofb.net\/2018\/06\/26\/3-ponencies-aprofundir-labordatge-pacient-vih\/\"},\"wordCount\":779,\"commentCount\":0,\"publisher\":{\"@id\":\"https:\/\/www.cofb.org\/#organization\"},\"image\":{\"@id\":\"https:\/\/novaorg.cofb.net\/2018\/06\/26\/3-ponencies-aprofundir-labordatge-pacient-vih\/#primaryimage\"},\"thumbnailUrl\":\"\",\"keywords\":[\"Actualitzaci\u00f3 en VIH\",\"COFB\",\"Col\u00b7legi de Farmac\u00e8utics de Barcelona\",\"farmac\u00e8utics\",\"Farm\u00e0cia\",\"farm\u00e0cia assistencial\",\"Formaci\u00f3\",\"infeccions de transmissi\u00f3 sexual\",\"ITS\",\"Salut p\u00fablica\",\"sida\",\"test autodiagn\u00f2stic\",\"test VIH\",\"VIH\"],\"articleSection\":[\"M\u00f3n col\u00b7legial\"],\"inLanguage\":\"ca\",\"potentialAction\":[{\"@type\":\"CommentAction\",\"name\":\"Comment\",\"target\":[\"https:\/\/novaorg.cofb.net\/2018\/06\/26\/3-ponencies-aprofundir-labordatge-pacient-vih\/#respond\"]}]},{\"@type\":\"WebPage\",\"@id\":\"https:\/\/novaorg.cofb.net\/2018\/06\/26\/3-ponencies-aprofundir-labordatge-pacient-vih\/\",\"url\":\"https:\/\/novaorg.cofb.net\/2018\/06\/26\/3-ponencies-aprofundir-labordatge-pacient-vih\/\",\"name\":\"3 pon\u00e8ncies per aprofundir en l'abordatge del pacient amb VIH - Col\u00b7legi de Farmac\u00e8utics de Barcelona\",\"isPartOf\":{\"@id\":\"https:\/\/www.cofb.org\/#website\"},\"primaryImageOfPage\":{\"@id\":\"https:\/\/novaorg.cofb.net\/2018\/06\/26\/3-ponencies-aprofundir-labordatge-pacient-vih\/#primaryimage\"},\"image\":{\"@id\":\"https:\/\/novaorg.cofb.net\/2018\/06\/26\/3-ponencies-aprofundir-labordatge-pacient-vih\/#primaryimage\"},\"thumbnailUrl\":\"\",\"datePublished\":\"2018-06-26T17:23:22+00:00\",\"dateModified\":\"2018-06-26T17:23:22+00:00\",\"description\":\"El passat 13 de juny, el COFB va acollir la formaci\u00f3 \\\"Actualitzaci\u00f3 en VIH\\\", organitzada conjuntament amb la Societat Catalana de Farm\u00e0cia Cl\u00ednica (SCFC).\",\"breadcrumb\":{\"@id\":\"https:\/\/novaorg.cofb.net\/2018\/06\/26\/3-ponencies-aprofundir-labordatge-pacient-vih\/#breadcrumb\"},\"inLanguage\":\"ca\",\"potentialAction\":[{\"@type\":\"ReadAction\",\"target\":[\"https:\/\/novaorg.cofb.net\/2018\/06\/26\/3-ponencies-aprofundir-labordatge-pacient-vih\/\"]}]},{\"@type\":\"ImageObject\",\"inLanguage\":\"ca\",\"@id\":\"https:\/\/novaorg.cofb.net\/2018\/06\/26\/3-ponencies-aprofundir-labordatge-pacient-vih\/#primaryimage\",\"url\":\"\",\"contentUrl\":\"\"},{\"@type\":\"BreadcrumbList\",\"@id\":\"https:\/\/novaorg.cofb.net\/2018\/06\/26\/3-ponencies-aprofundir-labordatge-pacient-vih\/#breadcrumb\",\"itemListElement\":[{\"@type\":\"ListItem\",\"position\":1,\"name\":\"Inici\",\"item\":\"https:\/\/novaorg.cofb.net\/\"},{\"@type\":\"ListItem\",\"position\":2,\"name\":\"3 pon\u00e8ncies per aprofundir en l&#8217;abordatge del pacient amb VIH\"}]},{\"@type\":\"WebSite\",\"@id\":\"https:\/\/www.cofb.org\/#website\",\"url\":\"https:\/\/www.cofb.org\/\",\"name\":\"Col\u00b7legi de Farmac\u00e8utics de Barcelona\",\"description\":\"\",\"publisher\":{\"@id\":\"https:\/\/www.cofb.org\/#organization\"},\"potentialAction\":[{\"@type\":\"SearchAction\",\"target\":{\"@type\":\"EntryPoint\",\"urlTemplate\":\"https:\/\/www.cofb.org\/?s={search_term_string}\"},\"query-input\":\"required name=search_term_string\"}],\"inLanguage\":\"ca\"},{\"@type\":\"Organization\",\"@id\":\"https:\/\/www.cofb.org\/#organization\",\"name\":\"Col\u00b7legi de Farmac\u00e8utics de Barcelona\",\"url\":\"https:\/\/www.cofb.org\/\",\"logo\":{\"@type\":\"ImageObject\",\"inLanguage\":\"ca\",\"@id\":\"https:\/\/www.cofb.org\/#\/schema\/logo\/image\/\",\"url\":\"https:\/\/www.cofb.org\/wp-content\/uploads\/2023\/11\/cropped-Logotip-COFB.png\",\"contentUrl\":\"https:\/\/www.cofb.org\/wp-content\/uploads\/2023\/11\/cropped-Logotip-COFB.png\",\"width\":500,\"height\":105,\"caption\":\"Col\u00b7legi de Farmac\u00e8utics de Barcelona\"},\"image\":{\"@id\":\"https:\/\/www.cofb.org\/#\/schema\/logo\/image\/\"},\"sameAs\":[\"https:\/\/www.facebook.com\/farmaceuticsbcn\/\",\"https:\/\/twitter.com\/farmaceuticsbcn\",\"https:\/\/www.instagram.com\/farmaceuticsbcn\/\",\"https:\/\/www.linkedin.com\/company\/farmaceuticsbcn\/\"]},{\"@type\":\"Person\",\"@id\":\"https:\/\/www.cofb.org\/#\/schema\/person\/22ed7eea88da74b0fa4d3154ad87ffcb\",\"name\":\"wpAdminCofbOrg\",\"image\":{\"@type\":\"ImageObject\",\"inLanguage\":\"ca\",\"@id\":\"https:\/\/www.cofb.org\/#\/schema\/person\/image\/\",\"url\":\"https:\/\/secure.gravatar.com\/avatar\/1721b20b3b8ca882c3b56ec6c978c594fff670e40c0718e9190eaeeb76aae7d8?s=96&d=mm&r=g\",\"contentUrl\":\"https:\/\/secure.gravatar.com\/avatar\/1721b20b3b8ca882c3b56ec6c978c594fff670e40c0718e9190eaeeb76aae7d8?s=96&d=mm&r=g\",\"caption\":\"wpAdminCofbOrg\"},\"sameAs\":[\"http:\/\/192.168.64.122\/wordpress\"],\"url\":\"https:\/\/www.cofb.org\/ca\/author\/wpadmincofborg\/\"}]}<\/script>\n<!-- \/ Yoast SEO plugin. -->","yoast_head_json":{"title":"3 pon\u00e8ncies per aprofundir en l'abordatge del pacient amb VIH - Col\u00b7legi de Farmac\u00e8utics de Barcelona","description":"El passat 13 de juny, el COFB va acollir la formaci\u00f3 \"Actualitzaci\u00f3 en VIH\", organitzada conjuntament amb la Societat Catalana de Farm\u00e0cia Cl\u00ednica (SCFC).","robots":{"index":"index","follow":"follow","max-snippet":"max-snippet:-1","max-image-preview":"max-image-preview:large","max-video-preview":"max-video-preview:-1"},"canonical":"https:\/\/novaorg.cofb.net\/2018\/06\/26\/3-ponencies-aprofundir-labordatge-pacient-vih\/","og_locale":"ca_ES","og_type":"article","og_title":"3 pon\u00e8ncies per aprofundir en l'abordatge del pacient amb VIH - Col\u00b7legi de Farmac\u00e8utics de Barcelona","og_description":"El passat 13 de juny, el COFB va acollir la formaci\u00f3 \"Actualitzaci\u00f3 en VIH\", organitzada conjuntament amb la Societat Catalana de Farm\u00e0cia Cl\u00ednica (SCFC).","og_url":"https:\/\/novaorg.cofb.net\/2018\/06\/26\/3-ponencies-aprofundir-labordatge-pacient-vih\/","og_site_name":"Col\u00b7legi de Farmac\u00e8utics de Barcelona","article_publisher":"https:\/\/www.facebook.com\/farmaceuticsbcn\/","article_published_time":"2018-06-26T17:23:22+00:00","author":"wpAdminCofbOrg","twitter_card":"summary_large_image","twitter_creator":"@farmaceuticsbcn","twitter_site":"@farmaceuticsbcn","twitter_misc":{"Escrit per":"wpAdminCofbOrg","Temps estimat de lectura":"4 minuts"},"schema":{"@context":"https:\/\/schema.org","@graph":[{"@type":"Article","@id":"https:\/\/novaorg.cofb.net\/2018\/06\/26\/3-ponencies-aprofundir-labordatge-pacient-vih\/#article","isPartOf":{"@id":"https:\/\/novaorg.cofb.net\/2018\/06\/26\/3-ponencies-aprofundir-labordatge-pacient-vih\/"},"author":{"name":"wpAdminCofbOrg","@id":"https:\/\/www.cofb.org\/#\/schema\/person\/22ed7eea88da74b0fa4d3154ad87ffcb"},"headline":"3 pon\u00e8ncies per aprofundir en l&#8217;abordatge del pacient amb VIH","datePublished":"2018-06-26T17:23:22+00:00","dateModified":"2018-06-26T17:23:22+00:00","mainEntityOfPage":{"@id":"https:\/\/novaorg.cofb.net\/2018\/06\/26\/3-ponencies-aprofundir-labordatge-pacient-vih\/"},"wordCount":779,"commentCount":0,"publisher":{"@id":"https:\/\/www.cofb.org\/#organization"},"image":{"@id":"https:\/\/novaorg.cofb.net\/2018\/06\/26\/3-ponencies-aprofundir-labordatge-pacient-vih\/#primaryimage"},"thumbnailUrl":"","keywords":["Actualitzaci\u00f3 en VIH","COFB","Col\u00b7legi de Farmac\u00e8utics de Barcelona","farmac\u00e8utics","Farm\u00e0cia","farm\u00e0cia assistencial","Formaci\u00f3","infeccions de transmissi\u00f3 sexual","ITS","Salut p\u00fablica","sida","test autodiagn\u00f2stic","test VIH","VIH"],"articleSection":["M\u00f3n col\u00b7legial"],"inLanguage":"ca","potentialAction":[{"@type":"CommentAction","name":"Comment","target":["https:\/\/novaorg.cofb.net\/2018\/06\/26\/3-ponencies-aprofundir-labordatge-pacient-vih\/#respond"]}]},{"@type":"WebPage","@id":"https:\/\/novaorg.cofb.net\/2018\/06\/26\/3-ponencies-aprofundir-labordatge-pacient-vih\/","url":"https:\/\/novaorg.cofb.net\/2018\/06\/26\/3-ponencies-aprofundir-labordatge-pacient-vih\/","name":"3 pon\u00e8ncies per aprofundir en l'abordatge del pacient amb VIH - Col\u00b7legi de Farmac\u00e8utics de Barcelona","isPartOf":{"@id":"https:\/\/www.cofb.org\/#website"},"primaryImageOfPage":{"@id":"https:\/\/novaorg.cofb.net\/2018\/06\/26\/3-ponencies-aprofundir-labordatge-pacient-vih\/#primaryimage"},"image":{"@id":"https:\/\/novaorg.cofb.net\/2018\/06\/26\/3-ponencies-aprofundir-labordatge-pacient-vih\/#primaryimage"},"thumbnailUrl":"","datePublished":"2018-06-26T17:23:22+00:00","dateModified":"2018-06-26T17:23:22+00:00","description":"El passat 13 de juny, el COFB va acollir la formaci\u00f3 \"Actualitzaci\u00f3 en VIH\", organitzada conjuntament amb la Societat Catalana de Farm\u00e0cia Cl\u00ednica (SCFC).","breadcrumb":{"@id":"https:\/\/novaorg.cofb.net\/2018\/06\/26\/3-ponencies-aprofundir-labordatge-pacient-vih\/#breadcrumb"},"inLanguage":"ca","potentialAction":[{"@type":"ReadAction","target":["https:\/\/novaorg.cofb.net\/2018\/06\/26\/3-ponencies-aprofundir-labordatge-pacient-vih\/"]}]},{"@type":"ImageObject","inLanguage":"ca","@id":"https:\/\/novaorg.cofb.net\/2018\/06\/26\/3-ponencies-aprofundir-labordatge-pacient-vih\/#primaryimage","url":"","contentUrl":""},{"@type":"BreadcrumbList","@id":"https:\/\/novaorg.cofb.net\/2018\/06\/26\/3-ponencies-aprofundir-labordatge-pacient-vih\/#breadcrumb","itemListElement":[{"@type":"ListItem","position":1,"name":"Inici","item":"https:\/\/novaorg.cofb.net\/"},{"@type":"ListItem","position":2,"name":"3 pon\u00e8ncies per aprofundir en l&#8217;abordatge del pacient amb VIH"}]},{"@type":"WebSite","@id":"https:\/\/www.cofb.org\/#website","url":"https:\/\/www.cofb.org\/","name":"Col\u00b7legi de Farmac\u00e8utics de Barcelona","description":"","publisher":{"@id":"https:\/\/www.cofb.org\/#organization"},"potentialAction":[{"@type":"SearchAction","target":{"@type":"EntryPoint","urlTemplate":"https:\/\/www.cofb.org\/?s={search_term_string}"},"query-input":"required name=search_term_string"}],"inLanguage":"ca"},{"@type":"Organization","@id":"https:\/\/www.cofb.org\/#organization","name":"Col\u00b7legi de Farmac\u00e8utics de Barcelona","url":"https:\/\/www.cofb.org\/","logo":{"@type":"ImageObject","inLanguage":"ca","@id":"https:\/\/www.cofb.org\/#\/schema\/logo\/image\/","url":"https:\/\/www.cofb.org\/wp-content\/uploads\/2023\/11\/cropped-Logotip-COFB.png","contentUrl":"https:\/\/www.cofb.org\/wp-content\/uploads\/2023\/11\/cropped-Logotip-COFB.png","width":500,"height":105,"caption":"Col\u00b7legi de Farmac\u00e8utics de Barcelona"},"image":{"@id":"https:\/\/www.cofb.org\/#\/schema\/logo\/image\/"},"sameAs":["https:\/\/www.facebook.com\/farmaceuticsbcn\/","https:\/\/twitter.com\/farmaceuticsbcn","https:\/\/www.instagram.com\/farmaceuticsbcn\/","https:\/\/www.linkedin.com\/company\/farmaceuticsbcn\/"]},{"@type":"Person","@id":"https:\/\/www.cofb.org\/#\/schema\/person\/22ed7eea88da74b0fa4d3154ad87ffcb","name":"wpAdminCofbOrg","image":{"@type":"ImageObject","inLanguage":"ca","@id":"https:\/\/www.cofb.org\/#\/schema\/person\/image\/","url":"https:\/\/secure.gravatar.com\/avatar\/1721b20b3b8ca882c3b56ec6c978c594fff670e40c0718e9190eaeeb76aae7d8?s=96&d=mm&r=g","contentUrl":"https:\/\/secure.gravatar.com\/avatar\/1721b20b3b8ca882c3b56ec6c978c594fff670e40c0718e9190eaeeb76aae7d8?s=96&d=mm&r=g","caption":"wpAdminCofbOrg"},"sameAs":["http:\/\/192.168.64.122\/wordpress"],"url":"https:\/\/www.cofb.org\/ca\/author\/wpadmincofborg\/"}]}},"uagb_featured_image_src":{"full":false,"thumbnail":false,"medium":false,"medium_large":false,"large":false,"1536x1536":false,"2048x2048":false,"trp-custom-language-flag":false},"uagb_author_info":{"display_name":"wpAdminCofbOrg","author_link":"https:\/\/www.cofb.org\/ca\/author\/wpadmincofborg\/"},"uagb_comment_info":0,"uagb_excerpt":"El passat 13 de juny, el COFB va acollir la formaci\u00f3 &#8220;Actualitzaci\u00f3 en VIH&#8221;, organitzada conjuntament amb la Societat Catalana de Farm\u00e0cia Cl\u00ednica (SCFC). Els objectius consistien a aprofundir en l&#8217;abordatge del pacient amb VIH en funci\u00f3 de l&#8217;estadi de la infecci\u00f3, millorar les eines de detecci\u00f3, incrementar el coneixement [&hellip;]","_links":{"self":[{"href":"https:\/\/www.cofb.org\/ca\/wp-json\/wp\/v2\/posts\/39987","targetHints":{"allow":["GET"]}}],"collection":[{"href":"https:\/\/www.cofb.org\/ca\/wp-json\/wp\/v2\/posts"}],"about":[{"href":"https:\/\/www.cofb.org\/ca\/wp-json\/wp\/v2\/types\/post"}],"author":[{"embeddable":true,"href":"https:\/\/www.cofb.org\/ca\/wp-json\/wp\/v2\/users\/1"}],"replies":[{"embeddable":true,"href":"https:\/\/www.cofb.org\/ca\/wp-json\/wp\/v2\/comments?post=39987"}],"version-history":[{"count":0,"href":"https:\/\/www.cofb.org\/ca\/wp-json\/wp\/v2\/posts\/39987\/revisions"}],"wp:featuredmedia":[{"embeddable":true,"href":"https:\/\/www.cofb.org\/ca\/wp-json\/"}],"wp:attachment":[{"href":"https:\/\/www.cofb.org\/ca\/wp-json\/wp\/v2\/media?parent=39987"}],"wp:term":[{"taxonomy":"category","embeddable":true,"href":"https:\/\/www.cofb.org\/ca\/wp-json\/wp\/v2\/categories?post=39987"},{"taxonomy":"post_tag","embeddable":true,"href":"https:\/\/www.cofb.org\/ca\/wp-json\/wp\/v2\/tags?post=39987"}],"curies":[{"name":"wp","href":"https:\/\/api.w.org\/{rel}","templated":true}]}}